{"id":181969,"date":"2017-01-18T15:00:35","date_gmt":"2017-01-18T15:00:35","guid":{"rendered":"https:\/\/www.meydan.tv\/article\/azerbaycanin-davossonrasi-veziyyeti\/"},"modified":"2017-01-18T15:00:35","modified_gmt":"2017-01-18T15:00:35","slug":"azerbaycanin-davossonrasi-veziyyeti","status":"publish","type":"post","link":"https:\/\/www.meydan.tv\/az\/article\/azerbaycanin-davossonrasi-veziyyeti\/","title":{"rendered":"Az\u0259rbaycan\u0131n Davossonras\u0131 v\u0259ziyy\u0259ti"},"content":{"rendered":"<p>\n  Yanvar\u0131n 17-d\u0259 \u0130sve\u00e7r\u0259nin Davos k\u0259ndind\u0259 D\u00fcnya \u0130qtisadi Forumu (WEF) \u00fc\u00e7g\u00fcnl\u00fck i\u015fin\u0259 ba\u015flay\u0131b. 100 \u00f6lk\u0259d\u0259n 2,5 min n\u00fcmay\u0259nd\u0259 300 sessiya zaman\u0131 \u0259sas leytmotivi qloballa\u015fma v\u0259 d\u00f6rd\u00fcnc\u00fc s\u0259naye inqilab\u0131 m\u00f6vzusu olan aktual siyasi v\u0259 sosial-iqtisadi probleml\u0259ri m\u00fczakir\u0259 ed\u0259c\u0259kl\u0259r.<\/p>\n<p>  WEF ekspertl\u0259ri forum \u0259r\u0259f\u0259sind\u0259 bel\u0259 bir n\u0259tic\u0259y\u0259 g\u0259libl\u0259r ki, bu iki \u00e7a\u011f\u0131r\u0131\u015f\u0131n yolunda mane\u0259 olaraq bir s\u0131ra \u00f6lk\u0259l\u0259rin iqtisadiyyatlar\u0131nda a\u00e7\u0131ql\u0131\u011f\u0131n azalmas\u0131 v\u0259 ya ba\u015fqa s\u00f6zl\u0259, qapal\u0131l\u0131\u011f\u0131n art\u0131r\u0131lmas\u0131 durur, bu, qlobal r\u0259qab\u0259t\u0259 v\u0259 \u00e7i\u00e7\u0259kl\u0259nm\u0259y\u0259 z\u0259rb\u0259 vurur.<\/p>\n<p>  \u018fn\u0259n\u0259vi olaraq iqlim d\u0259yi\u015fikliyi m\u00f6vzusu qlobal olaraq qal\u0131r. \u201cBloomberg\u201d-in m\u0259lumat\u0131na g\u00f6r\u0259, energetika n\u0259h\u0259ngl\u0259ri neft v\u0259 k\u00f6m\u00fcr istifad\u0259sind\u0259n uzaqla\u015fan d\u00fcnya \u00fc\u00e7\u00fcn \u00f6z biznesl\u0259rini formala\u015fd\u0131r\u0131r. \u0130stehsal\u00e7\u0131lar elektrikli n\u0259qliyyat v\u0259saitl\u0259rin\u0259 real pul yat\u0131r\u0131r. Banklar b\u0259rpa olunan elektrik enerjisi m\u0259nb\u0259l\u0259ri \u00fczr\u0259 layih\u0259l\u0259r\u0259 kredit ay\u0131rmaq ist\u0259yir. Ambisiyal\u0131 m\u0259qs\u0259dl\u0259r\u0259 nail olmaq 2030-cu il\u0259 q\u0259d\u0259r 13,5 trln. dollar x\u0259rc t\u0259l\u0259b ed\u0259 bil\u0259r \u2013 Beyn\u0259lxalq Energetika Agentliyinin m\u0259lumat\u0131na g\u00f6r\u0259, &#8211; bu da biznes \u00fc\u00e7\u00fcn imkanlar\u0131n miqyas\u0131n\u0131 g\u00f6st\u0259rir. T\u0259kc\u0259 ke\u00e7\u0259n il t\u0259miz enerji \u00fc\u00e7\u00fcn investisiyalar 287,5 mlrd. dollar t\u0259\u015fkil edib, &#8211; \u201cNew Energy Finance\u201d t\u0259r\u0259find\u0259n toplanm\u0131\u015f m\u0259lumatlar bunu g\u00f6st\u0259rir.<\/p>\n<p>  Davos Forumunun sayt\u0131nda Az\u0259rbaycan prezidenti \u018fliyevin \u201cAz\u0259rbaycan\u0131n 2017-ci il \u00fc\u00e7\u00fcn iqtisadi prioritetl\u0259ri\u201d m\u0259qal\u0259si d\u0259 d\u0259rc olunub. Bu sammit \u0259s\u0259rinin \u0259sas x\u0259tti d\u00fcnya g\u00fccl\u00fcl\u0259rin\u0259 \u00f6lk\u0259d\u0259 h\u0259r \u015feyin sabit, n\u0259zar\u0259t alt\u0131nda oldu\u011fu v\u0259 yuxar\u0131larda d\u00fcnya iqtisadiyyat\u0131n\u0131n v\u0259 milli iqtisadiyyat\u0131n b\u00f6hran\u0131n\u0131n hiss olunmad\u0131\u011f\u0131 haqq\u0131nda mesaj da\u015f\u0131y\u0131r.<\/p>\n<p>  \u00d6t\u0259nilki \u201cAz\u0259rbaycan iqtisadiyyat\u0131n\u0131n g\u0259l\u0259c\u0259yi\u201d adl\u0131 Davos m\u0259qal\u0259sind\u0259 oldu\u011fu kimi, \u018fliyev g\u0259l\u0259c\u0259kl\u0259 ba\u011fl\u0131 he\u00e7 bir istiqam\u0259t vermir, bu da onun radikal iqtisadi v\u0259 siyasi islahatlardan m\u00fcmk\u00fcn q\u0259d\u0259r qa\u00e7ma\u011fa davam ed\u0259c\u0259yini, d\u00fcnya neft bazarlar\u0131nda sabitl\u0259\u015fm\u0259y\u0259 q\u0259d\u0259r vaxt udma\u011fa \u00e7al\u0131\u015faca\u011f\u0131n\u0131 g\u00f6st\u0259rir.<\/p>\n<p>  Dem\u0259k olar ki, bu d\u0259f\u0259 prezident \u018fliyev \u00f6z\u00fc-\u00f6z\u00fcn\u0259 zidd gedib. H\u0259l\u0259 bir il \u0259vv\u0259l el\u0259 h\u0259min forumda yanvar\u0131n 20-23-d\u0259 Alpda ke\u00e7iril\u0259n sammitd\u0259 o, ilk d\u0259f\u0259 neftin qiym\u0259tinin d\u00fc\u015fm\u0259si v\u0259 manat\u0131n devalvasiyas\u0131 n\u0259tic\u0259sind\u0259 daxili qeyri-sabitliy\u0259 g\u0259tirib \u00e7\u0131xaran rejimin strateji s\u0259hvini etiraf edib. \u201cYeni energetika balans\u0131\u201d m\u00f6vzusunda sessiyada CNN apar\u0131c\u0131 redaktoru Con Defteriosun sual\u0131na cavabda \u018fliyev t\u0259xmin\u0259n bel\u0259 deyib: \u201cBiz Az\u0259rbaycanda \u00f6z\u00fcm\u00fcz\u00fc neftsonras\u0131 d\u00f6vr\u0259 &#8211; 20 il sonraya haz\u0131rlay\u0131rd\u0131q. Buna g\u00f6r\u0259 (neft qiym\u0259tl\u0259rinin \u00fc\u00e7 d\u0259f\u0259 d\u00fc\u015fm\u0259si \u2013 red.) bizim \u00fc\u00e7\u00fcn g\u00f6zl\u0259nilm\u0259z oldu. Eyni zamanda, bu, iqtisadiyyat\u0131m\u0131z \u00fc\u00e7\u00fcn z\u0259rb\u0259 oldu\u201d.<\/p>\n<p>  Y\u0259ni \u018fliyev etiraf edib ki, \u00f6lk\u0259nin b\u00fct\u00fcn inki\u015faf strategiyas\u0131 neft hasilat\u0131, onun qiym\u0259ti v\u0259 b\u00fct\u00fcnl\u00fckd\u0259 neft amili haqq\u0131nda \u0259sass\u0131z hesablamalara \u0259saslan\u0131rd\u0131. Y\u0259ni o, dolay\u0131s\u0131yla etiraf edib ki, iqtisadiyyat\u0131n k\u0259skin t\u0259n\u0259zz\u00fcl\u00fc iqtisadiyyat\u0131n sabitliyini v\u0259 tarazl\u0131\u011f\u0131n\u0131 t\u0259min ed\u0259 bilm\u0259y\u0259n qeyri-neft sektorunun z\u0259ifliyind\u0259n ir\u0259li g\u0259lib.<\/p>\n<p>  H\u0259min vaxt \u201cTuran\u201d agentliyi x\u0259b\u0259rdarl\u0131q edirdi ki, bu taktika \u00f6lk\u0259 \u00fc\u00e7\u00fcn yax\u015f\u0131 he\u00e7 n\u0259 v\u0259d etmir, \u00e7\u00fcnki bel\u0259 olan halda qeyri-sabit rejimin inki\u015faf\u0131 perspektivi il\u0259 xarici t\u0259cridliyin davam etm\u0259sin\u0259 \u015f\u0259rait yaradacaq. Bu is\u0259 \u00f6z n\u00f6vb\u0259sind\u0259 Az\u0259rbaycan\u0131n daxili v\u0259 xarici probleml\u0259rinin d\u0259rinl\u0259\u015fm\u0259sin\u0259 v\u0259 ssenarinin arzuolunmaz inki\u015faf\u0131na \u015f\u0259rait yaradacaq.<\/p>\n<p>  Dem\u0259k olar ki, \u00f6t\u0259n ilin prosesl\u0259ri v\u0259 yekunlar\u0131 bu proqnozu t\u0259sdiq edib.<\/p>\n<p>  Prezidentin q\u0259l\u0259b\u0259 ritorikas\u0131na baxmayaraq, qeyd etm\u0259k laz\u0131md\u0131r ki, onun Alpa s\u0259f\u0259ri k\u0259\u015ffiyyat xarkateri da\u015f\u0131y\u0131r v\u0259 onun g\u0259l\u0259c\u0259k add\u0131mlar\u0131 \u2013 Az\u0259rbaycan bazar\u0131n\u0131n sabitliyinin v\u0259 qapal\u0131l\u0131\u011f\u0131n\u0131n davam etdirilm\u0259si v\u0259 ya \u201ca\u00e7\u0131q qap\u0131lar\u201d islahatlar\u0131n\u0131n h\u0259yata ke\u00e7irilm\u0259si m\u0259lumatl\u0131 m\u0259nb\u0259l\u0259rl\u0259 g\u00f6r\u00fc\u015fl\u0259rin n\u0259tic\u0259l\u0259rind\u0259n as\u0131l\u0131 olacaq.<\/p>\n<p>  Qeyd etm\u0259k laz\u0131md\u0131r ki, son iki ild\u0259 d\u0259rin iqtisadi b\u00f6hran\u0131n m\u00f6vcudlu\u011fu il\u0259 \u0259laq\u0259dar Davos m\u0259clisl\u0259ri Az\u0259rbaycan \u00fc\u00e7\u00fcn m\u00fch\u00fcm olub. 2015-ci ild\u0259 manat\u0131n birinci devalvasiyas\u0131 haqq\u0131nda q\u0259rar sammitd\u0259n d\u0259rhal sonra t\u0259cili q\u0259bul edilib, ikinci devalvas\u0131na 2015-ci il dekabr\u0131n 19-da \u0130sve\u00e7r\u0259 s\u0259f\u0259rind\u0259n sonra q\u0259bul edilib. V\u0259 n\u0259hay\u0259t, islahatlar haqq\u0131nda q\u0259rar \u00f6t\u0259n ilki Alp forumundan sonra s\u0259sl\u0259nm\u0259y\u0259 ba\u015flay\u0131b. Bundan \u0259vv\u0259l is\u0259 Amerikan\u0131n Az\u0259rbaycanda islahatlardan imtina olundu\u011fu halda r\u0259smi Bak\u0131ya qar\u015f\u0131 sanksiyalar t\u0259tbiq edil\u0259c\u0259yi haqq\u0131nda t\u0259\u015f\u0259bb\u00fcs\u00fc g\u0259lmi\u015fdi.<\/p>\n<p>  El\u0259 h\u0259min vaxt \u201cTuran\u201d proqnozla\u015fd\u0131r\u0131rd\u0131 ki, bu siyas\u0259t fonunda \u201c2016-c\u0131 ild\u0259 neft qiym\u0259tl\u0259ri avtoritar \u00f6lk\u0259l\u0259ri maliyy\u0259 ehtiyatlar\u0131n\u0131n azalmas\u0131 v\u0259 g\u00f6zl\u0259nil\u0259n siyasi sanksiyalar s\u0259b\u0259bind\u0259n qa\u00e7a bilm\u0259y\u0259c\u0259kl\u0259ri islahatlara t\u0259\u015fviq etm\u0259k \u00fc\u00e7\u00fcn a\u015fa\u011f\u0131 olaraq qalacaq. \u0130l h\u0259m\u00e7inin D\u00fcnya Bank\u0131n\u0131n ad\u0131n\u0131 \u00e7\u0259kdiyi \u00f6lk\u0259l\u0259rl\u0259 AB\u015e aras\u0131nda m\u00fcnasib\u0259tl\u0259rin qurulmas\u0131nda da d\u00f6n\u00fc\u015f n\u00f6qt\u0259si olacaq. Daha b\u00f6y\u00fck ehtimalla Az\u0259rbaycan h\u00f6kum\u0259tinin \u00e7a\u011f\u0131r\u0131\u015flara qulaq ver\u0259c\u0259yini v\u0259 n\u00f6vb\u0259ti d\u00f6vr \u00fc\u00e7\u00fcn qa\u00e7\u0131lmaz v\u0259zif\u0259 kimi islahatlara ba\u015flayaca\u011f\u0131n\u0131 g\u00f6zl\u0259m\u0259k olar\u201d.<\/p>\n<p>  \u018fliyev bunu ba\u015fa d\u00fc\u015f\u00fcrd\u00fc. Onun sitat\u0131: \u201cDo\u011frudur, d\u00fcnya iqtisadiyyat\u0131 bir q\u0259d\u0259r z\u0259ifl\u0259yib, s\u00fcr\u0259tl\u0259r bir q\u0259d\u0259r azal\u0131b, amma neftin \u00fc\u00e7 d\u0259f\u0259 ucuzla\u015fmas\u0131na g\u0259tirib \u00e7\u0131xaracaq q\u0259d\u0259r yox. \u015e\u0259xs\u0259n m\u0259n hesab edir\u0259m ki, bu, d\u00fc\u015f\u00fcn\u00fclm\u00fc\u015f siyas\u0259tdir v\u0259 onun m\u0259qs\u0259di sirdir, Az\u0259rbaycan is\u0259 bundan \u0259ziyy\u0259t \u00e7\u0259kir\u201d.<\/p>\n<p>  Haz\u0131rk\u0131 Davosda prezident \u018fliyev Avropa Yenid\u0259nqurma v\u0259 \u0130nki\u015faf Bank\u0131n\u0131n r\u0259hb\u0259ri Suma \u00c7akroborti il\u0259 g\u00f6r\u00fc\u015f\u00fcb. G\u00f6r\u00fc\u015f haqq\u0131nda m\u0259lumat az olub. Amma ehtimal etm\u0259k olar ki, \u018fliyev AY\u0130B-d\u0259n Avropan\u0131n iradlar\u0131n\u0131n istiqam\u0259tl\u0259ndiyi iqtisadiyyat\u0131n \u015fax\u0259l\u0259ndirilm\u0259si sah\u0259sind\u0259 k\u00f6m\u0259k ist\u0259y\u0259 bil\u0259rdi. \u00d6t\u0259n Davosda \u00c7akroborti qeyd edib ki, Sovet iqtisadiyyat\u0131 yeni m\u00fcst\u0259qil \u00f6lk\u0259l\u0259rin iqtisadiyyat\u0131ndan daha \u00e7ox \u015fax\u0259l\u0259ndirilmi\u015fdi.<\/p>\n<p>  AY\u0130B h\u0259l\u0259lik Az\u0259rbaycana yard\u0131m etm\u0259kd\u0259n \u00e7\u0259kin\u0259n, k\u00f6m\u0259k \u00fc\u00e7\u00fcn m\u00fctl\u0259q \u015f\u0259rt kimi \u00f6lk\u0259d\u0259 islahatlar\u0131 ir\u0259li s\u00fcr\u0259n maliyy\u0259 t\u0259\u015fkilatlar\u0131ndan biridir. Amma bu yax\u0131nlarda \u018fliyevin t\u0259klif etdiyi \u0130slahatlar\u0131n Yol X\u0259rit\u0259l\u0259ri deklarativ xarakter da\u015f\u0131y\u0131r, bu da oprativ i\u015f\u00e7i s\u0259n\u0259d kimi yol x\u0259rit\u0259sinin mahiyy\u0259tin\u0259 uy\u011fun deyil. Bununla \u0259laq\u0259dar olaraq, m\u00fc\u0259yy\u0259n m\u00fcsb\u0259t struktur d\u0259yi\u015fiklikl\u0259ri v\u0259 iqtisadi d\u0259yi\u015fiklikl\u0259r g\u00f6zl\u0259m\u0259k olar, amma onlar \u0259sasl\u0131 xarakter da\u015f\u0131mayacaq, prezidentin Davos m\u0259qal\u0259si d\u0259 buna d\u0259lal\u0259t edir. Bu ziddiyy\u0259tli v\u0259ziyy\u0259tin Davossonras\u0131 d\u00f6vrd\u0259 Az\u0259rbaycan\u0131n h\u0259yat\u0131n\u0131n b\u00fct\u00fcn sah\u0259l\u0259rind\u0259 dramatizm ya\u015fadaca\u011f\u0131n\u0131 g\u00f6zl\u0259m\u0259k olar.<\/p>\n","protected":false},"excerpt":{"rendered":"<p>Yanvar\u0131n 17-d\u0259 \u0130sve\u00e7r\u0259nin Davos k\u0259ndind\u0259 D\u00fcnya \u0130qtisadi Forumu (WEF) \u00fc\u00e7g\u00fcnl\u00fck &#8230; <\/p>\n<p class=\"read-more-container\"><a title=\"Az\u0259rbaycan\u0131n Davossonras\u0131 v\u0259ziyy\u0259ti\" class=\"read-more button\" href=\"https:\/\/www.meydan.tv\/az\/article\/azerbaycanin-davossonrasi-veziyyeti\/#more-181969\" aria-label=\"Read more about Az\u0259rbaycan\u0131n Davossonras\u0131 v\u0259ziyy\u0259ti\">Davam\u0131<\/a><\/p>\n","protected":false},"author":11,"featured_media":77554,"comment_status":"closed","ping_status":"open","sticky":false,"template":"","format":"standard","meta":{"_acf_changed":false,"_sitemap_exclude":false,"_sitemap_priority":"","_sitemap_frequency":"","footnotes":""},"categories":[51],"tags":[],"class_list":["post-181969","post","type-post","status-publish","format-standard","has-post-thumbnail","hentry","category-analitika","infinite-scroll-item","generate-columns","tablet-grid-50","mobile-grid-100","grid-parent","grid-33","no-featured-image-padding"],"acf":[],"yoast_head":"<!-- This site is optimized with the Yoast SEO plugin v27.4 - https:\/\/yoast.com\/product\/yoast-seo-wordpress\/ -->\n<title>Az\u0259rbaycan\u0131n Davossonras\u0131 v\u0259ziyy\u0259ti - MEYDAN.TV<\/title>\n<meta name=\"robots\" content=\"index, follow, max-snippet:-1, max-image-preview:large, max-video-preview:-1\" \/>\n<link rel=\"canonical\" href=\"https:\/\/www.meydan.tv\/az\/article\/azerbaycanin-davossonrasi-veziyyeti\/\" \/>\n<meta property=\"og:locale\" content=\"az_AZ\" \/>\n<meta property=\"og:type\" content=\"article\" \/>\n<meta property=\"og:title\" content=\"Az\u0259rbaycan\u0131n Davossonras\u0131 v\u0259ziyy\u0259ti - MEYDAN.TV\" \/>\n<meta property=\"og:description\" content=\"Yanvar\u0131n 17-d\u0259 \u0130sve\u00e7r\u0259nin Davos k\u0259ndind\u0259 D\u00fcnya \u0130qtisadi Forumu (WEF) \u00fc\u00e7g\u00fcnl\u00fck ... Davam\u0131\" \/>\n<meta property=\"og:url\" content=\"https:\/\/www.meydan.tv\/az\/article\/azerbaycanin-davossonrasi-veziyyeti\/\" \/>\n<meta property=\"og:site_name\" content=\"MEYDAN.TV\" \/>\n<meta property=\"article:published_time\" content=\"2017-01-18T15:00:35+00:00\" \/>\n<meta property=\"og:image\" content=\"https:\/\/www.meydan.tv\/wp-content\/uploads\/30167.jpg\" \/>\n\t<meta property=\"og:image:width\" content=\"1280\" \/>\n\t<meta property=\"og:image:height\" content=\"972\" \/>\n\t<meta property=\"og:image:type\" content=\"image\/jpeg\" \/>\n<meta name=\"author\" content=\"user-manager\" \/>\n<meta name=\"twitter:card\" content=\"summary_large_image\" \/>\n<script type=\"application\/ld+json\" class=\"yoast-schema-graph\">{\"@context\":\"https:\\\/\\\/schema.org\",\"@graph\":[{\"@type\":\"Article\",\"@id\":\"https:\\\/\\\/www.meydan.tv\\\/az\\\/article\\\/azerbaycanin-davossonrasi-veziyyeti\\\/#article\",\"isPartOf\":{\"@id\":\"https:\\\/\\\/www.meydan.tv\\\/az\\\/article\\\/azerbaycanin-davossonrasi-veziyyeti\\\/\"},\"author\":{\"name\":\"user-manager\",\"@id\":\"https:\\\/\\\/www.meydan.tv\\\/az\\\/#\\\/schema\\\/person\\\/10d11eccf6da3662cf5fdab9806ea91a\"},\"headline\":\"Az\u0259rbaycan\u0131n Davossonras\u0131 v\u0259ziyy\u0259ti\",\"datePublished\":\"2017-01-18T15:00:35+00:00\",\"mainEntityOfPage\":{\"@id\":\"https:\\\/\\\/www.meydan.tv\\\/az\\\/article\\\/azerbaycanin-davossonrasi-veziyyeti\\\/\"},\"wordCount\":1341,\"publisher\":{\"@id\":\"https:\\\/\\\/www.meydan.tv\\\/az\\\/#organization\"},\"image\":{\"@id\":\"https:\\\/\\\/www.meydan.tv\\\/az\\\/article\\\/azerbaycanin-davossonrasi-veziyyeti\\\/#primaryimage\"},\"thumbnailUrl\":\"https:\\\/\\\/www.meydan.tv\\\/wp-content\\\/uploads\\\/30167.jpg\",\"articleSection\":[\"Analitika\"],\"inLanguage\":\"az\"},{\"@type\":\"WebPage\",\"@id\":\"https:\\\/\\\/www.meydan.tv\\\/az\\\/article\\\/azerbaycanin-davossonrasi-veziyyeti\\\/\",\"url\":\"https:\\\/\\\/www.meydan.tv\\\/az\\\/article\\\/azerbaycanin-davossonrasi-veziyyeti\\\/\",\"name\":\"Az\u0259rbaycan\u0131n Davossonras\u0131 v\u0259ziyy\u0259ti - MEYDAN.TV\",\"isPartOf\":{\"@id\":\"https:\\\/\\\/www.meydan.tv\\\/az\\\/#website\"},\"primaryImageOfPage\":{\"@id\":\"https:\\\/\\\/www.meydan.tv\\\/az\\\/article\\\/azerbaycanin-davossonrasi-veziyyeti\\\/#primaryimage\"},\"image\":{\"@id\":\"https:\\\/\\\/www.meydan.tv\\\/az\\\/article\\\/azerbaycanin-davossonrasi-veziyyeti\\\/#primaryimage\"},\"thumbnailUrl\":\"https:\\\/\\\/www.meydan.tv\\\/wp-content\\\/uploads\\\/30167.jpg\",\"datePublished\":\"2017-01-18T15:00:35+00:00\",\"breadcrumb\":{\"@id\":\"https:\\\/\\\/www.meydan.tv\\\/az\\\/article\\\/azerbaycanin-davossonrasi-veziyyeti\\\/#breadcrumb\"},\"inLanguage\":\"az\",\"potentialAction\":[{\"@type\":\"ReadAction\",\"target\":[\"https:\\\/\\\/www.meydan.tv\\\/az\\\/article\\\/azerbaycanin-davossonrasi-veziyyeti\\\/\"]}]},{\"@type\":\"ImageObject\",\"inLanguage\":\"az\",\"@id\":\"https:\\\/\\\/www.meydan.tv\\\/az\\\/article\\\/azerbaycanin-davossonrasi-veziyyeti\\\/#primaryimage\",\"url\":\"https:\\\/\\\/www.meydan.tv\\\/wp-content\\\/uploads\\\/30167.jpg\",\"contentUrl\":\"https:\\\/\\\/www.meydan.tv\\\/wp-content\\\/uploads\\\/30167.jpg\",\"width\":1280,\"height\":972,\"caption\":\"Source:\"},{\"@type\":\"BreadcrumbList\",\"@id\":\"https:\\\/\\\/www.meydan.tv\\\/az\\\/article\\\/azerbaycanin-davossonrasi-veziyyeti\\\/#breadcrumb\",\"itemListElement\":[{\"@type\":\"ListItem\",\"position\":1,\"name\":\"Ana s\u0259hif\u0259\",\"item\":\"https:\\\/\\\/www.meydan.tv\\\/az\\\/\"},{\"@type\":\"ListItem\",\"position\":2,\"name\":\"Analitika\",\"item\":\"https:\\\/\\\/www.meydan.tv\\\/az\\\/section\\\/analitika\\\/\"},{\"@type\":\"ListItem\",\"position\":3,\"name\":\"Az\u0259rbaycan\u0131n Davossonras\u0131 v\u0259ziyy\u0259ti\"}]},{\"@type\":\"WebSite\",\"@id\":\"https:\\\/\\\/www.meydan.tv\\\/az\\\/#website\",\"url\":\"https:\\\/\\\/www.meydan.tv\\\/az\\\/\",\"name\":\"MEYDAN.TV\",\"description\":\"Meydan TV Az\u0259rbaycan\u0131n media m\u0259kan\u0131ndak\u0131 alternativ s\u0259sidir\",\"publisher\":{\"@id\":\"https:\\\/\\\/www.meydan.tv\\\/az\\\/#organization\"},\"potentialAction\":[{\"@type\":\"SearchAction\",\"target\":{\"@type\":\"EntryPoint\",\"urlTemplate\":\"https:\\\/\\\/www.meydan.tv\\\/az\\\/?s={search_term_string}\"},\"query-input\":{\"@type\":\"PropertyValueSpecification\",\"valueRequired\":true,\"valueName\":\"search_term_string\"}}],\"inLanguage\":\"az\"},{\"@type\":\"Organization\",\"@id\":\"https:\\\/\\\/www.meydan.tv\\\/az\\\/#organization\",\"name\":\"Meydan TV\",\"url\":\"https:\\\/\\\/www.meydan.tv\\\/az\\\/\",\"logo\":{\"@type\":\"ImageObject\",\"inLanguage\":\"az\",\"@id\":\"https:\\\/\\\/www.meydan.tv\\\/az\\\/#\\\/schema\\\/logo\\\/image\\\/\",\"url\":\"https:\\\/\\\/www.meydan.tv\\\/wp-content\\\/uploads\\\/2021\\\/07\\\/meydan-logo.svg\",\"contentUrl\":\"https:\\\/\\\/www.meydan.tv\\\/wp-content\\\/uploads\\\/2021\\\/07\\\/meydan-logo.svg\",\"width\":195,\"height\":46,\"caption\":\"Meydan TV\"},\"image\":{\"@id\":\"https:\\\/\\\/www.meydan.tv\\\/az\\\/#\\\/schema\\\/logo\\\/image\\\/\"}},{\"@type\":\"Person\",\"@id\":\"https:\\\/\\\/www.meydan.tv\\\/az\\\/#\\\/schema\\\/person\\\/10d11eccf6da3662cf5fdab9806ea91a\",\"name\":\"user-manager\"}]}<\/script>\n<!-- \/ Yoast SEO plugin. -->","yoast_head_json":{"title":"Az\u0259rbaycan\u0131n Davossonras\u0131 v\u0259ziyy\u0259ti - MEYDAN.TV","robots":{"index":"index","follow":"follow","max-snippet":"max-snippet:-1","max-image-preview":"max-image-preview:large","max-video-preview":"max-video-preview:-1"},"canonical":"https:\/\/www.meydan.tv\/az\/article\/azerbaycanin-davossonrasi-veziyyeti\/","og_locale":"az_AZ","og_type":"article","og_title":"Az\u0259rbaycan\u0131n Davossonras\u0131 v\u0259ziyy\u0259ti - MEYDAN.TV","og_description":"Yanvar\u0131n 17-d\u0259 \u0130sve\u00e7r\u0259nin Davos k\u0259ndind\u0259 D\u00fcnya \u0130qtisadi Forumu (WEF) \u00fc\u00e7g\u00fcnl\u00fck ... Davam\u0131","og_url":"https:\/\/www.meydan.tv\/az\/article\/azerbaycanin-davossonrasi-veziyyeti\/","og_site_name":"MEYDAN.TV","article_published_time":"2017-01-18T15:00:35+00:00","og_image":[{"width":1280,"height":972,"url":"https:\/\/www.meydan.tv\/wp-content\/uploads\/30167.jpg","type":"image\/jpeg"}],"author":"user-manager","twitter_card":"summary_large_image","schema":{"@context":"https:\/\/schema.org","@graph":[{"@type":"Article","@id":"https:\/\/www.meydan.tv\/az\/article\/azerbaycanin-davossonrasi-veziyyeti\/#article","isPartOf":{"@id":"https:\/\/www.meydan.tv\/az\/article\/azerbaycanin-davossonrasi-veziyyeti\/"},"author":{"name":"user-manager","@id":"https:\/\/www.meydan.tv\/az\/#\/schema\/person\/10d11eccf6da3662cf5fdab9806ea91a"},"headline":"Az\u0259rbaycan\u0131n Davossonras\u0131 v\u0259ziyy\u0259ti","datePublished":"2017-01-18T15:00:35+00:00","mainEntityOfPage":{"@id":"https:\/\/www.meydan.tv\/az\/article\/azerbaycanin-davossonrasi-veziyyeti\/"},"wordCount":1341,"publisher":{"@id":"https:\/\/www.meydan.tv\/az\/#organization"},"image":{"@id":"https:\/\/www.meydan.tv\/az\/article\/azerbaycanin-davossonrasi-veziyyeti\/#primaryimage"},"thumbnailUrl":"https:\/\/www.meydan.tv\/wp-content\/uploads\/30167.jpg","articleSection":["Analitika"],"inLanguage":"az"},{"@type":"WebPage","@id":"https:\/\/www.meydan.tv\/az\/article\/azerbaycanin-davossonrasi-veziyyeti\/","url":"https:\/\/www.meydan.tv\/az\/article\/azerbaycanin-davossonrasi-veziyyeti\/","name":"Az\u0259rbaycan\u0131n Davossonras\u0131 v\u0259ziyy\u0259ti - MEYDAN.TV","isPartOf":{"@id":"https:\/\/www.meydan.tv\/az\/#website"},"primaryImageOfPage":{"@id":"https:\/\/www.meydan.tv\/az\/article\/azerbaycanin-davossonrasi-veziyyeti\/#primaryimage"},"image":{"@id":"https:\/\/www.meydan.tv\/az\/article\/azerbaycanin-davossonrasi-veziyyeti\/#primaryimage"},"thumbnailUrl":"https:\/\/www.meydan.tv\/wp-content\/uploads\/30167.jpg","datePublished":"2017-01-18T15:00:35+00:00","breadcrumb":{"@id":"https:\/\/www.meydan.tv\/az\/article\/azerbaycanin-davossonrasi-veziyyeti\/#breadcrumb"},"inLanguage":"az","potentialAction":[{"@type":"ReadAction","target":["https:\/\/www.meydan.tv\/az\/article\/azerbaycanin-davossonrasi-veziyyeti\/"]}]},{"@type":"ImageObject","inLanguage":"az","@id":"https:\/\/www.meydan.tv\/az\/article\/azerbaycanin-davossonrasi-veziyyeti\/#primaryimage","url":"https:\/\/www.meydan.tv\/wp-content\/uploads\/30167.jpg","contentUrl":"https:\/\/www.meydan.tv\/wp-content\/uploads\/30167.jpg","width":1280,"height":972,"caption":"Source:"},{"@type":"BreadcrumbList","@id":"https:\/\/www.meydan.tv\/az\/article\/azerbaycanin-davossonrasi-veziyyeti\/#breadcrumb","itemListElement":[{"@type":"ListItem","position":1,"name":"Ana s\u0259hif\u0259","item":"https:\/\/www.meydan.tv\/az\/"},{"@type":"ListItem","position":2,"name":"Analitika","item":"https:\/\/www.meydan.tv\/az\/section\/analitika\/"},{"@type":"ListItem","position":3,"name":"Az\u0259rbaycan\u0131n Davossonras\u0131 v\u0259ziyy\u0259ti"}]},{"@type":"WebSite","@id":"https:\/\/www.meydan.tv\/az\/#website","url":"https:\/\/www.meydan.tv\/az\/","name":"MEYDAN.TV","description":"Meydan TV Az\u0259rbaycan\u0131n media m\u0259kan\u0131ndak\u0131 alternativ s\u0259sidir","publisher":{"@id":"https:\/\/www.meydan.tv\/az\/#organization"},"potentialAction":[{"@type":"SearchAction","target":{"@type":"EntryPoint","urlTemplate":"https:\/\/www.meydan.tv\/az\/?s={search_term_string}"},"query-input":{"@type":"PropertyValueSpecification","valueRequired":true,"valueName":"search_term_string"}}],"inLanguage":"az"},{"@type":"Organization","@id":"https:\/\/www.meydan.tv\/az\/#organization","name":"Meydan TV","url":"https:\/\/www.meydan.tv\/az\/","logo":{"@type":"ImageObject","inLanguage":"az","@id":"https:\/\/www.meydan.tv\/az\/#\/schema\/logo\/image\/","url":"https:\/\/www.meydan.tv\/wp-content\/uploads\/2021\/07\/meydan-logo.svg","contentUrl":"https:\/\/www.meydan.tv\/wp-content\/uploads\/2021\/07\/meydan-logo.svg","width":195,"height":46,"caption":"Meydan TV"},"image":{"@id":"https:\/\/www.meydan.tv\/az\/#\/schema\/logo\/image\/"}},{"@type":"Person","@id":"https:\/\/www.meydan.tv\/az\/#\/schema\/person\/10d11eccf6da3662cf5fdab9806ea91a","name":"user-manager"}]}},"_links":{"self":[{"href":"https:\/\/www.meydan.tv\/az\/wp-json\/wp\/v2\/posts\/181969","targetHints":{"allow":["GET"]}}],"collection":[{"href":"https:\/\/www.meydan.tv\/az\/wp-json\/wp\/v2\/posts"}],"about":[{"href":"https:\/\/www.meydan.tv\/az\/wp-json\/wp\/v2\/types\/post"}],"author":[{"embeddable":true,"href":"https:\/\/www.meydan.tv\/az\/wp-json\/wp\/v2\/users\/11"}],"replies":[{"embeddable":true,"href":"https:\/\/www.meydan.tv\/az\/wp-json\/wp\/v2\/comments?post=181969"}],"version-history":[{"count":0,"href":"https:\/\/www.meydan.tv\/az\/wp-json\/wp\/v2\/posts\/181969\/revisions"}],"wp:featuredmedia":[{"embeddable":true,"href":"https:\/\/www.meydan.tv\/az\/wp-json\/wp\/v2\/media\/77554"}],"wp:attachment":[{"href":"https:\/\/www.meydan.tv\/az\/wp-json\/wp\/v2\/media?parent=181969"}],"wp:term":[{"taxonomy":"category","embeddable":true,"href":"https:\/\/www.meydan.tv\/az\/wp-json\/wp\/v2\/categories?post=181969"},{"taxonomy":"post_tag","embeddable":true,"href":"https:\/\/www.meydan.tv\/az\/wp-json\/wp\/v2\/tags?post=181969"}],"curies":[{"name":"wp","href":"https:\/\/api.w.org\/{rel}","templated":true}]}}