{"id":181957,"date":"2017-01-18T04:39:25","date_gmt":"2017-01-18T04:39:25","guid":{"rendered":"https:\/\/www.meydan.tv\/article\/beynelxalq-hava-limanlarinda-tranzit-zonalar\/"},"modified":"2017-01-18T04:39:25","modified_gmt":"2017-01-18T04:39:25","slug":"beynelxalq-hava-limanlarinda-tranzit-zonalar","status":"publish","type":"post","link":"https:\/\/www.meydan.tv\/az\/article\/beynelxalq-hava-limanlarinda-tranzit-zonalar\/","title":{"rendered":"Beyn\u0259lxalq hava limanlar\u0131nda tranzit zonalar"},"content":{"rendered":"<figure class=\"wp-block-image size-large\">\n  <img decoding=\"async\" src=\"https:\/\/www.meydan.tv\/az\/sinqapur-aeroportu-tranzit-erazi\/\" alt=\"Sinqapur aeroportu, tranzit \u0259razi\" class=\"wp-image-77662\"\/><figcaption>\n    Sinqapur aeroportu, tranzit \u0259razi<br \/>\n  <\/figcaption><\/figure>\n<p>\n  <i><br \/>\n    Bu zonalara hava liman\u0131n\u0131n m\u0259nsub oldu\u011fu d\u00f6vl\u0259tin yurisdiksiyas\u0131 \u015famil edilirmi?<br \/>\n  <\/i>\n<\/p>\n<p>\n  Planetimizd\u0259 h\u0259r g\u00fcn d\u0259rinl\u0259\u015f\u0259n inteqrasiya prosesi adekvat olaraq bir s\u0131ra m\u0259s\u0259l\u0259l\u0259r\u0259 yeni yana\u015fma t\u0259l\u0259b edir. D\u00fcnyada m\u00fcxt\u0259lif istiqam\u0259tl\u0259rd\u0259 h\u0259r\u0259k\u0259t ed\u0259n insan k\u00fctl\u0259sinin rahatl\u0131\u011f\u0131 \u00fc\u00e7\u00fcn qaydalar sad\u0259l\u0259\u015fdirilir, d\u00f6vl\u0259tl\u0259raras\u0131 s\u0259rh\u0259dl\u0259r daha \u00e7ox formal xarakter da\u015f\u0131y\u0131r, onlar\u0131n ke\u00e7ilm\u0259si \u00fc\u00e7\u00fcn a\u011f\u0131r prosedurlar l\u0259\u011fv edilir, b\u0259z\u0259n is\u0259 onlar\u0131 g\u00f6rm\u0259d\u0259n h\u0259r \u015feyin t\u0259nziml\u0259nm\u0259sin\u0259 c\u0259hdl\u0259r edilir. Bel\u0259 vasit\u0259l\u0259rd\u0259n biri d\u0259 beyn\u0259lxlaq hava limanlar\u0131nda tranzit zonalardan istifad\u0259dir.\n<\/p>\n<p>\n  Bu m\u00f6vz\u00fc b\u0259z\u0259n insan haqlar\u0131, x\u00fcsus\u0259n dini, irqi v\u0259 siyasi bax\u0131\u015flara g\u00f6r\u0259 t\u0259qib \u00fcz\u00fcnd\u0259n m\u00fchacir\u0259tl\u0259 ba\u011fl\u0131 m\u0259s\u0259l\u0259l\u0259rd\u0259 d\u0259 g\u00fcnd\u0259mi z\u0259bt edir. Dig\u0259r bir m\u0259s\u0259l\u0259 is\u0259 tranzit zonalar\u0131n b\u0259z\u0259n ill\u0259rl\u0259 bir s\u0131ra \u015f\u0259xsl\u0259rin ya\u015fam m\u0259kan\u0131na \u00e7evrilm\u0259sil\u0259 ba\u011fl\u0131d\u0131r. \u0130randan olan qa\u00e7q\u0131n Mexrana K\u0259rimi Naseri n\u0259 az, n\u0259 \u00e7ox, d\u00fcz 18 il Parisin \u015earl De Qol hava liman\u0131n\u0131n tranzit zonas\u0131nda ya\u015fama\u011fa m\u0259cbur olub.\n<\/p>\n<p>\n  Tranzit zona n\u0259dir, orada m\u00f6vcud olan h\u00fcquqi rejim nec\u0259 m\u00fc\u0259yy\u0259n edilir? Yolu bel\u0259 zonalardan ke\u00e7\u0259n \u015f\u0259xsl\u0259r hans\u0131 h\u00fcquqi statusa malikdir? Milli v\u0259 beyn\u0259lxalq h\u00fcquq normalar\u0131 bu bar\u0259d\u0259 n\u0259 deyir? B\u00fct\u00fcn bu m\u0259s\u0259l\u0259l\u0259r\u0259 bu yaz\u0131da cavab axtarma\u011fa \u00e7al\u0131\u015faca\u011f\u0131q.\n<\/p>\n<blockquote><p>\n  Tranzit zona n\u0259dir?\n<\/p><\/blockquote>\n<p>\n  Xarici \u00f6lk\u0259 il\u0259 hava u\u00e7u\u015flar\u0131n\u0131 h\u0259yata ke\u00e7ir\u0259n hava limanlar\u0131 bir qayda olaraq &#8220;Tranzit zona&#8221; adland\u0131r\u0131lan x\u00fcsusi statuslu \u0259raziy\u0259 malik olur. Tranzit zonaya ad\u0259t\u0259n &#8220;pasport n\u0259zar\u0259ti arxas\u0131nda yerl\u0259\u015f\u0259n beyn\u0259lxalq hava liman\u0131n\u0131n bir hiss\u0259si&#8221; kimi anlay\u0131\u015f verilir. Yollar\u0131na davam etm\u0259k \u00fc\u00e7\u00fcn t\u0259yyar\u0259l\u0259rini d\u0259yi\u015f\u0259n s\u0259rni\u015finl\u0259r pasport n\u0259zar\u0259tind\u0259n ke\u00e7m\u0259m\u0259k \u00fc\u00e7\u00fcn bu zonadan istifad\u0259 edir. Bu minvalla s\u0259rni\u015fin tranzit kimi istifad\u0259 etdiyi \u00f6lk\u0259nin immiqrasiya n\u0259zar\u0259tind\u0259n k\u0259narda qal\u0131r.\n<\/p>\n<p>\n  Tranzit zona il\u0259 ba\u011fl\u0131 d\u00fcnyada \u00fcmumq\u0259bul edilmi\u015f standart h\u0259l\u0259 ki, yoxdur. Okean\u0131n o biri tay\u0131nda, m\u0259s\u0259l\u0259n, AB\u015e kimi bir d\u00f6vl\u0259td\u0259 indiy\u0259 q\u0259d\u0259r bel\u0259 bir t\u0259cr\u00fcb\u0259d\u0259n istifad\u0259 edilmir. AB\u015e-\u0131 tranzit \u00f6lk\u0259 kimi istifad\u0259 etm\u0259k ist\u0259y\u0259nl\u0259r AB\u015e-\u0131n tranzit vizas\u0131n\u0131 alma\u011fa borcludurlar. Amma Avropa m\u0259kan\u0131nda tranzit zonalarla ba\u011fl\u0131 m\u00fc\u0259yy\u0259n h\u00fcquqi t\u0259cr\u00fcb\u0259nin formala\u015fmas\u0131 faktd\u0131r v\u0259 bu bar\u0259d\u0259 b\u0259hs ed\u0259c\u0259yik.\n<\/p>\n<blockquote><p>\n  Tranzit zonas\u0131n\u0131n h\u00fcquqi statusu\n<\/p><\/blockquote>\n<p>\n  Maraq do\u011furan m\u0259s\u0259l\u0259l\u0259rd\u0259n biri d\u0259 tranzit zonalar\u0131n kimin yurisdiksiyas\u0131 alt\u0131nda olmas\u0131d\u0131r. Bu zonalara hava liman\u0131n\u0131n m\u0259nsub oldu\u011fu d\u00f6vl\u0259tin yurisdiksiyas\u0131 \u015famil edilirmi, yoxsa bu m\u0259kanda yaln\u0131z beyn\u0259lxalq h\u00fcquq normalar\u0131 q\u00fcvv\u0259d\u0259dir? Qoyulan suala h\u0259l\u0259 ki, b\u00fcg\u00fcn\u0259 konkret v\u0259 ayd\u0131n cavab yoxdur. Tranzit zonan\u0131n mahiyy\u0259tind\u0259 neytral \u0259razinin elementl\u0259ri var, lakin oran\u0131 neytral \u0259razi saymaq olmaz. \u018fn az\u0131ndan neytral \u0259razi d\u00f6vl\u0259tl\u0259raras\u0131 sazi\u015fl\u0259 m\u00fc\u0259yy\u0259n edilir, tranzit zonalar\u0131n h\u00fcquqi statusu is\u0259 h\u0259l\u0259 ki, h\u0259tta hans\u0131sa beyn\u0259lxlaq konvensiya il\u0259 m\u00fc\u0259yy\u0259n edilm\u0259yib. Bu \u0259razinin h\u00fcquqi statusu il\u0259 ba\u011fl\u0131 normalara milli h\u00fcquqda da \u00e7ox x\u0259sislikl\u0259 yer ayr\u0131l\u0131r.\n<\/p>\n<p>\n  Formala\u015fm\u0131\u015f t\u0259cr\u00fcb\u0259y\u0259 \u0259sas\u0259n dem\u0259k olar ki, pasport n\u0259zar\u0259tin arxas\u0131nda dayanan tranzit zonalarda milli yurisdiksiyan\u0131n q\u00fcvv\u0259si m\u0259hduddur. Bura eyni zamanda beyn\u0259lxalq \u0259razi d\u0259 deyildir. H\u0259r bir halda bel\u0259 zonalarda \u00fcmumi q\u0259bul edilmi\u015f beyn\u0259lxalq h\u00fcquq normalar\u0131, x\u00fcsus\u0259n insan haqlar\u0131yla ba\u011fl\u0131 normalar q\u00fcvv\u0259d\u0259dir.\n<\/p>\n<blockquote><p>\n  Tranzit zonas\u0131nda fiziki \u015f\u0259xsin h\u00fcquqi v\u0259ziyy\u0259ti\n<\/p><\/blockquote>\n<p>\n  Tranzit zonan\u0131n statusunun ayd\u0131n v\u0259 konkret m\u00fc\u0259yy\u0259n edilm\u0259m\u0259si oraya daxil olan fiziki \u015f\u0259xsl\u0259rin h\u00fcquqi v\u0259ziyy\u0259til\u0259 ba\u011fl\u0131 qeyri-m\u00fc\u0259yy\u0259nlik yarad\u0131r. Bu qeyri-m\u00fc\u0259yy\u0259nlik n\u0259 q\u0259d\u0259r d\u0259rin olsa bel\u0259, o, m\u00fcasir beyn\u0259lxalq h\u00fcququn bir s\u0131ra normalar\u0131 il\u0259 \u00e7\u0259r\u00e7iv\u0259l\u0259nir v\u0259 onun h\u00fcdudlar\u0131n\u0131 k\u0259nara a\u015fa bilm\u0259z. S\u00f6hb\u0259t ilk \u00f6nc\u0259 &#8220;s\u00fcrg\u00fcn etm\u0259m\u0259&#8221; (non-refoulement) prinsipind\u0259n gedir. Bu prinsip bir s\u0131ra beyn\u0259lxalq h\u00fcquqi s\u0259n\u0259dl\u0259rd\u0259, o c\u00fcml\u0259d\u0259n m\u00fcharib\u0259 zaman\u0131 m\u00fclki \u0259halinin m\u00fcdafi\u0259si haqq\u0131nda 1949-cu il Cenevr\u0259 Konvensiyas\u0131n\u0131n 45-ci v\u0259 &#8220;Qa\u00e7q\u0131nlar\u0131n statusu haqq\u0131nda&#8221; 1951-ci il BMT Konvensiyas\u0131n\u0131n 33-c\u00fc madd\u0259sind\u0259 q\u0131rm\u0131z\u0131 x\u0259tt kimi ke\u00e7ir. H\u0259min normalara \u00f6z\u00fcn\u00fcn dini v\u0259 siyasi inanclar\u0131na g\u00f6r\u0259 t\u0259qib olundu\u011funu b\u0259yan ed\u0259n \u015f\u0259xs t\u0259qib edildiyi \u00f6lk\u0259y\u0259 s\u00fcrg\u00fcn edil\u0259 bilm\u0259z. \u018flb\u0259tt\u0259, bu s\u0131rada a\u011f\u0131r cinay\u0259t t\u00f6r\u0259dilm\u0259sil\u0259 ba\u011fl\u0131 m\u0259hk\u0259m\u0259 h\u00f6km\u00fcn\u00fcn olmas\u0131 v\u0259 \u00f6lk\u0259nin t\u0259hl\u00fck\u0259sizliyinin t\u0259hdidi istisna hal hesab edilir.\n<\/p>\n<blockquote><p>\n  Avropa \u0130nsan Haqlar\u0131 M\u0259hk\u0259m\u0259si n\u0259 deyir?\n<\/p><\/blockquote>\n<p>\n  M\u0259s\u0259l\u0259 il\u0259 ba\u011fl\u0131 bu g\u00fcn \u00fc\u00e7\u00fcn \u0259limizd\u0259 olan \u0259n m\u00f6t\u0259b\u0259r h\u00fcquq m\u0259nb\u0259yi Avropa \u0130nsan Haqlar\u0131 M\u0259hk\u0259m\u0259sinin (A\u0130HM) bu bar\u0259d\u0259 olan i\u015f(l\u0259r)l\u0259 ba\u011fl\u0131 \u00e7\u0131xard\u0131\u011f\u0131 q\u0259rar(lar)\u0131 ola bil\u0259r. M\u0259lumdur ki, A\u0130HM-nin q\u0259rarlar\u0131 presedent xarakter da\u015f\u0131y\u0131r v\u0259 analoji i\u015fl\u0259r\u0259 \u00fczv d\u00f6vl\u0259tl\u0259rd\u0259 t\u0259tbiq edilir. Bu bax\u0131mdan A\u0130HM-nin predmeti olan bir i\u015f \u00fcz\u0259rind\u0259 bir az geni\u015f dayanma\u011f\u0131 vacib hesab edirik. S\u00f6hb\u0259t A\u0130HM-nin 25 iyin 1996-\u00e7\u0131 ild\u0259 Amuur Fransaya qar\u015f\u0131 i\u015f \u00fczr\u0259 \u00e7\u0131xard\u0131\u011f\u0131 q\u0259rardan gedir.\n<\/p>\n<p>\n  \u0130\u015f \u00fczr\u0259 \u0259riz\u0259\u00e7il\u0259r Somalid\u0259n olan Amuurlar ail\u0259sidir (4 bac\u0131-qarda\u015f). Onlar 9 mart 1992-ci ild\u0259 Suriyaya m\u0259xsus bir hava \u015firk\u0259tinin t\u0259yyar\u0259sil\u0259 Parisin Orli hava liman\u0131na enirl\u0259r. Onlar Fransa h\u00f6kum\u0259tin\u0259 bildirirl\u0259r ki, Somalid\u0259 prezident Siyad Barrenin taxtdan sal\u0131nmas\u0131yla ba\u011fl\u0131 h\u0259yatlar\u0131na t\u0259hl\u00fck\u0259 yaran\u0131b v\u0259 ail\u0259l\u0259rinin b\u0259zi \u00fczvl\u0259ri \u00f6ld\u00fcr\u00fcl\u00fcb. Lakin Fransa s\u0259rh\u0259d\u00e7il\u0259ri onlar\u0131 Fransa \u0259razisin\u0259 buraxmaqdan imtina edir v\u0259 onlar hava liman\u0131n\u0131n tranzit zonas\u0131nda qalma\u011fa m\u0259cbur olur. \u018friz\u0259\u00e7il\u0259r Fransa h\u00f6kum\u0259tin\u0259 siyasi s\u0131\u011f\u0131nacaq \u00fc\u00e7\u00fcn m\u00fcraci\u0259t edir.\n<\/p>\n<p>\n  M\u00fcraci\u0259tl\u0259ri t\u0259min edilm\u0259diyind\u0259n onlar 20 g\u00fcnd\u0259n sonra (29 mart) Suriyaya, ax\u0131r\u0131nc\u0131n\u0131n Xarici \u0130\u015fl\u0259r Nazirliyind\u0259n Fransan\u0131n s\u0259firi m\u00fcvafiq t\u0259minat ald\u0131qdan sonra, deportasiya edilir. \u018friz\u0259\u00e7il\u0259r \u00fczl\u0259\u015fdikl\u0259ri situasiyan\u0131 Fransa m\u0259hk\u0259m\u0259l\u0259rind\u0259 m\u00fcbahis\u0259l\u0259ndirdikd\u0259n sonra A\u0130HM-n\u0259 Avropa \u0130nsan Haqlar\u0131 Konvensiyas\u0131n\u0131n 5.1 madd\u0259sind\u0259 n\u0259z\u0259rd\u0259 tutulan h\u00fcququn (azadl\u0131qdan m\u0259hrumetm\u0259) pozulmas\u0131yla ba\u011fl\u0131 m\u00fcraci\u0259t edirl\u0259r. Onlar hava liman\u0131n\u0131n tranzit zonas\u0131nda saxland\u0131qlar\u0131na g\u00f6r\u0259 \u015fikay\u0259t\u00e7i idil\u0259r v\u0259 bildirirdil\u0259r ki, Fransa h\u00f6kum\u0259ti onlarla qeyri-leqal miqrant kimi deyil, s\u0131\u011f\u0131nacaq axtaran \u015f\u0259xsl\u0259r kimi davranmal\u0131 idi. H\u00f6kum\u0259t is\u0259 \u00f6z n\u00f6vb\u0259sind\u0259 tranzit zonas\u0131nda saxlanman\u0131n azadl\u0131qdan m\u0259hrumetm\u0259 kimi qiym\u0259tl\u0259ndirm\u0259sin\u0259 etiraz\u0131n\u0131 bildirir.\n<\/p>\n<p>\n  V\u0259ziyy\u0259ti qiym\u0259tl\u0259ndir\u0259n A\u0130HM bel\u0259 n\u0259tic\u0259y\u0259 g\u0259lib ki, Konvensiyan\u0131n 5-ci madd\u0259sind\u0259 ifad\u0259 olunan azadl\u0131qdan m\u0259hrumetm\u0259 v\u0259ziyy\u0259tinin qiym\u0259tl\u0259ndirilm\u0259si \u00fc\u00e7\u00fcn \u00e7\u0131x\u0131\u015f n\u00f6qt\u0259si \u015f\u0259raitin \u00f6z\u00fc olmal\u0131 v\u0259 bu zaman g\u00f6r\u00fcl\u0259n t\u0259dbirl\u0259rin tipi, m\u00fcdd\u0259ti, effekti v\u0259 realizasiyas\u0131 \u0259sas g\u00f6t\u00fcr\u00fclm\u0259lidir. M\u0259hk\u0259m\u0259 bel\u0259 q\u0259na\u0259t\u0259 g\u0259lir ki, xaricil\u0259rin tranzit zonas\u0131nda saxlan\u0131lmas\u0131 azadl\u0131\u011f\u0131n m\u0259hdudla\u015fd\u0131r\u0131lmas\u0131d\u0131r. Bel\u0259 m\u0259hdudla\u015fd\u0131rma yaln\u0131z qeyri-leqal immiqrasiyan\u0131n qaba\u011f\u0131n\u0131 almaqdan \u00f6tr\u00fc m\u0259qbul hesab edil\u0259 bil\u0259r v\u0259 bu zaman 1951-ci il &#8220;Qa\u00e7q\u0131nlar\u0131n statusu haqq\u0131nda&#8221; BMT Konvensiyas\u0131n\u0131n v\u0259 1950-ci il Avropa \u0130nsan Haqlar\u0131 Konvensiyas\u0131n\u0131n t\u0259l\u0259bl\u0259ri pozulmamal\u0131d\u0131r. Qeyri-qanuni immiqrasiya il\u0259 m\u00fcbariz\u0259 ad\u0131\u00e7\u0259kil\u0259n konvensiyalar\u0131n m\u00fcdd\u0259alar\u0131ndan ir\u0259li g\u0259l\u0259n s\u0131\u011f\u0131nacaq axtarman\u0131n m\u00fcdafi\u0259sin\u0259 mane olmamal\u0131d\u0131r. Bel\u0259likl\u0259, Avropa M\u0259hk\u0259m\u0259si tranzit zonada \u0259riz\u0259\u00e7il\u0259rin saxlanmas\u0131n\u0131 azadl\u0131qdan m\u0259hrumetm\u0259 kimi qiym\u0259tl\u0259ndirib.\n<\/p>\n<p>\n  A\u0130HM eyni zamanda bildirib ki, &#8220;Tranzit zona&#8221; adlanmas\u0131na baxmayaraq h\u0259min \u0259razi eksterritorial statusa malik deyil v\u0259 \u0259riz\u0259\u00e7il\u0259r Fransan\u0131n yurisdiksiyas\u0131 alt\u0131nda olublar. Ona g\u00f6r\u0259 tranzit zonaya daxil olan \u015f\u0259xsl\u0259rl\u0259 ba\u011fl\u0131 d\u00f6vl\u0259tin m\u0259suliyy\u0259ti istisna ola bilm\u0259z.\n<\/p>\n<blockquote><p>\n  N\u0259tic\u0259\n<\/p><\/blockquote>\n<p>\n  Yuxar\u0131dak\u0131lara \u0259saslanaraq tranzit zonalarla ba\u011fl\u0131 a\u015fa\u011f\u0131dak\u0131 n\u0259tic\u0259ni etm\u0259k olar. \u0130st\u0259r milli h\u00fcquqlarda, ist\u0259rs\u0259 d\u0259 beyn\u0259lxlaq h\u00fcquqda tranzit zonalarla ba\u011fl\u0131 bug\u00fcn\u0259 ayd\u0131n v\u0259 konkret m\u00f6vqe formala\u015fmay\u0131b. Bel\u0259 \u0259razil\u0259rd\u0259 beyn\u0259lxlaq h\u00fcququn \u00fcmumq\u0259bul edilmi\u015f normalar\u0131n\u0131n q\u00fcvv\u0259d\u0259 olmas\u0131 \u015f\u00fcbh\u0259sizdir. A\u0130HM-nin t\u0259cr\u00fcb\u0259sin\u0259 \u0259sas\u0259n is\u0259 tranzit zonalarda d\u00f6vl\u0259tin m\u0259suliyy\u0259t m\u0259s\u0259l\u0259si istisna oluna bilm\u0259z, d\u00f6vl\u0259t bel\u0259 zonalara daxil olan \u015f\u0259xsl\u0259rin fundamental h\u00fcquqlar\u0131n\u0131n qorunmas\u0131yla ba\u011fl\u0131 m\u0259suliyy\u0259tlidir.\n<\/p>\n<p>\n  Qeyd edil\u0259nl\u0259r eyni zamanda &#8220;Tranzit zonalar&#8221; institutunun t\u0259kmill\u0259\u015fdirilm\u0259sinin z\u0259ruriliyinin g\u00f6st\u0259ricisi kimi d\u0259 q\u0259bul edilm\u0259lidir.<\/p>\n","protected":false},"excerpt":{"rendered":"<p>Bu zonalara hava liman\u0131n\u0131n m\u0259nsub oldu\u011fu d\u00f6vl\u0259tin yurisdiksiyas\u0131 \u015famil edilirmi?<\/p>\n","protected":false},"author":11,"featured_media":77662,"comment_status":"closed","ping_status":"open","sticky":false,"template":"","format":"standard","meta":{"_acf_changed":false,"_sitemap_exclude":false,"_sitemap_priority":"","_sitemap_frequency":"","footnotes":""},"categories":[51],"tags":[],"class_list":["post-181957","post","type-post","status-publish","format-standard","has-post-thumbnail","hentry","category-analitika","infinite-scroll-item","generate-columns","tablet-grid-50","mobile-grid-100","grid-parent","grid-33","no-featured-image-padding"],"acf":[],"yoast_head":"<!-- This site is optimized with the Yoast SEO plugin v27.4 - https:\/\/yoast.com\/product\/yoast-seo-wordpress\/ -->\n<title>Beyn\u0259lxalq hava limanlar\u0131nda tranzit zonalar - MEYDAN.TV<\/title>\n<meta name=\"robots\" content=\"index, follow, max-snippet:-1, max-image-preview:large, max-video-preview:-1\" \/>\n<link rel=\"canonical\" href=\"https:\/\/www.meydan.tv\/az\/article\/beynelxalq-hava-limanlarinda-tranzit-zonalar\/\" \/>\n<meta property=\"og:locale\" content=\"az_AZ\" \/>\n<meta property=\"og:type\" content=\"article\" \/>\n<meta property=\"og:title\" content=\"Beyn\u0259lxalq hava limanlar\u0131nda tranzit zonalar - MEYDAN.TV\" \/>\n<meta property=\"og:description\" content=\"Bu zonalara hava liman\u0131n\u0131n m\u0259nsub oldu\u011fu d\u00f6vl\u0259tin yurisdiksiyas\u0131 \u015famil edilirmi?\" \/>\n<meta property=\"og:url\" content=\"https:\/\/www.meydan.tv\/az\/article\/beynelxalq-hava-limanlarinda-tranzit-zonalar\/\" \/>\n<meta property=\"og:site_name\" content=\"MEYDAN.TV\" \/>\n<meta property=\"article:published_time\" content=\"2017-01-18T04:39:25+00:00\" \/>\n<meta property=\"og:image\" content=\"https:\/\/www.meydan.tv\/wp-content\/uploads\/30145.jpg\" \/>\n\t<meta property=\"og:image:width\" content=\"2268\" \/>\n\t<meta property=\"og:image:height\" content=\"1276\" \/>\n\t<meta property=\"og:image:type\" content=\"image\/jpeg\" \/>\n<meta name=\"author\" content=\"user-manager\" \/>\n<meta name=\"twitter:card\" content=\"summary_large_image\" \/>\n<script type=\"application\/ld+json\" class=\"yoast-schema-graph\">{\"@context\":\"https:\\\/\\\/schema.org\",\"@graph\":[{\"@type\":\"Article\",\"@id\":\"https:\\\/\\\/www.meydan.tv\\\/az\\\/article\\\/beynelxalq-hava-limanlarinda-tranzit-zonalar\\\/#article\",\"isPartOf\":{\"@id\":\"https:\\\/\\\/www.meydan.tv\\\/az\\\/article\\\/beynelxalq-hava-limanlarinda-tranzit-zonalar\\\/\"},\"author\":{\"name\":\"user-manager\",\"@id\":\"https:\\\/\\\/www.meydan.tv\\\/az\\\/#\\\/schema\\\/person\\\/10d11eccf6da3662cf5fdab9806ea91a\"},\"headline\":\"Beyn\u0259lxalq hava limanlar\u0131nda tranzit zonalar\",\"datePublished\":\"2017-01-18T04:39:25+00:00\",\"mainEntityOfPage\":{\"@id\":\"https:\\\/\\\/www.meydan.tv\\\/az\\\/article\\\/beynelxalq-hava-limanlarinda-tranzit-zonalar\\\/\"},\"wordCount\":1706,\"publisher\":{\"@id\":\"https:\\\/\\\/www.meydan.tv\\\/az\\\/#organization\"},\"image\":{\"@id\":\"https:\\\/\\\/www.meydan.tv\\\/az\\\/article\\\/beynelxalq-hava-limanlarinda-tranzit-zonalar\\\/#primaryimage\"},\"thumbnailUrl\":\"https:\\\/\\\/www.meydan.tv\\\/wp-content\\\/uploads\\\/30145.jpg\",\"articleSection\":[\"Analitika\"],\"inLanguage\":\"az\"},{\"@type\":\"WebPage\",\"@id\":\"https:\\\/\\\/www.meydan.tv\\\/az\\\/article\\\/beynelxalq-hava-limanlarinda-tranzit-zonalar\\\/\",\"url\":\"https:\\\/\\\/www.meydan.tv\\\/az\\\/article\\\/beynelxalq-hava-limanlarinda-tranzit-zonalar\\\/\",\"name\":\"Beyn\u0259lxalq hava limanlar\u0131nda tranzit zonalar - MEYDAN.TV\",\"isPartOf\":{\"@id\":\"https:\\\/\\\/www.meydan.tv\\\/az\\\/#website\"},\"primaryImageOfPage\":{\"@id\":\"https:\\\/\\\/www.meydan.tv\\\/az\\\/article\\\/beynelxalq-hava-limanlarinda-tranzit-zonalar\\\/#primaryimage\"},\"image\":{\"@id\":\"https:\\\/\\\/www.meydan.tv\\\/az\\\/article\\\/beynelxalq-hava-limanlarinda-tranzit-zonalar\\\/#primaryimage\"},\"thumbnailUrl\":\"https:\\\/\\\/www.meydan.tv\\\/wp-content\\\/uploads\\\/30145.jpg\",\"datePublished\":\"2017-01-18T04:39:25+00:00\",\"breadcrumb\":{\"@id\":\"https:\\\/\\\/www.meydan.tv\\\/az\\\/article\\\/beynelxalq-hava-limanlarinda-tranzit-zonalar\\\/#breadcrumb\"},\"inLanguage\":\"az\",\"potentialAction\":[{\"@type\":\"ReadAction\",\"target\":[\"https:\\\/\\\/www.meydan.tv\\\/az\\\/article\\\/beynelxalq-hava-limanlarinda-tranzit-zonalar\\\/\"]}]},{\"@type\":\"ImageObject\",\"inLanguage\":\"az\",\"@id\":\"https:\\\/\\\/www.meydan.tv\\\/az\\\/article\\\/beynelxalq-hava-limanlarinda-tranzit-zonalar\\\/#primaryimage\",\"url\":\"https:\\\/\\\/www.meydan.tv\\\/wp-content\\\/uploads\\\/30145.jpg\",\"contentUrl\":\"https:\\\/\\\/www.meydan.tv\\\/wp-content\\\/uploads\\\/30145.jpg\",\"width\":2268,\"height\":1276,\"caption\":\"Source:\"},{\"@type\":\"BreadcrumbList\",\"@id\":\"https:\\\/\\\/www.meydan.tv\\\/az\\\/article\\\/beynelxalq-hava-limanlarinda-tranzit-zonalar\\\/#breadcrumb\",\"itemListElement\":[{\"@type\":\"ListItem\",\"position\":1,\"name\":\"Ana s\u0259hif\u0259\",\"item\":\"https:\\\/\\\/www.meydan.tv\\\/az\\\/\"},{\"@type\":\"ListItem\",\"position\":2,\"name\":\"Analitika\",\"item\":\"https:\\\/\\\/www.meydan.tv\\\/az\\\/section\\\/analitika\\\/\"},{\"@type\":\"ListItem\",\"position\":3,\"name\":\"Beyn\u0259lxalq hava limanlar\u0131nda tranzit zonalar\"}]},{\"@type\":\"WebSite\",\"@id\":\"https:\\\/\\\/www.meydan.tv\\\/az\\\/#website\",\"url\":\"https:\\\/\\\/www.meydan.tv\\\/az\\\/\",\"name\":\"MEYDAN.TV\",\"description\":\"Meydan TV Az\u0259rbaycan\u0131n media m\u0259kan\u0131ndak\u0131 alternativ s\u0259sidir\",\"publisher\":{\"@id\":\"https:\\\/\\\/www.meydan.tv\\\/az\\\/#organization\"},\"potentialAction\":[{\"@type\":\"SearchAction\",\"target\":{\"@type\":\"EntryPoint\",\"urlTemplate\":\"https:\\\/\\\/www.meydan.tv\\\/az\\\/?s={search_term_string}\"},\"query-input\":{\"@type\":\"PropertyValueSpecification\",\"valueRequired\":true,\"valueName\":\"search_term_string\"}}],\"inLanguage\":\"az\"},{\"@type\":\"Organization\",\"@id\":\"https:\\\/\\\/www.meydan.tv\\\/az\\\/#organization\",\"name\":\"Meydan TV\",\"url\":\"https:\\\/\\\/www.meydan.tv\\\/az\\\/\",\"logo\":{\"@type\":\"ImageObject\",\"inLanguage\":\"az\",\"@id\":\"https:\\\/\\\/www.meydan.tv\\\/az\\\/#\\\/schema\\\/logo\\\/image\\\/\",\"url\":\"https:\\\/\\\/www.meydan.tv\\\/wp-content\\\/uploads\\\/2021\\\/07\\\/meydan-logo.svg\",\"contentUrl\":\"https:\\\/\\\/www.meydan.tv\\\/wp-content\\\/uploads\\\/2021\\\/07\\\/meydan-logo.svg\",\"width\":195,\"height\":46,\"caption\":\"Meydan TV\"},\"image\":{\"@id\":\"https:\\\/\\\/www.meydan.tv\\\/az\\\/#\\\/schema\\\/logo\\\/image\\\/\"}},{\"@type\":\"Person\",\"@id\":\"https:\\\/\\\/www.meydan.tv\\\/az\\\/#\\\/schema\\\/person\\\/10d11eccf6da3662cf5fdab9806ea91a\",\"name\":\"user-manager\"}]}<\/script>\n<!-- \/ Yoast SEO plugin. -->","yoast_head_json":{"title":"Beyn\u0259lxalq hava limanlar\u0131nda tranzit zonalar - MEYDAN.TV","robots":{"index":"index","follow":"follow","max-snippet":"max-snippet:-1","max-image-preview":"max-image-preview:large","max-video-preview":"max-video-preview:-1"},"canonical":"https:\/\/www.meydan.tv\/az\/article\/beynelxalq-hava-limanlarinda-tranzit-zonalar\/","og_locale":"az_AZ","og_type":"article","og_title":"Beyn\u0259lxalq hava limanlar\u0131nda tranzit zonalar - MEYDAN.TV","og_description":"Bu zonalara hava liman\u0131n\u0131n m\u0259nsub oldu\u011fu d\u00f6vl\u0259tin yurisdiksiyas\u0131 \u015famil edilirmi?","og_url":"https:\/\/www.meydan.tv\/az\/article\/beynelxalq-hava-limanlarinda-tranzit-zonalar\/","og_site_name":"MEYDAN.TV","article_published_time":"2017-01-18T04:39:25+00:00","og_image":[{"width":2268,"height":1276,"url":"https:\/\/www.meydan.tv\/wp-content\/uploads\/30145.jpg","type":"image\/jpeg"}],"author":"user-manager","twitter_card":"summary_large_image","schema":{"@context":"https:\/\/schema.org","@graph":[{"@type":"Article","@id":"https:\/\/www.meydan.tv\/az\/article\/beynelxalq-hava-limanlarinda-tranzit-zonalar\/#article","isPartOf":{"@id":"https:\/\/www.meydan.tv\/az\/article\/beynelxalq-hava-limanlarinda-tranzit-zonalar\/"},"author":{"name":"user-manager","@id":"https:\/\/www.meydan.tv\/az\/#\/schema\/person\/10d11eccf6da3662cf5fdab9806ea91a"},"headline":"Beyn\u0259lxalq hava limanlar\u0131nda tranzit zonalar","datePublished":"2017-01-18T04:39:25+00:00","mainEntityOfPage":{"@id":"https:\/\/www.meydan.tv\/az\/article\/beynelxalq-hava-limanlarinda-tranzit-zonalar\/"},"wordCount":1706,"publisher":{"@id":"https:\/\/www.meydan.tv\/az\/#organization"},"image":{"@id":"https:\/\/www.meydan.tv\/az\/article\/beynelxalq-hava-limanlarinda-tranzit-zonalar\/#primaryimage"},"thumbnailUrl":"https:\/\/www.meydan.tv\/wp-content\/uploads\/30145.jpg","articleSection":["Analitika"],"inLanguage":"az"},{"@type":"WebPage","@id":"https:\/\/www.meydan.tv\/az\/article\/beynelxalq-hava-limanlarinda-tranzit-zonalar\/","url":"https:\/\/www.meydan.tv\/az\/article\/beynelxalq-hava-limanlarinda-tranzit-zonalar\/","name":"Beyn\u0259lxalq hava limanlar\u0131nda tranzit zonalar - MEYDAN.TV","isPartOf":{"@id":"https:\/\/www.meydan.tv\/az\/#website"},"primaryImageOfPage":{"@id":"https:\/\/www.meydan.tv\/az\/article\/beynelxalq-hava-limanlarinda-tranzit-zonalar\/#primaryimage"},"image":{"@id":"https:\/\/www.meydan.tv\/az\/article\/beynelxalq-hava-limanlarinda-tranzit-zonalar\/#primaryimage"},"thumbnailUrl":"https:\/\/www.meydan.tv\/wp-content\/uploads\/30145.jpg","datePublished":"2017-01-18T04:39:25+00:00","breadcrumb":{"@id":"https:\/\/www.meydan.tv\/az\/article\/beynelxalq-hava-limanlarinda-tranzit-zonalar\/#breadcrumb"},"inLanguage":"az","potentialAction":[{"@type":"ReadAction","target":["https:\/\/www.meydan.tv\/az\/article\/beynelxalq-hava-limanlarinda-tranzit-zonalar\/"]}]},{"@type":"ImageObject","inLanguage":"az","@id":"https:\/\/www.meydan.tv\/az\/article\/beynelxalq-hava-limanlarinda-tranzit-zonalar\/#primaryimage","url":"https:\/\/www.meydan.tv\/wp-content\/uploads\/30145.jpg","contentUrl":"https:\/\/www.meydan.tv\/wp-content\/uploads\/30145.jpg","width":2268,"height":1276,"caption":"Source:"},{"@type":"BreadcrumbList","@id":"https:\/\/www.meydan.tv\/az\/article\/beynelxalq-hava-limanlarinda-tranzit-zonalar\/#breadcrumb","itemListElement":[{"@type":"ListItem","position":1,"name":"Ana s\u0259hif\u0259","item":"https:\/\/www.meydan.tv\/az\/"},{"@type":"ListItem","position":2,"name":"Analitika","item":"https:\/\/www.meydan.tv\/az\/section\/analitika\/"},{"@type":"ListItem","position":3,"name":"Beyn\u0259lxalq hava limanlar\u0131nda tranzit zonalar"}]},{"@type":"WebSite","@id":"https:\/\/www.meydan.tv\/az\/#website","url":"https:\/\/www.meydan.tv\/az\/","name":"MEYDAN.TV","description":"Meydan TV Az\u0259rbaycan\u0131n media m\u0259kan\u0131ndak\u0131 alternativ s\u0259sidir","publisher":{"@id":"https:\/\/www.meydan.tv\/az\/#organization"},"potentialAction":[{"@type":"SearchAction","target":{"@type":"EntryPoint","urlTemplate":"https:\/\/www.meydan.tv\/az\/?s={search_term_string}"},"query-input":{"@type":"PropertyValueSpecification","valueRequired":true,"valueName":"search_term_string"}}],"inLanguage":"az"},{"@type":"Organization","@id":"https:\/\/www.meydan.tv\/az\/#organization","name":"Meydan TV","url":"https:\/\/www.meydan.tv\/az\/","logo":{"@type":"ImageObject","inLanguage":"az","@id":"https:\/\/www.meydan.tv\/az\/#\/schema\/logo\/image\/","url":"https:\/\/www.meydan.tv\/wp-content\/uploads\/2021\/07\/meydan-logo.svg","contentUrl":"https:\/\/www.meydan.tv\/wp-content\/uploads\/2021\/07\/meydan-logo.svg","width":195,"height":46,"caption":"Meydan TV"},"image":{"@id":"https:\/\/www.meydan.tv\/az\/#\/schema\/logo\/image\/"}},{"@type":"Person","@id":"https:\/\/www.meydan.tv\/az\/#\/schema\/person\/10d11eccf6da3662cf5fdab9806ea91a","name":"user-manager"}]}},"_links":{"self":[{"href":"https:\/\/www.meydan.tv\/az\/wp-json\/wp\/v2\/posts\/181957","targetHints":{"allow":["GET"]}}],"collection":[{"href":"https:\/\/www.meydan.tv\/az\/wp-json\/wp\/v2\/posts"}],"about":[{"href":"https:\/\/www.meydan.tv\/az\/wp-json\/wp\/v2\/types\/post"}],"author":[{"embeddable":true,"href":"https:\/\/www.meydan.tv\/az\/wp-json\/wp\/v2\/users\/11"}],"replies":[{"embeddable":true,"href":"https:\/\/www.meydan.tv\/az\/wp-json\/wp\/v2\/comments?post=181957"}],"version-history":[{"count":0,"href":"https:\/\/www.meydan.tv\/az\/wp-json\/wp\/v2\/posts\/181957\/revisions"}],"wp:featuredmedia":[{"embeddable":true,"href":"https:\/\/www.meydan.tv\/az\/wp-json\/wp\/v2\/media\/77662"}],"wp:attachment":[{"href":"https:\/\/www.meydan.tv\/az\/wp-json\/wp\/v2\/media?parent=181957"}],"wp:term":[{"taxonomy":"category","embeddable":true,"href":"https:\/\/www.meydan.tv\/az\/wp-json\/wp\/v2\/categories?post=181957"},{"taxonomy":"post_tag","embeddable":true,"href":"https:\/\/www.meydan.tv\/az\/wp-json\/wp\/v2\/tags?post=181957"}],"curies":[{"name":"wp","href":"https:\/\/api.w.org\/{rel}","templated":true}]}}