{"id":181942,"date":"2017-01-17T15:15:53","date_gmt":"2017-01-17T15:15:53","guid":{"rendered":"https:\/\/www.meydan.tv\/article\/lavrov-azerbaycanin-maraqlarina-cavab-vermeyen-movqe-sergileyib\/"},"modified":"2017-01-17T15:15:53","modified_gmt":"2017-01-17T15:15:53","slug":"lavrov-azerbaycanin-maraqlarina-cavab-vermeyen-movqe-sergileyib","status":"publish","type":"post","link":"https:\/\/www.meydan.tv\/az\/article\/lavrov-azerbaycanin-maraqlarina-cavab-vermeyen-movqe-sergileyib\/","title":{"rendered":"&#8221;Lavrov Az\u0259rbaycan\u0131n maraqlar\u0131na cavab verm\u0259y\u0259n m\u00f6vqe s\u0259rgil\u0259yib&#8221;"},"content":{"rendered":"<figure class=\"wp-block-image size-large\">\n  <img decoding=\"async\" src=\"https:\/\/www.meydan.tv\/az\/77614\/\" alt=\"\" class=\"wp-image-77614\"\/><figcaption><\/figcaption><\/figure>\n<p>\n  <i><br \/>\n    Rauf Mirq\u0259dirov: &#8221;Yax\u0131n vaxtlarda Rusiya t\u0259r\u0259fd\u0259n f\u0259all\u0131q g\u00f6zl\u0259m\u0259liyik&#8221;<br \/>\n  <\/i>\n<\/p>\n<p>\n  &#8220;Da\u011fl\u0131q Qaraba\u011f\u0131n yekun statusunun m\u00fc\u0259yy\u0259nl\u0259\u015fdirilm\u0259si \u015f\u0259rti v\u0259 i\u015f\u011fal olunmu\u015f \u0259razil\u0259rin s\u00fclh yolu il\u0259 azad olunmas\u0131 t\u0259l\u0259bi h\u0259r zaman q\u00fcvv\u0259d\u0259 qal\u0131r&#8221;.<\/p>\n<p>  APA-n\u0131n Moskva b\u00fcrosunun m\u0259lumat\u0131na g\u00f6r\u0259, bu s\u00f6zl\u0259ri Rusiya xarici i\u015fl\u0259r naziri Sergey Lavrov m\u0259tbuat konfrans\u0131nda deyib.<\/p>\n<p>  Nazir m\u00fcnaqi\u015f\u0259nin h\u0259lli il\u0259 ba\u011fl\u0131 bir s\u0131ra s\u0259n\u0259dl\u0259rin m\u00f6vcud oldu\u011funu deyib.<\/p>\n<p>  S.Lavrov 2016-c\u0131 ilin aprel olaylar\u0131n\u0131n d\u0259rin narahatl\u0131q yaratd\u0131\u011f\u0131n\u0131 s\u00f6yl\u0259y\u0259r\u0259k Kremlin qan t\u00f6k\u00fclm\u0259sinin qar\u015f\u0131s\u0131n\u0131n al\u0131nmas\u0131nda vacib rol oynad\u0131\u011f\u0131n\u0131 vur\u011fulay\u0131b.<\/p>\n<p>  &#8220;Vyanada, daha sonra Sankt-Peterburqda Az\u0259rbaycan v\u0259 Erm\u0259nistan prezidentl\u0259ri insidentl\u0259rin ara\u015fd\u0131rmas\u0131 mexanizminin i\u015f\u0259 d\u00fc\u015fm\u0259si v\u0259 t\u0259mas x\u0259ttind\u0259 AT\u018fT m\u00fc\u015fahid\u0259\u00e7il\u0259rin art\u0131r\u0131lmas\u0131 bar\u0259d\u0259 raz\u0131l\u0131\u011fa g\u0259ldi. 2011-ci ild\u0259 d\u0259 insidentl\u0259rin ara\u015fd\u0131r\u0131lmas\u0131 m\u0259s\u0259l\u0259si H\u0259\u015ft\u0259rxan g\u00f6r\u00fc\u015f\u00fcnd\u0259 m\u00fczakir\u0259 edilmi\u015fdi. Bu t\u0259dbirl\u0259r \u00e7ox vacibdir. \u0130nsidentl\u0259rin ara\u015fd\u0131r\u0131lmas\u0131 m\u0259s\u0259l\u0259si il\u0259 ba\u011fl\u0131 AT\u018fT daxilind\u0259 konsensus yoxdur. Bunu t\u0259\u015fkilat\u0131n \u00fczl\u0259rind\u0259n d\u0259 maraqlanmaq olar&#8221;.\n<\/p>\n<p>\n  Rusiya ba\u015f diplomat\u0131n\u0131n fikirl\u0259rini Meydan TV-y\u0259 \u015f\u0259rh ed\u0259n siyasi \u015f\u0259rh\u00e7i Rauf Mirq\u0259dirov deyir ki, Sergey Lavrov \u0259n\u0259n\u0259vi Az\u0259rbaycan\u0131n maraqlar\u0131na cavab verm\u0259y\u0259n m\u00f6vqe s\u0259rgil\u0259yib:\n<\/p>\n<p>\n  &#8220;\u018fsas m\u00f6vqe ondan ibar\u0259tdir ki, Da\u011fl\u0131q Qaraba\u011f\u0131n yekun statusunun m\u00fc\u0259yy\u0259nl\u0259\u015fdirilm\u0259si i\u015f\u011fal olunan \u0259razil\u0259rin azad olunmas\u0131 aras\u0131nda birba\u015fa \u0259laq\u0259 var. \u018fslind\u0259, bu birba\u015fa \u0259laq\u0259 m\u00fcnaqi\u015f\u0259nin h\u0259lli istiqam\u0259tind\u0259 at\u0131lmas\u0131 olan \u0259n b\u00f6y\u00fck mane\u0259dir. BMT T\u0259hl\u00fck\u0259sizlik \u015euras\u0131n\u0131n 4 m\u0259lum q\u0259tnam\u0259sin\u0259 baxsaq, h\u0259min s\u0259n\u0259dl\u0259rin he\u00e7 birind\u0259 Da\u011fl\u0131q Qaraba\u011f \u0259traf\u0131nda i\u015f\u011fal olunmu\u015f rayonlar\u0131n azad olunmas\u0131 il\u0259 yekun statusun m\u00fc\u0259yy\u0259nl\u0259\u015fm\u0259si aras\u0131nda birba\u015fa \u0259laq\u0259 yoxdur. \u018frazil\u0259rin azad olunmas\u0131 v\u0259 ondan sonra Da\u011fl\u0131q Qaraba\u011f\u0131n yekun statusunun m\u00fc\u0259yy\u0259nl\u0259\u015fm\u0259si f\u0259rqli m\u0259s\u0259l\u0259l\u0259rdir. H\u0259tta BMT T\u0259hl\u00fck\u0259sizlik \u015euras\u0131n\u0131n q\u0259tnam\u0259l\u0259rind\u0259 bir madd\u0259y\u0259 g\u00f6r\u0259 \u0259razil\u0259rin i\u015f\u011fal\u0131, yaxud i\u015f\u011fal\u0131 t\u0259hdidi h\u0259r hans\u0131 bir m\u0259qs\u0259dl\u0259rin \u0259ld\u0259 edilm\u0259si \u00fc\u00e7\u00fcn vasit\u0259 kimi istifad\u0259 oluna bilm\u0259z. Lavrovun dedikl\u0259rind\u0259 birba\u015fa vasit\u0259 kimi istifad\u0259 olunur&#8221;.\n<\/p>\n<p>\n  R.Mirq\u0259dirov deyib ki, Sergey Lavrovun b\u0259yanat\u0131nda fikir ayr\u0131l\u0131\u011f\u0131n\u0131n AT\u018fT, yoxsa Minsk Qrupu daxilind\u0259 oldu\u011fu m\u0259lum olmur:\n<\/p>\n<figure class=\"wp-block-image size-large\">\n  <img decoding=\"async\" src=\"https:\/\/www.meydan.tv\/az\/63700\/\" alt=\"\" class=\"wp-image-63700\"\/><figcaption>\n    Rauf Mirq\u0259dirov<br \/>\n  <\/figcaption><\/figure>\n<p>\n  &#8220;\u00c7\u00fcnki bunlar eyni \u015fey deyil. H\u0259r halda AT\u018fT-nin geni\u015f t\u0259rkibd\u0259 Da\u011fl\u0131q Qaraba\u011fda h\u0259r hans\u0131 missiyan\u0131n yerl\u0259\u015fdirilm\u0259si bar\u0259d\u0259 m\u00fczakir\u0259l\u0259r apard\u0131\u011f\u0131n\u0131 e\u015fitm\u0259mi\u015fdik. Lavrov fikir ayr\u0131l\u0131\u011f\u0131n\u0131n da\u015f\u0131y\u0131c\u0131lar\u0131n\u0131n kiml\u0259r oldu\u011funu a\u00e7\u0131qlamad\u0131\u011f\u0131ndan anla\u015f\u0131lmazl\u0131q yaran\u0131r. B\u0259lk\u0259 Erm\u0259nistan v\u0259 Az\u0259rbaycand\u0131r? \u0130nstdentl\u0259rin t\u0259dqiqi m\u0259s\u0259l\u0259sind\u0259 r\u0259smi Bak\u0131n\u0131n f\u0259rqli m\u00f6vqeyi var v\u0259 bu m\u0259s\u0259l\u0259 m\u00fcnaqi\u015f\u0259nin h\u0259rb yoluyla h\u0259llini istisna ed\u0259n bir mexanizm\u0259 \u00e7evrilm\u0259m\u0259lidir. \u00c7\u00fcnki g\u0259l\u0259c\u0259kd\u0259 t\u0259r\u0259fl\u0259r\u0259 hans\u0131sa sanksiyalar\u0131n m\u00fcmk\u00fcnl\u00fcy\u00fc Az\u0259rbaycan\u0131n problemin h\u0259lli istiqam\u0259tind\u0259ki manevr imkanlar\u0131n\u0131 m\u0259hdudla\u015fd\u0131r\u0131r. Bu, h\u0259m d\u0259 beyn\u0259lxalq g\u00fccl\u0259r t\u0259r\u0259find\u0259n birm\u0259nal\u0131 qar\u015f\u0131lanmayacaq. 90-c\u0131 ill\u0259rd\u0259 Rusiya gizl\u0259tmirdi ki, bu v\u0259 ya dig\u0259r t\u0259\u015fkilat\u0131n bayra\u011f\u0131 ad\u0131 alt\u0131nda \u00f6z q\u00fcvv\u0259l\u0259rini regionda yerl\u0259\u015fdirm\u0259k ist\u0259yir. Beyn\u0259lxalq g\u00fccl\u0259r aras\u0131nda da bunun \u0259leyhin\u0259 \u00e7\u0131xanlar vard\u0131, Erm\u0259nistan\u0131n \u00f6z\u00fc d\u0259 Moskvan\u0131n bu m\u0259s\u0259l\u0259y\u0259 birba\u015fa n\u0259zar\u0259t etm\u0259sinin t\u0259r\u0259fdar\u0131 deyildi. D\u00fc\u015f\u00fcn\u00fcr\u0259m ki, yax\u0131n vaxtlarda \u0259n az\u0131 Rusiya t\u0259r\u0259find\u0259n m\u00fc\u0259yy\u0259n bir f\u0259all\u0131q g\u00f6zl\u0259m\u0259liyik. Bu f\u0259all\u0131q he\u00e7 d\u0259 m\u00fcnaqi\u015f\u0259nin h\u0259lli istiqam\u0259tind\u0259 olmaya da bil\u0259r, v\u0259ziyy\u0259ti g\u0259rginl\u0259\u015fdirm\u0259k istiqam\u0259tind\u0259 d\u0259 ola bil\u0259r&#8221;.\n<\/p><\/p>\n","protected":false},"excerpt":{"rendered":"<p>Rauf Mirq\u0259dirov: &#8221;Yax\u0131n vaxtlarda Rusiya t\u0259r\u0259fd\u0259n f\u0259all\u0131q g\u00f6zl\u0259m\u0259liyik&#8221;<\/p>\n","protected":false},"author":11,"featured_media":77614,"comment_status":"closed","ping_status":"open","sticky":false,"template":"","format":"standard","meta":{"_acf_changed":false,"_sitemap_exclude":false,"_sitemap_priority":"","_sitemap_frequency":"","footnotes":""},"categories":[51],"tags":[],"class_list":["post-181942","post","type-post","status-publish","format-standard","has-post-thumbnail","hentry","category-analitika","infinite-scroll-item","generate-columns","tablet-grid-50","mobile-grid-100","grid-parent","grid-33","no-featured-image-padding"],"acf":[],"yoast_head":"<!-- This site is optimized with the Yoast SEO plugin v27.5 - https:\/\/yoast.com\/product\/yoast-seo-wordpress\/ -->\n<title>&#039;&#039;Lavrov Az\u0259rbaycan\u0131n maraqlar\u0131na cavab verm\u0259y\u0259n m\u00f6vqe s\u0259rgil\u0259yib&#039;&#039; - MEYDAN.TV<\/title>\n<meta name=\"robots\" content=\"index, follow, max-snippet:-1, max-image-preview:large, max-video-preview:-1\" \/>\n<link rel=\"canonical\" href=\"https:\/\/www.meydan.tv\/az\/article\/lavrov-azerbaycanin-maraqlarina-cavab-vermeyen-movqe-sergileyib\/\" \/>\n<meta property=\"og:locale\" content=\"az_AZ\" \/>\n<meta property=\"og:type\" content=\"article\" \/>\n<meta property=\"og:title\" content=\"&#039;&#039;Lavrov Az\u0259rbaycan\u0131n maraqlar\u0131na cavab verm\u0259y\u0259n m\u00f6vqe s\u0259rgil\u0259yib&#039;&#039; - MEYDAN.TV\" \/>\n<meta property=\"og:description\" content=\"Rauf Mirq\u0259dirov: &#039;&#039;Yax\u0131n vaxtlarda Rusiya t\u0259r\u0259fd\u0259n f\u0259all\u0131q g\u00f6zl\u0259m\u0259liyik&#039;&#039;\" \/>\n<meta property=\"og:url\" content=\"https:\/\/www.meydan.tv\/az\/article\/lavrov-azerbaycanin-maraqlarina-cavab-vermeyen-movqe-sergileyib\/\" \/>\n<meta property=\"og:site_name\" content=\"MEYDAN.TV\" \/>\n<meta property=\"article:published_time\" content=\"2017-01-17T15:15:53+00:00\" \/>\n<meta property=\"og:image\" content=\"https:\/\/www.meydan.tv\/wp-content\/uploads\/30124.jpg\" \/>\n\t<meta property=\"og:image:width\" content=\"750\" \/>\n\t<meta property=\"og:image:height\" content=\"500\" \/>\n\t<meta property=\"og:image:type\" content=\"image\/jpeg\" \/>\n<meta name=\"author\" content=\"user-manager\" \/>\n<meta name=\"twitter:card\" content=\"summary_large_image\" \/>\n<script type=\"application\/ld+json\" class=\"yoast-schema-graph\">{\"@context\":\"https:\\\/\\\/schema.org\",\"@graph\":[{\"@type\":\"Article\",\"@id\":\"https:\\\/\\\/www.meydan.tv\\\/az\\\/article\\\/lavrov-azerbaycanin-maraqlarina-cavab-vermeyen-movqe-sergileyib\\\/#article\",\"isPartOf\":{\"@id\":\"https:\\\/\\\/www.meydan.tv\\\/az\\\/article\\\/lavrov-azerbaycanin-maraqlarina-cavab-vermeyen-movqe-sergileyib\\\/\"},\"author\":{\"name\":\"user-manager\",\"@id\":\"https:\\\/\\\/www.meydan.tv\\\/az\\\/#\\\/schema\\\/person\\\/10d11eccf6da3662cf5fdab9806ea91a\"},\"headline\":\"&#8221;Lavrov Az\u0259rbaycan\u0131n maraqlar\u0131na cavab verm\u0259y\u0259n m\u00f6vqe s\u0259rgil\u0259yib&#8221;\",\"datePublished\":\"2017-01-17T15:15:53+00:00\",\"mainEntityOfPage\":{\"@id\":\"https:\\\/\\\/www.meydan.tv\\\/az\\\/article\\\/lavrov-azerbaycanin-maraqlarina-cavab-vermeyen-movqe-sergileyib\\\/\"},\"wordCount\":787,\"publisher\":{\"@id\":\"https:\\\/\\\/www.meydan.tv\\\/az\\\/#organization\"},\"image\":{\"@id\":\"https:\\\/\\\/www.meydan.tv\\\/az\\\/article\\\/lavrov-azerbaycanin-maraqlarina-cavab-vermeyen-movqe-sergileyib\\\/#primaryimage\"},\"thumbnailUrl\":\"https:\\\/\\\/www.meydan.tv\\\/wp-content\\\/uploads\\\/30124.jpg\",\"articleSection\":[\"Analitika\"],\"inLanguage\":\"az\"},{\"@type\":\"WebPage\",\"@id\":\"https:\\\/\\\/www.meydan.tv\\\/az\\\/article\\\/lavrov-azerbaycanin-maraqlarina-cavab-vermeyen-movqe-sergileyib\\\/\",\"url\":\"https:\\\/\\\/www.meydan.tv\\\/az\\\/article\\\/lavrov-azerbaycanin-maraqlarina-cavab-vermeyen-movqe-sergileyib\\\/\",\"name\":\"''Lavrov Az\u0259rbaycan\u0131n maraqlar\u0131na cavab verm\u0259y\u0259n m\u00f6vqe s\u0259rgil\u0259yib'' - MEYDAN.TV\",\"isPartOf\":{\"@id\":\"https:\\\/\\\/www.meydan.tv\\\/az\\\/#website\"},\"primaryImageOfPage\":{\"@id\":\"https:\\\/\\\/www.meydan.tv\\\/az\\\/article\\\/lavrov-azerbaycanin-maraqlarina-cavab-vermeyen-movqe-sergileyib\\\/#primaryimage\"},\"image\":{\"@id\":\"https:\\\/\\\/www.meydan.tv\\\/az\\\/article\\\/lavrov-azerbaycanin-maraqlarina-cavab-vermeyen-movqe-sergileyib\\\/#primaryimage\"},\"thumbnailUrl\":\"https:\\\/\\\/www.meydan.tv\\\/wp-content\\\/uploads\\\/30124.jpg\",\"datePublished\":\"2017-01-17T15:15:53+00:00\",\"breadcrumb\":{\"@id\":\"https:\\\/\\\/www.meydan.tv\\\/az\\\/article\\\/lavrov-azerbaycanin-maraqlarina-cavab-vermeyen-movqe-sergileyib\\\/#breadcrumb\"},\"inLanguage\":\"az\",\"potentialAction\":[{\"@type\":\"ReadAction\",\"target\":[\"https:\\\/\\\/www.meydan.tv\\\/az\\\/article\\\/lavrov-azerbaycanin-maraqlarina-cavab-vermeyen-movqe-sergileyib\\\/\"]}]},{\"@type\":\"ImageObject\",\"inLanguage\":\"az\",\"@id\":\"https:\\\/\\\/www.meydan.tv\\\/az\\\/article\\\/lavrov-azerbaycanin-maraqlarina-cavab-vermeyen-movqe-sergileyib\\\/#primaryimage\",\"url\":\"https:\\\/\\\/www.meydan.tv\\\/wp-content\\\/uploads\\\/30124.jpg\",\"contentUrl\":\"https:\\\/\\\/www.meydan.tv\\\/wp-content\\\/uploads\\\/30124.jpg\",\"width\":750,\"height\":500,\"caption\":\"Source:\"},{\"@type\":\"BreadcrumbList\",\"@id\":\"https:\\\/\\\/www.meydan.tv\\\/az\\\/article\\\/lavrov-azerbaycanin-maraqlarina-cavab-vermeyen-movqe-sergileyib\\\/#breadcrumb\",\"itemListElement\":[{\"@type\":\"ListItem\",\"position\":1,\"name\":\"Ana s\u0259hif\u0259\",\"item\":\"https:\\\/\\\/www.meydan.tv\\\/az\\\/\"},{\"@type\":\"ListItem\",\"position\":2,\"name\":\"Analitika\",\"item\":\"https:\\\/\\\/www.meydan.tv\\\/az\\\/section\\\/analitika\\\/\"},{\"@type\":\"ListItem\",\"position\":3,\"name\":\"&#8221;Lavrov Az\u0259rbaycan\u0131n maraqlar\u0131na cavab verm\u0259y\u0259n m\u00f6vqe s\u0259rgil\u0259yib&#8221;\"}]},{\"@type\":\"WebSite\",\"@id\":\"https:\\\/\\\/www.meydan.tv\\\/az\\\/#website\",\"url\":\"https:\\\/\\\/www.meydan.tv\\\/az\\\/\",\"name\":\"MEYDAN.TV\",\"description\":\"Meydan TV Az\u0259rbaycan\u0131n media m\u0259kan\u0131ndak\u0131 alternativ s\u0259sidir\",\"publisher\":{\"@id\":\"https:\\\/\\\/www.meydan.tv\\\/az\\\/#organization\"},\"potentialAction\":[{\"@type\":\"SearchAction\",\"target\":{\"@type\":\"EntryPoint\",\"urlTemplate\":\"https:\\\/\\\/www.meydan.tv\\\/az\\\/?s={search_term_string}\"},\"query-input\":{\"@type\":\"PropertyValueSpecification\",\"valueRequired\":true,\"valueName\":\"search_term_string\"}}],\"inLanguage\":\"az\"},{\"@type\":\"Organization\",\"@id\":\"https:\\\/\\\/www.meydan.tv\\\/az\\\/#organization\",\"name\":\"Meydan TV\",\"url\":\"https:\\\/\\\/www.meydan.tv\\\/az\\\/\",\"logo\":{\"@type\":\"ImageObject\",\"inLanguage\":\"az\",\"@id\":\"https:\\\/\\\/www.meydan.tv\\\/az\\\/#\\\/schema\\\/logo\\\/image\\\/\",\"url\":\"https:\\\/\\\/www.meydan.tv\\\/wp-content\\\/uploads\\\/2021\\\/07\\\/meydan-logo.svg\",\"contentUrl\":\"https:\\\/\\\/www.meydan.tv\\\/wp-content\\\/uploads\\\/2021\\\/07\\\/meydan-logo.svg\",\"width\":195,\"height\":46,\"caption\":\"Meydan TV\"},\"image\":{\"@id\":\"https:\\\/\\\/www.meydan.tv\\\/az\\\/#\\\/schema\\\/logo\\\/image\\\/\"}},{\"@type\":\"Person\",\"@id\":\"https:\\\/\\\/www.meydan.tv\\\/az\\\/#\\\/schema\\\/person\\\/10d11eccf6da3662cf5fdab9806ea91a\",\"name\":\"user-manager\"}]}<\/script>\n<!-- \/ Yoast SEO plugin. -->","yoast_head_json":{"title":"''Lavrov Az\u0259rbaycan\u0131n maraqlar\u0131na cavab verm\u0259y\u0259n m\u00f6vqe s\u0259rgil\u0259yib'' - MEYDAN.TV","robots":{"index":"index","follow":"follow","max-snippet":"max-snippet:-1","max-image-preview":"max-image-preview:large","max-video-preview":"max-video-preview:-1"},"canonical":"https:\/\/www.meydan.tv\/az\/article\/lavrov-azerbaycanin-maraqlarina-cavab-vermeyen-movqe-sergileyib\/","og_locale":"az_AZ","og_type":"article","og_title":"''Lavrov Az\u0259rbaycan\u0131n maraqlar\u0131na cavab verm\u0259y\u0259n m\u00f6vqe s\u0259rgil\u0259yib'' - MEYDAN.TV","og_description":"Rauf Mirq\u0259dirov: ''Yax\u0131n vaxtlarda Rusiya t\u0259r\u0259fd\u0259n f\u0259all\u0131q g\u00f6zl\u0259m\u0259liyik''","og_url":"https:\/\/www.meydan.tv\/az\/article\/lavrov-azerbaycanin-maraqlarina-cavab-vermeyen-movqe-sergileyib\/","og_site_name":"MEYDAN.TV","article_published_time":"2017-01-17T15:15:53+00:00","og_image":[{"width":750,"height":500,"url":"https:\/\/www.meydan.tv\/wp-content\/uploads\/30124.jpg","type":"image\/jpeg"}],"author":"user-manager","twitter_card":"summary_large_image","schema":{"@context":"https:\/\/schema.org","@graph":[{"@type":"Article","@id":"https:\/\/www.meydan.tv\/az\/article\/lavrov-azerbaycanin-maraqlarina-cavab-vermeyen-movqe-sergileyib\/#article","isPartOf":{"@id":"https:\/\/www.meydan.tv\/az\/article\/lavrov-azerbaycanin-maraqlarina-cavab-vermeyen-movqe-sergileyib\/"},"author":{"name":"user-manager","@id":"https:\/\/www.meydan.tv\/az\/#\/schema\/person\/10d11eccf6da3662cf5fdab9806ea91a"},"headline":"&#8221;Lavrov Az\u0259rbaycan\u0131n maraqlar\u0131na cavab verm\u0259y\u0259n m\u00f6vqe s\u0259rgil\u0259yib&#8221;","datePublished":"2017-01-17T15:15:53+00:00","mainEntityOfPage":{"@id":"https:\/\/www.meydan.tv\/az\/article\/lavrov-azerbaycanin-maraqlarina-cavab-vermeyen-movqe-sergileyib\/"},"wordCount":787,"publisher":{"@id":"https:\/\/www.meydan.tv\/az\/#organization"},"image":{"@id":"https:\/\/www.meydan.tv\/az\/article\/lavrov-azerbaycanin-maraqlarina-cavab-vermeyen-movqe-sergileyib\/#primaryimage"},"thumbnailUrl":"https:\/\/www.meydan.tv\/wp-content\/uploads\/30124.jpg","articleSection":["Analitika"],"inLanguage":"az"},{"@type":"WebPage","@id":"https:\/\/www.meydan.tv\/az\/article\/lavrov-azerbaycanin-maraqlarina-cavab-vermeyen-movqe-sergileyib\/","url":"https:\/\/www.meydan.tv\/az\/article\/lavrov-azerbaycanin-maraqlarina-cavab-vermeyen-movqe-sergileyib\/","name":"''Lavrov Az\u0259rbaycan\u0131n maraqlar\u0131na cavab verm\u0259y\u0259n m\u00f6vqe s\u0259rgil\u0259yib'' - MEYDAN.TV","isPartOf":{"@id":"https:\/\/www.meydan.tv\/az\/#website"},"primaryImageOfPage":{"@id":"https:\/\/www.meydan.tv\/az\/article\/lavrov-azerbaycanin-maraqlarina-cavab-vermeyen-movqe-sergileyib\/#primaryimage"},"image":{"@id":"https:\/\/www.meydan.tv\/az\/article\/lavrov-azerbaycanin-maraqlarina-cavab-vermeyen-movqe-sergileyib\/#primaryimage"},"thumbnailUrl":"https:\/\/www.meydan.tv\/wp-content\/uploads\/30124.jpg","datePublished":"2017-01-17T15:15:53+00:00","breadcrumb":{"@id":"https:\/\/www.meydan.tv\/az\/article\/lavrov-azerbaycanin-maraqlarina-cavab-vermeyen-movqe-sergileyib\/#breadcrumb"},"inLanguage":"az","potentialAction":[{"@type":"ReadAction","target":["https:\/\/www.meydan.tv\/az\/article\/lavrov-azerbaycanin-maraqlarina-cavab-vermeyen-movqe-sergileyib\/"]}]},{"@type":"ImageObject","inLanguage":"az","@id":"https:\/\/www.meydan.tv\/az\/article\/lavrov-azerbaycanin-maraqlarina-cavab-vermeyen-movqe-sergileyib\/#primaryimage","url":"https:\/\/www.meydan.tv\/wp-content\/uploads\/30124.jpg","contentUrl":"https:\/\/www.meydan.tv\/wp-content\/uploads\/30124.jpg","width":750,"height":500,"caption":"Source:"},{"@type":"BreadcrumbList","@id":"https:\/\/www.meydan.tv\/az\/article\/lavrov-azerbaycanin-maraqlarina-cavab-vermeyen-movqe-sergileyib\/#breadcrumb","itemListElement":[{"@type":"ListItem","position":1,"name":"Ana s\u0259hif\u0259","item":"https:\/\/www.meydan.tv\/az\/"},{"@type":"ListItem","position":2,"name":"Analitika","item":"https:\/\/www.meydan.tv\/az\/section\/analitika\/"},{"@type":"ListItem","position":3,"name":"&#8221;Lavrov Az\u0259rbaycan\u0131n maraqlar\u0131na cavab verm\u0259y\u0259n m\u00f6vqe s\u0259rgil\u0259yib&#8221;"}]},{"@type":"WebSite","@id":"https:\/\/www.meydan.tv\/az\/#website","url":"https:\/\/www.meydan.tv\/az\/","name":"MEYDAN.TV","description":"Meydan TV Az\u0259rbaycan\u0131n media m\u0259kan\u0131ndak\u0131 alternativ s\u0259sidir","publisher":{"@id":"https:\/\/www.meydan.tv\/az\/#organization"},"potentialAction":[{"@type":"SearchAction","target":{"@type":"EntryPoint","urlTemplate":"https:\/\/www.meydan.tv\/az\/?s={search_term_string}"},"query-input":{"@type":"PropertyValueSpecification","valueRequired":true,"valueName":"search_term_string"}}],"inLanguage":"az"},{"@type":"Organization","@id":"https:\/\/www.meydan.tv\/az\/#organization","name":"Meydan TV","url":"https:\/\/www.meydan.tv\/az\/","logo":{"@type":"ImageObject","inLanguage":"az","@id":"https:\/\/www.meydan.tv\/az\/#\/schema\/logo\/image\/","url":"https:\/\/www.meydan.tv\/wp-content\/uploads\/2021\/07\/meydan-logo.svg","contentUrl":"https:\/\/www.meydan.tv\/wp-content\/uploads\/2021\/07\/meydan-logo.svg","width":195,"height":46,"caption":"Meydan TV"},"image":{"@id":"https:\/\/www.meydan.tv\/az\/#\/schema\/logo\/image\/"}},{"@type":"Person","@id":"https:\/\/www.meydan.tv\/az\/#\/schema\/person\/10d11eccf6da3662cf5fdab9806ea91a","name":"user-manager"}]}},"_links":{"self":[{"href":"https:\/\/www.meydan.tv\/az\/wp-json\/wp\/v2\/posts\/181942","targetHints":{"allow":["GET"]}}],"collection":[{"href":"https:\/\/www.meydan.tv\/az\/wp-json\/wp\/v2\/posts"}],"about":[{"href":"https:\/\/www.meydan.tv\/az\/wp-json\/wp\/v2\/types\/post"}],"author":[{"embeddable":true,"href":"https:\/\/www.meydan.tv\/az\/wp-json\/wp\/v2\/users\/11"}],"replies":[{"embeddable":true,"href":"https:\/\/www.meydan.tv\/az\/wp-json\/wp\/v2\/comments?post=181942"}],"version-history":[{"count":0,"href":"https:\/\/www.meydan.tv\/az\/wp-json\/wp\/v2\/posts\/181942\/revisions"}],"wp:featuredmedia":[{"embeddable":true,"href":"https:\/\/www.meydan.tv\/az\/wp-json\/wp\/v2\/media\/77614"}],"wp:attachment":[{"href":"https:\/\/www.meydan.tv\/az\/wp-json\/wp\/v2\/media?parent=181942"}],"wp:term":[{"taxonomy":"category","embeddable":true,"href":"https:\/\/www.meydan.tv\/az\/wp-json\/wp\/v2\/categories?post=181942"},{"taxonomy":"post_tag","embeddable":true,"href":"https:\/\/www.meydan.tv\/az\/wp-json\/wp\/v2\/tags?post=181942"}],"curies":[{"name":"wp","href":"https:\/\/api.w.org\/{rel}","templated":true}]}}