{"id":181908,"date":"2017-01-16T14:14:59","date_gmt":"2017-01-16T14:14:59","guid":{"rendered":"https:\/\/www.meydan.tv\/article\/kend-teserrufatinin-yol-xeritesi-iv-yazi\/"},"modified":"2017-01-16T14:14:59","modified_gmt":"2017-01-16T14:14:59","slug":"kend-teserrufatinin-yol-xeritesi-iv-yazi","status":"publish","type":"post","link":"https:\/\/www.meydan.tv\/az\/article\/kend-teserrufatinin-yol-xeritesi-iv-yazi\/","title":{"rendered":"K\u0259nd t\u0259s\u0259rr\u00fcfat\u0131n\u0131n yol x\u0259rit\u0259si \u2013 IV yaz\u0131"},"content":{"rendered":"<figure class=\"wp-block-image size-large\">\n  <img decoding=\"async\" src=\"https:\/\/www.meydan.tv\/az\/58429\/\" alt=\"\" class=\"wp-image-58429\"\/><figcaption><\/figcaption><\/figure>\n<p>\n  Prezidentin 6 dekabr tarixli F\u0259rman\u0131 il\u0259 t\u0259sdiq edilmi\u015f 12 strateji yol x\u0259rit\u0259sind\u0259n biri \u201cAz\u0259rbaycan Respublikas\u0131nda k\u0259nd t\u0259s\u0259rr\u00fcfat\u0131 m\u0259hsullar\u0131n\u0131n istehsal\u0131na v\u0259 emal\u0131na dair\u201d dir. H\u0259cmin\u0259 g\u00f6r\u0259 \u0259n b\u00f6y\u00fck, 177 s\u0259hif\u0259lik \u00a0x\u0259rit\u0259dir. \u018fh\u0259miyy\u0259ti v\u0259 ona b\u0259sl\u0259nil\u0259n \u00fcmidl\u0259r b\u00f6y\u00fckd\u00fcr. \u00c7\u00fcnki \u00f6lk\u0259nin \u0259rzaq t\u0259hl\u00fck\u0259sizliyi v\u0259 idxaldan as\u0131l\u0131l\u0131\u011f\u0131n\u0131n azald\u0131lmas\u0131 \u00e7ox vacibdir.\n<\/p>\n<p>\n  Lakin s\u0259n\u0259din yegan\u0259 \u00fcst\u00fcnl\u00fcy\u00fc el\u0259 h\u0259cmidir, \u00fcmum\u0259n indiy\u0259d\u0259k \u015f\u0259rh etdiyim dig\u0259r 3 x\u0259rit\u0259d\u0259n d\u0259 b\u0259sit v\u0259 qeyri-konkretdir. \u0130ngilisl\u0259r demi\u015fk\u0259n: \u201cBla-bla-bla!\u201d. Sanki SSR\u0130-nin inzibati amirlik sisteminin D\u00f6vl\u0259t Plan\u0131ndan xortlay\u0131b g\u0259lib: \u201cbunu d\u0259st\u0259kl\u0259y\u0259c\u0259yik, o birisini stimulla\u015fd\u0131raca\u011f\u0131q, \u00fc\u00e7\u00fcnc\u00fcs\u00fcn\u00fc t\u0259\u015fviq ed\u0259c\u0259yik, dig\u0259rini inki\u015faf etdir\u0259c\u0259yik\u201d v\u0259 s. N\u0259tic\u0259d\u0259 bu v\u0259 bu olacaq, \u0259la ya\u015fayaca\u011f\u0131q.\n<\/p>\n<p>\n  Deyilir ki, 2020-ci ild\u0259 s\u0131rf aqrar sah\u0259nin hesab\u0131na \u00dcDM 1,235 mlrd. manat artacaq, \u201cMade in Azerbaijan\u201d brendi yarad\u0131lacaq v\u0259 s. Sanki tostlar m\u0259cmu\u0259sidir. H\u0259l\u0259 arada b\u0259zi m\u0259s\u0259l\u0259l\u0259r \u00fczr\u0259 \u201cayr\u0131ca proqramlar, plan v\u0259 ya strategiyalar haz\u0131rlanacaq\u201d, &#8211; dey\u0259 vur\u011fulan\u0131r. 177 s\u0259hif\u0259 azd\u0131r, yen\u0259 yazacaqlar!\n<\/p>\n<p>\n  X\u0259rit\u0259nin bazar iqtisadiyyat\u0131na aidiyyat\u0131 azd\u0131r. \u00c7\u00fcnki oradak\u0131 planlar\u0131n institusional d\u0259st\u0259yi (m\u00fclkiyy\u0259t h\u00fcququ v\u0259 r\u0259qab\u0259tin m\u00fcdafi\u0259si v\u0259 s.) haqda he\u00e7 n\u0259 deyilmir. M\u0259s\u0259l\u0259n, k\u0259nd t\u0259s\u0259rr\u00fcfat\u0131nda kooperasiyan\u0131n inki\u015faf\u0131 haqda xeyli dan\u0131\u015f\u0131l\u0131r. H\u0259qiq\u0259t\u0259n laz\u0131ml\u0131 \u015feydir! Amma qanunlar i\u015fl\u0259mirs\u0259, m\u0259hk\u0259m\u0259l\u0259r \u0259dal\u0259tsizdirs\u0259, \u0259minlik hissi olmad\u0131\u011f\u0131ndan insanlar birg\u0259 f\u0259aliyy\u0259t g\u00f6st\u0259rm\u0259y\u0259c\u0259k: bir-birin\u0259, d\u00f6vl\u0259t\u0259 etimad yoxdur ax\u0131. Kooperativl\u0259r haqda da normal qanunvericilik yoxdur, sahibkarlar\u0131n torpaqlar\u0131 yerli icra ba\u015f\u00e7\u0131lar\u0131 t\u0259r\u0259find\u0259n keyfl\u0259ri ist\u0259y\u0259nd\u0259 z\u0259bt olunur, \u201cAz\u0259ri\u015f\u0131q\u201d kimi t\u0259\u015fkilatlar inhisar\u00e7\u0131 v\u0259ziyy\u0259tind\u0259n sui-istifad\u0259 ed\u0259r\u0259k sahibkarlar\u0131n ba\u015f\u0131na oyun a\u00e7\u0131r. Bu m\u0259s\u0259l\u0259l\u0259r h\u0259ll olunmasa, dig\u0259rl\u0259rinin \u0259h\u0259miyy\u0259ti yoxdur!\n<\/p>\n<p>\n  D\u00fczd\u00fcr, s\u0259n\u0259dd\u0259 d\u00fcnyadak\u0131 v\u0259 Az\u0259rbaycandak\u0131 statistikan\u0131n (etimad edib-etm\u0259m\u0259k ba\u015fqa m\u0259s\u0259l\u0259dir) v\u0259 trendl\u0259rin t\u0259hlili maraql\u0131d\u0131r. M\u0259s\u0259l\u0259n, orada deyilir ki, bitki\u00e7ilik sah\u0259sind\u0259 g\u00f6st\u0259ricimiz \u00fcmumi d\u00fcnya g\u00f6st\u0259ricisind\u0259n a\u015fa\u011f\u0131, heyvandarl\u0131q sah\u0259sind\u0259 is\u0259 \u0259ksin\u0259, \u0259sasl\u0131 \u015f\u0259kild\u0259 yuxar\u0131d\u0131r. Aqrar t\u0259s\u0259rr\u00fcfat\u0131m\u0131z\u0131n ekstensiv istehsal \u00fcsulu il\u0259 i\u015fl\u0259m\u0259si d\u0259 d\u0259f\u0259l\u0259rl\u0259 vur\u011fulan\u0131r. Z\u0259if t\u0259r\u0259fl\u0259rimizin g\u00fccl\u00fc t\u0259r\u0259fl\u0259rimizd\u0259n xeyli \u00e7ox olmas\u0131 41-42-ci s\u0259hif\u0259l\u0259rd\u0259 a\u00e7\u0131q-a\u015fkar g\u00f6st\u0259rilib. Y\u0259ni \u00f6z\u00fcn\u00fct\u0259nqid az deyil v\u0259 bu, yax\u015f\u0131 hald\u0131r. Amma b\u0259zi m\u0259s\u0259l\u0259l\u0259rd\u0259 s\u0259mimiyy\u0259t yoxdur. M\u0259s\u0259l\u0259n, k\u0259nd t\u0259s\u0259rr\u00fcfat\u0131na ayr\u0131lm\u0131\u015f kreditl\u0259r \u00fczr\u0259 r\u0259q\u0259ml\u0259r h\u0259qiq\u0259ti \u0259ks etdirmir, \u00e7\u00fcnki h\u0259min v\u0259saitin xeyli hiss\u0259si \u201c\u015fapka\u201dya, r\u00fc\u015fv\u0259t\u0259 gedib, bir s\u00f6zl\u0259, o\u011furlan\u0131b. Buna g\u00f6r\u0259 d\u0259, X\u0259rit\u0259d\u0259 n\u00f6vb\u0259ti b\u00fcrokratik qurumlar\u0131n (\u018frzaq T\u0259hl\u00fck\u0259sizliyi Komissiyas\u0131 v\u0259 s.) yarad\u0131lmas\u0131 t\u0259klifl\u0259ri narahatl\u0131\u011f\u0131 daha da art\u0131r\u0131r.\n<\/p>\n<p>\n  \u00dcmumiyy\u0259tl\u0259 s\u0259n\u0259di oxuyanda yegan\u0259 \u00fcmid yerimizin Rusiya oldu\u011fu t\u0259\u0259ss\u00fcrat\u0131 yaran\u0131r: Rusiya bazar\u0131 b\u00f6y\u00fckd\u00fcr, k\u0259nd t\u0259s\u0259rr\u00fcfat\u0131 m\u0259hsullar\u0131na ehtiyac\u0131 \u00e7oxdur, g\u0259lin pomidor, xiyar, xurma, gilas, alma, f\u0131nd\u0131\u011f\u0131n ixrac\u0131n\u0131 art\u0131raq. Arada bir ne\u00e7\u0259 d\u0259f\u0259 \u0130ran, h\u0259rd\u0259n Avropa da xat\u0131rlan\u0131r. M\u0259s\u0259l\u0259n, Rusiya haz\u0131rda Q\u0259rb sanksiyalar\u0131na g\u00f6r\u0259 \u00f6z istehsal\u0131n\u0131 art\u0131rm\u0131r. Ax\u0131 X\u0259rit\u0259nin \u00f6z\u00fcnd\u0259 d\u0259 deyilir: \u201cRusiya Az\u0259rbaycan\u0131n idxal etdiyi \u0259sas 10 m\u0259hsul \u00fczr\u0259 apar\u0131c\u0131 ixracat\u00e7\u0131 olub, Az\u0259rbaycanda bu m\u0259hsullara t\u0259l\u0259bat\u0131n dem\u0259k olar ki, 37 faizini \u00f6d\u0259yir\u201d. B\u0259s a\u011fl\u0131m\u0131za g\u0259lmir ki, Rusiya da y\u0259qin biz\u0259 \u00f6z ixrac\u0131n\u0131 art\u0131rmaq ist\u0259yir? B\u0259lk\u0259 \u0259vv\u0259lc\u0259 \u00f6z\u00fcm\u00fcz\u00fc t\u0259min ed\u0259k. \u0130dxala l\u00fczum qalmas\u0131n?! \u00d6z\u00fcm\u00fcz\u00fc normal t\u0259min ed\u0259 bilmirik, d\u00fcnyaya meydan oxuyuruq&#8230;\n<\/p>\n<p>\n  T\u0259kc\u0259, bu X\u0259rit\u0259nin icras\u0131na 1,17 mlrd. manat v\u0259sait x\u0259rcl\u0259n\u0259c\u0259k&#8230;<\/p>\n","protected":false},"excerpt":{"rendered":"<p>Prezidentin 6 dekabr tarixli F\u0259rman\u0131 il\u0259 t\u0259sdiq edilmi\u015f 12 strateji &#8230; <\/p>\n<p class=\"read-more-container\"><a title=\"K\u0259nd t\u0259s\u0259rr\u00fcfat\u0131n\u0131n yol x\u0259rit\u0259si \u2013 IV yaz\u0131\" class=\"read-more button\" href=\"https:\/\/www.meydan.tv\/az\/article\/kend-teserrufatinin-yol-xeritesi-iv-yazi\/#more-181908\" aria-label=\"Read more about K\u0259nd t\u0259s\u0259rr\u00fcfat\u0131n\u0131n yol x\u0259rit\u0259si \u2013 IV yaz\u0131\">Davam\u0131<\/a><\/p>\n","protected":false},"author":11,"featured_media":58429,"comment_status":"closed","ping_status":"open","sticky":false,"template":"","format":"standard","meta":{"_acf_changed":false,"_sitemap_exclude":false,"_sitemap_priority":"","_sitemap_frequency":"","footnotes":""},"categories":[51],"tags":[],"class_list":["post-181908","post","type-post","status-publish","format-standard","has-post-thumbnail","hentry","category-analitika","infinite-scroll-item","generate-columns","tablet-grid-50","mobile-grid-100","grid-parent","grid-33","no-featured-image-padding"],"acf":[],"yoast_head":"<!-- This site is optimized with the Yoast SEO plugin v27.5 - https:\/\/yoast.com\/product\/yoast-seo-wordpress\/ -->\n<title>K\u0259nd t\u0259s\u0259rr\u00fcfat\u0131n\u0131n yol x\u0259rit\u0259si \u2013 IV yaz\u0131 - MEYDAN.TV<\/title>\n<meta name=\"robots\" content=\"index, follow, max-snippet:-1, max-image-preview:large, max-video-preview:-1\" \/>\n<link rel=\"canonical\" href=\"https:\/\/www.meydan.tv\/az\/article\/kend-teserrufatinin-yol-xeritesi-iv-yazi\/\" \/>\n<meta property=\"og:locale\" content=\"az_AZ\" \/>\n<meta property=\"og:type\" content=\"article\" \/>\n<meta property=\"og:title\" content=\"K\u0259nd t\u0259s\u0259rr\u00fcfat\u0131n\u0131n yol x\u0259rit\u0259si \u2013 IV yaz\u0131 - MEYDAN.TV\" \/>\n<meta property=\"og:description\" content=\"Prezidentin 6 dekabr tarixli F\u0259rman\u0131 il\u0259 t\u0259sdiq edilmi\u015f 12 strateji ... Davam\u0131\" \/>\n<meta property=\"og:url\" content=\"https:\/\/www.meydan.tv\/az\/article\/kend-teserrufatinin-yol-xeritesi-iv-yazi\/\" \/>\n<meta property=\"og:site_name\" content=\"MEYDAN.TV\" \/>\n<meta property=\"article:published_time\" content=\"2017-01-16T14:14:59+00:00\" \/>\n<meta property=\"og:image\" content=\"https:\/\/www.meydan.tv\/wp-content\/uploads\/22166.jpg\" \/>\n\t<meta property=\"og:image:width\" content=\"624\" \/>\n\t<meta property=\"og:image:height\" content=\"351\" \/>\n\t<meta property=\"og:image:type\" content=\"image\/jpeg\" \/>\n<meta name=\"author\" content=\"user-manager\" \/>\n<meta name=\"twitter:card\" content=\"summary_large_image\" \/>\n<script type=\"application\/ld+json\" class=\"yoast-schema-graph\">{\"@context\":\"https:\\\/\\\/schema.org\",\"@graph\":[{\"@type\":\"Article\",\"@id\":\"https:\\\/\\\/www.meydan.tv\\\/az\\\/article\\\/kend-teserrufatinin-yol-xeritesi-iv-yazi\\\/#article\",\"isPartOf\":{\"@id\":\"https:\\\/\\\/www.meydan.tv\\\/az\\\/article\\\/kend-teserrufatinin-yol-xeritesi-iv-yazi\\\/\"},\"author\":{\"name\":\"user-manager\",\"@id\":\"https:\\\/\\\/www.meydan.tv\\\/az\\\/#\\\/schema\\\/person\\\/10d11eccf6da3662cf5fdab9806ea91a\"},\"headline\":\"K\u0259nd t\u0259s\u0259rr\u00fcfat\u0131n\u0131n yol x\u0259rit\u0259si \u2013 IV yaz\u0131\",\"datePublished\":\"2017-01-16T14:14:59+00:00\",\"mainEntityOfPage\":{\"@id\":\"https:\\\/\\\/www.meydan.tv\\\/az\\\/article\\\/kend-teserrufatinin-yol-xeritesi-iv-yazi\\\/\"},\"wordCount\":814,\"publisher\":{\"@id\":\"https:\\\/\\\/www.meydan.tv\\\/az\\\/#organization\"},\"image\":{\"@id\":\"https:\\\/\\\/www.meydan.tv\\\/az\\\/article\\\/kend-teserrufatinin-yol-xeritesi-iv-yazi\\\/#primaryimage\"},\"thumbnailUrl\":\"https:\\\/\\\/www.meydan.tv\\\/wp-content\\\/uploads\\\/22166.jpg\",\"articleSection\":[\"Analitika\"],\"inLanguage\":\"az\"},{\"@type\":\"WebPage\",\"@id\":\"https:\\\/\\\/www.meydan.tv\\\/az\\\/article\\\/kend-teserrufatinin-yol-xeritesi-iv-yazi\\\/\",\"url\":\"https:\\\/\\\/www.meydan.tv\\\/az\\\/article\\\/kend-teserrufatinin-yol-xeritesi-iv-yazi\\\/\",\"name\":\"K\u0259nd t\u0259s\u0259rr\u00fcfat\u0131n\u0131n yol x\u0259rit\u0259si \u2013 IV yaz\u0131 - MEYDAN.TV\",\"isPartOf\":{\"@id\":\"https:\\\/\\\/www.meydan.tv\\\/az\\\/#website\"},\"primaryImageOfPage\":{\"@id\":\"https:\\\/\\\/www.meydan.tv\\\/az\\\/article\\\/kend-teserrufatinin-yol-xeritesi-iv-yazi\\\/#primaryimage\"},\"image\":{\"@id\":\"https:\\\/\\\/www.meydan.tv\\\/az\\\/article\\\/kend-teserrufatinin-yol-xeritesi-iv-yazi\\\/#primaryimage\"},\"thumbnailUrl\":\"https:\\\/\\\/www.meydan.tv\\\/wp-content\\\/uploads\\\/22166.jpg\",\"datePublished\":\"2017-01-16T14:14:59+00:00\",\"breadcrumb\":{\"@id\":\"https:\\\/\\\/www.meydan.tv\\\/az\\\/article\\\/kend-teserrufatinin-yol-xeritesi-iv-yazi\\\/#breadcrumb\"},\"inLanguage\":\"az\",\"potentialAction\":[{\"@type\":\"ReadAction\",\"target\":[\"https:\\\/\\\/www.meydan.tv\\\/az\\\/article\\\/kend-teserrufatinin-yol-xeritesi-iv-yazi\\\/\"]}]},{\"@type\":\"ImageObject\",\"inLanguage\":\"az\",\"@id\":\"https:\\\/\\\/www.meydan.tv\\\/az\\\/article\\\/kend-teserrufatinin-yol-xeritesi-iv-yazi\\\/#primaryimage\",\"url\":\"https:\\\/\\\/www.meydan.tv\\\/wp-content\\\/uploads\\\/22166.jpg\",\"contentUrl\":\"https:\\\/\\\/www.meydan.tv\\\/wp-content\\\/uploads\\\/22166.jpg\",\"width\":624,\"height\":351,\"caption\":\"Source:\"},{\"@type\":\"BreadcrumbList\",\"@id\":\"https:\\\/\\\/www.meydan.tv\\\/az\\\/article\\\/kend-teserrufatinin-yol-xeritesi-iv-yazi\\\/#breadcrumb\",\"itemListElement\":[{\"@type\":\"ListItem\",\"position\":1,\"name\":\"Ana s\u0259hif\u0259\",\"item\":\"https:\\\/\\\/www.meydan.tv\\\/az\\\/\"},{\"@type\":\"ListItem\",\"position\":2,\"name\":\"Analitika\",\"item\":\"https:\\\/\\\/www.meydan.tv\\\/az\\\/section\\\/analitika\\\/\"},{\"@type\":\"ListItem\",\"position\":3,\"name\":\"K\u0259nd t\u0259s\u0259rr\u00fcfat\u0131n\u0131n yol x\u0259rit\u0259si \u2013 IV yaz\u0131\"}]},{\"@type\":\"WebSite\",\"@id\":\"https:\\\/\\\/www.meydan.tv\\\/az\\\/#website\",\"url\":\"https:\\\/\\\/www.meydan.tv\\\/az\\\/\",\"name\":\"MEYDAN.TV\",\"description\":\"Meydan TV Az\u0259rbaycan\u0131n media m\u0259kan\u0131ndak\u0131 alternativ s\u0259sidir\",\"publisher\":{\"@id\":\"https:\\\/\\\/www.meydan.tv\\\/az\\\/#organization\"},\"potentialAction\":[{\"@type\":\"SearchAction\",\"target\":{\"@type\":\"EntryPoint\",\"urlTemplate\":\"https:\\\/\\\/www.meydan.tv\\\/az\\\/?s={search_term_string}\"},\"query-input\":{\"@type\":\"PropertyValueSpecification\",\"valueRequired\":true,\"valueName\":\"search_term_string\"}}],\"inLanguage\":\"az\"},{\"@type\":\"Organization\",\"@id\":\"https:\\\/\\\/www.meydan.tv\\\/az\\\/#organization\",\"name\":\"Meydan TV\",\"url\":\"https:\\\/\\\/www.meydan.tv\\\/az\\\/\",\"logo\":{\"@type\":\"ImageObject\",\"inLanguage\":\"az\",\"@id\":\"https:\\\/\\\/www.meydan.tv\\\/az\\\/#\\\/schema\\\/logo\\\/image\\\/\",\"url\":\"https:\\\/\\\/www.meydan.tv\\\/wp-content\\\/uploads\\\/2021\\\/07\\\/meydan-logo.svg\",\"contentUrl\":\"https:\\\/\\\/www.meydan.tv\\\/wp-content\\\/uploads\\\/2021\\\/07\\\/meydan-logo.svg\",\"width\":195,\"height\":46,\"caption\":\"Meydan TV\"},\"image\":{\"@id\":\"https:\\\/\\\/www.meydan.tv\\\/az\\\/#\\\/schema\\\/logo\\\/image\\\/\"}},{\"@type\":\"Person\",\"@id\":\"https:\\\/\\\/www.meydan.tv\\\/az\\\/#\\\/schema\\\/person\\\/10d11eccf6da3662cf5fdab9806ea91a\",\"name\":\"user-manager\"}]}<\/script>\n<!-- \/ Yoast SEO plugin. -->","yoast_head_json":{"title":"K\u0259nd t\u0259s\u0259rr\u00fcfat\u0131n\u0131n yol x\u0259rit\u0259si \u2013 IV yaz\u0131 - MEYDAN.TV","robots":{"index":"index","follow":"follow","max-snippet":"max-snippet:-1","max-image-preview":"max-image-preview:large","max-video-preview":"max-video-preview:-1"},"canonical":"https:\/\/www.meydan.tv\/az\/article\/kend-teserrufatinin-yol-xeritesi-iv-yazi\/","og_locale":"az_AZ","og_type":"article","og_title":"K\u0259nd t\u0259s\u0259rr\u00fcfat\u0131n\u0131n yol x\u0259rit\u0259si \u2013 IV yaz\u0131 - MEYDAN.TV","og_description":"Prezidentin 6 dekabr tarixli F\u0259rman\u0131 il\u0259 t\u0259sdiq edilmi\u015f 12 strateji ... Davam\u0131","og_url":"https:\/\/www.meydan.tv\/az\/article\/kend-teserrufatinin-yol-xeritesi-iv-yazi\/","og_site_name":"MEYDAN.TV","article_published_time":"2017-01-16T14:14:59+00:00","og_image":[{"width":624,"height":351,"url":"https:\/\/www.meydan.tv\/wp-content\/uploads\/22166.jpg","type":"image\/jpeg"}],"author":"user-manager","twitter_card":"summary_large_image","schema":{"@context":"https:\/\/schema.org","@graph":[{"@type":"Article","@id":"https:\/\/www.meydan.tv\/az\/article\/kend-teserrufatinin-yol-xeritesi-iv-yazi\/#article","isPartOf":{"@id":"https:\/\/www.meydan.tv\/az\/article\/kend-teserrufatinin-yol-xeritesi-iv-yazi\/"},"author":{"name":"user-manager","@id":"https:\/\/www.meydan.tv\/az\/#\/schema\/person\/10d11eccf6da3662cf5fdab9806ea91a"},"headline":"K\u0259nd t\u0259s\u0259rr\u00fcfat\u0131n\u0131n yol x\u0259rit\u0259si \u2013 IV yaz\u0131","datePublished":"2017-01-16T14:14:59+00:00","mainEntityOfPage":{"@id":"https:\/\/www.meydan.tv\/az\/article\/kend-teserrufatinin-yol-xeritesi-iv-yazi\/"},"wordCount":814,"publisher":{"@id":"https:\/\/www.meydan.tv\/az\/#organization"},"image":{"@id":"https:\/\/www.meydan.tv\/az\/article\/kend-teserrufatinin-yol-xeritesi-iv-yazi\/#primaryimage"},"thumbnailUrl":"https:\/\/www.meydan.tv\/wp-content\/uploads\/22166.jpg","articleSection":["Analitika"],"inLanguage":"az"},{"@type":"WebPage","@id":"https:\/\/www.meydan.tv\/az\/article\/kend-teserrufatinin-yol-xeritesi-iv-yazi\/","url":"https:\/\/www.meydan.tv\/az\/article\/kend-teserrufatinin-yol-xeritesi-iv-yazi\/","name":"K\u0259nd t\u0259s\u0259rr\u00fcfat\u0131n\u0131n yol x\u0259rit\u0259si \u2013 IV yaz\u0131 - MEYDAN.TV","isPartOf":{"@id":"https:\/\/www.meydan.tv\/az\/#website"},"primaryImageOfPage":{"@id":"https:\/\/www.meydan.tv\/az\/article\/kend-teserrufatinin-yol-xeritesi-iv-yazi\/#primaryimage"},"image":{"@id":"https:\/\/www.meydan.tv\/az\/article\/kend-teserrufatinin-yol-xeritesi-iv-yazi\/#primaryimage"},"thumbnailUrl":"https:\/\/www.meydan.tv\/wp-content\/uploads\/22166.jpg","datePublished":"2017-01-16T14:14:59+00:00","breadcrumb":{"@id":"https:\/\/www.meydan.tv\/az\/article\/kend-teserrufatinin-yol-xeritesi-iv-yazi\/#breadcrumb"},"inLanguage":"az","potentialAction":[{"@type":"ReadAction","target":["https:\/\/www.meydan.tv\/az\/article\/kend-teserrufatinin-yol-xeritesi-iv-yazi\/"]}]},{"@type":"ImageObject","inLanguage":"az","@id":"https:\/\/www.meydan.tv\/az\/article\/kend-teserrufatinin-yol-xeritesi-iv-yazi\/#primaryimage","url":"https:\/\/www.meydan.tv\/wp-content\/uploads\/22166.jpg","contentUrl":"https:\/\/www.meydan.tv\/wp-content\/uploads\/22166.jpg","width":624,"height":351,"caption":"Source:"},{"@type":"BreadcrumbList","@id":"https:\/\/www.meydan.tv\/az\/article\/kend-teserrufatinin-yol-xeritesi-iv-yazi\/#breadcrumb","itemListElement":[{"@type":"ListItem","position":1,"name":"Ana s\u0259hif\u0259","item":"https:\/\/www.meydan.tv\/az\/"},{"@type":"ListItem","position":2,"name":"Analitika","item":"https:\/\/www.meydan.tv\/az\/section\/analitika\/"},{"@type":"ListItem","position":3,"name":"K\u0259nd t\u0259s\u0259rr\u00fcfat\u0131n\u0131n yol x\u0259rit\u0259si \u2013 IV yaz\u0131"}]},{"@type":"WebSite","@id":"https:\/\/www.meydan.tv\/az\/#website","url":"https:\/\/www.meydan.tv\/az\/","name":"MEYDAN.TV","description":"Meydan TV Az\u0259rbaycan\u0131n media m\u0259kan\u0131ndak\u0131 alternativ s\u0259sidir","publisher":{"@id":"https:\/\/www.meydan.tv\/az\/#organization"},"potentialAction":[{"@type":"SearchAction","target":{"@type":"EntryPoint","urlTemplate":"https:\/\/www.meydan.tv\/az\/?s={search_term_string}"},"query-input":{"@type":"PropertyValueSpecification","valueRequired":true,"valueName":"search_term_string"}}],"inLanguage":"az"},{"@type":"Organization","@id":"https:\/\/www.meydan.tv\/az\/#organization","name":"Meydan TV","url":"https:\/\/www.meydan.tv\/az\/","logo":{"@type":"ImageObject","inLanguage":"az","@id":"https:\/\/www.meydan.tv\/az\/#\/schema\/logo\/image\/","url":"https:\/\/www.meydan.tv\/wp-content\/uploads\/2021\/07\/meydan-logo.svg","contentUrl":"https:\/\/www.meydan.tv\/wp-content\/uploads\/2021\/07\/meydan-logo.svg","width":195,"height":46,"caption":"Meydan TV"},"image":{"@id":"https:\/\/www.meydan.tv\/az\/#\/schema\/logo\/image\/"}},{"@type":"Person","@id":"https:\/\/www.meydan.tv\/az\/#\/schema\/person\/10d11eccf6da3662cf5fdab9806ea91a","name":"user-manager"}]}},"_links":{"self":[{"href":"https:\/\/www.meydan.tv\/az\/wp-json\/wp\/v2\/posts\/181908","targetHints":{"allow":["GET"]}}],"collection":[{"href":"https:\/\/www.meydan.tv\/az\/wp-json\/wp\/v2\/posts"}],"about":[{"href":"https:\/\/www.meydan.tv\/az\/wp-json\/wp\/v2\/types\/post"}],"author":[{"embeddable":true,"href":"https:\/\/www.meydan.tv\/az\/wp-json\/wp\/v2\/users\/11"}],"replies":[{"embeddable":true,"href":"https:\/\/www.meydan.tv\/az\/wp-json\/wp\/v2\/comments?post=181908"}],"version-history":[{"count":0,"href":"https:\/\/www.meydan.tv\/az\/wp-json\/wp\/v2\/posts\/181908\/revisions"}],"wp:featuredmedia":[{"embeddable":true,"href":"https:\/\/www.meydan.tv\/az\/wp-json\/wp\/v2\/media\/58429"}],"wp:attachment":[{"href":"https:\/\/www.meydan.tv\/az\/wp-json\/wp\/v2\/media?parent=181908"}],"wp:term":[{"taxonomy":"category","embeddable":true,"href":"https:\/\/www.meydan.tv\/az\/wp-json\/wp\/v2\/categories?post=181908"},{"taxonomy":"post_tag","embeddable":true,"href":"https:\/\/www.meydan.tv\/az\/wp-json\/wp\/v2\/tags?post=181908"}],"curies":[{"name":"wp","href":"https:\/\/api.w.org\/{rel}","templated":true}]}}