{"id":181900,"date":"2017-01-16T12:22:16","date_gmt":"2017-01-16T12:22:16","guid":{"rendered":"https:\/\/www.meydan.tv\/article\/azerbaycan-ehalisi-nece-tebeqelesib\/"},"modified":"2017-01-16T12:22:16","modified_gmt":"2017-01-16T12:22:16","slug":"azerbaycan-ehalisi-nece-tebeqelesib","status":"publish","type":"post","link":"https:\/\/www.meydan.tv\/az\/article\/azerbaycan-ehalisi-nece-tebeqelesib\/","title":{"rendered":"Az\u0259rbaycan \u0259halisi nec\u0259 t\u0259b\u0259q\u0259l\u0259\u015fib?"},"content":{"rendered":"<figure class=\"wp-block-image size-large\">\n  <img decoding=\"async\" src=\"https:\/\/www.meydan.tv\/az\/74154\/\" alt=\"\" class=\"wp-image-74154\"\/><figcaption><\/figcaption><\/figure>\n<p>\n  M\u00fc\u015fahid\u0259 v\u0259 t\u0259hlill\u0259r\u0259 g\u00f6r\u0259 iqtisadi b\u00f6hran d\u00f6vr\u00fcnd\u0259 Az\u0259rbaycanda ya\u015fayan \u0259halini 6 qrupa b\u00f6lm\u0259k olar. Birinci qrup ifrat z\u0259nginl\u0259rdir. Onlar h\u0259r il xarici \u00f6lk\u0259l\u0259rd\u0259 v\u0259 Az\u0259rbaycanda onlarla villa, biznes al\u0131r, h\u0259r r\u00fcb d\u0259bd\u0259b\u0259li istirah\u0259t yerl\u0259rini, h\u0259r ay bahal\u0131 avtomobill\u0259rini, h\u0259r h\u0259ft\u0259 yeni model telefonlar\u0131n\u0131, h\u0259r g\u00fcn t\u0259z\u0259 d\u0259b\u0259 uy\u011fun brend geyiml\u0259rini, g\u00fcnd\u0259 az\u0131 iki d\u0259f\u0259 getdikl\u0259ri elit restoranlar\u0131n\u0131 d\u0259yi\u015firl\u0259r. Bu insanlar \u0259vv\u0259lkind\u0259n d\u0259 d\u00f6vl\u0259tli ya\u015fay\u0131r, korrupsiya il\u0259 xaricd\u0259 v\u0259 daxild\u0259 malik olduqlar\u0131 biznes hesab\u0131na s\u0259rv\u0259tl\u0259rini daim art\u0131r\u0131rlar. \u00c7oxunun ail\u0259 \u00fczvl\u0259ri Avropa Birliyin\u0259 \u00fczv olan \u00f6lk\u0259l\u0259rin, Britaniya v\u0259 AB\u015e-\u0131n v\u0259t\u0259nda\u015flar\u0131d\u0131r. \u00d6vladlar\u0131n\u0131n t\u0259hsill\u0259ri, \u00f6zl\u0259rinin tibbi m\u00fcayin\u0259 v\u0259 m\u00fcalic\u0259l\u0259ri d\u0259 xarici \u00f6lk\u0259l\u0259rin tan\u0131nm\u0131\u015f \u00f6z\u0259l kilinikalar\u0131ndad\u0131r. Toplam kapital y\u0131\u011f\u0131mlar\u0131 dollar ifad\u0259sind\u0259 Az\u0259rbaycan\u0131n cari il d\u00f6vl\u0259t b\u00fcdc\u0259sinin 10 mislin\u0259 b\u0259rab\u0259rdir. Onlar\u0131n \u00fcmumu \u0259hali say\u0131nda x\u00fcsusi \u00e7\u0259kisi 0,1 faiz\u0259 \u00e7atar.\n<\/p>\n<p>\n  \u0130kinci qrup sad\u0259c\u0259 z\u0259nginl\u0259rdir. Onlar h\u0259r il bahal\u0131 avtomobill\u0259rini, h\u0259r m\u00f6vsum istirah\u0259t yerl\u0259rini, h\u0259r ay yeni model telefonlar\u0131n\u0131, h\u0259r h\u0259ft\u0259 t\u0259z\u0259 d\u0259b\u0259 uy\u011fun geyiml\u0259rini, h\u0259r g\u00fcn elit restoranlar\u0131n\u0131 d\u0259yi\u015firl\u0259r. Z\u0259nginl\u0259rin say\u0131 ifrat z\u0259nginl\u0259rin say\u0131nda 50 d\u0259f\u0259y\u0259d\u0259k \u00e7ox olsa, kapital y\u0131\u011f\u0131mlar\u0131 cari il b\u00fcdc\u0259sinin g\u0259lirl\u0259rin\u0259 \u00e7atar.\n<\/p>\n<p>\n  \u00dc\u00e7\u00fcnc\u00fc qrup \u00f6z\u00fcn\u00fc orta t\u0259b\u0259q\u0259 hesab ed\u0259n iri sahibkarlar, m\u0259\u015fhur \u015firk\u0259tl\u0259rd\u0259 \u00e7al\u0131\u015fan menecerl\u0259rdir. Onlar iki ild\u0259n bir avtomobill\u0259rini, ild\u0259 bir d\u0259f\u0259 yeni model telefonlar\u0131n\u0131, h\u0259r m\u00f6vs\u00fcm orta s\u0259viyy\u0259li istirah\u0259t yerl\u0259rini, h\u0259r ay brend geyiml\u0259rini, h\u0259ft\u0259d\u0259 \u0259n az\u0131 2 d\u0259f\u0259 elit restoronlar\u0131n\u0131 d\u0259yi\u015firl\u0259r. Onlar\u0131n toplam kapital y\u0131\u011f\u0131mlar\u0131 dollar ifad\u0259sind\u0259 bu ilin d\u00f6vl\u0259t b\u00fcdc\u0259sinin 10 faizi s\u0259viyy\u0259sind\u0259 olar. \u00d6z\u00fcn\u00fc orta t\u0259b\u0259q\u0259 hesab ed\u0259nl\u0259rin say\u0131 \u0259halinin onda biri q\u0259d\u0259r ola bil\u0259r.\n<\/p>\n<p>\n  D\u00f6rd\u00fcnc\u00fc qrup orta t\u0259b\u0259q\u0259 il\u0259 yoxsullar aras\u0131nda ya\u015fayan orta v\u0259 a\u015fa\u011f\u0131 ranql\u0131 m\u0259murlar, ki\u00e7ik v\u0259 orta sahibkarlar, xarici \u015firk\u0259tl\u0259rd\u0259 \u00e7al\u0131\u015fanlar, h\u0259kiml\u0259r, v\u0259kill\u0259r, abituriyent haz\u0131rl\u0131\u011f\u0131 il\u0259 m\u0259\u015f\u011ful olan m\u00fc\u0259lliml\u0259r, beyn\u0259lxalq t\u0259\u015fkilatlarda \u00e7al\u0131\u015f\u0131b, xarici valyuta il\u0259 m\u0259vacib alanlard\u0131r. Onlar orta hesabla 5 ild\u0259n bir avtomobill\u0259rini, iki ild\u0259n bir telefonlar\u0131n\u0131, ild\u0259 bir d\u0259f\u0259 daxild\u0259 v\u0259 yaxud uzaq olmayan qon\u015fu \u00f6lk\u0259l\u0259rd\u0259 istirah\u0259t yerl\u0259rini, ild\u0259 iki d\u0259f\u0259 geyiml\u0259rini, ayda bir d\u0259f\u0259 restoranlar\u0131n\u0131 d\u0259yi\u015firl\u0259r. Onlar\u0131n toplam g\u0259lirl\u0259ri cari il d\u00f6vl\u0259t b\u00fcdc\u0259sinin 0,1 faizi q\u0259d\u0259r olar. Bu qrupa aid olanlar\u0131n say\u0131 \u0259halinin be\u015fd\u0259 biri q\u0259d\u0259rdir.\n<\/p>\n<p>\n  Be\u015finci qrup \u0259hali yoxsullard\u0131r. Onlar orta hesabla avtomobill\u0259rini 15, telefonlar\u0131n\u0131 10, geyiml\u0259rini 5 ild\u0259n bir d\u0259yi\u015firl\u0259r. H\u0259mkarlar \u0130ttifaq\u0131n\u0131n g\u00f6nd\u0259ri\u015fi il\u0259 ild\u0259 bir d\u0259f\u0259 m\u00fcalic\u0259 v\u0259 istirah\u0259t\u0259 gedir, restoranlar\u0131 da toylarda g\u00f6r\u00fcrl\u0259r. Onlar\u0131n y\u0131\u011f\u0131mlar\u0131 yoxdur, borclar\u0131 var. Yoxsullar\u0131n say\u0131 c\u0259mi \u0259halinin d\u00f6rd\u0259 biri q\u0259d\u0259r olar.\n<\/p>\n<p>\n  Sonuncu qrup \u0259hali is\u0259 ifrat yoxsullard\u0131r. Onlar\u0131n n\u0259 evl\u0259ri, n\u0259 avtomobill\u0259ri var. B\u0259zil\u0259rinin i\u015fi olsa da, maa\u015f\u0131 a\u015fa\u011f\u0131d\u0131r, kiray\u0259d\u0259 ya\u015fay\u0131r. Onlar aras\u0131nda i\u015f tapa bilm\u0259y\u0259nl\u0259r, sosial m\u00fcavin\u0259t, pensiya hesab\u0131na ya\u015fayanlar \u00e7oxluq t\u0259\u015fkil edir. Geyiml\u0259rini nadir hallarda d\u0259yi\u015fir v\u0259 yaxud he\u00e7 d\u0259yi\u015fmirl\u0259r. \u0130mkans\u0131zl\u0131qdan toylara ged\u0259 bilmirl\u0259r dey\u0259 restoran \u00fcz\u00fcn\u0259 h\u0259sr\u0259tdirl\u0259r. \u00c7oxunun adlar\u0131 d\u00fckanlarda nisy\u0259 d\u0259ft\u0259rl\u0259rind\u0259dir, daim borc i\u00e7ind\u0259 ya\u015fay\u0131rlar. \u0130frat yoxsullar\u0131n say\u0131 \u0259halinin \u00fc\u00e7d\u0259 biri q\u0259d\u0259r olar.\n<\/p><\/p>\n","protected":false},"excerpt":{"rendered":"<p>M\u00fc\u015fahid\u0259 v\u0259 t\u0259hlill\u0259r\u0259 g\u00f6r\u0259 iqtisadi b\u00f6hran d\u00f6vr\u00fcnd\u0259 Az\u0259rbaycanda ya\u015fayan \u0259halini &#8230; <\/p>\n<p class=\"read-more-container\"><a title=\"Az\u0259rbaycan \u0259halisi nec\u0259 t\u0259b\u0259q\u0259l\u0259\u015fib?\" class=\"read-more button\" href=\"https:\/\/www.meydan.tv\/az\/article\/azerbaycan-ehalisi-nece-tebeqelesib\/#more-181900\" aria-label=\"Read more about Az\u0259rbaycan \u0259halisi nec\u0259 t\u0259b\u0259q\u0259l\u0259\u015fib?\">Davam\u0131<\/a><\/p>\n","protected":false},"author":11,"featured_media":74154,"comment_status":"closed","ping_status":"open","sticky":false,"template":"","format":"standard","meta":{"_acf_changed":false,"_sitemap_exclude":false,"_sitemap_priority":"","_sitemap_frequency":"","footnotes":""},"categories":[51],"tags":[],"class_list":["post-181900","post","type-post","status-publish","format-standard","has-post-thumbnail","hentry","category-analitika","infinite-scroll-item","generate-columns","tablet-grid-50","mobile-grid-100","grid-parent","grid-33","no-featured-image-padding"],"acf":[],"yoast_head":"<!-- This site is optimized with the Yoast SEO plugin v27.5 - https:\/\/yoast.com\/product\/yoast-seo-wordpress\/ -->\n<title>Az\u0259rbaycan \u0259halisi nec\u0259 t\u0259b\u0259q\u0259l\u0259\u015fib? - MEYDAN.TV<\/title>\n<meta name=\"robots\" content=\"index, follow, max-snippet:-1, max-image-preview:large, max-video-preview:-1\" \/>\n<link rel=\"canonical\" href=\"https:\/\/www.meydan.tv\/az\/article\/azerbaycan-ehalisi-nece-tebeqelesib\/\" \/>\n<meta property=\"og:locale\" content=\"az_AZ\" \/>\n<meta property=\"og:type\" content=\"article\" \/>\n<meta property=\"og:title\" content=\"Az\u0259rbaycan \u0259halisi nec\u0259 t\u0259b\u0259q\u0259l\u0259\u015fib? - MEYDAN.TV\" \/>\n<meta property=\"og:description\" content=\"M\u00fc\u015fahid\u0259 v\u0259 t\u0259hlill\u0259r\u0259 g\u00f6r\u0259 iqtisadi b\u00f6hran d\u00f6vr\u00fcnd\u0259 Az\u0259rbaycanda ya\u015fayan \u0259halini ... Davam\u0131\" \/>\n<meta property=\"og:url\" content=\"https:\/\/www.meydan.tv\/az\/article\/azerbaycan-ehalisi-nece-tebeqelesib\/\" \/>\n<meta property=\"og:site_name\" content=\"MEYDAN.TV\" \/>\n<meta property=\"article:published_time\" content=\"2017-01-16T12:22:16+00:00\" \/>\n<meta property=\"og:image\" content=\"https:\/\/www.meydan.tv\/wp-content\/uploads\/28633.jpg\" \/>\n\t<meta property=\"og:image:width\" content=\"720\" \/>\n\t<meta property=\"og:image:height\" content=\"400\" \/>\n\t<meta property=\"og:image:type\" content=\"image\/jpeg\" \/>\n<meta name=\"author\" content=\"user-manager\" \/>\n<meta name=\"twitter:card\" content=\"summary_large_image\" \/>\n<script type=\"application\/ld+json\" class=\"yoast-schema-graph\">{\"@context\":\"https:\\\/\\\/schema.org\",\"@graph\":[{\"@type\":\"Article\",\"@id\":\"https:\\\/\\\/www.meydan.tv\\\/az\\\/article\\\/azerbaycan-ehalisi-nece-tebeqelesib\\\/#article\",\"isPartOf\":{\"@id\":\"https:\\\/\\\/www.meydan.tv\\\/az\\\/article\\\/azerbaycan-ehalisi-nece-tebeqelesib\\\/\"},\"author\":{\"name\":\"user-manager\",\"@id\":\"https:\\\/\\\/www.meydan.tv\\\/az\\\/#\\\/schema\\\/person\\\/10d11eccf6da3662cf5fdab9806ea91a\"},\"headline\":\"Az\u0259rbaycan \u0259halisi nec\u0259 t\u0259b\u0259q\u0259l\u0259\u015fib?\",\"datePublished\":\"2017-01-16T12:22:16+00:00\",\"mainEntityOfPage\":{\"@id\":\"https:\\\/\\\/www.meydan.tv\\\/az\\\/article\\\/azerbaycan-ehalisi-nece-tebeqelesib\\\/\"},\"wordCount\":737,\"publisher\":{\"@id\":\"https:\\\/\\\/www.meydan.tv\\\/az\\\/#organization\"},\"image\":{\"@id\":\"https:\\\/\\\/www.meydan.tv\\\/az\\\/article\\\/azerbaycan-ehalisi-nece-tebeqelesib\\\/#primaryimage\"},\"thumbnailUrl\":\"https:\\\/\\\/www.meydan.tv\\\/wp-content\\\/uploads\\\/28633.jpg\",\"articleSection\":[\"Analitika\"],\"inLanguage\":\"az\"},{\"@type\":\"WebPage\",\"@id\":\"https:\\\/\\\/www.meydan.tv\\\/az\\\/article\\\/azerbaycan-ehalisi-nece-tebeqelesib\\\/\",\"url\":\"https:\\\/\\\/www.meydan.tv\\\/az\\\/article\\\/azerbaycan-ehalisi-nece-tebeqelesib\\\/\",\"name\":\"Az\u0259rbaycan \u0259halisi nec\u0259 t\u0259b\u0259q\u0259l\u0259\u015fib? - MEYDAN.TV\",\"isPartOf\":{\"@id\":\"https:\\\/\\\/www.meydan.tv\\\/az\\\/#website\"},\"primaryImageOfPage\":{\"@id\":\"https:\\\/\\\/www.meydan.tv\\\/az\\\/article\\\/azerbaycan-ehalisi-nece-tebeqelesib\\\/#primaryimage\"},\"image\":{\"@id\":\"https:\\\/\\\/www.meydan.tv\\\/az\\\/article\\\/azerbaycan-ehalisi-nece-tebeqelesib\\\/#primaryimage\"},\"thumbnailUrl\":\"https:\\\/\\\/www.meydan.tv\\\/wp-content\\\/uploads\\\/28633.jpg\",\"datePublished\":\"2017-01-16T12:22:16+00:00\",\"breadcrumb\":{\"@id\":\"https:\\\/\\\/www.meydan.tv\\\/az\\\/article\\\/azerbaycan-ehalisi-nece-tebeqelesib\\\/#breadcrumb\"},\"inLanguage\":\"az\",\"potentialAction\":[{\"@type\":\"ReadAction\",\"target\":[\"https:\\\/\\\/www.meydan.tv\\\/az\\\/article\\\/azerbaycan-ehalisi-nece-tebeqelesib\\\/\"]}]},{\"@type\":\"ImageObject\",\"inLanguage\":\"az\",\"@id\":\"https:\\\/\\\/www.meydan.tv\\\/az\\\/article\\\/azerbaycan-ehalisi-nece-tebeqelesib\\\/#primaryimage\",\"url\":\"https:\\\/\\\/www.meydan.tv\\\/wp-content\\\/uploads\\\/28633.jpg\",\"contentUrl\":\"https:\\\/\\\/www.meydan.tv\\\/wp-content\\\/uploads\\\/28633.jpg\",\"width\":720,\"height\":400,\"caption\":\"Source:\"},{\"@type\":\"BreadcrumbList\",\"@id\":\"https:\\\/\\\/www.meydan.tv\\\/az\\\/article\\\/azerbaycan-ehalisi-nece-tebeqelesib\\\/#breadcrumb\",\"itemListElement\":[{\"@type\":\"ListItem\",\"position\":1,\"name\":\"Ana s\u0259hif\u0259\",\"item\":\"https:\\\/\\\/www.meydan.tv\\\/az\\\/\"},{\"@type\":\"ListItem\",\"position\":2,\"name\":\"Analitika\",\"item\":\"https:\\\/\\\/www.meydan.tv\\\/az\\\/section\\\/analitika\\\/\"},{\"@type\":\"ListItem\",\"position\":3,\"name\":\"Az\u0259rbaycan \u0259halisi nec\u0259 t\u0259b\u0259q\u0259l\u0259\u015fib?\"}]},{\"@type\":\"WebSite\",\"@id\":\"https:\\\/\\\/www.meydan.tv\\\/az\\\/#website\",\"url\":\"https:\\\/\\\/www.meydan.tv\\\/az\\\/\",\"name\":\"MEYDAN.TV\",\"description\":\"Meydan TV Az\u0259rbaycan\u0131n media m\u0259kan\u0131ndak\u0131 alternativ s\u0259sidir\",\"publisher\":{\"@id\":\"https:\\\/\\\/www.meydan.tv\\\/az\\\/#organization\"},\"potentialAction\":[{\"@type\":\"SearchAction\",\"target\":{\"@type\":\"EntryPoint\",\"urlTemplate\":\"https:\\\/\\\/www.meydan.tv\\\/az\\\/?s={search_term_string}\"},\"query-input\":{\"@type\":\"PropertyValueSpecification\",\"valueRequired\":true,\"valueName\":\"search_term_string\"}}],\"inLanguage\":\"az\"},{\"@type\":\"Organization\",\"@id\":\"https:\\\/\\\/www.meydan.tv\\\/az\\\/#organization\",\"name\":\"Meydan TV\",\"url\":\"https:\\\/\\\/www.meydan.tv\\\/az\\\/\",\"logo\":{\"@type\":\"ImageObject\",\"inLanguage\":\"az\",\"@id\":\"https:\\\/\\\/www.meydan.tv\\\/az\\\/#\\\/schema\\\/logo\\\/image\\\/\",\"url\":\"https:\\\/\\\/www.meydan.tv\\\/wp-content\\\/uploads\\\/2021\\\/07\\\/meydan-logo.svg\",\"contentUrl\":\"https:\\\/\\\/www.meydan.tv\\\/wp-content\\\/uploads\\\/2021\\\/07\\\/meydan-logo.svg\",\"width\":195,\"height\":46,\"caption\":\"Meydan TV\"},\"image\":{\"@id\":\"https:\\\/\\\/www.meydan.tv\\\/az\\\/#\\\/schema\\\/logo\\\/image\\\/\"}},{\"@type\":\"Person\",\"@id\":\"https:\\\/\\\/www.meydan.tv\\\/az\\\/#\\\/schema\\\/person\\\/10d11eccf6da3662cf5fdab9806ea91a\",\"name\":\"user-manager\"}]}<\/script>\n<!-- \/ Yoast SEO plugin. -->","yoast_head_json":{"title":"Az\u0259rbaycan \u0259halisi nec\u0259 t\u0259b\u0259q\u0259l\u0259\u015fib? - MEYDAN.TV","robots":{"index":"index","follow":"follow","max-snippet":"max-snippet:-1","max-image-preview":"max-image-preview:large","max-video-preview":"max-video-preview:-1"},"canonical":"https:\/\/www.meydan.tv\/az\/article\/azerbaycan-ehalisi-nece-tebeqelesib\/","og_locale":"az_AZ","og_type":"article","og_title":"Az\u0259rbaycan \u0259halisi nec\u0259 t\u0259b\u0259q\u0259l\u0259\u015fib? - MEYDAN.TV","og_description":"M\u00fc\u015fahid\u0259 v\u0259 t\u0259hlill\u0259r\u0259 g\u00f6r\u0259 iqtisadi b\u00f6hran d\u00f6vr\u00fcnd\u0259 Az\u0259rbaycanda ya\u015fayan \u0259halini ... Davam\u0131","og_url":"https:\/\/www.meydan.tv\/az\/article\/azerbaycan-ehalisi-nece-tebeqelesib\/","og_site_name":"MEYDAN.TV","article_published_time":"2017-01-16T12:22:16+00:00","og_image":[{"width":720,"height":400,"url":"https:\/\/www.meydan.tv\/wp-content\/uploads\/28633.jpg","type":"image\/jpeg"}],"author":"user-manager","twitter_card":"summary_large_image","schema":{"@context":"https:\/\/schema.org","@graph":[{"@type":"Article","@id":"https:\/\/www.meydan.tv\/az\/article\/azerbaycan-ehalisi-nece-tebeqelesib\/#article","isPartOf":{"@id":"https:\/\/www.meydan.tv\/az\/article\/azerbaycan-ehalisi-nece-tebeqelesib\/"},"author":{"name":"user-manager","@id":"https:\/\/www.meydan.tv\/az\/#\/schema\/person\/10d11eccf6da3662cf5fdab9806ea91a"},"headline":"Az\u0259rbaycan \u0259halisi nec\u0259 t\u0259b\u0259q\u0259l\u0259\u015fib?","datePublished":"2017-01-16T12:22:16+00:00","mainEntityOfPage":{"@id":"https:\/\/www.meydan.tv\/az\/article\/azerbaycan-ehalisi-nece-tebeqelesib\/"},"wordCount":737,"publisher":{"@id":"https:\/\/www.meydan.tv\/az\/#organization"},"image":{"@id":"https:\/\/www.meydan.tv\/az\/article\/azerbaycan-ehalisi-nece-tebeqelesib\/#primaryimage"},"thumbnailUrl":"https:\/\/www.meydan.tv\/wp-content\/uploads\/28633.jpg","articleSection":["Analitika"],"inLanguage":"az"},{"@type":"WebPage","@id":"https:\/\/www.meydan.tv\/az\/article\/azerbaycan-ehalisi-nece-tebeqelesib\/","url":"https:\/\/www.meydan.tv\/az\/article\/azerbaycan-ehalisi-nece-tebeqelesib\/","name":"Az\u0259rbaycan \u0259halisi nec\u0259 t\u0259b\u0259q\u0259l\u0259\u015fib? - MEYDAN.TV","isPartOf":{"@id":"https:\/\/www.meydan.tv\/az\/#website"},"primaryImageOfPage":{"@id":"https:\/\/www.meydan.tv\/az\/article\/azerbaycan-ehalisi-nece-tebeqelesib\/#primaryimage"},"image":{"@id":"https:\/\/www.meydan.tv\/az\/article\/azerbaycan-ehalisi-nece-tebeqelesib\/#primaryimage"},"thumbnailUrl":"https:\/\/www.meydan.tv\/wp-content\/uploads\/28633.jpg","datePublished":"2017-01-16T12:22:16+00:00","breadcrumb":{"@id":"https:\/\/www.meydan.tv\/az\/article\/azerbaycan-ehalisi-nece-tebeqelesib\/#breadcrumb"},"inLanguage":"az","potentialAction":[{"@type":"ReadAction","target":["https:\/\/www.meydan.tv\/az\/article\/azerbaycan-ehalisi-nece-tebeqelesib\/"]}]},{"@type":"ImageObject","inLanguage":"az","@id":"https:\/\/www.meydan.tv\/az\/article\/azerbaycan-ehalisi-nece-tebeqelesib\/#primaryimage","url":"https:\/\/www.meydan.tv\/wp-content\/uploads\/28633.jpg","contentUrl":"https:\/\/www.meydan.tv\/wp-content\/uploads\/28633.jpg","width":720,"height":400,"caption":"Source:"},{"@type":"BreadcrumbList","@id":"https:\/\/www.meydan.tv\/az\/article\/azerbaycan-ehalisi-nece-tebeqelesib\/#breadcrumb","itemListElement":[{"@type":"ListItem","position":1,"name":"Ana s\u0259hif\u0259","item":"https:\/\/www.meydan.tv\/az\/"},{"@type":"ListItem","position":2,"name":"Analitika","item":"https:\/\/www.meydan.tv\/az\/section\/analitika\/"},{"@type":"ListItem","position":3,"name":"Az\u0259rbaycan \u0259halisi nec\u0259 t\u0259b\u0259q\u0259l\u0259\u015fib?"}]},{"@type":"WebSite","@id":"https:\/\/www.meydan.tv\/az\/#website","url":"https:\/\/www.meydan.tv\/az\/","name":"MEYDAN.TV","description":"Meydan TV Az\u0259rbaycan\u0131n media m\u0259kan\u0131ndak\u0131 alternativ s\u0259sidir","publisher":{"@id":"https:\/\/www.meydan.tv\/az\/#organization"},"potentialAction":[{"@type":"SearchAction","target":{"@type":"EntryPoint","urlTemplate":"https:\/\/www.meydan.tv\/az\/?s={search_term_string}"},"query-input":{"@type":"PropertyValueSpecification","valueRequired":true,"valueName":"search_term_string"}}],"inLanguage":"az"},{"@type":"Organization","@id":"https:\/\/www.meydan.tv\/az\/#organization","name":"Meydan TV","url":"https:\/\/www.meydan.tv\/az\/","logo":{"@type":"ImageObject","inLanguage":"az","@id":"https:\/\/www.meydan.tv\/az\/#\/schema\/logo\/image\/","url":"https:\/\/www.meydan.tv\/wp-content\/uploads\/2021\/07\/meydan-logo.svg","contentUrl":"https:\/\/www.meydan.tv\/wp-content\/uploads\/2021\/07\/meydan-logo.svg","width":195,"height":46,"caption":"Meydan TV"},"image":{"@id":"https:\/\/www.meydan.tv\/az\/#\/schema\/logo\/image\/"}},{"@type":"Person","@id":"https:\/\/www.meydan.tv\/az\/#\/schema\/person\/10d11eccf6da3662cf5fdab9806ea91a","name":"user-manager"}]}},"_links":{"self":[{"href":"https:\/\/www.meydan.tv\/az\/wp-json\/wp\/v2\/posts\/181900","targetHints":{"allow":["GET"]}}],"collection":[{"href":"https:\/\/www.meydan.tv\/az\/wp-json\/wp\/v2\/posts"}],"about":[{"href":"https:\/\/www.meydan.tv\/az\/wp-json\/wp\/v2\/types\/post"}],"author":[{"embeddable":true,"href":"https:\/\/www.meydan.tv\/az\/wp-json\/wp\/v2\/users\/11"}],"replies":[{"embeddable":true,"href":"https:\/\/www.meydan.tv\/az\/wp-json\/wp\/v2\/comments?post=181900"}],"version-history":[{"count":0,"href":"https:\/\/www.meydan.tv\/az\/wp-json\/wp\/v2\/posts\/181900\/revisions"}],"wp:featuredmedia":[{"embeddable":true,"href":"https:\/\/www.meydan.tv\/az\/wp-json\/wp\/v2\/media\/74154"}],"wp:attachment":[{"href":"https:\/\/www.meydan.tv\/az\/wp-json\/wp\/v2\/media?parent=181900"}],"wp:term":[{"taxonomy":"category","embeddable":true,"href":"https:\/\/www.meydan.tv\/az\/wp-json\/wp\/v2\/categories?post=181900"},{"taxonomy":"post_tag","embeddable":true,"href":"https:\/\/www.meydan.tv\/az\/wp-json\/wp\/v2\/tags?post=181900"}],"curies":[{"name":"wp","href":"https:\/\/api.w.org\/{rel}","templated":true}]}}