{"id":181894,"date":"2017-01-16T01:43:43","date_gmt":"2017-01-16T01:43:43","guid":{"rendered":"https:\/\/www.meydan.tv\/article\/diktatura-hec-yere-getmeyib-ve-geri-qayida-biler\/"},"modified":"2017-01-16T01:43:43","modified_gmt":"2017-01-16T01:43:43","slug":"diktatura-hec-yere-getmeyib-ve-geri-qayida-biler","status":"publish","type":"post","link":"https:\/\/www.meydan.tv\/az\/article\/diktatura-hec-yere-getmeyib-ve-geri-qayida-biler\/","title":{"rendered":"Diktatura he\u00e7 yer\u0259 getm\u0259yib v\u0259 geri qay\u0131da bil\u0259r"},"content":{"rendered":"<figure class=\"wp-block-image size-large\">\n  <img decoding=\"async\" src=\"https:\/\/www.meydan.tv\/az\/foto-getty\/\" alt=\"Foto: Getty\" class=\"wp-image-77515\"\/><figcaption>\n    Foto: Getty<br \/>\n  <\/figcaption><\/figure>\n<p>\n  <i><br \/>\n    Haz\u0131rda m\u00fc\u015fahid\u0259 olunan siyasi institutlar\u0131n b\u00f6hran\u0131 1930-cu ill\u0259rd\u0259 olanlarla \u00e7ox ciddi ox\u015farl\u0131q t\u0259\u015fkil edir<br \/>\n  <\/i>\n<\/p>\n<p>\n  <b><br \/>\n    Mark Mazower<br \/>\n  <\/b>\n<\/p>\n<\/p>\n<p>\n  Tarix\u00e7i Fritz Stern nasist rejimind\u0259n qa\u00e7araq AB\u015e-da alman tarixinin \u00f6yr\u0259nilm\u0259sinin pionerl\u0259rind\u0259n biri oldu. O, \u00f6lm\u0259mi\u015fd\u0259n bir m\u00fcdd\u0259t \u00f6nc\u0259 bizi fa\u015fizmin yenid\u0259n dir\u00e7\u0259lm\u0259kd\u0259 olmas\u0131 il\u0259 ba\u011fl\u0131 x\u0259b\u0259rdarl\u0131q edirdi. O, do\u011fuldu\u011fu \u00f6lk\u0259 haqq\u0131nda dan\u0131\u015fm\u0131rd\u0131.\n<\/p>\n<p>\n  AB\u015e-da fa\u015fizim? T\u0259bii ki, bu, qorxu \u015fi\u015firdilib. Biz bunu yazmam\u0131\u015fdan \u00f6nc\u0259, Stern v\u0259 dig\u0259rl\u0259rinin yazd\u0131qlar\u0131 \u0259sas\u0131nda fa\u015fizim haqq\u0131nda \u00fcmumi olaraq n\u0259 \u00f6yr\u0259ndiyimizi diqq\u0259tl\u0259 n\u0259z\u0259rd\u0259n ke\u00e7irm\u0259liyik.\n<\/p>\n<p>\n  Bir t\u0259r\u0259fd\u0259n Veymar Respublikas\u0131 v\u0259 ya Mussolini \u0130taliyas\u0131 il\u0259 indiki d\u00fcnya aras\u0131nda paralel g\u00f6rm\u0259k \u00e7\u0259tindir. He\u00e7 kim t\u0259kpartiyal\u0131 d\u00f6vl\u0259t arzulam\u0131r. K\u00fc\u00e7\u0259l\u0259rd\u0259 qara v\u0259 ya q\u0259hv\u0259yik\u00f6yn\u0259klil\u0259rin d\u0259st\u0259 hal\u0131nda mar\u015f\u0131na rast g\u0259lmirik. Ortada bol\u015fevizim u\u00e7urumundan qorxub b\u00fct\u00fcn n\u00f6v kral hakimiyy\u0259tin\u0259 qucaq a\u00e7acaq kral\u00e7\u0131lar da yoxdur. 1920-ci ild\u0259 radikal sa\u011f\u0131n y\u00fcks\u0259lm\u0259sind\u0259 Rusiya inqilab\u0131n\u0131n yay\u0131lma kabusu m\u00fch\u00fcm rol oynay\u0131rd\u0131.\n<\/p>\n<p>\n  Vladimir Putinin kabusu uzun ola bil\u0259r, amma ovaxtk\u0131 q\u0259d\u0259r d\u0259 deyil. \u0130ndiki Rusiya beyn\u0259lxalq birliy\u0259 Lenin Sovetinin he\u00e7 zaman olmad\u0131\u011f\u0131 q\u0259d\u0259r ba\u011fl\u0131d\u0131r.\n<\/p>\n<p>\n  Dem\u0259li, m\u0259s\u0259l\u0259l\u0259r \u00e7ox f\u0259rqlidir? O q\u0259d\u0259r d\u0259 deyil. Sterni \u0259sas narahat ed\u0259n ictimai diskursun korrupsiyaya, a\u015f\u0131nmaya u\u011framas\u0131 v\u0259 n\u0259tic\u0259d\u0259 h\u0259r \u015feyin fikir\u0259 \u00e7evrildiyi d\u00fcnyan\u0131n yaranmas\u0131 idi. O, bir zamanlar k\u00fcnc\u0259 s\u0131x\u0131lm\u0131\u015f formada qalan, amma indi \u201cTwitter\u201d vasit\u0259sil\u0259 yay\u0131lan konspiraloji m\u0259tnl\u0259rin \u201cana ax\u0131m&#8221; medias\u0131na ciddi t\u0259sirind\u0259n ikiqat daha narahat idi.\n<\/p>\n<p>\n  Biz fa\u015fizm\u0259 pataloji yana\u015fma\u011fa \u00f6yr\u0259\u015fmi\u015fik. Bu yana\u015fma is\u0259 onu ba\u015fa d\u00fc\u015fm\u0259yi daha \u00e7\u0259tin edir. \u0130ki d\u00fcnya m\u00fcharib\u0259si aras\u0131nda sa\u011f\u0131n Avropada &#8211; yaln\u0131z Almaniyada deyil, \u0130spaniyadan tutmu\u015f Litviyaya q\u0259d\u0259r b\u00fct\u00fcn kontinenti \u0259hat\u0259 ed\u0259n- z\u0259f\u0259ri il\u0259 \u00fczb\u0259\u00fcz qalan tarix\u00e7il\u0259r, populyar irrasionall\u0131qdan, diktatorun mistik xarizmas\u0131ndan, b\u00fct\u00fcn xalq k\u00fctl\u0259l\u0259rini arxas\u0131nca aparma\u011f\u0131 bacaran x\u00fcsusi tipl\u0259rd\u0259n dan\u0131\u015f\u0131rd\u0131lar. B\u00fct\u00fcn bu \u015f\u0259rhl\u0259rd\u0259 \u00fcmumi olan bir \u015fey var, bu da h\u0259min insanlar\u0131n \u201cbizd\u0259n\u201dn\u0259 q\u0259d\u0259r f\u0259rqli olmas\u0131na vur\u011fu edilm\u0259sidir.\n<\/p>\n<p>\n  B\u0259lk\u0259 \u201conlar\u201d Birinci D\u00fcnya M\u00fcharib\u0259sind\u0259 c\u0259bh\u0259d\u0259 ya\u015fad\u0131qlar\u0131ndan sars\u0131lm\u0131\u015f, z\u0259d\u0259 alm\u0131\u015fd\u0131lar. B\u0259lk\u0259 B\u00f6y\u00fck Depressiya d\u00f6vr\u00fcnd\u0259 b\u00fct\u00fcn pullar\u0131n\u0131 itirmi\u015fdil\u0259r. Hans\u0131 s\u0259b\u0259bd\u0259n olmas\u0131ndan as\u0131l\u0131 olmayaraq, hekay\u0259 bel\u0259c\u0259 davam edir, sa\u011fa meyll\u0259nm\u0259nin arxas\u0131nda n\u0259s\u0259 x\u00fcsusi \u015fey var idi. Nasizmin m\u0259\u011flub olmas\u0131ndan sonra fa\u015fizm bir daha he\u00e7 vaxt aya\u011fa durmamal\u0131d\u0131r. Canavar \u00f6ld\u00fcr\u00fcl\u00fcb.\n<\/p>\n<p>\n  V\u0259 b\u0259lk\u0259 d\u0259, fa\u015fizm bir d\u0259 he\u00e7 zaman qay\u0131tmayacaq, \u00e7\u00fcnki o, \u00f6z zaman\u0131n\u0131n m\u0259hsulu idi. Amma onun \u00fcr\u0259yind\u0259 olan rasizm v\u0259 anti-miqrasiya hissi he\u00e7 hara getm\u0259yib. O, bir m\u00fcdd\u0259t daha az q\u0259bul edil\u0259n, e\u015fidil\u0259n s\u0259s olub, amma bu gedi\u015fat indi \u0259ks istiqam\u0259t ala bil\u0259r.\n<\/p>\n<p>\n  Lakin burada vacib bir m\u0259s\u0259l\u0259 var: \u0130ki m\u00fcharib\u0259aras\u0131 ill\u0259r v\u0259 bir-birimizi \u0259ks etdir\u0259n g\u00fczg\u00fc \u00e7ox narahatedicidir. B\u0259lk\u0259 d\u0259, d\u00fc\u015f\u00fcnm\u0259li v\u0259 narahatedici \u0259sas m\u0259s\u0259l\u0259 kimins\u0259 fa\u015fist olmas\u0131ndan \u00e7ox, onun parlament idar\u0259\u00e7iliyin\u0259, \u0259yl\u0259cl\u0259m\u0259 v\u0259 tarazlama prinsipin\u0259, \u0259sas azadl\u0131qlara olan inam\u0131n\u0131n itirm\u0259sidir.\n<\/p>\n<p>\n  Fa\u015fizmin y\u00fcks\u0259lm\u0259sind\u0259 \u0259n ciddi s\u0259b\u0259b liberal demokratiyan\u0131n b\u00f6hran ya\u015famas\u0131d\u0131r. B\u00fct\u00fcn bu m\u00fcharib\u0259aras\u0131 d\u00f6vrd\u0259n \u00e7\u0131xarmal\u0131 oldu\u011fumuz d\u0259rs demokratik institutlar\u0131n b\u00f6hran ya\u015famas\u0131 il\u0259 ba\u011fl\u0131d\u0131r.\n<\/p>\n<p>\n  Birinci D\u00fcnya M\u00fcharib\u0259sind\u0259n \u0259vv\u0259l insanlar parlamentl\u0259rin v\u0259 konstitusiyan\u0131n g\u00fccl\u0259nm\u0259si v\u0259 geni\u015fl\u0259nm\u0259si \u00fc\u00e7\u00fcn ciddi m\u00fcbariz\u0259 apar\u0131rd\u0131lar. Bir m\u00fcdd\u0259t sonra bu kimi \u015feyl\u0259r \u00f6z c\u0259lbedicilyini qorxunc bir s\u00fcr\u0259tl\u0259 itirm\u0259y\u0259 ba\u015flad\u0131.\n<\/p>\n<p>\n  B\u00fct\u00fcn Avropa boyunca insanlar c\u0259miyy\u0259tin probleml\u0259rinin s\u0259b\u0259bini qanunverici g\u00fcc\u00fcn \u00fcz\u0259rin\u0259 atma\u011fa v\u0259 t\u0259k \u015f\u0259xsin \u0259lind\u0259 g\u00fcc\u00fcn c\u0259ml\u0259\u015fm\u0259sini ist\u0259m\u0259y\u0259 ba\u015flad\u0131lar. Parlamentl\u0259r m\u0259suliyy\u0259tsiz lobbi\u00e7il\u0259rin v\u0259 elitin t\u0259l\u0259bl\u0259rini icra ed\u0259n bir orqan kimi q\u0259bul edilm\u0259y\u0259 ba\u015fland\u0131.\n<\/p>\n<p>\n  \u018fn xo\u015fag\u0259lm\u0259z paralel is\u0259 budur: siyasi partiyalar ifrata yuvarland\u0131lar v\u0259 bir-biril\u0259ri il\u0259 sanki qeyri-legitimmi\u015f kimi davranma\u011fa ba\u015flad\u0131lar. M\u0259hk\u0259m\u0259 v\u0259 polis siyasil\u0259\u015fdi. Veymar il\u0259 indiki AB\u015e aras\u0131ndak\u0131 \u0259sas paraleli h\u0259min bu institutlar\u0131n b\u00f6hran\u0131 il\u0259 ba\u011fl\u0131 aparmaq olar.\n<\/p>\n<p>\n  Diktatura he\u00e7 yer\u0259 getm\u0259yib v\u0259 geri qay\u0131da bil\u0259r. Buna \u0259n yax\u015f\u0131 misal T\u00fcrkiy\u0259nin prezidenti R\u0259c\u0259b Tayyib \u018frdo\u011fand\u0131r. \u018frdo\u011fan\u0131n media v\u0259 universitetl\u0259r\u0259 h\u00fccumu \u00f6lk\u0259d\u0259 azadl\u0131qlar\u0131n nec\u0259 ucuzla\u015fd\u0131\u011f\u0131n\u0131 g\u00f6st\u0259rir.\n<\/p>\n<p>\n  Amma fa\u015fizim diktaturalardan daha \u00e7ox \u015fey dem\u0259kdir. Do\u011furdan da, m\u00fchafiz\u0259kar siyasi d\u00fc\u015f\u00fcnc\u0259 adam\u0131 olan Michael Oakesthottun on ill\u0259r \u00f6nc\u0259 dediyi kimi, diktatorun \u0259sas problem oldu\u011funa fokuslanmaq, onu \u0259sas problem kimi g\u00f6rm\u0259k liberallar\u0131n yan\u0131lmas\u0131d\u0131r.\n<\/p>\n<p>\n  Real probleml\u0259r diktatorun k\u00f6lg\u0259sind\u0259 yat\u0131r &#8211; liderin o y\u00fcks\u0259kliy\u0259 qalxmas\u0131na s\u0259b\u0259b olan \u015f\u0259rtl\u0259rd\u0259. \u018fsas institutlardak\u0131 \u2013 ki, onlars\u0131z he\u00e7 bir m\u00fcasir d\u00f6vl\u0259t v\u0259 c\u0259miyy\u0259t idar\u0259 oluna bilm\u0259z &#8211; bu bo\u015fluqdan siyasi ekstremizm ortaya \u00e7\u0131x\u0131r v\u0259 siyasi diskursa diqt\u0259 etm\u0259y\u0259 ba\u015flay\u0131r. Art\u0131q bunlar biziml\u0259 birg\u0259dir. V\u0259 bel\u0259 g\u00f6r\u00fcn\u00fcr ki, AB\u015e-da m\u00f6vcudlu\u011funu qoruyacaq.\n<\/p>\n<p>\n  Mark Mazower Kolumbiya Universitetind\u0259 tarix professorudur.\n<\/p>\n<p>\n  T\u0259rc\u00fcm\u0259 etdi: Emin Aslan\n<\/p>\n<p>\n  M\u0259nb\u0259:<br \/>\n  <a href=\"https:\/\/www.ft.com\/content\/599fbbfc-a412-11e6-8898-79a99e2a4de6\" target=\"_blank\" rel=\"noopener\"><br \/>\n    The Financial Times<br \/>\n  <\/a><\/p>\n","protected":false},"excerpt":{"rendered":"<p>Haz\u0131rda m\u00fc\u015fahid\u0259 olunan siyasi institutlar\u0131n b\u00f6hran\u0131 1930-cu ill\u0259rd\u0259 olanlarla \u00e7ox ciddi ox\u015farl\u0131q t\u0259\u015fkil edir<\/p>\n","protected":false},"author":11,"featured_media":77515,"comment_status":"closed","ping_status":"open","sticky":false,"template":"","format":"standard","meta":{"_acf_changed":false,"_sitemap_exclude":false,"_sitemap_priority":"","_sitemap_frequency":"","footnotes":""},"categories":[51],"tags":[],"class_list":["post-181894","post","type-post","status-publish","format-standard","has-post-thumbnail","hentry","category-analitika","infinite-scroll-item","generate-columns","tablet-grid-50","mobile-grid-100","grid-parent","grid-33","no-featured-image-padding"],"acf":[],"yoast_head":"<!-- This site is optimized with the Yoast SEO plugin v27.5 - https:\/\/yoast.com\/product\/yoast-seo-wordpress\/ -->\n<title>Diktatura he\u00e7 yer\u0259 getm\u0259yib v\u0259 geri qay\u0131da bil\u0259r - MEYDAN.TV<\/title>\n<meta name=\"robots\" content=\"index, follow, max-snippet:-1, max-image-preview:large, max-video-preview:-1\" \/>\n<link rel=\"canonical\" href=\"https:\/\/www.meydan.tv\/az\/article\/diktatura-hec-yere-getmeyib-ve-geri-qayida-biler\/\" \/>\n<meta property=\"og:locale\" content=\"az_AZ\" \/>\n<meta property=\"og:type\" content=\"article\" \/>\n<meta property=\"og:title\" content=\"Diktatura he\u00e7 yer\u0259 getm\u0259yib v\u0259 geri qay\u0131da bil\u0259r - MEYDAN.TV\" \/>\n<meta property=\"og:description\" content=\"Haz\u0131rda m\u00fc\u015fahid\u0259 olunan siyasi institutlar\u0131n b\u00f6hran\u0131 1930-cu ill\u0259rd\u0259 olanlarla \u00e7ox ciddi ox\u015farl\u0131q t\u0259\u015fkil edir\" \/>\n<meta property=\"og:url\" content=\"https:\/\/www.meydan.tv\/az\/article\/diktatura-hec-yere-getmeyib-ve-geri-qayida-biler\/\" \/>\n<meta property=\"og:site_name\" content=\"MEYDAN.TV\" \/>\n<meta property=\"article:published_time\" content=\"2017-01-16T01:43:43+00:00\" \/>\n<meta property=\"og:image\" content=\"https:\/\/www.meydan.tv\/wp-content\/uploads\/30077.jpg\" \/>\n\t<meta property=\"og:image:width\" content=\"940\" \/>\n\t<meta property=\"og:image:height\" content=\"545\" \/>\n\t<meta property=\"og:image:type\" content=\"image\/jpeg\" \/>\n<meta name=\"author\" content=\"user-manager\" \/>\n<meta name=\"twitter:card\" content=\"summary_large_image\" \/>\n<script type=\"application\/ld+json\" class=\"yoast-schema-graph\">{\"@context\":\"https:\\\/\\\/schema.org\",\"@graph\":[{\"@type\":\"Article\",\"@id\":\"https:\\\/\\\/www.meydan.tv\\\/az\\\/article\\\/diktatura-hec-yere-getmeyib-ve-geri-qayida-biler\\\/#article\",\"isPartOf\":{\"@id\":\"https:\\\/\\\/www.meydan.tv\\\/az\\\/article\\\/diktatura-hec-yere-getmeyib-ve-geri-qayida-biler\\\/\"},\"author\":{\"name\":\"user-manager\",\"@id\":\"https:\\\/\\\/www.meydan.tv\\\/az\\\/#\\\/schema\\\/person\\\/10d11eccf6da3662cf5fdab9806ea91a\"},\"headline\":\"Diktatura he\u00e7 yer\u0259 getm\u0259yib v\u0259 geri qay\u0131da bil\u0259r\",\"datePublished\":\"2017-01-16T01:43:43+00:00\",\"mainEntityOfPage\":{\"@id\":\"https:\\\/\\\/www.meydan.tv\\\/az\\\/article\\\/diktatura-hec-yere-getmeyib-ve-geri-qayida-biler\\\/\"},\"wordCount\":1081,\"publisher\":{\"@id\":\"https:\\\/\\\/www.meydan.tv\\\/az\\\/#organization\"},\"image\":{\"@id\":\"https:\\\/\\\/www.meydan.tv\\\/az\\\/article\\\/diktatura-hec-yere-getmeyib-ve-geri-qayida-biler\\\/#primaryimage\"},\"thumbnailUrl\":\"https:\\\/\\\/www.meydan.tv\\\/wp-content\\\/uploads\\\/30077.jpg\",\"articleSection\":[\"Analitika\"],\"inLanguage\":\"az\"},{\"@type\":\"WebPage\",\"@id\":\"https:\\\/\\\/www.meydan.tv\\\/az\\\/article\\\/diktatura-hec-yere-getmeyib-ve-geri-qayida-biler\\\/\",\"url\":\"https:\\\/\\\/www.meydan.tv\\\/az\\\/article\\\/diktatura-hec-yere-getmeyib-ve-geri-qayida-biler\\\/\",\"name\":\"Diktatura he\u00e7 yer\u0259 getm\u0259yib v\u0259 geri qay\u0131da bil\u0259r - MEYDAN.TV\",\"isPartOf\":{\"@id\":\"https:\\\/\\\/www.meydan.tv\\\/az\\\/#website\"},\"primaryImageOfPage\":{\"@id\":\"https:\\\/\\\/www.meydan.tv\\\/az\\\/article\\\/diktatura-hec-yere-getmeyib-ve-geri-qayida-biler\\\/#primaryimage\"},\"image\":{\"@id\":\"https:\\\/\\\/www.meydan.tv\\\/az\\\/article\\\/diktatura-hec-yere-getmeyib-ve-geri-qayida-biler\\\/#primaryimage\"},\"thumbnailUrl\":\"https:\\\/\\\/www.meydan.tv\\\/wp-content\\\/uploads\\\/30077.jpg\",\"datePublished\":\"2017-01-16T01:43:43+00:00\",\"breadcrumb\":{\"@id\":\"https:\\\/\\\/www.meydan.tv\\\/az\\\/article\\\/diktatura-hec-yere-getmeyib-ve-geri-qayida-biler\\\/#breadcrumb\"},\"inLanguage\":\"az\",\"potentialAction\":[{\"@type\":\"ReadAction\",\"target\":[\"https:\\\/\\\/www.meydan.tv\\\/az\\\/article\\\/diktatura-hec-yere-getmeyib-ve-geri-qayida-biler\\\/\"]}]},{\"@type\":\"ImageObject\",\"inLanguage\":\"az\",\"@id\":\"https:\\\/\\\/www.meydan.tv\\\/az\\\/article\\\/diktatura-hec-yere-getmeyib-ve-geri-qayida-biler\\\/#primaryimage\",\"url\":\"https:\\\/\\\/www.meydan.tv\\\/wp-content\\\/uploads\\\/30077.jpg\",\"contentUrl\":\"https:\\\/\\\/www.meydan.tv\\\/wp-content\\\/uploads\\\/30077.jpg\",\"width\":940,\"height\":545,\"caption\":\"Source:\"},{\"@type\":\"BreadcrumbList\",\"@id\":\"https:\\\/\\\/www.meydan.tv\\\/az\\\/article\\\/diktatura-hec-yere-getmeyib-ve-geri-qayida-biler\\\/#breadcrumb\",\"itemListElement\":[{\"@type\":\"ListItem\",\"position\":1,\"name\":\"Ana s\u0259hif\u0259\",\"item\":\"https:\\\/\\\/www.meydan.tv\\\/az\\\/\"},{\"@type\":\"ListItem\",\"position\":2,\"name\":\"Analitika\",\"item\":\"https:\\\/\\\/www.meydan.tv\\\/az\\\/section\\\/analitika\\\/\"},{\"@type\":\"ListItem\",\"position\":3,\"name\":\"Diktatura he\u00e7 yer\u0259 getm\u0259yib v\u0259 geri qay\u0131da bil\u0259r\"}]},{\"@type\":\"WebSite\",\"@id\":\"https:\\\/\\\/www.meydan.tv\\\/az\\\/#website\",\"url\":\"https:\\\/\\\/www.meydan.tv\\\/az\\\/\",\"name\":\"MEYDAN.TV\",\"description\":\"Meydan TV Az\u0259rbaycan\u0131n media m\u0259kan\u0131ndak\u0131 alternativ s\u0259sidir\",\"publisher\":{\"@id\":\"https:\\\/\\\/www.meydan.tv\\\/az\\\/#organization\"},\"potentialAction\":[{\"@type\":\"SearchAction\",\"target\":{\"@type\":\"EntryPoint\",\"urlTemplate\":\"https:\\\/\\\/www.meydan.tv\\\/az\\\/?s={search_term_string}\"},\"query-input\":{\"@type\":\"PropertyValueSpecification\",\"valueRequired\":true,\"valueName\":\"search_term_string\"}}],\"inLanguage\":\"az\"},{\"@type\":\"Organization\",\"@id\":\"https:\\\/\\\/www.meydan.tv\\\/az\\\/#organization\",\"name\":\"Meydan TV\",\"url\":\"https:\\\/\\\/www.meydan.tv\\\/az\\\/\",\"logo\":{\"@type\":\"ImageObject\",\"inLanguage\":\"az\",\"@id\":\"https:\\\/\\\/www.meydan.tv\\\/az\\\/#\\\/schema\\\/logo\\\/image\\\/\",\"url\":\"https:\\\/\\\/www.meydan.tv\\\/wp-content\\\/uploads\\\/2021\\\/07\\\/meydan-logo.svg\",\"contentUrl\":\"https:\\\/\\\/www.meydan.tv\\\/wp-content\\\/uploads\\\/2021\\\/07\\\/meydan-logo.svg\",\"width\":195,\"height\":46,\"caption\":\"Meydan TV\"},\"image\":{\"@id\":\"https:\\\/\\\/www.meydan.tv\\\/az\\\/#\\\/schema\\\/logo\\\/image\\\/\"}},{\"@type\":\"Person\",\"@id\":\"https:\\\/\\\/www.meydan.tv\\\/az\\\/#\\\/schema\\\/person\\\/10d11eccf6da3662cf5fdab9806ea91a\",\"name\":\"user-manager\"}]}<\/script>\n<!-- \/ Yoast SEO plugin. -->","yoast_head_json":{"title":"Diktatura he\u00e7 yer\u0259 getm\u0259yib v\u0259 geri qay\u0131da bil\u0259r - MEYDAN.TV","robots":{"index":"index","follow":"follow","max-snippet":"max-snippet:-1","max-image-preview":"max-image-preview:large","max-video-preview":"max-video-preview:-1"},"canonical":"https:\/\/www.meydan.tv\/az\/article\/diktatura-hec-yere-getmeyib-ve-geri-qayida-biler\/","og_locale":"az_AZ","og_type":"article","og_title":"Diktatura he\u00e7 yer\u0259 getm\u0259yib v\u0259 geri qay\u0131da bil\u0259r - MEYDAN.TV","og_description":"Haz\u0131rda m\u00fc\u015fahid\u0259 olunan siyasi institutlar\u0131n b\u00f6hran\u0131 1930-cu ill\u0259rd\u0259 olanlarla \u00e7ox ciddi ox\u015farl\u0131q t\u0259\u015fkil edir","og_url":"https:\/\/www.meydan.tv\/az\/article\/diktatura-hec-yere-getmeyib-ve-geri-qayida-biler\/","og_site_name":"MEYDAN.TV","article_published_time":"2017-01-16T01:43:43+00:00","og_image":[{"width":940,"height":545,"url":"https:\/\/www.meydan.tv\/wp-content\/uploads\/30077.jpg","type":"image\/jpeg"}],"author":"user-manager","twitter_card":"summary_large_image","schema":{"@context":"https:\/\/schema.org","@graph":[{"@type":"Article","@id":"https:\/\/www.meydan.tv\/az\/article\/diktatura-hec-yere-getmeyib-ve-geri-qayida-biler\/#article","isPartOf":{"@id":"https:\/\/www.meydan.tv\/az\/article\/diktatura-hec-yere-getmeyib-ve-geri-qayida-biler\/"},"author":{"name":"user-manager","@id":"https:\/\/www.meydan.tv\/az\/#\/schema\/person\/10d11eccf6da3662cf5fdab9806ea91a"},"headline":"Diktatura he\u00e7 yer\u0259 getm\u0259yib v\u0259 geri qay\u0131da bil\u0259r","datePublished":"2017-01-16T01:43:43+00:00","mainEntityOfPage":{"@id":"https:\/\/www.meydan.tv\/az\/article\/diktatura-hec-yere-getmeyib-ve-geri-qayida-biler\/"},"wordCount":1081,"publisher":{"@id":"https:\/\/www.meydan.tv\/az\/#organization"},"image":{"@id":"https:\/\/www.meydan.tv\/az\/article\/diktatura-hec-yere-getmeyib-ve-geri-qayida-biler\/#primaryimage"},"thumbnailUrl":"https:\/\/www.meydan.tv\/wp-content\/uploads\/30077.jpg","articleSection":["Analitika"],"inLanguage":"az"},{"@type":"WebPage","@id":"https:\/\/www.meydan.tv\/az\/article\/diktatura-hec-yere-getmeyib-ve-geri-qayida-biler\/","url":"https:\/\/www.meydan.tv\/az\/article\/diktatura-hec-yere-getmeyib-ve-geri-qayida-biler\/","name":"Diktatura he\u00e7 yer\u0259 getm\u0259yib v\u0259 geri qay\u0131da bil\u0259r - MEYDAN.TV","isPartOf":{"@id":"https:\/\/www.meydan.tv\/az\/#website"},"primaryImageOfPage":{"@id":"https:\/\/www.meydan.tv\/az\/article\/diktatura-hec-yere-getmeyib-ve-geri-qayida-biler\/#primaryimage"},"image":{"@id":"https:\/\/www.meydan.tv\/az\/article\/diktatura-hec-yere-getmeyib-ve-geri-qayida-biler\/#primaryimage"},"thumbnailUrl":"https:\/\/www.meydan.tv\/wp-content\/uploads\/30077.jpg","datePublished":"2017-01-16T01:43:43+00:00","breadcrumb":{"@id":"https:\/\/www.meydan.tv\/az\/article\/diktatura-hec-yere-getmeyib-ve-geri-qayida-biler\/#breadcrumb"},"inLanguage":"az","potentialAction":[{"@type":"ReadAction","target":["https:\/\/www.meydan.tv\/az\/article\/diktatura-hec-yere-getmeyib-ve-geri-qayida-biler\/"]}]},{"@type":"ImageObject","inLanguage":"az","@id":"https:\/\/www.meydan.tv\/az\/article\/diktatura-hec-yere-getmeyib-ve-geri-qayida-biler\/#primaryimage","url":"https:\/\/www.meydan.tv\/wp-content\/uploads\/30077.jpg","contentUrl":"https:\/\/www.meydan.tv\/wp-content\/uploads\/30077.jpg","width":940,"height":545,"caption":"Source:"},{"@type":"BreadcrumbList","@id":"https:\/\/www.meydan.tv\/az\/article\/diktatura-hec-yere-getmeyib-ve-geri-qayida-biler\/#breadcrumb","itemListElement":[{"@type":"ListItem","position":1,"name":"Ana s\u0259hif\u0259","item":"https:\/\/www.meydan.tv\/az\/"},{"@type":"ListItem","position":2,"name":"Analitika","item":"https:\/\/www.meydan.tv\/az\/section\/analitika\/"},{"@type":"ListItem","position":3,"name":"Diktatura he\u00e7 yer\u0259 getm\u0259yib v\u0259 geri qay\u0131da bil\u0259r"}]},{"@type":"WebSite","@id":"https:\/\/www.meydan.tv\/az\/#website","url":"https:\/\/www.meydan.tv\/az\/","name":"MEYDAN.TV","description":"Meydan TV Az\u0259rbaycan\u0131n media m\u0259kan\u0131ndak\u0131 alternativ s\u0259sidir","publisher":{"@id":"https:\/\/www.meydan.tv\/az\/#organization"},"potentialAction":[{"@type":"SearchAction","target":{"@type":"EntryPoint","urlTemplate":"https:\/\/www.meydan.tv\/az\/?s={search_term_string}"},"query-input":{"@type":"PropertyValueSpecification","valueRequired":true,"valueName":"search_term_string"}}],"inLanguage":"az"},{"@type":"Organization","@id":"https:\/\/www.meydan.tv\/az\/#organization","name":"Meydan TV","url":"https:\/\/www.meydan.tv\/az\/","logo":{"@type":"ImageObject","inLanguage":"az","@id":"https:\/\/www.meydan.tv\/az\/#\/schema\/logo\/image\/","url":"https:\/\/www.meydan.tv\/wp-content\/uploads\/2021\/07\/meydan-logo.svg","contentUrl":"https:\/\/www.meydan.tv\/wp-content\/uploads\/2021\/07\/meydan-logo.svg","width":195,"height":46,"caption":"Meydan TV"},"image":{"@id":"https:\/\/www.meydan.tv\/az\/#\/schema\/logo\/image\/"}},{"@type":"Person","@id":"https:\/\/www.meydan.tv\/az\/#\/schema\/person\/10d11eccf6da3662cf5fdab9806ea91a","name":"user-manager"}]}},"_links":{"self":[{"href":"https:\/\/www.meydan.tv\/az\/wp-json\/wp\/v2\/posts\/181894","targetHints":{"allow":["GET"]}}],"collection":[{"href":"https:\/\/www.meydan.tv\/az\/wp-json\/wp\/v2\/posts"}],"about":[{"href":"https:\/\/www.meydan.tv\/az\/wp-json\/wp\/v2\/types\/post"}],"author":[{"embeddable":true,"href":"https:\/\/www.meydan.tv\/az\/wp-json\/wp\/v2\/users\/11"}],"replies":[{"embeddable":true,"href":"https:\/\/www.meydan.tv\/az\/wp-json\/wp\/v2\/comments?post=181894"}],"version-history":[{"count":0,"href":"https:\/\/www.meydan.tv\/az\/wp-json\/wp\/v2\/posts\/181894\/revisions"}],"wp:featuredmedia":[{"embeddable":true,"href":"https:\/\/www.meydan.tv\/az\/wp-json\/wp\/v2\/media\/77515"}],"wp:attachment":[{"href":"https:\/\/www.meydan.tv\/az\/wp-json\/wp\/v2\/media?parent=181894"}],"wp:term":[{"taxonomy":"category","embeddable":true,"href":"https:\/\/www.meydan.tv\/az\/wp-json\/wp\/v2\/categories?post=181894"},{"taxonomy":"post_tag","embeddable":true,"href":"https:\/\/www.meydan.tv\/az\/wp-json\/wp\/v2\/tags?post=181894"}],"curies":[{"name":"wp","href":"https:\/\/api.w.org\/{rel}","templated":true}]}}