{"id":181858,"date":"2017-01-13T18:40:37","date_gmt":"2017-01-13T18:40:37","guid":{"rendered":"https:\/\/www.meydan.tv\/article\/xaricdeki-imkansiz-azerbaycanli-nece-mueyyenlesecek\/"},"modified":"2017-01-13T18:40:37","modified_gmt":"2017-01-13T18:40:37","slug":"xaricdeki-imkansiz-azerbaycanli-nece-mueyyenlesecek","status":"publish","type":"post","link":"https:\/\/www.meydan.tv\/az\/article\/xaricdeki-imkansiz-azerbaycanli-nece-mueyyenlesecek\/","title":{"rendered":"Xaricd\u0259ki imkans\u0131z az\u0259rbaycanl\u0131 nec\u0259 m\u00fc\u0259yy\u0259nl\u0259\u015f\u0259c\u0259k?"},"content":{"rendered":"<figure class=\"wp-block-image size-large\">\n  <img decoding=\"async\" src=\"https:\/\/www.meydan.tv\/az\/77344\/\" alt=\"\" class=\"wp-image-77344\"\/><figcaption><\/figcaption><\/figure>\n<p>\n  <i><br \/>\n    &#8221;Qeydiyyatda olmayan \u015f\u0259xsl\u0259rin ehtiyaclar\u0131n\u0131n m\u00fc\u0259yy\u0259n olunmas\u0131 m\u00fcmk\u00fcn deyil&#8221;<br \/>\n  <\/i>\n<\/p>\n<p>\n  <br \/>\n  Prezident \u0130lham \u018fliyevin yanvar\u0131n 11-d\u0259 \u201cXaricd\u0259 ya\u015fayan az\u0259rbaycanl\u0131larla ba\u011fl\u0131 d\u00f6vl\u0259t siyas\u0259ti haqq\u0131nda\u201d Qanunun t\u0259tbiqi haqda 2003-c\u00fc il f\u0259rman\u0131na d\u0259yi\u015fiklik edib. D\u0259yi\u015fiklikd\u0259 g\u00f6st\u0259rilib ki, xaricd\u0259 ya\u015fayan azt\u0259minatl\u0131 az\u0259rbaycanl\u0131lara sosial yard\u0131m\u0131 Diasporla i\u015f \u00fczr\u0259 D\u00f6vl\u0259t Komit\u0259si icra ed\u0259c\u0259k. Yard\u0131m\u0131n g\u00f6st\u0259rilm\u0259si qaydalar\u0131n\u0131 is\u0259 Nazirl\u0259r Kabineti m\u00fc\u0259yy\u0259nl\u0259\u015fdir\u0259c\u0259k.\n<\/p>\n<p>\n  <b><br \/>\n    <i><br \/>\n      &#8220;\u00d6nc\u0259 mesaj\u0131n kiml\u0259r\u0259 verildiyini m\u00fc\u0259yy\u0259nl\u0259\u015fdirm\u0259k laz\u0131md\u0131r&#8221;<br \/>\n    <\/i><br \/>\n  <\/b>\n<\/p>\n<p>\n  Az\u0259rbaycan\u0131n Niderland Krall\u0131\u011f\u0131ndak\u0131 s\u0259firliyinin sabiq konsulu, &#8220;Oyan&#8221; H\u0259r\u0259kat\u0131n\u0131n \u00fczv\u00fc Nahid C\u0259f\u0259rov prezidentin f\u0259rman\u0131n\u0131 Meydan TV-y\u0259 \u015f\u0259rh ed\u0259rk\u0259n bildirib ki, m\u0259s\u0259l\u0259nin m\u0259\u011fzin\u0259 ke\u00e7m\u0259zd\u0259n \u00f6nc\u0259 bu mesaj\u0131n kiml\u0259r \u00fc\u00e7\u00fcn verildiyini m\u00fc\u0259yy\u0259nl\u0259\u015fdirm\u0259k laz\u0131md\u0131r:\n<\/p>\n<p>\n  &#8220;Bu m\u0259qs\u0259dl\u0259 xaricd\u0259 ya\u015fayan az\u0259rbaycanl\u0131lara dair b\u0259zi m\u0259lumatlar\u0131 qeyd etm\u0259k ist\u0259rdim. Xaricd\u0259 siyasi s\u0131\u011f\u0131nacaq alm\u0131\u015f az\u0259rbaycanl\u0131lar\u0131 \u0259sas\u0259n 3 qrupa ay\u0131rmaq m\u00fcmk\u00fcnd\u00fcr. M\u00f6vzu yaln\u0131z siyasi \u0259saslarla s\u0131\u011f\u0131nacaq alm\u0131\u015f insanlardan gedir. Birinci qrupa radikal fikirl\u0259ri il\u0259 se\u00e7il\u0259n v\u0259 h\u00f6kum\u0259tl\u0259 he\u00e7 bir dan\u0131\u015f\u0131\u011fa getm\u0259y\u0259n insanlar aiddir. Bu insanlar faiz etibar\u0131 il\u0259 azl\u0131q t\u0259\u015fkil edirl\u0259r. Onlar h\u00f6kum\u0259t \u00fc\u00e7\u00fcn ciddi probleml\u0259r yarada bil\u0259n k\u0259siml\u0259rdir ki, bu insanlar\u0131 daim n\u0259zar\u0259td\u0259 saxlama\u011fa \u00e7al\u0131\u015f\u0131rlar. \u0130nand\u0131r\u0131c\u0131 g\u00f6r\u00fcnm\u0259s\u0259 d\u0259 v\u0259 bunu a\u00e7\u0131q \u015f\u0259kild\u0259 b\u0259yan etm\u0259s\u0259l\u0259r d\u0259, bu insanlar \u0259dal\u0259t axtar\u0131\u015f\u0131nda olduqlar\u0131 \u00fc\u00e7\u00fcn s\u0259firlikd\u0259 onlar haqq\u0131nda daim h\u00f6rm\u0259tl\u0259 dan\u0131\u015f\u0131l\u0131r. Bunlar daim siyas\u0259t\u0259 qar\u0131\u015fan v\u0259 h\u00f6kum\u0259t\u0259 qar\u015f\u0131 ist\u0259nil\u0259n formada etiraz ed\u0259n insanlard\u0131r. \u0130kinci qrup insanlar is\u0259 oturum alandan sonra he\u00e7 bir siyasi f\u0259aliyy\u0259t\u0259 qar\u0131\u015fmayan insanlard\u0131r. Onlar c\u0259miyy\u0259t\u0259 y\u00fcks\u0259k s\u0259viyy\u0259d\u0259 inteqrasiya etmi\u015f v\u0259 karyeralar\u0131n\u0131 qurmu\u015f insanlard\u0131r. Bu insanlar s\u0259firlikl\u0259 \u0259laq\u0259 qurmaz v\u0259 s\u0259firliyin d\u0259v\u0259t etdiyi t\u0259dbirl\u0259r\u0259 g\u0259lm\u0259zl\u0259r. Bu insanlar radikal muxalif\u0259t\u0259 d\u0259 qo\u015fulmazlar. \u00dc\u00e7\u00fcnc\u00fc qrup daxil olanlar is\u0259 m\u0259hz diaspora ad\u0131 alt\u0131nda f\u0259aliyy\u0259t g\u00f6st\u0259r\u0259n v\u0259 ya\u015fad\u0131qlar\u0131 c\u0259miyy\u0259t\u0259 inteqrasiya ed\u0259 bilm\u0259y\u0259n aciz v\u0259 i\u015fsiz insanlard\u0131r. Bu \u015f\u0259xsl\u0259r xaric\u0259 \u018fliyev rejimind\u0259n qa\u00e7araq g\u0259libl\u0259r v\u0259 bu rejimd\u0259n \u015fikay\u0259t ed\u0259r\u0259k ya\u015fad\u0131qlar\u0131 \u00f6lk\u0259d\u0259 oturum al\u0131blar. Bunu xaricd\u0259 f\u0259aliyy\u0259t g\u00f6st\u0259r\u0259n b\u00fct\u00fcn s\u0259firlikl\u0259r \u00e7ox g\u00f6z\u0259l bilir. M\u0259hz bu s\u0259b\u0259bd\u0259n d\u0259 bu insanlara pula g\u00f6r\u0259 \u0259qid\u0259sind\u0259n d\u00f6n\u0259n insanlar kimi bax\u0131rlar. Bunlar yuxar\u0131da birinci qrupa aid olan siyasi f\u0259allar\u0131 n\u0259zar\u0259td\u0259 saxlamaq v\u0259 onlara dair m\u0259lumatlar\u0131 s\u0259firlikl\u0259r\u0259 \u00e7atd\u0131rmaq \u00fc\u00e7\u00fcn \u00e7ox vacib vasit\u0259dir. Qeyd edil\u0259n q\u0259rar da m\u0259hz bu insanlara saxta \u00fcmid verm\u0259y\u0259 hesablan\u0131b&#8221;.\n<\/p>\n<\/p>\n<p>\n  <b><br \/>\n    &#8220;\u0130mkans\u0131zl\u0131q s\u0259b\u0259bind\u0259n diplomatlar geri \u00e7a\u011f\u0131r\u0131l\u0131b&#8221;<br \/>\n  <\/b>\n<\/p>\n<p>\n  Nahid C\u0259f\u0259rov hesab edir ki, r\u0259smi Bak\u0131 sonuncu qrupa daxil olanlar\u0131 n\u0259zar\u0259td\u0259 saxlamaq m\u0259qs\u0259dil\u0259 daim onlar aras\u0131nda nifaq sal\u0131r v\u0259 bu adamlar\u0131n bir araya g\u0259lm\u0259sin\u0259 mane\u0259l\u0259r yarad\u0131r:\n<\/p>\n<figure class=\"wp-block-image size-large\">\n  <img decoding=\"async\" src=\"https:\/\/www.meydan.tv\/az\/77347\/\" alt=\"\" class=\"wp-image-77347\"\/><figcaption>\n    Nahid C\u0259f\u0259rov foto sosial \u015f\u0259b\u0259k\u0259<br \/>\n  <\/figcaption><\/figure>\n<p>\n  &#8220;Onlar da h\u00f6kum\u0259td\u0259n ayr\u0131lan qrantlar\u0131 m\u0259nims\u0259m\u0259k \u00fc\u00e7\u00fcn b\u00fct\u00fcn saxtakarl\u0131qlara imza at\u0131rlar. Az\u0259rbaycan oxucusu xaricd\u0259ki qanunlardan x\u0259b\u0259rsiz oldu\u011fundan b\u00fct\u00fcn bu saxtakarl\u0131qlar\u0131 real fakt kimi h\u0259zm etm\u0259k m\u0259cburiyy\u0259tind\u0259 qal\u0131r. N\u0259z\u0259r\u0259 alsaq ki, bu yard\u0131m\u0131 alacaq qrup m\u0259lum oldu, indi ke\u00e7\u0259k qanunun qeyri-m\u00fcmk\u00fcnl\u00fcy\u00fcn\u0259. H\u0259r k\u0259s\u0259 m\u0259lumdur ki, Az\u0259rbaycan iqtisadiyyat\u0131 \u00e7\u00f6k\u00fcr. H\u00f6kum\u0259t Az\u0259rbaycanda f\u0259aliyy\u0259t g\u00f6st\u0259r\u0259n m\u0259murlar\u0131n \u0259m\u0259khaqlar\u0131n\u0131 vaxtl\u0131-vaxt\u0131nda \u00f6d\u0259y\u0259 bilmir. Bu g\u00fcn imkans\u0131zl\u0131q s\u0259b\u0259bind\u0259n Az\u0259rbaycan\u0131n Yaponiya, Avstraliya, Kanada, Niderland Krall\u0131\u011f\u0131ndak\u0131 s\u0259firlikl\u0259rind\u0259 \u00e7al\u0131\u015fan diplomatlar geri \u00e7a\u011f\u0131r\u0131l\u0131b. H\u0259r bir s\u0259firlikd\u0259 bir v\u0259 ya iki diplomat f\u0259aliyy\u0259t g\u00f6st\u0259rir. \u00d6z diplomat\u0131n\u0131n maa\u015f\u0131n\u0131 ver\u0259 bilm\u0259y\u0259n h\u00f6kum\u0259t xaricd\u0259 \u201cf\u0259aliyy\u0259t\u201d g\u00f6st\u0259r\u0259n az\u0259rbaycanl\u0131lara nec\u0259 yard\u0131m ed\u0259 bil\u0259r? Geri qay\u0131dan diplomatlar da Xarici \u0130\u015fl\u0259r Nazirliyind\u0259 i\u015f\u0259 t\u0259yin oluna bilmir v\u0259 k\u0259narda qal\u0131b vakansiyan\u0131n yaranaca\u011f\u0131n\u0131 g\u00f6zl\u0259yirl\u0259r. B\u00fct\u00fcn bunlar xaricd\u0259 f\u0259aliyy\u0259t g\u00f6st\u0259r\u0259n siyasi f\u0259allar\u0131 n\u0259zar\u0259td\u0259 saxlamaq imkanlar\u0131n\u0131 m\u0259hdudla\u015fd\u0131r\u0131r. Bel\u0259 olan halda, s\u0259firlikl\u0259rin f\u0259aliyy\u0259tinin m\u0259hdudla\u015fd\u0131r\u0131lmas\u0131 h\u00f6kum\u0259td\u0259n qrant alan saxta insanlar\u0131n pullar\u0131n\u0131n k\u0259sildiyi halda h\u00f6kum\u0259t\u0259 qar\u015f\u0131 f\u0259aliyy\u0259t\u0259 ba\u015flamas\u0131na s\u0259b\u0259b ola bil\u0259r&#8221;.\n<\/p>\n<\/p>\n<p>\n  <b><br \/>\n    <i><br \/>\n      &#8220;D\u0259yi\u015fiklik yaln\u0131z h\u00f6kum\u0259tin ciddi \u015f\u0259kild\u0259 narahatl\u0131\u011f\u0131ndan x\u0259b\u0259r verir&#8221;<br \/>\n    <\/i><br \/>\n  <\/b>\n<\/p>\n<p>\n  Nahid C\u0259f\u0259rovun fikdirinc\u0259, 2003-c\u00fc ild\u0259 qanun q\u0259bul edil\u0259rk\u0259n m\u0259s\u0259l\u0259nin h\u00fcquqi t\u0259r\u0259fini n\u0259z\u0259r\u0259 almay\u0131blar:\n<\/p>\n<p>\n  &#8220;Qeyd etdiyim kimi, \u00fc\u00e7\u00fcnc\u00fc qrupa aid olan insanlar\u0131n \u0259ks\u0259riyy\u0259ti ya\u015fad\u0131qlar\u0131 \u00f6lk\u0259l\u0259rd\u0259n madd\u0131 yard\u0131m alan insanlard\u0131r. Bu yard\u0131m insanlar\u0131n normal ya\u015famas\u0131 \u00fc\u00e7\u00fcn kifay\u0259t edir. \u018fg\u0259r h\u0259r hans\u0131 bir \u015f\u0259xsin dig\u0259r m\u0259nb\u0259d\u0259n g\u0259liri olsa, ona veril\u0259n maddi yard\u0131m xarici d\u00f6vl\u0259t t\u0259r\u0259find\u0259n d\u0259rhal dayand\u0131r\u0131lacaq. Dig\u0259r t\u0259r\u0259fd\u0259n, xaricd\u0259, \u0259sas\u0259n d\u0259 Avropada maddi yard\u0131m hesab\u0131na ya\u015fayan b\u00fct\u00fcn az\u0259rbaycanl\u0131lar Az\u0259rbaycanda f\u0259aliyy\u0259t g\u00f6st\u0259r\u0259n orta d\u0259r\u0259c\u0259li d\u00f6vl\u0259t qulluq\u00e7usundan qat-qat yax\u015f\u0131 ya\u015fay\u0131r. Xaricd\u0259 1 u\u015faql\u0131 ail\u0259y\u0259 orta hesabla ayda 1800 avro d\u0259y\u0259rind\u0259 yard\u0131m edilir. Bundan \u0259lav\u0259, h\u0259min \u015f\u0259xsl\u0259r t\u0259hsil v\u0259 dig\u0259r x\u0259rcl\u0259rd\u0259n azad edilir. Az\u0259rbaycanda is\u0259 insanlar yem\u0259y\u0259 \u00e7\u00f6r\u0259k tapa bilmirl\u0259r. Bel\u0259 olan halda qanuna edil\u0259n d\u0259yi\u015fiklik yaln\u0131z h\u00f6kum\u0259tin ciddi \u015f\u0259kild\u0259 narahatl\u0131\u011f\u0131ndan x\u0259b\u0259r verir. Xaricd\u0259 g\u00f6z\u0259l h\u0259yat s\u00fcr\u0259n az\u0259rbaycanl\u0131lara maddi yard\u0131m etm\u0259kd\u0259ns\u0259, h\u00f6kum\u0259t \u00f6lk\u0259d\u0259 ya\u015fayan v\u0259t\u0259nda\u015flar qar\u015f\u0131s\u0131nda \u00f6z borcunu yerin\u0259 yetirsin. \u0130nsanlar\u0131n dolan\u0131\u015f\u0131 \u00fc\u00e7\u00fcn i\u015f yerl\u0259ri a\u00e7s\u0131n, saxta v\u0259dl\u0259r verm\u0259sin&#8221;.\n<\/p>\n<p>\n  <br \/>\n  <b><br \/>\n    <i><br \/>\n      &#8220;Qanun indiy\u0259d\u0259k t\u0259tbiq olunmay\u0131b&#8221;<br \/>\n    <\/i><br \/>\n  <\/b>\n<\/p>\n<p>\n  Avropada m\u00fchacir h\u0259yat\u0131 ya\u015fayan h\u00fcquq\u00fc\u015f\u00fcnas \u018fl\u00f6vs\u0259t \u018fliyev hesab edir ki,Az\u0259rbaycanda qanunlar\u0131n t\u0259tbiqi il\u0259 ba\u011fl\u0131 ciddi probleml\u0259r m\u00f6vcuddur. Bu probleml\u0259rd\u0259n biri q\u0259bul olunan qanunun t\u0259tbiqi \u00fc\u00e7\u00fcn n\u0259z\u0259rd\u0259 tutulan maliyy\u0259 m\u0259nb\u0259yinin g\u00f6st\u0259rilm\u0259m\u0259sidir. Y\u0259ni qanun q\u0259bul edil\u0259rk\u0259n onun t\u0259tbiqi \u00fc\u00e7\u00fcn t\u0259l\u0259b olunan dig\u0259r \u015f\u0259rtl\u0259rl\u0259 b\u0259rab\u0259r, h\u0259m d\u0259 t\u0259l\u0259b olunan maliyy\u0259 v\u0259saitinin m\u0259bl\u0259\u011fi v\u0259 m\u0259nb\u0259yi g\u00f6st\u0259rilm\u0259lidir:\n<\/p>\n<p>\n  &#8220;Bu vaxta q\u0259d\u0259r t\u0259tbiq olunmayan \u201cXaricd\u0259 ya\u015fayan az\u0259rbaycanl\u0131larla ba\u011fl\u0131 d\u00f6vl\u0259t siyas\u0259ti haqq\u0131nda\u201d Qanun yanvar\u0131n 11-d\u0259 imzalanm\u0131\u015f f\u0259rmandan sonra da icra olunmayacaq. &#8220;Xaricd\u0259 ya\u015fayan az\u0259rbaycanl\u0131larla ba\u011fl\u0131 d\u00f6vl\u0259t siyas\u0259ti haqq\u0131nda&#8221; qanunun q\u0259bulu v\u0259 ona edil\u0259n d\u0259yi\u015fiklik xaricd\u0259 ya\u015fayanlara yard\u0131m \u00fc\u00e7\u00fcn deyil, Az\u0259rbaycan qanunlar\u0131n\u0131n beyn\u0259lxalq h\u00fcququn ham\u0131l\u0131qla q\u0259bul edilmi\u015f prinsip v\u0259 normalar\u0131na, Az\u0259rbaycan Respublikas\u0131n\u0131n t\u0259r\u0259fdar \u00e7\u0131xd\u0131\u011f\u0131 beyn\u0259lxalq m\u00fcqavil\u0259l\u0259r\u0259 uy\u011funla\u015fd\u0131r\u0131lmas\u0131 \u00fc\u00e7\u00fcn q\u0259bul edilib&#8221;.\n<\/p>\n<figure class=\"wp-block-image size-large\">\n  <img decoding=\"async\" src=\"https:\/\/www.meydan.tv\/az\/77350\/\" alt=\"\" class=\"wp-image-77350\"\/><figcaption>\n    \u018fl\u00f6vs\u0259t \u018fliyev foto sosial \u015f\u0259b\u0259k\u0259<br \/>\n  <\/figcaption><\/figure>\n<p>\n  O, fikrini isbatlamaq \u00fc\u00e7\u00fcn qanundan misallar g\u0259tirib:\n<\/p>\n<p>\n  &#8220;Xaricd\u0259 ya\u015fayan az\u0259rbaycanl\u0131larla ba\u011fl\u0131 qanuna g\u00f6r\u0259, Az\u0259rbaycan Respublikas\u0131, xaricd\u0259 ya\u015fayan az\u0259rbaycanl\u0131lar\u0131n \u0259sas h\u00fcquq v\u0259 azadl\u0131qlar\u0131n\u0131n h\u0259yata ke\u00e7irilm\u0259sin\u0259 v\u0259 onlar\u0131n \u00f6z milli kimliyini qoruyub saxlamas\u0131na v\u0259 inki\u015faf etdirm\u0259sin\u0259 k\u00f6m\u0259k g\u00f6st\u0259rm\u0259li;\n<\/p>\n<p>\n  \u2022 xaricd\u0259 ya\u015fayan az\u0259rbaycanl\u0131lar\u0131n Az\u0259rbaycan Respublikas\u0131n\u0131n d\u00f6vl\u0259t orqanlar\u0131, el\u0259c\u0259 d\u0259 qeyri-h\u00f6kum\u0259t t\u0259\u015fkilatlar\u0131 il\u0259 s\u0131x \u0259laq\u0259l\u0259r qurmas\u0131na v\u0259 inki\u015faf etdirm\u0259sin\u0259, Az\u0259rbaycan Respublikas\u0131n\u0131n daxili v\u0259 xarici siyas\u0259ti, \u00f6lk\u0259nin iqtisadi, sosial v\u0259 m\u0259d\u0259ni h\u0259yat\u0131 haqq\u0131nda informasiya almas\u0131na \u015f\u0259rait yaratmal\u0131;\n<\/p>\n<p>\n  \u2022 xaricd\u0259 ya\u015fayan az\u0259rbaycanl\u0131lar\u0131 Az\u0259rbaycan Respublikas\u0131n\u0131n d\u00f6vl\u0259t m\u00fcst\u0259qiliyinin v\u0259 suverenliyinin qorunmas\u0131na v\u0259 m\u00f6hk\u0259ml\u0259ndirilm\u0259sin\u0259, iqtisadi, sosial v\u0259 m\u0259d\u0259ni inki\u015faf\u0131na, c\u0259miyy\u0259tin v\u0259 d\u00f6vl\u0259tin siyasi h\u0259yat\u0131na, habel\u0259 Az\u0259rbaycan Respublikas\u0131 il\u0259 dig\u0259r d\u00f6vl\u0259tl\u0259r aras\u0131nda qar\u015f\u0131l\u0131ql\u0131 sur\u0259td\u0259 faydal\u0131 m\u00fcnasib\u0259tl\u0259rin qurulmas\u0131 v\u0259 inki\u015faf etdirilm\u0259sin\u0259 c\u0259lb etm\u0259li;\n<\/p>\n<p>\n  \u2022 beyn\u0259lxalq h\u00fcquq normalar\u0131na v\u0259 m\u00fcvafiq d\u00f6vl\u0259tl\u0259rin qanunvericiliyin\u0259 uy\u011fun olaraq, xaricd\u0259 ya\u015fayan az\u0259rbaycanl\u0131lar\u0131n milli-m\u0259d\u0259ni muxtariyy\u0259tl\u0259r v\u0259 ictimai birlikl\u0259r yaratmaq h\u00fcququnun h\u0259yata ke\u00e7irilm\u0259sin\u0259 yard\u0131m g\u00f6st\u0259rm\u0259lidir. Lakin bu vaxta kimi bunlar\u0131n hec biri icra olunmayib. Qanunun 1.2. b\u0259ndind\u0259n g\u00f6r\u00fcn\u00fcr ki, qanun xaricd\u0259 ya\u015fayan az\u0259rbaycanl\u0131lar dedikd\u0259, \u0130ran \u0130slam Respublikas\u0131nda, T\u00fcrkiy\u0259d\u0259, G\u00fcrc\u00fcstanda, Rusiya Federasiyada v\u0259 dig\u0259r \u00f6lk\u0259l\u0259rd\u0259 do\u011fulan, \u00f6z\u00fcn\u00fc az\u0259rbaycanl\u0131 sayan v\u0259 azt\u0259minatl\u0131 hesab edil\u0259n h\u0259r k\u0259s\u0259 t\u0259tbiq edilm\u0259lidir. Bu, reall\u0131qdan \u00e7ox uzaqd\u0131r. Bundan ba\u015fqa, \u0259ks\u0259r xarici \u00f6lk\u0259l\u0259rd\u0259 ya\u015fayan v\u0259 h\u0259min \u00f6lk\u0259l\u0259rin qanunlar\u0131na g\u00f6r\u0259, azt\u0259minatl\u0131 hesab edil\u0259n v\u0259 sosial yard\u0131m alan az\u0259rbaycanl\u0131lar\u0131n ald\u0131qlar\u0131 yard\u0131m Az\u0259rbaycan Respublikas\u0131 v\u0259t\u0259nda\u015flar\u0131n\u0131n ald\u0131qlar\u0131 orta ayl\u0131q \u0259m\u0259k haqq\u0131ndan y\u00fcks\u0259kdir. Bel\u0259 \u015f\u0259xsl\u0259r\u0259 m\u00fcnasib\u0259td\u0259 qanunun nec\u0259 t\u0259tbiq edil\u0259c\u0259yi m\u00fc\u0259yy\u0259n edilm\u0259yib&#8221;.\n<\/p>\n<p>\n  <b><br \/>\n    <i><br \/>\n      Vahid sistem problemi<br \/>\n    <\/i><br \/>\n  <\/b>\n<\/p>\n<p>\n  \u018fl\u00f6vs\u0259t \u018fliyev bildirib ki, ba\u015fqa bir problem xaricd\u0259 ya\u015fayan az\u0259rbaycanl\u0131lar\u0131n bu vaxta q\u0259d\u0259r qeydiyyat\u0131n\u0131n apar\u0131lmamas\u0131 v\u0259 bununla ba\u011fl\u0131 vahid bir sistemin olmama\u011f\u0131 il\u0259 ba\u011fl\u0131d\u0131r:\n<\/p>\n<p>\n  &#8220;Bu g\u00fcn konsulluqlar diplomatik korpusun \u0259m\u0259kda\u015flar\u0131n\u0131n, onlar\u0131n ail\u0259 \u00fczvl\u0259rinin, hakimiyy\u0259tin m\u00fcxt\u0259lif sah\u0259l\u0259r \u00fczr\u0259 t\u0259msil\u00e7il\u0259rinin, \u0259n yax\u015f\u0131 halda m\u00fc\u0259yy\u0259n qrup t\u0259l\u0259b\u0259l\u0259rin qeydiyyat\u0131n\u0131 apar\u0131r. H\u0259tta humanitar \u0259saslarla Avropada m\u0259skunla\u015fm\u0131\u015f y\u00fczl\u0259rl\u0259 v\u0259t\u0259nda\u015f konsulluq qeydiyyat\u0131nda deyil. Qeydiyyatda olmayan \u015f\u0259xsl\u0259rin ehtiyaclar\u0131n\u0131n m\u00fc\u0259yy\u0259n olunmas\u0131 is\u0259 m\u00fcmk\u00fcn deyil. H\u0259tta konsulluq t\u0259r\u0259find\u0259n qeydiyyata al\u0131nanlar\u0131n da azt\u0259minatl\u0131 olub-olmad\u0131\u011f\u0131n\u0131 m\u00fc\u0259yy\u0259nl\u0259\u015fdirm\u0259k imkans\u0131zd\u0131r. \u00c7\u00fcnki qeydiyyatla ba\u011fl\u0131 doldurulan anket formalar\u0131nda \u015f\u0259xsin g\u0259lirl\u0259ri v\u0259 \u0259mlak v\u0259ziyy\u0259ti bar\u0259d\u0259 m\u0259lumatlar \u0259ks olunmay\u0131b&#8221;.\n<\/p>\n<p>\n  <b><br \/>\n    <i><br \/>\n      &#8220;H\u0259r g\u00fcn ayr\u0131-se\u00e7kiliyin \u015fahidi oluruq&#8221;<br \/>\n    <\/i><br \/>\n  <\/b>\n<\/p>\n<p>\n  H\u00fcquq\u015f\u00fcnas hesab edir ki, bu qanun t\u0259tbiq olunacaqsa, onda Diaspora Komit\u0259si xaricd\u0259 yeni \u0259m\u0259kda\u015flar i\u015f\u0259 g\u00f6t\u00fcrm\u0259li v\u0259 onlar bu f\u0259aliyy\u0259tl\u0259 ciddi m\u0259\u015f\u011ful olmal\u0131d\u0131r. Bu is\u0259 haz\u0131rda \u00e7\u0259tin iqtisadi v\u0259ziyy\u0259td\u0259 olan Az\u0259rbaycan \u00fc\u00e7\u00fcn \u0259lveri\u015fli deyil:\n<\/p>\n<p>\n  &#8220;T\u0259bii ki, h\u0259r bir d\u00f6vl\u0259t, o c\u00fcml\u0259d\u0259n Az\u0259rbaycan harada ya\u015famas\u0131ndan as\u0131l\u0131 olmayaraq, \u00f6z v\u0259t\u0259nda\u015f\u0131n\u0131 m\u00fcdafi\u0259 etm\u0259li v\u0259 onun ehtiyaclar\u0131n\u0131 t\u0259min etm\u0259lidir. Lakin hesab edir\u0259m ki, bu edil\u0259n d\u0259yi\u015fiklikl\u0259r yaln\u0131z g\u00f6st\u0259rici xatirin\u0259dir v\u0259 Diaspora Komit\u0259sin\u0259 f\u0259rmanda n\u0259z\u0259rd\u0259 tutuldu\u011fu kimi maliyy\u0259 ayr\u0131lacaqsa, bu maliyy\u0259 xaricd\u0259 ya\u015fayan azt\u0259minatl\u0131 ail\u0259l\u0259r\u0259 deyil, ba\u015fqa m\u0259qs\u0259dl\u0259r\u0259 x\u0259rcl\u0259n\u0259c\u0259k v\u0259 d\u00f6vl\u0259t b\u00fcdc\u0259sin\u0259 ciddi ziyan d\u0259y\u0259c\u0259k. Qanuna \u011f\u00f6r\u0259 Az\u0259rbaycan Respublikas\u0131n\u0131n v\u0259t\u0259nda\u015f\u0131 olan v\u0259 onun \u0259razisind\u0259n k\u0259narda m\u00fcv\u0259qq\u0259ti v\u0259 ya daimi ya\u015fayan az\u0259rbaycanl\u0131lar Az\u0259rbaycan Respublikas\u0131n\u0131n \u0259razisind\u0259 ya\u015fayan Az\u0259rbaycan Respublikas\u0131 v\u0259t\u0259nda\u015flar\u0131 il\u0259 b\u0259rab\u0259r h\u00fcquqlara malikdir v\u0259 b\u0259rab\u0259r v\u0259zif\u0259l\u0259r da\u015f\u0131y\u0131rlar. Lakin \u0259slind\u0259, bu, bel\u0259 deyil. H\u0259r g\u00fcn Az\u0259rbaycan Respublikas\u0131n\u0131n h\u00fcdudlar\u0131ndan k\u0259narda ya\u015fayan v\u0259t\u0259nda\u015flar\u0131m\u0131za \u015f\u0259xsiyy\u0259t v\u0259siq\u0259l\u0259rinin v\u0259 pasportlar\u0131n verilm\u0259sind\u0259, konsulluq xidm\u0259tl\u0259ri zaman\u0131 \u00f6d\u0259nil\u0259n d\u00f6vl\u0259t r\u00fcsumlar\u0131n\u0131n m\u0259bl\u0259\u011find\u0259 biz bu ayr\u0131-se\u00e7kiliyin \u015fahidi oluruq. Qanuna g\u00f6r\u0259, Az\u0259rbaycan Respublikas\u0131 dig\u0259r d\u00f6vl\u0259tin v\u0259t\u0259nda\u015f\u0131 olan v\u0259 ya v\u0259t\u0259nda\u015fl\u0131\u011f\u0131 olmayan xaricd\u0259 ya\u015fayan az\u0259rbaycanl\u0131larla b\u00fct\u00fcn sah\u0259l\u0259rd\u0259 \u0259laq\u0259l\u0259rin saxlanmas\u0131na v\u0259 inki\u015faf etdirilm\u0259sin\u0259 k\u00f6m\u0259k g\u00f6st\u0259rir, onlar\u0131n \u0259sas h\u00fcquq v\u0259 azadl\u0131qlar\u0131n\u0131n m\u00fcdafi\u0259si \u00fc\u00e7\u00fcn m\u00fcvafiq t\u0259dbirl\u0259r g\u00f6r\u00fcr. Amma bu, \u0259slind\u0259 \u00f6l\u00fc normadan ba\u015fqa bir \u015fey deyil.\n<\/p>\n<p>\n  Xaricd\u0259 ya\u015fayan az\u0259rbaycanl\u0131lar haqq\u0131nda qanunun 5.1. madd\u0259sin\u0259 g\u00f6r\u0259, Az\u0259rbaycan Respublikas\u0131 v\u0259t\u0259nda\u015f\u0131n\u0131n xarici d\u00f6vl\u0259tin \u0259razisind\u0259 ya\u015fama Az\u0259rbaycan Respublikas\u0131 v\u0259t\u0259nda\u015fl\u0131\u011f\u0131n\u0131n xitam\u0131na s\u0259b\u0259b olmur. \u018fslind\u0259 is\u0259 v\u0259t\u0259nda\u015fl\u0131q haqq\u0131nda qanunda 2014-c\u00fc ild\u0259 edil\u0259n d\u0259yi\u015fiklikl\u0259r bu norma il\u0259 daban-dabana ziddiyy\u0259t t\u0259\u015fkil edir. Y\u0259qin ki, n\u00f6vb\u0259ti \u00e7\u0131x\u0131\u015f\u00e7\u0131lar bu m\u0259s\u0259l\u0259y\u0259 detall\u0131 qiym\u0259t ver\u0259c\u0259kl\u0259r&#8221;.\n<\/p>\n<p>\n  Onun fikrinc\u0259, m\u00fcvafiq icra hakimiyy\u0259ti orqan\u0131 xaricd\u0259 ya\u015fayan az\u0259rbaycanl\u0131lar\u0131n v\u0259ziyy\u0259ti handa informasiyan\u0131n toplanmas\u0131n\u0131, t\u0259hlilini v\u0259 qiym\u0259tl\u0259ndirilm\u0259sini v\u0259 bu m\u0259qs\u0259dl\u0259 x\u00fcsusi m\u0259lumat bank\u0131n\u0131n yarad\u0131lmas\u0131n\u0131 t\u0259min etm\u0259lidir. Ancaq bu vaxta kimi bel\u0259 bir layih\u0259 icra olunmay\u0131b v\u0259 xaricd\u0259 ya\u015fayan az\u0259rbaycanl\u0131lar haqq\u0131nda t\u0259qribi d\u0259 olsa, statistik m\u0259lumat yoxdur.\n<\/p>\n<p>\n  \u018fl\u00f6vs\u0259t \u018fliyevin s\u00f6zl\u0259rin\u0259 g\u00f6r\u0259, Xarici \u0130\u015fl\u0259r Nazirliyinin v\u0259 dig\u0259r d\u00f6vl\u0259t orqanlar\u0131n\u0131n da xaricd\u0259 m\u0259skunla\u015fan az\u0259rbaycanl\u0131larla ba\u011fl\u0131 f\u0259aliyy\u0259tind\u0259 kifay\u0259t q\u0259d\u0259r n\u00f6qsanlar m\u00f6vcuddur:\n<\/p>\n<p>\n  &#8220;Hesab edir\u0259m ki, onlar\u0131n da f\u0259aliyy\u0259tl\u0259ri ara\u015fd\u0131r\u0131lmal\u0131 v\u0259 m\u00f6vcud n\u00f6qsanlar aradan qald\u0131r\u0131lmas\u0131 t\u0259min edilm\u0259lidir&#8221;.\n<\/p>\n<p>\n  <b><br \/>\n    <i><br \/>\n      &#8220;G\u00f6r\u00fcn\u00fcr, h\u00f6kum\u0259tin xaricd\u0259 ya\u015fayan az\u0259rbaycanl\u0131larla ba\u011fl\u0131 m\u00fc\u0259yy\u0259n planlar\u0131 var&#8221;<br \/>\n    <\/i><br \/>\n  <\/b>\n<\/p>\n<p>\n  \u201cXaricd\u0259 ya\u015fayan az\u0259rbaycanl\u0131larla ba\u011fl\u0131 d\u00f6vl\u0259t siyas\u0259ti haqq\u0131nda\u201d Az\u0259rbaycan Respublikas\u0131n\u0131n Qanununun haz\u0131rlanmas\u0131nda i\u015ftirak etdiyini xat\u0131rladan Hollandiyada ya\u015fayan m\u00fchacir, h\u00fcquq\u015f\u00fcnas Ataxan \u018fbilov deyir ki, h\u0259l\u0259 2002-ci ild\u0259 qanunun i\u015fl\u0259nm\u0259y\u0259c\u0259yi, deklorativ xarakter da\u015f\u0131yaca\u011f\u0131 b\u0259lli idi:\n<\/p>\n<p>\n  &#8220;Ke\u00e7\u0259n m\u00fcdd\u0259t \u0259rzind\u0259 qanunun hans\u0131sa formada t\u0259tbiqil\u0259 ba\u011fl\u0131 h\u0259r hans\u0131 t\u0259cr\u00fcb\u0259nin olmas\u0131 haqda informasiyaya rast g\u0259lm\u0259mi\u015f\u0259m. Bu fakt kifay\u0259t edir ki, h\u0259min qanunu bir s\u0131ra di\u011f\u0259r qanunlar\u0131m\u0131z kimi \u00f6l\u00fc qanun adland\u0131raq. Ke\u00e7\u0259n illin ax\u0131rlar\u0131ndan etibar\u0259n bu qanun \u0259traf\u0131nda m\u00fc\u0259yy\u0259n g\u0259li\u015fm\u0259l\u0259r ba\u015f verir. G\u00f6r\u00fcn\u00fcr, h\u00f6kum\u0259tin xaricd\u0259 ya\u015fayan az\u0259rbaycanl\u0131larla ba\u011fl\u0131 m\u00fc\u0259yy\u0259n planlar\u0131 var. M\u0259lumdur ki, ke\u00e7\u0259n ilin ax\u0131rlar\u0131nda qanuna d\u0259yi\u015fiklik edilib, bug\u00fcnl\u0259rd\u0259 is\u0259 s\u0259n\u0259din yeni variant\u0131n\u0131n t\u0259tbiqil\u0259 ba\u011fl\u0131 prezident f\u0259rman\u0131 imzalan\u0131b&#8221;.<\/p>\n<p>  H\u00fcquq\u015f\u00fcnas bildirib ki, yeni d\u0259yi\u015filikl\u0259rin m\u0259\u011fzi xaricd\u0259 ya\u015fayan azt\u0259minatl\u0131 az\u0259rbaycanl\u0131lara sosial yard\u0131m g\u00f6st\u0259rilm\u0259sil\u0259 ba\u011fl\u0131 oldu\u011fundan m\u00fcvafiq icra hakimiyy\u0259ti orqan\u0131 bir s\u0131ra m\u0259s\u0259l\u0259l\u0259r\u0259 ayd\u0131nl\u0131q g\u0259tirm\u0259lidir:\n<\/p>\n<figure class=\"wp-block-image size-large\">\n  <img decoding=\"async\" src=\"https:\/\/www.meydan.tv\/az\/77353\/\" alt=\"\" class=\"wp-image-77353\"\/><figcaption>\n    Ataxan \u018fbilov foto sosial \u015f\u0259b\u0259k\u0259<br \/>\n  <\/figcaption><\/figure>\n<p>\n  &#8220;\u018fvv\u0259la, qanunun 1-ci madd\u0259sind\u0259 \u201caz\u0259rbaycanl\u0131\u201d anlay\u0131\u015f\u0131n\u0131n geni\u015f spekteri m\u00fc\u0259yy\u0259n edilib. Bura t\u0259k AR v\u0259t\u0259nda\u015flar\u0131 deyil, h\u0259m d\u0259 \u0259vv\u0259ll\u0259r Az\u0259rbaycan SSR-nin v\u0259 ya Az\u0259rbaycan Respublikas\u0131n\u0131n v\u0259t\u0259nda\u015flar\u0131 olmu\u015f \u015f\u0259xsl\u0259r v\u0259 onlar\u0131n \u00f6vladlar\u0131, habel\u0259 etnik, dil,m\u0259d\u0259niyy\u0259t v\u0259 ya tarixi \u0259laq\u0259l\u0259r bax\u0131m\u0131ndan \u00f6z\u00fcn\u00fc az\u0259rbaycanl\u0131 hesab ed\u0259n \u015f\u0259xsl\u0259r v\u0259 onlar\u0131n \u00f6vladlar\u0131 \u015famil olunur. D\u00fcnyaboyu bu \u015f\u0259xsl\u0259ri m\u00fc\u0259yy\u0259n edib, ortaya \u00e7\u0131xarma mexanizminin hans\u0131 formada olmas\u0131 maraq do\u011furur. Dig\u0259r m\u0259s\u0259l\u0259 \u201cazt\u0259minatl\u0131\u201dl\u0131q kriteriyas\u0131la ba\u011fl\u0131d\u0131r.\u201cAzt\u0259minatl\u0131\u201dl\u0131\u011f\u0131n m\u00fc\u0259yy\u0259n edilm\u0259si zaman\u0131 hans\u0131 d\u00f6vl\u0259tin &#8211; Az\u0259rbaycan\u0131n v\u0259 yaxud az\u0259rbaycanl\u0131n\u0131n ya\u015fad\u0131\u011f\u0131 \u00f6lk\u0259nin standartlar\u0131 \u0259sas g\u00f6t\u00fcr\u00fcl\u0259c\u0259k? M\u0259lumdur ki, Avropan\u0131n bir s\u0131ra d\u00f6vl\u0259tl\u0259rind\u0259 ayl\u0131q 1000 avrodan az g\u0259liri olan \u015f\u0259xs azt\u0259minatl\u0131 hesab edilir. Az\u0259rbaycanda v\u0259 bir s\u0131ra iqtisadi c\u0259h\u0259td\u0259n gerid\u0259 qalan d\u00f6vl\u0259tl\u0259rd\u0259 is\u0259 bu m\u0259bl\u0259\u011f \u00e7ox a\u015fa\u011f\u0131d\u0131r.\n<\/p>\n<p>\n  B\u0259ri ba\u015fdan is\u0259 bir \u015feyi d\u0259qiq dem\u0259k m\u00fcmk\u00fcnd\u00fcr ki, xarici \u00f6lk\u0259l\u0259r\u0259 s\u0131\u011f\u0131nm\u0131\u015f Az\u0259rbaycan Respublikas\u0131ndan olan siyasi qa\u00e7q\u0131nlara bu qanunun t\u0259klif etdiyi sosial yard\u0131m \u015famil edil\u0259 bilm\u0259z. Bunu m\u00fcvafiq beyn\u0259lxalq h\u00fcquq normalar\u0131 qada\u011fan edir&#8221;.<\/p>\n","protected":false},"excerpt":{"rendered":"<p>&#8221;Qeydiyyatda olmayan \u015f\u0259xsl\u0259rin ehtiyaclar\u0131n\u0131n m\u00fc\u0259yy\u0259n olunmas\u0131 m\u00fcmk\u00fcn deyil&#8221;<\/p>\n","protected":false},"author":11,"featured_media":77344,"comment_status":"closed","ping_status":"open","sticky":false,"template":"","format":"standard","meta":{"_acf_changed":false,"_sitemap_exclude":false,"_sitemap_priority":"","_sitemap_frequency":"","footnotes":""},"categories":[51],"tags":[],"class_list":["post-181858","post","type-post","status-publish","format-standard","has-post-thumbnail","hentry","category-analitika","infinite-scroll-item","generate-columns","tablet-grid-50","mobile-grid-100","grid-parent","grid-33","no-featured-image-padding"],"acf":[],"yoast_head":"<!-- This site is optimized with the Yoast SEO plugin v27.5 - https:\/\/yoast.com\/product\/yoast-seo-wordpress\/ -->\n<title>Xaricd\u0259ki imkans\u0131z az\u0259rbaycanl\u0131 nec\u0259 m\u00fc\u0259yy\u0259nl\u0259\u015f\u0259c\u0259k? - MEYDAN.TV<\/title>\n<meta name=\"robots\" content=\"index, follow, max-snippet:-1, max-image-preview:large, max-video-preview:-1\" \/>\n<link rel=\"canonical\" href=\"https:\/\/www.meydan.tv\/az\/article\/xaricdeki-imkansiz-azerbaycanli-nece-mueyyenlesecek\/\" \/>\n<meta property=\"og:locale\" content=\"az_AZ\" \/>\n<meta property=\"og:type\" content=\"article\" \/>\n<meta property=\"og:title\" content=\"Xaricd\u0259ki imkans\u0131z az\u0259rbaycanl\u0131 nec\u0259 m\u00fc\u0259yy\u0259nl\u0259\u015f\u0259c\u0259k? - MEYDAN.TV\" \/>\n<meta property=\"og:description\" content=\"&#039;&#039;Qeydiyyatda olmayan \u015f\u0259xsl\u0259rin ehtiyaclar\u0131n\u0131n m\u00fc\u0259yy\u0259n olunmas\u0131 m\u00fcmk\u00fcn deyil&#039;&#039;\" \/>\n<meta property=\"og:url\" content=\"https:\/\/www.meydan.tv\/az\/article\/xaricdeki-imkansiz-azerbaycanli-nece-mueyyenlesecek\/\" \/>\n<meta property=\"og:site_name\" content=\"MEYDAN.TV\" \/>\n<meta property=\"article:published_time\" content=\"2017-01-13T18:40:37+00:00\" \/>\n<meta property=\"og:image\" content=\"https:\/\/www.meydan.tv\/wp-content\/uploads\/29998.jpg\" \/>\n\t<meta property=\"og:image:width\" content=\"1000\" \/>\n\t<meta property=\"og:image:height\" content=\"652\" \/>\n\t<meta property=\"og:image:type\" content=\"image\/jpeg\" \/>\n<meta name=\"author\" content=\"user-manager\" \/>\n<meta name=\"twitter:card\" content=\"summary_large_image\" \/>\n<script type=\"application\/ld+json\" class=\"yoast-schema-graph\">{\"@context\":\"https:\\\/\\\/schema.org\",\"@graph\":[{\"@type\":\"Article\",\"@id\":\"https:\\\/\\\/www.meydan.tv\\\/az\\\/article\\\/xaricdeki-imkansiz-azerbaycanli-nece-mueyyenlesecek\\\/#article\",\"isPartOf\":{\"@id\":\"https:\\\/\\\/www.meydan.tv\\\/az\\\/article\\\/xaricdeki-imkansiz-azerbaycanli-nece-mueyyenlesecek\\\/\"},\"author\":{\"name\":\"user-manager\",\"@id\":\"https:\\\/\\\/www.meydan.tv\\\/az\\\/#\\\/schema\\\/person\\\/10d11eccf6da3662cf5fdab9806ea91a\"},\"headline\":\"Xaricd\u0259ki imkans\u0131z az\u0259rbaycanl\u0131 nec\u0259 m\u00fc\u0259yy\u0259nl\u0259\u015f\u0259c\u0259k?\",\"datePublished\":\"2017-01-13T18:40:37+00:00\",\"mainEntityOfPage\":{\"@id\":\"https:\\\/\\\/www.meydan.tv\\\/az\\\/article\\\/xaricdeki-imkansiz-azerbaycanli-nece-mueyyenlesecek\\\/\"},\"wordCount\":3127,\"publisher\":{\"@id\":\"https:\\\/\\\/www.meydan.tv\\\/az\\\/#organization\"},\"image\":{\"@id\":\"https:\\\/\\\/www.meydan.tv\\\/az\\\/article\\\/xaricdeki-imkansiz-azerbaycanli-nece-mueyyenlesecek\\\/#primaryimage\"},\"thumbnailUrl\":\"https:\\\/\\\/www.meydan.tv\\\/wp-content\\\/uploads\\\/29998.jpg\",\"articleSection\":[\"Analitika\"],\"inLanguage\":\"az\"},{\"@type\":\"WebPage\",\"@id\":\"https:\\\/\\\/www.meydan.tv\\\/az\\\/article\\\/xaricdeki-imkansiz-azerbaycanli-nece-mueyyenlesecek\\\/\",\"url\":\"https:\\\/\\\/www.meydan.tv\\\/az\\\/article\\\/xaricdeki-imkansiz-azerbaycanli-nece-mueyyenlesecek\\\/\",\"name\":\"Xaricd\u0259ki imkans\u0131z az\u0259rbaycanl\u0131 nec\u0259 m\u00fc\u0259yy\u0259nl\u0259\u015f\u0259c\u0259k? - MEYDAN.TV\",\"isPartOf\":{\"@id\":\"https:\\\/\\\/www.meydan.tv\\\/az\\\/#website\"},\"primaryImageOfPage\":{\"@id\":\"https:\\\/\\\/www.meydan.tv\\\/az\\\/article\\\/xaricdeki-imkansiz-azerbaycanli-nece-mueyyenlesecek\\\/#primaryimage\"},\"image\":{\"@id\":\"https:\\\/\\\/www.meydan.tv\\\/az\\\/article\\\/xaricdeki-imkansiz-azerbaycanli-nece-mueyyenlesecek\\\/#primaryimage\"},\"thumbnailUrl\":\"https:\\\/\\\/www.meydan.tv\\\/wp-content\\\/uploads\\\/29998.jpg\",\"datePublished\":\"2017-01-13T18:40:37+00:00\",\"breadcrumb\":{\"@id\":\"https:\\\/\\\/www.meydan.tv\\\/az\\\/article\\\/xaricdeki-imkansiz-azerbaycanli-nece-mueyyenlesecek\\\/#breadcrumb\"},\"inLanguage\":\"az\",\"potentialAction\":[{\"@type\":\"ReadAction\",\"target\":[\"https:\\\/\\\/www.meydan.tv\\\/az\\\/article\\\/xaricdeki-imkansiz-azerbaycanli-nece-mueyyenlesecek\\\/\"]}]},{\"@type\":\"ImageObject\",\"inLanguage\":\"az\",\"@id\":\"https:\\\/\\\/www.meydan.tv\\\/az\\\/article\\\/xaricdeki-imkansiz-azerbaycanli-nece-mueyyenlesecek\\\/#primaryimage\",\"url\":\"https:\\\/\\\/www.meydan.tv\\\/wp-content\\\/uploads\\\/29998.jpg\",\"contentUrl\":\"https:\\\/\\\/www.meydan.tv\\\/wp-content\\\/uploads\\\/29998.jpg\",\"width\":1000,\"height\":652,\"caption\":\"Source:\"},{\"@type\":\"BreadcrumbList\",\"@id\":\"https:\\\/\\\/www.meydan.tv\\\/az\\\/article\\\/xaricdeki-imkansiz-azerbaycanli-nece-mueyyenlesecek\\\/#breadcrumb\",\"itemListElement\":[{\"@type\":\"ListItem\",\"position\":1,\"name\":\"Ana s\u0259hif\u0259\",\"item\":\"https:\\\/\\\/www.meydan.tv\\\/az\\\/\"},{\"@type\":\"ListItem\",\"position\":2,\"name\":\"Analitika\",\"item\":\"https:\\\/\\\/www.meydan.tv\\\/az\\\/section\\\/analitika\\\/\"},{\"@type\":\"ListItem\",\"position\":3,\"name\":\"Xaricd\u0259ki imkans\u0131z az\u0259rbaycanl\u0131 nec\u0259 m\u00fc\u0259yy\u0259nl\u0259\u015f\u0259c\u0259k?\"}]},{\"@type\":\"WebSite\",\"@id\":\"https:\\\/\\\/www.meydan.tv\\\/az\\\/#website\",\"url\":\"https:\\\/\\\/www.meydan.tv\\\/az\\\/\",\"name\":\"MEYDAN.TV\",\"description\":\"Meydan TV Az\u0259rbaycan\u0131n media m\u0259kan\u0131ndak\u0131 alternativ s\u0259sidir\",\"publisher\":{\"@id\":\"https:\\\/\\\/www.meydan.tv\\\/az\\\/#organization\"},\"potentialAction\":[{\"@type\":\"SearchAction\",\"target\":{\"@type\":\"EntryPoint\",\"urlTemplate\":\"https:\\\/\\\/www.meydan.tv\\\/az\\\/?s={search_term_string}\"},\"query-input\":{\"@type\":\"PropertyValueSpecification\",\"valueRequired\":true,\"valueName\":\"search_term_string\"}}],\"inLanguage\":\"az\"},{\"@type\":\"Organization\",\"@id\":\"https:\\\/\\\/www.meydan.tv\\\/az\\\/#organization\",\"name\":\"Meydan TV\",\"url\":\"https:\\\/\\\/www.meydan.tv\\\/az\\\/\",\"logo\":{\"@type\":\"ImageObject\",\"inLanguage\":\"az\",\"@id\":\"https:\\\/\\\/www.meydan.tv\\\/az\\\/#\\\/schema\\\/logo\\\/image\\\/\",\"url\":\"https:\\\/\\\/www.meydan.tv\\\/wp-content\\\/uploads\\\/2021\\\/07\\\/meydan-logo.svg\",\"contentUrl\":\"https:\\\/\\\/www.meydan.tv\\\/wp-content\\\/uploads\\\/2021\\\/07\\\/meydan-logo.svg\",\"width\":195,\"height\":46,\"caption\":\"Meydan TV\"},\"image\":{\"@id\":\"https:\\\/\\\/www.meydan.tv\\\/az\\\/#\\\/schema\\\/logo\\\/image\\\/\"}},{\"@type\":\"Person\",\"@id\":\"https:\\\/\\\/www.meydan.tv\\\/az\\\/#\\\/schema\\\/person\\\/10d11eccf6da3662cf5fdab9806ea91a\",\"name\":\"user-manager\"}]}<\/script>\n<!-- \/ Yoast SEO plugin. -->","yoast_head_json":{"title":"Xaricd\u0259ki imkans\u0131z az\u0259rbaycanl\u0131 nec\u0259 m\u00fc\u0259yy\u0259nl\u0259\u015f\u0259c\u0259k? - MEYDAN.TV","robots":{"index":"index","follow":"follow","max-snippet":"max-snippet:-1","max-image-preview":"max-image-preview:large","max-video-preview":"max-video-preview:-1"},"canonical":"https:\/\/www.meydan.tv\/az\/article\/xaricdeki-imkansiz-azerbaycanli-nece-mueyyenlesecek\/","og_locale":"az_AZ","og_type":"article","og_title":"Xaricd\u0259ki imkans\u0131z az\u0259rbaycanl\u0131 nec\u0259 m\u00fc\u0259yy\u0259nl\u0259\u015f\u0259c\u0259k? - MEYDAN.TV","og_description":"''Qeydiyyatda olmayan \u015f\u0259xsl\u0259rin ehtiyaclar\u0131n\u0131n m\u00fc\u0259yy\u0259n olunmas\u0131 m\u00fcmk\u00fcn deyil''","og_url":"https:\/\/www.meydan.tv\/az\/article\/xaricdeki-imkansiz-azerbaycanli-nece-mueyyenlesecek\/","og_site_name":"MEYDAN.TV","article_published_time":"2017-01-13T18:40:37+00:00","og_image":[{"width":1000,"height":652,"url":"https:\/\/www.meydan.tv\/wp-content\/uploads\/29998.jpg","type":"image\/jpeg"}],"author":"user-manager","twitter_card":"summary_large_image","schema":{"@context":"https:\/\/schema.org","@graph":[{"@type":"Article","@id":"https:\/\/www.meydan.tv\/az\/article\/xaricdeki-imkansiz-azerbaycanli-nece-mueyyenlesecek\/#article","isPartOf":{"@id":"https:\/\/www.meydan.tv\/az\/article\/xaricdeki-imkansiz-azerbaycanli-nece-mueyyenlesecek\/"},"author":{"name":"user-manager","@id":"https:\/\/www.meydan.tv\/az\/#\/schema\/person\/10d11eccf6da3662cf5fdab9806ea91a"},"headline":"Xaricd\u0259ki imkans\u0131z az\u0259rbaycanl\u0131 nec\u0259 m\u00fc\u0259yy\u0259nl\u0259\u015f\u0259c\u0259k?","datePublished":"2017-01-13T18:40:37+00:00","mainEntityOfPage":{"@id":"https:\/\/www.meydan.tv\/az\/article\/xaricdeki-imkansiz-azerbaycanli-nece-mueyyenlesecek\/"},"wordCount":3127,"publisher":{"@id":"https:\/\/www.meydan.tv\/az\/#organization"},"image":{"@id":"https:\/\/www.meydan.tv\/az\/article\/xaricdeki-imkansiz-azerbaycanli-nece-mueyyenlesecek\/#primaryimage"},"thumbnailUrl":"https:\/\/www.meydan.tv\/wp-content\/uploads\/29998.jpg","articleSection":["Analitika"],"inLanguage":"az"},{"@type":"WebPage","@id":"https:\/\/www.meydan.tv\/az\/article\/xaricdeki-imkansiz-azerbaycanli-nece-mueyyenlesecek\/","url":"https:\/\/www.meydan.tv\/az\/article\/xaricdeki-imkansiz-azerbaycanli-nece-mueyyenlesecek\/","name":"Xaricd\u0259ki imkans\u0131z az\u0259rbaycanl\u0131 nec\u0259 m\u00fc\u0259yy\u0259nl\u0259\u015f\u0259c\u0259k? - MEYDAN.TV","isPartOf":{"@id":"https:\/\/www.meydan.tv\/az\/#website"},"primaryImageOfPage":{"@id":"https:\/\/www.meydan.tv\/az\/article\/xaricdeki-imkansiz-azerbaycanli-nece-mueyyenlesecek\/#primaryimage"},"image":{"@id":"https:\/\/www.meydan.tv\/az\/article\/xaricdeki-imkansiz-azerbaycanli-nece-mueyyenlesecek\/#primaryimage"},"thumbnailUrl":"https:\/\/www.meydan.tv\/wp-content\/uploads\/29998.jpg","datePublished":"2017-01-13T18:40:37+00:00","breadcrumb":{"@id":"https:\/\/www.meydan.tv\/az\/article\/xaricdeki-imkansiz-azerbaycanli-nece-mueyyenlesecek\/#breadcrumb"},"inLanguage":"az","potentialAction":[{"@type":"ReadAction","target":["https:\/\/www.meydan.tv\/az\/article\/xaricdeki-imkansiz-azerbaycanli-nece-mueyyenlesecek\/"]}]},{"@type":"ImageObject","inLanguage":"az","@id":"https:\/\/www.meydan.tv\/az\/article\/xaricdeki-imkansiz-azerbaycanli-nece-mueyyenlesecek\/#primaryimage","url":"https:\/\/www.meydan.tv\/wp-content\/uploads\/29998.jpg","contentUrl":"https:\/\/www.meydan.tv\/wp-content\/uploads\/29998.jpg","width":1000,"height":652,"caption":"Source:"},{"@type":"BreadcrumbList","@id":"https:\/\/www.meydan.tv\/az\/article\/xaricdeki-imkansiz-azerbaycanli-nece-mueyyenlesecek\/#breadcrumb","itemListElement":[{"@type":"ListItem","position":1,"name":"Ana s\u0259hif\u0259","item":"https:\/\/www.meydan.tv\/az\/"},{"@type":"ListItem","position":2,"name":"Analitika","item":"https:\/\/www.meydan.tv\/az\/section\/analitika\/"},{"@type":"ListItem","position":3,"name":"Xaricd\u0259ki imkans\u0131z az\u0259rbaycanl\u0131 nec\u0259 m\u00fc\u0259yy\u0259nl\u0259\u015f\u0259c\u0259k?"}]},{"@type":"WebSite","@id":"https:\/\/www.meydan.tv\/az\/#website","url":"https:\/\/www.meydan.tv\/az\/","name":"MEYDAN.TV","description":"Meydan TV Az\u0259rbaycan\u0131n media m\u0259kan\u0131ndak\u0131 alternativ s\u0259sidir","publisher":{"@id":"https:\/\/www.meydan.tv\/az\/#organization"},"potentialAction":[{"@type":"SearchAction","target":{"@type":"EntryPoint","urlTemplate":"https:\/\/www.meydan.tv\/az\/?s={search_term_string}"},"query-input":{"@type":"PropertyValueSpecification","valueRequired":true,"valueName":"search_term_string"}}],"inLanguage":"az"},{"@type":"Organization","@id":"https:\/\/www.meydan.tv\/az\/#organization","name":"Meydan TV","url":"https:\/\/www.meydan.tv\/az\/","logo":{"@type":"ImageObject","inLanguage":"az","@id":"https:\/\/www.meydan.tv\/az\/#\/schema\/logo\/image\/","url":"https:\/\/www.meydan.tv\/wp-content\/uploads\/2021\/07\/meydan-logo.svg","contentUrl":"https:\/\/www.meydan.tv\/wp-content\/uploads\/2021\/07\/meydan-logo.svg","width":195,"height":46,"caption":"Meydan TV"},"image":{"@id":"https:\/\/www.meydan.tv\/az\/#\/schema\/logo\/image\/"}},{"@type":"Person","@id":"https:\/\/www.meydan.tv\/az\/#\/schema\/person\/10d11eccf6da3662cf5fdab9806ea91a","name":"user-manager"}]}},"_links":{"self":[{"href":"https:\/\/www.meydan.tv\/az\/wp-json\/wp\/v2\/posts\/181858","targetHints":{"allow":["GET"]}}],"collection":[{"href":"https:\/\/www.meydan.tv\/az\/wp-json\/wp\/v2\/posts"}],"about":[{"href":"https:\/\/www.meydan.tv\/az\/wp-json\/wp\/v2\/types\/post"}],"author":[{"embeddable":true,"href":"https:\/\/www.meydan.tv\/az\/wp-json\/wp\/v2\/users\/11"}],"replies":[{"embeddable":true,"href":"https:\/\/www.meydan.tv\/az\/wp-json\/wp\/v2\/comments?post=181858"}],"version-history":[{"count":0,"href":"https:\/\/www.meydan.tv\/az\/wp-json\/wp\/v2\/posts\/181858\/revisions"}],"wp:featuredmedia":[{"embeddable":true,"href":"https:\/\/www.meydan.tv\/az\/wp-json\/wp\/v2\/media\/77344"}],"wp:attachment":[{"href":"https:\/\/www.meydan.tv\/az\/wp-json\/wp\/v2\/media?parent=181858"}],"wp:term":[{"taxonomy":"category","embeddable":true,"href":"https:\/\/www.meydan.tv\/az\/wp-json\/wp\/v2\/categories?post=181858"},{"taxonomy":"post_tag","embeddable":true,"href":"https:\/\/www.meydan.tv\/az\/wp-json\/wp\/v2\/tags?post=181858"}],"curies":[{"name":"wp","href":"https:\/\/api.w.org\/{rel}","templated":true}]}}