{"id":181855,"date":"2017-01-13T17:31:00","date_gmt":"2017-01-13T17:31:00","guid":{"rendered":"https:\/\/www.meydan.tv\/article\/heykel-baba\/"},"modified":"2017-01-13T17:31:00","modified_gmt":"2017-01-13T17:31:00","slug":"heykel-baba","status":"publish","type":"post","link":"https:\/\/www.meydan.tv\/az\/article\/heykel-baba\/","title":{"rendered":"Heyk\u0259l baba"},"content":{"rendered":"<figure class=\"wp-block-image size-large\">\n  <img decoding=\"async\" src=\"https:\/\/www.meydan.tv\/az\/bilal-hesenov-2\/\" alt=\"Bilal H\u0259s\u0259nov\" class=\"wp-image-77317\"\/><figcaption>\n    Bilal H\u0259s\u0259nov<br \/>\n  <\/figcaption><\/figure>\n<figure class=\"wp-block-image size-large\">\n  <img decoding=\"async\" src=\"https:\/\/www.meydan.tv\/az\/bilal-hesenov-banner\/\" alt=\"Bilal H\u0259s\u0259nov banner\" class=\"wp-image-77323\"\/><figcaption>\n    Bilal H\u0259s\u0259nov banner<br \/>\n  <\/figcaption><\/figure>\n<p>\n  M\u0259kt\u0259b ill\u0259ri, 90-lar\u0131n sonu, \u0259d\u0259biyyat d\u0259rsi. M\u00f6vzu M\u0259h\u0259mm\u0259d H\u00fcseyn \u015e\u0259hriyar v\u0259 onun m\u0259\u015fhur &#8220;Heyd\u0259r Babaya salam&#8221; poemas\u0131d\u0131r. Q\u0131sa qeyd, m\u0259lum poema 1954-c\u00fc ild\u0259 yaz\u0131l\u0131b v\u0259 T\u0259briz yax\u0131nl\u0131\u011f\u0131nda, daha d\u0259qiq Xo\u015fgidab k\u0259ndind\u0259 yerl\u0259\u015f\u0259n Heyd\u0259r Baba da\u011f\u0131na ithafd\u0131r.\n<\/p>\n<p>\n  \u018fd\u0259biyyat m\u00fc\u0259llimimiz bir xeyli poema, \u015fair bar\u0259sind\u0259 dan\u0131\u015f\u0131b nitqini t\u0259z\u0259c\u0259 bitirmi\u015fk\u0259n, arxa partadan titr\u0259k bir \u015fagird \u0259li havaya qalxd\u0131. D\u0259rsin bitm\u0259yini bildir\u0259n z\u0259ng\u0259 az qal\u0131rd\u0131.\n<\/p>\n<p>\n  Bu \u015fagird oxumayan, amma d\u0259rsl\u0259rd\u0259 sakitc\u0259 oturan birisi idi. Ad\u0259t\u0259n ba\u015f\u0131n\u0131 a\u015fa\u011f\u0131 sal\u0131b \u0259zik-b\u00fcz\u00fck d\u0259ft\u0259rind\u0259 c\u0131zma-qara etm\u0259kl\u0259 g\u00fcnl\u0259ri yola ver\u0259rdi. El\u0259 m\u00fc\u0259lliml\u0259rd\u0259 onun m\u00fclayimliyin\u0259, dinm\u0259zliyin\u0259 \u00fc\u00e7 yaz\u0131b sinifd\u0259n sinif\u0259 \u00f6t\u00fcr\u0259rdil\u0259r. V\u0259 bu m\u0259kt\u0259bli indi \u0259lini qald\u0131r\u0131b, m\u00fc\u0259llimin susqun raz\u0131l\u0131\u011f\u0131 v\u0259 t\u0259\u0259cc\u00fcb dolu bax\u0131\u015f\u0131n\u0131n m\u00fc\u015fayi\u0259ti il\u0259 aya\u011fa qalx\u0131b, bir azca utancaq v\u0259 \u015f\u00fcbh\u0259li s\u0259sl\u0259 soru\u015fdu.\n<\/p>\n<p>\n  -M\u00fc\u0259llim, \u015e\u0259hriyar o vaxt hardan bilirdi ki, Heyd\u0259r baba g\u0259lib prezident olacaq?\n<\/p>\n<p>\n  Sorulan sual\u0131n absurdlu\u011fundan \u015foka d\u00fc\u015f\u0259n m\u00fc\u0259llimin v\u0259 m\u0259s\u0259l\u0259nin n\u0259 oldu\u011funu anlayan 8-ci sinif u\u015faqlar\u0131n\u0131n gur g\u00fcl\u00fc\u015fl\u0259ri fonunda d\u0131r\u0131lt\u0131l\u0131 m\u0259kt\u0259b z\u0259ngi \u00e7al\u0131nd\u0131. Sonralar bu hadis\u0259 m\u0259kt\u0259b\u0259 yay\u0131ld\u0131 v\u0259 uzun ill\u0259r h\u0259m m\u00fc\u0259lliml\u0259r, h\u0259m d\u0259 \u015fagirdl\u0259r aras\u0131nda l\u0259tif\u0259 kimi \u00f6z h\u0259yat\u0131n\u0131 ya\u015fad\u0131.\n<\/p>\n<p>\n  H\u0259\u0259, m\u0259nim \u0259ziz v\u0259 h\u00f6rm\u0259tli h\u0259mv\u0259t\u0259nl\u0259rim, c\u0259nablar v\u0259 xan\u0131mlar, g\u00fcn\u0259\u015fli \u00f6lk\u0259nin g\u00fcnd\u0259ym\u0259z insanlar\u0131, di ke\u00e7\u0259k \u0259sas m\u0259tl\u0259b\u0259.\n<\/p>\n<p>\n  Bug\u00fcnl\u0259rd\u0259 Almaniyada ya\u015fayan soyda\u015f\u0131m\u0131z, rep\u00e7i-rok\u00e7u-musiqi\u00e7i \u018fli Camal &#8220;Heyk\u0259l baba&#8221; klipini &#8220;Youtube&#8221;-da payla\u015fd\u0131. Sonras\u0131n\u0131 is\u0259 onsuz da \u00f6z\u00fcn\u00fcz bilirsiniz.<br \/>\n  <br \/>\n  Bilirsiniz dey\u0259nd\u0259, m\u00fcraci\u0259timi az-\u00e7ox, pis-yax\u015f\u0131 bu \u00f6lk\u0259nin g\u00fcnd\u0259mi il\u0259 maraqlanan, v\u0259t\u0259nda\u015f m\u00f6vqeyi g\u00f6st\u0259r\u0259n v\u0259 sosial \u015f\u0259b\u0259k\u0259l\u0259rd\u0259 aktivliyi il\u0259 se\u00e7il\u0259n balaca \u00e7evr\u0259y\u0259 \u00fcnvanlay\u0131ram. Bu akademik \u00e7evr\u0259nin insanlar\u0131n\u0131 dey\u0259 bilm\u0259r\u0259m, amma ilk d\u0259f\u0259 klip\u0259 qulaq asanda, m\u0259n he\u00e7 n\u0259 anlamad\u0131m. Yaln\u0131z musiqinin ritmini b\u0259y\u0259ndim. \u018flimi \u00fcr\u0259yimin \u00fcst\u00fcn\u0259 qoyub, tam s\u0259mimi etiraf edir\u0259m, repin s\u00f6zl\u0259rini be\u015finci d\u0259f\u0259d\u0259n anlama\u011fa ba\u015flam\u0131\u015fam.\n<\/p>\n<p>\n  Sonra m\u0259lum oldu ki, Camal b\u0259y, \u00f6z klipi il\u0259 dem\u0259 \u00f6lk\u0259 ba\u015f\u00e7\u0131s\u0131na sata\u015f\u0131b ki, bu \u00fczd\u0259n d\u00f6vl\u0259t orqan\u0131 n\u00fcmay\u0259nd\u0259l\u0259ri klipin &#8220;Youtube&#8221;-dan silinm\u0259sini ondan t\u0259l\u0259b edirl\u0259r. Bu x\u0259b\u0259rd\u0259n sonra, t\u0259nb\u0259llik el\u0259m\u0259yib mahn\u0131ya bir daha qulaq asd\u0131m ki, g\u00f6r\u00fcm b\u0259lk\u0259 bu d\u0259f\u0259 n\u0259 is\u0259 anlad\u0131m. V\u0259 h\u0259m\u0259n yaz\u0131n\u0131n \u0259vv\u0259lind\u0259 qeyd etdiyim sinif yolada\u015f\u0131m yad\u0131ma d\u00fc\u015fd\u00fc.\n<\/p>\n<p>\n  \u0130ndi fikirl\u0259\u015f\u0259nd\u0259 m\u0259kt\u0259b yolda\u015f\u0131ma yaz\u0131\u011f\u0131m g\u0259lir. Zavall\u0131 \u00f6z\u00fc bilm\u0259d\u0259n avtokratiyan\u0131n qurban\u0131 olmu\u015fdur.\n<\/p>\n<p>\n  \u00c7\u00fcnki ist\u0259nil\u0259n avtokratiya rejimli m\u0259ml\u0259k\u0259tl\u0259rin b\u00fcn\u00f6vr\u0259si \u015f\u0259xsiyy\u0259t\u0259 p\u0259r\u0259sti\u015fdir.\n<\/p>\n<p>\n  &#8220;\u015e\u0259xsiyy\u0259t\u0259 p\u0259r\u0259sti\u015f&#8221; anlam\u0131 MDB \u00f6lk\u0259l\u0259rin\u0259 Sovetl\u0259rd\u0259n qalan mirasd\u0131r. Bu termini ilk d\u0259f\u0259 dill\u0259r\u0259 salan Xru\u015fev olmu\u015fdur. 1956-c\u0131 ild\u0259 \u00f6z\u00fcn\u00fcn SSKP-in XX-ci, qapal\u0131 ke\u00e7\u0259n qurultay\u0131nda, Stalin\u0259 qar\u015f\u0131 \u00fcnvanlanm\u0131\u015f m\u0259\u015fhur m\u0259ruz\u0259sind\u0259.\n<\/p>\n<p>\n  Lakin bu anti-Stalin kampaniyas\u0131 n\u0259l\u0259r\u0259 g\u0259tib \u00e7\u0131xard\u0131?\n<\/p>\n<p>\n  Xru\u015fevdan sonra g\u0259l\u0259n Leonid \u0130lyi\u00e7 he\u00e7 d\u0259 Stalind\u0259n geri qalm\u0131rd\u0131. D\u00fcz\u00fc, Brejnev f\u0259rqli \u00fcslubu se\u00e7mi\u015fdir. Onun \u015fan\u0131na deyil\u0259n t\u0259rifl\u0259r \u015f\u0259xsiyy\u0259t\u0259 p\u0259r\u0259sti\u015f yox, bir n\u00f6v h\u00f6rm\u0259tli yolda\u015f Leonid \u0130lyi\u00e7\u0259 qar\u015f\u0131 qay\u011f\u0131 v\u0259 diqq\u0259tin n\u00f6v\u00fc idi.\n<\/p>\n<p>\n  \u018fslind\u0259 is\u0259 bu c\u00fcr qay\u011f\u0131ke\u015flik ondan as\u0131l\u0131 olan nomenklatura t\u0259r\u0259find\u0259n tirajlan\u0131rd\u0131. \u0130frat t\u0259rif v\u0259 uydurulmu\u015f q\u0259hr\u0259manl\u0131qlar, laz\u0131ms\u0131z medallarla t\u0259ltif olunma, uzun-uzad\u0131, gurultulu alq\u0131\u015flar, sonda qocal\u0131b, \u0259ld\u0259n d\u00fc\u015fm\u00fc\u015f birinci katibi g\u00fclm\u0259li v\u0259ziyy\u0259t\u0259 qoymu\u015fdur. Xalq aras\u0131nda onun haqq\u0131nda y\u00fczl\u0259rl\u0259 l\u0259tif\u0259 g\u0259zirdi. Brejnev \u015f\u0259xsiyy\u0259tin\u0259 olan h\u0259ssasl\u0131\u011f\u0131n\u0131n zibilin\u0259 d\u00fc\u015f\u00fcb g\u00fcl\u00fc\u015f, parodiya, zarafat, m\u0259z\u0259 v\u0259 l\u0259tif\u0259l\u0259r q\u0259hr\u0259man\u0131na \u00e7evrilmi\u015fdir.\n<\/p>\n<p>\n  M\u0259ml\u0259k\u0259timiz \u0259srin d\u00f6rdd\u0259 birind\u0259 m\u00fcst\u0259qil olmas\u0131na r\u0259\u011fm\u0259n, h\u0259l\u0259 d\u0259 Qoqolun t\u0259birinc\u0259 des\u0259k, Sovetl\u0259rd\u0259nqalma \u015finelini \u0259ynind\u0259n ata bilm\u0259yib. Bu azm\u0131\u015f kimi, apard\u0131qlar\u0131 &#8220;\u015f\u0259xsiyy\u0259t\u0259 p\u0259r\u0259sti\u015f&#8221; siyas\u0259ti d\u0259 s\u0259ri\u015ft\u0259sizdir.\n<\/p>\n<p>\n  Rep\u00e7inin yayd\u0131\u011f\u0131 videonu min c\u00fcr yozmaq olar. Yen\u0259 d\u0259 t\u0259krar edir\u0259m, akademik \u00e7evr\u0259nin insanlar\u0131 anlaya bilm\u0259y\u0259n s\u00f6zl\u0259ri, c\u00fcml\u0259l\u0259ri adi v\u0259t\u0259nda\u015flar\u0131n ba\u015fa d\u00fc\u015fm\u0259si g\u00fclm\u0259lidir.\n<\/p>\n<p>\n  &#8220;Heyk\u0259l baba&#8221;!\n<\/p>\n<p>\n  \u00d6lk\u0259d\u0259 o q\u0259d\u0259r heyk\u0259l var ki, N\u0259simid\u0259n tutmu\u015f Nizamiy\u0259, Sabirin heyk\u0259li qar\u0131\u015f\u0131q \u00fcz\u00fc Teslaya q\u0259d\u0259r. Baba da ki, Heyd\u0259r baba da\u011f\u0131ndan ta \u015eaxta Baba qar\u0131\u015f\u0131q, X\u0131d\u0131rz\u0131n babaya q\u0259d\u0259r. Y\u0259ni ki, rep\u00e7iy\u0259 videonu sildirm\u0259k ist\u0259y\u0259nl\u0259r \u00f6zl\u0259rini yand\u0131rmasa idi, h\u0259m\u0259n o rep\u0259 vur-tut be\u015f-alt\u0131 adam baxard\u0131 . \u0130ndi is\u0259 video &#8220;Youtube&#8221;-da qan edir. H\u0259l\u0259 m\u0259n payla\u015fmalar\u0131 demir\u0259m.\n<\/p>\n<p>\n  Bu ill\u0259r \u0259rzind\u0259 total savads\u0131zla\u015fm\u0131\u015f, t\u0259hsild\u0259n v\u0259 kitabdan uzaq d\u00fc\u015fm\u00fc\u015f k\u00fctl\u0259y\u0259 sovet stilind\u0259 &#8220;\u015f\u0259xsiyy\u0259t\u0259 p\u0259r\u0259sti\u015f&#8221; siyas\u0259tini kustar \u00fcsulla yeritm\u0259k bir \u015fey deyilmi\u015f. Art\u0131q bundan istifad\u0259 ed\u0259n m\u0259ddahlar, yaltaqlar s\u00fcr\u00fcs\u00fc yaran\u0131b. Qoluna m\u0259rhum prezidentin avtoqraf\u0131n\u0131 d\u00f6ym\u0259 etdirm\u0259kd\u0259n tutmu\u015f, ma\u015f\u0131nda yol polisind\u0259n qurtulmaq \u00fc\u00e7\u00fcn onun \u015f\u0259kilini saxlayanlara q\u0259d\u0259r.\n<\/p>\n<p>\n  \u00c7ox g\u00fcman rep\u00e7inin m\u0259s\u0259l\u0259sind\u0259 d\u0259 yuxar\u0131lardan t\u0259ltif almaq, siyasi elitadan xal qazanmaq ist\u0259y\u0259nl\u0259r d\u00fc\u015fm\u00fc\u015fd\u00fcr ortal\u0131\u011fa.\n<\/p>\n<p>\n  \u00dcmumd\u00fcnya innovasiyalar\u0131 eras\u0131nda, sosial \u015f\u0259b\u0259k\u0259l\u0259rin, internetin v\u0259 virtual d\u00fcnyan\u0131n, qazetl\u0259ri, jurnalar\u0131 s\u0131x\u0131\u015fd\u0131r\u0131b yoxa \u00e7\u0131xard\u0131\u011f\u0131 bir d\u00f6vrd\u0259, bu c\u00fcr x\u0131rda q\u0131\u011f\u0131lc\u0131mlara s\u0259rt m\u00fcnasib\u0259t onlar\u0131n \u0259leyhin\u0259 i\u015fl\u0259y\u0259c\u0259k. Bu g\u00fcn Camal rep yazacaq, sabah populist birisi layk y\u0131\u011fmaq namin\u0259 gizli kontekstl\u0259 cizgi filmi \u00e7\u0259k\u0259c\u0259k, daha sonra is\u0259 ba\u015fqas\u0131&#8230;v\u0259 bu, z\u0259ncirvari \u00fcsulla, domino prinsipi il\u0259 davam ed\u0259c\u0259k.\n<\/p>\n<p>\n  Bir s\u00f6zl\u0259, h\u0259r q\u0131\u011f\u0131lc\u0131m\u0131 s\u00f6nd\u00fcrm\u0259k t\u0259\u015f\u0259bb\u00fcs\u00fc b\u0259z\u0259n daha b\u00f6y\u00fck alovlar yarad\u0131r.<\/p>\n","protected":false},"excerpt":{"rendered":"<p>M\u0259kt\u0259b ill\u0259ri, 90-lar\u0131n sonu, \u0259d\u0259biyyat d\u0259rsi<\/p>\n","protected":false},"author":11,"featured_media":77317,"comment_status":"closed","ping_status":"open","sticky":false,"template":"","format":"standard","meta":{"_acf_changed":false,"_sitemap_exclude":false,"_sitemap_priority":"","_sitemap_frequency":"","footnotes":""},"categories":[57],"tags":[],"class_list":["post-181855","post","type-post","status-publish","format-standard","has-post-thumbnail","hentry","category-menim-fikrimce","infinite-scroll-item","generate-columns","tablet-grid-50","mobile-grid-100","grid-parent","grid-33","no-featured-image-padding"],"acf":[],"yoast_head":"<!-- This site is optimized with the Yoast SEO plugin v27.5 - https:\/\/yoast.com\/product\/yoast-seo-wordpress\/ -->\n<title>Heyk\u0259l baba - MEYDAN.TV<\/title>\n<meta name=\"robots\" content=\"index, follow, max-snippet:-1, max-image-preview:large, max-video-preview:-1\" \/>\n<link rel=\"canonical\" href=\"https:\/\/www.meydan.tv\/az\/article\/heykel-baba\/\" \/>\n<meta property=\"og:locale\" content=\"az_AZ\" \/>\n<meta property=\"og:type\" content=\"article\" \/>\n<meta property=\"og:title\" content=\"Heyk\u0259l baba - MEYDAN.TV\" \/>\n<meta property=\"og:description\" content=\"M\u0259kt\u0259b ill\u0259ri, 90-lar\u0131n sonu, \u0259d\u0259biyyat d\u0259rsi\" \/>\n<meta property=\"og:url\" content=\"https:\/\/www.meydan.tv\/az\/article\/heykel-baba\/\" \/>\n<meta property=\"og:site_name\" content=\"MEYDAN.TV\" \/>\n<meta property=\"article:published_time\" content=\"2017-01-13T17:31:00+00:00\" \/>\n<meta property=\"og:image\" content=\"https:\/\/www.meydan.tv\/wp-content\/uploads\/20046.jpg\" \/>\n\t<meta property=\"og:image:width\" content=\"400\" \/>\n\t<meta property=\"og:image:height\" content=\"400\" \/>\n\t<meta property=\"og:image:type\" content=\"image\/jpeg\" \/>\n<meta name=\"author\" content=\"user-manager\" \/>\n<meta name=\"twitter:card\" content=\"summary_large_image\" \/>\n<script type=\"application\/ld+json\" class=\"yoast-schema-graph\">{\"@context\":\"https:\\\/\\\/schema.org\",\"@graph\":[{\"@type\":\"Article\",\"@id\":\"https:\\\/\\\/www.meydan.tv\\\/az\\\/article\\\/heykel-baba\\\/#article\",\"isPartOf\":{\"@id\":\"https:\\\/\\\/www.meydan.tv\\\/az\\\/article\\\/heykel-baba\\\/\"},\"author\":{\"name\":\"user-manager\",\"@id\":\"https:\\\/\\\/www.meydan.tv\\\/az\\\/#\\\/schema\\\/person\\\/10d11eccf6da3662cf5fdab9806ea91a\"},\"headline\":\"Heyk\u0259l baba\",\"datePublished\":\"2017-01-13T17:31:00+00:00\",\"mainEntityOfPage\":{\"@id\":\"https:\\\/\\\/www.meydan.tv\\\/az\\\/article\\\/heykel-baba\\\/\"},\"wordCount\":1212,\"publisher\":{\"@id\":\"https:\\\/\\\/www.meydan.tv\\\/az\\\/#organization\"},\"image\":{\"@id\":\"https:\\\/\\\/www.meydan.tv\\\/az\\\/article\\\/heykel-baba\\\/#primaryimage\"},\"thumbnailUrl\":\"https:\\\/\\\/www.meydan.tv\\\/wp-content\\\/uploads\\\/20046.jpg\",\"articleSection\":[\"M\u0259nim Fikrimc\u0259\"],\"inLanguage\":\"az\"},{\"@type\":\"WebPage\",\"@id\":\"https:\\\/\\\/www.meydan.tv\\\/az\\\/article\\\/heykel-baba\\\/\",\"url\":\"https:\\\/\\\/www.meydan.tv\\\/az\\\/article\\\/heykel-baba\\\/\",\"name\":\"Heyk\u0259l baba - MEYDAN.TV\",\"isPartOf\":{\"@id\":\"https:\\\/\\\/www.meydan.tv\\\/az\\\/#website\"},\"primaryImageOfPage\":{\"@id\":\"https:\\\/\\\/www.meydan.tv\\\/az\\\/article\\\/heykel-baba\\\/#primaryimage\"},\"image\":{\"@id\":\"https:\\\/\\\/www.meydan.tv\\\/az\\\/article\\\/heykel-baba\\\/#primaryimage\"},\"thumbnailUrl\":\"https:\\\/\\\/www.meydan.tv\\\/wp-content\\\/uploads\\\/20046.jpg\",\"datePublished\":\"2017-01-13T17:31:00+00:00\",\"breadcrumb\":{\"@id\":\"https:\\\/\\\/www.meydan.tv\\\/az\\\/article\\\/heykel-baba\\\/#breadcrumb\"},\"inLanguage\":\"az\",\"potentialAction\":[{\"@type\":\"ReadAction\",\"target\":[\"https:\\\/\\\/www.meydan.tv\\\/az\\\/article\\\/heykel-baba\\\/\"]}]},{\"@type\":\"ImageObject\",\"inLanguage\":\"az\",\"@id\":\"https:\\\/\\\/www.meydan.tv\\\/az\\\/article\\\/heykel-baba\\\/#primaryimage\",\"url\":\"https:\\\/\\\/www.meydan.tv\\\/wp-content\\\/uploads\\\/20046.jpg\",\"contentUrl\":\"https:\\\/\\\/www.meydan.tv\\\/wp-content\\\/uploads\\\/20046.jpg\",\"width\":400,\"height\":400,\"caption\":\"Source:\"},{\"@type\":\"BreadcrumbList\",\"@id\":\"https:\\\/\\\/www.meydan.tv\\\/az\\\/article\\\/heykel-baba\\\/#breadcrumb\",\"itemListElement\":[{\"@type\":\"ListItem\",\"position\":1,\"name\":\"Ana s\u0259hif\u0259\",\"item\":\"https:\\\/\\\/www.meydan.tv\\\/az\\\/\"},{\"@type\":\"ListItem\",\"position\":2,\"name\":\"M\u0259nim Fikrimc\u0259\",\"item\":\"https:\\\/\\\/www.meydan.tv\\\/az\\\/section\\\/menim-fikrimce\\\/\"},{\"@type\":\"ListItem\",\"position\":3,\"name\":\"Heyk\u0259l baba\"}]},{\"@type\":\"WebSite\",\"@id\":\"https:\\\/\\\/www.meydan.tv\\\/az\\\/#website\",\"url\":\"https:\\\/\\\/www.meydan.tv\\\/az\\\/\",\"name\":\"MEYDAN.TV\",\"description\":\"Meydan TV Az\u0259rbaycan\u0131n media m\u0259kan\u0131ndak\u0131 alternativ s\u0259sidir\",\"publisher\":{\"@id\":\"https:\\\/\\\/www.meydan.tv\\\/az\\\/#organization\"},\"potentialAction\":[{\"@type\":\"SearchAction\",\"target\":{\"@type\":\"EntryPoint\",\"urlTemplate\":\"https:\\\/\\\/www.meydan.tv\\\/az\\\/?s={search_term_string}\"},\"query-input\":{\"@type\":\"PropertyValueSpecification\",\"valueRequired\":true,\"valueName\":\"search_term_string\"}}],\"inLanguage\":\"az\"},{\"@type\":\"Organization\",\"@id\":\"https:\\\/\\\/www.meydan.tv\\\/az\\\/#organization\",\"name\":\"Meydan TV\",\"url\":\"https:\\\/\\\/www.meydan.tv\\\/az\\\/\",\"logo\":{\"@type\":\"ImageObject\",\"inLanguage\":\"az\",\"@id\":\"https:\\\/\\\/www.meydan.tv\\\/az\\\/#\\\/schema\\\/logo\\\/image\\\/\",\"url\":\"https:\\\/\\\/www.meydan.tv\\\/wp-content\\\/uploads\\\/2021\\\/07\\\/meydan-logo.svg\",\"contentUrl\":\"https:\\\/\\\/www.meydan.tv\\\/wp-content\\\/uploads\\\/2021\\\/07\\\/meydan-logo.svg\",\"width\":195,\"height\":46,\"caption\":\"Meydan TV\"},\"image\":{\"@id\":\"https:\\\/\\\/www.meydan.tv\\\/az\\\/#\\\/schema\\\/logo\\\/image\\\/\"}},{\"@type\":\"Person\",\"@id\":\"https:\\\/\\\/www.meydan.tv\\\/az\\\/#\\\/schema\\\/person\\\/10d11eccf6da3662cf5fdab9806ea91a\",\"name\":\"user-manager\"}]}<\/script>\n<!-- \/ Yoast SEO plugin. -->","yoast_head_json":{"title":"Heyk\u0259l baba - MEYDAN.TV","robots":{"index":"index","follow":"follow","max-snippet":"max-snippet:-1","max-image-preview":"max-image-preview:large","max-video-preview":"max-video-preview:-1"},"canonical":"https:\/\/www.meydan.tv\/az\/article\/heykel-baba\/","og_locale":"az_AZ","og_type":"article","og_title":"Heyk\u0259l baba - MEYDAN.TV","og_description":"M\u0259kt\u0259b ill\u0259ri, 90-lar\u0131n sonu, \u0259d\u0259biyyat d\u0259rsi","og_url":"https:\/\/www.meydan.tv\/az\/article\/heykel-baba\/","og_site_name":"MEYDAN.TV","article_published_time":"2017-01-13T17:31:00+00:00","og_image":[{"width":400,"height":400,"url":"https:\/\/www.meydan.tv\/wp-content\/uploads\/20046.jpg","type":"image\/jpeg"}],"author":"user-manager","twitter_card":"summary_large_image","schema":{"@context":"https:\/\/schema.org","@graph":[{"@type":"Article","@id":"https:\/\/www.meydan.tv\/az\/article\/heykel-baba\/#article","isPartOf":{"@id":"https:\/\/www.meydan.tv\/az\/article\/heykel-baba\/"},"author":{"name":"user-manager","@id":"https:\/\/www.meydan.tv\/az\/#\/schema\/person\/10d11eccf6da3662cf5fdab9806ea91a"},"headline":"Heyk\u0259l baba","datePublished":"2017-01-13T17:31:00+00:00","mainEntityOfPage":{"@id":"https:\/\/www.meydan.tv\/az\/article\/heykel-baba\/"},"wordCount":1212,"publisher":{"@id":"https:\/\/www.meydan.tv\/az\/#organization"},"image":{"@id":"https:\/\/www.meydan.tv\/az\/article\/heykel-baba\/#primaryimage"},"thumbnailUrl":"https:\/\/www.meydan.tv\/wp-content\/uploads\/20046.jpg","articleSection":["M\u0259nim Fikrimc\u0259"],"inLanguage":"az"},{"@type":"WebPage","@id":"https:\/\/www.meydan.tv\/az\/article\/heykel-baba\/","url":"https:\/\/www.meydan.tv\/az\/article\/heykel-baba\/","name":"Heyk\u0259l baba - MEYDAN.TV","isPartOf":{"@id":"https:\/\/www.meydan.tv\/az\/#website"},"primaryImageOfPage":{"@id":"https:\/\/www.meydan.tv\/az\/article\/heykel-baba\/#primaryimage"},"image":{"@id":"https:\/\/www.meydan.tv\/az\/article\/heykel-baba\/#primaryimage"},"thumbnailUrl":"https:\/\/www.meydan.tv\/wp-content\/uploads\/20046.jpg","datePublished":"2017-01-13T17:31:00+00:00","breadcrumb":{"@id":"https:\/\/www.meydan.tv\/az\/article\/heykel-baba\/#breadcrumb"},"inLanguage":"az","potentialAction":[{"@type":"ReadAction","target":["https:\/\/www.meydan.tv\/az\/article\/heykel-baba\/"]}]},{"@type":"ImageObject","inLanguage":"az","@id":"https:\/\/www.meydan.tv\/az\/article\/heykel-baba\/#primaryimage","url":"https:\/\/www.meydan.tv\/wp-content\/uploads\/20046.jpg","contentUrl":"https:\/\/www.meydan.tv\/wp-content\/uploads\/20046.jpg","width":400,"height":400,"caption":"Source:"},{"@type":"BreadcrumbList","@id":"https:\/\/www.meydan.tv\/az\/article\/heykel-baba\/#breadcrumb","itemListElement":[{"@type":"ListItem","position":1,"name":"Ana s\u0259hif\u0259","item":"https:\/\/www.meydan.tv\/az\/"},{"@type":"ListItem","position":2,"name":"M\u0259nim Fikrimc\u0259","item":"https:\/\/www.meydan.tv\/az\/section\/menim-fikrimce\/"},{"@type":"ListItem","position":3,"name":"Heyk\u0259l baba"}]},{"@type":"WebSite","@id":"https:\/\/www.meydan.tv\/az\/#website","url":"https:\/\/www.meydan.tv\/az\/","name":"MEYDAN.TV","description":"Meydan TV Az\u0259rbaycan\u0131n media m\u0259kan\u0131ndak\u0131 alternativ s\u0259sidir","publisher":{"@id":"https:\/\/www.meydan.tv\/az\/#organization"},"potentialAction":[{"@type":"SearchAction","target":{"@type":"EntryPoint","urlTemplate":"https:\/\/www.meydan.tv\/az\/?s={search_term_string}"},"query-input":{"@type":"PropertyValueSpecification","valueRequired":true,"valueName":"search_term_string"}}],"inLanguage":"az"},{"@type":"Organization","@id":"https:\/\/www.meydan.tv\/az\/#organization","name":"Meydan TV","url":"https:\/\/www.meydan.tv\/az\/","logo":{"@type":"ImageObject","inLanguage":"az","@id":"https:\/\/www.meydan.tv\/az\/#\/schema\/logo\/image\/","url":"https:\/\/www.meydan.tv\/wp-content\/uploads\/2021\/07\/meydan-logo.svg","contentUrl":"https:\/\/www.meydan.tv\/wp-content\/uploads\/2021\/07\/meydan-logo.svg","width":195,"height":46,"caption":"Meydan TV"},"image":{"@id":"https:\/\/www.meydan.tv\/az\/#\/schema\/logo\/image\/"}},{"@type":"Person","@id":"https:\/\/www.meydan.tv\/az\/#\/schema\/person\/10d11eccf6da3662cf5fdab9806ea91a","name":"user-manager"}]}},"_links":{"self":[{"href":"https:\/\/www.meydan.tv\/az\/wp-json\/wp\/v2\/posts\/181855","targetHints":{"allow":["GET"]}}],"collection":[{"href":"https:\/\/www.meydan.tv\/az\/wp-json\/wp\/v2\/posts"}],"about":[{"href":"https:\/\/www.meydan.tv\/az\/wp-json\/wp\/v2\/types\/post"}],"author":[{"embeddable":true,"href":"https:\/\/www.meydan.tv\/az\/wp-json\/wp\/v2\/users\/11"}],"replies":[{"embeddable":true,"href":"https:\/\/www.meydan.tv\/az\/wp-json\/wp\/v2\/comments?post=181855"}],"version-history":[{"count":0,"href":"https:\/\/www.meydan.tv\/az\/wp-json\/wp\/v2\/posts\/181855\/revisions"}],"wp:featuredmedia":[{"embeddable":true,"href":"https:\/\/www.meydan.tv\/az\/wp-json\/wp\/v2\/media\/77317"}],"wp:attachment":[{"href":"https:\/\/www.meydan.tv\/az\/wp-json\/wp\/v2\/media?parent=181855"}],"wp:term":[{"taxonomy":"category","embeddable":true,"href":"https:\/\/www.meydan.tv\/az\/wp-json\/wp\/v2\/categories?post=181855"},{"taxonomy":"post_tag","embeddable":true,"href":"https:\/\/www.meydan.tv\/az\/wp-json\/wp\/v2\/tags?post=181855"}],"curies":[{"name":"wp","href":"https:\/\/api.w.org\/{rel}","templated":true}]}}