{"id":181839,"date":"2017-01-12T19:24:44","date_gmt":"2017-01-12T19:24:44","guid":{"rendered":"https:\/\/www.meydan.tv\/article\/ilqar-velizade-atet-yalniz-sulhun-qorunmasi-ile-mesgul-olmamalidir\/"},"modified":"2017-01-12T19:24:44","modified_gmt":"2017-01-12T19:24:44","slug":"ilqar-velizade-atet-yalniz-sulhun-qorunmasi-ile-mesgul-olmamalidir","status":"publish","type":"post","link":"https:\/\/www.meydan.tv\/az\/article\/ilqar-velizade-atet-yalniz-sulhun-qorunmasi-ile-mesgul-olmamalidir\/","title":{"rendered":"\u0130lqar V\u0259lizad\u0259: AT\u018fT yaln\u0131z s\u00fclh\u00fcn qorunmas\u0131 il\u0259 m\u0259\u015f\u011ful olmamal\u0131d\u0131r"},"content":{"rendered":"<figure class=\"wp-block-image size-large\">\n  <img decoding=\"async\" src=\"https:\/\/www.meydan.tv\/az\/64775\/\" alt=\"\" class=\"wp-image-64775\"\/><figcaption><\/figcaption><\/figure>\n<p>\n  <i><br \/>\n    &#8221;\u00c7ox t\u0259\u0259ss\u00fcf ki, AT\u018fT-nin h\u0259r yeni s\u0259dri praktiki \u0259h\u0259miyy\u0259t da\u015f\u0131mayan ifad\u0259l\u0259r i\u015fl\u0259dir&#8221;<br \/>\n  <\/i>\n<\/p>\n<p>\n  &#8220;AT\u018fT regionunda davam ed\u0259n m\u00fcnaqi\u015f\u0259l\u0259rin h\u0259rbi yolla h\u0259lli yoxdur&#8221;.\n<\/p>\n<p>\n  Bu bar\u0259d\u0259 AT\u018fT-in f\u0259aliyy\u0259td\u0259 olan s\u0259dri, Avstriyan\u0131n xarici i\u015fl\u0259r naziri Sebastian Kurz Daimi \u015eurada Avstriya s\u0259drliyinin prioritetl\u0259rini a\u00e7\u0131qlayark\u0259n deyib.\n<\/p>\n<p>\n  O bildirib ki, m\u00fcnaqi\u015f\u0259l\u0259rin siyasi yolla h\u0259llin\u0259 nail olmaq \u00fc\u00e7\u00fcn daha \u00e7ox dialoqa ehtiyac var.\n<\/p>\n<p>\n  AT\u018fT-in haz\u0131rki s\u0259dri, Avstriyan\u0131n xarici i\u015fl\u0259r naziri Sebastyan Kurts v\u0259 Rusiya xarici i\u015fl\u0259r naziri Sergey Lavrov Moskvada g\u00f6r\u00fc\u015f\u0259c\u0259k.\n<\/p>\n<p>\n  Trend-in m\u0259lumat\u0131na g\u00f6r\u0259, bu bar\u0259d\u0259 Rusiya Xarici \u0130\u015fl\u0259r Nazirliyinin r\u0259smi n\u00fcmay\u0259nd\u0259si Mariya Zaxarova m\u0259lumat verib.\n<\/p>\n<p>\n  Nazirl\u0259r g\u00f6r\u00fc\u015f zaman\u0131 Da\u011fl\u0131q Qaraba\u011f m\u00fcnaqi\u015f\u0259sini m\u00fczakir\u0259 ed\u0259c\u0259kl\u0259r.\n<\/p>\n<p>\n  G\u00f6r\u00fc\u015f AT\u018fT s\u0259drinin yanvar\u0131n 17-18-d\u0259 Moskvaya s\u0259f\u0259ri \u00e7\u0259r\u00e7iv\u0259sind\u0259 ba\u015f tutacaq.\n<\/p>\n<p>\n  Siyasi icmal\u00e7\u0131 \u0130lqar V\u0259lizad\u0259 Meydan TV-y\u0259 deyib ki, Sebastyan Kurts\u0131n a\u00e7\u0131qlamalar\u0131 v\u0259 g\u00f6r\u00fc\u015f\u00fc n\u00f6vb\u0259ti add\u0131mlardan biridir v\u0259 \u0259slind\u0259, m\u00fcnaqi\u015f\u0259 t\u0259r\u0259fl\u0259ri \u00fc\u00e7\u00fcn he\u00e7 bir \u0259h\u0259miyy\u0259t da\u015f\u0131m\u0131r:\n<\/p>\n<p>\n  &#8220;\u00dcmumiyy\u0259tl\u0259, AT\u018fT-in m\u0259qs\u0259di s\u00fclh\u00fcn qorunub saxlan\u0131lmas\u0131d\u0131r, t\u0259kc\u0259 Qaraba\u011fla ba\u011fl\u0131 deyil, b\u00fct\u00fcn m\u00fcnaqi\u015f\u0259li zonalarda eyni c\u00fcr m\u00fcnasib\u0259t s\u0259rgil\u0259yirl\u0259r&#8221;.\n<\/p>\n<p>\n  \u0130lqar V\u0259lizad\u0259 d\u00fc\u015f\u00fcn\u00fcr ki, m\u00fcnaqi\u015f\u0259 t\u0259r\u0259fl\u0259ri AT\u018fT-d\u0259n ba\u015fqa \u015fey g\u00f6zl\u0259yirl\u0259r:\n<\/p>\n<p>\n  &#8220;AT\u018fT yaln\u0131z s\u00fclh\u00fcn qorunmas\u0131, yaxud konservasiyas\u0131 il\u0259 m\u0259\u015f\u011ful olmamal\u0131d\u0131r, qurum problemin h\u0259llil\u0259 ba\u011fl\u0131 \u0259m\u0259li i\u015fl\u0259r aparmal\u0131d\u0131r. \u00c7ox t\u0259\u0259ss\u00fcf ki, AT\u018fT-nin h\u0259r yeni s\u0259dri praktiki \u0259h\u0259miyy\u0259t da\u015f\u0131mayan ifad\u0259l\u0259r i\u015fl\u0259dir v\u0259 s\u00f6z\u00fcn \u0259sl m\u0259nas\u0131nda m\u00fcnaqi\u015f\u0259l\u0259rin konservasiyas\u0131yla m\u0259\u015f\u011ful olurlar. Bununla da AT\u018fT m\u00fcnaqi\u015f\u0259l\u0259rin konservasiyayla m\u0259\u015f\u011ful olan quruma \u00e7evrilib. Bunu yaln\u0131z Az\u0259rbaycan yox, Ukrayna, Moldova, G\u00fcrc\u00fcstan da deyir. Halbuki, m\u00fcasir tarixd\u0259 dan\u0131\u015f\u0131qlar yolu il\u0259 m\u00fcnaqi\u015f\u0259l\u0259rin h\u0259ll olunmas\u0131 ba\u015f verm\u0259yib. Bu bax\u0131mdan AT\u018fT m\u00fcnaqi\u015f\u0259l\u0259rin h\u0259lli prizmas\u0131nda \u0259n sonuncu rol oynayan t\u0259\u015fkilatd\u0131r. Lakin konservasiyaya maraql\u0131 olan d\u00f6vl\u0259tl\u0259r bundan istifad\u0259 edir. M\u0259s\u0259l\u0259n, Erm\u0259nistan AT\u018fT-in rolunu \u00e7ox y\u00fcks\u0259k qiym\u0259tl\u0259ndirir, Rusiya da Ukrayna m\u0259s\u0259l\u0259sind\u0259 eyni m\u00f6vqe s\u0259rgil\u0259yir. Son vaxtlar Almaniya v\u0259 Fransa ox\u015far m\u00fcnasib\u0259t g\u00f6st\u0259rir v\u0259 AT\u018fT-in mexanizml\u0259rind\u0259n istifad\u0259 edirl\u0259r. Bu da AT\u018fT-in cari s\u0259dri \u00fc\u00e7\u00fcn \u0259lveri\u015flidir&#8221;.<\/p>\n","protected":false},"excerpt":{"rendered":"<p>&#8221;\u00c7ox t\u0259\u0259ss\u00fcf ki, AT\u018fT-nin h\u0259r yeni s\u0259dri praktiki \u0259h\u0259miyy\u0259t da\u015f\u0131mayan ifad\u0259l\u0259r i\u015fl\u0259dir&#8221;<\/p>\n","protected":false},"author":11,"featured_media":64775,"comment_status":"closed","ping_status":"open","sticky":false,"template":"","format":"standard","meta":{"_acf_changed":false,"_sitemap_exclude":false,"_sitemap_priority":"","_sitemap_frequency":"","footnotes":""},"categories":[51],"tags":[],"class_list":["post-181839","post","type-post","status-publish","format-standard","has-post-thumbnail","hentry","category-analitika","infinite-scroll-item","generate-columns","tablet-grid-50","mobile-grid-100","grid-parent","grid-33","no-featured-image-padding"],"acf":[],"yoast_head":"<!-- This site is optimized with the Yoast SEO plugin v27.5 - https:\/\/yoast.com\/product\/yoast-seo-wordpress\/ -->\n<title>\u0130lqar V\u0259lizad\u0259: AT\u018fT yaln\u0131z s\u00fclh\u00fcn qorunmas\u0131 il\u0259 m\u0259\u015f\u011ful olmamal\u0131d\u0131r - MEYDAN.TV<\/title>\n<meta name=\"robots\" content=\"index, follow, max-snippet:-1, max-image-preview:large, max-video-preview:-1\" \/>\n<link rel=\"canonical\" href=\"https:\/\/www.meydan.tv\/az\/article\/ilqar-velizade-atet-yalniz-sulhun-qorunmasi-ile-mesgul-olmamalidir\/\" \/>\n<meta property=\"og:locale\" content=\"az_AZ\" \/>\n<meta property=\"og:type\" content=\"article\" \/>\n<meta property=\"og:title\" content=\"\u0130lqar V\u0259lizad\u0259: AT\u018fT yaln\u0131z s\u00fclh\u00fcn qorunmas\u0131 il\u0259 m\u0259\u015f\u011ful olmamal\u0131d\u0131r - MEYDAN.TV\" \/>\n<meta property=\"og:description\" content=\"&#039;&#039;\u00c7ox t\u0259\u0259ss\u00fcf ki, AT\u018fT-nin h\u0259r yeni s\u0259dri praktiki \u0259h\u0259miyy\u0259t da\u015f\u0131mayan ifad\u0259l\u0259r i\u015fl\u0259dir&#039;&#039;\" \/>\n<meta property=\"og:url\" content=\"https:\/\/www.meydan.tv\/az\/article\/ilqar-velizade-atet-yalniz-sulhun-qorunmasi-ile-mesgul-olmamalidir\/\" \/>\n<meta property=\"og:site_name\" content=\"MEYDAN.TV\" \/>\n<meta property=\"article:published_time\" content=\"2017-01-12T19:24:44+00:00\" \/>\n<meta property=\"og:image\" content=\"https:\/\/www.meydan.tv\/wp-content\/uploads\/24709.jpg\" \/>\n\t<meta property=\"og:image:width\" content=\"688\" \/>\n\t<meta property=\"og:image:height\" content=\"400\" \/>\n\t<meta property=\"og:image:type\" content=\"image\/jpeg\" \/>\n<meta name=\"author\" content=\"user-manager\" \/>\n<meta name=\"twitter:card\" content=\"summary_large_image\" \/>\n<script type=\"application\/ld+json\" class=\"yoast-schema-graph\">{\"@context\":\"https:\\\/\\\/schema.org\",\"@graph\":[{\"@type\":\"Article\",\"@id\":\"https:\\\/\\\/www.meydan.tv\\\/az\\\/article\\\/ilqar-velizade-atet-yalniz-sulhun-qorunmasi-ile-mesgul-olmamalidir\\\/#article\",\"isPartOf\":{\"@id\":\"https:\\\/\\\/www.meydan.tv\\\/az\\\/article\\\/ilqar-velizade-atet-yalniz-sulhun-qorunmasi-ile-mesgul-olmamalidir\\\/\"},\"author\":{\"name\":\"user-manager\",\"@id\":\"https:\\\/\\\/www.meydan.tv\\\/az\\\/#\\\/schema\\\/person\\\/10d11eccf6da3662cf5fdab9806ea91a\"},\"headline\":\"\u0130lqar V\u0259lizad\u0259: AT\u018fT yaln\u0131z s\u00fclh\u00fcn qorunmas\u0131 il\u0259 m\u0259\u015f\u011ful olmamal\u0131d\u0131r\",\"datePublished\":\"2017-01-12T19:24:44+00:00\",\"mainEntityOfPage\":{\"@id\":\"https:\\\/\\\/www.meydan.tv\\\/az\\\/article\\\/ilqar-velizade-atet-yalniz-sulhun-qorunmasi-ile-mesgul-olmamalidir\\\/\"},\"wordCount\":508,\"publisher\":{\"@id\":\"https:\\\/\\\/www.meydan.tv\\\/az\\\/#organization\"},\"image\":{\"@id\":\"https:\\\/\\\/www.meydan.tv\\\/az\\\/article\\\/ilqar-velizade-atet-yalniz-sulhun-qorunmasi-ile-mesgul-olmamalidir\\\/#primaryimage\"},\"thumbnailUrl\":\"https:\\\/\\\/www.meydan.tv\\\/wp-content\\\/uploads\\\/24709.jpg\",\"articleSection\":[\"Analitika\"],\"inLanguage\":\"az\"},{\"@type\":\"WebPage\",\"@id\":\"https:\\\/\\\/www.meydan.tv\\\/az\\\/article\\\/ilqar-velizade-atet-yalniz-sulhun-qorunmasi-ile-mesgul-olmamalidir\\\/\",\"url\":\"https:\\\/\\\/www.meydan.tv\\\/az\\\/article\\\/ilqar-velizade-atet-yalniz-sulhun-qorunmasi-ile-mesgul-olmamalidir\\\/\",\"name\":\"\u0130lqar V\u0259lizad\u0259: AT\u018fT yaln\u0131z s\u00fclh\u00fcn qorunmas\u0131 il\u0259 m\u0259\u015f\u011ful olmamal\u0131d\u0131r - MEYDAN.TV\",\"isPartOf\":{\"@id\":\"https:\\\/\\\/www.meydan.tv\\\/az\\\/#website\"},\"primaryImageOfPage\":{\"@id\":\"https:\\\/\\\/www.meydan.tv\\\/az\\\/article\\\/ilqar-velizade-atet-yalniz-sulhun-qorunmasi-ile-mesgul-olmamalidir\\\/#primaryimage\"},\"image\":{\"@id\":\"https:\\\/\\\/www.meydan.tv\\\/az\\\/article\\\/ilqar-velizade-atet-yalniz-sulhun-qorunmasi-ile-mesgul-olmamalidir\\\/#primaryimage\"},\"thumbnailUrl\":\"https:\\\/\\\/www.meydan.tv\\\/wp-content\\\/uploads\\\/24709.jpg\",\"datePublished\":\"2017-01-12T19:24:44+00:00\",\"breadcrumb\":{\"@id\":\"https:\\\/\\\/www.meydan.tv\\\/az\\\/article\\\/ilqar-velizade-atet-yalniz-sulhun-qorunmasi-ile-mesgul-olmamalidir\\\/#breadcrumb\"},\"inLanguage\":\"az\",\"potentialAction\":[{\"@type\":\"ReadAction\",\"target\":[\"https:\\\/\\\/www.meydan.tv\\\/az\\\/article\\\/ilqar-velizade-atet-yalniz-sulhun-qorunmasi-ile-mesgul-olmamalidir\\\/\"]}]},{\"@type\":\"ImageObject\",\"inLanguage\":\"az\",\"@id\":\"https:\\\/\\\/www.meydan.tv\\\/az\\\/article\\\/ilqar-velizade-atet-yalniz-sulhun-qorunmasi-ile-mesgul-olmamalidir\\\/#primaryimage\",\"url\":\"https:\\\/\\\/www.meydan.tv\\\/wp-content\\\/uploads\\\/24709.jpg\",\"contentUrl\":\"https:\\\/\\\/www.meydan.tv\\\/wp-content\\\/uploads\\\/24709.jpg\",\"width\":688,\"height\":400,\"caption\":\"Source:\"},{\"@type\":\"BreadcrumbList\",\"@id\":\"https:\\\/\\\/www.meydan.tv\\\/az\\\/article\\\/ilqar-velizade-atet-yalniz-sulhun-qorunmasi-ile-mesgul-olmamalidir\\\/#breadcrumb\",\"itemListElement\":[{\"@type\":\"ListItem\",\"position\":1,\"name\":\"Ana s\u0259hif\u0259\",\"item\":\"https:\\\/\\\/www.meydan.tv\\\/az\\\/\"},{\"@type\":\"ListItem\",\"position\":2,\"name\":\"Analitika\",\"item\":\"https:\\\/\\\/www.meydan.tv\\\/az\\\/section\\\/analitika\\\/\"},{\"@type\":\"ListItem\",\"position\":3,\"name\":\"\u0130lqar V\u0259lizad\u0259: AT\u018fT yaln\u0131z s\u00fclh\u00fcn qorunmas\u0131 il\u0259 m\u0259\u015f\u011ful olmamal\u0131d\u0131r\"}]},{\"@type\":\"WebSite\",\"@id\":\"https:\\\/\\\/www.meydan.tv\\\/az\\\/#website\",\"url\":\"https:\\\/\\\/www.meydan.tv\\\/az\\\/\",\"name\":\"MEYDAN.TV\",\"description\":\"Meydan TV Az\u0259rbaycan\u0131n media m\u0259kan\u0131ndak\u0131 alternativ s\u0259sidir\",\"publisher\":{\"@id\":\"https:\\\/\\\/www.meydan.tv\\\/az\\\/#organization\"},\"potentialAction\":[{\"@type\":\"SearchAction\",\"target\":{\"@type\":\"EntryPoint\",\"urlTemplate\":\"https:\\\/\\\/www.meydan.tv\\\/az\\\/?s={search_term_string}\"},\"query-input\":{\"@type\":\"PropertyValueSpecification\",\"valueRequired\":true,\"valueName\":\"search_term_string\"}}],\"inLanguage\":\"az\"},{\"@type\":\"Organization\",\"@id\":\"https:\\\/\\\/www.meydan.tv\\\/az\\\/#organization\",\"name\":\"Meydan TV\",\"url\":\"https:\\\/\\\/www.meydan.tv\\\/az\\\/\",\"logo\":{\"@type\":\"ImageObject\",\"inLanguage\":\"az\",\"@id\":\"https:\\\/\\\/www.meydan.tv\\\/az\\\/#\\\/schema\\\/logo\\\/image\\\/\",\"url\":\"https:\\\/\\\/www.meydan.tv\\\/wp-content\\\/uploads\\\/2021\\\/07\\\/meydan-logo.svg\",\"contentUrl\":\"https:\\\/\\\/www.meydan.tv\\\/wp-content\\\/uploads\\\/2021\\\/07\\\/meydan-logo.svg\",\"width\":195,\"height\":46,\"caption\":\"Meydan TV\"},\"image\":{\"@id\":\"https:\\\/\\\/www.meydan.tv\\\/az\\\/#\\\/schema\\\/logo\\\/image\\\/\"}},{\"@type\":\"Person\",\"@id\":\"https:\\\/\\\/www.meydan.tv\\\/az\\\/#\\\/schema\\\/person\\\/10d11eccf6da3662cf5fdab9806ea91a\",\"name\":\"user-manager\"}]}<\/script>\n<!-- \/ Yoast SEO plugin. -->","yoast_head_json":{"title":"\u0130lqar V\u0259lizad\u0259: AT\u018fT yaln\u0131z s\u00fclh\u00fcn qorunmas\u0131 il\u0259 m\u0259\u015f\u011ful olmamal\u0131d\u0131r - MEYDAN.TV","robots":{"index":"index","follow":"follow","max-snippet":"max-snippet:-1","max-image-preview":"max-image-preview:large","max-video-preview":"max-video-preview:-1"},"canonical":"https:\/\/www.meydan.tv\/az\/article\/ilqar-velizade-atet-yalniz-sulhun-qorunmasi-ile-mesgul-olmamalidir\/","og_locale":"az_AZ","og_type":"article","og_title":"\u0130lqar V\u0259lizad\u0259: AT\u018fT yaln\u0131z s\u00fclh\u00fcn qorunmas\u0131 il\u0259 m\u0259\u015f\u011ful olmamal\u0131d\u0131r - MEYDAN.TV","og_description":"''\u00c7ox t\u0259\u0259ss\u00fcf ki, AT\u018fT-nin h\u0259r yeni s\u0259dri praktiki \u0259h\u0259miyy\u0259t da\u015f\u0131mayan ifad\u0259l\u0259r i\u015fl\u0259dir''","og_url":"https:\/\/www.meydan.tv\/az\/article\/ilqar-velizade-atet-yalniz-sulhun-qorunmasi-ile-mesgul-olmamalidir\/","og_site_name":"MEYDAN.TV","article_published_time":"2017-01-12T19:24:44+00:00","og_image":[{"width":688,"height":400,"url":"https:\/\/www.meydan.tv\/wp-content\/uploads\/24709.jpg","type":"image\/jpeg"}],"author":"user-manager","twitter_card":"summary_large_image","schema":{"@context":"https:\/\/schema.org","@graph":[{"@type":"Article","@id":"https:\/\/www.meydan.tv\/az\/article\/ilqar-velizade-atet-yalniz-sulhun-qorunmasi-ile-mesgul-olmamalidir\/#article","isPartOf":{"@id":"https:\/\/www.meydan.tv\/az\/article\/ilqar-velizade-atet-yalniz-sulhun-qorunmasi-ile-mesgul-olmamalidir\/"},"author":{"name":"user-manager","@id":"https:\/\/www.meydan.tv\/az\/#\/schema\/person\/10d11eccf6da3662cf5fdab9806ea91a"},"headline":"\u0130lqar V\u0259lizad\u0259: AT\u018fT yaln\u0131z s\u00fclh\u00fcn qorunmas\u0131 il\u0259 m\u0259\u015f\u011ful olmamal\u0131d\u0131r","datePublished":"2017-01-12T19:24:44+00:00","mainEntityOfPage":{"@id":"https:\/\/www.meydan.tv\/az\/article\/ilqar-velizade-atet-yalniz-sulhun-qorunmasi-ile-mesgul-olmamalidir\/"},"wordCount":508,"publisher":{"@id":"https:\/\/www.meydan.tv\/az\/#organization"},"image":{"@id":"https:\/\/www.meydan.tv\/az\/article\/ilqar-velizade-atet-yalniz-sulhun-qorunmasi-ile-mesgul-olmamalidir\/#primaryimage"},"thumbnailUrl":"https:\/\/www.meydan.tv\/wp-content\/uploads\/24709.jpg","articleSection":["Analitika"],"inLanguage":"az"},{"@type":"WebPage","@id":"https:\/\/www.meydan.tv\/az\/article\/ilqar-velizade-atet-yalniz-sulhun-qorunmasi-ile-mesgul-olmamalidir\/","url":"https:\/\/www.meydan.tv\/az\/article\/ilqar-velizade-atet-yalniz-sulhun-qorunmasi-ile-mesgul-olmamalidir\/","name":"\u0130lqar V\u0259lizad\u0259: AT\u018fT yaln\u0131z s\u00fclh\u00fcn qorunmas\u0131 il\u0259 m\u0259\u015f\u011ful olmamal\u0131d\u0131r - MEYDAN.TV","isPartOf":{"@id":"https:\/\/www.meydan.tv\/az\/#website"},"primaryImageOfPage":{"@id":"https:\/\/www.meydan.tv\/az\/article\/ilqar-velizade-atet-yalniz-sulhun-qorunmasi-ile-mesgul-olmamalidir\/#primaryimage"},"image":{"@id":"https:\/\/www.meydan.tv\/az\/article\/ilqar-velizade-atet-yalniz-sulhun-qorunmasi-ile-mesgul-olmamalidir\/#primaryimage"},"thumbnailUrl":"https:\/\/www.meydan.tv\/wp-content\/uploads\/24709.jpg","datePublished":"2017-01-12T19:24:44+00:00","breadcrumb":{"@id":"https:\/\/www.meydan.tv\/az\/article\/ilqar-velizade-atet-yalniz-sulhun-qorunmasi-ile-mesgul-olmamalidir\/#breadcrumb"},"inLanguage":"az","potentialAction":[{"@type":"ReadAction","target":["https:\/\/www.meydan.tv\/az\/article\/ilqar-velizade-atet-yalniz-sulhun-qorunmasi-ile-mesgul-olmamalidir\/"]}]},{"@type":"ImageObject","inLanguage":"az","@id":"https:\/\/www.meydan.tv\/az\/article\/ilqar-velizade-atet-yalniz-sulhun-qorunmasi-ile-mesgul-olmamalidir\/#primaryimage","url":"https:\/\/www.meydan.tv\/wp-content\/uploads\/24709.jpg","contentUrl":"https:\/\/www.meydan.tv\/wp-content\/uploads\/24709.jpg","width":688,"height":400,"caption":"Source:"},{"@type":"BreadcrumbList","@id":"https:\/\/www.meydan.tv\/az\/article\/ilqar-velizade-atet-yalniz-sulhun-qorunmasi-ile-mesgul-olmamalidir\/#breadcrumb","itemListElement":[{"@type":"ListItem","position":1,"name":"Ana s\u0259hif\u0259","item":"https:\/\/www.meydan.tv\/az\/"},{"@type":"ListItem","position":2,"name":"Analitika","item":"https:\/\/www.meydan.tv\/az\/section\/analitika\/"},{"@type":"ListItem","position":3,"name":"\u0130lqar V\u0259lizad\u0259: AT\u018fT yaln\u0131z s\u00fclh\u00fcn qorunmas\u0131 il\u0259 m\u0259\u015f\u011ful olmamal\u0131d\u0131r"}]},{"@type":"WebSite","@id":"https:\/\/www.meydan.tv\/az\/#website","url":"https:\/\/www.meydan.tv\/az\/","name":"MEYDAN.TV","description":"Meydan TV Az\u0259rbaycan\u0131n media m\u0259kan\u0131ndak\u0131 alternativ s\u0259sidir","publisher":{"@id":"https:\/\/www.meydan.tv\/az\/#organization"},"potentialAction":[{"@type":"SearchAction","target":{"@type":"EntryPoint","urlTemplate":"https:\/\/www.meydan.tv\/az\/?s={search_term_string}"},"query-input":{"@type":"PropertyValueSpecification","valueRequired":true,"valueName":"search_term_string"}}],"inLanguage":"az"},{"@type":"Organization","@id":"https:\/\/www.meydan.tv\/az\/#organization","name":"Meydan TV","url":"https:\/\/www.meydan.tv\/az\/","logo":{"@type":"ImageObject","inLanguage":"az","@id":"https:\/\/www.meydan.tv\/az\/#\/schema\/logo\/image\/","url":"https:\/\/www.meydan.tv\/wp-content\/uploads\/2021\/07\/meydan-logo.svg","contentUrl":"https:\/\/www.meydan.tv\/wp-content\/uploads\/2021\/07\/meydan-logo.svg","width":195,"height":46,"caption":"Meydan TV"},"image":{"@id":"https:\/\/www.meydan.tv\/az\/#\/schema\/logo\/image\/"}},{"@type":"Person","@id":"https:\/\/www.meydan.tv\/az\/#\/schema\/person\/10d11eccf6da3662cf5fdab9806ea91a","name":"user-manager"}]}},"_links":{"self":[{"href":"https:\/\/www.meydan.tv\/az\/wp-json\/wp\/v2\/posts\/181839","targetHints":{"allow":["GET"]}}],"collection":[{"href":"https:\/\/www.meydan.tv\/az\/wp-json\/wp\/v2\/posts"}],"about":[{"href":"https:\/\/www.meydan.tv\/az\/wp-json\/wp\/v2\/types\/post"}],"author":[{"embeddable":true,"href":"https:\/\/www.meydan.tv\/az\/wp-json\/wp\/v2\/users\/11"}],"replies":[{"embeddable":true,"href":"https:\/\/www.meydan.tv\/az\/wp-json\/wp\/v2\/comments?post=181839"}],"version-history":[{"count":0,"href":"https:\/\/www.meydan.tv\/az\/wp-json\/wp\/v2\/posts\/181839\/revisions"}],"wp:featuredmedia":[{"embeddable":true,"href":"https:\/\/www.meydan.tv\/az\/wp-json\/wp\/v2\/media\/64775"}],"wp:attachment":[{"href":"https:\/\/www.meydan.tv\/az\/wp-json\/wp\/v2\/media?parent=181839"}],"wp:term":[{"taxonomy":"category","embeddable":true,"href":"https:\/\/www.meydan.tv\/az\/wp-json\/wp\/v2\/categories?post=181839"},{"taxonomy":"post_tag","embeddable":true,"href":"https:\/\/www.meydan.tv\/az\/wp-json\/wp\/v2\/tags?post=181839"}],"curies":[{"name":"wp","href":"https:\/\/api.w.org\/{rel}","templated":true}]}}