{"id":181822,"date":"2017-01-12T13:11:17","date_gmt":"2017-01-12T13:11:17","guid":{"rendered":"https:\/\/www.meydan.tv\/article\/islam-hemreyliyi-iqtisadiyyati\/"},"modified":"2017-01-12T13:11:17","modified_gmt":"2017-01-12T13:11:17","slug":"islam-hemreyliyi-iqtisadiyyati","status":"publish","type":"post","link":"https:\/\/www.meydan.tv\/az\/article\/islam-hemreyliyi-iqtisadiyyati\/","title":{"rendered":"\u0130slam h\u0259mr\u0259yliyi iqtisadiyyat\u0131"},"content":{"rendered":"<figure class=\"wp-block-image size-large\">\n  <img decoding=\"async\" src=\"https:\/\/www.meydan.tv\/az\/77248\/\" alt=\"\" class=\"wp-image-77248\"\/><figcaption><\/figcaption><\/figure>\n<p>\n  Az\u0259rbaycan Nazirl\u0259r Kabinetinin yanvar\u0131n 10-da prezident \u0130lham \u018fliyevin r\u0259hb\u0259rliyi il\u0259 ke\u00e7iril\u0259n &#8220;2016-c\u0131 ild\u0259 sosial-iqtisadi inki\u015faf\u0131n yekunlar\u0131na v\u0259 qar\u015f\u0131da duran v\u0259zif\u0259l\u0259r&#8221; adl\u0131 iclas\u0131n\u0131n yekunu 2017-ci ilin &#8220;\u0130slam H\u0259mr\u0259yliyi&#8221; ili elan olunmas\u0131 oldu. Sual yaran\u0131r &#8211; islam h\u0259mr\u0259yliyinin Az\u0259rbaycan\u0131n sosial-iqtisadi probleml\u0259ri il\u0259 n\u0259 \u0259laq\u0259si var? \u018fliyevin iki &#8211; giri\u015f v\u0259 yekun \u00e7\u0131x\u0131\u015f\u0131 \u0259sas\u0259n \u00f6lk\u0259ni b\u00fcr\u00fcm\u00fc\u015f iqtisadi b\u00f6hran, ona qar\u015f\u0131 m\u00fcbariz\u0259 v\u0259 2017-ci ild\u0259 x\u0259st\u0259 iqtisadiyyat\u0131n reanimasiyas\u0131 \u00fczr\u0259 planlarla ba\u011fl\u0131 olub.\n<\/p>\n<p>\n  Prezidentin v\u0259ziyy\u0259tin qiym\u0259tl\u0259ndirilm\u0259si v\u0259 b\u00f6hrandan \u00e7\u0131x\u0131\u015fla ba\u011fl\u0131 tezisl\u0259ri maraq do\u011furmur, real m\u0259nz\u0259r\u0259ni, g\u0259l\u0259c\u0259k \u00fc\u00e7\u00fcn ayd\u0131n reseptl\u0259ri \u0259ks etdirmirdi. \u018fliyev real statistika m\u0259lumatlar\u0131na v\u0259 v\u0259t\u0259nda\u015flar\u0131n h\u0259yat s\u0259viyy\u0259sinin a\u015fa\u011f\u0131 d\u00fc\u015fm\u0259sin\u0259 baxmayaraq, v\u0259ziyy\u0259tin pisl\u0259\u015fdiyini etiraf etmir. O, b\u00f6hrana qar\u015f\u0131 u\u011furlu m\u00fcbariz\u0259, c\u0259miyy\u0259td\u0259 sabitlik v\u0259 raz\u0131l\u0131q olmas\u0131 m\u0259nz\u0259r\u0259si t\u0259svir edir. Bu, onun \u00f6t\u0259n ili qiym\u0259tl\u0259ndirm\u0259si idi. \u00c7\u0131x\u0131\u015f\u0131n ilk giri\u015f hiss\u0259si art\u0131q \u018fliyev komandas\u0131n\u0131n operativ antib\u00f6hran t\u0259klifl\u0259ri ir\u0259li s\u00fcr\u0259 bil\u0259c\u0259yi il\u0259 ba\u011fl\u0131 \u015f\u00fcbh\u0259l\u0259ri art\u0131r\u0131b. Bel\u0259 ki, \u00e7\u0131x\u0131\u015f ger\u00e7\u0259kliyin qeyri-adekvat d\u0259rk v\u0259 t\u0259svir edilm\u0259sin\u0259 \u0259saslan\u0131rd\u0131. Sonradan, he\u00e7 c\u00fcr \u0259sas adland\u0131rmaq m\u00fcmk\u00fcn olmayan istiqam\u0259tl\u0259r\u0259 n\u0259zar\u0259t ed\u0259n \u00fc\u00e7 m\u0259murun \u00e7\u0131x\u0131\u015f\u0131ndan sonra 2017-ci il\u0259 bax\u0131\u015f\u0131n\u0131 t\u0259qdim ed\u0259n \u018fliyev t\u0259bii olaraq auditoriyan\u0131n ondan h\u0259l\u0259 d\u0259 g\u00f6zl\u0259diyi x\u0259st\u0259 iqtisadiyyat\u0131n m\u00fcalic\u0259si \u00fc\u00e7\u00fcn resepti t\u0259qdim ed\u0259 bilm\u0259yib.\n<\/p>\n<p>\n  Prezidentin \u00e7\u0131x\u0131\u015f\u0131ndan ayd\u0131n olur ki, o, iqtisadiyyat\u0131n inki\u015faf\u0131n\u0131 ki\u00e7ik v\u0259 orta biznesin deyil, oliqarxiyan\u0131n maraqlar\u0131n\u0131 \u0259ks etdir\u0259n b\u00f6y\u00fck layih\u0259l\u0259rin h\u0259yata ke\u00e7irilm\u0259sind\u0259 g\u00f6r\u00fcr. Bu layih\u0259l\u0259r \u0259sas\u0259n azalmaqda olan neft ehtiyatlar\u0131ndan g\u0259l\u0259n d\u00f6vl\u0259t v\u0259saitinin, habel\u0259 oliqarxlar\u0131n neft bumu ill\u0259rind\u0259 y\u0131\u011fd\u0131qlar\u0131 \u015f\u0259xsi v\u0259saitl\u0259rinin bundan sonra da yuyulmas\u0131n\u0131 n\u0259z\u0259rd\u0259 tutur. Buraya paytaxtda m\u0259nzil tikintisi, pamb\u0131q\u00e7\u0131l\u0131q ba\u011f\u00e7\u0131l\u0131q, \u015f\u0259rab\u00e7\u0131l\u0131q v\u0259 s. sah\u0259l\u0259rd\u0259 b\u00f6y\u00fck t\u0259s\u0259rr\u00fcfatlar\u0131n inki\u015faf\u0131 aiddir. X\u00fcsusi sahibkarlara d\u0259st\u0259k v\u0259 minl\u0259rl\u0259 \u00f6z\u0259l sektor n\u00fcmay\u0259nd\u0259si aras\u0131nda investisiyalar\u0131n paylanmas\u0131 haqq\u0131nda he\u00e7 n\u0259 deyilm\u0259yib.\n<\/p>\n<p>\n  \u018fn ac\u0131nacaql\u0131s\u0131 o idi ki, prezident ilin sonuna yax\u0131n imzalad\u0131\u011f\u0131 v\u0259 preamblualar\u0131na \u0259sas\u0259n, iqtisadiyyat\u0131n 12 sah\u0259sind\u0259 inki\u015faf\u0131n lokomotivi olmal\u0131 olan islahatlar\u0131n &#8220;yol x\u0259rit\u0259l\u0259ri&#8221; haqq\u0131nda he\u00e7 n\u0259 dem\u0259di.\n<\/p>\n<p>\n  Prezidentin nitqind\u0259n bel\u0259 n\u0259tic\u0259 \u00e7\u0131x\u0131r ki, o, yeni iqtisadiyyat\u0131n qurulmas\u0131na t\u00f6hf\u0259 verm\u0259y\u0259 haz\u0131r olan v\u0259 bunu arzulayan h\u0259r bir \u00f6lk\u0259 v\u0259t\u0259nda\u015f\u0131n\u0131n potensial\u0131n\u0131 \u00fcz\u0259 \u00e7\u0131xarma\u011fa imkan ver\u0259c\u0259k h\u0259rt\u0259r\u0259fli islahatlar ke\u00e7irilm\u0259sind\u0259 maraql\u0131 deyil. \u018fliyev \u0259vv\u0259lki kimi azad \u015f\u0259xsiyy\u0259td\u0259 v\u0259 azad iqtisadiyyatda rejim\u0259 t\u0259hl\u00fck\u0259 g\u00f6r\u00fcr v\u0259 buna g\u00f6r\u0259 onun tezisl\u0259ri b\u00f6y\u00fck inhisar\u00e7\u0131 strukturlar\u0131n v\u0259 birlikl\u0259rin d\u0259st\u0259kl\u0259nm\u0259sin\u0259 v\u0259 inki\u015faf\u0131na y\u00f6n\u0259lib.\n<\/p>\n<p>\n  Bu m\u0259nada islam amilinin islahatlar ke\u00e7irilm\u0259sind\u0259 onun f\u0259ls\u0259f\u0259sinin \u0259sas\u0131n\u0131 t\u0259\u015fkil etm\u0259sinin s\u0259b\u0259bi ayd\u0131n olur. \u00c7\u00fcnki islam d\u00fcnyas\u0131n\u0131n \u00f6z\u00fc, onun \u0259sas\u0259n reqressiv iqtisadiyyat\u0131 inhisarlar v\u0259 oliqarx qruplar\u0131n v\u0259 klanlar\u0131n maraqlar\u0131 \u00fcz\u0259rind\u0259 qurulub. \u018fliyev \u00e7\u0131x\u0131\u015f\u0131n\u0131n \u0259vv\u0259lind\u0259 d\u0259, ax\u0131r\u0131nda da bir daha sevimli xristian v\u0259 islam d\u00fcnyas\u0131n\u0131n qar\u015f\u0131durmas\u0131 m\u00f6vzusuna \u00fcz tutub, bir t\u0259r\u0259fd\u0259n islahatlara m\u0259cbur edilm\u0259nin Q\u0259rbin islam d\u00fcnyas\u0131n\u0131n bir hiss\u0259si kimi Az\u0259rbaycana q\u0259r\u0259zli m\u00fcnasib\u0259ti oldu\u011funa i\u015far\u0259 edir, dig\u0259r t\u0259r\u0259fd\u0259n bel\u0259likl\u0259 anaxronik d\u00f6vl\u0259t idar\u0259etm\u0259 sistemind\u0259n ir\u0259li g\u0259l\u0259n b\u0259nz\u0259r probleml\u0259r ya\u015fayan avtoritar islam rejiml\u0259rinin h\u0259mr\u0259yliyin\u0259 ehtiyac\u0131 oldu\u011funa i\u015far\u0259 edib.\n<\/p>\n<p>\n  Bu, h\u0259m\u00e7inin 2017-ci ild\u0259 \u018fliyevin h\u0259m siyasi, h\u0259m d\u0259 maliyy\u0259 n\u00f6qteyi-n\u0259z\u0259rd\u0259n rejimin daxili sabitliyin\u0259 d\u0259st\u0259yi islam d\u00fcnyas\u0131nda axtaraca\u011f\u0131n\u0131 g\u00f6st\u0259rir. M\u0259lumdur ki, son iki il Az\u0259rbaycan iqtisadiyyat\u0131n\u0131n qidaland\u0131r\u0131lmas\u0131 \u00fc\u00e7\u00fcn avtoritar Yax\u0131n \u015e\u0259rq \u00f6lk\u0259l\u0259rind\u0259 maliyy\u0259 v\u0259saiti axtar\u0131\u015f\u0131 il\u0259 s\u0259ciyy\u0259l\u0259nib. H\u0259l\u0259lik onlar laz\u0131mi b\u0259hr\u0259ni verm\u0259yib. Amma, g\u00f6r\u00fcn\u00fcr, \u018fliyev bu istiqam\u0259td\u0259 s\u0259yl\u0259rini dayand\u0131rmaq niyy\u0259tind\u0259 deyil, bel\u0259 ki, Q\u0259rbin ona t\u0259klif etdiyi k\u00f6kl\u00fc islahatlar, Az\u0259rbaycan xalq\u0131n\u0131n bu g\u00fcn h\u0259r zaman oldu\u011fundan daha \u00e7ox ki\u00e7ik sahibkarlardan, biznesmenl\u0259rd\u0259n v\u0259 sad\u0259c\u0259 f\u0259rdi \u0259m\u0259k f\u0259aliyy\u0259ti il\u0259 m\u0259\u015f\u011ful olan v\u0259 iqtisadi azadl\u0131\u011fa ehtiyac duyan b\u00f6y\u00fck hiss\u0259sinin maraqlar\u0131na cavab verm\u0259sin\u0259 baxmayaraq, rejimin maraqlar\u0131 il\u0259 bir araya s\u0131\u011fm\u0131r.<\/p>\n","protected":false},"excerpt":{"rendered":"<p>Az\u0259rbaycan Nazirl\u0259r Kabinetinin yanvar\u0131n 10-da prezident \u0130lham \u018fliyevin r\u0259hb\u0259rliyi il\u0259 &#8230; <\/p>\n<p class=\"read-more-container\"><a title=\"\u0130slam h\u0259mr\u0259yliyi iqtisadiyyat\u0131\" class=\"read-more button\" href=\"https:\/\/www.meydan.tv\/az\/article\/islam-hemreyliyi-iqtisadiyyati\/#more-181822\" aria-label=\"Read more about \u0130slam h\u0259mr\u0259yliyi iqtisadiyyat\u0131\">Davam\u0131<\/a><\/p>\n","protected":false},"author":11,"featured_media":77248,"comment_status":"closed","ping_status":"open","sticky":false,"template":"","format":"standard","meta":{"_acf_changed":false,"_sitemap_exclude":false,"_sitemap_priority":"","_sitemap_frequency":"","footnotes":""},"categories":[51],"tags":[],"class_list":["post-181822","post","type-post","status-publish","format-standard","has-post-thumbnail","hentry","category-analitika","infinite-scroll-item","generate-columns","tablet-grid-50","mobile-grid-100","grid-parent","grid-33","no-featured-image-padding"],"acf":[],"yoast_head":"<!-- This site is optimized with the Yoast SEO plugin v27.5 - https:\/\/yoast.com\/product\/yoast-seo-wordpress\/ -->\n<title>\u0130slam h\u0259mr\u0259yliyi iqtisadiyyat\u0131 - MEYDAN.TV<\/title>\n<meta name=\"robots\" content=\"index, follow, max-snippet:-1, max-image-preview:large, max-video-preview:-1\" \/>\n<link rel=\"canonical\" href=\"https:\/\/www.meydan.tv\/az\/article\/islam-hemreyliyi-iqtisadiyyati\/\" \/>\n<meta property=\"og:locale\" content=\"az_AZ\" \/>\n<meta property=\"og:type\" content=\"article\" \/>\n<meta property=\"og:title\" content=\"\u0130slam h\u0259mr\u0259yliyi iqtisadiyyat\u0131 - MEYDAN.TV\" \/>\n<meta property=\"og:description\" content=\"Az\u0259rbaycan Nazirl\u0259r Kabinetinin yanvar\u0131n 10-da prezident \u0130lham \u018fliyevin r\u0259hb\u0259rliyi il\u0259 ... Davam\u0131\" \/>\n<meta property=\"og:url\" content=\"https:\/\/www.meydan.tv\/az\/article\/islam-hemreyliyi-iqtisadiyyati\/\" \/>\n<meta property=\"og:site_name\" content=\"MEYDAN.TV\" \/>\n<meta property=\"article:published_time\" content=\"2017-01-12T13:11:17+00:00\" \/>\n<meta property=\"og:image\" content=\"https:\/\/www.meydan.tv\/wp-content\/uploads\/29959.jpg\" \/>\n\t<meta property=\"og:image:width\" content=\"1280\" \/>\n\t<meta property=\"og:image:height\" content=\"720\" \/>\n\t<meta property=\"og:image:type\" content=\"image\/jpeg\" \/>\n<meta name=\"author\" content=\"user-manager\" \/>\n<meta name=\"twitter:card\" content=\"summary_large_image\" \/>\n<script type=\"application\/ld+json\" class=\"yoast-schema-graph\">{\"@context\":\"https:\\\/\\\/schema.org\",\"@graph\":[{\"@type\":\"Article\",\"@id\":\"https:\\\/\\\/www.meydan.tv\\\/az\\\/article\\\/islam-hemreyliyi-iqtisadiyyati\\\/#article\",\"isPartOf\":{\"@id\":\"https:\\\/\\\/www.meydan.tv\\\/az\\\/article\\\/islam-hemreyliyi-iqtisadiyyati\\\/\"},\"author\":{\"name\":\"user-manager\",\"@id\":\"https:\\\/\\\/www.meydan.tv\\\/az\\\/#\\\/schema\\\/person\\\/10d11eccf6da3662cf5fdab9806ea91a\"},\"headline\":\"\u0130slam h\u0259mr\u0259yliyi iqtisadiyyat\u0131\",\"datePublished\":\"2017-01-12T13:11:17+00:00\",\"mainEntityOfPage\":{\"@id\":\"https:\\\/\\\/www.meydan.tv\\\/az\\\/article\\\/islam-hemreyliyi-iqtisadiyyati\\\/\"},\"wordCount\":910,\"publisher\":{\"@id\":\"https:\\\/\\\/www.meydan.tv\\\/az\\\/#organization\"},\"image\":{\"@id\":\"https:\\\/\\\/www.meydan.tv\\\/az\\\/article\\\/islam-hemreyliyi-iqtisadiyyati\\\/#primaryimage\"},\"thumbnailUrl\":\"https:\\\/\\\/www.meydan.tv\\\/wp-content\\\/uploads\\\/29959.jpg\",\"articleSection\":[\"Analitika\"],\"inLanguage\":\"az\"},{\"@type\":\"WebPage\",\"@id\":\"https:\\\/\\\/www.meydan.tv\\\/az\\\/article\\\/islam-hemreyliyi-iqtisadiyyati\\\/\",\"url\":\"https:\\\/\\\/www.meydan.tv\\\/az\\\/article\\\/islam-hemreyliyi-iqtisadiyyati\\\/\",\"name\":\"\u0130slam h\u0259mr\u0259yliyi iqtisadiyyat\u0131 - MEYDAN.TV\",\"isPartOf\":{\"@id\":\"https:\\\/\\\/www.meydan.tv\\\/az\\\/#website\"},\"primaryImageOfPage\":{\"@id\":\"https:\\\/\\\/www.meydan.tv\\\/az\\\/article\\\/islam-hemreyliyi-iqtisadiyyati\\\/#primaryimage\"},\"image\":{\"@id\":\"https:\\\/\\\/www.meydan.tv\\\/az\\\/article\\\/islam-hemreyliyi-iqtisadiyyati\\\/#primaryimage\"},\"thumbnailUrl\":\"https:\\\/\\\/www.meydan.tv\\\/wp-content\\\/uploads\\\/29959.jpg\",\"datePublished\":\"2017-01-12T13:11:17+00:00\",\"breadcrumb\":{\"@id\":\"https:\\\/\\\/www.meydan.tv\\\/az\\\/article\\\/islam-hemreyliyi-iqtisadiyyati\\\/#breadcrumb\"},\"inLanguage\":\"az\",\"potentialAction\":[{\"@type\":\"ReadAction\",\"target\":[\"https:\\\/\\\/www.meydan.tv\\\/az\\\/article\\\/islam-hemreyliyi-iqtisadiyyati\\\/\"]}]},{\"@type\":\"ImageObject\",\"inLanguage\":\"az\",\"@id\":\"https:\\\/\\\/www.meydan.tv\\\/az\\\/article\\\/islam-hemreyliyi-iqtisadiyyati\\\/#primaryimage\",\"url\":\"https:\\\/\\\/www.meydan.tv\\\/wp-content\\\/uploads\\\/29959.jpg\",\"contentUrl\":\"https:\\\/\\\/www.meydan.tv\\\/wp-content\\\/uploads\\\/29959.jpg\",\"width\":1280,\"height\":720,\"caption\":\"Source:\"},{\"@type\":\"BreadcrumbList\",\"@id\":\"https:\\\/\\\/www.meydan.tv\\\/az\\\/article\\\/islam-hemreyliyi-iqtisadiyyati\\\/#breadcrumb\",\"itemListElement\":[{\"@type\":\"ListItem\",\"position\":1,\"name\":\"Ana s\u0259hif\u0259\",\"item\":\"https:\\\/\\\/www.meydan.tv\\\/az\\\/\"},{\"@type\":\"ListItem\",\"position\":2,\"name\":\"Analitika\",\"item\":\"https:\\\/\\\/www.meydan.tv\\\/az\\\/section\\\/analitika\\\/\"},{\"@type\":\"ListItem\",\"position\":3,\"name\":\"\u0130slam h\u0259mr\u0259yliyi iqtisadiyyat\u0131\"}]},{\"@type\":\"WebSite\",\"@id\":\"https:\\\/\\\/www.meydan.tv\\\/az\\\/#website\",\"url\":\"https:\\\/\\\/www.meydan.tv\\\/az\\\/\",\"name\":\"MEYDAN.TV\",\"description\":\"Meydan TV Az\u0259rbaycan\u0131n media m\u0259kan\u0131ndak\u0131 alternativ s\u0259sidir\",\"publisher\":{\"@id\":\"https:\\\/\\\/www.meydan.tv\\\/az\\\/#organization\"},\"potentialAction\":[{\"@type\":\"SearchAction\",\"target\":{\"@type\":\"EntryPoint\",\"urlTemplate\":\"https:\\\/\\\/www.meydan.tv\\\/az\\\/?s={search_term_string}\"},\"query-input\":{\"@type\":\"PropertyValueSpecification\",\"valueRequired\":true,\"valueName\":\"search_term_string\"}}],\"inLanguage\":\"az\"},{\"@type\":\"Organization\",\"@id\":\"https:\\\/\\\/www.meydan.tv\\\/az\\\/#organization\",\"name\":\"Meydan TV\",\"url\":\"https:\\\/\\\/www.meydan.tv\\\/az\\\/\",\"logo\":{\"@type\":\"ImageObject\",\"inLanguage\":\"az\",\"@id\":\"https:\\\/\\\/www.meydan.tv\\\/az\\\/#\\\/schema\\\/logo\\\/image\\\/\",\"url\":\"https:\\\/\\\/www.meydan.tv\\\/wp-content\\\/uploads\\\/2021\\\/07\\\/meydan-logo.svg\",\"contentUrl\":\"https:\\\/\\\/www.meydan.tv\\\/wp-content\\\/uploads\\\/2021\\\/07\\\/meydan-logo.svg\",\"width\":195,\"height\":46,\"caption\":\"Meydan TV\"},\"image\":{\"@id\":\"https:\\\/\\\/www.meydan.tv\\\/az\\\/#\\\/schema\\\/logo\\\/image\\\/\"}},{\"@type\":\"Person\",\"@id\":\"https:\\\/\\\/www.meydan.tv\\\/az\\\/#\\\/schema\\\/person\\\/10d11eccf6da3662cf5fdab9806ea91a\",\"name\":\"user-manager\"}]}<\/script>\n<!-- \/ Yoast SEO plugin. -->","yoast_head_json":{"title":"\u0130slam h\u0259mr\u0259yliyi iqtisadiyyat\u0131 - MEYDAN.TV","robots":{"index":"index","follow":"follow","max-snippet":"max-snippet:-1","max-image-preview":"max-image-preview:large","max-video-preview":"max-video-preview:-1"},"canonical":"https:\/\/www.meydan.tv\/az\/article\/islam-hemreyliyi-iqtisadiyyati\/","og_locale":"az_AZ","og_type":"article","og_title":"\u0130slam h\u0259mr\u0259yliyi iqtisadiyyat\u0131 - MEYDAN.TV","og_description":"Az\u0259rbaycan Nazirl\u0259r Kabinetinin yanvar\u0131n 10-da prezident \u0130lham \u018fliyevin r\u0259hb\u0259rliyi il\u0259 ... Davam\u0131","og_url":"https:\/\/www.meydan.tv\/az\/article\/islam-hemreyliyi-iqtisadiyyati\/","og_site_name":"MEYDAN.TV","article_published_time":"2017-01-12T13:11:17+00:00","og_image":[{"width":1280,"height":720,"url":"https:\/\/www.meydan.tv\/wp-content\/uploads\/29959.jpg","type":"image\/jpeg"}],"author":"user-manager","twitter_card":"summary_large_image","schema":{"@context":"https:\/\/schema.org","@graph":[{"@type":"Article","@id":"https:\/\/www.meydan.tv\/az\/article\/islam-hemreyliyi-iqtisadiyyati\/#article","isPartOf":{"@id":"https:\/\/www.meydan.tv\/az\/article\/islam-hemreyliyi-iqtisadiyyati\/"},"author":{"name":"user-manager","@id":"https:\/\/www.meydan.tv\/az\/#\/schema\/person\/10d11eccf6da3662cf5fdab9806ea91a"},"headline":"\u0130slam h\u0259mr\u0259yliyi iqtisadiyyat\u0131","datePublished":"2017-01-12T13:11:17+00:00","mainEntityOfPage":{"@id":"https:\/\/www.meydan.tv\/az\/article\/islam-hemreyliyi-iqtisadiyyati\/"},"wordCount":910,"publisher":{"@id":"https:\/\/www.meydan.tv\/az\/#organization"},"image":{"@id":"https:\/\/www.meydan.tv\/az\/article\/islam-hemreyliyi-iqtisadiyyati\/#primaryimage"},"thumbnailUrl":"https:\/\/www.meydan.tv\/wp-content\/uploads\/29959.jpg","articleSection":["Analitika"],"inLanguage":"az"},{"@type":"WebPage","@id":"https:\/\/www.meydan.tv\/az\/article\/islam-hemreyliyi-iqtisadiyyati\/","url":"https:\/\/www.meydan.tv\/az\/article\/islam-hemreyliyi-iqtisadiyyati\/","name":"\u0130slam h\u0259mr\u0259yliyi iqtisadiyyat\u0131 - MEYDAN.TV","isPartOf":{"@id":"https:\/\/www.meydan.tv\/az\/#website"},"primaryImageOfPage":{"@id":"https:\/\/www.meydan.tv\/az\/article\/islam-hemreyliyi-iqtisadiyyati\/#primaryimage"},"image":{"@id":"https:\/\/www.meydan.tv\/az\/article\/islam-hemreyliyi-iqtisadiyyati\/#primaryimage"},"thumbnailUrl":"https:\/\/www.meydan.tv\/wp-content\/uploads\/29959.jpg","datePublished":"2017-01-12T13:11:17+00:00","breadcrumb":{"@id":"https:\/\/www.meydan.tv\/az\/article\/islam-hemreyliyi-iqtisadiyyati\/#breadcrumb"},"inLanguage":"az","potentialAction":[{"@type":"ReadAction","target":["https:\/\/www.meydan.tv\/az\/article\/islam-hemreyliyi-iqtisadiyyati\/"]}]},{"@type":"ImageObject","inLanguage":"az","@id":"https:\/\/www.meydan.tv\/az\/article\/islam-hemreyliyi-iqtisadiyyati\/#primaryimage","url":"https:\/\/www.meydan.tv\/wp-content\/uploads\/29959.jpg","contentUrl":"https:\/\/www.meydan.tv\/wp-content\/uploads\/29959.jpg","width":1280,"height":720,"caption":"Source:"},{"@type":"BreadcrumbList","@id":"https:\/\/www.meydan.tv\/az\/article\/islam-hemreyliyi-iqtisadiyyati\/#breadcrumb","itemListElement":[{"@type":"ListItem","position":1,"name":"Ana s\u0259hif\u0259","item":"https:\/\/www.meydan.tv\/az\/"},{"@type":"ListItem","position":2,"name":"Analitika","item":"https:\/\/www.meydan.tv\/az\/section\/analitika\/"},{"@type":"ListItem","position":3,"name":"\u0130slam h\u0259mr\u0259yliyi iqtisadiyyat\u0131"}]},{"@type":"WebSite","@id":"https:\/\/www.meydan.tv\/az\/#website","url":"https:\/\/www.meydan.tv\/az\/","name":"MEYDAN.TV","description":"Meydan TV Az\u0259rbaycan\u0131n media m\u0259kan\u0131ndak\u0131 alternativ s\u0259sidir","publisher":{"@id":"https:\/\/www.meydan.tv\/az\/#organization"},"potentialAction":[{"@type":"SearchAction","target":{"@type":"EntryPoint","urlTemplate":"https:\/\/www.meydan.tv\/az\/?s={search_term_string}"},"query-input":{"@type":"PropertyValueSpecification","valueRequired":true,"valueName":"search_term_string"}}],"inLanguage":"az"},{"@type":"Organization","@id":"https:\/\/www.meydan.tv\/az\/#organization","name":"Meydan TV","url":"https:\/\/www.meydan.tv\/az\/","logo":{"@type":"ImageObject","inLanguage":"az","@id":"https:\/\/www.meydan.tv\/az\/#\/schema\/logo\/image\/","url":"https:\/\/www.meydan.tv\/wp-content\/uploads\/2021\/07\/meydan-logo.svg","contentUrl":"https:\/\/www.meydan.tv\/wp-content\/uploads\/2021\/07\/meydan-logo.svg","width":195,"height":46,"caption":"Meydan TV"},"image":{"@id":"https:\/\/www.meydan.tv\/az\/#\/schema\/logo\/image\/"}},{"@type":"Person","@id":"https:\/\/www.meydan.tv\/az\/#\/schema\/person\/10d11eccf6da3662cf5fdab9806ea91a","name":"user-manager"}]}},"_links":{"self":[{"href":"https:\/\/www.meydan.tv\/az\/wp-json\/wp\/v2\/posts\/181822","targetHints":{"allow":["GET"]}}],"collection":[{"href":"https:\/\/www.meydan.tv\/az\/wp-json\/wp\/v2\/posts"}],"about":[{"href":"https:\/\/www.meydan.tv\/az\/wp-json\/wp\/v2\/types\/post"}],"author":[{"embeddable":true,"href":"https:\/\/www.meydan.tv\/az\/wp-json\/wp\/v2\/users\/11"}],"replies":[{"embeddable":true,"href":"https:\/\/www.meydan.tv\/az\/wp-json\/wp\/v2\/comments?post=181822"}],"version-history":[{"count":0,"href":"https:\/\/www.meydan.tv\/az\/wp-json\/wp\/v2\/posts\/181822\/revisions"}],"wp:featuredmedia":[{"embeddable":true,"href":"https:\/\/www.meydan.tv\/az\/wp-json\/wp\/v2\/media\/77248"}],"wp:attachment":[{"href":"https:\/\/www.meydan.tv\/az\/wp-json\/wp\/v2\/media?parent=181822"}],"wp:term":[{"taxonomy":"category","embeddable":true,"href":"https:\/\/www.meydan.tv\/az\/wp-json\/wp\/v2\/categories?post=181822"},{"taxonomy":"post_tag","embeddable":true,"href":"https:\/\/www.meydan.tv\/az\/wp-json\/wp\/v2\/tags?post=181822"}],"curies":[{"name":"wp","href":"https:\/\/api.w.org\/{rel}","templated":true}]}}