{"id":181799,"date":"2017-01-11T15:35:55","date_gmt":"2017-01-11T15:35:55","guid":{"rendered":"https:\/\/www.meydan.tv\/article\/balaca-adamlarin-boyuk-mecazi\/"},"modified":"2017-01-11T15:35:55","modified_gmt":"2017-01-11T15:35:55","slug":"balaca-adamlarin-boyuk-mecazi","status":"publish","type":"post","link":"https:\/\/www.meydan.tv\/az\/article\/balaca-adamlarin-boyuk-mecazi\/","title":{"rendered":"&#8221;Balaca&#8221; adamlar\u0131n &#8221;b\u00f6y\u00fck&#8221; m\u0259caz\u0131"},"content":{"rendered":"<figure class=\"wp-block-image size-large\">\n  <img decoding=\"async\" src=\"https:\/\/www.meydan.tv\/az\/zerdust-elizade-10\/\" alt=\"Z\u0259rd\u00fc\u015ft \u018flizad\u0259\" class=\"wp-image-65223\"\/><figcaption>\n    Z\u0259rd\u00fc\u015ft \u018flizad\u0259<br \/>\n  <\/figcaption><\/figure>\n<figure class=\"wp-block-image size-large\">\n  <img decoding=\"async\" src=\"https:\/\/www.meydan.tv\/az\/zerdust\/\" alt=\"Z\u0259rd\u00fc\u015ft\" class=\"wp-image-74950\"\/><figcaption>\n    Z\u0259rd\u00fc\u015ft<br \/>\n  <\/figcaption><\/figure>\n<p>\n  Camaat yuxar\u0131da \u0259yl\u0259\u015f\u0259n b\u00f6y\u00fck adamlardan ciddi \u015fikay\u0259t edir. Niy\u0259? Bunun daha niy\u0259si yoxdur ki&#8230;\n<\/p>\n<p>\n  Qohumbazl\u0131q, yerlibazl\u0131q, r\u00fc\u015fv\u0259txorluq, ab\u0131rs\u0131zl\u0131q, qanmazl\u0131q, utanmazl\u0131q, h\u0259yas\u0131zl\u0131q v\u0259 sair\u0259 v\u0259 ilax\u0131r dilxo\u015fluqlar&#8230;\n<\/p>\n<p>\n  Yuxar\u0131da \u0259yl\u0259\u015f\u0259nl\u0259r \u00f6z aralar\u0131nda qara camaat\u0131n dedikl\u0259rini danm\u0131rlar. Danmaq m\u00fcmk\u00fcn d\u0259 deyil. F\u0259q\u0259t, \u0259ll\u0259rini yell\u0259yib deyirl\u0259r ki, &#8220;bu \u015fikay\u0259tl\u0259rin ham\u0131s\u0131n\u0131n m\u0259nb\u0259yi \u0259dal\u0259t hissi deyil, adi pax\u0131ll\u0131qd\u0131r. Balaca adamlar\u0131n \u0259lin\u0259 gir\u0259v\u0259 d\u00fc\u015fs\u0259, bizd\u0259n daha \u00e7ox bas\u0131b yey\u0259c\u0259kl\u0259r. T\u0259sad\u00fcfi deyil ki, xalq\u0131m\u0131z\u0131n \u0259n sevimli atalar s\u00f6z\u00fc &#8220;bacarana can qurban&#8221;d\u0131r&#8221;.\n<\/p>\n<p>\n  M\u0259n d\u0259 d\u00fc\u015f\u00fcn\u00fcr\u0259m v\u0259 \u00f6z\u00fcm\u0259 sual verir\u0259m ki, aya, bu b\u00f6y\u00fckl\u0259r haql\u0131d\u0131rm\u0131? G\u00f6r\u0259s\u0259n balaca adamlar\u0131n \u0259lin\u0259 b\u00f6y\u00fckl\u00fck etm\u0259k f\u00fcrs\u0259ti d\u00fc\u015fs\u0259, onlar da indiki b\u00f6y\u00fckl\u0259rin etdiyini ed\u0259c\u0259kl\u0259rmi? Yoxsa indiki b\u00f6y\u00fckl\u0259r\u0259 r\u0259hm\u0259t oxutduracaqlar?\n<\/p>\n<p>\n  Bir t\u0259r\u0259fd\u0259n yad\u0131ma balaca adamlar\u0131n k\u00fctl\u0259vi sur\u0259td\u0259 b\u00f6y\u00fck v\u0259zif\u0259l\u0259r\u0259 dolu\u015fmas\u0131 d\u00f6vr\u00fc d\u00fc\u015f\u00fcr v\u0259 xat\u0131rlay\u0131ram ki, on n\u0259f\u0259r balaca adamdan yaln\u0131z biri \u00f6z t\u0259mizliyini v\u0259 insanl\u0131\u011f\u0131n\u0131 qoruya bilmi\u015fdi. Qalan doqquzu v\u0259zif\u0259siz balacalar\u0131n belin\u0259 hoppan\u0131b minm\u0259y\u0259 ba\u015flam\u0131\u015fd\u0131.\n<\/p>\n<p>\n  Anlay\u0131ram ki, bunun s\u0259b\u0259bi \u00e7ox sad\u0259 idi: ail\u0259 t\u0259rbiy\u0259sinin yoxlu\u011funda, daha do\u011frusu, olan ail\u0259nin t\u0259rbiy\u0259sizliyind\u0259 idi. Y\u0259ni bu m\u0259xluqata valideyni t\u0259rbiy\u0259 ver\u0259nd\u0259 n\u0259 Nizamid\u0259n, n\u0259 F\u00fczulid\u0259n, n\u0259 &#8220;Quran&#8221;dan, n\u0259 &#8220;\u0130ncil&#8221;d\u0259n, n\u0259 \u0130sa M\u0259sihd\u0259n, n\u0259 M\u0259h\u0259mm\u0259dd\u0259n, n\u0259 imam \u018flid\u0259n, n\u0259 d\u0259 Mahatma Qandid\u0259n x\u0259b\u0259rl\u0259ri olub. Ba\u015fqa s\u00f6zl\u0259, xo\u015fb\u0259xtlikd\u0259n b\u0259\u015f\u0259riyy\u0259tin ensiklopediyas\u0131nda yaz\u0131lanlar\u0131n ham\u0131s\u0131ndan bix\u0259b\u0259r olublar. Bu valideynl\u0259r \u00f6z \u00f6vlad\u0131na yaln\u0131z birc\u0259 \u015feyi qand\u0131ra bilmi\u015fdil\u0259r: yuxar\u0131 d\u0131rma\u015fmaq v\u0259 bas\u0131b yey\u0259nd\u0259 utanmamaq laz\u0131md\u0131r! Y\u0259ni indiki b\u00f6y\u00fckl\u0259r kimi.\n<\/p>\n<p>\n  Bu ki\u00e7ik ha\u015fiy\u0259d\u0259n sonra ke\u00e7ir\u0259m m\u0259tl\u0259b\u0259. Yeni \u0130l\u0259 alt\u0131 saat qal\u0131r. Yollan\u0131ram bayram s\u00fcfr\u0259si \u00fc\u00e7\u00fcn bir d\u0259n\u0259 \u00e7\u00f6r\u0259k alma\u011fa. Hadis\u0259 vaqe olur dekabr\u0131n 31-d\u0259 Politexnik Universitetin b\u00f6yr\u00fcnd\u0259ki da\u011fl\u0131 t\u0259ndiri satan \u00e7\u00f6r\u0259k\u00e7inin p\u0259nc\u0259r\u0259sinin \u00f6n\u00fcnd\u0259. \u00c7\u00f6r\u0259k\u00e7inin p\u0259nc\u0259r\u0259sinin \u00f6n\u00fcnd\u0259 on n\u0259f\u0259r adam topa hal\u0131nda dayan\u0131b. Ucadan ham\u0131ya salam verib Yeni \u0130li t\u0259brik edir\u0259m v\u0259 soru\u015furam ki, n\u00f6vb\u0259d\u0259 sonuncu kimdir. Bir xan\u0131m dinm\u0259zc\u0259 ba\u015f\u0131 il\u0259 i\u015far\u0259 edir ki, &#8220;m\u0259n\u0259m&#8221;. Ucadan deyir\u0259m: &#8220;M\u0259n oldum sizd\u0259n sonra&#8221;. \u00dc\u00e7-d\u00f6rd d\u0259qiq\u0259d\u0259n sonra daha be\u015f-alt\u0131 adam yax\u0131nla\u015f\u0131b n\u00f6vb\u0259 tutur.\n<\/p>\n<p>\n  Ba\u015flay\u0131ram n\u00f6vb\u0259y\u0259 baxma\u011fa v\u0259 t\u0259xmin\u0259n n\u0259 q\u0259d\u0259r vaxt itir\u0259c\u0259yimi \u00f6l\u00e7m\u0259y\u0259. Bu \u00e7\u00f6r\u0259k\u00e7ini 30 ildir tan\u0131y\u0131ram. \u00c7\u00f6r\u0259yi \u0259lad\u0131r. Qazla i\u015fl\u0259y\u0259n sobaya h\u0259r\u0259sind\u0259 doqquz k\u00f6mb\u0259 olmaqla alt\u0131 l\u00f6vh\u0259 qoyur. Doqquz vur alt\u0131 ,eyl\u0259r 54. \u00c7\u00f6r\u0259yin bi\u015fm\u0259si 15 d\u0259qiq\u0259 vaxt apar\u0131r. Fikirl\u0259\u015fir\u0259m ki, m\u0259nd\u0259n \u0259vv\u0259lki bu 10 adam n\u0259 q\u0259d\u0259r \u00e7\u00f6r\u0259k almal\u0131d\u0131r ki, m\u0259n\u0259 biri \u00e7ats\u0131n? 53 \u00e7\u00f6r\u0259kd\u0259n \u00e7ox alsalar, m\u0259n\u0259 ist\u0259diyim bir \u00e7\u00f6r\u0259k \u00e7atmayacaq v\u0259 d\u00fcbar\u0259 15 d\u0259qiq\u0259 g\u00f6zl\u0259m\u0259li olaca\u011fam. Yen\u0259 d\u00fc\u015f\u00fcn\u00fcr\u0259m ki, g\u00f6r\u0259s\u0259n bu n\u00f6vb\u0259d\u0259 d\u0259 &#8220;milli oyun&#8221;lar ba\u015f ver\u0259c\u0259k, ya yox? M\u00fc\u015fahid\u0259m &#8220;balaca&#8221; az\u0259rbaycanl\u0131lar\u0131n \u0259n adi \u015f\u0259raitd\u0259 davran\u0131\u015flar\u0131 bar\u0259d\u0259 d\u0259qiq n\u0259tic\u0259y\u0259 g\u0259lm\u0259y\u0259 imkan ver\u0259c\u0259k, zira, bu n\u00f6vb\u0259d\u0259 &#8220;b\u00f6y\u00fck&#8221; az\u0259rbaycanl\u0131 yoxdur v\u0259 ola da bilm\u0259z.\n<\/p>\n<p>\n  B\u0259li, m\u0259nd\u0259n \u0259vv\u0259l duran s\u0259liq\u0259li geyimli cavan yeni g\u0259l\u0259n m\u00fc\u015ft\u0259ril\u0259rd\u0259n birini tan\u0131y\u0131r, n\u00f6vb\u0259d\u0259n \u00e7\u0131x\u0131r v\u0259 bax\u0131\u015flar\u0131n\u0131 ham\u0131dan gizl\u0259y\u0259r\u0259k ona yax\u0131nla\u015f\u0131r, he\u00e7 k\u0259s e\u015fitm\u0259sin dey\u0259 ondan n\u0259s\u0259 soru\u015fur. T\u0259z\u0259 n\u00f6vb\u0259y\u0259 durmu\u015f m\u00fc\u015ft\u0259ri eriraz \u0259lam\u0259ti olaraq ba\u015f\u0131n\u0131 bulay\u0131r. Bu s\u0259ssiz m\u00fckalim\u0259d\u0259n t\u0259k m\u0259n yox, ham\u0131 anlay\u0131r ki, s\u0259liq\u0259li geyinmi\u015f cavan tan\u0131\u015f\u0131na onun \u00fc\u00e7\u00fcn c\u00f6r\u0259k alma\u011f\u0131 t\u0259klif edir, tan\u0131\u015f is\u0259 camaat\u0131 g\u00f6st\u0259rib deyir ki, &#8220;ay\u0131bd\u0131r camaatdan, eybi yoxdur, duraram, alaram&#8221;. Cavan qay\u0131d\u0131r \u00f6z n\u00f6vb\u0259sin\u0259.\n<\/p>\n<p>\n  M\u0259n d\u0259 anlay\u0131ram ki, bu cavan n\u00f6vb\u0259d\u0259ki \u00f6nc\u00fcl yerini \u00f6z\u00fcn\u0259 h\u00f6rm\u0259t qazanmaq \u00fc\u00e7\u00fcn f\u00fcrs\u0259t say\u0131r v\u0259 bu f\u00fcrs\u0259ti h\u00f6rm\u0259t kapital\u0131na \u00e7evirm\u0259k ist\u0259yir. Tan\u0131\u015f\u0131n\u0131n insaf hissi var v\u0259 igidin bu ist\u0259yin\u0259 cavab vermir.\n<\/p>\n<p>\n  Bu vaxt n\u00f6vb\u0259y\u0259 yeni bir m\u00fc\u015ft\u0259ri qat\u0131l\u0131r. Bu adam\u0131 da cavan tan\u0131y\u0131rm\u0131\u015f. Cavan yen\u0259 bax\u0131\u015flar\u0131n\u0131 camaatdan s\u0259yl\u0259 gizl\u0259y\u0259r\u0259k n\u00f6vb\u0259sind\u0259n \u00e7\u0131x\u0131r, tan\u0131\u015f\u0131na yan al\u0131r v\u0259 p\u0131\u00e7\u0131lt\u0131 il\u0259 ondan n\u0259 q\u0259d\u0259r \u00e7\u00f6r\u0259k ist\u0259diyini soru\u015fur. T\u0259z\u0259 m\u00fc\u015ft\u0259rinin sif\u0259tind\u0259 utancaql\u0131q hissi il\u0259 raz\u0131l\u0131q hissinin x\u0259lit\u0259sind\u0259n t\u00f6r\u0259n\u0259n bir ifad\u0259 yaran\u0131r v\u0259 ona n\u0259 q\u0259d\u0259r \u00e7\u00f6r\u0259k laz\u0131m oldu\u011funu cavana deyir. Cavan yen\u0259 bax\u0131\u015flar\u0131n\u0131 camaatdan s\u0259yl\u0259 qa\u00e7\u0131raraq n\u00f6vb\u0259sin\u0259 qay\u0131d\u0131r.\n<\/p>\n<p>\n  B\u0259li, \u00e7\u00f6r\u0259k bi\u015fib haz\u0131r olur, n\u00f6vb\u0259 h\u0259r\u0259k\u0259t\u0259 g\u0259lir. N\u00f6vb\u0259d\u0259 birinci duran bir q\u0259de\u015fbala on \u00e7\u00f6r\u0259k al\u0131b gedir. &#8220;Bel\u0259 gets\u0259, daha 15 d\u0259qiq\u0259 durmal\u0131 olaca\u011fam&#8221;- d\u00fc\u015f\u00fcn\u00fcr\u0259m. Xeyr, \u00e7ox \u00e7\u00f6r\u0259k alan t\u0259k odur. \u0130kinci adam iki \u00e7\u00f6r\u0259k al\u0131b gedir. \u00dc\u00e7\u00fcnc\u00fc \u00fc\u00e7 \u00e7\u00f6r\u0259k al\u0131r. D\u00f6rd\u00fcnc\u00fc iki \u00e7\u00f6r\u0259k al\u0131r.\n<\/p>\n<p>\n  N\u00f6vb\u0259 \u00e7at\u0131r cavana. Ayr\u0131-ayr\u0131 \u00fc\u00e7 ka\u011f\u0131z torbada doqquz \u00e7\u00f6r\u0259k al\u0131r, \u00e7\u0131x\u0131b torbalar\u0131n ikisini tan\u0131\u015flar\u0131na verir. Birinci tan\u0131\u015f\u0131 naraz\u0131d\u0131r, lakin daha m\u0259tl\u0259bi uzatmay\u0131b torban\u0131 g\u00f6t\u00fcr\u00fcr v\u0259 pulunu cavana verib t\u0259l\u0259sik uzaqla\u015f\u0131r. \u0130kinci is\u0259 torban\u0131 raz\u0131l\u0131qla g\u00f6t\u00fcr\u00fcr v\u0259 q\u0259na\u0259t etdiyi 15 d\u0259qiq\u0259ni m\u0259zmunsuz h\u0259yat\u0131na sevinc\u0259k \u0259lav\u0259 edir.\n<\/p>\n<p>\n  M\u00fcxt\u0259s\u0259r deyim, m\u0259n\u0259 \u00e7\u00f6r\u0259k \u00e7atd\u0131 v\u0259 onu al\u0131b evim\u0259 yolland\u0131m. Yolda da d\u00fc\u015f\u00fcnd\u00fcm, bu s\u0259liq\u0259li geyinmi\u015f cavan n\u00fcmun\u0259vi az\u0259rbaycanl\u0131d\u0131r. Onun \u0259lin\u0259 n\u00f6vb\u0259sind\u0259n b\u0259hr\u0259l\u0259nm\u0259k f\u00fcrs\u0259ti d\u00fc\u015fm\u00fc\u015fd\u00fc v\u0259 o, bu f\u00fcrs\u0259td\u0259n var g\u00fcc\u00fc il\u0259 istifad\u0259 etm\u0259y\u0259 \u00e7al\u0131\u015fd\u0131.\n<\/p>\n<p>\n  Nazirin \u0259lin\u0259 ayr\u0131lm\u0131\u015f b\u00fcdc\u0259 pullar\u0131n\u0131n b\u00f6l\u00fc\u015fd\u00fcr\u00fclm\u0259si f\u00fcrs\u0259ti d\u00fc\u015f\u0259nd\u0259, bizim \u015fanl\u0131 nazir n\u0259 edir? Bax\u0131r n\u00f6vb\u0259y\u0259 durmu\u015f camaata, t\u0259bii ki, ilk olaraq \u00f6z ail\u0259 \u00fczvl\u0259rini g\u00f6r\u00fcr v\u0259 ona tap\u015f\u0131r\u0131lm\u0131\u015f b\u00fcdc\u0259d\u0259n onlar \u00fc\u00e7\u00fcn &#8220;\u00e7\u00f6r\u0259k&#8221; al\u0131r. Sonra g\u00f6r\u00fcr qohumlar\u0131, onlara da n\u00f6vb\u0259d\u0259n k\u0259nar &#8220;\u00e7\u00f6r\u0259k&#8221; al\u0131r. Sonra yen\u0259 bax\u0131b g\u00f6r\u00fcr dostlar\u0131, g\u00f6r\u00fcr tan\u0131\u015flar\u0131, g\u00f6r\u00fcr yerlil\u0259ri, ham\u0131s\u0131na &#8220;\u00e7\u00f6r\u0259k&#8221; alandan sonra b\u0259lli olur ki, &#8220;\u00e7\u00f6r\u0259k&#8221; qurtar\u0131b. Ham\u0131 ba\u015flay\u0131r g\u0259l\u0259n ilin b\u00fcdc\u0259sini g\u00f6zl\u0259m\u0259y\u0259.\n<\/p>\n<p>\n  Bu ki\u00e7ik m\u00fc\u015fahid\u0259md\u0259n bel\u0259 n\u0259tic\u0259y\u0259 g\u0259ldim ki, h\u0259m milli \u0259fkari-\u00fcmumiyy\u0259 adlanan m\u0259fhum bizd\u0259 Avropan\u0131n \u0259dal\u0259t v\u0259 ab\u0131r \u00fcz\u0259rind\u0259 qurulmu\u015f ictimai davran\u0131\u015f qaydalar\u0131ndan tam f\u0259rqlidir, h\u0259m d\u0259 m\u0259hz bu &#8220;millilik&#8221; bizim indiki utanc do\u011furan v\u0259ziyy\u0259timizin m\u0259nb\u0259yidir. G\u00fcnah &#8220;b\u00f6y\u00fck&#8221;l\u0259rd\u0259 deyil, h\u0259r\u00e7\u0259nd ki, h\u0259m d\u0259 v\u0259 ilk n\u00f6vb\u0259d\u0259, onlardad\u0131r.\n<\/p>\n<p>\n  G\u00fcnah &#8220;balaca&#8221; adamlardad\u0131r, zira onlar xalq\u0131n \u0259ks\u0259r hiss\u0259sind\u0259 vaxtil\u0259 yuva sal\u0131b ya\u015fam\u0131\u015f \u0259dal\u0259t v\u0259 insaf hissl\u0259rini \u00e7oxdan bo\u011fub qara torpa\u011fa g\u00f6mm\u00fc\u015fl\u0259r. T\u0259s\u0259vv\u00fcr etdim ki, m\u00f6c\u00fcz\u0259 ba\u015f verib v\u0259 xalq\u0131n i\u00e7ind\u0259n \u00e7\u0131xm\u0131\u015f bu s\u0259liq\u0259li geyimli cavan\u0131 nazir v\u0259zif\u0259sin\u0259 t\u0259yin etmi\u015fl\u0259r. Onun n\u0259yi v\u0259 nec\u0259 ed\u0259c\u0259yini bu \u00e7\u00f6r\u0259k n\u00f6vb\u0259sind\u0259ki davran\u0131\u015f\u0131ndan g\u00f6rm\u0259k \u0259sla \u00e7\u0259tin deyil.\n<\/p>\n<p>\n  N\u0259tic\u0259? Az\u0259rbaycan uzun m\u00fcdd\u0259t t\u0259l\u0259b ed\u0259n maarifl\u0259nm\u0259 m\u0259rh\u0259l\u0259sini ke\u00e7m\u0259s\u0259, yax\u015f\u0131l\u0131\u011fa do\u011fru d\u0259yi\u015fikliy\u0259 \u00fcmid etm\u0259y\u0259 d\u0259ym\u0259z.\n<\/p>\n<p>\n  G\u00fcrc\u00fcstan\u0131 n\u00fcmun\u0259 g\u00f6st\u0259rib dem\u0259yin ki, &#8220;g\u00fcrc\u00fcl\u0259r bacard\u0131&#8221;! Mi\u015fa Saaka\u015fvili g\u00fcrc\u00fcl\u0259ri d\u00f6y\u0259-d\u00f6y\u0259 adam el\u0259yirdi, qalx\u0131b etimads\u0131zl\u0131q g\u00f6st\u0259rdil\u0259r v\u0259 inamla, add\u0131m-add\u0131m k\u00f6hn\u0259 &#8220;milli&#8221; \u0259yyama qay\u0131d\u0131rlar.<\/p>\n","protected":false},"excerpt":{"rendered":"<p>Camaat yuxar\u0131da \u0259yl\u0259\u015f\u0259n b\u00f6y\u00fck adamlardan ciddi \u015fikay\u0259t edir. Niy\u0259? Bunun daha niy\u0259si yoxdur ki&#8230;<\/p>\n","protected":false},"author":11,"featured_media":65223,"comment_status":"closed","ping_status":"open","sticky":false,"template":"","format":"standard","meta":{"_acf_changed":false,"_sitemap_exclude":false,"_sitemap_priority":"","_sitemap_frequency":"","footnotes":""},"categories":[57],"tags":[],"class_list":["post-181799","post","type-post","status-publish","format-standard","has-post-thumbnail","hentry","category-menim-fikrimce","infinite-scroll-item","generate-columns","tablet-grid-50","mobile-grid-100","grid-parent","grid-33","no-featured-image-padding"],"acf":[],"yoast_head":"<!-- This site is optimized with the Yoast SEO plugin v27.5 - https:\/\/yoast.com\/product\/yoast-seo-wordpress\/ -->\n<title>&#039;&#039;Balaca&#039;&#039; adamlar\u0131n &#039;&#039;b\u00f6y\u00fck&#039;&#039; m\u0259caz\u0131 - MEYDAN.TV<\/title>\n<meta name=\"robots\" content=\"index, follow, max-snippet:-1, max-image-preview:large, max-video-preview:-1\" \/>\n<link rel=\"canonical\" href=\"https:\/\/www.meydan.tv\/az\/article\/balaca-adamlarin-boyuk-mecazi\/\" \/>\n<meta property=\"og:locale\" content=\"az_AZ\" \/>\n<meta property=\"og:type\" content=\"article\" \/>\n<meta property=\"og:title\" content=\"&#039;&#039;Balaca&#039;&#039; adamlar\u0131n &#039;&#039;b\u00f6y\u00fck&#039;&#039; m\u0259caz\u0131 - MEYDAN.TV\" \/>\n<meta property=\"og:description\" content=\"Camaat yuxar\u0131da \u0259yl\u0259\u015f\u0259n b\u00f6y\u00fck adamlardan ciddi \u015fikay\u0259t edir. Niy\u0259? Bunun daha niy\u0259si yoxdur ki...\" \/>\n<meta property=\"og:url\" content=\"https:\/\/www.meydan.tv\/az\/article\/balaca-adamlarin-boyuk-mecazi\/\" \/>\n<meta property=\"og:site_name\" content=\"MEYDAN.TV\" \/>\n<meta property=\"article:published_time\" content=\"2017-01-11T15:35:55+00:00\" \/>\n<meta property=\"og:image\" content=\"https:\/\/www.meydan.tv\/wp-content\/uploads\/24887.jpg\" \/>\n\t<meta property=\"og:image:width\" content=\"500\" \/>\n\t<meta property=\"og:image:height\" content=\"500\" \/>\n\t<meta property=\"og:image:type\" content=\"image\/jpeg\" \/>\n<meta name=\"author\" content=\"user-manager\" \/>\n<meta name=\"twitter:card\" content=\"summary_large_image\" \/>\n<script type=\"application\/ld+json\" class=\"yoast-schema-graph\">{\"@context\":\"https:\\\/\\\/schema.org\",\"@graph\":[{\"@type\":\"Article\",\"@id\":\"https:\\\/\\\/www.meydan.tv\\\/az\\\/article\\\/balaca-adamlarin-boyuk-mecazi\\\/#article\",\"isPartOf\":{\"@id\":\"https:\\\/\\\/www.meydan.tv\\\/az\\\/article\\\/balaca-adamlarin-boyuk-mecazi\\\/\"},\"author\":{\"name\":\"user-manager\",\"@id\":\"https:\\\/\\\/www.meydan.tv\\\/az\\\/#\\\/schema\\\/person\\\/10d11eccf6da3662cf5fdab9806ea91a\"},\"headline\":\"&#8221;Balaca&#8221; adamlar\u0131n &#8221;b\u00f6y\u00fck&#8221; m\u0259caz\u0131\",\"datePublished\":\"2017-01-11T15:35:55+00:00\",\"mainEntityOfPage\":{\"@id\":\"https:\\\/\\\/www.meydan.tv\\\/az\\\/article\\\/balaca-adamlarin-boyuk-mecazi\\\/\"},\"wordCount\":1638,\"publisher\":{\"@id\":\"https:\\\/\\\/www.meydan.tv\\\/az\\\/#organization\"},\"image\":{\"@id\":\"https:\\\/\\\/www.meydan.tv\\\/az\\\/article\\\/balaca-adamlarin-boyuk-mecazi\\\/#primaryimage\"},\"thumbnailUrl\":\"https:\\\/\\\/www.meydan.tv\\\/wp-content\\\/uploads\\\/24887.jpg\",\"articleSection\":[\"M\u0259nim Fikrimc\u0259\"],\"inLanguage\":\"az\"},{\"@type\":\"WebPage\",\"@id\":\"https:\\\/\\\/www.meydan.tv\\\/az\\\/article\\\/balaca-adamlarin-boyuk-mecazi\\\/\",\"url\":\"https:\\\/\\\/www.meydan.tv\\\/az\\\/article\\\/balaca-adamlarin-boyuk-mecazi\\\/\",\"name\":\"''Balaca'' adamlar\u0131n ''b\u00f6y\u00fck'' m\u0259caz\u0131 - MEYDAN.TV\",\"isPartOf\":{\"@id\":\"https:\\\/\\\/www.meydan.tv\\\/az\\\/#website\"},\"primaryImageOfPage\":{\"@id\":\"https:\\\/\\\/www.meydan.tv\\\/az\\\/article\\\/balaca-adamlarin-boyuk-mecazi\\\/#primaryimage\"},\"image\":{\"@id\":\"https:\\\/\\\/www.meydan.tv\\\/az\\\/article\\\/balaca-adamlarin-boyuk-mecazi\\\/#primaryimage\"},\"thumbnailUrl\":\"https:\\\/\\\/www.meydan.tv\\\/wp-content\\\/uploads\\\/24887.jpg\",\"datePublished\":\"2017-01-11T15:35:55+00:00\",\"breadcrumb\":{\"@id\":\"https:\\\/\\\/www.meydan.tv\\\/az\\\/article\\\/balaca-adamlarin-boyuk-mecazi\\\/#breadcrumb\"},\"inLanguage\":\"az\",\"potentialAction\":[{\"@type\":\"ReadAction\",\"target\":[\"https:\\\/\\\/www.meydan.tv\\\/az\\\/article\\\/balaca-adamlarin-boyuk-mecazi\\\/\"]}]},{\"@type\":\"ImageObject\",\"inLanguage\":\"az\",\"@id\":\"https:\\\/\\\/www.meydan.tv\\\/az\\\/article\\\/balaca-adamlarin-boyuk-mecazi\\\/#primaryimage\",\"url\":\"https:\\\/\\\/www.meydan.tv\\\/wp-content\\\/uploads\\\/24887.jpg\",\"contentUrl\":\"https:\\\/\\\/www.meydan.tv\\\/wp-content\\\/uploads\\\/24887.jpg\",\"width\":500,\"height\":500,\"caption\":\"Source:\"},{\"@type\":\"BreadcrumbList\",\"@id\":\"https:\\\/\\\/www.meydan.tv\\\/az\\\/article\\\/balaca-adamlarin-boyuk-mecazi\\\/#breadcrumb\",\"itemListElement\":[{\"@type\":\"ListItem\",\"position\":1,\"name\":\"Ana s\u0259hif\u0259\",\"item\":\"https:\\\/\\\/www.meydan.tv\\\/az\\\/\"},{\"@type\":\"ListItem\",\"position\":2,\"name\":\"M\u0259nim Fikrimc\u0259\",\"item\":\"https:\\\/\\\/www.meydan.tv\\\/az\\\/section\\\/menim-fikrimce\\\/\"},{\"@type\":\"ListItem\",\"position\":3,\"name\":\"&#8221;Balaca&#8221; adamlar\u0131n &#8221;b\u00f6y\u00fck&#8221; m\u0259caz\u0131\"}]},{\"@type\":\"WebSite\",\"@id\":\"https:\\\/\\\/www.meydan.tv\\\/az\\\/#website\",\"url\":\"https:\\\/\\\/www.meydan.tv\\\/az\\\/\",\"name\":\"MEYDAN.TV\",\"description\":\"Meydan TV Az\u0259rbaycan\u0131n media m\u0259kan\u0131ndak\u0131 alternativ s\u0259sidir\",\"publisher\":{\"@id\":\"https:\\\/\\\/www.meydan.tv\\\/az\\\/#organization\"},\"potentialAction\":[{\"@type\":\"SearchAction\",\"target\":{\"@type\":\"EntryPoint\",\"urlTemplate\":\"https:\\\/\\\/www.meydan.tv\\\/az\\\/?s={search_term_string}\"},\"query-input\":{\"@type\":\"PropertyValueSpecification\",\"valueRequired\":true,\"valueName\":\"search_term_string\"}}],\"inLanguage\":\"az\"},{\"@type\":\"Organization\",\"@id\":\"https:\\\/\\\/www.meydan.tv\\\/az\\\/#organization\",\"name\":\"Meydan TV\",\"url\":\"https:\\\/\\\/www.meydan.tv\\\/az\\\/\",\"logo\":{\"@type\":\"ImageObject\",\"inLanguage\":\"az\",\"@id\":\"https:\\\/\\\/www.meydan.tv\\\/az\\\/#\\\/schema\\\/logo\\\/image\\\/\",\"url\":\"https:\\\/\\\/www.meydan.tv\\\/wp-content\\\/uploads\\\/2021\\\/07\\\/meydan-logo.svg\",\"contentUrl\":\"https:\\\/\\\/www.meydan.tv\\\/wp-content\\\/uploads\\\/2021\\\/07\\\/meydan-logo.svg\",\"width\":195,\"height\":46,\"caption\":\"Meydan TV\"},\"image\":{\"@id\":\"https:\\\/\\\/www.meydan.tv\\\/az\\\/#\\\/schema\\\/logo\\\/image\\\/\"}},{\"@type\":\"Person\",\"@id\":\"https:\\\/\\\/www.meydan.tv\\\/az\\\/#\\\/schema\\\/person\\\/10d11eccf6da3662cf5fdab9806ea91a\",\"name\":\"user-manager\"}]}<\/script>\n<!-- \/ Yoast SEO plugin. -->","yoast_head_json":{"title":"''Balaca'' adamlar\u0131n ''b\u00f6y\u00fck'' m\u0259caz\u0131 - MEYDAN.TV","robots":{"index":"index","follow":"follow","max-snippet":"max-snippet:-1","max-image-preview":"max-image-preview:large","max-video-preview":"max-video-preview:-1"},"canonical":"https:\/\/www.meydan.tv\/az\/article\/balaca-adamlarin-boyuk-mecazi\/","og_locale":"az_AZ","og_type":"article","og_title":"''Balaca'' adamlar\u0131n ''b\u00f6y\u00fck'' m\u0259caz\u0131 - MEYDAN.TV","og_description":"Camaat yuxar\u0131da \u0259yl\u0259\u015f\u0259n b\u00f6y\u00fck adamlardan ciddi \u015fikay\u0259t edir. Niy\u0259? Bunun daha niy\u0259si yoxdur ki...","og_url":"https:\/\/www.meydan.tv\/az\/article\/balaca-adamlarin-boyuk-mecazi\/","og_site_name":"MEYDAN.TV","article_published_time":"2017-01-11T15:35:55+00:00","og_image":[{"width":500,"height":500,"url":"https:\/\/www.meydan.tv\/wp-content\/uploads\/24887.jpg","type":"image\/jpeg"}],"author":"user-manager","twitter_card":"summary_large_image","schema":{"@context":"https:\/\/schema.org","@graph":[{"@type":"Article","@id":"https:\/\/www.meydan.tv\/az\/article\/balaca-adamlarin-boyuk-mecazi\/#article","isPartOf":{"@id":"https:\/\/www.meydan.tv\/az\/article\/balaca-adamlarin-boyuk-mecazi\/"},"author":{"name":"user-manager","@id":"https:\/\/www.meydan.tv\/az\/#\/schema\/person\/10d11eccf6da3662cf5fdab9806ea91a"},"headline":"&#8221;Balaca&#8221; adamlar\u0131n &#8221;b\u00f6y\u00fck&#8221; m\u0259caz\u0131","datePublished":"2017-01-11T15:35:55+00:00","mainEntityOfPage":{"@id":"https:\/\/www.meydan.tv\/az\/article\/balaca-adamlarin-boyuk-mecazi\/"},"wordCount":1638,"publisher":{"@id":"https:\/\/www.meydan.tv\/az\/#organization"},"image":{"@id":"https:\/\/www.meydan.tv\/az\/article\/balaca-adamlarin-boyuk-mecazi\/#primaryimage"},"thumbnailUrl":"https:\/\/www.meydan.tv\/wp-content\/uploads\/24887.jpg","articleSection":["M\u0259nim Fikrimc\u0259"],"inLanguage":"az"},{"@type":"WebPage","@id":"https:\/\/www.meydan.tv\/az\/article\/balaca-adamlarin-boyuk-mecazi\/","url":"https:\/\/www.meydan.tv\/az\/article\/balaca-adamlarin-boyuk-mecazi\/","name":"''Balaca'' adamlar\u0131n ''b\u00f6y\u00fck'' m\u0259caz\u0131 - MEYDAN.TV","isPartOf":{"@id":"https:\/\/www.meydan.tv\/az\/#website"},"primaryImageOfPage":{"@id":"https:\/\/www.meydan.tv\/az\/article\/balaca-adamlarin-boyuk-mecazi\/#primaryimage"},"image":{"@id":"https:\/\/www.meydan.tv\/az\/article\/balaca-adamlarin-boyuk-mecazi\/#primaryimage"},"thumbnailUrl":"https:\/\/www.meydan.tv\/wp-content\/uploads\/24887.jpg","datePublished":"2017-01-11T15:35:55+00:00","breadcrumb":{"@id":"https:\/\/www.meydan.tv\/az\/article\/balaca-adamlarin-boyuk-mecazi\/#breadcrumb"},"inLanguage":"az","potentialAction":[{"@type":"ReadAction","target":["https:\/\/www.meydan.tv\/az\/article\/balaca-adamlarin-boyuk-mecazi\/"]}]},{"@type":"ImageObject","inLanguage":"az","@id":"https:\/\/www.meydan.tv\/az\/article\/balaca-adamlarin-boyuk-mecazi\/#primaryimage","url":"https:\/\/www.meydan.tv\/wp-content\/uploads\/24887.jpg","contentUrl":"https:\/\/www.meydan.tv\/wp-content\/uploads\/24887.jpg","width":500,"height":500,"caption":"Source:"},{"@type":"BreadcrumbList","@id":"https:\/\/www.meydan.tv\/az\/article\/balaca-adamlarin-boyuk-mecazi\/#breadcrumb","itemListElement":[{"@type":"ListItem","position":1,"name":"Ana s\u0259hif\u0259","item":"https:\/\/www.meydan.tv\/az\/"},{"@type":"ListItem","position":2,"name":"M\u0259nim Fikrimc\u0259","item":"https:\/\/www.meydan.tv\/az\/section\/menim-fikrimce\/"},{"@type":"ListItem","position":3,"name":"&#8221;Balaca&#8221; adamlar\u0131n &#8221;b\u00f6y\u00fck&#8221; m\u0259caz\u0131"}]},{"@type":"WebSite","@id":"https:\/\/www.meydan.tv\/az\/#website","url":"https:\/\/www.meydan.tv\/az\/","name":"MEYDAN.TV","description":"Meydan TV Az\u0259rbaycan\u0131n media m\u0259kan\u0131ndak\u0131 alternativ s\u0259sidir","publisher":{"@id":"https:\/\/www.meydan.tv\/az\/#organization"},"potentialAction":[{"@type":"SearchAction","target":{"@type":"EntryPoint","urlTemplate":"https:\/\/www.meydan.tv\/az\/?s={search_term_string}"},"query-input":{"@type":"PropertyValueSpecification","valueRequired":true,"valueName":"search_term_string"}}],"inLanguage":"az"},{"@type":"Organization","@id":"https:\/\/www.meydan.tv\/az\/#organization","name":"Meydan TV","url":"https:\/\/www.meydan.tv\/az\/","logo":{"@type":"ImageObject","inLanguage":"az","@id":"https:\/\/www.meydan.tv\/az\/#\/schema\/logo\/image\/","url":"https:\/\/www.meydan.tv\/wp-content\/uploads\/2021\/07\/meydan-logo.svg","contentUrl":"https:\/\/www.meydan.tv\/wp-content\/uploads\/2021\/07\/meydan-logo.svg","width":195,"height":46,"caption":"Meydan TV"},"image":{"@id":"https:\/\/www.meydan.tv\/az\/#\/schema\/logo\/image\/"}},{"@type":"Person","@id":"https:\/\/www.meydan.tv\/az\/#\/schema\/person\/10d11eccf6da3662cf5fdab9806ea91a","name":"user-manager"}]}},"_links":{"self":[{"href":"https:\/\/www.meydan.tv\/az\/wp-json\/wp\/v2\/posts\/181799","targetHints":{"allow":["GET"]}}],"collection":[{"href":"https:\/\/www.meydan.tv\/az\/wp-json\/wp\/v2\/posts"}],"about":[{"href":"https:\/\/www.meydan.tv\/az\/wp-json\/wp\/v2\/types\/post"}],"author":[{"embeddable":true,"href":"https:\/\/www.meydan.tv\/az\/wp-json\/wp\/v2\/users\/11"}],"replies":[{"embeddable":true,"href":"https:\/\/www.meydan.tv\/az\/wp-json\/wp\/v2\/comments?post=181799"}],"version-history":[{"count":0,"href":"https:\/\/www.meydan.tv\/az\/wp-json\/wp\/v2\/posts\/181799\/revisions"}],"wp:featuredmedia":[{"embeddable":true,"href":"https:\/\/www.meydan.tv\/az\/wp-json\/wp\/v2\/media\/65223"}],"wp:attachment":[{"href":"https:\/\/www.meydan.tv\/az\/wp-json\/wp\/v2\/media?parent=181799"}],"wp:term":[{"taxonomy":"category","embeddable":true,"href":"https:\/\/www.meydan.tv\/az\/wp-json\/wp\/v2\/categories?post=181799"},{"taxonomy":"post_tag","embeddable":true,"href":"https:\/\/www.meydan.tv\/az\/wp-json\/wp\/v2\/tags?post=181799"}],"curies":[{"name":"wp","href":"https:\/\/api.w.org\/{rel}","templated":true}]}}