{"id":181786,"date":"2017-01-10T23:10:14","date_gmt":"2017-01-10T23:10:14","guid":{"rendered":"https:\/\/www.meydan.tv\/article\/neft-fondunun-desteyi-imkan-verecek-ki-manat-tedricen-ucuzlassin\/"},"modified":"2017-01-10T23:10:14","modified_gmt":"2017-01-10T23:10:14","slug":"neft-fondunun-desteyi-imkan-verecek-ki-manat-tedricen-ucuzlassin","status":"publish","type":"post","link":"https:\/\/www.meydan.tv\/az\/article\/neft-fondunun-desteyi-imkan-verecek-ki-manat-tedricen-ucuzlassin\/","title":{"rendered":"&#8221;Neft Fondunun d\u0259st\u0259yi imkan ver\u0259c\u0259k ki, manat t\u0259dric\u0259n ucuzla\u015fs\u0131n&#8221;"},"content":{"rendered":"<figure class=\"wp-block-image size-large\">\n  <img decoding=\"async\" src=\"https:\/\/www.meydan.tv\/az\/71380\/\" alt=\"\" class=\"wp-image-71380\"\/><figcaption><\/figcaption><\/figure>\n<figure class=\"wp-block-image size-large\">\n  <img decoding=\"async\" src=\"https:\/\/www.meydan.tv\/az\/71380\/\" alt=\"\" class=\"wp-image-71380\"\/><figcaption>\n    Samir \u018fliyev foto sosial \u015f\u0259b\u0259k\u0259<br \/>\n  <\/figcaption><\/figure>\n<p>\n  <i><br \/>\n    Samir \u018fliyev: &#8221;Valyuta \u00e7at\u0131\u015fmazl\u0131\u011f\u0131n\u0131 m\u00fcv\u0259qq\u0259ti aradan qald\u0131rmaq olar&#8221;<br \/>\n  <\/i>\n<\/p>\n<p>\n  <br \/>\n  Az\u0259rbaycan D\u00f6vl\u0259t Neft Fondu (ARDNF) bu il Az\u0259rbaycan M\u0259rk\u0259zi Bank\u0131na (AMB) 7,5 mlrd. manatad\u0259k m\u0259bl\u0259\u011fd\u0259 transfert h\u0259yata ke\u00e7ir\u0259c\u0259k.\n<\/p>\n<p>\n  Bu, ARDNF-nin 2017-ci il b\u00fcdc\u0259sind\u0259 \u00f6z \u0259ksini tap\u0131b.<br \/>\n  <br \/>\n  S\u0259n\u0259d prezident \u0130lham \u018fliyev t\u0259r\u0259find\u0259n yanvar\u0131n 10-da imzalanan f\u0259rmanla t\u0259sdiql\u0259nib.\n<\/p>\n<p>\n  \u201cB\u00fcdc\u0259nin x\u0259rcl\u0259r b\u00f6l\u00fcm\u00fcnd\u0259 qeyd edilib ki, transfert makroiqtisadi sabitliyin t\u0259min olunmas\u0131na y\u00f6n\u0259l\u0259c\u0259k v\u0259 onun yuxar\u0131 h\u0259ddi 7,5 mlrd. manat g\u00f6t\u00fcr\u00fcl\u00fcb. Maraql\u0131d\u0131r ki, AMB-y\u0259 transfertl\u0259r fondun \u00fcmumi x\u0259rcl\u0259rinin 51,7 faiz\u0259 b\u0259rab\u0259rdir\u201d,-APA bel\u0259 yaz\u0131r.\n<\/p>\n<p>\n  \u00d6lk\u0259 ba\u015f\u00e7\u0131s\u0131 ARDNF-nin 2017-ci il b\u00fcdc\u0259sinin g\u0259lirl\u0259rini 8 mlrd. 370 mln. 589,8 min manat, x\u0259rcl\u0259rini is\u0259 14 mlrd. 483 mln. 856 min manat m\u0259bl\u0259\u011find\u0259 t\u0259sdiq edib.\n<\/p>\n<p>\n  \u0130qtisad\u00e7\u0131 Samir \u018fliyev Neft Fondunun q\u0259rar\u0131n\u0131 \u201cFacebook\u201d s\u0259hif\u0259sind\u0259 \u015f\u0259rh ed\u0259rk\u0259n bildirib ki, bu transfert g\u00f6zl\u0259nilm\u0259z hadis\u0259l\u0259r (neftin k\u0259skin ucuzla\u015fmas\u0131, siyasi b\u00f6hran, maliyy\u0259 panikas\u0131 v\u0259 s.) ba\u015f verm\u0259s\u0259, bazar\u0131 2017-ci ild\u0259 sakitl\u0259\u015fdir\u0259 bil\u0259c\u0259k. Banklar\u0131n dollar sat\u0131\u015f\u0131 b\u0259rpa edil\u0259c\u0259k. Qara bazar\u0131n \u0259h\u0259miyy\u0259ti azalacaq.\n<\/p>\n<p>\n  \u201cM\u0259rk\u0259zi Bank y\u0259qin ki v\u0259saitl\u0259ri bir ne\u00e7\u0259 istiqam\u0259td\u0259 istifad\u0259 ed\u0259c\u0259k:\n<\/p>\n<p>\n  &#8211; ehtiyac yarand\u0131qca, h\u0259rraca \u0259lav\u0259 v\u0259sait \u00e7\u0131xartmaq\n<\/p>\n<p>\n  &#8211; d\u00f6vl\u0259t z\u0259man\u0259tli v\u0259 b\u0259zi banklar\u0131n (m\u0259s\u0259l\u0259n, Beyn\u0259lxalq bank\u0131n) xarici \u00f6hd\u0259likl\u0259rini qar\u015f\u0131lamaq\n<\/p>\n<p>\n  &#8211; banklara dollar likvidliyi (kredit v\u0259 ya depozit vasit\u0259sil\u0259) verm\u0259k\u201d,-Samir \u018fliyev bel\u0259 yaz\u0131b.\n<\/p>\n<p>\n  Onun s\u00f6zl\u0259rin\u0259 g\u00f6r\u0259, valyuta \u00e7at\u0131\u015fmazl\u0131\u011f\u0131n\u0131 Neft Fondunun aktivl\u0259ri v\u0259 M\u0259rk\u0259zi Bank\u0131n ehtiyatlar\u0131 hesab\u0131na m\u00fcv\u0259qq\u0259ti aradan qald\u0131rmaq olar:\n<\/p>\n<p>\n  \u201cAncaq bu, problemin \u00f6mr\u00fcn\u00fc uzatmaq v\u0259 onun taleyini d\u00fcnya bazarlar\u0131nda neftin bahala\u015fmas\u0131na ba\u011flamaqdan ba\u015fqa bir \u015fey deyil. Problem sistemli xarakter da\u015f\u0131d\u0131\u011f\u0131ndan m\u0259s\u0259l\u0259nin h\u0259lli k\u00f6kl\u00fc yana\u015fma t\u0259l\u0259b edir. Manat\u0131n m\u0259z\u0259nn\u0259sinin sabitliyi yaln\u0131z dayan\u0131ql\u0131 makroiqtisadi sabitlik v\u0259 iqtisadi inki\u015faf fonunda m\u00fcmk\u00fcnd\u00fcr. H\u00f6kum\u0259t t\u0259xmin\u0259n 1 il vaxt qazand\u0131. H\u0259tta bu t\u0259\u015f\u0259bb\u00fcsd\u0259n sonra da manat\u0131n tam \u00fczm\u0259sini iddia etm\u0259k olmaz. Manat M\u0259rk\u0259zi Bank\u0131n d\u0259st\u0259yi il\u0259 \u00fczm\u0259kd\u0259 davam ed\u0259c\u0259k. Bu add\u0131mlardan sonra manat\u0131n baha\u015fmas\u0131 real deyil. Ola bil\u0259r epizodik bahala\u015fma ba\u015f versin. Amma tendensiya ucuzla\u015fmaq istiqam\u0259tind\u0259 olacaq. Sad\u0259c\u0259, Neft Fondunun bu d\u0259st\u0259yi imkan ver\u0259c\u0259k ki, manat t\u0259dric\u0259n ucuzla\u015fs\u0131n\u201d.\n<\/p>\n<p>\n  Samir \u018fliyev hesab edir ki, problemin h\u0259lli \u0259ksdollarla\u015fma siyas\u0259tind\u0259dir. H\u00f6kum\u0259t \u0259sas diqq\u0259ti \u0259ksdollarla\u015fma t\u0259dbirl\u0259rinin g\u00fccl\u0259ndirilm\u0259sin\u0259 y\u00f6n\u0259ltm\u0259ldir:\n<\/p>\n<p>\n  \u201cNeft Fondunun pulu hesab\u0131na valyuta bazar\u0131n\u0131 dollarla t\u0259min siyas\u0259ti is\u0259 sonda u\u011fursuzlu\u011fa d\u00fc\u00e7ar ola bil\u0259r v\u0259 t\u0259hl\u00fck\u0259sizlik yast\u0131\u011f\u0131n\u0131n &#8220;\u0259rim\u0259sin\u0259&#8221; g\u0259tirib \u00e7\u0131xarar\u201d.<\/p>\n","protected":false},"excerpt":{"rendered":"<p>Samir \u018fliyev: &#8221;Valyuta \u00e7at\u0131\u015fmazl\u0131\u011f\u0131n\u0131 m\u00fcv\u0259qq\u0259ti aradan qald\u0131rmaq olar&#8221;<\/p>\n","protected":false},"author":11,"featured_media":71380,"comment_status":"closed","ping_status":"open","sticky":false,"template":"","format":"standard","meta":{"_acf_changed":false,"_sitemap_exclude":false,"_sitemap_priority":"","_sitemap_frequency":"","footnotes":""},"categories":[51],"tags":[],"class_list":["post-181786","post","type-post","status-publish","format-standard","has-post-thumbnail","hentry","category-analitika","infinite-scroll-item","generate-columns","tablet-grid-50","mobile-grid-100","grid-parent","grid-33","no-featured-image-padding"],"acf":[],"yoast_head":"<!-- This site is optimized with the Yoast SEO plugin v27.5 - https:\/\/yoast.com\/product\/yoast-seo-wordpress\/ -->\n<title>&#039;&#039;Neft Fondunun d\u0259st\u0259yi imkan ver\u0259c\u0259k ki, manat t\u0259dric\u0259n ucuzla\u015fs\u0131n&#039;&#039; - MEYDAN.TV<\/title>\n<meta name=\"robots\" content=\"index, follow, max-snippet:-1, max-image-preview:large, max-video-preview:-1\" \/>\n<link rel=\"canonical\" href=\"https:\/\/www.meydan.tv\/az\/article\/neft-fondunun-desteyi-imkan-verecek-ki-manat-tedricen-ucuzlassin\/\" \/>\n<meta property=\"og:locale\" content=\"az_AZ\" \/>\n<meta property=\"og:type\" content=\"article\" \/>\n<meta property=\"og:title\" content=\"&#039;&#039;Neft Fondunun d\u0259st\u0259yi imkan ver\u0259c\u0259k ki, manat t\u0259dric\u0259n ucuzla\u015fs\u0131n&#039;&#039; - MEYDAN.TV\" \/>\n<meta property=\"og:description\" content=\"Samir \u018fliyev: &#039;&#039;Valyuta \u00e7at\u0131\u015fmazl\u0131\u011f\u0131n\u0131 m\u00fcv\u0259qq\u0259ti aradan qald\u0131rmaq olar&#039;&#039;\" \/>\n<meta property=\"og:url\" content=\"https:\/\/www.meydan.tv\/az\/article\/neft-fondunun-desteyi-imkan-verecek-ki-manat-tedricen-ucuzlassin\/\" \/>\n<meta property=\"og:site_name\" content=\"MEYDAN.TV\" \/>\n<meta property=\"article:published_time\" content=\"2017-01-10T23:10:14+00:00\" \/>\n<meta property=\"og:image\" content=\"https:\/\/www.meydan.tv\/wp-content\/uploads\/27347.jpg\" \/>\n\t<meta property=\"og:image:width\" content=\"750\" \/>\n\t<meta property=\"og:image:height\" content=\"324\" \/>\n\t<meta property=\"og:image:type\" content=\"image\/jpeg\" \/>\n<meta name=\"author\" content=\"user-manager\" \/>\n<meta name=\"twitter:card\" content=\"summary_large_image\" \/>\n<script type=\"application\/ld+json\" class=\"yoast-schema-graph\">{\"@context\":\"https:\\\/\\\/schema.org\",\"@graph\":[{\"@type\":\"Article\",\"@id\":\"https:\\\/\\\/www.meydan.tv\\\/az\\\/article\\\/neft-fondunun-desteyi-imkan-verecek-ki-manat-tedricen-ucuzlassin\\\/#article\",\"isPartOf\":{\"@id\":\"https:\\\/\\\/www.meydan.tv\\\/az\\\/article\\\/neft-fondunun-desteyi-imkan-verecek-ki-manat-tedricen-ucuzlassin\\\/\"},\"author\":{\"name\":\"user-manager\",\"@id\":\"https:\\\/\\\/www.meydan.tv\\\/az\\\/#\\\/schema\\\/person\\\/10d11eccf6da3662cf5fdab9806ea91a\"},\"headline\":\"&#8221;Neft Fondunun d\u0259st\u0259yi imkan ver\u0259c\u0259k ki, manat t\u0259dric\u0259n ucuzla\u015fs\u0131n&#8221;\",\"datePublished\":\"2017-01-10T23:10:14+00:00\",\"mainEntityOfPage\":{\"@id\":\"https:\\\/\\\/www.meydan.tv\\\/az\\\/article\\\/neft-fondunun-desteyi-imkan-verecek-ki-manat-tedricen-ucuzlassin\\\/\"},\"wordCount\":575,\"publisher\":{\"@id\":\"https:\\\/\\\/www.meydan.tv\\\/az\\\/#organization\"},\"image\":{\"@id\":\"https:\\\/\\\/www.meydan.tv\\\/az\\\/article\\\/neft-fondunun-desteyi-imkan-verecek-ki-manat-tedricen-ucuzlassin\\\/#primaryimage\"},\"thumbnailUrl\":\"https:\\\/\\\/www.meydan.tv\\\/wp-content\\\/uploads\\\/27347.jpg\",\"articleSection\":[\"Analitika\"],\"inLanguage\":\"az\"},{\"@type\":\"WebPage\",\"@id\":\"https:\\\/\\\/www.meydan.tv\\\/az\\\/article\\\/neft-fondunun-desteyi-imkan-verecek-ki-manat-tedricen-ucuzlassin\\\/\",\"url\":\"https:\\\/\\\/www.meydan.tv\\\/az\\\/article\\\/neft-fondunun-desteyi-imkan-verecek-ki-manat-tedricen-ucuzlassin\\\/\",\"name\":\"''Neft Fondunun d\u0259st\u0259yi imkan ver\u0259c\u0259k ki, manat t\u0259dric\u0259n ucuzla\u015fs\u0131n'' - MEYDAN.TV\",\"isPartOf\":{\"@id\":\"https:\\\/\\\/www.meydan.tv\\\/az\\\/#website\"},\"primaryImageOfPage\":{\"@id\":\"https:\\\/\\\/www.meydan.tv\\\/az\\\/article\\\/neft-fondunun-desteyi-imkan-verecek-ki-manat-tedricen-ucuzlassin\\\/#primaryimage\"},\"image\":{\"@id\":\"https:\\\/\\\/www.meydan.tv\\\/az\\\/article\\\/neft-fondunun-desteyi-imkan-verecek-ki-manat-tedricen-ucuzlassin\\\/#primaryimage\"},\"thumbnailUrl\":\"https:\\\/\\\/www.meydan.tv\\\/wp-content\\\/uploads\\\/27347.jpg\",\"datePublished\":\"2017-01-10T23:10:14+00:00\",\"breadcrumb\":{\"@id\":\"https:\\\/\\\/www.meydan.tv\\\/az\\\/article\\\/neft-fondunun-desteyi-imkan-verecek-ki-manat-tedricen-ucuzlassin\\\/#breadcrumb\"},\"inLanguage\":\"az\",\"potentialAction\":[{\"@type\":\"ReadAction\",\"target\":[\"https:\\\/\\\/www.meydan.tv\\\/az\\\/article\\\/neft-fondunun-desteyi-imkan-verecek-ki-manat-tedricen-ucuzlassin\\\/\"]}]},{\"@type\":\"ImageObject\",\"inLanguage\":\"az\",\"@id\":\"https:\\\/\\\/www.meydan.tv\\\/az\\\/article\\\/neft-fondunun-desteyi-imkan-verecek-ki-manat-tedricen-ucuzlassin\\\/#primaryimage\",\"url\":\"https:\\\/\\\/www.meydan.tv\\\/wp-content\\\/uploads\\\/27347.jpg\",\"contentUrl\":\"https:\\\/\\\/www.meydan.tv\\\/wp-content\\\/uploads\\\/27347.jpg\",\"width\":750,\"height\":324,\"caption\":\"Source:\"},{\"@type\":\"BreadcrumbList\",\"@id\":\"https:\\\/\\\/www.meydan.tv\\\/az\\\/article\\\/neft-fondunun-desteyi-imkan-verecek-ki-manat-tedricen-ucuzlassin\\\/#breadcrumb\",\"itemListElement\":[{\"@type\":\"ListItem\",\"position\":1,\"name\":\"Ana s\u0259hif\u0259\",\"item\":\"https:\\\/\\\/www.meydan.tv\\\/az\\\/\"},{\"@type\":\"ListItem\",\"position\":2,\"name\":\"Analitika\",\"item\":\"https:\\\/\\\/www.meydan.tv\\\/az\\\/section\\\/analitika\\\/\"},{\"@type\":\"ListItem\",\"position\":3,\"name\":\"&#8221;Neft Fondunun d\u0259st\u0259yi imkan ver\u0259c\u0259k ki, manat t\u0259dric\u0259n ucuzla\u015fs\u0131n&#8221;\"}]},{\"@type\":\"WebSite\",\"@id\":\"https:\\\/\\\/www.meydan.tv\\\/az\\\/#website\",\"url\":\"https:\\\/\\\/www.meydan.tv\\\/az\\\/\",\"name\":\"MEYDAN.TV\",\"description\":\"Meydan TV Az\u0259rbaycan\u0131n media m\u0259kan\u0131ndak\u0131 alternativ s\u0259sidir\",\"publisher\":{\"@id\":\"https:\\\/\\\/www.meydan.tv\\\/az\\\/#organization\"},\"potentialAction\":[{\"@type\":\"SearchAction\",\"target\":{\"@type\":\"EntryPoint\",\"urlTemplate\":\"https:\\\/\\\/www.meydan.tv\\\/az\\\/?s={search_term_string}\"},\"query-input\":{\"@type\":\"PropertyValueSpecification\",\"valueRequired\":true,\"valueName\":\"search_term_string\"}}],\"inLanguage\":\"az\"},{\"@type\":\"Organization\",\"@id\":\"https:\\\/\\\/www.meydan.tv\\\/az\\\/#organization\",\"name\":\"Meydan TV\",\"url\":\"https:\\\/\\\/www.meydan.tv\\\/az\\\/\",\"logo\":{\"@type\":\"ImageObject\",\"inLanguage\":\"az\",\"@id\":\"https:\\\/\\\/www.meydan.tv\\\/az\\\/#\\\/schema\\\/logo\\\/image\\\/\",\"url\":\"https:\\\/\\\/www.meydan.tv\\\/wp-content\\\/uploads\\\/2021\\\/07\\\/meydan-logo.svg\",\"contentUrl\":\"https:\\\/\\\/www.meydan.tv\\\/wp-content\\\/uploads\\\/2021\\\/07\\\/meydan-logo.svg\",\"width\":195,\"height\":46,\"caption\":\"Meydan TV\"},\"image\":{\"@id\":\"https:\\\/\\\/www.meydan.tv\\\/az\\\/#\\\/schema\\\/logo\\\/image\\\/\"}},{\"@type\":\"Person\",\"@id\":\"https:\\\/\\\/www.meydan.tv\\\/az\\\/#\\\/schema\\\/person\\\/10d11eccf6da3662cf5fdab9806ea91a\",\"name\":\"user-manager\"}]}<\/script>\n<!-- \/ Yoast SEO plugin. -->","yoast_head_json":{"title":"''Neft Fondunun d\u0259st\u0259yi imkan ver\u0259c\u0259k ki, manat t\u0259dric\u0259n ucuzla\u015fs\u0131n'' - MEYDAN.TV","robots":{"index":"index","follow":"follow","max-snippet":"max-snippet:-1","max-image-preview":"max-image-preview:large","max-video-preview":"max-video-preview:-1"},"canonical":"https:\/\/www.meydan.tv\/az\/article\/neft-fondunun-desteyi-imkan-verecek-ki-manat-tedricen-ucuzlassin\/","og_locale":"az_AZ","og_type":"article","og_title":"''Neft Fondunun d\u0259st\u0259yi imkan ver\u0259c\u0259k ki, manat t\u0259dric\u0259n ucuzla\u015fs\u0131n'' - MEYDAN.TV","og_description":"Samir \u018fliyev: ''Valyuta \u00e7at\u0131\u015fmazl\u0131\u011f\u0131n\u0131 m\u00fcv\u0259qq\u0259ti aradan qald\u0131rmaq olar''","og_url":"https:\/\/www.meydan.tv\/az\/article\/neft-fondunun-desteyi-imkan-verecek-ki-manat-tedricen-ucuzlassin\/","og_site_name":"MEYDAN.TV","article_published_time":"2017-01-10T23:10:14+00:00","og_image":[{"width":750,"height":324,"url":"https:\/\/www.meydan.tv\/wp-content\/uploads\/27347.jpg","type":"image\/jpeg"}],"author":"user-manager","twitter_card":"summary_large_image","schema":{"@context":"https:\/\/schema.org","@graph":[{"@type":"Article","@id":"https:\/\/www.meydan.tv\/az\/article\/neft-fondunun-desteyi-imkan-verecek-ki-manat-tedricen-ucuzlassin\/#article","isPartOf":{"@id":"https:\/\/www.meydan.tv\/az\/article\/neft-fondunun-desteyi-imkan-verecek-ki-manat-tedricen-ucuzlassin\/"},"author":{"name":"user-manager","@id":"https:\/\/www.meydan.tv\/az\/#\/schema\/person\/10d11eccf6da3662cf5fdab9806ea91a"},"headline":"&#8221;Neft Fondunun d\u0259st\u0259yi imkan ver\u0259c\u0259k ki, manat t\u0259dric\u0259n ucuzla\u015fs\u0131n&#8221;","datePublished":"2017-01-10T23:10:14+00:00","mainEntityOfPage":{"@id":"https:\/\/www.meydan.tv\/az\/article\/neft-fondunun-desteyi-imkan-verecek-ki-manat-tedricen-ucuzlassin\/"},"wordCount":575,"publisher":{"@id":"https:\/\/www.meydan.tv\/az\/#organization"},"image":{"@id":"https:\/\/www.meydan.tv\/az\/article\/neft-fondunun-desteyi-imkan-verecek-ki-manat-tedricen-ucuzlassin\/#primaryimage"},"thumbnailUrl":"https:\/\/www.meydan.tv\/wp-content\/uploads\/27347.jpg","articleSection":["Analitika"],"inLanguage":"az"},{"@type":"WebPage","@id":"https:\/\/www.meydan.tv\/az\/article\/neft-fondunun-desteyi-imkan-verecek-ki-manat-tedricen-ucuzlassin\/","url":"https:\/\/www.meydan.tv\/az\/article\/neft-fondunun-desteyi-imkan-verecek-ki-manat-tedricen-ucuzlassin\/","name":"''Neft Fondunun d\u0259st\u0259yi imkan ver\u0259c\u0259k ki, manat t\u0259dric\u0259n ucuzla\u015fs\u0131n'' - MEYDAN.TV","isPartOf":{"@id":"https:\/\/www.meydan.tv\/az\/#website"},"primaryImageOfPage":{"@id":"https:\/\/www.meydan.tv\/az\/article\/neft-fondunun-desteyi-imkan-verecek-ki-manat-tedricen-ucuzlassin\/#primaryimage"},"image":{"@id":"https:\/\/www.meydan.tv\/az\/article\/neft-fondunun-desteyi-imkan-verecek-ki-manat-tedricen-ucuzlassin\/#primaryimage"},"thumbnailUrl":"https:\/\/www.meydan.tv\/wp-content\/uploads\/27347.jpg","datePublished":"2017-01-10T23:10:14+00:00","breadcrumb":{"@id":"https:\/\/www.meydan.tv\/az\/article\/neft-fondunun-desteyi-imkan-verecek-ki-manat-tedricen-ucuzlassin\/#breadcrumb"},"inLanguage":"az","potentialAction":[{"@type":"ReadAction","target":["https:\/\/www.meydan.tv\/az\/article\/neft-fondunun-desteyi-imkan-verecek-ki-manat-tedricen-ucuzlassin\/"]}]},{"@type":"ImageObject","inLanguage":"az","@id":"https:\/\/www.meydan.tv\/az\/article\/neft-fondunun-desteyi-imkan-verecek-ki-manat-tedricen-ucuzlassin\/#primaryimage","url":"https:\/\/www.meydan.tv\/wp-content\/uploads\/27347.jpg","contentUrl":"https:\/\/www.meydan.tv\/wp-content\/uploads\/27347.jpg","width":750,"height":324,"caption":"Source:"},{"@type":"BreadcrumbList","@id":"https:\/\/www.meydan.tv\/az\/article\/neft-fondunun-desteyi-imkan-verecek-ki-manat-tedricen-ucuzlassin\/#breadcrumb","itemListElement":[{"@type":"ListItem","position":1,"name":"Ana s\u0259hif\u0259","item":"https:\/\/www.meydan.tv\/az\/"},{"@type":"ListItem","position":2,"name":"Analitika","item":"https:\/\/www.meydan.tv\/az\/section\/analitika\/"},{"@type":"ListItem","position":3,"name":"&#8221;Neft Fondunun d\u0259st\u0259yi imkan ver\u0259c\u0259k ki, manat t\u0259dric\u0259n ucuzla\u015fs\u0131n&#8221;"}]},{"@type":"WebSite","@id":"https:\/\/www.meydan.tv\/az\/#website","url":"https:\/\/www.meydan.tv\/az\/","name":"MEYDAN.TV","description":"Meydan TV Az\u0259rbaycan\u0131n media m\u0259kan\u0131ndak\u0131 alternativ s\u0259sidir","publisher":{"@id":"https:\/\/www.meydan.tv\/az\/#organization"},"potentialAction":[{"@type":"SearchAction","target":{"@type":"EntryPoint","urlTemplate":"https:\/\/www.meydan.tv\/az\/?s={search_term_string}"},"query-input":{"@type":"PropertyValueSpecification","valueRequired":true,"valueName":"search_term_string"}}],"inLanguage":"az"},{"@type":"Organization","@id":"https:\/\/www.meydan.tv\/az\/#organization","name":"Meydan TV","url":"https:\/\/www.meydan.tv\/az\/","logo":{"@type":"ImageObject","inLanguage":"az","@id":"https:\/\/www.meydan.tv\/az\/#\/schema\/logo\/image\/","url":"https:\/\/www.meydan.tv\/wp-content\/uploads\/2021\/07\/meydan-logo.svg","contentUrl":"https:\/\/www.meydan.tv\/wp-content\/uploads\/2021\/07\/meydan-logo.svg","width":195,"height":46,"caption":"Meydan TV"},"image":{"@id":"https:\/\/www.meydan.tv\/az\/#\/schema\/logo\/image\/"}},{"@type":"Person","@id":"https:\/\/www.meydan.tv\/az\/#\/schema\/person\/10d11eccf6da3662cf5fdab9806ea91a","name":"user-manager"}]}},"_links":{"self":[{"href":"https:\/\/www.meydan.tv\/az\/wp-json\/wp\/v2\/posts\/181786","targetHints":{"allow":["GET"]}}],"collection":[{"href":"https:\/\/www.meydan.tv\/az\/wp-json\/wp\/v2\/posts"}],"about":[{"href":"https:\/\/www.meydan.tv\/az\/wp-json\/wp\/v2\/types\/post"}],"author":[{"embeddable":true,"href":"https:\/\/www.meydan.tv\/az\/wp-json\/wp\/v2\/users\/11"}],"replies":[{"embeddable":true,"href":"https:\/\/www.meydan.tv\/az\/wp-json\/wp\/v2\/comments?post=181786"}],"version-history":[{"count":0,"href":"https:\/\/www.meydan.tv\/az\/wp-json\/wp\/v2\/posts\/181786\/revisions"}],"wp:featuredmedia":[{"embeddable":true,"href":"https:\/\/www.meydan.tv\/az\/wp-json\/wp\/v2\/media\/71380"}],"wp:attachment":[{"href":"https:\/\/www.meydan.tv\/az\/wp-json\/wp\/v2\/media?parent=181786"}],"wp:term":[{"taxonomy":"category","embeddable":true,"href":"https:\/\/www.meydan.tv\/az\/wp-json\/wp\/v2\/categories?post=181786"},{"taxonomy":"post_tag","embeddable":true,"href":"https:\/\/www.meydan.tv\/az\/wp-json\/wp\/v2\/tags?post=181786"}],"curies":[{"name":"wp","href":"https:\/\/api.w.org\/{rel}","templated":true}]}}