{"id":181765,"date":"2017-01-10T13:57:29","date_gmt":"2017-01-10T13:57:29","guid":{"rendered":"https:\/\/www.meydan.tv\/article\/maliyye-ve-sigorta-sektoruna-maliyye-qoyulusu-azalib\/"},"modified":"2017-01-10T13:57:29","modified_gmt":"2017-01-10T13:57:29","slug":"maliyye-ve-sigorta-sektoruna-maliyye-qoyulusu-azalib","status":"publish","type":"post","link":"https:\/\/www.meydan.tv\/az\/article\/maliyye-ve-sigorta-sektoruna-maliyye-qoyulusu-azalib\/","title":{"rendered":"Maliyy\u0259 v\u0259 s\u0131\u011forta sektoruna maliyy\u0259 qoyulu\u015fu azal\u0131b"},"content":{"rendered":"<figure class=\"wp-block-image size-large\">\n  <img decoding=\"async\" src=\"https:\/\/www.meydan.tv\/az\/77115\/\" alt=\"\" class=\"wp-image-77115\"\/><figcaption><\/figcaption><\/figure>\n<p>\n  <i><br \/>\n    Natiq C\u0259f\u0259rli: &#8221;Normal i\u015f adam\u0131 e\u015fits\u0259 ki, M\u0259c\u0259ll\u0259y\u0259 115 yeni madd\u0259 \u0259lav\u0259 edilib, daban\u0131na t\u00fcp\u00fcr\u00fcb \u00f6lk\u0259d\u0259n qa\u00e7ar&#8221;<br \/>\n  <\/i>\n<\/p>\n<p>\n  Az\u0259rbaycanda maliyy\u0259 v\u0259 s\u0131\u011forta sektoruna s\u0259rmay\u0259 qoyulu\u015fu azal\u0131b. Bu sah\u0259y\u0259 illik investisiya qoyulu\u015fu 86,3 faiz en\u0259r\u0259k, 2016-c\u0131 ilin yanvar-noyabr aylar\u0131 \u00fczr\u0259 2,6 mln. manat olub.\n<\/p>\n<p>\n  \u201cReport\u201d yaz\u0131r ki, bu, \u00f6lk\u0259 iqtisadiyyat\u0131na investisiya qoyulu\u015funun 0,02 faizini \u0259hat\u0259 edib.\n<\/p>\n<p>\n  2015-ci ild\u0259 maliyy\u0259 v\u0259 s\u0131\u011forta sektoruna investisiyalar 19,8 mln. manat (c\u0259mi investisiyalarda &#8211; 0,1 faiz), 2014-c\u00fc ild\u0259 23,2 mln. manat (0,1 faiz), 2013-c\u00fc ild\u0259 12,0 mln. manat (0,07 faiz), 2012-ci ild\u0259 76,9 mln. manat (0,5 faiz) olub.\n<\/p>\n<p>\n  \u00d6t\u0259n ilin yanvar-noyabr aylar\u0131nda \u00f6lk\u0259nin iqtisadi v\u0259 sosial sah\u0259l\u0259rinin inki\u015faf\u0131 \u00fc\u00e7\u00fcn b\u00fct\u00fcn maliyy\u0259 m\u0259nb\u0259l\u0259rind\u0259n \u0259sas kapitala 13 009,1 mln. manat v\u0259 ya \u0259vv\u0259lki ilin m\u00fcvafiq d\u00f6vr\u00fc il\u0259 m\u00fcqayis\u0259d\u0259 28,0 faiz az v\u0259sait y\u00f6n\u0259ldilib. \u00dcmumi s\u0259rmay\u0259nin 33,0 faizi d\u00f6vl\u0259t, 67,0 faizi qeyri-d\u00f6vl\u0259t sektorunun s\u0259rmay\u0259darlar\u0131n\u0131n pay\u0131na d\u00fc\u015f\u00fcb.\n<\/p>\n<p>\n  Bundan \u0259lav\u0259, 2016-c\u0131 il dekabr\u0131n 16-da Milli M\u0259clis Vergi M\u0259c\u0259ll\u0259sin\u0259 200-d\u0259n \u00e7ox d\u0259yi\u015fikliyi q\u0259bul edib. Vergi M\u0259c\u0259ll\u0259sin\u0259 115 yeni madd\u0259 \u0259lav\u0259 olunub, 83 d\u0259yi\u015fiklik edilib.\n<\/p>\n<p>\n  D\u0259yi\u015fikliyi \u015f\u0259rh ed\u0259n iqtisad\u00e7\u0131 Natiq C\u0259f\u0259rli deyir ki, normal bir \u00f6lk\u0259d\u0259 Vergi M\u0259c\u0259ll\u0259sin\u0259 bir g\u00fcnd\u0259 bu q\u0259d\u0259r \u0259lav\u0259 v\u0259 d\u0259yi\u015fiklikl\u0259r olsayd\u0131, biznes etiraz ed\u0259r, orta v\u0259 ki\u00e7ik sahibkarlar b\u0259yanatlar yayar, b\u00f6y\u00fck biznes is\u0259 h\u00f6kum\u0259td\u0259n izah t\u0259l\u0259b ed\u0259rdi:\n<\/p>\n<p>\n  \u201cNormal i\u015f adam\u0131, xarici investor d\u0259yi\u015fiklikl\u0259rin m\u0259\u011fzi bir q\u0131ra\u011fa, e\u015fits\u0259 ki, M\u0259c\u0259ll\u0259y\u0259 115 yeni madd\u0259 \u0259lav\u0259 edilib, daban\u0131na t\u00fcp\u00fcr\u00fcb \u00f6lk\u0259d\u0259n qa\u00e7ar &#8211; nec\u0259 ki, son h\u0259ft\u0259l\u0259rd\u0259 onlarla xarici \u015firk\u0259tin n\u00fcmay\u0259nd\u0259likl\u0259ri ba\u011flan\u0131r, otel bredl\u0259rinin adlar\u0131 binalardan silinir. Bu fakt\u0131n \u00f6z\u00fc bel\u0259 s\u00fcbut edir ki, bizd\u0259 iqtisadiyyat, biznes, bazar iqtisadiyyat\u0131 yoxdur, m\u0259mur, onlar\u0131n biznesi v\u0259 maraqlar\u0131 var\u201d.\n<\/p>\n<p>\n  Ba\u015f ver\u0259n iqtisadi prosesl\u0259rd\u0259n sonra bir ne\u00e7\u0259 xarici \u00f6lk\u0259 brendi (&#8220;Jumeirah\u201d, &#8220;Kempinski\u201d v\u0259 dig\u0259rl\u0259ri) Az\u0259rbaycan\u0131 t\u0259rk edib. Vergil\u0259r Nazirliyinin &#8220;Vergil\u0259r\u201d q\u0259zetinin dekabr ay\u0131na olan m\u0259lumat\u0131na g\u00f6r\u0259, daha \u00fc\u00e7 xarici \u015firk\u0259t (&#8220;Black Gold International Oil FZCO\u201d, &#8220;CBC Polska\u201d MMC v\u0259 &#8220;Ex Libris Polska\u201d MMC) Az\u0259rbaycandak\u0131 n\u00fcmay\u0259nd\u0259liyini ba\u011flay\u0131b.\n<\/p>\n<p>\n  Natiq C\u0259f\u0259rli deyir ki, h\u0259r hans\u0131 xarici investor bir \u00f6lk\u0259d\u0259 yat\u0131r\u0131m qoymadan \u00f6nc\u0259 \u00f6z \u015firk\u0259tind\u0259 \u00e7al\u0131\u015fan komandaya h\u0259min \u00f6lk\u0259 haqq\u0131nda \u0259trafl\u0131 m\u0259lumat toplama\u011f\u0131 tap\u015f\u0131r\u0131r. M\u0259lumat qovlu\u011funa \u00f6lk\u0259nin beyn\u0259lxalq reytinql\u0259rd\u0259 yeri, korrupsiyan\u0131n s\u0259viyy\u0259si, m\u0259hk\u0259m\u0259l\u0259rin durumu, m\u00fclkiyy\u0259t toxunulmazl\u0131\u011f\u0131n\u0131n v\u0259ziyy\u0259ti, ancaq bundan sonra daxili bazar\u0131n ara\u015fd\u0131rmas\u0131, i\u015fl\u0259m\u0259k ist\u0259dikl\u0259ri seqmentin analizi daxil olur. Bu m\u0259lumatlar toplanandan sonra investor q\u0259rar verir:\n<\/p>\n<p>\n  \u201cBizim \u00f6lk\u0259y\u0259 investisiya hava-su kimi laz\u0131md\u0131r, xarici investisiyalars\u0131z d\u00fc\u015fd\u00fcy\u00fcm\u00fcz a\u011f\u0131r b\u00f6hrandan \u00e7\u0131xa bilm\u0259y\u0259c\u0259yik\u201d.\n<\/p>\n<figure class=\"wp-block-image size-large\">\n  <img decoding=\"async\" src=\"https:\/\/www.meydan.tv\/az\/71464\/\" alt=\"\" class=\"wp-image-71464\"\/><figcaption>\n    Natiq C\u0259f\u0259rli foto sosial \u015f\u0259b\u0259k\u0259<br \/>\n  <\/figcaption><\/figure>\n<p>\n  \u0130qtisad\u00e7\u0131 potensial xarici investorun \u201cAz\u0259rbaycan qovlu\u011funda\u201d n\u0259l\u0259r g\u00f6r\u0259 bil\u0259c\u0259yin\u0259 d\u0259 toxundu:\n<\/p>\n<p>\n  <b><br \/>\n    <i><br \/>\n      1. Beyn\u0259lxalq reytinqimiz \u00e7ox a\u015fa\u011f\u0131d\u0131r;<br \/>\n    <\/i><br \/>\n  <\/b>\n<\/p>\n<p>\n  <b><br \/>\n    <i><br \/>\n      2. Korrupsiya reytinqind\u0259 gerid\u0259qalm\u0131\u015f Afrika v\u0259 Asiya \u00f6lk\u0259l\u0259ri il\u0259 bir s\u0259viyy\u0259s\u0259yik;<br \/>\n    <\/i><br \/>\n  <\/b>\n<\/p>\n<p>\n  <b><br \/>\n    <i><br \/>\n      3. M\u0259hk\u0259m\u0259l\u0259r azad deyil;<br \/>\n    <\/i><br \/>\n  <\/b>\n<\/p>\n<p>\n  <b><br \/>\n    <i><br \/>\n      4. M\u00fclkiyy\u0259t haqlar\u0131n\u0131n pozulmas\u0131 il\u0259 ba\u011fl\u0131 onlarla i\u015f Avropa \u0130nsan H\u00fcquqlar\u0131 M\u0259hk\u0259m\u0259sind\u0259dir;<br \/>\n    <\/i><br \/>\n  <\/b>\n<\/p>\n<p>\n  <b><br \/>\n    <i><br \/>\n      5. Daxili bazar\u0131m\u0131z ki\u00e7ik v\u0259 inhisar m\u0259ng\u0259n\u0259sind\u0259dir.<br \/>\n    <\/i><br \/>\n  <\/b>\n<\/p>\n<p>\n  Natiq C\u0259f\u0259rli deyir ki, bu qovlu\u011fa baxan potensial investor h\u0259m\u0259n fikrind\u0259n vaz ke\u00e7\u0259r:\n<\/p>\n<p>\n  \u201cH\u0259, ola bil\u0259r ki, investor bunlara g\u00f6z yumub, uzun zamana v\u0259 region \u00f6lk\u0259l\u0259rin\u0259 yay\u0131lma\u011f\u0131 d\u00fc\u015f\u00fcn\u0259r\u0259k, Az\u0259rbaycan\u0131 se\u00e7sin, az da olsa bel\u0259 bir ehtimal var, amma h\u0259r g\u00fcn bu ehtimal\u0131n \u00fcz\u0259rind\u0259n h\u00f6kum\u0259t qal\u0131n x\u0259tt \u00e7\u0259kir\u201d.<\/p>\n","protected":false},"excerpt":{"rendered":"<p>Natiq C\u0259f\u0259rli: &#8221;Normal i\u015f adam\u0131 e\u015fits\u0259 ki, M\u0259c\u0259ll\u0259y\u0259 115 yeni madd\u0259 \u0259lav\u0259 edilib, daban\u0131na t\u00fcp\u00fcr\u00fcb \u00f6lk\u0259d\u0259n qa\u00e7ar&#8221;<\/p>\n","protected":false},"author":11,"featured_media":77115,"comment_status":"closed","ping_status":"open","sticky":false,"template":"","format":"standard","meta":{"_acf_changed":false,"_sitemap_exclude":false,"_sitemap_priority":"","_sitemap_frequency":"","footnotes":""},"categories":[51],"tags":[],"class_list":["post-181765","post","type-post","status-publish","format-standard","has-post-thumbnail","hentry","category-analitika","infinite-scroll-item","generate-columns","tablet-grid-50","mobile-grid-100","grid-parent","grid-33","no-featured-image-padding"],"acf":[],"yoast_head":"<!-- This site is optimized with the Yoast SEO plugin v27.5 - https:\/\/yoast.com\/product\/yoast-seo-wordpress\/ -->\n<title>Maliyy\u0259 v\u0259 s\u0131\u011forta sektoruna maliyy\u0259 qoyulu\u015fu azal\u0131b - MEYDAN.TV<\/title>\n<meta name=\"robots\" content=\"index, follow, max-snippet:-1, max-image-preview:large, max-video-preview:-1\" \/>\n<link rel=\"canonical\" href=\"https:\/\/www.meydan.tv\/az\/article\/maliyye-ve-sigorta-sektoruna-maliyye-qoyulusu-azalib\/\" \/>\n<meta property=\"og:locale\" content=\"az_AZ\" \/>\n<meta property=\"og:type\" content=\"article\" \/>\n<meta property=\"og:title\" content=\"Maliyy\u0259 v\u0259 s\u0131\u011forta sektoruna maliyy\u0259 qoyulu\u015fu azal\u0131b - MEYDAN.TV\" \/>\n<meta property=\"og:description\" content=\"Natiq C\u0259f\u0259rli: &#039;&#039;Normal i\u015f adam\u0131 e\u015fits\u0259 ki, M\u0259c\u0259ll\u0259y\u0259 115 yeni madd\u0259 \u0259lav\u0259 edilib, daban\u0131na t\u00fcp\u00fcr\u00fcb \u00f6lk\u0259d\u0259n qa\u00e7ar&#039;&#039;\" \/>\n<meta property=\"og:url\" content=\"https:\/\/www.meydan.tv\/az\/article\/maliyye-ve-sigorta-sektoruna-maliyye-qoyulusu-azalib\/\" \/>\n<meta property=\"og:site_name\" content=\"MEYDAN.TV\" \/>\n<meta property=\"article:published_time\" content=\"2017-01-10T13:57:29+00:00\" \/>\n<meta property=\"og:image\" content=\"https:\/\/www.meydan.tv\/wp-content\/uploads\/29885.jpg\" \/>\n\t<meta property=\"og:image:width\" content=\"950\" \/>\n\t<meta property=\"og:image:height\" content=\"534\" \/>\n\t<meta property=\"og:image:type\" content=\"image\/jpeg\" \/>\n<meta name=\"author\" content=\"user-manager\" \/>\n<meta name=\"twitter:card\" content=\"summary_large_image\" \/>\n<script type=\"application\/ld+json\" class=\"yoast-schema-graph\">{\"@context\":\"https:\\\/\\\/schema.org\",\"@graph\":[{\"@type\":\"Article\",\"@id\":\"https:\\\/\\\/www.meydan.tv\\\/az\\\/article\\\/maliyye-ve-sigorta-sektoruna-maliyye-qoyulusu-azalib\\\/#article\",\"isPartOf\":{\"@id\":\"https:\\\/\\\/www.meydan.tv\\\/az\\\/article\\\/maliyye-ve-sigorta-sektoruna-maliyye-qoyulusu-azalib\\\/\"},\"author\":{\"name\":\"user-manager\",\"@id\":\"https:\\\/\\\/www.meydan.tv\\\/az\\\/#\\\/schema\\\/person\\\/10d11eccf6da3662cf5fdab9806ea91a\"},\"headline\":\"Maliyy\u0259 v\u0259 s\u0131\u011forta sektoruna maliyy\u0259 qoyulu\u015fu azal\u0131b\",\"datePublished\":\"2017-01-10T13:57:29+00:00\",\"mainEntityOfPage\":{\"@id\":\"https:\\\/\\\/www.meydan.tv\\\/az\\\/article\\\/maliyye-ve-sigorta-sektoruna-maliyye-qoyulusu-azalib\\\/\"},\"wordCount\":727,\"publisher\":{\"@id\":\"https:\\\/\\\/www.meydan.tv\\\/az\\\/#organization\"},\"image\":{\"@id\":\"https:\\\/\\\/www.meydan.tv\\\/az\\\/article\\\/maliyye-ve-sigorta-sektoruna-maliyye-qoyulusu-azalib\\\/#primaryimage\"},\"thumbnailUrl\":\"https:\\\/\\\/www.meydan.tv\\\/wp-content\\\/uploads\\\/29885.jpg\",\"articleSection\":[\"Analitika\"],\"inLanguage\":\"az\"},{\"@type\":\"WebPage\",\"@id\":\"https:\\\/\\\/www.meydan.tv\\\/az\\\/article\\\/maliyye-ve-sigorta-sektoruna-maliyye-qoyulusu-azalib\\\/\",\"url\":\"https:\\\/\\\/www.meydan.tv\\\/az\\\/article\\\/maliyye-ve-sigorta-sektoruna-maliyye-qoyulusu-azalib\\\/\",\"name\":\"Maliyy\u0259 v\u0259 s\u0131\u011forta sektoruna maliyy\u0259 qoyulu\u015fu azal\u0131b - MEYDAN.TV\",\"isPartOf\":{\"@id\":\"https:\\\/\\\/www.meydan.tv\\\/az\\\/#website\"},\"primaryImageOfPage\":{\"@id\":\"https:\\\/\\\/www.meydan.tv\\\/az\\\/article\\\/maliyye-ve-sigorta-sektoruna-maliyye-qoyulusu-azalib\\\/#primaryimage\"},\"image\":{\"@id\":\"https:\\\/\\\/www.meydan.tv\\\/az\\\/article\\\/maliyye-ve-sigorta-sektoruna-maliyye-qoyulusu-azalib\\\/#primaryimage\"},\"thumbnailUrl\":\"https:\\\/\\\/www.meydan.tv\\\/wp-content\\\/uploads\\\/29885.jpg\",\"datePublished\":\"2017-01-10T13:57:29+00:00\",\"breadcrumb\":{\"@id\":\"https:\\\/\\\/www.meydan.tv\\\/az\\\/article\\\/maliyye-ve-sigorta-sektoruna-maliyye-qoyulusu-azalib\\\/#breadcrumb\"},\"inLanguage\":\"az\",\"potentialAction\":[{\"@type\":\"ReadAction\",\"target\":[\"https:\\\/\\\/www.meydan.tv\\\/az\\\/article\\\/maliyye-ve-sigorta-sektoruna-maliyye-qoyulusu-azalib\\\/\"]}]},{\"@type\":\"ImageObject\",\"inLanguage\":\"az\",\"@id\":\"https:\\\/\\\/www.meydan.tv\\\/az\\\/article\\\/maliyye-ve-sigorta-sektoruna-maliyye-qoyulusu-azalib\\\/#primaryimage\",\"url\":\"https:\\\/\\\/www.meydan.tv\\\/wp-content\\\/uploads\\\/29885.jpg\",\"contentUrl\":\"https:\\\/\\\/www.meydan.tv\\\/wp-content\\\/uploads\\\/29885.jpg\",\"width\":950,\"height\":534,\"caption\":\"Source:\"},{\"@type\":\"BreadcrumbList\",\"@id\":\"https:\\\/\\\/www.meydan.tv\\\/az\\\/article\\\/maliyye-ve-sigorta-sektoruna-maliyye-qoyulusu-azalib\\\/#breadcrumb\",\"itemListElement\":[{\"@type\":\"ListItem\",\"position\":1,\"name\":\"Ana s\u0259hif\u0259\",\"item\":\"https:\\\/\\\/www.meydan.tv\\\/az\\\/\"},{\"@type\":\"ListItem\",\"position\":2,\"name\":\"Analitika\",\"item\":\"https:\\\/\\\/www.meydan.tv\\\/az\\\/section\\\/analitika\\\/\"},{\"@type\":\"ListItem\",\"position\":3,\"name\":\"Maliyy\u0259 v\u0259 s\u0131\u011forta sektoruna maliyy\u0259 qoyulu\u015fu azal\u0131b\"}]},{\"@type\":\"WebSite\",\"@id\":\"https:\\\/\\\/www.meydan.tv\\\/az\\\/#website\",\"url\":\"https:\\\/\\\/www.meydan.tv\\\/az\\\/\",\"name\":\"MEYDAN.TV\",\"description\":\"Meydan TV Az\u0259rbaycan\u0131n media m\u0259kan\u0131ndak\u0131 alternativ s\u0259sidir\",\"publisher\":{\"@id\":\"https:\\\/\\\/www.meydan.tv\\\/az\\\/#organization\"},\"potentialAction\":[{\"@type\":\"SearchAction\",\"target\":{\"@type\":\"EntryPoint\",\"urlTemplate\":\"https:\\\/\\\/www.meydan.tv\\\/az\\\/?s={search_term_string}\"},\"query-input\":{\"@type\":\"PropertyValueSpecification\",\"valueRequired\":true,\"valueName\":\"search_term_string\"}}],\"inLanguage\":\"az\"},{\"@type\":\"Organization\",\"@id\":\"https:\\\/\\\/www.meydan.tv\\\/az\\\/#organization\",\"name\":\"Meydan TV\",\"url\":\"https:\\\/\\\/www.meydan.tv\\\/az\\\/\",\"logo\":{\"@type\":\"ImageObject\",\"inLanguage\":\"az\",\"@id\":\"https:\\\/\\\/www.meydan.tv\\\/az\\\/#\\\/schema\\\/logo\\\/image\\\/\",\"url\":\"https:\\\/\\\/www.meydan.tv\\\/wp-content\\\/uploads\\\/2021\\\/07\\\/meydan-logo.svg\",\"contentUrl\":\"https:\\\/\\\/www.meydan.tv\\\/wp-content\\\/uploads\\\/2021\\\/07\\\/meydan-logo.svg\",\"width\":195,\"height\":46,\"caption\":\"Meydan TV\"},\"image\":{\"@id\":\"https:\\\/\\\/www.meydan.tv\\\/az\\\/#\\\/schema\\\/logo\\\/image\\\/\"}},{\"@type\":\"Person\",\"@id\":\"https:\\\/\\\/www.meydan.tv\\\/az\\\/#\\\/schema\\\/person\\\/10d11eccf6da3662cf5fdab9806ea91a\",\"name\":\"user-manager\"}]}<\/script>\n<!-- \/ Yoast SEO plugin. -->","yoast_head_json":{"title":"Maliyy\u0259 v\u0259 s\u0131\u011forta sektoruna maliyy\u0259 qoyulu\u015fu azal\u0131b - MEYDAN.TV","robots":{"index":"index","follow":"follow","max-snippet":"max-snippet:-1","max-image-preview":"max-image-preview:large","max-video-preview":"max-video-preview:-1"},"canonical":"https:\/\/www.meydan.tv\/az\/article\/maliyye-ve-sigorta-sektoruna-maliyye-qoyulusu-azalib\/","og_locale":"az_AZ","og_type":"article","og_title":"Maliyy\u0259 v\u0259 s\u0131\u011forta sektoruna maliyy\u0259 qoyulu\u015fu azal\u0131b - MEYDAN.TV","og_description":"Natiq C\u0259f\u0259rli: ''Normal i\u015f adam\u0131 e\u015fits\u0259 ki, M\u0259c\u0259ll\u0259y\u0259 115 yeni madd\u0259 \u0259lav\u0259 edilib, daban\u0131na t\u00fcp\u00fcr\u00fcb \u00f6lk\u0259d\u0259n qa\u00e7ar''","og_url":"https:\/\/www.meydan.tv\/az\/article\/maliyye-ve-sigorta-sektoruna-maliyye-qoyulusu-azalib\/","og_site_name":"MEYDAN.TV","article_published_time":"2017-01-10T13:57:29+00:00","og_image":[{"width":950,"height":534,"url":"https:\/\/www.meydan.tv\/wp-content\/uploads\/29885.jpg","type":"image\/jpeg"}],"author":"user-manager","twitter_card":"summary_large_image","schema":{"@context":"https:\/\/schema.org","@graph":[{"@type":"Article","@id":"https:\/\/www.meydan.tv\/az\/article\/maliyye-ve-sigorta-sektoruna-maliyye-qoyulusu-azalib\/#article","isPartOf":{"@id":"https:\/\/www.meydan.tv\/az\/article\/maliyye-ve-sigorta-sektoruna-maliyye-qoyulusu-azalib\/"},"author":{"name":"user-manager","@id":"https:\/\/www.meydan.tv\/az\/#\/schema\/person\/10d11eccf6da3662cf5fdab9806ea91a"},"headline":"Maliyy\u0259 v\u0259 s\u0131\u011forta sektoruna maliyy\u0259 qoyulu\u015fu azal\u0131b","datePublished":"2017-01-10T13:57:29+00:00","mainEntityOfPage":{"@id":"https:\/\/www.meydan.tv\/az\/article\/maliyye-ve-sigorta-sektoruna-maliyye-qoyulusu-azalib\/"},"wordCount":727,"publisher":{"@id":"https:\/\/www.meydan.tv\/az\/#organization"},"image":{"@id":"https:\/\/www.meydan.tv\/az\/article\/maliyye-ve-sigorta-sektoruna-maliyye-qoyulusu-azalib\/#primaryimage"},"thumbnailUrl":"https:\/\/www.meydan.tv\/wp-content\/uploads\/29885.jpg","articleSection":["Analitika"],"inLanguage":"az"},{"@type":"WebPage","@id":"https:\/\/www.meydan.tv\/az\/article\/maliyye-ve-sigorta-sektoruna-maliyye-qoyulusu-azalib\/","url":"https:\/\/www.meydan.tv\/az\/article\/maliyye-ve-sigorta-sektoruna-maliyye-qoyulusu-azalib\/","name":"Maliyy\u0259 v\u0259 s\u0131\u011forta sektoruna maliyy\u0259 qoyulu\u015fu azal\u0131b - MEYDAN.TV","isPartOf":{"@id":"https:\/\/www.meydan.tv\/az\/#website"},"primaryImageOfPage":{"@id":"https:\/\/www.meydan.tv\/az\/article\/maliyye-ve-sigorta-sektoruna-maliyye-qoyulusu-azalib\/#primaryimage"},"image":{"@id":"https:\/\/www.meydan.tv\/az\/article\/maliyye-ve-sigorta-sektoruna-maliyye-qoyulusu-azalib\/#primaryimage"},"thumbnailUrl":"https:\/\/www.meydan.tv\/wp-content\/uploads\/29885.jpg","datePublished":"2017-01-10T13:57:29+00:00","breadcrumb":{"@id":"https:\/\/www.meydan.tv\/az\/article\/maliyye-ve-sigorta-sektoruna-maliyye-qoyulusu-azalib\/#breadcrumb"},"inLanguage":"az","potentialAction":[{"@type":"ReadAction","target":["https:\/\/www.meydan.tv\/az\/article\/maliyye-ve-sigorta-sektoruna-maliyye-qoyulusu-azalib\/"]}]},{"@type":"ImageObject","inLanguage":"az","@id":"https:\/\/www.meydan.tv\/az\/article\/maliyye-ve-sigorta-sektoruna-maliyye-qoyulusu-azalib\/#primaryimage","url":"https:\/\/www.meydan.tv\/wp-content\/uploads\/29885.jpg","contentUrl":"https:\/\/www.meydan.tv\/wp-content\/uploads\/29885.jpg","width":950,"height":534,"caption":"Source:"},{"@type":"BreadcrumbList","@id":"https:\/\/www.meydan.tv\/az\/article\/maliyye-ve-sigorta-sektoruna-maliyye-qoyulusu-azalib\/#breadcrumb","itemListElement":[{"@type":"ListItem","position":1,"name":"Ana s\u0259hif\u0259","item":"https:\/\/www.meydan.tv\/az\/"},{"@type":"ListItem","position":2,"name":"Analitika","item":"https:\/\/www.meydan.tv\/az\/section\/analitika\/"},{"@type":"ListItem","position":3,"name":"Maliyy\u0259 v\u0259 s\u0131\u011forta sektoruna maliyy\u0259 qoyulu\u015fu azal\u0131b"}]},{"@type":"WebSite","@id":"https:\/\/www.meydan.tv\/az\/#website","url":"https:\/\/www.meydan.tv\/az\/","name":"MEYDAN.TV","description":"Meydan TV Az\u0259rbaycan\u0131n media m\u0259kan\u0131ndak\u0131 alternativ s\u0259sidir","publisher":{"@id":"https:\/\/www.meydan.tv\/az\/#organization"},"potentialAction":[{"@type":"SearchAction","target":{"@type":"EntryPoint","urlTemplate":"https:\/\/www.meydan.tv\/az\/?s={search_term_string}"},"query-input":{"@type":"PropertyValueSpecification","valueRequired":true,"valueName":"search_term_string"}}],"inLanguage":"az"},{"@type":"Organization","@id":"https:\/\/www.meydan.tv\/az\/#organization","name":"Meydan TV","url":"https:\/\/www.meydan.tv\/az\/","logo":{"@type":"ImageObject","inLanguage":"az","@id":"https:\/\/www.meydan.tv\/az\/#\/schema\/logo\/image\/","url":"https:\/\/www.meydan.tv\/wp-content\/uploads\/2021\/07\/meydan-logo.svg","contentUrl":"https:\/\/www.meydan.tv\/wp-content\/uploads\/2021\/07\/meydan-logo.svg","width":195,"height":46,"caption":"Meydan TV"},"image":{"@id":"https:\/\/www.meydan.tv\/az\/#\/schema\/logo\/image\/"}},{"@type":"Person","@id":"https:\/\/www.meydan.tv\/az\/#\/schema\/person\/10d11eccf6da3662cf5fdab9806ea91a","name":"user-manager"}]}},"_links":{"self":[{"href":"https:\/\/www.meydan.tv\/az\/wp-json\/wp\/v2\/posts\/181765","targetHints":{"allow":["GET"]}}],"collection":[{"href":"https:\/\/www.meydan.tv\/az\/wp-json\/wp\/v2\/posts"}],"about":[{"href":"https:\/\/www.meydan.tv\/az\/wp-json\/wp\/v2\/types\/post"}],"author":[{"embeddable":true,"href":"https:\/\/www.meydan.tv\/az\/wp-json\/wp\/v2\/users\/11"}],"replies":[{"embeddable":true,"href":"https:\/\/www.meydan.tv\/az\/wp-json\/wp\/v2\/comments?post=181765"}],"version-history":[{"count":0,"href":"https:\/\/www.meydan.tv\/az\/wp-json\/wp\/v2\/posts\/181765\/revisions"}],"wp:featuredmedia":[{"embeddable":true,"href":"https:\/\/www.meydan.tv\/az\/wp-json\/wp\/v2\/media\/77115"}],"wp:attachment":[{"href":"https:\/\/www.meydan.tv\/az\/wp-json\/wp\/v2\/media?parent=181765"}],"wp:term":[{"taxonomy":"category","embeddable":true,"href":"https:\/\/www.meydan.tv\/az\/wp-json\/wp\/v2\/categories?post=181765"},{"taxonomy":"post_tag","embeddable":true,"href":"https:\/\/www.meydan.tv\/az\/wp-json\/wp\/v2\/tags?post=181765"}],"curies":[{"name":"wp","href":"https:\/\/api.w.org\/{rel}","templated":true}]}}