{"id":181754,"date":"2017-01-10T04:10:07","date_gmt":"2017-01-10T04:10:07","guid":{"rendered":"https:\/\/www.meydan.tv\/article\/emin-huseynov-mehman-kafeden-cixarken-5-6-nefer-terefinden-zorla-tutulub\/"},"modified":"2017-01-10T04:10:07","modified_gmt":"2017-01-10T04:10:07","slug":"emin-huseynov-mehman-kafeden-cixarken-5-6-nefer-terefinden-zorla-tutulub","status":"publish","type":"post","link":"https:\/\/www.meydan.tv\/az\/article\/emin-huseynov-mehman-kafeden-cixarken-5-6-nefer-terefinden-zorla-tutulub\/","title":{"rendered":"Emin H\u00fcseynov: Mehman kafed\u0259n \u00e7\u0131xark\u0259n 5-6 n\u0259f\u0259r t\u0259r\u0259find\u0259n zorla tutulub"},"content":{"rendered":"<figure class=\"wp-block-embed is-type-video is-provider-youtube wp-block-embed-youtube wp-embed-aspect-16-9 wp-has-aspect-ratio\">\n<div class=\"wp-block-embed__wrapper\">\n    <iframe\ttitle=\"\" width=\"1200\" height=\"675\" data-src=\"https:\/\/www.youtube.com\/embed\/SRhz3z4-ajQ\"\tframeborder=\"0\"\tallow=\"accelerometer; autoplay; clipboard-write; encrypted-media; gyroscope; picture-in-picture\" allowfullscreen src=\"data:image\/svg+xml;base64,PHN2ZyB3aWR0aD0iMSIgaGVpZ2h0PSIxIiB4bWxucz0iaHR0cDovL3d3dy53My5vcmcvMjAwMC9zdmciPjwvc3ZnPg==\" class=\"lazyload\" data-load-mode=\"1\"><\/iframe>\n  <\/div><figcaption><\/figcaption><\/figure>\n<p>\n  <i><br \/>\n    Mehman H\u00fcseynov &#8220;yoxa&#8221; \u00e7\u0131x\u0131b.<br \/>\n  <\/i>\n<\/p>\n<p>\n  Bloqqer Mehman H\u00fcseynov &#8220;yoxa&#8221; \u00e7\u0131x\u0131b. Bu iddian\u0131 onun dostlar\u0131 sosial \u015f\u0259b\u0259k\u0259l\u0259rd\u0259 payla\u015f\u0131blar.\n<\/p>\n<p>\n  N\u0130DA V\u0259t\u0259nda\u015f H\u0259r\u0259kat\u0131n\u0131n \u00fczv\u00fc \u00dclvi H\u0259s\u0259nlinin yayd\u0131\u011f\u0131 m\u0259lumata g\u00f6r\u0259, Mehman H\u00fcseynov yanvar\u0131n 9-da, saat t\u0259xmin\u0259n 19:30-da onlardan ayr\u0131l\u0131b, ba\u015fqa bir dostu il\u0259 g\u00f6r\u00fc\u015f\u0259c\u0259yini deyib. Lakin h\u0259min \u015f\u0259xsl\u0259 d\u0259 g\u00f6r\u00fc\u015fm\u0259yib v\u0259 o vaxtdan etibar\u0259n bloqqerin telefonuna z\u0259ng \u00e7atm\u0131r. \u00dclvi H\u0259s\u0259nli m\u0259s\u0259l\u0259 il\u0259 ba\u011fl\u0131 D\u0130N-in 102 xidm\u0259tin\u0259 m\u00fcraci\u0259t etdikl\u0259rini bildirib:\n<\/p>\n<p>\n  &#8220;Axtar\u0131\u015fa verm\u0259k q\u0259rar\u0131na g\u0259ldik. \u00c7\u00fcnki 5 saatdan art\u0131q\u0131r ondan x\u0259b\u0259r yoxdu. B\u0259zi adamlar m\u0259lumat yay\u0131r ki, Mehman tap\u0131l\u0131b. Do\u011fru x\u0259b\u0259r deyil. Mehmana g\u00f6r\u0259 narahat\u0131q. O, ya o\u011furlan\u0131b, ya da h\u0259bs edilib&#8221;.\n<\/p>\n<p>\n  Elvin Maqsudlu adl\u0131 &#8220;Facebook&#8221; istifad\u0259\u00e7isi is\u0259 Mehman H\u00fcseynovun Bin\u0259q\u0259di rayon Polis \u0130dar\u0259sin\u0259 apar\u0131ld\u0131\u011f\u0131 haqda m\u0259lumat ald\u0131\u011f\u0131n\u0131 yaz\u0131b.\n<\/p>\n<p>\n  Meydan TV Bin\u0259q\u0259di rayon Polis \u0130dar\u0259si il\u0259 \u0259laq\u0259 saxlay\u0131b. N\u00f6vb\u0259t\u00e7i hiss\u0259d\u0259n onlarda bel\u0259 bir m\u0259lumat\u0131n olmad\u0131\u011f\u0131n\u0131 bildiribl\u0259r.\n<\/p>\n<p>\n  V\u0259kil El\u00e7in Sad\u0131qov da 5-ci polis b\u00f6lm\u0259si il\u0259 \u0259laq\u0259 saxlad\u0131\u011f\u0131n\u0131, orada bel\u0259 bir adam\u0131n olmad\u0131\u011f\u0131 bar\u0259d\u0259 m\u0259lumat ald\u0131\u011f\u0131n\u0131 deyir.\n<\/p>\n<p>\n  Yanvar\u0131n 10-na ke\u00e7\u0259n gec\u0259, Bak\u0131 vaxtil\u0259 2:50-d\u0259 Mehman H\u00fcseynovun qarda\u015f\u0131, haz\u0131rda xaricd\u0259 olan Emin H\u00fcseynov &#8220;Sancaq&#8221; s\u0259hif\u0259sind\u0259n canl\u0131 yay\u0131m ed\u0259r\u0259k bloqqerin h\u0259bs olunma ehtimal\u0131n\u0131 vur\u011fulay\u0131b:\n<\/p>\n<p>\n  &#8220;Ald\u0131\u011f\u0131m m\u0259lumata g\u00f6r\u0259, bu g\u00fcn (9 yanvar n\u0259z\u0259rd\u0259 tutulur-red) H\u0259zi Aslanov k\u00fc\u00e7\u0259si il\u0259 Qoqol k\u00fc\u00e7\u0259sinin k\u0259si\u015fm\u0259sind\u0259 kafed\u0259n \u00e7\u0131xark\u0259n 5-6 nam\u0259lum \u015f\u0259xs t\u0259r\u0259find\u0259n zorla tutulub v\u0259 nam\u0259lum istiqam\u0259t\u0259 apar\u0131l\u0131b. Saxlan\u0131lark\u0259n iki n\u0259f\u0259r a\u011fz\u0131n\u0131 tutub v\u0259 s\u0259s-k\u00fcy salmas\u0131na imkan verm\u0259yib&#8221;.\n<\/p>\n<p>\n  Emin H\u00fcseynov v\u0259t\u0259nda\u015f\u0131 saxlayark\u0259n yax\u0131nlar\u0131na x\u0259b\u0259r verilm\u0259m\u0259sini qanun pozuntusu hesab edib v\u0259 deyib ki, Mehman H\u00fcseynovla ba\u011fl\u0131 h\u0259r hans\u0131 hadis\u0259 ba\u015f ver\u0259rs\u0259, onun i\u015fini davam etdir\u0259c\u0259k.<\/p>\n","protected":false},"excerpt":{"rendered":"<p>Mehman H\u00fcseynov &#8220;yoxa&#8221; \u00e7\u0131x\u0131b<\/p>\n","protected":false},"author":11,"featured_media":77084,"comment_status":"closed","ping_status":"open","sticky":false,"template":"","format":"standard","meta":{"_acf_changed":false,"_sitemap_exclude":false,"_sitemap_priority":"","_sitemap_frequency":"","footnotes":""},"categories":[56],"tags":[],"class_list":["post-181754","post","type-post","status-publish","format-standard","has-post-thumbnail","hentry","category-xeberler","infinite-scroll-item","generate-columns","tablet-grid-50","mobile-grid-100","grid-parent","grid-33","no-featured-image-padding"],"acf":[],"yoast_head":"<!-- This site is optimized with the Yoast SEO plugin v27.4 - https:\/\/yoast.com\/product\/yoast-seo-wordpress\/ -->\n<title>Emin H\u00fcseynov: Mehman kafed\u0259n \u00e7\u0131xark\u0259n 5-6 n\u0259f\u0259r t\u0259r\u0259find\u0259n zorla tutulub - MEYDAN.TV<\/title>\n<meta name=\"robots\" content=\"index, follow, max-snippet:-1, max-image-preview:large, max-video-preview:-1\" \/>\n<link rel=\"canonical\" href=\"https:\/\/www.meydan.tv\/az\/article\/emin-huseynov-mehman-kafeden-cixarken-5-6-nefer-terefinden-zorla-tutulub\/\" \/>\n<meta property=\"og:locale\" content=\"az_AZ\" \/>\n<meta property=\"og:type\" content=\"article\" \/>\n<meta property=\"og:title\" content=\"Emin H\u00fcseynov: Mehman kafed\u0259n \u00e7\u0131xark\u0259n 5-6 n\u0259f\u0259r t\u0259r\u0259find\u0259n zorla tutulub - MEYDAN.TV\" \/>\n<meta property=\"og:description\" content=\"Mehman H\u00fcseynov &quot;yoxa&quot; \u00e7\u0131x\u0131b\" \/>\n<meta property=\"og:url\" content=\"https:\/\/www.meydan.tv\/az\/article\/emin-huseynov-mehman-kafeden-cixarken-5-6-nefer-terefinden-zorla-tutulub\/\" \/>\n<meta property=\"og:site_name\" content=\"MEYDAN.TV\" \/>\n<meta property=\"article:published_time\" content=\"2017-01-10T04:10:07+00:00\" \/>\n<meta property=\"og:image\" content=\"https:\/\/www.meydan.tv\/wp-content\/uploads\/29875.jpg\" \/>\n\t<meta property=\"og:image:width\" content=\"960\" \/>\n\t<meta property=\"og:image:height\" content=\"641\" \/>\n\t<meta property=\"og:image:type\" content=\"image\/jpeg\" \/>\n<meta name=\"author\" content=\"user-manager\" \/>\n<meta name=\"twitter:card\" content=\"summary_large_image\" \/>\n<script type=\"application\/ld+json\" class=\"yoast-schema-graph\">{\"@context\":\"https:\\\/\\\/schema.org\",\"@graph\":[{\"@type\":\"Article\",\"@id\":\"https:\\\/\\\/www.meydan.tv\\\/az\\\/article\\\/emin-huseynov-mehman-kafeden-cixarken-5-6-nefer-terefinden-zorla-tutulub\\\/#article\",\"isPartOf\":{\"@id\":\"https:\\\/\\\/www.meydan.tv\\\/az\\\/article\\\/emin-huseynov-mehman-kafeden-cixarken-5-6-nefer-terefinden-zorla-tutulub\\\/\"},\"author\":{\"name\":\"user-manager\",\"@id\":\"https:\\\/\\\/www.meydan.tv\\\/az\\\/#\\\/schema\\\/person\\\/10d11eccf6da3662cf5fdab9806ea91a\"},\"headline\":\"Emin H\u00fcseynov: Mehman kafed\u0259n \u00e7\u0131xark\u0259n 5-6 n\u0259f\u0259r t\u0259r\u0259find\u0259n zorla tutulub\",\"datePublished\":\"2017-01-10T04:10:07+00:00\",\"mainEntityOfPage\":{\"@id\":\"https:\\\/\\\/www.meydan.tv\\\/az\\\/article\\\/emin-huseynov-mehman-kafeden-cixarken-5-6-nefer-terefinden-zorla-tutulub\\\/\"},\"wordCount\":416,\"publisher\":{\"@id\":\"https:\\\/\\\/www.meydan.tv\\\/az\\\/#organization\"},\"image\":{\"@id\":\"https:\\\/\\\/www.meydan.tv\\\/az\\\/article\\\/emin-huseynov-mehman-kafeden-cixarken-5-6-nefer-terefinden-zorla-tutulub\\\/#primaryimage\"},\"thumbnailUrl\":\"https:\\\/\\\/www.meydan.tv\\\/wp-content\\\/uploads\\\/29875.jpg\",\"articleSection\":[\"X\u0259b\u0259rl\u0259r\"],\"inLanguage\":\"az\"},{\"@type\":\"WebPage\",\"@id\":\"https:\\\/\\\/www.meydan.tv\\\/az\\\/article\\\/emin-huseynov-mehman-kafeden-cixarken-5-6-nefer-terefinden-zorla-tutulub\\\/\",\"url\":\"https:\\\/\\\/www.meydan.tv\\\/az\\\/article\\\/emin-huseynov-mehman-kafeden-cixarken-5-6-nefer-terefinden-zorla-tutulub\\\/\",\"name\":\"Emin H\u00fcseynov: Mehman kafed\u0259n \u00e7\u0131xark\u0259n 5-6 n\u0259f\u0259r t\u0259r\u0259find\u0259n zorla tutulub - MEYDAN.TV\",\"isPartOf\":{\"@id\":\"https:\\\/\\\/www.meydan.tv\\\/az\\\/#website\"},\"primaryImageOfPage\":{\"@id\":\"https:\\\/\\\/www.meydan.tv\\\/az\\\/article\\\/emin-huseynov-mehman-kafeden-cixarken-5-6-nefer-terefinden-zorla-tutulub\\\/#primaryimage\"},\"image\":{\"@id\":\"https:\\\/\\\/www.meydan.tv\\\/az\\\/article\\\/emin-huseynov-mehman-kafeden-cixarken-5-6-nefer-terefinden-zorla-tutulub\\\/#primaryimage\"},\"thumbnailUrl\":\"https:\\\/\\\/www.meydan.tv\\\/wp-content\\\/uploads\\\/29875.jpg\",\"datePublished\":\"2017-01-10T04:10:07+00:00\",\"breadcrumb\":{\"@id\":\"https:\\\/\\\/www.meydan.tv\\\/az\\\/article\\\/emin-huseynov-mehman-kafeden-cixarken-5-6-nefer-terefinden-zorla-tutulub\\\/#breadcrumb\"},\"inLanguage\":\"az\",\"potentialAction\":[{\"@type\":\"ReadAction\",\"target\":[\"https:\\\/\\\/www.meydan.tv\\\/az\\\/article\\\/emin-huseynov-mehman-kafeden-cixarken-5-6-nefer-terefinden-zorla-tutulub\\\/\"]}]},{\"@type\":\"ImageObject\",\"inLanguage\":\"az\",\"@id\":\"https:\\\/\\\/www.meydan.tv\\\/az\\\/article\\\/emin-huseynov-mehman-kafeden-cixarken-5-6-nefer-terefinden-zorla-tutulub\\\/#primaryimage\",\"url\":\"https:\\\/\\\/www.meydan.tv\\\/wp-content\\\/uploads\\\/29875.jpg\",\"contentUrl\":\"https:\\\/\\\/www.meydan.tv\\\/wp-content\\\/uploads\\\/29875.jpg\",\"width\":960,\"height\":641,\"caption\":\"Source:\"},{\"@type\":\"BreadcrumbList\",\"@id\":\"https:\\\/\\\/www.meydan.tv\\\/az\\\/article\\\/emin-huseynov-mehman-kafeden-cixarken-5-6-nefer-terefinden-zorla-tutulub\\\/#breadcrumb\",\"itemListElement\":[{\"@type\":\"ListItem\",\"position\":1,\"name\":\"Ana s\u0259hif\u0259\",\"item\":\"https:\\\/\\\/www.meydan.tv\\\/az\\\/\"},{\"@type\":\"ListItem\",\"position\":2,\"name\":\"X\u0259b\u0259rl\u0259r\",\"item\":\"https:\\\/\\\/www.meydan.tv\\\/az\\\/section\\\/xeberler\\\/\"},{\"@type\":\"ListItem\",\"position\":3,\"name\":\"Emin H\u00fcseynov: Mehman kafed\u0259n \u00e7\u0131xark\u0259n 5-6 n\u0259f\u0259r t\u0259r\u0259find\u0259n zorla tutulub\"}]},{\"@type\":\"WebSite\",\"@id\":\"https:\\\/\\\/www.meydan.tv\\\/az\\\/#website\",\"url\":\"https:\\\/\\\/www.meydan.tv\\\/az\\\/\",\"name\":\"MEYDAN.TV\",\"description\":\"Meydan TV Az\u0259rbaycan\u0131n media m\u0259kan\u0131ndak\u0131 alternativ s\u0259sidir\",\"publisher\":{\"@id\":\"https:\\\/\\\/www.meydan.tv\\\/az\\\/#organization\"},\"potentialAction\":[{\"@type\":\"SearchAction\",\"target\":{\"@type\":\"EntryPoint\",\"urlTemplate\":\"https:\\\/\\\/www.meydan.tv\\\/az\\\/?s={search_term_string}\"},\"query-input\":{\"@type\":\"PropertyValueSpecification\",\"valueRequired\":true,\"valueName\":\"search_term_string\"}}],\"inLanguage\":\"az\"},{\"@type\":\"Organization\",\"@id\":\"https:\\\/\\\/www.meydan.tv\\\/az\\\/#organization\",\"name\":\"Meydan TV\",\"url\":\"https:\\\/\\\/www.meydan.tv\\\/az\\\/\",\"logo\":{\"@type\":\"ImageObject\",\"inLanguage\":\"az\",\"@id\":\"https:\\\/\\\/www.meydan.tv\\\/az\\\/#\\\/schema\\\/logo\\\/image\\\/\",\"url\":\"https:\\\/\\\/www.meydan.tv\\\/wp-content\\\/uploads\\\/2021\\\/07\\\/meydan-logo.svg\",\"contentUrl\":\"https:\\\/\\\/www.meydan.tv\\\/wp-content\\\/uploads\\\/2021\\\/07\\\/meydan-logo.svg\",\"width\":195,\"height\":46,\"caption\":\"Meydan TV\"},\"image\":{\"@id\":\"https:\\\/\\\/www.meydan.tv\\\/az\\\/#\\\/schema\\\/logo\\\/image\\\/\"}},{\"@type\":\"Person\",\"@id\":\"https:\\\/\\\/www.meydan.tv\\\/az\\\/#\\\/schema\\\/person\\\/10d11eccf6da3662cf5fdab9806ea91a\",\"name\":\"user-manager\"}]}<\/script>\n<!-- \/ Yoast SEO plugin. -->","yoast_head_json":{"title":"Emin H\u00fcseynov: Mehman kafed\u0259n \u00e7\u0131xark\u0259n 5-6 n\u0259f\u0259r t\u0259r\u0259find\u0259n zorla tutulub - MEYDAN.TV","robots":{"index":"index","follow":"follow","max-snippet":"max-snippet:-1","max-image-preview":"max-image-preview:large","max-video-preview":"max-video-preview:-1"},"canonical":"https:\/\/www.meydan.tv\/az\/article\/emin-huseynov-mehman-kafeden-cixarken-5-6-nefer-terefinden-zorla-tutulub\/","og_locale":"az_AZ","og_type":"article","og_title":"Emin H\u00fcseynov: Mehman kafed\u0259n \u00e7\u0131xark\u0259n 5-6 n\u0259f\u0259r t\u0259r\u0259find\u0259n zorla tutulub - MEYDAN.TV","og_description":"Mehman H\u00fcseynov \"yoxa\" \u00e7\u0131x\u0131b","og_url":"https:\/\/www.meydan.tv\/az\/article\/emin-huseynov-mehman-kafeden-cixarken-5-6-nefer-terefinden-zorla-tutulub\/","og_site_name":"MEYDAN.TV","article_published_time":"2017-01-10T04:10:07+00:00","og_image":[{"width":960,"height":641,"url":"https:\/\/www.meydan.tv\/wp-content\/uploads\/29875.jpg","type":"image\/jpeg"}],"author":"user-manager","twitter_card":"summary_large_image","schema":{"@context":"https:\/\/schema.org","@graph":[{"@type":"Article","@id":"https:\/\/www.meydan.tv\/az\/article\/emin-huseynov-mehman-kafeden-cixarken-5-6-nefer-terefinden-zorla-tutulub\/#article","isPartOf":{"@id":"https:\/\/www.meydan.tv\/az\/article\/emin-huseynov-mehman-kafeden-cixarken-5-6-nefer-terefinden-zorla-tutulub\/"},"author":{"name":"user-manager","@id":"https:\/\/www.meydan.tv\/az\/#\/schema\/person\/10d11eccf6da3662cf5fdab9806ea91a"},"headline":"Emin H\u00fcseynov: Mehman kafed\u0259n \u00e7\u0131xark\u0259n 5-6 n\u0259f\u0259r t\u0259r\u0259find\u0259n zorla tutulub","datePublished":"2017-01-10T04:10:07+00:00","mainEntityOfPage":{"@id":"https:\/\/www.meydan.tv\/az\/article\/emin-huseynov-mehman-kafeden-cixarken-5-6-nefer-terefinden-zorla-tutulub\/"},"wordCount":416,"publisher":{"@id":"https:\/\/www.meydan.tv\/az\/#organization"},"image":{"@id":"https:\/\/www.meydan.tv\/az\/article\/emin-huseynov-mehman-kafeden-cixarken-5-6-nefer-terefinden-zorla-tutulub\/#primaryimage"},"thumbnailUrl":"https:\/\/www.meydan.tv\/wp-content\/uploads\/29875.jpg","articleSection":["X\u0259b\u0259rl\u0259r"],"inLanguage":"az"},{"@type":"WebPage","@id":"https:\/\/www.meydan.tv\/az\/article\/emin-huseynov-mehman-kafeden-cixarken-5-6-nefer-terefinden-zorla-tutulub\/","url":"https:\/\/www.meydan.tv\/az\/article\/emin-huseynov-mehman-kafeden-cixarken-5-6-nefer-terefinden-zorla-tutulub\/","name":"Emin H\u00fcseynov: Mehman kafed\u0259n \u00e7\u0131xark\u0259n 5-6 n\u0259f\u0259r t\u0259r\u0259find\u0259n zorla tutulub - MEYDAN.TV","isPartOf":{"@id":"https:\/\/www.meydan.tv\/az\/#website"},"primaryImageOfPage":{"@id":"https:\/\/www.meydan.tv\/az\/article\/emin-huseynov-mehman-kafeden-cixarken-5-6-nefer-terefinden-zorla-tutulub\/#primaryimage"},"image":{"@id":"https:\/\/www.meydan.tv\/az\/article\/emin-huseynov-mehman-kafeden-cixarken-5-6-nefer-terefinden-zorla-tutulub\/#primaryimage"},"thumbnailUrl":"https:\/\/www.meydan.tv\/wp-content\/uploads\/29875.jpg","datePublished":"2017-01-10T04:10:07+00:00","breadcrumb":{"@id":"https:\/\/www.meydan.tv\/az\/article\/emin-huseynov-mehman-kafeden-cixarken-5-6-nefer-terefinden-zorla-tutulub\/#breadcrumb"},"inLanguage":"az","potentialAction":[{"@type":"ReadAction","target":["https:\/\/www.meydan.tv\/az\/article\/emin-huseynov-mehman-kafeden-cixarken-5-6-nefer-terefinden-zorla-tutulub\/"]}]},{"@type":"ImageObject","inLanguage":"az","@id":"https:\/\/www.meydan.tv\/az\/article\/emin-huseynov-mehman-kafeden-cixarken-5-6-nefer-terefinden-zorla-tutulub\/#primaryimage","url":"https:\/\/www.meydan.tv\/wp-content\/uploads\/29875.jpg","contentUrl":"https:\/\/www.meydan.tv\/wp-content\/uploads\/29875.jpg","width":960,"height":641,"caption":"Source:"},{"@type":"BreadcrumbList","@id":"https:\/\/www.meydan.tv\/az\/article\/emin-huseynov-mehman-kafeden-cixarken-5-6-nefer-terefinden-zorla-tutulub\/#breadcrumb","itemListElement":[{"@type":"ListItem","position":1,"name":"Ana s\u0259hif\u0259","item":"https:\/\/www.meydan.tv\/az\/"},{"@type":"ListItem","position":2,"name":"X\u0259b\u0259rl\u0259r","item":"https:\/\/www.meydan.tv\/az\/section\/xeberler\/"},{"@type":"ListItem","position":3,"name":"Emin H\u00fcseynov: Mehman kafed\u0259n \u00e7\u0131xark\u0259n 5-6 n\u0259f\u0259r t\u0259r\u0259find\u0259n zorla tutulub"}]},{"@type":"WebSite","@id":"https:\/\/www.meydan.tv\/az\/#website","url":"https:\/\/www.meydan.tv\/az\/","name":"MEYDAN.TV","description":"Meydan TV Az\u0259rbaycan\u0131n media m\u0259kan\u0131ndak\u0131 alternativ s\u0259sidir","publisher":{"@id":"https:\/\/www.meydan.tv\/az\/#organization"},"potentialAction":[{"@type":"SearchAction","target":{"@type":"EntryPoint","urlTemplate":"https:\/\/www.meydan.tv\/az\/?s={search_term_string}"},"query-input":{"@type":"PropertyValueSpecification","valueRequired":true,"valueName":"search_term_string"}}],"inLanguage":"az"},{"@type":"Organization","@id":"https:\/\/www.meydan.tv\/az\/#organization","name":"Meydan TV","url":"https:\/\/www.meydan.tv\/az\/","logo":{"@type":"ImageObject","inLanguage":"az","@id":"https:\/\/www.meydan.tv\/az\/#\/schema\/logo\/image\/","url":"https:\/\/www.meydan.tv\/wp-content\/uploads\/2021\/07\/meydan-logo.svg","contentUrl":"https:\/\/www.meydan.tv\/wp-content\/uploads\/2021\/07\/meydan-logo.svg","width":195,"height":46,"caption":"Meydan TV"},"image":{"@id":"https:\/\/www.meydan.tv\/az\/#\/schema\/logo\/image\/"}},{"@type":"Person","@id":"https:\/\/www.meydan.tv\/az\/#\/schema\/person\/10d11eccf6da3662cf5fdab9806ea91a","name":"user-manager"}]}},"_links":{"self":[{"href":"https:\/\/www.meydan.tv\/az\/wp-json\/wp\/v2\/posts\/181754","targetHints":{"allow":["GET"]}}],"collection":[{"href":"https:\/\/www.meydan.tv\/az\/wp-json\/wp\/v2\/posts"}],"about":[{"href":"https:\/\/www.meydan.tv\/az\/wp-json\/wp\/v2\/types\/post"}],"author":[{"embeddable":true,"href":"https:\/\/www.meydan.tv\/az\/wp-json\/wp\/v2\/users\/11"}],"replies":[{"embeddable":true,"href":"https:\/\/www.meydan.tv\/az\/wp-json\/wp\/v2\/comments?post=181754"}],"version-history":[{"count":0,"href":"https:\/\/www.meydan.tv\/az\/wp-json\/wp\/v2\/posts\/181754\/revisions"}],"wp:featuredmedia":[{"embeddable":true,"href":"https:\/\/www.meydan.tv\/az\/wp-json\/wp\/v2\/media\/77084"}],"wp:attachment":[{"href":"https:\/\/www.meydan.tv\/az\/wp-json\/wp\/v2\/media?parent=181754"}],"wp:term":[{"taxonomy":"category","embeddable":true,"href":"https:\/\/www.meydan.tv\/az\/wp-json\/wp\/v2\/categories?post=181754"},{"taxonomy":"post_tag","embeddable":true,"href":"https:\/\/www.meydan.tv\/az\/wp-json\/wp\/v2\/tags?post=181754"}],"curies":[{"name":"wp","href":"https:\/\/api.w.org\/{rel}","templated":true}]}}