{"id":181736,"date":"2017-01-09T15:58:37","date_gmt":"2017-01-09T15:58:37","guid":{"rendered":"https:\/\/www.meydan.tv\/article\/usaqlarla-bagli-xeberler-ve-etika\/"},"modified":"2017-01-09T15:58:37","modified_gmt":"2017-01-09T15:58:37","slug":"usaqlarla-bagli-xeberler-ve-etika","status":"publish","type":"post","link":"https:\/\/www.meydan.tv\/az\/article\/usaqlarla-bagli-xeberler-ve-etika\/","title":{"rendered":"U\u015faqlarla ba\u011fl\u0131 x\u0259b\u0259rl\u0259r v\u0259 etika"},"content":{"rendered":"<figure class=\"wp-block-image size-large\">\n  <img decoding=\"async\" src=\"https:\/\/www.meydan.tv\/az\/68879\/\" alt=\"\" class=\"wp-image-68879\"\/><figcaption><\/figcaption><\/figure>\n<p>\n  \u201cZ\u0259r\u0259rin m\u0259hdudla\u015fd\u0131r\u0131lmas\u0131\u201d prinsipin\u0259 s\u00f6yk\u0259n\u0259n etik qaydalara mediada \u0259m\u0259l edilm\u0259m\u0259sind\u0259n z\u0259r\u0259r g\u00f6r\u0259n k\u0259sim s\u0131ras\u0131nda u\u015faqlar \u00f6nd\u0259 g\u0259l\u0259nl\u0259rdir. 18 ya\u015f\u0131n alt\u0131nda olan b\u00fct\u00fcn insanlar u\u015faq say\u0131l\u0131r. Onlar\u0131n u\u015faq h\u00fcququ var. BMT-nin U\u015faq H\u00fcquqlar\u0131 Konvensiyas\u0131 18 ya\u015f\u0131n alt\u0131nda olan h\u0259r k\u0259si u\u015faq olaraq t\u0259qdim edir, onlar\u0131n b\u00fct\u00fcn insan h\u00fcquq v\u0259 azadl\u0131qlar\u0131na sahib oldu\u011funu t\u0259sbit edir.\n<\/p>\n<p>\n  Az\u0259rbaycan t\u0259cr\u00fcb\u0259sind\u0259 o\u011furluq ed\u0259n, narkotik madd\u0259l\u0259r q\u0259bul ed\u0259n, bo\u015fanma m\u0259hk\u0259m\u0259l\u0259rinin \u0259sas predmetin\u0259 \u00e7evril\u0259n azya\u015fl\u0131lar\u0131n efir\u0259 \u00e7\u0131xar\u0131lmas\u0131, ad-soyadlar\u0131n\u0131n a\u00e7\u0131qlanmas\u0131 adi hal kimi q\u0259bul edilir. Media etikas\u0131n\u0131n diqq\u0259t\u0259 al\u0131nmamas\u0131 son olaraq, Qubadak\u0131 m\u0259\u015fhur olayda n\u0259z\u0259r\u0259 \u00e7arp\u0131r. Bel\u0259 olaylar median\u0131n etik yana\u015fmada da ciddi probleml\u0259rinin olmas\u0131ndan x\u0259b\u0259r verir.\n<\/p>\n<p>\n  U\u015faqlardan b\u0259hs ed\u0259n x\u0259b\u0259rl\u0259rd\u0259 etik \u00e7at\u0131mazl\u0131qlar u\u015faqlar x\u0259b\u0259rin bir par\u00e7as\u0131na \u00e7evrildikl\u0259ri olaylarda ortaya \u00e7\u0131x\u0131r. Mediam\u0131z zorlama, o\u011furluq, bo\u015fanma, narkotikd\u0259n istifad\u0259, intihar, x\u0259sar\u0259t yetirm\u0259, \u00f6ld\u00fcrm\u0259 v\u0259 ba\u015fqa durumlarda z\u0259r\u0259r\u00e7\u0259kmi\u015f, t\u0259qsirli v\u0259 ya ba\u015fqa qismd\u0259 c\u0259lb olunan azya\u015fl\u0131lar\u0131 topluma nec\u0259 t\u0259qdim etm\u0259kd\u0259 zaman-zaman axsad\u0131qlar\u0131n\u0131 b\u00fcruz\u0259 verirl\u0259r. Ad\u0259t\u0259n, m\u0259s\u0259l\u0259nin ciddiliyi n\u0259z\u0259r\u0259 al\u0131nmadan, etik \u00e7\u0259r\u00e7iv\u0259l\u0259r g\u00f6zl\u0259nilm\u0259d\u0259n onlar\u0131n kimliyi, g\u00f6r\u00fcnt\u00fcl\u0259ri efir\u0259 verilir.\n<\/p>\n<p>\n  <b><br \/>\n    Media nec\u0259 x\u0259b\u0259rl\u0259m\u0259li?<br \/>\n  <\/b>\n<\/p>\n<p>\n  U\u015faqlarla ba\u011fl\u0131 bel\u0259 durumlarda median\u0131n nec\u0259 davranmal\u0131 olmas\u0131n\u0131 t\u00f6vsiy\u0259 ed\u0259n yet\u0259rli q\u0259d\u0259r etik qaydalar formala\u015f\u0131b. Ancaq Az\u0259rbaycanda mediada \u00e7al\u0131\u015fanlar\u0131n birg\u0259 raz\u0131la\u015fd\u0131rd\u0131qlar\u0131, \u00f6z ofisl\u0259rind\u0259n as\u0131b-\u0259m\u0259l etdikl\u0259ri bel\u0259 yay\u011f\u0131n qaydalar yoxdur.\n<\/p>\n<p>\n  Etik \u00e7\u0259r\u00e7iv\u0259l\u0259rin g\u00f6zl\u0259nilm\u0259si t\u0259cr\u00fcb\u0259si bax\u0131m\u0131ndan AB\u015e \u00f6rn\u0259k \u00f6lk\u0259l\u0259rd\u0259ndir. Orda media qurulu\u015flar\u0131 v\u0259 jurnalist birlikl\u0259rinin haz\u0131rlad\u0131qlar\u0131 etik qaydalarda azya\u015fl\u0131lardan b\u0259hs ed\u0259n x\u0259b\u0259rl\u0259rin hans\u0131 formada t\u0259qdim olunmas\u0131 ayd\u0131n \u015f\u0259kild\u0259 ifad\u0259sini tap\u0131r.\n<\/p>\n<p>\n  AB\u015e Pe\u015f\u0259kar Q\u0259zet\u00e7il\u0259r D\u0259rn\u0259yinin etik qaydalar\u0131nda media azya\u015fl\u0131larla ba\u011fl\u0131 x\u0259b\u0259rl\u0259rin haz\u0131rlanmas\u0131nda diqq\u0259tli olma\u011fa d\u0259v\u0259t edilir:\n<\/p>\n<p>\n  &#8211; Jurnalistl\u0259r x\u0259b\u0259rl\u0259rd\u0259n z\u0259r\u0259r g\u00f6r\u0259 bil\u0259c\u0259k insanlara m\u00fcnasib\u0259td\u0259 diqq\u0259tli olmal\u0131d\u0131rlar. Azya\u015fl\u0131lar\u0131n par\u00e7a oldu\u011fu x\u0259b\u0259rl\u0259r\u0259 x\u00fcsusi diqq\u0259t yetirilm\u0259lidir.\n<\/p>\n<p>\n  &#8211; Jurnalistl\u0259r azya\u015fl\u0131 cinay\u0259t ed\u0259nl\u0259rin, cinay\u0259td\u0259n z\u0259r\u0259r g\u00f6r\u0259nl\u0259rin, t\u0259cav\u00fcz qurbanlar\u0131n\u0131n, zorak\u0131l\u0131q hallar\u0131n\u0131n i\u015ftirak\u00e7\u0131s\u0131 olanlar\u0131n kimlikl\u0259rinin a\u00e7\u0131qlamaqdan \u00e7\u0259kinm\u0259li, bundan m\u00fctl\u0259q qa\u00e7mal\u0131d\u0131rlar.\n<\/p>\n<p>\n  AB\u015e q\u0259zetl\u0259rind\u0259n birinin &#8211; \u00c7ikaqonun \u201cSun-Times\u201d qazetinin etik qaydalar\u0131nda da cinay\u0259t, zorak\u0131l\u0131q x\u0259b\u0259rinin par\u00e7as\u0131 olan, el\u0259c\u0259 d\u0259, ail\u0259sinin ad\u0131 skandallara qar\u0131\u015fan azya\u015fl\u0131lar\u0131n kimliyinin a\u00e7\u0131qlanmas\u0131n\u0131 yolverilm\u0259z say\u0131r:\n<\/p>\n<p>\n  \u201cQ\u0259zetl\u0259r t\u0259cav\u00fcz, zorak\u0131l\u0131q qurbanlar\u0131n\u0131n adlar\u0131n\u0131 a\u00e7\u0131qlamamal\u0131d\u0131r. Ail\u0259sinin\u00a0 ad\u0131 ciddi skandala qar\u0131\u015fan azya\u015fl\u0131lar\u0131n kimliyinin topluma bildirilm\u0259si d\u0259 yolverilm\u0259zdir. Az a\u011f\u0131r cinay\u0259t i\u015fl\u0259rind\u0259 yetkinlik ya\u015f\u0131na \u00e7atmayan u\u015faqlar\u0131n adlar\u0131 a\u00e7\u0131qlanmamal\u0131d\u0131r. A\u011f\u0131r cinay\u0259t t\u00f6r\u0259tmi\u015f azya\u015fl\u0131lar\u0131n ad\u0131 x\u0259b\u0259rin az diqq\u0259t \u00e7\u0259k\u0259n par\u00e7as\u0131 formas\u0131nda d\u00fc\u015f\u00fcn\u00fclm\u0259lidir. Azya\u015fl\u0131lar\u0131 qorumaq da, g\u00fcnahkarlar haqq\u0131nda oxucular\u0131m\u0131z\u0131 m\u0259lumatland\u0131rmaq da v\u0259zif\u0259mizdir.\u201d\n<\/p>\n<p>\n  U\u015faqlarla ba\u011fl\u0131 etik t\u00f6vsiy\u0259l\u0259rd\u0259 Avropa t\u0259cr\u00fcb\u0259sind\u0259 d\u0259 eyni \u00e7a\u011f\u0131r\u0131\u015flar\u0131 e\u015fidirik.\n<\/p>\n<p>\n  \u0130ngilt\u0259r\u0259nin M\u0259tbuat \u015eikay\u0259tl\u0259ri Komissiyas\u0131n\u0131n etik qaydalar\u0131na g\u00f6r\u0259, m\u0259tbuat x\u0259b\u0259r par\u00e7as\u0131 olan azya\u015fl\u0131lar\u0131 qoruma\u011fa x\u00fcsusi diqq\u0259t yetirm\u0259lidir.\u00a0 \u201cM\u0259tbuat, qanunla yasaqlanmasa bel\u0259, cinsi t\u0259cav\u00fcz olaylar\u0131n\u0131n 16-dan a\u015fa\u011f\u0131 ya\u015fl\u0131 qurbanlar\u0131n\u0131n kimlikl\u0259rini a\u00e7\u0131qlamamal\u0131d\u0131r. \u018fg\u0259r m\u0259tbuat azya\u015fl\u0131n\u0131n kimliyini a\u00e7\u0131qlayarsa, redaktorlar bu a\u00e7\u0131qlaman\u0131n ictimai faydalardan qaynaqland\u0131\u011f\u0131n\u0131 s\u00fcbut etm\u0259lidir.\u201d\n<\/p>\n<p>\n  \u0130spaniyan\u0131n\u00a0 M\u0259tbuat Federasiyas\u0131n\u0131n etik qaydalar\u0131nda is\u0259 vur\u011fulan\u0131r ki, azya\u015fl\u0131lardan b\u0259hs ed\u0259n x\u0259b\u0259rl\u0259rin i\u015fl\u0259nilm\u0259sin\u0259 x\u00fcsusi diqq\u0259t g\u00f6st\u0259rilm\u0259lidir. \u201cMedia cinay\u0259t qurbanlar\u0131n\u0131n adlar\u0131n\u0131n a\u00e7\u0131qlanmas\u0131ndan v\u0259 qurbanlar\u0131n kimlikl\u0259rinin ortaya \u00e7\u0131xmas\u0131na imkan ver\u0259n materiallar\u0131 yaymaqdan qa\u00e7mal\u0131d\u0131r. Q\u0259zetl\u0259r x\u00fcsus\u0259n, cinsi t\u0259cav\u00fczl\u0259rl\u0259 ba\u011fl\u0131 x\u0259b\u0259rl\u0259r haz\u0131rlayark\u0259n diqq\u0259tli olmal\u0131d\u0131rlar. Bu tip durumlarla ba\u011fl\u0131 x\u0259b\u0259rl\u0259rd\u0259 azya\u015fl\u0131lar\u0131n kimliyinin a\u00e7\u0131qlanmas\u0131ndan, onlar\u0131n fotolar\u0131n\u0131n \u00e7\u0259kilm\u0259sind\u0259n qa\u00e7maq laz\u0131md\u0131r\u201d.\n<\/p>\n<p>\n  T\u00fcrkiy\u0259 Jurnalistl\u0259r C\u0259miyy\u0259tinin etik qaydalar\u0131nda da birba\u015fa vur\u011fulan\u0131r ki,\u00a0 \u201cazya\u015fl\u0131larla ba\u011fl\u0131 cinay\u0259tl\u0259r v\u0259 cinsi t\u0259cav\u00fcz olaylar\u0131ndan b\u0259hs ed\u0259n x\u0259b\u0259rl\u0259rd\u0259 ya\u015f\u0131 18-d\u0259n a\u015fa\u011f\u0131 olan \u015f\u0259xsl\u0259rin adlar\u0131 v\u0259 fotolar\u0131 yay\u0131mlanmamal\u0131d\u0131r\u201d&#8230;\n<\/p>\n<p>\n  <b><br \/>\n    G\u0259lin\u0259n n\u0259tic\u0259l\u0259r<br \/>\n  <\/b>\n<\/p>\n<p>\n  AB\u015e v\u0259 Avropan\u0131n media etikas\u0131 qaydalar\u0131ndan g\u0259tirdiyimiz \u00f6rn\u0259kl\u0259rd\u0259n bu n\u0259tic\u0259y\u0259 g\u0259l\u0259 bil\u0259rik.\n<\/p>\n<p>\n  Qurban u\u015faqd\u0131rsa, x\u0259b\u0259rin \u0259sas par\u00e7as\u0131d\u0131rsa, media onlar\u0131n kimliyini gizli tutmal\u0131d\u0131r. Azya\u015fl\u0131lar\u0131n adlar\u0131n\u0131n gizli tutulmas\u0131n\u0131n \u0259sas s\u0259b\u0259bi bir t\u0259r\u0259fd\u0259n qurbanlar\u0131 qorumaqd\u0131rsa, dig\u0259r t\u0259r\u0259fd\u0259n onlar\u0131n daha bir t\u0259cav\u00fcz\u0259 &#8211; median\u0131n t\u0259cav\u00fcz\u00fcn\u0259 m\u0259ruz qalmas\u0131n\u0131 \u00f6nl\u0259m\u0259kdir.\n<\/p>\n<p>\n  \u0130stinad etdiyimiz etik qaydalarda dig\u0259r diqq\u0259t\u00e7\u0259k\u0259n m\u0259qam azya\u015fl\u0131lar\u0131n yekinlik ya\u015f\u0131na \u00e7atanlarla m\u00fcqayis\u0259d\u0259 daha art\u0131q d\u0259r\u0259c\u0259d\u0259 qorunmas\u0131d\u0131r. Bunun s\u0259b\u0259bi u\u015faqlar\u0131n yenid\u0259n c\u0259miyy\u0259t\u0259 qazand\u0131r\u0131lmas\u0131nda d\u00f6vl\u0259t v\u0259 toplumla birg\u0259 median\u0131n d\u0259 \u00e7ox \u00f6n\u0259mli v\u0259zif\u0259l\u0259r da\u015f\u0131mas\u0131d\u0131r.\n<\/p>\n<p>\n  Media n\u0259z\u0259r\u0259 almal\u0131d\u0131r ki, onun bir diqq\u0259tsiz x\u0259b\u0259ril\u0259 bir insan \u00f6mr\u00fc boyu dam\u011fa alt\u0131nda ya\u015famaq m\u0259cburiyy\u0259tind\u0259 qala bil\u0259r.\n<\/p>\n<p>\n  Etik qaydalar\u0131n i\u015f\u0131\u011f\u0131nda azya\u015fl\u0131larla g\u00f6r\u00fc\u015f\u0259n jurnalistl\u0259rin n\u0259l\u0259r\u0259 diqq\u0259t etm\u0259li oilmas\u0131 haqda da n\u0259tic\u0259l\u0259r \u00e7\u0131xarmaq olar. Bunlar hans\u0131lard\u0131r?\n<\/p>\n<p>\n  <b><br \/>\n    &#8211; travmatik olaylar x\u0259b\u0259r m\u00f6vzusudursa, azya\u015fl\u0131n\u0131n \u00e7\u0259kdiyi ac\u0131lar\u0131 art\u0131ra bil\u0259c\u0259k suallardan, \u015f\u0259rhl\u0259rd\u0259n qa\u00e7maq laz\u0131md\u0131r;<br \/>\n  <\/b>\n<\/p>\n<p>\n  <b><br \/>\n    &#8211; azya\u015fl\u0131lara onun ya\u015fam t\u0259rzi olmayan, t\u0259sad\u00fcf \u00fcz\u00fcnd\u0259n v\u0259 ya ilk d\u0259f\u0259 \u00fczl\u0259\u015fdiyi \u015feyl\u0259r haqq\u0131nda suallar verm\u0259k, azya\u015fl\u0131n\u0131 x\u0259b\u0259r\u0259 m\u00f6vz\u00fc ed\u0259n olay\u0131 yenid\u0259n onun g\u00f6z\u00fc \u00f6n\u00fcnd\u0259 canland\u0131rmas\u0131na s\u0259b\u0259bl\u0259r verm\u0259k yolverilm\u0259zdir;<br \/>\n  <\/b>\n<\/p>\n<p>\n  <b><br \/>\n    &#8211; jurnalist ist\u0259r azya\u015fl\u0131ya, ist\u0259rs\u0259 d\u0259 yetkinlik ya\u015f\u0131na \u00e7atm\u0131\u015flara onlarla hans\u0131 s\u0259b\u0259bd\u0259n g\u00f6r\u00fc\u015fd\u00fcy\u00fcn\u00fc, onlardan alaca\u011f\u0131 bilgil\u0259ri nec\u0259 istifad\u0259 ed\u0259c\u0259yini onlar\u0131n \u00f6zl\u0259rin\u0259 bildirm\u0259lidir;<br \/>\n  <\/b>\n<\/p>\n<p>\n  <b><br \/>\n    &#8211; h\u0259r hans\u0131 g\u00f6r\u00fc\u015f, habel\u0259 video, foto \u00e7\u0259kili\u015f \u00fc\u00e7\u00fcn azya\u015fl\u0131n\u0131n, el\u0259c\u0259 d\u0259 yetkinlik ya\u015f\u0131na \u00e7atm\u0131\u015f \u015f\u0259xsin icaz\u0259si al\u0131nmal\u0131d\u0131r;<br \/>\n  <\/b>\n<\/p>\n<p>\n  <b><br \/>\n    &#8211; jurnalist azya\u015fl\u0131 il\u0259 g\u00f6r\u00fc\u015f\u0259rk\u0259n diqq\u0259tli olmal\u0131d\u0131r, g\u00f6r\u00fc\u015f i\u015ftirak\u00e7\u0131lar\u0131n\u0131n say\u0131na s\u0259rh\u0259d qoyulmal\u0131, azya\u015fl\u0131n\u0131n \u00f6z\u00fcn\u00fc tam s\u0259rb\u0259st hiss ed\u0259c\u0259yi ortam yarad\u0131lmal\u0131 v\u0259 bel\u0259 bir ortamda oldu\u011fu azya\u015fl\u0131ya hiss etdirilm\u0259lidir.<br \/>\n  <\/b>\n<\/p>\n<p>\n  Q\u0259na\u0259timc\u0259, \u0259sas problem ayd\u0131n, asan anla\u015f\u0131lan qaydalar\u0131n olub-olmamas\u0131 deyil. \u018fsas problem bel\u0259 qaydalar\u0131n t\u0259cr\u00fcb\u0259d\u0259 t\u0259tbiq edilib-edilm\u0259m\u0259sind\u0259dir. M\u00fck\u0259mm\u0259l \u015f\u0259kild\u0259 haz\u0131rlanm\u0131\u015f qaydalar \u0259g\u0259r onlar\u0131 m\u0259nims\u0259y\u0259c\u0259k, t\u0259tbiq ed\u0259c\u0259k pe\u015f\u0259karlar yoxdursa, faydal\u0131 olmayacaq.\n<\/p><\/p>\n","protected":false},"excerpt":{"rendered":"<p>\u201cZ\u0259r\u0259rin m\u0259hdudla\u015fd\u0131r\u0131lmas\u0131\u201d prinsipin\u0259 s\u00f6yk\u0259n\u0259n etik qaydalara mediada \u0259m\u0259l edilm\u0259m\u0259sind\u0259n z\u0259r\u0259r &#8230; <\/p>\n<p class=\"read-more-container\"><a title=\"U\u015faqlarla ba\u011fl\u0131 x\u0259b\u0259rl\u0259r v\u0259 etika\" class=\"read-more button\" href=\"https:\/\/www.meydan.tv\/az\/article\/usaqlarla-bagli-xeberler-ve-etika\/#more-181736\" aria-label=\"Read more about U\u015faqlarla ba\u011fl\u0131 x\u0259b\u0259rl\u0259r v\u0259 etika\">Davam\u0131<\/a><\/p>\n","protected":false},"author":11,"featured_media":68879,"comment_status":"closed","ping_status":"open","sticky":false,"template":"","format":"standard","meta":{"_acf_changed":false,"_sitemap_exclude":false,"_sitemap_priority":"","_sitemap_frequency":"","footnotes":""},"categories":[51],"tags":[],"class_list":["post-181736","post","type-post","status-publish","format-standard","has-post-thumbnail","hentry","category-analitika","infinite-scroll-item","generate-columns","tablet-grid-50","mobile-grid-100","grid-parent","grid-33","no-featured-image-padding"],"acf":[],"yoast_head":"<!-- This site is optimized with the Yoast SEO plugin v27.5 - https:\/\/yoast.com\/product\/yoast-seo-wordpress\/ -->\n<title>U\u015faqlarla ba\u011fl\u0131 x\u0259b\u0259rl\u0259r v\u0259 etika - MEYDAN.TV<\/title>\n<meta name=\"robots\" content=\"index, follow, max-snippet:-1, max-image-preview:large, max-video-preview:-1\" \/>\n<link rel=\"canonical\" href=\"https:\/\/www.meydan.tv\/az\/article\/usaqlarla-bagli-xeberler-ve-etika\/\" \/>\n<meta property=\"og:locale\" content=\"az_AZ\" \/>\n<meta property=\"og:type\" content=\"article\" \/>\n<meta property=\"og:title\" content=\"U\u015faqlarla ba\u011fl\u0131 x\u0259b\u0259rl\u0259r v\u0259 etika - MEYDAN.TV\" \/>\n<meta property=\"og:description\" content=\"\u201cZ\u0259r\u0259rin m\u0259hdudla\u015fd\u0131r\u0131lmas\u0131\u201d prinsipin\u0259 s\u00f6yk\u0259n\u0259n etik qaydalara mediada \u0259m\u0259l edilm\u0259m\u0259sind\u0259n z\u0259r\u0259r ... Davam\u0131\" \/>\n<meta property=\"og:url\" content=\"https:\/\/www.meydan.tv\/az\/article\/usaqlarla-bagli-xeberler-ve-etika\/\" \/>\n<meta property=\"og:site_name\" content=\"MEYDAN.TV\" \/>\n<meta property=\"article:published_time\" content=\"2017-01-09T15:58:37+00:00\" \/>\n<meta property=\"og:image\" content=\"https:\/\/www.meydan.tv\/wp-content\/uploads\/26362.jpg\" \/>\n\t<meta property=\"og:image:width\" content=\"750\" \/>\n\t<meta property=\"og:image:height\" content=\"500\" \/>\n\t<meta property=\"og:image:type\" content=\"image\/jpeg\" \/>\n<meta name=\"author\" content=\"user-manager\" \/>\n<meta name=\"twitter:card\" content=\"summary_large_image\" \/>\n<script type=\"application\/ld+json\" class=\"yoast-schema-graph\">{\"@context\":\"https:\\\/\\\/schema.org\",\"@graph\":[{\"@type\":\"Article\",\"@id\":\"https:\\\/\\\/www.meydan.tv\\\/az\\\/article\\\/usaqlarla-bagli-xeberler-ve-etika\\\/#article\",\"isPartOf\":{\"@id\":\"https:\\\/\\\/www.meydan.tv\\\/az\\\/article\\\/usaqlarla-bagli-xeberler-ve-etika\\\/\"},\"author\":{\"name\":\"user-manager\",\"@id\":\"https:\\\/\\\/www.meydan.tv\\\/az\\\/#\\\/schema\\\/person\\\/10d11eccf6da3662cf5fdab9806ea91a\"},\"headline\":\"U\u015faqlarla ba\u011fl\u0131 x\u0259b\u0259rl\u0259r v\u0259 etika\",\"datePublished\":\"2017-01-09T15:58:37+00:00\",\"mainEntityOfPage\":{\"@id\":\"https:\\\/\\\/www.meydan.tv\\\/az\\\/article\\\/usaqlarla-bagli-xeberler-ve-etika\\\/\"},\"wordCount\":1487,\"publisher\":{\"@id\":\"https:\\\/\\\/www.meydan.tv\\\/az\\\/#organization\"},\"image\":{\"@id\":\"https:\\\/\\\/www.meydan.tv\\\/az\\\/article\\\/usaqlarla-bagli-xeberler-ve-etika\\\/#primaryimage\"},\"thumbnailUrl\":\"https:\\\/\\\/www.meydan.tv\\\/wp-content\\\/uploads\\\/26362.jpg\",\"articleSection\":[\"Analitika\"],\"inLanguage\":\"az\"},{\"@type\":\"WebPage\",\"@id\":\"https:\\\/\\\/www.meydan.tv\\\/az\\\/article\\\/usaqlarla-bagli-xeberler-ve-etika\\\/\",\"url\":\"https:\\\/\\\/www.meydan.tv\\\/az\\\/article\\\/usaqlarla-bagli-xeberler-ve-etika\\\/\",\"name\":\"U\u015faqlarla ba\u011fl\u0131 x\u0259b\u0259rl\u0259r v\u0259 etika - MEYDAN.TV\",\"isPartOf\":{\"@id\":\"https:\\\/\\\/www.meydan.tv\\\/az\\\/#website\"},\"primaryImageOfPage\":{\"@id\":\"https:\\\/\\\/www.meydan.tv\\\/az\\\/article\\\/usaqlarla-bagli-xeberler-ve-etika\\\/#primaryimage\"},\"image\":{\"@id\":\"https:\\\/\\\/www.meydan.tv\\\/az\\\/article\\\/usaqlarla-bagli-xeberler-ve-etika\\\/#primaryimage\"},\"thumbnailUrl\":\"https:\\\/\\\/www.meydan.tv\\\/wp-content\\\/uploads\\\/26362.jpg\",\"datePublished\":\"2017-01-09T15:58:37+00:00\",\"breadcrumb\":{\"@id\":\"https:\\\/\\\/www.meydan.tv\\\/az\\\/article\\\/usaqlarla-bagli-xeberler-ve-etika\\\/#breadcrumb\"},\"inLanguage\":\"az\",\"potentialAction\":[{\"@type\":\"ReadAction\",\"target\":[\"https:\\\/\\\/www.meydan.tv\\\/az\\\/article\\\/usaqlarla-bagli-xeberler-ve-etika\\\/\"]}]},{\"@type\":\"ImageObject\",\"inLanguage\":\"az\",\"@id\":\"https:\\\/\\\/www.meydan.tv\\\/az\\\/article\\\/usaqlarla-bagli-xeberler-ve-etika\\\/#primaryimage\",\"url\":\"https:\\\/\\\/www.meydan.tv\\\/wp-content\\\/uploads\\\/26362.jpg\",\"contentUrl\":\"https:\\\/\\\/www.meydan.tv\\\/wp-content\\\/uploads\\\/26362.jpg\",\"width\":750,\"height\":500,\"caption\":\"Source:\"},{\"@type\":\"BreadcrumbList\",\"@id\":\"https:\\\/\\\/www.meydan.tv\\\/az\\\/article\\\/usaqlarla-bagli-xeberler-ve-etika\\\/#breadcrumb\",\"itemListElement\":[{\"@type\":\"ListItem\",\"position\":1,\"name\":\"Ana s\u0259hif\u0259\",\"item\":\"https:\\\/\\\/www.meydan.tv\\\/az\\\/\"},{\"@type\":\"ListItem\",\"position\":2,\"name\":\"Analitika\",\"item\":\"https:\\\/\\\/www.meydan.tv\\\/az\\\/section\\\/analitika\\\/\"},{\"@type\":\"ListItem\",\"position\":3,\"name\":\"U\u015faqlarla ba\u011fl\u0131 x\u0259b\u0259rl\u0259r v\u0259 etika\"}]},{\"@type\":\"WebSite\",\"@id\":\"https:\\\/\\\/www.meydan.tv\\\/az\\\/#website\",\"url\":\"https:\\\/\\\/www.meydan.tv\\\/az\\\/\",\"name\":\"MEYDAN.TV\",\"description\":\"Meydan TV Az\u0259rbaycan\u0131n media m\u0259kan\u0131ndak\u0131 alternativ s\u0259sidir\",\"publisher\":{\"@id\":\"https:\\\/\\\/www.meydan.tv\\\/az\\\/#organization\"},\"potentialAction\":[{\"@type\":\"SearchAction\",\"target\":{\"@type\":\"EntryPoint\",\"urlTemplate\":\"https:\\\/\\\/www.meydan.tv\\\/az\\\/?s={search_term_string}\"},\"query-input\":{\"@type\":\"PropertyValueSpecification\",\"valueRequired\":true,\"valueName\":\"search_term_string\"}}],\"inLanguage\":\"az\"},{\"@type\":\"Organization\",\"@id\":\"https:\\\/\\\/www.meydan.tv\\\/az\\\/#organization\",\"name\":\"Meydan TV\",\"url\":\"https:\\\/\\\/www.meydan.tv\\\/az\\\/\",\"logo\":{\"@type\":\"ImageObject\",\"inLanguage\":\"az\",\"@id\":\"https:\\\/\\\/www.meydan.tv\\\/az\\\/#\\\/schema\\\/logo\\\/image\\\/\",\"url\":\"https:\\\/\\\/www.meydan.tv\\\/wp-content\\\/uploads\\\/2021\\\/07\\\/meydan-logo.svg\",\"contentUrl\":\"https:\\\/\\\/www.meydan.tv\\\/wp-content\\\/uploads\\\/2021\\\/07\\\/meydan-logo.svg\",\"width\":195,\"height\":46,\"caption\":\"Meydan TV\"},\"image\":{\"@id\":\"https:\\\/\\\/www.meydan.tv\\\/az\\\/#\\\/schema\\\/logo\\\/image\\\/\"}},{\"@type\":\"Person\",\"@id\":\"https:\\\/\\\/www.meydan.tv\\\/az\\\/#\\\/schema\\\/person\\\/10d11eccf6da3662cf5fdab9806ea91a\",\"name\":\"user-manager\"}]}<\/script>\n<!-- \/ Yoast SEO plugin. -->","yoast_head_json":{"title":"U\u015faqlarla ba\u011fl\u0131 x\u0259b\u0259rl\u0259r v\u0259 etika - MEYDAN.TV","robots":{"index":"index","follow":"follow","max-snippet":"max-snippet:-1","max-image-preview":"max-image-preview:large","max-video-preview":"max-video-preview:-1"},"canonical":"https:\/\/www.meydan.tv\/az\/article\/usaqlarla-bagli-xeberler-ve-etika\/","og_locale":"az_AZ","og_type":"article","og_title":"U\u015faqlarla ba\u011fl\u0131 x\u0259b\u0259rl\u0259r v\u0259 etika - MEYDAN.TV","og_description":"\u201cZ\u0259r\u0259rin m\u0259hdudla\u015fd\u0131r\u0131lmas\u0131\u201d prinsipin\u0259 s\u00f6yk\u0259n\u0259n etik qaydalara mediada \u0259m\u0259l edilm\u0259m\u0259sind\u0259n z\u0259r\u0259r ... Davam\u0131","og_url":"https:\/\/www.meydan.tv\/az\/article\/usaqlarla-bagli-xeberler-ve-etika\/","og_site_name":"MEYDAN.TV","article_published_time":"2017-01-09T15:58:37+00:00","og_image":[{"width":750,"height":500,"url":"https:\/\/www.meydan.tv\/wp-content\/uploads\/26362.jpg","type":"image\/jpeg"}],"author":"user-manager","twitter_card":"summary_large_image","schema":{"@context":"https:\/\/schema.org","@graph":[{"@type":"Article","@id":"https:\/\/www.meydan.tv\/az\/article\/usaqlarla-bagli-xeberler-ve-etika\/#article","isPartOf":{"@id":"https:\/\/www.meydan.tv\/az\/article\/usaqlarla-bagli-xeberler-ve-etika\/"},"author":{"name":"user-manager","@id":"https:\/\/www.meydan.tv\/az\/#\/schema\/person\/10d11eccf6da3662cf5fdab9806ea91a"},"headline":"U\u015faqlarla ba\u011fl\u0131 x\u0259b\u0259rl\u0259r v\u0259 etika","datePublished":"2017-01-09T15:58:37+00:00","mainEntityOfPage":{"@id":"https:\/\/www.meydan.tv\/az\/article\/usaqlarla-bagli-xeberler-ve-etika\/"},"wordCount":1487,"publisher":{"@id":"https:\/\/www.meydan.tv\/az\/#organization"},"image":{"@id":"https:\/\/www.meydan.tv\/az\/article\/usaqlarla-bagli-xeberler-ve-etika\/#primaryimage"},"thumbnailUrl":"https:\/\/www.meydan.tv\/wp-content\/uploads\/26362.jpg","articleSection":["Analitika"],"inLanguage":"az"},{"@type":"WebPage","@id":"https:\/\/www.meydan.tv\/az\/article\/usaqlarla-bagli-xeberler-ve-etika\/","url":"https:\/\/www.meydan.tv\/az\/article\/usaqlarla-bagli-xeberler-ve-etika\/","name":"U\u015faqlarla ba\u011fl\u0131 x\u0259b\u0259rl\u0259r v\u0259 etika - MEYDAN.TV","isPartOf":{"@id":"https:\/\/www.meydan.tv\/az\/#website"},"primaryImageOfPage":{"@id":"https:\/\/www.meydan.tv\/az\/article\/usaqlarla-bagli-xeberler-ve-etika\/#primaryimage"},"image":{"@id":"https:\/\/www.meydan.tv\/az\/article\/usaqlarla-bagli-xeberler-ve-etika\/#primaryimage"},"thumbnailUrl":"https:\/\/www.meydan.tv\/wp-content\/uploads\/26362.jpg","datePublished":"2017-01-09T15:58:37+00:00","breadcrumb":{"@id":"https:\/\/www.meydan.tv\/az\/article\/usaqlarla-bagli-xeberler-ve-etika\/#breadcrumb"},"inLanguage":"az","potentialAction":[{"@type":"ReadAction","target":["https:\/\/www.meydan.tv\/az\/article\/usaqlarla-bagli-xeberler-ve-etika\/"]}]},{"@type":"ImageObject","inLanguage":"az","@id":"https:\/\/www.meydan.tv\/az\/article\/usaqlarla-bagli-xeberler-ve-etika\/#primaryimage","url":"https:\/\/www.meydan.tv\/wp-content\/uploads\/26362.jpg","contentUrl":"https:\/\/www.meydan.tv\/wp-content\/uploads\/26362.jpg","width":750,"height":500,"caption":"Source:"},{"@type":"BreadcrumbList","@id":"https:\/\/www.meydan.tv\/az\/article\/usaqlarla-bagli-xeberler-ve-etika\/#breadcrumb","itemListElement":[{"@type":"ListItem","position":1,"name":"Ana s\u0259hif\u0259","item":"https:\/\/www.meydan.tv\/az\/"},{"@type":"ListItem","position":2,"name":"Analitika","item":"https:\/\/www.meydan.tv\/az\/section\/analitika\/"},{"@type":"ListItem","position":3,"name":"U\u015faqlarla ba\u011fl\u0131 x\u0259b\u0259rl\u0259r v\u0259 etika"}]},{"@type":"WebSite","@id":"https:\/\/www.meydan.tv\/az\/#website","url":"https:\/\/www.meydan.tv\/az\/","name":"MEYDAN.TV","description":"Meydan TV Az\u0259rbaycan\u0131n media m\u0259kan\u0131ndak\u0131 alternativ s\u0259sidir","publisher":{"@id":"https:\/\/www.meydan.tv\/az\/#organization"},"potentialAction":[{"@type":"SearchAction","target":{"@type":"EntryPoint","urlTemplate":"https:\/\/www.meydan.tv\/az\/?s={search_term_string}"},"query-input":{"@type":"PropertyValueSpecification","valueRequired":true,"valueName":"search_term_string"}}],"inLanguage":"az"},{"@type":"Organization","@id":"https:\/\/www.meydan.tv\/az\/#organization","name":"Meydan TV","url":"https:\/\/www.meydan.tv\/az\/","logo":{"@type":"ImageObject","inLanguage":"az","@id":"https:\/\/www.meydan.tv\/az\/#\/schema\/logo\/image\/","url":"https:\/\/www.meydan.tv\/wp-content\/uploads\/2021\/07\/meydan-logo.svg","contentUrl":"https:\/\/www.meydan.tv\/wp-content\/uploads\/2021\/07\/meydan-logo.svg","width":195,"height":46,"caption":"Meydan TV"},"image":{"@id":"https:\/\/www.meydan.tv\/az\/#\/schema\/logo\/image\/"}},{"@type":"Person","@id":"https:\/\/www.meydan.tv\/az\/#\/schema\/person\/10d11eccf6da3662cf5fdab9806ea91a","name":"user-manager"}]}},"_links":{"self":[{"href":"https:\/\/www.meydan.tv\/az\/wp-json\/wp\/v2\/posts\/181736","targetHints":{"allow":["GET"]}}],"collection":[{"href":"https:\/\/www.meydan.tv\/az\/wp-json\/wp\/v2\/posts"}],"about":[{"href":"https:\/\/www.meydan.tv\/az\/wp-json\/wp\/v2\/types\/post"}],"author":[{"embeddable":true,"href":"https:\/\/www.meydan.tv\/az\/wp-json\/wp\/v2\/users\/11"}],"replies":[{"embeddable":true,"href":"https:\/\/www.meydan.tv\/az\/wp-json\/wp\/v2\/comments?post=181736"}],"version-history":[{"count":0,"href":"https:\/\/www.meydan.tv\/az\/wp-json\/wp\/v2\/posts\/181736\/revisions"}],"wp:featuredmedia":[{"embeddable":true,"href":"https:\/\/www.meydan.tv\/az\/wp-json\/wp\/v2\/media\/68879"}],"wp:attachment":[{"href":"https:\/\/www.meydan.tv\/az\/wp-json\/wp\/v2\/media?parent=181736"}],"wp:term":[{"taxonomy":"category","embeddable":true,"href":"https:\/\/www.meydan.tv\/az\/wp-json\/wp\/v2\/categories?post=181736"},{"taxonomy":"post_tag","embeddable":true,"href":"https:\/\/www.meydan.tv\/az\/wp-json\/wp\/v2\/tags?post=181736"}],"curies":[{"name":"wp","href":"https:\/\/api.w.org\/{rel}","templated":true}]}}