{"id":181695,"date":"2017-01-06T15:12:26","date_gmt":"2017-01-06T15:12:26","guid":{"rendered":"https:\/\/www.meydan.tv\/article\/dagliq-qarabag-2016-ci-ilin-yekunlari-ve-2017-ci-ildeki-perspektivler\/"},"modified":"2017-01-06T15:12:26","modified_gmt":"2017-01-06T15:12:26","slug":"dagliq-qarabag-2016-ci-ilin-yekunlari-ve-2017-ci-ildeki-perspektivler","status":"publish","type":"post","link":"https:\/\/www.meydan.tv\/az\/article\/dagliq-qarabag-2016-ci-ilin-yekunlari-ve-2017-ci-ildeki-perspektivler\/","title":{"rendered":"Da\u011fl\u0131q Qaraba\u011f: 2016-ci ilin yekunlar\u0131 v\u0259 2017-c\u0131 ild\u0259ki perspektivl\u0259r"},"content":{"rendered":"<figure class=\"wp-block-image size-large\">\n  <img decoding=\"async\" src=\"https:\/\/www.meydan.tv\/az\/76934\/\" alt=\"\" class=\"wp-image-76934\"\/><figcaption><\/figcaption><\/figure>\n<p>\n  <img decoding=\"async\" alt=\"\" data-src=\"\/images\/cms-image-000029809.jpg\" src=\"data:image\/svg+xml;base64,PHN2ZyB3aWR0aD0iMSIgaGVpZ2h0PSIxIiB4bWxucz0iaHR0cDovL3d3dy53My5vcmcvMjAwMC9zdmciPjwvc3ZnPg==\" class=\"lazyload\" \/>\n<\/p>\n<p>\n  \u201cAtlas\u201d Ara\u015fd\u0131rmalar M\u0259rk\u0259zinin\u00a02015-ci ilin sonunda ke\u00e7irdiyi sor\u011fuda respondentl\u0259rin \u0259ks\u0259riyy\u0259ti m\u00fcharib\u0259nin ba\u015flamas\u0131 ehtimal\u0131n\u0131 y\u00fcks\u0259k qiym\u0259tl\u0259ndirmi\u015fdil\u0259r. M\u0259rk\u0259z d\u0259 m\u00fcharib\u0259 ehtimal\u0131n\u0131n y\u00fcks\u0259k olmas\u0131yla ba\u011fl\u0131 proqnozlar\u0131nda bu sor\u011funun n\u0259tic\u0259l\u0259rin\u0259, apar\u0131lan effektsiz dan\u0131\u015f\u0131qlara v\u0259 c\u0259bh\u0259 b\u00f6lg\u0259sind\u0259ki g\u0259rgin v\u0259ziyy\u0259t\u0259 \u0259saslan\u0131rd\u0131. Dig\u0259r t\u0259r\u0259fd\u0259n, AT\u018fT-in Minsk Qrupu \u00e7\u0259r\u00e7iv\u0259sind\u0259ki n\u0259tic\u0259siz dan\u0131\u015f\u0131qlar aprel toqq\u015fumalar\u0131n\u0131 yax\u0131nla\u015fd\u0131r\u0131rd\u0131.\n<\/p>\n<p>\n  AB\u015e d\u00f6vl\u0259t katibi\u00a0Con Kerri\u00a0\u00f6lk\u0259sinin 2016-c\u0131 il \u00fc\u00e7\u00fcn xarici siyas\u0259t g\u00fcnd\u0259liyini a\u00e7\u0131qlayark\u0259n dedi ki, dondurulmu\u015f m\u00fcnaqi\u015f\u0259l\u0259rin nizamlanmas\u0131na ehtiyac var:\u00a0\u201cBiz dondurulmu\u015f m\u00fcnaqi\u015f\u0259l\u0259rin h\u0259lli istiqam\u0259tind\u0259 n\u0259 q\u0259d\u0259r \u00e7ox ir\u0259lil\u0259yi\u015f \u0259ld\u0259 ets\u0259k, o zaman \u0130\u015e\u0130D-\u0259 qar\u015f\u0131 daha effektiv v\u0259 dayan\u0131ql\u0131 m\u00fcbariz\u0259 aparmaq olar\u0131q\u201d. Buna baxmayaraq, Barak Obama administrasiyas\u0131 il \u0259rzind\u0259\u00a0dondurulmu\u015f m\u00fcnaqi\u015f\u0259l\u0259rin h\u0259lli \u00fc\u00e7\u00fcn aktiv f\u0259aliyy\u0259t g\u00f6st\u0259rm\u0259di. \u00dcmumiyy\u0259tl\u0259, Barak Obama prezident oldu\u011fu 8 ild\u0259 Da\u011fl\u0131q Qaraba\u011f m\u00fcnaqi\u015f\u0259sinin h\u0259llin\u0259 maraq g\u00f6st\u0259rm\u0259di. Halbuki, dig\u0259r iki h\u0259ms\u0259dr d\u00f6vl\u0259t \u2013 Rusiya v\u0259 Fransa prezidentl\u0259ri bir ne\u00e7\u0259 d\u0259f\u0259 m\u00fcnaqi\u015f\u0259nin h\u0259lli il\u0259 ba\u011fl\u0131 a\u00e7\u0131qlama verdil\u0259r, vasit\u0259\u00e7ilik mexanizml\u0259rini i\u015f\u0259 sald\u0131lar v\u0259 b\u00f6lg\u0259y\u0259 s\u0259f\u0259rl\u0259r etdil\u0259r.\n<\/p>\n<p>\n  A\u015ePA-n\u0131n\u00a0(Avropa \u015euras\u0131 Parlament Assambleyas\u0131) yanvar\u0131n 26-da ke\u00e7irdiyi sessiyada Az\u0259rbaycan\u0131n i\u015f\u011fal olunmu\u015f topraqlar\u0131 il\u0259 ba\u011fl\u0131 iki q\u0259tnam\u0259si m\u00fczakir\u0259y\u0259 \u00e7\u0131xar\u0131ld\u0131. Birinci q\u0259tnam\u0259\u00a0\u201cDa\u011fl\u0131q Qaraba\u011f v\u0259 Az\u0259rbaycan\u0131n i\u015f\u011fal olunmu\u015f dig\u0259r \u0259razil\u0259rind\u0259 zorak\u0131l\u0131q hallar\u0131n\u0131n artmas\u0131\u201d, ikinci q\u0259tnam\u0259 is\u0259\u00a0\u201cAz\u0259rbaycan\u0131n s\u0259rh\u0259dyan\u0131 rayonlar\u0131n\u0131n sakinl\u0259rinin q\u0259sdl\u0259 i\u00e7m\u0259li sudan m\u0259hrum edilm\u0259si\u201d\u00a0adlan\u0131rd\u0131. Birinci q\u0259tnam\u0259nin q\u0259bulu \u00fc\u00e7\u00fcn Az\u0259rbaycana c\u0259mi 4 s\u0259s \u00e7atmad\u0131. \u0130kinci q\u0259tnam\u0259 is\u0259 s\u0259s\u00e7oxlu\u011fu il\u0259 q\u0259bul olundu.\n<\/p>\n<p>\n  <img decoding=\"async\" alt=\"\u0130lham \u018fliyev v\u0259 Con Kerri\" data-src=\"\/images\/cms-image-000020036.jpg\" src=\"data:image\/svg+xml;base64,PHN2ZyB3aWR0aD0iMSIgaGVpZ2h0PSIxIiB4bWxucz0iaHR0cDovL3d3dy53My5vcmcvMjAwMC9zdmciPjwvc3ZnPg==\" class=\"lazyload\" \/>\n<\/p>\n<p>\n  Buna baxmayaraq, ikinci q\u0259tnam\u0259 d\u0259 A\u015ePA-n\u0131n m\u00fcnaqi\u015f\u0259nin h\u0259lli il\u0259 ba\u011fl\u0131 \u0259vv\u0259lki ill\u0259rd\u0259 q\u0259bul etdiyi q\u0259tnam\u0259l\u0259r kimi ka\u011f\u0131z \u00fcz\u0259rind\u0259 qald\u0131.\n<\/p>\n<p>\n  2016-c ilin yanvar ay\u0131nda\u00a0Avropa \u0130ttifaq\u0131\u00a0m\u0259s\u0259l\u0259l\u0259ri \u00fczr\u0259 ixtisasla\u015fm\u0131\u015f n\u00fcfuzlu Avropa Siyas\u0259ti M\u0259rk\u0259zi (European Policy Center) Da\u011fl\u0131q Qaraba\u011f m\u00fcnaqi\u015f\u0259sin\u0259 dair hesabat yayd\u0131. Hesabatda vur\u011fulan\u0131rd\u0131 ki, Avropa Ittifaq\u0131 Da\u011fl\u0131q Qaraba\u011f m\u00fcnaqi\u015f\u0259sinin h\u0259llinin uzanmas\u0131ndan narahatd\u0131r. Hesabatda\u00a0Az\u0259rbaycan\u0131n v\u0259 Erm\u0259nistan\u0131n Avropa \u0130ttifaq\u0131n\u0131n t\u0259r\u0259fda\u015flar\u0131 olmas\u0131na baxmayaraq, Br\u00fcsselin Da\u011fl\u0131q Qaraba\u011f m\u00fcnaqi\u015f\u0259nin k\u0259nar\u0131nda qalmas\u0131 t\u0259nqid olundu. H\u0259min \u0259r\u0259f\u0259d\u0259 Bak\u0131da olan Avropa \u0130ttifaq\u0131n\u0131n xarici m\u0259s\u0259l\u0259l\u0259r \u00fczr\u0259 komissar\u0131\u00a0Federika Mogerini Avropa \u0130ttifaq\u0131n\u0131n Az\u0259rbaycan\u0131n \u0259razi b\u00fct\u00f6vl\u00fcy\u00fcn\u00fc, suverenliyini v\u0259 m\u00fcst\u0259qiliyini d\u0259st\u0259kl\u0259diyini bildirdi. Ancaq 2016-ci ild\u0259 A\u015ePA kimi Avropa \u0130ttifaq\u0131 da Da\u011fl\u0131q Qaraba\u011f m\u00fcnaqi\u015f\u0259sinin h\u0259llin\u0259 t\u0259sir ed\u0259 bilm\u0259di.\n<\/p>\n<p>\n  Az\u0259rbaycan Xarici \u0130\u015fl\u0259r Nazirliyi\u00a0fevral\u0131n 23-d\u0259 Rusiyaya nota g\u00f6nd\u0259rdi. Notada Rusiyan\u0131n Erm\u0259nistana silah v\u0259 h\u0259rbi texnikan\u0131n al\u0131nmas\u0131 \u00fc\u00e7\u00fcn 200 milyon dollar kredit verm\u0259sind\u0259n Az\u0259rbaycan\u0131n narahatl\u0131\u011f\u0131 bildirildi. Bundan bir h\u0259ft\u0259 sonra\u00a0Rusiya ba\u015f nazirinin m\u00fcavini, Rusiya-Az\u0259rbaycan h\u00f6kum\u0259tl\u0259raras\u0131 komissiyan\u0131n h\u0259ms\u0259dri\u00a0Dmitri Roqozin\u00a0Az\u0259rbaycana s\u0259f\u0259r ed\u0259r\u0259k prezident \u0130lham \u018fliyevl\u0259 g\u00f6r\u00fc\u015fd\u00fc. \u018fslind\u0259 Roqozinin s\u0259f\u0259ri \u0259vv\u0259lc\u0259d\u0259n planla\u015fd\u0131r\u0131lmam\u0131\u015fd\u0131. Roqozin il \u0259rzind\u0259 bir ne\u00e7\u0259 d\u0259f\u0259 Bak\u0131ya s\u0259f\u0259r etdi.\n<\/p>\n<p>\n  <img decoding=\"async\" alt=\"Az\u0259rbaycan Xarici \u0130\u015fl\u0259r Nazirliyi\" data-src=\"\/images\/cms-image-000018332.jpg\" src=\"data:image\/svg+xml;base64,PHN2ZyB3aWR0aD0iMSIgaGVpZ2h0PSIxIiB4bWxucz0iaHR0cDovL3d3dy53My5vcmcvMjAwMC9zdmciPjwvc3ZnPg==\" class=\"lazyload\" \/>\n<\/p>\n<p>\n  Az\u0259rbaycan-Rusiya h\u0259rbi-texniki \u0259m\u0259kda\u015fl\u0131\u011f\u0131n inki\u015faf\u0131nda Roqozin ba\u015fl\u0131ca fiqurdur. M\u0259hz onun say\u0259sind\u0259 Az\u0259rbaycan Rusiyadan t\u0259xmin\u0259n 4 milyard dollar civar\u0131nda silah al\u0131b. Ancaq 2016-c\u0131 il \u0259rzind\u0259 Az\u0259rbaycan Rusiyadan silah\u0131 pulla alark\u0259n, Moskva h\u0259min silahlar\u0131 Erm\u0259nistana pulsuz verdi. Rusiyan\u0131n il \u0259rzind\u0259 Erm\u0259nistana \u00f6t\u00fcrd\u00fcy\u00fc \u201c\u0130sg\u0259nd\u0259r\u201d raketl\u0259ri d\u0259 r\u0259smi Bak\u0131n\u0131 ciddi narahat etdi. Roqozin ilin sonunda yen\u0259 Bak\u0131ya g\u0259ldi, ancaq r\u0259smi Bak\u0131n\u0131n\u00a0\u201cRusiya Az\u0259rbaycana \u201c\u0130sg\u0259nd\u0259r\u201d raketl\u0259rini satma\u011fa haz\u0131rd\u0131rm\u0131\u201d\u00a0sual\u0131na Rusiya r\u0259smisi konkret cavab ver\u0259 bilm\u0259di. \u00c7\u00fcnki Rusiya hakimiyy\u0259ti Az\u0259rbaycana \u201c\u0130sg\u0259nd\u0259r\u201d raketl\u0259rini satmaq ist\u0259mir.\n<\/p>\n<p>\n  2016-c\u0131 ild\u0259 prezident\u00a0\u0130lham \u018fliyev\u00a013 ild\u0259n sonra Va\u015finqtona s\u0259f\u0259r etdi. \u0130lham \u018fliyev aprel ay\u0131n\u0131n \u0259vv\u0259lind\u0259 n\u00fcv\u0259 t\u0259hl\u00fck\u0259sizliyi konfrans\u0131 il\u0259 \u0259laq\u0259dar Va\u015finqtona getdi.\u00a0AB\u015e-\u0131n vitse-prezidenti Cozef Bayden \u0130lham \u018fliyevl\u0259 g\u00f6r\u00fc\u015fd\u0259 Az\u0259rbaycan\u0131n \u0259razi b\u00fct\u00f6vl\u00fcy\u00fcn\u00fc v\u0259 suverenliyini d\u0259st\u0259kl\u0259diyini dedi. Ancaq bu s\u00f6zl\u0259r sad\u0259c\u0259, diplomatik ifad\u0259l\u0259r olaraq qald\u0131. Va\u015finqton 2016-c\u0131 ild\u0259 m\u00fcnaqi\u015f\u0259nin h\u0259lli \u00fc\u00e7\u00fcn aktivlik n\u00fcmayi\u015f etdirm\u0259di.\n<\/p>\n<p>\n  \u0130lham \u018fliyev Va\u015finqtonda s\u0259f\u0259rd\u0259 ik\u0259n c\u0259bh\u0259 b\u00f6lg\u0259sind\u0259 v\u0259ziyy\u0259t g\u0259rginl\u0259\u015fdi. 4 g\u00fcnl\u00fck d\u00f6y\u00fc\u015fl\u0259rd\u0259n sonra\u00a0\u0130lham \u018fliyev Kremlin ist\u0259yi il\u0259 aprelin 6-da at\u0259\u015fk\u0259s\u0259 raz\u0131la\u015fd\u0131. Az\u0259rbaycan\u0131n v\u0259 Erm\u0259nistan\u0131n ba\u015f q\u0259rargah r\u0259isl\u0259ri Moskvaya d\u0259v\u0259t olundular v\u0259 Rusiya paytaxt\u0131nda at\u0259\u015fk\u0259s raz\u0131la\u015fd\u0131r\u0131ld\u0131. Bunun \u00f6z\u00fc b\u00f6lg\u0259d\u0259ki n\u0259zar\u0259tin Rusiyan\u0131n \u0259lind\u0259 oldu\u011funu g\u00f6st\u0259rdi.\n<\/p>\n<p>\n  <img decoding=\"async\" alt=\"\u0130lham \u018fliyev foto president.az\" data-src=\"\/images\/cms-image-000026333.jpg\" src=\"data:image\/svg+xml;base64,PHN2ZyB3aWR0aD0iMSIgaGVpZ2h0PSIxIiB4bWxucz0iaHR0cDovL3d3dy53My5vcmcvMjAwMC9zdmciPjwvc3ZnPg==\" class=\"lazyload\" \/>\n<\/p>\n<p>\n  Bu bax\u0131mdan h\u0259min g\u00fcnl\u0259rd\u0259 v\u0259 el\u0259 indinin \u00f6z\u00fcnd\u0259 bu sual aktuald\u0131r:\u00a0Az\u0259rbaycan ordusu d\u00f6y\u00fc\u015fl\u0259ri h\u0259l\u0259 bir m\u00fcdd\u0259t d\u0259 davam etdirib i\u015f\u011fal alt\u0131ndak\u0131 daha geni\u015f \u0259razil\u0259ri azad ed\u0259 bil\u0259rdimi?\n<\/p>\n<p>\n  \u018flb\u0259tt\u0259, Az\u0259rbaycan ordusu c\u0259bh\u0259 b\u00f6lg\u0259sind\u0259 xeyli ir\u0259li gets\u0259ydi v\u0259 bir ne\u00e7\u0259 rayonun azad olunmas\u0131 prosesini s\u00fcr\u0259tl\u0259ndirs\u0259ydi, r\u0259smi Bak\u0131 Kremlin t\u0259zyiqin\u0259 baxmayaraq, m\u00fcharib\u0259ni bir ne\u00e7\u0259 g\u00fcn d\u0259 davam etdir\u0259c\u0259kdi. Ancaq c\u0259bh\u0259d\u0259ki v\u0259ziyy\u0259ti \u0130lham \u018fliyevd\u0259n v\u0259 m\u00fcdafi\u0259 naziri Zakir H\u0259s\u0259novdan yax\u015f\u0131 bil\u0259n yox idi. Ona g\u00f6r\u0259 d\u0259 \u0259g\u0259r prezident at\u0259\u015fk\u0259s\u0259 raz\u0131la\u015fd\u0131sa, o, bu q\u0259rar\u0131 h\u0259m c\u0259bh\u0259d\u0259ki v\u0259ziyy\u0259t\u0259, h\u0259m d\u0259 ged\u0259n diplomatik dan\u0131\u015f\u0131qlara g\u00f6r\u0259\u00a0 verdi.\n<\/p>\n<p>\n  Buna baxmayaraq, Az\u0259rbaycan\u0131n c\u0259bh\u0259 b\u00f6lg\u0259sind\u0259ki u\u011furu r\u0259smi Bak\u0131ya bir ne\u00e7\u0259 istiqam\u0259td\u0259 \u00fcst\u00fcnl\u00fck qazand\u0131rd\u0131:\n<\/p>\n<p>\n  Birincisi,\u00a022 ild\u0259n sonra Az\u0259rbaycan ordusu \u00f6z g\u00fcc\u00fcn\u00fc g\u00f6st\u0259rdi. Az\u0259rbaycan ordusu il\u0259 Erm\u0259nistan ordusu aras\u0131ndak\u0131 f\u0259rqi ham\u0131 g\u00f6rd\u00fc. \u018fg\u0259r Az\u0259rbaycan ordusunun arsenal\u0131nda modern silahlar v\u0259 a\u011f\u0131r h\u0259rbi texnika varsa, Erm\u0259nistan ordusunun 1980-ci ill\u0259rin silahlar\u0131 il\u0259 sava\u015fd\u0131\u011f\u0131 b\u0259lli oldu. Bunu Erm\u0259nistan prezidenti Serj S\u0259rkisyan aprelin 6-d\u0259 Berlind\u0259ki \u00e7\u0131x\u0131\u015f\u0131 zaman\u0131 da etiraf etdi.\n<\/p>\n<p>\n  \u0130kincisi,\u00a0Az\u0259rbaycan ordusunun h\u00fccuma ke\u00e7m\u0259si c\u0259miyy\u0259td\u0259 ruh y\u00fcks\u0259kliyi yaratd\u0131. 22 ild\u0259n sonra Az\u0259rbaycan m\u0259\u011flub sindromundan qurtuldu, insanlar\u0131n ruh y\u00fcks\u0259kliyi artd\u0131, Az\u0259rbaycan bayra\u011f\u0131 evl\u0259rd\u0259, k\u00fc\u00e7\u0259l\u0259rd\u0259, ma\u015f\u0131nlarda dal\u011falan\u0131rd\u0131.\n<\/p>\n<p>\n  \u00dc\u00e7\u00fcnc\u00fcs\u00fc,\u00a0beyn\u0259lxalq al\u0259m\u0259 ciddi mesaj verildi. Mesaj\u0131n \u0259h\u0259miyy\u0259ti onda idi ki, Az\u0259rbaycan uzun m\u00fcdd\u0259t i\u015f\u011fal fakt\u0131na d\u00f6zm\u0259y\u0259c\u0259k. Bu hadis\u0259y\u0259 q\u0259d\u0259r beyn\u0259lxalq al\u0259md\u0259 Da\u011fl\u0131q Qaraba\u011f \u0259traf\u0131ndak\u0131 rayonlar m\u00f6vzusu aktual deyildi. C\u0259bh\u0259 b\u00f6lg\u0259sind\u0259ki toqqu\u015fmalardan sonra beyn\u0259lxalq al\u0259min Da\u011fl\u0131q Qaraba\u011f \u0259traf\u0131ndak\u0131 rayonlara mara\u011f\u0131 artd\u0131, h\u0259tta Q\u0259rbd\u0259 \u201cbu rayonlar azad olunmal\u0131d\u0131r\u201d fikirl\u0259ri e\u015fidilm\u0259y\u0259 ba\u015flad\u0131.\n<\/p>\n<p>\n  Buna baxmayaraq, Az\u0259rbaycan v\u0259 Erm\u0259nistan prezidentl\u0259rinin il \u0259rzind\u0259 \u0259vv\u0259lc\u0259 Vyanada, sonra is\u0259 Sankt-Peterburqda g\u00f6r\u00fc\u015fl\u0259ri n\u0259tic\u0259 verm\u0259di. B\u00f6y\u00fck d\u00f6vl\u0259tl\u0259r n\u00f6vb\u0259ti h\u0259rbi toqqu\u015fman\u0131n qar\u015f\u0131s\u0131n\u0131 almaq v\u0259 ilkin olaraq Da\u011fl\u0131q Qaraba\u011f \u0259traf\u0131ndak\u0131 rayonlar\u0131n bo\u015fald\u0131lmas\u0131 m\u0259qs\u0259dil\u0259 Erm\u0259nistan hakimiyy\u0259tin\u0259 t\u0259zyiq etm\u0259dil\u0259r. \u018fksin\u0259 b\u00f6y\u00fck d\u00f6vl\u0259tl\u0259r m\u00fcnaqi\u015f\u0259nin h\u0259llini s\u00fcr\u0259tl\u0259ndirm\u0259k \u0259v\u0259zin\u0259 at\u0259\u015fk\u0259sin \u00f6mr\u00fcn\u00fc uzatmaq \u00fc\u00e7\u00fcn c\u0259bh\u0259 x\u0259ttind\u0259ki monitorinq xidm\u0259tinin g\u00fccl\u0259ndirilm\u0259sini ist\u0259dil\u0259r. Bu, Az\u0259rbaycan\u0131n maraqlar\u0131na cavab vermirdi. \u00c7\u00fcnki monitorinqin g\u00fccl\u0259ndirilm\u0259si v\u0259 t\u0259mas x\u0259ttind\u0259 AT\u018fT m\u00fc\u015fahid\u0259\u00e7il\u0259rinin say\u0131n\u0131n art\u0131r\u0131lmas\u0131 o dem\u0259k olacaqd\u0131 ki, Erm\u0259nistan bu vasit\u0259 il\u0259 Da\u011fl\u0131q Qaraba\u011f \u0259traf\u0131ndak\u0131 rayonlar\u0131n i\u015f\u011fal\u0131n\u0131 uzatmaq ist\u0259yir. Ona g\u00f6r\u0259 d\u0259 monitorinqin g\u00fccl\u0259ndirilm\u0259si m\u0259qs\u0259dil\u0259 c\u0259bh\u0259 b\u00f6lg\u0259sind\u0259 AT\u018fT m\u00fc\u015fahid\u0259\u00e7il\u0259rinin say\u0131n\u0131n art\u0131r\u0131lmas\u0131 t\u0259\u015f\u0259bb\u00fcs\u00fc 2016-c\u0131 ild\u0259 realla\u015fmad\u0131.\n<\/p>\n<p>\n  <img decoding=\"async\" alt=\"\" data-src=\"\/images\/cms-image-000029810.jpg\" src=\"data:image\/svg+xml;base64,PHN2ZyB3aWR0aD0iMSIgaGVpZ2h0PSIxIiB4bWxucz0iaHR0cDovL3d3dy53My5vcmcvMjAwMC9zdmciPjwvc3ZnPg==\" class=\"lazyload\" \/>\n<\/p>\n<p>\n  Aprelin 26-s\u0131nda Bak\u0131da BMT-nin Sivilizasiyalar Alyans\u0131n\u0131n VII Qlobal Forumu ke\u00e7irildi.\u00a0Forumda\u00a0BMT ba\u015f katibi Pan Gi Munun\u00a0i\u015ftirak\u0131 g\u00f6zl\u0259nilirdi. Ancaq o, Bak\u0131ya g\u0259lm\u0259di, bunun \u0259v\u0259zin\u0259 Forumda onun video m\u00fcraci\u0259ti yay\u0131nland\u0131.\u00a0BMT katibliyi Pan Gi Munun b\u00f6lg\u0259y\u0259 s\u0259f\u0259rinin t\u0259xir\u0259 sal\u0131nmas\u0131n\u0131 ba\u015f katibin \u201ct\u0259cili i\u015fl\u0259ri\u201d il\u0259 \u0259laq\u0259l\u0259ndirdil\u0259r. Ancaq bu s\u0259b\u0259b inand\u0131r\u0131c\u0131 s\u0259sl\u0259nm\u0259di. \u00c7\u00fcnki Pan Gi Mun Bak\u0131dak\u0131 forumda i\u015ftirak\u0131n\u0131 2015-ci ild\u0259n t\u0259sdiql\u0259mi\u015fdi.\n<\/p>\n<p>\n  G\u00f6r\u00fcn\u00fcr, Pan Gi Munun C\u0259nubi Qafqaza s\u0259f\u0259rinin t\u0259xir\u0259 sal\u0131nmas\u0131 c\u0259bh\u0259 b\u00f6lg\u0259sind\u0259 4 g\u00fcnl\u00fck m\u00fcharib\u0259 il\u0259 \u0259laq\u0259li idi. Ayd\u0131nd\u0131r ki, Bak\u0131da BMT ba\u015f katibin\u0259 ciddi suallar veril\u0259c\u0259kdi ki, t\u0259\u015fkilat\u0131n\u00a0Da\u011fl\u0131q Qaraba\u011f m\u00fcnaqi\u015f\u0259sinin h\u0259lli il\u0259 ba\u011fl\u0131 20 il \u0259vv\u0259l q\u0259bul etdiyi 4 q\u0259tnam\u0259 niy\u0259 yerin\u0259 yetirilmir? BMT ba\u015f katibi is\u0259 Bak\u0131da bu \u00e7\u0259tin suala cavab verm\u0259k m\u0259cburiyy\u0259tind\u0259 qalacaqd\u0131.\n<\/p>\n<p>\n  \u0130lham \u018fliyev iyunun 7-d\u0259\u00a0Almaniyaya\u00a0r\u0259smi s\u0259f\u0259r etdi. Bu s\u0259f\u0259r ona g\u00f6r\u0259 \u0259h\u0259miyy\u0259tli idi ki, Almaniya 2016-c\u0131 ild\u0259 AT\u018fT-\u0259 s\u0259drlik edirdi v\u0259 Qaraba\u011fla m\u0259\u015f\u011ful olmal\u0131 idi. Ancaq ayd\u0131n oldu ki, ke\u00e7mi\u015fd\u0259ki dig\u0259r AT\u018fT s\u0259drl\u0259ri kimi Almaniya da Da\u011fl\u0131q Qaraba\u011f m\u00fcnaqi\u015f\u0259sinin h\u0259lli \u00fc\u00e7\u00fcn x\u00fcsusi f\u0259all\u0131q n\u00fcmayi\u015f etdirm\u0259k ist\u0259mir. Birg\u0259 m\u0259tbuat konfrans\u0131nda\u00a0Almaniya kansleri Angella Merkel\u00a0dedi ki,\u00a0Rusiya Da\u011fl\u0131q Qaraba\u011f m\u00fcnaqi\u015f\u0259sinin t\u0259nziml\u0259nm\u0259sind\u0259 a\u00e7ar rolunu oynay\u0131r.\n<\/p>\n<p>\n  Merkel\u00a0faktiki bununla dem\u0259k ist\u0259yirdi ki, m\u00fcnaqi\u015f\u0259nin h\u0259lli Almaniyan\u0131n imkan\u0131 xaricind\u0259dir. \u0130l \u0259rzind\u0259 Almaniyan\u0131n xarici i\u015fl\u0259r naziri Valter \u015etaynmayerin Az\u0259rbaycana v\u0259 Erm\u0259nistana s\u0259f\u0259ri d\u0259 he\u00e7 bir n\u0259tic\u0259 verm\u0259di. Halbuki, aprel d\u00f6y\u00fc\u015fl\u0259rind\u0259n d\u0259rhal sonra Valter \u015etaynmayer Da\u011fl\u0131q Qaraba\u011f m\u00fcnaqi\u015f\u0259sinin h\u0259lli il\u0259 ba\u011fl\u0131 Berlinin 7 madd\u0259lik t\u0259klifl\u0259r paketinin oldu\u011funu a\u00e7\u0131qlam\u0131\u015fd\u0131. H\u0259min t\u0259klifl\u0259rin n\u0259d\u0259n ibar\u0259t oldu\u011fu ayd\u0131nla\u015fmad\u0131, Valter \u015etaynmayer Bak\u0131ya v\u0259 \u0130r\u0259vana s\u0259f\u0259rl\u0259ri zaman\u0131 bu m\u0259s\u0259l\u0259y\u0259 ayd\u0131nl\u0131q g\u0259tirm\u0259di. B\u00f6y\u00fck ehtimalla bu t\u0259klifl\u0259r m\u00fcnaqi\u015f\u0259nin h\u0259lli il\u0259 deyil, at\u0259\u015fk\u0259sin qorunmas\u0131yla ba\u011fl\u0131 idi.\n<\/p>\n<p>\n  AB\u015e d\u00f6vl\u0259t katibi Con Kerrinin\u00a0\u201cDa\u011fl\u0131q Qaraba\u011f m\u00fcnaqi\u015f\u0259sinin indiki m\u0259rh\u0259l\u0259d\u0259 h\u0259lli m\u00fcmk\u00fcn deyil\u201d\u00a0a\u00e7\u0131qlamas\u0131 Az\u0259rbaycanda t\u0259nqid olundu. Bundan bir ne\u00e7\u0259 g\u00fcn sonra Rusiya prezidentinin k\u00f6m\u0259k\u00e7isi Yuri U\u015fakov t\u0259xmin\u0259n eyni fikri s\u00f6yl\u0259di:\u00a0\u201cMoskvan\u0131n Da\u011fl\u0131q Qaraba\u011f m\u00fcnaqi\u015f\u0259sinin yax\u0131n zamanlarda h\u0259ll olunaca\u011f\u0131 il\u0259 ba\u011fl\u0131 b\u00f6y\u00fck nikbinliyi yoxdur\u201d. Bu o dem\u0259k idi ki, Suriya, Ukrayna v\u0259 dig\u0259r beyn\u0259lxalq m\u00f6vzularda f\u0259rqli yana\u015fma ortaya qoyan Va\u015finqtonun v\u0259 Moskvan\u0131n Da\u011fl\u0131q Qaraba\u011f m\u00fcnaqi\u015f\u0259sinin h\u0259llin\u0259 bax\u0131\u015flar\u0131 eynidir. H\u0259r ikisi m\u00fcnaqi\u015f\u0259nin h\u0259llinin s\u00fcr\u0259tl\u0259ndirilm\u0259si m\u0259qs\u0259dil\u0259 Erm\u0259nistan hakimiyy\u0259tin\u0259 t\u0259zyiq etm\u0259k ist\u0259rmir.\n<\/p>\n<p>\n  \u0130lham \u018fliyevin Nazirl\u0259r Kabinetinin oktyabr\u0131n 7-d\u0259ki toplant\u0131s\u0131nda Qaraba\u011f m\u00fcnaqi\u015f\u0259si il\u0259 ba\u011fl\u0131 bel\u0259 \u201cqapal\u0131 g\u00f6r\u00fc\u015fl\u0259rd\u0259 bizi Qaraba\u011f\u0131 tan\u0131ma\u011fa m\u0259cbur etm\u0259k ist\u0259yirl\u0259r\u201d c\u00fcml\u0259si\u00a0 c\u0259miyy\u0259td\u0259 v\u0259 siyasi ekspertl\u0259r aras\u0131nda xeyli m\u00fczakir\u0259 olundu.\n<\/p>\n<p>\n  R\u0259smi Bak\u0131 haz\u0131rki m\u0259rh\u0259l\u0259d\u0259 referendum t\u0259klifini q\u0259bul etmir. \u018fsas t\u0259l\u0259b Da\u011fl\u0131q Qaraba\u011f \u0259traf\u0131ndak\u0131 rayonlar\u0131n qeyd-\u015f\u0259rtsiz bo\u015fald\u0131lmas\u0131d\u0131r. Erm\u0259nistan hakimiyy\u0259ti is\u0259 referendum t\u0259minat\u0131 almadan Da\u011fl\u0131q Qaraba\u011f \u0259traf\u0131ndak\u0131 torpaqlar\u0131 bo\u015faltmaq ist\u0259mir.\u00a0\u0130lham \u018fliyev oktyabr\u0131n 17-d\u0259 Rusiyan\u0131n \u201cSputnik\u201d informasiya agentliyin\u0259 geni\u015f m\u00fcsahib\u0259sind\u0259 m\u00fcnaqi\u015f\u0259nin h\u0259lli il\u0259 ba\u011fl\u0131 vacib fikir s\u00f6yl\u0259di:\u00a0\u201cYerli \u00f6z\u00fcn\u00fcidar\u0259\u00e7ilik m\u0259s\u0259l\u0259l\u0259rind\u0259 kompromis m\u00fcmk\u00fcnd\u00fcr. \u018fg\u0259r raz\u0131l\u0131\u011fa g\u0259ls\u0259k, bu \u00f6z\u00fcn\u00fcidar\u0259 Da\u011fl\u0131q Qaraba\u011f Muxtar Respublikas\u0131 \u015f\u0259klind\u0259 ola bil\u0259r\u201d.\n<\/p>\n<p>\n  \u018fg\u0259r Az\u0259rbaycan hakimiyy\u0259ti\u00a0 \u0259vv\u0259lki ill\u0259rd\u0259 g\u00fcz\u0259\u015ft kimi daha \u00e7ox \u201cy\u00fcks\u0259k statusa malik muxtariyy\u0259t\u201d ifad\u0259sini i\u015fl\u0259dirdis\u0259, indi bunun konkret ad\u0131n\u0131 dedi: \u201cM\u00fcxtar R\u00fcspublika\u201d. Muxtar Respublikan\u0131n \u00f6z\u00fcn\u00fcn parlamenti, h\u00f6kum\u0259ti, yerli polis q\u00fcvv\u0259l\u0259ri v\u0259 sair\u0259 atributlar\u0131 olur. Bir \u015f\u0259rtl\u0259 ki, b\u00fct\u00fcn bu strukturlarda Da\u011fl\u0131q Qaraba\u011fa qay\u0131dan az\u0259rbaycanl\u0131lar da i\u015ftirak etsin. \u00c7\u00fcnki, m\u0259s\u0259l\u0259n, \u015eu\u015fan\u0131n \u00f6z\u00fcn\u00fcn d\u0259 yerli icra strukturlar\u0131 olmal\u0131d\u0131r. \u0130lham \u018fliyev m\u00fcsahib\u0259sind\u0259 bel\u0259 bir m\u0259qam\u0131 da vur\u011fulad\u0131 ki, Az\u0259rbaycan Da\u011fl\u0131q Qaraba\u011fda b\u00f6y\u00fck investisiya layih\u0259l\u0259ri realla\u015fd\u0131rma\u011fa haz\u0131rd\u0131r. Haz\u0131rda Da\u011fl\u0131q Qaraba\u011f Erm\u0259nistan\u0131n dotasiyas\u0131ndad\u0131r v\u0259 \u0130r\u0259van b\u00f6lg\u0259y\u0259 \u0259n az\u0131 150 -200 milyon dollar ay\u0131r\u0131r. Bu m\u0259bl\u0259\u011f a\u011f\u0131r iqtisadi v\u0259 sosial v\u0259ziyy\u0259td\u0259 olan Erm\u0259nistan \u00fc\u00e7\u00fcn b\u00f6y\u00fck y\u00fckd\u00fcr. Dem\u0259li, Az\u0259rbaycan\u0131n Da\u011fl\u0131q Qaraba\u011fa y\u00f6n\u0259ld\u0259c\u0259yi investisiyalar h\u0259m Erm\u0259nistan\u0131 maliyy\u0259 y\u00fck\u00fcnd\u0259n qurtaracaq, h\u0259m d\u0259 Da\u011fl\u0131q Qaraba\u011fda birg\u0259 ya\u015fayan erm\u0259nil\u0259rin v\u0259 az\u0259rbaycanl\u0131lar\u0131n sosial v\u0259 iqtisadi probleml\u0259rinin h\u0259llin\u0259 y\u00f6n\u0259ldil\u0259c\u0259k.\n<\/p>\n<p>\n  <img decoding=\"async\" alt=\"Kollektiv T\u0259hl\u00fck\u0259sizlik M\u00fcqavil\u0259si T\u0259\u015fkilat\u0131 foto google.az\" data-src=\"\/images\/cms-image-000029811.jpg\" src=\"data:image\/svg+xml;base64,PHN2ZyB3aWR0aD0iMSIgaGVpZ2h0PSIxIiB4bWxucz0iaHR0cDovL3d3dy53My5vcmcvMjAwMC9zdmciPjwvc3ZnPg==\" class=\"lazyload\" \/>\n<\/p>\n<p>\n  Kollektiv T\u0259hl\u00fck\u0259sizlik M\u00fcqavil\u0259si T\u0259\u015fkilat\u0131n\u0131n\u00a0oktyabr\u0131n 14-d\u0259 \u0130r\u0259vanda ke\u00e7irdiyi toplant\u0131 bu t\u0259\u015fkilat\u0131n f\u0259aliyy\u0259ti tarixind\u0259 \u0259n u\u011fursuzu idi. Qazax\u0131stan prezidenti Nursultan Nazarbayev \u0130r\u0259vandak\u0131 toplant\u0131da i\u015ftirak etm\u0259di v\u0259 rotasiya prinsipi \u00fczr\u0259 t\u0259\u015fkilata Erm\u0259nistan n\u00fcmay\u0259nd\u0259sini ba\u015f katib se\u00e7m\u0259k m\u00fcmk\u00fcn olmad\u0131. Ba\u015f katibin se\u00e7ilm\u0259si t\u0259xir\u0259 sal\u0131nd\u0131. T\u0259\u015fkilat\u0131n dekabr\u0131n 26-da Sankt-Peterburqda ke\u00e7iril\u0259n zirv\u0259 toplant\u0131s\u0131nda da ba\u015f katibi se\u00e7m\u0259k m\u00fcmk\u00fcn olmad\u0131. Bu d\u0259f\u0259 toplant\u0131ya Belarus prezidenti Aleksandr Luka\u015fenko qat\u0131lmad\u0131.\n<\/p>\n<p>\n  Erm\u0259nistan siyas\u0259t\u00e7il\u0259ri v\u0259 eskpertl\u0259ri a\u00e7\u0131q etiraf edirl\u0259r ki, Qazax\u0131stan v\u0259 Belarus t\u0259\u015fkilatda Erm\u0259nistan\u0131n m\u00fctt\u0259fiql\u0259ri say\u0131lsalar da, bu s\u00f6zd\u0259 bel\u0259dir, \u0259m\u0259ld\u0259 is\u0259 h\u0259m Astana, h\u0259m d\u0259 Minsk Az\u0259rbaycan\u0131n real m\u00fctt\u0259fiqidirl\u0259r v\u0259 buna g\u00f6r\u0259 d\u0259 Erm\u0259nistan v\u0259t\u0259nda\u015f\u0131n\u0131n t\u0259\u015fkilata ba\u015f katib se\u00e7ilm\u0259sin\u0259 mane olurlar. B\u0259li, bu bel\u0259dir. \u0130stisna deyil ki, aprel toplant\u0131s\u0131na da Q\u0131r\u011f\u0131z\u0131stan prezident qat\u0131lmas\u0131n v\u0259 ba\u015f katibin se\u00e7ilm\u0259si yen\u0259 l\u0259ngisin.\n<\/p>\n<p>\n  Erm\u0259nistan\u0131n haz\u0131rk\u0131 v\u0259 ke\u00e7mi\u015f 3 v\u0259t\u0259nda\u015f\u0131 &#8211;\u00a0Erm\u0259nistan \u201cMilli Azadl\u0131q H\u0259r\u0259kat\u0131\u201d t\u0259\u015fkilat\u0131n\u0131n r\u0259hb\u0259ri Vaan Martirosyan, yaz\u0131\u00e7\u0131-publisist, ictimai xadim Vahe Avetyan v\u0259\u00a0&#8220;Meridian&#8221; Qeyri-H\u00f6kum\u0259t T\u0259\u015fkilat\u0131n\u0131n s\u0259dr m\u00fcavini, h\u00fcquq m\u00fcdafi\u0259\u00e7isi Suzanna \u00c7aqinyan\u00a0Bak\u0131ya g\u0259l\u0259r\u0259k Qaraba\u011f m\u00f6vzusunda t\u0259\u015fkil olunan konfransda i\u015ftiraklar\u0131 x\u00fcsusi \u0259h\u0259miyy\u0259t\u0259 malik idi.\n<\/p>\n<p>\n  Birincisi,\u00a0h\u0259r \u00fc\u00e7 erm\u0259ni Az\u0259rbaycan\u0131n \u0259razi b\u00fct\u00f6vl\u00fcy\u00fcn\u00fc d\u0259st\u0259kl\u0259diyini dedi. Onlar Da\u011fl\u0131q Qaraba\u011f\u0131n Az\u0259rbaycan t\u0259rkibind\u0259 \u0259n y\u00fcks\u0259k muxtariyyat statusuna raz\u0131 olduqlar\u0131n\u0131 dedil\u0259r.\n<\/p>\n<p>\n  \u0130kincisi,\u00a0Bak\u0131ya g\u0259l\u0259n erm\u0259nil\u0259r Xocal\u0131 soyq\u0131r\u0131m\u0131 abid\u0259sini ziyar\u0259t etdil\u0259r. Bu, Erm\u0259nistan h\u0259rbi hiss\u0259l\u0259rinin yerli separat\u00e7\u0131larla birg\u0259 Az\u0259rbaycan \u0259razisind\u0259 soyq\u0131r\u0131m t\u00f6r\u0259tm\u0259sinin etiraf\u0131 idi.\n<\/p>\n<p>\n  \u00dc\u00e7\u00fcnc\u00fcs\u00fc,\u00a0Bak\u0131dak\u0131 konfransda i\u015ftirak ed\u0259n erm\u0259nil\u0259r prezident Serj S\u0259rkisyan\u0131n Erm\u0259nistan\u0131 u\u00e7uruma apard\u0131qlar\u0131n\u0131 v\u0259 bu \u015f\u0259xsin d\u00f6vl\u0259t ba\u015f\u00e7\u0131s\u0131 oldu\u011fu m\u00fcdd\u0259td\u0259 \u00f6lk\u0259l\u0259rinin v\u0259ziyy\u0259tinin daha da a\u011f\u0131rla\u015faca\u011f\u0131n\u0131 bildirdil\u0259r.\n<\/p>\n<p>\n  Bundan sonra az\u0259rbaycanl\u0131 v\u0259 erm\u0259ni f\u0259allar\u0131n i\u015ftirak\u0131yla\u00a0\u201cS\u00fclh Platformas\u0131\u201d\u00a0t\u0259sis olundu. Erm\u0259nil\u0259rin Bak\u0131ya d\u0259v\u0259t edil\u0259r\u0259k fikirl\u0259rini s\u0259rb\u0259st bildirm\u0259l\u0259ri v\u0259 \u201cs\u00fclh platformas\u0131n\u0131n\u201d yarad\u0131lmas\u0131 Erm\u0259nistan hakimiyy\u0259tinin ill\u0259rdir apard\u0131\u011f\u0131 \u201caz\u0259rbaycanl\u0131lar erm\u0259nil\u0259r\u0259 nifr\u0259t edirl\u0259r, ona g\u00f6r\u0259 d\u0259 iki xalq\u0131n Qaraba\u011fda birg\u0259 ya\u015fay\u0131\u015f\u0131 m\u00fcmk\u00fcn deyil\u201d t\u0259bli\u011fat\u0131n\u0131n effektsiz oldu\u011funu g\u00f6st\u0259rdi. Birg\u0259 ya\u015fay\u0131\u015f m\u00fcmk\u00fcnd\u00fcr, sad\u0259c\u0259 bunun \u00fc\u00e7\u00fcn \u0259dal\u0259tli s\u00fclh laz\u0131md\u0131r.\n<\/p>\n<p>\n  \u0130lham \u018fliyevin noyabr\u0131n 12-d\u0259 c\u0259bh\u0259 b\u00f6lg\u0259sin\u0259 s\u0259f\u0259ri zaman\u0131 aprel d\u00f6y\u00fc\u015fl\u0259ri zaman\u0131 geri al\u0131nan\u00a0L\u0259l\u0259t\u0259p\u0259 y\u00fcks\u0259kliyind\u0259n\u00a0s\u0259sl\u0259ndiridiyi \u0259n yadda qalan mesaj\u0131 bu oldu:\u00a0\u201cErm\u0259nistan r\u0259hb\u0259rliyi ba\u015fqas\u0131n\u0131n g\u00fcc\u00fcn\u0259 g\u00fcv\u0259nm\u0259sin\u201d.\u00a0\u0130lham \u018fliyev b\u00f6y\u00fck ehtimalla bu c\u00fcml\u0259sind\u0259 Rusiya-Erm\u0259nistan h\u0259rbi ittifaq\u0131n\u0131 n\u0259z\u0259rd\u0259 tuturdu. Y\u0259ni d\u00f6vl\u0259t ba\u015f\u00e7\u0131s\u0131 dem\u0259k ist\u0259yirdi ki, Erm\u0259nistan hakimiyy\u0259ti v\u0259 c\u0259miyy\u0259ti el\u0259 bilm\u0259sin ki, Rusiya-Erm\u0259nistan h\u0259rbi itifaq\u0131na v\u0259 ya birg\u0259 h\u0259rbi qo\u015fun birlikl\u0259ri yarad\u0131lmas\u0131na g\u00f6r\u0259 Az\u0259rbaycan i\u015f\u011fal alt\u0131ndak\u0131 torpaqlar\u0131n g\u00fcc yolu il\u0259 h\u0259llin\u0259 ba\u015fvura bilm\u0259z.\n<\/p>\n<p>\n  \u018flb\u0259tt\u0259, Kreml Az\u0259rbaycan\u0131n Erm\u0259nistan \u00fcz\u0259rind\u0259 h\u0259rbi \u00fcst\u00fcnl\u00fck qazanmas\u0131n\u0131 ist\u0259mir. Ancaq oras\u0131 da var ki, Rusiya Da\u011fl\u0131q Qaraba\u011f v\u0259 \u0259traf rayonlar\u0131 Az\u0259rbaycan\u0131n \u0259razisi say\u0131r. Dem\u0259k, Rusiya dig\u0259r \u00f6lk\u0259l\u0259r kimi Az\u0259rbaycan\u0131n bu torpaqlardak\u0131 h\u00fcququnu tan\u0131y\u0131r. Yox, \u0259g\u0259r Rusiya h\u0259rbi birl\u0259\u015fm\u0259l\u0259ri i\u015f\u011fal\u00e7\u0131 il\u0259 birg\u0259 Az\u0259rbaycana qar\u015f\u0131 h\u0259r hans\u0131 t\u0259xribat h\u0259yata ke\u00e7ir\u0259rl\u0259rs\u0259, m\u00fcharib\u0259 total xarakter da\u015f\u0131yacaq ki, bu, he\u00e7 Rusiyan\u0131n da maraqlar\u0131na cavab vermir. \u00c7\u00fcnki C\u0259nubi Qafqazda total m\u00fcharib\u0259 \u015eimali Qafqazda da qeyri-sabitlik yaradacaq. Bundan ba\u015fqa, total m\u00fcharib\u0259 Rusiyan\u0131n Az\u0259rbaycan\u0131n strateji m\u00fctt\u0259fiqi olan T\u00fcrkiy\u0259 il\u0259 m\u00fcnasib\u0259tl\u0259rini yenid\u0259n g\u0259rginl\u0259\u015fdir\u0259c\u0259k ki, indiki \u015f\u0259raitd\u0259, bu, Kreml\u0259 laz\u0131m deyil.\n<\/p>\n<p>\n  Buna baxmayaraq, Da\u011fl\u0131q Qaraba\u011f v\u0259 c\u0259bh\u0259 b\u00f6lg\u0259sind\u0259ki g\u0259rginliyin 2017-ci ild\u0259 d\u0259 davam ed\u0259c\u0259yini proqnozla\u015fd\u0131rmaq m\u00fcmk\u00fcnd\u00fcr.\n<\/p>\n<p>\n  Birinci variant.\u00a0Yay aylar\u0131na yax\u0131n yenid\u0259n c\u0259bh\u0259 b\u00f6lg\u0259sind\u0259ki v\u0259ziyy\u0259t m\u00fcr\u0259kk\u0259bl\u0259\u015fm\u0259sini g\u00f6zl\u0259m\u0259k m\u00fcmk\u00fcnd\u00fcr. H\u0259m Az\u0259rbaycan, h\u0259m d\u0259 Erm\u0259nistan intensiv \u015f\u0259kild\u0259 silahlan\u0131rlar. \u201cBloomberg\u201d agentliyinin m\u0259lumat\u0131nda\u00a0Az\u0259rbaycan\u0131n son 10 il \u0259rzind\u0259 h\u0259rbi b\u00fcdc\u0259si il\u0259 birg\u0259 silah al\u0131\u015f\u0131na 22,7 milyard dollar x\u0259rcl\u0259diyi v\u0259 bunun Avropada rekord g\u00f6st\u0259rici oldu\u011fu bildirildi.\u00a0H\u0259qiq\u0259t\u0259n Az\u0259rbaycan silahlanmaya h\u0259r il milyardlarla dollar x\u0259rcl\u0259m\u0259k m\u0259cburiyy\u0259tind\u0259dir. Bunun \u0259sas s\u0259b\u0259bi Az\u0259rbaycan torpaqlar\u0131n\u0131n i\u015f\u011fal\u0131n\u0131n uzanmas\u0131d\u0131r. Az\u0259rbaycan\u0131n sonuncu b\u00f6y\u00fck h\u0259rbi m\u00fcqavil\u0259si \u0130sraild\u0259n ald\u0131\u011f\u0131 \u201cd\u0259mir g\u00fcnb\u0259z\u201d raketl\u0259rd\u0259n m\u00fcdafi\u0259 kompleksidir.\n<\/p>\n<p>\n  M\u0259s\u0259l\u0259 buras\u0131ndad\u0131r ki, 2016-c\u0131 ild\u0259 aprel sava\u015f\u0131na s\u0259b\u0259b olan amill\u0259r ortadan qald\u0131r\u0131lmay\u0131b:\n<\/p>\n<p>\n  1)Dan\u0131\u015f\u0131qlarda ir\u0259ril\u0259yi\u015f yoxdur (AT\u018fT-\u0259 2017-ci ild\u0259 s\u0259drlik ed\u0259c\u0259k Avstriyan\u0131n priorotetl\u0259ri s\u0131ras\u0131nda Qaraba\u011f\u0131n ad\u0131, \u00fcmumiyy\u0259tl\u0259, \u00e7\u0259kilmir);\n<\/p>\n<p>\n  2)at\u0259\u015fk\u0259s daima pozulur;\n<\/p>\n<p>\n  3)Erm\u0259nistan i\u015f\u011fal alt\u0131ndak\u0131 torpaqlarda h\u0259rbi t\u0259liml\u0259r ke\u00e7irir.\n<\/p>\n<p>\n  2016-c\u0131 ilin bitm\u0259sin\u0259 2 g\u00fcn qalm\u0131\u015f Az\u0259rbaycan-Erm\u0259nistan s\u0259rh\u0259ddind\u0259 &#8211; Qaraba\u011fdan uzaq Tovuz rayonu istiqam\u0259tind\u0259 ba\u015f ver\u0259n silahl\u0131 insident v\u0259 t\u0259r\u0259fl\u0259rin itki verm\u0259si 2017-ci ilin d\u0259 a\u011f\u0131r ke\u00e7\u0259c\u0259yinin v\u0259 lokal toqqu\u015fmalar\u0131n ba\u015f verm\u0259si ehtimal\u0131n\u0131n y\u00fcks\u0259k olaca\u011f\u0131n\u0131n i\u015far\u0259sidir. Bu\u00a0insident h\u0259m d\u0259 ona i\u015far\u0259dir ki, \u0130r\u0259van i\u015f\u011fal alt\u0131ndak\u0131 torpaqlar\u0131 azad etm\u0259y\u0259n\u0259 q\u0259d\u0259r n\u0259niki Da\u011fl\u0131q Qaraba\u011fda h\u0259rb\u00e7il\u0259rini itirm\u0259kd\u0259 davam ed\u0259c\u0259k, Da\u011fl\u0131q Qaraba\u011fdan uzaq \u0259razil\u0259rd\u0259 d\u0259 h\u0259rb\u00e7il\u0259rin\u0131n t\u0259hl\u00fck\u0259sizlik t\u0259minat\u0131 yoxdur.10 milyon \u0259halisi olan Az\u0259rbaycan i\u015f\u011fal fakt\u0131na son qoymaq \u00fc\u00e7\u00fcn c\u0259bh\u0259 b\u00f6lg\u0259sind\u0259ki itkil\u0259r\u0259 haz\u0131rd\u0131r. \u018fhalisi, \u0259sas\u0259n d\u0259, g\u0259ncl\u0259rinin say\u0131 azalan 2 milyonluq Erm\u0259nistan \u00fc\u00e7\u00fcn is\u0259 c\u0259bh\u0259 b\u00f6lg\u0259sind\u0259ki itkil\u0259rin yerini doldurmaq getdikc\u0259 \u00e7\u0259tinl\u0259\u015fir v\u0259 bu erm\u0259ni c\u0259miyy\u0259tind\u0259 naraz\u0131l\u0131q do\u011furur.\n<\/p>\n<p>\n  \u0130kinci variant.\u00a0T\u00fcrkiy\u0259-Rusiya-\u0130ran format\u0131 20 dekabrda Moskvada ilk toplant\u0131s\u0131n\u0131 ke\u00e7irdi. Suriya b\u00f6hran\u0131 ba\u015flayandan bu yana ilk d\u0259f\u0259ydi ki, T\u00fcrkiy\u0259, Rusiya v\u0259 \u0130ran xarici i\u015fl\u0259r v\u0259 m\u00fcdafi\u0259 nazirl\u0259ri bir araya g\u0259l\u0259r\u0259k Suriya probleminin h\u0259lli yollar\u0131n\u0131 birg\u0259 m\u00fczakir\u0259 etdil\u0259r. Rusiya v\u0259 T\u00fcrkiy\u0259, o c\u00fcml\u0259d\u0259n \u0130ran Suriyada m\u00fcnaqi\u015f\u0259nin h\u0259lli m\u0259qs\u0259dil\u0259 \u0259sas t\u0259r\u0259fda\u015flara \u00e7evrilibl\u0259r v\u0259 ortada praktik m\u00fcsb\u0259t n\u0259tic\u0259l\u0259r var. Suriya m\u0259s\u0259l\u0259sind\u0259 AB\u015e-\u0131n oyundank\u0259nar v\u0259ziyy\u0259td\u0259 qalmas\u0131\u00a0 T\u00fcrkiy\u0259-Rusiya-\u0130ran \u00fc\u00e7l\u00fcy\u00fcn\u00fcn maraqlar\u0131na cavab verir. H\u0259r \u00fc\u00e7 d\u00f6vl\u0259t Suriyan\u0131n \u0259razi b\u00fct\u00f6vl\u00fcy\u00fcn\u00fc d\u0259st\u0259kl\u0259yir, b\u00f6lg\u0259d\u0259 k\u00fcrd d\u00f6vl\u0259tinin yarad\u0131lmas\u0131n\u0131 ist\u0259mir v\u0259\u00a0 beyn\u0259lxalq terror\u00e7ulara qar\u015f\u0131 birg\u0259 m\u00fcbazir\u0259 aparacaqlar\u0131n\u0131 elan edibl\u0259r.\n<\/p>\n<p>\n  Bu \u00fc\u00e7l\u00fc format\u0131n 2017-ci ild\u0259 Az\u0259rbaycanla Erm\u0259nistan\u0131 bar\u0131\u015fd\u0131rmaq \u00fc\u00e7\u00fcn Da\u011fl\u0131q Qaraba\u011f m\u00fcnaqi\u015f\u0259sinin h\u0259llind\u0259 d\u0259 f\u0259alla\u015fmas\u0131 (bir \u015f\u0259rtl\u0259 ki, Suriyada at\u0259\u015fk\u0259s uzun\u00f6m\u00fcrl\u00fc olsun) ehtimal\u0131 var. T\u00fcrkiy\u0259li r\u0259smil\u0259r rusiyal\u0131 h\u0259mkarlar\u0131 il\u0259 Qaraba\u011f m\u00fcnaqi\u015f\u0259sinin h\u0259lli vacibliyind\u0259n d\u0259 dan\u0131\u015f\u0131r v\u0259 Kreml \u0259vv\u0259lki ill\u0259rd\u0259n f\u0259rqli olaraq Ankaran\u0131n C\u0259nubi Qafqazdak\u0131 maraqlar\u0131n\u0131 n\u0259z\u0259r\u0259 alma\u011fa ba\u015flay\u0131b. Yeni format\u0131n Da\u011fl\u0131q Qaraba\u011f m\u00fcnaqi\u015f\u0259sinin h\u0259llind\u0259 \u0259n b\u00f6y\u00fck u\u011furu \u201cm\u0259rh\u0259l\u0259li h\u0259ll\u201d plan\u0131n\u0131 Erm\u0259nistan hakimiyy\u0259tin\u0259 q\u0259bul etdirm\u0259si ola bil\u0259r. Bunun qar\u015f\u0131l\u0131\u011f\u0131nda is\u0259 Az\u0259rbaycan v\u0259 T\u00fcrkiy\u0259 Erm\u0259nistanla m\u00fcnasib\u0259tl\u0259ri normalla\u015fd\u0131racaqlar\u0131n\u0131, regional layih\u0259l\u0259rd\u0259 Erm\u0259nistan\u0131n i\u015ftirak\u0131na \u015f\u0259rait yaradacaqlar\u0131n\u0131 v\u0259d ed\u0259 bil\u0259rl\u0259r. Ancaq at\u0131lacaq add\u0131mlar Rusiya v\u0259 \u0130ran\u0131n da regional maraqlar\u0131na cavab verm\u0259lidir ki, h\u0259m Moskva, h\u0259m d\u0259 Tehran Erm\u0259nistan hakimiyy\u0259tini \u201cm\u0259rh\u0259l\u0259li h\u0259ll\u201d plan\u0131na m\u0259cbur etsinl\u0259r. Moskva v\u0259 Tehran\u0131n regional maraqlar\u0131 t\u0259min olunmadan h\u0259r iki d\u00f6vl\u0259tin Az\u0259rbaycan torpaqlar\u0131n\u0131n i\u015f\u011faldan azad edilm\u0259sind\u0259 maraqlar\u0131 olmayacaq.\n<\/p>\n<p>\n  Bu arada, Erm\u0259nistan\u0131n \u00f6z\u00fcnd\u0259 \u201cm\u0259rh\u0259l\u0259li plan\u0131\u201d \u0259traf\u0131nda m\u00fczakir\u0259l\u0259r geni\u015fl\u0259nib. Erm\u0259nistan\u0131n eks-prezident Levon Ter-Petrosyan\u0131n 17 dekabrda lideri oldu\u011fu Erm\u0259nistan Milli Konqresinin qurultay\u0131ndak\u0131 \u00e7\u0131x\u0131\u015f\u0131 da bundan x\u0259b\u0259r verir. \u00a0\u201c\u00d6t\u0259n 18 ild\u0259 v\u0259ziyy\u0259t daha da a\u011f\u0131rla\u015f\u0131b\u201d dey\u0259n Levon Ter-Petrosyan hakimiyy\u0259ti \u201cm\u0259rh\u0259l\u0259li h\u0259ll\u201d plan\u0131na raz\u0131la\u015fma\u011fa \u00e7a\u011f\u0131r\u0131b.\n<\/p>\n<p>\n  Erm\u0259nistan s\u00fcr\u0259tl\u0259 kas\u0131bla\u015f\u0131r, \u00f6lk\u0259 \u0259halisi, o c\u00fcml\u0259d\u0259n Da\u011fl\u0131q Qaraba\u011f s\u0259fal\u0259t i\u00e7ind\u0259dir, erm\u0259ni g\u0259ncl\u0259r Da\u011fl\u0131q Qaraba\u011f u\u011frunda \u00f6lm\u0259k ist\u0259mirl\u0259r. Bu v\u0259ziyy\u0259td\u0259n yegan\u0259 \u00e7\u0131x\u0131\u015f yolu Erm\u0259nistan\u0131n Az\u0259rbaycan v\u0259 T\u00fcrkiy\u0259 il\u0259 bar\u0131\u015fmas\u0131d\u0131r. Ancaq 2017-ci ild\u0259 hadis\u0259l\u0259rin m\u0259hz bu istiqam\u0259td\u0259 c\u0259r\u0259yan ed\u0259c\u0259yini s\u00f6yl\u0259m\u0259k \u00e7\u0259tindir. \u00c7\u00fcnki apreld\u0259 Erm\u0259nistanda parlament se\u00e7kisi ke\u00e7iril\u0259c\u0259k v\u0259 indiki hakimiyy\u0259t \u0259lind\u0259n g\u0259l\u0259n h\u0259r \u015feyi ed\u0259c\u0259k ki, s\u0259lahiyy\u0259ti art\u0131r\u0131lan parlamenti v\u0259 h\u00f6kum\u0259ti n\u0259zar\u0259ti alt\u0131nda saxlas\u0131n. N\u0259 vaxta q\u0259d\u0259r ki, Erm\u0259nistana Da\u011fl\u0131q Qaraba\u011fda separatizmi ba\u015fladan insanlar r\u0259hb\u0259rlik ed\u0259c\u0259kl\u0259r, b\u00f6lg\u0259d\u0259 s\u00fclh m\u00fcmk\u00fcn olmayacaq.\n<\/p>\n<p>\n  \u201cAtlas\u201d Ara\u015fd\u0131rmalar M\u0259rk\u0259zi<\/p>\n","protected":false},"excerpt":{"rendered":"<p>\u201cAtlas\u201d Ara\u015fd\u0131rmalar M\u0259rk\u0259zinin\u00a02015-ci ilin sonunda ke\u00e7irdiyi sor\u011fuda respondentl\u0259rin \u0259ks\u0259riyy\u0259ti m\u00fcharib\u0259nin &#8230; <\/p>\n<p class=\"read-more-container\"><a title=\"Da\u011fl\u0131q Qaraba\u011f: 2016-ci ilin yekunlar\u0131 v\u0259 2017-c\u0131 ild\u0259ki perspektivl\u0259r\" class=\"read-more button\" href=\"https:\/\/www.meydan.tv\/az\/article\/dagliq-qarabag-2016-ci-ilin-yekunlari-ve-2017-ci-ildeki-perspektivler\/#more-181695\" aria-label=\"Read more about Da\u011fl\u0131q Qaraba\u011f: 2016-ci ilin yekunlar\u0131 v\u0259 2017-c\u0131 ild\u0259ki perspektivl\u0259r\">Davam\u0131<\/a><\/p>\n","protected":false},"author":11,"featured_media":76934,"comment_status":"closed","ping_status":"open","sticky":false,"template":"","format":"standard","meta":{"_acf_changed":false,"_sitemap_exclude":false,"_sitemap_priority":"","_sitemap_frequency":"","footnotes":""},"categories":[51],"tags":[],"class_list":["post-181695","post","type-post","status-publish","format-standard","has-post-thumbnail","hentry","category-analitika","infinite-scroll-item","generate-columns","tablet-grid-50","mobile-grid-100","grid-parent","grid-33","no-featured-image-padding"],"acf":[],"yoast_head":"<!-- This site is optimized with the Yoast SEO plugin v27.5 - https:\/\/yoast.com\/product\/yoast-seo-wordpress\/ -->\n<title>Da\u011fl\u0131q Qaraba\u011f: 2016-ci ilin yekunlar\u0131 v\u0259 2017-c\u0131 ild\u0259ki perspektivl\u0259r - MEYDAN.TV<\/title>\n<meta name=\"robots\" content=\"index, follow, max-snippet:-1, max-image-preview:large, max-video-preview:-1\" \/>\n<link rel=\"canonical\" href=\"https:\/\/www.meydan.tv\/az\/article\/dagliq-qarabag-2016-ci-ilin-yekunlari-ve-2017-ci-ildeki-perspektivler\/\" \/>\n<meta property=\"og:locale\" content=\"az_AZ\" \/>\n<meta property=\"og:type\" content=\"article\" \/>\n<meta property=\"og:title\" content=\"Da\u011fl\u0131q Qaraba\u011f: 2016-ci ilin yekunlar\u0131 v\u0259 2017-c\u0131 ild\u0259ki perspektivl\u0259r - MEYDAN.TV\" \/>\n<meta property=\"og:description\" content=\"\u201cAtlas\u201d Ara\u015fd\u0131rmalar M\u0259rk\u0259zinin\u00a02015-ci ilin sonunda ke\u00e7irdiyi sor\u011fuda respondentl\u0259rin \u0259ks\u0259riyy\u0259ti m\u00fcharib\u0259nin ... Davam\u0131\" \/>\n<meta property=\"og:url\" content=\"https:\/\/www.meydan.tv\/az\/article\/dagliq-qarabag-2016-ci-ilin-yekunlari-ve-2017-ci-ildeki-perspektivler\/\" \/>\n<meta property=\"og:site_name\" content=\"MEYDAN.TV\" \/>\n<meta property=\"article:published_time\" content=\"2017-01-06T15:12:26+00:00\" \/>\n<meta property=\"og:image\" content=\"https:\/\/www.meydan.tv\/wp-content\/uploads\/29809.jpg\" \/>\n\t<meta property=\"og:image:width\" content=\"584\" \/>\n\t<meta property=\"og:image:height\" content=\"500\" \/>\n\t<meta property=\"og:image:type\" content=\"image\/jpeg\" \/>\n<meta name=\"author\" content=\"user-manager\" \/>\n<meta name=\"twitter:card\" content=\"summary_large_image\" \/>\n<script type=\"application\/ld+json\" class=\"yoast-schema-graph\">{\"@context\":\"https:\\\/\\\/schema.org\",\"@graph\":[{\"@type\":\"Article\",\"@id\":\"https:\\\/\\\/www.meydan.tv\\\/az\\\/article\\\/dagliq-qarabag-2016-ci-ilin-yekunlari-ve-2017-ci-ildeki-perspektivler\\\/#article\",\"isPartOf\":{\"@id\":\"https:\\\/\\\/www.meydan.tv\\\/az\\\/article\\\/dagliq-qarabag-2016-ci-ilin-yekunlari-ve-2017-ci-ildeki-perspektivler\\\/\"},\"author\":{\"name\":\"user-manager\",\"@id\":\"https:\\\/\\\/www.meydan.tv\\\/az\\\/#\\\/schema\\\/person\\\/10d11eccf6da3662cf5fdab9806ea91a\"},\"headline\":\"Da\u011fl\u0131q Qaraba\u011f: 2016-ci ilin yekunlar\u0131 v\u0259 2017-c\u0131 ild\u0259ki perspektivl\u0259r\",\"datePublished\":\"2017-01-06T15:12:26+00:00\",\"mainEntityOfPage\":{\"@id\":\"https:\\\/\\\/www.meydan.tv\\\/az\\\/article\\\/dagliq-qarabag-2016-ci-ilin-yekunlari-ve-2017-ci-ildeki-perspektivler\\\/\"},\"wordCount\":4463,\"publisher\":{\"@id\":\"https:\\\/\\\/www.meydan.tv\\\/az\\\/#organization\"},\"image\":{\"@id\":\"https:\\\/\\\/www.meydan.tv\\\/az\\\/article\\\/dagliq-qarabag-2016-ci-ilin-yekunlari-ve-2017-ci-ildeki-perspektivler\\\/#primaryimage\"},\"thumbnailUrl\":\"https:\\\/\\\/www.meydan.tv\\\/wp-content\\\/uploads\\\/29809.jpg\",\"articleSection\":[\"Analitika\"],\"inLanguage\":\"az\"},{\"@type\":\"WebPage\",\"@id\":\"https:\\\/\\\/www.meydan.tv\\\/az\\\/article\\\/dagliq-qarabag-2016-ci-ilin-yekunlari-ve-2017-ci-ildeki-perspektivler\\\/\",\"url\":\"https:\\\/\\\/www.meydan.tv\\\/az\\\/article\\\/dagliq-qarabag-2016-ci-ilin-yekunlari-ve-2017-ci-ildeki-perspektivler\\\/\",\"name\":\"Da\u011fl\u0131q Qaraba\u011f: 2016-ci ilin yekunlar\u0131 v\u0259 2017-c\u0131 ild\u0259ki perspektivl\u0259r - MEYDAN.TV\",\"isPartOf\":{\"@id\":\"https:\\\/\\\/www.meydan.tv\\\/az\\\/#website\"},\"primaryImageOfPage\":{\"@id\":\"https:\\\/\\\/www.meydan.tv\\\/az\\\/article\\\/dagliq-qarabag-2016-ci-ilin-yekunlari-ve-2017-ci-ildeki-perspektivler\\\/#primaryimage\"},\"image\":{\"@id\":\"https:\\\/\\\/www.meydan.tv\\\/az\\\/article\\\/dagliq-qarabag-2016-ci-ilin-yekunlari-ve-2017-ci-ildeki-perspektivler\\\/#primaryimage\"},\"thumbnailUrl\":\"https:\\\/\\\/www.meydan.tv\\\/wp-content\\\/uploads\\\/29809.jpg\",\"datePublished\":\"2017-01-06T15:12:26+00:00\",\"breadcrumb\":{\"@id\":\"https:\\\/\\\/www.meydan.tv\\\/az\\\/article\\\/dagliq-qarabag-2016-ci-ilin-yekunlari-ve-2017-ci-ildeki-perspektivler\\\/#breadcrumb\"},\"inLanguage\":\"az\",\"potentialAction\":[{\"@type\":\"ReadAction\",\"target\":[\"https:\\\/\\\/www.meydan.tv\\\/az\\\/article\\\/dagliq-qarabag-2016-ci-ilin-yekunlari-ve-2017-ci-ildeki-perspektivler\\\/\"]}]},{\"@type\":\"ImageObject\",\"inLanguage\":\"az\",\"@id\":\"https:\\\/\\\/www.meydan.tv\\\/az\\\/article\\\/dagliq-qarabag-2016-ci-ilin-yekunlari-ve-2017-ci-ildeki-perspektivler\\\/#primaryimage\",\"url\":\"https:\\\/\\\/www.meydan.tv\\\/wp-content\\\/uploads\\\/29809.jpg\",\"contentUrl\":\"https:\\\/\\\/www.meydan.tv\\\/wp-content\\\/uploads\\\/29809.jpg\",\"width\":584,\"height\":500,\"caption\":\"Source:\"},{\"@type\":\"BreadcrumbList\",\"@id\":\"https:\\\/\\\/www.meydan.tv\\\/az\\\/article\\\/dagliq-qarabag-2016-ci-ilin-yekunlari-ve-2017-ci-ildeki-perspektivler\\\/#breadcrumb\",\"itemListElement\":[{\"@type\":\"ListItem\",\"position\":1,\"name\":\"Ana s\u0259hif\u0259\",\"item\":\"https:\\\/\\\/www.meydan.tv\\\/az\\\/\"},{\"@type\":\"ListItem\",\"position\":2,\"name\":\"Analitika\",\"item\":\"https:\\\/\\\/www.meydan.tv\\\/az\\\/section\\\/analitika\\\/\"},{\"@type\":\"ListItem\",\"position\":3,\"name\":\"Da\u011fl\u0131q Qaraba\u011f: 2016-ci ilin yekunlar\u0131 v\u0259 2017-c\u0131 ild\u0259ki perspektivl\u0259r\"}]},{\"@type\":\"WebSite\",\"@id\":\"https:\\\/\\\/www.meydan.tv\\\/az\\\/#website\",\"url\":\"https:\\\/\\\/www.meydan.tv\\\/az\\\/\",\"name\":\"MEYDAN.TV\",\"description\":\"Meydan TV Az\u0259rbaycan\u0131n media m\u0259kan\u0131ndak\u0131 alternativ s\u0259sidir\",\"publisher\":{\"@id\":\"https:\\\/\\\/www.meydan.tv\\\/az\\\/#organization\"},\"potentialAction\":[{\"@type\":\"SearchAction\",\"target\":{\"@type\":\"EntryPoint\",\"urlTemplate\":\"https:\\\/\\\/www.meydan.tv\\\/az\\\/?s={search_term_string}\"},\"query-input\":{\"@type\":\"PropertyValueSpecification\",\"valueRequired\":true,\"valueName\":\"search_term_string\"}}],\"inLanguage\":\"az\"},{\"@type\":\"Organization\",\"@id\":\"https:\\\/\\\/www.meydan.tv\\\/az\\\/#organization\",\"name\":\"Meydan TV\",\"url\":\"https:\\\/\\\/www.meydan.tv\\\/az\\\/\",\"logo\":{\"@type\":\"ImageObject\",\"inLanguage\":\"az\",\"@id\":\"https:\\\/\\\/www.meydan.tv\\\/az\\\/#\\\/schema\\\/logo\\\/image\\\/\",\"url\":\"https:\\\/\\\/www.meydan.tv\\\/wp-content\\\/uploads\\\/2021\\\/07\\\/meydan-logo.svg\",\"contentUrl\":\"https:\\\/\\\/www.meydan.tv\\\/wp-content\\\/uploads\\\/2021\\\/07\\\/meydan-logo.svg\",\"width\":195,\"height\":46,\"caption\":\"Meydan TV\"},\"image\":{\"@id\":\"https:\\\/\\\/www.meydan.tv\\\/az\\\/#\\\/schema\\\/logo\\\/image\\\/\"}},{\"@type\":\"Person\",\"@id\":\"https:\\\/\\\/www.meydan.tv\\\/az\\\/#\\\/schema\\\/person\\\/10d11eccf6da3662cf5fdab9806ea91a\",\"name\":\"user-manager\"}]}<\/script>\n<!-- \/ Yoast SEO plugin. -->","yoast_head_json":{"title":"Da\u011fl\u0131q Qaraba\u011f: 2016-ci ilin yekunlar\u0131 v\u0259 2017-c\u0131 ild\u0259ki perspektivl\u0259r - MEYDAN.TV","robots":{"index":"index","follow":"follow","max-snippet":"max-snippet:-1","max-image-preview":"max-image-preview:large","max-video-preview":"max-video-preview:-1"},"canonical":"https:\/\/www.meydan.tv\/az\/article\/dagliq-qarabag-2016-ci-ilin-yekunlari-ve-2017-ci-ildeki-perspektivler\/","og_locale":"az_AZ","og_type":"article","og_title":"Da\u011fl\u0131q Qaraba\u011f: 2016-ci ilin yekunlar\u0131 v\u0259 2017-c\u0131 ild\u0259ki perspektivl\u0259r - MEYDAN.TV","og_description":"\u201cAtlas\u201d Ara\u015fd\u0131rmalar M\u0259rk\u0259zinin\u00a02015-ci ilin sonunda ke\u00e7irdiyi sor\u011fuda respondentl\u0259rin \u0259ks\u0259riyy\u0259ti m\u00fcharib\u0259nin ... Davam\u0131","og_url":"https:\/\/www.meydan.tv\/az\/article\/dagliq-qarabag-2016-ci-ilin-yekunlari-ve-2017-ci-ildeki-perspektivler\/","og_site_name":"MEYDAN.TV","article_published_time":"2017-01-06T15:12:26+00:00","og_image":[{"width":584,"height":500,"url":"https:\/\/www.meydan.tv\/wp-content\/uploads\/29809.jpg","type":"image\/jpeg"}],"author":"user-manager","twitter_card":"summary_large_image","schema":{"@context":"https:\/\/schema.org","@graph":[{"@type":"Article","@id":"https:\/\/www.meydan.tv\/az\/article\/dagliq-qarabag-2016-ci-ilin-yekunlari-ve-2017-ci-ildeki-perspektivler\/#article","isPartOf":{"@id":"https:\/\/www.meydan.tv\/az\/article\/dagliq-qarabag-2016-ci-ilin-yekunlari-ve-2017-ci-ildeki-perspektivler\/"},"author":{"name":"user-manager","@id":"https:\/\/www.meydan.tv\/az\/#\/schema\/person\/10d11eccf6da3662cf5fdab9806ea91a"},"headline":"Da\u011fl\u0131q Qaraba\u011f: 2016-ci ilin yekunlar\u0131 v\u0259 2017-c\u0131 ild\u0259ki perspektivl\u0259r","datePublished":"2017-01-06T15:12:26+00:00","mainEntityOfPage":{"@id":"https:\/\/www.meydan.tv\/az\/article\/dagliq-qarabag-2016-ci-ilin-yekunlari-ve-2017-ci-ildeki-perspektivler\/"},"wordCount":4463,"publisher":{"@id":"https:\/\/www.meydan.tv\/az\/#organization"},"image":{"@id":"https:\/\/www.meydan.tv\/az\/article\/dagliq-qarabag-2016-ci-ilin-yekunlari-ve-2017-ci-ildeki-perspektivler\/#primaryimage"},"thumbnailUrl":"https:\/\/www.meydan.tv\/wp-content\/uploads\/29809.jpg","articleSection":["Analitika"],"inLanguage":"az"},{"@type":"WebPage","@id":"https:\/\/www.meydan.tv\/az\/article\/dagliq-qarabag-2016-ci-ilin-yekunlari-ve-2017-ci-ildeki-perspektivler\/","url":"https:\/\/www.meydan.tv\/az\/article\/dagliq-qarabag-2016-ci-ilin-yekunlari-ve-2017-ci-ildeki-perspektivler\/","name":"Da\u011fl\u0131q Qaraba\u011f: 2016-ci ilin yekunlar\u0131 v\u0259 2017-c\u0131 ild\u0259ki perspektivl\u0259r - MEYDAN.TV","isPartOf":{"@id":"https:\/\/www.meydan.tv\/az\/#website"},"primaryImageOfPage":{"@id":"https:\/\/www.meydan.tv\/az\/article\/dagliq-qarabag-2016-ci-ilin-yekunlari-ve-2017-ci-ildeki-perspektivler\/#primaryimage"},"image":{"@id":"https:\/\/www.meydan.tv\/az\/article\/dagliq-qarabag-2016-ci-ilin-yekunlari-ve-2017-ci-ildeki-perspektivler\/#primaryimage"},"thumbnailUrl":"https:\/\/www.meydan.tv\/wp-content\/uploads\/29809.jpg","datePublished":"2017-01-06T15:12:26+00:00","breadcrumb":{"@id":"https:\/\/www.meydan.tv\/az\/article\/dagliq-qarabag-2016-ci-ilin-yekunlari-ve-2017-ci-ildeki-perspektivler\/#breadcrumb"},"inLanguage":"az","potentialAction":[{"@type":"ReadAction","target":["https:\/\/www.meydan.tv\/az\/article\/dagliq-qarabag-2016-ci-ilin-yekunlari-ve-2017-ci-ildeki-perspektivler\/"]}]},{"@type":"ImageObject","inLanguage":"az","@id":"https:\/\/www.meydan.tv\/az\/article\/dagliq-qarabag-2016-ci-ilin-yekunlari-ve-2017-ci-ildeki-perspektivler\/#primaryimage","url":"https:\/\/www.meydan.tv\/wp-content\/uploads\/29809.jpg","contentUrl":"https:\/\/www.meydan.tv\/wp-content\/uploads\/29809.jpg","width":584,"height":500,"caption":"Source:"},{"@type":"BreadcrumbList","@id":"https:\/\/www.meydan.tv\/az\/article\/dagliq-qarabag-2016-ci-ilin-yekunlari-ve-2017-ci-ildeki-perspektivler\/#breadcrumb","itemListElement":[{"@type":"ListItem","position":1,"name":"Ana s\u0259hif\u0259","item":"https:\/\/www.meydan.tv\/az\/"},{"@type":"ListItem","position":2,"name":"Analitika","item":"https:\/\/www.meydan.tv\/az\/section\/analitika\/"},{"@type":"ListItem","position":3,"name":"Da\u011fl\u0131q Qaraba\u011f: 2016-ci ilin yekunlar\u0131 v\u0259 2017-c\u0131 ild\u0259ki perspektivl\u0259r"}]},{"@type":"WebSite","@id":"https:\/\/www.meydan.tv\/az\/#website","url":"https:\/\/www.meydan.tv\/az\/","name":"MEYDAN.TV","description":"Meydan TV Az\u0259rbaycan\u0131n media m\u0259kan\u0131ndak\u0131 alternativ s\u0259sidir","publisher":{"@id":"https:\/\/www.meydan.tv\/az\/#organization"},"potentialAction":[{"@type":"SearchAction","target":{"@type":"EntryPoint","urlTemplate":"https:\/\/www.meydan.tv\/az\/?s={search_term_string}"},"query-input":{"@type":"PropertyValueSpecification","valueRequired":true,"valueName":"search_term_string"}}],"inLanguage":"az"},{"@type":"Organization","@id":"https:\/\/www.meydan.tv\/az\/#organization","name":"Meydan TV","url":"https:\/\/www.meydan.tv\/az\/","logo":{"@type":"ImageObject","inLanguage":"az","@id":"https:\/\/www.meydan.tv\/az\/#\/schema\/logo\/image\/","url":"https:\/\/www.meydan.tv\/wp-content\/uploads\/2021\/07\/meydan-logo.svg","contentUrl":"https:\/\/www.meydan.tv\/wp-content\/uploads\/2021\/07\/meydan-logo.svg","width":195,"height":46,"caption":"Meydan TV"},"image":{"@id":"https:\/\/www.meydan.tv\/az\/#\/schema\/logo\/image\/"}},{"@type":"Person","@id":"https:\/\/www.meydan.tv\/az\/#\/schema\/person\/10d11eccf6da3662cf5fdab9806ea91a","name":"user-manager"}]}},"_links":{"self":[{"href":"https:\/\/www.meydan.tv\/az\/wp-json\/wp\/v2\/posts\/181695","targetHints":{"allow":["GET"]}}],"collection":[{"href":"https:\/\/www.meydan.tv\/az\/wp-json\/wp\/v2\/posts"}],"about":[{"href":"https:\/\/www.meydan.tv\/az\/wp-json\/wp\/v2\/types\/post"}],"author":[{"embeddable":true,"href":"https:\/\/www.meydan.tv\/az\/wp-json\/wp\/v2\/users\/11"}],"replies":[{"embeddable":true,"href":"https:\/\/www.meydan.tv\/az\/wp-json\/wp\/v2\/comments?post=181695"}],"version-history":[{"count":0,"href":"https:\/\/www.meydan.tv\/az\/wp-json\/wp\/v2\/posts\/181695\/revisions"}],"wp:featuredmedia":[{"embeddable":true,"href":"https:\/\/www.meydan.tv\/az\/wp-json\/wp\/v2\/media\/76934"}],"wp:attachment":[{"href":"https:\/\/www.meydan.tv\/az\/wp-json\/wp\/v2\/media?parent=181695"}],"wp:term":[{"taxonomy":"category","embeddable":true,"href":"https:\/\/www.meydan.tv\/az\/wp-json\/wp\/v2\/categories?post=181695"},{"taxonomy":"post_tag","embeddable":true,"href":"https:\/\/www.meydan.tv\/az\/wp-json\/wp\/v2\/tags?post=181695"}],"curies":[{"name":"wp","href":"https:\/\/api.w.org\/{rel}","templated":true}]}}