{"id":181676,"date":"2017-01-05T17:31:38","date_gmt":"2017-01-05T17:31:38","guid":{"rendered":"https:\/\/www.meydan.tv\/article\/sahibkarligin-yol-xeritesi-iii-yazi\/"},"modified":"2017-01-05T17:31:38","modified_gmt":"2017-01-05T17:31:38","slug":"sahibkarligin-yol-xeritesi-iii-yazi","status":"publish","type":"post","link":"https:\/\/www.meydan.tv\/az\/article\/sahibkarligin-yol-xeritesi-iii-yazi\/","title":{"rendered":"Sahibkarl\u0131\u011f\u0131n yol x\u0259rit\u0259si (III yaz\u0131)"},"content":{"rendered":"<figure class=\"wp-block-image size-large\">\n  <img decoding=\"async\" src=\"https:\/\/www.meydan.tv\/az\/63751\/\" alt=\"\" class=\"wp-image-63751\"\/><figcaption><\/figcaption><\/figure>\n<p>\n  <i><br \/>\n    B\u0259zil\u0259ri h\u0259l\u0259 d\u0259 ba\u015fa d\u00fc\u015fm\u0259yib ki, sahibkara mane olan d\u00f6vl\u0259t qurumlar\u0131 az olsa, kifay\u0259tdir<br \/>\n  <\/i>\n<\/p>\n<p>\n  Prezidentin 6 dekabr tarixli F\u0259rman\u0131 il\u0259 t\u0259sdiq edilmi\u015f 12 strateji x\u0259rit\u0259d\u0259n biri \u201cAz\u0259rbaycan Respublikas\u0131nda ki\u00e7ik v\u0259 orta sahibkarl\u0131q s\u0259viyy\u0259sind\u0259 istehlak mallar\u0131n\u0131n istehsal\u0131na dair Strateji Yol X\u0259rit\u0259si\u201ddir. Bu X\u0259rit\u0259d\u0259ki h\u00fcquqi bisavadl\u0131q m\u0259s\u0259l\u0259sin\u0259 \u0259vv\u0259l toxunmu\u015fdum. \u0130ndi is\u0259 b\u00fct\u00f6vl\u00fckd\u0259 bu X\u0259rit\u0259y\u0259 dair r\u0259yimi t\u0259qdim edir\u0259m.<br \/>\n  <br \/>\n  \u018fvv\u0259la, onu deyim ki, X\u0259rit\u0259nin ad\u0131 il\u0259 m\u0259zmunu \u00fcst-\u00fcst\u0259 d\u00fc\u015fm\u00fcr. O m\u0259nada ki, X\u0259rit\u0259d\u0259 b\u00fct\u00f6vl\u00fckd\u0259 ki\u00e7ik v\u0259 orta sahibkarl\u0131\u011f\u0131n (KOS) inki\u015faf\u0131ndan b\u0259hs edilir. Y\u0259ni s\u00f6hb\u0259t s\u0131rf \u201cistehlak mallar\u0131n\u0131n istehsal\u0131n\u201ddan getmir. \u018fslind\u0259, el\u0259 bel\u0259 d\u0259 olmal\u0131d\u0131r, y\u0259ni h\u0259d\u0259f b\u00fct\u00f6vl\u00fckd\u0259 sahibkarl\u0131\u011fa \u015f\u0259raitin yarad\u0131lmas\u0131d\u0131r. \u0130stehlak mallar\u0131n\u0131n istehsal\u0131 is\u0259 art\u0131q bunun t\u0259rkib hiss\u0259l\u0259rind\u0259n biridir. N\u0259 is\u0259, bu, texniki m\u0259s\u0259l\u0259dir. H\u00fcquqi v\u0259 t\u0259rc\u00fcm\u0259 s\u0259hvl\u0259ri fonunda ad bo\u015f \u015feydir&#8230;\n<\/p>\n<p>\n  X\u0259rit\u0259d\u0259 KOS sah\u0259sind\u0259ki probleml\u0259r etiraf olunur, statistik m\u0259lumatlar a\u00e7\u0131qlan\u0131r. Xarici \u00f6lk\u0259l\u0259rl\u0259 m\u00fcqayis\u0259 apar\u0131l\u0131r v\u0259 bizd\u0259ki v\u0259ziyy\u0259tin \u00fcr\u0259ka\u00e7an olmad\u0131\u011f\u0131 vur\u011fulan\u0131r. Problemin etiraf\u0131 da az i\u015f deyil bizim \u015f\u0259raitd\u0259. M\u0259rhaba!\n<\/p>\n<p>\n  D\u00fczd\u00fcr, X\u0259rit\u0259 m\u00fc\u0259llifl\u0259ri probleml\u0259ri \u00f6z\u00fcn\u0259m\u0259xsus m\u0259murcas\u0131na ba\u015fa d\u00fc\u015f\u00fcr. M\u0259s\u0259l\u0259n, 12-ci s\u0259hif\u0259d\u0259 milli sahibkarl\u0131\u011f\u0131n z\u0259if t\u0259r\u0259fl\u0259rind\u0259n biri kimi bu g\u00f6st\u0259rilir: \u201cKOS subyektl\u0259rin\u0259 d\u0259st\u0259k g\u00f6st\u0259r\u0259n d\u00f6vl\u0259t orqanlar\u0131n\u0131n v\u0259 x\u00fcsusi institutlar\u0131n say\u0131n\u0131n m\u0259hdud olmas\u0131\u201d. B\u0259zil\u0259ri h\u0259l\u0259 d\u0259 ba\u015fa d\u00fc\u015fm\u0259yib ki, sahibkara mane olan d\u00f6vl\u0259t qurumlar\u0131 az olsa, kifay\u0259tdir, d\u0259st\u0259kver\u0259n\u0259 ehtiyac yoxdur, \u00e7\u00fcnki n\u0259tic\u0259d\u0259 h\u0259r bel\u0259 d\u0259st\u0259kver\u0259n mane olana \u00e7evrilir. \u018flav\u0259 d\u00f6vl\u0259t qurumlar\u0131 yarad\u0131b yeni m\u0259mur ordusu yaratma\u011fa, sahibkarladan al\u0131b onlara yedizdirm\u0259y\u0259 n\u0259 l\u00fczum var ax\u0131?!\n<\/p>\n<p>\n  Dig\u0259r t\u0259r\u0259fd\u0259n is\u0259 X\u0259rit\u0259d\u0259 qeyd olunur ki, guya bu sah\u0259d\u0259 b\u0259zi m\u00fcsb\u0259t add\u0131mlar art\u0131q at\u0131l\u0131b. M\u0259s\u0259l\u0259n, \u201cSahibkarl\u0131q sah\u0259sind\u0259 apar\u0131lan yoxlamalar\u0131n t\u0259nziml\u0259nm\u0259si v\u0259 sahibkarlar\u0131n maraqlar\u0131n\u0131n m\u00fcdafi\u0259si haqq\u0131nda\u201d Qanun q\u0259bul edilib. Amma n\u0259 olsun ki? X\u0259rit\u0259 m\u00fc\u0259llif\u0259ri ist\u0259s\u0259, onlar\u0131 h\u0259min Qanunun m\u0259hk\u0259m\u0259 t\u0259cr\u00fcb\u0259si il\u0259 tan\u0131\u015f ed\u0259 bil\u0259r\u0259m. H\u0259min Qanunun a\u011f\u0131na bel\u0259 m\u0259hk\u0259m\u0259l\u0259r qara deyir. Daha sonra X\u0259rit\u0259d\u0259 deyilir ki, sahibkarlar\u0131n h\u00fcquqlar\u0131n\u0131n qorunmas\u0131 il\u0259 ba\u011fl\u0131 Apellyasiya \u015euralar\u0131 yarad\u0131l\u0131b. N\u0259 olsun ki? H\u0259min \u015furalar da sahibkar\u0131 top kimi \u00f6t\u00fcr\u0259-\u00f6t\u00fcr\u0259 yola sal\u0131r, dad\u0131na \u00e7atm\u0131r. V\u0259 s. v\u0259 i.a. \u0130nstitutlar i\u015fl\u0259mirs\u0259, onlar\u0131 yaratma\u011f\u0131n n\u0259 m\u0259nas\u0131 var?..\n<\/p>\n<p>\n  Yax\u015f\u0131, b\u0259s X\u0259rit\u0259 m\u00fc\u0259llifl\u0259ri bu probleml\u0259ri bundan sonra nec\u0259 h\u0259ll etm\u0259yi d\u00fc\u015f\u00fcn\u00fcr? \u201cQanunvericiliyi t\u0259kmill\u0259\u015fdir\u0259c\u0259yik\u201d v\u0259 bu kimi dig\u0259r \u00fcmumi v\u0259 deklarativ ifad\u0259l\u0259ri k\u0259nara qoysaq (onlara dair X\u0259rit\u0259d\u0259 h\u0259r d\u0259f\u0259 vur\u011fulan\u0131r ki, icras\u0131na he\u00e7 pul da t\u0259l\u0259b olunmur, y\u0259ni el\u0259 bel\u0259 yazm\u0131\u015f\u0131q da \u00f6z\u00fcm\u00fcz \u00fc\u00e7\u00fcn), a\u015fa\u011f\u0131dak\u0131 t\u0259dbirl\u0259rin g\u00f6r\u00fclm\u0259si planla\u015fd\u0131r\u0131l\u0131r:\n<\/p>\n<p>\n  <b><br \/>\n    1.<br \/>\n  <\/b><br \/>\n  M\u0259rk\u0259zl\u0259\u015fdirilmi\u015f KOS agentliyinin yarad\u0131lmas\u0131. Bu agentlik sahibkarlara d\u0259st\u0259k verm\u0259kl\u0259 m\u0259\u015f\u011ful olacaq. Nec\u0259, n\u0259 c\u00fcr \u2013 m\u0259lum deyil. Amma agentliyin \u00f6z\u00fcn\u0259 10 mln. manat v\u0259sait t\u0259l\u0259b olunur. X\u0259rit\u0259nin \u00f6z\u00fcnd\u0259 t\u0259dbirin icras\u0131n\u0131n yegan\u0259 riski kimi bu g\u00f6st\u0259rilir: \u201cagentliyin f\u0259aliyy\u0259tinin d\u00fczg\u00fcn t\u0259\u015fkil edilm\u0259m\u0259si\u201d. Y\u0259ni \u0259l yeri qoyulur ki, 10 mln. g\u00f6y\u0259 d\u0259 sovrula bil\u0259r.\n<\/p>\n<p>\n  <b><br \/>\n    2<br \/>\n  <\/b><br \/>\n  . S\u0259naye zonalar\u0131n\u0131n v\u0259 klasterl\u0259rin yarad\u0131lmas\u0131. Orada real n\u0259 ed\u0259c\u0259kl\u0259rini bilmir\u0259m, amma icras\u0131na 630 mln. manat ist\u0259yirl\u0259r. D\u00fczd\u00fcr, riskl\u0259rd\u0259n biri kimi d\u0259 s\u0259mimi olaraq bunu g\u00f6st\u0259rirl\u0259r: \u201cd\u00f6vl\u0259t t\u0259r\u0259find\u0259n ayr\u0131lan v\u0259saitl\u0259rin qeyri-effektiv x\u0259rcl\u0259nm\u0259si\u201d. M\u00f6vcud idar\u0259etm\u0259 v\u0259 institutlar \u015f\u0259raitind\u0259 b\u00f6y\u00fck ehtimalla el\u0259 bel\u0259 d\u0259 olacaq&#8230;\n<\/p>\n<p>\n  <b><br \/>\n    3.<br \/>\n  <\/b><br \/>\n  Biznes assosiasiyalar\u0131 t\u0259\u015fkil edil\u0259c\u0259k. H\u0259tta qad\u0131n sahibkarlar\u0131n da bel\u0259 birlikl\u0259ri olacaq. Qeyri-h\u00f6kum\u0259t t\u0259\u015fkilatlar\u0131n\u0131n t\u0259sis edilm\u0259sind\u0259ki probleml\u0259r ham\u0131ya b\u0259llidir. Y\u0259ni sahibkarlar istisna olacaq? Ya\u015fayar\u0131q \u2013 g\u00f6r\u0259rik&#8230;\n<\/p>\n<p>\n  <b><br \/>\n    4.<br \/>\n  <\/b><br \/>\n  Sahibkarlara maliyy\u0259 resurslar\u0131na s\u0259rf\u0259li v\u0259 s\u0259m\u0259r\u0259li \u00e7\u0131x\u0131\u015f\u0131n t\u0259min edilm\u0259si. X\u0259rit\u0259nin \u00f6z\u00fcnd\u0259 d\u0259 g\u00f6st\u0259rilir ki, sahibkarlar a\u015fa\u011f\u0131dak\u0131 d\u00f6vl\u0259t qurumlar\u0131ndan maliyy\u0259l\u0259\u015fir:\n<\/p>\n<p>\n  <i><br \/>\n    1) Sahibkarl\u0131\u011fa K\u00f6m\u0259k Milli Fondu;<br \/>\n  <\/i>\n<\/p>\n<p>\n  <i><br \/>\n    2) Az\u0259rbaycan \u0130nvestisiya \u015eirk\u0259ti;<br \/>\n  <\/i>\n<\/p>\n<p>\n  <i><br \/>\n    3) Az\u0259rbaycanda \u0130xrac\u0131n v\u0259 \u0130nvestisiyalar\u0131n T\u0259\u015fviqi Fondu;<br \/>\n  <\/i>\n<\/p>\n<p>\n  <i><br \/>\n    4) K\u0259nd T\u0259s\u0259rr\u00fcfat\u0131 Layih\u0259l\u0259ri v\u0259 Kreditl\u0259rinin \u0130dar\u0259 Edilm\u0259si \u00fczr\u0259 D\u00f6vl\u0259t Xidm\u0259ti;<br \/>\n  <\/i>\n<\/p>\n<p>\n  <i><br \/>\n    5) \u0130nformasiya Texnologiyalar\u0131n\u0131n \u0130nki\u015faf D\u00f6vl\u0259t Fondu.<br \/>\n  <\/i>\n<\/p>\n<p>\n  Amma X\u0259rit\u0259 m\u00fc\u0259llifl\u0259ri bunun kifay\u0259t etm\u0259diyini vur\u011fulay\u0131r v\u0259 beyn\u0259xalq maliyy\u0259 bazarlar\u0131na \u00e7\u0131x\u0131\u015f\u0131n vacib oldu\u011funu qeyd edirl\u0259r. D\u00fczg\u00fcn t\u00f6vsiy\u0259dir, amma buna nec\u0259 nail olaca\u011f\u0131q v\u0259 d\u00f6vl\u0259t n\u0259 ed\u0259c\u0259k bu sah\u0259d\u0259? D\u00f6vl\u0259t he\u00e7 olmasa ad\u0131 \u00e7\u0259kil\u0259n 5 d\u00f6vl\u0259t qurumu t\u0259r\u0259find\u0259n maliyy\u0259l\u0259\u015fm\u0259sini d\u00fcr\u00fcst, \u015f\u0259ffaf v\u0259 \u0259dal\u0259tli t\u0259\u015fkil ed\u0259 bils\u0259, kifay\u0259t ed\u0259r. Amma h\u0259min qurumlardan sahibkarlar v\u0259saiti nec\u0259 c\u0259lb edir \u2013 ham\u0131 g\u00f6z\u0259l bilir&#8230;\n<\/p>\n<p>\n  B\u00fct\u00f6vl\u00fckd\u0259 yaln\u0131z bu X\u0259rit\u0259nin icras\u0131 \u00fc\u00e7\u00fcn 700 mln. manat t\u0259l\u0259b olunur. Y\u0259ni \u00fcmumi s\u00f6zl\u0259r, icra mezanizml\u0259ri m\u0259lum olmayan t\u0259dbirl\u0259r \u00fc\u00e7\u00fcn bu q\u0259d\u0259r pul ist\u0259yir X\u0259rit\u0259 m\u00fc\u0259llifl\u0259ri. Faydas\u0131 olsayd\u0131, bundan \u00e7ox da ay\u0131rmaq olard\u0131. Amma olmayacaq. Niy\u0259? \u018fvv\u0259ll\u0259r d\u0259 d\u0259f\u0259l\u0259rl\u0259 vur\u011fulam\u0131\u015fam ki, iqtisadi islahatlar\u0131n u\u011furu \u00fc\u00e7\u00fcn \u0259sas \u015f\u0259rt s\u0259m\u0259r\u0259li institutlar\u0131n yarad\u0131lmas\u0131d\u0131r:\n<\/p>\n<p>\n  <i><br \/>\n    1) m\u00fclkiyy\u0259t h\u00fcququnun m\u00fcdafi\u0259si;<br \/>\n  <\/i>\n<\/p>\n<p>\n  <i><br \/>\n    2) m\u00fcqavil\u0259l\u0259rin icras\u0131;<br \/>\n  <\/i>\n<\/p>\n<p>\n  <i><br \/>\n    3) sa\u011flam r\u0259qab\u0259t;<br \/>\n  <\/i>\n<\/p>\n<p>\n  <i><br \/>\n    4) keyfiyy\u0259tli m\u00fclki v\u0259 \u0259laq\u0259dar qanunvericilik;<br \/>\n  <\/i>\n<\/p>\n<p>\n  <i><br \/>\n    5) m\u00fcst\u0259qil v\u0259 \u0259dal\u0259tli m\u0259hk\u0259m\u0259l\u0259r v\u0259 s.<br \/>\n  <\/i>\n<\/p>\n<p>\n  B\u00fct\u00fcn bunlar bar\u0259d\u0259 X\u0259rit\u0259l\u0259rin t\u0259hlilini bitir\u0259nd\u0259n sonra \u0259trafl\u0131 yazaca\u011fam. H\u0259l\u0259lik is\u0259 3 x\u0259rit\u0259ni \u015f\u0259rh etmi\u015f\u0259m. 9 x\u0259rit\u0259 qal\u0131b v\u0259 onun biri h\u0259l\u0259 he\u00e7 d\u0259rc d\u0259 olunmay\u0131b.<\/p>\n","protected":false},"excerpt":{"rendered":"<p>B\u0259zil\u0259ri h\u0259l\u0259 d\u0259 ba\u015fa d\u00fc\u015fm\u0259yib ki, sahibkara mane olan d\u00f6vl\u0259t qurumlar\u0131 az olsa, kifay\u0259tdir<\/p>\n","protected":false},"author":11,"featured_media":63751,"comment_status":"closed","ping_status":"open","sticky":false,"template":"","format":"standard","meta":{"_acf_changed":false,"_sitemap_exclude":false,"_sitemap_priority":"","_sitemap_frequency":"","footnotes":""},"categories":[51],"tags":[],"class_list":["post-181676","post","type-post","status-publish","format-standard","has-post-thumbnail","hentry","category-analitika","infinite-scroll-item","generate-columns","tablet-grid-50","mobile-grid-100","grid-parent","grid-33","no-featured-image-padding"],"acf":[],"yoast_head":"<!-- This site is optimized with the Yoast SEO plugin v27.5 - https:\/\/yoast.com\/product\/yoast-seo-wordpress\/ -->\n<title>Sahibkarl\u0131\u011f\u0131n yol x\u0259rit\u0259si (III yaz\u0131) - MEYDAN.TV<\/title>\n<meta name=\"robots\" content=\"index, follow, max-snippet:-1, max-image-preview:large, max-video-preview:-1\" \/>\n<link rel=\"canonical\" href=\"https:\/\/www.meydan.tv\/az\/article\/sahibkarligin-yol-xeritesi-iii-yazi\/\" \/>\n<meta property=\"og:locale\" content=\"az_AZ\" \/>\n<meta property=\"og:type\" content=\"article\" \/>\n<meta property=\"og:title\" content=\"Sahibkarl\u0131\u011f\u0131n yol x\u0259rit\u0259si (III yaz\u0131) - MEYDAN.TV\" \/>\n<meta property=\"og:description\" content=\"B\u0259zil\u0259ri h\u0259l\u0259 d\u0259 ba\u015fa d\u00fc\u015fm\u0259yib ki, sahibkara mane olan d\u00f6vl\u0259t qurumlar\u0131 az olsa, kifay\u0259tdir\" \/>\n<meta property=\"og:url\" content=\"https:\/\/www.meydan.tv\/az\/article\/sahibkarligin-yol-xeritesi-iii-yazi\/\" \/>\n<meta property=\"og:site_name\" content=\"MEYDAN.TV\" \/>\n<meta property=\"article:published_time\" content=\"2017-01-05T17:31:38+00:00\" \/>\n<meta property=\"og:image\" content=\"https:\/\/www.meydan.tv\/wp-content\/uploads\/24305.jpg\" \/>\n\t<meta property=\"og:image:width\" content=\"768\" \/>\n\t<meta property=\"og:image:height\" content=\"439\" \/>\n\t<meta property=\"og:image:type\" content=\"image\/jpeg\" \/>\n<meta name=\"author\" content=\"user-manager\" \/>\n<meta name=\"twitter:card\" content=\"summary_large_image\" \/>\n<script type=\"application\/ld+json\" class=\"yoast-schema-graph\">{\"@context\":\"https:\\\/\\\/schema.org\",\"@graph\":[{\"@type\":\"Article\",\"@id\":\"https:\\\/\\\/www.meydan.tv\\\/az\\\/article\\\/sahibkarligin-yol-xeritesi-iii-yazi\\\/#article\",\"isPartOf\":{\"@id\":\"https:\\\/\\\/www.meydan.tv\\\/az\\\/article\\\/sahibkarligin-yol-xeritesi-iii-yazi\\\/\"},\"author\":{\"name\":\"user-manager\",\"@id\":\"https:\\\/\\\/www.meydan.tv\\\/az\\\/#\\\/schema\\\/person\\\/10d11eccf6da3662cf5fdab9806ea91a\"},\"headline\":\"Sahibkarl\u0131\u011f\u0131n yol x\u0259rit\u0259si (III yaz\u0131)\",\"datePublished\":\"2017-01-05T17:31:38+00:00\",\"mainEntityOfPage\":{\"@id\":\"https:\\\/\\\/www.meydan.tv\\\/az\\\/article\\\/sahibkarligin-yol-xeritesi-iii-yazi\\\/\"},\"wordCount\":1228,\"publisher\":{\"@id\":\"https:\\\/\\\/www.meydan.tv\\\/az\\\/#organization\"},\"image\":{\"@id\":\"https:\\\/\\\/www.meydan.tv\\\/az\\\/article\\\/sahibkarligin-yol-xeritesi-iii-yazi\\\/#primaryimage\"},\"thumbnailUrl\":\"https:\\\/\\\/www.meydan.tv\\\/wp-content\\\/uploads\\\/24305.jpg\",\"articleSection\":[\"Analitika\"],\"inLanguage\":\"az\"},{\"@type\":\"WebPage\",\"@id\":\"https:\\\/\\\/www.meydan.tv\\\/az\\\/article\\\/sahibkarligin-yol-xeritesi-iii-yazi\\\/\",\"url\":\"https:\\\/\\\/www.meydan.tv\\\/az\\\/article\\\/sahibkarligin-yol-xeritesi-iii-yazi\\\/\",\"name\":\"Sahibkarl\u0131\u011f\u0131n yol x\u0259rit\u0259si (III yaz\u0131) - MEYDAN.TV\",\"isPartOf\":{\"@id\":\"https:\\\/\\\/www.meydan.tv\\\/az\\\/#website\"},\"primaryImageOfPage\":{\"@id\":\"https:\\\/\\\/www.meydan.tv\\\/az\\\/article\\\/sahibkarligin-yol-xeritesi-iii-yazi\\\/#primaryimage\"},\"image\":{\"@id\":\"https:\\\/\\\/www.meydan.tv\\\/az\\\/article\\\/sahibkarligin-yol-xeritesi-iii-yazi\\\/#primaryimage\"},\"thumbnailUrl\":\"https:\\\/\\\/www.meydan.tv\\\/wp-content\\\/uploads\\\/24305.jpg\",\"datePublished\":\"2017-01-05T17:31:38+00:00\",\"breadcrumb\":{\"@id\":\"https:\\\/\\\/www.meydan.tv\\\/az\\\/article\\\/sahibkarligin-yol-xeritesi-iii-yazi\\\/#breadcrumb\"},\"inLanguage\":\"az\",\"potentialAction\":[{\"@type\":\"ReadAction\",\"target\":[\"https:\\\/\\\/www.meydan.tv\\\/az\\\/article\\\/sahibkarligin-yol-xeritesi-iii-yazi\\\/\"]}]},{\"@type\":\"ImageObject\",\"inLanguage\":\"az\",\"@id\":\"https:\\\/\\\/www.meydan.tv\\\/az\\\/article\\\/sahibkarligin-yol-xeritesi-iii-yazi\\\/#primaryimage\",\"url\":\"https:\\\/\\\/www.meydan.tv\\\/wp-content\\\/uploads\\\/24305.jpg\",\"contentUrl\":\"https:\\\/\\\/www.meydan.tv\\\/wp-content\\\/uploads\\\/24305.jpg\",\"width\":768,\"height\":439,\"caption\":\"Source:\"},{\"@type\":\"BreadcrumbList\",\"@id\":\"https:\\\/\\\/www.meydan.tv\\\/az\\\/article\\\/sahibkarligin-yol-xeritesi-iii-yazi\\\/#breadcrumb\",\"itemListElement\":[{\"@type\":\"ListItem\",\"position\":1,\"name\":\"Ana s\u0259hif\u0259\",\"item\":\"https:\\\/\\\/www.meydan.tv\\\/az\\\/\"},{\"@type\":\"ListItem\",\"position\":2,\"name\":\"Analitika\",\"item\":\"https:\\\/\\\/www.meydan.tv\\\/az\\\/section\\\/analitika\\\/\"},{\"@type\":\"ListItem\",\"position\":3,\"name\":\"Sahibkarl\u0131\u011f\u0131n yol x\u0259rit\u0259si (III yaz\u0131)\"}]},{\"@type\":\"WebSite\",\"@id\":\"https:\\\/\\\/www.meydan.tv\\\/az\\\/#website\",\"url\":\"https:\\\/\\\/www.meydan.tv\\\/az\\\/\",\"name\":\"MEYDAN.TV\",\"description\":\"Meydan TV Az\u0259rbaycan\u0131n media m\u0259kan\u0131ndak\u0131 alternativ s\u0259sidir\",\"publisher\":{\"@id\":\"https:\\\/\\\/www.meydan.tv\\\/az\\\/#organization\"},\"potentialAction\":[{\"@type\":\"SearchAction\",\"target\":{\"@type\":\"EntryPoint\",\"urlTemplate\":\"https:\\\/\\\/www.meydan.tv\\\/az\\\/?s={search_term_string}\"},\"query-input\":{\"@type\":\"PropertyValueSpecification\",\"valueRequired\":true,\"valueName\":\"search_term_string\"}}],\"inLanguage\":\"az\"},{\"@type\":\"Organization\",\"@id\":\"https:\\\/\\\/www.meydan.tv\\\/az\\\/#organization\",\"name\":\"Meydan TV\",\"url\":\"https:\\\/\\\/www.meydan.tv\\\/az\\\/\",\"logo\":{\"@type\":\"ImageObject\",\"inLanguage\":\"az\",\"@id\":\"https:\\\/\\\/www.meydan.tv\\\/az\\\/#\\\/schema\\\/logo\\\/image\\\/\",\"url\":\"https:\\\/\\\/www.meydan.tv\\\/wp-content\\\/uploads\\\/2021\\\/07\\\/meydan-logo.svg\",\"contentUrl\":\"https:\\\/\\\/www.meydan.tv\\\/wp-content\\\/uploads\\\/2021\\\/07\\\/meydan-logo.svg\",\"width\":195,\"height\":46,\"caption\":\"Meydan TV\"},\"image\":{\"@id\":\"https:\\\/\\\/www.meydan.tv\\\/az\\\/#\\\/schema\\\/logo\\\/image\\\/\"}},{\"@type\":\"Person\",\"@id\":\"https:\\\/\\\/www.meydan.tv\\\/az\\\/#\\\/schema\\\/person\\\/10d11eccf6da3662cf5fdab9806ea91a\",\"name\":\"user-manager\"}]}<\/script>\n<!-- \/ Yoast SEO plugin. -->","yoast_head_json":{"title":"Sahibkarl\u0131\u011f\u0131n yol x\u0259rit\u0259si (III yaz\u0131) - MEYDAN.TV","robots":{"index":"index","follow":"follow","max-snippet":"max-snippet:-1","max-image-preview":"max-image-preview:large","max-video-preview":"max-video-preview:-1"},"canonical":"https:\/\/www.meydan.tv\/az\/article\/sahibkarligin-yol-xeritesi-iii-yazi\/","og_locale":"az_AZ","og_type":"article","og_title":"Sahibkarl\u0131\u011f\u0131n yol x\u0259rit\u0259si (III yaz\u0131) - MEYDAN.TV","og_description":"B\u0259zil\u0259ri h\u0259l\u0259 d\u0259 ba\u015fa d\u00fc\u015fm\u0259yib ki, sahibkara mane olan d\u00f6vl\u0259t qurumlar\u0131 az olsa, kifay\u0259tdir","og_url":"https:\/\/www.meydan.tv\/az\/article\/sahibkarligin-yol-xeritesi-iii-yazi\/","og_site_name":"MEYDAN.TV","article_published_time":"2017-01-05T17:31:38+00:00","og_image":[{"width":768,"height":439,"url":"https:\/\/www.meydan.tv\/wp-content\/uploads\/24305.jpg","type":"image\/jpeg"}],"author":"user-manager","twitter_card":"summary_large_image","schema":{"@context":"https:\/\/schema.org","@graph":[{"@type":"Article","@id":"https:\/\/www.meydan.tv\/az\/article\/sahibkarligin-yol-xeritesi-iii-yazi\/#article","isPartOf":{"@id":"https:\/\/www.meydan.tv\/az\/article\/sahibkarligin-yol-xeritesi-iii-yazi\/"},"author":{"name":"user-manager","@id":"https:\/\/www.meydan.tv\/az\/#\/schema\/person\/10d11eccf6da3662cf5fdab9806ea91a"},"headline":"Sahibkarl\u0131\u011f\u0131n yol x\u0259rit\u0259si (III yaz\u0131)","datePublished":"2017-01-05T17:31:38+00:00","mainEntityOfPage":{"@id":"https:\/\/www.meydan.tv\/az\/article\/sahibkarligin-yol-xeritesi-iii-yazi\/"},"wordCount":1228,"publisher":{"@id":"https:\/\/www.meydan.tv\/az\/#organization"},"image":{"@id":"https:\/\/www.meydan.tv\/az\/article\/sahibkarligin-yol-xeritesi-iii-yazi\/#primaryimage"},"thumbnailUrl":"https:\/\/www.meydan.tv\/wp-content\/uploads\/24305.jpg","articleSection":["Analitika"],"inLanguage":"az"},{"@type":"WebPage","@id":"https:\/\/www.meydan.tv\/az\/article\/sahibkarligin-yol-xeritesi-iii-yazi\/","url":"https:\/\/www.meydan.tv\/az\/article\/sahibkarligin-yol-xeritesi-iii-yazi\/","name":"Sahibkarl\u0131\u011f\u0131n yol x\u0259rit\u0259si (III yaz\u0131) - MEYDAN.TV","isPartOf":{"@id":"https:\/\/www.meydan.tv\/az\/#website"},"primaryImageOfPage":{"@id":"https:\/\/www.meydan.tv\/az\/article\/sahibkarligin-yol-xeritesi-iii-yazi\/#primaryimage"},"image":{"@id":"https:\/\/www.meydan.tv\/az\/article\/sahibkarligin-yol-xeritesi-iii-yazi\/#primaryimage"},"thumbnailUrl":"https:\/\/www.meydan.tv\/wp-content\/uploads\/24305.jpg","datePublished":"2017-01-05T17:31:38+00:00","breadcrumb":{"@id":"https:\/\/www.meydan.tv\/az\/article\/sahibkarligin-yol-xeritesi-iii-yazi\/#breadcrumb"},"inLanguage":"az","potentialAction":[{"@type":"ReadAction","target":["https:\/\/www.meydan.tv\/az\/article\/sahibkarligin-yol-xeritesi-iii-yazi\/"]}]},{"@type":"ImageObject","inLanguage":"az","@id":"https:\/\/www.meydan.tv\/az\/article\/sahibkarligin-yol-xeritesi-iii-yazi\/#primaryimage","url":"https:\/\/www.meydan.tv\/wp-content\/uploads\/24305.jpg","contentUrl":"https:\/\/www.meydan.tv\/wp-content\/uploads\/24305.jpg","width":768,"height":439,"caption":"Source:"},{"@type":"BreadcrumbList","@id":"https:\/\/www.meydan.tv\/az\/article\/sahibkarligin-yol-xeritesi-iii-yazi\/#breadcrumb","itemListElement":[{"@type":"ListItem","position":1,"name":"Ana s\u0259hif\u0259","item":"https:\/\/www.meydan.tv\/az\/"},{"@type":"ListItem","position":2,"name":"Analitika","item":"https:\/\/www.meydan.tv\/az\/section\/analitika\/"},{"@type":"ListItem","position":3,"name":"Sahibkarl\u0131\u011f\u0131n yol x\u0259rit\u0259si (III yaz\u0131)"}]},{"@type":"WebSite","@id":"https:\/\/www.meydan.tv\/az\/#website","url":"https:\/\/www.meydan.tv\/az\/","name":"MEYDAN.TV","description":"Meydan TV Az\u0259rbaycan\u0131n media m\u0259kan\u0131ndak\u0131 alternativ s\u0259sidir","publisher":{"@id":"https:\/\/www.meydan.tv\/az\/#organization"},"potentialAction":[{"@type":"SearchAction","target":{"@type":"EntryPoint","urlTemplate":"https:\/\/www.meydan.tv\/az\/?s={search_term_string}"},"query-input":{"@type":"PropertyValueSpecification","valueRequired":true,"valueName":"search_term_string"}}],"inLanguage":"az"},{"@type":"Organization","@id":"https:\/\/www.meydan.tv\/az\/#organization","name":"Meydan TV","url":"https:\/\/www.meydan.tv\/az\/","logo":{"@type":"ImageObject","inLanguage":"az","@id":"https:\/\/www.meydan.tv\/az\/#\/schema\/logo\/image\/","url":"https:\/\/www.meydan.tv\/wp-content\/uploads\/2021\/07\/meydan-logo.svg","contentUrl":"https:\/\/www.meydan.tv\/wp-content\/uploads\/2021\/07\/meydan-logo.svg","width":195,"height":46,"caption":"Meydan TV"},"image":{"@id":"https:\/\/www.meydan.tv\/az\/#\/schema\/logo\/image\/"}},{"@type":"Person","@id":"https:\/\/www.meydan.tv\/az\/#\/schema\/person\/10d11eccf6da3662cf5fdab9806ea91a","name":"user-manager"}]}},"_links":{"self":[{"href":"https:\/\/www.meydan.tv\/az\/wp-json\/wp\/v2\/posts\/181676","targetHints":{"allow":["GET"]}}],"collection":[{"href":"https:\/\/www.meydan.tv\/az\/wp-json\/wp\/v2\/posts"}],"about":[{"href":"https:\/\/www.meydan.tv\/az\/wp-json\/wp\/v2\/types\/post"}],"author":[{"embeddable":true,"href":"https:\/\/www.meydan.tv\/az\/wp-json\/wp\/v2\/users\/11"}],"replies":[{"embeddable":true,"href":"https:\/\/www.meydan.tv\/az\/wp-json\/wp\/v2\/comments?post=181676"}],"version-history":[{"count":0,"href":"https:\/\/www.meydan.tv\/az\/wp-json\/wp\/v2\/posts\/181676\/revisions"}],"wp:featuredmedia":[{"embeddable":true,"href":"https:\/\/www.meydan.tv\/az\/wp-json\/wp\/v2\/media\/63751"}],"wp:attachment":[{"href":"https:\/\/www.meydan.tv\/az\/wp-json\/wp\/v2\/media?parent=181676"}],"wp:term":[{"taxonomy":"category","embeddable":true,"href":"https:\/\/www.meydan.tv\/az\/wp-json\/wp\/v2\/categories?post=181676"},{"taxonomy":"post_tag","embeddable":true,"href":"https:\/\/www.meydan.tv\/az\/wp-json\/wp\/v2\/tags?post=181676"}],"curies":[{"name":"wp","href":"https:\/\/api.w.org\/{rel}","templated":true}]}}