{"id":181659,"date":"2017-01-04T16:00:53","date_gmt":"2017-01-04T16:00:53","guid":{"rendered":"https:\/\/www.meydan.tv\/article\/ilham-eliyev-populist-vedler-verdi\/"},"modified":"2017-01-04T16:00:53","modified_gmt":"2017-01-04T16:00:53","slug":"ilham-eliyev-populist-vedler-verdi","status":"publish","type":"post","link":"https:\/\/www.meydan.tv\/az\/article\/ilham-eliyev-populist-vedler-verdi\/","title":{"rendered":"&#8221;\u0130lham \u018fliyev populist v\u0259dl\u0259r verdi&#8221;"},"content":{"rendered":"<figure class=\"wp-block-image size-large\">\n  <img decoding=\"async\" src=\"https:\/\/www.meydan.tv\/az\/76793\/\" alt=\"\" class=\"wp-image-76793\"\/><figcaption><\/figcaption><\/figure>\n<p>\n  <i><br \/>\n    &#8221;2 ild\u0259 orta ayl\u0131q \u0259m\u0259khaqq\u0131 566 dollardan 314 dollara d\u00fc\u015f\u00fcb, amma d\u00f6vl\u0259t ba\u015f\u00e7\u0131s\u0131 \u201cx\u0259b\u0259riniz yoxdur, \u0259m\u0259khaqq\u0131n\u0131z 7 faiz art\u0131b\u201d s\u00f6yl\u0259yir&#8221;<br \/>\n  <\/i>\n<\/p>\n<p>\n  <br \/>\n  Prezident \u0130lham \u018fliyev 2016-c\u0131 ilin son g\u00fcn\u00fc &#8211; dekabr\u0131n 31-d\u0259 t\u0259brik nitqini \u00f6lk\u0259 iqtisadiyyat\u0131 \u00fc\u00e7\u00fcn \u0259n a\u011f\u0131r ill\u0259rd\u0259n biri kimi qiym\u0259tl\u0259ndirs\u0259 d\u0259, bunun s\u0259b\u0259bini Az\u0259rbaycan iqtisadiyyat\u0131n\u0131n d\u00fcnya iqtisadiyyat\u0131n\u0131n bir par\u00e7as\u0131 olmas\u0131 il\u0259 \u0259laq\u0259l\u0259ndirdi:\n<\/p>\n<p>\n  \u201cD\u00fcnyada iqtisadi b\u00f6hran 2016-c\u0131 ild\u0259 davam etmi\u015fdir. Bundan \u0259lav\u0259, neftin qiym\u0259tinin d\u00fcnya bazarlar\u0131nda \u00fc\u00e7-d\u00f6rd d\u0259f\u0259 a\u015fa\u011f\u0131 d\u00fc\u015fm\u0259si n\u0259tic\u0259sind\u0259 g\u0259lirl\u0259rimiz k\u0259skin \u015f\u0259kild\u0259 a\u015fa\u011f\u0131 d\u00fc\u015fm\u00fc\u015fd\u00fcr. Bel\u0259 bir v\u0259ziyy\u0259td\u0259 biz ancaq ciddi islahatlar apararaq v\u0259ziyy\u0259td\u0259n \u00e7\u0131x\u0131\u015f yolunu tapa bil\u0259rdik v\u0259 buna nail olduq\u201d.<\/p>\n<p>  <i><br \/>\n    <b><br \/>\n      \u201cB\u00f6hran ili olsa da, \u0259halinin pul g\u0259lirl\u0259ri 7 faiz artd\u0131\u201d<br \/>\n    <\/b><br \/>\n  <\/i><\/p>\n<p>  D\u00f6vl\u0259t ba\u015f\u00e7\u0131s\u0131 Az\u0259rbaycan iqtisadiyyat\u0131n\u0131n \u00f6z dayan\u0131ql\u0131l\u0131\u011f\u0131n\u0131 saxlaya bildiyini, iqtisadi sabitliyi t\u0259min etdiyini, apar\u0131lan ciddi v\u0259 h\u0259rt\u0259r\u0259fli iqtisadi islahatlar\u0131n g\u0259l\u0259c\u0259k inki\u015faf \u00fc\u00e7\u00fcn \u00e7ox g\u00f6z\u0259l perspektivl\u0259r a\u00e7d\u0131\u011f\u0131n\u0131 s\u00f6yl\u0259di: \u201cOnu da qeyd etm\u0259liy\u0259m ki, b\u00fct\u00fcn \u00e7\u0259tinlikl\u0259r\u0259 baxmayaraq, \u00f6lk\u0259mizin qeyri-neft s\u0259nayesi bu il 5 faiz, k\u0259nd t\u0259s\u0259rr\u00fcfat\u0131 is\u0259 2 faizd\u0259n \u00e7ox art\u0131b. Biz bu il valyuta ehtiyatlar\u0131m\u0131z\u0131 qoruya bildik, bu da \u00e7ox m\u00fch\u00fcm m\u0259s\u0259l\u0259dir. \u00c7\u00fcnki bizim iqtisadi potensial\u0131m\u0131z, maliyy\u0259 resurslar\u0131m\u0131z h\u0259m iqtisadi, h\u0259m siyasi m\u00fcst\u0259qilliyimizi m\u00fc\u0259yy\u0259n edir\u201d.<\/p>\n<p>  \u201c2016-c\u0131 ild\u0259 b\u00fct\u00fcn sosial proqramlar art\u0131qlamas\u0131 il\u0259 icra edilmi\u015fdir. K\u00f6\u00e7k\u00fcnl\u0259rin ya\u015fay\u0131\u015f \u015f\u0259raitinin yax\u015f\u0131la\u015fd\u0131r\u0131lmas\u0131 istiqam\u0259tind\u0259 yeni q\u0259s\u0259b\u0259l\u0259r, \u015f\u0259h\u0259rcikl\u0259r sal\u0131nm\u0131\u015fd\u0131r. \u018fhalinin pul g\u0259lirl\u0259ri, &#8211; baxmayaraq ki, 2016-c\u0131 il b\u00f6hranl\u0131 ildir, &#8211; 7 faiz artm\u0131\u015fd\u0131r, orta \u0259m\u0259khaqq\u0131 is\u0259 9 faiz art\u0131b\u201d,-dey\u0259 prezident bildirib.<\/p>\n<p>  <b><br \/>\n    <i><br \/>\n      \u201cA\u011fd\u0259r\u0259, C\u0259bray\u0131l, F\u00fczuli rayonlar\u0131n\u0131n minl\u0259rl\u0259 hektar torpa\u011f\u0131 i\u015f\u011fal\u00e7\u0131lardan azad edildi\u201d<br \/>\n    <\/i><br \/>\n  <\/b><\/p>\n<p>  O, Az\u0259rbaycan\u0131n beyn\u0259lxalq t\u0259\u015fkilatlarda b\u00f6y\u00fck u\u011furlar qazand\u0131\u011f\u0131n\u0131 deyib:\n<\/p>\n<p>\n  \u201cX\u00fcsusil\u0259 \u0130slam \u018fm\u0259kda\u015fl\u0131q T\u0259\u015fkilat\u0131, Qo\u015fulmama H\u0259r\u0259kat\u0131 \u00e7\u0259r\u00e7iv\u0259sind\u0259 Erm\u0259nistan-Az\u0259rbaycan, Da\u011fl\u0131q Qaraba\u011f m\u00fcnaqi\u015f\u0259si il\u0259 ba\u011fl\u0131 \u00e7ox vacib s\u0259n\u0259dl\u0259r q\u0259bul edilmi\u015fdir. Erm\u0259nistan-Az\u0259rbaycan, Da\u011fl\u0131q Qaraba\u011f m\u00fcnaqi\u015f\u0259sinin h\u0259lli xarici siyas\u0259timizin \u0259sas prioritetidir. Dey\u0259 bil\u0259r\u0259m ki, bizim siyasi v\u0259 diplomatik m\u00f6vqel\u0259rimiz il \u0259rzind\u0259 daha da m\u00f6hk\u0259ml\u0259nib. 2016-c\u0131 il bizim \u015fanl\u0131 h\u0259rbi q\u0259l\u0259b\u0259 ili kimi tarixd\u0259 qalacaqd\u0131r. 1994-c\u00fc ild\u0259n bug\u00fcn\u0259 q\u0259d\u0259r ilk d\u0259f\u0259 idi ki, Az\u0259rbaycan i\u015f\u011fal edilmi\u015f torpaqlar\u0131n bir hiss\u0259sini i\u015f\u011fal\u00e7\u0131lardan azad etmi\u015fdir. Aprel ay\u0131nda erm\u0259ni silahl\u0131 t\u0259xribat\u0131n\u0131n qar\u015f\u0131s\u0131n\u0131 alaraq bizim ordumuz d\u00fc\u015fm\u0259n\u0259 sars\u0131d\u0131c\u0131 z\u0259rb\u0259l\u0259r vurmu\u015f v\u0259 i\u015f\u011fal edilmi\u015f torpaqlar\u0131n bir hiss\u0259sini azad etmi\u015fdir. A\u011fd\u0259r\u0259, C\u0259bray\u0131l, F\u00fczuli rayonlar\u0131n\u0131n minl\u0259rl\u0259 hektar torpa\u011f\u0131 i\u015f\u011fal\u00e7\u0131lardan azad edilmi\u015fdir. On minl\u0259rl\u0259 hektar torpa\u011fa indi Az\u0259rbaycan Ordusu tam n\u0259zar\u0259t edir. Biz \u015f\u0259hidl\u0259r d\u0259 vermi\u015fik. Allah \u015f\u0259hidl\u0259rimiz\u0259 r\u0259hm\u0259t el\u0259sin. Az\u0259rbaycan xalq\u0131, Az\u0259rbaycan \u0259sg\u0259ri, zabiti \u0259sl q\u0259hr\u0259manl\u0131q g\u00f6st\u0259rmi\u015fdir\u201d.<\/p>\n<p>  <b><br \/>\n    <i><br \/>\n      \u201cReferendumda he\u00e7 bir pozuntu olmad\u0131\u201d<br \/>\n    <\/i><br \/>\n  <\/b><\/p>\n<p>  Prezident 2016-c\u0131 ild\u0259 ke\u00e7iril\u0259n referendumun beyn\u0259lxalq m\u00fc\u015fahid\u0259\u00e7il\u0259rin azad v\u0259 \u015f\u0259ffaf oldu\u011funu xat\u0131rlad\u0131b:\n<\/p>\n<p>\n  \u201cHe\u00e7 bir pozuntu olmad\u0131 v\u0259 Az\u0259rbaycan xalq\u0131n\u0131n irad\u0259si referendumun n\u0259tic\u0259l\u0259rind\u0259 \u00f6z \u0259ksini tapd\u0131. Referendumun n\u0259tic\u0259l\u0259ri bizim siyas\u0259timiz\u0259 xalq t\u0259r\u0259find\u0259n veril\u0259n b\u00f6y\u00fck d\u0259st\u0259kdir. M\u0259n bu d\u0259st\u0259y\u0259, bu inama g\u00f6r\u0259 Az\u0259rbaycan xalq\u0131na bir daha \u00f6z minn\u0259tdarl\u0131\u011f\u0131m\u0131 bildirm\u0259k ist\u0259yir\u0259m\u201d. Sonda \u00f6lk\u0259 ba\u015f\u00e7\u0131s\u0131 2016-c\u0131 ilin \u201cMultikulturalizm ili\u201d elan olundu\u011funu s\u00f6yl\u0259y\u0259r\u0259k \u0259lav\u0259 etdi ki, Az\u0259rbaycan bir daha d\u00fcnyaya m\u00fcxt\u0259lif dinl\u0259rin, mill\u0259tl\u0259rin, etnik qruplar\u0131n n\u00fcmay\u0259nd\u0259l\u0259ri bir \u00f6lk\u0259d\u0259, bir s\u0259ma alt\u0131nda rahat, l\u0259yaq\u0259tl\u0259 ya\u015faya bildiyini s\u00fcbut etdi\u201d.<\/p>\n<p>  <b><br \/>\n    <i><br \/>\n      Prezidentin siyasi mesajlar\u0131<br \/>\n    <\/i><br \/>\n  <\/b><\/p>\n<p>  \u0130qtisad\u00e7\u0131 Az\u0259r Mehtiyev prezident \u0130lham \u018fliyevin yeni il t\u0259brik \u00e7\u0131x\u0131\u015f\u0131nda iqtisadi mesajlarla ba\u011fl\u0131 siyasi mesajlar\u0131n da oldu\u011funu d\u00fc\u015f\u00fcn\u00fcr.\n<\/p>\n<p>\n  \u0130qtisad\u00e7\u0131 Meydan TV-nin bu bar\u0259d\u0259 suallar\u0131n\u0131 cavabland\u0131rark\u0259n bildirib ki, d\u00f6vl\u0259t ba\u015f\u00e7\u0131s\u0131 c\u0259miyy\u0259t\u0259 h\u0259r zaman siyasi m\u0259qs\u0259dl\u0259r\u0259 uy\u011fun mesajlar \u00f6t\u00fcr\u00fcr.\n<\/p>\n<figure class=\"wp-block-image size-large\">\n  <img decoding=\"async\" src=\"https:\/\/www.meydan.tv\/az\/70835\/\" alt=\"\" class=\"wp-image-70835\"\/><figcaption>\n    Az\u0259r Mehtiyev foto sosial \u015f\u0259b\u0259k\u0259<br \/>\n  <\/figcaption><\/figure>\n<p>\n  O deyib ki, diqq\u0259t\u00e7\u0259k\u0259n m\u0259qam h\u0259r zaman prezidentin v\u0259 \u00f6lk\u0259 r\u0259smil\u0259rinin iqtisadi b\u00f6hran\u0131n d\u00fcnya iqtisadiyyat\u0131na ba\u011fl\u0131 oldu\u011funu iddia etm\u0259si idi, y\u0259ni b\u00f6hran\u0131n daxild\u0259n qaynaqland\u0131\u011f\u0131n\u0131 etiraf etmirdil\u0259r:\n<\/p>\n<p>\n  &#8220;\u018fslind\u0259, \u0130lham \u018fliyevin t\u0259brik \u00e7\u0131x\u0131\u015f\u0131nda da diqq\u0259t onun \u00fcz\u0259rind\u0259 qurulmu\u015fdu ki, h\u0259r \u015fey normal gedirdi, sad\u0259c\u0259, d\u00fcnya iqtisadiyyat\u0131ndak\u0131 prosesl\u0259r bel\u0259 bir b\u00f6hranla n\u0259tic\u0259l\u0259ndi. Ancaq \u00f6lk\u0259d\u0259 iqtisadi durum b\u00f6hran\u0131 inkar etm\u0259yin m\u00fcmk\u00fcns\u00fczl\u00fcy\u00fcn\u00fc g\u00f6st\u0259rir. Bu m\u0259nada \u018fliyevin b\u00f6hran\u0131 m\u00fc\u0259yy\u0259n d\u0259r\u0259c\u0259d\u0259 etiraf etm\u0259si d\u0259 g\u00f6zl\u0259nil\u0259n idi&#8221;.<\/p>\n<p>  <b><br \/>\n    <i><br \/>\n      \u201c\u0130slahatlar ger\u00e7\u0259kl\u0259\u015fm\u0259s\u0259, b\u00f6hran\u0131n qar\u015f\u0131s\u0131n\u0131 almaq m\u00fcmk\u00fcn olmayacaq\u201d<br \/>\n    <\/i><br \/>\n  <\/b><\/p>\n<p>  B\u00f6hran 2014-c\u00fc ild\u0259n, neft g\u0259lirl\u0259rinin azalmas\u0131ndan sonra ba\u015flad\u0131\u011f\u0131n\u0131 xat\u0131rladan A.Mehtiyev deyir ki, 2015-ci ild\u0259 b\u00f6hran \u00f6z\u00fcn\u00fc \u00e7ox k\u0259skin g\u00f6st\u0259rdi, yerli valyuta iki d\u0259f\u0259 devalvasiyaya u\u011frad\u0131:\n<\/p>\n<p>\n  &#8220;Bu prosesd\u0259 g\u00f6zl\u0259nil\u0259n o idi ki, h\u00f6kum\u0259t 2016-c\u0131 ild\u0259n islahatlara ba\u015flamal\u0131 idi. B\u0259li, sahibkarlar, investorlar \u00fc\u00e7\u00fcn m\u00fc\u0259yy\u0259n stimullar yaradan add\u0131mlar at\u0131ld\u0131. S\u00f6hb\u0259t lisenziyala\u015fd\u0131rma \u015f\u0259rtl\u0259rinin asanla\u015fd\u0131r\u0131lmas\u0131ndan, investisiyalar\u0131n t\u0259\u015fviqind\u0259n gedir, ancaq m\u0259s\u0259l\u0259 yaln\u0131z bunlardan ibar\u0259t deyil. \u00d6lk\u0259 iqtisadiyyat\u0131 daha ciddi islahatlara ehtiyac duyur. D\u00fczd\u00fcr, &#8220;Strateji Yol X\u0259rit\u0259si&#8221; haz\u0131rland\u0131, amma yen\u0259 d\u0259 2016-c\u0131 ild\u0259 iqtisadi b\u00f6hran\u0131 aradan qald\u0131ra bil\u0259c\u0259k islahatlar\u0131n h\u0259yata ke\u00e7iril\u0259c\u0259yini s\u00f6yl\u0259m\u0259k m\u00fcmk\u00fcn deyil. Y\u0259ni bu islahatlar y\u00f6n\u00fcnd\u0259 ayr\u0131-ayr\u0131 add\u0131mlar at\u0131lsa da, kompleksli, sistemli add\u0131mlar\u0131n \u015fahidi olmad\u0131q. Ola bilsin ki, bu il &#8211; 2017-ci ild\u0259 h\u00f6kum\u0259t sistemli t\u0259dbirl\u0259r g\u00f6rs\u00fcn. Kompleks add\u0131mlar\u0131n at\u0131lmas\u0131 qa\u00e7\u0131lmazd\u0131r, \u00e7\u00fcnki iqtisadi islahatlar ger\u00e7\u0259kl\u0259\u015fm\u0259s\u0259, b\u00f6hran\u0131n qar\u015f\u0131s\u0131n\u0131 almaq m\u00fcmk\u00fcn olmayacaq v\u0259 b\u00f6hran daha da d\u0259rinl\u0259\u015f\u0259c\u0259k\u201d.\n<\/p>\n<p>\n  Az\u0259r Mehtiyev hesab edir ki, hans\u0131sa m\u00fcr\u0259kk\u0259b s\u0259n\u0259dl\u0259rin haz\u0131rlanmas\u0131ndan as\u0131l\u0131 olmayaraq, iqtisadi b\u00f6hran\u0131n aradan qald\u0131r\u0131lmas\u0131nda \u0259n vacib m\u0259s\u0259l\u0259 biznes m\u00fchitinin yax\u015f\u0131la\u015fd\u0131r\u0131lmas\u0131d\u0131r. Bu da hans\u0131sa stimullar\u0131n t\u0259qdim edilm\u0259sil\u0259 deyil, \u00f6lk\u0259d\u0259 inhisar\u00e7\u0131l\u0131\u011f\u0131n, m\u0259mur sahibkarl\u0131\u011f\u0131n\u0131n, korrupsiyan\u0131n aradan qald\u0131r\u0131lmas\u0131ndan, m\u00fclkiyy\u0259t toxunulmazl\u0131\u011f\u0131 z\u0259man\u0259tind\u0259n, h\u0259r k\u0259sin qanun qar\u015f\u0131s\u0131ndan b\u0259rab\u0259rliyind\u0259n v\u0259 n\u0259hay\u0259t, \u0259dal\u0259tli m\u0259hk\u0259m\u0259 sisteminin yarad\u0131lmas\u0131ndan ke\u00e7ir. \u018fg\u0259r bu \u015f\u0259rtl\u0259r olmasa, dig\u0259r add\u0131mlar d\u0259yi\u015fiklikl\u0259r\u0259 az t\u0259sir ed\u0259c\u0259k. \u00c7\u00fcnki iqtisadiyyat\u0131m\u0131z\u0131n \u0259sas probleml\u0259ri inhisar\u00e7\u0131l\u0131q, korrupsiya, m\u0259mur \u00f6zba\u015f\u0131nal\u0131\u011f\u0131, \u0259dal\u0259tsiz m\u0259hk\u0259m\u0259dir. Eyni zamanda, idar\u0259etm\u0259d\u0259 s\u0259rt m\u0259rk\u0259zl\u0259\u015fm\u0259d\u0259n imtina olunmal\u0131, daha \u00e7ox \u0259ksm\u0259rk\u0259zl\u0259\u015fm\u0259 h\u0259yata ke\u00e7irilm\u0259li v\u0259 t\u0259\u015f\u0259bb\u00fcskarl\u0131q yerl\u0259r\u0259 \u00f6t\u00fcr\u00fclm\u0259lidir ki, \u0259yal\u0259tl\u0259rd\u0259ki x\u0131rda probleml\u0259rin h\u0259lli m\u0259rk\u0259zd\u0259n veril\u0259n q\u0259rarlardan as\u0131l\u0131 olmas\u0131n.\n<\/p>\n<p>\n  <b><br \/>\n    <i><br \/>\n      \u201cD\u00f6vl\u0259t b\u00fcdc\u0259si 2007-ci ilin s\u0259viyy\u0259sin\u0259 d\u00fc\u015f\u00fcb, t\u0259s\u0259vv\u00fcr edin, 10 il geril\u0259m\u0259 olub\u201d<br \/>\n    <\/i><br \/>\n  <\/b>\n<\/p>\n<p>\n  AXCP s\u0259dri \u018fli K\u0259rimli t\u0259\u0259ss\u00fcfl\u0259 bildirdi ki, \u0130lham \u018fliyev t\u0259brik \u00e7\u0131x\u0131\u015f\u0131nda n\u00f6vb\u0259ti d\u0259f\u0259 Az\u0259rbaycan xalq\u0131na h\u0259qiq\u0259t\u0259 uy\u011fun olmayan m\u0259lumat verdi:<\/p>\n<p>  \u201cDo\u011frusu, bir az \u00e7\u0259tinlik \u00e7\u0259kir\u0259m ki, \u018fliyev \u00e7\u0131x\u0131\u015flar\u0131n\u0131 hans\u0131 m\u0259ntiql\u0259 h\u0259qiq\u0259t\u0259 uy\u011fun olmayan m\u0259lumatlar \u0259sas\u0131nda qurur. Az\u0259rbaycan xalq\u0131n\u0131 aldatmaq bu q\u0259d\u0259r asand\u0131rm\u0131? Nec\u0259 iddia etm\u0259k olar ki, Az\u0259rbaycandak\u0131 b\u00f6hran d\u00fcnyadak\u0131 iqtisadi b\u00f6hranla ba\u011fl\u0131d\u0131r? Y\u0259ni az\u0259rbaycanl\u0131lar\u0131n d\u00fcnya m\u0259tbuat\u0131ndan x\u0259b\u0259rl\u0259ri yoxdur, d\u00fcnyada b\u00f6hran\u0131n olmad\u0131\u011f\u0131n\u0131 bilmirl\u0259r? Avropa Birliyi \u00f6lk\u0259l\u0259rind\u0259, \u00c7ind\u0259, AB\u015e-da, Kanadada, Asiya \u00f6lk\u0259l\u0259rind\u0259 inki\u015faf var. B\u0259s b\u00f6hran hardad\u0131r? Venesualada, Ekvotiral Qvineyada, Nigeriyada v\u0259 Az\u0259rbaycandad\u0131r b\u00f6hran. Nec\u0259 iddia etm\u0259k olar ki, 2016-c\u0131 ild\u0259 Az\u0259rbaycan xalq\u0131n\u0131n pul g\u0259lirl\u0259ri 9, orta ayl\u0131q \u0259m\u0259khaqq\u0131 7 faiz art\u0131b? Xalq bilmirmi g\u0259lirl\u0259ri artmay\u0131b, azal\u0131b?! Real pul g\u0259lirl\u0259rind\u0259n s\u00f6hb\u0259t gedirs\u0259, al\u0131c\u0131l\u0131q qabiliyy\u0259ti n\u0259z\u0259rd\u0259 tutulmal\u0131d\u0131r. Dollarla ekvalent g\u00f6t\u00fcr\u0259nd\u0259 2016-c\u0131 ilin 11 ay\u0131nda \u0259halinin pul g\u0259lirl\u0259ri 11 milyard dollar azal\u0131b, 30 faiz\u0259 yax\u0131n. 2 ild\u0259 is\u0259 \u0259halinin g\u0259lirl\u0259ri 41 faiz azal\u0131b. Nec\u0259 ola bil\u0259r, 2 ild\u0259 orta ayl\u0131q \u0259m\u0259khaqq\u0131 566 dollardan 314 dollara d\u00fc\u015f\u00fcb, t\u0259kc\u0259 bir ild\u0259 orta ayl\u0131q \u0259m\u0259khaqq\u0131 147 dollar azal\u0131b, amma d\u00f6vl\u0259t ba\u015f\u00e7\u0131s\u0131 \u201cx\u0259b\u0259riniz yoxdur, \u0259m\u0259khaqq\u0131n\u0131z 7 faiz art\u0131b\u201d s\u00f6yl\u0259yir. Yaxud aqrar sektor nec\u0259 inki\u015faf edib ki, \u0259ks\u0259r k\u0259nd t\u0259s\u0259rr\u00fcfat\u0131 m\u0259hsullar\u0131n\u0131n idxal\u0131 art\u0131b? D\u00f6vl\u0259t b\u00fcdc\u0259si 2007-ci ilin s\u0259viyy\u0259sin\u0259 d\u00fc\u015f\u00fcb, t\u0259s\u0259vv\u00fcr edin, 10 il geril\u0259m\u0259 olub. Yaln\u0131z son 2 ild\u0259 \u00dcmumi Daxili M\u0259hsul 34,5 milyard dollar azal\u0131b, onun 18,5 milyard dollar\u0131 qeyri-neft sektorunun \u00fcz\u0259rin\u0259 d\u00fc\u015f\u00fcr. Yax\u015f\u0131, neftin qiym\u0259tinin enm\u0259sini anlad\u0131q, 2 ild\u0259 \u00dcmumi Daxili M\u0259hsulda 16 milyard ziyan\u0131m\u0131z neftin qiym\u0259tinin d\u00fc\u015fm\u0259sil\u0259 ba\u011fl\u0131d\u0131r. B\u0259s qeyri-neft sektorundak\u0131 18,5 milyard dollar geril\u0259m\u0259y\u0259 g\u00f6r\u0259 kim cavab ver\u0259c\u0259k? Nec\u0259 iddia etm\u0259k olar ki, 2016-c\u0131 ilin n\u0259tic\u0259l\u0259ri neftin qiym\u0259tinin enm\u0259sin\u0259 g\u00f6r\u0259 pisdir? S\u00f6hb\u0259t \u00f6t\u0259n ild\u0259n gedirs\u0259, 2016-c\u0131 ilin \u0259vv\u0259li il\u0259 sonunda neftin qiym\u0259ti 70 faiz\u0259 q\u0259d\u0259r qalx\u0131b. B\u0259s niy\u0259 \u00f6zl\u0259rinin elan etdiyi r\u0259smi statistikayla \u00dcmumi Daxili M\u0259hsulun 4 faiz geril\u0259m\u0131si var?\u201d\n<\/p>\n<p>\n  <b><br \/>\n    <i><br \/>\n      \u201cR\u0259sm\u0259n 50 min i\u015f yerinin qapand\u0131\u011f\u0131n\u0131 elan edirl\u0259rs\u0259, hans\u0131 iqtisadi u\u011furlardan dan\u0131\u015fmaq olar?!\u201d<br \/>\n    <\/i><br \/>\n  <\/b>\n<\/p>\n<figure class=\"wp-block-image size-large\">\n  <img decoding=\"async\" src=\"https:\/\/www.meydan.tv\/az\/65348\/\" alt=\"\" class=\"wp-image-65348\"\/><figcaption>\n    \u018fli K\u0259rimli<br \/>\n  <\/figcaption><\/figure>\n<p>\n  AXCP s\u0259dri hesab edir ki, \u00f6lk\u0259 ba\u015f\u00e7\u0131s\u0131 nitqind\u0259 tamamil\u0259 \u0259sass\u0131z nikbin fikirl\u0259r s\u0259sl\u0259ndirm\u0259kl\u0259 b\u00f6hran\u0131n \u00f6rt-basd\u0131r edilm\u0259sin\u0259 c\u0259hdl\u0259r edib:\n<\/p>\n<p>\n  \u201cXalq n\u00f6vb\u0259ti d\u0259f\u0259 aldad\u0131ld\u0131, \u0259sl reall\u0131qlar\u0131 etiraf edib islahatlara ba\u015flamaq \u0259v\u0259zin\u0259 islahatlar\u0131n imitasiyas\u0131na n\u00f6vb\u0259ti d\u0259f\u0259 c\u0259hd olundu. Guya, 2016-c\u0131 il ciddi islahatlar ili imi\u015f, b\u0259s xalq\u0131n niy\u0259 x\u0259b\u0259ri yoxdur?! Hans\u0131 islahatlar h\u0259yata ke\u00e7irilib, azad sahibkarl\u0131q \u00fc\u00e7\u00fcn \u015f\u0259rait yarad\u0131l\u0131b? B\u0259lk\u0259 r\u0259qab\u0259t m\u00fchiti formala\u015f\u0131b, m\u00fclkiyy\u0259t h\u00fcququna t\u0259minatlar verilib, xarici s\u0259rmay\u0259darlar \u00f6lk\u0259y\u0259 ax\u0131n edib? 2016-c\u0131 ild\u0259 2015-ci ill\u0259 m\u00fcqayis\u0259d\u0259 21 faiz xarici s\u0259rmay\u0259 azal\u0131b, y\u00fczl\u0259rl\u0259 xarici \u015firk\u0259t \u00f6lk\u0259ni t\u0259rk edib, onlarla bank ba\u011flan\u0131b, y\u00fczminl\u0259rl\u0259 insan \u0259man\u0259tl\u0259rini itiribl\u0259r, h\u0259l\u0259 r\u0259sm\u0259n 50 min i\u015f yerinin qapand\u0131\u011f\u0131n\u0131 elan edirl\u0259rs\u0259, hans\u0131 iqtisadi u\u011furlardan dan\u0131\u015fmaq olar?!\u201d.<\/p>\n<p>  <b><br \/>\n    <i><br \/>\n      \u201cV\u0259ziyy\u0259t pisl\u0259\u015f\u0259c\u0259k, amma obyektiv s\u0259b\u0259bd\u0259n yox&#8230;\u201d<br \/>\n    <\/i><br \/>\n  <\/b>\n<\/p>\n<p>\n  \u018fli K\u0259rimli 2017-ci ild\u0259n g\u00f6zl\u0259ntil\u0259r haqda suala bel\u0259 cavab verib:\n<\/p>\n<p>\n  \u201c\u00c7ox t\u0259\u0259ss\u00fcf ki, v\u0259ziyy\u0259t yen\u0259 pisl\u0259\u015f\u0259c\u0259k. A\u00e7\u0131\u011f\u0131, bu bar\u0259d\u0259 dan\u0131\u015fma\u011fa \u00e7\u0259tinlik \u00e7\u0259kir\u0259m, \u00e7\u00fcnki biz siyas\u0259t\u00e7il\u0259r, iqtisad\u00e7\u0131lar v\u0259ziyy\u0259tin pisl\u0259\u015f\u0259c\u0259yini deyirik, sanki \u0259hali d\u0259 buna haz\u0131rlan\u0131r, pisl\u0259\u015fdikc\u0259, \u015f\u0259rait\u0259 ita\u0259t edirl\u0259r. Ham\u0131 yeni \u015f\u0259rait\u0259 adaptasiya olunur. V\u0259ziyy\u0259t pisl\u0259\u015f\u0259c\u0259k, amma obyektiv s\u0259b\u0259bd\u0259n yox, yanl\u0131\u015f, s\u0259hv idar\u0259etm\u0259y\u0259, xalq\u0131n s\u0259rv\u0259tl\u0259rinin m\u0259nas\u0131z layih\u0259l\u0259r\u0259 x\u0259rcl\u0259ndiyin\u0259, korrupsiya davam etdiyin\u0259 g\u00f6r\u0259. Ona g\u00f6r\u0259 d\u0259 Az\u0259rbaycan xalq\u0131 2017-ci ild\u0259 n\u0259z\u0259r\u0259 almal\u0131d\u0131r ki, \u00f6z\u00fc d\u00f6vl\u0259t hakimiyy\u0259tin\u0259 sahib \u00e7\u0131xmayana, xalq t\u0259r\u0259find\u0259n se\u00e7il\u0259n parlament formala\u015fmayana, demokratik islahatlar v\u0259 d\u00f6vl\u0259t xalq\u0131 saymayana q\u0259d\u0259r v\u0259ziyy\u0259t pisl\u0259\u015f\u0259-pisl\u0259\u015f\u0259 ged\u0259c\u0259k\u201d.\n<\/p>\n<p>\n  <b><br \/>\n    <i><br \/>\n      \u201c\u00dcmumi s\u00f6zl\u0259r, pafoslu ifad\u0259l\u0259r \u018fliyevin \u00e7\u0131x\u0131\u015f\u0131n\u0131n \u0259sas\u0131n\u0131 t\u0259\u015fkil edirdi\u201d<br \/>\n    <\/i><br \/>\n  <\/b>\n<\/p>\n<p>\n  M\u00fcsavat Partiyas\u0131n\u0131n ba\u015fqan\u0131 Arif Hac\u0131l\u0131 \u0130lham \u018fliyevin \u00e7\u0131x\u0131\u015f\u0131n\u0131 \u201cpopulist v\u0259dl\u0259r\u201d dey\u0259 xarakteriz\u0259 edib:\n<\/p>\n<figure class=\"wp-block-image size-large\">\n  <img decoding=\"async\" src=\"https:\/\/www.meydan.tv\/az\/76796\/\" alt=\"\" class=\"wp-image-76796\"\/><figcaption>\n    Arif Hac\u0131l\u0131, foto: Meydan TV<br \/>\n  <\/figcaption><\/figure>\n<p>\n  \u201cH\u0259mi\u015f\u0259 oldu\u011fu kimi probleml\u0259rin h\u0259lli bar\u0259d\u0259 yox, daha \u00e7ox h\u0259yata ke\u00e7irilm\u0259si m\u00fcmk\u00fcn olmayan populist v\u0259dl\u0259rd\u0259n ibar\u0259t \u00e7\u0131x\u0131\u015f idi. Konkret olaraq, 2017-ci ild\u0259 h\u0259m b\u00f6hrandan \u00e7\u0131xmaq \u00fc\u00e7\u00fcn, h\u0259m Qaraba\u011f probleminin h\u0259lli istiqam\u0259tind\u0259, h\u0259m d\u0259 iqtisadi b\u00f6hrandan \u00e7\u0131xmaqdan \u00f6tr\u00fc real olaraq hans\u0131 add\u0131mlar\u0131n at\u0131laca\u011f\u0131, hans\u0131 iqtisadi islahatlar\u0131n apar\u0131laca\u011f\u0131 bar\u0259d\u0259 he\u00e7 n\u0259 deyilm\u0259di. \u018fvv\u0259lki ill\u0259rd\u0259 oldu\u011fu kimi, yen\u0259 d\u0259 \u00fcmumi s\u00f6zl\u0259r, pafoslu ifad\u0259l\u0259r \u018fliyevin \u00e7\u0131x\u0131\u015f\u0131n\u0131n \u0259sas\u0131n\u0131 t\u0259\u015fkil edirdi\u201d.\n<\/p>\n<p>\n  Ancaq M\u00fcsavat ba\u015fqan\u0131n\u0131n 2017-ci ild\u0259n g\u00f6zl\u0259ntil\u0259ri \u00e7oxdur, \u00e7\u00fcnki Az\u0259rbaycan c\u0259miyy\u0259tinin m\u00f6vcud v\u0259ziyy\u0259t\u0259 qar\u015f\u0131 f\u0259dakar m\u00fcbariz\u0259 aparaca\u011f\u0131na inan\u0131r:\n<\/p>\n<p>\n  \u201cHaz\u0131rk\u0131 hakimiyy\u0259td\u0259n is\u0259 he\u00e7 vaxt he\u00e7 n\u0259 g\u00f6zl\u0259mir\u0259m. 2017-ci ild\u0259 d\u0259 hakimiyy\u0259tin xalq\u0131n m\u0259nafel\u0259ri namin\u0259 hans\u0131sa real ciddi add\u0131mlar ataca\u011f\u0131na inanm\u0131ram\u201d.\n<\/p><\/p>\n","protected":false},"excerpt":{"rendered":"<p>&#8221;2 ild\u0259 orta ayl\u0131q \u0259m\u0259khaqq\u0131 566 dollardan 314 dollara d\u00fc\u015f\u00fcb, amma d\u00f6vl\u0259t ba\u015f\u00e7\u0131s\u0131 \u201cx\u0259b\u0259riniz yoxdur, \u0259m\u0259khaqq\u0131n\u0131z 7 faiz art\u0131b\u201d s\u00f6yl\u0259yir&#8221;<\/p>\n","protected":false},"author":11,"featured_media":76793,"comment_status":"closed","ping_status":"open","sticky":false,"template":"","format":"standard","meta":{"_acf_changed":false,"_sitemap_exclude":false,"_sitemap_priority":"","_sitemap_frequency":"","footnotes":""},"categories":[51],"tags":[],"class_list":["post-181659","post","type-post","status-publish","format-standard","has-post-thumbnail","hentry","category-analitika","infinite-scroll-item","generate-columns","tablet-grid-50","mobile-grid-100","grid-parent","grid-33","no-featured-image-padding"],"acf":[],"yoast_head":"<!-- This site is optimized with the Yoast SEO plugin v27.5 - https:\/\/yoast.com\/product\/yoast-seo-wordpress\/ -->\n<title>&#039;&#039;\u0130lham \u018fliyev populist v\u0259dl\u0259r verdi&#039;&#039; - MEYDAN.TV<\/title>\n<meta name=\"robots\" content=\"index, follow, max-snippet:-1, max-image-preview:large, max-video-preview:-1\" \/>\n<link rel=\"canonical\" href=\"https:\/\/www.meydan.tv\/az\/article\/ilham-eliyev-populist-vedler-verdi\/\" \/>\n<meta property=\"og:locale\" content=\"az_AZ\" \/>\n<meta property=\"og:type\" content=\"article\" \/>\n<meta property=\"og:title\" content=\"&#039;&#039;\u0130lham \u018fliyev populist v\u0259dl\u0259r verdi&#039;&#039; - MEYDAN.TV\" \/>\n<meta property=\"og:description\" content=\"&#039;&#039;2 ild\u0259 orta ayl\u0131q \u0259m\u0259khaqq\u0131 566 dollardan 314 dollara d\u00fc\u015f\u00fcb, amma d\u00f6vl\u0259t ba\u015f\u00e7\u0131s\u0131 \u201cx\u0259b\u0259riniz yoxdur, \u0259m\u0259khaqq\u0131n\u0131z 7 faiz art\u0131b\u201d s\u00f6yl\u0259yir&#039;&#039;\" \/>\n<meta property=\"og:url\" content=\"https:\/\/www.meydan.tv\/az\/article\/ilham-eliyev-populist-vedler-verdi\/\" \/>\n<meta property=\"og:site_name\" content=\"MEYDAN.TV\" \/>\n<meta property=\"article:published_time\" content=\"2017-01-04T16:00:53+00:00\" \/>\n<meta property=\"og:image\" content=\"https:\/\/www.meydan.tv\/wp-content\/uploads\/29743.png\" \/>\n\t<meta property=\"og:image:width\" content=\"1098\" \/>\n\t<meta property=\"og:image:height\" content=\"640\" \/>\n\t<meta property=\"og:image:type\" content=\"image\/png\" \/>\n<meta name=\"author\" content=\"user-manager\" \/>\n<meta name=\"twitter:card\" content=\"summary_large_image\" \/>\n<script type=\"application\/ld+json\" class=\"yoast-schema-graph\">{\"@context\":\"https:\\\/\\\/schema.org\",\"@graph\":[{\"@type\":\"Article\",\"@id\":\"https:\\\/\\\/www.meydan.tv\\\/az\\\/article\\\/ilham-eliyev-populist-vedler-verdi\\\/#article\",\"isPartOf\":{\"@id\":\"https:\\\/\\\/www.meydan.tv\\\/az\\\/article\\\/ilham-eliyev-populist-vedler-verdi\\\/\"},\"author\":{\"name\":\"user-manager\",\"@id\":\"https:\\\/\\\/www.meydan.tv\\\/az\\\/#\\\/schema\\\/person\\\/10d11eccf6da3662cf5fdab9806ea91a\"},\"headline\":\"&#8221;\u0130lham \u018fliyev populist v\u0259dl\u0259r verdi&#8221;\",\"datePublished\":\"2017-01-04T16:00:53+00:00\",\"mainEntityOfPage\":{\"@id\":\"https:\\\/\\\/www.meydan.tv\\\/az\\\/article\\\/ilham-eliyev-populist-vedler-verdi\\\/\"},\"wordCount\":2488,\"publisher\":{\"@id\":\"https:\\\/\\\/www.meydan.tv\\\/az\\\/#organization\"},\"image\":{\"@id\":\"https:\\\/\\\/www.meydan.tv\\\/az\\\/article\\\/ilham-eliyev-populist-vedler-verdi\\\/#primaryimage\"},\"thumbnailUrl\":\"https:\\\/\\\/www.meydan.tv\\\/wp-content\\\/uploads\\\/29743.png\",\"articleSection\":[\"Analitika\"],\"inLanguage\":\"az\"},{\"@type\":\"WebPage\",\"@id\":\"https:\\\/\\\/www.meydan.tv\\\/az\\\/article\\\/ilham-eliyev-populist-vedler-verdi\\\/\",\"url\":\"https:\\\/\\\/www.meydan.tv\\\/az\\\/article\\\/ilham-eliyev-populist-vedler-verdi\\\/\",\"name\":\"''\u0130lham \u018fliyev populist v\u0259dl\u0259r verdi'' - MEYDAN.TV\",\"isPartOf\":{\"@id\":\"https:\\\/\\\/www.meydan.tv\\\/az\\\/#website\"},\"primaryImageOfPage\":{\"@id\":\"https:\\\/\\\/www.meydan.tv\\\/az\\\/article\\\/ilham-eliyev-populist-vedler-verdi\\\/#primaryimage\"},\"image\":{\"@id\":\"https:\\\/\\\/www.meydan.tv\\\/az\\\/article\\\/ilham-eliyev-populist-vedler-verdi\\\/#primaryimage\"},\"thumbnailUrl\":\"https:\\\/\\\/www.meydan.tv\\\/wp-content\\\/uploads\\\/29743.png\",\"datePublished\":\"2017-01-04T16:00:53+00:00\",\"breadcrumb\":{\"@id\":\"https:\\\/\\\/www.meydan.tv\\\/az\\\/article\\\/ilham-eliyev-populist-vedler-verdi\\\/#breadcrumb\"},\"inLanguage\":\"az\",\"potentialAction\":[{\"@type\":\"ReadAction\",\"target\":[\"https:\\\/\\\/www.meydan.tv\\\/az\\\/article\\\/ilham-eliyev-populist-vedler-verdi\\\/\"]}]},{\"@type\":\"ImageObject\",\"inLanguage\":\"az\",\"@id\":\"https:\\\/\\\/www.meydan.tv\\\/az\\\/article\\\/ilham-eliyev-populist-vedler-verdi\\\/#primaryimage\",\"url\":\"https:\\\/\\\/www.meydan.tv\\\/wp-content\\\/uploads\\\/29743.png\",\"contentUrl\":\"https:\\\/\\\/www.meydan.tv\\\/wp-content\\\/uploads\\\/29743.png\",\"width\":1098,\"height\":640,\"caption\":\"Source:\"},{\"@type\":\"BreadcrumbList\",\"@id\":\"https:\\\/\\\/www.meydan.tv\\\/az\\\/article\\\/ilham-eliyev-populist-vedler-verdi\\\/#breadcrumb\",\"itemListElement\":[{\"@type\":\"ListItem\",\"position\":1,\"name\":\"Ana s\u0259hif\u0259\",\"item\":\"https:\\\/\\\/www.meydan.tv\\\/az\\\/\"},{\"@type\":\"ListItem\",\"position\":2,\"name\":\"Analitika\",\"item\":\"https:\\\/\\\/www.meydan.tv\\\/az\\\/section\\\/analitika\\\/\"},{\"@type\":\"ListItem\",\"position\":3,\"name\":\"&#8221;\u0130lham \u018fliyev populist v\u0259dl\u0259r verdi&#8221;\"}]},{\"@type\":\"WebSite\",\"@id\":\"https:\\\/\\\/www.meydan.tv\\\/az\\\/#website\",\"url\":\"https:\\\/\\\/www.meydan.tv\\\/az\\\/\",\"name\":\"MEYDAN.TV\",\"description\":\"Meydan TV Az\u0259rbaycan\u0131n media m\u0259kan\u0131ndak\u0131 alternativ s\u0259sidir\",\"publisher\":{\"@id\":\"https:\\\/\\\/www.meydan.tv\\\/az\\\/#organization\"},\"potentialAction\":[{\"@type\":\"SearchAction\",\"target\":{\"@type\":\"EntryPoint\",\"urlTemplate\":\"https:\\\/\\\/www.meydan.tv\\\/az\\\/?s={search_term_string}\"},\"query-input\":{\"@type\":\"PropertyValueSpecification\",\"valueRequired\":true,\"valueName\":\"search_term_string\"}}],\"inLanguage\":\"az\"},{\"@type\":\"Organization\",\"@id\":\"https:\\\/\\\/www.meydan.tv\\\/az\\\/#organization\",\"name\":\"Meydan TV\",\"url\":\"https:\\\/\\\/www.meydan.tv\\\/az\\\/\",\"logo\":{\"@type\":\"ImageObject\",\"inLanguage\":\"az\",\"@id\":\"https:\\\/\\\/www.meydan.tv\\\/az\\\/#\\\/schema\\\/logo\\\/image\\\/\",\"url\":\"https:\\\/\\\/www.meydan.tv\\\/wp-content\\\/uploads\\\/2021\\\/07\\\/meydan-logo.svg\",\"contentUrl\":\"https:\\\/\\\/www.meydan.tv\\\/wp-content\\\/uploads\\\/2021\\\/07\\\/meydan-logo.svg\",\"width\":195,\"height\":46,\"caption\":\"Meydan TV\"},\"image\":{\"@id\":\"https:\\\/\\\/www.meydan.tv\\\/az\\\/#\\\/schema\\\/logo\\\/image\\\/\"}},{\"@type\":\"Person\",\"@id\":\"https:\\\/\\\/www.meydan.tv\\\/az\\\/#\\\/schema\\\/person\\\/10d11eccf6da3662cf5fdab9806ea91a\",\"name\":\"user-manager\"}]}<\/script>\n<!-- \/ Yoast SEO plugin. -->","yoast_head_json":{"title":"''\u0130lham \u018fliyev populist v\u0259dl\u0259r verdi'' - MEYDAN.TV","robots":{"index":"index","follow":"follow","max-snippet":"max-snippet:-1","max-image-preview":"max-image-preview:large","max-video-preview":"max-video-preview:-1"},"canonical":"https:\/\/www.meydan.tv\/az\/article\/ilham-eliyev-populist-vedler-verdi\/","og_locale":"az_AZ","og_type":"article","og_title":"''\u0130lham \u018fliyev populist v\u0259dl\u0259r verdi'' - MEYDAN.TV","og_description":"''2 ild\u0259 orta ayl\u0131q \u0259m\u0259khaqq\u0131 566 dollardan 314 dollara d\u00fc\u015f\u00fcb, amma d\u00f6vl\u0259t ba\u015f\u00e7\u0131s\u0131 \u201cx\u0259b\u0259riniz yoxdur, \u0259m\u0259khaqq\u0131n\u0131z 7 faiz art\u0131b\u201d s\u00f6yl\u0259yir''","og_url":"https:\/\/www.meydan.tv\/az\/article\/ilham-eliyev-populist-vedler-verdi\/","og_site_name":"MEYDAN.TV","article_published_time":"2017-01-04T16:00:53+00:00","og_image":[{"width":1098,"height":640,"url":"https:\/\/www.meydan.tv\/wp-content\/uploads\/29743.png","type":"image\/png"}],"author":"user-manager","twitter_card":"summary_large_image","schema":{"@context":"https:\/\/schema.org","@graph":[{"@type":"Article","@id":"https:\/\/www.meydan.tv\/az\/article\/ilham-eliyev-populist-vedler-verdi\/#article","isPartOf":{"@id":"https:\/\/www.meydan.tv\/az\/article\/ilham-eliyev-populist-vedler-verdi\/"},"author":{"name":"user-manager","@id":"https:\/\/www.meydan.tv\/az\/#\/schema\/person\/10d11eccf6da3662cf5fdab9806ea91a"},"headline":"&#8221;\u0130lham \u018fliyev populist v\u0259dl\u0259r verdi&#8221;","datePublished":"2017-01-04T16:00:53+00:00","mainEntityOfPage":{"@id":"https:\/\/www.meydan.tv\/az\/article\/ilham-eliyev-populist-vedler-verdi\/"},"wordCount":2488,"publisher":{"@id":"https:\/\/www.meydan.tv\/az\/#organization"},"image":{"@id":"https:\/\/www.meydan.tv\/az\/article\/ilham-eliyev-populist-vedler-verdi\/#primaryimage"},"thumbnailUrl":"https:\/\/www.meydan.tv\/wp-content\/uploads\/29743.png","articleSection":["Analitika"],"inLanguage":"az"},{"@type":"WebPage","@id":"https:\/\/www.meydan.tv\/az\/article\/ilham-eliyev-populist-vedler-verdi\/","url":"https:\/\/www.meydan.tv\/az\/article\/ilham-eliyev-populist-vedler-verdi\/","name":"''\u0130lham \u018fliyev populist v\u0259dl\u0259r verdi'' - MEYDAN.TV","isPartOf":{"@id":"https:\/\/www.meydan.tv\/az\/#website"},"primaryImageOfPage":{"@id":"https:\/\/www.meydan.tv\/az\/article\/ilham-eliyev-populist-vedler-verdi\/#primaryimage"},"image":{"@id":"https:\/\/www.meydan.tv\/az\/article\/ilham-eliyev-populist-vedler-verdi\/#primaryimage"},"thumbnailUrl":"https:\/\/www.meydan.tv\/wp-content\/uploads\/29743.png","datePublished":"2017-01-04T16:00:53+00:00","breadcrumb":{"@id":"https:\/\/www.meydan.tv\/az\/article\/ilham-eliyev-populist-vedler-verdi\/#breadcrumb"},"inLanguage":"az","potentialAction":[{"@type":"ReadAction","target":["https:\/\/www.meydan.tv\/az\/article\/ilham-eliyev-populist-vedler-verdi\/"]}]},{"@type":"ImageObject","inLanguage":"az","@id":"https:\/\/www.meydan.tv\/az\/article\/ilham-eliyev-populist-vedler-verdi\/#primaryimage","url":"https:\/\/www.meydan.tv\/wp-content\/uploads\/29743.png","contentUrl":"https:\/\/www.meydan.tv\/wp-content\/uploads\/29743.png","width":1098,"height":640,"caption":"Source:"},{"@type":"BreadcrumbList","@id":"https:\/\/www.meydan.tv\/az\/article\/ilham-eliyev-populist-vedler-verdi\/#breadcrumb","itemListElement":[{"@type":"ListItem","position":1,"name":"Ana s\u0259hif\u0259","item":"https:\/\/www.meydan.tv\/az\/"},{"@type":"ListItem","position":2,"name":"Analitika","item":"https:\/\/www.meydan.tv\/az\/section\/analitika\/"},{"@type":"ListItem","position":3,"name":"&#8221;\u0130lham \u018fliyev populist v\u0259dl\u0259r verdi&#8221;"}]},{"@type":"WebSite","@id":"https:\/\/www.meydan.tv\/az\/#website","url":"https:\/\/www.meydan.tv\/az\/","name":"MEYDAN.TV","description":"Meydan TV Az\u0259rbaycan\u0131n media m\u0259kan\u0131ndak\u0131 alternativ s\u0259sidir","publisher":{"@id":"https:\/\/www.meydan.tv\/az\/#organization"},"potentialAction":[{"@type":"SearchAction","target":{"@type":"EntryPoint","urlTemplate":"https:\/\/www.meydan.tv\/az\/?s={search_term_string}"},"query-input":{"@type":"PropertyValueSpecification","valueRequired":true,"valueName":"search_term_string"}}],"inLanguage":"az"},{"@type":"Organization","@id":"https:\/\/www.meydan.tv\/az\/#organization","name":"Meydan TV","url":"https:\/\/www.meydan.tv\/az\/","logo":{"@type":"ImageObject","inLanguage":"az","@id":"https:\/\/www.meydan.tv\/az\/#\/schema\/logo\/image\/","url":"https:\/\/www.meydan.tv\/wp-content\/uploads\/2021\/07\/meydan-logo.svg","contentUrl":"https:\/\/www.meydan.tv\/wp-content\/uploads\/2021\/07\/meydan-logo.svg","width":195,"height":46,"caption":"Meydan TV"},"image":{"@id":"https:\/\/www.meydan.tv\/az\/#\/schema\/logo\/image\/"}},{"@type":"Person","@id":"https:\/\/www.meydan.tv\/az\/#\/schema\/person\/10d11eccf6da3662cf5fdab9806ea91a","name":"user-manager"}]}},"_links":{"self":[{"href":"https:\/\/www.meydan.tv\/az\/wp-json\/wp\/v2\/posts\/181659","targetHints":{"allow":["GET"]}}],"collection":[{"href":"https:\/\/www.meydan.tv\/az\/wp-json\/wp\/v2\/posts"}],"about":[{"href":"https:\/\/www.meydan.tv\/az\/wp-json\/wp\/v2\/types\/post"}],"author":[{"embeddable":true,"href":"https:\/\/www.meydan.tv\/az\/wp-json\/wp\/v2\/users\/11"}],"replies":[{"embeddable":true,"href":"https:\/\/www.meydan.tv\/az\/wp-json\/wp\/v2\/comments?post=181659"}],"version-history":[{"count":0,"href":"https:\/\/www.meydan.tv\/az\/wp-json\/wp\/v2\/posts\/181659\/revisions"}],"wp:featuredmedia":[{"embeddable":true,"href":"https:\/\/www.meydan.tv\/az\/wp-json\/wp\/v2\/media\/76793"}],"wp:attachment":[{"href":"https:\/\/www.meydan.tv\/az\/wp-json\/wp\/v2\/media?parent=181659"}],"wp:term":[{"taxonomy":"category","embeddable":true,"href":"https:\/\/www.meydan.tv\/az\/wp-json\/wp\/v2\/categories?post=181659"},{"taxonomy":"post_tag","embeddable":true,"href":"https:\/\/www.meydan.tv\/az\/wp-json\/wp\/v2\/tags?post=181659"}],"curies":[{"name":"wp","href":"https:\/\/api.w.org\/{rel}","templated":true}]}}