{"id":181647,"date":"2017-01-03T20:01:25","date_gmt":"2017-01-03T20:01:25","guid":{"rendered":"https:\/\/www.meydan.tv\/article\/2017-ye-qeder-ado-oda\/"},"modified":"2017-01-03T20:01:25","modified_gmt":"2017-01-03T20:01:25","slug":"2017-ye-qeder-ado-oda","status":"publish","type":"post","link":"https:\/\/www.meydan.tv\/az\/article\/2017-ye-qeder-ado-oda\/","title":{"rendered":"2017-y\u0259 q\u0259d\u0259r&#8230; (ADO \u2013 Oda)"},"content":{"rendered":"<figure class=\"wp-block-image size-large\">\n  <img decoding=\"async\" src=\"https:\/\/www.meydan.tv\/az\/elmin-bedelov-2\/\" alt=\"Elmin B\u0259d\u0259lov\" class=\"wp-image-76741\"\/><figcaption>\n    Elmin B\u0259d\u0259lov<br \/>\n  <\/figcaption><\/figure>\n<p>\n  <i><br \/>\n    ADO-Oda tarixin\u0259 q\u0131sa bax\u0131\u015f etm\u0259k ist\u0259rdim<br \/>\n  <\/i>\n<\/p>\n<p>\n  B\u00f6y\u00fck bir ixtisarla. Ba\u015flayaq 2012-ci ild\u0259n. Az\u0259rbaycanda bomboz bir teatr m\u00fchiti vard\u0131. Bir qrup g\u0259ncl\u0259 bir araya g\u0259l\u0259r\u0259k teatr qrupu yarad\u0131b, m\u00fczakir\u0259l\u0259r, m\u0259\u015fql\u0259r edir, ortal\u0131\u011fa n\u0259ys\u0259 \u00e7\u0131xarmaq ist\u0259yirdik. M\u00fchit\u0259 r\u0259ng qatmaq ist\u0259s\u0259k d\u0259, bir ne\u00e7\u0259 ay sonra \u00f6z\u00fcm\u00fcz bozla\u015fma\u011fa, yor\u011funla\u015fma\u011fa ba\u015flad\u0131q. G\u00fcnl\u0259rin birind\u0259 Qoqolun &#8220;Evl\u0259nm\u0259&#8221; pyesi il\u0259 ba\u015flad\u0131q yenid\u0259n. Bu sad\u0259c\u0259 insanlar\u0131n reaksiyas\u0131n\u0131 yoxlamaq \u00fc\u00e7\u00fcn sanki bir test oldu. Maraqla qar\u015f\u0131land\u0131. H\u0259l\u0259 d\u0259 n\u0259 etdiyimizi tam ayd\u0131nla\u015fd\u0131ra bilmirdik. Yenid\u0259n \u00e7\u00f6k\u00fc\u015f ba\u015flad\u0131&#8230;\n<\/p>\n<p>\n  N\u0259hay\u0259t, 2013-c\u00fc il 15 iyul tarixind\u0259 daha q\u0259ti add\u0131m atmaq q\u0259rar\u0131 verdim, &#8220;Oda&#8221; adl\u0131 ilk m\u00fcst\u0259qil teatr t\u0259sis etdim. Bu i\u015fd\u0259 m\u0259n\u0259 \u00e7ox k\u00f6m\u0259k ed\u0259n insanlar oldu. Onlar m\u0259niml\u0259 birg\u0259 \u0259ziyy\u0259t\u0259 qatla\u015fmaqdan \u00e7\u0259kinm\u0259dil\u0259r. Teatr\u0131n ilk tama\u015fas\u0131 Rumin dramaturqu Matey Vi\u015fnekin &#8220;S\u0259nc\u0259, d\u00f6y\u0259c\u0259kl\u0259r?&#8221; pyesi \u0259sas\u0131nda haz\u0131rland\u0131. Pyesi Az\u0259rbaycan dilin\u0259 Zamin Hac\u0131 t\u0259rc\u00fcm\u0259 etmi\u015fdi. Tama\u015fan\u0131n qurulu\u015funu \u0130lqar Cahangir \u00fcz\u0259rin\u0259 g\u00f6t\u00fcrd\u00fc. \u0130lk t\u0259qdimatdan sonra dey\u0259s\u0259n h\u0259r \u015feyin c\u0131\u011f\u0131ra d\u00fc\u015fd\u00fcy\u00fcn\u00fc hiss edirdik. \u00c7ox \u00e7\u0259km\u0259di, c\u0259mi iki ay sonra polis teatr\u0131n Top\u00e7uba\u015fov 38 \u00fcnvan\u0131nda yerl\u0259\u015f\u0259n &#8220;Zirz\u0259mi&#8221; m\u0259kan\u0131na yeti\u015fdi, m\u0259ni v\u0259 \u0130lqar Cahangiri b\u00f6lm\u0259y\u0259 apard\u0131lar. Mediada i\u015f\u0131q s\u00fcr\u0259til\u0259 yay\u0131lan m\u0259lumatlar el\u0259 b\u00f6lm\u0259nin qap\u0131s\u0131ndan i\u00e7\u0259ri gir\u0259nd\u0259 polisl\u0259rin \u00f6z\u00fcn\u0259 f\u0131rlan\u0131b \u00e7atd\u0131. Polisl\u0259r h\u0259r\u0259si bir t\u0259r\u0259f\u0259 da\u011f\u0131l\u0131\u015fd\u0131lar, bizi r\u00fctb\u0259si \u0259n ki\u00e7ik olan bir polis i\u015f\u00e7isinin yan\u0131nda qoydular. O da &#8220;sizi tutan olub ki, mediaya m\u0259lumat vermisiz? \u00c7\u0131x\u0131,n gedin&#8221; &#8211; deyib bizi &#8220;qovdu&#8221;. Davam etdik, &#8220;Arzular ba\u011f\u0131&#8221;, &#8220;\u0130ntihar&#8221;, &#8220;\u0130t\u0259n vaxt&#8221;, &#8220;X\u0259yali qisas&#8221;, &#8220;Apokalipsis&#8221; adl\u0131 yeni tama\u015falar t\u0259qdim etdik. Bu vaxt \u0259rzind\u0259 xeyli sayda probleml\u0259r ba\u015f\u0131m\u0131zdan \u0259skik olmad\u0131. Odan\u0131n f\u0259aliyy\u0259tinin 8-ci ay\u0131nda maliyy\u0259 problemi bizi haqlad\u0131.\n<\/p>\n<p>\n  Q\u0131sa fasil\u0259d\u0259n sonra daha geni\u015f m\u0259kanda (\u018fl\u00f6vs\u0259t Quliyev 115) f\u0259aliyy\u0259timizin 2-ci m\u00f6vs\u00fcm\u00fcn\u00fcn a\u00e7\u0131l\u0131\u015f\u0131n\u0131 etdik. El\u0259 burada da \u00e7ox \u00e7\u0259km\u0259di. Sanki tarix t\u0259krarlan\u0131rd\u0131. Yeni yerd\u0259ki f\u0259aliyy\u0259tin ikinci ay\u0131nda qap\u0131m\u0131z\u0131 yenid\u0259n polis d\u00f6yd\u00fc. Bu d\u0259f\u0259 &#8220;\u015fortik&#8221; s\u00f6hb\u0259ti olmu\u015fdu, nam\u0259lum \u015f\u0259xsl\u0259r tama\u015fa\u00e7\u0131m\u0131z\u0131 d\u00f6ym\u0259k ist\u0259mi\u015fdi. Polis d\u0259 g\u0259lib yer sahibini h\u0259d\u0259l\u0259mi\u015f, qap\u0131n\u0131n q\u0131f\u0131l\u0131n\u0131 d\u0259yi\u015fmi\u015fdil\u0259r.<br \/>\n  <br \/>\n  \u00dc\u00e7\u00fcnc\u00fc m\u0259kana (T\u0259briz X\u0259lilb\u0259yli k\u00fc\u00e7.) k\u00f6\u00e7m\u0259li olduq. Yen\u0259 d\u0259 \u00e7ox \u00e7\u0259km\u0259di. 3 ay sonra yer sahibi biz\u0259 qap\u0131n\u0131 g\u00f6st\u0259rdi. Biz d\u0259 d\u00f6rd\u00fcnc\u00fc m\u0259kan\u0131m\u0131z olan Dilar\u0259 \u018fliyeva 141 \u00fcnvan\u0131na k\u00f6\u00e7\u0259si olduq. Yeni m\u0259kan\u0131m\u0131z\u0131n sahib\u0259si bizi d\u0259st\u0259kl\u0259yirdi. Bu yerimizd\u0259 bir ild\u0259n \u00e7ox qald\u0131q. Tama\u015falar\u0131m\u0131z\u0131n da say\u0131 art\u0131rd\u0131. &#8220;B\u0259yaz \u015fedevr&#8221;, &#8220;MimOda18+&#8221;, &#8220;Tikanl\u0131 m\u0259ftill\u0259r&#8221; adl\u0131 tama\u015falar repertuar\u0131m\u0131za \u0259lav\u0259 olunmu\u015fdu. G\u00fcnl\u0259rin birind\u0259 Bak\u0131 \u015e\u0259h\u0259r \u0130cra Hakimiyy\u0259tinin n\u00fcmay\u0259nd\u0259l\u0259ri g\u0259lib dedil\u0259r ki, binan\u0131 s\u00f6k\u0259c\u0259kl\u0259r, bu s\u0259b\u0259bd\u0259n m\u0259kan\u0131 t\u0259rk etm\u0259liyik. Be\u015finci m\u0259kan\u0131m\u0131z olan B\u0259\u015fir S\u0259f\u0259ro\u011flu 155 \u00fcnvan\u0131na k\u00f6\u00e7d\u00fck. \u00dcst\u00fcnd\u0259n bir il\u0259 yax\u0131n vaxt ke\u00e7m\u0259sin\u0259 baxmayaraq, h\u0259l\u0259 d\u0259 Dilar\u0259 \u018fliyeva 141 \u00fcnvan\u0131nda yerl\u0259\u015f\u0259n d\u00f6rd\u00fcnc\u00fc m\u0259kan\u0131m\u0131z\u0131 s\u00f6k\u0259n yoxdur. \u0130ndi is\u0259 maliyy\u0259 problemi \u00fcz\u00fcnd\u0259n m\u0259kans\u0131z\u0131q. Lakin f\u0259aliyy\u0259timiz dayanmay\u0131b, yeni yer tapana q\u0259d\u0259r s\u0259yyar f\u0259aliyy\u0259t g\u00f6st\u0259ririk&#8230;\n<\/p>\n<p>\n  Niy\u0259 ADO?\n<\/p>\n<p>\n  Oda teatr\u0131n\u0131n \u0259n b\u00f6y\u00fck m\u0259qs\u0259dl\u0259rind\u0259n biri d\u0259 \u00f6lk\u0259d\u0259 m\u00fcst\u0259qil teatrlar\u0131n say\u0131n\u0131n artmas\u0131 idi. Ancaq Odan\u0131n yaranmas\u0131ndan iki il ke\u00e7m\u0259sin\u0259 baxmayaraq, m\u00fcst\u0259qil teatrlar yaranm\u0131rd\u0131. D\u00fc\u015f\u00fcnd\u00fcm ki, yen\u0259 \u00f6z\u00fcm\u00fcz ba\u015flamal\u0131y\u0131q. 1 sentyabr 2015-ci il tarixind\u0259 Oda s\u00f6z\u00fcn\u00fcn t\u0259rsi olan &#8220;ADO&#8221; ad\u0131nda modern bir teatr t\u0259sis etdim. Yen\u0259 d\u0259 bu i\u015fd\u0259 m\u0259n\u0259 d\u0259st\u0259k v\u0259 k\u00f6m\u0259k olanlar \u0259skik olmad\u0131. Art\u0131q iki m\u00fcst\u0259qil teatr f\u0259aliyy\u0259t g\u00f6st\u0259rirdi. ADO m\u0259kan\u0131n padval\u0131nda, Oda is\u0259 birinci m\u0259rt\u0259b\u0259sind\u0259 yerl\u0259\u015firdi. 31 mart 2016-c\u0131 il tarixind\u0259n is\u0259 Oda v\u0259 ADO teatrlar\u0131 repertuarlar\u0131n\u0131 birl\u0259\u015fdir\u0259r\u0259k ADO teatr\u0131 ad\u0131 il\u0259 f\u0259aliyy\u0259tini davam etdirdi. Teatr\u0131n yaranma tarixi is\u0259 15 iyul 2013-c\u00fc il kimi q\u0259bul olundu. \u018fsas x\u0259tt is\u0259 ADO teatr\u0131 stili olaraq g\u00f6t\u00fcr\u00fcld\u00fc. Bel\u0259 des\u0259k, Oda ADO-nun i\u00e7ind\u0259 yo\u011fruldu. \u00dcmumi yolumuz yenil\u0259\u015f\u0259r\u0259k daha modernl\u0259\u015fdi v\u0259 b\u00fct\u00f6vl\u0259\u015fdi sanki. Bel\u0259 des\u0259k, Oda el\u0259 ADO, ADO da Odad\u0131r. \u0130st\u0259s\u0259niz, ADO s\u00f6z\u00fcn\u00fc bir abvieatura kimi tan\u0131ya v\u0259 a\u00e7\u0131qlamas\u0131n\u0131 ADO \u2013 Az\u0259rbaycan Da\u011f\u0131n\u0131q Oda teatr\u0131 kimi ver\u0259 bil\u0259rsiniz. Bu abvieatura a\u00e7\u0131qlamas\u0131n\u0131 sonra d\u0259yi\u015fm\u0259k d\u0259 olar. \u018fsas adlar yox, i\u015fl\u0259r \u00f6n\u0259mlidir.\n<\/p>\n<p>\n  Bundan sonra ADO dey\u0259c\u0259yimiz teatr\u0131 nec\u0259 ba\u015fa d\u00fc\u015f\u0259k?\n<\/p>\n<p>\n  Zaman ke\u00e7irdi, ora-bura &#8220;s\u00fcrg\u00fcn&#8221; olunsaq da, probleml\u0259rl\u0259 m\u00fcbariz\u0259 aparsaq da, repertuar\u0131m\u0131za yeni tama\u015falar\u0131n \u0259lav\u0259 olunmas\u0131 l\u0259ngimirdi. &#8220;STOP&#8221;, &#8220;A\u011f-Qara&#8221;, &#8220;GOTT v\u0259 ya C\u0259nn\u0259tin i\u015f\u011fal\u0131&#8221;, &#8220;ya\u011f\u0131\u015f, ya\u011f\u0131\u015f, ya\u011f\u0131\u015f&#8221; v\u0259 ba\u015fqa tama\u015falar repertuar\u0131m\u0131z\u0131 z\u0259nginl\u0259\u015fdirm\u0259kd\u0259 idi. Bunlardan \u0259lav\u0259, teatr hey\u0259ti Fransa, \u0130ran, T\u00fcrkiy\u0259 v\u0259 G\u00fcrc\u00fcstanda tama\u015falar g\u00f6st\u0259rib, g\u00f6r\u00fc\u015fl\u0259r ke\u00e7irib. Eyni zamanda teatr\u0131n tama\u015falar\u0131 Fransan\u0131n &#8220;Oriak&#8221; festival\u0131n\u0131n, \u0130ran\u0131n &#8220;T\u0259brizim&#8221; k\u00fc\u00e7\u0259 teatrlar\u0131 festival\u0131n\u0131n qalibi olub.\n<\/p>\n<p>\n  T\u0259sis\u00e7isi oldu\u011fum teatr\u0131n u\u011furlar\u0131n\u0131, tarixi yolunu yazmaq m\u0259n\u0259 \u00e7ox q\u00fcrur verir. \u018fn \u0259sas\u0131 da bu teatr\u0131n bir t\u0259sis\u00e7isi olubsa, d\u0259st\u0259k\u00e7il\u0259rinin, tama\u015fa\u00e7\u0131lar\u0131n\u0131n, m\u0259niml\u0259 birg\u0259 \u00e7iyin-\u00e7iyin\u0259 \u00e7al\u0131\u015fanlar\u0131n, b\u00f6y\u00fck m\u0259suliyy\u0259tin alt\u0131na \u00e7\u0259kinm\u0259d\u0259n gir\u0259nl\u0259rin say\u0131 \u00e7oxdur v\u0259 artmaqdad\u0131r.\n<\/p>\n<p>\n  Ancaq teatr f\u0259aliyy\u0259timizin d\u00f6rd\u00fcnc\u00fc ilind\u0259 olma\u011f\u0131m\u0131za baxmayaraq, bizi ba\u015fa d\u00fc\u015fm\u0259y\u0259nl\u0259rin, t\u0259nqid, t\u0259hqir ed\u0259nl\u0259rin say\u0131 da azalm\u0131r. M\u0259s\u0259l\u0259l\u0259r\u0259 azac\u0131q ayd\u0131nl\u0131q g\u0259tirm\u0259k d\u0259 bizim \u00fcz\u0259rimiz\u0259 d\u00fc\u015f\u00fcr.\n<\/p>\n<p>\n  ADO Az\u0259rbaycanda modern, kreativ teatr \u0259n\u0259n\u0259sini formala\u015fd\u0131r\u0131r. \u00d6t\u0259n ill\u0259r\u0259 nisb\u0259td\u0259 yolunu daha da q\u0259til\u0259\u015fdirib. \u00d6z\u00fcn\u0259 f\u0259rqli bir teatr \u0259n\u0259n\u0259si se\u00e7s\u0259 d\u0259, bu teatr\u0131n dem\u0259k ist\u0259dikl\u0259ri, m\u0259qs\u0259dl\u0259ri daha geni\u015fdir. B\u00fct\u00fcn bunlar sad\u0259c\u0259 olaraq bir vasit\u0259 v\u0259 yoldur. Biz i\u00e7imizd\u0259ki azadl\u0131q ruhunu m\u00fcxt\u0259lif vasit\u0259l\u0259rl\u0259 simvoliz\u0259 edir, \u015f\u00fcurlar\u0131n formala\u015fmas\u0131nda rol oynay\u0131r v\u0259 m\u0259qs\u0259dimiz u\u011frunda ir\u0259lil\u0259yirik. Bizi t\u0259hqir ed\u0259nl\u0259rin say\u0131 azalmasa da, b\u0259z\u0259n \u00f6z\u00fcm\u00fcz d\u0259 hiss etm\u0259d\u0259n m\u0259qs\u0259d\u0259 do\u011fru ir\u0259lil\u0259yirik. Arxaya d\u00f6n\u00fcb baxd\u0131qda, gerid\u0259 qoydu\u011fumuz ill\u0259r\u0259 n\u0259z\u0259r sald\u0131qda g\u00f6r\u00fcr\u00fck ki, bizim etdiyimiz d\u0259yi\u015fiklikl\u0259r buna misald\u0131r. El\u0259 bizim ba\u015flatd\u0131\u011f\u0131m\u0131z &#8220;m\u00fcst\u0259qil teatrlar\u0131n yeti\u015fm\u0259si&#8221; \u0259n\u0259n\u0259si \u00f6z b\u0259hr\u0259sini verdikc\u0259, prosesin d\u00fczg\u00fcn getdiyin\u0259 \u0259minliyimiz art\u0131r. \u00c7\u00fcnki biz ba\u015fa d\u00fc\u015f\u00fcr\u00fck ki, m\u0259d\u0259niyy\u0259tin, teatr m\u00fchitl\u0259rinin inki\u015faf\u0131 \u00fc\u00e7\u00fcn m\u00fcst\u0259qil teatrlar\u0131n\u0131n say\u0131n\u0131n artmas\u0131 \u00e7ox faydal\u0131 olacaq. Onlar\u0131n keyfiyy\u0259tli, yaxud keyfiyy\u0259tsiz tama\u015fa g\u00f6st\u0259rm\u0259sind\u0259n s\u00f6hb\u0259t getmir. \u018fsas say\u0131n artmas\u0131d\u0131r. Say artd\u0131qca m\u00fchit yaranacaq v\u0259 buradan \u0259n yax\u015f\u0131lar\u0131 h\u0259mi\u015f\u0259 \u00fczd\u0259 olacaq. Bu, tarix\u0259n bel\u0259 olub.\n<\/p>\n<p>\n  4 illik f\u0259aliyy\u0259timiz d\u00f6n\u0259mind\u0259 4 d\u0259f\u0259d\u0259n \u00e7ox bu teatr\u0131 ba\u011flay\u0131blar. Ancaq h\u0259r d\u0259f\u0259 q\u0131sa zaman ke\u00e7m\u0259d\u0259n teatr\u0131n f\u0259aliyy\u0259tini b\u0259rpa etmi\u015fik. Teatr\u0131n f\u0259aliyy\u0259tini s\u00fcni \u0259ng\u0259ll\u0259rl\u0259 dayand\u0131randa &#8220;fahi\u015f\u0259xana ba\u011fland\u0131&#8221; deyib\u0259n sevin\u0259nl\u0259r f\u0259aliyy\u0259timizi b\u0259rpa ed\u0259nd\u0259 sanki yasa batard\u0131lar. \u018fslind\u0259 onlar anlam\u0131rd\u0131lar ki, bu teatr\u0131 ba\u011flamaq \u00fc\u00e7\u00fcn onun yerini \u0259lind\u0259n almaq, polisl\u0259 h\u0259d\u0259l\u0259m\u0259kl\u0259, binan\u0131n i\u015f\u0131qlar\u0131n\u0131 k\u0259sm\u0259kl\u0259 he\u00e7n\u0259y\u0259 nail olmayacaqlar. \u00c7\u00fcnki ADO binadan, rekvizitl\u0259rd\u0259n, yaxud g\u00f6zl\u0259 g\u00f6r\u00fcn\u0259n n\u0259l\u0259rd\u0259ns\u0259 ibar\u0259t deyil. ADO azadl\u0131qdan ibar\u0259tdir. B\u0259zil\u0259rin\u0259 \u00fczd\u0259 &#8220;fahi\u015f\u0259xana&#8221; kimi g\u00f6r\u00fcn\u0259n bu teatr daxild\u0259n azadl\u0131q hayq\u0131r\u0131\u015f\u0131ndan ibar\u0259tdir. Bunlar\u0131 teatr\u0131n tama\u015falar\u0131na diqq\u0259tl\u0259 baxanda g\u00f6rm\u0259k olar.\n<\/p>\n<p>\n  Yuxar\u0131da Az\u0259rbaycan Da\u011f\u0131n\u0131q Oda teatr\u0131 (ADO) kimi t\u0259qdim etdiyimiz addak\u0131 &#8220;da\u011f\u0131n\u0131q&#8221; s\u00f6z\u00fcn\u0259 diqq\u0259t \u00e7\u0259km\u0259k ist\u0259yir\u0259m. Teatr\u0131n repertuar\u0131ndak\u0131 tama\u015falara baxsaq, bu da\u011f\u0131n\u0131ql\u0131\u011f\u0131 g\u00f6rm\u0259k olar. Bu da\u011f\u0131n\u0131ql\u0131\u011f\u0131n k\u00f6k\u00fcnd\u0259 d\u0259 s\u0259rb\u0259stlik dayan\u0131b. O s\u0259rb\u0259stlikd\u0259 ki, bir \u00e7ox janr cilalan\u0131r v\u0259 sanki bir &#8220;aksiya&#8221; janr\u0131na \u00e7evril\u0259r\u0259k \u00f6z \u0259ksini tap\u0131r. \u018fg\u0259r tama\u015falara diqq\u0259tl\u0259 fikir vers\u0259k, biz orada s\u00fcrrealizm, ekzistensializm, realizm, b\u0259d\u0259nl\u0259rin dan\u0131\u015f\u0131\u011f\u0131, b\u0259z\u0259n d\u0259 absurda q\u0259d\u0259r gedib \u00e7\u0131xan elementl\u0259r\u0259 rast g\u0259lm\u0259k olar. Bu elementl\u0259rin say\u0131n\u0131 art\u0131rmaq da olar. Ancaq b\u00fct\u00fcn m\u0259s\u0259l\u0259l\u0259rin k\u00f6k\u00fcnd\u0259 m\u0259qs\u0259d dayan\u0131r. Biz m\u0259qs\u0259dimizi yarad\u0131c\u0131l\u0131\u011fa \u00e7evirir v\u0259 bunun \u00fc\u00e7\u00fcn add\u0131mlay\u0131r\u0131q. Janr\u0131m\u0131z\u0131n \u00fcmumil\u0259\u015fdirilmi\u015f ad\u0131n\u0131 AKS\u0130YA qoyaraq m\u0259s\u0259l\u0259l\u0259rimizin h\u0259lli \u00fc\u00e7\u00fcn add\u0131mlay\u0131r\u0131q. O m\u0259s\u0259l\u0259l\u0259r ki, onlar yaln\u0131z bizim m\u0259s\u0259l\u0259l\u0259rimiz deyil, onlar h\u0259m d\u0259 c\u0259miyy\u0259tin m\u0259s\u0259l\u0259l\u0259ridir, insanlar\u0131n probleml\u0259ridir. \u00dczd\u0259 g\u00f6r\u00fcn\u0259nl\u0259r is\u0259 sad\u0259c\u0259 bir b\u0259han\u0259dir. Orada intim m\u00fcnasib\u0259tl\u0259rd\u0259n tutmu\u015f, a\u00e7\u0131q-sa\u00e7\u0131ql\u0131\u011fa q\u0259d\u0259r h\u0259r \u015feyi g\u00f6rm\u0259k olur. D\u0259rinliyi g\u00f6rm\u0259y\u0259nl\u0259r, ba\u015fa d\u00fc\u015fm\u0259y\u0259nl\u0259r, yaxud g\u00f6rm\u0259k ist\u0259m\u0259y\u0259nl\u0259r bunu ya &#8220;fahi\u015f\u0259xana&#8221; adland\u0131r\u0131r, ya da burada rejissor i\u015fi yoxdur, \u00e7ox sad\u0259dir v\u0259.s deyib ke\u00e7irl\u0259r. \u018flb\u0259tt\u0259, biz sad\u0259liyi g\u00f6st\u0259rm\u0259y\u0259 a\u00e7l\u0131\u015f\u0131r\u0131q, pafosdan k\u0259nar qa\u00e7maq v\u0259 \u00f6z i\u00e7imizi, bizi narahat ed\u0259n m\u0259s\u0259l\u0259l\u0259ri ayd\u0131nla\u015fd\u0131rmaq \u00fc\u00e7\u00fcn \u00e7al\u0131\u015f\u0131r\u0131q. Biz alternativ teatr\u0131q. V\u0259 ill\u0259rl\u0259 Az\u0259rbaycan teatr\u0131nda qar\u0131\u015f\u0131q, q\u0259liz, anla\u015f\u0131lmaz, pafosla dolu, \u00fct\u00fcl\u0259nmi\u015f tama\u015falar\u0131n say\u0131 o q\u0259d\u0259r \u00e7ox olub ki, bu insanlar\u0131n t\u0259ht\u0259l\u015f\u00fcuruna yeriyib. Anlay\u0131ram, sad\u0259l\u0259\u015fm\u0259k d\u0259 \u00e7\u0259tindir. H\u0259tta yenilik\u00e7i kimi tan\u0131d\u0131\u011f\u0131n\u0131z insanlar da b\u0259z\u0259n sad\u0259l\u0259\u015fm\u0259kd\u0259n qorxur, b\u0259lk\u0259 d\u0259 \u00f6z \u00e7irkab\u0131n\u0131 b\u0259r-b\u0259z\u0259kl\u0259 \u00f6rt-basd\u0131r edirl\u0259r. Lakin g\u00f6z\u0259lliyin sad\u0259likd\u0259 v\u0259 daxild\u0259 oldu\u011funu tapmaq laz\u0131md\u0131r. Bel\u0259 olan t\u0259qdird\u0259 janrlar\u0131n, \u00fcslublar\u0131n \u0259h\u0259miyy\u0259ti bir o q\u0259d\u0259r d\u0259 qalm\u0131r, m\u0259nc\u0259. \u00dcz\u0259 \u00e7\u0131xan daxilin azadl\u0131\u011f\u0131 olur. Nec\u0259 ki, bunu ADO&#8217;nun &#8220;aksiya&#8221; adland\u0131rd\u0131\u011f\u0131m\u0131z \u00fcmumi janr\u0131nda da g\u00f6rm\u0259k olar. B\u00fct\u00fcn bunlar tama\u015falar\u0131n s\u00fcjet x\u0259ttind\u0259n, ideyas\u0131ndan, strukturundan, b\u0259z\u0259n kuliminasiya n\u00f6qt\u0259l\u0259rind\u0259n bel\u0259 boylan\u0131r. Y\u0259ni biz\u0259 sad\u0259 g\u00f6r\u00fcn\u0259n h\u0259r bir \u015feyin alt qat\u0131n\u0131 g\u00f6rm\u0259y\u0259 \u00e7al\u0131\u015fma\u011f\u0131m\u0131z ba\u015fa d\u00fc\u015fm\u0259yimiz\u0259 yard\u0131m\u00e7\u0131 ola bil\u0259r.\n<\/p>\n<p>\n  Yaz\u0131da \u0259sas m\u0259qs\u0259dimiz ADO stilin\u0259 ayd\u0131nl\u0131q g\u0259tirm\u0259k deyil, 2017-y\u0259 q\u0259d\u0259r ke\u00e7diyimiz yola q\u0131sa bax\u0131\u015f etm\u0259k idi. Lakin qaranl\u0131q g\u00f6r\u00fcn\u0259n b\u0259zi m\u0259sl\u0259l\u0259r\u0259 d\u0259 ayd\u0131nl\u0131q g\u0259tirm\u0259k yerin\u0259 d\u00fc\u015fd\u00fc. B\u00fct\u00fcn bunlar\u0131 anlamaq ist\u0259y\u0259nl\u0259r h\u0259r zaman tama\u015falar\u0131 izl\u0259yir v\u0259 geni\u015f bax\u0131\u015f a\u00e7\u0131s\u0131ndan d\u0259rk ed\u0259 bilir. Bunun \u00fc\u00e7\u00fcn yax\u0131na g\u0259lm\u0259k v\u0259 izl\u0259m\u0259k kifay\u0259tdir&#8230;\n<\/p>\n<p>\n  \u018fsas m\u0259qs\u0259dimiz geriy\u0259 q\u0131sa bax\u0131\u015f olsa da, g\u0259l\u0259c\u0259k haqq\u0131nda da bir ne\u00e7\u0259 qeydi etm\u0259k yerin\u0259 d\u00fc\u015f\u0259r. ADO 2017-ci il planlar\u0131 aras\u0131nda xarici teatrlarla, m\u0259d\u0259niyy\u0259t insanlar\u0131 il\u0259 \u0259m\u0259kda\u015fl\u0131\u011fa \u00fcst\u00fcnl\u00fck verm\u0259yi planlay\u0131r. Bunlarla yana\u015f\u0131 xarici qastrollar\u0131m\u0131z v\u0259 festivallarda i\u015ftirak\u0131m\u0131z bu il d\u0259 olacaq. Eyni zamanda Az\u0259rbaycan na\u011f\u0131llar\u0131 \u0259sas\u0131nda b\u00f6y\u00fckl\u0259r \u00fc\u00e7\u00fcn yeni bir tama\u015fan\u0131n haz\u0131rl\u0131qlar\u0131na start verilib. Daha sonra m\u0259\u015fhur ingilis yazar Corc Oruellin &#8220;Heyvanstan&#8221; \u0259s\u0259ri \u0259sas\u0131nda dig\u0259r tama\u015fan\u0131n m\u0259\u015fql\u0259ri ba\u015flayacaq. Bu il d\u0259 teatr\u0131n 6-c\u0131 m\u0259kan\u0131n\u0131n axtar\u0131\u015f\u0131na \u00e7\u0131xaca\u011f\u0131q. Lakin b\u00fct\u00fcn bunlarla paralel olaraq ADO k\u00fc\u00e7\u0259 tama\u015falar\u0131 t\u0259qdim etm\u0259yi d\u0259 planlay\u0131r. Planlar\u0131m\u0131z\u0131n bir qismini yazaraq bildirm\u0259k ist\u0259yirik ki, qar\u015f\u0131da sizi bir-birind\u0259n maraql\u0131 i\u015fl\u0259r g\u00f6zl\u0259yir. Bizi izl\u0259m\u0259y\u0259 davam ed\u0259 bil\u0259rsiz&#8230;\n<\/p>\n<p>\n  P.S Teatr\u0131n hal-haz\u0131rda m\u0259kan\u0131 olmad\u0131\u011f\u0131 \u00fc\u00e7\u00fcn &#8220;Ya\u011f\u0131\u015f, ya\u011f\u0131\u015f, ya\u011f\u0131\u015f&#8221; adl\u0131 tama\u015fa 8 yanvar saat 20:00-da &#8220;V\u0259t\u0259n&#8221; kinoteatr\u0131nda n\u00fcmayi\u015f etdiril\u0259c\u0259k.<\/p>\n","protected":false},"excerpt":{"rendered":"<p>ADO-Oda tarixin\u0259 q\u0131sa bax\u0131\u015f etm\u0259k ist\u0259rdim<\/p>\n","protected":false},"author":11,"featured_media":76741,"comment_status":"closed","ping_status":"open","sticky":false,"template":"","format":"standard","meta":{"_acf_changed":false,"_sitemap_exclude":false,"_sitemap_priority":"","_sitemap_frequency":"","footnotes":""},"categories":[57],"tags":[],"class_list":["post-181647","post","type-post","status-publish","format-standard","has-post-thumbnail","hentry","category-menim-fikrimce","infinite-scroll-item","generate-columns","tablet-grid-50","mobile-grid-100","grid-parent","grid-33","no-featured-image-padding"],"acf":[],"yoast_head":"<!-- This site is optimized with the Yoast SEO plugin v27.5 - https:\/\/yoast.com\/product\/yoast-seo-wordpress\/ -->\n<title>2017-y\u0259 q\u0259d\u0259r... (ADO \u2013 Oda) - MEYDAN.TV<\/title>\n<meta name=\"robots\" content=\"index, follow, max-snippet:-1, max-image-preview:large, max-video-preview:-1\" \/>\n<link rel=\"canonical\" href=\"https:\/\/www.meydan.tv\/az\/article\/2017-ye-qeder-ado-oda\/\" \/>\n<meta property=\"og:locale\" content=\"az_AZ\" \/>\n<meta property=\"og:type\" content=\"article\" \/>\n<meta property=\"og:title\" content=\"2017-y\u0259 q\u0259d\u0259r... (ADO \u2013 Oda) - MEYDAN.TV\" \/>\n<meta property=\"og:description\" content=\"ADO-Oda tarixin\u0259 q\u0131sa bax\u0131\u015f etm\u0259k ist\u0259rdim\" \/>\n<meta property=\"og:url\" content=\"https:\/\/www.meydan.tv\/az\/article\/2017-ye-qeder-ado-oda\/\" \/>\n<meta property=\"og:site_name\" content=\"MEYDAN.TV\" \/>\n<meta property=\"article:published_time\" content=\"2017-01-03T20:01:25+00:00\" \/>\n<meta property=\"og:image\" content=\"https:\/\/www.meydan.tv\/wp-content\/uploads\/29720.jpg\" \/>\n\t<meta property=\"og:image:width\" content=\"810\" \/>\n\t<meta property=\"og:image:height\" content=\"450\" \/>\n\t<meta property=\"og:image:type\" content=\"image\/jpeg\" \/>\n<meta name=\"author\" content=\"user-manager\" \/>\n<meta name=\"twitter:card\" content=\"summary_large_image\" \/>\n<script type=\"application\/ld+json\" class=\"yoast-schema-graph\">{\"@context\":\"https:\\\/\\\/schema.org\",\"@graph\":[{\"@type\":\"Article\",\"@id\":\"https:\\\/\\\/www.meydan.tv\\\/az\\\/article\\\/2017-ye-qeder-ado-oda\\\/#article\",\"isPartOf\":{\"@id\":\"https:\\\/\\\/www.meydan.tv\\\/az\\\/article\\\/2017-ye-qeder-ado-oda\\\/\"},\"author\":{\"name\":\"user-manager\",\"@id\":\"https:\\\/\\\/www.meydan.tv\\\/az\\\/#\\\/schema\\\/person\\\/10d11eccf6da3662cf5fdab9806ea91a\"},\"headline\":\"2017-y\u0259 q\u0259d\u0259r&#8230; (ADO \u2013 Oda)\",\"datePublished\":\"2017-01-03T20:01:25+00:00\",\"mainEntityOfPage\":{\"@id\":\"https:\\\/\\\/www.meydan.tv\\\/az\\\/article\\\/2017-ye-qeder-ado-oda\\\/\"},\"wordCount\":2452,\"publisher\":{\"@id\":\"https:\\\/\\\/www.meydan.tv\\\/az\\\/#organization\"},\"image\":{\"@id\":\"https:\\\/\\\/www.meydan.tv\\\/az\\\/article\\\/2017-ye-qeder-ado-oda\\\/#primaryimage\"},\"thumbnailUrl\":\"https:\\\/\\\/www.meydan.tv\\\/wp-content\\\/uploads\\\/29720.jpg\",\"articleSection\":[\"M\u0259nim Fikrimc\u0259\"],\"inLanguage\":\"az\"},{\"@type\":\"WebPage\",\"@id\":\"https:\\\/\\\/www.meydan.tv\\\/az\\\/article\\\/2017-ye-qeder-ado-oda\\\/\",\"url\":\"https:\\\/\\\/www.meydan.tv\\\/az\\\/article\\\/2017-ye-qeder-ado-oda\\\/\",\"name\":\"2017-y\u0259 q\u0259d\u0259r... (ADO \u2013 Oda) - MEYDAN.TV\",\"isPartOf\":{\"@id\":\"https:\\\/\\\/www.meydan.tv\\\/az\\\/#website\"},\"primaryImageOfPage\":{\"@id\":\"https:\\\/\\\/www.meydan.tv\\\/az\\\/article\\\/2017-ye-qeder-ado-oda\\\/#primaryimage\"},\"image\":{\"@id\":\"https:\\\/\\\/www.meydan.tv\\\/az\\\/article\\\/2017-ye-qeder-ado-oda\\\/#primaryimage\"},\"thumbnailUrl\":\"https:\\\/\\\/www.meydan.tv\\\/wp-content\\\/uploads\\\/29720.jpg\",\"datePublished\":\"2017-01-03T20:01:25+00:00\",\"breadcrumb\":{\"@id\":\"https:\\\/\\\/www.meydan.tv\\\/az\\\/article\\\/2017-ye-qeder-ado-oda\\\/#breadcrumb\"},\"inLanguage\":\"az\",\"potentialAction\":[{\"@type\":\"ReadAction\",\"target\":[\"https:\\\/\\\/www.meydan.tv\\\/az\\\/article\\\/2017-ye-qeder-ado-oda\\\/\"]}]},{\"@type\":\"ImageObject\",\"inLanguage\":\"az\",\"@id\":\"https:\\\/\\\/www.meydan.tv\\\/az\\\/article\\\/2017-ye-qeder-ado-oda\\\/#primaryimage\",\"url\":\"https:\\\/\\\/www.meydan.tv\\\/wp-content\\\/uploads\\\/29720.jpg\",\"contentUrl\":\"https:\\\/\\\/www.meydan.tv\\\/wp-content\\\/uploads\\\/29720.jpg\",\"width\":810,\"height\":450,\"caption\":\"Elmin B\u0259d\u0259lov\"},{\"@type\":\"BreadcrumbList\",\"@id\":\"https:\\\/\\\/www.meydan.tv\\\/az\\\/article\\\/2017-ye-qeder-ado-oda\\\/#breadcrumb\",\"itemListElement\":[{\"@type\":\"ListItem\",\"position\":1,\"name\":\"Ana s\u0259hif\u0259\",\"item\":\"https:\\\/\\\/www.meydan.tv\\\/az\\\/\"},{\"@type\":\"ListItem\",\"position\":2,\"name\":\"M\u0259nim Fikrimc\u0259\",\"item\":\"https:\\\/\\\/www.meydan.tv\\\/az\\\/section\\\/menim-fikrimce\\\/\"},{\"@type\":\"ListItem\",\"position\":3,\"name\":\"2017-y\u0259 q\u0259d\u0259r&#8230; (ADO \u2013 Oda)\"}]},{\"@type\":\"WebSite\",\"@id\":\"https:\\\/\\\/www.meydan.tv\\\/az\\\/#website\",\"url\":\"https:\\\/\\\/www.meydan.tv\\\/az\\\/\",\"name\":\"MEYDAN.TV\",\"description\":\"Meydan TV Az\u0259rbaycan\u0131n media m\u0259kan\u0131ndak\u0131 alternativ s\u0259sidir\",\"publisher\":{\"@id\":\"https:\\\/\\\/www.meydan.tv\\\/az\\\/#organization\"},\"potentialAction\":[{\"@type\":\"SearchAction\",\"target\":{\"@type\":\"EntryPoint\",\"urlTemplate\":\"https:\\\/\\\/www.meydan.tv\\\/az\\\/?s={search_term_string}\"},\"query-input\":{\"@type\":\"PropertyValueSpecification\",\"valueRequired\":true,\"valueName\":\"search_term_string\"}}],\"inLanguage\":\"az\"},{\"@type\":\"Organization\",\"@id\":\"https:\\\/\\\/www.meydan.tv\\\/az\\\/#organization\",\"name\":\"Meydan TV\",\"url\":\"https:\\\/\\\/www.meydan.tv\\\/az\\\/\",\"logo\":{\"@type\":\"ImageObject\",\"inLanguage\":\"az\",\"@id\":\"https:\\\/\\\/www.meydan.tv\\\/az\\\/#\\\/schema\\\/logo\\\/image\\\/\",\"url\":\"https:\\\/\\\/www.meydan.tv\\\/wp-content\\\/uploads\\\/2021\\\/07\\\/meydan-logo.svg\",\"contentUrl\":\"https:\\\/\\\/www.meydan.tv\\\/wp-content\\\/uploads\\\/2021\\\/07\\\/meydan-logo.svg\",\"width\":195,\"height\":46,\"caption\":\"Meydan TV\"},\"image\":{\"@id\":\"https:\\\/\\\/www.meydan.tv\\\/az\\\/#\\\/schema\\\/logo\\\/image\\\/\"}},{\"@type\":\"Person\",\"@id\":\"https:\\\/\\\/www.meydan.tv\\\/az\\\/#\\\/schema\\\/person\\\/10d11eccf6da3662cf5fdab9806ea91a\",\"name\":\"user-manager\"}]}<\/script>\n<!-- \/ Yoast SEO plugin. -->","yoast_head_json":{"title":"2017-y\u0259 q\u0259d\u0259r... (ADO \u2013 Oda) - MEYDAN.TV","robots":{"index":"index","follow":"follow","max-snippet":"max-snippet:-1","max-image-preview":"max-image-preview:large","max-video-preview":"max-video-preview:-1"},"canonical":"https:\/\/www.meydan.tv\/az\/article\/2017-ye-qeder-ado-oda\/","og_locale":"az_AZ","og_type":"article","og_title":"2017-y\u0259 q\u0259d\u0259r... (ADO \u2013 Oda) - MEYDAN.TV","og_description":"ADO-Oda tarixin\u0259 q\u0131sa bax\u0131\u015f etm\u0259k ist\u0259rdim","og_url":"https:\/\/www.meydan.tv\/az\/article\/2017-ye-qeder-ado-oda\/","og_site_name":"MEYDAN.TV","article_published_time":"2017-01-03T20:01:25+00:00","og_image":[{"width":810,"height":450,"url":"https:\/\/www.meydan.tv\/wp-content\/uploads\/29720.jpg","type":"image\/jpeg"}],"author":"user-manager","twitter_card":"summary_large_image","schema":{"@context":"https:\/\/schema.org","@graph":[{"@type":"Article","@id":"https:\/\/www.meydan.tv\/az\/article\/2017-ye-qeder-ado-oda\/#article","isPartOf":{"@id":"https:\/\/www.meydan.tv\/az\/article\/2017-ye-qeder-ado-oda\/"},"author":{"name":"user-manager","@id":"https:\/\/www.meydan.tv\/az\/#\/schema\/person\/10d11eccf6da3662cf5fdab9806ea91a"},"headline":"2017-y\u0259 q\u0259d\u0259r&#8230; (ADO \u2013 Oda)","datePublished":"2017-01-03T20:01:25+00:00","mainEntityOfPage":{"@id":"https:\/\/www.meydan.tv\/az\/article\/2017-ye-qeder-ado-oda\/"},"wordCount":2452,"publisher":{"@id":"https:\/\/www.meydan.tv\/az\/#organization"},"image":{"@id":"https:\/\/www.meydan.tv\/az\/article\/2017-ye-qeder-ado-oda\/#primaryimage"},"thumbnailUrl":"https:\/\/www.meydan.tv\/wp-content\/uploads\/29720.jpg","articleSection":["M\u0259nim Fikrimc\u0259"],"inLanguage":"az"},{"@type":"WebPage","@id":"https:\/\/www.meydan.tv\/az\/article\/2017-ye-qeder-ado-oda\/","url":"https:\/\/www.meydan.tv\/az\/article\/2017-ye-qeder-ado-oda\/","name":"2017-y\u0259 q\u0259d\u0259r... (ADO \u2013 Oda) - MEYDAN.TV","isPartOf":{"@id":"https:\/\/www.meydan.tv\/az\/#website"},"primaryImageOfPage":{"@id":"https:\/\/www.meydan.tv\/az\/article\/2017-ye-qeder-ado-oda\/#primaryimage"},"image":{"@id":"https:\/\/www.meydan.tv\/az\/article\/2017-ye-qeder-ado-oda\/#primaryimage"},"thumbnailUrl":"https:\/\/www.meydan.tv\/wp-content\/uploads\/29720.jpg","datePublished":"2017-01-03T20:01:25+00:00","breadcrumb":{"@id":"https:\/\/www.meydan.tv\/az\/article\/2017-ye-qeder-ado-oda\/#breadcrumb"},"inLanguage":"az","potentialAction":[{"@type":"ReadAction","target":["https:\/\/www.meydan.tv\/az\/article\/2017-ye-qeder-ado-oda\/"]}]},{"@type":"ImageObject","inLanguage":"az","@id":"https:\/\/www.meydan.tv\/az\/article\/2017-ye-qeder-ado-oda\/#primaryimage","url":"https:\/\/www.meydan.tv\/wp-content\/uploads\/29720.jpg","contentUrl":"https:\/\/www.meydan.tv\/wp-content\/uploads\/29720.jpg","width":810,"height":450,"caption":"Elmin B\u0259d\u0259lov"},{"@type":"BreadcrumbList","@id":"https:\/\/www.meydan.tv\/az\/article\/2017-ye-qeder-ado-oda\/#breadcrumb","itemListElement":[{"@type":"ListItem","position":1,"name":"Ana s\u0259hif\u0259","item":"https:\/\/www.meydan.tv\/az\/"},{"@type":"ListItem","position":2,"name":"M\u0259nim Fikrimc\u0259","item":"https:\/\/www.meydan.tv\/az\/section\/menim-fikrimce\/"},{"@type":"ListItem","position":3,"name":"2017-y\u0259 q\u0259d\u0259r&#8230; (ADO \u2013 Oda)"}]},{"@type":"WebSite","@id":"https:\/\/www.meydan.tv\/az\/#website","url":"https:\/\/www.meydan.tv\/az\/","name":"MEYDAN.TV","description":"Meydan TV Az\u0259rbaycan\u0131n media m\u0259kan\u0131ndak\u0131 alternativ s\u0259sidir","publisher":{"@id":"https:\/\/www.meydan.tv\/az\/#organization"},"potentialAction":[{"@type":"SearchAction","target":{"@type":"EntryPoint","urlTemplate":"https:\/\/www.meydan.tv\/az\/?s={search_term_string}"},"query-input":{"@type":"PropertyValueSpecification","valueRequired":true,"valueName":"search_term_string"}}],"inLanguage":"az"},{"@type":"Organization","@id":"https:\/\/www.meydan.tv\/az\/#organization","name":"Meydan TV","url":"https:\/\/www.meydan.tv\/az\/","logo":{"@type":"ImageObject","inLanguage":"az","@id":"https:\/\/www.meydan.tv\/az\/#\/schema\/logo\/image\/","url":"https:\/\/www.meydan.tv\/wp-content\/uploads\/2021\/07\/meydan-logo.svg","contentUrl":"https:\/\/www.meydan.tv\/wp-content\/uploads\/2021\/07\/meydan-logo.svg","width":195,"height":46,"caption":"Meydan TV"},"image":{"@id":"https:\/\/www.meydan.tv\/az\/#\/schema\/logo\/image\/"}},{"@type":"Person","@id":"https:\/\/www.meydan.tv\/az\/#\/schema\/person\/10d11eccf6da3662cf5fdab9806ea91a","name":"user-manager"}]}},"_links":{"self":[{"href":"https:\/\/www.meydan.tv\/az\/wp-json\/wp\/v2\/posts\/181647","targetHints":{"allow":["GET"]}}],"collection":[{"href":"https:\/\/www.meydan.tv\/az\/wp-json\/wp\/v2\/posts"}],"about":[{"href":"https:\/\/www.meydan.tv\/az\/wp-json\/wp\/v2\/types\/post"}],"author":[{"embeddable":true,"href":"https:\/\/www.meydan.tv\/az\/wp-json\/wp\/v2\/users\/11"}],"replies":[{"embeddable":true,"href":"https:\/\/www.meydan.tv\/az\/wp-json\/wp\/v2\/comments?post=181647"}],"version-history":[{"count":0,"href":"https:\/\/www.meydan.tv\/az\/wp-json\/wp\/v2\/posts\/181647\/revisions"}],"wp:featuredmedia":[{"embeddable":true,"href":"https:\/\/www.meydan.tv\/az\/wp-json\/wp\/v2\/media\/76741"}],"wp:attachment":[{"href":"https:\/\/www.meydan.tv\/az\/wp-json\/wp\/v2\/media?parent=181647"}],"wp:term":[{"taxonomy":"category","embeddable":true,"href":"https:\/\/www.meydan.tv\/az\/wp-json\/wp\/v2\/categories?post=181647"},{"taxonomy":"post_tag","embeddable":true,"href":"https:\/\/www.meydan.tv\/az\/wp-json\/wp\/v2\/tags?post=181647"}],"curies":[{"name":"wp","href":"https:\/\/api.w.org\/{rel}","templated":true}]}}