{"id":181642,"date":"2017-01-03T15:52:43","date_gmt":"2017-01-03T15:52:43","guid":{"rendered":"https:\/\/www.meydan.tv\/article\/2017-ci-ilde-herbcilerin-sosial-teminatinda-irelileyis-olmayacaq\/"},"modified":"2017-01-03T15:52:43","modified_gmt":"2017-01-03T15:52:43","slug":"2017-ci-ilde-herbcilerin-sosial-teminatinda-irelileyis-olmayacaq","status":"publish","type":"post","link":"https:\/\/www.meydan.tv\/az\/article\/2017-ci-ilde-herbcilerin-sosial-teminatinda-irelileyis-olmayacaq\/","title":{"rendered":"&#8221;2017-ci ild\u0259 h\u0259rb\u00e7il\u0259rin sosial t\u0259minat\u0131nda ir\u0259lil\u0259yi\u015f olmayacaq&#8221;"},"content":{"rendered":"<figure class=\"wp-block-image size-large\">\n  <img decoding=\"async\" src=\"https:\/\/www.meydan.tv\/az\/76712\/\" alt=\"\" class=\"wp-image-76712\"\/><figcaption><\/figcaption><\/figure>\n<figure class=\"wp-block-image size-large\">\n  <img decoding=\"async\" src=\"https:\/\/www.meydan.tv\/az\/76712\/\" alt=\"\" class=\"wp-image-76712\"\/><figcaption>\n    foto sosial \u015f\u0259b\u0259k\u0259<br \/>\n  <\/figcaption><\/figure>\n<p>\n  <i><br \/>\n    &#8221;Hakimiyy\u0259td\u0259 m\u00fcnaqi\u015f\u0259nin h\u0259lli perspektivin\u0259 m\u00fcst\u0259qil bax\u0131\u015flar m\u00f6vcud deyil&#8221;<br \/>\n  <\/i>\n<\/p>\n<p>\n  &#8220;2017-ci ild\u0259 m\u00fcdafi\u0259 x\u0259rcl\u0259rinin 50 faizi silahlanmaya s\u0259rf olunacaq&#8221;.\n<\/p>\n<p>\n  Bunu &#8220;X\u0259z\u0259r&#8221; H\u0259rbi T\u0259dqiqatlar \u0130nstitutunun r\u0259hb\u0259ri C\u0259sur S\u00fcm\u0259rinli deyir.\n<\/p>\n<p>\n  Yeni ild\u0259 h\u0259rbd\u0259ki v\u0259ziyy\u0259ti t\u0259hlil ed\u0259n m\u00fct\u0259x\u0259ssis deyir ki, Az\u0259rbaycan\u0131n t\u0259hl\u00fck\u0259sizlik v\u0259 m\u00fcdafi\u0259 sektorunda b\u00f6hran v\u0259ziyy\u0259ti davam edir v\u0259 m\u00fcdafi\u0259 x\u0259rcl\u0259rinin d\u0259y\u0259rinin (dollarla g\u00f6t\u00fcrd\u00fckd\u0259) yar\u0131bayar\u0131 azald\u0131lmas\u0131 2016-c\u0131 ild\u0259 h\u0259rbi qulluq\u00e7ular\u0131n sosial t\u0259minat\u0131na m\u0259nfi t\u0259sir edib v\u0259 bu proses 2017-ci ild\u0259 daha da pisl\u0259\u015f\u0259c\u0259k.\n<\/p>\n<p>\n  <b><br \/>\n    <i><br \/>\n      &#8220;Rusiya Erm\u0259nistana h\u0259rbi d\u0259st\u0259yini art\u0131racaq&#8221;<br \/>\n    <\/i><br \/>\n  <\/b>\n<\/p>\n<p>\n  Onun fikrinc\u0259, 2016-c\u0131 ild\u0259 Az\u0259rbaycan Silahl\u0131 Q\u00fcvv\u0259l\u0259rinin \u015f\u0259xsi hey\u0259tinin sosial t\u0259minat\u0131n\u0131n g\u00fccl\u0259ndirilm\u0259si istiqam\u0259tind\u0259 h\u0259r hans\u0131 ciddi add\u0131mlar at\u0131lmay\u0131b:\n<\/p>\n<p>\n  &#8220;2016-c\u0131 il \u00fcmumilikd\u0259 g\u00f6t\u00fcrd\u00fckd\u0259 aprel d\u00f6y\u00fc\u015fl\u0259ri v\u0259 bunun n\u0259tic\u0259sind\u0259 xeyli sayda h\u0259rb\u00e7imizin h\u0259lak olmas\u0131 il\u0259 tarix\u0259 d\u00fc\u015fd\u00fc. T\u0259\u0259ss\u00fcfl\u0259r olsun ki, h\u0259r hans\u0131 nailiyy\u0259t b\u00f6y\u00fck itkil\u0259r\u0259 adekvat deyil. Azad edilmi\u015f bir s\u0131ra \u0259razil\u0259r m\u00fcnaqi\u015f\u0259nin Az\u0259rbaycan\u0131n \u0259razi b\u00fct\u00f6vl\u00fcy\u00fc \u00e7\u0259r\u00e7iv\u0259sind\u0259 h\u0259lli istiqam\u0259tind\u0259 h\u0259r hans\u0131 strateji \u00fcst\u00fcnl\u00fckl\u0259r yaratmad\u0131, \u0259slind\u0259, d\u00fc\u015fm\u0259nin h\u0259rbi m\u00f6vqel\u0259rinin g\u00fccl\u0259ndirilm\u0259sin\u0259, Rusiyadan Erm\u0259nistana h\u0259rbi-siyasi d\u0259st\u0259yin daha da artmas\u0131na g\u0259tirdi. \u018fm\u0259liyyatdan ke\u00e7\u0259n 8 ay \u0259rzind\u0259 erm\u0259ni t\u0259r\u0259fi c\u0259bh\u0259 boyu s\u0259ng\u0259rl\u0259rin yenil\u0259\u015fdirilm\u0259sini, m\u00fch\u0259ndis-istehkam qur\u011fular\u0131n\u0131n m\u00fcasirl\u0259\u015fdirilm\u0259si i\u015fini h\u0259yata ke\u00e7irib. Eyni zamanda n\u00f6vb\u0259ti h\u0259rbi toqqu\u015fmalar zaman\u0131 Yerevan\u0131n, h\u0259tta Moskvan\u0131n m\u00fcnaqi\u015f\u0259 zonas\u0131na daha \u00e7evik m\u00fcdaxil\u0259 imkanlar\u0131n\u0131n d\u0259y\u0259rl\u0259ndirilm\u0259si i\u015fi h\u0259yata ke\u00e7irilib v\u0259 bu istiqam\u0259td\u0259 Erm\u0259nistan M\u00fcdafi\u0259 Nazirliyind\u0259 x\u00fcsusi s\u0259n\u0259d haz\u0131rlan\u0131b. \u00d6t\u0259n 8 ay \u0259rzind\u0259 Rusiya M\u00fcdafi\u0259 Nazirliyinin y\u00fcks\u0259k r\u00fctb\u0259li \u0259m\u0259kda\u015flar\u0131 \u0259n az\u0131 24 d\u0259f\u0259 Erm\u0259nistana s\u0259f\u0259r edibl\u0259r v\u0259 onlar Erm\u0259nistan\u0131n M\u00fcdafi\u0259 Nazirliyind\u0259ki h\u0259mkarlar\u0131 il\u0259 g\u00f6r\u00fc\u015fl\u0259r ke\u00e7irib, c\u0259bh\u0259 x\u0259ttind\u0259ki v\u0259ziyy\u0259ti m\u00fczakir\u0259 edibl\u0259r. \u00dcmumi \u0259ld\u0259 olunan n\u0259tic\u0259 ondan ibar\u0259tdir ki, Rusiya Erm\u0259nistana h\u0259rbi d\u0259st\u0259yini art\u0131racaq v\u0259 2017-ci ild\u0259 bu istiqam\u0259td\u0259 x\u00fcsusi \u0259m\u0259kda\u015fl\u0131q s\u0259n\u0259dinin raz\u0131la\u015fd\u0131r\u0131lmas\u0131 g\u00f6zl\u0259nilir. S\u0259n\u0259din m\u0259tni art\u0131q t\u0259r\u0259fl\u0259rin m\u00fczakir\u0259sind\u0259dir\u201d.\n<\/p>\n<p>\n  <b><br \/>\n    <i><br \/>\n      A\u00e7\u0131q qalan sual<br \/>\n    <\/i><br \/>\n  <\/b>\n<\/p>\n<p>\n  C.S\u00fcm\u0259rinli deyir ki, aprel \u0259m\u0259liyyatlar\u0131 plan\u0131n\u0131n (v\u0259 yaxud \u0259ks h\u0259ml\u0259 plan\u0131n\u0131n) kim t\u0259r\u0259find\u0259n haz\u0131rlanmas\u0131 v\u0259 h\u0259yata ke\u00e7irilm\u0259si h\u0259l\u0259 d\u0259 cavab\u0131 olmayan sual kimi qal\u0131r:\n<\/p>\n<p>\n  \u201cH\u0259rbi m\u0259nb\u0259l\u0259r bu plan\u0131n Az\u0259rbaycan v\u0259 Erm\u0259nistan Silahl\u0131 Q\u00fcvv\u0259l\u0259ri Ba\u015f Q\u0259rargah r\u0259isl\u0259ri t\u0259r\u0259find\u0259n Moskvada haz\u0131rland\u0131\u011f\u0131n\u0131 bildirirl\u0259r. \u00d6t\u0259n d\u00f6vrd\u0259 h\u0259yata ke\u00e7irdiyimiz ara\u015fd\u0131rmalar n\u0259tic\u0259sind\u0259 ortaya \u00e7\u0131xan m\u0259nz\u0259r\u0259 ondan ibar\u0259tdir ki, bu \u0259m\u0259liyyatlardan bir m\u00fcdd\u0259t \u00f6nc\u0259 h\u00fccum ed\u0259n, \u0259ks h\u0259ml\u0259 ed\u0259c\u0259k t\u0259r\u0259fin rollar\u0131 \u0259vv\u0259lc\u0259d\u0259n b\u0259lli idi v\u0259 toqqu\u015fman\u0131n hara q\u0259d\u0259r davam ed\u0259c\u0259yi, nec\u0259 dayand\u0131r\u0131lmas\u0131 da \u0259vv\u0259lc\u0259d\u0259n m\u00fc\u0259yy\u0259nl\u0259\u015fdirilmi\u015fdi. Haz\u0131rda bu istiqam\u0259td\u0259 dol\u011fun informasiyalar\u0131n \u0259ld\u0259 olunmas\u0131 bir q\u0259d\u0259r \u00e7\u0259tindir. Amma \u00e7ox da uzaq olmayan g\u0259l\u0259c\u0259kd\u0259 bu istiqam\u0259td\u0259 m\u0259lumatlar y\u0259qin ki, c\u0259miyy\u0259t \u00fc\u00e7\u00fcn a\u00e7\u0131q olacaq. O zaman m\u0259nas\u0131z \u0259m\u0259liyyatlar\u0131n h\u0259yata ke\u00e7irilm\u0259sin\u0259, b\u00f6y\u00fck insan itkil\u0259rinin ortaya \u00e7\u0131xmas\u0131na m\u0259sul olan \u015f\u0259xsl\u0259rin c\u0259zaland\u0131r\u0131lmas\u0131 y\u0259qin ki, qa\u00e7\u0131lmaz olacaq. A\u00e7\u0131q g\u00f6r\u00fcn\u0259n m\u0259nz\u0259r\u0259 ondan ibar\u0259tdir ki, Az\u0259rbaycan\u0131n haz\u0131rk\u0131 hakimiyy\u0259tind\u0259 m\u00fcnaqi\u015f\u0259nin h\u0259lli perspektivin\u0259 konkret m\u00fcst\u0259qil bax\u0131\u015flar m\u00f6vcud deyil&#8221;.\n<\/p>\n<p>\n  <b><br \/>\n    <i><br \/>\n      &#8220;Pul v\u0259saitinin verilm\u0259sind\u0259 probleml\u0259r var&#8221;<br \/>\n    <\/i><br \/>\n  <\/b>\n<\/p>\n<p>\n  C.S\u00fcm\u0259rinlinin s\u00f6zl\u0259rin\u0259 g\u00f6r\u0259, 2016-c\u0131 ild\u0259 Az\u0259rbaycan Silahl\u0131 Q\u00fcvv\u0259l\u0259rind\u0259 b\u0259zi h\u0259rbi hiss\u0259l\u0259rin yenil\u0259\u015fdirilm\u0259si, yeni h\u0259rbi hiss\u0259l\u0259rin yarad\u0131lmas\u0131 i\u015fi h\u0259yata ke\u00e7irils\u0259 d\u0259, \u00fcmumiulikd\u0259, b\u00fct\u00fcn bu proses h\u0259rb\u00e7il\u0259rin sosial t\u0259minat\u0131n\u0131n y\u00fcks\u0259ldilm\u0259sind\u0259n yan ke\u00e7ir:\n<\/p>\n<p>\n  &#8220;\u00d6t\u0259n il onlarla h\u0259rbi qullu\u00e7unun m\u0259nzill\u0259 t\u0259min olunmas\u0131 istiqam\u0259tind\u0259 r\u0259smi x\u0259b\u0259rl\u0259r yay\u0131ld\u0131. Amma g\u00f6r\u00fcn\u0259n m\u0259nz\u0259r\u0259 ondan ibar\u0259tdir ki, xidm\u0259td\u0259 v\u0259 ehtiyatda olan on minl\u0259rl\u0259 h\u0259rbi qulluq\u00e7unun m\u0259nzil t\u0259minat\u0131 problemi var v\u0259 h\u00f6kum\u0259tin bu istiqam\u0259td\u0259 h\u0259r hans\u0131 ayd\u0131n strategiyas\u0131 yoxdur\u201d.\n<\/p>\n<p>\n  X\u0259z\u0259r \u0130nstitutunun r\u0259hb\u0259ri bildirir ki, h\u0259rbi qulluq\u00e7ulara \u00f6d\u0259nilm\u0259li olan pul v\u0259saitl\u0259rinin verilm\u0259sind\u0259 d\u0259 ciddi probleml\u0259r var:\n<\/p>\n<p>\n  \u201c\u0130stifad\u0259 olunmam\u0131\u015f m\u0259zuniyy\u0259tl\u0259r\u0259 g\u00f6r\u0259 pul v\u0259saitinin verilm\u0259sind\u0259 ciddi probleml\u0259r var. Eyni zamanda vaxtil\u0259 c\u0259bh\u0259 x\u0259ttind\u0259 \u00fc\u00e7qat \u0259m\u0259k haqq\u0131 almal\u0131 olan h\u0259rbi qulluq\u00e7ulara qanunsuz olaraq ikiqat \u0259m\u0259k haqq\u0131n\u0131n verilm\u0259si il\u0259 ba\u011fl\u0131 yaranm\u0131\u015f ciddi probleml\u0259rin h\u0259lli istiqam\u0259tind\u0259 d\u0259 h\u0259r hans\u0131 i\u015f g\u00f6r\u00fclm\u00fcr\u201d.\n<\/p>\n<p>\n  Ekspert hesab edir ki, h\u0259rbi qulluq\u00e7ular\u0131 narahat ed\u0259n \u0259sas m\u0259s\u0259l\u0259 m\u0259vacibl\u0259rin azl\u0131\u011f\u0131d\u0131r.\n<\/p>\n<p>\n  \u201cBu g\u00fcn Az\u0259rbaycan h\u0259rb\u00e7il\u0259rinin, x\u00fcsusil\u0259 d\u0259 a\u015fa\u011f\u0131 v\u0259zif\u0259l\u0259rd\u0259 xidm\u0259t ed\u0259n zabit, gizir v\u0259 m\u00fcdd\u0259td\u0259n art\u0131q h\u0259rbi xidm\u0259t qulluq\u00e7ular\u0131n\u0131n m\u0259vacibl\u0259ri \u00e7ox a\u015fa\u011f\u0131d\u0131r. Bu m\u0259vacibl\u0259 n\u0259inki ail\u0259 saxlamaq, he\u00e7 h\u0259rb\u00e7inin \u00f6z\u00fcn\u00fcn normal \u015f\u0259raitd\u0259 ya\u015fay\u0131\u015f\u0131n\u0131 t\u0259min etm\u0259k m\u00fcmk\u00fcn deyil. \u018fsas probleml\u0259rd\u0259n biri d\u0259, h\u0259rbi qulluq\u00e7ular\u0131n kiray\u0259si v\u0259 qida t\u0259minat\u0131 \u00fc\u00e7\u00fcn \u00f6d\u0259nil\u0259n m\u0259bl\u0259\u011fin azl\u0131\u011f\u0131d\u0131r. Bu m\u0259s\u0259l\u0259 d\u0259f\u0259l\u0259rl\u0259 M\u00fcdafi\u0259 Nazirliyinin r\u0259hb\u0259rliyin\u0259, h\u00f6kum\u0259tin diqq\u0259tin\u0259 \u00e7atd\u0131r\u0131lsa da, ortada h\u0259r hans\u0131 bir ir\u0259lil\u0259yi\u015f yoxdur\u201d.\n<\/p>\n<p>\n  <b><br \/>\n    <i><br \/>\n      &#8220;H\u0259r hans\u0131 ir\u0259lil\u0259yi\u015f olmayacaq&#8221;<br \/>\n    <\/i><br \/>\n  <\/b>\n<\/p>\n<p>\n  C.S\u00fcm\u0259rinli 2017-ci ild\u0259 Az\u0259rbaycan Silahl\u0131 Q\u00fcvv\u0259l\u0259rinin \u015f\u0259xsi hey\u0259tinin sosial t\u0259minat\u0131 istiqam\u0259tind\u0259 h\u0259r hans\u0131 ir\u0259lil\u0259yi\u015fl\u0259rin olmayaca\u011f\u0131 q\u0259n\u0259atind\u0259dir.\n<\/p>\n<figure class=\"wp-block-image size-large\">\n  <img decoding=\"async\" src=\"https:\/\/www.meydan.tv\/az\/76715\/\" alt=\"\" class=\"wp-image-76715\"\/><figcaption>\n    foto sosial \u015f\u0259b\u0259k\u0259<br \/>\n  <\/figcaption><\/figure>\n<p>\n  \u201cBunun \u0259ksini g\u00f6st\u0259r\u0259c\u0259k h\u0259r hans\u0131 i\u015far\u0259 yoxdu. Ortada olan prosesl\u0259rd\u0259n bel\u0259 g\u00f6r\u00fcn\u00fcr ki, g\u0259l\u0259n il m\u00fcdafi\u0259 x\u0259rcl\u0259rinin faktiki olaraq 50 faizi (t\u0259xmin\u0259n 1.3 milyard manat) silahlanmaya v\u0259 bununla ba\u011fl\u0131 proqramlara s\u0259rf olunacaq. Bu is\u0259, Az\u0259rbaycan ordusu \u00fc\u00e7\u00fcn h\u0259r hans\u0131 inki\u015faf perspektivi verm\u0259y\u0259n bir pland\u0131r. \u00c7\u00fcnki silahlanma proqram\u0131n\u0131n ictimaiyy\u0259t\u0259 ayd\u0131n olmamas\u0131, bu istiqam\u0259td\u0259 x\u0259rcl\u0259n\u0259n v\u0259saitl\u0259rin b\u00f6y\u00fck ehtimalla korrupsiya h\u0259d\u0259fi olmas\u0131, \u0259n \u0259sas\u0131, silahlanma proqram\u0131n\u0131n m\u00f6vcud hakimiyy\u0259tin \u00f6mr\u00fcn\u00fcn uzad\u0131lmas\u0131na xidm\u0259t etm\u0259si \u00f6lk\u0259nin milli t\u0259hl\u00fck\u0259sizlik maraqlar\u0131 bax\u0131m\u0131ndan ciddi t\u0259hdidl\u0259r yarad\u0131r\u201d.\n<\/p>\n<p>\n  Onun s\u00f6zl\u0259rin\u0131 g\u00f6r\u0259, Silahl\u0131 Q\u00fcvv\u0259l\u0259rd\u0259 d\u00f6y\u00fc\u015f v\u0259 \u0259sas\u0259n d\u0259 qeyri-d\u00f6y\u00fc\u015f itkil\u0259rinin s\u0259b\u0259bl\u0259rinin bir \u00e7ox halda ictimaiyy\u0259td\u0259n gizl\u0259dilm\u0259si, bu istiqam\u0259td\u0259 M\u00fcdafi\u0259 Nazirliyi v\u0259 H\u0259rbi Prokurorlu\u011fun \u0259lbir f\u0259aliyy\u0259ti orduda c\u0259zas\u0131zl\u0131q m\u00fchitinin h\u00f6km s\u00fcrm\u0259si kimi fikirl\u0259ri daha da g\u00fccl\u0259ndirir.\n<\/p>\n<p>\n  \u201c\u00d6t\u0259n ill\u0259rd\u0259 oldu\u011fu kimi, 2016-c\u0131 ild\u0259 d\u0259 Az\u0259rbaycan Silahl\u0131 Q\u00fcvv\u0259l\u0259rind\u0259 d\u00fcnyas\u0131n\u0131 d\u0259yi\u015fmi\u015f h\u0259rbi qulluq\u00e7ular\u0131n r\u0259smi statistikas\u0131, s\u0259b\u0259bl\u0259r v\u0259 ara\u015fd\u0131rmalar\u0131n n\u0259tic\u0259l\u0259ri c\u0259miyy\u0259td\u0259n gizl\u0259dildi. Bu, ordudak\u0131 m\u0259n\u0259vi-psixoloji durumun h\u0259l\u0259 d\u0259 qaydada olmad\u0131\u011f\u0131n\u0131 g\u00f6st\u0259rir\u201d.\n<\/p>\n<p>\n  Ekspertin s\u00f6zl\u0259rin\u0259 g\u00f6r\u0259, Az\u0259rbaycan Silahl\u0131 Q\u00fcvv\u0259l\u0259rind\u0259 S\u0259f\u0259r \u018fbiyev d\u00f6vr\u00fcnd\u0259 m\u00f6vcud olmu\u015f qruplar\u0131n m\u00fcbariz\u0259si h\u0259l\u0259 d\u0259 davam edir.\n<\/p>\n<p>\n  \u201cBu is\u0259 ordunun sa\u011flam kadrlarla t\u0259minat\u0131, zabitl\u0259rin karyera y\u00fcks\u0259li\u015fi kimi m\u0259s\u0259l\u0259l\u0259rd\u0259 ciddi probleml\u0259r, \u0259ng\u0259ll\u0259r yarad\u0131r\u201d.<\/p>\n","protected":false},"excerpt":{"rendered":"<p>&#8221;Hakimiyy\u0259td\u0259 m\u00fcnaqi\u015f\u0259nin h\u0259lli perspektivin\u0259 m\u00fcst\u0259qil bax\u0131\u015flar m\u00f6vcud deyil&#8221;<\/p>\n","protected":false},"author":11,"featured_media":76712,"comment_status":"closed","ping_status":"open","sticky":false,"template":"","format":"standard","meta":{"_acf_changed":false,"_sitemap_exclude":false,"_sitemap_priority":"","_sitemap_frequency":"","footnotes":""},"categories":[51],"tags":[],"class_list":["post-181642","post","type-post","status-publish","format-standard","has-post-thumbnail","hentry","category-analitika","infinite-scroll-item","generate-columns","tablet-grid-50","mobile-grid-100","grid-parent","grid-33","no-featured-image-padding"],"acf":[],"yoast_head":"<!-- This site is optimized with the Yoast SEO plugin v27.5 - https:\/\/yoast.com\/product\/yoast-seo-wordpress\/ -->\n<title>&#039;&#039;2017-ci ild\u0259 h\u0259rb\u00e7il\u0259rin sosial t\u0259minat\u0131nda ir\u0259lil\u0259yi\u015f olmayacaq&#039;&#039; - MEYDAN.TV<\/title>\n<meta name=\"robots\" content=\"index, follow, max-snippet:-1, max-image-preview:large, max-video-preview:-1\" \/>\n<link rel=\"canonical\" href=\"https:\/\/www.meydan.tv\/az\/article\/2017-ci-ilde-herbcilerin-sosial-teminatinda-irelileyis-olmayacaq\/\" \/>\n<meta property=\"og:locale\" content=\"az_AZ\" \/>\n<meta property=\"og:type\" content=\"article\" \/>\n<meta property=\"og:title\" content=\"&#039;&#039;2017-ci ild\u0259 h\u0259rb\u00e7il\u0259rin sosial t\u0259minat\u0131nda ir\u0259lil\u0259yi\u015f olmayacaq&#039;&#039; - MEYDAN.TV\" \/>\n<meta property=\"og:description\" content=\"&#039;&#039;Hakimiyy\u0259td\u0259 m\u00fcnaqi\u015f\u0259nin h\u0259lli perspektivin\u0259 m\u00fcst\u0259qil bax\u0131\u015flar m\u00f6vcud deyil&#039;&#039;\" \/>\n<meta property=\"og:url\" content=\"https:\/\/www.meydan.tv\/az\/article\/2017-ci-ilde-herbcilerin-sosial-teminatinda-irelileyis-olmayacaq\/\" \/>\n<meta property=\"og:site_name\" content=\"MEYDAN.TV\" \/>\n<meta property=\"article:published_time\" content=\"2017-01-03T15:52:43+00:00\" \/>\n<meta property=\"og:image\" content=\"https:\/\/www.meydan.tv\/wp-content\/uploads\/29711.jpg\" \/>\n\t<meta property=\"og:image:width\" content=\"600\" \/>\n\t<meta property=\"og:image:height\" content=\"494\" \/>\n\t<meta property=\"og:image:type\" content=\"image\/jpeg\" \/>\n<meta name=\"author\" content=\"user-manager\" \/>\n<meta name=\"twitter:card\" content=\"summary_large_image\" \/>\n<script type=\"application\/ld+json\" class=\"yoast-schema-graph\">{\"@context\":\"https:\\\/\\\/schema.org\",\"@graph\":[{\"@type\":\"Article\",\"@id\":\"https:\\\/\\\/www.meydan.tv\\\/az\\\/article\\\/2017-ci-ilde-herbcilerin-sosial-teminatinda-irelileyis-olmayacaq\\\/#article\",\"isPartOf\":{\"@id\":\"https:\\\/\\\/www.meydan.tv\\\/az\\\/article\\\/2017-ci-ilde-herbcilerin-sosial-teminatinda-irelileyis-olmayacaq\\\/\"},\"author\":{\"name\":\"user-manager\",\"@id\":\"https:\\\/\\\/www.meydan.tv\\\/az\\\/#\\\/schema\\\/person\\\/10d11eccf6da3662cf5fdab9806ea91a\"},\"headline\":\"&#8221;2017-ci ild\u0259 h\u0259rb\u00e7il\u0259rin sosial t\u0259minat\u0131nda ir\u0259lil\u0259yi\u015f olmayacaq&#8221;\",\"datePublished\":\"2017-01-03T15:52:43+00:00\",\"mainEntityOfPage\":{\"@id\":\"https:\\\/\\\/www.meydan.tv\\\/az\\\/article\\\/2017-ci-ilde-herbcilerin-sosial-teminatinda-irelileyis-olmayacaq\\\/\"},\"wordCount\":1537,\"publisher\":{\"@id\":\"https:\\\/\\\/www.meydan.tv\\\/az\\\/#organization\"},\"image\":{\"@id\":\"https:\\\/\\\/www.meydan.tv\\\/az\\\/article\\\/2017-ci-ilde-herbcilerin-sosial-teminatinda-irelileyis-olmayacaq\\\/#primaryimage\"},\"thumbnailUrl\":\"https:\\\/\\\/www.meydan.tv\\\/wp-content\\\/uploads\\\/29711.jpg\",\"articleSection\":[\"Analitika\"],\"inLanguage\":\"az\"},{\"@type\":\"WebPage\",\"@id\":\"https:\\\/\\\/www.meydan.tv\\\/az\\\/article\\\/2017-ci-ilde-herbcilerin-sosial-teminatinda-irelileyis-olmayacaq\\\/\",\"url\":\"https:\\\/\\\/www.meydan.tv\\\/az\\\/article\\\/2017-ci-ilde-herbcilerin-sosial-teminatinda-irelileyis-olmayacaq\\\/\",\"name\":\"''2017-ci ild\u0259 h\u0259rb\u00e7il\u0259rin sosial t\u0259minat\u0131nda ir\u0259lil\u0259yi\u015f olmayacaq'' - MEYDAN.TV\",\"isPartOf\":{\"@id\":\"https:\\\/\\\/www.meydan.tv\\\/az\\\/#website\"},\"primaryImageOfPage\":{\"@id\":\"https:\\\/\\\/www.meydan.tv\\\/az\\\/article\\\/2017-ci-ilde-herbcilerin-sosial-teminatinda-irelileyis-olmayacaq\\\/#primaryimage\"},\"image\":{\"@id\":\"https:\\\/\\\/www.meydan.tv\\\/az\\\/article\\\/2017-ci-ilde-herbcilerin-sosial-teminatinda-irelileyis-olmayacaq\\\/#primaryimage\"},\"thumbnailUrl\":\"https:\\\/\\\/www.meydan.tv\\\/wp-content\\\/uploads\\\/29711.jpg\",\"datePublished\":\"2017-01-03T15:52:43+00:00\",\"breadcrumb\":{\"@id\":\"https:\\\/\\\/www.meydan.tv\\\/az\\\/article\\\/2017-ci-ilde-herbcilerin-sosial-teminatinda-irelileyis-olmayacaq\\\/#breadcrumb\"},\"inLanguage\":\"az\",\"potentialAction\":[{\"@type\":\"ReadAction\",\"target\":[\"https:\\\/\\\/www.meydan.tv\\\/az\\\/article\\\/2017-ci-ilde-herbcilerin-sosial-teminatinda-irelileyis-olmayacaq\\\/\"]}]},{\"@type\":\"ImageObject\",\"inLanguage\":\"az\",\"@id\":\"https:\\\/\\\/www.meydan.tv\\\/az\\\/article\\\/2017-ci-ilde-herbcilerin-sosial-teminatinda-irelileyis-olmayacaq\\\/#primaryimage\",\"url\":\"https:\\\/\\\/www.meydan.tv\\\/wp-content\\\/uploads\\\/29711.jpg\",\"contentUrl\":\"https:\\\/\\\/www.meydan.tv\\\/wp-content\\\/uploads\\\/29711.jpg\",\"width\":600,\"height\":494,\"caption\":\"Source:\"},{\"@type\":\"BreadcrumbList\",\"@id\":\"https:\\\/\\\/www.meydan.tv\\\/az\\\/article\\\/2017-ci-ilde-herbcilerin-sosial-teminatinda-irelileyis-olmayacaq\\\/#breadcrumb\",\"itemListElement\":[{\"@type\":\"ListItem\",\"position\":1,\"name\":\"Ana s\u0259hif\u0259\",\"item\":\"https:\\\/\\\/www.meydan.tv\\\/az\\\/\"},{\"@type\":\"ListItem\",\"position\":2,\"name\":\"Analitika\",\"item\":\"https:\\\/\\\/www.meydan.tv\\\/az\\\/section\\\/analitika\\\/\"},{\"@type\":\"ListItem\",\"position\":3,\"name\":\"&#8221;2017-ci ild\u0259 h\u0259rb\u00e7il\u0259rin sosial t\u0259minat\u0131nda ir\u0259lil\u0259yi\u015f olmayacaq&#8221;\"}]},{\"@type\":\"WebSite\",\"@id\":\"https:\\\/\\\/www.meydan.tv\\\/az\\\/#website\",\"url\":\"https:\\\/\\\/www.meydan.tv\\\/az\\\/\",\"name\":\"MEYDAN.TV\",\"description\":\"Meydan TV Az\u0259rbaycan\u0131n media m\u0259kan\u0131ndak\u0131 alternativ s\u0259sidir\",\"publisher\":{\"@id\":\"https:\\\/\\\/www.meydan.tv\\\/az\\\/#organization\"},\"potentialAction\":[{\"@type\":\"SearchAction\",\"target\":{\"@type\":\"EntryPoint\",\"urlTemplate\":\"https:\\\/\\\/www.meydan.tv\\\/az\\\/?s={search_term_string}\"},\"query-input\":{\"@type\":\"PropertyValueSpecification\",\"valueRequired\":true,\"valueName\":\"search_term_string\"}}],\"inLanguage\":\"az\"},{\"@type\":\"Organization\",\"@id\":\"https:\\\/\\\/www.meydan.tv\\\/az\\\/#organization\",\"name\":\"Meydan TV\",\"url\":\"https:\\\/\\\/www.meydan.tv\\\/az\\\/\",\"logo\":{\"@type\":\"ImageObject\",\"inLanguage\":\"az\",\"@id\":\"https:\\\/\\\/www.meydan.tv\\\/az\\\/#\\\/schema\\\/logo\\\/image\\\/\",\"url\":\"https:\\\/\\\/www.meydan.tv\\\/wp-content\\\/uploads\\\/2021\\\/07\\\/meydan-logo.svg\",\"contentUrl\":\"https:\\\/\\\/www.meydan.tv\\\/wp-content\\\/uploads\\\/2021\\\/07\\\/meydan-logo.svg\",\"width\":195,\"height\":46,\"caption\":\"Meydan TV\"},\"image\":{\"@id\":\"https:\\\/\\\/www.meydan.tv\\\/az\\\/#\\\/schema\\\/logo\\\/image\\\/\"}},{\"@type\":\"Person\",\"@id\":\"https:\\\/\\\/www.meydan.tv\\\/az\\\/#\\\/schema\\\/person\\\/10d11eccf6da3662cf5fdab9806ea91a\",\"name\":\"user-manager\"}]}<\/script>\n<!-- \/ Yoast SEO plugin. -->","yoast_head_json":{"title":"''2017-ci ild\u0259 h\u0259rb\u00e7il\u0259rin sosial t\u0259minat\u0131nda ir\u0259lil\u0259yi\u015f olmayacaq'' - MEYDAN.TV","robots":{"index":"index","follow":"follow","max-snippet":"max-snippet:-1","max-image-preview":"max-image-preview:large","max-video-preview":"max-video-preview:-1"},"canonical":"https:\/\/www.meydan.tv\/az\/article\/2017-ci-ilde-herbcilerin-sosial-teminatinda-irelileyis-olmayacaq\/","og_locale":"az_AZ","og_type":"article","og_title":"''2017-ci ild\u0259 h\u0259rb\u00e7il\u0259rin sosial t\u0259minat\u0131nda ir\u0259lil\u0259yi\u015f olmayacaq'' - MEYDAN.TV","og_description":"''Hakimiyy\u0259td\u0259 m\u00fcnaqi\u015f\u0259nin h\u0259lli perspektivin\u0259 m\u00fcst\u0259qil bax\u0131\u015flar m\u00f6vcud deyil''","og_url":"https:\/\/www.meydan.tv\/az\/article\/2017-ci-ilde-herbcilerin-sosial-teminatinda-irelileyis-olmayacaq\/","og_site_name":"MEYDAN.TV","article_published_time":"2017-01-03T15:52:43+00:00","og_image":[{"width":600,"height":494,"url":"https:\/\/www.meydan.tv\/wp-content\/uploads\/29711.jpg","type":"image\/jpeg"}],"author":"user-manager","twitter_card":"summary_large_image","schema":{"@context":"https:\/\/schema.org","@graph":[{"@type":"Article","@id":"https:\/\/www.meydan.tv\/az\/article\/2017-ci-ilde-herbcilerin-sosial-teminatinda-irelileyis-olmayacaq\/#article","isPartOf":{"@id":"https:\/\/www.meydan.tv\/az\/article\/2017-ci-ilde-herbcilerin-sosial-teminatinda-irelileyis-olmayacaq\/"},"author":{"name":"user-manager","@id":"https:\/\/www.meydan.tv\/az\/#\/schema\/person\/10d11eccf6da3662cf5fdab9806ea91a"},"headline":"&#8221;2017-ci ild\u0259 h\u0259rb\u00e7il\u0259rin sosial t\u0259minat\u0131nda ir\u0259lil\u0259yi\u015f olmayacaq&#8221;","datePublished":"2017-01-03T15:52:43+00:00","mainEntityOfPage":{"@id":"https:\/\/www.meydan.tv\/az\/article\/2017-ci-ilde-herbcilerin-sosial-teminatinda-irelileyis-olmayacaq\/"},"wordCount":1537,"publisher":{"@id":"https:\/\/www.meydan.tv\/az\/#organization"},"image":{"@id":"https:\/\/www.meydan.tv\/az\/article\/2017-ci-ilde-herbcilerin-sosial-teminatinda-irelileyis-olmayacaq\/#primaryimage"},"thumbnailUrl":"https:\/\/www.meydan.tv\/wp-content\/uploads\/29711.jpg","articleSection":["Analitika"],"inLanguage":"az"},{"@type":"WebPage","@id":"https:\/\/www.meydan.tv\/az\/article\/2017-ci-ilde-herbcilerin-sosial-teminatinda-irelileyis-olmayacaq\/","url":"https:\/\/www.meydan.tv\/az\/article\/2017-ci-ilde-herbcilerin-sosial-teminatinda-irelileyis-olmayacaq\/","name":"''2017-ci ild\u0259 h\u0259rb\u00e7il\u0259rin sosial t\u0259minat\u0131nda ir\u0259lil\u0259yi\u015f olmayacaq'' - MEYDAN.TV","isPartOf":{"@id":"https:\/\/www.meydan.tv\/az\/#website"},"primaryImageOfPage":{"@id":"https:\/\/www.meydan.tv\/az\/article\/2017-ci-ilde-herbcilerin-sosial-teminatinda-irelileyis-olmayacaq\/#primaryimage"},"image":{"@id":"https:\/\/www.meydan.tv\/az\/article\/2017-ci-ilde-herbcilerin-sosial-teminatinda-irelileyis-olmayacaq\/#primaryimage"},"thumbnailUrl":"https:\/\/www.meydan.tv\/wp-content\/uploads\/29711.jpg","datePublished":"2017-01-03T15:52:43+00:00","breadcrumb":{"@id":"https:\/\/www.meydan.tv\/az\/article\/2017-ci-ilde-herbcilerin-sosial-teminatinda-irelileyis-olmayacaq\/#breadcrumb"},"inLanguage":"az","potentialAction":[{"@type":"ReadAction","target":["https:\/\/www.meydan.tv\/az\/article\/2017-ci-ilde-herbcilerin-sosial-teminatinda-irelileyis-olmayacaq\/"]}]},{"@type":"ImageObject","inLanguage":"az","@id":"https:\/\/www.meydan.tv\/az\/article\/2017-ci-ilde-herbcilerin-sosial-teminatinda-irelileyis-olmayacaq\/#primaryimage","url":"https:\/\/www.meydan.tv\/wp-content\/uploads\/29711.jpg","contentUrl":"https:\/\/www.meydan.tv\/wp-content\/uploads\/29711.jpg","width":600,"height":494,"caption":"Source:"},{"@type":"BreadcrumbList","@id":"https:\/\/www.meydan.tv\/az\/article\/2017-ci-ilde-herbcilerin-sosial-teminatinda-irelileyis-olmayacaq\/#breadcrumb","itemListElement":[{"@type":"ListItem","position":1,"name":"Ana s\u0259hif\u0259","item":"https:\/\/www.meydan.tv\/az\/"},{"@type":"ListItem","position":2,"name":"Analitika","item":"https:\/\/www.meydan.tv\/az\/section\/analitika\/"},{"@type":"ListItem","position":3,"name":"&#8221;2017-ci ild\u0259 h\u0259rb\u00e7il\u0259rin sosial t\u0259minat\u0131nda ir\u0259lil\u0259yi\u015f olmayacaq&#8221;"}]},{"@type":"WebSite","@id":"https:\/\/www.meydan.tv\/az\/#website","url":"https:\/\/www.meydan.tv\/az\/","name":"MEYDAN.TV","description":"Meydan TV Az\u0259rbaycan\u0131n media m\u0259kan\u0131ndak\u0131 alternativ s\u0259sidir","publisher":{"@id":"https:\/\/www.meydan.tv\/az\/#organization"},"potentialAction":[{"@type":"SearchAction","target":{"@type":"EntryPoint","urlTemplate":"https:\/\/www.meydan.tv\/az\/?s={search_term_string}"},"query-input":{"@type":"PropertyValueSpecification","valueRequired":true,"valueName":"search_term_string"}}],"inLanguage":"az"},{"@type":"Organization","@id":"https:\/\/www.meydan.tv\/az\/#organization","name":"Meydan TV","url":"https:\/\/www.meydan.tv\/az\/","logo":{"@type":"ImageObject","inLanguage":"az","@id":"https:\/\/www.meydan.tv\/az\/#\/schema\/logo\/image\/","url":"https:\/\/www.meydan.tv\/wp-content\/uploads\/2021\/07\/meydan-logo.svg","contentUrl":"https:\/\/www.meydan.tv\/wp-content\/uploads\/2021\/07\/meydan-logo.svg","width":195,"height":46,"caption":"Meydan TV"},"image":{"@id":"https:\/\/www.meydan.tv\/az\/#\/schema\/logo\/image\/"}},{"@type":"Person","@id":"https:\/\/www.meydan.tv\/az\/#\/schema\/person\/10d11eccf6da3662cf5fdab9806ea91a","name":"user-manager"}]}},"_links":{"self":[{"href":"https:\/\/www.meydan.tv\/az\/wp-json\/wp\/v2\/posts\/181642","targetHints":{"allow":["GET"]}}],"collection":[{"href":"https:\/\/www.meydan.tv\/az\/wp-json\/wp\/v2\/posts"}],"about":[{"href":"https:\/\/www.meydan.tv\/az\/wp-json\/wp\/v2\/types\/post"}],"author":[{"embeddable":true,"href":"https:\/\/www.meydan.tv\/az\/wp-json\/wp\/v2\/users\/11"}],"replies":[{"embeddable":true,"href":"https:\/\/www.meydan.tv\/az\/wp-json\/wp\/v2\/comments?post=181642"}],"version-history":[{"count":0,"href":"https:\/\/www.meydan.tv\/az\/wp-json\/wp\/v2\/posts\/181642\/revisions"}],"wp:featuredmedia":[{"embeddable":true,"href":"https:\/\/www.meydan.tv\/az\/wp-json\/wp\/v2\/media\/76712"}],"wp:attachment":[{"href":"https:\/\/www.meydan.tv\/az\/wp-json\/wp\/v2\/media?parent=181642"}],"wp:term":[{"taxonomy":"category","embeddable":true,"href":"https:\/\/www.meydan.tv\/az\/wp-json\/wp\/v2\/categories?post=181642"},{"taxonomy":"post_tag","embeddable":true,"href":"https:\/\/www.meydan.tv\/az\/wp-json\/wp\/v2\/tags?post=181642"}],"curies":[{"name":"wp","href":"https:\/\/api.w.org\/{rel}","templated":true}]}}