{"id":181616,"date":"2016-12-31T10:08:40","date_gmt":"2016-12-31T10:08:40","guid":{"rendered":"https:\/\/www.meydan.tv\/article\/26-il-evvelin-ilin-xalqi-umidsizlikden-asili-qalib\/"},"modified":"2016-12-31T10:08:40","modified_gmt":"2016-12-31T10:08:40","slug":"26-il-evvelin-ilin-xalqi-umidsizlikden-asili-qalib","status":"publish","type":"post","link":"https:\/\/www.meydan.tv\/az\/article\/26-il-evvelin-ilin-xalqi-umidsizlikden-asili-qalib\/","title":{"rendered":"&#8221;26 il \u0259vv\u0259lin &#8221;\u0130lin xalq\u0131&#8221; \u00fcmidsizlikd\u0259n as\u0131l\u0131 qal\u0131b&#8221;"},"content":{"rendered":"<figure class=\"wp-block-image size-large\">\n  <img decoding=\"async\" src=\"https:\/\/www.meydan.tv\/az\/foto-http-backissues-com-issue-newsweek-december-25-1989\/\" alt=\"Foto: http:\/\/backissues.com\/issue\/Newsweek-December-25-1989\" class=\"wp-image-76598\"\/><figcaption>\n    Foto: http:\/\/backissues.com\/issue\/Newsweek-December-25-1989<br \/>\n  <\/figcaption><\/figure>\n<p>\n  &#8220;Mill\u0259tin \u00a0ba\u015f\u0131na l\u0259yaq\u0259tsiz adamlar ke\u00e7irs\u0259, mill\u0259t r\u0259zil g\u00fcn\u0259 d\u00fc\u015f\u00fcr&#8221;\n<\/p>\n<p>\n  H\u0259r il t\u0259qvim d\u0259yi\u015f\u0259nd\u0259 1989-cu ild\u0259 xarici m\u0259tbuatda Az\u0259rbaycan xalq\u0131n\u0131n \u201c\u0130lin xalq\u0131\u201d elan olunmas\u0131 hadis\u0259si xat\u0131rlan\u0131r. Ancaq konkret hans\u0131 m\u0259tbuat orqan\u0131n\u0131n bu bar\u0259d\u0259 elan verm\u0259si, yaxud yazmas\u0131 nam\u0259lum olaraq qal\u0131r. \u018fsas\u0259n iki jurnal\u0131n\u00a0\u2013 \u201cTayms\u201d v\u0259 \u201cNewsweek\u201d-in ad\u0131 hallan\u0131r.\n<\/p>\n<p>\n  Ke\u00e7mi\u015f vicdan \u00a0m\u0259hbusu Adnan Hac\u0131zad\u0259 bu bar\u0259d\u0259 ara\u015fd\u0131rmalar apar\u0131b v\u0259 \u201cNewsweek\u201d d\u0259rgisinin \u00fcz qab\u0131\u011f\u0131n\u0131 &#8220;Facebook&#8221; s\u0259hif\u0259sind\u0259 yay\u0131b. Amma o qeyd edir ki,\u00a0jurnal\u0131n \u00fcz qab\u0131\u011f\u0131nda bunu t\u0259sdiql\u0259y\u0259n \u015f\u0259kil olsa da, n\u0259\u015frin i\u00e7\u0259risind\u0259 Az\u0259rbaycan haqq\u0131nda he\u00e7 bir c\u00fcml\u0259 yoxdur.\n<\/p>\n<p>\n  \u018fdal\u0259t Tahirzad\u0259 \u201cMEYDAN\u00a04 il, 4 ay\u201d kitab\u0131nda bu bar\u0259d\u0259 yaz\u0131r ki, \u00a01989-cu ild\u0259\u00a0\u00a0Z\u0259rd\u00fc\u015ft \u018flizad\u0259 tribunadan bunu elan etmi\u015fdi v\u0259 jurnal \u201cNewsweek\u201d idi.\n<\/p>\n<p>\n  Ancaq bu bar\u0259d\u0259 Meydan TV-y\u0259 dan\u0131\u015fan Z\u0259rd\u00fc\u015ft \u018flizad\u0259 \u201cTayms\u201d jurnal\u0131n\u0131n ad\u0131n\u0131 \u00e7\u0259kir.\n<\/p>\n<p>\n  \u201c\u201cTayms\u201d jurnal\u0131n\u0131n 1989-cu ild\u0259 Az\u0259rbaycan xalq\u0131n\u0131 \u201c\u0130lin xalq\u0131\u201d elan etm\u0259si bar\u0259d\u0259 ilk x\u0259b\u0259ri AXC-nin 6 yanvar konfrans\u0131nda \u00a0m\u0259n \u00e7atd\u0131rd\u0131m. Konfrans\u0131nda \u0130dar\u0259 Hey\u0259tinin \u00fczv\u00fc kimi s\u00f6z ald\u0131m v\u0259 bu haqda i\u015ftirak\u00e7\u0131lar\u0131 m\u0259lumatland\u0131rd\u0131m\u201d,-\u018flizad\u0259 bel\u0259 deyir.\n<\/p>\n<p>\n  \u201cJurnal\u0131 qald\u0131r\u0131b ba\u015f s\u0259hif\u0259sini g\u00f6st\u0259rdim ki, xalq\u0131m\u0131z\u0131 \u201c\u0130lin xalq\u0131\u201d elan edibl\u0259r\u201d\n<\/p>\n<p>\n  Z.\u018flizad\u0259 jurnal\u0131n ona xaricd\u0259n g\u0259tirdikl\u0259rini dedi: \u201cJurnal\u0131 qald\u0131r\u0131b ba\u015f s\u0259hif\u0259sini g\u00f6st\u0259rdim ki, xalq\u0131m\u0131z\u0131 \u201c\u0130lin xalq\u0131\u201d elan edibl\u0259r. H\u0259r il \u201cTayms\u201d jurnal\u0131 \u201c\u0130lin adam\u0131\u201d v\u0259 \u201c\u0130lin xalq\u0131\u201d se\u00e7iml\u0259rini edir. 1989-cu ilin xalq\u0131 is\u0259 Az\u0259rbaycan xalq\u0131 elan olunmu\u015fdu. Tribunadan d\u00fc\u015f\u0259nd\u0259n sonra kims\u0259 m\u0259nd\u0259n jurnal\u0131 ald\u0131 v\u0259 qaytarmad\u0131. Ondan sonra AXC r\u0259hb\u0259rl\u0259ri deyirdil\u0259r ki, m\u0259hz onlar\u0131n f\u0259aliyy\u0259ti n\u0259tic\u0259sind\u0259 Az\u0259rbaycan xalq\u0131n\u0131 \u201c\u0130lin xalq\u0131\u201d elan etmi\u015fdil\u0259r, b\u0259li, bu amil vard\u0131. H\u0259min jurnal\u0131n 5-6 s\u0259hif\u0259si Az\u0259rbayandak\u0131 hadis\u0259l\u0259rd\u0259n, \u0259sas\u0259n mitinql\u0259rd\u0259n b\u0259hs edirdi, aksiyalardan \u015f\u0259kill\u0259r d\u0259 yer alm\u0131\u015fd\u0131. M\u0259qal\u0259nin \u0259sas qay\u0259si o idi ki, xalq demokratik ist\u0259kl\u0259rini ortaya qoyub v\u0259 antiimperialist m\u00fcbariz\u0259 apar\u0131r\u201d.\n<\/p>\n<p>\n  \u201c\u0130lin xalq\u0131\u201d niy\u0259 bu v\u0259ziyy\u0259td\u0259dir?\n<\/p>\n<p>\n  Politoloq suala cavab ver\u0259rk\u0259n siyasi tarix\u0259 ekskurs etdi.\n<\/p>\n<figure class=\"wp-block-image size-large\">\n  <img decoding=\"async\" src=\"https:\/\/www.meydan.tv\/az\/72749\/\" alt=\"\" class=\"wp-image-72749\"\/><figcaption>\n    Z\u0259rd\u00fc\u015ft \u018flzad\u0259 foto Meydan TV<br \/>\n  <\/figcaption><\/figure>\n<p>\n  Z.\u018flizad\u0259 d\u00fc\u015f\u00fcn\u00fcr ki, \u201cTayms\u201d jurnal\u0131nda se\u00e7im ed\u0259n adamlar SSR\u0130-nin da\u011f\u0131lmas\u0131n\u0131 ist\u0259yirdil\u0259r v\u0259 onlar imperiyaya qar\u015f\u0131 qalxan xalq\u0131 \u201c\u0130lin xalq\u0131\u201d elan etmi\u015fdil\u0259r:\n<\/p>\n<p>\n  &#8220;Ancaq &#8220;Az\u0259rbaycan xalq\u0131 niy\u0259, hans\u0131 m\u0259qs\u0259dl\u0259rl\u0259 bel\u0259 etmi\u015fdi v\u0259 kiml\u0259r onu t\u0259\u015fkilatland\u0131rm\u0131\u015fd\u0131&#8221; suallar\u0131 onlar\u0131 maraqland\u0131rm\u0131rd\u0131. Amerikaya geosiyasi r\u0259qib SSR\u0130-nin \u00e7\u00f6km\u0259si laz\u0131m idi. Az\u0259rbaycanda prosesl\u0259rin \u00f6n\u00fcnd\u0259 ged\u0259nl\u0259r anlam\u0131rd\u0131lar ki, AXC-nin daxilind\u0259 \u00e7ox gizli s\u0259b\u0259bl\u0259r var. Birinci, m\u0259rk\u0259zi hakimiyy\u0259t, sovet nomenklaturas\u0131 SSR\u0130-nin burax\u0131lmas\u0131nda v\u0259 kapitalizm sistemin\u0259 ke\u00e7idd\u0259 maraql\u0131yd\u0131. \u00c7\u00fcnki bununla onlar \u00fcmumxalq m\u00fclkiyy\u0259tini \u0259l\u0259 ke\u00e7irib milyoner olacaqd\u0131. A\u015fa\u011f\u0131lar nomenklaturan\u0131n bu m\u0259qs\u0259dini ba\u015fa d\u00fc\u015fm\u00fcrd\u00fc, \u0259qid\u0259li kommunistl\u0259r vard\u0131 v\u0259 onlar \u00e7oxpartiyal\u0131 sistemin, iqtisadi islahatlar\u0131n vacibliyini ist\u0259yirdil\u0259r. Sovet ill\u0259rind\u0259 DTK partiyan\u0131n q\u0131l\u0131nc g\u0259zdir\u0259ni adlan\u0131rd\u0131, M\u0259rk\u0259zi Komit\u0259 DTK-ya \u201cimperiyan\u0131 qoru\u201d tap\u015f\u0131r\u0131\u011f\u0131n\u0131 ver\u0259nd\u0259, yerin\u0259 yetirirdi, y\u0259ni etiraz ed\u0259nl\u0259ri m\u0259hv edirdi. Amma M\u0259rk\u0259zi Komit\u0259 m\u00fc\u0259yy\u0259n anda DTK-ya \u00f6lk\u0259ni da\u011f\u0131tmaq tap\u015f\u0131r\u0131\u011f\u0131 verdi v\u0259 bu, can-ba\u015fla yerin\u0259 yetirildi. O yerd\u0259 ki, xalq c\u0259bh\u0259l\u0259ri yox idi, onu yarad\u0131rd\u0131lar, yaxud xalq\u0131n yaratd\u0131\u011f\u0131 t\u0259\u015fkilatlara \u00f6z casuslar\u0131n\u0131 yerl\u0259\u015fdirirdil\u0259r. M\u0259qs\u0259d SSR\u0130-ni siyasi-iqtisadi v\u0259 milli m\u00fcnaqi\u015f\u0259l\u0259r vasit\u0259sil\u0259 \u00e7\u00f6kd\u00fcr\u00fcb \u00fcmumxalq m\u00fclkiyy\u0259tini \u0259l\u0259 ke\u00e7irm\u0259k idi, buna da nail oldular. 1991-ci ilin dekabr\u0131nda Belarusda \u201cBelovejs sazi\u015fi\u201d imzalananda Yeltsin Krav\u00e7uk v\u0259 \u015eu\u015fkevi\u00e7\u0259 demi\u015fdi ki, b\u0259s Bu\u015f n\u0259 dey\u0131r, he\u00e7 Qorba\u00e7ovu axtar\u0131b-itir\u0259n yox idi. T\u0259s\u0259vv\u00fcr edin ki, Stalin hans\u0131sa m\u0259s\u0259l\u0259d\u0259 \u201cRuzvelt n\u0259 dey\u0259r\u201d sual\u0131n\u0131 ver\u0259rdi. Yox, m\u00fcmk\u00fcn deyildi. Bax, bu adamlar \u00f6z yax\u0131nlar\u0131na b\u00f6y\u00fck m\u00fclkiyy\u0259t piramidas\u0131 yaratmaq \u00fc\u00e7\u00fcn h\u0259r \u015fey\u0259 getdil\u0259r. O zaman insanlar v\u0259 xalqlar azadl\u0131q, m\u00fcst\u0259qillik eyforiyas\u0131nda oldu\u011fundan bu m\u0259qs\u0259di g\u00f6rm\u0259k \u00e7\u0259tin idi. D\u00fczd\u00fcr, azadl\u0131q da, m\u00fcst\u0259qillik d\u0259 vacibdir, amma a\u011f\u0131lla bunlara \u00e7atmaq laz\u0131md\u0131r, emosiyayla yox. Bu bar\u0259d\u0259 AXC-nin konfranslar\u0131nda da deyirdim, amma dinl\u0259m\u0259dil\u0259r\u201d.\n<\/p>\n<figure class=\"wp-block-image size-large\">\n  <img decoding=\"async\" src=\"https:\/\/www.meydan.tv\/az\/76604\/\" alt=\"\" class=\"wp-image-76604\"\/><figcaption><\/figcaption><\/figure>\n<p>\n  \u201cGedi\u015fat Heyd\u0259r \u018fliyevin hakimiyy\u0259t\u0259 g\u0259lm\u0259sil\u0259 n\u0259tic\u0259l\u0259ndi v\u0259 haz\u0131rk\u0131 v\u0259ziyy\u0259t yarand\u0131\u201d\n<\/p>\n<p>\n  Z.\u018flizad\u0259 Az\u0259rbaycanda da m\u00fcxt\u0259lif mafioz qruplar\u0131n m\u00fclkiyy\u0259t u\u011frunda m\u00fcbariz\u0259 apard\u0131\u011f\u0131n\u0131, onlar\u0131 xalq maraqland\u0131rmad\u0131\u011f\u0131n\u0131 v\u0259 \u00f6z adamlar\u0131n\u0131 AXC-y\u0259 d\u0259 yeritdiyini s\u00f6yl\u0259di:\n<\/p>\n<p>\n  \u201cTam \u0259minlikl\u0259 deyir\u0259m, mitinql\u0259ri nomenklatura t\u0259\u015fkil edirdi, h\u0259r bir zavod direktorunun sexl\u0259rd\u0259 \u00f6z adamlar\u0131 vard\u0131 v\u0259 onlar prosesl\u0259ri tam anlamayan f\u0259hl\u0259l\u0259r\u0259 deyirdil\u0259r ki, V\u0259zirov Qaraba\u011f\u0131 erm\u0259nil\u0259r\u0259 verdi. N\u0259tic\u0259d\u0259 insanlarda etiraz yaran\u0131rd\u0131, mitinql\u0259r ba\u015flan\u0131rd\u0131, ancaq Qaraba\u011f\u0131n verilm\u0259si s\u00f6hb\u0259ti yox idi. V\u0259zirovun \u00f6z\u00fcn\u00fcn klan\u0131 yox idi, o, respublikaya r\u0259hb\u0259r t\u0259yin olunanda v\u0259ziyy\u0259ti tam bilmirdi. Amma \u0259traf\u0131ndak\u0131 nomenklatura v\u0259 Heyd\u0259r \u018fliyev klan\u0131n\u0131n proses\u0259 t\u0259sir imkan\u0131 g\u00fccl\u00fcyd\u00fc. Klanlar\u0131 is\u0259 xalq\u0131n nec\u0259 ya\u015famas\u0131, g\u0259l\u0259c\u0259yi maraqland\u0131rm\u0131rd\u0131, onlara s\u0259rv\u0259t v\u0259 m\u00fclkiyy\u0259t laz\u0131m idi. Bel\u0259likl\u0259, gedi\u015fat Heyd\u0259r \u018fliyevin hakimiyy\u0259t\u0259 g\u0259lm\u0259sil\u0259 n\u0259tic\u0259l\u0259ndi v\u0259 haz\u0131rk\u0131 v\u0259ziyy\u0259t yarand\u0131\u201d.\n<\/p>\n<p>\n  \u201cMill\u0259tin\u00a0 ba\u015f\u0131na l\u0259yaq\u0259tsiz adamlar ke\u00e7irs\u0259, mill\u0259t r\u0259zil g\u00fcn\u0259 d\u00fc\u015f\u00fcr\u201d\n<\/p>\n<p>\n  Meydan H\u0259r\u0259kat\u0131n\u0131n apar\u0131c\u0131 simalar\u0131ndan olan Nem\u0259t P\u0259nahl\u0131 m\u00f6vcud v\u0259ziyy\u0259tin yaranmas\u0131nda \u00f6nd\u0259 ged\u0259n liderl\u0259rin m\u0259suliyy\u0259t da\u015f\u0131d\u0131\u011f\u0131n\u0131 d\u00fc\u015f\u00fcn\u00fcr.\n<\/p>\n<figure class=\"wp-block-image size-large\">\n  <img decoding=\"async\" src=\"https:\/\/www.meydan.tv\/az\/76607\/\" alt=\"\" class=\"wp-image-76607\"\/><figcaption>\n    Nem\u0259t P\u0259nahl\u0131 foto sosial \u015f\u0259b\u0259k\u0259<br \/>\n  <\/figcaption><\/figure>\n<p>\n  O, d\u00fc\u015f\u00fcn\u00fcr ki, k\u00fctl\u0259 min il \u0259vv\u0259l d\u0259 k\u00fctl\u0259ydi, min il sonra da k\u00fctl\u0259dir. Sad\u0259c\u0259, k\u00fctl\u0259ni ya \u015f\u0259r azl\u0131\u011f\u0131, ya da xeyir azl\u0131\u011f\u0131 idar\u0259 edib:\n<\/p>\n<p>\n  &#8220;Y\u0259ni mill\u0259tin\u00a0 ba\u015f\u0131na l\u0259yaq\u0259tsiz adamlar ke\u00e7irs\u0259, mill\u0259t r\u0259zil g\u00fcn\u0259 d\u00fc\u015f\u00fcr. \u015eah \u0130smay\u0131l X\u0259tainin zaman\u0131 il\u0259 bug\u00fcn\u00fc m\u00fcqayis\u0259 etdikd\u0259, g\u00f6r\u00fcn\u00fcr ki, eyni mill\u0259tdir, ancaq 4-5 n\u0259sil d\u0259yi\u015fib. 1988-ci ild\u0259n bug\u00fcn\u00fc m\u00fcqayis\u0259 etdikd\u0259, 15-20 faiz f\u0259rq edib, \u00f6l\u00fcml\u0259r v\u0259 do\u011fulanlar bax\u0131m\u0131ndan. 1989-cu ild\u0259 \u201c\u0130lin xalq\u0131\u201d olan Az\u0259rbaycan xalq\u0131 bu g\u00fcn d\u00fcnyan\u0131n z\u0259if xalq\u0131na \u00e7evrilib, bir s\u0259b\u0259b var, o zaman \u00f6nd\u0259 ged\u0259nl\u0259r b\u00fct\u00fcn varl\u0131\u011f\u0131yla mill\u0259t\u0259 v\u0259 v\u0259t\u0259n\u0259 ba\u011fl\u0131 idil\u0259r, onlar \u00f6l\u00fcm\u0259 haz\u0131r olub meydana daxil olmu\u015fdular, h\u0259min enerji d\u0259 mill\u0259ti aya\u011fa qald\u0131rd\u0131. Sonradan imperiyan\u0131n siyas\u0259ti n\u0259tic\u0259sind\u0259 h\u0259r\u0259kat\u0131n ba\u015f\u0131na ke\u00e7iril\u0259n adamlar indiki m\u0259nz\u0259r\u0259ni yaratd\u0131lar. Liderl\u0259r olan yerd\u0259 lider yoxdur, lider olan yerd\u0259 is\u0259 liderl\u0259r yoxdur. Sovet DTK-s\u0131 Az\u0259rbaycanda \u00e7oxlu liderl\u0259r yeti\u015fdirm\u0259kl\u0259 xalq\u0131 par\u00e7alay\u0131b diz \u00fcst\u0259 \u00e7\u00f6kd\u00fcrd\u00fc. Eyni durum d\u00f6vl\u0259t strukturunda da ya\u015fan\u0131r, Kamran Ba\u011f\u0131rovun vaxt\u0131nda h\u0259min polis v\u0259 m\u0259murlar idi, \u018fbd\u00fcrr\u0259hman V\u0259zirovun da, Ayaz M\u00fct\u0259llibovun da, Heyd\u0259r \u018fliyevin d\u0259, indi d\u0259. Ancaq V\u0259zirov r\u0259hb\u0259rlik ed\u0259nd\u0259 polis v\u0259 m\u0259mur \u00f6z\u00fcn\u00fc bir c\u00fcr, M\u00fct\u0259llibov, yaxud \u018fliyevl\u0259r r\u0259hb\u0259rlik ed\u0259nd\u0259 tamam ba\u015fqa c\u00fcr apar\u0131r. M\u0259\u015fhur fikir var, k\u00fctl\u0259 sonsuz s\u0131f\u0131rlardan ibar\u0259tdir, \u015f\u0259xsiyy\u0259t is\u0259 vahiddir. S\u0131f\u0131rlar\u0131n qar\u015f\u0131s\u0131na vahid ke\u00e7\u0259nd\u0259 milyonlar yaran\u0131r. Y\u0259ni mill\u0259tin durumu ona r\u0259hb\u0259rlik ed\u0259nl\u0259rd\u0259n as\u0131l\u0131d\u0131r\u201d.\n<\/p>\n<p>\n  \u201cAvtoritarizmin t\u0259zyiqi alt\u0131nda xalq\u0131n g\u00fcc\u00fc \u0259sar\u0259t alt\u0131na al\u0131n\u0131b\u201d\n<\/p>\n<p>\n  Milli Strateji D\u00fc\u015f\u00fcnc\u0259 M\u0259rk\u0259zinin r\u0259hb\u0259ri \u0130sa Q\u0259mb\u0259r deyir ki, h\u0259min vaxt \u201cTayms\u201d jurnal\u0131n\u0131n Az\u0259rbaycan xalq\u0131n\u0131 \u201c\u0130lin xalq\u0131\u201d elan etm\u0259si x\u0259b\u0259rini \u00a0e\u015fid\u0259nd\u0259 xalq\u0131n i\u00e7ind\u0259 oldu\u011fundan qeyri-adi bir \u015fey g\u00f6rm\u0259yib:\n<\/p>\n<p>\n  \u00a0\u201cSSR\u0130-d\u0259 xalqlar\u0131n azadl\u0131q u\u011frunda m\u00fcbariz\u0259si ba\u015flam\u0131\u015fd\u0131 v\u0259 1989-cu ild\u0259 d\u0259 Az\u0259rbaycan xalq\u0131n\u0131n m\u00fcbariz\u0259si f\u0259rqli d\u0259r\u0259c\u0259d\u0259 m\u00f6ht\u0259\u015f\u0259m idi. Biz\u0259 b\u0259lli olan\u0131 d\u00fcnya da t\u0259sdiq etmi\u015fdi\u201d.\n<\/p>\n<figure class=\"wp-block-image size-large\">\n  <img decoding=\"async\" src=\"https:\/\/www.meydan.tv\/az\/67763\/\" alt=\"\" class=\"wp-image-67763\"\/><figcaption>\n    \u0130sa Q\u0259mb\u0259r<br \/>\n  <\/figcaption><\/figure>\n<p>\n  \u0130sa Q\u0259mb\u0259r &#8220;\u00f6t\u0259n m\u00fcdd\u0259td\u0259 hans\u0131 t\u0259sirl\u0259r Az\u0259rbaycan xalq\u0131n\u0131 indiki v\u0259ziyy\u0259t\u0259 sald\u0131&#8221; sual\u0131na bel\u0259 cavab verir:\n<\/p>\n<p>\n  \u201cO b\u00f6y\u00fck bir m\u00fcbariz\u0259 enerjisinin toplanmas\u0131 idi, h\u0259min enerji o c\u00fcr vulkan kimi p\u00fcsk\u00fcrd\u00fc. Sonrak\u0131 d\u00f6n\u0259md\u0259, istiqlal \u0259ld\u0259 olunandan sonra yeni probleml\u0259r, \u00e7\u0259tinlikl\u0259r \u00fcz\u0259 \u00e7\u0131xd\u0131 v\u0259 yeni bir avtoritar rejiml\u0259 \u00fcz-\u00fcz\u0259 qald\u0131q. Avtoritarizmin t\u0259zyiqi alt\u0131nda xalq\u0131n g\u00fcc\u00fc \u0259sar\u0259t alt\u0131na al\u0131n\u0131b. Amma h\u0259min enerjinin toplanmas\u0131 prosesi gedir. Yen\u0259 d\u0259 h\u0259min enerji bir g\u00fcn vulkan kimi p\u00fcsk\u00fcr\u0259c\u0259k v\u0259 o zaman bu sual\u0131 ver\u0259nl\u0259r m\u0259nim bu g\u00fcn verdiyim cavab\u0131n n\u0259 d\u0259r\u0259c\u0259d\u0259 d\u0259qiq oldu\u011funun f\u0259rqin\u0259 varacaqlar. \u201cTayms\u201d v\u0259 \u201cNewsweek\u201d\u00a0\u00a0kimi m\u0259\u015fhur d\u0259rgil\u0259rd\u0259 &#8220;ilin adam\u0131&#8221;, &#8220;ilin xalq\u0131&#8221;, &#8220;ilin \u00f6lk\u0259si&#8221; elan olunmaq \u00f6z\u00fc bir g\u00f6st\u0259ricidir. Y\u0259ni bu xalq\u0131n bir illik f\u0259aliyy\u0259tin\u0259 yox, mahiyy\u0259tin\u0259 veril\u0259n qiym\u0259tdir. O bax\u0131mdan Az\u0259rbaycan xalq\u0131n\u0131n qiym\u0259tini d\u00fcnya medias\u0131 da verib v\u0259 bu, \u0259n az\u0131 m\u00fcasir d\u00f6vr \u00fc\u00e7\u00fcn \u0259b\u0259di qiym\u0259tdir. Ona g\u00f6r\u0259 d\u0259 &#8220;xalq niy\u0259 d\u0259yi\u015fdi v\u0259 niy\u0259 bel\u0259 oldu&#8221; kimi b\u0259dbin suallarla \u00f6z\u00fcn\u00fc d\u0259, ba\u015fqalar\u0131n\u0131 da yorma\u011f\u0131n anlam\u0131 yoxdur. Xalq bizd\u0259n ibar\u0259tdir, h\u0259r birimizd\u0259n, h\u0259r birimiz l\u0259yaq\u0259tli v\u0259t\u0259nda\u015f kimi missiyam\u0131z\u0131, borcumuzu, \u00fcz\u0259rimiz\u0259 d\u00fc\u015f\u0259ni yerin\u0259 yetirs\u0259k, xalq\u0131\u0131m\u0131z\u0131n \u201c\u0130lin xalq\u0131\u201d oldu\u011fu haqda h\u0259min qiym\u0259t bir daha \u00f6z \u0259b\u0259diliyini t\u0259sdiq ed\u0259c\u0259k\u201d.\n<\/p>\n<p>\n  \u201cSon ill\u0259rd\u0259 insanlarda ged\u0259n transformasiyan\u0131n birinci s\u0259b\u0259bi qidalarla ba\u011fl\u0131d\u0131r\u201d\n<\/p>\n<p>\n  Psixoloq D\u0259yan\u0259t Rzayev 80-ci ill\u0259rin sonunda sosializm v\u0259 kapitalizm d\u00fc\u015f\u0259rg\u0259l\u0259ri aras\u0131nda \u201csoyuq m\u00fcharib\u0259\u201dnin dayanmad\u0131\u011f\u0131n\u0131 xat\u0131rladaraq bildirib ki, Qorba\u00e7ov yenid\u0259nqurmas\u0131 ba\u015flayandan sonra Az\u0259rbaycan xalq\u0131 SSR\u0130-d\u0259 m\u00fcs\u0259lman xalqlar\u0131 aras\u0131nda milli kimliyini d\u0259rk ed\u0259n birinci xalq idi:\n<\/p>\n<p>\n  \u201cBiz m\u00fcst\u0259qil olma\u011f\u0131m\u0131z\u0131 birinci d\u0259rk etdik, d\u00fczd\u00fcr, bu ba\u015flan\u011f\u0131cda Da\u011fl\u0131q Qaraba\u011f probleminin d\u0259 rolu oldu. SSR\u0130-nin \u00e7\u00f6km\u0259si d\u0259 \u201cTayms\u201d jurnal\u0131n\u0131 y\u00f6n\u0259ld\u0259nl\u0259rin maraqlar\u0131ndayd\u0131\u201d.\n<\/p>\n<p>\n  \u00a0Az\u0259rbaycan xalq\u0131n\u0131n indiki durumuna g\u0259ldikd\u0259, psixoloq m\u00fcxt\u0259lif amill\u0259rin t\u0259sirininin oldu\u011funu d\u00fc\u015f\u00fcn\u00fcr:\n<\/p>\n<figure class=\"wp-block-image size-large\">\n  <img decoding=\"async\" src=\"https:\/\/www.meydan.tv\/az\/76610\/\" alt=\"\" class=\"wp-image-76610\"\/><figcaption>\n    D\u0259yan\u0259t Rzayev foto sosial \u015f\u0259b\u0259k\u0259<br \/>\n  <\/figcaption><\/figure>\n<p>\n  \u201cM\u0259s\u0259l\u0259n, monqol xalq\u0131 tarixd\u0259 b\u00f6y\u00fck imperiya yarad\u0131b v\u0259 d\u00fcnyan\u0131n yar\u0131dan \u00e7oxuna sahib olub, ancaq bu g\u00fcn \u0259n ma\u011fm\u0131n adama &#8220;monqol&#8221; deyirl\u0259r. Fikir verirsiniz, halbuki, bu xalq\u0131n tarix\u0259 h\u00f6km ed\u0259n d\u00f6vrl\u0259ri olub. Son ill\u0259rd\u0259 insanlarda ged\u0259n transformasiyan\u0131n birinci s\u0259b\u0259bi qidalarla ba\u011fl\u0131d\u0131r. Adi bir misal, sovet d\u00f6vr\u00fcnd\u0259 broyler toyu\u011fu yox idi. Son 20-25 ild\u0259 toyuqlara, in\u0259kl\u0259r\u0259, bitkil\u0259r\u0259 v\u0259 ba\u015fqa m\u0259hsullar\u0131n \u00e7\u0259kisinin artmas\u0131 \u00fc\u00e7\u00fcn x\u00fcsusi d\u0259rman vururlar, bunu da qidan\u0131n \u00e7at\u0131\u015fmazl\u0131\u011f\u0131 v\u0259 insanlar\u0131n artmas\u0131 il\u0259 izah edirl\u0259r. Bu is\u0259 ki\u015fil\u0259rin xarakterin\u0259, xasiyy\u0259tin\u0259, h\u0259tta onda qad\u0131nla\u015fman\u0131n g\u00fccl\u0259nm\u0259sin\u0259 t\u0259sir edir. 1989-cu ild\u0259, yaxud 20 Yanvarda v\u0259 ard\u0131nca Qaraba\u011f sava\u015f\u0131nda \u00f6l\u00fcm\u0259 ged\u0259n Az\u0259rbaycan ki\u015fisind\u0259 psixoloji, yaxud m\u0259n\u0259vi c\u0131l\u0131zla\u015fma gedir. H\u0259min ill\u0259rin xalq\u0131, do\u011frudan da, \u201c\u0130lin xalq\u0131\u201d idi, \u00f6z m\u00fcst\u0259qilliyi v\u0259 \u0259razi b\u00fct\u00f6vl\u00fcy\u00fc u\u011frunda \u00f6l\u00fcm\u0259 ged\u0259n xalq ba\u015fqa ada layiq g\u00f6r\u00fcl\u0259 bilm\u0259zdi. \u0130kinci amil iqtisadidir, bu amil insanlara b\u00fct\u00fcn hallarda m\u0259nfi bax\u0131mdan dikt\u0259 edir. \u0130nsanlarda iqtisadi h\u0259mr\u0259ylik yoxdur, xarici \u00f6lk\u0259l\u0259rd\u0259 a\u015fpazlar\u0131n maa\u015flar\u0131n\u0131 azalanda h\u0259mkarlar ittifaq\u0131 onlar\u0131 d\u0259st\u0259kl\u0259yir v\u0259 geni\u015f aksiyalar ke\u00e7irirl\u0259r. Az\u0259rbaycanda 200 manata 12 saat marketd\u0259 i\u015fl\u0259y\u0259n f\u0259hl\u0259 \u0259m\u0259khaqq\u0131n\u0131 art\u0131r\u0131lmas\u0131n\u0131 t\u0259l\u0259b ed\u0259 bilmir, t\u0259l\u0259b ets\u0259, sahibkar onu qovacaq v\u0259 ba\u015fqas\u0131n\u0131 i\u015f\u0259 g\u00f6t\u00fcr\u0259c\u0259k. H\u0259min ba\u015fqas\u0131 da \u0259vv\u0259lki i\u015f\u00e7iy\u0259 d\u0259st\u0259k verm\u0259k \u0259v\u0259zin\u0259 onun yerin\u0259 he\u00e7 n\u0259 olmam\u0131\u015f kimi i\u015fl\u0259y\u0259c\u0259k, ancaq bu durumun sabah onu da g\u00f6zl\u0259diyini anlam\u0131r. Bax, h\u0259mr\u0259ylik olmad\u0131\u011f\u0131ndan indiki v\u0259ziyy\u0259t yaran\u0131b. N\u0259hay\u0259t, \u00fc\u00e7\u00fcnc\u00fc amil qorxudur, 80-90-c\u0131 ill\u0259rd\u0259 insanlar he\u00e7 n\u0259d\u0259n qorxmadan meydanlara \u00e7\u0131x\u0131rd\u0131. T\u0259s\u0259vv\u00fcr edin ki, iki devalvasiyadan sonra banka borclu qalan gedib m\u0259s\u0259l\u0259ni ara\u015fd\u0131r\u0131b h\u00fcququnu t\u0259l\u0259b etm\u0259k \u0259v\u0259zin\u0259 intihara \u0259l at\u0131r. Ax\u0131 intiharla he\u015f n\u0259y\u0259 nail olmaq m\u00fcmk\u00fcn deyil\u201d.\n<\/p>\n<p>\n  \u201cAz\u0259rbaycan xalq\u0131 qorxu, qeyri-m\u00fc\u0259yy\u0259nlik v\u0259 \u00fcmidsizlikd\u0259n as\u0131l\u0131 qal\u0131b\u201d\n<\/p>\n<figure class=\"wp-block-image size-large\">\n  <img decoding=\"async\" src=\"https:\/\/www.meydan.tv\/az\/76613\/\" alt=\"\" class=\"wp-image-76613\"\/><figcaption>\n    foto sosial \u015f\u0259b\u0259k\u0259<br \/>\n  <\/figcaption><\/figure>\n<p>\n  D\u0259yan\u0259t Rzayev hesab edir ki, 25-27 il \u0259vv\u0259l b\u00fct\u00fcn m\u0259nalarda c\u0259sar\u0259t g\u00f6st\u0259r\u0259n Az\u0259rbaycan xalq\u0131 qorxu, qeyri-m\u00fc\u0259yy\u0259nlik v\u0259 \u00fcmidsizlikd\u0259n as\u0131l\u0131 qal\u0131b:\n<\/p>\n<p>\n  \u201c\u0130nsanlar deyir ki, bir par\u00e7a \u00e7\u00f6r\u0259yim olsun, ancaq sakit\u00e7ilik i\u00e7ind\u0259. Halbuki, insanlar\u0131 \u00e7ox s\u0131xanda partlay\u0131\u015f yaran\u0131r, bu is\u0259 yax\u015f\u0131 he\u00e7 n\u0259 v\u0259d etmir. Ona g\u00f6r\u0259 h\u00f6kum\u0259t insanlara iqtisadi v\u0259 siyasi azadl\u0131qlar verm\u0259lidir\u201d.<\/p>\n","protected":false},"excerpt":{"rendered":"<p>&#8221;Mill\u0259tin  ba\u015f\u0131na l\u0259yaq\u0259tsiz adamlar ke\u00e7irs\u0259, mill\u0259t r\u0259zil g\u00fcn\u0259 d\u00fc\u015f\u00fcr&#8221;<\/p>\n","protected":false},"author":11,"featured_media":76598,"comment_status":"closed","ping_status":"open","sticky":false,"template":"","format":"standard","meta":{"_acf_changed":false,"_sitemap_exclude":false,"_sitemap_priority":"","_sitemap_frequency":"","footnotes":""},"categories":[51],"tags":[],"class_list":["post-181616","post","type-post","status-publish","format-standard","has-post-thumbnail","hentry","category-analitika","infinite-scroll-item","generate-columns","tablet-grid-50","mobile-grid-100","grid-parent","grid-33","no-featured-image-padding"],"acf":[],"yoast_head":"<!-- This site is optimized with the Yoast SEO plugin v27.5 - https:\/\/yoast.com\/product\/yoast-seo-wordpress\/ -->\n<title>&#039;&#039;26 il \u0259vv\u0259lin &#039;&#039;\u0130lin xalq\u0131&#039;&#039; \u00fcmidsizlikd\u0259n as\u0131l\u0131 qal\u0131b&#039;&#039; - MEYDAN.TV<\/title>\n<meta name=\"robots\" content=\"index, follow, max-snippet:-1, max-image-preview:large, max-video-preview:-1\" \/>\n<link rel=\"canonical\" href=\"https:\/\/www.meydan.tv\/az\/article\/26-il-evvelin-ilin-xalqi-umidsizlikden-asili-qalib\/\" \/>\n<meta property=\"og:locale\" content=\"az_AZ\" \/>\n<meta property=\"og:type\" content=\"article\" \/>\n<meta property=\"og:title\" content=\"&#039;&#039;26 il \u0259vv\u0259lin &#039;&#039;\u0130lin xalq\u0131&#039;&#039; \u00fcmidsizlikd\u0259n as\u0131l\u0131 qal\u0131b&#039;&#039; - MEYDAN.TV\" \/>\n<meta property=\"og:description\" content=\"&#039;&#039;Mill\u0259tin ba\u015f\u0131na l\u0259yaq\u0259tsiz adamlar ke\u00e7irs\u0259, mill\u0259t r\u0259zil g\u00fcn\u0259 d\u00fc\u015f\u00fcr&#039;&#039;\" \/>\n<meta property=\"og:url\" content=\"https:\/\/www.meydan.tv\/az\/article\/26-il-evvelin-ilin-xalqi-umidsizlikden-asili-qalib\/\" \/>\n<meta property=\"og:site_name\" content=\"MEYDAN.TV\" \/>\n<meta property=\"article:published_time\" content=\"2016-12-31T10:08:40+00:00\" \/>\n<meta property=\"og:image\" content=\"https:\/\/www.meydan.tv\/wp-content\/uploads\/29691.jpg\" \/>\n\t<meta property=\"og:image:width\" content=\"607\" \/>\n\t<meta property=\"og:image:height\" content=\"797\" \/>\n\t<meta property=\"og:image:type\" content=\"image\/jpeg\" \/>\n<meta name=\"author\" content=\"user-manager\" \/>\n<meta name=\"twitter:card\" content=\"summary_large_image\" \/>\n<script type=\"application\/ld+json\" class=\"yoast-schema-graph\">{\"@context\":\"https:\\\/\\\/schema.org\",\"@graph\":[{\"@type\":\"Article\",\"@id\":\"https:\\\/\\\/www.meydan.tv\\\/az\\\/article\\\/26-il-evvelin-ilin-xalqi-umidsizlikden-asili-qalib\\\/#article\",\"isPartOf\":{\"@id\":\"https:\\\/\\\/www.meydan.tv\\\/az\\\/article\\\/26-il-evvelin-ilin-xalqi-umidsizlikden-asili-qalib\\\/\"},\"author\":{\"name\":\"user-manager\",\"@id\":\"https:\\\/\\\/www.meydan.tv\\\/az\\\/#\\\/schema\\\/person\\\/10d11eccf6da3662cf5fdab9806ea91a\"},\"headline\":\"&#8221;26 il \u0259vv\u0259lin &#8221;\u0130lin xalq\u0131&#8221; \u00fcmidsizlikd\u0259n as\u0131l\u0131 qal\u0131b&#8221;\",\"datePublished\":\"2016-12-31T10:08:40+00:00\",\"mainEntityOfPage\":{\"@id\":\"https:\\\/\\\/www.meydan.tv\\\/az\\\/article\\\/26-il-evvelin-ilin-xalqi-umidsizlikden-asili-qalib\\\/\"},\"wordCount\":2526,\"publisher\":{\"@id\":\"https:\\\/\\\/www.meydan.tv\\\/az\\\/#organization\"},\"image\":{\"@id\":\"https:\\\/\\\/www.meydan.tv\\\/az\\\/article\\\/26-il-evvelin-ilin-xalqi-umidsizlikden-asili-qalib\\\/#primaryimage\"},\"thumbnailUrl\":\"https:\\\/\\\/www.meydan.tv\\\/wp-content\\\/uploads\\\/29691.jpg\",\"articleSection\":[\"Analitika\"],\"inLanguage\":\"az\"},{\"@type\":\"WebPage\",\"@id\":\"https:\\\/\\\/www.meydan.tv\\\/az\\\/article\\\/26-il-evvelin-ilin-xalqi-umidsizlikden-asili-qalib\\\/\",\"url\":\"https:\\\/\\\/www.meydan.tv\\\/az\\\/article\\\/26-il-evvelin-ilin-xalqi-umidsizlikden-asili-qalib\\\/\",\"name\":\"''26 il \u0259vv\u0259lin ''\u0130lin xalq\u0131'' \u00fcmidsizlikd\u0259n as\u0131l\u0131 qal\u0131b'' - MEYDAN.TV\",\"isPartOf\":{\"@id\":\"https:\\\/\\\/www.meydan.tv\\\/az\\\/#website\"},\"primaryImageOfPage\":{\"@id\":\"https:\\\/\\\/www.meydan.tv\\\/az\\\/article\\\/26-il-evvelin-ilin-xalqi-umidsizlikden-asili-qalib\\\/#primaryimage\"},\"image\":{\"@id\":\"https:\\\/\\\/www.meydan.tv\\\/az\\\/article\\\/26-il-evvelin-ilin-xalqi-umidsizlikden-asili-qalib\\\/#primaryimage\"},\"thumbnailUrl\":\"https:\\\/\\\/www.meydan.tv\\\/wp-content\\\/uploads\\\/29691.jpg\",\"datePublished\":\"2016-12-31T10:08:40+00:00\",\"breadcrumb\":{\"@id\":\"https:\\\/\\\/www.meydan.tv\\\/az\\\/article\\\/26-il-evvelin-ilin-xalqi-umidsizlikden-asili-qalib\\\/#breadcrumb\"},\"inLanguage\":\"az\",\"potentialAction\":[{\"@type\":\"ReadAction\",\"target\":[\"https:\\\/\\\/www.meydan.tv\\\/az\\\/article\\\/26-il-evvelin-ilin-xalqi-umidsizlikden-asili-qalib\\\/\"]}]},{\"@type\":\"ImageObject\",\"inLanguage\":\"az\",\"@id\":\"https:\\\/\\\/www.meydan.tv\\\/az\\\/article\\\/26-il-evvelin-ilin-xalqi-umidsizlikden-asili-qalib\\\/#primaryimage\",\"url\":\"https:\\\/\\\/www.meydan.tv\\\/wp-content\\\/uploads\\\/29691.jpg\",\"contentUrl\":\"https:\\\/\\\/www.meydan.tv\\\/wp-content\\\/uploads\\\/29691.jpg\",\"width\":607,\"height\":797,\"caption\":\"Source:\"},{\"@type\":\"BreadcrumbList\",\"@id\":\"https:\\\/\\\/www.meydan.tv\\\/az\\\/article\\\/26-il-evvelin-ilin-xalqi-umidsizlikden-asili-qalib\\\/#breadcrumb\",\"itemListElement\":[{\"@type\":\"ListItem\",\"position\":1,\"name\":\"Ana s\u0259hif\u0259\",\"item\":\"https:\\\/\\\/www.meydan.tv\\\/az\\\/\"},{\"@type\":\"ListItem\",\"position\":2,\"name\":\"Analitika\",\"item\":\"https:\\\/\\\/www.meydan.tv\\\/az\\\/section\\\/analitika\\\/\"},{\"@type\":\"ListItem\",\"position\":3,\"name\":\"&#8221;26 il \u0259vv\u0259lin &#8221;\u0130lin xalq\u0131&#8221; \u00fcmidsizlikd\u0259n as\u0131l\u0131 qal\u0131b&#8221;\"}]},{\"@type\":\"WebSite\",\"@id\":\"https:\\\/\\\/www.meydan.tv\\\/az\\\/#website\",\"url\":\"https:\\\/\\\/www.meydan.tv\\\/az\\\/\",\"name\":\"MEYDAN.TV\",\"description\":\"Meydan TV Az\u0259rbaycan\u0131n media m\u0259kan\u0131ndak\u0131 alternativ s\u0259sidir\",\"publisher\":{\"@id\":\"https:\\\/\\\/www.meydan.tv\\\/az\\\/#organization\"},\"potentialAction\":[{\"@type\":\"SearchAction\",\"target\":{\"@type\":\"EntryPoint\",\"urlTemplate\":\"https:\\\/\\\/www.meydan.tv\\\/az\\\/?s={search_term_string}\"},\"query-input\":{\"@type\":\"PropertyValueSpecification\",\"valueRequired\":true,\"valueName\":\"search_term_string\"}}],\"inLanguage\":\"az\"},{\"@type\":\"Organization\",\"@id\":\"https:\\\/\\\/www.meydan.tv\\\/az\\\/#organization\",\"name\":\"Meydan TV\",\"url\":\"https:\\\/\\\/www.meydan.tv\\\/az\\\/\",\"logo\":{\"@type\":\"ImageObject\",\"inLanguage\":\"az\",\"@id\":\"https:\\\/\\\/www.meydan.tv\\\/az\\\/#\\\/schema\\\/logo\\\/image\\\/\",\"url\":\"https:\\\/\\\/www.meydan.tv\\\/wp-content\\\/uploads\\\/2021\\\/07\\\/meydan-logo.svg\",\"contentUrl\":\"https:\\\/\\\/www.meydan.tv\\\/wp-content\\\/uploads\\\/2021\\\/07\\\/meydan-logo.svg\",\"width\":195,\"height\":46,\"caption\":\"Meydan TV\"},\"image\":{\"@id\":\"https:\\\/\\\/www.meydan.tv\\\/az\\\/#\\\/schema\\\/logo\\\/image\\\/\"}},{\"@type\":\"Person\",\"@id\":\"https:\\\/\\\/www.meydan.tv\\\/az\\\/#\\\/schema\\\/person\\\/10d11eccf6da3662cf5fdab9806ea91a\",\"name\":\"user-manager\"}]}<\/script>\n<!-- \/ Yoast SEO plugin. -->","yoast_head_json":{"title":"''26 il \u0259vv\u0259lin ''\u0130lin xalq\u0131'' \u00fcmidsizlikd\u0259n as\u0131l\u0131 qal\u0131b'' - MEYDAN.TV","robots":{"index":"index","follow":"follow","max-snippet":"max-snippet:-1","max-image-preview":"max-image-preview:large","max-video-preview":"max-video-preview:-1"},"canonical":"https:\/\/www.meydan.tv\/az\/article\/26-il-evvelin-ilin-xalqi-umidsizlikden-asili-qalib\/","og_locale":"az_AZ","og_type":"article","og_title":"''26 il \u0259vv\u0259lin ''\u0130lin xalq\u0131'' \u00fcmidsizlikd\u0259n as\u0131l\u0131 qal\u0131b'' - MEYDAN.TV","og_description":"''Mill\u0259tin ba\u015f\u0131na l\u0259yaq\u0259tsiz adamlar ke\u00e7irs\u0259, mill\u0259t r\u0259zil g\u00fcn\u0259 d\u00fc\u015f\u00fcr''","og_url":"https:\/\/www.meydan.tv\/az\/article\/26-il-evvelin-ilin-xalqi-umidsizlikden-asili-qalib\/","og_site_name":"MEYDAN.TV","article_published_time":"2016-12-31T10:08:40+00:00","og_image":[{"width":607,"height":797,"url":"https:\/\/www.meydan.tv\/wp-content\/uploads\/29691.jpg","type":"image\/jpeg"}],"author":"user-manager","twitter_card":"summary_large_image","schema":{"@context":"https:\/\/schema.org","@graph":[{"@type":"Article","@id":"https:\/\/www.meydan.tv\/az\/article\/26-il-evvelin-ilin-xalqi-umidsizlikden-asili-qalib\/#article","isPartOf":{"@id":"https:\/\/www.meydan.tv\/az\/article\/26-il-evvelin-ilin-xalqi-umidsizlikden-asili-qalib\/"},"author":{"name":"user-manager","@id":"https:\/\/www.meydan.tv\/az\/#\/schema\/person\/10d11eccf6da3662cf5fdab9806ea91a"},"headline":"&#8221;26 il \u0259vv\u0259lin &#8221;\u0130lin xalq\u0131&#8221; \u00fcmidsizlikd\u0259n as\u0131l\u0131 qal\u0131b&#8221;","datePublished":"2016-12-31T10:08:40+00:00","mainEntityOfPage":{"@id":"https:\/\/www.meydan.tv\/az\/article\/26-il-evvelin-ilin-xalqi-umidsizlikden-asili-qalib\/"},"wordCount":2526,"publisher":{"@id":"https:\/\/www.meydan.tv\/az\/#organization"},"image":{"@id":"https:\/\/www.meydan.tv\/az\/article\/26-il-evvelin-ilin-xalqi-umidsizlikden-asili-qalib\/#primaryimage"},"thumbnailUrl":"https:\/\/www.meydan.tv\/wp-content\/uploads\/29691.jpg","articleSection":["Analitika"],"inLanguage":"az"},{"@type":"WebPage","@id":"https:\/\/www.meydan.tv\/az\/article\/26-il-evvelin-ilin-xalqi-umidsizlikden-asili-qalib\/","url":"https:\/\/www.meydan.tv\/az\/article\/26-il-evvelin-ilin-xalqi-umidsizlikden-asili-qalib\/","name":"''26 il \u0259vv\u0259lin ''\u0130lin xalq\u0131'' \u00fcmidsizlikd\u0259n as\u0131l\u0131 qal\u0131b'' - MEYDAN.TV","isPartOf":{"@id":"https:\/\/www.meydan.tv\/az\/#website"},"primaryImageOfPage":{"@id":"https:\/\/www.meydan.tv\/az\/article\/26-il-evvelin-ilin-xalqi-umidsizlikden-asili-qalib\/#primaryimage"},"image":{"@id":"https:\/\/www.meydan.tv\/az\/article\/26-il-evvelin-ilin-xalqi-umidsizlikden-asili-qalib\/#primaryimage"},"thumbnailUrl":"https:\/\/www.meydan.tv\/wp-content\/uploads\/29691.jpg","datePublished":"2016-12-31T10:08:40+00:00","breadcrumb":{"@id":"https:\/\/www.meydan.tv\/az\/article\/26-il-evvelin-ilin-xalqi-umidsizlikden-asili-qalib\/#breadcrumb"},"inLanguage":"az","potentialAction":[{"@type":"ReadAction","target":["https:\/\/www.meydan.tv\/az\/article\/26-il-evvelin-ilin-xalqi-umidsizlikden-asili-qalib\/"]}]},{"@type":"ImageObject","inLanguage":"az","@id":"https:\/\/www.meydan.tv\/az\/article\/26-il-evvelin-ilin-xalqi-umidsizlikden-asili-qalib\/#primaryimage","url":"https:\/\/www.meydan.tv\/wp-content\/uploads\/29691.jpg","contentUrl":"https:\/\/www.meydan.tv\/wp-content\/uploads\/29691.jpg","width":607,"height":797,"caption":"Source:"},{"@type":"BreadcrumbList","@id":"https:\/\/www.meydan.tv\/az\/article\/26-il-evvelin-ilin-xalqi-umidsizlikden-asili-qalib\/#breadcrumb","itemListElement":[{"@type":"ListItem","position":1,"name":"Ana s\u0259hif\u0259","item":"https:\/\/www.meydan.tv\/az\/"},{"@type":"ListItem","position":2,"name":"Analitika","item":"https:\/\/www.meydan.tv\/az\/section\/analitika\/"},{"@type":"ListItem","position":3,"name":"&#8221;26 il \u0259vv\u0259lin &#8221;\u0130lin xalq\u0131&#8221; \u00fcmidsizlikd\u0259n as\u0131l\u0131 qal\u0131b&#8221;"}]},{"@type":"WebSite","@id":"https:\/\/www.meydan.tv\/az\/#website","url":"https:\/\/www.meydan.tv\/az\/","name":"MEYDAN.TV","description":"Meydan TV Az\u0259rbaycan\u0131n media m\u0259kan\u0131ndak\u0131 alternativ s\u0259sidir","publisher":{"@id":"https:\/\/www.meydan.tv\/az\/#organization"},"potentialAction":[{"@type":"SearchAction","target":{"@type":"EntryPoint","urlTemplate":"https:\/\/www.meydan.tv\/az\/?s={search_term_string}"},"query-input":{"@type":"PropertyValueSpecification","valueRequired":true,"valueName":"search_term_string"}}],"inLanguage":"az"},{"@type":"Organization","@id":"https:\/\/www.meydan.tv\/az\/#organization","name":"Meydan TV","url":"https:\/\/www.meydan.tv\/az\/","logo":{"@type":"ImageObject","inLanguage":"az","@id":"https:\/\/www.meydan.tv\/az\/#\/schema\/logo\/image\/","url":"https:\/\/www.meydan.tv\/wp-content\/uploads\/2021\/07\/meydan-logo.svg","contentUrl":"https:\/\/www.meydan.tv\/wp-content\/uploads\/2021\/07\/meydan-logo.svg","width":195,"height":46,"caption":"Meydan TV"},"image":{"@id":"https:\/\/www.meydan.tv\/az\/#\/schema\/logo\/image\/"}},{"@type":"Person","@id":"https:\/\/www.meydan.tv\/az\/#\/schema\/person\/10d11eccf6da3662cf5fdab9806ea91a","name":"user-manager"}]}},"_links":{"self":[{"href":"https:\/\/www.meydan.tv\/az\/wp-json\/wp\/v2\/posts\/181616","targetHints":{"allow":["GET"]}}],"collection":[{"href":"https:\/\/www.meydan.tv\/az\/wp-json\/wp\/v2\/posts"}],"about":[{"href":"https:\/\/www.meydan.tv\/az\/wp-json\/wp\/v2\/types\/post"}],"author":[{"embeddable":true,"href":"https:\/\/www.meydan.tv\/az\/wp-json\/wp\/v2\/users\/11"}],"replies":[{"embeddable":true,"href":"https:\/\/www.meydan.tv\/az\/wp-json\/wp\/v2\/comments?post=181616"}],"version-history":[{"count":0,"href":"https:\/\/www.meydan.tv\/az\/wp-json\/wp\/v2\/posts\/181616\/revisions"}],"wp:featuredmedia":[{"embeddable":true,"href":"https:\/\/www.meydan.tv\/az\/wp-json\/wp\/v2\/media\/76598"}],"wp:attachment":[{"href":"https:\/\/www.meydan.tv\/az\/wp-json\/wp\/v2\/media?parent=181616"}],"wp:term":[{"taxonomy":"category","embeddable":true,"href":"https:\/\/www.meydan.tv\/az\/wp-json\/wp\/v2\/categories?post=181616"},{"taxonomy":"post_tag","embeddable":true,"href":"https:\/\/www.meydan.tv\/az\/wp-json\/wp\/v2\/tags?post=181616"}],"curies":[{"name":"wp","href":"https:\/\/api.w.org\/{rel}","templated":true}]}}