{"id":181615,"date":"2016-12-31T11:02:37","date_gmt":"2016-12-31T11:02:37","guid":{"rendered":"https:\/\/www.meydan.tv\/article\/guney-azerbaycanda-yeni-oyanis-dovru-baslayir\/"},"modified":"2016-12-31T11:02:37","modified_gmt":"2016-12-31T11:02:37","slug":"guney-azerbaycanda-yeni-oyanis-dovru-baslayir","status":"publish","type":"post","link":"https:\/\/www.meydan.tv\/az\/article\/guney-azerbaycanda-yeni-oyanis-dovru-baslayir\/","title":{"rendered":"G\u00fcney Az\u0259rbaycanda yeni oyan\u0131\u015f d\u00f6vr\u00fc ba\u015flay\u0131r"},"content":{"rendered":"<figure class=\"wp-block-image size-large\">\n  <img decoding=\"async\" src=\"https:\/\/www.meydan.tv\/az\/76646\/\" alt=\"\" class=\"wp-image-76646\"\/><figcaption><\/figcaption><\/figure>\n<figure class=\"wp-block-image size-large\">\n  <img decoding=\"async\" src=\"https:\/\/www.meydan.tv\/az\/76646\/\" alt=\"\" class=\"wp-image-76646\"\/><figcaption><\/figcaption><\/figure>\n<p>\n  M\u0259rhum d\u00f6vl\u0259t ba\u015f\u00e7\u0131s\u0131 \u018fb\u00fclf\u0259z El\u00e7ib\u0259y G\u00fcney Az\u0259rbaycan m\u00f6vzusunu daim diqq\u0259td\u0259 saxlay\u0131rd\u0131. Eks-prezident K\u0259l\u0259kid\u0259n geri qay\u0131td\u0131qdan sonra Bak\u0131da G\u00fcney m\u00f6zusunda m\u00fcxt\u0259lif t\u0259\u015fkilatlar yarand\u0131. Ancaq \u018fb\u00fclf\u0259z El\u00e7ib\u0259y r\u0259hm\u0259t\u0259 getdikd\u0259n sonra bu t\u0259\u015fkilatlar\u0131n f\u0259aliyy\u0259tl\u0259ri z\u0259ifl\u0259di. Son zamanlar bu m\u00f6vzuda \u0259n aktiv \u00e7al\u0131\u015fan t\u0259\u015fkilat kimi B\u00fct\u00f6v Az\u0259rbaycan Ocaqlar\u0131n\u0131 qeyd etm\u0259k olar. Bu t\u0259\u015fkilat\u0131n h\u0259m s\u0131ralar\u0131 geni\u015fdir, h\u0259m d\u0259 m\u00fcxt\u0259lif t\u0259dbirl\u0259r vsit\u0259sil\u0259 G\u00fcney m\u00f6vzusunu daima diqq\u0259td\u0259 saxlay\u0131r.\n<\/p>\n<p>\n  B\u00fct\u00f6v Az\u0259rbaycan Ocaqlar\u0131 30 dekabrda G\u00fcney m\u00f6vzusunda n\u00f6vb\u0259ti toplant\u0131s\u0131n\u0131 ke\u00e7irtdi. T\u0259dbir Beyn\u0259lxalq M\u0259tbuat M\u0259rk\u0259zind\u0259 ke\u00e7irildi. H\u0259mi\u015f\u0259ki kimi qurumun t\u0259dbirind\u0259 zal dolu idi. G\u00fcney m\u00f6vzusuna maraq yen\u0259 art\u0131r. \u018fslind\u0259 m\u00fczakir\u0259 olunacaq m\u00f6vzulardan biri 65 g\u00fcnd\u00fcr \u0130ran zindan\u0131nda acl\u0131q ed\u0259n M\u00fcrt\u0259za Muradpur olmal\u0131 idi. Ancaq \u0130ran hakimiyy\u0259ti bu acl\u0131\u011f\u0131n b\u00f6y\u00fck \u0259ks-s\u0259da do\u011furdu\u011funu anlayaraq Muradpuru konfransa bir g\u00fcn qalm\u0131\u015f azad etdi.\n<\/p>\n<p>\n  G\u00fcney Az\u0259rbaycanda milli f\u0259allar\u0131n say\u0131 h\u0259r ge\u00e7\u0259n g\u00fcn art\u0131r v\u0259 bu amil Tehran\u0131n milli f\u0259allara qar\u015f\u0131 m\u00fcbariz\u0259sini \u00e7\u0259tinl\u0259\u015fdirir. \u00c7\u00fcnki \u0259g\u0259r 10-15 il \u0259vv\u0259l T\u0259brizd\u0259 v\u0259 ya \u018frdbil\u0259d 10 n\u0259f\u0259r f\u0259al\u0131 tutmaq asand idis\u0259, indi bel\u0259l\u0259rin say\u0131 minl\u0259ri ke\u00e7ib v\u0259 onlar\u0131n ham\u0131s\u0131n\u0131 h\u0259bs etm\u0259k \u0130rana \u0259lav\u0259 probleml\u0259r yarad\u0131r. El\u0259 bunun n\u0259tic\u0259sidir ki, \u0130ran rejimi \u00f6z\u00fc parlamentd\u0259 \u201ct\u00fcrk fraksiyas\u0131n\u0131n\u201d yarad\u0131lmas\u0131na ya\u015f\u0131l i\u015f\u0131q yand\u0131r\u0131b ki, G\u00fcneyd\u0259ki oyan\u0131\u015f\u0131 bu yolla n\u0259zar\u0259t alt\u0131nda saxlaya bilsin. Ancaq bu \u201c\u00fcsul\u201d da i\u015f\u0259 yaramaya bil\u0259r. \u00c7\u00fcnki \u201ct\u00fcrk fraksiyas\u0131\u201d g\u00fcneyli f\u0259allar\u0131n ist\u0259k v\u0259 t\u0259l\u0259bl\u0259rin\u0259 seyr\u00e7i qalacaqsa, bu fraksiyan\u0131n \u00f6mr\u00fc q\u0131sa olacaq. T\u0259l\u0259b is\u0259 \u00e7ox deyil, az\u0259rbaycanl\u0131lara ana dill\u0259rind\u0259 yaz\u0131b, oxuma\u011fa \u015f\u0259rait yarad\u0131ls\u0131n v\u0259 Urmiya g\u00f6l\u00fcn\u00fcn qurumas\u0131n\u0131n qar\u015f\u0131s\u0131 al\u0131ns\u0131n. Tehran bunlar\u0131n he\u00e7 birini etmir, ona g\u00f6r\u0259 d\u0259 G\u00fcney Az\u0259rbaycanda naraz\u0131l\u0131q artan x\u0259tt \u00fczr\u0259 inki\u015faf edir. 15 il \u0259vv\u0259l kims\u0259 \u0130raq\u0131n par\u00e7alanaca\u011f\u0131n\u0131 d\u00fc\u015f\u00fcnm\u00fcrd\u00fc. Ancaq bu, ba\u015f verdi. 5 il \u0259vv\u0259l Suriyan\u0131n da par\u00e7alanaca\u011f\u0131n\u0131 da proqnozla\u015fd\u0131maq \u00e7\u0259tin idi. Bu da ba\u015f verdi. Ona g\u00f6r\u0259 \u0130ran da \u00f6z\u00fcn\u0259 arxay\u0131n deyil.\n<\/p>\n<p>\n  G\u00fcney Az\u0259rbaycanda f\u0259allar\u0131n m\u00fcbariz\u0259si sisteml\u0259\u015fm\u0259yib. Bunun obyektiv s\u0259b\u0259bi var. \u018fg\u0259r G\u00fcney Az\u0259rbaycanda b\u00f6y\u00fck t\u0259\u015fkilat t\u0259sis olunarsa, \u0130ran rejimi h\u0259r\u0259kat\u0131n liderl\u0259rini neytralla\u015fd\u0131rma\u011fa \u00e7al\u0131\u015facaq. Ancaq onlarla, h\u0259tta y\u00fczl\u0259rl\u0259 t\u0259\u015fkilatlanm\u0131\u015f qrupa qar\u015f\u0131 m\u00fcbariz\u0259 aparmaq \u00e7\u0259tindir. B\u0259s xaricd\u0259ki g\u00fcneyli f\u0259allar niy\u0259 t\u0259\u015fkilatlana bilmirl\u0259r? Bu sual daha ciddidir. Bir m\u00fcdd\u0259t \u00f6nc\u0259, Avropada G\u00fcney Az\u0259rbaycan\u0131n M\u00fchacir\u0259td\u0259ki Parlamentinin yarad\u0131lmas\u0131 anons edilmi\u015fdi. Yax\u015f\u0131 ideya idi. Ancaq haz\u0131rda bel\u0259 bir parlamentinin var olub-olmad\u0131\u011f\u0131 b\u0259lli deyil. G\u00fcneylil\u0259rin xaric \u00f6lk\u0259l\u0259rd\u0259 t\u0259\u015fkilatlana bilm\u0259m\u0259sinin \u0259sas s\u0259b\u0259bi bir-birl\u0259rin\u0259 qar\u015f\u0131 apard\u0131qlar\u0131 m\u00fcbariz\u0259dir. G\u00fcneyli m\u00fchacirl\u0259r birl\u0259\u015fm\u0259k \u0259v\u0259zin\u0259, bir-birl\u0259rini ittiham edirl\u0259r. Ayd\u0131nd\u0131r ki, bel\u0259 \u015f\u0259raitd\u0259 Q\u0259rb \u00f6lk\u0259l\u0259rinin G\u00fcney Az\u0259rbaycan m\u00f6vzusuna maraq g\u00f6st\u0259rm\u0259si \u00e7\u0259tindir.\n<\/p>\n<p>\n  G\u00fcneyli f\u0259allar Az\u0259rbaycan Respublikas\u0131n\u0131n medias\u0131ndan naraz\u0131d\u0131rlar. H\u0259tta 30 dekabrdak\u0131 konfransda bel\u0259 bir fikir d\u0259 s\u0259sl\u0259ndi ki, \u015eimali Az\u0259rbaycan G\u00fcney Az\u0259rbaycan\u0131 yax\u015f\u0131 \u00f6yr\u0259nm\u0259yib, probleml\u0259rind\u0259n x\u0259b\u0259rsizdir. Bunun g\u00fcnah\u0131 yaln\u0131z \u015eimali Az\u0259rbaycan medias\u0131nda deyil. \u0130nternet v\u0259 skayp \u0259srind\u0259 ya\u015fay\u0131r\u0131q. 1990-c\u0131 ill\u0259rin sonlar\u0131nda T\u0259brizd\u0259 Mahmud\u0259li \u00c7\u00f6hraqanl\u0131 populyar fiqura \u00e7evrilmi\u015fdi, ev h\u0259bsind\u0259 olmas\u0131na baxmayaraq, az qala h\u0259r g\u00fcn \u015eimali Az\u0259rbaycan\u0131n m\u00fcxt\u0259lif media strukturlar\u0131na m\u00fcsahib\u0259 verir, v\u0259ziyy\u0259ti anlad\u0131rd\u0131. Haz\u0131rda \u00c7\u00f6hraqanl\u0131 Amerikada ya\u015fay\u0131r, ortada bo\u015fluq var. G\u00fcneyli f\u0259allar\u0131 \u00f6zl\u0259ri Az\u0259rbaycan medias\u0131na \u00e7\u0131xma\u011fa \u00e7al\u0131\u015fmal\u0131, yaz\u0131lar yazmal\u0131, m\u00fcsahib\u0259l\u0259r verm\u0259lidirl\u0259r.\n<\/p>\n<p>\n  Konfransda Az\u0259rbaycan hakimiyy\u0259tinin G\u00fcneyd\u0259 ba\u015f ver\u0259nl\u0259r\u0259 seyr\u00e7i m\u00f6vqeyi t\u0259nqid ed\u0259nl\u0259r oldu. Reall\u0131q bel\u0259dir ki, r\u0259smi Bak\u0131 \u0130ran\u0131n daxili i\u015fl\u0259rin\u0259 qar\u0131\u015fm\u0131r. Bunun m\u00fcxt\u0259lif s\u0259b\u0259bl\u0259ri var. Ancaq onu da qeyd etm\u0259k laz\u0131md\u0131r ki, r\u0259smi Bak\u0131 \u0259n az\u0131 G\u00fcney Az\u0259rbaycan m\u00f6vzusunda Beyn\u0259lxalq M\u0259tbuat M\u0259rk\u0259zind\u0259 t\u0259dbir ke\u00e7irm\u0259y\u0259 mane olmur. \u0130ran\u0131n Erm\u0259nistanla s\u0131x \u0259laq\u0259l\u0259ri b\u00fct\u00fcn az\u0259rbaycanl\u0131lar kimi Az\u0259rbaycan hakimiyy\u0259tinin d\u0259 xo\u015funa g\u0259lmir. \u0130ran-Erm\u0259nistan m\u00fcnasib\u0259tl\u0259rinin d\u0259yi\u015fm\u0259si is\u0259 \u0130randa ya\u015fayan az\u0259rbaycanl\u0131lar\u0131n haqlar\u0131n\u0131n artmas\u0131ndan ke\u00e7ir. Bunu r\u0259smi Bak\u0131 da anlay\u0131r. Odur ki, r\u0259smi Bak\u0131 \u0130ran\u0131n daxili i\u015fl\u0259rin\u0259 qar\u0131\u015fmasa da, \u0130randa ya\u015fayan az\u0259rbaycanl\u0131lar\u0131n haqlar\u0131 u\u011frunda m\u00fcbariz\u0259sin\u0259 simpatiya il\u0259 yana\u015f\u0131r. Az\u0259rbaycan hakimiyy\u0259ti anlay\u0131r ki, el\u0259 bir g\u00fcn g\u0259l\u0259c\u0259k, \u0130randa ba\u015f ver\u0259n hadis\u0259l\u0259rd\u0259n k\u0259narda qala bilm\u0259y\u0259c\u0259k. Nec\u0259 ki, \u0130randa ba\u015f ver\u0259n inqilablar zaman\u0131 \u015fimali az\u0259rbaycanl\u0131lar d\u0259st\u0259kl\u0259rini \u0259sirg\u0259m\u0259yibl\u0259r. G\u00fcney Az\u0259rbaycana d\u0259st\u0259k m\u00f6vzusu h\u0259tta qat\u0131 kommunistl\u0259r N\u0259riman N\u0259rimanov, Stalinin t\u0259msil\u00e7isi Mirc\u0259far Ba\u011f\u0131rovun da g\u00fcnd\u0259mind\u0259 olub. \u015eimali Az\u0259rbaycanda he\u00e7 bir hakimiyy\u0259t \u0130randa ya\u015fayan az\u0259rbaycanl\u0131lar\u0131n oyan\u0131\u015f\u0131na seyr\u00e7i qala bilm\u0259yib v\u0259 bilm\u0259y\u0259c\u0259k.\n<\/p>\n<p>\n  <b><br \/>\n    \u201cAtlas\u201d Ara\u015fd\u0131rmalar M\u0259rk\u0259zi<br \/>\n  <\/b><\/p>\n","protected":false},"excerpt":{"rendered":"<p>M\u0259rhum d\u00f6vl\u0259t ba\u015f\u00e7\u0131s\u0131 \u018fb\u00fclf\u0259z El\u00e7ib\u0259y G\u00fcney Az\u0259rbaycan m\u00f6vzusunu daim diqq\u0259td\u0259 &#8230; <\/p>\n<p class=\"read-more-container\"><a title=\"G\u00fcney Az\u0259rbaycanda yeni oyan\u0131\u015f d\u00f6vr\u00fc ba\u015flay\u0131r\" class=\"read-more button\" href=\"https:\/\/www.meydan.tv\/az\/article\/guney-azerbaycanda-yeni-oyanis-dovru-baslayir\/#more-181615\" aria-label=\"Read more about G\u00fcney Az\u0259rbaycanda yeni oyan\u0131\u015f d\u00f6vr\u00fc ba\u015flay\u0131r\">Davam\u0131<\/a><\/p>\n","protected":false},"author":11,"featured_media":76646,"comment_status":"closed","ping_status":"open","sticky":false,"template":"","format":"standard","meta":{"_acf_changed":false,"_sitemap_exclude":false,"_sitemap_priority":"","_sitemap_frequency":"","footnotes":""},"categories":[51],"tags":[],"class_list":["post-181615","post","type-post","status-publish","format-standard","has-post-thumbnail","hentry","category-analitika","infinite-scroll-item","generate-columns","tablet-grid-50","mobile-grid-100","grid-parent","grid-33","no-featured-image-padding"],"acf":[],"yoast_head":"<!-- This site is optimized with the Yoast SEO plugin v27.5 - https:\/\/yoast.com\/product\/yoast-seo-wordpress\/ -->\n<title>G\u00fcney Az\u0259rbaycanda yeni oyan\u0131\u015f d\u00f6vr\u00fc ba\u015flay\u0131r - MEYDAN.TV<\/title>\n<meta name=\"robots\" content=\"index, follow, max-snippet:-1, max-image-preview:large, max-video-preview:-1\" \/>\n<link rel=\"canonical\" href=\"https:\/\/www.meydan.tv\/az\/article\/guney-azerbaycanda-yeni-oyanis-dovru-baslayir\/\" \/>\n<meta property=\"og:locale\" content=\"az_AZ\" \/>\n<meta property=\"og:type\" content=\"article\" \/>\n<meta property=\"og:title\" content=\"G\u00fcney Az\u0259rbaycanda yeni oyan\u0131\u015f d\u00f6vr\u00fc ba\u015flay\u0131r - MEYDAN.TV\" \/>\n<meta property=\"og:description\" content=\"M\u0259rhum d\u00f6vl\u0259t ba\u015f\u00e7\u0131s\u0131 \u018fb\u00fclf\u0259z El\u00e7ib\u0259y G\u00fcney Az\u0259rbaycan m\u00f6vzusunu daim diqq\u0259td\u0259 ... Davam\u0131\" \/>\n<meta property=\"og:url\" content=\"https:\/\/www.meydan.tv\/az\/article\/guney-azerbaycanda-yeni-oyanis-dovru-baslayir\/\" \/>\n<meta property=\"og:site_name\" content=\"MEYDAN.TV\" \/>\n<meta property=\"article:published_time\" content=\"2016-12-31T11:02:37+00:00\" \/>\n<meta property=\"og:image\" content=\"https:\/\/www.meydan.tv\/wp-content\/uploads\/29679.jpg\" \/>\n\t<meta property=\"og:image:width\" content=\"583\" \/>\n\t<meta property=\"og:image:height\" content=\"500\" \/>\n\t<meta property=\"og:image:type\" content=\"image\/jpeg\" \/>\n<meta name=\"author\" content=\"user-manager\" \/>\n<meta name=\"twitter:card\" content=\"summary_large_image\" \/>\n<script type=\"application\/ld+json\" class=\"yoast-schema-graph\">{\"@context\":\"https:\\\/\\\/schema.org\",\"@graph\":[{\"@type\":\"Article\",\"@id\":\"https:\\\/\\\/www.meydan.tv\\\/az\\\/article\\\/guney-azerbaycanda-yeni-oyanis-dovru-baslayir\\\/#article\",\"isPartOf\":{\"@id\":\"https:\\\/\\\/www.meydan.tv\\\/az\\\/article\\\/guney-azerbaycanda-yeni-oyanis-dovru-baslayir\\\/\"},\"author\":{\"name\":\"user-manager\",\"@id\":\"https:\\\/\\\/www.meydan.tv\\\/az\\\/#\\\/schema\\\/person\\\/10d11eccf6da3662cf5fdab9806ea91a\"},\"headline\":\"G\u00fcney Az\u0259rbaycanda yeni oyan\u0131\u015f d\u00f6vr\u00fc ba\u015flay\u0131r\",\"datePublished\":\"2016-12-31T11:02:37+00:00\",\"mainEntityOfPage\":{\"@id\":\"https:\\\/\\\/www.meydan.tv\\\/az\\\/article\\\/guney-azerbaycanda-yeni-oyanis-dovru-baslayir\\\/\"},\"wordCount\":1083,\"publisher\":{\"@id\":\"https:\\\/\\\/www.meydan.tv\\\/az\\\/#organization\"},\"image\":{\"@id\":\"https:\\\/\\\/www.meydan.tv\\\/az\\\/article\\\/guney-azerbaycanda-yeni-oyanis-dovru-baslayir\\\/#primaryimage\"},\"thumbnailUrl\":\"https:\\\/\\\/www.meydan.tv\\\/wp-content\\\/uploads\\\/29679.jpg\",\"articleSection\":[\"Analitika\"],\"inLanguage\":\"az\"},{\"@type\":\"WebPage\",\"@id\":\"https:\\\/\\\/www.meydan.tv\\\/az\\\/article\\\/guney-azerbaycanda-yeni-oyanis-dovru-baslayir\\\/\",\"url\":\"https:\\\/\\\/www.meydan.tv\\\/az\\\/article\\\/guney-azerbaycanda-yeni-oyanis-dovru-baslayir\\\/\",\"name\":\"G\u00fcney Az\u0259rbaycanda yeni oyan\u0131\u015f d\u00f6vr\u00fc ba\u015flay\u0131r - MEYDAN.TV\",\"isPartOf\":{\"@id\":\"https:\\\/\\\/www.meydan.tv\\\/az\\\/#website\"},\"primaryImageOfPage\":{\"@id\":\"https:\\\/\\\/www.meydan.tv\\\/az\\\/article\\\/guney-azerbaycanda-yeni-oyanis-dovru-baslayir\\\/#primaryimage\"},\"image\":{\"@id\":\"https:\\\/\\\/www.meydan.tv\\\/az\\\/article\\\/guney-azerbaycanda-yeni-oyanis-dovru-baslayir\\\/#primaryimage\"},\"thumbnailUrl\":\"https:\\\/\\\/www.meydan.tv\\\/wp-content\\\/uploads\\\/29679.jpg\",\"datePublished\":\"2016-12-31T11:02:37+00:00\",\"breadcrumb\":{\"@id\":\"https:\\\/\\\/www.meydan.tv\\\/az\\\/article\\\/guney-azerbaycanda-yeni-oyanis-dovru-baslayir\\\/#breadcrumb\"},\"inLanguage\":\"az\",\"potentialAction\":[{\"@type\":\"ReadAction\",\"target\":[\"https:\\\/\\\/www.meydan.tv\\\/az\\\/article\\\/guney-azerbaycanda-yeni-oyanis-dovru-baslayir\\\/\"]}]},{\"@type\":\"ImageObject\",\"inLanguage\":\"az\",\"@id\":\"https:\\\/\\\/www.meydan.tv\\\/az\\\/article\\\/guney-azerbaycanda-yeni-oyanis-dovru-baslayir\\\/#primaryimage\",\"url\":\"https:\\\/\\\/www.meydan.tv\\\/wp-content\\\/uploads\\\/29679.jpg\",\"contentUrl\":\"https:\\\/\\\/www.meydan.tv\\\/wp-content\\\/uploads\\\/29679.jpg\",\"width\":583,\"height\":500,\"caption\":\"Source:\"},{\"@type\":\"BreadcrumbList\",\"@id\":\"https:\\\/\\\/www.meydan.tv\\\/az\\\/article\\\/guney-azerbaycanda-yeni-oyanis-dovru-baslayir\\\/#breadcrumb\",\"itemListElement\":[{\"@type\":\"ListItem\",\"position\":1,\"name\":\"Ana s\u0259hif\u0259\",\"item\":\"https:\\\/\\\/www.meydan.tv\\\/az\\\/\"},{\"@type\":\"ListItem\",\"position\":2,\"name\":\"Analitika\",\"item\":\"https:\\\/\\\/www.meydan.tv\\\/az\\\/section\\\/analitika\\\/\"},{\"@type\":\"ListItem\",\"position\":3,\"name\":\"G\u00fcney Az\u0259rbaycanda yeni oyan\u0131\u015f d\u00f6vr\u00fc ba\u015flay\u0131r\"}]},{\"@type\":\"WebSite\",\"@id\":\"https:\\\/\\\/www.meydan.tv\\\/az\\\/#website\",\"url\":\"https:\\\/\\\/www.meydan.tv\\\/az\\\/\",\"name\":\"MEYDAN.TV\",\"description\":\"Meydan TV Az\u0259rbaycan\u0131n media m\u0259kan\u0131ndak\u0131 alternativ s\u0259sidir\",\"publisher\":{\"@id\":\"https:\\\/\\\/www.meydan.tv\\\/az\\\/#organization\"},\"potentialAction\":[{\"@type\":\"SearchAction\",\"target\":{\"@type\":\"EntryPoint\",\"urlTemplate\":\"https:\\\/\\\/www.meydan.tv\\\/az\\\/?s={search_term_string}\"},\"query-input\":{\"@type\":\"PropertyValueSpecification\",\"valueRequired\":true,\"valueName\":\"search_term_string\"}}],\"inLanguage\":\"az\"},{\"@type\":\"Organization\",\"@id\":\"https:\\\/\\\/www.meydan.tv\\\/az\\\/#organization\",\"name\":\"Meydan TV\",\"url\":\"https:\\\/\\\/www.meydan.tv\\\/az\\\/\",\"logo\":{\"@type\":\"ImageObject\",\"inLanguage\":\"az\",\"@id\":\"https:\\\/\\\/www.meydan.tv\\\/az\\\/#\\\/schema\\\/logo\\\/image\\\/\",\"url\":\"https:\\\/\\\/www.meydan.tv\\\/wp-content\\\/uploads\\\/2021\\\/07\\\/meydan-logo.svg\",\"contentUrl\":\"https:\\\/\\\/www.meydan.tv\\\/wp-content\\\/uploads\\\/2021\\\/07\\\/meydan-logo.svg\",\"width\":195,\"height\":46,\"caption\":\"Meydan TV\"},\"image\":{\"@id\":\"https:\\\/\\\/www.meydan.tv\\\/az\\\/#\\\/schema\\\/logo\\\/image\\\/\"}},{\"@type\":\"Person\",\"@id\":\"https:\\\/\\\/www.meydan.tv\\\/az\\\/#\\\/schema\\\/person\\\/10d11eccf6da3662cf5fdab9806ea91a\",\"name\":\"user-manager\"}]}<\/script>\n<!-- \/ Yoast SEO plugin. -->","yoast_head_json":{"title":"G\u00fcney Az\u0259rbaycanda yeni oyan\u0131\u015f d\u00f6vr\u00fc ba\u015flay\u0131r - MEYDAN.TV","robots":{"index":"index","follow":"follow","max-snippet":"max-snippet:-1","max-image-preview":"max-image-preview:large","max-video-preview":"max-video-preview:-1"},"canonical":"https:\/\/www.meydan.tv\/az\/article\/guney-azerbaycanda-yeni-oyanis-dovru-baslayir\/","og_locale":"az_AZ","og_type":"article","og_title":"G\u00fcney Az\u0259rbaycanda yeni oyan\u0131\u015f d\u00f6vr\u00fc ba\u015flay\u0131r - MEYDAN.TV","og_description":"M\u0259rhum d\u00f6vl\u0259t ba\u015f\u00e7\u0131s\u0131 \u018fb\u00fclf\u0259z El\u00e7ib\u0259y G\u00fcney Az\u0259rbaycan m\u00f6vzusunu daim diqq\u0259td\u0259 ... Davam\u0131","og_url":"https:\/\/www.meydan.tv\/az\/article\/guney-azerbaycanda-yeni-oyanis-dovru-baslayir\/","og_site_name":"MEYDAN.TV","article_published_time":"2016-12-31T11:02:37+00:00","og_image":[{"width":583,"height":500,"url":"https:\/\/www.meydan.tv\/wp-content\/uploads\/29679.jpg","type":"image\/jpeg"}],"author":"user-manager","twitter_card":"summary_large_image","schema":{"@context":"https:\/\/schema.org","@graph":[{"@type":"Article","@id":"https:\/\/www.meydan.tv\/az\/article\/guney-azerbaycanda-yeni-oyanis-dovru-baslayir\/#article","isPartOf":{"@id":"https:\/\/www.meydan.tv\/az\/article\/guney-azerbaycanda-yeni-oyanis-dovru-baslayir\/"},"author":{"name":"user-manager","@id":"https:\/\/www.meydan.tv\/az\/#\/schema\/person\/10d11eccf6da3662cf5fdab9806ea91a"},"headline":"G\u00fcney Az\u0259rbaycanda yeni oyan\u0131\u015f d\u00f6vr\u00fc ba\u015flay\u0131r","datePublished":"2016-12-31T11:02:37+00:00","mainEntityOfPage":{"@id":"https:\/\/www.meydan.tv\/az\/article\/guney-azerbaycanda-yeni-oyanis-dovru-baslayir\/"},"wordCount":1083,"publisher":{"@id":"https:\/\/www.meydan.tv\/az\/#organization"},"image":{"@id":"https:\/\/www.meydan.tv\/az\/article\/guney-azerbaycanda-yeni-oyanis-dovru-baslayir\/#primaryimage"},"thumbnailUrl":"https:\/\/www.meydan.tv\/wp-content\/uploads\/29679.jpg","articleSection":["Analitika"],"inLanguage":"az"},{"@type":"WebPage","@id":"https:\/\/www.meydan.tv\/az\/article\/guney-azerbaycanda-yeni-oyanis-dovru-baslayir\/","url":"https:\/\/www.meydan.tv\/az\/article\/guney-azerbaycanda-yeni-oyanis-dovru-baslayir\/","name":"G\u00fcney Az\u0259rbaycanda yeni oyan\u0131\u015f d\u00f6vr\u00fc ba\u015flay\u0131r - MEYDAN.TV","isPartOf":{"@id":"https:\/\/www.meydan.tv\/az\/#website"},"primaryImageOfPage":{"@id":"https:\/\/www.meydan.tv\/az\/article\/guney-azerbaycanda-yeni-oyanis-dovru-baslayir\/#primaryimage"},"image":{"@id":"https:\/\/www.meydan.tv\/az\/article\/guney-azerbaycanda-yeni-oyanis-dovru-baslayir\/#primaryimage"},"thumbnailUrl":"https:\/\/www.meydan.tv\/wp-content\/uploads\/29679.jpg","datePublished":"2016-12-31T11:02:37+00:00","breadcrumb":{"@id":"https:\/\/www.meydan.tv\/az\/article\/guney-azerbaycanda-yeni-oyanis-dovru-baslayir\/#breadcrumb"},"inLanguage":"az","potentialAction":[{"@type":"ReadAction","target":["https:\/\/www.meydan.tv\/az\/article\/guney-azerbaycanda-yeni-oyanis-dovru-baslayir\/"]}]},{"@type":"ImageObject","inLanguage":"az","@id":"https:\/\/www.meydan.tv\/az\/article\/guney-azerbaycanda-yeni-oyanis-dovru-baslayir\/#primaryimage","url":"https:\/\/www.meydan.tv\/wp-content\/uploads\/29679.jpg","contentUrl":"https:\/\/www.meydan.tv\/wp-content\/uploads\/29679.jpg","width":583,"height":500,"caption":"Source:"},{"@type":"BreadcrumbList","@id":"https:\/\/www.meydan.tv\/az\/article\/guney-azerbaycanda-yeni-oyanis-dovru-baslayir\/#breadcrumb","itemListElement":[{"@type":"ListItem","position":1,"name":"Ana s\u0259hif\u0259","item":"https:\/\/www.meydan.tv\/az\/"},{"@type":"ListItem","position":2,"name":"Analitika","item":"https:\/\/www.meydan.tv\/az\/section\/analitika\/"},{"@type":"ListItem","position":3,"name":"G\u00fcney Az\u0259rbaycanda yeni oyan\u0131\u015f d\u00f6vr\u00fc ba\u015flay\u0131r"}]},{"@type":"WebSite","@id":"https:\/\/www.meydan.tv\/az\/#website","url":"https:\/\/www.meydan.tv\/az\/","name":"MEYDAN.TV","description":"Meydan TV Az\u0259rbaycan\u0131n media m\u0259kan\u0131ndak\u0131 alternativ s\u0259sidir","publisher":{"@id":"https:\/\/www.meydan.tv\/az\/#organization"},"potentialAction":[{"@type":"SearchAction","target":{"@type":"EntryPoint","urlTemplate":"https:\/\/www.meydan.tv\/az\/?s={search_term_string}"},"query-input":{"@type":"PropertyValueSpecification","valueRequired":true,"valueName":"search_term_string"}}],"inLanguage":"az"},{"@type":"Organization","@id":"https:\/\/www.meydan.tv\/az\/#organization","name":"Meydan TV","url":"https:\/\/www.meydan.tv\/az\/","logo":{"@type":"ImageObject","inLanguage":"az","@id":"https:\/\/www.meydan.tv\/az\/#\/schema\/logo\/image\/","url":"https:\/\/www.meydan.tv\/wp-content\/uploads\/2021\/07\/meydan-logo.svg","contentUrl":"https:\/\/www.meydan.tv\/wp-content\/uploads\/2021\/07\/meydan-logo.svg","width":195,"height":46,"caption":"Meydan TV"},"image":{"@id":"https:\/\/www.meydan.tv\/az\/#\/schema\/logo\/image\/"}},{"@type":"Person","@id":"https:\/\/www.meydan.tv\/az\/#\/schema\/person\/10d11eccf6da3662cf5fdab9806ea91a","name":"user-manager"}]}},"_links":{"self":[{"href":"https:\/\/www.meydan.tv\/az\/wp-json\/wp\/v2\/posts\/181615","targetHints":{"allow":["GET"]}}],"collection":[{"href":"https:\/\/www.meydan.tv\/az\/wp-json\/wp\/v2\/posts"}],"about":[{"href":"https:\/\/www.meydan.tv\/az\/wp-json\/wp\/v2\/types\/post"}],"author":[{"embeddable":true,"href":"https:\/\/www.meydan.tv\/az\/wp-json\/wp\/v2\/users\/11"}],"replies":[{"embeddable":true,"href":"https:\/\/www.meydan.tv\/az\/wp-json\/wp\/v2\/comments?post=181615"}],"version-history":[{"count":0,"href":"https:\/\/www.meydan.tv\/az\/wp-json\/wp\/v2\/posts\/181615\/revisions"}],"wp:featuredmedia":[{"embeddable":true,"href":"https:\/\/www.meydan.tv\/az\/wp-json\/wp\/v2\/media\/76646"}],"wp:attachment":[{"href":"https:\/\/www.meydan.tv\/az\/wp-json\/wp\/v2\/media?parent=181615"}],"wp:term":[{"taxonomy":"category","embeddable":true,"href":"https:\/\/www.meydan.tv\/az\/wp-json\/wp\/v2\/categories?post=181615"},{"taxonomy":"post_tag","embeddable":true,"href":"https:\/\/www.meydan.tv\/az\/wp-json\/wp\/v2\/tags?post=181615"}],"curies":[{"name":"wp","href":"https:\/\/api.w.org\/{rel}","templated":true}]}}