{"id":181578,"date":"2016-12-30T00:34:36","date_gmt":"2016-12-30T00:34:36","guid":{"rendered":"https:\/\/www.meydan.tv\/article\/ktmt-ermenistani-qoruya-bilmeyecek\/"},"modified":"2016-12-30T00:34:36","modified_gmt":"2016-12-30T00:34:36","slug":"ktmt-ermenistani-qoruya-bilmeyecek","status":"publish","type":"post","link":"https:\/\/www.meydan.tv\/az\/article\/ktmt-ermenistani-qoruya-bilmeyecek\/","title":{"rendered":"KTMT Erm\u0259nistan\u0131 qoruya bilm\u0259y\u0259c\u0259k"},"content":{"rendered":"<figure class=\"wp-block-image size-large\">\n  <img decoding=\"async\" src=\"https:\/\/www.meydan.tv\/az\/76489\/\" alt=\"\" class=\"wp-image-76489\"\/><figcaption><\/figcaption><\/figure>\n<\/p>\n<figure class=\"wp-block-image size-large\">\n  <img decoding=\"async\" src=\"https:\/\/www.meydan.tv\/az\/76489\/\" alt=\"\" class=\"wp-image-76489\"\/><figcaption><\/figcaption><\/figure>\n<p>\n  2016-c\u0131 ilin bitm\u0259sin\u0259 2 g\u00fcn qalm\u0131\u015f Az\u0259rbaycan-Erm\u0259nistan s\u0259rh\u0259ddind\u0259 ba\u015f ver\u0259n silahl\u0131 insident v\u0259 t\u0259r\u0259fl\u0259rin itki verm\u0259si 2017-ci ilin d\u0259 a\u011f\u0131r ke\u00e7\u0259c\u0259yinin v\u0259 lokal toqqu\u015fmalar\u0131n ba\u015f verm\u0259si ehtimal\u0131n\u0131n y\u00fcks\u0259k oldu\u011funa i\u015far\u0259dir. Son insidentd\u0259 Erm\u0259nistan 3 h\u0259rb\u00e7isini, Az\u0259rbaycan is\u0259 bir h\u0259rbi qulluq\u00e7usunun itkin d\u00fc\u015fd\u00fcy\u00fcn\u00fc b\u0259yan edib.\n<\/p>\n<p>\n  Ad\u0259t\u0259n Da\u011fl\u0131q Qaraba\u011f istiqam\u0259tind\u0259 h\u0259rbi toqqu\u015fmalar olanda Kollektiv T\u0259hl\u00fck\u0259sizlik M\u00fcqavil\u0259si T\u0259\u015fkilat\u0131n\u0131n (KTMT) ba\u015f katibind\u0259n v\u0259 ya katibliyind\u0259n a\u00e7\u0131qlama yay\u0131nlanm\u0131r. \u00c7\u00fcnki Erm\u0259nistan bu qurumun \u00fczv\u00fc olsa da, Kollektiv T\u0259hl\u00fck\u0259sizlik M\u00fcqavil\u0259si T\u0259\u015fkilat\u0131na \u00fczv olan d\u00f6vl\u0259tl\u0259r Da\u011fl\u0131q Qaraba\u011f\u0131 Az\u0259rbaycan\u0131n \u0259razisi say\u0131r v\u0259 ona g\u00f6r\u0259 d\u0259 bu istiqam\u0259td\u0259 ged\u0259n lokal toqqu\u015fmalara qar\u015f\u0131 \u00e7\u0131xa bilmirl\u0259r, yaln\u0131z narahatl\u0131q ifad\u0259 edilir. Aprel d\u00f6y\u00fc\u015fl\u0259ri zaman\u0131 da Kollektiv T\u0259hl\u00fck\u0259sizlik M\u00fcqavil\u0259si T\u0259\u015fkilat\u0131 katibliyi f\u0259all\u0131q n\u00fcmayi\u015f etdirm\u0259m\u0259kl\u0259 birba\u015fa Erm\u0259nistan\u0131 m\u00fcdafi\u0259 ed\u0259 bilm\u0259di.\n<\/p>\n<p>\n  Dekabr\u0131n 29-da ba\u015f ver\u0259n insident is\u0259 Erm\u0259nistan-Az\u0259rbaycan s\u0259rh\u0259ddind\u0259 v\u0259 Da\u011fl\u0131q Qaraba\u011fdan uzaq m\u0259saf\u0259d\u0259 ba\u015f verdiyind\u0259n Kollektiv T\u0259hl\u00fck\u0259sizlik M\u00fcqavil\u0259si T\u0259\u015fkilat\u0131n\u0131n ba\u015f katibi, rusiyal\u0131 diplomat Nikolay Bordyuja an\u0131nda a\u00e7\u0131qlama yayaraq, ba\u015f ver\u0259n insident\u0259 g\u00f6r\u0259 faktiki Az\u0259rbaycan\u0131 g\u00fcnahkar sayd\u0131.\n<\/p>\n<p>\n  <i><br \/>\n    Birincisi, Bordyuja a\u00e7\u0131qlamas\u0131nda Az\u0259rbaycan\u0131n ad\u0131n\u0131 \u00e7\u0259km\u0259s\u0259 d\u0259, dedi ki, \u201chadis\u0259 Erm\u0259nistan \u0259razisind\u0259 ba\u015f verib v\u0259 bu t\u0259xribatd\u0131r\u201d.<br \/>\n  <\/i>\n<\/p>\n<p>\n  <i><br \/>\n    \u0130kincisi, Bordyuja q\u0131sa a\u00e7\u0131qlamas\u0131nda \u201cDa\u011fl\u0131q Qaraba\u011f Respublikas\u0131\u201d ifad\u0259si i\u015fl\u0259dib. Halbuki, \u0259vv\u0259lki a\u00e7\u0131qlamalarda daha korrekt \u2013 \u201ctan\u0131nmayan Da\u011fl\u0131q Qaraba\u011f Respublikas\u0131\u201d ifad\u0259si i\u015fl\u0259dilirdi.<br \/>\n  <\/i>\n<\/p>\n<p>\n  Nikolay Bordyujan\u0131n bu a\u00e7\u0131qlamas\u0131na qar\u015f\u0131 Az\u0259rbaycan xarici i\u015fl\u0259r naziri b\u0259yanatla \u00e7\u0131x\u0131\u015f edib v\u0259 ba\u015f katibin m\u00f6vqeyi t\u0259nqid olunub. X\u0130N-nin b\u0259yanat\u0131nda bel\u0259 bir c\u00fcml\u0259 var: \u201cErm\u0259nistan\u0131n KTMT-nin sonuncu Sankt-Peterburq zirv\u0259 g\u00f6r\u00fc\u015f\u00fcnd\u0259n sonra n\u00f6vb\u0259ti m\u0259yuslu\u011fa u\u011frayaraq, bel\u0259 bir n\u00f6vb\u0259ti t\u0259xribata \u0259l atmas\u0131 istisna edilm\u0259m\u0259lidir\u201d.\n<\/p>\n<p>\n  H\u0259qiq\u0259t\u0259n Erm\u0259nistan-Az\u0259rbaycan s\u0259rh\u0259ddind\u0259 ba\u015f ver\u0259n son hadis\u0259 Kollektiv T\u0259hl\u00fck\u0259sizlik M\u00fcqavil\u0259si T\u0259\u015fkilat\u0131n\u0131n yaras\u0131z qurum oldu\u011funu v\u0259 \u00f6z \u00fczv\u00fcn\u00fc m\u00fcdafi\u0259 etm\u0259diyinin g\u00f6st\u0259ricisidir. \u00c7\u00fcnki \u0259g\u0259r r\u0259smi \u0130r\u0259van\u0131n v\u0259 ba\u015f katib Nikolay Bordyujan\u0131n iddia etdikl\u0259ri kimi Az\u0259rbaycan\u0131n k\u0259\u015ffiyyat qrupu Erm\u0259nistan \u0259razisind\u0259 \u0259m\u0259liyyat ke\u00e7iribs\u0259, onda niy\u0259 Kollektiv T\u0259hl\u00fck\u0259sizlik M\u00fcqavil\u0259si T\u0259\u015fkilat\u0131 \u00f6z \u00fczv\u00fcn\u00fc qoruya bilmir? Ax\u0131 t\u0259\u015fkilat\u0131n nizamnam\u0259sin\u0259 g\u00f6r\u0259 \u00fczv d\u00f6vl\u0259tl\u0259rd\u0259n h\u0259r hans\u0131 birin\u0259 h\u00fccum olarsa, dig\u0259r \u00fczv d\u00f6vl\u0259tl\u0259r ona h\u0259rbi d\u0259st\u0259k verm\u0259lidirl\u0259r.\n<\/p>\n<p>\n  Bu nizamnam\u0259d\u0259 bel\u0259dir, reall\u0131q is\u0259 f\u0259rqlidir. KTMT-nin \u00f6z \u00fczv\u00fcn\u00fc birg\u0259 qorumas\u0131 \u00fc\u00e7\u00fcn mexanizmi yoxdur. Dig\u0259r t\u0259r\u0259fd\u0259n,t\u0259\u015fkilat\u0131n 3 \u00fczv\u00fc \u2013 Qazax\u0131stan, Q\u0131r\u011f\u0131z\u0131stan v\u0259 Belarus Az\u0259rbaycan\u0131n \u0259razi b\u00fct\u00f6vl\u00fcy\u00fcn\u00fc d\u0259st\u0259kl\u0259yir v\u0259 Da\u011fl\u0131q Qaraba\u011f m\u0259s\u0259l\u0259sind\u0259 Az\u0259rbaycan\u0131n haql\u0131 m\u00f6vqeyini d\u0259st\u0259kl\u0259yirl\u0259r. Bel\u0259 olmasayd\u0131, bu g\u00fcn Kollektiv T\u0259hl\u00fck\u0259sizlik M\u00fcqavil\u0259si T\u0259\u015fkilat\u0131n\u0131n ba\u015f katibi Nikolay Bordyuja deyil, Erm\u0259nistan t\u0259msil\u00e7isi olmal\u0131 idi.<br \/>\n  <br \/>\n  M\u0259s\u0259l\u0259 buras\u0131ndad\u0131r ki, oktyabr ay\u0131nda rotasiya prinsipi il\u0259 Kollektiv T\u0259hl\u00fck\u0259sizlik M\u00fcqavil\u0259si T\u0259\u015fkilat\u0131na Erm\u0259nistan t\u0259msil\u00e7isi ba\u015f katib se\u00e7ilm\u0259li idi. Qazax\u0131stan prezidenti Nursultan Nazarbayev \u201cx\u0259st\u0259liyi\u201d il\u0259 \u0259laq\u0259dar \u0130r\u0259vana getm\u0259di, n\u0259tic\u0259d\u0259 t\u0259\u015fkilat ba\u015f katib se\u00e7kisini dekabr ay\u0131ndak\u0131 zirv\u0259 toplant\u0131s\u0131na t\u0259xir\u0259 sald\u0131. T\u0259\u015fkilat\u0131n liderl\u0259rinin dekabr\u0131n 26-da Sankt-Peterburqda ke\u00e7iril\u0259n zirv\u0259 toplant\u0131s\u0131na is\u0259 Belarus prezidenti Aleksandr Luka\u015fenko getm\u0259di. Erm\u0259nistan prezidenti Serj S\u0259rkisyan bud\u0259f\u0259ki toplant\u0131dan da \u0259libo\u015f qay\u0131td\u0131. Ba\u015f katibin se\u00e7ilm\u0259si aprel ay\u0131ndak\u0131 toplant\u0131ya q\u0259d\u0259r t\u0259xir\u0259 sal\u0131nd\u0131.\n<\/p>\n<p>\n  Erm\u0259nistan siyas\u0259t\u00e7il\u0259ri v\u0259 ekspertl\u0259ri a\u00e7\u0131q etiraf edirl\u0259r ki, Qazax\u0131stan v\u0259 Belarus t\u0259\u015fkilatda Erm\u0259nistan\u0131n m\u00fctt\u0259fiql\u0259ri say\u0131lsalar da, bu, s\u00f6zd\u0259 bel\u0259dir, \u0259m\u0259ld\u0259 is\u0259 h\u0259m Astana, h\u0259m d\u0259 Minsk Az\u0259rbaycan\u0131n real m\u00fctt\u0259fiqidirl\u0259r v\u0259 buna g\u00f6r\u0259 d\u0259 Erm\u0259nistan v\u0259t\u0259nda\u015f\u0131n\u0131n t\u0259\u015fkilata ba\u015f katib se\u00e7ilm\u0259sin\u0259 mane olurlar. B\u0259li, bu bel\u0259dir. \u0130stisna deyil ki, aprel toplant\u0131s\u0131na da Q\u0131r\u011f\u0131z\u0131stan prezident qat\u0131lmas\u0131n v\u0259 ba\u015f katibin se\u00e7ilm\u0259si yen\u0259 l\u0259ngisin. Kreml d\u0259 n\u0259hay\u0259t, anlamal\u0131d\u0131r ki, Rusiyan\u0131n m\u00fctt\u0259fiql\u0259ri bel\u0259 Az\u0259rbaycan\u0131n \u0259razi b\u00fct\u00f6vl\u00fcy\u00fcn\u00fc d\u0259st\u0259kl\u0259yir v\u0259 Da\u011fl\u0131q Qaraba\u011f m\u00fcnaqi\u015f\u0259sinin Az\u0259rbaycan\u0131n \u0259razi b\u00fct\u00f6vl\u00fcy\u00fc \u00e7\u0259r\u00e7iv\u0259sind\u0259 h\u0259llini ist\u0259yirl\u0259r. Y\u0259ni Rusiyan\u0131n i\u015f\u011fal\u00e7\u0131 Erm\u0259nistan\u0131 himay\u0259 etm\u0259si t\u0259k bizim xo\u015fumuza g\u0259lmir, m\u00fctt\u0259fiql\u0259ri d\u0259 Kremlin bu siyas\u0259tind\u0259n naraz\u0131d\u0131rlar. Ona g\u00f6r\u0259 d\u0259 m\u00fcmk\u00fcnd\u00fcr ki, Qazax\u0131stan v\u0259 Belarus t\u0259msil\u00e7il\u0259ri vaxt\u0131 bitmi\u015f Nikolay Bordyujan\u0131n t\u0259xribat\u00e7\u0131 a\u00e7\u0131qlamas\u0131na qar\u015f\u0131 \u00e7\u0131xs\u0131nlar.\n<\/p>\n<p>\n  B\u00fct\u00fcn hallarda Kollektiv T\u0259hl\u00fck\u0259sizlik M\u00fcqavil\u0259si T\u0259\u015fkilat\u0131 Erm\u0259nistan\u0131 qoruya bilm\u0259y\u0259c\u0259k. Dekabr\u0131n 29-da ba\u015f ver\u0259n insident h\u0259m d\u0259 ona i\u015far\u0259dir ki, \u0130r\u0259van i\u015f\u011fal alt\u0131ndak\u0131 torpaqlar\u0131 azad etm\u0259y\u0259n\u0259 q\u0259d\u0259r n\u0259niki Da\u011fl\u0131q Qaraba\u011fda h\u0259rb\u00e7il\u0259rini itirm\u0259kd\u0259 davam ed\u0259c\u0259k, Da\u011fl\u0131q Qaraba\u011fdan uzaq \u0259razil\u0259rd\u0259 d\u0259 h\u0259rb\u00e7il\u0259rin\u0131n t\u0259hl\u00fck\u0259sizlik t\u0259minat\u0131 yoxdur.\n<\/p>\n<p>\n  <b><br \/>\n    \u201cAtlas\u201d Ara\u015fd\u0131rmalar M\u0259rk\u0259zi<br \/>\n  <\/b><\/p>\n","protected":false},"excerpt":{"rendered":"<p>2016-c\u0131 ilin bitm\u0259sin\u0259 2 g\u00fcn qalm\u0131\u015f Az\u0259rbaycan-Erm\u0259nistan s\u0259rh\u0259ddind\u0259 ba\u015f ver\u0259n &#8230; <\/p>\n<p class=\"read-more-container\"><a title=\"KTMT Erm\u0259nistan\u0131 qoruya bilm\u0259y\u0259c\u0259k\" class=\"read-more button\" href=\"https:\/\/www.meydan.tv\/az\/article\/ktmt-ermenistani-qoruya-bilmeyecek\/#more-181578\" aria-label=\"Read more about KTMT Erm\u0259nistan\u0131 qoruya bilm\u0259y\u0259c\u0259k\">Davam\u0131<\/a><\/p>\n","protected":false},"author":11,"featured_media":76489,"comment_status":"closed","ping_status":"open","sticky":false,"template":"","format":"standard","meta":{"_acf_changed":false,"_sitemap_exclude":false,"_sitemap_priority":"","_sitemap_frequency":"","footnotes":""},"categories":[51],"tags":[],"class_list":["post-181578","post","type-post","status-publish","format-standard","has-post-thumbnail","hentry","category-analitika","infinite-scroll-item","generate-columns","tablet-grid-50","mobile-grid-100","grid-parent","grid-33","no-featured-image-padding"],"acf":[],"yoast_head":"<!-- This site is optimized with the Yoast SEO plugin v27.5 - https:\/\/yoast.com\/product\/yoast-seo-wordpress\/ -->\n<title>KTMT Erm\u0259nistan\u0131 qoruya bilm\u0259y\u0259c\u0259k - MEYDAN.TV<\/title>\n<meta name=\"robots\" content=\"index, follow, max-snippet:-1, max-image-preview:large, max-video-preview:-1\" \/>\n<link rel=\"canonical\" href=\"https:\/\/www.meydan.tv\/az\/article\/ktmt-ermenistani-qoruya-bilmeyecek\/\" \/>\n<meta property=\"og:locale\" content=\"az_AZ\" \/>\n<meta property=\"og:type\" content=\"article\" \/>\n<meta property=\"og:title\" content=\"KTMT Erm\u0259nistan\u0131 qoruya bilm\u0259y\u0259c\u0259k - MEYDAN.TV\" \/>\n<meta property=\"og:description\" content=\"2016-c\u0131 ilin bitm\u0259sin\u0259 2 g\u00fcn qalm\u0131\u015f Az\u0259rbaycan-Erm\u0259nistan s\u0259rh\u0259ddind\u0259 ba\u015f ver\u0259n ... Davam\u0131\" \/>\n<meta property=\"og:url\" content=\"https:\/\/www.meydan.tv\/az\/article\/ktmt-ermenistani-qoruya-bilmeyecek\/\" \/>\n<meta property=\"og:site_name\" content=\"MEYDAN.TV\" \/>\n<meta property=\"article:published_time\" content=\"2016-12-30T00:34:36+00:00\" \/>\n<meta property=\"og:image\" content=\"https:\/\/www.meydan.tv\/wp-content\/uploads\/29631.jpg\" \/>\n\t<meta property=\"og:image:width\" content=\"583\" \/>\n\t<meta property=\"og:image:height\" content=\"500\" \/>\n\t<meta property=\"og:image:type\" content=\"image\/jpeg\" \/>\n<meta name=\"author\" content=\"user-manager\" \/>\n<meta name=\"twitter:card\" content=\"summary_large_image\" \/>\n<script type=\"application\/ld+json\" class=\"yoast-schema-graph\">{\"@context\":\"https:\\\/\\\/schema.org\",\"@graph\":[{\"@type\":\"Article\",\"@id\":\"https:\\\/\\\/www.meydan.tv\\\/az\\\/article\\\/ktmt-ermenistani-qoruya-bilmeyecek\\\/#article\",\"isPartOf\":{\"@id\":\"https:\\\/\\\/www.meydan.tv\\\/az\\\/article\\\/ktmt-ermenistani-qoruya-bilmeyecek\\\/\"},\"author\":{\"name\":\"user-manager\",\"@id\":\"https:\\\/\\\/www.meydan.tv\\\/az\\\/#\\\/schema\\\/person\\\/10d11eccf6da3662cf5fdab9806ea91a\"},\"headline\":\"KTMT Erm\u0259nistan\u0131 qoruya bilm\u0259y\u0259c\u0259k\",\"datePublished\":\"2016-12-30T00:34:36+00:00\",\"mainEntityOfPage\":{\"@id\":\"https:\\\/\\\/www.meydan.tv\\\/az\\\/article\\\/ktmt-ermenistani-qoruya-bilmeyecek\\\/\"},\"wordCount\":1076,\"publisher\":{\"@id\":\"https:\\\/\\\/www.meydan.tv\\\/az\\\/#organization\"},\"image\":{\"@id\":\"https:\\\/\\\/www.meydan.tv\\\/az\\\/article\\\/ktmt-ermenistani-qoruya-bilmeyecek\\\/#primaryimage\"},\"thumbnailUrl\":\"https:\\\/\\\/www.meydan.tv\\\/wp-content\\\/uploads\\\/29631.jpg\",\"articleSection\":[\"Analitika\"],\"inLanguage\":\"az\"},{\"@type\":\"WebPage\",\"@id\":\"https:\\\/\\\/www.meydan.tv\\\/az\\\/article\\\/ktmt-ermenistani-qoruya-bilmeyecek\\\/\",\"url\":\"https:\\\/\\\/www.meydan.tv\\\/az\\\/article\\\/ktmt-ermenistani-qoruya-bilmeyecek\\\/\",\"name\":\"KTMT Erm\u0259nistan\u0131 qoruya bilm\u0259y\u0259c\u0259k - MEYDAN.TV\",\"isPartOf\":{\"@id\":\"https:\\\/\\\/www.meydan.tv\\\/az\\\/#website\"},\"primaryImageOfPage\":{\"@id\":\"https:\\\/\\\/www.meydan.tv\\\/az\\\/article\\\/ktmt-ermenistani-qoruya-bilmeyecek\\\/#primaryimage\"},\"image\":{\"@id\":\"https:\\\/\\\/www.meydan.tv\\\/az\\\/article\\\/ktmt-ermenistani-qoruya-bilmeyecek\\\/#primaryimage\"},\"thumbnailUrl\":\"https:\\\/\\\/www.meydan.tv\\\/wp-content\\\/uploads\\\/29631.jpg\",\"datePublished\":\"2016-12-30T00:34:36+00:00\",\"breadcrumb\":{\"@id\":\"https:\\\/\\\/www.meydan.tv\\\/az\\\/article\\\/ktmt-ermenistani-qoruya-bilmeyecek\\\/#breadcrumb\"},\"inLanguage\":\"az\",\"potentialAction\":[{\"@type\":\"ReadAction\",\"target\":[\"https:\\\/\\\/www.meydan.tv\\\/az\\\/article\\\/ktmt-ermenistani-qoruya-bilmeyecek\\\/\"]}]},{\"@type\":\"ImageObject\",\"inLanguage\":\"az\",\"@id\":\"https:\\\/\\\/www.meydan.tv\\\/az\\\/article\\\/ktmt-ermenistani-qoruya-bilmeyecek\\\/#primaryimage\",\"url\":\"https:\\\/\\\/www.meydan.tv\\\/wp-content\\\/uploads\\\/29631.jpg\",\"contentUrl\":\"https:\\\/\\\/www.meydan.tv\\\/wp-content\\\/uploads\\\/29631.jpg\",\"width\":583,\"height\":500,\"caption\":\"Source:\"},{\"@type\":\"BreadcrumbList\",\"@id\":\"https:\\\/\\\/www.meydan.tv\\\/az\\\/article\\\/ktmt-ermenistani-qoruya-bilmeyecek\\\/#breadcrumb\",\"itemListElement\":[{\"@type\":\"ListItem\",\"position\":1,\"name\":\"Ana s\u0259hif\u0259\",\"item\":\"https:\\\/\\\/www.meydan.tv\\\/az\\\/\"},{\"@type\":\"ListItem\",\"position\":2,\"name\":\"Analitika\",\"item\":\"https:\\\/\\\/www.meydan.tv\\\/az\\\/section\\\/analitika\\\/\"},{\"@type\":\"ListItem\",\"position\":3,\"name\":\"KTMT Erm\u0259nistan\u0131 qoruya bilm\u0259y\u0259c\u0259k\"}]},{\"@type\":\"WebSite\",\"@id\":\"https:\\\/\\\/www.meydan.tv\\\/az\\\/#website\",\"url\":\"https:\\\/\\\/www.meydan.tv\\\/az\\\/\",\"name\":\"MEYDAN.TV\",\"description\":\"Meydan TV Az\u0259rbaycan\u0131n media m\u0259kan\u0131ndak\u0131 alternativ s\u0259sidir\",\"publisher\":{\"@id\":\"https:\\\/\\\/www.meydan.tv\\\/az\\\/#organization\"},\"potentialAction\":[{\"@type\":\"SearchAction\",\"target\":{\"@type\":\"EntryPoint\",\"urlTemplate\":\"https:\\\/\\\/www.meydan.tv\\\/az\\\/?s={search_term_string}\"},\"query-input\":{\"@type\":\"PropertyValueSpecification\",\"valueRequired\":true,\"valueName\":\"search_term_string\"}}],\"inLanguage\":\"az\"},{\"@type\":\"Organization\",\"@id\":\"https:\\\/\\\/www.meydan.tv\\\/az\\\/#organization\",\"name\":\"Meydan TV\",\"url\":\"https:\\\/\\\/www.meydan.tv\\\/az\\\/\",\"logo\":{\"@type\":\"ImageObject\",\"inLanguage\":\"az\",\"@id\":\"https:\\\/\\\/www.meydan.tv\\\/az\\\/#\\\/schema\\\/logo\\\/image\\\/\",\"url\":\"https:\\\/\\\/www.meydan.tv\\\/wp-content\\\/uploads\\\/2021\\\/07\\\/meydan-logo.svg\",\"contentUrl\":\"https:\\\/\\\/www.meydan.tv\\\/wp-content\\\/uploads\\\/2021\\\/07\\\/meydan-logo.svg\",\"width\":195,\"height\":46,\"caption\":\"Meydan TV\"},\"image\":{\"@id\":\"https:\\\/\\\/www.meydan.tv\\\/az\\\/#\\\/schema\\\/logo\\\/image\\\/\"}},{\"@type\":\"Person\",\"@id\":\"https:\\\/\\\/www.meydan.tv\\\/az\\\/#\\\/schema\\\/person\\\/10d11eccf6da3662cf5fdab9806ea91a\",\"name\":\"user-manager\"}]}<\/script>\n<!-- \/ Yoast SEO plugin. -->","yoast_head_json":{"title":"KTMT Erm\u0259nistan\u0131 qoruya bilm\u0259y\u0259c\u0259k - MEYDAN.TV","robots":{"index":"index","follow":"follow","max-snippet":"max-snippet:-1","max-image-preview":"max-image-preview:large","max-video-preview":"max-video-preview:-1"},"canonical":"https:\/\/www.meydan.tv\/az\/article\/ktmt-ermenistani-qoruya-bilmeyecek\/","og_locale":"az_AZ","og_type":"article","og_title":"KTMT Erm\u0259nistan\u0131 qoruya bilm\u0259y\u0259c\u0259k - MEYDAN.TV","og_description":"2016-c\u0131 ilin bitm\u0259sin\u0259 2 g\u00fcn qalm\u0131\u015f Az\u0259rbaycan-Erm\u0259nistan s\u0259rh\u0259ddind\u0259 ba\u015f ver\u0259n ... Davam\u0131","og_url":"https:\/\/www.meydan.tv\/az\/article\/ktmt-ermenistani-qoruya-bilmeyecek\/","og_site_name":"MEYDAN.TV","article_published_time":"2016-12-30T00:34:36+00:00","og_image":[{"width":583,"height":500,"url":"https:\/\/www.meydan.tv\/wp-content\/uploads\/29631.jpg","type":"image\/jpeg"}],"author":"user-manager","twitter_card":"summary_large_image","schema":{"@context":"https:\/\/schema.org","@graph":[{"@type":"Article","@id":"https:\/\/www.meydan.tv\/az\/article\/ktmt-ermenistani-qoruya-bilmeyecek\/#article","isPartOf":{"@id":"https:\/\/www.meydan.tv\/az\/article\/ktmt-ermenistani-qoruya-bilmeyecek\/"},"author":{"name":"user-manager","@id":"https:\/\/www.meydan.tv\/az\/#\/schema\/person\/10d11eccf6da3662cf5fdab9806ea91a"},"headline":"KTMT Erm\u0259nistan\u0131 qoruya bilm\u0259y\u0259c\u0259k","datePublished":"2016-12-30T00:34:36+00:00","mainEntityOfPage":{"@id":"https:\/\/www.meydan.tv\/az\/article\/ktmt-ermenistani-qoruya-bilmeyecek\/"},"wordCount":1076,"publisher":{"@id":"https:\/\/www.meydan.tv\/az\/#organization"},"image":{"@id":"https:\/\/www.meydan.tv\/az\/article\/ktmt-ermenistani-qoruya-bilmeyecek\/#primaryimage"},"thumbnailUrl":"https:\/\/www.meydan.tv\/wp-content\/uploads\/29631.jpg","articleSection":["Analitika"],"inLanguage":"az"},{"@type":"WebPage","@id":"https:\/\/www.meydan.tv\/az\/article\/ktmt-ermenistani-qoruya-bilmeyecek\/","url":"https:\/\/www.meydan.tv\/az\/article\/ktmt-ermenistani-qoruya-bilmeyecek\/","name":"KTMT Erm\u0259nistan\u0131 qoruya bilm\u0259y\u0259c\u0259k - MEYDAN.TV","isPartOf":{"@id":"https:\/\/www.meydan.tv\/az\/#website"},"primaryImageOfPage":{"@id":"https:\/\/www.meydan.tv\/az\/article\/ktmt-ermenistani-qoruya-bilmeyecek\/#primaryimage"},"image":{"@id":"https:\/\/www.meydan.tv\/az\/article\/ktmt-ermenistani-qoruya-bilmeyecek\/#primaryimage"},"thumbnailUrl":"https:\/\/www.meydan.tv\/wp-content\/uploads\/29631.jpg","datePublished":"2016-12-30T00:34:36+00:00","breadcrumb":{"@id":"https:\/\/www.meydan.tv\/az\/article\/ktmt-ermenistani-qoruya-bilmeyecek\/#breadcrumb"},"inLanguage":"az","potentialAction":[{"@type":"ReadAction","target":["https:\/\/www.meydan.tv\/az\/article\/ktmt-ermenistani-qoruya-bilmeyecek\/"]}]},{"@type":"ImageObject","inLanguage":"az","@id":"https:\/\/www.meydan.tv\/az\/article\/ktmt-ermenistani-qoruya-bilmeyecek\/#primaryimage","url":"https:\/\/www.meydan.tv\/wp-content\/uploads\/29631.jpg","contentUrl":"https:\/\/www.meydan.tv\/wp-content\/uploads\/29631.jpg","width":583,"height":500,"caption":"Source:"},{"@type":"BreadcrumbList","@id":"https:\/\/www.meydan.tv\/az\/article\/ktmt-ermenistani-qoruya-bilmeyecek\/#breadcrumb","itemListElement":[{"@type":"ListItem","position":1,"name":"Ana s\u0259hif\u0259","item":"https:\/\/www.meydan.tv\/az\/"},{"@type":"ListItem","position":2,"name":"Analitika","item":"https:\/\/www.meydan.tv\/az\/section\/analitika\/"},{"@type":"ListItem","position":3,"name":"KTMT Erm\u0259nistan\u0131 qoruya bilm\u0259y\u0259c\u0259k"}]},{"@type":"WebSite","@id":"https:\/\/www.meydan.tv\/az\/#website","url":"https:\/\/www.meydan.tv\/az\/","name":"MEYDAN.TV","description":"Meydan TV Az\u0259rbaycan\u0131n media m\u0259kan\u0131ndak\u0131 alternativ s\u0259sidir","publisher":{"@id":"https:\/\/www.meydan.tv\/az\/#organization"},"potentialAction":[{"@type":"SearchAction","target":{"@type":"EntryPoint","urlTemplate":"https:\/\/www.meydan.tv\/az\/?s={search_term_string}"},"query-input":{"@type":"PropertyValueSpecification","valueRequired":true,"valueName":"search_term_string"}}],"inLanguage":"az"},{"@type":"Organization","@id":"https:\/\/www.meydan.tv\/az\/#organization","name":"Meydan TV","url":"https:\/\/www.meydan.tv\/az\/","logo":{"@type":"ImageObject","inLanguage":"az","@id":"https:\/\/www.meydan.tv\/az\/#\/schema\/logo\/image\/","url":"https:\/\/www.meydan.tv\/wp-content\/uploads\/2021\/07\/meydan-logo.svg","contentUrl":"https:\/\/www.meydan.tv\/wp-content\/uploads\/2021\/07\/meydan-logo.svg","width":195,"height":46,"caption":"Meydan TV"},"image":{"@id":"https:\/\/www.meydan.tv\/az\/#\/schema\/logo\/image\/"}},{"@type":"Person","@id":"https:\/\/www.meydan.tv\/az\/#\/schema\/person\/10d11eccf6da3662cf5fdab9806ea91a","name":"user-manager"}]}},"_links":{"self":[{"href":"https:\/\/www.meydan.tv\/az\/wp-json\/wp\/v2\/posts\/181578","targetHints":{"allow":["GET"]}}],"collection":[{"href":"https:\/\/www.meydan.tv\/az\/wp-json\/wp\/v2\/posts"}],"about":[{"href":"https:\/\/www.meydan.tv\/az\/wp-json\/wp\/v2\/types\/post"}],"author":[{"embeddable":true,"href":"https:\/\/www.meydan.tv\/az\/wp-json\/wp\/v2\/users\/11"}],"replies":[{"embeddable":true,"href":"https:\/\/www.meydan.tv\/az\/wp-json\/wp\/v2\/comments?post=181578"}],"version-history":[{"count":0,"href":"https:\/\/www.meydan.tv\/az\/wp-json\/wp\/v2\/posts\/181578\/revisions"}],"wp:featuredmedia":[{"embeddable":true,"href":"https:\/\/www.meydan.tv\/az\/wp-json\/wp\/v2\/media\/76489"}],"wp:attachment":[{"href":"https:\/\/www.meydan.tv\/az\/wp-json\/wp\/v2\/media?parent=181578"}],"wp:term":[{"taxonomy":"category","embeddable":true,"href":"https:\/\/www.meydan.tv\/az\/wp-json\/wp\/v2\/categories?post=181578"},{"taxonomy":"post_tag","embeddable":true,"href":"https:\/\/www.meydan.tv\/az\/wp-json\/wp\/v2\/tags?post=181578"}],"curies":[{"name":"wp","href":"https:\/\/api.w.org\/{rel}","templated":true}]}}