{"id":181574,"date":"2016-12-29T19:12:04","date_gmt":"2016-12-29T19:12:04","guid":{"rendered":"https:\/\/www.meydan.tv\/article\/uzeyir-ceferov-texribati-ermenistan-terefinin-teskil-etdiyini-dusunurem\/"},"modified":"2016-12-29T19:12:04","modified_gmt":"2016-12-29T19:12:04","slug":"uzeyir-ceferov-texribati-ermenistan-terefinin-teskil-etdiyini-dusunurem","status":"publish","type":"post","link":"https:\/\/www.meydan.tv\/az\/article\/uzeyir-ceferov-texribati-ermenistan-terefinin-teskil-etdiyini-dusunurem\/","title":{"rendered":"\u00dczeyir C\u0259f\u0259rov: T\u0259xribat\u0131 Erm\u0259nistan t\u0259r\u0259finin t\u0259\u015fkil etdiyini d\u00fc\u015f\u00fcn\u00fcr\u0259m"},"content":{"rendered":"<figure class=\"wp-block-image size-large\">\n  <img decoding=\"async\" src=\"https:\/\/www.meydan.tv\/az\/76508\/\" alt=\"\" class=\"wp-image-76508\"\/><figcaption><\/figcaption><\/figure>\n<p>\n  <i><br \/>\n    Rauf Mirq\u0259dirov: &#8221;At\u0259\u015fk\u0259sin pozulmas\u0131 beyn\u0259lxalq arenadak\u0131 qeyri-m\u00fc\u0259yy\u0259nlikl\u0259 d\u0259 ba\u011fl\u0131 ola bil\u0259r&#8221;<br \/>\n  <\/i>\n<\/p>\n<p>\n  <br \/>\n  Dekabr\u0131n 29-da s\u0259h\u0259r saatlar\u0131nda Az\u0259rbaycan-Erm\u0259nistan d\u00f6vl\u0259t s\u0259rh\u0259ddind\u0259ki at\u0131\u015fma \u0259tic\u0259sind\u0259 Az\u0259rbaycan Silahl\u0131 Q\u00fcvv\u0259l\u0259rinin h\u0259rbi qulluq\u00e7usu \u0259sg\u0259r Qurbanov \u00c7ingiz itkin d\u00fc\u015f\u00fcb. Erm\u0259nistan M\u00fcdafi\u0259 Nazirliyinin m\u0259lumat\u0131na g\u00f6r\u0259s\u0259, 3 erm\u0259ni h\u0259rb\u00e7isi h\u0259lak olub.\n<\/p>\n<p>\n  C\u0259bh\u0259 b\u00f6lg\u0259sind\u0259 ba\u015f ver\u0259nl\u0259ri Meydan TV-y\u0259 \u015f\u0259rh ed\u0259n h\u0259rbi ekspert \u00dczeyir C\u0259f\u0259rov bildirib ki, h\u0259rbi qanunlara g\u00f6r\u0259, h\u00fccum ed\u0259n t\u0259r\u0259f daha \u00e7ox itki verir:\n<\/p>\n<p>\n  &#8220;Erm\u0259nistan t\u0259r\u0259f 1 zabit v\u0259 2 \u0259sg\u0259rin itkisini t\u0259sdiq edir. Bel\u0259 olan halda Az\u0259rbaycan t\u0259r\u0259finin pusquya d\u00fc\u015fm\u0259sind\u0259n nec\u0259 dan\u0131\u015fmaq olar?&#8221;\n<\/p>\n<p>\n  O, t\u0259xribat\u0131n Erm\u0259nistan t\u0259r\u0259finin t\u0259\u015fkil etdiyini d\u00fc\u015f\u00fcn\u00fcr:\n<\/p>\n<p>\n  &#8220;Erm\u0259nistan\u0131n AT\u018fT qar\u015f\u0131s\u0131nda minn\u0259tdarl\u0131q borcu vard\u0131. Bu borc ondan ibar\u0259t idi ki, AT\u018fT s\u0259drinin \u015f\u0259xsi n\u00fcmay\u0259nd\u0259si Anje Kaspi\u015fik iki d\u00f6vl\u0259t ba\u015f\u00e7\u0131s\u0131n\u0131n bir araya g\u0259tirilm\u0259si \u00fc\u00e7\u00fcn \u0130r\u0259vandan v\u0259ziyy\u0259ti g\u0259rginl\u0259\u015fdirm\u0259yi xahi\u015f etmi\u015fdi. Y\u0259ni v\u0259ziyy\u0259t g\u0259rginl\u0259\u015fir v\u0259 prezidentl\u0259r dan\u0131\u015f\u0131qlar masas\u0131 arxas\u0131nda oturma\u011fa m\u0259cbur olur. M\u0259n Erm\u0259nistan m\u0259tbuat\u0131n\u0131 daim izl\u0259diyimd\u0259n q\u0259na\u0259timd\u0259 israrl\u0131yam. Sankt-Peterburq g\u00f6r\u00fc\u015f\u00fc Erm\u0259nistan \u00fc\u00e7\u00fcn u\u011fursuzluqla n\u0259tic\u0259l\u0259ndikd\u0259n sonra prezident Sarkisyan v\u0259ziyy\u0259tin g\u0259rginl\u0259\u015fm\u0259sin\u0259 g\u00f6st\u0259ri\u015f verdi. \u0130kinci, biz d\u0259f\u0259l\u0259rl\u0259 Kaspi\u015fikin Erm\u0259nistan\u0131n maraqlar\u0131na \u00e7al\u0131\u015fd\u0131\u011f\u0131n\u0131 demi\u015fdik. Bu adam Qafqaz mentalitetinin m\u0259nfi c\u0259h\u0259tl\u0259rini bilir v\u0259 bundan \u00f6z maraqlar\u0131 \u00fc\u00e7\u00fcn istifad\u0259 edir. AT\u018fT r\u0259hb\u0259rliyi il\u0259 dil tap\u0131b v\u0259ziyy\u0259tin d\u0259yi\u015fm\u0259sind\u0259 maraql\u0131 olmad\u0131\u011f\u0131n\u0131 gizl\u0259tmir&#8221;.\n<\/p>\n<p>\n  \u00dczeyir C\u0259f\u0259rov hesab edir ki, Az\u0259rbaycan qar\u015f\u0131 t\u0259r\u0259fin t\u0259xribata \u0259l ataca\u011f\u0131ndan x\u0259b\u0259rdar olub: &#8220;Ancaq b\u00f6y\u00fck ehtimalla diversiya qrupu \u0259sg\u0259r Qurbanovu \u0259sir g\u00f6t\u00fcr\u00fcb. Yax\u0131n saatlarda m\u0259s\u0259l\u0259l\u0259r\u0259 ayd\u0131nl\u0131q g\u0259tiril\u0259c\u0259k&#8221;.\n<\/p>\n<p>\n  Siyasi icmal\u00e7\u0131 Rauf Mirq\u0259dirov is\u0259 t\u0259r\u0259fl\u0259rin itkil\u0259rl\u0259 ba\u011fl\u0131 m\u0259lumatlar\u0131na \u015f\u00fcbh\u0259 il\u0259 yana\u015f\u0131r:\n<\/p>\n<p>\n  &#8220;\u00c7\u00fcnki ilkin m\u0259rh\u0259l\u0259d\u0259 t\u0259r\u0259fl\u0259r m\u0259lumatlar\u0131 saxtala\u015fd\u0131rmasalar da, ger\u00e7\u0259k v\u0259ziyy\u0259tl\u0259 ba\u011fl\u0131 tam h\u0259qiq\u0259ti s\u00f6yl\u0259mirl\u0259r. Aprel d\u00f6y\u00fc\u015fl\u0259ri d\u0259 bunu s\u00fcbut etdi. \u0130kinci, at\u0259\u015fk\u0259sin kimin pozmas\u0131n\u0131 da t\u0259r\u0259fl\u0259r etiraf etmirl\u0259r. Ona g\u00f6r\u0259 ki, etiraf beyn\u0259lxalq vasit\u0259\u00e7il\u0259rl\u0259 m\u00fcnasib\u0259tl\u0259rd\u0259 probleml\u0259r yarada bil\u0259r. Az\u0259rbaycan h\u00fccum \u0259m\u0259liyyat\u0131 ke\u00e7irs\u0259, bu, daxild\u0259 normal q\u0259bul olunar, amma beyn\u0259lxalq vasit\u0259\u00e7il\u0259rl\u0259 m\u00fcnasib\u0259td\u0259 probleml\u0259r yaradar&#8221;.\n<\/p>\n<figure class=\"wp-block-image size-large\">\n  <img decoding=\"async\" src=\"https:\/\/www.meydan.tv\/az\/65112\/\" alt=\"\" class=\"wp-image-65112\"\/><figcaption>\n    Rauf Mirq\u0259dirov<br \/>\n  <\/figcaption><\/figure>\n<p>\n  R.Mirq\u0259dirov g\u00fcman edir ki, h\u0259r iki t\u0259r\u0259f bu v\u0259 ya dig\u0259r d\u0259r\u0259c\u0259d\u0259 maraql\u0131 ola bil\u0259r:\n<\/p>\n<p>\n  &#8220;Son dan\u0131\u015f\u0131qlar\u0131n ba\u015f tutmad\u0131\u011f\u0131n\u0131 n\u0259z\u0259r\u0259 ald\u0131qda, vasit\u0259\u00e7il\u0259r \u0259n az\u0131ndan Hamburqda AT\u018fT-in sammitind\u0259 X\u0130N r\u0259hb\u0259rl\u0259rinin g\u00f6r\u00fc\u015f\u00fcn\u00fc ke\u00e7irm\u0259y\u0259 c\u0259hd etdil\u0259r, al\u0131nmad\u0131. Ba\u011fl\u0131 qap\u0131lar arxas\u0131nda n\u0259 oldu\u011funu bilm\u0259s\u0259k d\u0259, r\u0259smi Bak\u0131 \u0259n az\u0131 t\u0259bli\u011fat m\u00fcst\u0259visind\u0259 dedi ki, Az\u0259rbaycan dan\u0131\u015f\u0131qlardan qa\u00e7m\u0131r, Erm\u0259nistan qa\u00e7\u0131r. Erm\u0259nil\u0259r d\u0259 etiraf etdi ki, onlar r\u0259smi dan\u0131\u015f\u0131qlarda maraql\u0131 deyil, yaxud haz\u0131r deyill\u0259r, ya da \u015f\u0259rait yoxdur. Bel\u0259 \u015f\u0259raitd\u0259 h\u0259r iki t\u0259r\u0259fin v\u0259ziyy\u0259ti g\u0259rginl\u0259\u015fdirm\u0259k \u00fc\u00e7\u00fcn maraqlar\u0131 olur. Bak\u0131 v\u0259ziyy\u0259ti g\u0259rginl\u0259\u015fdir\u0259r\u0259k Q\u0259rbin problem\u0259 c\u0259lb etm\u0259k ist\u0259y\u0259r. Erm\u0259nistan da bunu Bak\u0131n\u0131n \u00fcst\u00fcn\u0259 atar. \u00dcmumiyy\u0259tl\u0259, t\u0259r\u0259fl\u0259r bununla s\u00fclh dan\u0131\u015fq\u0131lar\u0131n\u0131n qeyri-m\u00fcmk\u00fcnl\u00fcy\u00fcn\u00fc s\u00fcbut etm\u0259y\u0259 \u00e7al\u0131\u015farlar. Faktiki olaraq, aprel d\u00f6y\u00fc\u015fl\u0259rind\u0259n sonra qar\u015f\u0131m\u0131zda iflasa u\u011frayan dan\u0131\u015f\u0131qlar m\u0259rh\u0259l\u0259si var. \u018fvv\u0259l intensivl\u0259\u015fm\u0259 oldu, g\u00f6zl\u0259ntil\u0259r, beyn\u0259lxalq maraq yarand\u0131, amma yen\u0259 d\u0259 bu maraq arxa plana ke\u00e7ir. Az\u0259rbaycan bu mara\u011f\u0131 canland\u0131rma\u011fa \u00e7al\u0131\u015fsa da, al\u0131nm\u0131r&#8221;.\n<\/p>\n<p>\n  Siyasi icmal\u00e7\u0131 ehtimal edir ki, at\u0259\u015fk\u0259sin pozulmas\u0131 beyn\u0259lxalq arenadak\u0131 qeyri-m\u00fc\u0259yy\u0259nlikl\u0259 d\u0259 ba\u011fl\u0131 ola bil\u0259r:\n<\/p>\n<p>\n  &#8220;Amerikada k\u00f6hn\u0259 administrasiya i\u015fini bitirm\u0259yib v\u0259 beyn\u0259lxalq al\u0259md\u0259 onu ciddi q\u0259bul etm\u0259m\u0259k g\u00fcnd\u0259m\u0259 g\u0259lir, f\u0259aliyy\u0259t dair\u0259si d\u0259 m\u0259hdudla\u015f\u0131b. H\u0259tta Rusiyan\u0131n Xarici \u0130\u015fl\u0259r Nazirliyinin son b\u0259yanatlar\u0131na bax\u0131n, Obama administrasiyas\u0131n\u0131 az qala \u0259l\u0259 sal\u0131rlar. Bel\u0259 bir \u015f\u0259raitd\u0259 AB\u015e-n\u0131n real oyun\u00e7u kimi v\u0259ziyy\u0259t\u0259 m\u00fcdaxil\u0259 imkanlar\u0131 m\u0259hduddur. Regionda mara\u011f\u0131 olan ba\u015fqa q\u00fcvv\u0259l\u0259r bundan istifad\u0259 ed\u0259rl\u0259r. M\u0259s\u0259l\u0259 ondad\u0131r ki, yeni prezident Tramp\u0131n \u0130rana m\u00fcnasib\u0259ti yax\u015f\u0131 deyil v\u0259 o, m\u00fcnasib\u0259tl\u0259r\u0259 yenid\u0259n baxaca\u011f\u0131n\u0131 gizl\u0259tm\u0259yib. Bel\u0259 v\u0259ziyy\u0259td\u0259 regionda q\u00fcvv\u0259l\u0259r nisb\u0259tind\u0259 m\u00fc\u0259yy\u0259n d\u0259yi\u015fiklikl\u0259r c\u0259hdi m\u00fcmk\u00fcnd\u00fcr&#8221;.<\/p>\n","protected":false},"excerpt":{"rendered":"<p>Rauf Mirq\u0259dirov: &#8221;At\u0259\u015fk\u0259sin pozulmas\u0131 beyn\u0259lxalq arenadak\u0131 qeyri-m\u00fc\u0259yy\u0259nlikl\u0259 d\u0259 ba\u011fl\u0131 ola bil\u0259r&#8221;<\/p>\n","protected":false},"author":11,"featured_media":76508,"comment_status":"closed","ping_status":"open","sticky":false,"template":"","format":"standard","meta":{"_acf_changed":false,"_sitemap_exclude":false,"_sitemap_priority":"","_sitemap_frequency":"","footnotes":""},"categories":[51],"tags":[],"class_list":["post-181574","post","type-post","status-publish","format-standard","has-post-thumbnail","hentry","category-analitika","infinite-scroll-item","generate-columns","tablet-grid-50","mobile-grid-100","grid-parent","grid-33","no-featured-image-padding"],"acf":[],"yoast_head":"<!-- This site is optimized with the Yoast SEO plugin v27.5 - https:\/\/yoast.com\/product\/yoast-seo-wordpress\/ -->\n<title>\u00dczeyir C\u0259f\u0259rov: T\u0259xribat\u0131 Erm\u0259nistan t\u0259r\u0259finin t\u0259\u015fkil etdiyini d\u00fc\u015f\u00fcn\u00fcr\u0259m - MEYDAN.TV<\/title>\n<meta name=\"robots\" content=\"index, follow, max-snippet:-1, max-image-preview:large, max-video-preview:-1\" \/>\n<link rel=\"canonical\" href=\"https:\/\/www.meydan.tv\/az\/article\/uzeyir-ceferov-texribati-ermenistan-terefinin-teskil-etdiyini-dusunurem\/\" \/>\n<meta property=\"og:locale\" content=\"az_AZ\" \/>\n<meta property=\"og:type\" content=\"article\" \/>\n<meta property=\"og:title\" content=\"\u00dczeyir C\u0259f\u0259rov: T\u0259xribat\u0131 Erm\u0259nistan t\u0259r\u0259finin t\u0259\u015fkil etdiyini d\u00fc\u015f\u00fcn\u00fcr\u0259m - MEYDAN.TV\" \/>\n<meta property=\"og:description\" content=\"Rauf Mirq\u0259dirov: &#039;&#039;At\u0259\u015fk\u0259sin pozulmas\u0131 beyn\u0259lxalq arenadak\u0131 qeyri-m\u00fc\u0259yy\u0259nlikl\u0259 d\u0259 ba\u011fl\u0131 ola bil\u0259r&#039;&#039;\" \/>\n<meta property=\"og:url\" content=\"https:\/\/www.meydan.tv\/az\/article\/uzeyir-ceferov-texribati-ermenistan-terefinin-teskil-etdiyini-dusunurem\/\" \/>\n<meta property=\"og:site_name\" content=\"MEYDAN.TV\" \/>\n<meta property=\"article:published_time\" content=\"2016-12-29T19:12:04+00:00\" \/>\n<meta property=\"og:image\" content=\"https:\/\/www.meydan.tv\/wp-content\/uploads\/29625.jpg\" \/>\n\t<meta property=\"og:image:width\" content=\"647\" \/>\n\t<meta property=\"og:image:height\" content=\"370\" \/>\n\t<meta property=\"og:image:type\" content=\"image\/jpeg\" \/>\n<meta name=\"author\" content=\"user-manager\" \/>\n<meta name=\"twitter:card\" content=\"summary_large_image\" \/>\n<script type=\"application\/ld+json\" class=\"yoast-schema-graph\">{\"@context\":\"https:\\\/\\\/schema.org\",\"@graph\":[{\"@type\":\"Article\",\"@id\":\"https:\\\/\\\/www.meydan.tv\\\/az\\\/article\\\/uzeyir-ceferov-texribati-ermenistan-terefinin-teskil-etdiyini-dusunurem\\\/#article\",\"isPartOf\":{\"@id\":\"https:\\\/\\\/www.meydan.tv\\\/az\\\/article\\\/uzeyir-ceferov-texribati-ermenistan-terefinin-teskil-etdiyini-dusunurem\\\/\"},\"author\":{\"name\":\"user-manager\",\"@id\":\"https:\\\/\\\/www.meydan.tv\\\/az\\\/#\\\/schema\\\/person\\\/10d11eccf6da3662cf5fdab9806ea91a\"},\"headline\":\"\u00dczeyir C\u0259f\u0259rov: T\u0259xribat\u0131 Erm\u0259nistan t\u0259r\u0259finin t\u0259\u015fkil etdiyini d\u00fc\u015f\u00fcn\u00fcr\u0259m\",\"datePublished\":\"2016-12-29T19:12:04+00:00\",\"mainEntityOfPage\":{\"@id\":\"https:\\\/\\\/www.meydan.tv\\\/az\\\/article\\\/uzeyir-ceferov-texribati-ermenistan-terefinin-teskil-etdiyini-dusunurem\\\/\"},\"wordCount\":953,\"publisher\":{\"@id\":\"https:\\\/\\\/www.meydan.tv\\\/az\\\/#organization\"},\"image\":{\"@id\":\"https:\\\/\\\/www.meydan.tv\\\/az\\\/article\\\/uzeyir-ceferov-texribati-ermenistan-terefinin-teskil-etdiyini-dusunurem\\\/#primaryimage\"},\"thumbnailUrl\":\"https:\\\/\\\/www.meydan.tv\\\/wp-content\\\/uploads\\\/29625.jpg\",\"articleSection\":[\"Analitika\"],\"inLanguage\":\"az\"},{\"@type\":\"WebPage\",\"@id\":\"https:\\\/\\\/www.meydan.tv\\\/az\\\/article\\\/uzeyir-ceferov-texribati-ermenistan-terefinin-teskil-etdiyini-dusunurem\\\/\",\"url\":\"https:\\\/\\\/www.meydan.tv\\\/az\\\/article\\\/uzeyir-ceferov-texribati-ermenistan-terefinin-teskil-etdiyini-dusunurem\\\/\",\"name\":\"\u00dczeyir C\u0259f\u0259rov: T\u0259xribat\u0131 Erm\u0259nistan t\u0259r\u0259finin t\u0259\u015fkil etdiyini d\u00fc\u015f\u00fcn\u00fcr\u0259m - MEYDAN.TV\",\"isPartOf\":{\"@id\":\"https:\\\/\\\/www.meydan.tv\\\/az\\\/#website\"},\"primaryImageOfPage\":{\"@id\":\"https:\\\/\\\/www.meydan.tv\\\/az\\\/article\\\/uzeyir-ceferov-texribati-ermenistan-terefinin-teskil-etdiyini-dusunurem\\\/#primaryimage\"},\"image\":{\"@id\":\"https:\\\/\\\/www.meydan.tv\\\/az\\\/article\\\/uzeyir-ceferov-texribati-ermenistan-terefinin-teskil-etdiyini-dusunurem\\\/#primaryimage\"},\"thumbnailUrl\":\"https:\\\/\\\/www.meydan.tv\\\/wp-content\\\/uploads\\\/29625.jpg\",\"datePublished\":\"2016-12-29T19:12:04+00:00\",\"breadcrumb\":{\"@id\":\"https:\\\/\\\/www.meydan.tv\\\/az\\\/article\\\/uzeyir-ceferov-texribati-ermenistan-terefinin-teskil-etdiyini-dusunurem\\\/#breadcrumb\"},\"inLanguage\":\"az\",\"potentialAction\":[{\"@type\":\"ReadAction\",\"target\":[\"https:\\\/\\\/www.meydan.tv\\\/az\\\/article\\\/uzeyir-ceferov-texribati-ermenistan-terefinin-teskil-etdiyini-dusunurem\\\/\"]}]},{\"@type\":\"ImageObject\",\"inLanguage\":\"az\",\"@id\":\"https:\\\/\\\/www.meydan.tv\\\/az\\\/article\\\/uzeyir-ceferov-texribati-ermenistan-terefinin-teskil-etdiyini-dusunurem\\\/#primaryimage\",\"url\":\"https:\\\/\\\/www.meydan.tv\\\/wp-content\\\/uploads\\\/29625.jpg\",\"contentUrl\":\"https:\\\/\\\/www.meydan.tv\\\/wp-content\\\/uploads\\\/29625.jpg\",\"width\":647,\"height\":370,\"caption\":\"Source:\"},{\"@type\":\"BreadcrumbList\",\"@id\":\"https:\\\/\\\/www.meydan.tv\\\/az\\\/article\\\/uzeyir-ceferov-texribati-ermenistan-terefinin-teskil-etdiyini-dusunurem\\\/#breadcrumb\",\"itemListElement\":[{\"@type\":\"ListItem\",\"position\":1,\"name\":\"Ana s\u0259hif\u0259\",\"item\":\"https:\\\/\\\/www.meydan.tv\\\/az\\\/\"},{\"@type\":\"ListItem\",\"position\":2,\"name\":\"Analitika\",\"item\":\"https:\\\/\\\/www.meydan.tv\\\/az\\\/section\\\/analitika\\\/\"},{\"@type\":\"ListItem\",\"position\":3,\"name\":\"\u00dczeyir C\u0259f\u0259rov: T\u0259xribat\u0131 Erm\u0259nistan t\u0259r\u0259finin t\u0259\u015fkil etdiyini d\u00fc\u015f\u00fcn\u00fcr\u0259m\"}]},{\"@type\":\"WebSite\",\"@id\":\"https:\\\/\\\/www.meydan.tv\\\/az\\\/#website\",\"url\":\"https:\\\/\\\/www.meydan.tv\\\/az\\\/\",\"name\":\"MEYDAN.TV\",\"description\":\"Meydan TV Az\u0259rbaycan\u0131n media m\u0259kan\u0131ndak\u0131 alternativ s\u0259sidir\",\"publisher\":{\"@id\":\"https:\\\/\\\/www.meydan.tv\\\/az\\\/#organization\"},\"potentialAction\":[{\"@type\":\"SearchAction\",\"target\":{\"@type\":\"EntryPoint\",\"urlTemplate\":\"https:\\\/\\\/www.meydan.tv\\\/az\\\/?s={search_term_string}\"},\"query-input\":{\"@type\":\"PropertyValueSpecification\",\"valueRequired\":true,\"valueName\":\"search_term_string\"}}],\"inLanguage\":\"az\"},{\"@type\":\"Organization\",\"@id\":\"https:\\\/\\\/www.meydan.tv\\\/az\\\/#organization\",\"name\":\"Meydan TV\",\"url\":\"https:\\\/\\\/www.meydan.tv\\\/az\\\/\",\"logo\":{\"@type\":\"ImageObject\",\"inLanguage\":\"az\",\"@id\":\"https:\\\/\\\/www.meydan.tv\\\/az\\\/#\\\/schema\\\/logo\\\/image\\\/\",\"url\":\"https:\\\/\\\/www.meydan.tv\\\/wp-content\\\/uploads\\\/2021\\\/07\\\/meydan-logo.svg\",\"contentUrl\":\"https:\\\/\\\/www.meydan.tv\\\/wp-content\\\/uploads\\\/2021\\\/07\\\/meydan-logo.svg\",\"width\":195,\"height\":46,\"caption\":\"Meydan TV\"},\"image\":{\"@id\":\"https:\\\/\\\/www.meydan.tv\\\/az\\\/#\\\/schema\\\/logo\\\/image\\\/\"}},{\"@type\":\"Person\",\"@id\":\"https:\\\/\\\/www.meydan.tv\\\/az\\\/#\\\/schema\\\/person\\\/10d11eccf6da3662cf5fdab9806ea91a\",\"name\":\"user-manager\"}]}<\/script>\n<!-- \/ Yoast SEO plugin. -->","yoast_head_json":{"title":"\u00dczeyir C\u0259f\u0259rov: T\u0259xribat\u0131 Erm\u0259nistan t\u0259r\u0259finin t\u0259\u015fkil etdiyini d\u00fc\u015f\u00fcn\u00fcr\u0259m - MEYDAN.TV","robots":{"index":"index","follow":"follow","max-snippet":"max-snippet:-1","max-image-preview":"max-image-preview:large","max-video-preview":"max-video-preview:-1"},"canonical":"https:\/\/www.meydan.tv\/az\/article\/uzeyir-ceferov-texribati-ermenistan-terefinin-teskil-etdiyini-dusunurem\/","og_locale":"az_AZ","og_type":"article","og_title":"\u00dczeyir C\u0259f\u0259rov: T\u0259xribat\u0131 Erm\u0259nistan t\u0259r\u0259finin t\u0259\u015fkil etdiyini d\u00fc\u015f\u00fcn\u00fcr\u0259m - MEYDAN.TV","og_description":"Rauf Mirq\u0259dirov: ''At\u0259\u015fk\u0259sin pozulmas\u0131 beyn\u0259lxalq arenadak\u0131 qeyri-m\u00fc\u0259yy\u0259nlikl\u0259 d\u0259 ba\u011fl\u0131 ola bil\u0259r''","og_url":"https:\/\/www.meydan.tv\/az\/article\/uzeyir-ceferov-texribati-ermenistan-terefinin-teskil-etdiyini-dusunurem\/","og_site_name":"MEYDAN.TV","article_published_time":"2016-12-29T19:12:04+00:00","og_image":[{"width":647,"height":370,"url":"https:\/\/www.meydan.tv\/wp-content\/uploads\/29625.jpg","type":"image\/jpeg"}],"author":"user-manager","twitter_card":"summary_large_image","schema":{"@context":"https:\/\/schema.org","@graph":[{"@type":"Article","@id":"https:\/\/www.meydan.tv\/az\/article\/uzeyir-ceferov-texribati-ermenistan-terefinin-teskil-etdiyini-dusunurem\/#article","isPartOf":{"@id":"https:\/\/www.meydan.tv\/az\/article\/uzeyir-ceferov-texribati-ermenistan-terefinin-teskil-etdiyini-dusunurem\/"},"author":{"name":"user-manager","@id":"https:\/\/www.meydan.tv\/az\/#\/schema\/person\/10d11eccf6da3662cf5fdab9806ea91a"},"headline":"\u00dczeyir C\u0259f\u0259rov: T\u0259xribat\u0131 Erm\u0259nistan t\u0259r\u0259finin t\u0259\u015fkil etdiyini d\u00fc\u015f\u00fcn\u00fcr\u0259m","datePublished":"2016-12-29T19:12:04+00:00","mainEntityOfPage":{"@id":"https:\/\/www.meydan.tv\/az\/article\/uzeyir-ceferov-texribati-ermenistan-terefinin-teskil-etdiyini-dusunurem\/"},"wordCount":953,"publisher":{"@id":"https:\/\/www.meydan.tv\/az\/#organization"},"image":{"@id":"https:\/\/www.meydan.tv\/az\/article\/uzeyir-ceferov-texribati-ermenistan-terefinin-teskil-etdiyini-dusunurem\/#primaryimage"},"thumbnailUrl":"https:\/\/www.meydan.tv\/wp-content\/uploads\/29625.jpg","articleSection":["Analitika"],"inLanguage":"az"},{"@type":"WebPage","@id":"https:\/\/www.meydan.tv\/az\/article\/uzeyir-ceferov-texribati-ermenistan-terefinin-teskil-etdiyini-dusunurem\/","url":"https:\/\/www.meydan.tv\/az\/article\/uzeyir-ceferov-texribati-ermenistan-terefinin-teskil-etdiyini-dusunurem\/","name":"\u00dczeyir C\u0259f\u0259rov: T\u0259xribat\u0131 Erm\u0259nistan t\u0259r\u0259finin t\u0259\u015fkil etdiyini d\u00fc\u015f\u00fcn\u00fcr\u0259m - MEYDAN.TV","isPartOf":{"@id":"https:\/\/www.meydan.tv\/az\/#website"},"primaryImageOfPage":{"@id":"https:\/\/www.meydan.tv\/az\/article\/uzeyir-ceferov-texribati-ermenistan-terefinin-teskil-etdiyini-dusunurem\/#primaryimage"},"image":{"@id":"https:\/\/www.meydan.tv\/az\/article\/uzeyir-ceferov-texribati-ermenistan-terefinin-teskil-etdiyini-dusunurem\/#primaryimage"},"thumbnailUrl":"https:\/\/www.meydan.tv\/wp-content\/uploads\/29625.jpg","datePublished":"2016-12-29T19:12:04+00:00","breadcrumb":{"@id":"https:\/\/www.meydan.tv\/az\/article\/uzeyir-ceferov-texribati-ermenistan-terefinin-teskil-etdiyini-dusunurem\/#breadcrumb"},"inLanguage":"az","potentialAction":[{"@type":"ReadAction","target":["https:\/\/www.meydan.tv\/az\/article\/uzeyir-ceferov-texribati-ermenistan-terefinin-teskil-etdiyini-dusunurem\/"]}]},{"@type":"ImageObject","inLanguage":"az","@id":"https:\/\/www.meydan.tv\/az\/article\/uzeyir-ceferov-texribati-ermenistan-terefinin-teskil-etdiyini-dusunurem\/#primaryimage","url":"https:\/\/www.meydan.tv\/wp-content\/uploads\/29625.jpg","contentUrl":"https:\/\/www.meydan.tv\/wp-content\/uploads\/29625.jpg","width":647,"height":370,"caption":"Source:"},{"@type":"BreadcrumbList","@id":"https:\/\/www.meydan.tv\/az\/article\/uzeyir-ceferov-texribati-ermenistan-terefinin-teskil-etdiyini-dusunurem\/#breadcrumb","itemListElement":[{"@type":"ListItem","position":1,"name":"Ana s\u0259hif\u0259","item":"https:\/\/www.meydan.tv\/az\/"},{"@type":"ListItem","position":2,"name":"Analitika","item":"https:\/\/www.meydan.tv\/az\/section\/analitika\/"},{"@type":"ListItem","position":3,"name":"\u00dczeyir C\u0259f\u0259rov: T\u0259xribat\u0131 Erm\u0259nistan t\u0259r\u0259finin t\u0259\u015fkil etdiyini d\u00fc\u015f\u00fcn\u00fcr\u0259m"}]},{"@type":"WebSite","@id":"https:\/\/www.meydan.tv\/az\/#website","url":"https:\/\/www.meydan.tv\/az\/","name":"MEYDAN.TV","description":"Meydan TV Az\u0259rbaycan\u0131n media m\u0259kan\u0131ndak\u0131 alternativ s\u0259sidir","publisher":{"@id":"https:\/\/www.meydan.tv\/az\/#organization"},"potentialAction":[{"@type":"SearchAction","target":{"@type":"EntryPoint","urlTemplate":"https:\/\/www.meydan.tv\/az\/?s={search_term_string}"},"query-input":{"@type":"PropertyValueSpecification","valueRequired":true,"valueName":"search_term_string"}}],"inLanguage":"az"},{"@type":"Organization","@id":"https:\/\/www.meydan.tv\/az\/#organization","name":"Meydan TV","url":"https:\/\/www.meydan.tv\/az\/","logo":{"@type":"ImageObject","inLanguage":"az","@id":"https:\/\/www.meydan.tv\/az\/#\/schema\/logo\/image\/","url":"https:\/\/www.meydan.tv\/wp-content\/uploads\/2021\/07\/meydan-logo.svg","contentUrl":"https:\/\/www.meydan.tv\/wp-content\/uploads\/2021\/07\/meydan-logo.svg","width":195,"height":46,"caption":"Meydan TV"},"image":{"@id":"https:\/\/www.meydan.tv\/az\/#\/schema\/logo\/image\/"}},{"@type":"Person","@id":"https:\/\/www.meydan.tv\/az\/#\/schema\/person\/10d11eccf6da3662cf5fdab9806ea91a","name":"user-manager"}]}},"_links":{"self":[{"href":"https:\/\/www.meydan.tv\/az\/wp-json\/wp\/v2\/posts\/181574","targetHints":{"allow":["GET"]}}],"collection":[{"href":"https:\/\/www.meydan.tv\/az\/wp-json\/wp\/v2\/posts"}],"about":[{"href":"https:\/\/www.meydan.tv\/az\/wp-json\/wp\/v2\/types\/post"}],"author":[{"embeddable":true,"href":"https:\/\/www.meydan.tv\/az\/wp-json\/wp\/v2\/users\/11"}],"replies":[{"embeddable":true,"href":"https:\/\/www.meydan.tv\/az\/wp-json\/wp\/v2\/comments?post=181574"}],"version-history":[{"count":0,"href":"https:\/\/www.meydan.tv\/az\/wp-json\/wp\/v2\/posts\/181574\/revisions"}],"wp:featuredmedia":[{"embeddable":true,"href":"https:\/\/www.meydan.tv\/az\/wp-json\/wp\/v2\/media\/76508"}],"wp:attachment":[{"href":"https:\/\/www.meydan.tv\/az\/wp-json\/wp\/v2\/media?parent=181574"}],"wp:term":[{"taxonomy":"category","embeddable":true,"href":"https:\/\/www.meydan.tv\/az\/wp-json\/wp\/v2\/categories?post=181574"},{"taxonomy":"post_tag","embeddable":true,"href":"https:\/\/www.meydan.tv\/az\/wp-json\/wp\/v2\/tags?post=181574"}],"curies":[{"name":"wp","href":"https:\/\/api.w.org\/{rel}","templated":true}]}}