{"id":181568,"date":"2016-12-29T17:28:51","date_gmt":"2016-12-29T17:28:51","guid":{"rendered":"https:\/\/www.meydan.tv\/article\/ekrem-hesenov-xerite-qeyri-konkretdir\/"},"modified":"2016-12-29T17:28:51","modified_gmt":"2016-12-29T17:28:51","slug":"ekrem-hesenov-xerite-qeyri-konkretdir","status":"publish","type":"post","link":"https:\/\/www.meydan.tv\/az\/article\/ekrem-hesenov-xerite-qeyri-konkretdir\/","title":{"rendered":"\u018fkr\u0259m H\u0259s\u0259nov: X\u0259rit\u0259 qeyri-konkretdir"},"content":{"rendered":"<figure class=\"wp-block-image size-large\">\n  <img decoding=\"async\" src=\"https:\/\/www.meydan.tv\/az\/73868\/\" alt=\"\" class=\"wp-image-73868\"\/><figcaption><\/figcaption><\/figure>\n<p>\n  <i><br \/>\n    &#8221;Maliyy\u0259 sektorunda ya\u015fanan d\u0259rin b\u00f6hran \u015f\u0259raitind\u0259 bir \u00e7ox vacib sual\u0131 cavabs\u0131z qoyan bir s\u0259n\u0259ddir&#8221;<br \/>\n  <\/i>\n<\/p>\n<p>\n  Prezidentin 6 dekabr tarixli F\u0259rman\u0131 il\u0259 t\u0259sdiq edilmi\u015f 12 strateji x\u0259rit\u0259d\u0259n biri \u201cAz\u0259rbaycan Respublikas\u0131nda maliyy\u0259 xidm\u0259tl\u0259rinin inki\u015faf\u0131na dair Strateji Yol X\u0259rit\u0259si\u201ddir.\n<\/p>\n<p>\n  S\u0259n\u0259di \u00f6z &#8220;Facebook&#8221; s\u0259hif\u0259sind\u0259 \u015f\u0259rh ed\u0259n h\u00fcquq\u015f\u00fcnas, bank \u00fczr\u0259 ekspert \u018fkr\u0259m H\u0259s\u0259nov deyir ki, bu X\u0259rit\u0259 qeyri-konkretdir:\n<\/p>\n<p>\n  &#8220;Pafoslu v\u0259 icras\u0131 yollar\u0131 nam\u0259lum olan, \u00fcst\u0259lik h\u0259qiq\u0259ti \u0259ks etdirm\u0259y\u0259n v\u0259 maliyy\u0259 sektorunda ya\u015fanan d\u0259rin b\u00f6hran \u015f\u0259raitind\u0259 bir \u00e7ox vacib sual\u0131 cavabs\u0131z qoyan bir s\u0259n\u0259ddir.\n<\/p>\n<p>\n  X\u0259rit\u0259d\u0259 deyilir ki, guya indiy\u0259d\u0259k istehlak\u00e7\u0131lar\u0131n maliyy\u0259 savadl\u0131\u011f\u0131n\u0131n art\u0131r\u0131lmas\u0131 \u00fczr\u0259 hans\u0131sa i\u015fl\u0259r g\u00f6r\u00fcl\u00fcb. Halbuki, bu sah\u0259d\u0259 he\u00e7 n\u0259 edilm\u0259yib, el\u0259 m\u0259hz buna g\u00f6r\u0259 d\u0259 kredit t\u0259\u015fkilatlar\u0131 v\u0259 s\u0131\u011forta \u015firk\u0259tl\u0259ri istehlak\u00e7\u0131lar\u0131n ba\u015f\u0131na oyun a\u00e7\u0131r&#8221;.\n<\/p>\n<p>\n  \u018fkr\u0259m H\u0259s\u0259nov deyir ki, X\u0259rit\u0259d\u0259 istehlak\u00e7\u0131lar\u0131n maliyy\u0259 savadl\u0131\u011f\u0131n\u0131n art\u0131r\u0131lmas\u0131 \u00fczr\u0259 t\u0259dbirl\u0259r plan\u0131 n\u0259z\u0259rd\u0259 tutulur v\u0259 bunun \u00fc\u00e7\u00fcn \u201cb\u00f6y\u00fck v\u0259sait\u201din t\u0259l\u0259b olunmad\u0131\u011f\u0131 qeyd olunur:\n<\/p>\n<p>\n  &#8220;H\u0259r \u015fey \u00fc\u00e7\u00fcn pul \u00e7ox ayr\u0131l\u0131r, v\u0259t\u0259nda\u015fa \u00e7atanda is\u0259 q\u0259pik-quru\u015f. G\u00f6r\u0259s\u0259n, pulsuz bu i\u015f nec\u0259 g\u00f6r\u00fcl\u0259c\u0259k? B\u0259lk\u0259 \u0259vv\u0259lki kimi he\u00e7 n\u0259 edilm\u0259y\u0259c\u0259k, amma b\u0259yanat veril\u0259c\u0259k ki, i\u015fl\u0259r g\u00f6r\u00fcl\u00fcb?!\n<\/p>\n<p>\n  X\u0259rit\u0259d\u0259 deyilir ki, istehlak\u00e7\u0131lar\u0131n h\u00fcquqlar\u0131n\u0131n m\u00fcdafi\u0259si \u00fczr\u0259 d\u0259 hans\u0131sa mexanizml\u0259r formala\u015fd\u0131r\u0131l\u0131b. Halbuki, bu sah\u0259d\u0259 \u00f6z\u0259l qurum olan &#8220;Antikollektor&#8221;dan ba\u015fqa istehlak\u00e7\u0131lar\u0131 m\u00fcdafi\u0259 ed\u0259n yoxdur. Yoxsa d\u00f6vl\u0259t bizim \u00f6z\u0259l t\u0259\u015f\u0259bb\u00fcs\u00fc d\u0259 \u00f6z ad\u0131na yaz\u0131r?&#8221;\n<\/p>\n<p>\n  M\u00fct\u0259x\u0259ssis deyir ki, X\u0259rit\u0259d\u0259 istehlak\u00e7\u0131lar\u0131n h\u00fcquqlar\u0131n\u0131n m\u00fcdafi\u0259sinin g\u00fccl\u0259ndiril\u0259c\u0259yi vur\u011fulansa da, bu sah\u0259d\u0259 h\u0259r hans\u0131 konkret t\u0259dbirin g\u00f6r\u00fcl\u0259c\u0259yi n\u0259z\u0259rd\u0259 tutulmur:\n<\/p>\n<p>\n  &#8220;Yoxsa yen\u0259 &#8220;Antikollektor&#8221;un f\u0259aliyy\u0259tini \u00f6z aktivl\u0259rin\u0259 yazacaqlar? \u018fslind\u0259, bu sah\u0259d\u0259 g\u00f6r\u00fclm\u0259li olan i\u015fl\u0259r haqda d\u0259f\u0259l\u0259rl\u0259 yazm\u0131\u015f\u0131q. \u0130lk n\u00f6vb\u0259d\u0259, Maliyy\u0259 Ombudsman\u0131 \u0130nstitutu t\u0259sis edilm\u0259lidir ki, istehlak\u00e7\u0131lar\u0131 m\u00fcdafi\u0259 etsin. Daha sonra \u201cqo\u00e7u\u201d kollektorlar\u0131n f\u0259aliyy\u0259ti t\u0259nziml\u0259nm\u0259li v\u0259 m\u0259hdudla\u015fd\u0131r\u0131lmal\u0131d\u0131r (Rusiyadak\u0131 kimi). N\u0259hay\u0259t, \u201cM\u00fcflisl\u0259\u015fm\u0259 v\u0259 iflas haqq\u0131nda\u201d Qanun t\u0259kmill\u0259\u015fdirilm\u0259lidir, o c\u00fcml\u0259d\u0259n v\u0259t\u0259nda\u015flara \u00f6zl\u0259rini m\u00fcflis elan etm\u0259k imkan\u0131 verilm\u0259lidir&#8221;.\n<\/p>\n<p>\n  &#8220;X\u0259rit\u0259d\u0259 kreditorlar\u0131n h\u00fcquqlar\u0131n\u0131n m\u00fcdafi\u0259si \u00fczr\u0259 i\u015fl\u0259k mexanizml\u0259rin yarad\u0131lmas\u0131 m\u0259hk\u0259m\u0259 q\u0259rarlar\u0131n\u0131n standartla\u015fd\u0131r\u0131lmas\u0131 v\u0259 icra intizam\u0131n\u0131n yax\u015f\u0131la\u015fd\u0131r\u0131lmas\u0131 n\u0259z\u0259rd\u0259 tutulur. \u00d6z\u00fc d\u0259 bu zaman a\u00e7\u0131q-a\u015fkar \u201ckreditor\u201d dedikd\u0259 kredit t\u0259\u015fkilatlar\u0131 ehtiva olunur. Y\u0259ni qanunvericiliyi el\u0259 d\u0259yi\u015fm\u0259k, m\u0259hk\u0259m\u0259 q\u0259rarlar\u0131n\u0131 el\u0259 standartla\u015fd\u0131rmaq ist\u0259yirl\u0259r ki, banklara olan borc m\u0259s\u0259l\u0259l\u0259ri \u00fczr\u0259 m\u0259hk\u0259m\u0259 v\u0259 icra i\u015fl\u0259ri tez h\u0259ll edilsin. Tez h\u0259ll is\u0259 t\u0259bii, z\u0259if t\u0259r\u0259f olan borclunun xeyrin\u0259 olmayacaq, \u00f6z\u00fcn\u00fcm\u00fcdafi\u0259 vasit\u0259l\u0259ri m\u0259hdudla\u015fd\u0131r\u0131lacaq. \u00dcmum\u0259n m\u0259hk\u0259m\u0259 v\u0259 icra prosesl\u0259rinin tezl\u0259\u015fdirilm\u0259si problem deyil. Bu \u015f\u0259rtl\u0259 ki, istehlak\u00e7\u0131lar\u0131n h\u00fcquqlar\u0131n\u0131n m\u00fcdafi\u0259 mexanizml\u0259ri, x\u00fcsusil\u0259 f\u0259rdi m\u00fcflislik institutu da n\u0259z\u0259rd\u0259 tutulmu\u015f olsun. \u018fks halda, bu yenilikl\u0259r yaln\u0131z banklar\u0131n xeyrin\u0259 olacaq, borclu \u0259hali v\u0259 sahibkarlara edil\u0259n z\u00fclm artacaq. Lakin bu h\u0259l\u0259 problemin yar\u0131s\u0131d\u0131r&#8221; &#8211; h\u00fcquq\u015f\u00fcnas vur\u011fulay\u0131b.\n<\/p>\n<p>\n  \u018fkr\u0259m H\u0259s\u0259novun s\u00f6zl\u0259rin\u0259 g\u00f6r\u0259, vacib olan h\u0259m d\u0259 odur ki, \u201ckreditorlar\u0131n h\u00fcquqlar\u0131n\u0131n m\u00fcdafi\u0259si\u201d dedikd\u0259 n\u0259d\u0259ns\u0259 banklara pulunu etibar etmi\u015f \u015f\u0259xsl\u0259r unudulub:\n<\/p>\n<p>\n  &#8220;Halbuki, onlar da kreditordur v\u0259 bank sistemin\u0259 etimad, ilk n\u00f6vb\u0259d\u0259, onlar\u0131n h\u00fcquqlar\u0131n\u0131n m\u00fcdafi\u0259si s\u0259viyy\u0259si il\u0259 \u00f6l\u00e7\u00fcl\u00fcr. D\u0259f\u0259l\u0259rl\u0259 bildirdiyim kimi, m\u00f6vcud qanunvericiliyimiz m\u00fcflis banklar\u0131n kreditorlar\u0131n\u0131n h\u00fcquqlar\u0131n\u0131 q\u0259tiyy\u0259n qorumur, onlara h\u0259tta kreditorlar\u0131n \u00fcmumi y\u0131\u011f\u0131nca\u011f\u0131n\u0131 yaratma\u011fa imkan vermir v\u0259 s. N\u0259tic\u0259d\u0259 banklar\u0131n l\u0259\u011fvetm\u0259 prosesi korrupsiya m\u0259nb\u0259yidir. Bu bar\u0259d\u0259 dekabr\u0131n \u0259vv\u0259lind\u0259 Maliyy\u0259 Bazarlar\u0131na N\u0259zar\u0259t Palatas\u0131na r\u0259smi m\u00fcraci\u0259t d\u0259 etmi\u015f\u0259m. Dem\u0259li, banka borcu olan\u0131n d\u0259risin\u0259 saman t\u0259pil\u0259c\u0259k, bank\u0131n borclu oldu\u011fu \u015f\u0259xsl\u0259r is\u0259 qorunmayacaq, el\u0259?!\n<\/p>\n<p>\n  \u00dcmum\u0259n \u0259n aktual olan problemli kreditl\u0259r m\u00f6vzusu \u00fcmumi s\u00f6zl\u0259rl\u0259 t\u0259svir olunub. Hans\u0131sa restrukturizasiyadan dan\u0131\u015f\u0131l\u0131r. Amma konkret mexanizml\u0259r yoxdur. \u018fn vacib olan dollar kreditl\u0259ri problemin\u0259 is\u0259 he\u00e7 toxunulmur. X\u0259rit\u0259 buna da m\u00fcnasib\u0259t bildirmirs\u0259, kim\u0259 laz\u0131md\u0131r?!&#8221;\n<\/p>\n<p>\n  M\u00fct\u0259x\u0259ssis\u0259 g\u00f6r\u0259, kredit b\u00fcrolar\u0131n\u0131n f\u0259aliyy\u0259tin\u0259 \u00f6n\u0259m verils\u0259 d\u0259, bu b\u00fcrolarada lombardlar\u0131n v\u0259 nisy\u0259 mal satan d\u00fckanlar\u0131n icbari i\u015ftirak\u0131 m\u0259s\u0259l\u0259sin\u0259 toxunulmur:\n<\/p>\n<p>\n  &#8220;Bu yax\u0131nlarda q\u0259bul edilmi\u015f \u201cKredit b\u00fcrolar\u0131 haqq\u0131nda\u201d Qanunda da eyni yana\u015fmad\u0131r. \u018fhaliy\u0259 divan tutan lombardlar\u0131n v\u0259 nisy\u0259 mal satanlar\u0131n da f\u0259aliyy\u0259ti t\u0259nziml\u0259nm\u0259y\u0259c\u0259ks\u0259, \u0259halinin kredit tarix\u00e7\u0259l\u0259rind\u0259 onlara olan borclar da olmayacaqsa, kredit b\u00fcrolar\u0131 kim\u0259 laz\u0131md\u0131r? M\u0259rk\u0259zl\u0259\u015fdirilmi\u015f Kredit Reyestri var da onsuz da. Y\u0259ni b\u00f6y\u00fck i\u015f kimi g\u00f6st\u0259ril\u0259n bu t\u0259dbirin \u0259slind\u0259 he\u00e7 bir \u0259h\u0259miyy\u0259ti olmayacaq&#8221;.<\/p>\n","protected":false},"excerpt":{"rendered":"<p>&#8221;Maliyy\u0259 sektorunda ya\u015fanan d\u0259rin b\u00f6hran \u015f\u0259raitind\u0259 bir \u00e7ox vacib sual\u0131 cavabs\u0131z qoyan bir s\u0259n\u0259ddir&#8221;<\/p>\n","protected":false},"author":11,"featured_media":73868,"comment_status":"closed","ping_status":"open","sticky":false,"template":"","format":"standard","meta":{"_acf_changed":false,"_sitemap_exclude":false,"_sitemap_priority":"","_sitemap_frequency":"","footnotes":""},"categories":[51],"tags":[],"class_list":["post-181568","post","type-post","status-publish","format-standard","has-post-thumbnail","hentry","category-analitika","infinite-scroll-item","generate-columns","tablet-grid-50","mobile-grid-100","grid-parent","grid-33","no-featured-image-padding"],"acf":[],"yoast_head":"<!-- This site is optimized with the Yoast SEO plugin v27.5 - https:\/\/yoast.com\/product\/yoast-seo-wordpress\/ -->\n<title>\u018fkr\u0259m H\u0259s\u0259nov: X\u0259rit\u0259 qeyri-konkretdir - MEYDAN.TV<\/title>\n<meta name=\"robots\" content=\"index, follow, max-snippet:-1, max-image-preview:large, max-video-preview:-1\" \/>\n<link rel=\"canonical\" href=\"https:\/\/www.meydan.tv\/az\/article\/ekrem-hesenov-xerite-qeyri-konkretdir\/\" \/>\n<meta property=\"og:locale\" content=\"az_AZ\" \/>\n<meta property=\"og:type\" content=\"article\" \/>\n<meta property=\"og:title\" content=\"\u018fkr\u0259m H\u0259s\u0259nov: X\u0259rit\u0259 qeyri-konkretdir - MEYDAN.TV\" \/>\n<meta property=\"og:description\" content=\"&#039;&#039;Maliyy\u0259 sektorunda ya\u015fanan d\u0259rin b\u00f6hran \u015f\u0259raitind\u0259 bir \u00e7ox vacib sual\u0131 cavabs\u0131z qoyan bir s\u0259n\u0259ddir&#039;&#039;\" \/>\n<meta property=\"og:url\" content=\"https:\/\/www.meydan.tv\/az\/article\/ekrem-hesenov-xerite-qeyri-konkretdir\/\" \/>\n<meta property=\"og:site_name\" content=\"MEYDAN.TV\" \/>\n<meta property=\"article:published_time\" content=\"2016-12-29T17:28:51+00:00\" \/>\n<meta property=\"og:image\" content=\"https:\/\/www.meydan.tv\/wp-content\/uploads\/28515.jpg\" \/>\n\t<meta property=\"og:image:width\" content=\"1920\" \/>\n\t<meta property=\"og:image:height\" content=\"1080\" \/>\n\t<meta property=\"og:image:type\" content=\"image\/jpeg\" \/>\n<meta name=\"author\" content=\"user-manager\" \/>\n<meta name=\"twitter:card\" content=\"summary_large_image\" \/>\n<script type=\"application\/ld+json\" class=\"yoast-schema-graph\">{\"@context\":\"https:\\\/\\\/schema.org\",\"@graph\":[{\"@type\":\"Article\",\"@id\":\"https:\\\/\\\/www.meydan.tv\\\/az\\\/article\\\/ekrem-hesenov-xerite-qeyri-konkretdir\\\/#article\",\"isPartOf\":{\"@id\":\"https:\\\/\\\/www.meydan.tv\\\/az\\\/article\\\/ekrem-hesenov-xerite-qeyri-konkretdir\\\/\"},\"author\":{\"name\":\"user-manager\",\"@id\":\"https:\\\/\\\/www.meydan.tv\\\/az\\\/#\\\/schema\\\/person\\\/10d11eccf6da3662cf5fdab9806ea91a\"},\"headline\":\"\u018fkr\u0259m H\u0259s\u0259nov: X\u0259rit\u0259 qeyri-konkretdir\",\"datePublished\":\"2016-12-29T17:28:51+00:00\",\"mainEntityOfPage\":{\"@id\":\"https:\\\/\\\/www.meydan.tv\\\/az\\\/article\\\/ekrem-hesenov-xerite-qeyri-konkretdir\\\/\"},\"wordCount\":1036,\"publisher\":{\"@id\":\"https:\\\/\\\/www.meydan.tv\\\/az\\\/#organization\"},\"image\":{\"@id\":\"https:\\\/\\\/www.meydan.tv\\\/az\\\/article\\\/ekrem-hesenov-xerite-qeyri-konkretdir\\\/#primaryimage\"},\"thumbnailUrl\":\"https:\\\/\\\/www.meydan.tv\\\/wp-content\\\/uploads\\\/28515.jpg\",\"articleSection\":[\"Analitika\"],\"inLanguage\":\"az\"},{\"@type\":\"WebPage\",\"@id\":\"https:\\\/\\\/www.meydan.tv\\\/az\\\/article\\\/ekrem-hesenov-xerite-qeyri-konkretdir\\\/\",\"url\":\"https:\\\/\\\/www.meydan.tv\\\/az\\\/article\\\/ekrem-hesenov-xerite-qeyri-konkretdir\\\/\",\"name\":\"\u018fkr\u0259m H\u0259s\u0259nov: X\u0259rit\u0259 qeyri-konkretdir - MEYDAN.TV\",\"isPartOf\":{\"@id\":\"https:\\\/\\\/www.meydan.tv\\\/az\\\/#website\"},\"primaryImageOfPage\":{\"@id\":\"https:\\\/\\\/www.meydan.tv\\\/az\\\/article\\\/ekrem-hesenov-xerite-qeyri-konkretdir\\\/#primaryimage\"},\"image\":{\"@id\":\"https:\\\/\\\/www.meydan.tv\\\/az\\\/article\\\/ekrem-hesenov-xerite-qeyri-konkretdir\\\/#primaryimage\"},\"thumbnailUrl\":\"https:\\\/\\\/www.meydan.tv\\\/wp-content\\\/uploads\\\/28515.jpg\",\"datePublished\":\"2016-12-29T17:28:51+00:00\",\"breadcrumb\":{\"@id\":\"https:\\\/\\\/www.meydan.tv\\\/az\\\/article\\\/ekrem-hesenov-xerite-qeyri-konkretdir\\\/#breadcrumb\"},\"inLanguage\":\"az\",\"potentialAction\":[{\"@type\":\"ReadAction\",\"target\":[\"https:\\\/\\\/www.meydan.tv\\\/az\\\/article\\\/ekrem-hesenov-xerite-qeyri-konkretdir\\\/\"]}]},{\"@type\":\"ImageObject\",\"inLanguage\":\"az\",\"@id\":\"https:\\\/\\\/www.meydan.tv\\\/az\\\/article\\\/ekrem-hesenov-xerite-qeyri-konkretdir\\\/#primaryimage\",\"url\":\"https:\\\/\\\/www.meydan.tv\\\/wp-content\\\/uploads\\\/28515.jpg\",\"contentUrl\":\"https:\\\/\\\/www.meydan.tv\\\/wp-content\\\/uploads\\\/28515.jpg\",\"width\":1920,\"height\":1080,\"caption\":\"Source:\"},{\"@type\":\"BreadcrumbList\",\"@id\":\"https:\\\/\\\/www.meydan.tv\\\/az\\\/article\\\/ekrem-hesenov-xerite-qeyri-konkretdir\\\/#breadcrumb\",\"itemListElement\":[{\"@type\":\"ListItem\",\"position\":1,\"name\":\"Ana s\u0259hif\u0259\",\"item\":\"https:\\\/\\\/www.meydan.tv\\\/az\\\/\"},{\"@type\":\"ListItem\",\"position\":2,\"name\":\"Analitika\",\"item\":\"https:\\\/\\\/www.meydan.tv\\\/az\\\/section\\\/analitika\\\/\"},{\"@type\":\"ListItem\",\"position\":3,\"name\":\"\u018fkr\u0259m H\u0259s\u0259nov: X\u0259rit\u0259 qeyri-konkretdir\"}]},{\"@type\":\"WebSite\",\"@id\":\"https:\\\/\\\/www.meydan.tv\\\/az\\\/#website\",\"url\":\"https:\\\/\\\/www.meydan.tv\\\/az\\\/\",\"name\":\"MEYDAN.TV\",\"description\":\"Meydan TV Az\u0259rbaycan\u0131n media m\u0259kan\u0131ndak\u0131 alternativ s\u0259sidir\",\"publisher\":{\"@id\":\"https:\\\/\\\/www.meydan.tv\\\/az\\\/#organization\"},\"potentialAction\":[{\"@type\":\"SearchAction\",\"target\":{\"@type\":\"EntryPoint\",\"urlTemplate\":\"https:\\\/\\\/www.meydan.tv\\\/az\\\/?s={search_term_string}\"},\"query-input\":{\"@type\":\"PropertyValueSpecification\",\"valueRequired\":true,\"valueName\":\"search_term_string\"}}],\"inLanguage\":\"az\"},{\"@type\":\"Organization\",\"@id\":\"https:\\\/\\\/www.meydan.tv\\\/az\\\/#organization\",\"name\":\"Meydan TV\",\"url\":\"https:\\\/\\\/www.meydan.tv\\\/az\\\/\",\"logo\":{\"@type\":\"ImageObject\",\"inLanguage\":\"az\",\"@id\":\"https:\\\/\\\/www.meydan.tv\\\/az\\\/#\\\/schema\\\/logo\\\/image\\\/\",\"url\":\"https:\\\/\\\/www.meydan.tv\\\/wp-content\\\/uploads\\\/2021\\\/07\\\/meydan-logo.svg\",\"contentUrl\":\"https:\\\/\\\/www.meydan.tv\\\/wp-content\\\/uploads\\\/2021\\\/07\\\/meydan-logo.svg\",\"width\":195,\"height\":46,\"caption\":\"Meydan TV\"},\"image\":{\"@id\":\"https:\\\/\\\/www.meydan.tv\\\/az\\\/#\\\/schema\\\/logo\\\/image\\\/\"}},{\"@type\":\"Person\",\"@id\":\"https:\\\/\\\/www.meydan.tv\\\/az\\\/#\\\/schema\\\/person\\\/10d11eccf6da3662cf5fdab9806ea91a\",\"name\":\"user-manager\"}]}<\/script>\n<!-- \/ Yoast SEO plugin. -->","yoast_head_json":{"title":"\u018fkr\u0259m H\u0259s\u0259nov: X\u0259rit\u0259 qeyri-konkretdir - MEYDAN.TV","robots":{"index":"index","follow":"follow","max-snippet":"max-snippet:-1","max-image-preview":"max-image-preview:large","max-video-preview":"max-video-preview:-1"},"canonical":"https:\/\/www.meydan.tv\/az\/article\/ekrem-hesenov-xerite-qeyri-konkretdir\/","og_locale":"az_AZ","og_type":"article","og_title":"\u018fkr\u0259m H\u0259s\u0259nov: X\u0259rit\u0259 qeyri-konkretdir - MEYDAN.TV","og_description":"''Maliyy\u0259 sektorunda ya\u015fanan d\u0259rin b\u00f6hran \u015f\u0259raitind\u0259 bir \u00e7ox vacib sual\u0131 cavabs\u0131z qoyan bir s\u0259n\u0259ddir''","og_url":"https:\/\/www.meydan.tv\/az\/article\/ekrem-hesenov-xerite-qeyri-konkretdir\/","og_site_name":"MEYDAN.TV","article_published_time":"2016-12-29T17:28:51+00:00","og_image":[{"width":1920,"height":1080,"url":"https:\/\/www.meydan.tv\/wp-content\/uploads\/28515.jpg","type":"image\/jpeg"}],"author":"user-manager","twitter_card":"summary_large_image","schema":{"@context":"https:\/\/schema.org","@graph":[{"@type":"Article","@id":"https:\/\/www.meydan.tv\/az\/article\/ekrem-hesenov-xerite-qeyri-konkretdir\/#article","isPartOf":{"@id":"https:\/\/www.meydan.tv\/az\/article\/ekrem-hesenov-xerite-qeyri-konkretdir\/"},"author":{"name":"user-manager","@id":"https:\/\/www.meydan.tv\/az\/#\/schema\/person\/10d11eccf6da3662cf5fdab9806ea91a"},"headline":"\u018fkr\u0259m H\u0259s\u0259nov: X\u0259rit\u0259 qeyri-konkretdir","datePublished":"2016-12-29T17:28:51+00:00","mainEntityOfPage":{"@id":"https:\/\/www.meydan.tv\/az\/article\/ekrem-hesenov-xerite-qeyri-konkretdir\/"},"wordCount":1036,"publisher":{"@id":"https:\/\/www.meydan.tv\/az\/#organization"},"image":{"@id":"https:\/\/www.meydan.tv\/az\/article\/ekrem-hesenov-xerite-qeyri-konkretdir\/#primaryimage"},"thumbnailUrl":"https:\/\/www.meydan.tv\/wp-content\/uploads\/28515.jpg","articleSection":["Analitika"],"inLanguage":"az"},{"@type":"WebPage","@id":"https:\/\/www.meydan.tv\/az\/article\/ekrem-hesenov-xerite-qeyri-konkretdir\/","url":"https:\/\/www.meydan.tv\/az\/article\/ekrem-hesenov-xerite-qeyri-konkretdir\/","name":"\u018fkr\u0259m H\u0259s\u0259nov: X\u0259rit\u0259 qeyri-konkretdir - MEYDAN.TV","isPartOf":{"@id":"https:\/\/www.meydan.tv\/az\/#website"},"primaryImageOfPage":{"@id":"https:\/\/www.meydan.tv\/az\/article\/ekrem-hesenov-xerite-qeyri-konkretdir\/#primaryimage"},"image":{"@id":"https:\/\/www.meydan.tv\/az\/article\/ekrem-hesenov-xerite-qeyri-konkretdir\/#primaryimage"},"thumbnailUrl":"https:\/\/www.meydan.tv\/wp-content\/uploads\/28515.jpg","datePublished":"2016-12-29T17:28:51+00:00","breadcrumb":{"@id":"https:\/\/www.meydan.tv\/az\/article\/ekrem-hesenov-xerite-qeyri-konkretdir\/#breadcrumb"},"inLanguage":"az","potentialAction":[{"@type":"ReadAction","target":["https:\/\/www.meydan.tv\/az\/article\/ekrem-hesenov-xerite-qeyri-konkretdir\/"]}]},{"@type":"ImageObject","inLanguage":"az","@id":"https:\/\/www.meydan.tv\/az\/article\/ekrem-hesenov-xerite-qeyri-konkretdir\/#primaryimage","url":"https:\/\/www.meydan.tv\/wp-content\/uploads\/28515.jpg","contentUrl":"https:\/\/www.meydan.tv\/wp-content\/uploads\/28515.jpg","width":1920,"height":1080,"caption":"Source:"},{"@type":"BreadcrumbList","@id":"https:\/\/www.meydan.tv\/az\/article\/ekrem-hesenov-xerite-qeyri-konkretdir\/#breadcrumb","itemListElement":[{"@type":"ListItem","position":1,"name":"Ana s\u0259hif\u0259","item":"https:\/\/www.meydan.tv\/az\/"},{"@type":"ListItem","position":2,"name":"Analitika","item":"https:\/\/www.meydan.tv\/az\/section\/analitika\/"},{"@type":"ListItem","position":3,"name":"\u018fkr\u0259m H\u0259s\u0259nov: X\u0259rit\u0259 qeyri-konkretdir"}]},{"@type":"WebSite","@id":"https:\/\/www.meydan.tv\/az\/#website","url":"https:\/\/www.meydan.tv\/az\/","name":"MEYDAN.TV","description":"Meydan TV Az\u0259rbaycan\u0131n media m\u0259kan\u0131ndak\u0131 alternativ s\u0259sidir","publisher":{"@id":"https:\/\/www.meydan.tv\/az\/#organization"},"potentialAction":[{"@type":"SearchAction","target":{"@type":"EntryPoint","urlTemplate":"https:\/\/www.meydan.tv\/az\/?s={search_term_string}"},"query-input":{"@type":"PropertyValueSpecification","valueRequired":true,"valueName":"search_term_string"}}],"inLanguage":"az"},{"@type":"Organization","@id":"https:\/\/www.meydan.tv\/az\/#organization","name":"Meydan TV","url":"https:\/\/www.meydan.tv\/az\/","logo":{"@type":"ImageObject","inLanguage":"az","@id":"https:\/\/www.meydan.tv\/az\/#\/schema\/logo\/image\/","url":"https:\/\/www.meydan.tv\/wp-content\/uploads\/2021\/07\/meydan-logo.svg","contentUrl":"https:\/\/www.meydan.tv\/wp-content\/uploads\/2021\/07\/meydan-logo.svg","width":195,"height":46,"caption":"Meydan TV"},"image":{"@id":"https:\/\/www.meydan.tv\/az\/#\/schema\/logo\/image\/"}},{"@type":"Person","@id":"https:\/\/www.meydan.tv\/az\/#\/schema\/person\/10d11eccf6da3662cf5fdab9806ea91a","name":"user-manager"}]}},"_links":{"self":[{"href":"https:\/\/www.meydan.tv\/az\/wp-json\/wp\/v2\/posts\/181568","targetHints":{"allow":["GET"]}}],"collection":[{"href":"https:\/\/www.meydan.tv\/az\/wp-json\/wp\/v2\/posts"}],"about":[{"href":"https:\/\/www.meydan.tv\/az\/wp-json\/wp\/v2\/types\/post"}],"author":[{"embeddable":true,"href":"https:\/\/www.meydan.tv\/az\/wp-json\/wp\/v2\/users\/11"}],"replies":[{"embeddable":true,"href":"https:\/\/www.meydan.tv\/az\/wp-json\/wp\/v2\/comments?post=181568"}],"version-history":[{"count":0,"href":"https:\/\/www.meydan.tv\/az\/wp-json\/wp\/v2\/posts\/181568\/revisions"}],"wp:featuredmedia":[{"embeddable":true,"href":"https:\/\/www.meydan.tv\/az\/wp-json\/wp\/v2\/media\/73868"}],"wp:attachment":[{"href":"https:\/\/www.meydan.tv\/az\/wp-json\/wp\/v2\/media?parent=181568"}],"wp:term":[{"taxonomy":"category","embeddable":true,"href":"https:\/\/www.meydan.tv\/az\/wp-json\/wp\/v2\/categories?post=181568"},{"taxonomy":"post_tag","embeddable":true,"href":"https:\/\/www.meydan.tv\/az\/wp-json\/wp\/v2\/tags?post=181568"}],"curies":[{"name":"wp","href":"https:\/\/api.w.org\/{rel}","templated":true}]}}