{"id":181562,"date":"2016-12-29T14:59:41","date_gmt":"2016-12-29T14:59:41","guid":{"rendered":"https:\/\/www.meydan.tv\/article\/suretle-turkmenistana-yaxinlasiriq\/"},"modified":"2016-12-29T14:59:41","modified_gmt":"2016-12-29T14:59:41","slug":"suretle-turkmenistana-yaxinlasiriq","status":"publish","type":"post","link":"https:\/\/www.meydan.tv\/az\/article\/suretle-turkmenistana-yaxinlasiriq\/","title":{"rendered":"&#8221;S\u00fcr\u0259tl\u0259 T\u00fcrkm\u0259nistana yax\u0131nla\u015f\u0131r\u0131q&#8221;"},"content":{"rendered":"<figure class=\"wp-block-image size-large\">\n  <img decoding=\"async\" src=\"https:\/\/www.meydan.tv\/az\/71257\/\" alt=\"\" class=\"wp-image-71257\"\/><figcaption><\/figcaption><\/figure>\n<p>\n  <i><br \/>\n    Natiq C\u0259f\u0259rli: &#8221;\u0130qtisadiyyat\u0131 sovetvari \u00fcsullarla idar\u0259 etm\u0259y\u0259 \u00e7al\u0131\u015f\u0131rlar&#8221;<br \/>\n  <\/i>\n<\/p>\n<p>\n  \u201cUzun ill\u0259rdir \u00f6y\u00fcn\u00fcrd\u00fck ki, biz T\u00fcrkm\u0259nistan deyilik, amma b\u0259zi m\u0259s\u0259l\u0259l\u0259rd\u0259 s\u00fcr\u0259tl\u0259 T\u00fcrkm\u0259nistana yax\u0131nla\u015f\u0131r\u0131q\u201d, &#8211; iqtisad\u00e7\u0131 Natiq C\u0259f\u0259rlinin s\u00f6zl\u0259ridir.\n<\/p>\n<p>\n  \u0130qtisad\u00e7\u0131 bildirir ki, X\u0259z\u0259rin o tay\u0131nda 2016-c\u0131 ilin yanvar\u0131n 1-d\u0259n valyutad\u0259yi\u015fm\u0259 m\u0259nt\u0259q\u0259l\u0259ri ba\u011flan\u0131b, valyuta sat\u0131\u015f\u0131, faktiki olaraq, qada\u011fan edilib. N\u0259tic\u0259d\u0259 r\u0259smi m\u0259z\u0259nn\u0259 3,5 manat &#8211; 1dollar oldu\u011fu halda, qara bazarda 1 dollar 8 manata sat\u0131l\u0131r:\n<\/p>\n<p>\n  \u201cB\u00fct\u00fcn s\u0259rt qada\u011falara, apar\u0131lan \u0259m\u0259liyyatlara baxmayaraq, qara bazar f\u0259aliyy\u0259t g\u00f6st\u0259rir. \u00c7\u00fcnki d\u00fcnyada iki \u015feyin &#8211; pulun v\u0259 ideyan\u0131n qar\u015f\u0131s\u0131n\u0131 almaq m\u00fcmk\u00fcn deyil. SSR\u0130 bel\u0259 bunu bacarmad\u0131\u201d.\n<\/p>\n<p>\n  Natiq C\u0259f\u0259rli deyir ki, h\u0259r g\u00fcn h\u00fcquq-m\u00fchafiz\u0259 orqanlar\u0131n\u0131n \u0259m\u0259liyyat ke\u00e7irib, 200-300 dollar satanlar\u0131 tutmas\u0131 absurd v\u0259 g\u00fcl\u00fcncd\u00fcr. Bel\u0259 add\u0131mlar, valyuta sat\u0131\u015f\u0131n\u0131 m\u0259hdudla\u015fd\u0131r\u0131r:\n<\/p>\n<p>\n  \u201cH\u0259m mal-m\u0259hsullar\u0131n qiym\u0259tl\u0259rini daha s\u00fcr\u0259tl\u0259 bahala\u015fd\u0131r\u0131r, h\u0259m d\u0259 m\u0259hdud sayda olan xarici investorlar\u0131 \u00f6lk\u0259d\u0259n did\u0259rgin sal\u0131r. Son 2-3 ayda \u00f6lk\u0259d\u0259 onlarla xarici \u015firk\u0259tl\u0259rin n\u00fcmay\u0259nd\u0259likl\u0259ri ba\u011flan\u0131b. Sovetvari \u00fcsullarla iqtisadiyyat\u0131 idar\u0259 ed\u0259n qalstuklu m\u00fc\u0259lliml\u0259r he\u00e7 \u00f6z sevimli sovet ke\u00e7mi\u015fl\u0259rind\u0259n d\u0259 d\u0259rs \u00e7\u0131xartm\u0131rlar\u201d.\n<\/p>\n<p>\n  Dekabr\u0131n 29-da D\u00f6vl\u0259t T\u0259hl\u00fck\u0259sizliyi Xidm\u0259ti (DTX) dollar\u0131n qanunsuz alq\u0131-satq\u0131s\u0131n\u0131 h\u0259yata ke\u00e7ir\u0259n \u015f\u0259xsl\u0259rin saxlanmas\u0131 il\u0259 ba\u011fl\u0131 m\u0259lumat yay\u0131b.\n<\/p>\n<p>\n  M\u0259lumatda deyilir ki, 10 milyonlarla dollar m\u0259bl\u0259\u011find\u0259 xarici valyutan\u0131n qanunsuz alq\u0131-satq\u0131s\u0131n\u0131 h\u0259yata ke\u00e7ir\u0259n N.Mustafayev, K.Yusubov, E.Aslanov, F.\u018fliyev, \u018f.Rzayev, S.Yusubov, X.Yusubov, E.Eldarov, T.Mirz\u0259liyev, R.Aslanl\u0131 v\u0259 dig\u0259rl\u0259ri m\u0259suliyy\u0259tin\u0259 c\u0259lb edilibl\u0259r.<\/p>\n","protected":false},"excerpt":{"rendered":"<p>Natiq C\u0259f\u0259rli: &#8221;\u0130qtisadiyyat\u0131 sovetvari \u00fcsullarla idar\u0259 etm\u0259y\u0259 \u00e7al\u0131\u015f\u0131rlar&#8221;<\/p>\n","protected":false},"author":11,"featured_media":71257,"comment_status":"closed","ping_status":"open","sticky":false,"template":"","format":"standard","meta":{"_acf_changed":false,"_sitemap_exclude":false,"_sitemap_priority":"","_sitemap_frequency":"","footnotes":""},"categories":[51],"tags":[],"class_list":["post-181562","post","type-post","status-publish","format-standard","has-post-thumbnail","hentry","category-analitika","infinite-scroll-item","generate-columns","tablet-grid-50","mobile-grid-100","grid-parent","grid-33","no-featured-image-padding"],"acf":[],"yoast_head":"<!-- This site is optimized with the Yoast SEO plugin v27.5 - https:\/\/yoast.com\/product\/yoast-seo-wordpress\/ -->\n<title>&#039;&#039;S\u00fcr\u0259tl\u0259 T\u00fcrkm\u0259nistana yax\u0131nla\u015f\u0131r\u0131q&#039;&#039; - MEYDAN.TV<\/title>\n<meta name=\"robots\" content=\"index, follow, max-snippet:-1, max-image-preview:large, max-video-preview:-1\" \/>\n<link rel=\"canonical\" href=\"https:\/\/www.meydan.tv\/az\/article\/suretle-turkmenistana-yaxinlasiriq\/\" \/>\n<meta property=\"og:locale\" content=\"az_AZ\" \/>\n<meta property=\"og:type\" content=\"article\" \/>\n<meta property=\"og:title\" content=\"&#039;&#039;S\u00fcr\u0259tl\u0259 T\u00fcrkm\u0259nistana yax\u0131nla\u015f\u0131r\u0131q&#039;&#039; - MEYDAN.TV\" \/>\n<meta property=\"og:description\" content=\"Natiq C\u0259f\u0259rli: &#039;&#039;\u0130qtisadiyyat\u0131 sovetvari \u00fcsullarla idar\u0259 etm\u0259y\u0259 \u00e7al\u0131\u015f\u0131rlar&#039;&#039;\" \/>\n<meta property=\"og:url\" content=\"https:\/\/www.meydan.tv\/az\/article\/suretle-turkmenistana-yaxinlasiriq\/\" \/>\n<meta property=\"og:site_name\" content=\"MEYDAN.TV\" \/>\n<meta property=\"article:published_time\" content=\"2016-12-29T14:59:41+00:00\" \/>\n<meta property=\"og:image\" content=\"https:\/\/www.meydan.tv\/wp-content\/uploads\/27304.jpg\" \/>\n\t<meta property=\"og:image:width\" content=\"750\" \/>\n\t<meta property=\"og:image:height\" content=\"500\" \/>\n\t<meta property=\"og:image:type\" content=\"image\/jpeg\" \/>\n<meta name=\"author\" content=\"user-manager\" \/>\n<meta name=\"twitter:card\" content=\"summary_large_image\" \/>\n<script type=\"application\/ld+json\" class=\"yoast-schema-graph\">{\"@context\":\"https:\\\/\\\/schema.org\",\"@graph\":[{\"@type\":\"Article\",\"@id\":\"https:\\\/\\\/www.meydan.tv\\\/az\\\/article\\\/suretle-turkmenistana-yaxinlasiriq\\\/#article\",\"isPartOf\":{\"@id\":\"https:\\\/\\\/www.meydan.tv\\\/az\\\/article\\\/suretle-turkmenistana-yaxinlasiriq\\\/\"},\"author\":{\"name\":\"user-manager\",\"@id\":\"https:\\\/\\\/www.meydan.tv\\\/az\\\/#\\\/schema\\\/person\\\/10d11eccf6da3662cf5fdab9806ea91a\"},\"headline\":\"&#8221;S\u00fcr\u0259tl\u0259 T\u00fcrkm\u0259nistana yax\u0131nla\u015f\u0131r\u0131q&#8221;\",\"datePublished\":\"2016-12-29T14:59:41+00:00\",\"mainEntityOfPage\":{\"@id\":\"https:\\\/\\\/www.meydan.tv\\\/az\\\/article\\\/suretle-turkmenistana-yaxinlasiriq\\\/\"},\"wordCount\":361,\"publisher\":{\"@id\":\"https:\\\/\\\/www.meydan.tv\\\/az\\\/#organization\"},\"image\":{\"@id\":\"https:\\\/\\\/www.meydan.tv\\\/az\\\/article\\\/suretle-turkmenistana-yaxinlasiriq\\\/#primaryimage\"},\"thumbnailUrl\":\"https:\\\/\\\/www.meydan.tv\\\/wp-content\\\/uploads\\\/27304.jpg\",\"articleSection\":[\"Analitika\"],\"inLanguage\":\"az\"},{\"@type\":\"WebPage\",\"@id\":\"https:\\\/\\\/www.meydan.tv\\\/az\\\/article\\\/suretle-turkmenistana-yaxinlasiriq\\\/\",\"url\":\"https:\\\/\\\/www.meydan.tv\\\/az\\\/article\\\/suretle-turkmenistana-yaxinlasiriq\\\/\",\"name\":\"''S\u00fcr\u0259tl\u0259 T\u00fcrkm\u0259nistana yax\u0131nla\u015f\u0131r\u0131q'' - MEYDAN.TV\",\"isPartOf\":{\"@id\":\"https:\\\/\\\/www.meydan.tv\\\/az\\\/#website\"},\"primaryImageOfPage\":{\"@id\":\"https:\\\/\\\/www.meydan.tv\\\/az\\\/article\\\/suretle-turkmenistana-yaxinlasiriq\\\/#primaryimage\"},\"image\":{\"@id\":\"https:\\\/\\\/www.meydan.tv\\\/az\\\/article\\\/suretle-turkmenistana-yaxinlasiriq\\\/#primaryimage\"},\"thumbnailUrl\":\"https:\\\/\\\/www.meydan.tv\\\/wp-content\\\/uploads\\\/27304.jpg\",\"datePublished\":\"2016-12-29T14:59:41+00:00\",\"breadcrumb\":{\"@id\":\"https:\\\/\\\/www.meydan.tv\\\/az\\\/article\\\/suretle-turkmenistana-yaxinlasiriq\\\/#breadcrumb\"},\"inLanguage\":\"az\",\"potentialAction\":[{\"@type\":\"ReadAction\",\"target\":[\"https:\\\/\\\/www.meydan.tv\\\/az\\\/article\\\/suretle-turkmenistana-yaxinlasiriq\\\/\"]}]},{\"@type\":\"ImageObject\",\"inLanguage\":\"az\",\"@id\":\"https:\\\/\\\/www.meydan.tv\\\/az\\\/article\\\/suretle-turkmenistana-yaxinlasiriq\\\/#primaryimage\",\"url\":\"https:\\\/\\\/www.meydan.tv\\\/wp-content\\\/uploads\\\/27304.jpg\",\"contentUrl\":\"https:\\\/\\\/www.meydan.tv\\\/wp-content\\\/uploads\\\/27304.jpg\",\"width\":750,\"height\":500,\"caption\":\"Source:\"},{\"@type\":\"BreadcrumbList\",\"@id\":\"https:\\\/\\\/www.meydan.tv\\\/az\\\/article\\\/suretle-turkmenistana-yaxinlasiriq\\\/#breadcrumb\",\"itemListElement\":[{\"@type\":\"ListItem\",\"position\":1,\"name\":\"Ana s\u0259hif\u0259\",\"item\":\"https:\\\/\\\/www.meydan.tv\\\/az\\\/\"},{\"@type\":\"ListItem\",\"position\":2,\"name\":\"Analitika\",\"item\":\"https:\\\/\\\/www.meydan.tv\\\/az\\\/section\\\/analitika\\\/\"},{\"@type\":\"ListItem\",\"position\":3,\"name\":\"&#8221;S\u00fcr\u0259tl\u0259 T\u00fcrkm\u0259nistana yax\u0131nla\u015f\u0131r\u0131q&#8221;\"}]},{\"@type\":\"WebSite\",\"@id\":\"https:\\\/\\\/www.meydan.tv\\\/az\\\/#website\",\"url\":\"https:\\\/\\\/www.meydan.tv\\\/az\\\/\",\"name\":\"MEYDAN.TV\",\"description\":\"Meydan TV Az\u0259rbaycan\u0131n media m\u0259kan\u0131ndak\u0131 alternativ s\u0259sidir\",\"publisher\":{\"@id\":\"https:\\\/\\\/www.meydan.tv\\\/az\\\/#organization\"},\"potentialAction\":[{\"@type\":\"SearchAction\",\"target\":{\"@type\":\"EntryPoint\",\"urlTemplate\":\"https:\\\/\\\/www.meydan.tv\\\/az\\\/?s={search_term_string}\"},\"query-input\":{\"@type\":\"PropertyValueSpecification\",\"valueRequired\":true,\"valueName\":\"search_term_string\"}}],\"inLanguage\":\"az\"},{\"@type\":\"Organization\",\"@id\":\"https:\\\/\\\/www.meydan.tv\\\/az\\\/#organization\",\"name\":\"Meydan TV\",\"url\":\"https:\\\/\\\/www.meydan.tv\\\/az\\\/\",\"logo\":{\"@type\":\"ImageObject\",\"inLanguage\":\"az\",\"@id\":\"https:\\\/\\\/www.meydan.tv\\\/az\\\/#\\\/schema\\\/logo\\\/image\\\/\",\"url\":\"https:\\\/\\\/www.meydan.tv\\\/wp-content\\\/uploads\\\/2021\\\/07\\\/meydan-logo.svg\",\"contentUrl\":\"https:\\\/\\\/www.meydan.tv\\\/wp-content\\\/uploads\\\/2021\\\/07\\\/meydan-logo.svg\",\"width\":195,\"height\":46,\"caption\":\"Meydan TV\"},\"image\":{\"@id\":\"https:\\\/\\\/www.meydan.tv\\\/az\\\/#\\\/schema\\\/logo\\\/image\\\/\"}},{\"@type\":\"Person\",\"@id\":\"https:\\\/\\\/www.meydan.tv\\\/az\\\/#\\\/schema\\\/person\\\/10d11eccf6da3662cf5fdab9806ea91a\",\"name\":\"user-manager\"}]}<\/script>\n<!-- \/ Yoast SEO plugin. -->","yoast_head_json":{"title":"''S\u00fcr\u0259tl\u0259 T\u00fcrkm\u0259nistana yax\u0131nla\u015f\u0131r\u0131q'' - MEYDAN.TV","robots":{"index":"index","follow":"follow","max-snippet":"max-snippet:-1","max-image-preview":"max-image-preview:large","max-video-preview":"max-video-preview:-1"},"canonical":"https:\/\/www.meydan.tv\/az\/article\/suretle-turkmenistana-yaxinlasiriq\/","og_locale":"az_AZ","og_type":"article","og_title":"''S\u00fcr\u0259tl\u0259 T\u00fcrkm\u0259nistana yax\u0131nla\u015f\u0131r\u0131q'' - MEYDAN.TV","og_description":"Natiq C\u0259f\u0259rli: ''\u0130qtisadiyyat\u0131 sovetvari \u00fcsullarla idar\u0259 etm\u0259y\u0259 \u00e7al\u0131\u015f\u0131rlar''","og_url":"https:\/\/www.meydan.tv\/az\/article\/suretle-turkmenistana-yaxinlasiriq\/","og_site_name":"MEYDAN.TV","article_published_time":"2016-12-29T14:59:41+00:00","og_image":[{"width":750,"height":500,"url":"https:\/\/www.meydan.tv\/wp-content\/uploads\/27304.jpg","type":"image\/jpeg"}],"author":"user-manager","twitter_card":"summary_large_image","schema":{"@context":"https:\/\/schema.org","@graph":[{"@type":"Article","@id":"https:\/\/www.meydan.tv\/az\/article\/suretle-turkmenistana-yaxinlasiriq\/#article","isPartOf":{"@id":"https:\/\/www.meydan.tv\/az\/article\/suretle-turkmenistana-yaxinlasiriq\/"},"author":{"name":"user-manager","@id":"https:\/\/www.meydan.tv\/az\/#\/schema\/person\/10d11eccf6da3662cf5fdab9806ea91a"},"headline":"&#8221;S\u00fcr\u0259tl\u0259 T\u00fcrkm\u0259nistana yax\u0131nla\u015f\u0131r\u0131q&#8221;","datePublished":"2016-12-29T14:59:41+00:00","mainEntityOfPage":{"@id":"https:\/\/www.meydan.tv\/az\/article\/suretle-turkmenistana-yaxinlasiriq\/"},"wordCount":361,"publisher":{"@id":"https:\/\/www.meydan.tv\/az\/#organization"},"image":{"@id":"https:\/\/www.meydan.tv\/az\/article\/suretle-turkmenistana-yaxinlasiriq\/#primaryimage"},"thumbnailUrl":"https:\/\/www.meydan.tv\/wp-content\/uploads\/27304.jpg","articleSection":["Analitika"],"inLanguage":"az"},{"@type":"WebPage","@id":"https:\/\/www.meydan.tv\/az\/article\/suretle-turkmenistana-yaxinlasiriq\/","url":"https:\/\/www.meydan.tv\/az\/article\/suretle-turkmenistana-yaxinlasiriq\/","name":"''S\u00fcr\u0259tl\u0259 T\u00fcrkm\u0259nistana yax\u0131nla\u015f\u0131r\u0131q'' - MEYDAN.TV","isPartOf":{"@id":"https:\/\/www.meydan.tv\/az\/#website"},"primaryImageOfPage":{"@id":"https:\/\/www.meydan.tv\/az\/article\/suretle-turkmenistana-yaxinlasiriq\/#primaryimage"},"image":{"@id":"https:\/\/www.meydan.tv\/az\/article\/suretle-turkmenistana-yaxinlasiriq\/#primaryimage"},"thumbnailUrl":"https:\/\/www.meydan.tv\/wp-content\/uploads\/27304.jpg","datePublished":"2016-12-29T14:59:41+00:00","breadcrumb":{"@id":"https:\/\/www.meydan.tv\/az\/article\/suretle-turkmenistana-yaxinlasiriq\/#breadcrumb"},"inLanguage":"az","potentialAction":[{"@type":"ReadAction","target":["https:\/\/www.meydan.tv\/az\/article\/suretle-turkmenistana-yaxinlasiriq\/"]}]},{"@type":"ImageObject","inLanguage":"az","@id":"https:\/\/www.meydan.tv\/az\/article\/suretle-turkmenistana-yaxinlasiriq\/#primaryimage","url":"https:\/\/www.meydan.tv\/wp-content\/uploads\/27304.jpg","contentUrl":"https:\/\/www.meydan.tv\/wp-content\/uploads\/27304.jpg","width":750,"height":500,"caption":"Source:"},{"@type":"BreadcrumbList","@id":"https:\/\/www.meydan.tv\/az\/article\/suretle-turkmenistana-yaxinlasiriq\/#breadcrumb","itemListElement":[{"@type":"ListItem","position":1,"name":"Ana s\u0259hif\u0259","item":"https:\/\/www.meydan.tv\/az\/"},{"@type":"ListItem","position":2,"name":"Analitika","item":"https:\/\/www.meydan.tv\/az\/section\/analitika\/"},{"@type":"ListItem","position":3,"name":"&#8221;S\u00fcr\u0259tl\u0259 T\u00fcrkm\u0259nistana yax\u0131nla\u015f\u0131r\u0131q&#8221;"}]},{"@type":"WebSite","@id":"https:\/\/www.meydan.tv\/az\/#website","url":"https:\/\/www.meydan.tv\/az\/","name":"MEYDAN.TV","description":"Meydan TV Az\u0259rbaycan\u0131n media m\u0259kan\u0131ndak\u0131 alternativ s\u0259sidir","publisher":{"@id":"https:\/\/www.meydan.tv\/az\/#organization"},"potentialAction":[{"@type":"SearchAction","target":{"@type":"EntryPoint","urlTemplate":"https:\/\/www.meydan.tv\/az\/?s={search_term_string}"},"query-input":{"@type":"PropertyValueSpecification","valueRequired":true,"valueName":"search_term_string"}}],"inLanguage":"az"},{"@type":"Organization","@id":"https:\/\/www.meydan.tv\/az\/#organization","name":"Meydan TV","url":"https:\/\/www.meydan.tv\/az\/","logo":{"@type":"ImageObject","inLanguage":"az","@id":"https:\/\/www.meydan.tv\/az\/#\/schema\/logo\/image\/","url":"https:\/\/www.meydan.tv\/wp-content\/uploads\/2021\/07\/meydan-logo.svg","contentUrl":"https:\/\/www.meydan.tv\/wp-content\/uploads\/2021\/07\/meydan-logo.svg","width":195,"height":46,"caption":"Meydan TV"},"image":{"@id":"https:\/\/www.meydan.tv\/az\/#\/schema\/logo\/image\/"}},{"@type":"Person","@id":"https:\/\/www.meydan.tv\/az\/#\/schema\/person\/10d11eccf6da3662cf5fdab9806ea91a","name":"user-manager"}]}},"_links":{"self":[{"href":"https:\/\/www.meydan.tv\/az\/wp-json\/wp\/v2\/posts\/181562","targetHints":{"allow":["GET"]}}],"collection":[{"href":"https:\/\/www.meydan.tv\/az\/wp-json\/wp\/v2\/posts"}],"about":[{"href":"https:\/\/www.meydan.tv\/az\/wp-json\/wp\/v2\/types\/post"}],"author":[{"embeddable":true,"href":"https:\/\/www.meydan.tv\/az\/wp-json\/wp\/v2\/users\/11"}],"replies":[{"embeddable":true,"href":"https:\/\/www.meydan.tv\/az\/wp-json\/wp\/v2\/comments?post=181562"}],"version-history":[{"count":0,"href":"https:\/\/www.meydan.tv\/az\/wp-json\/wp\/v2\/posts\/181562\/revisions"}],"wp:featuredmedia":[{"embeddable":true,"href":"https:\/\/www.meydan.tv\/az\/wp-json\/wp\/v2\/media\/71257"}],"wp:attachment":[{"href":"https:\/\/www.meydan.tv\/az\/wp-json\/wp\/v2\/media?parent=181562"}],"wp:term":[{"taxonomy":"category","embeddable":true,"href":"https:\/\/www.meydan.tv\/az\/wp-json\/wp\/v2\/categories?post=181562"},{"taxonomy":"post_tag","embeddable":true,"href":"https:\/\/www.meydan.tv\/az\/wp-json\/wp\/v2\/tags?post=181562"}],"curies":[{"name":"wp","href":"https:\/\/api.w.org\/{rel}","templated":true}]}}