{"id":181552,"date":"2016-12-28T20:54:23","date_gmt":"2016-12-28T20:54:23","guid":{"rendered":"https:\/\/www.meydan.tv\/article\/penah-huseyn-azerbaycan-islahatlara-baslamaq-fursetini-elden-verib\/"},"modified":"2016-12-28T20:54:23","modified_gmt":"2016-12-28T20:54:23","slug":"penah-huseyn-azerbaycan-islahatlara-baslamaq-fursetini-elden-verib","status":"publish","type":"post","link":"https:\/\/www.meydan.tv\/az\/article\/penah-huseyn-azerbaycan-islahatlara-baslamaq-fursetini-elden-verib\/","title":{"rendered":"P\u0259nah H\u00fcseyn: Az\u0259rbaycan islahatlara ba\u015flamaq f\u00fcrs\u0259tini \u0259ld\u0259n verib"},"content":{"rendered":"<figure class=\"wp-block-image size-large\">\n  <img decoding=\"async\" src=\"https:\/\/www.meydan.tv\/az\/69973\/\" alt=\"\" class=\"wp-image-69973\"\/><figcaption><\/figcaption><\/figure>\n<p>\n  <i><br \/>\n    &#8221;Yol x\u0259rit\u0259l\u0259rinin i\u015fl\u0259m\u0259diyini g\u00f6rm\u0259k \u00fc\u00e7\u00fcn 2025-ci ili g\u00f6zl\u0259m\u0259y\u0259 ehtiyac yoxdur&#8221;<br \/>\n  <\/i>\n<\/p>\n<p>\n  &#8220;Az\u0259rbaycan iqtisadiyyat\u0131n\u0131n v\u0259ziyy\u0259ti manat\u0131n v\u0259ziyy\u0259tini tamamil\u0259 \u0259ks etdirir&#8221;.\n<\/p>\n<p>\n  Bunu Az\u0259rbaycan\u0131n ke\u00e7mi\u015f ba\u015f naziri P\u0259nah H\u00fcseyn &#8220;Turan&#8221; agentliyinin &#8220;\u00c7\u0259tin sual&#8221; verili\u015fin\u0259 m\u00fcsahib\u0259sind\u0259 bildirib.\n<\/p>\n<p>\n  Qara valyuta bazar\u0131n\u0131n formala\u015fmas\u0131 da v\u0259ziyy\u0259tin g\u00f6st\u0259ricisidir.\n<\/p>\n<p>\n  \u201c\u0130dar\u0259 olunan iqtisadiyyat xaos m\u0259rh\u0259l\u0259sin\u0259 q\u0259d\u0259m qoyub, bir t\u0259r\u0259fd\u0259n hakimiyy\u0259t qanunlar\u0131n\u0131n, dig\u0259r t\u0259r\u0259fd\u0259n k\u00f6lg\u0259, kriminal qruplar\u0131n qaydalar\u0131n\u0131n t\u0259siri alt\u0131na d\u00fc\u015f\u00fcb. Bu, uzun m\u00fcdd\u0259t davam ed\u0259 bilm\u0259z\u201d, &#8211; dey\u0259 ke\u00e7mi\u015f ba\u015f nazir bildirib.\n<\/p>\n<p>\n  P.H\u00fcseynin s\u00f6zl\u0259rin\u0259 g\u00f6r\u0259, bank v\u0259 maliyy\u0259 sah\u0259l\u0259rind\u0259 b\u00f6hran\u0131n ard\u0131nca real iqtisadiyyat \u00e7\u00f6k\u0259c\u0259k v\u0259 siyasi b\u00f6hrana ke\u00e7\u0259c\u0259k. Bu, qa\u00e7\u0131lmazd\u0131r.\n<\/p>\n<p>\n  Ke\u00e7mi\u015f ba\u015f nazir hesab edir ki, Az\u0259rbaycanda b\u00f6hran\u0131n \u0259sas s\u0259b\u0259bi daxili amill\u0259rdir. Bu, ilk n\u00f6vb\u0259d\u0259, siyasi sisteml\u0259, daha d\u0259qiq des\u0259k, idar\u0259etm\u0259 sistemi il\u0259 ba\u011fl\u0131d\u0131r.\n<\/p>\n<p>\n  \u201c\u0130qtisadiyyat\u0131n bir ail\u0259nin \u0259ll\u0259rind\u0259 c\u0259ml\u0259\u015fm\u0259si n\u0259tic\u0259sind\u0259 tez, ya gec b\u00f6hran ba\u015f verm\u0259li idi\u201d, -dey\u0259 o qeyd edib.\n<\/p>\n<p>\n  P.H\u00fcseynin fikrinc\u0259, v\u0259ziyy\u0259tin d\u0259yi\u015fdirilm\u0259sinin \u0259sas \u015f\u0259rti ba\u015fda \u0130lham \u018fliyev olmaqla haz\u0131rk\u0131 iqtidar\u0131n hakimiyy\u0259td\u0259n getm\u0259sidir.\n<\/p>\n<p>\n  \u0130qtisadiyyatda son add\u0131mlar\u0131, habel\u0259 strateji yol x\u0259rit\u0259l\u0259rini \u015f\u0259rh ed\u0259n P.H\u00fcseyn qeyd edib ki, bu s\u0259n\u0259dl\u0259r \u201c\u015fablon\u201d \u0259sas\u0131nda yaz\u0131l\u0131b:\n<\/p>\n<p>\n  \u201cYol x\u0259rit\u0259l\u0259ri realla\u015fd\u0131r\u0131lmayan s\u0259n\u0259dl\u0259rdir. M\u0259s\u0259l\u0259n, qara valyuta bazar\u0131n\u0131n \u00e7i\u00e7\u0259kl\u0259nm\u0259si maliyy\u0259 sistemi \u00fczr\u0259 yol x\u0259rit\u0259si q\u0259bul edildikd\u0259n sonra s\u00fcr\u0259tl\u0259nib. Yol x\u0259rit\u0259l\u0259rinin i\u015fl\u0259m\u0259diyini g\u00f6rm\u0259k \u00fc\u00e7\u00fcn 2025-ci ili g\u00f6zl\u0259m\u0259y\u0259 ehtiyac yoxdur. 2017-ci ilin yekunlar\u0131 bunu g\u00f6st\u0259r\u0259c\u0259k.\n<\/p>\n<p>\n  Haz\u0131rda bank sektorunda kriminalla\u015fma gedir, \u00e7irkli pullar\u0131n yuyulmas\u0131 \u00fczr\u0259 m\u00fct\u0259x\u0259ssisl\u0259r banklar\u0131n m\u00fc\u015fahid\u0259 \u015furalar\u0131n\u0131n \u00fczvl\u0259rin\u0259 \u00e7evrilir.\n<\/p>\n<p>\n  2016-c\u0131 ild\u0259 bank sistemi da\u011f\u0131ld\u0131 v\u0259 indi bir \u00e7ox banklar formal olaraq m\u00f6vcuddur\u201d.\n<\/p>\n<p>\n  \u201cAz\u0259rbaycan real siyasi islahatlara ba\u015flamaq f\u00fcrs\u0259tini \u0259ld\u0259n verib v\u0259 indi art\u0131q b\u00f6hran qar\u015f\u0131s\u0131al\u0131nmazd\u0131r\u201d, &#8211; dey\u0259 P.H\u00fcseyn qeyd edib.\n<\/p>\n<p>\n  &#8220;Az\u0259rbaycan c\u0259miyy\u0259ti xaosa qar\u015f\u0131d\u0131r v\u0259 he\u00e7 kim bunu ist\u0259mir. \u018fsas v\u0259zif\u0259 bu v\u0259ziyy\u0259td\u0259n \u0259n az itkil\u0259rl\u0259 \u00e7\u0131xmaqd\u0131r&#8221;- sabiq ba\u015f nazir bel\u0259 d\u00fc\u015f\u00fcn\u00fcr.<\/p>\n","protected":false},"excerpt":{"rendered":"<p>&#8221;Yol x\u0259rit\u0259l\u0259rinin i\u015fl\u0259m\u0259diyini g\u00f6rm\u0259k \u00fc\u00e7\u00fcn 2025-ci ili g\u00f6zl\u0259m\u0259y\u0259 ehtiyac yoxdur&#8221;<\/p>\n","protected":false},"author":11,"featured_media":69973,"comment_status":"closed","ping_status":"open","sticky":false,"template":"","format":"standard","meta":{"_acf_changed":false,"_sitemap_exclude":false,"_sitemap_priority":"","_sitemap_frequency":"","footnotes":""},"categories":[51],"tags":[],"class_list":["post-181552","post","type-post","status-publish","format-standard","has-post-thumbnail","hentry","category-analitika","infinite-scroll-item","generate-columns","tablet-grid-50","mobile-grid-100","grid-parent","grid-33","no-featured-image-padding"],"acf":[],"yoast_head":"<!-- This site is optimized with the Yoast SEO plugin v27.5 - https:\/\/yoast.com\/product\/yoast-seo-wordpress\/ -->\n<title>P\u0259nah H\u00fcseyn: Az\u0259rbaycan islahatlara ba\u015flamaq f\u00fcrs\u0259tini \u0259ld\u0259n verib - MEYDAN.TV<\/title>\n<meta name=\"robots\" content=\"index, follow, max-snippet:-1, max-image-preview:large, max-video-preview:-1\" \/>\n<link rel=\"canonical\" href=\"https:\/\/www.meydan.tv\/az\/article\/penah-huseyn-azerbaycan-islahatlara-baslamaq-fursetini-elden-verib\/\" \/>\n<meta property=\"og:locale\" content=\"az_AZ\" \/>\n<meta property=\"og:type\" content=\"article\" \/>\n<meta property=\"og:title\" content=\"P\u0259nah H\u00fcseyn: Az\u0259rbaycan islahatlara ba\u015flamaq f\u00fcrs\u0259tini \u0259ld\u0259n verib - MEYDAN.TV\" \/>\n<meta property=\"og:description\" content=\"&#039;&#039;Yol x\u0259rit\u0259l\u0259rinin i\u015fl\u0259m\u0259diyini g\u00f6rm\u0259k \u00fc\u00e7\u00fcn 2025-ci ili g\u00f6zl\u0259m\u0259y\u0259 ehtiyac yoxdur&#039;&#039;\" \/>\n<meta property=\"og:url\" content=\"https:\/\/www.meydan.tv\/az\/article\/penah-huseyn-azerbaycan-islahatlara-baslamaq-fursetini-elden-verib\/\" \/>\n<meta property=\"og:site_name\" content=\"MEYDAN.TV\" \/>\n<meta property=\"article:published_time\" content=\"2016-12-28T20:54:23+00:00\" \/>\n<meta property=\"og:image\" content=\"https:\/\/www.meydan.tv\/wp-content\/uploads\/26770.jpg\" \/>\n\t<meta property=\"og:image:width\" content=\"750\" \/>\n\t<meta property=\"og:image:height\" content=\"500\" \/>\n\t<meta property=\"og:image:type\" content=\"image\/jpeg\" \/>\n<meta name=\"author\" content=\"user-manager\" \/>\n<meta name=\"twitter:card\" content=\"summary_large_image\" \/>\n<script type=\"application\/ld+json\" class=\"yoast-schema-graph\">{\"@context\":\"https:\\\/\\\/schema.org\",\"@graph\":[{\"@type\":\"Article\",\"@id\":\"https:\\\/\\\/www.meydan.tv\\\/az\\\/article\\\/penah-huseyn-azerbaycan-islahatlara-baslamaq-fursetini-elden-verib\\\/#article\",\"isPartOf\":{\"@id\":\"https:\\\/\\\/www.meydan.tv\\\/az\\\/article\\\/penah-huseyn-azerbaycan-islahatlara-baslamaq-fursetini-elden-verib\\\/\"},\"author\":{\"name\":\"user-manager\",\"@id\":\"https:\\\/\\\/www.meydan.tv\\\/az\\\/#\\\/schema\\\/person\\\/10d11eccf6da3662cf5fdab9806ea91a\"},\"headline\":\"P\u0259nah H\u00fcseyn: Az\u0259rbaycan islahatlara ba\u015flamaq f\u00fcrs\u0259tini \u0259ld\u0259n verib\",\"datePublished\":\"2016-12-28T20:54:23+00:00\",\"mainEntityOfPage\":{\"@id\":\"https:\\\/\\\/www.meydan.tv\\\/az\\\/article\\\/penah-huseyn-azerbaycan-islahatlara-baslamaq-fursetini-elden-verib\\\/\"},\"wordCount\":487,\"publisher\":{\"@id\":\"https:\\\/\\\/www.meydan.tv\\\/az\\\/#organization\"},\"image\":{\"@id\":\"https:\\\/\\\/www.meydan.tv\\\/az\\\/article\\\/penah-huseyn-azerbaycan-islahatlara-baslamaq-fursetini-elden-verib\\\/#primaryimage\"},\"thumbnailUrl\":\"https:\\\/\\\/www.meydan.tv\\\/wp-content\\\/uploads\\\/26770.jpg\",\"articleSection\":[\"Analitika\"],\"inLanguage\":\"az\"},{\"@type\":\"WebPage\",\"@id\":\"https:\\\/\\\/www.meydan.tv\\\/az\\\/article\\\/penah-huseyn-azerbaycan-islahatlara-baslamaq-fursetini-elden-verib\\\/\",\"url\":\"https:\\\/\\\/www.meydan.tv\\\/az\\\/article\\\/penah-huseyn-azerbaycan-islahatlara-baslamaq-fursetini-elden-verib\\\/\",\"name\":\"P\u0259nah H\u00fcseyn: Az\u0259rbaycan islahatlara ba\u015flamaq f\u00fcrs\u0259tini \u0259ld\u0259n verib - MEYDAN.TV\",\"isPartOf\":{\"@id\":\"https:\\\/\\\/www.meydan.tv\\\/az\\\/#website\"},\"primaryImageOfPage\":{\"@id\":\"https:\\\/\\\/www.meydan.tv\\\/az\\\/article\\\/penah-huseyn-azerbaycan-islahatlara-baslamaq-fursetini-elden-verib\\\/#primaryimage\"},\"image\":{\"@id\":\"https:\\\/\\\/www.meydan.tv\\\/az\\\/article\\\/penah-huseyn-azerbaycan-islahatlara-baslamaq-fursetini-elden-verib\\\/#primaryimage\"},\"thumbnailUrl\":\"https:\\\/\\\/www.meydan.tv\\\/wp-content\\\/uploads\\\/26770.jpg\",\"datePublished\":\"2016-12-28T20:54:23+00:00\",\"breadcrumb\":{\"@id\":\"https:\\\/\\\/www.meydan.tv\\\/az\\\/article\\\/penah-huseyn-azerbaycan-islahatlara-baslamaq-fursetini-elden-verib\\\/#breadcrumb\"},\"inLanguage\":\"az\",\"potentialAction\":[{\"@type\":\"ReadAction\",\"target\":[\"https:\\\/\\\/www.meydan.tv\\\/az\\\/article\\\/penah-huseyn-azerbaycan-islahatlara-baslamaq-fursetini-elden-verib\\\/\"]}]},{\"@type\":\"ImageObject\",\"inLanguage\":\"az\",\"@id\":\"https:\\\/\\\/www.meydan.tv\\\/az\\\/article\\\/penah-huseyn-azerbaycan-islahatlara-baslamaq-fursetini-elden-verib\\\/#primaryimage\",\"url\":\"https:\\\/\\\/www.meydan.tv\\\/wp-content\\\/uploads\\\/26770.jpg\",\"contentUrl\":\"https:\\\/\\\/www.meydan.tv\\\/wp-content\\\/uploads\\\/26770.jpg\",\"width\":750,\"height\":500,\"caption\":\"Source:\"},{\"@type\":\"BreadcrumbList\",\"@id\":\"https:\\\/\\\/www.meydan.tv\\\/az\\\/article\\\/penah-huseyn-azerbaycan-islahatlara-baslamaq-fursetini-elden-verib\\\/#breadcrumb\",\"itemListElement\":[{\"@type\":\"ListItem\",\"position\":1,\"name\":\"Ana s\u0259hif\u0259\",\"item\":\"https:\\\/\\\/www.meydan.tv\\\/az\\\/\"},{\"@type\":\"ListItem\",\"position\":2,\"name\":\"Analitika\",\"item\":\"https:\\\/\\\/www.meydan.tv\\\/az\\\/section\\\/analitika\\\/\"},{\"@type\":\"ListItem\",\"position\":3,\"name\":\"P\u0259nah H\u00fcseyn: Az\u0259rbaycan islahatlara ba\u015flamaq f\u00fcrs\u0259tini \u0259ld\u0259n verib\"}]},{\"@type\":\"WebSite\",\"@id\":\"https:\\\/\\\/www.meydan.tv\\\/az\\\/#website\",\"url\":\"https:\\\/\\\/www.meydan.tv\\\/az\\\/\",\"name\":\"MEYDAN.TV\",\"description\":\"Meydan TV Az\u0259rbaycan\u0131n media m\u0259kan\u0131ndak\u0131 alternativ s\u0259sidir\",\"publisher\":{\"@id\":\"https:\\\/\\\/www.meydan.tv\\\/az\\\/#organization\"},\"potentialAction\":[{\"@type\":\"SearchAction\",\"target\":{\"@type\":\"EntryPoint\",\"urlTemplate\":\"https:\\\/\\\/www.meydan.tv\\\/az\\\/?s={search_term_string}\"},\"query-input\":{\"@type\":\"PropertyValueSpecification\",\"valueRequired\":true,\"valueName\":\"search_term_string\"}}],\"inLanguage\":\"az\"},{\"@type\":\"Organization\",\"@id\":\"https:\\\/\\\/www.meydan.tv\\\/az\\\/#organization\",\"name\":\"Meydan TV\",\"url\":\"https:\\\/\\\/www.meydan.tv\\\/az\\\/\",\"logo\":{\"@type\":\"ImageObject\",\"inLanguage\":\"az\",\"@id\":\"https:\\\/\\\/www.meydan.tv\\\/az\\\/#\\\/schema\\\/logo\\\/image\\\/\",\"url\":\"https:\\\/\\\/www.meydan.tv\\\/wp-content\\\/uploads\\\/2021\\\/07\\\/meydan-logo.svg\",\"contentUrl\":\"https:\\\/\\\/www.meydan.tv\\\/wp-content\\\/uploads\\\/2021\\\/07\\\/meydan-logo.svg\",\"width\":195,\"height\":46,\"caption\":\"Meydan TV\"},\"image\":{\"@id\":\"https:\\\/\\\/www.meydan.tv\\\/az\\\/#\\\/schema\\\/logo\\\/image\\\/\"}},{\"@type\":\"Person\",\"@id\":\"https:\\\/\\\/www.meydan.tv\\\/az\\\/#\\\/schema\\\/person\\\/10d11eccf6da3662cf5fdab9806ea91a\",\"name\":\"user-manager\"}]}<\/script>\n<!-- \/ Yoast SEO plugin. -->","yoast_head_json":{"title":"P\u0259nah H\u00fcseyn: Az\u0259rbaycan islahatlara ba\u015flamaq f\u00fcrs\u0259tini \u0259ld\u0259n verib - MEYDAN.TV","robots":{"index":"index","follow":"follow","max-snippet":"max-snippet:-1","max-image-preview":"max-image-preview:large","max-video-preview":"max-video-preview:-1"},"canonical":"https:\/\/www.meydan.tv\/az\/article\/penah-huseyn-azerbaycan-islahatlara-baslamaq-fursetini-elden-verib\/","og_locale":"az_AZ","og_type":"article","og_title":"P\u0259nah H\u00fcseyn: Az\u0259rbaycan islahatlara ba\u015flamaq f\u00fcrs\u0259tini \u0259ld\u0259n verib - MEYDAN.TV","og_description":"''Yol x\u0259rit\u0259l\u0259rinin i\u015fl\u0259m\u0259diyini g\u00f6rm\u0259k \u00fc\u00e7\u00fcn 2025-ci ili g\u00f6zl\u0259m\u0259y\u0259 ehtiyac yoxdur''","og_url":"https:\/\/www.meydan.tv\/az\/article\/penah-huseyn-azerbaycan-islahatlara-baslamaq-fursetini-elden-verib\/","og_site_name":"MEYDAN.TV","article_published_time":"2016-12-28T20:54:23+00:00","og_image":[{"width":750,"height":500,"url":"https:\/\/www.meydan.tv\/wp-content\/uploads\/26770.jpg","type":"image\/jpeg"}],"author":"user-manager","twitter_card":"summary_large_image","schema":{"@context":"https:\/\/schema.org","@graph":[{"@type":"Article","@id":"https:\/\/www.meydan.tv\/az\/article\/penah-huseyn-azerbaycan-islahatlara-baslamaq-fursetini-elden-verib\/#article","isPartOf":{"@id":"https:\/\/www.meydan.tv\/az\/article\/penah-huseyn-azerbaycan-islahatlara-baslamaq-fursetini-elden-verib\/"},"author":{"name":"user-manager","@id":"https:\/\/www.meydan.tv\/az\/#\/schema\/person\/10d11eccf6da3662cf5fdab9806ea91a"},"headline":"P\u0259nah H\u00fcseyn: Az\u0259rbaycan islahatlara ba\u015flamaq f\u00fcrs\u0259tini \u0259ld\u0259n verib","datePublished":"2016-12-28T20:54:23+00:00","mainEntityOfPage":{"@id":"https:\/\/www.meydan.tv\/az\/article\/penah-huseyn-azerbaycan-islahatlara-baslamaq-fursetini-elden-verib\/"},"wordCount":487,"publisher":{"@id":"https:\/\/www.meydan.tv\/az\/#organization"},"image":{"@id":"https:\/\/www.meydan.tv\/az\/article\/penah-huseyn-azerbaycan-islahatlara-baslamaq-fursetini-elden-verib\/#primaryimage"},"thumbnailUrl":"https:\/\/www.meydan.tv\/wp-content\/uploads\/26770.jpg","articleSection":["Analitika"],"inLanguage":"az"},{"@type":"WebPage","@id":"https:\/\/www.meydan.tv\/az\/article\/penah-huseyn-azerbaycan-islahatlara-baslamaq-fursetini-elden-verib\/","url":"https:\/\/www.meydan.tv\/az\/article\/penah-huseyn-azerbaycan-islahatlara-baslamaq-fursetini-elden-verib\/","name":"P\u0259nah H\u00fcseyn: Az\u0259rbaycan islahatlara ba\u015flamaq f\u00fcrs\u0259tini \u0259ld\u0259n verib - MEYDAN.TV","isPartOf":{"@id":"https:\/\/www.meydan.tv\/az\/#website"},"primaryImageOfPage":{"@id":"https:\/\/www.meydan.tv\/az\/article\/penah-huseyn-azerbaycan-islahatlara-baslamaq-fursetini-elden-verib\/#primaryimage"},"image":{"@id":"https:\/\/www.meydan.tv\/az\/article\/penah-huseyn-azerbaycan-islahatlara-baslamaq-fursetini-elden-verib\/#primaryimage"},"thumbnailUrl":"https:\/\/www.meydan.tv\/wp-content\/uploads\/26770.jpg","datePublished":"2016-12-28T20:54:23+00:00","breadcrumb":{"@id":"https:\/\/www.meydan.tv\/az\/article\/penah-huseyn-azerbaycan-islahatlara-baslamaq-fursetini-elden-verib\/#breadcrumb"},"inLanguage":"az","potentialAction":[{"@type":"ReadAction","target":["https:\/\/www.meydan.tv\/az\/article\/penah-huseyn-azerbaycan-islahatlara-baslamaq-fursetini-elden-verib\/"]}]},{"@type":"ImageObject","inLanguage":"az","@id":"https:\/\/www.meydan.tv\/az\/article\/penah-huseyn-azerbaycan-islahatlara-baslamaq-fursetini-elden-verib\/#primaryimage","url":"https:\/\/www.meydan.tv\/wp-content\/uploads\/26770.jpg","contentUrl":"https:\/\/www.meydan.tv\/wp-content\/uploads\/26770.jpg","width":750,"height":500,"caption":"Source:"},{"@type":"BreadcrumbList","@id":"https:\/\/www.meydan.tv\/az\/article\/penah-huseyn-azerbaycan-islahatlara-baslamaq-fursetini-elden-verib\/#breadcrumb","itemListElement":[{"@type":"ListItem","position":1,"name":"Ana s\u0259hif\u0259","item":"https:\/\/www.meydan.tv\/az\/"},{"@type":"ListItem","position":2,"name":"Analitika","item":"https:\/\/www.meydan.tv\/az\/section\/analitika\/"},{"@type":"ListItem","position":3,"name":"P\u0259nah H\u00fcseyn: Az\u0259rbaycan islahatlara ba\u015flamaq f\u00fcrs\u0259tini \u0259ld\u0259n verib"}]},{"@type":"WebSite","@id":"https:\/\/www.meydan.tv\/az\/#website","url":"https:\/\/www.meydan.tv\/az\/","name":"MEYDAN.TV","description":"Meydan TV Az\u0259rbaycan\u0131n media m\u0259kan\u0131ndak\u0131 alternativ s\u0259sidir","publisher":{"@id":"https:\/\/www.meydan.tv\/az\/#organization"},"potentialAction":[{"@type":"SearchAction","target":{"@type":"EntryPoint","urlTemplate":"https:\/\/www.meydan.tv\/az\/?s={search_term_string}"},"query-input":{"@type":"PropertyValueSpecification","valueRequired":true,"valueName":"search_term_string"}}],"inLanguage":"az"},{"@type":"Organization","@id":"https:\/\/www.meydan.tv\/az\/#organization","name":"Meydan TV","url":"https:\/\/www.meydan.tv\/az\/","logo":{"@type":"ImageObject","inLanguage":"az","@id":"https:\/\/www.meydan.tv\/az\/#\/schema\/logo\/image\/","url":"https:\/\/www.meydan.tv\/wp-content\/uploads\/2021\/07\/meydan-logo.svg","contentUrl":"https:\/\/www.meydan.tv\/wp-content\/uploads\/2021\/07\/meydan-logo.svg","width":195,"height":46,"caption":"Meydan TV"},"image":{"@id":"https:\/\/www.meydan.tv\/az\/#\/schema\/logo\/image\/"}},{"@type":"Person","@id":"https:\/\/www.meydan.tv\/az\/#\/schema\/person\/10d11eccf6da3662cf5fdab9806ea91a","name":"user-manager"}]}},"_links":{"self":[{"href":"https:\/\/www.meydan.tv\/az\/wp-json\/wp\/v2\/posts\/181552","targetHints":{"allow":["GET"]}}],"collection":[{"href":"https:\/\/www.meydan.tv\/az\/wp-json\/wp\/v2\/posts"}],"about":[{"href":"https:\/\/www.meydan.tv\/az\/wp-json\/wp\/v2\/types\/post"}],"author":[{"embeddable":true,"href":"https:\/\/www.meydan.tv\/az\/wp-json\/wp\/v2\/users\/11"}],"replies":[{"embeddable":true,"href":"https:\/\/www.meydan.tv\/az\/wp-json\/wp\/v2\/comments?post=181552"}],"version-history":[{"count":0,"href":"https:\/\/www.meydan.tv\/az\/wp-json\/wp\/v2\/posts\/181552\/revisions"}],"wp:featuredmedia":[{"embeddable":true,"href":"https:\/\/www.meydan.tv\/az\/wp-json\/wp\/v2\/media\/69973"}],"wp:attachment":[{"href":"https:\/\/www.meydan.tv\/az\/wp-json\/wp\/v2\/media?parent=181552"}],"wp:term":[{"taxonomy":"category","embeddable":true,"href":"https:\/\/www.meydan.tv\/az\/wp-json\/wp\/v2\/categories?post=181552"},{"taxonomy":"post_tag","embeddable":true,"href":"https:\/\/www.meydan.tv\/az\/wp-json\/wp\/v2\/tags?post=181552"}],"curies":[{"name":"wp","href":"https:\/\/api.w.org\/{rel}","templated":true}]}}