{"id":181550,"date":"2016-12-28T18:28:03","date_gmt":"2016-12-28T18:28:03","guid":{"rendered":"https:\/\/www.meydan.tv\/article\/serdar-celaloglu-hazirki-maliyye-iqtisadi-siyaset-azerbaycani-felakete-aparir\/"},"modified":"2016-12-28T18:28:03","modified_gmt":"2016-12-28T18:28:03","slug":"serdar-celaloglu-hazirki-maliyye-iqtisadi-siyaset-azerbaycani-felakete-aparir","status":"publish","type":"post","link":"https:\/\/www.meydan.tv\/az\/article\/serdar-celaloglu-hazirki-maliyye-iqtisadi-siyaset-azerbaycani-felakete-aparir\/","title":{"rendered":"S\u0259rdar C\u0259lalo\u011flu: Haz\u0131rk\u0131 maliyy\u0259-iqtisadi siyas\u0259t Az\u0259rbaycan\u0131 f\u0259lak\u0259t\u0259 apar\u0131r"},"content":{"rendered":"<figure class=\"wp-block-image size-large\">\n  <img decoding=\"async\" src=\"https:\/\/www.meydan.tv\/az\/53514\/\" alt=\"\" class=\"wp-image-53514\"\/><figcaption><\/figcaption><\/figure>\n<p>\n  <i><br \/>\n    &#8221;Erm\u0259nistanda minimum \u0259m\u0259khaqq\u0131 bizd\u0259n iki d\u0259f\u0259 y\u00fcks\u0259kdir&#8221;<br \/>\n  <\/i>\n<\/p>\n<p>\n  &#8220;\u0130mkanl\u0131, varl\u0131 insanlar, b\u00f6y\u00fck evl\u0259r\u0259, villalara sahib olan v\u0259t\u0259nda\u015flar daha \u00e7ox \u00f6d\u0259m\u0259lidirl\u0259r. Kimins\u0259 imkan\u0131 azd\u0131r v\u0259 ya m\u0259hduddur, yaxud da ki, orta t\u0259b\u0259q\u0259nin n\u00fcmay\u0259nd\u0259l\u0259ridir, onlara d\u00f6vl\u0259t daim g\u00fcz\u0259\u015ftl\u0259r edir. H\u0259tta art\u0131r\u0131lm\u0131\u015f tarifl\u0259rin s\u0259viyy\u0259si qon\u015fu \u00f6lk\u0259l\u0259rd\u0259 m\u00f6vcud olan tarifl\u0259rd\u0259n bir ne\u00e7\u0259 d\u0259f\u0259 a\u015fa\u011f\u0131d\u0131r. Buna baxmayaraq, yen\u0259 d\u0259 qeyd etm\u0259k ist\u0259yir\u0259m, biz n\u00f6vb\u0259ti add\u0131m\u0131 ataraq sosial m\u00fcdafi\u0259ni daha da g\u00fccl\u0259ndirmi\u015fik. Bu, sosial \u0259dal\u0259t prinsipidir\u201d.\n<\/p>\n<p>\n  APA-n\u0131n m\u0259lumat\u0131na g\u00f6r\u0259, bunu prezident \u0130lham \u018fliyev Bak\u0131da 1 sayl\u0131 \u201cASAN kommunal\u201d M\u0259rk\u0259zinin a\u00e7\u0131l\u0131\u015f\u0131nda deyib.\n<\/p>\n<p>\n  \u201cBildiyiniz kimi, bu yax\u0131nlarda m\u0259nim g\u00f6st\u0259ri\u015fiml\u0259 kommunal tarifl\u0259rin h\u0259cmin\u0259 d\u00fcz\u0259li\u015fl\u0259r edilib. Bu da s\u0131rf sosial yana\u015fma idi. \u00c7\u00fcnki n\u00f6vb\u0259ti d\u00fcz\u0259li\u015fd\u0259n sonra art\u0131q v\u0259t\u0259nda\u015flar\u0131n 75-80 faizi i\u015f\u0131q v\u0259 qaz pulunu k\u00f6hn\u0259 tarifl\u0259rl\u0259 \u00f6d\u0259y\u0259c\u0259k. Y\u0259ni, bu, o dem\u0259kdir ki, \u0259halimizin \u0259ks\u0259riyy\u0259ti bu d\u0259yi\u015fikliyi hiss etm\u0259y\u0259c\u0259k, \u0259ksin\u0259, g\u00f6r\u00fclm\u00fc\u015f t\u0259dbirl\u0259r n\u0259tic\u0259sind\u0259 v\u0259t\u0259nda\u015flar\u0131n sosial m\u00fcdafi\u0259si g\u0259l\u0259n il daha da m\u00f6hk\u0259ml\u0259n\u0259c\u0259k\u201d, &#8211; dey\u0259 o vur\u011fulay\u0131b.\n<\/p>\n<\/p>\n<p>\n  <i><br \/>\n    <b><br \/>\n      &#8220;Neft-qaz \u00f6lk\u0259si prezidentinin bu c\u00fcr fikirl\u0259rinin praktiki bax\u0131mdan he\u00e7 bir \u0259sas\u0131 yoxdur&#8221;<br \/>\n    <\/b><br \/>\n  <\/i>\n<\/p>\n<p>\n  Prezidentin s\u00f6yl\u0259dikl\u0259rini Meydan TV-y\u0259 \u015f\u0259rh ed\u0259n Demokrat Partiyas\u0131n\u0131n s\u0259dri S\u0259rdar C\u0259lalo\u011flu bildirib ki, h\u0259yat s\u0259viyy\u0259si yaln\u0131z sosial t\u0259minatla yox, v\u0259t\u0259nda\u015flar\u0131n i\u015fl\u0259 t\u0259min olunmas\u0131, minimum \u0259m\u0259khaqlar\u0131n\u0131n y\u00fcks\u0259ldilm\u0259sil\u0259 ba\u011fl\u0131d\u0131r:\n<\/p>\n<p>\n  \u201cyerli valyutan\u0131n 2-3 d\u0259f\u0259 real d\u0259y\u0259rini itirm\u0259sin\u0259 baxmayaq, bug\u00fcn\u0259 q\u0259d\u0259r h\u00f6kum\u0259t minimum \u0259m\u0259khaqq\u0131n\u0131n art\u0131r\u0131lmas\u0131 il\u0259 ba\u011fl\u0131 he\u00e7 bir add\u0131m atmay\u0131b. Dem\u0259li, v\u0259t\u0259nda\u015flar 2-3 d\u0259f\u0259 az \u0259m\u0259khaqq\u0131 al\u0131rlar\u201d.\n<\/p>\n<p>\n  Partiya s\u0259dri iri d\u00f6vl\u0259t \u015firk\u0259tl\u0259rinin bir-birin\u0259 olan borclar\u0131n\u0131n silinm\u0259sini xat\u0131rladaraq bildirib ki, \u0130lham \u018fliyevin s\u00f6yl\u0259dikl\u0259ri h\u0259qiq\u0259t\u0259uy\u011fun deyil:\n<\/p>\n<p>\n  \u201cY\u00fczl\u0259rl\u0259 villas\u0131 olan insanlar\u0131n \u0259ks\u0259riyy\u0259ti onsuz da kommunal x\u0259rcl\u0259rini \u00f6d\u0259mirl\u0259r. Ona g\u00f6r\u0259 d\u0259 bu m\u0259s\u0259l\u0259nin nec\u0259 t\u0259nziml\u0259n\u0259c\u0259yi sual\u0131 yaran\u0131r. Ayr\u0131lan limitl\u0259r d\u0259 g\u00fcl\u00fcnc do\u011furur, kas\u0131b var ki, elektrik \u00e7ox i\u015fl\u0259dir. Prezidentin qon\u015fu respublikalarla m\u00fcqayis\u0259si d\u0259 do\u011fru deyil. Nefti, qaz\u0131 olmayan v\u0259 Az\u0259rbaycandan \u00e7ox \u0259lveri\u015fsiz \u00e7o\u011frafi \u015f\u0259rait\u0259 malik olan Erm\u0259nistanda minimum \u0259m\u0259khaqq\u0131 bizd\u0259n iki d\u0259f\u0259 y\u00fcks\u0259kdir. O c\u00fcml\u0259d\u0259n, G\u00fcrc\u00fcstanda da ox\u015far v\u0259ziyy\u0259tdir. Neft-qaz \u00f6lk\u0259si prezidentinin bu c\u00fcr fikirl\u0259rinin praktiki bax\u0131mdan he\u00e7 bir \u0259sas\u0131 yoxdur.\n<\/p>\n<\/p>\n<p>\n  <i><br \/>\n    <b><br \/>\n      &#8220;\u018fg\u0259r \u0130lham \u018fliyevin dedikl\u0259ri kimidirs\u0259, b\u0259s naraz\u0131l\u0131qlar n\u0259 il\u0259 ba\u011fl\u0131d\u0131r?&#8221;<br \/>\n    <\/b><br \/>\n  <\/i>\n<\/p>\n<p>\n  S\u0259rdar C\u0259lalo\u011flu hesab edir ki, hakimiyy\u0259t bu c\u00fcr idar\u0259etm\u0259 il\u0259 sosial naraz\u0131l\u0131\u011f\u0131n qar\u015f\u0131s\u0131n\u0131 ala bilm\u0259y\u0259c\u0259k:\n<\/p>\n<p>\n  \u201cH\u00f6kum\u0259t qaz v\u0259 elektrik \u00f6d\u0259m\u0259l\u0259rini art\u0131rmasayd\u0131 da, milli valyutan\u0131n devalvasiyaya u\u011framas\u0131 ist\u0259r-ist\u0259m\u0259z v\u0259t\u0259nda\u015flar\u0131n ya\u015fam\u0131na t\u0259sir ed\u0259c\u0259kdi. Ancaq Tarif \u015euras\u0131n\u0131n q\u0259rar\u0131 qiym\u0259tl\u0259ri 4-5 istiqam\u0259td\u0259n art\u0131rd\u0131. Y\u0259ni Tarif \u015euras\u0131n\u0131n q\u0259rar\u0131, \u0259lav\u0259 olaraq manat\u0131n d\u0259y\u0259rd\u0259n d\u00fc\u015fm\u0259si qiym\u0259tl\u0259r\u0259 t\u0259sir edir. \u018fg\u0259r \u0130lham \u018fliyevin dedikl\u0259ri kimidirs\u0259, b\u0259s naraz\u0131l\u0131qlar n\u0259 il\u0259 ba\u011fl\u0131d\u0131r? Hans\u0131 villa sahibi naraz\u0131l\u0131q edir? Naraz\u0131l\u0131\u011f\u0131 kas\u0131blar edir d\u0259. Qiym\u0259tl\u0259rin qalxmas\u0131 villa sahibl\u0259rinin he\u00e7 vecin\u0259 d\u0259 deyil. Az\u0259rbaycanda maliyy\u0259-iqtisadiy\u00f6n\u00fcml\u00fc add\u0131mlar at\u0131landa ilk t\u0259siri sosial t\u0259b\u0259q\u0259l\u0259r hiss edir. Ona g\u00f6r\u0259 d\u0259 qiym\u0259tl\u0259rin qald\u0131r\u0131lmas\u0131 villa sahibl\u0259rin\u0259 yox, m\u0259hz kas\u0131blara t\u0259sir edir. Harda g\u00f6r\u00fcn\u00fcb ki, villa sahibi qiym\u0259t art\u0131m\u0131na g\u00f6r\u0259 k\u00fc\u00e7\u0259l\u0259r\u0259 \u00e7\u0131xs\u0131n?! \u0130kinci, bu adamlar milyardlarla dollar\u0131 \u0259ll\u0259rind\u0259 saxlay\u0131blarsa, i\u015f\u0131\u011f\u0131n kilovat\u0131 100 manata olsa da, ver\u0259c\u0259kl\u0259r. S\u00f6hb\u0259t 50-70 dollarl\u0131q \u0259m\u0259khaqq\u0131na b\u00fcdc\u0259 t\u0259\u015fkilatlar\u0131nda i\u015fl\u0259y\u0259nl\u0259rd\u0259n gedir ki, qiym\u0259t art\u0131m\u0131 v\u0259 manat\u0131n devalvasiyas\u0131 onlar\u0131n ail\u0259 b\u00fcdc\u0259sin\u0259 \u00e7ox pis t\u0259sir edir. \u00dcmumiyy\u0259tl\u0259, haz\u0131rk\u0131 maliyy\u0259-iqtisadi siyas\u0259t tamamil\u0259 yanl\u0131\u015fd\u0131r v\u0259 Az\u0259rbaycan\u0131 f\u0259lak\u0259t\u0259 apar\u0131r. \u00d6z\u00fcm\u00fcz\u00fc aldatmayaq, bu g\u00fcn ham\u0131m\u0131z prezidentin d\u00fczg\u00fcn siyas\u0259t apard\u0131\u011f\u0131n\u0131, y\u00fcks\u0259k inki\u015faf oldu\u011funu des\u0259k d\u0259, he\u00e7 n\u0259 d\u0259yi\u015fm\u0259y\u0259c\u0259k. Kommunist Partiyas\u0131n\u0131n zaman\u0131nda h\u0259r be\u015fillikd\u0259 yax\u015f\u0131 olaca\u011f\u0131n\u0131 s\u00f6yl\u0259yib q\u0131rm\u0131z\u0131 bayraqlar al\u0131rd\u0131lar, eyni siyas\u0259t davam edir. \u00d6lk\u0259 \u00e7\u00f6k\u00fcr, f\u0259lak\u0259t qap\u0131n\u0131n arxas\u0131ndad\u0131r, b\u00f6y\u00fck naraz\u0131 enerji toplan\u0131r, h\u00f6kum\u0259t is\u0259 bunu ya g\u00f6rm\u0259k ist\u0259mir, yaxud g\u00f6r\u0259 bilmir. H\u0259r iki halda yanl\u0131\u015fd\u0131r. At\u0131lan add\u0131mlar\u0131n da n\u0259tic\u0259si yoxdur. G\u0259l\u0259n il v\u0259ziyy\u0259t indikind\u0259n a\u011f\u0131r olacaq, \u00e7\u00fcnki qiym\u0259tl\u0259r daha da artacaq. Monitorinq apar\u0131n, insanlar\u0131n bazara getm\u0259si azal\u0131b. H\u00f6kum\u0259t maliyy\u0259 istiqam\u0259tind\u0259 vaxt itirdiyind\u0259n, istehlak b\u00f6hran\u0131 m\u0259rh\u0259l\u0259si ba\u015flan\u0131b. Sosial naraz\u0131l\u0131q da burdan \u0259m\u0259l\u0259 g\u0259l\u0259c\u0259k. D\u00fczg\u00fcn maliyy\u0259-kredit siyas\u0259ti apar\u0131lmad\u0131\u011f\u0131ndan orta biznes \u00e7\u00f6kd\u00fc, az-\u00e7ox vergi ver\u0259n i\u015f adamlar\u0131 s\u0131radan \u00e7\u0131xd\u0131, \u00e7\u00fcnki borca d\u00fc\u015fd\u00fcl\u0259r, obyektl\u0259rini ba\u011flad\u0131lar v\u0259 i\u015fsizl\u0259r ordusu yarand\u0131. T\u0259s\u0259vv\u00fcr edin ki, iri d\u00f6vl\u0259t m\u0259ssis\u0259l\u0259ri korrupsioner m\u0259murlara ba\u011fl\u0131 oldu\u011fundan he\u00e7 birind\u0259n b\u00fcdc\u0259y\u0259 g\u0259lir yoxdur, \u0259sas vergi \u00f6d\u0259y\u0259nl\u0259r d\u0259 s\u0131radan \u00e7\u0131xar\u0131ld\u0131\u011f\u0131ndan istehlak b\u00f6hran\u0131 yaran\u0131r&#8221;.\n<\/p>\n<p>\n  \u0130qtisad\u00e7\u0131 Oqtay Haqverdiyev is\u0259 ADP s\u0259drind\u0259n f\u0259rqli d\u00fc\u015f\u00fcn\u00fcr.\n<\/p>\n<p>\n  O, bildirib ki, Tarif \u015euras\u0131n\u0131n q\u0259rar\u0131 sonradan d\u0259yi\u015fil\u0259nd\u0259 bunun a\u015fa\u011f\u0131 t\u0259b\u0259q\u0259 \u00fc\u00e7\u00fcn edildiyi m\u0259lum oldu:\n<\/p>\n<figure class=\"wp-block-image size-large\">\n  <img decoding=\"async\" src=\"https:\/\/www.meydan.tv\/az\/66150\/\" alt=\"\" class=\"wp-image-66150\"\/><figcaption>\n    Oqtay Haqverdiyev<br \/>\n  <\/figcaption><\/figure>\n<p>\n  \u201cOnsuz da varl\u0131lar qiym\u0259tl\u0259rin y\u00fcks\u0259k olmas\u0131yla o q\u0259d\u0259r maraqlanm\u0131r. Bu m\u0259nada q\u0259rar\u0131n \u0259halinin \u0259ks\u0259r hiss\u0259sin\u0259 m\u00fcsb\u0259t t\u0259siri olacaq. \u0130kinci, q\u0259rar\u0131n d\u0259yi\u015film\u0259si\u00a0 israf\u00e7\u0131l\u0131\u011f\u0131n qar\u015f\u0131s\u0131n\u0131 alacaq, insanlar evl\u0259rind\u0259 otaqlar\u0131n i\u015f\u0131\u011f\u0131n\u0131 az yand\u0131racaqlar. Sovet d\u00f6vr\u00fcnd\u0259 i\u015f\u0131\u011f\u0131n kilovat\u0131 1 q\u0259pik oldu\u011fundan insanlarda israf\u00e7\u0131l\u0131q g\u00fccl\u0259nmi\u015fdi, bir otaqdan o birin\u0259 ke\u00e7\u0259nd\u0259 i\u015f\u0131\u011f\u0131 s\u00f6nd\u00fcrm\u00fcrd\u00fcl\u0259r\u201d.<\/p>\n","protected":false},"excerpt":{"rendered":"<p>&#8221;Erm\u0259nistanda minimum \u0259m\u0259khaqq\u0131 bizd\u0259n iki d\u0259f\u0259 y\u00fcks\u0259kdir&#8221;<\/p>\n","protected":false},"author":11,"featured_media":53514,"comment_status":"closed","ping_status":"open","sticky":false,"template":"","format":"standard","meta":{"_acf_changed":false,"_sitemap_exclude":false,"_sitemap_priority":"","_sitemap_frequency":"","footnotes":""},"categories":[51],"tags":[],"class_list":["post-181550","post","type-post","status-publish","format-standard","has-post-thumbnail","hentry","category-analitika","infinite-scroll-item","generate-columns","tablet-grid-50","mobile-grid-100","grid-parent","grid-33","no-featured-image-padding"],"acf":[],"yoast_head":"<!-- This site is optimized with the Yoast SEO plugin v27.5 - https:\/\/yoast.com\/product\/yoast-seo-wordpress\/ -->\n<title>S\u0259rdar C\u0259lalo\u011flu: Haz\u0131rk\u0131 maliyy\u0259-iqtisadi siyas\u0259t Az\u0259rbaycan\u0131 f\u0259lak\u0259t\u0259 apar\u0131r - MEYDAN.TV<\/title>\n<meta name=\"robots\" content=\"index, follow, max-snippet:-1, max-image-preview:large, max-video-preview:-1\" \/>\n<link rel=\"canonical\" href=\"https:\/\/www.meydan.tv\/az\/article\/serdar-celaloglu-hazirki-maliyye-iqtisadi-siyaset-azerbaycani-felakete-aparir\/\" \/>\n<meta property=\"og:locale\" content=\"az_AZ\" \/>\n<meta property=\"og:type\" content=\"article\" \/>\n<meta property=\"og:title\" content=\"S\u0259rdar C\u0259lalo\u011flu: Haz\u0131rk\u0131 maliyy\u0259-iqtisadi siyas\u0259t Az\u0259rbaycan\u0131 f\u0259lak\u0259t\u0259 apar\u0131r - MEYDAN.TV\" \/>\n<meta property=\"og:description\" content=\"&#039;&#039;Erm\u0259nistanda minimum \u0259m\u0259khaqq\u0131 bizd\u0259n iki d\u0259f\u0259 y\u00fcks\u0259kdir&#039;&#039;\" \/>\n<meta property=\"og:url\" content=\"https:\/\/www.meydan.tv\/az\/article\/serdar-celaloglu-hazirki-maliyye-iqtisadi-siyaset-azerbaycani-felakete-aparir\/\" \/>\n<meta property=\"og:site_name\" content=\"MEYDAN.TV\" \/>\n<meta property=\"article:published_time\" content=\"2016-12-28T18:28:03+00:00\" \/>\n<meta property=\"og:image\" content=\"https:\/\/www.meydan.tv\/wp-content\/uploads\/20189.jpg\" \/>\n\t<meta property=\"og:image:width\" content=\"852\" \/>\n\t<meta property=\"og:image:height\" content=\"479\" \/>\n\t<meta property=\"og:image:type\" content=\"image\/jpeg\" \/>\n<meta name=\"author\" content=\"user-manager\" \/>\n<meta name=\"twitter:card\" content=\"summary_large_image\" \/>\n<script type=\"application\/ld+json\" class=\"yoast-schema-graph\">{\"@context\":\"https:\\\/\\\/schema.org\",\"@graph\":[{\"@type\":\"Article\",\"@id\":\"https:\\\/\\\/www.meydan.tv\\\/az\\\/article\\\/serdar-celaloglu-hazirki-maliyye-iqtisadi-siyaset-azerbaycani-felakete-aparir\\\/#article\",\"isPartOf\":{\"@id\":\"https:\\\/\\\/www.meydan.tv\\\/az\\\/article\\\/serdar-celaloglu-hazirki-maliyye-iqtisadi-siyaset-azerbaycani-felakete-aparir\\\/\"},\"author\":{\"name\":\"user-manager\",\"@id\":\"https:\\\/\\\/www.meydan.tv\\\/az\\\/#\\\/schema\\\/person\\\/10d11eccf6da3662cf5fdab9806ea91a\"},\"headline\":\"S\u0259rdar C\u0259lalo\u011flu: Haz\u0131rk\u0131 maliyy\u0259-iqtisadi siyas\u0259t Az\u0259rbaycan\u0131 f\u0259lak\u0259t\u0259 apar\u0131r\",\"datePublished\":\"2016-12-28T18:28:03+00:00\",\"mainEntityOfPage\":{\"@id\":\"https:\\\/\\\/www.meydan.tv\\\/az\\\/article\\\/serdar-celaloglu-hazirki-maliyye-iqtisadi-siyaset-azerbaycani-felakete-aparir\\\/\"},\"wordCount\":1269,\"publisher\":{\"@id\":\"https:\\\/\\\/www.meydan.tv\\\/az\\\/#organization\"},\"image\":{\"@id\":\"https:\\\/\\\/www.meydan.tv\\\/az\\\/article\\\/serdar-celaloglu-hazirki-maliyye-iqtisadi-siyaset-azerbaycani-felakete-aparir\\\/#primaryimage\"},\"thumbnailUrl\":\"https:\\\/\\\/www.meydan.tv\\\/wp-content\\\/uploads\\\/20189.jpg\",\"articleSection\":[\"Analitika\"],\"inLanguage\":\"az\"},{\"@type\":\"WebPage\",\"@id\":\"https:\\\/\\\/www.meydan.tv\\\/az\\\/article\\\/serdar-celaloglu-hazirki-maliyye-iqtisadi-siyaset-azerbaycani-felakete-aparir\\\/\",\"url\":\"https:\\\/\\\/www.meydan.tv\\\/az\\\/article\\\/serdar-celaloglu-hazirki-maliyye-iqtisadi-siyaset-azerbaycani-felakete-aparir\\\/\",\"name\":\"S\u0259rdar C\u0259lalo\u011flu: Haz\u0131rk\u0131 maliyy\u0259-iqtisadi siyas\u0259t Az\u0259rbaycan\u0131 f\u0259lak\u0259t\u0259 apar\u0131r - MEYDAN.TV\",\"isPartOf\":{\"@id\":\"https:\\\/\\\/www.meydan.tv\\\/az\\\/#website\"},\"primaryImageOfPage\":{\"@id\":\"https:\\\/\\\/www.meydan.tv\\\/az\\\/article\\\/serdar-celaloglu-hazirki-maliyye-iqtisadi-siyaset-azerbaycani-felakete-aparir\\\/#primaryimage\"},\"image\":{\"@id\":\"https:\\\/\\\/www.meydan.tv\\\/az\\\/article\\\/serdar-celaloglu-hazirki-maliyye-iqtisadi-siyaset-azerbaycani-felakete-aparir\\\/#primaryimage\"},\"thumbnailUrl\":\"https:\\\/\\\/www.meydan.tv\\\/wp-content\\\/uploads\\\/20189.jpg\",\"datePublished\":\"2016-12-28T18:28:03+00:00\",\"breadcrumb\":{\"@id\":\"https:\\\/\\\/www.meydan.tv\\\/az\\\/article\\\/serdar-celaloglu-hazirki-maliyye-iqtisadi-siyaset-azerbaycani-felakete-aparir\\\/#breadcrumb\"},\"inLanguage\":\"az\",\"potentialAction\":[{\"@type\":\"ReadAction\",\"target\":[\"https:\\\/\\\/www.meydan.tv\\\/az\\\/article\\\/serdar-celaloglu-hazirki-maliyye-iqtisadi-siyaset-azerbaycani-felakete-aparir\\\/\"]}]},{\"@type\":\"ImageObject\",\"inLanguage\":\"az\",\"@id\":\"https:\\\/\\\/www.meydan.tv\\\/az\\\/article\\\/serdar-celaloglu-hazirki-maliyye-iqtisadi-siyaset-azerbaycani-felakete-aparir\\\/#primaryimage\",\"url\":\"https:\\\/\\\/www.meydan.tv\\\/wp-content\\\/uploads\\\/20189.jpg\",\"contentUrl\":\"https:\\\/\\\/www.meydan.tv\\\/wp-content\\\/uploads\\\/20189.jpg\",\"width\":852,\"height\":479,\"caption\":\"Source:\"},{\"@type\":\"BreadcrumbList\",\"@id\":\"https:\\\/\\\/www.meydan.tv\\\/az\\\/article\\\/serdar-celaloglu-hazirki-maliyye-iqtisadi-siyaset-azerbaycani-felakete-aparir\\\/#breadcrumb\",\"itemListElement\":[{\"@type\":\"ListItem\",\"position\":1,\"name\":\"Ana s\u0259hif\u0259\",\"item\":\"https:\\\/\\\/www.meydan.tv\\\/az\\\/\"},{\"@type\":\"ListItem\",\"position\":2,\"name\":\"Analitika\",\"item\":\"https:\\\/\\\/www.meydan.tv\\\/az\\\/section\\\/analitika\\\/\"},{\"@type\":\"ListItem\",\"position\":3,\"name\":\"S\u0259rdar C\u0259lalo\u011flu: Haz\u0131rk\u0131 maliyy\u0259-iqtisadi siyas\u0259t Az\u0259rbaycan\u0131 f\u0259lak\u0259t\u0259 apar\u0131r\"}]},{\"@type\":\"WebSite\",\"@id\":\"https:\\\/\\\/www.meydan.tv\\\/az\\\/#website\",\"url\":\"https:\\\/\\\/www.meydan.tv\\\/az\\\/\",\"name\":\"MEYDAN.TV\",\"description\":\"Meydan TV Az\u0259rbaycan\u0131n media m\u0259kan\u0131ndak\u0131 alternativ s\u0259sidir\",\"publisher\":{\"@id\":\"https:\\\/\\\/www.meydan.tv\\\/az\\\/#organization\"},\"potentialAction\":[{\"@type\":\"SearchAction\",\"target\":{\"@type\":\"EntryPoint\",\"urlTemplate\":\"https:\\\/\\\/www.meydan.tv\\\/az\\\/?s={search_term_string}\"},\"query-input\":{\"@type\":\"PropertyValueSpecification\",\"valueRequired\":true,\"valueName\":\"search_term_string\"}}],\"inLanguage\":\"az\"},{\"@type\":\"Organization\",\"@id\":\"https:\\\/\\\/www.meydan.tv\\\/az\\\/#organization\",\"name\":\"Meydan TV\",\"url\":\"https:\\\/\\\/www.meydan.tv\\\/az\\\/\",\"logo\":{\"@type\":\"ImageObject\",\"inLanguage\":\"az\",\"@id\":\"https:\\\/\\\/www.meydan.tv\\\/az\\\/#\\\/schema\\\/logo\\\/image\\\/\",\"url\":\"https:\\\/\\\/www.meydan.tv\\\/wp-content\\\/uploads\\\/2021\\\/07\\\/meydan-logo.svg\",\"contentUrl\":\"https:\\\/\\\/www.meydan.tv\\\/wp-content\\\/uploads\\\/2021\\\/07\\\/meydan-logo.svg\",\"width\":195,\"height\":46,\"caption\":\"Meydan TV\"},\"image\":{\"@id\":\"https:\\\/\\\/www.meydan.tv\\\/az\\\/#\\\/schema\\\/logo\\\/image\\\/\"}},{\"@type\":\"Person\",\"@id\":\"https:\\\/\\\/www.meydan.tv\\\/az\\\/#\\\/schema\\\/person\\\/10d11eccf6da3662cf5fdab9806ea91a\",\"name\":\"user-manager\"}]}<\/script>\n<!-- \/ Yoast SEO plugin. -->","yoast_head_json":{"title":"S\u0259rdar C\u0259lalo\u011flu: Haz\u0131rk\u0131 maliyy\u0259-iqtisadi siyas\u0259t Az\u0259rbaycan\u0131 f\u0259lak\u0259t\u0259 apar\u0131r - MEYDAN.TV","robots":{"index":"index","follow":"follow","max-snippet":"max-snippet:-1","max-image-preview":"max-image-preview:large","max-video-preview":"max-video-preview:-1"},"canonical":"https:\/\/www.meydan.tv\/az\/article\/serdar-celaloglu-hazirki-maliyye-iqtisadi-siyaset-azerbaycani-felakete-aparir\/","og_locale":"az_AZ","og_type":"article","og_title":"S\u0259rdar C\u0259lalo\u011flu: Haz\u0131rk\u0131 maliyy\u0259-iqtisadi siyas\u0259t Az\u0259rbaycan\u0131 f\u0259lak\u0259t\u0259 apar\u0131r - MEYDAN.TV","og_description":"''Erm\u0259nistanda minimum \u0259m\u0259khaqq\u0131 bizd\u0259n iki d\u0259f\u0259 y\u00fcks\u0259kdir''","og_url":"https:\/\/www.meydan.tv\/az\/article\/serdar-celaloglu-hazirki-maliyye-iqtisadi-siyaset-azerbaycani-felakete-aparir\/","og_site_name":"MEYDAN.TV","article_published_time":"2016-12-28T18:28:03+00:00","og_image":[{"width":852,"height":479,"url":"https:\/\/www.meydan.tv\/wp-content\/uploads\/20189.jpg","type":"image\/jpeg"}],"author":"user-manager","twitter_card":"summary_large_image","schema":{"@context":"https:\/\/schema.org","@graph":[{"@type":"Article","@id":"https:\/\/www.meydan.tv\/az\/article\/serdar-celaloglu-hazirki-maliyye-iqtisadi-siyaset-azerbaycani-felakete-aparir\/#article","isPartOf":{"@id":"https:\/\/www.meydan.tv\/az\/article\/serdar-celaloglu-hazirki-maliyye-iqtisadi-siyaset-azerbaycani-felakete-aparir\/"},"author":{"name":"user-manager","@id":"https:\/\/www.meydan.tv\/az\/#\/schema\/person\/10d11eccf6da3662cf5fdab9806ea91a"},"headline":"S\u0259rdar C\u0259lalo\u011flu: Haz\u0131rk\u0131 maliyy\u0259-iqtisadi siyas\u0259t Az\u0259rbaycan\u0131 f\u0259lak\u0259t\u0259 apar\u0131r","datePublished":"2016-12-28T18:28:03+00:00","mainEntityOfPage":{"@id":"https:\/\/www.meydan.tv\/az\/article\/serdar-celaloglu-hazirki-maliyye-iqtisadi-siyaset-azerbaycani-felakete-aparir\/"},"wordCount":1269,"publisher":{"@id":"https:\/\/www.meydan.tv\/az\/#organization"},"image":{"@id":"https:\/\/www.meydan.tv\/az\/article\/serdar-celaloglu-hazirki-maliyye-iqtisadi-siyaset-azerbaycani-felakete-aparir\/#primaryimage"},"thumbnailUrl":"https:\/\/www.meydan.tv\/wp-content\/uploads\/20189.jpg","articleSection":["Analitika"],"inLanguage":"az"},{"@type":"WebPage","@id":"https:\/\/www.meydan.tv\/az\/article\/serdar-celaloglu-hazirki-maliyye-iqtisadi-siyaset-azerbaycani-felakete-aparir\/","url":"https:\/\/www.meydan.tv\/az\/article\/serdar-celaloglu-hazirki-maliyye-iqtisadi-siyaset-azerbaycani-felakete-aparir\/","name":"S\u0259rdar C\u0259lalo\u011flu: Haz\u0131rk\u0131 maliyy\u0259-iqtisadi siyas\u0259t Az\u0259rbaycan\u0131 f\u0259lak\u0259t\u0259 apar\u0131r - MEYDAN.TV","isPartOf":{"@id":"https:\/\/www.meydan.tv\/az\/#website"},"primaryImageOfPage":{"@id":"https:\/\/www.meydan.tv\/az\/article\/serdar-celaloglu-hazirki-maliyye-iqtisadi-siyaset-azerbaycani-felakete-aparir\/#primaryimage"},"image":{"@id":"https:\/\/www.meydan.tv\/az\/article\/serdar-celaloglu-hazirki-maliyye-iqtisadi-siyaset-azerbaycani-felakete-aparir\/#primaryimage"},"thumbnailUrl":"https:\/\/www.meydan.tv\/wp-content\/uploads\/20189.jpg","datePublished":"2016-12-28T18:28:03+00:00","breadcrumb":{"@id":"https:\/\/www.meydan.tv\/az\/article\/serdar-celaloglu-hazirki-maliyye-iqtisadi-siyaset-azerbaycani-felakete-aparir\/#breadcrumb"},"inLanguage":"az","potentialAction":[{"@type":"ReadAction","target":["https:\/\/www.meydan.tv\/az\/article\/serdar-celaloglu-hazirki-maliyye-iqtisadi-siyaset-azerbaycani-felakete-aparir\/"]}]},{"@type":"ImageObject","inLanguage":"az","@id":"https:\/\/www.meydan.tv\/az\/article\/serdar-celaloglu-hazirki-maliyye-iqtisadi-siyaset-azerbaycani-felakete-aparir\/#primaryimage","url":"https:\/\/www.meydan.tv\/wp-content\/uploads\/20189.jpg","contentUrl":"https:\/\/www.meydan.tv\/wp-content\/uploads\/20189.jpg","width":852,"height":479,"caption":"Source:"},{"@type":"BreadcrumbList","@id":"https:\/\/www.meydan.tv\/az\/article\/serdar-celaloglu-hazirki-maliyye-iqtisadi-siyaset-azerbaycani-felakete-aparir\/#breadcrumb","itemListElement":[{"@type":"ListItem","position":1,"name":"Ana s\u0259hif\u0259","item":"https:\/\/www.meydan.tv\/az\/"},{"@type":"ListItem","position":2,"name":"Analitika","item":"https:\/\/www.meydan.tv\/az\/section\/analitika\/"},{"@type":"ListItem","position":3,"name":"S\u0259rdar C\u0259lalo\u011flu: Haz\u0131rk\u0131 maliyy\u0259-iqtisadi siyas\u0259t Az\u0259rbaycan\u0131 f\u0259lak\u0259t\u0259 apar\u0131r"}]},{"@type":"WebSite","@id":"https:\/\/www.meydan.tv\/az\/#website","url":"https:\/\/www.meydan.tv\/az\/","name":"MEYDAN.TV","description":"Meydan TV Az\u0259rbaycan\u0131n media m\u0259kan\u0131ndak\u0131 alternativ s\u0259sidir","publisher":{"@id":"https:\/\/www.meydan.tv\/az\/#organization"},"potentialAction":[{"@type":"SearchAction","target":{"@type":"EntryPoint","urlTemplate":"https:\/\/www.meydan.tv\/az\/?s={search_term_string}"},"query-input":{"@type":"PropertyValueSpecification","valueRequired":true,"valueName":"search_term_string"}}],"inLanguage":"az"},{"@type":"Organization","@id":"https:\/\/www.meydan.tv\/az\/#organization","name":"Meydan TV","url":"https:\/\/www.meydan.tv\/az\/","logo":{"@type":"ImageObject","inLanguage":"az","@id":"https:\/\/www.meydan.tv\/az\/#\/schema\/logo\/image\/","url":"https:\/\/www.meydan.tv\/wp-content\/uploads\/2021\/07\/meydan-logo.svg","contentUrl":"https:\/\/www.meydan.tv\/wp-content\/uploads\/2021\/07\/meydan-logo.svg","width":195,"height":46,"caption":"Meydan TV"},"image":{"@id":"https:\/\/www.meydan.tv\/az\/#\/schema\/logo\/image\/"}},{"@type":"Person","@id":"https:\/\/www.meydan.tv\/az\/#\/schema\/person\/10d11eccf6da3662cf5fdab9806ea91a","name":"user-manager"}]}},"_links":{"self":[{"href":"https:\/\/www.meydan.tv\/az\/wp-json\/wp\/v2\/posts\/181550","targetHints":{"allow":["GET"]}}],"collection":[{"href":"https:\/\/www.meydan.tv\/az\/wp-json\/wp\/v2\/posts"}],"about":[{"href":"https:\/\/www.meydan.tv\/az\/wp-json\/wp\/v2\/types\/post"}],"author":[{"embeddable":true,"href":"https:\/\/www.meydan.tv\/az\/wp-json\/wp\/v2\/users\/11"}],"replies":[{"embeddable":true,"href":"https:\/\/www.meydan.tv\/az\/wp-json\/wp\/v2\/comments?post=181550"}],"version-history":[{"count":0,"href":"https:\/\/www.meydan.tv\/az\/wp-json\/wp\/v2\/posts\/181550\/revisions"}],"wp:featuredmedia":[{"embeddable":true,"href":"https:\/\/www.meydan.tv\/az\/wp-json\/wp\/v2\/media\/53514"}],"wp:attachment":[{"href":"https:\/\/www.meydan.tv\/az\/wp-json\/wp\/v2\/media?parent=181550"}],"wp:term":[{"taxonomy":"category","embeddable":true,"href":"https:\/\/www.meydan.tv\/az\/wp-json\/wp\/v2\/categories?post=181550"},{"taxonomy":"post_tag","embeddable":true,"href":"https:\/\/www.meydan.tv\/az\/wp-json\/wp\/v2\/tags?post=181550"}],"curies":[{"name":"wp","href":"https:\/\/api.w.org\/{rel}","templated":true}]}}