{"id":181546,"date":"2016-12-28T16:26:16","date_gmt":"2016-12-28T16:26:16","guid":{"rendered":"https:\/\/www.meydan.tv\/article\/qadir-ibrahimli-iqtisadiyyatda-temkinli-budce-anlayisi-yoxdu\/"},"modified":"2016-12-28T16:26:16","modified_gmt":"2016-12-28T16:26:16","slug":"qadir-ibrahimli-iqtisadiyyatda-temkinli-budce-anlayisi-yoxdu","status":"publish","type":"post","link":"https:\/\/www.meydan.tv\/az\/article\/qadir-ibrahimli-iqtisadiyyatda-temkinli-budce-anlayisi-yoxdu\/","title":{"rendered":"Qadir \u0130brahimli: \u0130qtisadiyyatda &#8221;t\u0259mkinli b\u00fcdc\u0259&#8221; anlay\u0131\u015f\u0131 yoxdu"},"content":{"rendered":"<figure class=\"wp-block-image size-large\">\n  <img decoding=\"async\" src=\"https:\/\/www.meydan.tv\/az\/72436\/\" alt=\"\" class=\"wp-image-72436\"\/><figcaption><\/figcaption><\/figure>\n<figure class=\"wp-block-image size-large\">\n  <img decoding=\"async\" src=\"https:\/\/www.meydan.tv\/az\/72436\/\" alt=\"\" class=\"wp-image-72436\"\/><figcaption><\/figcaption><\/figure>\n<p>\n  <i><br \/>\n    &#8221;Neft \u00f6lk\u0259l\u0259rinin b\u00f6hran\u0131ndan \u0259n pis qiym\u0259ti Az\u0259rbaycan ald\u0131&#8221;<br \/>\n  <\/i><\/p>\n<p>  \u201c\u0130qtisadi n\u0259z\u0259riyy\u0259d\u0259 inverstisiya, yaxud sosialy\u00f6n\u00fcml\u00fc b\u00fcdc\u0259 anlay\u0131\u015f\u0131 var, t\u0259mkinli, s\u0259brli, s\u0259brsiz b\u00fcdc\u0259 anlay\u0131\u015f\u0131 yoxdur. \u00dcmumiyy\u0259tl\u0259, b\u00fcdc\u0259 d\u0259y\u0259l\u0259ndirm\u0259l\u0259ri \u00f6lk\u0259 iqtisadiyyat\u0131n\u0131n g\u00fczg\u00fcs\u00fcd\u00fcr, b\u00fcdc\u0259y\u0259 bax\u0131b \u00f6lk\u0259nin sosial, biznes durumunu m\u00fc\u0259yy\u0259nl\u0259\u015fdirm\u0259k v\u0259 haqq\u0131nda r\u0259y bildirm\u0259k olar\u201d.\n<\/p>\n<p>\n  Bu a\u00e7\u0131qlaman\u0131 Meydan TV-y\u0259 iqtisad\u00e7\u0131 Qadir \u0130brahimli parlamentin vitse-spikeri<br \/>\n  <a href=\"\/az\/article\/ziyafet-esgerov-tesdiq-etdiyimiz-budce-cox-temkinli-budcedir\/\"><br \/>\n    Ziyaf\u0259t \u018fsg\u0259rovun<br \/>\n  <\/a><br \/>\n  fikirl\u0259rini \u015f\u0259rh ed\u0259rk\u0259n s\u0259sl\u0259ndirib.\n<\/p>\n<p>\n  Qadir \u0130brahimli Ziyaf\u0259t \u018fsg\u0259rovun d\u0259y\u0259rl\u0259ndirm\u0259sini yanl\u0131\u015f hesab edib.\n<\/p>\n<p>\n  O d\u00fc\u015f\u00fcn\u00fcr ki, Az\u0259rbaycanda b\u00fcdc\u0259 m\u0259d\u0259niyy\u0259ti tam formala\u015fmay\u0131b:\n<\/p>\n<p>\n  \u201cMilli M\u0259clisd\u0259 b\u00fcdc\u0259 m\u00fczakir\u0259l\u0259ri zaman\u0131 b\u00fcdc\u0259 \u0259n\u0259n\u0259si yaranmad\u0131. S\u0259b\u0259b h\u0259r hans\u0131 sah\u0259nin x\u0259rc v\u0259 g\u0259lirl\u0259ri \u00fczr\u0259 g\u00fcnl\u0259rl\u0259 m\u00fczakir\u0259l\u0259rin apar\u0131lmamas\u0131, deputatlar\u0131n izahat t\u0259l\u0259b etm\u0259m\u0259sidir. \u018fn\u0259n\u0259 olmayan \u00f6lk\u0259l\u0259rd\u0259 is\u0259 bu c\u00fcr qeyri-adi yana\u015fmalar ortaya \u00e7\u0131xa bilir&#8221;.\n<\/p>\n<p>\n  \u0130qtisad\u00e7\u0131 vitse-spikerin d\u00fcnyada iqtisadi b\u00f6hran\u0131n olmas\u0131 bar\u0259d\u0259 fikirl\u0259rini d\u0259 b\u00f6l\u00fc\u015fm\u00fcr:\n<\/p>\n<p>\n  &#8220;D\u00fcnyada iqtisadi b\u00f6hran yoxdur, b\u00f6hran neft \u00f6lk\u0259l\u0259rind\u0259dir. Bu m\u0259nada b\u00f6hran\u0131n qlobal xarakter ald\u0131\u011f\u0131n\u0131 s\u00f6yl\u0259m\u0259k d\u00fczg\u00fcn yana\u015fma deyil. Sad\u0259c\u0259, d\u00fcnya bazar\u0131nda neftin qiym\u0259ti d\u00fc\u015fd\u00fcy\u00fcnd\u0259n iqtisadiyyatlar\u0131n\u0131 &#8220;qara q\u0131z\u0131l&#8221; \u00fcz\u0259rind\u0259 quran \u00f6lk\u0259l\u0259r d\u0259 b\u00f6y\u00fck b\u00f6hranla qar\u015f\u0131la\u015f\u0131blar. Amma bu da \u015f\u0259rtidir, m\u0259s\u0259l\u0259n, Norve\u00e7 kimi nefti olan \u00f6lk\u0259d\u0259 b\u00f6hran yoxdur v\u0259 \u00fcmumiyy\u0259tl\u0259, b\u00f6hran\u0131n bu d\u00f6vl\u0259t\u0259 he\u00e7 bir aidiyyat\u0131 yoxdur. H\u0259tta MDB \u00f6lk\u0259l\u0259rind\u0259n Qazax\u0131stan modelini g\u00f6t\u00fcrs\u0259k, \u00f6lk\u0259nin g\u0259lirl\u0259ri neft \u0259sas\u0131nda da, \u00e7ox davaml\u0131 qeyri-neft sektoru, liberal iqtisadi v\u0259 biznes m\u00fchiti var. D\u00fczd\u00fcr, \u00f6lk\u0259 neft qiym\u0259tl\u0259rinin enm\u0259sind\u0259n ziyan \u00e7\u0259kdi, amma liberal iqtisadi m\u00fchit h\u0259min t\u0259sirl\u0259rin minimuma d\u00fc\u015fm\u0259sin\u0259 imkan verdi. Yaxud Q\u0259rbin bir \u00e7ox iqtisadi-siyasi sanksiyalar\u0131yla \u00fczl\u0259\u015f\u0259n Rusiya milli valyutas\u0131n\u0131 sabitl\u0259\u015fdir\u0259 bilib. Baxmayaraq ki, Rusiyan\u0131n h\u0259rbi x\u0259rcl\u0259ri kifay\u0259t q\u0259d\u0259r y\u00fcks\u0259kdir. Ancaq Az\u0259rbaycanda maliyy\u0259 sabitliyini yaratmaq m\u00fcmk\u00fcn olmay\u0131b, 2017-ci ild\u0259 is\u0259 manat\u0131n devalvasiyas\u0131 daha da g\u00fccl\u0259n\u0259c\u0259k. \u00c7\u00fcnki M\u0259rk\u0259zi Bank tam \u00fcz\u0259n m\u0259z\u0259nn\u0259y\u0259 ke\u00e7diyini b\u0259yan edib. Bundan \u0259lav\u0259, biznes m\u00fchiti r\u0259qab\u0259t\u0259 davaml\u0131 deyil, m\u00fclkiyy\u0259t toxunulmazl\u0131\u011f\u0131 probleml\u0259ri var. Ona g\u00f6r\u0259 neft \u00f6lk\u0259l\u0259rinin b\u00f6hran\u0131ndan \u0259n pis qiym\u0259ti Az\u0259rbaycan ald\u0131&#8221;.<\/p>\n","protected":false},"excerpt":{"rendered":"<p>&#8221;Neft \u00f6lk\u0259l\u0259rinin b\u00f6hran\u0131ndan \u0259n pis qiym\u0259ti Az\u0259rbaycan ald\u0131&#8221;<\/p>\n","protected":false},"author":11,"featured_media":72436,"comment_status":"closed","ping_status":"open","sticky":false,"template":"","format":"standard","meta":{"_acf_changed":false,"_sitemap_exclude":false,"_sitemap_priority":"","_sitemap_frequency":"","footnotes":""},"categories":[51],"tags":[],"class_list":["post-181546","post","type-post","status-publish","format-standard","has-post-thumbnail","hentry","category-analitika","infinite-scroll-item","generate-columns","tablet-grid-50","mobile-grid-100","grid-parent","grid-33","no-featured-image-padding"],"acf":[],"yoast_head":"<!-- This site is optimized with the Yoast SEO plugin v27.5 - https:\/\/yoast.com\/product\/yoast-seo-wordpress\/ -->\n<title>Qadir \u0130brahimli: \u0130qtisadiyyatda &#039;&#039;t\u0259mkinli b\u00fcdc\u0259&#039;&#039; anlay\u0131\u015f\u0131 yoxdu - MEYDAN.TV<\/title>\n<meta name=\"robots\" content=\"index, follow, max-snippet:-1, max-image-preview:large, max-video-preview:-1\" \/>\n<link rel=\"canonical\" href=\"https:\/\/www.meydan.tv\/az\/article\/qadir-ibrahimli-iqtisadiyyatda-temkinli-budce-anlayisi-yoxdu\/\" \/>\n<meta property=\"og:locale\" content=\"az_AZ\" \/>\n<meta property=\"og:type\" content=\"article\" \/>\n<meta property=\"og:title\" content=\"Qadir \u0130brahimli: \u0130qtisadiyyatda &#039;&#039;t\u0259mkinli b\u00fcdc\u0259&#039;&#039; anlay\u0131\u015f\u0131 yoxdu - MEYDAN.TV\" \/>\n<meta property=\"og:description\" content=\"&#039;&#039;Neft \u00f6lk\u0259l\u0259rinin b\u00f6hran\u0131ndan \u0259n pis qiym\u0259ti Az\u0259rbaycan ald\u0131&#039;&#039;\" \/>\n<meta property=\"og:url\" content=\"https:\/\/www.meydan.tv\/az\/article\/qadir-ibrahimli-iqtisadiyyatda-temkinli-budce-anlayisi-yoxdu\/\" \/>\n<meta property=\"og:site_name\" content=\"MEYDAN.TV\" \/>\n<meta property=\"article:published_time\" content=\"2016-12-28T16:26:16+00:00\" \/>\n<meta property=\"og:image\" content=\"https:\/\/www.meydan.tv\/wp-content\/uploads\/27606.jpg\" \/>\n\t<meta property=\"og:image:width\" content=\"600\" \/>\n\t<meta property=\"og:image:height\" content=\"400\" \/>\n\t<meta property=\"og:image:type\" content=\"image\/jpeg\" \/>\n<meta name=\"author\" content=\"user-manager\" \/>\n<meta name=\"twitter:card\" content=\"summary_large_image\" \/>\n<script type=\"application\/ld+json\" class=\"yoast-schema-graph\">{\"@context\":\"https:\\\/\\\/schema.org\",\"@graph\":[{\"@type\":\"Article\",\"@id\":\"https:\\\/\\\/www.meydan.tv\\\/az\\\/article\\\/qadir-ibrahimli-iqtisadiyyatda-temkinli-budce-anlayisi-yoxdu\\\/#article\",\"isPartOf\":{\"@id\":\"https:\\\/\\\/www.meydan.tv\\\/az\\\/article\\\/qadir-ibrahimli-iqtisadiyyatda-temkinli-budce-anlayisi-yoxdu\\\/\"},\"author\":{\"name\":\"user-manager\",\"@id\":\"https:\\\/\\\/www.meydan.tv\\\/az\\\/#\\\/schema\\\/person\\\/10d11eccf6da3662cf5fdab9806ea91a\"},\"headline\":\"Qadir \u0130brahimli: \u0130qtisadiyyatda &#8221;t\u0259mkinli b\u00fcdc\u0259&#8221; anlay\u0131\u015f\u0131 yoxdu\",\"datePublished\":\"2016-12-28T16:26:16+00:00\",\"mainEntityOfPage\":{\"@id\":\"https:\\\/\\\/www.meydan.tv\\\/az\\\/article\\\/qadir-ibrahimli-iqtisadiyyatda-temkinli-budce-anlayisi-yoxdu\\\/\"},\"wordCount\":497,\"publisher\":{\"@id\":\"https:\\\/\\\/www.meydan.tv\\\/az\\\/#organization\"},\"image\":{\"@id\":\"https:\\\/\\\/www.meydan.tv\\\/az\\\/article\\\/qadir-ibrahimli-iqtisadiyyatda-temkinli-budce-anlayisi-yoxdu\\\/#primaryimage\"},\"thumbnailUrl\":\"https:\\\/\\\/www.meydan.tv\\\/wp-content\\\/uploads\\\/27606.jpg\",\"articleSection\":[\"Analitika\"],\"inLanguage\":\"az\"},{\"@type\":\"WebPage\",\"@id\":\"https:\\\/\\\/www.meydan.tv\\\/az\\\/article\\\/qadir-ibrahimli-iqtisadiyyatda-temkinli-budce-anlayisi-yoxdu\\\/\",\"url\":\"https:\\\/\\\/www.meydan.tv\\\/az\\\/article\\\/qadir-ibrahimli-iqtisadiyyatda-temkinli-budce-anlayisi-yoxdu\\\/\",\"name\":\"Qadir \u0130brahimli: \u0130qtisadiyyatda ''t\u0259mkinli b\u00fcdc\u0259'' anlay\u0131\u015f\u0131 yoxdu - MEYDAN.TV\",\"isPartOf\":{\"@id\":\"https:\\\/\\\/www.meydan.tv\\\/az\\\/#website\"},\"primaryImageOfPage\":{\"@id\":\"https:\\\/\\\/www.meydan.tv\\\/az\\\/article\\\/qadir-ibrahimli-iqtisadiyyatda-temkinli-budce-anlayisi-yoxdu\\\/#primaryimage\"},\"image\":{\"@id\":\"https:\\\/\\\/www.meydan.tv\\\/az\\\/article\\\/qadir-ibrahimli-iqtisadiyyatda-temkinli-budce-anlayisi-yoxdu\\\/#primaryimage\"},\"thumbnailUrl\":\"https:\\\/\\\/www.meydan.tv\\\/wp-content\\\/uploads\\\/27606.jpg\",\"datePublished\":\"2016-12-28T16:26:16+00:00\",\"breadcrumb\":{\"@id\":\"https:\\\/\\\/www.meydan.tv\\\/az\\\/article\\\/qadir-ibrahimli-iqtisadiyyatda-temkinli-budce-anlayisi-yoxdu\\\/#breadcrumb\"},\"inLanguage\":\"az\",\"potentialAction\":[{\"@type\":\"ReadAction\",\"target\":[\"https:\\\/\\\/www.meydan.tv\\\/az\\\/article\\\/qadir-ibrahimli-iqtisadiyyatda-temkinli-budce-anlayisi-yoxdu\\\/\"]}]},{\"@type\":\"ImageObject\",\"inLanguage\":\"az\",\"@id\":\"https:\\\/\\\/www.meydan.tv\\\/az\\\/article\\\/qadir-ibrahimli-iqtisadiyyatda-temkinli-budce-anlayisi-yoxdu\\\/#primaryimage\",\"url\":\"https:\\\/\\\/www.meydan.tv\\\/wp-content\\\/uploads\\\/27606.jpg\",\"contentUrl\":\"https:\\\/\\\/www.meydan.tv\\\/wp-content\\\/uploads\\\/27606.jpg\",\"width\":600,\"height\":400,\"caption\":\"Source:\"},{\"@type\":\"BreadcrumbList\",\"@id\":\"https:\\\/\\\/www.meydan.tv\\\/az\\\/article\\\/qadir-ibrahimli-iqtisadiyyatda-temkinli-budce-anlayisi-yoxdu\\\/#breadcrumb\",\"itemListElement\":[{\"@type\":\"ListItem\",\"position\":1,\"name\":\"Ana s\u0259hif\u0259\",\"item\":\"https:\\\/\\\/www.meydan.tv\\\/az\\\/\"},{\"@type\":\"ListItem\",\"position\":2,\"name\":\"Analitika\",\"item\":\"https:\\\/\\\/www.meydan.tv\\\/az\\\/section\\\/analitika\\\/\"},{\"@type\":\"ListItem\",\"position\":3,\"name\":\"Qadir \u0130brahimli: \u0130qtisadiyyatda &#8221;t\u0259mkinli b\u00fcdc\u0259&#8221; anlay\u0131\u015f\u0131 yoxdu\"}]},{\"@type\":\"WebSite\",\"@id\":\"https:\\\/\\\/www.meydan.tv\\\/az\\\/#website\",\"url\":\"https:\\\/\\\/www.meydan.tv\\\/az\\\/\",\"name\":\"MEYDAN.TV\",\"description\":\"Meydan TV Az\u0259rbaycan\u0131n media m\u0259kan\u0131ndak\u0131 alternativ s\u0259sidir\",\"publisher\":{\"@id\":\"https:\\\/\\\/www.meydan.tv\\\/az\\\/#organization\"},\"potentialAction\":[{\"@type\":\"SearchAction\",\"target\":{\"@type\":\"EntryPoint\",\"urlTemplate\":\"https:\\\/\\\/www.meydan.tv\\\/az\\\/?s={search_term_string}\"},\"query-input\":{\"@type\":\"PropertyValueSpecification\",\"valueRequired\":true,\"valueName\":\"search_term_string\"}}],\"inLanguage\":\"az\"},{\"@type\":\"Organization\",\"@id\":\"https:\\\/\\\/www.meydan.tv\\\/az\\\/#organization\",\"name\":\"Meydan TV\",\"url\":\"https:\\\/\\\/www.meydan.tv\\\/az\\\/\",\"logo\":{\"@type\":\"ImageObject\",\"inLanguage\":\"az\",\"@id\":\"https:\\\/\\\/www.meydan.tv\\\/az\\\/#\\\/schema\\\/logo\\\/image\\\/\",\"url\":\"https:\\\/\\\/www.meydan.tv\\\/wp-content\\\/uploads\\\/2021\\\/07\\\/meydan-logo.svg\",\"contentUrl\":\"https:\\\/\\\/www.meydan.tv\\\/wp-content\\\/uploads\\\/2021\\\/07\\\/meydan-logo.svg\",\"width\":195,\"height\":46,\"caption\":\"Meydan TV\"},\"image\":{\"@id\":\"https:\\\/\\\/www.meydan.tv\\\/az\\\/#\\\/schema\\\/logo\\\/image\\\/\"}},{\"@type\":\"Person\",\"@id\":\"https:\\\/\\\/www.meydan.tv\\\/az\\\/#\\\/schema\\\/person\\\/10d11eccf6da3662cf5fdab9806ea91a\",\"name\":\"user-manager\"}]}<\/script>\n<!-- \/ Yoast SEO plugin. -->","yoast_head_json":{"title":"Qadir \u0130brahimli: \u0130qtisadiyyatda ''t\u0259mkinli b\u00fcdc\u0259'' anlay\u0131\u015f\u0131 yoxdu - MEYDAN.TV","robots":{"index":"index","follow":"follow","max-snippet":"max-snippet:-1","max-image-preview":"max-image-preview:large","max-video-preview":"max-video-preview:-1"},"canonical":"https:\/\/www.meydan.tv\/az\/article\/qadir-ibrahimli-iqtisadiyyatda-temkinli-budce-anlayisi-yoxdu\/","og_locale":"az_AZ","og_type":"article","og_title":"Qadir \u0130brahimli: \u0130qtisadiyyatda ''t\u0259mkinli b\u00fcdc\u0259'' anlay\u0131\u015f\u0131 yoxdu - MEYDAN.TV","og_description":"''Neft \u00f6lk\u0259l\u0259rinin b\u00f6hran\u0131ndan \u0259n pis qiym\u0259ti Az\u0259rbaycan ald\u0131''","og_url":"https:\/\/www.meydan.tv\/az\/article\/qadir-ibrahimli-iqtisadiyyatda-temkinli-budce-anlayisi-yoxdu\/","og_site_name":"MEYDAN.TV","article_published_time":"2016-12-28T16:26:16+00:00","og_image":[{"width":600,"height":400,"url":"https:\/\/www.meydan.tv\/wp-content\/uploads\/27606.jpg","type":"image\/jpeg"}],"author":"user-manager","twitter_card":"summary_large_image","schema":{"@context":"https:\/\/schema.org","@graph":[{"@type":"Article","@id":"https:\/\/www.meydan.tv\/az\/article\/qadir-ibrahimli-iqtisadiyyatda-temkinli-budce-anlayisi-yoxdu\/#article","isPartOf":{"@id":"https:\/\/www.meydan.tv\/az\/article\/qadir-ibrahimli-iqtisadiyyatda-temkinli-budce-anlayisi-yoxdu\/"},"author":{"name":"user-manager","@id":"https:\/\/www.meydan.tv\/az\/#\/schema\/person\/10d11eccf6da3662cf5fdab9806ea91a"},"headline":"Qadir \u0130brahimli: \u0130qtisadiyyatda &#8221;t\u0259mkinli b\u00fcdc\u0259&#8221; anlay\u0131\u015f\u0131 yoxdu","datePublished":"2016-12-28T16:26:16+00:00","mainEntityOfPage":{"@id":"https:\/\/www.meydan.tv\/az\/article\/qadir-ibrahimli-iqtisadiyyatda-temkinli-budce-anlayisi-yoxdu\/"},"wordCount":497,"publisher":{"@id":"https:\/\/www.meydan.tv\/az\/#organization"},"image":{"@id":"https:\/\/www.meydan.tv\/az\/article\/qadir-ibrahimli-iqtisadiyyatda-temkinli-budce-anlayisi-yoxdu\/#primaryimage"},"thumbnailUrl":"https:\/\/www.meydan.tv\/wp-content\/uploads\/27606.jpg","articleSection":["Analitika"],"inLanguage":"az"},{"@type":"WebPage","@id":"https:\/\/www.meydan.tv\/az\/article\/qadir-ibrahimli-iqtisadiyyatda-temkinli-budce-anlayisi-yoxdu\/","url":"https:\/\/www.meydan.tv\/az\/article\/qadir-ibrahimli-iqtisadiyyatda-temkinli-budce-anlayisi-yoxdu\/","name":"Qadir \u0130brahimli: \u0130qtisadiyyatda ''t\u0259mkinli b\u00fcdc\u0259'' anlay\u0131\u015f\u0131 yoxdu - MEYDAN.TV","isPartOf":{"@id":"https:\/\/www.meydan.tv\/az\/#website"},"primaryImageOfPage":{"@id":"https:\/\/www.meydan.tv\/az\/article\/qadir-ibrahimli-iqtisadiyyatda-temkinli-budce-anlayisi-yoxdu\/#primaryimage"},"image":{"@id":"https:\/\/www.meydan.tv\/az\/article\/qadir-ibrahimli-iqtisadiyyatda-temkinli-budce-anlayisi-yoxdu\/#primaryimage"},"thumbnailUrl":"https:\/\/www.meydan.tv\/wp-content\/uploads\/27606.jpg","datePublished":"2016-12-28T16:26:16+00:00","breadcrumb":{"@id":"https:\/\/www.meydan.tv\/az\/article\/qadir-ibrahimli-iqtisadiyyatda-temkinli-budce-anlayisi-yoxdu\/#breadcrumb"},"inLanguage":"az","potentialAction":[{"@type":"ReadAction","target":["https:\/\/www.meydan.tv\/az\/article\/qadir-ibrahimli-iqtisadiyyatda-temkinli-budce-anlayisi-yoxdu\/"]}]},{"@type":"ImageObject","inLanguage":"az","@id":"https:\/\/www.meydan.tv\/az\/article\/qadir-ibrahimli-iqtisadiyyatda-temkinli-budce-anlayisi-yoxdu\/#primaryimage","url":"https:\/\/www.meydan.tv\/wp-content\/uploads\/27606.jpg","contentUrl":"https:\/\/www.meydan.tv\/wp-content\/uploads\/27606.jpg","width":600,"height":400,"caption":"Source:"},{"@type":"BreadcrumbList","@id":"https:\/\/www.meydan.tv\/az\/article\/qadir-ibrahimli-iqtisadiyyatda-temkinli-budce-anlayisi-yoxdu\/#breadcrumb","itemListElement":[{"@type":"ListItem","position":1,"name":"Ana s\u0259hif\u0259","item":"https:\/\/www.meydan.tv\/az\/"},{"@type":"ListItem","position":2,"name":"Analitika","item":"https:\/\/www.meydan.tv\/az\/section\/analitika\/"},{"@type":"ListItem","position":3,"name":"Qadir \u0130brahimli: \u0130qtisadiyyatda &#8221;t\u0259mkinli b\u00fcdc\u0259&#8221; anlay\u0131\u015f\u0131 yoxdu"}]},{"@type":"WebSite","@id":"https:\/\/www.meydan.tv\/az\/#website","url":"https:\/\/www.meydan.tv\/az\/","name":"MEYDAN.TV","description":"Meydan TV Az\u0259rbaycan\u0131n media m\u0259kan\u0131ndak\u0131 alternativ s\u0259sidir","publisher":{"@id":"https:\/\/www.meydan.tv\/az\/#organization"},"potentialAction":[{"@type":"SearchAction","target":{"@type":"EntryPoint","urlTemplate":"https:\/\/www.meydan.tv\/az\/?s={search_term_string}"},"query-input":{"@type":"PropertyValueSpecification","valueRequired":true,"valueName":"search_term_string"}}],"inLanguage":"az"},{"@type":"Organization","@id":"https:\/\/www.meydan.tv\/az\/#organization","name":"Meydan TV","url":"https:\/\/www.meydan.tv\/az\/","logo":{"@type":"ImageObject","inLanguage":"az","@id":"https:\/\/www.meydan.tv\/az\/#\/schema\/logo\/image\/","url":"https:\/\/www.meydan.tv\/wp-content\/uploads\/2021\/07\/meydan-logo.svg","contentUrl":"https:\/\/www.meydan.tv\/wp-content\/uploads\/2021\/07\/meydan-logo.svg","width":195,"height":46,"caption":"Meydan TV"},"image":{"@id":"https:\/\/www.meydan.tv\/az\/#\/schema\/logo\/image\/"}},{"@type":"Person","@id":"https:\/\/www.meydan.tv\/az\/#\/schema\/person\/10d11eccf6da3662cf5fdab9806ea91a","name":"user-manager"}]}},"_links":{"self":[{"href":"https:\/\/www.meydan.tv\/az\/wp-json\/wp\/v2\/posts\/181546","targetHints":{"allow":["GET"]}}],"collection":[{"href":"https:\/\/www.meydan.tv\/az\/wp-json\/wp\/v2\/posts"}],"about":[{"href":"https:\/\/www.meydan.tv\/az\/wp-json\/wp\/v2\/types\/post"}],"author":[{"embeddable":true,"href":"https:\/\/www.meydan.tv\/az\/wp-json\/wp\/v2\/users\/11"}],"replies":[{"embeddable":true,"href":"https:\/\/www.meydan.tv\/az\/wp-json\/wp\/v2\/comments?post=181546"}],"version-history":[{"count":0,"href":"https:\/\/www.meydan.tv\/az\/wp-json\/wp\/v2\/posts\/181546\/revisions"}],"wp:featuredmedia":[{"embeddable":true,"href":"https:\/\/www.meydan.tv\/az\/wp-json\/wp\/v2\/media\/72436"}],"wp:attachment":[{"href":"https:\/\/www.meydan.tv\/az\/wp-json\/wp\/v2\/media?parent=181546"}],"wp:term":[{"taxonomy":"category","embeddable":true,"href":"https:\/\/www.meydan.tv\/az\/wp-json\/wp\/v2\/categories?post=181546"},{"taxonomy":"post_tag","embeddable":true,"href":"https:\/\/www.meydan.tv\/az\/wp-json\/wp\/v2\/tags?post=181546"}],"curies":[{"name":"wp","href":"https:\/\/api.w.org\/{rel}","templated":true}]}}