{"id":181539,"date":"2016-12-28T14:46:39","date_gmt":"2016-12-28T14:46:39","guid":{"rendered":"https:\/\/www.meydan.tv\/article\/ziyafet-esgerov-tesdiq-etdiyimiz-budce-cox-temkinli-budcedir\/"},"modified":"2016-12-28T14:46:39","modified_gmt":"2016-12-28T14:46:39","slug":"ziyafet-esgerov-tesdiq-etdiyimiz-budce-cox-temkinli-budcedir","status":"publish","type":"post","link":"https:\/\/www.meydan.tv\/az\/article\/ziyafet-esgerov-tesdiq-etdiyimiz-budce-cox-temkinli-budcedir\/","title":{"rendered":"Ziyaf\u0259t \u018fsg\u0259rov: T\u0259sdiq etdiyimiz b\u00fcdc\u0259 \u00e7ox t\u0259mkinli b\u00fcdc\u0259dir"},"content":{"rendered":"<figure class=\"wp-block-image size-large\">\n  <img decoding=\"async\" src=\"https:\/\/www.meydan.tv\/az\/53685\/\" alt=\"\" class=\"wp-image-53685\"\/><figcaption><\/figcaption><\/figure>\n<figure class=\"wp-block-image size-large\">\n  <img decoding=\"async\" src=\"https:\/\/www.meydan.tv\/az\/53685\/\" alt=\"\" class=\"wp-image-53685\"\/><figcaption>\n    Ziyaf\u0259t \u018fsg\u0259rov<br \/>\n  <\/figcaption><\/figure>\n<p>\n  <i><br \/>\n    &#8221;Erm\u0259nistan bu il Az\u0259rbaycandan \u00e7ox yax\u015f\u0131 sill\u0259 yedi&#8221;<br \/>\n  <\/i>\n<\/p>\n<p>\n  \u201cB\u00fcdc\u0259 bizim \u0259sas maliyy\u0259 s\u0259n\u0259dimizdir.\u00a0Hesab edir\u0259m ki, m\u00fcxt\u0259lif m\u00f6vqeli m\u00fczakir\u0259l\u0259r\u0259 baxmayaraq, t\u0259sdiq etdiyimiz b\u00fcdc\u0259 \u00e7ox t\u0259mkinli b\u00fcdc\u0259dir. Haz\u0131rda d\u00fcnyada maliyy\u0259-iqtisadi b\u00f6hran davam etdiyi bir vaxtda Az\u0259rbaycan iqtisadiyyat\u0131 bug\u00fcn\u0259 q\u0259d\u0259r riskl\u0259rd\u0259n kifay\u0259t q\u0259d\u0259r \u00f6z\u00fcn\u00fc qoruya bilib. Baxmayaraq ki, bizim d\u0259 m\u00fc\u0259yy\u0259n \u00e7\u0259tinlikl\u0259rimiz var\u201d.\n<\/p>\n<p>\n  Bu s\u00f6zl\u0259ri Milli M\u0259clis s\u0259drinin birinci m\u00fcavini, M\u00fcdafi\u0259, t\u0259hl\u00fck\u0259sizlik v\u0259 korrupsiya il\u0259 m\u00fcbariz\u0259 komit\u0259sinin s\u0259dri Ziyaf\u0259t \u018fsg\u0259rov APA-ya m\u00fcsahib\u0259sind\u0259 deyib. Onun s\u00f6zl\u0259rin\u0259 g\u00f6r\u0259, Az\u0259rbaycan d\u00fcnyaya a\u00e7\u0131q \u00f6lk\u0259dir:\n<\/p>\n<p>\n  \u201cD\u00fcnya iqtisadiyyat\u0131n\u0131n t\u0259rkib hiss\u0259siyik.\u00a0Buna baxmayaraq, Az\u0259rbaycanda apar\u0131lan d\u00fczg\u00fcn iqtisadi, sosial v\u0259 dig\u0259r y\u00f6n\u00fcml\u00fc siyas\u0259t imkan verdi ki, \u00f6lk\u0259 \u00f6z\u00fcn\u00fc qoruya bilsin. Bildiyiniz kimi, bu yax\u0131nlarda Az\u0259rbaycan prezidentinin x\u00fcsusi s\u0259r\u0259ncam\u0131 il\u0259 milli iqtisadiyyat\u0131m\u0131zla ba\u011fl\u0131 yol x\u0259rit\u0259si m\u00fc\u0259yy\u0259n olundu. Bu yol x\u0259rit\u0259si postneft d\u00f6vr\u00fcn\u00fcn \u0259n \u00f6n\u0259mli s\u0259n\u0259dl\u0259rind\u0259n olacaq. Burada m\u00fcxt\u0259lif istiqam\u0259tl\u0259r m\u00fc\u0259yy\u0259n edilib. Bu yol x\u0259rit\u0259si imkan ver\u0259c\u0259k ki, Az\u0259rbaycan daha da inki\u015faf etsin, daha da g\u00fccl\u0259nsin, \u0259halinin rifah\u0131 daha da yax\u015f\u0131la\u015fs\u0131n\u201d.\n<\/p>\n<\/p>\n<p>\n  <i><br \/>\n    <b><br \/>\n      \u201cH<br \/>\n    <\/b><br \/>\n    <b><br \/>\n      \u0259rbi b\u00fcdc\u0259 bax\u0131m\u0131ndan he\u00e7 vaxt z\u0259ifl\u0259y\u0259 bilm\u0259rik<br \/>\n    <\/b><br \/>\n    <b><br \/>\n      \u201d<br \/>\n    <\/b><br \/>\n  <\/i>\n<\/p>\n<p>\n  Bir s\u0131ra qanunlara b\u00fcdc\u0259d\u0259n istifad\u0259 il\u0259 ba\u011fl\u0131 q\u0259na\u0259t xarakterli d\u00fcz\u0259li\u015fl\u0259rin edilm\u0259sind\u0259n dan\u0131\u015fan Z.\u018fsg\u0259rov deyib ki, bu, h\u0259rbi sah\u0259y\u0259 \u015famil olunmayacaq:\n<\/p>\n<p>\n  \u201cQ\u0259na\u0259ti h\u0259mi\u015f\u0259 etm\u0259k laz\u0131md\u0131r. \u0130st\u0259r b\u00fcdc\u0259 v\u0259saitl\u0259ri \u00e7ox olan d\u00f6vrd\u0259, ist\u0259rs\u0259 d\u0259 az olan d\u00f6vrd\u0259. \u00dcmumiyy\u0259tl\u0259, q\u0259na\u0259t yax\u015f\u0131 keyfiyy\u0259tdir. Amma fikir vers\u0259niz, h\u0259rbi b\u00fcdc\u0259 il\u0259 ba\u011fl\u0131 he\u00e7 bir problem yoxdur. Bizim qar\u015f\u0131ya qoydu\u011fumuz m\u0259qs\u0259d odur ki, Az\u0259rbaycan\u0131n h\u0259rbi g\u00fcc\u00fc bug\u00fcn\u0259 q\u0259d\u0259r oldu\u011fu kimi, bundan sonra da arts\u0131n. \u00c7\u00fcnki biz bilirik ki, Erm\u0259nistan Az\u0259rbaycan\u0131n 20 faiz torpa\u011f\u0131n\u0131 i\u015f\u011fal etdiyi \u00fc\u00e7\u00fcn qar\u015f\u0131m\u0131zda hans\u0131 v\u0259zif\u0259l\u0259r durur. Bu m\u0259nada biz h\u0259rbi b\u00fcdc\u0259 bax\u0131m\u0131ndan he\u00e7 vaxt z\u0259ifl\u0259y\u0259 bilm\u0259rik.\n<\/p>\n<\/p>\n<p>\n  <i><br \/>\n    <b><br \/>\n      \u201cErm\u0259nil\u0259r yersiz sual verdil\u0259r\u201d<br \/>\n    <\/b><br \/>\n  <\/i>\n<\/p>\n<p>\n  NATO PA-n\u0131n\u00a0n\u00f6vb\u0259ti sessiyas\u0131ndak\u0131 i\u015ftirak\u0131ndan dan\u0131\u015fan vitse-spiker deyib ki, topant\u0131daerm\u0259nil\u0259r yen\u0259 t\u0259xribata \u0259l at\u0131blar:\n<\/p>\n<p>\n  \u201cYeri g\u0259ldi g\u0259lm\u0259di, m\u00f6vzuya aidiyy\u0259ti oldu olmad\u0131, yersiz v\u0259 m\u0259ntiqsiz suallar verirdil\u0259r, fikirl\u0259r s\u00f6yl\u0259yirdil\u0259r. Bu d\u0259f\u0259 d\u0259 orada T\u00fcrkiy\u0259nin Ba\u015f Q\u0259rargah r\u0259isin\u0259 yersiz suallar verdil\u0259r.\u00a0M\u0259s\u0259l\u0259n, \u018ffqan\u0131standak\u0131 v\u0259ziyy\u0259t m\u00fczakir\u0259 olunark\u0259n erm\u0259nil\u0259r q\u0259fl\u0259t\u0259n sual verdil\u0259r ki, \u201c27 d\u00f6vl\u0259t \u201cerm\u0259ni soyq\u0131r\u0131m\u0131\u201dn\u0131 tan\u0131y\u0131b, T\u00fcrkiy\u0259 n\u0259 vaxt tan\u0131yacaq?\u201d \u00d6z\u00fc d\u0259 bu sual\u0131 Ba\u015f Q\u0259rargah r\u0259isin\u0259 verirl\u0259r. M\u0259ntiqi yox, yeri yox, tamamil\u0259 m\u0259nas\u0131z bir sual. Ham\u0131n\u0131z da \u015fahidi oldunuz ki, Ba\u015f Q\u0259rargah r\u0259isi onlara nec\u0259 cavab verdi&#8230; El\u0259c\u0259 d\u0259, h\u00f6rm\u0259tli M\u00f6vlud \u00c7avu\u015fo\u011fluna veril\u0259n sual tamamil\u0259 m\u0259nas\u0131z v\u0259 yersiz idi. H\u0259r ikisinin erm\u0259nil\u0259r\u0259 cavab\u0131 salonda alq\u0131\u015flarla qar\u015f\u0131land\u0131. Bu, o dem\u0259kdir ki, uydurma soyq\u0131r\u0131m s\u00f6hb\u0259ti art\u0131q d\u00fcnya \u00f6lk\u0259l\u0259rini, onlar\u0131n deputatlar\u0131n\u0131 da bezdirib. Bunlar harada g\u0259ldi, m\u00f6vzuya d\u0259xli oldu,\u00a0olmad\u0131, bu uydurma m\u0259s\u0259l\u0259ni ortaya at\u0131rlar v\u0259 bundan ba\u015fqa m\u00f6vzu bilmirl\u0259r. T\u0259xribat xarakterli m\u00f6vzu se\u00e7m\u0259k, aran\u0131 qatmaq bunlar\u0131n pe\u015f\u0259sin\u0259 \u00e7evrilib. M\u00f6vlud \u00c7avu\u015fo\u011flu onlara cavab\u0131nda d\u00fczg\u00fcn qeyd etdi ki, \u0259sl soyq\u0131r\u0131m\u0131 unutdurub, uydurma soyq\u0131r\u0131mdan dan\u0131\u015fmay\u0131n. \u018fsl soyq\u0131r\u0131m Xocal\u0131 soyq\u0131r\u0131m\u0131d\u0131r ki, onu da siz erm\u0259nil\u0259r t\u00f6r\u0259tdiniz. Bu, \u00e7ox uzaqda yox, yax\u0131n tarixd\u0259 ba\u015f verib, niy\u0259 bunu unudursunuz? Bu, ham\u0131n\u0131n g\u00f6z\u00fc qar\u015f\u0131s\u0131nda ba\u015f vermi\u015f hadis\u0259dir v\u0259 d\u00fcnya buna \u00f6z qiym\u0259tini verm\u0259lidir. Bizim deputatlar da m\u00f6vzunu geni\u015fl\u0259ndir\u0259r\u0259k bir daha NATO PA \u00fczvl\u0259rinin n\u0259z\u0259rin\u0259 \u00e7atd\u0131rd\u0131lar ki, Xocal\u0131 soyq\u0131r\u0131m\u0131ndan dan\u0131\u015fmaq laz\u0131md\u0131r. Yoxsa, uzaq ke\u00e7mi\u015fd\u0259n bir tarix se\u00e7\u0259r\u0259k, hay-h\u0259\u015fir salmaq laz\u0131m deyil. T\u00fcrkiy\u0259 prezidenti h\u00f6rm\u0259tli R\u0259c\u0259b Tayyib \u018frdo\u011fan da d\u0259f\u0259l\u0259rl\u0259 erm\u0259nil\u0259r\u0259 deyib ki, \u201c\u0259g\u0259r siz bu m\u0259s\u0259l\u0259ni qoyursunuzsa, g\u0259lin arxivl\u0259ri a\u00e7aq. Niy\u0259 arxivl\u0259rin a\u00e7\u0131lmas\u0131ndan qorxursunuz? G\u0259lin beyn\u0259lxalq komissiya yaradaq v\u0259 tarix\u00e7il\u0259r arxivl\u0259rd\u0259 i\u015fl\u0259sinl\u0259r, h\u0259qiq\u0259ti d\u0259 ortaya qoysunlar.\u201d. Amma erm\u0259nil\u0259r buna getmirl\u0259r. \u018fg\u0259r h\u0259qiq\u0259t\u0259n soyq\u0131r\u0131m ba\u015f veribs\u0259, o zaman erm\u0259nil\u0259r niy\u0259 arxivl\u0259rin a\u00e7\u0131lmas\u0131na getmir? Dem\u0259li, yaland\u0131r v\u0259 bu m\u00f6vzu onlar \u00fc\u00e7\u00fcn siyasi oyun al\u0259tidir\u201d.\n<\/p>\n<\/p>\n<p>\n  Z.\u018fsg\u0259rov m\u00fcsahib\u0259sind\u0259 erm\u0259ni f\u0259allar\u0131n\u0131n Az\u0259rbaycana s\u0259f\u0259rind\u0259n d\u0259 dan\u0131\u015f\u0131b:\n<\/p>\n<p>\n  \u201cM\u0259n siz\u0259 deyim ki, \u0259vv\u0259la, erm\u0259ni f\u0259allar\u0131n Az\u0259rbaycana g\u0259lm\u0259si v\u0259 bizimkil\u0259rin Erm\u0259nistana s\u0259f\u0259rl\u0259ri yeni bir hadis\u0259 deyil.\u00a0Y\u0259ni, bu platforma \u00e7\u0259r\u00e7iv\u0259sind\u0259 onlar\u0131n h\u0259r hans\u0131 n\u00fcmay\u0259nd\u0259sinin bura g\u0259lm\u0259sinin Az\u0259rbaycan\u0131n t\u0259hl\u00fck\u0259sizliyin\u0259 t\u0259hdid yaratmas\u0131n\u0131 m\u0259n g\u00f6rm\u00fcr\u0259m. Bunlar onsuz da qapal\u0131 obyektl\u0259r\u0259 getmirl\u0259r, he\u00e7 onlar\u0131 ora buraxan da yoxdur. Amma onlar a\u00e7\u0131q formada Erm\u0259nistan\u0131n Az\u0259rbaycana qar\u015f\u0131 i\u015f\u011fal\u00e7\u0131l\u0131q siyas\u0259tini etiraf edirl\u0259rs\u0259, Erm\u0259nistan\u0131 t\u0259nqid edirl\u0259rs\u0259, Az\u0259rbaycan h\u0259qiq\u0259tl\u0259rini dil\u0259 g\u0259tirirl\u0259rs\u0259, r\u0259smi \u0130r\u0259van\u0131n i\u015f\u011fal\u00e7\u0131l\u0131q mahiyy\u0259tini a\u00e7\u0131b g\u00f6st\u0259rirl\u0259rs\u0259, o zaman bunun n\u0259yi pisdir? M\u0259n buna normal bax\u0131ram. Qoy, erm\u0259nil\u0259r \u00f6zl\u0259ri etiraf etsinl\u0259r ki, \u00f6lk\u0259l\u0259ri i\u015f\u011fal\u00e7\u0131d\u0131r, etiraf etsinl\u0259r ki, Az\u0259rbaycanda hans\u0131 cinay\u0259tl\u0259ri t\u00f6r\u0259dibl\u0259r, Xocal\u0131 soyq\u0131r\u0131m\u0131na s\u0259b\u0259bkar olublar, siyasi r\u0259hb\u0259rl\u0259ri bu cinay\u0259tl\u0259rin icra\u00e7\u0131s\u0131d\u0131rlar v\u0259 sair&#8230; Qoy desinl\u0259r, etiraf etsinl\u0259r. Burada pis he\u00e7 n\u0259 yoxdur\u201d.\n<\/p>\n<\/p>\n<p>\n  <b><br \/>\n    \u201cErm\u0259nistan marionet d\u00f6vl\u0259tdir\u201d<br \/>\n  <\/b>\n<\/p>\n<p>\n  Erm\u0259nistan r\u0259smil\u0259rinin Az\u0259rbaycana qar\u015f\u0131 b\u0259yanatlar s\u0259sl\u0259ndirm\u0259si m\u0259s\u0259l\u0259sin\u0259 toxunan deputat hesab edir ki, bunlar\u0131n ham\u0131s\u0131 Erm\u0259nistan\u0131n daxili auditoriyas\u0131na hesablanm\u0131\u015f add\u0131mlard\u0131r:\n<\/p>\n<p>\n  \u201cErm\u0259nistan\u0131n c\u0259mi 2 milyard dollar d\u00f6vl\u0259t b\u00fcdc\u0259si var.\u00a0Soru\u015fmaq laz\u0131md\u0131r ki, s\u0259n bu b\u00fcdc\u0259 il\u0259 Az\u0259rbaycana qar\u015f\u0131 n\u0259 ed\u0259 bil\u0259rs\u0259n, ay b\u0259db\u0259xt? Sad\u0259c\u0259 olaraq, onlar bu ilin aprel hadis\u0259l\u0259rind\u0259 \u00f6z t\u0259xribatlar\u0131na tutarl\u0131 cavab ald\u0131lar. S\u00f6z\u00fcn \u0259sl m\u0259nas\u0131nda Erm\u0259nistan bu il Az\u0259rbaycandan \u00e7ox yax\u015f\u0131 sill\u0259 yedi. Bundan sonra h\u0259l\u0259 d\u0259 \u00f6zl\u0259rin\u0259 g\u0259l\u0259 bilm\u0259yibl\u0259r v\u0259 daxili auditoriyalar\u0131n\u0131 inand\u0131rma\u011fa \u00e7al\u0131\u015f\u0131rlar ki, guya Erm\u0259nistan\u0131n filan silah\u0131 budur, k\u0259\u015ffiyyat\u0131 bel\u0259 i\u015fl\u0259yir v\u0259 s. B\u00fct\u00fcn bunlar\u0131n da he\u00e7 bir \u0259sas\u0131 yoxdur. Az\u0259rbaycan yet\u0259rinc\u0259 g\u00fccl\u00fc d\u00f6vl\u0259tdir. Erm\u0259nistan bu g\u00fcc\u00fc g\u00f6rd\u00fc v\u0259 h\u0259l\u0259 d\u0259 \u00f6z\u00fcn\u0259 g\u0259l\u0259 bilmir. Ona g\u00f6r\u0259 d\u0259 bel\u0259 vasit\u0259l\u0259rl\u0259 \u0259halini sakitl\u0259\u015fdirm\u0259k ist\u0259yirl\u0259r. Amma bel\u0259 bir s\u00f6z var: divar bit\u0259nd\u0259n sonra hara ged\u0259c\u0259ks\u0259n? \u018fslind\u0259 bu \u00f6lk\u0259y\u0259 Erm\u0259nistan Respublikas\u0131 deyilm\u0259si d\u0259 d\u00fczg\u00fcn deyil. Bu, Erm\u0259nistan adl\u0131 bir qurumdur, bir forpostdur, iqtisadiyyat\u0131n\u0131n da 80 faizi he\u00e7 \u00f6z\u00fcn\u00fcn deyil, ba\u015fqa d\u00f6vl\u0259tindir. \u0130ndi buna m\u00fcst\u0259qil d\u00f6vl\u0259t dem\u0259k m\u00fcmk\u00fcnd\u00fcrm\u00fc? Erm\u0259nistan\u0131n daxilind\u0259 haz\u0131rda acl\u0131q, s\u0259fal\u0259t v\u0259 sosial g\u0259rginlik h\u00f6km s\u00fcr\u00fcr. \u0130nsanlar Erm\u0259nistan\u0131 t\u0259rk edib gedirl\u0259r. \u00c7\u00fcnki ya\u015famaq \u00fc\u00e7\u00fcn orada he\u00e7 n\u0259 qalmay\u0131b, rejim is\u0259 h\u0259rbi xuntad\u0131r. Q\u0131sas\u0131, marionet d\u00f6vl\u0259tdir\u201d.\n<\/p>\n<\/p>\n<p>\n  <i><br \/>\n    <b><br \/>\n      \u201cRusiyadan r\u0259smi izahat g\u00f6zl\u0259yirik\u201d<br \/>\n    <\/b><br \/>\n  <\/i>\n<\/p>\n<p>\n  \u201cAT\u018fT-in Minsk Qrupunun h\u0259ms\u0259dri olan Rusiya bu yax\u0131nlarda Erm\u0259nistan birl\u0259\u015fmi\u015f ordu yarad\u0131lmas\u0131 bar\u0259d\u0259 q\u0259rar q\u0259bul etdi. Sizc\u0259, Da\u011fl\u0131q Qaraba\u011f m\u00fcnaqi\u015f\u0259sind\u0259 vasit\u0259\u00e7i olan \u00f6lk\u0259nin bu add\u0131m\u0131 n\u0259 anlama g\u0259lir\u201d \u2013 sual\u0131na Z.\u018fsg\u0259rov bel\u0259 cavab verib:\n<\/p>\n<p>\n  \u201cM\u0259n bu m\u0259s\u0259l\u0259 il\u0259 \u0259laq\u0259dar Xarici \u0130\u015fl\u0259r Nazirliyi il\u0259 d\u0259 dan\u0131\u015fm\u0131\u015fam. Onlar Rusiyan\u0131n Xarici \u0130\u015fl\u0259r Nazirliyin\u0259 r\u0259smi sor\u011fu g\u00f6nd\u0259ribl\u0259r. H\u0259l\u0259 biz\u0259 Rusiya konkret r\u0259smi cavab verm\u0259yib ki, bunu n\u0259 m\u0259qs\u0259dl\u0259 edib. Bir qrup ekspert deyir ki, bu, NATO-ya qar\u015f\u0131d\u0131r. Dig\u0259rl\u0259ri is\u0259 deyir ki, Erm\u0259nistan\u0131n t\u0259hl\u00fck\u0259sizliyi il\u0259 ba\u011fl\u0131d\u0131r. Amma biz Rusiyan\u0131n \u00f6z\u00fcnd\u0259n r\u0259smi izahat ald\u0131qdan sonra fikrimizi s\u00f6yl\u0259y\u0259c\u0259yik\u201d.\n<\/p>\n<p>\n  Parlament s\u0259drinin m\u00fcavini onu da vur\u011fulay\u0131b ki, Rusiya Erm\u0259nistana \u201c\u0130sg\u0259nd\u0259r\u201d raket kompleksi satmas\u0131 m\u0259s\u0259l\u0259sini r\u0259smi a\u00e7\u0131qlamay\u0131b:\n<\/p>\n<p>\n  \u201cR\u0259smi s\u0259viyy\u0259d\u0259 a\u00e7\u0131qlanmay\u0131b, ekspertl\u0259r s\u0259viyy\u0259sind\u0259 deyilir. R\u0259smi a\u00e7\u0131qlanmal\u0131d\u0131r. Biz r\u0259smi cavab ald\u0131qdan sonra q\u0259rar\u0131m\u0131z\u0131 bildir\u0259c\u0259yik. \u018flb\u0259tt\u0259, Rusiya Minsk Qrupunun h\u0259ms\u0259drl\u0259rind\u0259n biri kimi bit\u0259r\u0259f olmal\u0131d\u0131r ki, bu m\u00fcnaqi\u015f\u0259 h\u0259ll olunsun\u201d.\n<\/p>\n<p>\n  AB\u015e-\u0131n d\u00f6vl\u0259t katibi Kerrinin Da\u011fl\u0131q Qaraba\u011fla ba\u011fl\u0131 b\u0259yanat\u0131na m\u00fcnasib\u0259t bildir\u0259n Z.\u018fsg\u0259rov hesab edir ki, status-kvo m\u00fctl\u0259q d\u0259yi\u015fm\u0259lidir:\n<\/p>\n<p>\n  \u201cAB\u015e-\u0131n s\u0259firi burda bir s\u00f6z deyir, orda dig\u0259r r\u0259smil\u0259ri ba\u015fqa s\u00f6z deyir. H\u0259ms\u0259dr d\u00f6vl\u0259tl\u0259rin xarici siyas\u0259tl\u0259rind\u0259 d\u0259 konkretlik yoxdur. D\u00f6vl\u0259t ba\u015f\u00e7\u0131lar\u0131 bir b\u0259yanat verir, s\u0259firl\u0259ri ba\u015fqa c\u00fcr dan\u0131\u015f\u0131r, d\u00f6vl\u0259t katibl\u0259ri d\u0259 ba\u015fqa c\u00fcr. Bax, buna g\u00f6r\u0259 d\u0259 Minsk Qrupuna art\u0131q inam yoxdur. Bunlar he\u00e7 n\u0259 etm\u0259y\u0259c\u0259kl\u0259r. Biz yaln\u0131z \u00f6z g\u00fcc\u00fcm\u00fcz\u0259 arxalanmal\u0131y\u0131q, v\u0259ssalam! Status-kvo d\u0259yi\u015f\u0259c\u0259k. Erm\u0259nistana t\u0259zyiq g\u00f6st\u0259rilm\u0259lidir, b\u0259yanatlardan ir\u0259li getm\u0259k laz\u0131md\u0131r\u201d.\n<\/p>\n<\/p>\n<p>\n  <i><br \/>\n    <b><br \/>\n      \u201cN\u0259dir sizin fikriniz?\u201d<br \/>\n    <\/b><br \/>\n  <\/i>\n<\/p>\n<p>\n  Jurnalistin \u201cH\u0259r \u00fc\u00e7 h\u0259ms\u0259dr \u00f6lk\u0259d\u0259 (AB\u015e, Fransa, Rusiya) separat\u00e7\u0131 Da\u011fl\u0131q Qaraba\u011f rejiminin n\u00fcmay\u0259nd\u0259liyi var. Az\u0259rbaycan vasit\u0259\u00e7i \u00f6lk\u0259l\u0259rin \u00f6z missiyalar\u0131na zidd olan bu add\u0131mlar\u0131na niy\u0259 ciddi etiraz etmir\u201d sual\u0131na cavab\u0131nda deputat art\u0131q Minsk Qrupuna inanmad\u0131\u011f\u0131n\u0131 s\u00f6yl\u0259yib:\n<\/p>\n<p>\n  \u201cBu inams\u0131zl\u0131\u011f\u0131n k\u00f6kl\u00fc s\u0259b\u0259bl\u0259rind\u0259n biri d\u0259 budur. Do\u011frudan da, siz nec\u0259 vasit\u0259\u00e7isiniz ki, bir t\u0259r\u0259fd\u0259n Az\u0259rbaycan-Erm\u0259nistan, Da\u011fl\u0131q Qaraba\u011f m\u00fcnaqi\u015f\u0259sinin h\u0259lli il\u0259 m\u0259\u015f\u011fulsunuz, dig\u0259r t\u0259r\u0259fd\u0259n bu separat\u00e7\u0131 rejimin n\u0259inki n\u00fcmay\u0259nd\u0259liyini yarad\u0131rs\u0131n\u0131z, h\u0259tta onun r\u0259hb\u0259rliyi il\u0259 r\u0259smi g\u00f6r\u00fc\u015fl\u0259r d\u0259 ke\u00e7irirsiniz? Bu, \u0259lb\u0259tt\u0259, bizi ciddi narahat edir. Bu m\u0259s\u0259l\u0259y\u0259 d\u0259 ayd\u0131nl\u0131q g\u0259lm\u0259lidir. H\u0259ms\u0259dr d\u00f6vl\u0259tl\u0259r bu m\u0259s\u0259l\u0259y\u0259 ayd\u0131nl\u0131q g\u0259tirm\u0259lidir. Minsk Qrupu yarad\u0131l\u0131b, BMT T\u015e-nin 4 m\u0259lum q\u0259tnam\u0259si var, h\u0259r \u00fc\u00e7\u00fcn\u00fcz d\u0259 BMT T\u0259hl\u00fck\u0259sizlik \u015euras\u0131n\u0131n daimi \u00fczv\u00fcs\u00fcn\u00fcz, n\u0259 \u00fc\u00e7\u00fcn q\u0259tnam\u0259l\u0259r\u0259 \u0259m\u0259l etmirsiniz ? N\u0259dir sizin fikriniz? A\u00e7\u0131q, konkret biz\u0259 fikrinizi deyin, i\u015fimizi bil\u0259k. Biz onsuz da i\u015fimizi bilirik v\u0259 n\u0259 ed\u0259c\u0259yimizi d\u0259 bilirik. Bilirsiniz, bu q\u0259d\u0259r riyakarl\u0131q olmaz\u201d.\n<\/p>\n<p>\n  7 rayonun qaytar\u0131lmas\u0131, \u0259raziy\u0259 s\u00fclhm\u0259raml\u0131lar\u0131n yerl\u0259\u015fdirilm\u0259si m\u0259s\u0259l\u0259sin\u0259 d\u0259 toxunan vitse-spiker deyib ki, bu, daha \u00e7ox siyasi m\u0259s\u0259l\u0259dir:\n<\/p>\n<p>\n  \u201cC\u0259nab prezidentin d\u0259 b\u0259yanat\u0131nda g\u00f6st\u0259rildiyi kimi, biz Da\u011fl\u0131q Qaraba\u011f m\u00fcnaqi\u015f\u0259sinin m\u0259rh\u0259l\u0259li h\u0259llinin t\u0259r\u0259fdar\u0131y\u0131q. \u0130ndi bu be\u015f rayon olacaq, yeddi rayon olacaq, ne\u00e7\u0259 rayon olacaq, m\u0259n bunu d\u0259qiq dey\u0259 bilm\u0259r\u0259m. S\u00fclhm\u0259raml\u0131lar\u0131n yerl\u0259\u015fdirilm\u0259sin\u0259 g\u0259ldikd\u0259 is\u0259, onu dey\u0259 bil\u0259r\u0259m ki, dan\u0131\u015f\u0131qlar\u0131n predmetin\u0259 daxil olan m\u0259s\u0259l\u0259l\u0259rin ham\u0131s\u0131 bir-biri il\u0259 s\u0131x ba\u011fl\u0131d\u0131r. Ona g\u00f6r\u0259 d\u0259 m\u0259n bu m\u0259s\u0259l\u0259nin m\u00fczakir\u0259 obyekti oldu\u011funu istisna etmir\u0259m\u201d.\n<\/p>\n<\/p>\n<p>\n  <i><br \/>\n    <b><br \/>\n      \u201cM\u0259hk\u0259m\u0259nin q\u0259rar\u0131n\u0131 g\u00f6zl\u0259y\u0259k\u201d<br \/>\n    <\/b><br \/>\n  <\/i>\n<\/p>\n<p>\n  Deputat m\u00fcsahib\u0259sind\u0259 MTN olaylar\u0131ndan da s\u00f6z a\u00e7\u0131b. Jurnalistin suallar\u0131n\u0131 cavaband\u0131ran Z.\u018fsg\u0259rov t\u0259hl\u00fck\u0259sizlik strukturunda islahatlar\u0131n apar\u0131ld\u0131\u011f\u0131n\u0131 \u00f6n\u0259 \u00e7\u0259kib:\n<\/p>\n<p>\n  \u201c\u00dcmumiyy\u0259tl\u0259, bizim q\u0259bul etdiyimiz h\u0259r bir s\u0259n\u0259d \u00f6zl\u00fcy\u00fcnd\u0259 islahatlar\u0131 ehtiva edir. C\u0259nab prezidentin bu istiqam\u0259td\u0259 d\u0259 islahatlar apar\u0131lmas\u0131 il\u0259 ba\u011fl\u0131 xeyli f\u0259rmanlar\u0131, s\u0259r\u0259ncamlar\u0131 var. \u018flb\u0259tt\u0259, q\u0259bul etdiyimiz qanun layih\u0259l\u0259ri d\u0259 bu islahatlar\u0131n ruhuna uy\u011fun olmal\u0131d\u0131r. M\u0259s\u0259l\u0259n, bu yax\u0131nlarda \u201cH\u0259rbi v\u0259ziyy\u0259t haqq\u0131nda\u201d qanun layih\u0259sini yenid\u0259n haz\u0131rlay\u0131b q\u0259bul etdik. Bu qanunu ilk d\u0259f\u0259 1994-c\u00fc ild\u0259 q\u0259bul etmi\u015fdik. D\u00f6vr\u00fcn\u0259 g\u00f6r\u0259 d\u0259, indi d\u0259 o qanun i\u015fl\u0259yir v\u0259 g\u00f6z\u0259l qanundur. Amma art\u0131q 1994-c\u00fc ild\u0259 bu qanunu q\u0259bul etdikd\u0259n sonra biz 1995-ci ild\u0259 yeni Konstitusiyan\u0131, H\u0259rbi Doktrinan\u0131, T\u0259hl\u00fck\u0259sizlik Konsepsiyas\u0131n\u0131 q\u0259bul etdik v\u0259 sair. Ona g\u00f6r\u0259 d\u0259 bu s\u0259n\u0259di yenid\u0259n haz\u0131rlay\u0131b, q\u0259bul etdik. Ordumuz g\u00fccl\u0259nirs\u0259, onun normativ h\u00fcquqi bazas\u0131 da g\u00fccl\u0259nm\u0259lidir. Bu y\u00f6nd\u0259 i\u015fl\u0259rimiz davam edir. O ki qald\u0131 h\u0259bs olunanlara, h\u0259l\u0259 istintaq getdiyi \u00fc\u00e7\u00fcn g\u0259lin, m\u0259hk\u0259m\u0259nin q\u0259rar\u0131n\u0131 g\u00f6zl\u0259y\u0259k\u201d.\n<\/p>\n<p>\n  Z.\u018fsg\u0259rov onu da vur\u011fulay\u0131b ki, h\u0259min vaxt ba\u015f ver\u0259nl\u0259rl\u0259 ba\u011fl\u0131 m\u0259lumat\u0131 olmay\u0131b. O, hesab edib ki, MTN-\u0259 vaxtil\u0259 r\u0259hb\u0259rlik ed\u0259n nazir m\u0259suliyy\u0259t da\u015f\u0131y\u0131r:\n<\/p>\n<p>\n  \u201cT\u0259qsiri olan h\u0259r bir \u015f\u0259xs s\u00f6zs\u00fcz ki, m\u0259suliyy\u0259t\u0259 c\u0259lb olunacaq. Bundan sonra hans\u0131 c\u0259za t\u0259dbirl\u0259ri g\u00f6r\u00fcl\u0259c\u0259k, bu, m\u0259hk\u0259m\u0259nin q\u0259rar\u0131ndan as\u0131l\u0131 olacaq\u201d.\n<\/p>\n<p>\n  Z.\u018fsg\u0259rov m\u00fcsahib\u0259sind\u0259 \u0259m\u0259k pensiyalar\u0131 il\u0259 ba\u011fl\u0131 ya\u015f h\u0259ddinin d\u0259yi\u015fdirilm\u0259si m\u0259s\u0259l\u0259sin\u0259 d\u0259 toxunub. Bildirib ki, bu layih\u0259 Milli M\u0259clis\u0259 daxil olub. Haz\u0131rda \u018fm\u0259k v\u0259 sosial siyas\u0259t komit\u0259sind\u0259dir v\u0259 yaz sessiyas\u0131na haz\u0131rlan\u0131r.<\/p>\n","protected":false},"excerpt":{"rendered":"<p>&#8221;Erm\u0259nistan bu il Az\u0259rbaycandan \u00e7ox yax\u015f\u0131 sill\u0259 yedi&#8221;<\/p>\n","protected":false},"author":11,"featured_media":53685,"comment_status":"closed","ping_status":"open","sticky":false,"template":"","format":"standard","meta":{"_acf_changed":false,"_sitemap_exclude":false,"_sitemap_priority":"","_sitemap_frequency":"","footnotes":""},"categories":[63],"tags":[],"class_list":["post-181539","post","type-post","status-publish","format-standard","has-post-thumbnail","hentry","category-video-2","infinite-scroll-item","generate-columns","tablet-grid-50","mobile-grid-100","grid-parent","grid-33","no-featured-image-padding"],"acf":[],"yoast_head":"<!-- This site is optimized with the Yoast SEO plugin v27.5 - https:\/\/yoast.com\/product\/yoast-seo-wordpress\/ -->\n<title>Ziyaf\u0259t \u018fsg\u0259rov: T\u0259sdiq etdiyimiz b\u00fcdc\u0259 \u00e7ox t\u0259mkinli b\u00fcdc\u0259dir - MEYDAN.TV<\/title>\n<meta name=\"robots\" content=\"index, follow, max-snippet:-1, max-image-preview:large, max-video-preview:-1\" \/>\n<link rel=\"canonical\" href=\"https:\/\/www.meydan.tv\/az\/article\/ziyafet-esgerov-tesdiq-etdiyimiz-budce-cox-temkinli-budcedir\/\" \/>\n<meta property=\"og:locale\" content=\"az_AZ\" \/>\n<meta property=\"og:type\" content=\"article\" \/>\n<meta property=\"og:title\" content=\"Ziyaf\u0259t \u018fsg\u0259rov: T\u0259sdiq etdiyimiz b\u00fcdc\u0259 \u00e7ox t\u0259mkinli b\u00fcdc\u0259dir - MEYDAN.TV\" \/>\n<meta property=\"og:description\" content=\"&#039;&#039;Erm\u0259nistan bu il Az\u0259rbaycandan \u00e7ox yax\u015f\u0131 sill\u0259 yedi&#039;&#039;\" \/>\n<meta property=\"og:url\" content=\"https:\/\/www.meydan.tv\/az\/article\/ziyafet-esgerov-tesdiq-etdiyimiz-budce-cox-temkinli-budcedir\/\" \/>\n<meta property=\"og:site_name\" content=\"MEYDAN.TV\" \/>\n<meta property=\"article:published_time\" content=\"2016-12-28T14:46:39+00:00\" \/>\n<meta property=\"og:image\" content=\"https:\/\/www.meydan.tv\/wp-content\/uploads\/20253.jpg\" \/>\n\t<meta property=\"og:image:width\" content=\"604\" \/>\n\t<meta property=\"og:image:height\" content=\"400\" \/>\n\t<meta property=\"og:image:type\" content=\"image\/jpeg\" \/>\n<meta name=\"author\" content=\"user-manager\" \/>\n<meta name=\"twitter:card\" content=\"summary_large_image\" \/>\n<script type=\"application\/ld+json\" class=\"yoast-schema-graph\">{\"@context\":\"https:\\\/\\\/schema.org\",\"@graph\":[{\"@type\":\"Article\",\"@id\":\"https:\\\/\\\/www.meydan.tv\\\/az\\\/article\\\/ziyafet-esgerov-tesdiq-etdiyimiz-budce-cox-temkinli-budcedir\\\/#article\",\"isPartOf\":{\"@id\":\"https:\\\/\\\/www.meydan.tv\\\/az\\\/article\\\/ziyafet-esgerov-tesdiq-etdiyimiz-budce-cox-temkinli-budcedir\\\/\"},\"author\":{\"name\":\"user-manager\",\"@id\":\"https:\\\/\\\/www.meydan.tv\\\/az\\\/#\\\/schema\\\/person\\\/10d11eccf6da3662cf5fdab9806ea91a\"},\"headline\":\"Ziyaf\u0259t \u018fsg\u0259rov: T\u0259sdiq etdiyimiz b\u00fcdc\u0259 \u00e7ox t\u0259mkinli b\u00fcdc\u0259dir\",\"datePublished\":\"2016-12-28T14:46:39+00:00\",\"mainEntityOfPage\":{\"@id\":\"https:\\\/\\\/www.meydan.tv\\\/az\\\/article\\\/ziyafet-esgerov-tesdiq-etdiyimiz-budce-cox-temkinli-budcedir\\\/\"},\"wordCount\":2667,\"publisher\":{\"@id\":\"https:\\\/\\\/www.meydan.tv\\\/az\\\/#organization\"},\"image\":{\"@id\":\"https:\\\/\\\/www.meydan.tv\\\/az\\\/article\\\/ziyafet-esgerov-tesdiq-etdiyimiz-budce-cox-temkinli-budcedir\\\/#primaryimage\"},\"thumbnailUrl\":\"https:\\\/\\\/www.meydan.tv\\\/wp-content\\\/uploads\\\/20253.jpg\",\"articleSection\":[\"Video\"],\"inLanguage\":\"az\"},{\"@type\":\"WebPage\",\"@id\":\"https:\\\/\\\/www.meydan.tv\\\/az\\\/article\\\/ziyafet-esgerov-tesdiq-etdiyimiz-budce-cox-temkinli-budcedir\\\/\",\"url\":\"https:\\\/\\\/www.meydan.tv\\\/az\\\/article\\\/ziyafet-esgerov-tesdiq-etdiyimiz-budce-cox-temkinli-budcedir\\\/\",\"name\":\"Ziyaf\u0259t \u018fsg\u0259rov: T\u0259sdiq etdiyimiz b\u00fcdc\u0259 \u00e7ox t\u0259mkinli b\u00fcdc\u0259dir - MEYDAN.TV\",\"isPartOf\":{\"@id\":\"https:\\\/\\\/www.meydan.tv\\\/az\\\/#website\"},\"primaryImageOfPage\":{\"@id\":\"https:\\\/\\\/www.meydan.tv\\\/az\\\/article\\\/ziyafet-esgerov-tesdiq-etdiyimiz-budce-cox-temkinli-budcedir\\\/#primaryimage\"},\"image\":{\"@id\":\"https:\\\/\\\/www.meydan.tv\\\/az\\\/article\\\/ziyafet-esgerov-tesdiq-etdiyimiz-budce-cox-temkinli-budcedir\\\/#primaryimage\"},\"thumbnailUrl\":\"https:\\\/\\\/www.meydan.tv\\\/wp-content\\\/uploads\\\/20253.jpg\",\"datePublished\":\"2016-12-28T14:46:39+00:00\",\"breadcrumb\":{\"@id\":\"https:\\\/\\\/www.meydan.tv\\\/az\\\/article\\\/ziyafet-esgerov-tesdiq-etdiyimiz-budce-cox-temkinli-budcedir\\\/#breadcrumb\"},\"inLanguage\":\"az\",\"potentialAction\":[{\"@type\":\"ReadAction\",\"target\":[\"https:\\\/\\\/www.meydan.tv\\\/az\\\/article\\\/ziyafet-esgerov-tesdiq-etdiyimiz-budce-cox-temkinli-budcedir\\\/\"]}]},{\"@type\":\"ImageObject\",\"inLanguage\":\"az\",\"@id\":\"https:\\\/\\\/www.meydan.tv\\\/az\\\/article\\\/ziyafet-esgerov-tesdiq-etdiyimiz-budce-cox-temkinli-budcedir\\\/#primaryimage\",\"url\":\"https:\\\/\\\/www.meydan.tv\\\/wp-content\\\/uploads\\\/20253.jpg\",\"contentUrl\":\"https:\\\/\\\/www.meydan.tv\\\/wp-content\\\/uploads\\\/20253.jpg\",\"width\":604,\"height\":400,\"caption\":\"Source:\"},{\"@type\":\"BreadcrumbList\",\"@id\":\"https:\\\/\\\/www.meydan.tv\\\/az\\\/article\\\/ziyafet-esgerov-tesdiq-etdiyimiz-budce-cox-temkinli-budcedir\\\/#breadcrumb\",\"itemListElement\":[{\"@type\":\"ListItem\",\"position\":1,\"name\":\"Ana s\u0259hif\u0259\",\"item\":\"https:\\\/\\\/www.meydan.tv\\\/az\\\/\"},{\"@type\":\"ListItem\",\"position\":2,\"name\":\"Video\",\"item\":\"https:\\\/\\\/www.meydan.tv\\\/az\\\/section\\\/video-2\\\/\"},{\"@type\":\"ListItem\",\"position\":3,\"name\":\"Ziyaf\u0259t \u018fsg\u0259rov: T\u0259sdiq etdiyimiz b\u00fcdc\u0259 \u00e7ox t\u0259mkinli b\u00fcdc\u0259dir\"}]},{\"@type\":\"WebSite\",\"@id\":\"https:\\\/\\\/www.meydan.tv\\\/az\\\/#website\",\"url\":\"https:\\\/\\\/www.meydan.tv\\\/az\\\/\",\"name\":\"MEYDAN.TV\",\"description\":\"Meydan TV Az\u0259rbaycan\u0131n media m\u0259kan\u0131ndak\u0131 alternativ s\u0259sidir\",\"publisher\":{\"@id\":\"https:\\\/\\\/www.meydan.tv\\\/az\\\/#organization\"},\"potentialAction\":[{\"@type\":\"SearchAction\",\"target\":{\"@type\":\"EntryPoint\",\"urlTemplate\":\"https:\\\/\\\/www.meydan.tv\\\/az\\\/?s={search_term_string}\"},\"query-input\":{\"@type\":\"PropertyValueSpecification\",\"valueRequired\":true,\"valueName\":\"search_term_string\"}}],\"inLanguage\":\"az\"},{\"@type\":\"Organization\",\"@id\":\"https:\\\/\\\/www.meydan.tv\\\/az\\\/#organization\",\"name\":\"Meydan TV\",\"url\":\"https:\\\/\\\/www.meydan.tv\\\/az\\\/\",\"logo\":{\"@type\":\"ImageObject\",\"inLanguage\":\"az\",\"@id\":\"https:\\\/\\\/www.meydan.tv\\\/az\\\/#\\\/schema\\\/logo\\\/image\\\/\",\"url\":\"https:\\\/\\\/www.meydan.tv\\\/wp-content\\\/uploads\\\/2021\\\/07\\\/meydan-logo.svg\",\"contentUrl\":\"https:\\\/\\\/www.meydan.tv\\\/wp-content\\\/uploads\\\/2021\\\/07\\\/meydan-logo.svg\",\"width\":195,\"height\":46,\"caption\":\"Meydan TV\"},\"image\":{\"@id\":\"https:\\\/\\\/www.meydan.tv\\\/az\\\/#\\\/schema\\\/logo\\\/image\\\/\"}},{\"@type\":\"Person\",\"@id\":\"https:\\\/\\\/www.meydan.tv\\\/az\\\/#\\\/schema\\\/person\\\/10d11eccf6da3662cf5fdab9806ea91a\",\"name\":\"user-manager\"}]}<\/script>\n<!-- \/ Yoast SEO plugin. -->","yoast_head_json":{"title":"Ziyaf\u0259t \u018fsg\u0259rov: T\u0259sdiq etdiyimiz b\u00fcdc\u0259 \u00e7ox t\u0259mkinli b\u00fcdc\u0259dir - MEYDAN.TV","robots":{"index":"index","follow":"follow","max-snippet":"max-snippet:-1","max-image-preview":"max-image-preview:large","max-video-preview":"max-video-preview:-1"},"canonical":"https:\/\/www.meydan.tv\/az\/article\/ziyafet-esgerov-tesdiq-etdiyimiz-budce-cox-temkinli-budcedir\/","og_locale":"az_AZ","og_type":"article","og_title":"Ziyaf\u0259t \u018fsg\u0259rov: T\u0259sdiq etdiyimiz b\u00fcdc\u0259 \u00e7ox t\u0259mkinli b\u00fcdc\u0259dir - MEYDAN.TV","og_description":"''Erm\u0259nistan bu il Az\u0259rbaycandan \u00e7ox yax\u015f\u0131 sill\u0259 yedi''","og_url":"https:\/\/www.meydan.tv\/az\/article\/ziyafet-esgerov-tesdiq-etdiyimiz-budce-cox-temkinli-budcedir\/","og_site_name":"MEYDAN.TV","article_published_time":"2016-12-28T14:46:39+00:00","og_image":[{"width":604,"height":400,"url":"https:\/\/www.meydan.tv\/wp-content\/uploads\/20253.jpg","type":"image\/jpeg"}],"author":"user-manager","twitter_card":"summary_large_image","schema":{"@context":"https:\/\/schema.org","@graph":[{"@type":"Article","@id":"https:\/\/www.meydan.tv\/az\/article\/ziyafet-esgerov-tesdiq-etdiyimiz-budce-cox-temkinli-budcedir\/#article","isPartOf":{"@id":"https:\/\/www.meydan.tv\/az\/article\/ziyafet-esgerov-tesdiq-etdiyimiz-budce-cox-temkinli-budcedir\/"},"author":{"name":"user-manager","@id":"https:\/\/www.meydan.tv\/az\/#\/schema\/person\/10d11eccf6da3662cf5fdab9806ea91a"},"headline":"Ziyaf\u0259t \u018fsg\u0259rov: T\u0259sdiq etdiyimiz b\u00fcdc\u0259 \u00e7ox t\u0259mkinli b\u00fcdc\u0259dir","datePublished":"2016-12-28T14:46:39+00:00","mainEntityOfPage":{"@id":"https:\/\/www.meydan.tv\/az\/article\/ziyafet-esgerov-tesdiq-etdiyimiz-budce-cox-temkinli-budcedir\/"},"wordCount":2667,"publisher":{"@id":"https:\/\/www.meydan.tv\/az\/#organization"},"image":{"@id":"https:\/\/www.meydan.tv\/az\/article\/ziyafet-esgerov-tesdiq-etdiyimiz-budce-cox-temkinli-budcedir\/#primaryimage"},"thumbnailUrl":"https:\/\/www.meydan.tv\/wp-content\/uploads\/20253.jpg","articleSection":["Video"],"inLanguage":"az"},{"@type":"WebPage","@id":"https:\/\/www.meydan.tv\/az\/article\/ziyafet-esgerov-tesdiq-etdiyimiz-budce-cox-temkinli-budcedir\/","url":"https:\/\/www.meydan.tv\/az\/article\/ziyafet-esgerov-tesdiq-etdiyimiz-budce-cox-temkinli-budcedir\/","name":"Ziyaf\u0259t \u018fsg\u0259rov: T\u0259sdiq etdiyimiz b\u00fcdc\u0259 \u00e7ox t\u0259mkinli b\u00fcdc\u0259dir - MEYDAN.TV","isPartOf":{"@id":"https:\/\/www.meydan.tv\/az\/#website"},"primaryImageOfPage":{"@id":"https:\/\/www.meydan.tv\/az\/article\/ziyafet-esgerov-tesdiq-etdiyimiz-budce-cox-temkinli-budcedir\/#primaryimage"},"image":{"@id":"https:\/\/www.meydan.tv\/az\/article\/ziyafet-esgerov-tesdiq-etdiyimiz-budce-cox-temkinli-budcedir\/#primaryimage"},"thumbnailUrl":"https:\/\/www.meydan.tv\/wp-content\/uploads\/20253.jpg","datePublished":"2016-12-28T14:46:39+00:00","breadcrumb":{"@id":"https:\/\/www.meydan.tv\/az\/article\/ziyafet-esgerov-tesdiq-etdiyimiz-budce-cox-temkinli-budcedir\/#breadcrumb"},"inLanguage":"az","potentialAction":[{"@type":"ReadAction","target":["https:\/\/www.meydan.tv\/az\/article\/ziyafet-esgerov-tesdiq-etdiyimiz-budce-cox-temkinli-budcedir\/"]}]},{"@type":"ImageObject","inLanguage":"az","@id":"https:\/\/www.meydan.tv\/az\/article\/ziyafet-esgerov-tesdiq-etdiyimiz-budce-cox-temkinli-budcedir\/#primaryimage","url":"https:\/\/www.meydan.tv\/wp-content\/uploads\/20253.jpg","contentUrl":"https:\/\/www.meydan.tv\/wp-content\/uploads\/20253.jpg","width":604,"height":400,"caption":"Source:"},{"@type":"BreadcrumbList","@id":"https:\/\/www.meydan.tv\/az\/article\/ziyafet-esgerov-tesdiq-etdiyimiz-budce-cox-temkinli-budcedir\/#breadcrumb","itemListElement":[{"@type":"ListItem","position":1,"name":"Ana s\u0259hif\u0259","item":"https:\/\/www.meydan.tv\/az\/"},{"@type":"ListItem","position":2,"name":"Video","item":"https:\/\/www.meydan.tv\/az\/section\/video-2\/"},{"@type":"ListItem","position":3,"name":"Ziyaf\u0259t \u018fsg\u0259rov: T\u0259sdiq etdiyimiz b\u00fcdc\u0259 \u00e7ox t\u0259mkinli b\u00fcdc\u0259dir"}]},{"@type":"WebSite","@id":"https:\/\/www.meydan.tv\/az\/#website","url":"https:\/\/www.meydan.tv\/az\/","name":"MEYDAN.TV","description":"Meydan TV Az\u0259rbaycan\u0131n media m\u0259kan\u0131ndak\u0131 alternativ s\u0259sidir","publisher":{"@id":"https:\/\/www.meydan.tv\/az\/#organization"},"potentialAction":[{"@type":"SearchAction","target":{"@type":"EntryPoint","urlTemplate":"https:\/\/www.meydan.tv\/az\/?s={search_term_string}"},"query-input":{"@type":"PropertyValueSpecification","valueRequired":true,"valueName":"search_term_string"}}],"inLanguage":"az"},{"@type":"Organization","@id":"https:\/\/www.meydan.tv\/az\/#organization","name":"Meydan TV","url":"https:\/\/www.meydan.tv\/az\/","logo":{"@type":"ImageObject","inLanguage":"az","@id":"https:\/\/www.meydan.tv\/az\/#\/schema\/logo\/image\/","url":"https:\/\/www.meydan.tv\/wp-content\/uploads\/2021\/07\/meydan-logo.svg","contentUrl":"https:\/\/www.meydan.tv\/wp-content\/uploads\/2021\/07\/meydan-logo.svg","width":195,"height":46,"caption":"Meydan TV"},"image":{"@id":"https:\/\/www.meydan.tv\/az\/#\/schema\/logo\/image\/"}},{"@type":"Person","@id":"https:\/\/www.meydan.tv\/az\/#\/schema\/person\/10d11eccf6da3662cf5fdab9806ea91a","name":"user-manager"}]}},"_links":{"self":[{"href":"https:\/\/www.meydan.tv\/az\/wp-json\/wp\/v2\/posts\/181539","targetHints":{"allow":["GET"]}}],"collection":[{"href":"https:\/\/www.meydan.tv\/az\/wp-json\/wp\/v2\/posts"}],"about":[{"href":"https:\/\/www.meydan.tv\/az\/wp-json\/wp\/v2\/types\/post"}],"author":[{"embeddable":true,"href":"https:\/\/www.meydan.tv\/az\/wp-json\/wp\/v2\/users\/11"}],"replies":[{"embeddable":true,"href":"https:\/\/www.meydan.tv\/az\/wp-json\/wp\/v2\/comments?post=181539"}],"version-history":[{"count":0,"href":"https:\/\/www.meydan.tv\/az\/wp-json\/wp\/v2\/posts\/181539\/revisions"}],"wp:featuredmedia":[{"embeddable":true,"href":"https:\/\/www.meydan.tv\/az\/wp-json\/wp\/v2\/media\/53685"}],"wp:attachment":[{"href":"https:\/\/www.meydan.tv\/az\/wp-json\/wp\/v2\/media?parent=181539"}],"wp:term":[{"taxonomy":"category","embeddable":true,"href":"https:\/\/www.meydan.tv\/az\/wp-json\/wp\/v2\/categories?post=181539"},{"taxonomy":"post_tag","embeddable":true,"href":"https:\/\/www.meydan.tv\/az\/wp-json\/wp\/v2\/tags?post=181539"}],"curies":[{"name":"wp","href":"https:\/\/api.w.org\/{rel}","templated":true}]}}