{"id":181533,"date":"2016-12-28T11:55:53","date_gmt":"2016-12-28T11:55:53","guid":{"rendered":"https:\/\/www.meydan.tv\/article\/iranin-azerbaycanla-birge-yol-xeritesi-mumkundurmu\/"},"modified":"2016-12-28T11:55:53","modified_gmt":"2016-12-28T11:55:53","slug":"iranin-azerbaycanla-birge-yol-xeritesi-mumkundurmu","status":"publish","type":"post","link":"https:\/\/www.meydan.tv\/az\/article\/iranin-azerbaycanla-birge-yol-xeritesi-mumkundurmu\/","title":{"rendered":"\u0130ran\u0131n Az\u0259rbaycanla birg\u0259 &#8221;yol x\u0259rit\u0259si&#8221; m\u00fcmk\u00fcnd\u00fcrm\u00fc?"},"content":{"rendered":"<figure class=\"wp-block-image size-large\">\n  <img decoding=\"async\" src=\"https:\/\/www.meydan.tv\/az\/76291\/\" alt=\"\" class=\"wp-image-76291\"\/><figcaption><\/figcaption><\/figure>\n<p>\n  \u0130ran prezidenti H\u0259s\u0259n Ruhaninin 21 dekabrda Erm\u0259nistana birg\u00fcnl\u00fck s\u0259f\u0259ri Az\u0259rbaycanda ciddi t\u0259nqid olundu. R\u0259smi Bak\u0131 \u0130ran\u0131n daxili i\u015fl\u0259rin\u0259 qar\u0131\u015fmasa da, bu s\u0259f\u0259r siyasi dair\u0259l\u0259rd\u0259 v\u0259 c\u0259miyy\u0259td\u0259 neqativ qar\u015f\u0131land\u0131. Az\u0259rbaycanda hesab edirl\u0259r ki, \u0259g\u0259r \u0130ran Az\u0259rbaycanla s\u0131x \u0259m\u0259kda\u015fl\u0131\u011fa \u00e7al\u0131\u015f\u0131rsa, Erm\u0259nistan siyas\u0259tini korrekt\u0259 etm\u0259lidir. \u0130ranl\u0131 diplomatlar Tehran\u0131n m\u0259hz Bak\u0131 il\u0259 m\u00fcnasib\u0259tl\u0259r\u0259 \u00f6n\u0259m verdikl\u0259rini, \u0130r\u0259vanla \u0259laq\u0259l\u0259rin is\u0259 qon\u015fuluq prinsipin\u0259 uy\u011fun oldu\u011funu bildirirl\u0259r. Buna baxmayaraq, bu izah Az\u0259rbaycann siyasi dair\u0259l\u0259rini v\u0259 c\u0259miyy\u0259tini qane etmir. \u00c7\u00fcnki Erm\u0259nistan hakimiyy\u0259ti \u0130ranla \u0259m\u0259kda\u015fl\u0131qdan maksimum faydalanma\u011fa \u00e7al\u0131\u015f\u0131r.\n<\/p>\n<p>\n  H\u0259s\u0259n Ruhaninin Erm\u0259nistana s\u0259f\u0259rind\u0259n bir h\u0259ft\u0259 sonra \u0130ran\u0131n rabit\u0259 v\u0259 informasiya texnologiyalar\u0131 naziri Mahmud Vaezi Bak\u0131ya g\u0259ldi. Mahmud Vaezi \u0130ran-Az\u0259rbaycan h\u00f6kum\u0259tl\u0259raras\u0131 birg\u0259 komissiyan\u0131n h\u0259ms\u0259dridir. Ona g\u00f6r\u0259 d\u0259 onun il \u0259rzind\u0259 Bak\u0131ya tez-tez s\u0259f\u0259r etm\u0259si anla\u015f\u0131land\u0131r. Tehranda onu da anlay\u0131rlar ki, H\u0259s\u0259n Ruhaninin Erm\u0259nistana s\u0259f\u0259rinin Az\u0259rbaycanda do\u011furdu\u011fu m\u0259nfi reaksiyan\u0131 bir yolla neytralla\u015fd\u0131rmaq laz\u0131m idi.\n<\/p>\n<p>\n  Mahmud Vaezi m\u0259hz bu i\u015fin \u00f6hd\u0259sind\u0259n g\u0259l\u0259 bil\u0259c\u0259k fiqurdur. \u00c7\u00fcnki Vaezi Bak\u0131ya etdiyi intensiv s\u0259f\u0259rl\u0259r say\u0259sind\u0259 Az\u0259rbaycan r\u0259smil\u0259ri il\u0259 s\u0131x m\u00fcnasib\u0259tl\u0259r qurub v\u0259 g\u00f6r\u00fc\u015fl\u0259rd\u0259 ancaq iki \u00f6lk\u0259nin \u0259m\u0259kda\u015fl\u0131\u011f\u0131na xidm\u0259t ed\u0259n layih\u0259l\u0259rd\u0259n dan\u0131\u015f\u0131r. Vaezinin Az\u0259rbaycana bud\u0259f\u0259ki s\u0259f\u0259ri d\u0259 x\u00fcsusi bir t\u0259dbirl\u0259 yadda qalacaq: Nax\u00e7\u0131van-Culfa-T\u0259briz-Tehran-M\u0259\u015fh\u0259d qatar\u0131 i\u015f\u0259 d\u00fc\u015f\u00fcr. Bu mar\u015frut il \u0259rzind\u0259 12 min insan\u0131n da\u015f\u0131nmas\u0131na imkan ver\u0259c\u0259k. Yax\u0131n perspektivd\u0259 is\u0259 Astara-Astara d\u0259mir yolu d\u0259 i\u015f\u0259 d\u00fc\u015f\u0259c\u0259k ki, iki qon\u015fu \u00f6lk\u0259nin tarixind\u0259 ilk d\u0259f\u0259 olaraq n\u0259qliyyat x\u0259tl\u0259ri birl\u0259\u015f\u0259c\u0259k.\n<\/p>\n<p>\n  \u00dcmumiyy\u0259tl\u0259, Q\u0259rb \u00f6lk\u0259l\u0259ri \u0130rana qar\u015f\u0131 sanksiyalar\u0131 l\u0259\u011fv etdikd\u0259n sonra Az\u0259rbaycanla \u0130ran aras\u0131nda iqtisadi \u0259m\u0259kda\u015fl\u0131qda inki\u015faf sezilir. Misal \u00fc\u00e7\u00fcn iki \u00f6lk\u0259 aras\u0131nda son 11 ayda ticar\u0259t d\u00f6vriyy\u0259sinin h\u0259cmi 60 faiz art\u0131b. \u00dcst\u0259g\u0259l, \u0130ran Az\u0259rbaycanda bir ne\u00e7\u0259 iri layih\u0259 realla\u015fd\u0131rmaq \u2013 zavod v\u0259 fabrikl\u0259r in\u015fa etm\u0259k ist\u0259yir. Az\u0259rbaycan\u0131n Neft\u00e7ala \u015f\u0259h\u0259rind\u0259 avtomobil zavodunun in\u015fas\u0131 davam edir, Pirallah\u0131da birg\u0259 d\u0259rman istehsal\u0131 zavodunun t\u0259m\u0259lqoyma m\u0259rasimin\u0259 is\u0259 haz\u0131rl\u0131q gedir.\n<\/p>\n<p>\n  2017-c ild\u0259 iki \u00f6lk\u0259 aras\u0131nda iqtisadi \u0259m\u0259kda\u015fl\u0131\u011f\u0131n s\u00fcr\u0259tl\u0259n\u0259c\u0259yi haqq\u0131nda da r\u0259smil\u0259r optimist fikirl\u0259r s\u00f6yl\u0259yirl\u0259r. Az\u0259rbaycan h\u00f6kum\u0259ti \u0130randan Az\u0259rbaycana turist ax\u0131n\u0131n\u0131n artaca\u011f\u0131na da \u00fcmidlidir. \u018fg\u0259r bunun \u00fc\u00e7\u00fcn ke\u00e7mi\u015f ill\u0259rd\u0259 viza sad\u0259l\u0259\u015fdirilm\u0259si t\u0259l\u0259b olunurdusa, haz\u0131rda bu proseduru ASAN-viza xidm\u0259ti vasit\u0259sil\u0259 3 g\u00fcn \u0259rzind\u0259 internet \u00fcz\u0259rind\u0259n h\u0259yata ke\u00e7irm\u0259k m\u00fcmk\u00fcnd\u00fcr.\n<\/p>\n<p>\n  Mahmud Vaezi dekabr\u0131n 27-d\u0259 prezident \u0130lham \u018fliyevl\u0259 g\u00f6r\u00fc\u015fd\u0259 dedi ki, \u0130ran prezidenti Az\u0259rbaycanla \u0259laq\u0259l\u0259rin 2017-ci ild\u0259 d\u0259 inki\u015faf\u0131 m\u0259qs\u0259di il\u0259 ona yol x\u0259rit\u0259sinin haz\u0131rlanmas\u0131yla ba\u011fl\u0131 tap\u015f\u0131r\u0131q verib. G\u00f6r\u00fcn\u00fcr, bu \u201cyox x\u0259rit\u0259sind\u0259\u201d Az\u0259rbaycanla \u0259m\u0259kda\u015fl\u0131\u011f\u0131n konkret istiqam\u0259tl\u0259ri g\u00f6st\u0259ril\u0259c\u0259k.\n<\/p>\n<p>\n  Mahmud Vaezi \u0130lham \u018fliyevl\u0259 g\u00f6r\u00fc\u015fd\u0259n sonra Bak\u0131da t\u0259\u015fkil olunan \u0130ran-Az\u0259rbaycan biznes forumunda i\u015ftirak etdi. Vaezi bu toplant\u0131da bel\u0259 fikir s\u00f6yl\u0259di ki, \u0130ranla Az\u0259rbaycan aras\u0131ndak\u0131 m\u00fcnasib\u0259tl\u0259rd\u0259 probleml\u0259rin \u00e7oxu h\u0259ll olunub. Vaezi bunun ard\u0131nca bel\u0259 bir c\u00fcml\u0259 d\u0259 i\u015fl\u0259tdi: \u201cProbleml\u0259rin c\u00fczi hiss\u0259si qal\u0131b v\u0259 d\u00fc\u015f\u00fcn\u00fcr\u0259m ki, bu probleml\u0259r d\u0259 tez bir zamanda h\u0259ll olunacaq\u201d.\n<\/p>\n<p>\n  Bu c\u00fczi probleml\u0259r hans\u0131lard\u0131r?\n<\/p>\n<p>\n  \u018fslind\u0259 Vaezi \u00e7\u0131x\u0131\u015f\u0131nda bu probleml\u0259rin varl\u0131\u011f\u0131na i\u015far\u0259 etdi. M\u0259s\u0259l\u0259n, m\u0259lum oldu ki, Tehran bank sektorlar\u0131 aras\u0131ndak\u0131 \u0259laq\u0259l\u0259ri geni\u015fl\u0259ndirm\u0259k ist\u0259yir. G\u00f6r\u00fcn\u00fcr, bu \u0259laq\u0259l\u0259rin h\u0259cmi Tehran\u0131 qane etmir. V\u0259 ya \u0130ran Az\u0259rbaycanla torpaqlar\u0131n m\u00fc\u015ft\u0259r\u0259k \u015f\u0259kild\u0259 istifad\u0259si imkanlar\u0131n\u0131 m\u00fczakir\u0259 edilm\u0259sind\u0259 maraql\u0131d\u0131r. Bu da \u00e7ox ciddi t\u0259\u015f\u0259bb\u00fcsd\u00fcr ki, r\u0259smi Bak\u0131 buna d\u0259rhal m\u00fcsb\u0259t cavab ver\u0259 bilm\u0259z.\n<\/p>\n<p>\n  R\u0259smi Bak\u0131 Tehranla iqtisadi \u0259m\u0259kda\u015fl\u0131\u011f\u0131n inki\u015faf\u0131nda maraql\u0131d\u0131r v\u0259 m\u00fcmk\u00fcnd\u00fcr ki, Mahmud Vaezinin Bak\u0131da s\u00f6yl\u0259diyi \u201cc\u00fczi probeml\u0259r\u201d yax\u0131n m\u00fcdd\u0259td\u0259 h\u0259llini taps\u0131n. Ancaq r\u0259smi Bak\u0131 \u0130ran\u0131n r\u0259smi v\u0259 dini dair\u0259l\u0259rinin Az\u0259rbaycan\u0131n daxili i\u015fl\u0259rin\u0259 qar\u0131\u015fmas\u0131n\u0131 ist\u0259mir. M\u0259s\u0259l\u0259n, Mahmud Vaezinin Bak\u0131da oldu\u011fu g\u00fcn \u0130ran\u0131n m\u00fcdafi\u0259 naziri H\u00fcseyn Dehqan\u0131n m\u00fcsahib\u0259si d\u0259rc olunub. H\u0259min m\u00fcsahib\u0259d\u0259 \u0130ran\u0131n m\u00fcdafi\u0259 naziri deyib ki, Tehran \u201c\u0130srailin Az\u0259rbaycandak\u0131 i\u015ftirak\u0131na d\u00f6z\u0259 bilm\u0259z\u201d v\u0259 guya \u0130srail Az\u0259rbaycanla \u0130ran aras\u0131ndak\u0131 m\u00fcnasib\u0259tl\u0259ri pozmaq ist\u0259yir.\n<\/p>\n<p>\n  Bu n\u00f6vb\u0259ti d\u0259f\u0259 \u0130ran r\u0259smisinin Az\u0259rbaycan\u0131n daxili i\u015fl\u0259rin\u0259 qar\u0131\u015fmas\u0131d\u0131r. Bu c\u00fcr a\u00e7\u0131qlamalar Mahmud Vaezinin f\u0259aliyy\u0259tini d\u0259 \u00e7\u0259tinl\u0259\u015fdirir. \u00c7\u00fcnki Vaezi bir t\u0259r\u0259fd\u0259n Az\u0259rbaycanla \u0259laq\u0259l\u0259rin inki\u015faf\u0131na, ortaq layih\u0259l\u0259rin realla\u015fmas\u0131na \u00e7al\u0131\u015fark\u0259n, iranl\u0131 bir ba\u015fqa m\u0259mur bu \u0259m\u0259kda\u015fl\u0131\u011fa k\u00f6lg\u0259 salan a\u00e7\u0131qlama verir ki, n\u0259tic\u0259d\u0259 r\u0259smi Bak\u0131 qon\u015fu d\u00f6vl\u0259tl\u0259 m\u00fcnasib\u0259tl\u0259rd\u0259 ehtiyatl\u0131 m\u00f6vqeyin\u0259 qay\u0131d\u0131r.\n<\/p>\n<p>\n  Buna baxmayaraq, \u0130ran\u0131n m\u00fcdafi\u0259 naziri eyni m\u00fcsahib\u0259d\u0259 bu s\u00f6zl\u0259ri d\u0259 deyib: \u201c\u0130sraill\u0259 \u0259m\u0259kda\u015fl\u0131q Az\u0259rbaycan\u0131n q\u0259rar\u0131d\u0131r v\u0259 biz buna qar\u015f\u0131 \u00e7\u0131xa bilm\u0259rik\u201d. Y\u0259ni \u0130ran\u0131n m\u00fcdafi\u0259 naziri h\u0259r halda onu da anlay\u0131r ki, m\u00fcst\u0259qil Az\u0259rbaycan\u0131n siyas\u0259tin\u0259 t\u0259zyiq etm\u0259k d\u00fczg\u00fcn yol deyil.\n<\/p>\n<p>\n  <i><br \/>\n    <b><br \/>\n      \u201cAtlas\u201d Ara\u015fd\u0131rmalar M\u0259rk\u0259zi<br \/>\n    <\/b><br \/>\n  <\/i><\/p>\n","protected":false},"excerpt":{"rendered":"<p>\u0130ran prezidenti H\u0259s\u0259n Ruhaninin 21 dekabrda Erm\u0259nistana birg\u00fcnl\u00fck s\u0259f\u0259ri Az\u0259rbaycanda &#8230; <\/p>\n<p class=\"read-more-container\"><a title=\"\u0130ran\u0131n Az\u0259rbaycanla birg\u0259 &#8221;yol x\u0259rit\u0259si&#8221; m\u00fcmk\u00fcnd\u00fcrm\u00fc?\" class=\"read-more button\" href=\"https:\/\/www.meydan.tv\/az\/article\/iranin-azerbaycanla-birge-yol-xeritesi-mumkundurmu\/#more-181533\" aria-label=\"Read more about \u0130ran\u0131n Az\u0259rbaycanla birg\u0259 &#8221;yol x\u0259rit\u0259si&#8221; m\u00fcmk\u00fcnd\u00fcrm\u00fc?\">Davam\u0131<\/a><\/p>\n","protected":false},"author":11,"featured_media":76291,"comment_status":"closed","ping_status":"open","sticky":false,"template":"","format":"standard","meta":{"_acf_changed":false,"_sitemap_exclude":false,"_sitemap_priority":"","_sitemap_frequency":"","footnotes":""},"categories":[51],"tags":[],"class_list":["post-181533","post","type-post","status-publish","format-standard","has-post-thumbnail","hentry","category-analitika","infinite-scroll-item","generate-columns","tablet-grid-50","mobile-grid-100","grid-parent","grid-33","no-featured-image-padding"],"acf":[],"yoast_head":"<!-- This site is optimized with the Yoast SEO plugin v27.5 - https:\/\/yoast.com\/product\/yoast-seo-wordpress\/ -->\n<title>\u0130ran\u0131n Az\u0259rbaycanla birg\u0259 &#039;&#039;yol x\u0259rit\u0259si&#039;&#039; m\u00fcmk\u00fcnd\u00fcrm\u00fc? - MEYDAN.TV<\/title>\n<meta name=\"robots\" content=\"index, follow, max-snippet:-1, max-image-preview:large, max-video-preview:-1\" \/>\n<link rel=\"canonical\" href=\"https:\/\/www.meydan.tv\/az\/article\/iranin-azerbaycanla-birge-yol-xeritesi-mumkundurmu\/\" \/>\n<meta property=\"og:locale\" content=\"az_AZ\" \/>\n<meta property=\"og:type\" content=\"article\" \/>\n<meta property=\"og:title\" content=\"\u0130ran\u0131n Az\u0259rbaycanla birg\u0259 &#039;&#039;yol x\u0259rit\u0259si&#039;&#039; m\u00fcmk\u00fcnd\u00fcrm\u00fc? - MEYDAN.TV\" \/>\n<meta property=\"og:description\" content=\"\u0130ran prezidenti H\u0259s\u0259n Ruhaninin 21 dekabrda Erm\u0259nistana birg\u00fcnl\u00fck s\u0259f\u0259ri Az\u0259rbaycanda ... Davam\u0131\" \/>\n<meta property=\"og:url\" content=\"https:\/\/www.meydan.tv\/az\/article\/iranin-azerbaycanla-birge-yol-xeritesi-mumkundurmu\/\" \/>\n<meta property=\"og:site_name\" content=\"MEYDAN.TV\" \/>\n<meta property=\"article:published_time\" content=\"2016-12-28T11:55:53+00:00\" \/>\n<meta property=\"og:image\" content=\"https:\/\/www.meydan.tv\/wp-content\/uploads\/29583.jpg\" \/>\n\t<meta property=\"og:image:width\" content=\"810\" \/>\n\t<meta property=\"og:image:height\" content=\"410\" \/>\n\t<meta property=\"og:image:type\" content=\"image\/jpeg\" \/>\n<meta name=\"author\" content=\"user-manager\" \/>\n<meta name=\"twitter:card\" content=\"summary_large_image\" \/>\n<script type=\"application\/ld+json\" class=\"yoast-schema-graph\">{\"@context\":\"https:\\\/\\\/schema.org\",\"@graph\":[{\"@type\":\"Article\",\"@id\":\"https:\\\/\\\/www.meydan.tv\\\/az\\\/article\\\/iranin-azerbaycanla-birge-yol-xeritesi-mumkundurmu\\\/#article\",\"isPartOf\":{\"@id\":\"https:\\\/\\\/www.meydan.tv\\\/az\\\/article\\\/iranin-azerbaycanla-birge-yol-xeritesi-mumkundurmu\\\/\"},\"author\":{\"name\":\"user-manager\",\"@id\":\"https:\\\/\\\/www.meydan.tv\\\/az\\\/#\\\/schema\\\/person\\\/10d11eccf6da3662cf5fdab9806ea91a\"},\"headline\":\"\u0130ran\u0131n Az\u0259rbaycanla birg\u0259 &#8221;yol x\u0259rit\u0259si&#8221; m\u00fcmk\u00fcnd\u00fcrm\u00fc?\",\"datePublished\":\"2016-12-28T11:55:53+00:00\",\"mainEntityOfPage\":{\"@id\":\"https:\\\/\\\/www.meydan.tv\\\/az\\\/article\\\/iranin-azerbaycanla-birge-yol-xeritesi-mumkundurmu\\\/\"},\"wordCount\":1116,\"publisher\":{\"@id\":\"https:\\\/\\\/www.meydan.tv\\\/az\\\/#organization\"},\"image\":{\"@id\":\"https:\\\/\\\/www.meydan.tv\\\/az\\\/article\\\/iranin-azerbaycanla-birge-yol-xeritesi-mumkundurmu\\\/#primaryimage\"},\"thumbnailUrl\":\"https:\\\/\\\/www.meydan.tv\\\/wp-content\\\/uploads\\\/29583.jpg\",\"articleSection\":[\"Analitika\"],\"inLanguage\":\"az\"},{\"@type\":\"WebPage\",\"@id\":\"https:\\\/\\\/www.meydan.tv\\\/az\\\/article\\\/iranin-azerbaycanla-birge-yol-xeritesi-mumkundurmu\\\/\",\"url\":\"https:\\\/\\\/www.meydan.tv\\\/az\\\/article\\\/iranin-azerbaycanla-birge-yol-xeritesi-mumkundurmu\\\/\",\"name\":\"\u0130ran\u0131n Az\u0259rbaycanla birg\u0259 ''yol x\u0259rit\u0259si'' m\u00fcmk\u00fcnd\u00fcrm\u00fc? - MEYDAN.TV\",\"isPartOf\":{\"@id\":\"https:\\\/\\\/www.meydan.tv\\\/az\\\/#website\"},\"primaryImageOfPage\":{\"@id\":\"https:\\\/\\\/www.meydan.tv\\\/az\\\/article\\\/iranin-azerbaycanla-birge-yol-xeritesi-mumkundurmu\\\/#primaryimage\"},\"image\":{\"@id\":\"https:\\\/\\\/www.meydan.tv\\\/az\\\/article\\\/iranin-azerbaycanla-birge-yol-xeritesi-mumkundurmu\\\/#primaryimage\"},\"thumbnailUrl\":\"https:\\\/\\\/www.meydan.tv\\\/wp-content\\\/uploads\\\/29583.jpg\",\"datePublished\":\"2016-12-28T11:55:53+00:00\",\"breadcrumb\":{\"@id\":\"https:\\\/\\\/www.meydan.tv\\\/az\\\/article\\\/iranin-azerbaycanla-birge-yol-xeritesi-mumkundurmu\\\/#breadcrumb\"},\"inLanguage\":\"az\",\"potentialAction\":[{\"@type\":\"ReadAction\",\"target\":[\"https:\\\/\\\/www.meydan.tv\\\/az\\\/article\\\/iranin-azerbaycanla-birge-yol-xeritesi-mumkundurmu\\\/\"]}]},{\"@type\":\"ImageObject\",\"inLanguage\":\"az\",\"@id\":\"https:\\\/\\\/www.meydan.tv\\\/az\\\/article\\\/iranin-azerbaycanla-birge-yol-xeritesi-mumkundurmu\\\/#primaryimage\",\"url\":\"https:\\\/\\\/www.meydan.tv\\\/wp-content\\\/uploads\\\/29583.jpg\",\"contentUrl\":\"https:\\\/\\\/www.meydan.tv\\\/wp-content\\\/uploads\\\/29583.jpg\",\"width\":810,\"height\":410,\"caption\":\"Source:\"},{\"@type\":\"BreadcrumbList\",\"@id\":\"https:\\\/\\\/www.meydan.tv\\\/az\\\/article\\\/iranin-azerbaycanla-birge-yol-xeritesi-mumkundurmu\\\/#breadcrumb\",\"itemListElement\":[{\"@type\":\"ListItem\",\"position\":1,\"name\":\"Ana s\u0259hif\u0259\",\"item\":\"https:\\\/\\\/www.meydan.tv\\\/az\\\/\"},{\"@type\":\"ListItem\",\"position\":2,\"name\":\"Analitika\",\"item\":\"https:\\\/\\\/www.meydan.tv\\\/az\\\/section\\\/analitika\\\/\"},{\"@type\":\"ListItem\",\"position\":3,\"name\":\"\u0130ran\u0131n Az\u0259rbaycanla birg\u0259 &#8221;yol x\u0259rit\u0259si&#8221; m\u00fcmk\u00fcnd\u00fcrm\u00fc?\"}]},{\"@type\":\"WebSite\",\"@id\":\"https:\\\/\\\/www.meydan.tv\\\/az\\\/#website\",\"url\":\"https:\\\/\\\/www.meydan.tv\\\/az\\\/\",\"name\":\"MEYDAN.TV\",\"description\":\"Meydan TV Az\u0259rbaycan\u0131n media m\u0259kan\u0131ndak\u0131 alternativ s\u0259sidir\",\"publisher\":{\"@id\":\"https:\\\/\\\/www.meydan.tv\\\/az\\\/#organization\"},\"potentialAction\":[{\"@type\":\"SearchAction\",\"target\":{\"@type\":\"EntryPoint\",\"urlTemplate\":\"https:\\\/\\\/www.meydan.tv\\\/az\\\/?s={search_term_string}\"},\"query-input\":{\"@type\":\"PropertyValueSpecification\",\"valueRequired\":true,\"valueName\":\"search_term_string\"}}],\"inLanguage\":\"az\"},{\"@type\":\"Organization\",\"@id\":\"https:\\\/\\\/www.meydan.tv\\\/az\\\/#organization\",\"name\":\"Meydan TV\",\"url\":\"https:\\\/\\\/www.meydan.tv\\\/az\\\/\",\"logo\":{\"@type\":\"ImageObject\",\"inLanguage\":\"az\",\"@id\":\"https:\\\/\\\/www.meydan.tv\\\/az\\\/#\\\/schema\\\/logo\\\/image\\\/\",\"url\":\"https:\\\/\\\/www.meydan.tv\\\/wp-content\\\/uploads\\\/2021\\\/07\\\/meydan-logo.svg\",\"contentUrl\":\"https:\\\/\\\/www.meydan.tv\\\/wp-content\\\/uploads\\\/2021\\\/07\\\/meydan-logo.svg\",\"width\":195,\"height\":46,\"caption\":\"Meydan TV\"},\"image\":{\"@id\":\"https:\\\/\\\/www.meydan.tv\\\/az\\\/#\\\/schema\\\/logo\\\/image\\\/\"}},{\"@type\":\"Person\",\"@id\":\"https:\\\/\\\/www.meydan.tv\\\/az\\\/#\\\/schema\\\/person\\\/10d11eccf6da3662cf5fdab9806ea91a\",\"name\":\"user-manager\"}]}<\/script>\n<!-- \/ Yoast SEO plugin. -->","yoast_head_json":{"title":"\u0130ran\u0131n Az\u0259rbaycanla birg\u0259 ''yol x\u0259rit\u0259si'' m\u00fcmk\u00fcnd\u00fcrm\u00fc? - MEYDAN.TV","robots":{"index":"index","follow":"follow","max-snippet":"max-snippet:-1","max-image-preview":"max-image-preview:large","max-video-preview":"max-video-preview:-1"},"canonical":"https:\/\/www.meydan.tv\/az\/article\/iranin-azerbaycanla-birge-yol-xeritesi-mumkundurmu\/","og_locale":"az_AZ","og_type":"article","og_title":"\u0130ran\u0131n Az\u0259rbaycanla birg\u0259 ''yol x\u0259rit\u0259si'' m\u00fcmk\u00fcnd\u00fcrm\u00fc? - MEYDAN.TV","og_description":"\u0130ran prezidenti H\u0259s\u0259n Ruhaninin 21 dekabrda Erm\u0259nistana birg\u00fcnl\u00fck s\u0259f\u0259ri Az\u0259rbaycanda ... Davam\u0131","og_url":"https:\/\/www.meydan.tv\/az\/article\/iranin-azerbaycanla-birge-yol-xeritesi-mumkundurmu\/","og_site_name":"MEYDAN.TV","article_published_time":"2016-12-28T11:55:53+00:00","og_image":[{"width":810,"height":410,"url":"https:\/\/www.meydan.tv\/wp-content\/uploads\/29583.jpg","type":"image\/jpeg"}],"author":"user-manager","twitter_card":"summary_large_image","schema":{"@context":"https:\/\/schema.org","@graph":[{"@type":"Article","@id":"https:\/\/www.meydan.tv\/az\/article\/iranin-azerbaycanla-birge-yol-xeritesi-mumkundurmu\/#article","isPartOf":{"@id":"https:\/\/www.meydan.tv\/az\/article\/iranin-azerbaycanla-birge-yol-xeritesi-mumkundurmu\/"},"author":{"name":"user-manager","@id":"https:\/\/www.meydan.tv\/az\/#\/schema\/person\/10d11eccf6da3662cf5fdab9806ea91a"},"headline":"\u0130ran\u0131n Az\u0259rbaycanla birg\u0259 &#8221;yol x\u0259rit\u0259si&#8221; m\u00fcmk\u00fcnd\u00fcrm\u00fc?","datePublished":"2016-12-28T11:55:53+00:00","mainEntityOfPage":{"@id":"https:\/\/www.meydan.tv\/az\/article\/iranin-azerbaycanla-birge-yol-xeritesi-mumkundurmu\/"},"wordCount":1116,"publisher":{"@id":"https:\/\/www.meydan.tv\/az\/#organization"},"image":{"@id":"https:\/\/www.meydan.tv\/az\/article\/iranin-azerbaycanla-birge-yol-xeritesi-mumkundurmu\/#primaryimage"},"thumbnailUrl":"https:\/\/www.meydan.tv\/wp-content\/uploads\/29583.jpg","articleSection":["Analitika"],"inLanguage":"az"},{"@type":"WebPage","@id":"https:\/\/www.meydan.tv\/az\/article\/iranin-azerbaycanla-birge-yol-xeritesi-mumkundurmu\/","url":"https:\/\/www.meydan.tv\/az\/article\/iranin-azerbaycanla-birge-yol-xeritesi-mumkundurmu\/","name":"\u0130ran\u0131n Az\u0259rbaycanla birg\u0259 ''yol x\u0259rit\u0259si'' m\u00fcmk\u00fcnd\u00fcrm\u00fc? - MEYDAN.TV","isPartOf":{"@id":"https:\/\/www.meydan.tv\/az\/#website"},"primaryImageOfPage":{"@id":"https:\/\/www.meydan.tv\/az\/article\/iranin-azerbaycanla-birge-yol-xeritesi-mumkundurmu\/#primaryimage"},"image":{"@id":"https:\/\/www.meydan.tv\/az\/article\/iranin-azerbaycanla-birge-yol-xeritesi-mumkundurmu\/#primaryimage"},"thumbnailUrl":"https:\/\/www.meydan.tv\/wp-content\/uploads\/29583.jpg","datePublished":"2016-12-28T11:55:53+00:00","breadcrumb":{"@id":"https:\/\/www.meydan.tv\/az\/article\/iranin-azerbaycanla-birge-yol-xeritesi-mumkundurmu\/#breadcrumb"},"inLanguage":"az","potentialAction":[{"@type":"ReadAction","target":["https:\/\/www.meydan.tv\/az\/article\/iranin-azerbaycanla-birge-yol-xeritesi-mumkundurmu\/"]}]},{"@type":"ImageObject","inLanguage":"az","@id":"https:\/\/www.meydan.tv\/az\/article\/iranin-azerbaycanla-birge-yol-xeritesi-mumkundurmu\/#primaryimage","url":"https:\/\/www.meydan.tv\/wp-content\/uploads\/29583.jpg","contentUrl":"https:\/\/www.meydan.tv\/wp-content\/uploads\/29583.jpg","width":810,"height":410,"caption":"Source:"},{"@type":"BreadcrumbList","@id":"https:\/\/www.meydan.tv\/az\/article\/iranin-azerbaycanla-birge-yol-xeritesi-mumkundurmu\/#breadcrumb","itemListElement":[{"@type":"ListItem","position":1,"name":"Ana s\u0259hif\u0259","item":"https:\/\/www.meydan.tv\/az\/"},{"@type":"ListItem","position":2,"name":"Analitika","item":"https:\/\/www.meydan.tv\/az\/section\/analitika\/"},{"@type":"ListItem","position":3,"name":"\u0130ran\u0131n Az\u0259rbaycanla birg\u0259 &#8221;yol x\u0259rit\u0259si&#8221; m\u00fcmk\u00fcnd\u00fcrm\u00fc?"}]},{"@type":"WebSite","@id":"https:\/\/www.meydan.tv\/az\/#website","url":"https:\/\/www.meydan.tv\/az\/","name":"MEYDAN.TV","description":"Meydan TV Az\u0259rbaycan\u0131n media m\u0259kan\u0131ndak\u0131 alternativ s\u0259sidir","publisher":{"@id":"https:\/\/www.meydan.tv\/az\/#organization"},"potentialAction":[{"@type":"SearchAction","target":{"@type":"EntryPoint","urlTemplate":"https:\/\/www.meydan.tv\/az\/?s={search_term_string}"},"query-input":{"@type":"PropertyValueSpecification","valueRequired":true,"valueName":"search_term_string"}}],"inLanguage":"az"},{"@type":"Organization","@id":"https:\/\/www.meydan.tv\/az\/#organization","name":"Meydan TV","url":"https:\/\/www.meydan.tv\/az\/","logo":{"@type":"ImageObject","inLanguage":"az","@id":"https:\/\/www.meydan.tv\/az\/#\/schema\/logo\/image\/","url":"https:\/\/www.meydan.tv\/wp-content\/uploads\/2021\/07\/meydan-logo.svg","contentUrl":"https:\/\/www.meydan.tv\/wp-content\/uploads\/2021\/07\/meydan-logo.svg","width":195,"height":46,"caption":"Meydan TV"},"image":{"@id":"https:\/\/www.meydan.tv\/az\/#\/schema\/logo\/image\/"}},{"@type":"Person","@id":"https:\/\/www.meydan.tv\/az\/#\/schema\/person\/10d11eccf6da3662cf5fdab9806ea91a","name":"user-manager"}]}},"_links":{"self":[{"href":"https:\/\/www.meydan.tv\/az\/wp-json\/wp\/v2\/posts\/181533","targetHints":{"allow":["GET"]}}],"collection":[{"href":"https:\/\/www.meydan.tv\/az\/wp-json\/wp\/v2\/posts"}],"about":[{"href":"https:\/\/www.meydan.tv\/az\/wp-json\/wp\/v2\/types\/post"}],"author":[{"embeddable":true,"href":"https:\/\/www.meydan.tv\/az\/wp-json\/wp\/v2\/users\/11"}],"replies":[{"embeddable":true,"href":"https:\/\/www.meydan.tv\/az\/wp-json\/wp\/v2\/comments?post=181533"}],"version-history":[{"count":0,"href":"https:\/\/www.meydan.tv\/az\/wp-json\/wp\/v2\/posts\/181533\/revisions"}],"wp:featuredmedia":[{"embeddable":true,"href":"https:\/\/www.meydan.tv\/az\/wp-json\/wp\/v2\/media\/76291"}],"wp:attachment":[{"href":"https:\/\/www.meydan.tv\/az\/wp-json\/wp\/v2\/media?parent=181533"}],"wp:term":[{"taxonomy":"category","embeddable":true,"href":"https:\/\/www.meydan.tv\/az\/wp-json\/wp\/v2\/categories?post=181533"},{"taxonomy":"post_tag","embeddable":true,"href":"https:\/\/www.meydan.tv\/az\/wp-json\/wp\/v2\/tags?post=181533"}],"curies":[{"name":"wp","href":"https:\/\/api.w.org\/{rel}","templated":true}]}}