{"id":181508,"date":"2016-12-27T12:55:52","date_gmt":"2016-12-27T12:55:52","guid":{"rendered":"https:\/\/www.meydan.tv\/article\/manatla-bagli-nigaranciligi-nece-aradan-qaldirmaq-olar\/"},"modified":"2016-12-27T12:55:52","modified_gmt":"2016-12-27T12:55:52","slug":"manatla-bagli-nigaranciligi-nece-aradan-qaldirmaq-olar","status":"publish","type":"post","link":"https:\/\/www.meydan.tv\/az\/article\/manatla-bagli-nigaranciligi-nece-aradan-qaldirmaq-olar\/","title":{"rendered":"Manatla ba\u011fl\u0131 nigaran\u00e7\u0131l\u0131\u011f\u0131 nec\u0259 aradan qald\u0131rmaq olar?"},"content":{"rendered":"<figure class=\"wp-block-image size-large\">\n  <img decoding=\"async\" src=\"https:\/\/www.meydan.tv\/az\/73692\/\" alt=\"\" class=\"wp-image-73692\"\/><figcaption><\/figcaption><\/figure>\n<p>\n  \u0130lin sonuna say\u0131l\u0131 g\u00fcnl\u0259r qal\u0131b. H\u0259l\u0259 d\u0259 ilin \u0259n b\u00f6y\u00fck nigaran\u00e7\u0131l\u0131\u011f\u0131 v\u0259 \u0259n \u00e7ox m\u00fczakir\u0259si manatla ba\u011fl\u0131d\u0131r. \u00c7\u00fcnki manat yen\u0259 n\u00f6vb\u0259ti il\u0259 ger\u00e7\u0259k m\u0259z\u0259nn\u0259si il\u0259 q\u0259d\u0259m qoya bilmir. M\u0259rk\u0259zi Bank 1 ili d\u0259 bel\u0259c\u0259, bo\u015fa x\u0259rcl\u0259di.\n<\/p>\n<p>\n  N\u0259tic\u0259d\u0259 manat\u0131n &#8220;x\u0259st\u0259liyi&#8221; iqtisadiyyat\u0131n b\u00fct\u00fcn sah\u0259l\u0259rin\u0259 t\u0259sir edib. \u0130l \u0259rzind\u0259 50 mind\u0259n \u00e7ox i\u015f yeri ba\u011flan\u0131b, \u0259m\u0259k haqqlar\u0131 v\u0259 pensiyalar d\u0259y\u0259rsizl\u0259\u015fib, istehlak bazar\u0131nda n\u0259inki idxal mallar\u0131, h\u0259m d\u0259 idxal komponentl\u0259ri olan yerli m\u0259hsullar da bahala\u015f\u0131b. \u018fn pisi d\u0259 inflyasiya ikir\u0259q\u0259mli \u0259d\u0259dl\u0259 ifad\u0259 olunub. Xarici borc \u00f6hd\u0259likl\u0259rini yerin\u0259 yetir\u0259 bilm\u0259y\u0259n Az\u0259renerji, ARDN\u015e kimi inhisar\u00e7\u0131 \u015firk\u0259tl\u0259rin m\u00fcraci\u0259tl\u0259ri \u0259sas\u0131nda elektrik enerjisi v\u0259 qaz\u0131n ikinci d\u0259r\u0259c\u0259li tarifl\u0259ri m\u00fcvafiq olaraq 1.6 v\u0259 2 d\u0259f\u0259 qalx\u0131b. 2017-ci ild\u0259 b\u00fcdc\u0259 k\u0259siri son 10 ilin zirv\u0259sin\u0259 qalx\u0131b, xarici ticar\u0259t v\u0259 t\u0259diyy\u0259 balans\u0131n\u0131n m\u00f6vqel\u0259ri xeyli z\u0259ifl\u0259yib. B\u00fct\u00fcn bunlar\u0131n n\u0259tic\u0259sind\u0259 manatla ba\u011fl\u0131 narahat\u00e7\u0131l\u0131qlar bir az da art\u0131b.\n<\/p>\n<p>\n  Milli valyuta n\u00f6vb\u0259ti il\u0259 3 m\u0259z\u0259nn\u0259 (valyuta h\u0259rrac\u0131n\u0131n m\u0259z\u0259nn\u0259si, kommersiya banklar\u0131n\u0131n m\u0259z\u0259nn\u0259si v\u0259 &#8220;qara bazar&#8221; m\u0259z\u0259nn\u0259si) il\u0259 q\u0259d\u0259m qoyur. Onlar\u0131n aras\u0131nda &#8220;qara bazar&#8221; \u0259n \u00e7ox m\u00fczaki\u0259 m\u00f6vzusuna \u00e7evrilib. B\u0259zi orqanlar &#8220;qara bazar&#8221;\u0131 l\u0259\u011fv etm\u0259yi qar\u015f\u0131s\u0131na m\u0259qs\u0259d qoysa da, buna nail ola bilm\u0259yib. \u00c7\u00fcnki manat\u0131n banklardak\u0131 m\u0259z\u0259nn\u0259l\u0259ri real bazar d\u0259y\u0259rini ifad\u0259 ed\u0259 bilm\u0259yib, onun sat\u0131\u015f\u0131 tam liberalla\u015fd\u0131r\u0131lmay\u0131b, \u0259ksin\u0259, valyuta m\u00fcbadil\u0259 m\u0259nt\u0259q\u0259l\u0259ri ba\u011flan\u0131b. \u018fn ba\u015fl\u0131cas\u0131 is\u0259 b\u0259zi banklar \u00f6zl\u0259ri &#8220;qara bazar&#8221;\u0131n \u0259sas t\u0259chizat\u00e7\u0131s\u0131na v\u0259 t\u0259dar\u00fck\u00e7\u00fcs\u00fcn\u0259 \u00e7evrilibl\u0259r. \u0130ri valyuta \u0259m\u0259liyyatlar\u0131n\u0131 qeyri-leqal olaraq h\u0259min bazarlarda realla\u015fd\u0131rd\u0131r\u0131rlar.\n<\/p>\n<p>\n  \u018fslind\u0259 &#8220;qara bazar&#8221; ki\u00e7ik deyil, iri valyuta \u0259m\u0259liyyatlar\u0131n\u0131n alq\u0131-satq\u0131s\u0131 \u00fc\u00e7\u00fcn yarad\u0131l\u0131b. Bu bazarda \u00fcnsiyy\u0259t vasit\u0259l\u0259ri d\u0259 bir \u00e7ox hallarda canl\u0131 deyil, telefon rabit\u0259si il\u0259 apar\u0131l\u0131r. Haz\u0131rda bir z\u0259ngl\u0259 laz\u0131m olan q\u0259d\u0259r valyuta sifari\u015f ver\u0259nl\u0259r d\u0259 el\u0259 banklarla \u0259laq\u0259li \u015f\u0259kild\u0259 i\u015fl\u0259yirl\u0259r. \u00c7\u00fcnki banklar \u00fc\u00e7\u00fcn &#8220;qara bazar&#8221; dan \u00e7ox, onun m\u0259z\u0259nn\u0259si \u0259h\u0259miyy\u0259tlidir. El\u0259 ona g\u00f6r\u0259dir ki, m\u0259tbu orqanlar g\u00fcnd\u0259lik &#8220;qara bazar&#8221; kursunu d\u0259rc etm\u0259kd\u0259 \u00e7\u0259tinlik \u00e7\u0259kmirl\u0259r. M\u0259tbuat da m\u0259lumat\u0131 real yox, virtual bazarlardan al\u0131r.\n<\/p>\n<p>\n  B\u0259llidir ki, &#8220;qara bazar&#8221;da formala\u015fan m\u0259z\u0259nn\u0259 kommersiya banklar\u0131n\u0131n alq\u0131-satq\u0131 kursundan bir ne\u00e7\u0259 q\u0259pik olsa da yuxar\u0131d\u0131r. Bu f\u0259rq iri valyuta \u0259m\u0259liyyatlardan b\u00f6y\u00fck qazanclar g\u00f6t\u00fcrm\u0259k \u00fc\u00e7\u00fcn kifay\u0259t edir. Ona g\u00f6r\u0259 d\u0259, haz\u0131rk\u0131 &#8220;qara bazar&#8221;lar b\u0259zi kommersiya banklar\u0131na laz\u0131md\u0131r. Ona g\u00f6r\u0259 d\u0259, b\u0259zi banklar bel\u0259 bazarlar\u0131n ya\u015famas\u0131nda maraql\u0131d\u0131r.\n<\/p>\n<p>\n  Manat\u0131n ger\u00e7\u0259k m\u0259z\u0259nn\u0259si, tarazl\u0131 kursu m\u00fc\u0259yy\u0259nl\u0259\u015fm\u0259y\u0259n\u0259d\u0259k &#8220;qara bazar&#8221;lar m\u00f6vcud olacaq. Odur ki, m\u00fcvafiq orqanlar &#8220;qara bazar&#8221;la m\u00fcbariz\u0259y\u0259 deyil, s\u0259rb\u0259st \u00fcz\u0259n m\u0259z\u0259nn\u0259 rejimin\u0259 ke\u00e7id \u00fc\u00e7\u00fcn haz\u0131rl\u0131q i\u015fl\u0259rin\u0259 daha \u00e7ox diqq\u0259t yetirm\u0259lidir. \u00c7\u00fcnki bundan ba\u015fqa alternativ yoxdur.\n<\/p>\n<p>\n  Yekunda m\u0259sl\u0259h\u0259tim odur ki, sonradan pe\u015fman\u00e7\u0131l\u0131q \u00e7\u0259km\u0259m\u0259yiniz \u00fc\u00e7\u00fcn manatla olan borclar\u0131n\u0131z\u0131 ilin sonuna q\u0259d\u0259r geri alma\u011fa \u00e7al\u0131\u015f\u0131n v\u0259 bu il \u0259rzind\u0259 manatla yeni borclar verm\u0259yin. \u00c7\u00fcnki n\u00f6vb\u0259ti ild\u0259 manat dollar nisb\u0259ti bu ilkind\u0259n xeyli f\u0259rqli olacaq.<\/p>\n","protected":false},"excerpt":{"rendered":"<p>\u0130lin sonuna say\u0131l\u0131 g\u00fcnl\u0259r qal\u0131b. H\u0259l\u0259 d\u0259 ilin \u0259n b\u00f6y\u00fck &#8230; <\/p>\n<p class=\"read-more-container\"><a title=\"Manatla ba\u011fl\u0131 nigaran\u00e7\u0131l\u0131\u011f\u0131 nec\u0259 aradan qald\u0131rmaq olar?\" class=\"read-more button\" href=\"https:\/\/www.meydan.tv\/az\/article\/manatla-bagli-nigaranciligi-nece-aradan-qaldirmaq-olar\/#more-181508\" aria-label=\"Read more about Manatla ba\u011fl\u0131 nigaran\u00e7\u0131l\u0131\u011f\u0131 nec\u0259 aradan qald\u0131rmaq olar?\">Davam\u0131<\/a><\/p>\n","protected":false},"author":11,"featured_media":73692,"comment_status":"closed","ping_status":"open","sticky":false,"template":"","format":"standard","meta":{"_acf_changed":false,"_sitemap_exclude":false,"_sitemap_priority":"","_sitemap_frequency":"","footnotes":""},"categories":[51],"tags":[],"class_list":["post-181508","post","type-post","status-publish","format-standard","has-post-thumbnail","hentry","category-analitika","infinite-scroll-item","generate-columns","tablet-grid-50","mobile-grid-100","grid-parent","grid-33","no-featured-image-padding"],"acf":[],"yoast_head":"<!-- This site is optimized with the Yoast SEO plugin v27.5 - https:\/\/yoast.com\/product\/yoast-seo-wordpress\/ -->\n<title>Manatla ba\u011fl\u0131 nigaran\u00e7\u0131l\u0131\u011f\u0131 nec\u0259 aradan qald\u0131rmaq olar? - MEYDAN.TV<\/title>\n<meta name=\"robots\" content=\"index, follow, max-snippet:-1, max-image-preview:large, max-video-preview:-1\" \/>\n<link rel=\"canonical\" href=\"https:\/\/www.meydan.tv\/az\/article\/manatla-bagli-nigaranciligi-nece-aradan-qaldirmaq-olar\/\" \/>\n<meta property=\"og:locale\" content=\"az_AZ\" \/>\n<meta property=\"og:type\" content=\"article\" \/>\n<meta property=\"og:title\" content=\"Manatla ba\u011fl\u0131 nigaran\u00e7\u0131l\u0131\u011f\u0131 nec\u0259 aradan qald\u0131rmaq olar? - MEYDAN.TV\" \/>\n<meta property=\"og:description\" content=\"\u0130lin sonuna say\u0131l\u0131 g\u00fcnl\u0259r qal\u0131b. H\u0259l\u0259 d\u0259 ilin \u0259n b\u00f6y\u00fck ... Davam\u0131\" \/>\n<meta property=\"og:url\" content=\"https:\/\/www.meydan.tv\/az\/article\/manatla-bagli-nigaranciligi-nece-aradan-qaldirmaq-olar\/\" \/>\n<meta property=\"og:site_name\" content=\"MEYDAN.TV\" \/>\n<meta property=\"article:published_time\" content=\"2016-12-27T12:55:52+00:00\" \/>\n<meta property=\"og:image\" content=\"https:\/\/www.meydan.tv\/wp-content\/uploads\/28436.jpg\" \/>\n\t<meta property=\"og:image:width\" content=\"987\" \/>\n\t<meta property=\"og:image:height\" content=\"555\" \/>\n\t<meta property=\"og:image:type\" content=\"image\/jpeg\" \/>\n<meta name=\"author\" content=\"user-manager\" \/>\n<meta name=\"twitter:card\" content=\"summary_large_image\" \/>\n<script type=\"application\/ld+json\" class=\"yoast-schema-graph\">{\"@context\":\"https:\\\/\\\/schema.org\",\"@graph\":[{\"@type\":\"Article\",\"@id\":\"https:\\\/\\\/www.meydan.tv\\\/az\\\/article\\\/manatla-bagli-nigaranciligi-nece-aradan-qaldirmaq-olar\\\/#article\",\"isPartOf\":{\"@id\":\"https:\\\/\\\/www.meydan.tv\\\/az\\\/article\\\/manatla-bagli-nigaranciligi-nece-aradan-qaldirmaq-olar\\\/\"},\"author\":{\"name\":\"user-manager\",\"@id\":\"https:\\\/\\\/www.meydan.tv\\\/az\\\/#\\\/schema\\\/person\\\/10d11eccf6da3662cf5fdab9806ea91a\"},\"headline\":\"Manatla ba\u011fl\u0131 nigaran\u00e7\u0131l\u0131\u011f\u0131 nec\u0259 aradan qald\u0131rmaq olar?\",\"datePublished\":\"2016-12-27T12:55:52+00:00\",\"mainEntityOfPage\":{\"@id\":\"https:\\\/\\\/www.meydan.tv\\\/az\\\/article\\\/manatla-bagli-nigaranciligi-nece-aradan-qaldirmaq-olar\\\/\"},\"wordCount\":698,\"publisher\":{\"@id\":\"https:\\\/\\\/www.meydan.tv\\\/az\\\/#organization\"},\"image\":{\"@id\":\"https:\\\/\\\/www.meydan.tv\\\/az\\\/article\\\/manatla-bagli-nigaranciligi-nece-aradan-qaldirmaq-olar\\\/#primaryimage\"},\"thumbnailUrl\":\"https:\\\/\\\/www.meydan.tv\\\/wp-content\\\/uploads\\\/28436.jpg\",\"articleSection\":[\"Analitika\"],\"inLanguage\":\"az\"},{\"@type\":\"WebPage\",\"@id\":\"https:\\\/\\\/www.meydan.tv\\\/az\\\/article\\\/manatla-bagli-nigaranciligi-nece-aradan-qaldirmaq-olar\\\/\",\"url\":\"https:\\\/\\\/www.meydan.tv\\\/az\\\/article\\\/manatla-bagli-nigaranciligi-nece-aradan-qaldirmaq-olar\\\/\",\"name\":\"Manatla ba\u011fl\u0131 nigaran\u00e7\u0131l\u0131\u011f\u0131 nec\u0259 aradan qald\u0131rmaq olar? - MEYDAN.TV\",\"isPartOf\":{\"@id\":\"https:\\\/\\\/www.meydan.tv\\\/az\\\/#website\"},\"primaryImageOfPage\":{\"@id\":\"https:\\\/\\\/www.meydan.tv\\\/az\\\/article\\\/manatla-bagli-nigaranciligi-nece-aradan-qaldirmaq-olar\\\/#primaryimage\"},\"image\":{\"@id\":\"https:\\\/\\\/www.meydan.tv\\\/az\\\/article\\\/manatla-bagli-nigaranciligi-nece-aradan-qaldirmaq-olar\\\/#primaryimage\"},\"thumbnailUrl\":\"https:\\\/\\\/www.meydan.tv\\\/wp-content\\\/uploads\\\/28436.jpg\",\"datePublished\":\"2016-12-27T12:55:52+00:00\",\"breadcrumb\":{\"@id\":\"https:\\\/\\\/www.meydan.tv\\\/az\\\/article\\\/manatla-bagli-nigaranciligi-nece-aradan-qaldirmaq-olar\\\/#breadcrumb\"},\"inLanguage\":\"az\",\"potentialAction\":[{\"@type\":\"ReadAction\",\"target\":[\"https:\\\/\\\/www.meydan.tv\\\/az\\\/article\\\/manatla-bagli-nigaranciligi-nece-aradan-qaldirmaq-olar\\\/\"]}]},{\"@type\":\"ImageObject\",\"inLanguage\":\"az\",\"@id\":\"https:\\\/\\\/www.meydan.tv\\\/az\\\/article\\\/manatla-bagli-nigaranciligi-nece-aradan-qaldirmaq-olar\\\/#primaryimage\",\"url\":\"https:\\\/\\\/www.meydan.tv\\\/wp-content\\\/uploads\\\/28436.jpg\",\"contentUrl\":\"https:\\\/\\\/www.meydan.tv\\\/wp-content\\\/uploads\\\/28436.jpg\",\"width\":987,\"height\":555,\"caption\":\"Source:\"},{\"@type\":\"BreadcrumbList\",\"@id\":\"https:\\\/\\\/www.meydan.tv\\\/az\\\/article\\\/manatla-bagli-nigaranciligi-nece-aradan-qaldirmaq-olar\\\/#breadcrumb\",\"itemListElement\":[{\"@type\":\"ListItem\",\"position\":1,\"name\":\"Ana s\u0259hif\u0259\",\"item\":\"https:\\\/\\\/www.meydan.tv\\\/az\\\/\"},{\"@type\":\"ListItem\",\"position\":2,\"name\":\"Analitika\",\"item\":\"https:\\\/\\\/www.meydan.tv\\\/az\\\/section\\\/analitika\\\/\"},{\"@type\":\"ListItem\",\"position\":3,\"name\":\"Manatla ba\u011fl\u0131 nigaran\u00e7\u0131l\u0131\u011f\u0131 nec\u0259 aradan qald\u0131rmaq olar?\"}]},{\"@type\":\"WebSite\",\"@id\":\"https:\\\/\\\/www.meydan.tv\\\/az\\\/#website\",\"url\":\"https:\\\/\\\/www.meydan.tv\\\/az\\\/\",\"name\":\"MEYDAN.TV\",\"description\":\"Meydan TV Az\u0259rbaycan\u0131n media m\u0259kan\u0131ndak\u0131 alternativ s\u0259sidir\",\"publisher\":{\"@id\":\"https:\\\/\\\/www.meydan.tv\\\/az\\\/#organization\"},\"potentialAction\":[{\"@type\":\"SearchAction\",\"target\":{\"@type\":\"EntryPoint\",\"urlTemplate\":\"https:\\\/\\\/www.meydan.tv\\\/az\\\/?s={search_term_string}\"},\"query-input\":{\"@type\":\"PropertyValueSpecification\",\"valueRequired\":true,\"valueName\":\"search_term_string\"}}],\"inLanguage\":\"az\"},{\"@type\":\"Organization\",\"@id\":\"https:\\\/\\\/www.meydan.tv\\\/az\\\/#organization\",\"name\":\"Meydan TV\",\"url\":\"https:\\\/\\\/www.meydan.tv\\\/az\\\/\",\"logo\":{\"@type\":\"ImageObject\",\"inLanguage\":\"az\",\"@id\":\"https:\\\/\\\/www.meydan.tv\\\/az\\\/#\\\/schema\\\/logo\\\/image\\\/\",\"url\":\"https:\\\/\\\/www.meydan.tv\\\/wp-content\\\/uploads\\\/2021\\\/07\\\/meydan-logo.svg\",\"contentUrl\":\"https:\\\/\\\/www.meydan.tv\\\/wp-content\\\/uploads\\\/2021\\\/07\\\/meydan-logo.svg\",\"width\":195,\"height\":46,\"caption\":\"Meydan TV\"},\"image\":{\"@id\":\"https:\\\/\\\/www.meydan.tv\\\/az\\\/#\\\/schema\\\/logo\\\/image\\\/\"}},{\"@type\":\"Person\",\"@id\":\"https:\\\/\\\/www.meydan.tv\\\/az\\\/#\\\/schema\\\/person\\\/10d11eccf6da3662cf5fdab9806ea91a\",\"name\":\"user-manager\"}]}<\/script>\n<!-- \/ Yoast SEO plugin. -->","yoast_head_json":{"title":"Manatla ba\u011fl\u0131 nigaran\u00e7\u0131l\u0131\u011f\u0131 nec\u0259 aradan qald\u0131rmaq olar? - MEYDAN.TV","robots":{"index":"index","follow":"follow","max-snippet":"max-snippet:-1","max-image-preview":"max-image-preview:large","max-video-preview":"max-video-preview:-1"},"canonical":"https:\/\/www.meydan.tv\/az\/article\/manatla-bagli-nigaranciligi-nece-aradan-qaldirmaq-olar\/","og_locale":"az_AZ","og_type":"article","og_title":"Manatla ba\u011fl\u0131 nigaran\u00e7\u0131l\u0131\u011f\u0131 nec\u0259 aradan qald\u0131rmaq olar? - MEYDAN.TV","og_description":"\u0130lin sonuna say\u0131l\u0131 g\u00fcnl\u0259r qal\u0131b. H\u0259l\u0259 d\u0259 ilin \u0259n b\u00f6y\u00fck ... Davam\u0131","og_url":"https:\/\/www.meydan.tv\/az\/article\/manatla-bagli-nigaranciligi-nece-aradan-qaldirmaq-olar\/","og_site_name":"MEYDAN.TV","article_published_time":"2016-12-27T12:55:52+00:00","og_image":[{"width":987,"height":555,"url":"https:\/\/www.meydan.tv\/wp-content\/uploads\/28436.jpg","type":"image\/jpeg"}],"author":"user-manager","twitter_card":"summary_large_image","schema":{"@context":"https:\/\/schema.org","@graph":[{"@type":"Article","@id":"https:\/\/www.meydan.tv\/az\/article\/manatla-bagli-nigaranciligi-nece-aradan-qaldirmaq-olar\/#article","isPartOf":{"@id":"https:\/\/www.meydan.tv\/az\/article\/manatla-bagli-nigaranciligi-nece-aradan-qaldirmaq-olar\/"},"author":{"name":"user-manager","@id":"https:\/\/www.meydan.tv\/az\/#\/schema\/person\/10d11eccf6da3662cf5fdab9806ea91a"},"headline":"Manatla ba\u011fl\u0131 nigaran\u00e7\u0131l\u0131\u011f\u0131 nec\u0259 aradan qald\u0131rmaq olar?","datePublished":"2016-12-27T12:55:52+00:00","mainEntityOfPage":{"@id":"https:\/\/www.meydan.tv\/az\/article\/manatla-bagli-nigaranciligi-nece-aradan-qaldirmaq-olar\/"},"wordCount":698,"publisher":{"@id":"https:\/\/www.meydan.tv\/az\/#organization"},"image":{"@id":"https:\/\/www.meydan.tv\/az\/article\/manatla-bagli-nigaranciligi-nece-aradan-qaldirmaq-olar\/#primaryimage"},"thumbnailUrl":"https:\/\/www.meydan.tv\/wp-content\/uploads\/28436.jpg","articleSection":["Analitika"],"inLanguage":"az"},{"@type":"WebPage","@id":"https:\/\/www.meydan.tv\/az\/article\/manatla-bagli-nigaranciligi-nece-aradan-qaldirmaq-olar\/","url":"https:\/\/www.meydan.tv\/az\/article\/manatla-bagli-nigaranciligi-nece-aradan-qaldirmaq-olar\/","name":"Manatla ba\u011fl\u0131 nigaran\u00e7\u0131l\u0131\u011f\u0131 nec\u0259 aradan qald\u0131rmaq olar? - MEYDAN.TV","isPartOf":{"@id":"https:\/\/www.meydan.tv\/az\/#website"},"primaryImageOfPage":{"@id":"https:\/\/www.meydan.tv\/az\/article\/manatla-bagli-nigaranciligi-nece-aradan-qaldirmaq-olar\/#primaryimage"},"image":{"@id":"https:\/\/www.meydan.tv\/az\/article\/manatla-bagli-nigaranciligi-nece-aradan-qaldirmaq-olar\/#primaryimage"},"thumbnailUrl":"https:\/\/www.meydan.tv\/wp-content\/uploads\/28436.jpg","datePublished":"2016-12-27T12:55:52+00:00","breadcrumb":{"@id":"https:\/\/www.meydan.tv\/az\/article\/manatla-bagli-nigaranciligi-nece-aradan-qaldirmaq-olar\/#breadcrumb"},"inLanguage":"az","potentialAction":[{"@type":"ReadAction","target":["https:\/\/www.meydan.tv\/az\/article\/manatla-bagli-nigaranciligi-nece-aradan-qaldirmaq-olar\/"]}]},{"@type":"ImageObject","inLanguage":"az","@id":"https:\/\/www.meydan.tv\/az\/article\/manatla-bagli-nigaranciligi-nece-aradan-qaldirmaq-olar\/#primaryimage","url":"https:\/\/www.meydan.tv\/wp-content\/uploads\/28436.jpg","contentUrl":"https:\/\/www.meydan.tv\/wp-content\/uploads\/28436.jpg","width":987,"height":555,"caption":"Source:"},{"@type":"BreadcrumbList","@id":"https:\/\/www.meydan.tv\/az\/article\/manatla-bagli-nigaranciligi-nece-aradan-qaldirmaq-olar\/#breadcrumb","itemListElement":[{"@type":"ListItem","position":1,"name":"Ana s\u0259hif\u0259","item":"https:\/\/www.meydan.tv\/az\/"},{"@type":"ListItem","position":2,"name":"Analitika","item":"https:\/\/www.meydan.tv\/az\/section\/analitika\/"},{"@type":"ListItem","position":3,"name":"Manatla ba\u011fl\u0131 nigaran\u00e7\u0131l\u0131\u011f\u0131 nec\u0259 aradan qald\u0131rmaq olar?"}]},{"@type":"WebSite","@id":"https:\/\/www.meydan.tv\/az\/#website","url":"https:\/\/www.meydan.tv\/az\/","name":"MEYDAN.TV","description":"Meydan TV Az\u0259rbaycan\u0131n media m\u0259kan\u0131ndak\u0131 alternativ s\u0259sidir","publisher":{"@id":"https:\/\/www.meydan.tv\/az\/#organization"},"potentialAction":[{"@type":"SearchAction","target":{"@type":"EntryPoint","urlTemplate":"https:\/\/www.meydan.tv\/az\/?s={search_term_string}"},"query-input":{"@type":"PropertyValueSpecification","valueRequired":true,"valueName":"search_term_string"}}],"inLanguage":"az"},{"@type":"Organization","@id":"https:\/\/www.meydan.tv\/az\/#organization","name":"Meydan TV","url":"https:\/\/www.meydan.tv\/az\/","logo":{"@type":"ImageObject","inLanguage":"az","@id":"https:\/\/www.meydan.tv\/az\/#\/schema\/logo\/image\/","url":"https:\/\/www.meydan.tv\/wp-content\/uploads\/2021\/07\/meydan-logo.svg","contentUrl":"https:\/\/www.meydan.tv\/wp-content\/uploads\/2021\/07\/meydan-logo.svg","width":195,"height":46,"caption":"Meydan TV"},"image":{"@id":"https:\/\/www.meydan.tv\/az\/#\/schema\/logo\/image\/"}},{"@type":"Person","@id":"https:\/\/www.meydan.tv\/az\/#\/schema\/person\/10d11eccf6da3662cf5fdab9806ea91a","name":"user-manager"}]}},"_links":{"self":[{"href":"https:\/\/www.meydan.tv\/az\/wp-json\/wp\/v2\/posts\/181508","targetHints":{"allow":["GET"]}}],"collection":[{"href":"https:\/\/www.meydan.tv\/az\/wp-json\/wp\/v2\/posts"}],"about":[{"href":"https:\/\/www.meydan.tv\/az\/wp-json\/wp\/v2\/types\/post"}],"author":[{"embeddable":true,"href":"https:\/\/www.meydan.tv\/az\/wp-json\/wp\/v2\/users\/11"}],"replies":[{"embeddable":true,"href":"https:\/\/www.meydan.tv\/az\/wp-json\/wp\/v2\/comments?post=181508"}],"version-history":[{"count":0,"href":"https:\/\/www.meydan.tv\/az\/wp-json\/wp\/v2\/posts\/181508\/revisions"}],"wp:featuredmedia":[{"embeddable":true,"href":"https:\/\/www.meydan.tv\/az\/wp-json\/wp\/v2\/media\/73692"}],"wp:attachment":[{"href":"https:\/\/www.meydan.tv\/az\/wp-json\/wp\/v2\/media?parent=181508"}],"wp:term":[{"taxonomy":"category","embeddable":true,"href":"https:\/\/www.meydan.tv\/az\/wp-json\/wp\/v2\/categories?post=181508"},{"taxonomy":"post_tag","embeddable":true,"href":"https:\/\/www.meydan.tv\/az\/wp-json\/wp\/v2\/tags?post=181508"}],"curies":[{"name":"wp","href":"https:\/\/api.w.org\/{rel}","templated":true}]}}