{"id":181503,"date":"2016-12-27T02:59:41","date_gmt":"2016-12-27T02:59:41","guid":{"rendered":"https:\/\/www.meydan.tv\/article\/eliyevin-komandasi\/"},"modified":"2016-12-27T02:59:41","modified_gmt":"2016-12-27T02:59:41","slug":"eliyevin-komandasi","status":"publish","type":"post","link":"https:\/\/www.meydan.tv\/az\/article\/eliyevin-komandasi\/","title":{"rendered":"\u018fliyevin komandas\u0131"},"content":{"rendered":"<figure class=\"wp-block-image size-large\">\n  <img decoding=\"async\" src=\"https:\/\/www.meydan.tv\/az\/ilham-eliyev-37\/\" alt=\"\u0130lham \u018fliyev\" class=\"wp-image-76282\"\/><figcaption>\n    \u0130lham \u018fliyev<br \/>\n  <\/figcaption><\/figure>\n<p>\n  <i><br \/>\n    Bel\u0259 Az\u0259rbaycan\u0131n g\u0259l\u0259c\u0259yi varm\u0131?<br \/>\n  <\/i>\n<\/p>\n<p>\n  Az\u0259rbaycan Konstitusiyas\u0131n\u0131n 8-ci madd\u0259sinin d\u00f6rd b\u0259ndind\u0259 prezidentin kimliyi t\u0259svir edilir. Bu b\u0259ndl\u0259ri oxuyub d\u0259rin fikr\u0259 dalanda f\u0259ras\u0259tli v\u0259t\u0259nda\u015fa b\u0259lli olur ki, ulu \u00f6nd\u0259rin t\u0259rtib etdiyi bu Konstitusiyaya g\u00f6r\u0259, prezident xalq\u0131n var-yoxudur, h\u0259r \u015feyidir v\u0259 h\u0259r kimidir. Xalq\u0131n vahidliliyinin t\u0259c\u0259ss\u00fcm\u00fcd\u00fcr, d\u00f6vl\u0259t\u00e7iliyin varisliyinin, beyn\u0259lxalq m\u00fcqavil\u0259l\u0259rin icras\u0131n\u0131n v\u0259 m\u0259hk\u0259m\u0259 hakimiyy\u0259tinin m\u00fcst\u0259qilliyinin t\u0259minat\u00e7\u0131s\u0131d\u0131r. B\u00f6yl\u0259 taley\u00fckl\u00fc v\u0259 m\u00f6ht\u0259\u015f\u0259m milli v\u0259zif\u0259l\u0259rin \u00f6hd\u0259sind\u0259n bir adam he\u00e7 c\u00fcr g\u0259l\u0259 bilm\u0259z, buna g\u00f6r\u0259 Konstitusiya xalq\u0131n &#8220;se\u00e7diyi&#8221; b\u0259l\u0259diyy\u0259l\u0259r\u0259 mikroskopik, prezidentin t\u0259yin etdiyi icra hakimiyy\u0259ti ba\u015f\u00e7\u0131lar\u0131na int\u0259has\u0131z s\u0259lahiyy\u0259tl\u0259r vermi\u015fdir.\n<\/p>\n<p>\n  Prezident \u00f6lk\u0259ni idar\u0259 ed\u0259n b\u00f6y\u00fck bir komandan\u0131n h\u0259m m\u0259\u015fq\u00e7isi, h\u0259m d\u0259 oynayan kapitan\u0131d\u0131r. Bu komanda 25 ildir ki, t\u0259xmin\u0259n eyni t\u0259rkibd\u0259 v\u0259 eyni \u00fcsulla oynay\u0131r. Baxaq n\u0259tic\u0259l\u0259r\u0259:\n<\/p>\n<p>\n  -\u0410z\u0259rbaycan\u0131n ad\u0131 insan haqlar\u0131 v\u0259 demokratiya hesabatlar\u0131nda b\u0259dnam hallan\u0131r;<br \/>\n  <br \/>\n  -\u00f6lk\u0259d\u0259 \u0259halinin etibar ed\u0259 bil\u0259c\u0259yi m\u00fcst\u0259qil m\u0259hk\u0259m\u0259 yoxdur;<br \/>\n  <br \/>\n  -polisd\u0259 v\u0259 h\u0259bsxanalarda v\u0259t\u0259nda\u015flara i\u015fg\u0259nc\u0259 verirl\u0259r;<br \/>\n  <br \/>\n  -d\u00f6vl\u0259t cihaz\u0131nda r\u00fc\u015fv\u0259t adi hald\u0131r;<br \/>\n  <br \/>\n  -Qaraba\u011f i\u015f\u011fal alt\u0131ndad\u0131r v\u0259 m\u0259s\u0259l\u0259d\u0259 i\u015f\u0131q ucu g\u00f6r\u00fcnm\u00fcr:<br \/>\n  <br \/>\n  -milli pul vahidi arams\u0131z z\u0259ifl\u0259yir;<br \/>\n  <br \/>\n  -\u0259hali \u00f6lk\u0259nin taleyin\u0259 bigan\u0259dir, se\u00e7kil\u0259r\u0259 maraq v\u0259 etibar m\u00fct\u0259madi enir;<br \/>\n  <br \/>\n  -\u00f6lk\u0259 yaln\u0131z xammal ixrac\u0131n\u0131n hesab\u0131na ya\u015fay\u0131r v\u0259 25 ild\u0259 bir d\u0259n\u0259 olsun bel\u0259 elmtutumlu v\u0259 r\u0259qab\u0259t\u0259 qadir m\u0259hsul istehsal ed\u0259 bilm\u0259yib;<br \/>\n  <br \/>\n  -elmin, t\u0259hsilin v\u0259 s\u0259hiyy\u0259nin t\u0259n\u0259zz\u00fcl\u00fc \u015f\u0259ksizdir;<br \/>\n  <br \/>\n  -rayonlardan paytaxta k\u00f6\u00e7\u0259n insanlar\u0131n hesab\u0131na Bak\u0131 \u0259halisinin say\u0131 ikiqat \u00e7oxal\u0131b, regionlar\u0131n inki\u015faf\u0131 ad\u0131 alt\u0131nda q\u0259bul edilmi\u015f proqramlar\u0131n ham\u0131s\u0131 iflasa u\u011fray\u0131b.\n<\/p>\n<p>\n  Prezidentin qar\u015f\u0131s\u0131nda duran v\u0259zif\u0259l\u0259r \u00e7ox a\u011f\u0131rd\u0131r, bir n\u0259f\u0259r t\u0259r\u0259find\u0259n onlar\u0131n icras\u0131, dem\u0259k olar ki, m\u00fcmk\u00fcns\u00fczd\u00fcr.\n<\/p>\n<p>\n  M\u00f6vcud \u015f\u0259raitd\u0259 xalq\u0131n vahidliyini nec\u0259 t\u0259min etm\u0259k olar? Ayda 150-200 manat m\u0259vacib v\u0259 ya t\u0259qa\u00fcd alan insan\u0131 nec\u0259 inand\u0131rasan ki, ayda 1500 manat maa\u015f alan nazirin bivec \u00f6vlad\u0131n\u0131n qiym\u0259ti 1,5 milyon dollar qiym\u0259ti olan ma\u015f\u0131n\u0131 s\u00fcrm\u0259y\u0259 tam haqq\u0131 var v\u0259 bu hal Az\u0259rbaycan\u0131n Konstitusiyas\u0131na uy\u011fundur?\n<\/p>\n<p>\n  &#8220;\u00d6lk\u0259d\u0259 r\u00fc\u015fv\u0259t v\u0259 o\u011furluq t\u00fc\u011fyan edir&#8221; dey\u0259n insanlar\u0131 polis \u015f\u0259rl\u0259yib m\u0259hb\u0259s\u0259 at\u0131rsa, vicdans\u0131z hakiml\u0259r bu insanlara yuxar\u0131n\u0131n sifari\u015fi il\u0259 \u0259dal\u0259tsiz v\u0259 amans\u0131z h\u00f6kml\u0259r \u00e7\u0131xar\u0131rsa, prezident d\u00fc\u015f\u00fcn\u0259n v\u0259 dan\u0131\u015fma\u011fa c\u00fcr\u0259ti \u00e7atan insanlar\u0131 nec\u0259 inand\u0131rs\u0131n ki, o\u011fru d\u0259st\u0259si il\u0259 v\u0259hd\u0259t d\u00f6vl\u0259tin m\u00f6hk\u0259mliyinin \u0259sas \u015f\u0259rtl\u0259rind\u0259n biridir?\n<\/p>\n<p>\n  Dostum &#8220;Elml\u0259r Akademiyas\u0131&#8221; metro stansiyas\u0131n\u0131n yan\u0131nda ya\u015fay\u0131rd\u0131. Bir d\u0259f\u0259 g\u00f6r\u00fc\u015f\u0259nd\u0259 &#8220;Biz nec\u0259 d\u0259 heyv\u0259r\u0259 c\u0259miyy\u0259td\u0259 ya\u015fay\u0131r\u0131q&#8221; soru\u015fmu\u015fdu. Sual\u0131n\u0131n s\u0259b\u0259bini bel\u0259 izah etmi\u015fdi ki, h\u0259y\u0259tl\u0259rind\u0259 bivec bir insan var, ixtisasca m\u00fch\u0259ndisdir, sovet vaxt\u0131 &#8220;ac\u0131ndan g\u00fcnorta duran&#8221; d\u0131lq\u0131rlar\u0131n s\u0131ras\u0131na daxil imi\u015f. \u0130ndi N\u0259qliyyat naziri\n<\/p>\n<p>\n  Ziya M\u0259mm\u0259dovun k\u00f6rp\u00fc layih\u0259l\u0259rini icra edir, h\u0259dsiz varlan\u0131b v\u0259 qudurub. Qon\u015fu m\u0259nzill\u0259ri al\u0131b, n\u0259h\u0259ng eyvan a\u00e7\u0131b, a\u015fa\u011f\u0131 m\u0259rt\u0259b\u0259d\u0259 ya\u015fayan v\u0259 g\u00fcn\u0259\u015f i\u015f\u0131\u011f\u0131n\u0131n evind\u0259n k\u0259silm\u0259sind\u0259n \u015fikay\u0259tl\u0259n\u0259n qon\u015fusunu h\u0259d\u0259l\u0259yib.\n<\/p>\n<p>\n  Dostum d\u00f6zm\u0259yib onu h\u0259y\u0259td\u0259 saxlay\u0131r v\u0259 di\u015finin dibind\u0259n \u00e7\u0131xan\u0131 bu o\u011fruya deyir. H\u0259min adam dill\u0259nmir, \u00e7\u00fcnki b\u00fct\u00fcn h\u0259y\u0259t bilirmi\u015f ki, dostumun bir \u015fill\u0259si ist\u0259nil\u0259n adam\u0131 yer\u0259 s\u0259rm\u0259y\u0259 b\u0259sdir.\n<\/p>\n<p>\n  H\u0259min &#8220;m\u00fch\u0259ndis&#8221; yeni binalardan birind\u0259 m\u0259nzil al\u0131r v\u0259 sovet d\u00f6vr\u00fc tikilmi\u015f evin\u0259 v\u0259 h\u0259y\u0259t\u0259 &#8220;\u0259lvida&#8221; deyir.<br \/>\n  <br \/>\n  Sonra h\u0259y\u0259tin camaat\u0131 x\u0259b\u0259r tutur ki, tikdiyi k\u00f6rp\u00fcl\u0259rd\u0259n toplad\u0131\u011f\u0131 xalq mal\u0131n\u0131n hesab\u0131na bu adam \u00f6z\u00fcn\u0259 Quba rayonunun icra hakimiyy\u0259ti ba\u015f\u00e7\u0131s\u0131 v\u0259zif\u0259sini al\u0131b, \u015fanl\u0131 f\u0259aliyy\u0259tini orada davam etdirir, rayona ayr\u0131lan pullar\u0131 bas\u0131b yeyir v\u0259 \u00f6z\u00fcn\u0259 Az\u0259rbaycan\u0131n \u0259n s\u0259fal\u0131 g\u00fc\u015f\u0259si say\u0131lan Qubada qiym\u0259ti iki milyon dollara \u00e7atan bir imar\u0259t ucald\u0131b.\n<\/p>\n<p>\n  B\u0259li, g\u00fcnl\u0259rin bir g\u00fcn\u00fc x\u0259b\u0259r yay\u0131l\u0131r ki, Quba \u0259halisi \u00fcsyan edib, icra hakimiyy\u0259ti ba\u015f\u00e7\u0131s\u0131n\u0131n evini da\u011f\u0131d\u0131b, bahal\u0131 ma\u015f\u0131n\u0131n\u0131 yand\u0131r\u0131b, icra ba\u015f\u00e7\u0131s\u0131 pis g\u00fcnd\u0259dir.\n<\/p>\n<p>\n  Prezident \u00f6z komandas\u0131n\u0131n d\u0259y\u0259rli oyun\u00e7usunu qorumaq \u00fc\u00e7\u00fcn n\u0259 edir? Daxili Qo\u015funlar\u0131 g\u00f6nd\u0259rir Qubaya. Etiraz ed\u0259nl\u0259ri tutub at\u0131rlar m\u0259hb\u0259s\u0259, m\u0259hk\u0259m\u0259 ke\u00e7irib onlara i\u015f k\u0259sirl\u0259r.\n<\/p>\n<p>\n  Siz bil\u0259n, bundan sonra Quba sakinl\u0259rinin o\u011fru m\u0259murlarla v\u0259hd\u0259ti t\u0259min olundumu? V\u0259 xalq\u0131n g\u00f6z\u00fcnd\u0259 d\u00f6vl\u0259tin h\u00f6rm\u0259ti, d\u00f6vl\u0259t\u0259 etimad artd\u0131m\u0131?\n<\/p>\n<p>\n  Bu, m\u0259nim bildiyim y\u00fczl\u0259rl\u0259, minl\u0259rl\u0259 eyni t\u00f6vrl\u00fc hadis\u0259nin biridir. Ba\u015fqa birisini dan\u0131\u015f\u0131mm\u0131?\n<\/p>\n<p>\n  Ba\u015fqa bir dostum \u0130smay\u0131ll\u0131 rayonunun \u0130vanovka k\u0259ndind\u0259 \u00f6z\u00fcn\u0259 yaylaq evi al\u0131r. Evi molokan k\u0259ndli sat\u0131r.\n<\/p>\n<p>\n  Soru\u015furam ki, k\u0259ndli n\u0259 \u0259c\u0259b evini sat\u0131r. Dostum deyir ki, k\u0259nd bo\u015fal\u0131r, molokanlar icra hakimiyy\u0259ti ba\u00e7\u015f\u0131s\u0131n\u0131n kolxozdan ald\u0131\u011f\u0131 r\u00fc\u015fv\u0259tin a\u011f\u0131rl\u0131\u011f\u0131na d\u00f6z\u0259 bilmirl\u0259r, halal z\u0259hm\u0259tl\u0259ri m\u00fcqabilind\u0259 onlara veril\u0259n q\u0259pik-quru\u015f onlar\u0131n g\u00fcz\u0259ran\u0131n\u0131 t\u0259min etmir, ona g\u00f6r\u0259 evl\u0259rini sat\u0131b Rusiyaya k\u00f6\u00e7\u00fcrl\u0259r. \u0130cra hakimiyy\u0259ti ba\u015f\u00e7\u0131s\u0131n\u0131n qarda\u015f\u0131 nazirdir, y\u0259ni bu ail\u0259 hakim siyasi sinifd\u0259 m\u00f6hk\u0259m oturub. \u0130cra ba\u015f\u00e7\u0131s\u0131 rayona \u015fir\u00fc-p\u0259l\u0259ng kimi giri\u015fib, h\u0259r \u015feyi v\u0259 h\u0259r yeri qamarlay\u0131b \u00f6z\u0259ll\u0259\u015fdirir. D\u00fc\u015f\u00fcn\u00fcr\u0259m: &#8220;G\u00f6r\u0259s\u0259n, Quba hadis\u0259si burada t\u0259krarlanacaqm\u0131?&#8221;\n<\/p>\n<p>\n  G\u00fcnl\u0259rin bir g\u00fcn\u00fc x\u0259b\u0259r yay\u0131l\u0131r ki, \u0130smay\u0131ll\u0131 camaat\u0131 aya\u011fa qalx\u0131b, icra hakimiyy\u0259ti ba\u015f\u00e7\u0131s\u0131n\u0131n mehmanxanas\u0131n\u0131 v\u0259 bahal\u0131 ma\u015f\u0131nlar\u0131n\u0131 yand\u0131r\u0131b.\n<\/p>\n<p>\n  Prezident neyl\u0259di? G\u00fcman\u0131n\u0131z d\u00fczd\u00fcr, Daxili Qo\u015funlar\u0131 rayona yeritdi, etiraz ed\u0259nl\u0259ri t\u00fctdu, f\u00fcrs\u0259td\u0259n istifad\u0259 edib hadis\u0259d\u0259n iki g\u00fcn sonra \u0130smay\u0131ll\u0131ya g\u0259lmi\u015f \u0130lqar M\u0259mm\u0259dovu da h\u0259bs edib etiraz\u00e7\u0131lara qatd\u0131 ki, &#8220;onlar\u0131 s\u0259n \u00f6yr\u0259tmis\u0259n&#8230;&#8221;\n<\/p>\n<p>\n  \u0130cra hakimiyy\u0259ti ba\u015f\u00e7\u0131s\u0131 cinay\u0259tl\u0259tin\u0259 g\u00f6r\u0259 he\u00e7 bir c\u0259za g\u00f6rm\u0259d\u0259n i\u015fini t\u0259rk etdi, tutulanlar\u0131n \u0259ks\u0259riyy\u0259ti is\u0259, ilk n\u00f6vb\u0259d\u0259, \u0130lqar M\u0259mm\u0259dov, h\u0259l\u0259 d\u0259 h\u0259bsd\u0259dir.\n<\/p>\n<p>\n  \u0130st\u0259nil\u0259n sah\u0259y\u0259 v\u0259 nazirliy\u0259, d\u00f6vl\u0259t xidm\u0259tin\u0259, d\u00f6vl\u0259t qurumuna baxsan\u0131z, prezidentin komandas\u0131n\u0131n bu \u0259v\u0259zedilm\u0259z oyun\u00e7ular\u0131n\u0131 g\u00f6r\u0259c\u0259ksiniz.\n<\/p>\n<p>\n  &#8220;AZAL&#8221;? Pis g\u00fcnd\u0259dir, f\u0259aliyy\u0259tinin s\u0259m\u0259r\u0259sizliyini s\u0259rni\u015finl\u0259rin cibin\u0259 girm\u0259kl\u0259 \u00f6rt\u00fcb basd\u0131r\u0131r.\n<\/p>\n<p>\n  K\u0259nd t\u0259s\u0259rr\u00fcfat\u0131? Allah r\u0259hm\u0259t el\u0259sin. \u00d6l\u00fc cana h\u0259b verm\u0259kl\u0259 onu diriltm\u0259k m\u00fcmk\u00fcn deyil. Pamb\u0131q\u00e7\u0131l\u0131\u011f\u0131n, t\u00fct\u00fcn\u00e7\u00fcl\u00fcy\u00fcn, barama\u00e7\u0131l\u0131\u011f\u0131n inki\u015faf\u0131 haqq\u0131nda na\u011f\u0131llar\u0131n arxas\u0131nda ger\u00e7\u0259k inki\u015faf deyil, b\u00fcdc\u0259 pullar\u0131n\u0131n m\u0259nims\u0259nilm\u0259si v\u0259 xalq\u0131n ba\u015f\u0131n\u0131n alt\u0131na yast\u0131q qoyulmas\u0131 m\u0259qs\u0259di durur.\n<\/p>\n<p>\n  \u00d6z\u0259l biznes? Ham\u0131s\u0131 v\u0259zif\u0259li m\u0259murlar\u0131n, prezidentin yax\u0131n \u0259traf\u0131n\u0131n m\u00fclkiyy\u0259tidir. Qazanc\u0131 \u0259haliy\u0259 keyfiyy\u0259tli xidm\u0259t hesab\u0131na deyil, d\u00f6vl\u0259t cihaz\u0131 \u00fcz\u0259rind\u0259 n\u0259zar\u0259tin say\u0259sind\u0259 \u00f6z inhisar\u00e7\u0131 h\u00fcquqlar\u0131n\u0131 t\u0259min etm\u0259kl\u0259 \u0259ld\u0259 edirl\u0259r.\n<\/p>\n<p>\n  Bel\u0259 Az\u0259rbaycan\u0131n g\u0259l\u0259c\u0259yi varm\u0131?\n<\/p>\n<p>\n  &#8220;Neft\u00e7i&#8221; komandas\u0131n\u0131n Avropa \u00e7empionu olmaq \u015fans\u0131 n\u0259 q\u0259d\u0259rdirs\u0259, bu hakim z\u00fcmr\u0259nin ba\u015f\u00e7\u0131l\u0131\u011f\u0131 alt\u0131nda Az\u0259rbaycan Respublikas\u0131n\u0131n \u00f6z\u00fcn\u0259 xo\u015fb\u0259xt v\u0259 ab\u0131rl\u0131 g\u0259l\u0259c\u0259k qurmaq \u015fans\u0131 da bir o q\u0259d\u0259rdir.\n<\/p>\n<p>\n  <i><br \/>\n    <b><br \/>\n      Yaz\u0131 m\u00fc\u0259llifin fikirl\u0259rini \u0259ks etdirir v\u0259 Meydan TV-nin m\u00f6vqeyi il\u0259 \u00fcst-\u00fcst\u0259 d\u00fc\u015fm\u0259y\u0259 bil\u0259r.<br \/>\n    <\/b><br \/>\n  <\/i><\/p>\n","protected":false},"excerpt":{"rendered":"<p>Bel\u0259 Az\u0259rbaycan\u0131n g\u0259l\u0259c\u0259yi varm\u0131?<\/p>\n","protected":false},"author":11,"featured_media":76282,"comment_status":"closed","ping_status":"open","sticky":false,"template":"","format":"standard","meta":{"_acf_changed":false,"_sitemap_exclude":false,"_sitemap_priority":"","_sitemap_frequency":"","footnotes":""},"categories":[57],"tags":[],"class_list":["post-181503","post","type-post","status-publish","format-standard","has-post-thumbnail","hentry","category-menim-fikrimce","infinite-scroll-item","generate-columns","tablet-grid-50","mobile-grid-100","grid-parent","grid-33","no-featured-image-padding"],"acf":[],"yoast_head":"<!-- This site is optimized with the Yoast SEO plugin v27.5 - https:\/\/yoast.com\/product\/yoast-seo-wordpress\/ -->\n<title>\u018fliyevin komandas\u0131 - MEYDAN.TV<\/title>\n<meta name=\"robots\" content=\"index, follow, max-snippet:-1, max-image-preview:large, max-video-preview:-1\" \/>\n<link rel=\"canonical\" href=\"https:\/\/www.meydan.tv\/az\/article\/eliyevin-komandasi\/\" \/>\n<meta property=\"og:locale\" content=\"az_AZ\" \/>\n<meta property=\"og:type\" content=\"article\" \/>\n<meta property=\"og:title\" content=\"\u018fliyevin komandas\u0131 - MEYDAN.TV\" \/>\n<meta property=\"og:description\" content=\"Bel\u0259 Az\u0259rbaycan\u0131n g\u0259l\u0259c\u0259yi varm\u0131?\" \/>\n<meta property=\"og:url\" content=\"https:\/\/www.meydan.tv\/az\/article\/eliyevin-komandasi\/\" \/>\n<meta property=\"og:site_name\" content=\"MEYDAN.TV\" \/>\n<meta property=\"article:published_time\" content=\"2016-12-27T02:59:41+00:00\" \/>\n<meta property=\"og:image\" content=\"https:\/\/www.meydan.tv\/wp-content\/uploads\/29549.jpg\" \/>\n\t<meta property=\"og:image:width\" content=\"728\" \/>\n\t<meta property=\"og:image:height\" content=\"450\" \/>\n\t<meta property=\"og:image:type\" content=\"image\/jpeg\" \/>\n<meta name=\"author\" content=\"user-manager\" \/>\n<meta name=\"twitter:card\" content=\"summary_large_image\" \/>\n<script type=\"application\/ld+json\" class=\"yoast-schema-graph\">{\"@context\":\"https:\\\/\\\/schema.org\",\"@graph\":[{\"@type\":\"Article\",\"@id\":\"https:\\\/\\\/www.meydan.tv\\\/az\\\/article\\\/eliyevin-komandasi\\\/#article\",\"isPartOf\":{\"@id\":\"https:\\\/\\\/www.meydan.tv\\\/az\\\/article\\\/eliyevin-komandasi\\\/\"},\"author\":{\"name\":\"user-manager\",\"@id\":\"https:\\\/\\\/www.meydan.tv\\\/az\\\/#\\\/schema\\\/person\\\/10d11eccf6da3662cf5fdab9806ea91a\"},\"headline\":\"\u018fliyevin komandas\u0131\",\"datePublished\":\"2016-12-27T02:59:41+00:00\",\"mainEntityOfPage\":{\"@id\":\"https:\\\/\\\/www.meydan.tv\\\/az\\\/article\\\/eliyevin-komandasi\\\/\"},\"wordCount\":1786,\"publisher\":{\"@id\":\"https:\\\/\\\/www.meydan.tv\\\/az\\\/#organization\"},\"image\":{\"@id\":\"https:\\\/\\\/www.meydan.tv\\\/az\\\/article\\\/eliyevin-komandasi\\\/#primaryimage\"},\"thumbnailUrl\":\"https:\\\/\\\/www.meydan.tv\\\/wp-content\\\/uploads\\\/29549.jpg\",\"articleSection\":[\"M\u0259nim Fikrimc\u0259\"],\"inLanguage\":\"az\"},{\"@type\":\"WebPage\",\"@id\":\"https:\\\/\\\/www.meydan.tv\\\/az\\\/article\\\/eliyevin-komandasi\\\/\",\"url\":\"https:\\\/\\\/www.meydan.tv\\\/az\\\/article\\\/eliyevin-komandasi\\\/\",\"name\":\"\u018fliyevin komandas\u0131 - MEYDAN.TV\",\"isPartOf\":{\"@id\":\"https:\\\/\\\/www.meydan.tv\\\/az\\\/#website\"},\"primaryImageOfPage\":{\"@id\":\"https:\\\/\\\/www.meydan.tv\\\/az\\\/article\\\/eliyevin-komandasi\\\/#primaryimage\"},\"image\":{\"@id\":\"https:\\\/\\\/www.meydan.tv\\\/az\\\/article\\\/eliyevin-komandasi\\\/#primaryimage\"},\"thumbnailUrl\":\"https:\\\/\\\/www.meydan.tv\\\/wp-content\\\/uploads\\\/29549.jpg\",\"datePublished\":\"2016-12-27T02:59:41+00:00\",\"breadcrumb\":{\"@id\":\"https:\\\/\\\/www.meydan.tv\\\/az\\\/article\\\/eliyevin-komandasi\\\/#breadcrumb\"},\"inLanguage\":\"az\",\"potentialAction\":[{\"@type\":\"ReadAction\",\"target\":[\"https:\\\/\\\/www.meydan.tv\\\/az\\\/article\\\/eliyevin-komandasi\\\/\"]}]},{\"@type\":\"ImageObject\",\"inLanguage\":\"az\",\"@id\":\"https:\\\/\\\/www.meydan.tv\\\/az\\\/article\\\/eliyevin-komandasi\\\/#primaryimage\",\"url\":\"https:\\\/\\\/www.meydan.tv\\\/wp-content\\\/uploads\\\/29549.jpg\",\"contentUrl\":\"https:\\\/\\\/www.meydan.tv\\\/wp-content\\\/uploads\\\/29549.jpg\",\"width\":728,\"height\":450,\"caption\":\"Source:\"},{\"@type\":\"BreadcrumbList\",\"@id\":\"https:\\\/\\\/www.meydan.tv\\\/az\\\/article\\\/eliyevin-komandasi\\\/#breadcrumb\",\"itemListElement\":[{\"@type\":\"ListItem\",\"position\":1,\"name\":\"Ana s\u0259hif\u0259\",\"item\":\"https:\\\/\\\/www.meydan.tv\\\/az\\\/\"},{\"@type\":\"ListItem\",\"position\":2,\"name\":\"M\u0259nim Fikrimc\u0259\",\"item\":\"https:\\\/\\\/www.meydan.tv\\\/az\\\/section\\\/menim-fikrimce\\\/\"},{\"@type\":\"ListItem\",\"position\":3,\"name\":\"\u018fliyevin komandas\u0131\"}]},{\"@type\":\"WebSite\",\"@id\":\"https:\\\/\\\/www.meydan.tv\\\/az\\\/#website\",\"url\":\"https:\\\/\\\/www.meydan.tv\\\/az\\\/\",\"name\":\"MEYDAN.TV\",\"description\":\"Meydan TV Az\u0259rbaycan\u0131n media m\u0259kan\u0131ndak\u0131 alternativ s\u0259sidir\",\"publisher\":{\"@id\":\"https:\\\/\\\/www.meydan.tv\\\/az\\\/#organization\"},\"potentialAction\":[{\"@type\":\"SearchAction\",\"target\":{\"@type\":\"EntryPoint\",\"urlTemplate\":\"https:\\\/\\\/www.meydan.tv\\\/az\\\/?s={search_term_string}\"},\"query-input\":{\"@type\":\"PropertyValueSpecification\",\"valueRequired\":true,\"valueName\":\"search_term_string\"}}],\"inLanguage\":\"az\"},{\"@type\":\"Organization\",\"@id\":\"https:\\\/\\\/www.meydan.tv\\\/az\\\/#organization\",\"name\":\"Meydan TV\",\"url\":\"https:\\\/\\\/www.meydan.tv\\\/az\\\/\",\"logo\":{\"@type\":\"ImageObject\",\"inLanguage\":\"az\",\"@id\":\"https:\\\/\\\/www.meydan.tv\\\/az\\\/#\\\/schema\\\/logo\\\/image\\\/\",\"url\":\"https:\\\/\\\/www.meydan.tv\\\/wp-content\\\/uploads\\\/2021\\\/07\\\/meydan-logo.svg\",\"contentUrl\":\"https:\\\/\\\/www.meydan.tv\\\/wp-content\\\/uploads\\\/2021\\\/07\\\/meydan-logo.svg\",\"width\":195,\"height\":46,\"caption\":\"Meydan TV\"},\"image\":{\"@id\":\"https:\\\/\\\/www.meydan.tv\\\/az\\\/#\\\/schema\\\/logo\\\/image\\\/\"}},{\"@type\":\"Person\",\"@id\":\"https:\\\/\\\/www.meydan.tv\\\/az\\\/#\\\/schema\\\/person\\\/10d11eccf6da3662cf5fdab9806ea91a\",\"name\":\"user-manager\"}]}<\/script>\n<!-- \/ Yoast SEO plugin. -->","yoast_head_json":{"title":"\u018fliyevin komandas\u0131 - MEYDAN.TV","robots":{"index":"index","follow":"follow","max-snippet":"max-snippet:-1","max-image-preview":"max-image-preview:large","max-video-preview":"max-video-preview:-1"},"canonical":"https:\/\/www.meydan.tv\/az\/article\/eliyevin-komandasi\/","og_locale":"az_AZ","og_type":"article","og_title":"\u018fliyevin komandas\u0131 - MEYDAN.TV","og_description":"Bel\u0259 Az\u0259rbaycan\u0131n g\u0259l\u0259c\u0259yi varm\u0131?","og_url":"https:\/\/www.meydan.tv\/az\/article\/eliyevin-komandasi\/","og_site_name":"MEYDAN.TV","article_published_time":"2016-12-27T02:59:41+00:00","og_image":[{"width":728,"height":450,"url":"https:\/\/www.meydan.tv\/wp-content\/uploads\/29549.jpg","type":"image\/jpeg"}],"author":"user-manager","twitter_card":"summary_large_image","schema":{"@context":"https:\/\/schema.org","@graph":[{"@type":"Article","@id":"https:\/\/www.meydan.tv\/az\/article\/eliyevin-komandasi\/#article","isPartOf":{"@id":"https:\/\/www.meydan.tv\/az\/article\/eliyevin-komandasi\/"},"author":{"name":"user-manager","@id":"https:\/\/www.meydan.tv\/az\/#\/schema\/person\/10d11eccf6da3662cf5fdab9806ea91a"},"headline":"\u018fliyevin komandas\u0131","datePublished":"2016-12-27T02:59:41+00:00","mainEntityOfPage":{"@id":"https:\/\/www.meydan.tv\/az\/article\/eliyevin-komandasi\/"},"wordCount":1786,"publisher":{"@id":"https:\/\/www.meydan.tv\/az\/#organization"},"image":{"@id":"https:\/\/www.meydan.tv\/az\/article\/eliyevin-komandasi\/#primaryimage"},"thumbnailUrl":"https:\/\/www.meydan.tv\/wp-content\/uploads\/29549.jpg","articleSection":["M\u0259nim Fikrimc\u0259"],"inLanguage":"az"},{"@type":"WebPage","@id":"https:\/\/www.meydan.tv\/az\/article\/eliyevin-komandasi\/","url":"https:\/\/www.meydan.tv\/az\/article\/eliyevin-komandasi\/","name":"\u018fliyevin komandas\u0131 - MEYDAN.TV","isPartOf":{"@id":"https:\/\/www.meydan.tv\/az\/#website"},"primaryImageOfPage":{"@id":"https:\/\/www.meydan.tv\/az\/article\/eliyevin-komandasi\/#primaryimage"},"image":{"@id":"https:\/\/www.meydan.tv\/az\/article\/eliyevin-komandasi\/#primaryimage"},"thumbnailUrl":"https:\/\/www.meydan.tv\/wp-content\/uploads\/29549.jpg","datePublished":"2016-12-27T02:59:41+00:00","breadcrumb":{"@id":"https:\/\/www.meydan.tv\/az\/article\/eliyevin-komandasi\/#breadcrumb"},"inLanguage":"az","potentialAction":[{"@type":"ReadAction","target":["https:\/\/www.meydan.tv\/az\/article\/eliyevin-komandasi\/"]}]},{"@type":"ImageObject","inLanguage":"az","@id":"https:\/\/www.meydan.tv\/az\/article\/eliyevin-komandasi\/#primaryimage","url":"https:\/\/www.meydan.tv\/wp-content\/uploads\/29549.jpg","contentUrl":"https:\/\/www.meydan.tv\/wp-content\/uploads\/29549.jpg","width":728,"height":450,"caption":"Source:"},{"@type":"BreadcrumbList","@id":"https:\/\/www.meydan.tv\/az\/article\/eliyevin-komandasi\/#breadcrumb","itemListElement":[{"@type":"ListItem","position":1,"name":"Ana s\u0259hif\u0259","item":"https:\/\/www.meydan.tv\/az\/"},{"@type":"ListItem","position":2,"name":"M\u0259nim Fikrimc\u0259","item":"https:\/\/www.meydan.tv\/az\/section\/menim-fikrimce\/"},{"@type":"ListItem","position":3,"name":"\u018fliyevin komandas\u0131"}]},{"@type":"WebSite","@id":"https:\/\/www.meydan.tv\/az\/#website","url":"https:\/\/www.meydan.tv\/az\/","name":"MEYDAN.TV","description":"Meydan TV Az\u0259rbaycan\u0131n media m\u0259kan\u0131ndak\u0131 alternativ s\u0259sidir","publisher":{"@id":"https:\/\/www.meydan.tv\/az\/#organization"},"potentialAction":[{"@type":"SearchAction","target":{"@type":"EntryPoint","urlTemplate":"https:\/\/www.meydan.tv\/az\/?s={search_term_string}"},"query-input":{"@type":"PropertyValueSpecification","valueRequired":true,"valueName":"search_term_string"}}],"inLanguage":"az"},{"@type":"Organization","@id":"https:\/\/www.meydan.tv\/az\/#organization","name":"Meydan TV","url":"https:\/\/www.meydan.tv\/az\/","logo":{"@type":"ImageObject","inLanguage":"az","@id":"https:\/\/www.meydan.tv\/az\/#\/schema\/logo\/image\/","url":"https:\/\/www.meydan.tv\/wp-content\/uploads\/2021\/07\/meydan-logo.svg","contentUrl":"https:\/\/www.meydan.tv\/wp-content\/uploads\/2021\/07\/meydan-logo.svg","width":195,"height":46,"caption":"Meydan TV"},"image":{"@id":"https:\/\/www.meydan.tv\/az\/#\/schema\/logo\/image\/"}},{"@type":"Person","@id":"https:\/\/www.meydan.tv\/az\/#\/schema\/person\/10d11eccf6da3662cf5fdab9806ea91a","name":"user-manager"}]}},"_links":{"self":[{"href":"https:\/\/www.meydan.tv\/az\/wp-json\/wp\/v2\/posts\/181503","targetHints":{"allow":["GET"]}}],"collection":[{"href":"https:\/\/www.meydan.tv\/az\/wp-json\/wp\/v2\/posts"}],"about":[{"href":"https:\/\/www.meydan.tv\/az\/wp-json\/wp\/v2\/types\/post"}],"author":[{"embeddable":true,"href":"https:\/\/www.meydan.tv\/az\/wp-json\/wp\/v2\/users\/11"}],"replies":[{"embeddable":true,"href":"https:\/\/www.meydan.tv\/az\/wp-json\/wp\/v2\/comments?post=181503"}],"version-history":[{"count":0,"href":"https:\/\/www.meydan.tv\/az\/wp-json\/wp\/v2\/posts\/181503\/revisions"}],"wp:featuredmedia":[{"embeddable":true,"href":"https:\/\/www.meydan.tv\/az\/wp-json\/wp\/v2\/media\/76282"}],"wp:attachment":[{"href":"https:\/\/www.meydan.tv\/az\/wp-json\/wp\/v2\/media?parent=181503"}],"wp:term":[{"taxonomy":"category","embeddable":true,"href":"https:\/\/www.meydan.tv\/az\/wp-json\/wp\/v2\/categories?post=181503"},{"taxonomy":"post_tag","embeddable":true,"href":"https:\/\/www.meydan.tv\/az\/wp-json\/wp\/v2\/tags?post=181503"}],"curies":[{"name":"wp","href":"https:\/\/api.w.org\/{rel}","templated":true}]}}