{"id":181487,"date":"2016-12-26T14:23:56","date_gmt":"2016-12-26T14:23:56","guid":{"rendered":"https:\/\/www.meydan.tv\/article\/insani-deyil-maraqlarini-idare-edin\/"},"modified":"2016-12-26T14:23:56","modified_gmt":"2016-12-26T14:23:56","slug":"insani-deyil-maraqlarini-idare-edin","status":"publish","type":"post","link":"https:\/\/www.meydan.tv\/az\/article\/insani-deyil-maraqlarini-idare-edin\/","title":{"rendered":"\u0130nsan\u0131 deyil, maraqlar\u0131n\u0131 idar\u0259 edin&#8230;"},"content":{"rendered":"<figure class=\"wp-block-image size-large\">\n  <img decoding=\"async\" src=\"https:\/\/www.meydan.tv\/az\/73704\/\" alt=\"\" class=\"wp-image-73704\"\/><figcaption><\/figcaption><\/figure>\n<p>\n  B\u0259\u015f\u0259r tarixin\u0259 baxanda g\u00f6r\u00fcr\u00fck ki, h\u0259mi\u015f\u0259 m\u00fcxt\u0259lif ad v\u0259 ideologiyalar alt\u0131nda insan\u0131n \u00f6z\u00fcn\u00fc idar\u0259 etm\u0259y\u0259, h\u0259tta yeni insan tipi formala\u015fd\u0131rma\u011fa \u00e7al\u0131\u015fan sisteml\u0259r, \u00f6lk\u0259l\u0259r, h\u0259tta imperiyalar m\u00fctl\u0259q \u00e7\u00f6k\u00fcb, m\u0259\u011flubiyy\u0259tl\u0259 \u00fczl\u0259\u015fib v\u0259 ya d\u00fcnyan\u0131n \u0259n gerid\u0259qalm\u0131\u015f \u00f6lk\u0259sin\u0259 \u00e7evrilib. \u0130nsan\u0131 idar\u0259 etm\u0259 c\u0259hdi m\u00fcharib\u0259l\u0259r\u0259, f\u0259lak\u0259tl\u0259r\u0259 s\u0259b\u0259b olub.\n<\/p>\n<p>\n  Sovet ke\u00e7mi\u015fimizd\u0259 d\u0259 kommunist ideologiyas\u0131 ancaq insan\u0131 idar\u0259 etm\u0259y\u0259, onu qorxutma\u011fa, \u00e7\u0259kindirm\u0259y\u0259, n\u0259hay\u0259t yeni insan modeli &#8211; sovet insan\u0131 yaratma\u011fa \u00e7al\u0131\u015f\u0131rd\u0131.\n<\/p>\n<p>\n  Dini a\u011f\u0131rl\u0131ql\u0131 \u00f6lk\u0259l\u0259r d\u0259 \u0259sl m\u00f6min &#8211; yeni n\u00f6v insan yeti\u015fdirm\u0259y\u0259 \u00e7al\u0131\u015f\u0131rd\u0131lar. Bu g\u00fcn d\u0259 ona \u00e7al\u0131\u015f\u0131rlar, ancaq effekti olmur.\n<\/p>\n<p>\n  \u015eimali Koreya, \u00c7in, Rusiya, Venesuela, S\u0259udiyy\u0259, \u0130ran v\u0259 buna b\u0259nz\u0259r b\u0259zi dig\u0259r d\u00f6vl\u0259tl\u0259r m\u00fcxt\u0259lif adlar alt\u0131nda yeni insan yeti\u015fdirm\u0259kl\u0259 &#8211; insan\u0131 idar\u0259 etm\u0259kl\u0259 m\u0259\u015f\u011fuldurlar.\n<\/p>\n<p>\n  Sivil d\u00fcnya is\u0259 insan\u0131n mara\u011f\u0131n\u0131 idar\u0259 ed\u0259n sisteml\u0259r\u0259 v\u0259 idar\u0259etm\u0259 formas\u0131na \u00e7oxdan qovu\u015fub, \u00f6z u\u011fur hekay\u0259sini bunun \u00fcz\u0259rind\u0259 qurub v\u0259 bu modelin b\u0259hr\u0259sini g\u00f6r\u00fcb.\n<\/p>\n<p>\n  \u00c7ox ki\u00e7ik, primitiv, amma h\u0259r birimizin rastla\u015fd\u0131\u011f\u0131 valideyn-u\u015faq m\u00fcnasib\u0259tin\u0259 n\u0259z\u0259r salaq: Valideyn ist\u0259yir ki, u\u015faq vaxt\u0131nda yats\u0131n, normal yesin, d\u0259rs oxusun, sa\u011flam olsun v\u0259 s. U\u015faq is\u0259 ist\u0259yir ki, \u00e7ox oyun oynas\u0131n, gec yats\u0131n, cizgi filmi izl\u0259sin, az oxusun &#8211; bu da onun mara\u011f\u0131d\u0131r. B\u0259zi valideynl\u0259r mara\u011flar\u0131n\u0131 d\u00f6ym\u0259kl\u0259, qorxutmaqla, u\u015fa\u011f\u0131n ba\u015f\u0131na qapaz vurmaqla t\u0259min etm\u0259k ist\u0259yir. G\u00f6r\u00fcnt\u00fc olaraq ist\u0259yin\u0259 \u00e7ata bil\u0259r, amma keyfiyy\u0259t bax\u0131m\u0131ndan ist\u0259yi al\u0131nmayacaq. B\u0259zil\u0259ri is\u0259 u\u015fa\u011f\u0131n mara\u011f\u0131n\u0131 istifad\u0259 edir. Yem\u0259yini ye &#8211; 1 saat oyun oyna, d\u0259rsl\u0259rini oxu &#8211; 1 saat k\u00fc\u00e7\u0259d\u0259 oyna, \u0259lav\u0259 kitab oxu &#8211; 1 saat tv izl\u0259 v\u0259 s. Bu &#8220;sosial kontrakt&#8221; i\u015fl\u0259m\u0259y\u0259 ba\u015flayanda h\u0259r iki t\u0259r\u0259fin mara\u011f\u0131 t\u0259min edilir. Y\u0259ni, valideyn u\u015fa\u011f\u0131n\u0131 qorxu v\u0259 qapazla idar\u0259 etm\u0259kd\u0259ns\u0259, onun maraqlar\u0131n\u0131 idar\u0259 ed\u0259r\u0259k, daha yax\u015f\u0131 n\u0259tic\u0259y\u0259 nail olur.\n<\/p>\n<p>\n  Bu g\u00fcn Az\u0259rbaycan h\u00f6kum\u0259ti b\u00f6hrandan \u00e7\u0131xmaq \u00fc\u00e7\u00fcn \u00e7e\u015fidli &#8220;Yol X\u0259rit\u0259l\u0259ri&#8221; q\u0259bul edir. Ham\u0131s\u0131n\u0131n \u0259n ba\u015fl\u0131ca f\u0259ls\u0259fi problemi insan\u0131 idar\u0259 etm\u0259k c\u0259hdidir. B\u00fct\u00fcn &#8220;x\u0259rit\u0259l\u0259rd\u0259&#8221; \u0259sas oyun\u00e7u d\u00f6vl\u0259tdir, m\u00fcc\u0259rr\u0259d d\u00f6vl\u0259t mara\u011f\u0131d\u0131r, add\u0131mlar\u0131n ham\u0131s\u0131 insanlar\u0131 m\u0259cbur etm\u0259k, onlar\u0131 n\u0259zar\u0259td\u0259 saxlamaq \u00fc\u00e7\u00fcnd\u00fcr. H\u0259r \u015fey insan\u0131n \u00f6z\u00fcn\u00fc idar\u0259 etm\u0259y\u0259 hesablan\u0131b. D\u00f6vl\u0259tin iki \u0259sas funksiyas\u0131 olmal\u0131d\u0131r &#8211; \u018fdal\u0259tli Hakim v\u0259 T\u0259\u015fviqedici \u0130nstitut, v\u0259ssalam.\n<\/p>\n<p>\n  D\u00f6vl\u0259t &#8220;gedin pamp\u0131q \u0259kin&#8221; dem\u0259m\u0259lidir v\u0259 ya \u0259kilmi\u015f pamp\u0131\u011f\u0131 d\u00f6vl\u0259t b\u00fcdc\u0259 i\u015f\u00e7il\u0259rin\u0259 zorla y\u0131\u011fd\u0131rmamal\u0131d\u0131r &#8211; b\u00fct\u00fcn bunlar\u0131 etm\u0259k \u00fc\u00e7\u00fcns\u0259 \u00f6z &#8220;qapaz\u0131ndan&#8221;, g\u00fcc\u00fcnd\u0259n istifad\u0259 etm\u0259m\u0259lidir. D\u00f6vl\u0259t pamp\u0131q \u0259k\u0259nd\u0259, zavod tik\u0259nd\u0259, obyekt a\u00e7anda v\u0259 b\u00fct\u00fcn bu prosesl\u0259rd\u0259 h\u0259lledici, q\u0259rarverici olanda h\u0259r \u015feyin zay\u0131 \u00e7\u0131x\u0131r, izafi x\u0259rcl\u0259r yaran\u0131r, rentabellik m\u0259hv olur.\n<\/p>\n<p>\n  D\u00f6vl\u0259t v\u0259t\u0259nda\u015f\u0131n mara\u011f\u0131n\u0131 idar\u0259 etm\u0259yi \u00f6yr\u0259nm\u0259lidir, amma bizim d\u00f6vl\u0259t bundan \u00e7\u0259kinir, \u00e7\u00fcnki mara\u011f\u0131 t\u0259min edil\u0259n v\u0259t\u0259nda\u015f\u0131n sonda s\u0259si d\u0259 say\u0131lmal\u0131d\u0131r. D\u00f6vl\u0259t ancaq g\u00fcc, qorxu v\u0259 xofla insan\u0131 idar\u0259 etm\u0259k ist\u0259y\u0259nd\u0259, sonu f\u0259lak\u0259t olur. Bunu he\u00e7 kim unutmas\u0131n. M\u0259nd\u0259n bu q\u0259d\u0259r, yazd\u0131m, siz is\u0259 oxuyub d\u00fc\u015f\u00fcn\u00fcn, \u0259sas da qalstuklu, q\u0259rar ver\u0259n m\u00fc\u0259lliml\u0259r d\u00fc\u015f\u00fcns\u00fcnl\u0259r&#8230;<\/p>\n","protected":false},"excerpt":{"rendered":"<p>B\u0259\u015f\u0259r tarixin\u0259 baxanda g\u00f6r\u00fcr\u00fck ki, h\u0259mi\u015f\u0259 m\u00fcxt\u0259lif ad v\u0259 ideologiyalar alt\u0131nda insan\u0131n \u00f6z\u00fcn\u00fc idar\u0259 etm\u0259y\u0259, h\u0259tta yeni insan tipi formala\u015fd\u0131rma\u011fa \u00e7al\u0131\u015fan sisteml\u0259r, \u00f6lk\u0259l\u0259r, h\u0259tta imperiyalar m\u00fctl\u0259q \u00e7\u00f6k\u00fcb, m\u0259\u011flubiyy\u0259tl\u0259 \u00fczl\u0259\u015fib v\u0259 ya d\u00fcnyan\u0131n \u0259n gerid\u0259qalm\u0131\u015f \u00f6lk\u0259sin\u0259 \u00e7evrilib<\/p>\n","protected":false},"author":11,"featured_media":73704,"comment_status":"closed","ping_status":"open","sticky":false,"template":"","format":"standard","meta":{"_acf_changed":false,"_sitemap_exclude":false,"_sitemap_priority":"","_sitemap_frequency":"","footnotes":""},"categories":[51],"tags":[],"class_list":["post-181487","post","type-post","status-publish","format-standard","has-post-thumbnail","hentry","category-analitika","infinite-scroll-item","generate-columns","tablet-grid-50","mobile-grid-100","grid-parent","grid-33","no-featured-image-padding"],"acf":[],"yoast_head":"<!-- This site is optimized with the Yoast SEO plugin v27.5 - https:\/\/yoast.com\/product\/yoast-seo-wordpress\/ -->\n<title>\u0130nsan\u0131 deyil, maraqlar\u0131n\u0131 idar\u0259 edin... - MEYDAN.TV<\/title>\n<meta name=\"robots\" content=\"index, follow, max-snippet:-1, max-image-preview:large, max-video-preview:-1\" \/>\n<link rel=\"canonical\" href=\"https:\/\/www.meydan.tv\/az\/article\/insani-deyil-maraqlarini-idare-edin\/\" \/>\n<meta property=\"og:locale\" content=\"az_AZ\" \/>\n<meta property=\"og:type\" content=\"article\" \/>\n<meta property=\"og:title\" content=\"\u0130nsan\u0131 deyil, maraqlar\u0131n\u0131 idar\u0259 edin... - MEYDAN.TV\" \/>\n<meta property=\"og:description\" content=\"B\u0259\u015f\u0259r tarixin\u0259 baxanda g\u00f6r\u00fcr\u00fck ki, h\u0259mi\u015f\u0259 m\u00fcxt\u0259lif ad v\u0259 ideologiyalar alt\u0131nda insan\u0131n \u00f6z\u00fcn\u00fc idar\u0259 etm\u0259y\u0259, h\u0259tta yeni insan tipi formala\u015fd\u0131rma\u011fa \u00e7al\u0131\u015fan sisteml\u0259r, \u00f6lk\u0259l\u0259r, h\u0259tta imperiyalar m\u00fctl\u0259q \u00e7\u00f6k\u00fcb, m\u0259\u011flubiyy\u0259tl\u0259 \u00fczl\u0259\u015fib v\u0259 ya d\u00fcnyan\u0131n \u0259n gerid\u0259qalm\u0131\u015f \u00f6lk\u0259sin\u0259 \u00e7evrilib\" \/>\n<meta property=\"og:url\" content=\"https:\/\/www.meydan.tv\/az\/article\/insani-deyil-maraqlarini-idare-edin\/\" \/>\n<meta property=\"og:site_name\" content=\"MEYDAN.TV\" \/>\n<meta property=\"article:published_time\" content=\"2016-12-26T14:23:56+00:00\" \/>\n<meta property=\"og:image\" content=\"https:\/\/www.meydan.tv\/wp-content\/uploads\/28449.jpg\" \/>\n\t<meta property=\"og:image:width\" content=\"1150\" \/>\n\t<meta property=\"og:image:height\" content=\"500\" \/>\n\t<meta property=\"og:image:type\" content=\"image\/jpeg\" \/>\n<meta name=\"author\" content=\"user-manager\" \/>\n<meta name=\"twitter:card\" content=\"summary_large_image\" \/>\n<script type=\"application\/ld+json\" class=\"yoast-schema-graph\">{\"@context\":\"https:\\\/\\\/schema.org\",\"@graph\":[{\"@type\":\"Article\",\"@id\":\"https:\\\/\\\/www.meydan.tv\\\/az\\\/article\\\/insani-deyil-maraqlarini-idare-edin\\\/#article\",\"isPartOf\":{\"@id\":\"https:\\\/\\\/www.meydan.tv\\\/az\\\/article\\\/insani-deyil-maraqlarini-idare-edin\\\/\"},\"author\":{\"name\":\"user-manager\",\"@id\":\"https:\\\/\\\/www.meydan.tv\\\/az\\\/#\\\/schema\\\/person\\\/10d11eccf6da3662cf5fdab9806ea91a\"},\"headline\":\"\u0130nsan\u0131 deyil, maraqlar\u0131n\u0131 idar\u0259 edin&#8230;\",\"datePublished\":\"2016-12-26T14:23:56+00:00\",\"mainEntityOfPage\":{\"@id\":\"https:\\\/\\\/www.meydan.tv\\\/az\\\/article\\\/insani-deyil-maraqlarini-idare-edin\\\/\"},\"wordCount\":713,\"publisher\":{\"@id\":\"https:\\\/\\\/www.meydan.tv\\\/az\\\/#organization\"},\"image\":{\"@id\":\"https:\\\/\\\/www.meydan.tv\\\/az\\\/article\\\/insani-deyil-maraqlarini-idare-edin\\\/#primaryimage\"},\"thumbnailUrl\":\"https:\\\/\\\/www.meydan.tv\\\/wp-content\\\/uploads\\\/28449.jpg\",\"articleSection\":[\"Analitika\"],\"inLanguage\":\"az\"},{\"@type\":\"WebPage\",\"@id\":\"https:\\\/\\\/www.meydan.tv\\\/az\\\/article\\\/insani-deyil-maraqlarini-idare-edin\\\/\",\"url\":\"https:\\\/\\\/www.meydan.tv\\\/az\\\/article\\\/insani-deyil-maraqlarini-idare-edin\\\/\",\"name\":\"\u0130nsan\u0131 deyil, maraqlar\u0131n\u0131 idar\u0259 edin... - MEYDAN.TV\",\"isPartOf\":{\"@id\":\"https:\\\/\\\/www.meydan.tv\\\/az\\\/#website\"},\"primaryImageOfPage\":{\"@id\":\"https:\\\/\\\/www.meydan.tv\\\/az\\\/article\\\/insani-deyil-maraqlarini-idare-edin\\\/#primaryimage\"},\"image\":{\"@id\":\"https:\\\/\\\/www.meydan.tv\\\/az\\\/article\\\/insani-deyil-maraqlarini-idare-edin\\\/#primaryimage\"},\"thumbnailUrl\":\"https:\\\/\\\/www.meydan.tv\\\/wp-content\\\/uploads\\\/28449.jpg\",\"datePublished\":\"2016-12-26T14:23:56+00:00\",\"breadcrumb\":{\"@id\":\"https:\\\/\\\/www.meydan.tv\\\/az\\\/article\\\/insani-deyil-maraqlarini-idare-edin\\\/#breadcrumb\"},\"inLanguage\":\"az\",\"potentialAction\":[{\"@type\":\"ReadAction\",\"target\":[\"https:\\\/\\\/www.meydan.tv\\\/az\\\/article\\\/insani-deyil-maraqlarini-idare-edin\\\/\"]}]},{\"@type\":\"ImageObject\",\"inLanguage\":\"az\",\"@id\":\"https:\\\/\\\/www.meydan.tv\\\/az\\\/article\\\/insani-deyil-maraqlarini-idare-edin\\\/#primaryimage\",\"url\":\"https:\\\/\\\/www.meydan.tv\\\/wp-content\\\/uploads\\\/28449.jpg\",\"contentUrl\":\"https:\\\/\\\/www.meydan.tv\\\/wp-content\\\/uploads\\\/28449.jpg\",\"width\":1150,\"height\":500,\"caption\":\"Source:\"},{\"@type\":\"BreadcrumbList\",\"@id\":\"https:\\\/\\\/www.meydan.tv\\\/az\\\/article\\\/insani-deyil-maraqlarini-idare-edin\\\/#breadcrumb\",\"itemListElement\":[{\"@type\":\"ListItem\",\"position\":1,\"name\":\"Ana s\u0259hif\u0259\",\"item\":\"https:\\\/\\\/www.meydan.tv\\\/az\\\/\"},{\"@type\":\"ListItem\",\"position\":2,\"name\":\"Analitika\",\"item\":\"https:\\\/\\\/www.meydan.tv\\\/az\\\/section\\\/analitika\\\/\"},{\"@type\":\"ListItem\",\"position\":3,\"name\":\"\u0130nsan\u0131 deyil, maraqlar\u0131n\u0131 idar\u0259 edin&#8230;\"}]},{\"@type\":\"WebSite\",\"@id\":\"https:\\\/\\\/www.meydan.tv\\\/az\\\/#website\",\"url\":\"https:\\\/\\\/www.meydan.tv\\\/az\\\/\",\"name\":\"MEYDAN.TV\",\"description\":\"Meydan TV Az\u0259rbaycan\u0131n media m\u0259kan\u0131ndak\u0131 alternativ s\u0259sidir\",\"publisher\":{\"@id\":\"https:\\\/\\\/www.meydan.tv\\\/az\\\/#organization\"},\"potentialAction\":[{\"@type\":\"SearchAction\",\"target\":{\"@type\":\"EntryPoint\",\"urlTemplate\":\"https:\\\/\\\/www.meydan.tv\\\/az\\\/?s={search_term_string}\"},\"query-input\":{\"@type\":\"PropertyValueSpecification\",\"valueRequired\":true,\"valueName\":\"search_term_string\"}}],\"inLanguage\":\"az\"},{\"@type\":\"Organization\",\"@id\":\"https:\\\/\\\/www.meydan.tv\\\/az\\\/#organization\",\"name\":\"Meydan TV\",\"url\":\"https:\\\/\\\/www.meydan.tv\\\/az\\\/\",\"logo\":{\"@type\":\"ImageObject\",\"inLanguage\":\"az\",\"@id\":\"https:\\\/\\\/www.meydan.tv\\\/az\\\/#\\\/schema\\\/logo\\\/image\\\/\",\"url\":\"https:\\\/\\\/www.meydan.tv\\\/wp-content\\\/uploads\\\/2021\\\/07\\\/meydan-logo.svg\",\"contentUrl\":\"https:\\\/\\\/www.meydan.tv\\\/wp-content\\\/uploads\\\/2021\\\/07\\\/meydan-logo.svg\",\"width\":195,\"height\":46,\"caption\":\"Meydan TV\"},\"image\":{\"@id\":\"https:\\\/\\\/www.meydan.tv\\\/az\\\/#\\\/schema\\\/logo\\\/image\\\/\"}},{\"@type\":\"Person\",\"@id\":\"https:\\\/\\\/www.meydan.tv\\\/az\\\/#\\\/schema\\\/person\\\/10d11eccf6da3662cf5fdab9806ea91a\",\"name\":\"user-manager\"}]}<\/script>\n<!-- \/ Yoast SEO plugin. -->","yoast_head_json":{"title":"\u0130nsan\u0131 deyil, maraqlar\u0131n\u0131 idar\u0259 edin... - MEYDAN.TV","robots":{"index":"index","follow":"follow","max-snippet":"max-snippet:-1","max-image-preview":"max-image-preview:large","max-video-preview":"max-video-preview:-1"},"canonical":"https:\/\/www.meydan.tv\/az\/article\/insani-deyil-maraqlarini-idare-edin\/","og_locale":"az_AZ","og_type":"article","og_title":"\u0130nsan\u0131 deyil, maraqlar\u0131n\u0131 idar\u0259 edin... - MEYDAN.TV","og_description":"B\u0259\u015f\u0259r tarixin\u0259 baxanda g\u00f6r\u00fcr\u00fck ki, h\u0259mi\u015f\u0259 m\u00fcxt\u0259lif ad v\u0259 ideologiyalar alt\u0131nda insan\u0131n \u00f6z\u00fcn\u00fc idar\u0259 etm\u0259y\u0259, h\u0259tta yeni insan tipi formala\u015fd\u0131rma\u011fa \u00e7al\u0131\u015fan sisteml\u0259r, \u00f6lk\u0259l\u0259r, h\u0259tta imperiyalar m\u00fctl\u0259q \u00e7\u00f6k\u00fcb, m\u0259\u011flubiyy\u0259tl\u0259 \u00fczl\u0259\u015fib v\u0259 ya d\u00fcnyan\u0131n \u0259n gerid\u0259qalm\u0131\u015f \u00f6lk\u0259sin\u0259 \u00e7evrilib","og_url":"https:\/\/www.meydan.tv\/az\/article\/insani-deyil-maraqlarini-idare-edin\/","og_site_name":"MEYDAN.TV","article_published_time":"2016-12-26T14:23:56+00:00","og_image":[{"width":1150,"height":500,"url":"https:\/\/www.meydan.tv\/wp-content\/uploads\/28449.jpg","type":"image\/jpeg"}],"author":"user-manager","twitter_card":"summary_large_image","schema":{"@context":"https:\/\/schema.org","@graph":[{"@type":"Article","@id":"https:\/\/www.meydan.tv\/az\/article\/insani-deyil-maraqlarini-idare-edin\/#article","isPartOf":{"@id":"https:\/\/www.meydan.tv\/az\/article\/insani-deyil-maraqlarini-idare-edin\/"},"author":{"name":"user-manager","@id":"https:\/\/www.meydan.tv\/az\/#\/schema\/person\/10d11eccf6da3662cf5fdab9806ea91a"},"headline":"\u0130nsan\u0131 deyil, maraqlar\u0131n\u0131 idar\u0259 edin&#8230;","datePublished":"2016-12-26T14:23:56+00:00","mainEntityOfPage":{"@id":"https:\/\/www.meydan.tv\/az\/article\/insani-deyil-maraqlarini-idare-edin\/"},"wordCount":713,"publisher":{"@id":"https:\/\/www.meydan.tv\/az\/#organization"},"image":{"@id":"https:\/\/www.meydan.tv\/az\/article\/insani-deyil-maraqlarini-idare-edin\/#primaryimage"},"thumbnailUrl":"https:\/\/www.meydan.tv\/wp-content\/uploads\/28449.jpg","articleSection":["Analitika"],"inLanguage":"az"},{"@type":"WebPage","@id":"https:\/\/www.meydan.tv\/az\/article\/insani-deyil-maraqlarini-idare-edin\/","url":"https:\/\/www.meydan.tv\/az\/article\/insani-deyil-maraqlarini-idare-edin\/","name":"\u0130nsan\u0131 deyil, maraqlar\u0131n\u0131 idar\u0259 edin... - MEYDAN.TV","isPartOf":{"@id":"https:\/\/www.meydan.tv\/az\/#website"},"primaryImageOfPage":{"@id":"https:\/\/www.meydan.tv\/az\/article\/insani-deyil-maraqlarini-idare-edin\/#primaryimage"},"image":{"@id":"https:\/\/www.meydan.tv\/az\/article\/insani-deyil-maraqlarini-idare-edin\/#primaryimage"},"thumbnailUrl":"https:\/\/www.meydan.tv\/wp-content\/uploads\/28449.jpg","datePublished":"2016-12-26T14:23:56+00:00","breadcrumb":{"@id":"https:\/\/www.meydan.tv\/az\/article\/insani-deyil-maraqlarini-idare-edin\/#breadcrumb"},"inLanguage":"az","potentialAction":[{"@type":"ReadAction","target":["https:\/\/www.meydan.tv\/az\/article\/insani-deyil-maraqlarini-idare-edin\/"]}]},{"@type":"ImageObject","inLanguage":"az","@id":"https:\/\/www.meydan.tv\/az\/article\/insani-deyil-maraqlarini-idare-edin\/#primaryimage","url":"https:\/\/www.meydan.tv\/wp-content\/uploads\/28449.jpg","contentUrl":"https:\/\/www.meydan.tv\/wp-content\/uploads\/28449.jpg","width":1150,"height":500,"caption":"Source:"},{"@type":"BreadcrumbList","@id":"https:\/\/www.meydan.tv\/az\/article\/insani-deyil-maraqlarini-idare-edin\/#breadcrumb","itemListElement":[{"@type":"ListItem","position":1,"name":"Ana s\u0259hif\u0259","item":"https:\/\/www.meydan.tv\/az\/"},{"@type":"ListItem","position":2,"name":"Analitika","item":"https:\/\/www.meydan.tv\/az\/section\/analitika\/"},{"@type":"ListItem","position":3,"name":"\u0130nsan\u0131 deyil, maraqlar\u0131n\u0131 idar\u0259 edin&#8230;"}]},{"@type":"WebSite","@id":"https:\/\/www.meydan.tv\/az\/#website","url":"https:\/\/www.meydan.tv\/az\/","name":"MEYDAN.TV","description":"Meydan TV Az\u0259rbaycan\u0131n media m\u0259kan\u0131ndak\u0131 alternativ s\u0259sidir","publisher":{"@id":"https:\/\/www.meydan.tv\/az\/#organization"},"potentialAction":[{"@type":"SearchAction","target":{"@type":"EntryPoint","urlTemplate":"https:\/\/www.meydan.tv\/az\/?s={search_term_string}"},"query-input":{"@type":"PropertyValueSpecification","valueRequired":true,"valueName":"search_term_string"}}],"inLanguage":"az"},{"@type":"Organization","@id":"https:\/\/www.meydan.tv\/az\/#organization","name":"Meydan TV","url":"https:\/\/www.meydan.tv\/az\/","logo":{"@type":"ImageObject","inLanguage":"az","@id":"https:\/\/www.meydan.tv\/az\/#\/schema\/logo\/image\/","url":"https:\/\/www.meydan.tv\/wp-content\/uploads\/2021\/07\/meydan-logo.svg","contentUrl":"https:\/\/www.meydan.tv\/wp-content\/uploads\/2021\/07\/meydan-logo.svg","width":195,"height":46,"caption":"Meydan TV"},"image":{"@id":"https:\/\/www.meydan.tv\/az\/#\/schema\/logo\/image\/"}},{"@type":"Person","@id":"https:\/\/www.meydan.tv\/az\/#\/schema\/person\/10d11eccf6da3662cf5fdab9806ea91a","name":"user-manager"}]}},"_links":{"self":[{"href":"https:\/\/www.meydan.tv\/az\/wp-json\/wp\/v2\/posts\/181487","targetHints":{"allow":["GET"]}}],"collection":[{"href":"https:\/\/www.meydan.tv\/az\/wp-json\/wp\/v2\/posts"}],"about":[{"href":"https:\/\/www.meydan.tv\/az\/wp-json\/wp\/v2\/types\/post"}],"author":[{"embeddable":true,"href":"https:\/\/www.meydan.tv\/az\/wp-json\/wp\/v2\/users\/11"}],"replies":[{"embeddable":true,"href":"https:\/\/www.meydan.tv\/az\/wp-json\/wp\/v2\/comments?post=181487"}],"version-history":[{"count":0,"href":"https:\/\/www.meydan.tv\/az\/wp-json\/wp\/v2\/posts\/181487\/revisions"}],"wp:featuredmedia":[{"embeddable":true,"href":"https:\/\/www.meydan.tv\/az\/wp-json\/wp\/v2\/media\/73704"}],"wp:attachment":[{"href":"https:\/\/www.meydan.tv\/az\/wp-json\/wp\/v2\/media?parent=181487"}],"wp:term":[{"taxonomy":"category","embeddable":true,"href":"https:\/\/www.meydan.tv\/az\/wp-json\/wp\/v2\/categories?post=181487"},{"taxonomy":"post_tag","embeddable":true,"href":"https:\/\/www.meydan.tv\/az\/wp-json\/wp\/v2\/tags?post=181487"}],"curies":[{"name":"wp","href":"https:\/\/api.w.org\/{rel}","templated":true}]}}