{"id":181440,"date":"2016-12-23T14:20:04","date_gmt":"2016-12-23T14:20:04","guid":{"rendered":"https:\/\/www.meydan.tv\/article\/eli-ehmedov-azerbaycan-yeni-bir-sicrayisa-hazirlasir\/"},"modified":"2016-12-23T14:20:04","modified_gmt":"2016-12-23T14:20:04","slug":"eli-ehmedov-azerbaycan-yeni-bir-sicrayisa-hazirlasir","status":"publish","type":"post","link":"https:\/\/www.meydan.tv\/az\/article\/eli-ehmedov-azerbaycan-yeni-bir-sicrayisa-hazirlasir\/","title":{"rendered":"\u018fli \u018fhm\u0259dov: Az\u0259rbaycan yeni bir s\u0131\u00e7ray\u0131\u015fa haz\u0131rla\u015f\u0131r"},"content":{"rendered":"<figure class=\"wp-block-image size-large\">\n  <img decoding=\"async\" src=\"https:\/\/www.meydan.tv\/az\/64186\/\" alt=\"\" class=\"wp-image-64186\"\/><figcaption><\/figcaption><\/figure>\n<p>\n  <i><br \/>\n    To\u011frul Cuvarl\u0131: &#8221;S\u0131\u00e7ray\u0131\u015fa nail olmaq \u00fc\u00e7\u00fcn, ilk n\u00f6vb\u0259d\u0259, m\u0259hk\u0259m\u0259 islahatlar\u0131 apar\u0131lmad\u0131r&#8221;<br \/>\n  <\/i>\n<\/p>\n<p>\n  <br \/>\n  &#8220;Az\u0259rbaycan n\u00f6vb\u0259ti b\u00f6y\u00fck d\u0259yi\u015fiklik yolunun astanas\u0131ndad\u0131r. \u00d6lk\u0259miz t\u0259kc\u0259 islahatlar\u0131n deyil, b\u00f6y\u00fck inki\u015faf\u0131n, \u0259z\u0259m\u0259tli d\u0259yi\u015fiklikl\u0259rin yeni dal\u011fas\u0131na haz\u0131rla\u015f\u0131r. He\u00e7 bir \u015f\u00fcbh\u0259 yoxdur ki, \u0259vv\u0259lki iki onillikd\u0259 oldu\u011fu kimi, indiki m\u0259rh\u0259l\u0259d\u0259 d\u0259 Az\u0259rbaycan d\u00fcnyan\u0131 yeni m\u00f6c\u00fcz\u0259si il\u0259 t\u0259\u0259cc\u00fcbl\u0259ndir\u0259 bil\u0259c\u0259k&#8221;\n<\/p>\n<p>\n  Bunu ba\u015f nazirin m\u00fcavini, hakim Yeni Az\u0259rbaycan Partiyas\u0131n\u0131n (YAP) s\u0259dr m\u00fcavini &#8211; icra katibi \u018fli \u018fhm\u0259dov &#8220;Az\u0259rbaycan&#8221; q\u0259zetind\u0259 d\u0259rc olunan m\u0259qal\u0259sind\u0259 deyib.\n<\/p>\n<p>\n  \u0130cra katibi daha sonra vur\u011fulay\u0131b: &#8220;Az\u0259rbaycan yeni bir s\u0131\u00e7ray\u0131\u015fa haz\u0131rla\u015f\u0131r. \u0130nan\u0131ram ki, bu s\u0131\u00e7ray\u0131\u015f da Prezident \u0130lham \u018fliyevin haz\u0131rlad\u0131\u011f\u0131 yeni iqtisadi islahatlar\u0131n t\u0259c\u0259ss\u00fcm\u00fcn\u0259 \u00e7evril\u0259c\u0259k&#8221;.\n<\/p>\n<p>\n  \u018fli \u018fhm\u0259dovun s\u00f6zl\u0259rin\u0259 g\u00f6r\u0259, Az\u0259rbaycanda inki\u015faf\u0131n m\u0259rh\u0259l\u0259l\u0259rl\u0259, spiralvari formada ba\u015f verm\u0259si tarixin ortaya qoydu\u011fu t\u0259kam\u00fcl qanunauy\u011funlu\u011funun vacib t\u0259rkib hiss\u0259si say\u0131l\u0131r:\n<\/p>\n<p>\n  &#8220;B\u00fct\u00fcn xalqlar v\u0259 \u00f6lk\u0259l\u0259rin inki\u015faf tarixi bu fikrin \u0259yani s\u00fcbutu kimi t\u0259qdim oluna bil\u0259r. T\u0259bii ki, Az\u0259rbaycan istisna deyil v\u0259 onun inki\u015faf\u0131n\u0131n indiy\u0259d\u0259k ayr\u0131-ayr\u0131 m\u0259rh\u0259l\u0259l\u0259ri olub v\u0259 bundan sonra da olacaq. H\u0259r bir t\u0259kam\u00fcl m\u0259rh\u0259l\u0259si m\u00fc\u0259yy\u0259n edilmi\u015f h\u0259d\u0259fl\u0259r\u0259 \u00e7atmaq \u00fc\u00e7\u00fcn daxili imkanlar\u0131n\u0131 s\u0259f\u0259rb\u0259r etdikd\u0259n sonra yeni m\u0259rh\u0259l\u0259y\u0259 ke\u00e7id z\u0259rur\u0259ti yarad\u0131r. Hesab edir\u0259m ki, Az\u0259rbaycan\u0131n 2004-c\u00fc ild\u0259n ba\u015flayan inki\u015faf m\u0259rh\u0259l\u0259si yeni h\u0259d\u0259fl\u0259rl\u0259 m\u00fc\u015fayi\u0259t olunan yeni m\u0259rh\u0259l\u0259y\u0259 adlama\u011fa sosial sifari\u015f al\u0131b. Bunu h\u0259m \u0259vv\u0259lki iqtisadi tsiklin v\u0259zif\u0259l\u0259rinin u\u011furla yerin\u0259 yetirilm\u0259si, h\u0259m yeni inki\u015faf h\u0259d\u0259fl\u0259rinin m\u00fc\u0259yy\u0259n edilm\u0259si, h\u0259m d\u0259 d\u0259yi\u015f\u0259n daxili v\u0259 beyn\u0259lxalq iqtisadi m\u00fchit \u015f\u0259rtl\u0259ndirir. Art\u0131q bir il\u0259 yax\u0131nd\u0131r ki, \u00f6lk\u0259miz yeni islahatlar ab-havas\u0131 \u015f\u0259raitind\u0259 ya\u015fay\u0131r. Prezident \u0130lham \u018fliyevin t\u0259\u015f\u0259bb\u00fcs\u00fc v\u0259 bilavasit\u0259 r\u0259hb\u0259rliyi alt\u0131nda islahatlar konsepsiyas\u0131 haz\u0131rlan\u0131r v\u0259 ard\u0131c\u0131l sur\u0259td\u0259 h\u0259yata ke\u00e7irilm\u0259kd\u0259dir. Prosesin v\u00fcs\u0259tini, miqyas\u0131n\u0131, h\u0259d\u0259f olaraq se\u00e7diyi v\u0259zif\u0259l\u0259rin \u0259h\u0259miyy\u0259tini n\u0259z\u0259r\u0259 alaraq onu islahatlar\u0131n ikinci dal\u011fas\u0131 adland\u0131rmaq tamamil\u0259 yerin\u0259 d\u00fc\u015f\u0259rdi&#8221;.\n<\/p>\n<p>\n  <i><br \/>\n    <b><br \/>\n      &#8220;\u0130slahatlar\u0131n ikinci dal\u011fas\u0131 son 13 ild\u0259 davaml\u0131 v\u0259 dayan\u0131ql\u0131 inki\u015faf\u0131n\u0131n m\u0259ntiqi davam\u0131 olub&#8221;<br \/>\n    <\/b><br \/>\n  <\/i>\n<\/p>\n<p>\n  \u018f.\u018fhm\u0259dov vur\u011fulay\u0131b ki, islahatlar\u0131n ikinci dal\u011fas\u0131 Az\u0259rbaycan\u0131n son 13 ild\u0259 davaml\u0131 v\u0259 dayan\u0131ql\u0131 inki\u015faf\u0131n\u0131n m\u0259ntiqi davam\u0131 olub, onun yeni fazaya daxil olmas\u0131 m\u0259qs\u0259dl\u0259rin\u0259 xidm\u0259t g\u00f6st\u0259rir:\n<\/p>\n<p>\n  &#8220;Buna g\u00f6r\u0259 d\u0259 \u0259vv\u0259lki d\u00f6vrd\u0259 \u0259ld\u0259 olunan nailiyy\u0259tl\u0259r yeni h\u0259d\u0259fl\u0259r\u0259 do\u011fru ir\u0259lil\u0259yi\u015fl\u0259r zaman\u0131 etibarl\u0131 fundament rolunu oynay\u0131r v\u0259 eyni zamanda, h\u0259m ilkin, h\u0259m d\u0259 yeni islahatlar d\u00f6vrl\u0259ri vahid iqtisadi inki\u015faf strategiyas\u0131n\u0131n m\u0259rh\u0259l\u0259l\u0259ri kimi n\u0259z\u0259rd\u0259n ke\u00e7irilir. \u0130slahatlar\u0131n yeni dal\u011fas\u0131n\u0131n \u0259sas h\u0259d\u0259fi \u00f6lk\u0259mizd\u0259 inki\u015faf\u0131n yeni fazaya daxil olmas\u0131, daha y\u00fcks\u0259k pill\u0259y\u0259 qald\u0131r\u0131lmas\u0131ndan ibar\u0259tdir. Prezident \u0130lham \u018fliyevin \u201cAz\u0259rbaycan xalq\u0131 daha yax\u015f\u0131 ya\u015fama\u011fa layiqdir\u201d tezisind\u0259 ifad\u0259 olunan siyasi kursu mahiyy\u0259t etibaril\u0259 islahatlar\u0131n ikinci dal\u011fas\u0131n\u0131n ideya \u0259sas\u0131 kimi q\u0259bul olunmal\u0131d\u0131r&#8221;.\n<\/p>\n<p>\n  <b><br \/>\n    <i><br \/>\n      Daha \u00e7evik idar\u0259etm\u0259 sistemi yarad\u0131l\u0131r<br \/>\n    <\/i><br \/>\n  <\/b>\n<\/p>\n<p>\n  Onun s\u00f6zl\u0259rin\u0259 g\u00f6r\u0259, haz\u0131rk\u0131 \u015f\u0259raitd\u0259 h\u0259yata ke\u00e7irilm\u0259kd\u0259 olan islahatlar\u0131n resurs bazas\u0131n\u0131n istinad n\u00f6qt\u0259sinin d\u0259yi\u015fdirilm\u0259si onun f\u0259rql\u0259ndiricisi x\u00fcsusiyy\u0259tl\u0259rind\u0259n biri say\u0131la bil\u0259r:\n<\/p>\n<p>\n  &#8220;\u018fvv\u0259lki m\u0259rh\u0259l\u0259d\u0259 istinad olunan ba\u015fl\u0131ca resurs bazas\u0131 neft strategiyas\u0131n\u0131n realla\u015fmas\u0131 n\u0259tic\u0259sind\u0259 \u0259ld\u0259 edil\u0259n v\u0259saitl\u0259rd\u0259 istifad\u0259 olunurdu. Ba\u015fqa s\u00f6zl\u0259 des\u0259k, inki\u015faf\u0131n lokomotivi rolunda neft amili dayan\u0131rd\u0131 v\u0259 \u0259sas diqq\u0259t ondan \u00f6lk\u0259nin m\u0259nafel\u0259ri, xalq\u0131n rifah\u0131 namin\u0259 \u0259n s\u0259m\u0259r\u0259li \u015f\u0259kild\u0259 istifad\u0259 olunmas\u0131na y\u00f6n\u0259ldilmi\u015fdi. \u0130ndi is\u0259 inki\u015faf\u0131n resurs bazas\u0131na m\u00fcnasib\u0259td\u0259 diqq\u0259t f\u0259rqli amill\u0259r\u0259 y\u00f6n\u0259ldilir, ba\u015fqa s\u00f6zl\u0259, iqtisadi \u015fax\u0259l\u0259ndirm\u0259 prioritet v\u0259zif\u0259 olaraq \u00f6n plana \u00e7\u0259kilir. Prezident \u0130lham \u018fliyevin yeni islahatlar strategiyas\u0131n\u0131n m\u0259rk\u0259zind\u0259 duran v\u0259zif\u0259l\u0259r s\u0131ras\u0131nda iqtisadi liberalla\u015fd\u0131rman\u0131n yeni s\u0259viyy\u0259y\u0259 y\u00fcks\u0259ldilm\u0259si diqq\u0259ti x\u00fcsusil\u0259 c\u0259lb edir. S\u00f6hb\u0259t sahibkarl\u0131\u011f\u0131n inki\u015faf\u0131 \u00fc\u00e7\u00fcn \u0259lav\u0259 t\u0259minatlar\u0131n verilm\u0259si il\u0259 yana\u015f\u0131, liberalla\u015fd\u0131rman\u0131n bank-kredit sistemin\u0259 daha d\u0259rind\u0259n siray\u0259t etm\u0259sind\u0259n gedir. H\u0259yata ke\u00e7iril\u0259n t\u0259dbirl\u0259r kompleksinin \u00f6lk\u0259mizd\u0259 azad bazar iqtisadiyyat\u0131n\u0131n b\u00fct\u00fcn parametrl\u0259ri \u00fczr\u0259 q\u0259rarla\u015fmas\u0131n\u0131, dem\u0259li, iqtisadi inki\u015fafa \u0259lav\u0259 t\u0259minat\u0131 \u015f\u0259rtl\u0259ndirmi\u015f olacaq&#8221;.\n<\/p>\n<p>\n  Ba\u015f nazirin m\u00fcavini bildirib ki, islahatlar\u0131n ikinci m\u0259rh\u0259l\u0259sini s\u0259ciyy\u0259l\u0259ndir\u0259n x\u00fcsusiyy\u0259tl\u0259rd\u0259n dig\u0259ri idar\u0259etm\u0259 sah\u0259sinin t\u0259kmill\u0259\u015fdirilm\u0259si, daha \u00e7evik idar\u0259\u00e7ilik sisteminin yarad\u0131lmas\u0131 m\u0259qs\u0259dil\u0259 z\u0259ruri optimalla\u015fman\u0131n h\u0259yata ke\u00e7irilm\u0259sidir:\n<\/p>\n<p>\n  &#8220;Burada idar\u0259etm\u0259 x\u0259rcl\u0259rinin azald\u0131lmas\u0131ndan tutmu\u015f innovativ idar\u0259\u00e7ilik formalar\u0131n\u0131n t\u0259tbiq edilm\u0259sin\u0259d\u0259k geni\u015f spektrli yenil\u0259\u015fm\u0259 n\u0259z\u0259rd\u0259 tutulur. H\u0259d\u0259f q\u0259rarlar\u0131n q\u0259bul edilm\u0259sinin s\u00fcr\u0259tl\u0259ndirilm\u0259si, yersiz s\u00fcr\u00fcnd\u00fcrm\u0259\u00e7ilik hallar\u0131n\u0131n v\u0259 dig\u0259r neqativl\u0259rin q\u0259tiyy\u0259tl\u0259 aradan qald\u0131r\u0131lmas\u0131, icraya n\u0259zar\u0259tin g\u00fccl\u0259ndirilm\u0259si v\u0259 s. bu q\u0259bild\u0259n olan v\u0259 sosial sifari\u015f xarakteri k\u0259sb etmi\u015f v\u0259zif\u0259l\u0259rin h\u0259llidir.\n<\/p>\n<p>\n  Prezident \u0130lham \u018fliyevin islahatlar siyas\u0259tinin ikinci fazas\u0131n\u0131 xarakteriz\u0259 ed\u0259n vacib bir m\u0259qam da ayr\u0131ca vur\u011fulanmal\u0131d\u0131r. Bu da onun c\u0259miyy\u0259t\u0259 d\u0259rin islahatlar kimi t\u0259qdim edilm\u0259sidir. Prezidentin haz\u0131rk\u0131 yenil\u0259\u015fm\u0259 x\u0259ttini d\u0259rin islahatlar adland\u0131rmas\u0131 ona n\u0259 q\u0259d\u0259r b\u00f6y\u00fck diqq\u0259t yetirdiyinin \u0259yani s\u00fcbutudur. \u0130slahatlar\u0131n n\u0259inki \u0130lham \u018fliyevin t\u0259\u015f\u0259bb\u00fcs\u00fc il\u0259, h\u0259m d\u0259 onun bilavasit\u0259 r\u0259hb\u0259rliyi il\u0259 h\u0259yata ke\u00e7irilm\u0259si fakt\u0131 \u00f6z n\u00f6vb\u0259sind\u0259 ikinci islahatlar dal\u011fas\u0131n\u0131n u\u011furlar\u0131na \u0259lav\u0259 t\u0259minat hesab edil\u0259 bil\u0259r&#8221;.\n<\/p>\n<p>\n  <b><br \/>\n    <i><br \/>\n      &#8220;S\u0131\u00e7ray\u0131\u015f qeyri-m\u00fcmk\u00fcnd\u00fcr&#8221;<br \/>\n    <\/i><br \/>\n  <\/b>\n<\/p>\n<p>\n  \u0130qtisad\u00e7\u0131 ekspert To\u011frul Cuvarl\u0131 Meydan TV-y\u0259 bildirib ki, bir s\u0131ra beyn\u0259lxalq institutlar\u0131n h\u0259r \u00f6lk\u0259nin iqtisadiyyat\u0131 \u00fc\u00e7\u00fcn qa\u00e7\u0131lmaz olan t\u0259l\u0259bl\u0259ri var:\n<\/p>\n<p>\n  &#8220;\u0130qtisadiyyat\u0131n inki\u015faf\u0131 yerli institutlar olmadan m\u00fcmk\u00fcn deyil. Bu, o dem\u0259kdir ki, h\u0259r \u015fey, y\u0259ni r\u0259qab\u0259tin yarad\u0131lmas\u0131, inhisar\u00e7\u0131l\u0131\u011f\u0131n t\u0259dric\u0259n daralmas\u0131 olmasa, v\u0259ziyy\u0259t \u00e7\u0259tinl\u0259\u015fir. Neft g\u0259lirl\u0259rinin gur vaxt\u0131nda iqtisadi s\u0131\u00e7ray\u0131\u015f olaca\u011f\u0131n\u0131 g\u00f6zl\u0259yirdik, amma olmad\u0131. \u00c7\u00fcnki iri inhisar\u00e7\u0131 d\u00f6vl\u0259t qurumlar\u0131 buna mane olurdu. \u0130ndi v\u0259ziyy\u0259t d\u0259yi\u015fdi v\u0259 h\u00f6kum\u0259t yeni m\u0259rh\u0259l\u0259 \u00fc\u00e7\u00fcn s\u0131\u00e7ray\u0131\u015f\u0131 ifad\u0259 ed\u0259n add\u0131mlar\u0131n at\u0131lmas\u0131n\u0131n vacibliyini d\u00fc\u015f\u00fcn\u00fcr. B\u0259li, m\u00fc\u0259yy\u0259n institutlar yaratd\u0131, ancaq bunlar\u0131n kasadl\u0131\u011f\u0131 yen\u0259 mane olacaq. \u018fmin\u0259m ki, yeni institutlar yarad\u0131lmadan ist\u0259nil\u0259n s\u0131\u00e7ray\u0131\u015f m\u00fcmk\u00fcns\u00fczd\u00fcr v\u0259 bu institutlar\u0131n bir qismi siyas\u0259tl\u0259 s\u0131x ba\u011fl\u0131d\u0131r&#8221;.\n<\/p>\n<figure class=\"wp-block-image size-large\">\n  <img decoding=\"async\" src=\"https:\/\/www.meydan.tv\/az\/76063\/\" alt=\"\" class=\"wp-image-76063\"\/><figcaption>\n    To\u011frul Cuvarl\u0131 foto sosial \u015f\u0259b\u0259k\u0259<br \/>\n  <\/figcaption><\/figure>\n<p>\n  Onun s\u00f6zl\u0259rin\u0259 g\u00f6r\u0259, v\u0259ziyy\u0259td\u0259n m\u00fc\u0259yy\u0259n q\u0259d\u0259r \u00e7\u0131xmaq olar, amma s\u0131\u00e7ray\u0131\u015f qeyri-m\u00fcmk\u00fcnd\u00fcr:\n<\/p>\n<p>\n  &#8220;S\u0131\u00e7ray\u0131\u015fa nail olmaq \u00fc\u00e7\u00fcn, ilk n\u00f6vb\u0259d\u0259, m\u0259hk\u0259m\u0259 islahatlar\u0131 apar\u0131lmad\u0131r, bu, vacib \u015f\u0259rtdir, bunsuz m\u00fcmk\u00fcn deyil. Qazax\u0131stan prezidenti Nursultan Nazarb\u0259yov 17 noyabrda islahatlar\u0131 elan etdi. S\u0259n\u0259d\u0259 \u00fcmumi baxanda, g\u00f6r\u00fcrs\u0259n ki, m\u0259hk\u0259m\u0259 islahatlar\u0131 \u00f6nd\u0259dir. \u00c7\u00fcnki xarici investoru \u00f6lk\u0259y\u0259 c\u0259lb etm\u0259k \u00fc\u00e7\u00fcn ba\u015fqa variant yoxdur. Baxmayaraq ki, Nazarb\u0259yov ya\u015fl\u0131 insand\u0131r, amma bu add\u0131m\u0131 atd\u0131, m\u0259cburiyy\u0259td\u0259n buna getdi. V\u0259ziyy\u0259t pisl\u0259\u015fdi, cavab add\u0131m\u0131 ba\u015fqa variant qoymurdu&#8221;.\n<\/p>\n<p>\n  \u018fli \u018fhm\u0259dovun idar\u0259etm\u0259 x\u0259rcl\u0259rinin azalmas\u0131 bar\u0259d\u0259 dedikl\u0259rin\u0259 g\u0259linc\u0259, T.Cuvarl\u0131 hesab edir ki, onsuz da bu y\u00f6nd\u0259 add\u0131mlar at\u0131l\u0131r:\n<\/p>\n<p>\n  &#8220;M\u0259s\u0259l\u0259n, elektron h\u00f6kum\u0259t, g\u00f6mr\u00fckd\u0259 ba\u015f ver\u0259nl\u0259r. Amma bu d\u0259rin islahatlar deyil. \u0130slahatlar iki hiss\u0259y\u0259 b\u00f6l\u00fcn\u00fcr; texniki v\u0259 d\u0259rin islahatlar. Birinciy\u0259 elektron h\u00f6kum\u0259t, g\u00f6mr\u00fckd\u0259ki, vergid\u0259ki d\u0259yi\u015fiklikl\u0259r daxildir. D\u0259rin islahatlar is\u0259 m\u0259hk\u0259m\u0259 sisteminin d\u0259yi\u015film\u0259sind\u0259n, r\u0259qab\u0259t \u00fc\u00e7\u00fcn x\u00fcsusi \u015f\u0259raitin yarad\u0131lmas\u0131ndan, inhisar\u00e7\u0131l\u0131\u011f\u0131n qar\u015f\u0131s\u0131n\u0131 almaqdan ibar\u0259tdir. Texniki islahatlar g\u00fcnd\u0259m\u0259 ba\u011fl\u0131d\u0131r, Az\u0259rbaycan\u0131n problemi uzunm\u00fcdd\u0259tli oldu\u011fundan d\u0259rin islahatlara ehtiyac var&#8221;.<\/p>\n","protected":false},"excerpt":{"rendered":"<p>To\u011frul Cuvarl\u0131: &#8221;S\u0131\u00e7ray\u0131\u015fa nail olmaq \u00fc\u00e7\u00fcn, ilk n\u00f6vb\u0259d\u0259, m\u0259hk\u0259m\u0259 islahatlar\u0131 apar\u0131lmad\u0131r&#8221;<\/p>\n","protected":false},"author":11,"featured_media":64186,"comment_status":"closed","ping_status":"open","sticky":false,"template":"","format":"standard","meta":{"_acf_changed":false,"_sitemap_exclude":false,"_sitemap_priority":"","_sitemap_frequency":"","footnotes":""},"categories":[51],"tags":[],"class_list":["post-181440","post","type-post","status-publish","format-standard","has-post-thumbnail","hentry","category-analitika","infinite-scroll-item","generate-columns","tablet-grid-50","mobile-grid-100","grid-parent","grid-33","no-featured-image-padding"],"acf":[],"yoast_head":"<!-- This site is optimized with the Yoast SEO plugin v27.5 - https:\/\/yoast.com\/product\/yoast-seo-wordpress\/ -->\n<title>\u018fli \u018fhm\u0259dov: Az\u0259rbaycan yeni bir s\u0131\u00e7ray\u0131\u015fa haz\u0131rla\u015f\u0131r - MEYDAN.TV<\/title>\n<meta name=\"robots\" content=\"index, follow, max-snippet:-1, max-image-preview:large, max-video-preview:-1\" \/>\n<link rel=\"canonical\" href=\"https:\/\/www.meydan.tv\/az\/article\/eli-ehmedov-azerbaycan-yeni-bir-sicrayisa-hazirlasir\/\" \/>\n<meta property=\"og:locale\" content=\"az_AZ\" \/>\n<meta property=\"og:type\" content=\"article\" \/>\n<meta property=\"og:title\" content=\"\u018fli \u018fhm\u0259dov: Az\u0259rbaycan yeni bir s\u0131\u00e7ray\u0131\u015fa haz\u0131rla\u015f\u0131r - MEYDAN.TV\" \/>\n<meta property=\"og:description\" content=\"To\u011frul Cuvarl\u0131: &#039;&#039;S\u0131\u00e7ray\u0131\u015fa nail olmaq \u00fc\u00e7\u00fcn, ilk n\u00f6vb\u0259d\u0259, m\u0259hk\u0259m\u0259 islahatlar\u0131 apar\u0131lmad\u0131r&#039;&#039;\" \/>\n<meta property=\"og:url\" content=\"https:\/\/www.meydan.tv\/az\/article\/eli-ehmedov-azerbaycan-yeni-bir-sicrayisa-hazirlasir\/\" \/>\n<meta property=\"og:site_name\" content=\"MEYDAN.TV\" \/>\n<meta property=\"article:published_time\" content=\"2016-12-23T14:20:04+00:00\" \/>\n<meta property=\"og:image\" content=\"https:\/\/www.meydan.tv\/wp-content\/uploads\/24479.jpg\" \/>\n\t<meta property=\"og:image:width\" content=\"647\" \/>\n\t<meta property=\"og:image:height\" content=\"370\" \/>\n\t<meta property=\"og:image:type\" content=\"image\/jpeg\" \/>\n<meta name=\"author\" content=\"user-manager\" \/>\n<meta name=\"twitter:card\" content=\"summary_large_image\" \/>\n<script type=\"application\/ld+json\" class=\"yoast-schema-graph\">{\"@context\":\"https:\\\/\\\/schema.org\",\"@graph\":[{\"@type\":\"Article\",\"@id\":\"https:\\\/\\\/www.meydan.tv\\\/az\\\/article\\\/eli-ehmedov-azerbaycan-yeni-bir-sicrayisa-hazirlasir\\\/#article\",\"isPartOf\":{\"@id\":\"https:\\\/\\\/www.meydan.tv\\\/az\\\/article\\\/eli-ehmedov-azerbaycan-yeni-bir-sicrayisa-hazirlasir\\\/\"},\"author\":{\"name\":\"user-manager\",\"@id\":\"https:\\\/\\\/www.meydan.tv\\\/az\\\/#\\\/schema\\\/person\\\/10d11eccf6da3662cf5fdab9806ea91a\"},\"headline\":\"\u018fli \u018fhm\u0259dov: Az\u0259rbaycan yeni bir s\u0131\u00e7ray\u0131\u015fa haz\u0131rla\u015f\u0131r\",\"datePublished\":\"2016-12-23T14:20:04+00:00\",\"mainEntityOfPage\":{\"@id\":\"https:\\\/\\\/www.meydan.tv\\\/az\\\/article\\\/eli-ehmedov-azerbaycan-yeni-bir-sicrayisa-hazirlasir\\\/\"},\"wordCount\":1639,\"publisher\":{\"@id\":\"https:\\\/\\\/www.meydan.tv\\\/az\\\/#organization\"},\"image\":{\"@id\":\"https:\\\/\\\/www.meydan.tv\\\/az\\\/article\\\/eli-ehmedov-azerbaycan-yeni-bir-sicrayisa-hazirlasir\\\/#primaryimage\"},\"thumbnailUrl\":\"https:\\\/\\\/www.meydan.tv\\\/wp-content\\\/uploads\\\/24479.jpg\",\"articleSection\":[\"Analitika\"],\"inLanguage\":\"az\"},{\"@type\":\"WebPage\",\"@id\":\"https:\\\/\\\/www.meydan.tv\\\/az\\\/article\\\/eli-ehmedov-azerbaycan-yeni-bir-sicrayisa-hazirlasir\\\/\",\"url\":\"https:\\\/\\\/www.meydan.tv\\\/az\\\/article\\\/eli-ehmedov-azerbaycan-yeni-bir-sicrayisa-hazirlasir\\\/\",\"name\":\"\u018fli \u018fhm\u0259dov: Az\u0259rbaycan yeni bir s\u0131\u00e7ray\u0131\u015fa haz\u0131rla\u015f\u0131r - MEYDAN.TV\",\"isPartOf\":{\"@id\":\"https:\\\/\\\/www.meydan.tv\\\/az\\\/#website\"},\"primaryImageOfPage\":{\"@id\":\"https:\\\/\\\/www.meydan.tv\\\/az\\\/article\\\/eli-ehmedov-azerbaycan-yeni-bir-sicrayisa-hazirlasir\\\/#primaryimage\"},\"image\":{\"@id\":\"https:\\\/\\\/www.meydan.tv\\\/az\\\/article\\\/eli-ehmedov-azerbaycan-yeni-bir-sicrayisa-hazirlasir\\\/#primaryimage\"},\"thumbnailUrl\":\"https:\\\/\\\/www.meydan.tv\\\/wp-content\\\/uploads\\\/24479.jpg\",\"datePublished\":\"2016-12-23T14:20:04+00:00\",\"breadcrumb\":{\"@id\":\"https:\\\/\\\/www.meydan.tv\\\/az\\\/article\\\/eli-ehmedov-azerbaycan-yeni-bir-sicrayisa-hazirlasir\\\/#breadcrumb\"},\"inLanguage\":\"az\",\"potentialAction\":[{\"@type\":\"ReadAction\",\"target\":[\"https:\\\/\\\/www.meydan.tv\\\/az\\\/article\\\/eli-ehmedov-azerbaycan-yeni-bir-sicrayisa-hazirlasir\\\/\"]}]},{\"@type\":\"ImageObject\",\"inLanguage\":\"az\",\"@id\":\"https:\\\/\\\/www.meydan.tv\\\/az\\\/article\\\/eli-ehmedov-azerbaycan-yeni-bir-sicrayisa-hazirlasir\\\/#primaryimage\",\"url\":\"https:\\\/\\\/www.meydan.tv\\\/wp-content\\\/uploads\\\/24479.jpg\",\"contentUrl\":\"https:\\\/\\\/www.meydan.tv\\\/wp-content\\\/uploads\\\/24479.jpg\",\"width\":647,\"height\":370,\"caption\":\"Source:\"},{\"@type\":\"BreadcrumbList\",\"@id\":\"https:\\\/\\\/www.meydan.tv\\\/az\\\/article\\\/eli-ehmedov-azerbaycan-yeni-bir-sicrayisa-hazirlasir\\\/#breadcrumb\",\"itemListElement\":[{\"@type\":\"ListItem\",\"position\":1,\"name\":\"Ana s\u0259hif\u0259\",\"item\":\"https:\\\/\\\/www.meydan.tv\\\/az\\\/\"},{\"@type\":\"ListItem\",\"position\":2,\"name\":\"Analitika\",\"item\":\"https:\\\/\\\/www.meydan.tv\\\/az\\\/section\\\/analitika\\\/\"},{\"@type\":\"ListItem\",\"position\":3,\"name\":\"\u018fli \u018fhm\u0259dov: Az\u0259rbaycan yeni bir s\u0131\u00e7ray\u0131\u015fa haz\u0131rla\u015f\u0131r\"}]},{\"@type\":\"WebSite\",\"@id\":\"https:\\\/\\\/www.meydan.tv\\\/az\\\/#website\",\"url\":\"https:\\\/\\\/www.meydan.tv\\\/az\\\/\",\"name\":\"MEYDAN.TV\",\"description\":\"Meydan TV Az\u0259rbaycan\u0131n media m\u0259kan\u0131ndak\u0131 alternativ s\u0259sidir\",\"publisher\":{\"@id\":\"https:\\\/\\\/www.meydan.tv\\\/az\\\/#organization\"},\"potentialAction\":[{\"@type\":\"SearchAction\",\"target\":{\"@type\":\"EntryPoint\",\"urlTemplate\":\"https:\\\/\\\/www.meydan.tv\\\/az\\\/?s={search_term_string}\"},\"query-input\":{\"@type\":\"PropertyValueSpecification\",\"valueRequired\":true,\"valueName\":\"search_term_string\"}}],\"inLanguage\":\"az\"},{\"@type\":\"Organization\",\"@id\":\"https:\\\/\\\/www.meydan.tv\\\/az\\\/#organization\",\"name\":\"Meydan TV\",\"url\":\"https:\\\/\\\/www.meydan.tv\\\/az\\\/\",\"logo\":{\"@type\":\"ImageObject\",\"inLanguage\":\"az\",\"@id\":\"https:\\\/\\\/www.meydan.tv\\\/az\\\/#\\\/schema\\\/logo\\\/image\\\/\",\"url\":\"https:\\\/\\\/www.meydan.tv\\\/wp-content\\\/uploads\\\/2021\\\/07\\\/meydan-logo.svg\",\"contentUrl\":\"https:\\\/\\\/www.meydan.tv\\\/wp-content\\\/uploads\\\/2021\\\/07\\\/meydan-logo.svg\",\"width\":195,\"height\":46,\"caption\":\"Meydan TV\"},\"image\":{\"@id\":\"https:\\\/\\\/www.meydan.tv\\\/az\\\/#\\\/schema\\\/logo\\\/image\\\/\"}},{\"@type\":\"Person\",\"@id\":\"https:\\\/\\\/www.meydan.tv\\\/az\\\/#\\\/schema\\\/person\\\/10d11eccf6da3662cf5fdab9806ea91a\",\"name\":\"user-manager\"}]}<\/script>\n<!-- \/ Yoast SEO plugin. -->","yoast_head_json":{"title":"\u018fli \u018fhm\u0259dov: Az\u0259rbaycan yeni bir s\u0131\u00e7ray\u0131\u015fa haz\u0131rla\u015f\u0131r - MEYDAN.TV","robots":{"index":"index","follow":"follow","max-snippet":"max-snippet:-1","max-image-preview":"max-image-preview:large","max-video-preview":"max-video-preview:-1"},"canonical":"https:\/\/www.meydan.tv\/az\/article\/eli-ehmedov-azerbaycan-yeni-bir-sicrayisa-hazirlasir\/","og_locale":"az_AZ","og_type":"article","og_title":"\u018fli \u018fhm\u0259dov: Az\u0259rbaycan yeni bir s\u0131\u00e7ray\u0131\u015fa haz\u0131rla\u015f\u0131r - MEYDAN.TV","og_description":"To\u011frul Cuvarl\u0131: ''S\u0131\u00e7ray\u0131\u015fa nail olmaq \u00fc\u00e7\u00fcn, ilk n\u00f6vb\u0259d\u0259, m\u0259hk\u0259m\u0259 islahatlar\u0131 apar\u0131lmad\u0131r''","og_url":"https:\/\/www.meydan.tv\/az\/article\/eli-ehmedov-azerbaycan-yeni-bir-sicrayisa-hazirlasir\/","og_site_name":"MEYDAN.TV","article_published_time":"2016-12-23T14:20:04+00:00","og_image":[{"width":647,"height":370,"url":"https:\/\/www.meydan.tv\/wp-content\/uploads\/24479.jpg","type":"image\/jpeg"}],"author":"user-manager","twitter_card":"summary_large_image","schema":{"@context":"https:\/\/schema.org","@graph":[{"@type":"Article","@id":"https:\/\/www.meydan.tv\/az\/article\/eli-ehmedov-azerbaycan-yeni-bir-sicrayisa-hazirlasir\/#article","isPartOf":{"@id":"https:\/\/www.meydan.tv\/az\/article\/eli-ehmedov-azerbaycan-yeni-bir-sicrayisa-hazirlasir\/"},"author":{"name":"user-manager","@id":"https:\/\/www.meydan.tv\/az\/#\/schema\/person\/10d11eccf6da3662cf5fdab9806ea91a"},"headline":"\u018fli \u018fhm\u0259dov: Az\u0259rbaycan yeni bir s\u0131\u00e7ray\u0131\u015fa haz\u0131rla\u015f\u0131r","datePublished":"2016-12-23T14:20:04+00:00","mainEntityOfPage":{"@id":"https:\/\/www.meydan.tv\/az\/article\/eli-ehmedov-azerbaycan-yeni-bir-sicrayisa-hazirlasir\/"},"wordCount":1639,"publisher":{"@id":"https:\/\/www.meydan.tv\/az\/#organization"},"image":{"@id":"https:\/\/www.meydan.tv\/az\/article\/eli-ehmedov-azerbaycan-yeni-bir-sicrayisa-hazirlasir\/#primaryimage"},"thumbnailUrl":"https:\/\/www.meydan.tv\/wp-content\/uploads\/24479.jpg","articleSection":["Analitika"],"inLanguage":"az"},{"@type":"WebPage","@id":"https:\/\/www.meydan.tv\/az\/article\/eli-ehmedov-azerbaycan-yeni-bir-sicrayisa-hazirlasir\/","url":"https:\/\/www.meydan.tv\/az\/article\/eli-ehmedov-azerbaycan-yeni-bir-sicrayisa-hazirlasir\/","name":"\u018fli \u018fhm\u0259dov: Az\u0259rbaycan yeni bir s\u0131\u00e7ray\u0131\u015fa haz\u0131rla\u015f\u0131r - MEYDAN.TV","isPartOf":{"@id":"https:\/\/www.meydan.tv\/az\/#website"},"primaryImageOfPage":{"@id":"https:\/\/www.meydan.tv\/az\/article\/eli-ehmedov-azerbaycan-yeni-bir-sicrayisa-hazirlasir\/#primaryimage"},"image":{"@id":"https:\/\/www.meydan.tv\/az\/article\/eli-ehmedov-azerbaycan-yeni-bir-sicrayisa-hazirlasir\/#primaryimage"},"thumbnailUrl":"https:\/\/www.meydan.tv\/wp-content\/uploads\/24479.jpg","datePublished":"2016-12-23T14:20:04+00:00","breadcrumb":{"@id":"https:\/\/www.meydan.tv\/az\/article\/eli-ehmedov-azerbaycan-yeni-bir-sicrayisa-hazirlasir\/#breadcrumb"},"inLanguage":"az","potentialAction":[{"@type":"ReadAction","target":["https:\/\/www.meydan.tv\/az\/article\/eli-ehmedov-azerbaycan-yeni-bir-sicrayisa-hazirlasir\/"]}]},{"@type":"ImageObject","inLanguage":"az","@id":"https:\/\/www.meydan.tv\/az\/article\/eli-ehmedov-azerbaycan-yeni-bir-sicrayisa-hazirlasir\/#primaryimage","url":"https:\/\/www.meydan.tv\/wp-content\/uploads\/24479.jpg","contentUrl":"https:\/\/www.meydan.tv\/wp-content\/uploads\/24479.jpg","width":647,"height":370,"caption":"Source:"},{"@type":"BreadcrumbList","@id":"https:\/\/www.meydan.tv\/az\/article\/eli-ehmedov-azerbaycan-yeni-bir-sicrayisa-hazirlasir\/#breadcrumb","itemListElement":[{"@type":"ListItem","position":1,"name":"Ana s\u0259hif\u0259","item":"https:\/\/www.meydan.tv\/az\/"},{"@type":"ListItem","position":2,"name":"Analitika","item":"https:\/\/www.meydan.tv\/az\/section\/analitika\/"},{"@type":"ListItem","position":3,"name":"\u018fli \u018fhm\u0259dov: Az\u0259rbaycan yeni bir s\u0131\u00e7ray\u0131\u015fa haz\u0131rla\u015f\u0131r"}]},{"@type":"WebSite","@id":"https:\/\/www.meydan.tv\/az\/#website","url":"https:\/\/www.meydan.tv\/az\/","name":"MEYDAN.TV","description":"Meydan TV Az\u0259rbaycan\u0131n media m\u0259kan\u0131ndak\u0131 alternativ s\u0259sidir","publisher":{"@id":"https:\/\/www.meydan.tv\/az\/#organization"},"potentialAction":[{"@type":"SearchAction","target":{"@type":"EntryPoint","urlTemplate":"https:\/\/www.meydan.tv\/az\/?s={search_term_string}"},"query-input":{"@type":"PropertyValueSpecification","valueRequired":true,"valueName":"search_term_string"}}],"inLanguage":"az"},{"@type":"Organization","@id":"https:\/\/www.meydan.tv\/az\/#organization","name":"Meydan TV","url":"https:\/\/www.meydan.tv\/az\/","logo":{"@type":"ImageObject","inLanguage":"az","@id":"https:\/\/www.meydan.tv\/az\/#\/schema\/logo\/image\/","url":"https:\/\/www.meydan.tv\/wp-content\/uploads\/2021\/07\/meydan-logo.svg","contentUrl":"https:\/\/www.meydan.tv\/wp-content\/uploads\/2021\/07\/meydan-logo.svg","width":195,"height":46,"caption":"Meydan TV"},"image":{"@id":"https:\/\/www.meydan.tv\/az\/#\/schema\/logo\/image\/"}},{"@type":"Person","@id":"https:\/\/www.meydan.tv\/az\/#\/schema\/person\/10d11eccf6da3662cf5fdab9806ea91a","name":"user-manager"}]}},"_links":{"self":[{"href":"https:\/\/www.meydan.tv\/az\/wp-json\/wp\/v2\/posts\/181440","targetHints":{"allow":["GET"]}}],"collection":[{"href":"https:\/\/www.meydan.tv\/az\/wp-json\/wp\/v2\/posts"}],"about":[{"href":"https:\/\/www.meydan.tv\/az\/wp-json\/wp\/v2\/types\/post"}],"author":[{"embeddable":true,"href":"https:\/\/www.meydan.tv\/az\/wp-json\/wp\/v2\/users\/11"}],"replies":[{"embeddable":true,"href":"https:\/\/www.meydan.tv\/az\/wp-json\/wp\/v2\/comments?post=181440"}],"version-history":[{"count":0,"href":"https:\/\/www.meydan.tv\/az\/wp-json\/wp\/v2\/posts\/181440\/revisions"}],"wp:featuredmedia":[{"embeddable":true,"href":"https:\/\/www.meydan.tv\/az\/wp-json\/wp\/v2\/media\/64186"}],"wp:attachment":[{"href":"https:\/\/www.meydan.tv\/az\/wp-json\/wp\/v2\/media?parent=181440"}],"wp:term":[{"taxonomy":"category","embeddable":true,"href":"https:\/\/www.meydan.tv\/az\/wp-json\/wp\/v2\/categories?post=181440"},{"taxonomy":"post_tag","embeddable":true,"href":"https:\/\/www.meydan.tv\/az\/wp-json\/wp\/v2\/tags?post=181440"}],"curies":[{"name":"wp","href":"https:\/\/api.w.org\/{rel}","templated":true}]}}