{"id":181433,"date":"2016-12-23T12:57:48","date_gmt":"2016-12-23T12:57:48","guid":{"rendered":"https:\/\/www.meydan.tv\/article\/terror-tehlukesini-onlemek-mumkundurmu\/"},"modified":"2016-12-23T12:57:48","modified_gmt":"2016-12-23T12:57:48","slug":"terror-tehlukesini-onlemek-mumkundurmu","status":"publish","type":"post","link":"https:\/\/www.meydan.tv\/az\/article\/terror-tehlukesini-onlemek-mumkundurmu\/","title":{"rendered":"Terror t\u0259hl\u00fck\u0259sini \u00f6nl\u0259m\u0259k m\u00fcmk\u00fcnd\u00fcr(m\u00fc?)"},"content":{"rendered":"<figure class=\"wp-block-image size-large\">\n  <img decoding=\"async\" src=\"https:\/\/www.meydan.tv\/az\/76042\/\" alt=\"\" class=\"wp-image-76042\"\/><figcaption><\/figcaption><\/figure>\n<figure class=\"wp-block-image size-large\">\n  <img decoding=\"async\" src=\"https:\/\/www.meydan.tv\/az\/76042\/\" alt=\"\" class=\"wp-image-76042\"\/><figcaption>\n    foto sosial \u015f\u0259b\u0259k\u0259<br \/>\n  <\/figcaption><\/figure>\n<p>\n  Rusiyan\u0131n Ankaradak\u0131 s\u0259firi Andrey Karlovun q\u0259tli il\u0259 ba\u011fl\u0131 versiyalar\u0131n say\u0131 getdikc\u0259 art\u0131r. H\u0259m Rusiyan\u0131n, h\u0259m d\u0259 T\u00fcrkiy\u0259n\u0131n siyasi ekspertl\u0259rinin v\u0259 siyas\u0259t\u00e7il\u0259rinin r\u0259yl\u0259rind\u0259 \u00fcst-\u00fcst\u0259 d\u00fc\u015f\u0259n ba\u015fl\u0131ca m\u0259qam ondan ibar\u0259tdir ki, terroru planla\u015fd\u0131ranlar\u0131n m\u0259qs\u0259di T\u00fcrkiy\u0259-Rusiya m\u00fcnasib\u0259tl\u0259rini yenid\u0259n g\u0259rginl\u0259\u015fdirm\u0259k idi. T\u00fcrkiy\u0259-Rusiya m\u00fcnasib\u0259tl\u0259rinin yenid\u0259n g\u0259rginl\u0259\u015fm\u0259sind\u0259 maraql\u0131 olan d\u00f6vl\u0259t v\u0259 g\u00fccl\u0259r b\u0259llidir: AB\u015e, F\u0259tullah G\u00fcl\u0259n, PKK, YPG, PYD, DA\u0130\u015e. Buna g\u00f6r\u0259 d\u0259 \u201cRusiya s\u0259firinin q\u0259tli kiml\u0259rin maraqlar\u0131na uy\u011fun idi\u201d sual\u0131 aktuall\u0131\u011f\u0131n\u0131 itirmir, \u201cmaraql\u0131 t\u0259r\u0259f\u201d axtar\u0131\u015f\u0131 davam edir.\n<\/p>\n<p>\n  Diqq\u0259t yen\u0259 d\u0259 F\u0259tullah G\u00fcl\u0259nin \u00fcz\u0259rind\u0259 \u00e7\u0259ml\u0259\u015fib. T\u00fcrkiy\u0259 prezident R\u0259c\u0259b T\u0259yyub \u018frdo\u011fan s\u0259firi \u00f6ld\u00fcr\u0259n polisin m\u0259hz G\u00fcl\u0259n \u015f\u0259b\u0259k\u0259sin\u0259 aid oldu\u011funu bildirib. Bel\u0259 olan halda AB\u015e-la ba\u011fl\u0131 m\u00fc\u0259yy\u0259n \u015f\u00fcbh\u0259l\u0259r s\u0259sl\u0259ndirilir. \u00c7\u00fcnki G\u00fcl\u0259ni m\u00fchafiz\u0259 ed\u0259n Amerikad\u0131r. Ancaq AB\u015e-dak\u0131 dari\u0259l\u0259rin bu q\u0259tll\u0259 \u0259laq\u0259li olmas\u0131 versiyas\u0131 inand\u0131r\u0131c\u0131 deyil.\n<\/p>\n<p>\n  S\u0259firin \u00f6ld\u00fcr\u00fclm\u0259si t\u0259yyar\u0259 olay\u0131nda oldu\u011fu kimi Rusiya-T\u00fcrkiy\u0259 m\u0259nfi t\u0259sir etm\u0259di, tam \u0259ksin\u0259 Ankara Suriya m\u0259s\u0259l\u0259sind\u0259 Moskva il\u0259 anla\u015fd\u0131. Rusiya da s\u0259firinin q\u0259tlin\u0259 soyuqqanl\u0131 yana\u015fd\u0131, T\u00fcrkiy\u0259ni ittiham etm\u0259di. \u00c7\u00fcnki haz\u0131rki geosiyasi v\u0259ziyy\u0259td\u0259 Moskva Ankaran\u0131 yan\u0131nda g\u00f6rm\u0259k ist\u0259yir. Q\u0259tld\u0259n bir g\u00fcn sonra Moskvada T\u00fcrkiy\u0259nin xarici i\u015fl\u0259r v\u0259 m\u00fcdafi\u0259 naziri il\u0259 \u00e7ox konstruktiv dialoq apar\u0131ld\u0131. Rusiya-T\u00fcrkiy\u0259 yax\u0131nla\u015fmas\u0131 Va\u015finqtonun maraqlar\u0131na cavab vermir. Ona g\u00f6r\u0259 d\u0259 s\u0259firin q\u0259tlind\u0259n sonra bu yax\u0131nla\u015fman\u0131n daha da g\u00fccl\u0259n\u0259c\u0259yini\n<\/p>\n<p>\n  Amerikadak\u0131 m\u0259rk\u0259zl\u0259r proqnozla\u015fd\u0131rard\u0131lar. Bu bax\u0131mdan da AB\u015e-dak\u0131 m\u0259rk\u0259zl\u0259r Rusiya s\u0259firinin q\u0259tlind\u0259 maraql\u0131 ola bilm\u0259zdil\u0259r.\n<\/p>\n<p>\n  T\u00fcrkiy\u0259 m\u00fcxt\u0259lif t\u0259hl\u00fck\u0259l\u0259rl\u0259 \u00fcz-\u00fcz\u0259dir, PKK, YPG, PYD,DA\u0130\u015e, G\u00fcl\u0259n \u015f\u0259b\u0259k\u0259si \u2013 bunlar\u0131n ham\u0131s\u0131 T\u00fcrkiy\u0259ni h\u0259d\u0259f al\u0131b. Ona g\u00f6r\u0259 d\u0259 T\u00fcrkiy\u0259y\u0259 \u00e7\u0259tindir v\u0259 h\u0259r g\u00fcn bu \u00f6lk\u0259d\u0259 partlay\u0131\u015f v\u0259 terror aksiyas\u0131 ba\u015f verir, \u00fcst\u0259g\u0259l T\u00fcrkiy\u0259 ordusu Suriya \u0259razisind\u0259 terror\u00e7ularla \u015fidd\u0259tli d\u00f6y\u00fc\u015fl\u0259rd\u0259 i\u015ftirak edir. Rusiyan\u0131n \u00f6z\u00fc d\u0259 Suriyaya h\u0259rbi m\u00fcdaxil\u0259d\u0259n sonra beyn\u0259lxalq terror\u00e7ular\u0131n h\u0259d\u0259fi hal\u0131na g\u0259lib. Son aylarda Moskva v\u0259 Sankt-Peterburqda M\u0259rk\u0259zi Asiya m\u0259n\u015f\u0259li bir ne\u00e7\u0259 qrup terror\u00e7u z\u0259r\u0259rsizl\u0259\u015fdirildi ki, DA\u0130\u015e-\u0259 ita\u0259t ed\u0259n bu q\u00fcvv\u0259l\u0259r Rusiyan\u0131n b\u00f6y\u00fck \u015f\u0259h\u0259rl\u0259rind\u0259 terror planla\u015fd\u0131r\u0131rd\u0131lar.\n<\/p>\n<p>\n  Rusiya s\u0259firinin q\u0259tlind\u0259n sonra DA\u0130\u015e bir ne\u00e7\u0259 \u00f6lk\u0259d\u0259, o c\u00fcml\u0259d\u0259n Rusiyan\u0131n Az\u0259rbaycandak\u0131 s\u0259firliyini h\u0259d\u0259f ald\u0131\u011f\u0131n\u0131 a\u00e7\u0131qlad\u0131. DA\u0130\u015e-in bu \u201ctap\u015f\u0131r\u0131\u011f\u0131\u201d yerin\u0259 yetirm\u0259k \u00fc\u00e7\u00fcn Bak\u0131ya x\u00fcsusi d\u0259st\u0259 v\u0259 \u015f\u0259xs g\u00f6nd\u0259rm\u0259si problematikdir. Ancaq DA\u0130\u015e-in n\u0259s\u0259 etm\u0259k \u00fc\u00e7\u00fcn harasa terror\u00e7u g\u00f6nd\u0259rm\u0259si d\u0259 vacib deyil. H\u0259min d\u00f6vl\u0259tl\u0259rd\u0259 veril\u0259n tap\u015f\u0131r\u011f\u0131 yerin\u0259 yetirm\u0259yi arzulayan \u015f\u0259xs v\u0259 ya \u015f\u0259xsl\u0259r d\u0259 tap\u0131la bil\u0259r. Fransa v\u0259 Almaniyadak\u0131 ba\u015f ver\u0259n son terror aksiyalar\u0131 da bundan x\u0259b\u0259r verir. Bir s\u0131ra hallarda terror aksiyalar\u0131n\u0131 planla\u015fd\u0131ran \u015f\u0259xs v\u0259 \u015f\u0259xsl\u0259r n\u0259 Suriya v\u0259 \u0130raqda olub, n\u0259 DA\u0130\u015e-l\u0259 birba\u015fa \u0259laq\u0259si var, t\u0259\u015fkilata olan r\u0259\u011fb\u0259t hissi v\u0259 \u201cyuxar\u0131ndan verilmi\u015f \u0259mr\u201d onu v\u0259 ya onlar\u0131 cinay\u0259t\u0259 s\u00fcr\u00fckl\u0259yir. Bel\u0259l\u0259rinin bu haqda d\u00fc\u015f\u00fcnm\u0259y\u0259 ba\u015flamalar\u0131 bel\u0259 qorxunc terror plan\u0131n\u0131n h\u0259r\u0259k\u0259t\u0259 g\u0259tirilm\u0259si dem\u0259kdir. DA\u0130\u015e d\u0259 m\u0259hz uzaq m\u0259saf\u0259l\u0259rd\u0259 beyinl\u0259rd\u0259 c\u0131z\u0131lan planlara arxay\u0131nd\u0131r. Bunu biz d\u0259 n\u0259z\u0259r\u0259 almal\u0131y\u0131q.\n<\/p>\n<p>\n  <i><br \/>\n    Birincisi,<br \/>\n  <\/i><br \/>\n  Az\u0259rbaycanda t\u0259hl\u00fck\u0259sizlik t\u0259dbirl\u0259rini g\u00fccl\u0259ndirm\u0259k v\u0259 m\u00fcmk\u00fcn t\u0259hl\u00fck\u0259nin hardan g\u0259l\u0259 bil\u0259c\u0259yini m\u00fc\u0259yy\u0259nl\u0259\u015fdirm\u0259k laz\u0131md\u0131r.\n<\/p>\n<p>\n  <i><br \/>\n    \u0130kincisi,<br \/>\n  <\/i><br \/>\n  \u0259halinin diqq\u0259tli olmas\u0131d\u0131r, v\u0259t\u0259nda\u015flar \u015f\u00fcbh\u0259 dor\u011furan hallar haqq\u0131nda d\u0259rhal h\u00fcquq-m\u00fchafiz\u0259 orqanlar\u0131na m\u0259lumat verm\u0259lidirl\u0259r.\n<\/p>\n<p>\n  <i><br \/>\n    \u00dc\u00e7\u00fcnc\u00fcs\u00fc,<br \/>\n  <\/i><br \/>\n  ke\u00e7mi\u015f ill\u0259rd\u0259 Az\u0259rbaycan v\u0259t\u0259nda\u015flar\u0131n\u0131n Suriya v\u0259 \u0130raqda sava\u015fa yollanmas\u0131 s\u0259b\u0259bl\u0259ri diqq\u0259tl\u0259 ara\u015fd\u0131rmal\u0131d\u0131r.\n<\/p>\n<p>\n  M\u00fcxt\u0259lif \u00f6lk\u0259l\u0259rd\u0259 f\u0259rqli qruplar var ki, onlar d\u00fcny\u0259vi Az\u0259rbaycan\u0131n daxili v\u0259 xarici siyas\u0259tind\u0259n naraz\u0131d\u0131rlar v\u0259 Az\u0259rbaycan\u0131 i\u00e7\u0259rid\u0259n qar\u0131\u015fd\u0131rmaq \u00fc\u00e7\u00fcn ist\u0259nil\u0259n plan t\u0259rtib ed\u0259 bil\u0259rl\u0259r. M\u0259s\u0259l\u0259n, \u0130srailin ba\u015f naziri Benyamin Netanyahunun Az\u0259rbaycana r\u0259smi s\u0259f\u0259ri bir \u00e7ox radikal islam\u00e7\u0131 qrupun v\u0259 onlar\u0131n d\u0259st\u0259k\u00e7il\u0259rinin xo\u015funa g\u0259lm\u0259di. Ona g\u00f6r\u0259 d\u0259 m\u00fcmk\u00fcn naraz\u0131 qruplar\u0131n Az\u0259rbaycana m\u00fcdaxil\u0259 imkanlar\u0131n\u0131 neytralla\u015fd\u0131rmas\u0131 m\u0259s\u0259l\u0259si aktualla\u015f\u0131r.\n<\/p>\n<p>\n  <b><br \/>\n    <i><br \/>\n      \u201cAtlas\u201d Ara\u015fd\u0131rmalar M\u0259rk\u0259zi<br \/>\n    <\/i><br \/>\n  <\/b><\/p>\n","protected":false},"excerpt":{"rendered":"<p>foto sosial \u015f\u0259b\u0259k\u0259 Rusiyan\u0131n Ankaradak\u0131 s\u0259firi Andrey Karlovun q\u0259tli il\u0259 &#8230; <\/p>\n<p class=\"read-more-container\"><a title=\"Terror t\u0259hl\u00fck\u0259sini \u00f6nl\u0259m\u0259k m\u00fcmk\u00fcnd\u00fcr(m\u00fc?)\" class=\"read-more button\" href=\"https:\/\/www.meydan.tv\/az\/article\/terror-tehlukesini-onlemek-mumkundurmu\/#more-181433\" aria-label=\"Read more about Terror t\u0259hl\u00fck\u0259sini \u00f6nl\u0259m\u0259k m\u00fcmk\u00fcnd\u00fcr(m\u00fc?)\">Davam\u0131<\/a><\/p>\n","protected":false},"author":11,"featured_media":76042,"comment_status":"closed","ping_status":"open","sticky":false,"template":"","format":"standard","meta":{"_acf_changed":false,"_sitemap_exclude":false,"_sitemap_priority":"","_sitemap_frequency":"","footnotes":""},"categories":[51],"tags":[],"class_list":["post-181433","post","type-post","status-publish","format-standard","has-post-thumbnail","hentry","category-analitika","infinite-scroll-item","generate-columns","tablet-grid-50","mobile-grid-100","grid-parent","grid-33","no-featured-image-padding"],"acf":[],"yoast_head":"<!-- This site is optimized with the Yoast SEO plugin v27.5 - https:\/\/yoast.com\/product\/yoast-seo-wordpress\/ -->\n<title>Terror t\u0259hl\u00fck\u0259sini \u00f6nl\u0259m\u0259k m\u00fcmk\u00fcnd\u00fcr(m\u00fc?) - MEYDAN.TV<\/title>\n<meta name=\"robots\" content=\"index, follow, max-snippet:-1, max-image-preview:large, max-video-preview:-1\" \/>\n<link rel=\"canonical\" href=\"https:\/\/www.meydan.tv\/az\/article\/terror-tehlukesini-onlemek-mumkundurmu\/\" \/>\n<meta property=\"og:locale\" content=\"az_AZ\" \/>\n<meta property=\"og:type\" content=\"article\" \/>\n<meta property=\"og:title\" content=\"Terror t\u0259hl\u00fck\u0259sini \u00f6nl\u0259m\u0259k m\u00fcmk\u00fcnd\u00fcr(m\u00fc?) - MEYDAN.TV\" \/>\n<meta property=\"og:description\" content=\"foto sosial \u015f\u0259b\u0259k\u0259 Rusiyan\u0131n Ankaradak\u0131 s\u0259firi Andrey Karlovun q\u0259tli il\u0259 ... Davam\u0131\" \/>\n<meta property=\"og:url\" content=\"https:\/\/www.meydan.tv\/az\/article\/terror-tehlukesini-onlemek-mumkundurmu\/\" \/>\n<meta property=\"og:site_name\" content=\"MEYDAN.TV\" \/>\n<meta property=\"article:published_time\" content=\"2016-12-23T12:57:48+00:00\" \/>\n<meta property=\"og:image\" content=\"https:\/\/www.meydan.tv\/wp-content\/uploads\/29428.jpg\" \/>\n\t<meta property=\"og:image:width\" content=\"583\" \/>\n\t<meta property=\"og:image:height\" content=\"500\" \/>\n\t<meta property=\"og:image:type\" content=\"image\/jpeg\" \/>\n<meta name=\"author\" content=\"user-manager\" \/>\n<meta name=\"twitter:card\" content=\"summary_large_image\" \/>\n<script type=\"application\/ld+json\" class=\"yoast-schema-graph\">{\"@context\":\"https:\\\/\\\/schema.org\",\"@graph\":[{\"@type\":\"Article\",\"@id\":\"https:\\\/\\\/www.meydan.tv\\\/az\\\/article\\\/terror-tehlukesini-onlemek-mumkundurmu\\\/#article\",\"isPartOf\":{\"@id\":\"https:\\\/\\\/www.meydan.tv\\\/az\\\/article\\\/terror-tehlukesini-onlemek-mumkundurmu\\\/\"},\"author\":{\"name\":\"user-manager\",\"@id\":\"https:\\\/\\\/www.meydan.tv\\\/az\\\/#\\\/schema\\\/person\\\/10d11eccf6da3662cf5fdab9806ea91a\"},\"headline\":\"Terror t\u0259hl\u00fck\u0259sini \u00f6nl\u0259m\u0259k m\u00fcmk\u00fcnd\u00fcr(m\u00fc?)\",\"datePublished\":\"2016-12-23T12:57:48+00:00\",\"mainEntityOfPage\":{\"@id\":\"https:\\\/\\\/www.meydan.tv\\\/az\\\/article\\\/terror-tehlukesini-onlemek-mumkundurmu\\\/\"},\"wordCount\":954,\"publisher\":{\"@id\":\"https:\\\/\\\/www.meydan.tv\\\/az\\\/#organization\"},\"image\":{\"@id\":\"https:\\\/\\\/www.meydan.tv\\\/az\\\/article\\\/terror-tehlukesini-onlemek-mumkundurmu\\\/#primaryimage\"},\"thumbnailUrl\":\"https:\\\/\\\/www.meydan.tv\\\/wp-content\\\/uploads\\\/29428.jpg\",\"articleSection\":[\"Analitika\"],\"inLanguage\":\"az\"},{\"@type\":\"WebPage\",\"@id\":\"https:\\\/\\\/www.meydan.tv\\\/az\\\/article\\\/terror-tehlukesini-onlemek-mumkundurmu\\\/\",\"url\":\"https:\\\/\\\/www.meydan.tv\\\/az\\\/article\\\/terror-tehlukesini-onlemek-mumkundurmu\\\/\",\"name\":\"Terror t\u0259hl\u00fck\u0259sini \u00f6nl\u0259m\u0259k m\u00fcmk\u00fcnd\u00fcr(m\u00fc?) - MEYDAN.TV\",\"isPartOf\":{\"@id\":\"https:\\\/\\\/www.meydan.tv\\\/az\\\/#website\"},\"primaryImageOfPage\":{\"@id\":\"https:\\\/\\\/www.meydan.tv\\\/az\\\/article\\\/terror-tehlukesini-onlemek-mumkundurmu\\\/#primaryimage\"},\"image\":{\"@id\":\"https:\\\/\\\/www.meydan.tv\\\/az\\\/article\\\/terror-tehlukesini-onlemek-mumkundurmu\\\/#primaryimage\"},\"thumbnailUrl\":\"https:\\\/\\\/www.meydan.tv\\\/wp-content\\\/uploads\\\/29428.jpg\",\"datePublished\":\"2016-12-23T12:57:48+00:00\",\"breadcrumb\":{\"@id\":\"https:\\\/\\\/www.meydan.tv\\\/az\\\/article\\\/terror-tehlukesini-onlemek-mumkundurmu\\\/#breadcrumb\"},\"inLanguage\":\"az\",\"potentialAction\":[{\"@type\":\"ReadAction\",\"target\":[\"https:\\\/\\\/www.meydan.tv\\\/az\\\/article\\\/terror-tehlukesini-onlemek-mumkundurmu\\\/\"]}]},{\"@type\":\"ImageObject\",\"inLanguage\":\"az\",\"@id\":\"https:\\\/\\\/www.meydan.tv\\\/az\\\/article\\\/terror-tehlukesini-onlemek-mumkundurmu\\\/#primaryimage\",\"url\":\"https:\\\/\\\/www.meydan.tv\\\/wp-content\\\/uploads\\\/29428.jpg\",\"contentUrl\":\"https:\\\/\\\/www.meydan.tv\\\/wp-content\\\/uploads\\\/29428.jpg\",\"width\":583,\"height\":500,\"caption\":\"Source:\"},{\"@type\":\"BreadcrumbList\",\"@id\":\"https:\\\/\\\/www.meydan.tv\\\/az\\\/article\\\/terror-tehlukesini-onlemek-mumkundurmu\\\/#breadcrumb\",\"itemListElement\":[{\"@type\":\"ListItem\",\"position\":1,\"name\":\"Ana s\u0259hif\u0259\",\"item\":\"https:\\\/\\\/www.meydan.tv\\\/az\\\/\"},{\"@type\":\"ListItem\",\"position\":2,\"name\":\"Analitika\",\"item\":\"https:\\\/\\\/www.meydan.tv\\\/az\\\/section\\\/analitika\\\/\"},{\"@type\":\"ListItem\",\"position\":3,\"name\":\"Terror t\u0259hl\u00fck\u0259sini \u00f6nl\u0259m\u0259k m\u00fcmk\u00fcnd\u00fcr(m\u00fc?)\"}]},{\"@type\":\"WebSite\",\"@id\":\"https:\\\/\\\/www.meydan.tv\\\/az\\\/#website\",\"url\":\"https:\\\/\\\/www.meydan.tv\\\/az\\\/\",\"name\":\"MEYDAN.TV\",\"description\":\"Meydan TV Az\u0259rbaycan\u0131n media m\u0259kan\u0131ndak\u0131 alternativ s\u0259sidir\",\"publisher\":{\"@id\":\"https:\\\/\\\/www.meydan.tv\\\/az\\\/#organization\"},\"potentialAction\":[{\"@type\":\"SearchAction\",\"target\":{\"@type\":\"EntryPoint\",\"urlTemplate\":\"https:\\\/\\\/www.meydan.tv\\\/az\\\/?s={search_term_string}\"},\"query-input\":{\"@type\":\"PropertyValueSpecification\",\"valueRequired\":true,\"valueName\":\"search_term_string\"}}],\"inLanguage\":\"az\"},{\"@type\":\"Organization\",\"@id\":\"https:\\\/\\\/www.meydan.tv\\\/az\\\/#organization\",\"name\":\"Meydan TV\",\"url\":\"https:\\\/\\\/www.meydan.tv\\\/az\\\/\",\"logo\":{\"@type\":\"ImageObject\",\"inLanguage\":\"az\",\"@id\":\"https:\\\/\\\/www.meydan.tv\\\/az\\\/#\\\/schema\\\/logo\\\/image\\\/\",\"url\":\"https:\\\/\\\/www.meydan.tv\\\/wp-content\\\/uploads\\\/2021\\\/07\\\/meydan-logo.svg\",\"contentUrl\":\"https:\\\/\\\/www.meydan.tv\\\/wp-content\\\/uploads\\\/2021\\\/07\\\/meydan-logo.svg\",\"width\":195,\"height\":46,\"caption\":\"Meydan TV\"},\"image\":{\"@id\":\"https:\\\/\\\/www.meydan.tv\\\/az\\\/#\\\/schema\\\/logo\\\/image\\\/\"}},{\"@type\":\"Person\",\"@id\":\"https:\\\/\\\/www.meydan.tv\\\/az\\\/#\\\/schema\\\/person\\\/10d11eccf6da3662cf5fdab9806ea91a\",\"name\":\"user-manager\"}]}<\/script>\n<!-- \/ Yoast SEO plugin. -->","yoast_head_json":{"title":"Terror t\u0259hl\u00fck\u0259sini \u00f6nl\u0259m\u0259k m\u00fcmk\u00fcnd\u00fcr(m\u00fc?) - MEYDAN.TV","robots":{"index":"index","follow":"follow","max-snippet":"max-snippet:-1","max-image-preview":"max-image-preview:large","max-video-preview":"max-video-preview:-1"},"canonical":"https:\/\/www.meydan.tv\/az\/article\/terror-tehlukesini-onlemek-mumkundurmu\/","og_locale":"az_AZ","og_type":"article","og_title":"Terror t\u0259hl\u00fck\u0259sini \u00f6nl\u0259m\u0259k m\u00fcmk\u00fcnd\u00fcr(m\u00fc?) - MEYDAN.TV","og_description":"foto sosial \u015f\u0259b\u0259k\u0259 Rusiyan\u0131n Ankaradak\u0131 s\u0259firi Andrey Karlovun q\u0259tli il\u0259 ... Davam\u0131","og_url":"https:\/\/www.meydan.tv\/az\/article\/terror-tehlukesini-onlemek-mumkundurmu\/","og_site_name":"MEYDAN.TV","article_published_time":"2016-12-23T12:57:48+00:00","og_image":[{"width":583,"height":500,"url":"https:\/\/www.meydan.tv\/wp-content\/uploads\/29428.jpg","type":"image\/jpeg"}],"author":"user-manager","twitter_card":"summary_large_image","schema":{"@context":"https:\/\/schema.org","@graph":[{"@type":"Article","@id":"https:\/\/www.meydan.tv\/az\/article\/terror-tehlukesini-onlemek-mumkundurmu\/#article","isPartOf":{"@id":"https:\/\/www.meydan.tv\/az\/article\/terror-tehlukesini-onlemek-mumkundurmu\/"},"author":{"name":"user-manager","@id":"https:\/\/www.meydan.tv\/az\/#\/schema\/person\/10d11eccf6da3662cf5fdab9806ea91a"},"headline":"Terror t\u0259hl\u00fck\u0259sini \u00f6nl\u0259m\u0259k m\u00fcmk\u00fcnd\u00fcr(m\u00fc?)","datePublished":"2016-12-23T12:57:48+00:00","mainEntityOfPage":{"@id":"https:\/\/www.meydan.tv\/az\/article\/terror-tehlukesini-onlemek-mumkundurmu\/"},"wordCount":954,"publisher":{"@id":"https:\/\/www.meydan.tv\/az\/#organization"},"image":{"@id":"https:\/\/www.meydan.tv\/az\/article\/terror-tehlukesini-onlemek-mumkundurmu\/#primaryimage"},"thumbnailUrl":"https:\/\/www.meydan.tv\/wp-content\/uploads\/29428.jpg","articleSection":["Analitika"],"inLanguage":"az"},{"@type":"WebPage","@id":"https:\/\/www.meydan.tv\/az\/article\/terror-tehlukesini-onlemek-mumkundurmu\/","url":"https:\/\/www.meydan.tv\/az\/article\/terror-tehlukesini-onlemek-mumkundurmu\/","name":"Terror t\u0259hl\u00fck\u0259sini \u00f6nl\u0259m\u0259k m\u00fcmk\u00fcnd\u00fcr(m\u00fc?) - MEYDAN.TV","isPartOf":{"@id":"https:\/\/www.meydan.tv\/az\/#website"},"primaryImageOfPage":{"@id":"https:\/\/www.meydan.tv\/az\/article\/terror-tehlukesini-onlemek-mumkundurmu\/#primaryimage"},"image":{"@id":"https:\/\/www.meydan.tv\/az\/article\/terror-tehlukesini-onlemek-mumkundurmu\/#primaryimage"},"thumbnailUrl":"https:\/\/www.meydan.tv\/wp-content\/uploads\/29428.jpg","datePublished":"2016-12-23T12:57:48+00:00","breadcrumb":{"@id":"https:\/\/www.meydan.tv\/az\/article\/terror-tehlukesini-onlemek-mumkundurmu\/#breadcrumb"},"inLanguage":"az","potentialAction":[{"@type":"ReadAction","target":["https:\/\/www.meydan.tv\/az\/article\/terror-tehlukesini-onlemek-mumkundurmu\/"]}]},{"@type":"ImageObject","inLanguage":"az","@id":"https:\/\/www.meydan.tv\/az\/article\/terror-tehlukesini-onlemek-mumkundurmu\/#primaryimage","url":"https:\/\/www.meydan.tv\/wp-content\/uploads\/29428.jpg","contentUrl":"https:\/\/www.meydan.tv\/wp-content\/uploads\/29428.jpg","width":583,"height":500,"caption":"Source:"},{"@type":"BreadcrumbList","@id":"https:\/\/www.meydan.tv\/az\/article\/terror-tehlukesini-onlemek-mumkundurmu\/#breadcrumb","itemListElement":[{"@type":"ListItem","position":1,"name":"Ana s\u0259hif\u0259","item":"https:\/\/www.meydan.tv\/az\/"},{"@type":"ListItem","position":2,"name":"Analitika","item":"https:\/\/www.meydan.tv\/az\/section\/analitika\/"},{"@type":"ListItem","position":3,"name":"Terror t\u0259hl\u00fck\u0259sini \u00f6nl\u0259m\u0259k m\u00fcmk\u00fcnd\u00fcr(m\u00fc?)"}]},{"@type":"WebSite","@id":"https:\/\/www.meydan.tv\/az\/#website","url":"https:\/\/www.meydan.tv\/az\/","name":"MEYDAN.TV","description":"Meydan TV Az\u0259rbaycan\u0131n media m\u0259kan\u0131ndak\u0131 alternativ s\u0259sidir","publisher":{"@id":"https:\/\/www.meydan.tv\/az\/#organization"},"potentialAction":[{"@type":"SearchAction","target":{"@type":"EntryPoint","urlTemplate":"https:\/\/www.meydan.tv\/az\/?s={search_term_string}"},"query-input":{"@type":"PropertyValueSpecification","valueRequired":true,"valueName":"search_term_string"}}],"inLanguage":"az"},{"@type":"Organization","@id":"https:\/\/www.meydan.tv\/az\/#organization","name":"Meydan TV","url":"https:\/\/www.meydan.tv\/az\/","logo":{"@type":"ImageObject","inLanguage":"az","@id":"https:\/\/www.meydan.tv\/az\/#\/schema\/logo\/image\/","url":"https:\/\/www.meydan.tv\/wp-content\/uploads\/2021\/07\/meydan-logo.svg","contentUrl":"https:\/\/www.meydan.tv\/wp-content\/uploads\/2021\/07\/meydan-logo.svg","width":195,"height":46,"caption":"Meydan TV"},"image":{"@id":"https:\/\/www.meydan.tv\/az\/#\/schema\/logo\/image\/"}},{"@type":"Person","@id":"https:\/\/www.meydan.tv\/az\/#\/schema\/person\/10d11eccf6da3662cf5fdab9806ea91a","name":"user-manager"}]}},"_links":{"self":[{"href":"https:\/\/www.meydan.tv\/az\/wp-json\/wp\/v2\/posts\/181433","targetHints":{"allow":["GET"]}}],"collection":[{"href":"https:\/\/www.meydan.tv\/az\/wp-json\/wp\/v2\/posts"}],"about":[{"href":"https:\/\/www.meydan.tv\/az\/wp-json\/wp\/v2\/types\/post"}],"author":[{"embeddable":true,"href":"https:\/\/www.meydan.tv\/az\/wp-json\/wp\/v2\/users\/11"}],"replies":[{"embeddable":true,"href":"https:\/\/www.meydan.tv\/az\/wp-json\/wp\/v2\/comments?post=181433"}],"version-history":[{"count":0,"href":"https:\/\/www.meydan.tv\/az\/wp-json\/wp\/v2\/posts\/181433\/revisions"}],"wp:featuredmedia":[{"embeddable":true,"href":"https:\/\/www.meydan.tv\/az\/wp-json\/wp\/v2\/media\/76042"}],"wp:attachment":[{"href":"https:\/\/www.meydan.tv\/az\/wp-json\/wp\/v2\/media?parent=181433"}],"wp:term":[{"taxonomy":"category","embeddable":true,"href":"https:\/\/www.meydan.tv\/az\/wp-json\/wp\/v2\/categories?post=181433"},{"taxonomy":"post_tag","embeddable":true,"href":"https:\/\/www.meydan.tv\/az\/wp-json\/wp\/v2\/tags?post=181433"}],"curies":[{"name":"wp","href":"https:\/\/api.w.org\/{rel}","templated":true}]}}