{"id":181422,"date":"2016-12-22T17:23:38","date_gmt":"2016-12-22T17:23:38","guid":{"rendered":"https:\/\/www.meydan.tv\/article\/qadir-ibrahimli-binalarin-kocurulmesi-plandan-basqa-bir-sey-deyil\/"},"modified":"2016-12-22T17:23:38","modified_gmt":"2016-12-22T17:23:38","slug":"qadir-ibrahimli-binalarin-kocurulmesi-plandan-basqa-bir-sey-deyil","status":"publish","type":"post","link":"https:\/\/www.meydan.tv\/az\/article\/qadir-ibrahimli-binalarin-kocurulmesi-plandan-basqa-bir-sey-deyil\/","title":{"rendered":"Qadir \u0130brahimli: Binalar\u0131n k\u00f6\u00e7\u00fcr\u00fclm\u0259si plandan ba\u015fqa bir \u015fey deyil"},"content":{"rendered":"<figure class=\"wp-block-image size-large\">\n  <img decoding=\"async\" src=\"https:\/\/www.meydan.tv\/az\/66174\/\" alt=\"\" class=\"wp-image-66174\"\/><figcaption><\/figcaption><\/figure>\n<figure class=\"wp-block-image size-large\">\n  <img decoding=\"async\" src=\"https:\/\/www.meydan.tv\/az\/66174\/\" alt=\"\" class=\"wp-image-66174\"\/><figcaption>\n    Qadir \u0130brahimli<br \/>\n  <\/figcaption><\/figure>\n<p>\n  <i><br \/>\n    &#8221;Qar\u015f\u0131dak\u0131 2 ild\u0259 Az\u0259rbaycan iqtisadiyyat\u0131n\u0131 b\u00f6hran g\u00f6zl\u0259yir&#8221;<br \/>\n  <\/i>\n<\/p>\n<p>\n  &#8220;2035-ci il\u0259d\u0259k 121 min 919 binan\u0131n k\u00f6\u00e7\u00fcr\u00fclm\u0259si n\u0259z\u0259riyy\u0259 v\u0259 plandan ba\u015fqa bir \u015fey deyil. Plan\u0131n ger\u00e7\u0259kl\u0259\u015fm\u0259si \u00fc\u00e7\u00fcn maliyy\u0259 v\u0259saitinin olub-olmamas\u0131 ba\u015fqa m\u0259s\u0259l\u0259dir&#8221;.\n<\/p>\n<p>\n  Bu fikirl\u0259ri Meydan TV-y\u0259 a\u00e7\u0131qlamas\u0131nda iqtisad\u00e7\u0131 Qadir \u0130brahimli deyib. O, g\u00fcman edir ki, bunlar h\u00f6kum\u0259tin arzular\u0131d\u0131r:\n<\/p>\n<p>\n  &#8220;Ancaq h\u00f6kum\u0259tin arzular\u0131n\u0131n hans\u0131 s\u0259viyy\u0259d\u0259 ger\u00e7\u0259kl\u0259\u015fdirm\u0259sini zaman g\u00f6st\u0259r\u0259c\u0259k. \u00dcmumiyy\u0259tl\u0259, bu plan\u0131n ger\u00e7\u0259kl\u0259\u015fm\u0259sinin \u00f6z\u00fc b\u00f6y\u00fck sual alt\u0131ndad\u0131r&#8221;.\n<\/p>\n<p>\n  \u0130qtisad\u00e7\u0131 hesab edir ki, h\u00f6kum\u0259t yax\u0131n 1-3 il \u00fc\u00e7\u00fcn \u0259sasl\u0131 proqnozlar\u0131 t\u0259rtib ed\u0259 bilmirs\u0259, 20 il sonraya planlar t\u0259rtib etm\u0259si anla\u015f\u0131lmazd\u0131r: &#8220;Qar\u015f\u0131dak\u0131 2 ild\u0259 Az\u0259rbaycan iqtisadiyyat\u0131n\u0131 b\u00f6hran g\u00f6zl\u0259yir. Yax\u015f\u0131 olard\u0131, h\u00f6kum\u0259t texnoloqlar\u0131 b\u00f6hrandan \u00e7\u0131xmaq paketini haz\u0131rlayard\u0131lar&#8221;.\n<\/p>\n<p>\n  Bak\u0131 D\u00f6vl\u0259t Layih\u0259 \u0130nstitutunun direktoru \u0130lqar \u0130sbatov jurnalistl\u0259r\u0259 bildirib ki, 2035-ci il\u0259d\u0259k Bak\u0131da 121 min 919 bina k\u00f6\u00e7\u00fcr\u00fcl\u0259c\u0259k. K\u00f6\u00e7\u00fcr\u00fclm\u0259 Bak\u0131 \u015f\u0259h\u0259rinin \u018frazid\u0259n \u0130stifad\u0259 v\u0259 Zonalla\u015fd\u0131rma Plan\u0131na (ba\u015f plan) \u0259sas\u0259n h\u0259yata ke\u00e7iril\u0259c\u0259k.\n<\/p>\n<p>\n  Ya\u015fay\u0131\u015f \u0259razil\u0259rinin yenid\u0259n qurulmas\u0131na g\u00f6r\u0259 45 076, yollar\u0131n yenid\u0259n qurulmas\u0131 s\u0259b\u0259bind\u0259n 20 640, yeni sal\u0131nacaq yollara g\u00f6r\u0259 is\u0259 16 553 bina k\u00f6\u00e7\u00fcr\u00fcl\u0259c\u0259k:\n<\/p>\n<p>\n  \u201cD\u0259mir yollar\u0131n\u0131n sanitar-m\u00fchafiz\u0259 zonalar\u0131na g\u00f6r\u0259 9 109, t\u0259bii f\u0259lak\u0259t riski olan \u0259razil\u0259r s\u0259b\u0259bil\u0259 1089, d\u00f6vl\u0259t \u0259h\u0259miyy\u0259tli obyektl\u0259rin tikintisin\u0259 g\u00f6r\u0259 15 025, m\u00fch\u0259ndis x\u0259tl\u0259rinin sanitar-m\u00fchafiz\u0259 s\u0259b\u0259bind\u0259n 1 374, su h\u00f6vz\u0259l\u0259rinin sanitar-m\u00fchafiz\u0259 zonalar\u0131na g\u00f6r\u0259 3 342, dig\u0259r s\u0259b\u0259bl\u0259rl\u0259 \u0259laq\u0259dar is\u0259 9 711 bina k\u00f6\u00e7\u00fcr\u00fcl\u0259c\u0259k\u201d.\n<\/p><\/p>\n","protected":false},"excerpt":{"rendered":"<p>&#8221;Qar\u015f\u0131dak\u0131 2 ild\u0259 Az\u0259rbaycan iqtisadiyyat\u0131n\u0131 b\u00f6hran g\u00f6zl\u0259yir&#8221;<\/p>\n","protected":false},"author":11,"featured_media":66174,"comment_status":"closed","ping_status":"open","sticky":false,"template":"","format":"standard","meta":{"_acf_changed":false,"_sitemap_exclude":false,"_sitemap_priority":"","_sitemap_frequency":"","footnotes":""},"categories":[51],"tags":[],"class_list":["post-181422","post","type-post","status-publish","format-standard","has-post-thumbnail","hentry","category-analitika","infinite-scroll-item","generate-columns","tablet-grid-50","mobile-grid-100","grid-parent","grid-33","no-featured-image-padding"],"acf":[],"yoast_head":"<!-- This site is optimized with the Yoast SEO plugin v27.5 - https:\/\/yoast.com\/product\/yoast-seo-wordpress\/ -->\n<title>Qadir \u0130brahimli: Binalar\u0131n k\u00f6\u00e7\u00fcr\u00fclm\u0259si plandan ba\u015fqa bir \u015fey deyil - MEYDAN.TV<\/title>\n<meta name=\"robots\" content=\"index, follow, max-snippet:-1, max-image-preview:large, max-video-preview:-1\" \/>\n<link rel=\"canonical\" href=\"https:\/\/www.meydan.tv\/az\/article\/qadir-ibrahimli-binalarin-kocurulmesi-plandan-basqa-bir-sey-deyil\/\" \/>\n<meta property=\"og:locale\" content=\"az_AZ\" \/>\n<meta property=\"og:type\" content=\"article\" \/>\n<meta property=\"og:title\" content=\"Qadir \u0130brahimli: Binalar\u0131n k\u00f6\u00e7\u00fcr\u00fclm\u0259si plandan ba\u015fqa bir \u015fey deyil - MEYDAN.TV\" \/>\n<meta property=\"og:description\" content=\"&#039;&#039;Qar\u015f\u0131dak\u0131 2 ild\u0259 Az\u0259rbaycan iqtisadiyyat\u0131n\u0131 b\u00f6hran g\u00f6zl\u0259yir&#039;&#039;\" \/>\n<meta property=\"og:url\" content=\"https:\/\/www.meydan.tv\/az\/article\/qadir-ibrahimli-binalarin-kocurulmesi-plandan-basqa-bir-sey-deyil\/\" \/>\n<meta property=\"og:site_name\" content=\"MEYDAN.TV\" \/>\n<meta property=\"article:published_time\" content=\"2016-12-22T17:23:38+00:00\" \/>\n<meta property=\"og:image\" content=\"https:\/\/www.meydan.tv\/wp-content\/uploads\/25265.jpg\" \/>\n\t<meta property=\"og:image:width\" content=\"539\" \/>\n\t<meta property=\"og:image:height\" content=\"466\" \/>\n\t<meta property=\"og:image:type\" content=\"image\/jpeg\" \/>\n<meta name=\"author\" content=\"user-manager\" \/>\n<meta name=\"twitter:card\" content=\"summary_large_image\" \/>\n<script type=\"application\/ld+json\" class=\"yoast-schema-graph\">{\"@context\":\"https:\\\/\\\/schema.org\",\"@graph\":[{\"@type\":\"Article\",\"@id\":\"https:\\\/\\\/www.meydan.tv\\\/az\\\/article\\\/qadir-ibrahimli-binalarin-kocurulmesi-plandan-basqa-bir-sey-deyil\\\/#article\",\"isPartOf\":{\"@id\":\"https:\\\/\\\/www.meydan.tv\\\/az\\\/article\\\/qadir-ibrahimli-binalarin-kocurulmesi-plandan-basqa-bir-sey-deyil\\\/\"},\"author\":{\"name\":\"user-manager\",\"@id\":\"https:\\\/\\\/www.meydan.tv\\\/az\\\/#\\\/schema\\\/person\\\/10d11eccf6da3662cf5fdab9806ea91a\"},\"headline\":\"Qadir \u0130brahimli: Binalar\u0131n k\u00f6\u00e7\u00fcr\u00fclm\u0259si plandan ba\u015fqa bir \u015fey deyil\",\"datePublished\":\"2016-12-22T17:23:38+00:00\",\"mainEntityOfPage\":{\"@id\":\"https:\\\/\\\/www.meydan.tv\\\/az\\\/article\\\/qadir-ibrahimli-binalarin-kocurulmesi-plandan-basqa-bir-sey-deyil\\\/\"},\"wordCount\":336,\"publisher\":{\"@id\":\"https:\\\/\\\/www.meydan.tv\\\/az\\\/#organization\"},\"image\":{\"@id\":\"https:\\\/\\\/www.meydan.tv\\\/az\\\/article\\\/qadir-ibrahimli-binalarin-kocurulmesi-plandan-basqa-bir-sey-deyil\\\/#primaryimage\"},\"thumbnailUrl\":\"https:\\\/\\\/www.meydan.tv\\\/wp-content\\\/uploads\\\/25265.jpg\",\"articleSection\":[\"Analitika\"],\"inLanguage\":\"az\"},{\"@type\":\"WebPage\",\"@id\":\"https:\\\/\\\/www.meydan.tv\\\/az\\\/article\\\/qadir-ibrahimli-binalarin-kocurulmesi-plandan-basqa-bir-sey-deyil\\\/\",\"url\":\"https:\\\/\\\/www.meydan.tv\\\/az\\\/article\\\/qadir-ibrahimli-binalarin-kocurulmesi-plandan-basqa-bir-sey-deyil\\\/\",\"name\":\"Qadir \u0130brahimli: Binalar\u0131n k\u00f6\u00e7\u00fcr\u00fclm\u0259si plandan ba\u015fqa bir \u015fey deyil - MEYDAN.TV\",\"isPartOf\":{\"@id\":\"https:\\\/\\\/www.meydan.tv\\\/az\\\/#website\"},\"primaryImageOfPage\":{\"@id\":\"https:\\\/\\\/www.meydan.tv\\\/az\\\/article\\\/qadir-ibrahimli-binalarin-kocurulmesi-plandan-basqa-bir-sey-deyil\\\/#primaryimage\"},\"image\":{\"@id\":\"https:\\\/\\\/www.meydan.tv\\\/az\\\/article\\\/qadir-ibrahimli-binalarin-kocurulmesi-plandan-basqa-bir-sey-deyil\\\/#primaryimage\"},\"thumbnailUrl\":\"https:\\\/\\\/www.meydan.tv\\\/wp-content\\\/uploads\\\/25265.jpg\",\"datePublished\":\"2016-12-22T17:23:38+00:00\",\"breadcrumb\":{\"@id\":\"https:\\\/\\\/www.meydan.tv\\\/az\\\/article\\\/qadir-ibrahimli-binalarin-kocurulmesi-plandan-basqa-bir-sey-deyil\\\/#breadcrumb\"},\"inLanguage\":\"az\",\"potentialAction\":[{\"@type\":\"ReadAction\",\"target\":[\"https:\\\/\\\/www.meydan.tv\\\/az\\\/article\\\/qadir-ibrahimli-binalarin-kocurulmesi-plandan-basqa-bir-sey-deyil\\\/\"]}]},{\"@type\":\"ImageObject\",\"inLanguage\":\"az\",\"@id\":\"https:\\\/\\\/www.meydan.tv\\\/az\\\/article\\\/qadir-ibrahimli-binalarin-kocurulmesi-plandan-basqa-bir-sey-deyil\\\/#primaryimage\",\"url\":\"https:\\\/\\\/www.meydan.tv\\\/wp-content\\\/uploads\\\/25265.jpg\",\"contentUrl\":\"https:\\\/\\\/www.meydan.tv\\\/wp-content\\\/uploads\\\/25265.jpg\",\"width\":539,\"height\":466,\"caption\":\"Source:\"},{\"@type\":\"BreadcrumbList\",\"@id\":\"https:\\\/\\\/www.meydan.tv\\\/az\\\/article\\\/qadir-ibrahimli-binalarin-kocurulmesi-plandan-basqa-bir-sey-deyil\\\/#breadcrumb\",\"itemListElement\":[{\"@type\":\"ListItem\",\"position\":1,\"name\":\"Ana s\u0259hif\u0259\",\"item\":\"https:\\\/\\\/www.meydan.tv\\\/az\\\/\"},{\"@type\":\"ListItem\",\"position\":2,\"name\":\"Analitika\",\"item\":\"https:\\\/\\\/www.meydan.tv\\\/az\\\/section\\\/analitika\\\/\"},{\"@type\":\"ListItem\",\"position\":3,\"name\":\"Qadir \u0130brahimli: Binalar\u0131n k\u00f6\u00e7\u00fcr\u00fclm\u0259si plandan ba\u015fqa bir \u015fey deyil\"}]},{\"@type\":\"WebSite\",\"@id\":\"https:\\\/\\\/www.meydan.tv\\\/az\\\/#website\",\"url\":\"https:\\\/\\\/www.meydan.tv\\\/az\\\/\",\"name\":\"MEYDAN.TV\",\"description\":\"Meydan TV Az\u0259rbaycan\u0131n media m\u0259kan\u0131ndak\u0131 alternativ s\u0259sidir\",\"publisher\":{\"@id\":\"https:\\\/\\\/www.meydan.tv\\\/az\\\/#organization\"},\"potentialAction\":[{\"@type\":\"SearchAction\",\"target\":{\"@type\":\"EntryPoint\",\"urlTemplate\":\"https:\\\/\\\/www.meydan.tv\\\/az\\\/?s={search_term_string}\"},\"query-input\":{\"@type\":\"PropertyValueSpecification\",\"valueRequired\":true,\"valueName\":\"search_term_string\"}}],\"inLanguage\":\"az\"},{\"@type\":\"Organization\",\"@id\":\"https:\\\/\\\/www.meydan.tv\\\/az\\\/#organization\",\"name\":\"Meydan TV\",\"url\":\"https:\\\/\\\/www.meydan.tv\\\/az\\\/\",\"logo\":{\"@type\":\"ImageObject\",\"inLanguage\":\"az\",\"@id\":\"https:\\\/\\\/www.meydan.tv\\\/az\\\/#\\\/schema\\\/logo\\\/image\\\/\",\"url\":\"https:\\\/\\\/www.meydan.tv\\\/wp-content\\\/uploads\\\/2021\\\/07\\\/meydan-logo.svg\",\"contentUrl\":\"https:\\\/\\\/www.meydan.tv\\\/wp-content\\\/uploads\\\/2021\\\/07\\\/meydan-logo.svg\",\"width\":195,\"height\":46,\"caption\":\"Meydan TV\"},\"image\":{\"@id\":\"https:\\\/\\\/www.meydan.tv\\\/az\\\/#\\\/schema\\\/logo\\\/image\\\/\"}},{\"@type\":\"Person\",\"@id\":\"https:\\\/\\\/www.meydan.tv\\\/az\\\/#\\\/schema\\\/person\\\/10d11eccf6da3662cf5fdab9806ea91a\",\"name\":\"user-manager\"}]}<\/script>\n<!-- \/ Yoast SEO plugin. -->","yoast_head_json":{"title":"Qadir \u0130brahimli: Binalar\u0131n k\u00f6\u00e7\u00fcr\u00fclm\u0259si plandan ba\u015fqa bir \u015fey deyil - MEYDAN.TV","robots":{"index":"index","follow":"follow","max-snippet":"max-snippet:-1","max-image-preview":"max-image-preview:large","max-video-preview":"max-video-preview:-1"},"canonical":"https:\/\/www.meydan.tv\/az\/article\/qadir-ibrahimli-binalarin-kocurulmesi-plandan-basqa-bir-sey-deyil\/","og_locale":"az_AZ","og_type":"article","og_title":"Qadir \u0130brahimli: Binalar\u0131n k\u00f6\u00e7\u00fcr\u00fclm\u0259si plandan ba\u015fqa bir \u015fey deyil - MEYDAN.TV","og_description":"''Qar\u015f\u0131dak\u0131 2 ild\u0259 Az\u0259rbaycan iqtisadiyyat\u0131n\u0131 b\u00f6hran g\u00f6zl\u0259yir''","og_url":"https:\/\/www.meydan.tv\/az\/article\/qadir-ibrahimli-binalarin-kocurulmesi-plandan-basqa-bir-sey-deyil\/","og_site_name":"MEYDAN.TV","article_published_time":"2016-12-22T17:23:38+00:00","og_image":[{"width":539,"height":466,"url":"https:\/\/www.meydan.tv\/wp-content\/uploads\/25265.jpg","type":"image\/jpeg"}],"author":"user-manager","twitter_card":"summary_large_image","schema":{"@context":"https:\/\/schema.org","@graph":[{"@type":"Article","@id":"https:\/\/www.meydan.tv\/az\/article\/qadir-ibrahimli-binalarin-kocurulmesi-plandan-basqa-bir-sey-deyil\/#article","isPartOf":{"@id":"https:\/\/www.meydan.tv\/az\/article\/qadir-ibrahimli-binalarin-kocurulmesi-plandan-basqa-bir-sey-deyil\/"},"author":{"name":"user-manager","@id":"https:\/\/www.meydan.tv\/az\/#\/schema\/person\/10d11eccf6da3662cf5fdab9806ea91a"},"headline":"Qadir \u0130brahimli: Binalar\u0131n k\u00f6\u00e7\u00fcr\u00fclm\u0259si plandan ba\u015fqa bir \u015fey deyil","datePublished":"2016-12-22T17:23:38+00:00","mainEntityOfPage":{"@id":"https:\/\/www.meydan.tv\/az\/article\/qadir-ibrahimli-binalarin-kocurulmesi-plandan-basqa-bir-sey-deyil\/"},"wordCount":336,"publisher":{"@id":"https:\/\/www.meydan.tv\/az\/#organization"},"image":{"@id":"https:\/\/www.meydan.tv\/az\/article\/qadir-ibrahimli-binalarin-kocurulmesi-plandan-basqa-bir-sey-deyil\/#primaryimage"},"thumbnailUrl":"https:\/\/www.meydan.tv\/wp-content\/uploads\/25265.jpg","articleSection":["Analitika"],"inLanguage":"az"},{"@type":"WebPage","@id":"https:\/\/www.meydan.tv\/az\/article\/qadir-ibrahimli-binalarin-kocurulmesi-plandan-basqa-bir-sey-deyil\/","url":"https:\/\/www.meydan.tv\/az\/article\/qadir-ibrahimli-binalarin-kocurulmesi-plandan-basqa-bir-sey-deyil\/","name":"Qadir \u0130brahimli: Binalar\u0131n k\u00f6\u00e7\u00fcr\u00fclm\u0259si plandan ba\u015fqa bir \u015fey deyil - MEYDAN.TV","isPartOf":{"@id":"https:\/\/www.meydan.tv\/az\/#website"},"primaryImageOfPage":{"@id":"https:\/\/www.meydan.tv\/az\/article\/qadir-ibrahimli-binalarin-kocurulmesi-plandan-basqa-bir-sey-deyil\/#primaryimage"},"image":{"@id":"https:\/\/www.meydan.tv\/az\/article\/qadir-ibrahimli-binalarin-kocurulmesi-plandan-basqa-bir-sey-deyil\/#primaryimage"},"thumbnailUrl":"https:\/\/www.meydan.tv\/wp-content\/uploads\/25265.jpg","datePublished":"2016-12-22T17:23:38+00:00","breadcrumb":{"@id":"https:\/\/www.meydan.tv\/az\/article\/qadir-ibrahimli-binalarin-kocurulmesi-plandan-basqa-bir-sey-deyil\/#breadcrumb"},"inLanguage":"az","potentialAction":[{"@type":"ReadAction","target":["https:\/\/www.meydan.tv\/az\/article\/qadir-ibrahimli-binalarin-kocurulmesi-plandan-basqa-bir-sey-deyil\/"]}]},{"@type":"ImageObject","inLanguage":"az","@id":"https:\/\/www.meydan.tv\/az\/article\/qadir-ibrahimli-binalarin-kocurulmesi-plandan-basqa-bir-sey-deyil\/#primaryimage","url":"https:\/\/www.meydan.tv\/wp-content\/uploads\/25265.jpg","contentUrl":"https:\/\/www.meydan.tv\/wp-content\/uploads\/25265.jpg","width":539,"height":466,"caption":"Source:"},{"@type":"BreadcrumbList","@id":"https:\/\/www.meydan.tv\/az\/article\/qadir-ibrahimli-binalarin-kocurulmesi-plandan-basqa-bir-sey-deyil\/#breadcrumb","itemListElement":[{"@type":"ListItem","position":1,"name":"Ana s\u0259hif\u0259","item":"https:\/\/www.meydan.tv\/az\/"},{"@type":"ListItem","position":2,"name":"Analitika","item":"https:\/\/www.meydan.tv\/az\/section\/analitika\/"},{"@type":"ListItem","position":3,"name":"Qadir \u0130brahimli: Binalar\u0131n k\u00f6\u00e7\u00fcr\u00fclm\u0259si plandan ba\u015fqa bir \u015fey deyil"}]},{"@type":"WebSite","@id":"https:\/\/www.meydan.tv\/az\/#website","url":"https:\/\/www.meydan.tv\/az\/","name":"MEYDAN.TV","description":"Meydan TV Az\u0259rbaycan\u0131n media m\u0259kan\u0131ndak\u0131 alternativ s\u0259sidir","publisher":{"@id":"https:\/\/www.meydan.tv\/az\/#organization"},"potentialAction":[{"@type":"SearchAction","target":{"@type":"EntryPoint","urlTemplate":"https:\/\/www.meydan.tv\/az\/?s={search_term_string}"},"query-input":{"@type":"PropertyValueSpecification","valueRequired":true,"valueName":"search_term_string"}}],"inLanguage":"az"},{"@type":"Organization","@id":"https:\/\/www.meydan.tv\/az\/#organization","name":"Meydan TV","url":"https:\/\/www.meydan.tv\/az\/","logo":{"@type":"ImageObject","inLanguage":"az","@id":"https:\/\/www.meydan.tv\/az\/#\/schema\/logo\/image\/","url":"https:\/\/www.meydan.tv\/wp-content\/uploads\/2021\/07\/meydan-logo.svg","contentUrl":"https:\/\/www.meydan.tv\/wp-content\/uploads\/2021\/07\/meydan-logo.svg","width":195,"height":46,"caption":"Meydan TV"},"image":{"@id":"https:\/\/www.meydan.tv\/az\/#\/schema\/logo\/image\/"}},{"@type":"Person","@id":"https:\/\/www.meydan.tv\/az\/#\/schema\/person\/10d11eccf6da3662cf5fdab9806ea91a","name":"user-manager"}]}},"_links":{"self":[{"href":"https:\/\/www.meydan.tv\/az\/wp-json\/wp\/v2\/posts\/181422","targetHints":{"allow":["GET"]}}],"collection":[{"href":"https:\/\/www.meydan.tv\/az\/wp-json\/wp\/v2\/posts"}],"about":[{"href":"https:\/\/www.meydan.tv\/az\/wp-json\/wp\/v2\/types\/post"}],"author":[{"embeddable":true,"href":"https:\/\/www.meydan.tv\/az\/wp-json\/wp\/v2\/users\/11"}],"replies":[{"embeddable":true,"href":"https:\/\/www.meydan.tv\/az\/wp-json\/wp\/v2\/comments?post=181422"}],"version-history":[{"count":0,"href":"https:\/\/www.meydan.tv\/az\/wp-json\/wp\/v2\/posts\/181422\/revisions"}],"wp:featuredmedia":[{"embeddable":true,"href":"https:\/\/www.meydan.tv\/az\/wp-json\/wp\/v2\/media\/66174"}],"wp:attachment":[{"href":"https:\/\/www.meydan.tv\/az\/wp-json\/wp\/v2\/media?parent=181422"}],"wp:term":[{"taxonomy":"category","embeddable":true,"href":"https:\/\/www.meydan.tv\/az\/wp-json\/wp\/v2\/categories?post=181422"},{"taxonomy":"post_tag","embeddable":true,"href":"https:\/\/www.meydan.tv\/az\/wp-json\/wp\/v2\/tags?post=181422"}],"curies":[{"name":"wp","href":"https:\/\/api.w.org\/{rel}","templated":true}]}}