{"id":181418,"date":"2016-12-22T16:18:19","date_gmt":"2016-12-22T16:18:19","guid":{"rendered":"https:\/\/www.meydan.tv\/article\/iran-prezidentinin-ermenistana-seferinin-yekunlari\/"},"modified":"2016-12-22T16:18:19","modified_gmt":"2016-12-22T16:18:19","slug":"iran-prezidentinin-ermenistana-seferinin-yekunlari","status":"publish","type":"post","link":"https:\/\/www.meydan.tv\/az\/article\/iran-prezidentinin-ermenistana-seferinin-yekunlari\/","title":{"rendered":"\u0130ran prezidentinin Erm\u0259nistana s\u0259f\u0259rinin yekunlar\u0131"},"content":{"rendered":"<figure class=\"wp-block-image size-large\">\n  <img decoding=\"async\" src=\"https:\/\/www.meydan.tv\/az\/75991\/\" alt=\"\" class=\"wp-image-75991\"\/><figcaption><\/figcaption><\/figure>\n<figure class=\"wp-block-image size-large\">\n  <img decoding=\"async\" src=\"https:\/\/www.meydan.tv\/az\/75991\/\" alt=\"\" class=\"wp-image-75991\"\/><figcaption>\n    foto sosial \u015f\u0259b\u0259k\u0259<br \/>\n  <\/figcaption><\/figure>\n<p>\n  <i><br \/>\n    Ortaq b\u0259yanat, biznes forum, 5 memorandum v\u0259 2 \u015f\u0259h\u0259r\u0259 qaz n\u0259qli<br \/>\n  <\/i>\n<\/p>\n<p>\n  \u0130ran prezidenti H\u0259s\u0259n Ruhani 21 dekabrda Erm\u0259nistana bir g\u00fcnl\u00fck s\u0259f\u0259ri zaman\u0131 erm\u0259ni h\u0259mkar\u0131 il\u0259 \u0259laq\u0259l\u0259rin inki\u015faf\u0131 m\u0259qs\u0259dil\u0259 5 memorandum imzalad\u0131, h\u00f6kum\u0259tl\u0259raras\u0131 4 altkomissyan\u0131n yarad\u0131lmas\u0131na raz\u0131la\u015fd\u0131, ortaq b\u0259yanat q\u0259bul etdi, bisnez forumda i\u015ftirak etdi.\n<\/p>\n<p>\n  \u0130mzalanan niyy\u0259t protokollar\u0131 el\u0259 b\u00f6y\u00fck \u00e7\u0259kiy\u0259 malik deyil. T\u0259r\u0259fl\u0259r idman, f\u00f6vq\u0259lad\u0259 hallar sah\u0259sind\u0259, muzeyl\u0259raras\u0131 \u0259m\u0259kda\u015fl\u0131q, turizmin inki\u015faf\u0131, s\u0259rh\u0259d sular\u0131n\u0131n birg\u0259 istifad\u0259si niyy\u0259tind\u0259 olduqlar\u0131n\u0131 bildiribl\u0259r. Ba\u015fqa s\u00f6zl\u0259, uzun m\u00fcdd\u0259tdir \u0130ran prezidentini \u0130r\u0259vanda g\u00f6zl\u0259y\u0259n Erm\u0259nistan prezidenti Serj Sarkisyan iranl\u0131 h\u0259mkar\u0131 il\u0259 hans\u0131sa b\u00f6y\u00fck layih\u0259nin h\u0259yata ke\u00e7irilm\u0259si v\u0259 bu layih\u0259y\u0259 kredit ayr\u0131lmas\u0131 bar\u0259d\u0259 s\u0259n\u0259d\u0259 imza ata bilm\u0259yib.\n<\/p>\n<p>\n  Serj Sarkisyan iranl\u0131 h\u0259mkar\u0131n\u0131 inand\u0131rmaq ist\u0259yib ki, 180 milyonluq Avrasiya \u0130qtisadi Birliyinin bazar\u0131n\u0131n \u00fczv\u00fc olan Erm\u0259nistan \u0130ran biznesi \u00fc\u00e7\u00fcn m\u00fcnbit m\u0259kand\u0131r. Y\u0259ni g\u0259lin Erm\u0259nistanda fabrik v\u0259 zavodlar a\u00e7\u0131n v\u0259 istehsal etdiyiniz m\u0259hsullar\u0131 Avrasiya \u0130qtisadi Birliyi bazar\u0131nda sat\u0131n. Ancaq eynisini \u0130ran t\u0259klif edir: G\u0259lin Araz \u00e7ay\u0131 sahilind\u0259 yaratd\u0131\u011f\u0131m\u0131z azad iqtisadi zonada fabrik v\u0259 zavod a\u00e7\u0131n v\u0259 burada istehsal olunan m\u0259hsullar\u0131 hara ist\u0259s\u0259z sat\u0131n. N\u0259 bu t\u0259klif erm\u0259ni i\u015fadamlar\u0131n\u0131, n\u0259 d\u0259 Avrasiya \u0130qtisadi Birliyi bazar\u0131 t\u0259klifi iranl\u0131 i\u015fadamlar\u0131n\u0131 c\u0259lb edir.\n<\/p>\n<p>\n  Serj Sarkisyan H\u0259s\u0259n Ruhaniy\u0259 daha iki t\u0259klif ir\u0259li s\u00fcr\u00fcb:\n<\/p>\n<p>\n  <i><br \/>\n    Birinci t\u0259klif:<br \/>\n  <\/i><br \/>\n  \u0130ran-Erm\u0259nistan-G\u00fcrc\u00fcstan-Rusiya enerji d\u0259hlizi f\u0259aliyy\u0259t\u0259 ba\u015flas\u0131n;\n<\/p>\n<p>\n  <i><br \/>\n    \u0130kinci t\u0259klif:<br \/>\n  <\/i><br \/>\n  Fars k\u00f6rf\u0259zi \u2013 Qara d\u0259niz beyn\u0259lxalq n\u0259qliyyat d\u0259hlizini i\u015f\u0259 salaq.\n<\/p>\n<p>\n  Ayd\u0131nd\u0131r ki, Sarkisyan bu iki t\u0259klifin realla\u015fmas\u0131 vasit\u0259sil\u0259 Erm\u0259nistan\u0131n b\u00f6lg\u0259d\u0259ki rolunun v\u0259 g\u0259lirl\u0259rinin artmas\u0131na \u00fcmidlidir. Sarkisyan \u0130ran qaz\u0131n\u0131n v\u0259 mallar\u0131n\u0131n Erm\u0259nistan \u00fcz\u0259rind\u0259n Avropaya \u00e7atd\u0131r\u0131lmas\u0131n\u0131, g\u0259l\u0259c\u0259kd\u0259 is\u0259 bu x\u0259tt\u0259 dig\u0259r d\u00f6vl\u0259tl\u0259rin qo\u015fulmas\u0131n\u0131 ist\u0259yir. Sarkisyan bu x\u0259tl\u0259ri ucuz, q\u0131sa v\u0259 t\u0259hl\u00fck\u0259siz adland\u0131r\u0131b. Y\u0259ni dem\u0259k ist\u0259yib ki, bu x\u0259tl\u0259r Az\u0259rbaycan\u0131n t\u0259klif etdiyi x\u0259tl\u0259rd\u0259n \u201cucuz, q\u0131sa v\u0259 t\u0259hl\u00fck\u0259sizdir\u201d.\n<\/p>\n<p>\n  F\u0259rq ondad\u0131r ki, Az\u0259rbaycan\u0131n vaxtil\u0259 ir\u0259li s\u00fcrd\u00fcy\u00fc layih\u0259l\u0259r v\u0259 x\u0259tl\u0259r realla\u015fma m\u0259rh\u0259l\u0259sind\u0259dir, b\u0259zi i\u015fl\u0259r is\u0259 ba\u015fa \u00e7atmaq \u00fczr\u0259dir, Erm\u0259nistan is\u0259 t\u0259klifl\u0259rin\u0259 m\u00fcxt\u0259lif \u00f6lk\u0259l\u0259rd\u0259n, o c\u00fcml\u0259d\u0259n \u0130randan h\u0259l\u0259 cavab g\u00f6zl\u0259yir. Dig\u0259r t\u0259r\u0259fd\u0259n, Sarkisyan bu t\u0259klifl\u0259rini iranl\u0131 h\u0259mkar\u0131n\u0131n diqq\u0259tin\u0259 \u00e7atd\u0131rark\u0259n, yeni n\u0259qliyyat x\u0259tl\u0259rinin tikilm\u0259sini, var olanlar\u0131n\u0131n is\u0259 modernl\u0259\u015fdirilm\u0259sinin kimin v\u0259 kiml\u0259rin hesab\u0131na maliyy\u0259l\u0259\u015fdiril\u0259c\u0259yini a\u00e7\u0131qlamay\u0131b. \u00c7\u00fcnki h\u0259min kims\u0259 v\u0259 ya kiml\u0259rs\u0259 yoxdur. \u018fg\u0259r Sarkisyan t\u0259klif etdiyi layih\u0259l\u0259ri Tehran\u0131n maliyy\u0259l\u0259\u015fdir\u0259c\u0259yini d\u00fc\u015f\u00fcn\u00fcrs\u0259, \u0130ran\u0131n kredit imkanlar\u0131 olsayd\u0131, Astara-R\u0259\u015ft d\u0259miryolununu tikintisinin maliyy\u0259si \u00fc\u00e7\u00fcn Bak\u0131ya m\u00fcraci\u0259t etm\u0259zdi.\n<\/p>\n<p>\n  Buna baxmayaraq, \u0130ran-Erm\u0259nistan \u0259m\u0259kda\u015fl\u0131\u011f\u0131n\u0131n konkret n\u0259tic\u0259l\u0259ri d\u0259 var. M\u0259s\u0259l\u0259n, 2016-c\u0131 ilin ilk alt\u0131 ay\u0131nda Erm\u0259nistana \u0130randan 260 min turist g\u0259lib. Bu, Erm\u0259nistan kimi ki\u00e7ik \u00f6lk\u0259 \u00fc\u00e7\u00fcn \u0259lav\u0259 g\u0259lir m\u0259nb\u0259yidir. Ayr\u0131ca, H\u0259s\u0259n Ruhaninin \u0130r\u0259vanda verdiyi a\u00e7\u0131qlamaya g\u00f6r\u0259, Erm\u0259nistan\u0131n iki \u015f\u0259h\u0259ri \u2013 Mehri v\u0259 Aqaraka \u0130ran qaz\u0131n\u0131n n\u0259qli ba\u015flayacaq. H\u0259s\u0259n Ruhani \u0130r\u0259vanda el\u0259 bel\u0259 d\u0259 deyib: \u201c\u0130ran qaz\u0131 bu iki erm\u0259ni \u015f\u0259h\u0259rind\u0259 ya\u015fayan sakinl\u0259rin evl\u0259ri il\u0259 yana\u015f\u0131 \u00fcr\u0259kl\u0259rini d\u0259 q\u0131zd\u0131racaq\u201d.\n<\/p>\n<p>\n  \u0130ran prezidenti Erm\u0259nistana daha bir \u015fad x\u0259b\u0259rini \u00e7atd\u0131r\u0131b: \u201cT\u00fcrkm\u0259nistanla \u0259ld\u0259 edilmi\u015f raz\u0131l\u0131\u011fa g\u00f6r\u0259 bu \u00f6lk\u0259d\u0259n ald\u0131\u011f\u0131m\u0131z qaz\u0131 \u00fc\u00e7\u00fcnc\u00fc \u00f6lk\u0259l\u0259r\u0259 \u00e7atd\u0131ra bil\u0259rik\u201d. Y\u0259ni dem\u0259k ist\u0259yib ki, Erm\u0259nistan \u0130ran \u00fcz\u0259rind\u0259n t\u00fcrkm\u0259n qaz\u0131n\u0131 ala bil\u0259r.\n<\/p>\n<p>\n  Serj Sarkisyan H\u0259s\u0259n Ruhaninin bu t\u0259klifin\u0259 m\u00fcnasib\u0259t bildirm\u0259yib. Bunun obyektiv s\u0259b\u0259bi var. \u00c7\u00fcnki minimum maliyy\u0259si olan Erm\u0259nistan onsuz da Rusiyadan v\u0259 \u0130randan qaz al\u0131r, bundan art\u0131q h\u0259cm ona laz\u0131m deyil. Erm\u0259nistan\u0131n maliyy\u0259 imkanlar\u0131 m\u0259hduddur ki, \u0130randan ald\u0131\u011f\u0131 qaz\u0131n hesab\u0131n\u0131 elektrik enerjisinin idxal\u0131 il\u0259 \u0259v\u0259z edir. \u0130r\u0259van\u0131n mara\u011f\u0131 ondad\u0131r ki, \u0130ran Erm\u0259nistan \u00fcz\u0259rind\u0259n daha b\u00f6y\u00fck imkanlara malik qaz boru x\u0259tti tiksin ki, h\u0259min boru x\u0259tti il\u0259 h\u0259m \u0130ran, h\u0259m d\u0259 T\u00fcrkm\u0259nistan qaz\u0131n\u0131 \u00fc\u00e7\u00fcnc\u00fc \u00f6lk\u0259l\u0259r\u0259 n\u0259ql etm\u0259k m\u00fcmk\u00fcn olsun. Buna is\u0259 \u0130ran\u0131n g\u00fcc\u00fc \u00e7atm\u0131r.\n<\/p>\n<p>\n  <b><br \/>\n    \u201cAtlas\u201d Ara\u015fd\u0131rmalar M\u0259rk\u0259zi<br \/>\n  <\/b><\/p>\n","protected":false},"excerpt":{"rendered":"<p>Ortaq b\u0259yanat, biznes forum, 5 memorandum v\u0259 2 \u015f\u0259h\u0259r\u0259 qaz n\u0259qli<\/p>\n","protected":false},"author":11,"featured_media":75991,"comment_status":"closed","ping_status":"open","sticky":false,"template":"","format":"standard","meta":{"_acf_changed":false,"_sitemap_exclude":false,"_sitemap_priority":"","_sitemap_frequency":"","footnotes":""},"categories":[51],"tags":[],"class_list":["post-181418","post","type-post","status-publish","format-standard","has-post-thumbnail","hentry","category-analitika","infinite-scroll-item","generate-columns","tablet-grid-50","mobile-grid-100","grid-parent","grid-33","no-featured-image-padding"],"acf":[],"yoast_head":"<!-- This site is optimized with the Yoast SEO plugin v27.5 - https:\/\/yoast.com\/product\/yoast-seo-wordpress\/ -->\n<title>\u0130ran prezidentinin Erm\u0259nistana s\u0259f\u0259rinin yekunlar\u0131 - MEYDAN.TV<\/title>\n<meta name=\"robots\" content=\"index, follow, max-snippet:-1, max-image-preview:large, max-video-preview:-1\" \/>\n<link rel=\"canonical\" href=\"https:\/\/www.meydan.tv\/az\/article\/iran-prezidentinin-ermenistana-seferinin-yekunlari\/\" \/>\n<meta property=\"og:locale\" content=\"az_AZ\" \/>\n<meta property=\"og:type\" content=\"article\" \/>\n<meta property=\"og:title\" content=\"\u0130ran prezidentinin Erm\u0259nistana s\u0259f\u0259rinin yekunlar\u0131 - MEYDAN.TV\" \/>\n<meta property=\"og:description\" content=\"Ortaq b\u0259yanat, biznes forum, 5 memorandum v\u0259 2 \u015f\u0259h\u0259r\u0259 qaz n\u0259qli\" \/>\n<meta property=\"og:url\" content=\"https:\/\/www.meydan.tv\/az\/article\/iran-prezidentinin-ermenistana-seferinin-yekunlari\/\" \/>\n<meta property=\"og:site_name\" content=\"MEYDAN.TV\" \/>\n<meta property=\"article:published_time\" content=\"2016-12-22T16:18:19+00:00\" \/>\n<meta property=\"og:image\" content=\"https:\/\/www.meydan.tv\/wp-content\/uploads\/29407.jpg\" \/>\n\t<meta property=\"og:image:width\" content=\"637\" \/>\n\t<meta property=\"og:image:height\" content=\"369\" \/>\n\t<meta property=\"og:image:type\" content=\"image\/jpeg\" \/>\n<meta name=\"author\" content=\"user-manager\" \/>\n<meta name=\"twitter:card\" content=\"summary_large_image\" \/>\n<script type=\"application\/ld+json\" class=\"yoast-schema-graph\">{\"@context\":\"https:\\\/\\\/schema.org\",\"@graph\":[{\"@type\":\"Article\",\"@id\":\"https:\\\/\\\/www.meydan.tv\\\/az\\\/article\\\/iran-prezidentinin-ermenistana-seferinin-yekunlari\\\/#article\",\"isPartOf\":{\"@id\":\"https:\\\/\\\/www.meydan.tv\\\/az\\\/article\\\/iran-prezidentinin-ermenistana-seferinin-yekunlari\\\/\"},\"author\":{\"name\":\"user-manager\",\"@id\":\"https:\\\/\\\/www.meydan.tv\\\/az\\\/#\\\/schema\\\/person\\\/10d11eccf6da3662cf5fdab9806ea91a\"},\"headline\":\"\u0130ran prezidentinin Erm\u0259nistana s\u0259f\u0259rinin yekunlar\u0131\",\"datePublished\":\"2016-12-22T16:18:19+00:00\",\"mainEntityOfPage\":{\"@id\":\"https:\\\/\\\/www.meydan.tv\\\/az\\\/article\\\/iran-prezidentinin-ermenistana-seferinin-yekunlari\\\/\"},\"wordCount\":916,\"publisher\":{\"@id\":\"https:\\\/\\\/www.meydan.tv\\\/az\\\/#organization\"},\"image\":{\"@id\":\"https:\\\/\\\/www.meydan.tv\\\/az\\\/article\\\/iran-prezidentinin-ermenistana-seferinin-yekunlari\\\/#primaryimage\"},\"thumbnailUrl\":\"https:\\\/\\\/www.meydan.tv\\\/wp-content\\\/uploads\\\/29407.jpg\",\"articleSection\":[\"Analitika\"],\"inLanguage\":\"az\"},{\"@type\":\"WebPage\",\"@id\":\"https:\\\/\\\/www.meydan.tv\\\/az\\\/article\\\/iran-prezidentinin-ermenistana-seferinin-yekunlari\\\/\",\"url\":\"https:\\\/\\\/www.meydan.tv\\\/az\\\/article\\\/iran-prezidentinin-ermenistana-seferinin-yekunlari\\\/\",\"name\":\"\u0130ran prezidentinin Erm\u0259nistana s\u0259f\u0259rinin yekunlar\u0131 - MEYDAN.TV\",\"isPartOf\":{\"@id\":\"https:\\\/\\\/www.meydan.tv\\\/az\\\/#website\"},\"primaryImageOfPage\":{\"@id\":\"https:\\\/\\\/www.meydan.tv\\\/az\\\/article\\\/iran-prezidentinin-ermenistana-seferinin-yekunlari\\\/#primaryimage\"},\"image\":{\"@id\":\"https:\\\/\\\/www.meydan.tv\\\/az\\\/article\\\/iran-prezidentinin-ermenistana-seferinin-yekunlari\\\/#primaryimage\"},\"thumbnailUrl\":\"https:\\\/\\\/www.meydan.tv\\\/wp-content\\\/uploads\\\/29407.jpg\",\"datePublished\":\"2016-12-22T16:18:19+00:00\",\"breadcrumb\":{\"@id\":\"https:\\\/\\\/www.meydan.tv\\\/az\\\/article\\\/iran-prezidentinin-ermenistana-seferinin-yekunlari\\\/#breadcrumb\"},\"inLanguage\":\"az\",\"potentialAction\":[{\"@type\":\"ReadAction\",\"target\":[\"https:\\\/\\\/www.meydan.tv\\\/az\\\/article\\\/iran-prezidentinin-ermenistana-seferinin-yekunlari\\\/\"]}]},{\"@type\":\"ImageObject\",\"inLanguage\":\"az\",\"@id\":\"https:\\\/\\\/www.meydan.tv\\\/az\\\/article\\\/iran-prezidentinin-ermenistana-seferinin-yekunlari\\\/#primaryimage\",\"url\":\"https:\\\/\\\/www.meydan.tv\\\/wp-content\\\/uploads\\\/29407.jpg\",\"contentUrl\":\"https:\\\/\\\/www.meydan.tv\\\/wp-content\\\/uploads\\\/29407.jpg\",\"width\":637,\"height\":369,\"caption\":\"Source:\"},{\"@type\":\"BreadcrumbList\",\"@id\":\"https:\\\/\\\/www.meydan.tv\\\/az\\\/article\\\/iran-prezidentinin-ermenistana-seferinin-yekunlari\\\/#breadcrumb\",\"itemListElement\":[{\"@type\":\"ListItem\",\"position\":1,\"name\":\"Ana s\u0259hif\u0259\",\"item\":\"https:\\\/\\\/www.meydan.tv\\\/az\\\/\"},{\"@type\":\"ListItem\",\"position\":2,\"name\":\"Analitika\",\"item\":\"https:\\\/\\\/www.meydan.tv\\\/az\\\/section\\\/analitika\\\/\"},{\"@type\":\"ListItem\",\"position\":3,\"name\":\"\u0130ran prezidentinin Erm\u0259nistana s\u0259f\u0259rinin yekunlar\u0131\"}]},{\"@type\":\"WebSite\",\"@id\":\"https:\\\/\\\/www.meydan.tv\\\/az\\\/#website\",\"url\":\"https:\\\/\\\/www.meydan.tv\\\/az\\\/\",\"name\":\"MEYDAN.TV\",\"description\":\"Meydan TV Az\u0259rbaycan\u0131n media m\u0259kan\u0131ndak\u0131 alternativ s\u0259sidir\",\"publisher\":{\"@id\":\"https:\\\/\\\/www.meydan.tv\\\/az\\\/#organization\"},\"potentialAction\":[{\"@type\":\"SearchAction\",\"target\":{\"@type\":\"EntryPoint\",\"urlTemplate\":\"https:\\\/\\\/www.meydan.tv\\\/az\\\/?s={search_term_string}\"},\"query-input\":{\"@type\":\"PropertyValueSpecification\",\"valueRequired\":true,\"valueName\":\"search_term_string\"}}],\"inLanguage\":\"az\"},{\"@type\":\"Organization\",\"@id\":\"https:\\\/\\\/www.meydan.tv\\\/az\\\/#organization\",\"name\":\"Meydan TV\",\"url\":\"https:\\\/\\\/www.meydan.tv\\\/az\\\/\",\"logo\":{\"@type\":\"ImageObject\",\"inLanguage\":\"az\",\"@id\":\"https:\\\/\\\/www.meydan.tv\\\/az\\\/#\\\/schema\\\/logo\\\/image\\\/\",\"url\":\"https:\\\/\\\/www.meydan.tv\\\/wp-content\\\/uploads\\\/2021\\\/07\\\/meydan-logo.svg\",\"contentUrl\":\"https:\\\/\\\/www.meydan.tv\\\/wp-content\\\/uploads\\\/2021\\\/07\\\/meydan-logo.svg\",\"width\":195,\"height\":46,\"caption\":\"Meydan TV\"},\"image\":{\"@id\":\"https:\\\/\\\/www.meydan.tv\\\/az\\\/#\\\/schema\\\/logo\\\/image\\\/\"}},{\"@type\":\"Person\",\"@id\":\"https:\\\/\\\/www.meydan.tv\\\/az\\\/#\\\/schema\\\/person\\\/10d11eccf6da3662cf5fdab9806ea91a\",\"name\":\"user-manager\"}]}<\/script>\n<!-- \/ Yoast SEO plugin. -->","yoast_head_json":{"title":"\u0130ran prezidentinin Erm\u0259nistana s\u0259f\u0259rinin yekunlar\u0131 - MEYDAN.TV","robots":{"index":"index","follow":"follow","max-snippet":"max-snippet:-1","max-image-preview":"max-image-preview:large","max-video-preview":"max-video-preview:-1"},"canonical":"https:\/\/www.meydan.tv\/az\/article\/iran-prezidentinin-ermenistana-seferinin-yekunlari\/","og_locale":"az_AZ","og_type":"article","og_title":"\u0130ran prezidentinin Erm\u0259nistana s\u0259f\u0259rinin yekunlar\u0131 - MEYDAN.TV","og_description":"Ortaq b\u0259yanat, biznes forum, 5 memorandum v\u0259 2 \u015f\u0259h\u0259r\u0259 qaz n\u0259qli","og_url":"https:\/\/www.meydan.tv\/az\/article\/iran-prezidentinin-ermenistana-seferinin-yekunlari\/","og_site_name":"MEYDAN.TV","article_published_time":"2016-12-22T16:18:19+00:00","og_image":[{"width":637,"height":369,"url":"https:\/\/www.meydan.tv\/wp-content\/uploads\/29407.jpg","type":"image\/jpeg"}],"author":"user-manager","twitter_card":"summary_large_image","schema":{"@context":"https:\/\/schema.org","@graph":[{"@type":"Article","@id":"https:\/\/www.meydan.tv\/az\/article\/iran-prezidentinin-ermenistana-seferinin-yekunlari\/#article","isPartOf":{"@id":"https:\/\/www.meydan.tv\/az\/article\/iran-prezidentinin-ermenistana-seferinin-yekunlari\/"},"author":{"name":"user-manager","@id":"https:\/\/www.meydan.tv\/az\/#\/schema\/person\/10d11eccf6da3662cf5fdab9806ea91a"},"headline":"\u0130ran prezidentinin Erm\u0259nistana s\u0259f\u0259rinin yekunlar\u0131","datePublished":"2016-12-22T16:18:19+00:00","mainEntityOfPage":{"@id":"https:\/\/www.meydan.tv\/az\/article\/iran-prezidentinin-ermenistana-seferinin-yekunlari\/"},"wordCount":916,"publisher":{"@id":"https:\/\/www.meydan.tv\/az\/#organization"},"image":{"@id":"https:\/\/www.meydan.tv\/az\/article\/iran-prezidentinin-ermenistana-seferinin-yekunlari\/#primaryimage"},"thumbnailUrl":"https:\/\/www.meydan.tv\/wp-content\/uploads\/29407.jpg","articleSection":["Analitika"],"inLanguage":"az"},{"@type":"WebPage","@id":"https:\/\/www.meydan.tv\/az\/article\/iran-prezidentinin-ermenistana-seferinin-yekunlari\/","url":"https:\/\/www.meydan.tv\/az\/article\/iran-prezidentinin-ermenistana-seferinin-yekunlari\/","name":"\u0130ran prezidentinin Erm\u0259nistana s\u0259f\u0259rinin yekunlar\u0131 - MEYDAN.TV","isPartOf":{"@id":"https:\/\/www.meydan.tv\/az\/#website"},"primaryImageOfPage":{"@id":"https:\/\/www.meydan.tv\/az\/article\/iran-prezidentinin-ermenistana-seferinin-yekunlari\/#primaryimage"},"image":{"@id":"https:\/\/www.meydan.tv\/az\/article\/iran-prezidentinin-ermenistana-seferinin-yekunlari\/#primaryimage"},"thumbnailUrl":"https:\/\/www.meydan.tv\/wp-content\/uploads\/29407.jpg","datePublished":"2016-12-22T16:18:19+00:00","breadcrumb":{"@id":"https:\/\/www.meydan.tv\/az\/article\/iran-prezidentinin-ermenistana-seferinin-yekunlari\/#breadcrumb"},"inLanguage":"az","potentialAction":[{"@type":"ReadAction","target":["https:\/\/www.meydan.tv\/az\/article\/iran-prezidentinin-ermenistana-seferinin-yekunlari\/"]}]},{"@type":"ImageObject","inLanguage":"az","@id":"https:\/\/www.meydan.tv\/az\/article\/iran-prezidentinin-ermenistana-seferinin-yekunlari\/#primaryimage","url":"https:\/\/www.meydan.tv\/wp-content\/uploads\/29407.jpg","contentUrl":"https:\/\/www.meydan.tv\/wp-content\/uploads\/29407.jpg","width":637,"height":369,"caption":"Source:"},{"@type":"BreadcrumbList","@id":"https:\/\/www.meydan.tv\/az\/article\/iran-prezidentinin-ermenistana-seferinin-yekunlari\/#breadcrumb","itemListElement":[{"@type":"ListItem","position":1,"name":"Ana s\u0259hif\u0259","item":"https:\/\/www.meydan.tv\/az\/"},{"@type":"ListItem","position":2,"name":"Analitika","item":"https:\/\/www.meydan.tv\/az\/section\/analitika\/"},{"@type":"ListItem","position":3,"name":"\u0130ran prezidentinin Erm\u0259nistana s\u0259f\u0259rinin yekunlar\u0131"}]},{"@type":"WebSite","@id":"https:\/\/www.meydan.tv\/az\/#website","url":"https:\/\/www.meydan.tv\/az\/","name":"MEYDAN.TV","description":"Meydan TV Az\u0259rbaycan\u0131n media m\u0259kan\u0131ndak\u0131 alternativ s\u0259sidir","publisher":{"@id":"https:\/\/www.meydan.tv\/az\/#organization"},"potentialAction":[{"@type":"SearchAction","target":{"@type":"EntryPoint","urlTemplate":"https:\/\/www.meydan.tv\/az\/?s={search_term_string}"},"query-input":{"@type":"PropertyValueSpecification","valueRequired":true,"valueName":"search_term_string"}}],"inLanguage":"az"},{"@type":"Organization","@id":"https:\/\/www.meydan.tv\/az\/#organization","name":"Meydan TV","url":"https:\/\/www.meydan.tv\/az\/","logo":{"@type":"ImageObject","inLanguage":"az","@id":"https:\/\/www.meydan.tv\/az\/#\/schema\/logo\/image\/","url":"https:\/\/www.meydan.tv\/wp-content\/uploads\/2021\/07\/meydan-logo.svg","contentUrl":"https:\/\/www.meydan.tv\/wp-content\/uploads\/2021\/07\/meydan-logo.svg","width":195,"height":46,"caption":"Meydan TV"},"image":{"@id":"https:\/\/www.meydan.tv\/az\/#\/schema\/logo\/image\/"}},{"@type":"Person","@id":"https:\/\/www.meydan.tv\/az\/#\/schema\/person\/10d11eccf6da3662cf5fdab9806ea91a","name":"user-manager"}]}},"_links":{"self":[{"href":"https:\/\/www.meydan.tv\/az\/wp-json\/wp\/v2\/posts\/181418","targetHints":{"allow":["GET"]}}],"collection":[{"href":"https:\/\/www.meydan.tv\/az\/wp-json\/wp\/v2\/posts"}],"about":[{"href":"https:\/\/www.meydan.tv\/az\/wp-json\/wp\/v2\/types\/post"}],"author":[{"embeddable":true,"href":"https:\/\/www.meydan.tv\/az\/wp-json\/wp\/v2\/users\/11"}],"replies":[{"embeddable":true,"href":"https:\/\/www.meydan.tv\/az\/wp-json\/wp\/v2\/comments?post=181418"}],"version-history":[{"count":0,"href":"https:\/\/www.meydan.tv\/az\/wp-json\/wp\/v2\/posts\/181418\/revisions"}],"wp:featuredmedia":[{"embeddable":true,"href":"https:\/\/www.meydan.tv\/az\/wp-json\/wp\/v2\/media\/75991"}],"wp:attachment":[{"href":"https:\/\/www.meydan.tv\/az\/wp-json\/wp\/v2\/media?parent=181418"}],"wp:term":[{"taxonomy":"category","embeddable":true,"href":"https:\/\/www.meydan.tv\/az\/wp-json\/wp\/v2\/categories?post=181418"},{"taxonomy":"post_tag","embeddable":true,"href":"https:\/\/www.meydan.tv\/az\/wp-json\/wp\/v2\/tags?post=181418"}],"curies":[{"name":"wp","href":"https:\/\/api.w.org\/{rel}","templated":true}]}}