{"id":181398,"date":"2016-12-21T18:23:13","date_gmt":"2016-12-21T18:23:13","guid":{"rendered":"https:\/\/www.meydan.tv\/article\/trisuriyadan-sonra-qarabagdirmi\/"},"modified":"2016-12-21T18:23:13","modified_gmt":"2016-12-21T18:23:13","slug":"trisuriyadan-sonra-qarabagdirmi","status":"publish","type":"post","link":"https:\/\/www.meydan.tv\/az\/article\/trisuriyadan-sonra-qarabagdirmi\/","title":{"rendered":"TR\u0130:Suriyadan sonra Qaraba\u011fd\u0131rm\u0131?"},"content":{"rendered":"<figure class=\"wp-block-image size-large\">\n  <img decoding=\"async\" src=\"https:\/\/www.meydan.tv\/az\/75919\/\" alt=\"\" class=\"wp-image-75919\"\/><figcaption><\/figcaption><\/figure>\n<figure class=\"wp-block-image size-large\">\n  <img decoding=\"async\" src=\"https:\/\/www.meydan.tv\/az\/75919\/\" alt=\"\" class=\"wp-image-75919\"\/><figcaption>\n    foto sosial \u015f\u0259b\u0259k\u0259<br \/>\n  <\/figcaption><\/figure>\n<p>\n  <i><br \/>\n    Kreml, h\u0259m Bak\u0131n\u0131, h\u0259m d\u0259 \u0130r\u0259van\u0131 yeni format\u0131 q\u0259bul etm\u0259y\u0259 raz\u0131 sala bil\u0259r<br \/>\n  <\/i>\n<\/p>\n<p>\n  <br \/>\n  TR\u0130 (T\u00fcrkiy\u0259-Rusiya-\u0130ran) format\u0131 20 dekabrda Moskvada ilk toplant\u0131s\u0131n\u0131 ke\u00e7irdi. Suriya b\u00f6hran\u0131 ba\u015flayandan bu yana ilk d\u0259f\u0259ydi ki, T\u00fcrkiy\u0259, Rusiya v\u0259 \u0130ran xarici i\u015fl\u0259r v\u0259 m\u00fcdafi\u0259 nazirl\u0259ri bir araya g\u0259l\u0259r\u0259k Suriya probleminin h\u0259lli yollar\u0131n\u0131 birg\u0259 m\u00fczakir\u0259 etdil\u0259r.\n<\/p>\n<p>\n  Suiyada v\u0259t\u0259nda\u015f m\u00fcharib\u0259si ba\u015flayanda v\u0259 terror\u00e7ular da proses\u0259 m\u00fcdaxil\u0259 etdikd\u0259 Rusiya il\u0259 \u0130ran ittifaq \u015f\u0259klind\u0259 h\u0259r\u0259k\u0259t ed\u0259r\u0259k B\u0259\u015f\u0259r \u018fs\u0259d rejimin\u0259 d\u0259st\u0259k verdil\u0259rs\u0259, T\u00fcrkiy\u0259 tamamil\u0259 f\u0259rqli m\u00f6vqed\u0259n \u00e7\u0131x\u0131\u015f ed\u0259r\u0259k, AB\u015e, Avropa \u0130ttifaq\u0131, S\u0259udiyy\u0259 \u018fr\u0259bistan\u0131 v\u0259 Q\u0259t\u0259rl\u0259 ittifaqa \u00fcst\u00fcnl\u00fck ver\u0259r\u0259k, Suriya m\u00fcxalif\u0259tinin yan\u0131nda yer ald\u0131. Ancaq zaman ke\u00e7dikc\u0259 T\u00fcrkiy\u0259 il\u0259 Amerika aras\u0131ndak\u0131 ittifaq \u00e7\u00f6kd\u00fc, Va\u015finqton Suriyada silahl\u0131 k\u00fcrd\u0259l\u0259r\u0259 d\u0259st\u0259k verm\u0259kl\u0259 Ankaran\u0131n maraqlar\u0131n\u0131n \u0259leyhin\u0259 \u00e7\u0131xd\u0131. O biri t\u0259r\u0259fd\u0259n Va\u015finqtonun T\u00fcrkiy\u0259d\u0259 15 iyul h\u0259rbi \u00e7evrili\u015fin\u0259 c\u0259hdi planla\u015fd\u0131ran F\u0259tullah G\u00fcl\u0259ni T\u00fcrkiy\u0259y\u0259 t\u0259hvil verm\u0259k ist\u0259m\u0259m\u0259si Va\u015finton-Ankara ikiliyinin \u00fcst\u00fcnd\u0259n x\u0259tt \u00e7\u0259kdi.\n<\/p>\n<p>\n  Bel\u0259 bir \u015f\u0259raitd\u0259 T\u00fcrkiy\u0259nin prezidenti R\u0259c\u0259b T\u0259yyub \u018frdo\u011fan bir il \u00f6nc\u0259 Rusiyan\u0131n h\u0259rbi t\u0259yyar\u0259sinin vurulmas\u0131na g\u00f6r\u0259 rusiyal\u0131 h\u0259mkar\u0131 Vladimir Putind\u0259n \u00fczr ist\u0259m\u0259kl\u0259 xarici siyas\u0259t prioritetini d\u0259yi\u015fdi. Amerikadan f\u0259rqli olaraq Rusiya Suriyadak\u0131 silahl\u0131 k\u00fcrd\u0259l\u0259r\u0259 d\u0259st\u0259kd\u0259n \u0259l \u00e7\u0259kdi, T\u00fcrkiy\u0259 qo\u015funlar\u0131n\u0131n Suriyan\u0131n q\u0259rb vilay\u0259tl\u0259rini n\u0259zar\u0259t\u0259 g\u00f6t\u00fcrm\u0259sin\u0259 g\u00f6z\u00fcn\u00fc yumdu, \u00fcst\u0259g\u0259l iki \u00f6lk\u0259 aras\u0131nda dondurulan b\u00fct\u00fcn layih\u0259l\u0259r yenid\u0259n i\u015f\u0259 d\u00fc\u015fd\u00fc. Moskva bununla kifay\u0259tl\u0259nm\u0259y\u0259r\u0259k Ankaran\u0131 daha \u00e7ox Va\u015finqtondan uzaqla\u015fd\u0131rma\u011fa nail oldu. Rusiyan\u0131n xarici i\u015fl\u0259r naziri Sergey Lavrov h\u0259tta son a\u00e7\u0131qlamalar\u0131n\u0131n birind\u0259 dedi ki, Suriya m\u0259s\u0259l\u0259sind\u0259 amerikal\u0131 r\u0259smil\u0259rl\u0259 saatlarla bo\u015f vaxt ke\u00e7irib n\u0259tic\u0259 \u0259ld\u0259 etm\u0259m\u0259kd\u0259ns\u0259, Ankara il\u0259 ortaq m\u0259xr\u0259c\u0259 g\u0259lm\u0259k daha asand\u0131r. V\u0259 bel\u0259 d\u0259 oldu. H\u0259l\u0259b \u015f\u0259h\u0259rinin \u015f\u0259rq hiss\u0259sinin bo\u015fald\u0131lmas\u0131 v\u0259 m\u00fcxalif q\u00fcvv\u0259l\u0259rin ail\u0259l\u0259ri il\u0259 birg\u0259 \u015f\u0259h\u0259ri t\u0259rk etm\u0259si Moskva il\u0259 Ankaran\u0131n gizli raz\u0131la\u015fmas\u0131n\u0131n n\u0259tic\u0259si idi. Va\u015finqtonun bacarmad\u0131\u011f\u0131n\u0131 Ankara bacard\u0131 v\u0259 Moskva il\u0259 t\u0259r\u0259fda\u015fl\u0131\u011f\u0131n\u0131 g\u00fccl\u0259ndirdi. Bunun n\u0259tic\u0259si olaraq T\u00fcrkiy\u0259-Rusiya-\u0130ran format\u0131 yarand\u0131.\n<\/p>\n<p>\n  Ankara \u018fs\u0259d rejimin\u0259 qar\u015f\u0131 \u0259vv\u0259lki s\u0259rt ritorikas\u0131ndan imtina etm\u0259kl\u0259 Moskva v\u0259 Tehranla raz\u0131la\u015fa bil\u0259c\u0259yin\u0259 i\u015far\u0259 vurdu. \u00dc\u00e7l\u00fc ittifaq\u0131 Rusiya s\u0259firinin Ankarada q\u0259tl\u0259 yetirm\u0259si d\u0259 pozmad\u0131. Tam \u0259ksin\u0259, Rusiya s\u0259firinin q\u0259tlinin qar\u015f\u0131s\u0131n\u0131 ala bilm\u0259diyin\u0259 g\u00f6r\u0259 \u00fcz\u0259rind\u0259 m\u0259n\u0259vi m\u0259suliyy\u0259t hiss ed\u0259n Ankara Moskva il\u0259 daha s\u0131x \u0259m\u0259kda\u015fl\u0131\u011fa m\u0259cburdur. Bu, Rusiyan\u0131n da maraqlar\u0131na tam cavab verir. M\u0259hz buna g\u00f6r\u0259 t\u0259yyar\u0259 olay\u0131ndan f\u0259rqli olaraq s\u0259firin \u00f6ld\u00fcr\u00fclm\u0259sind\u0259 Rusiya T\u00fcrkiy\u0259ni g\u00fcnahland\u0131rmad\u0131, tam \u0259ksin\u0259 rusiyal\u0131 r\u0259smil\u0259r t\u00fcrkiy\u0259li h\u0259mkarlar\u0131na verdikl\u0259ri ilkin reaksiyaya g\u00f6r\u0259 minn\u0259tdar olduqlar\u0131n\u0131 bildirdil\u0259r.\n<\/p>\n<p>\n  Suriya m\u0259s\u0259l\u0259sind\u0259 Amerikan\u0131n oyundank\u0259nar v\u0259ziyy\u0259td\u0259 qalmas\u0131 T\u00fcrkiy\u0259-Rusiya-\u0130ran \u00fc\u00e7l\u00fcy\u00fcn\u00fcn maraqlar\u0131na cavab verir. H\u0259r \u00fc\u00e7 d\u00f6vl\u0259t Suriyan\u0131n \u0259razi b\u00fct\u00f6vl\u00fcy\u00fcn\u00fc d\u0259st\u0259kl\u0259yir, h\u0259r \u00fc\u00e7 d\u00f6vl\u0259t b\u00f6lg\u0259d\u0259 k\u00fcrd d\u00f6vl\u0259tinin yarad\u0131lmas\u0131n\u0131 ist\u0259mir v\u0259 h\u0259r \u00fc\u00e7 d\u00f6vl\u0259t beyn\u0259lxalq terror\u00e7ulara qar\u015f\u0131 birg\u0259 m\u00fcbazir\u0259 aparacaqlar\u0131n\u0131 elan edirl\u0259r. Bundan sonra T\u00fcrkiy\u0259 d\u0259st\u0259k verdiyi Suriyan\u0131n silahl\u0131 m\u00fcxalif\u0259tini \u018fs\u0259dl\u0259 dan\u0131\u015f\u0131qlara t\u0259\u015fviq etm\u0259lidir. Bunun \u0259v\u0259zind\u0259 d\u0259 Moskva v\u0259 Tehran \u018fs\u0259d\u0259 hakimiy\u0259tinin bir hiss\u0259sini m\u00fcxalif\u0259tl\u0259 b\u00f6l\u00fc\u015fm\u0259y\u0259 m\u0259cbur etm\u0259lidir. \u00c7\u00fcnki \u018fs\u0259d \u0259vv\u0259lkit\u0259k avtoritar \u00fcsullarla \u00f6lk\u0259ni idar\u0259 ed\u0259 bilm\u0259y\u0259c\u0259k. \u018fg\u0259r TR\u0130 Suriyada qar\u015f\u0131lar\u0131na qoyduqlar\u0131 m\u0259qs\u0259d\u0259 \u00e7atarsa, bu, h\u0259min format\u0131n g\u00fccl\u0259nm\u0259sin\u0259 v\u0259 ba\u015fqa regional probleml\u0259rin h\u0259llind\u0259 d\u0259 rolunun artmas\u0131na \u015f\u0259rait yaradacaq.\n<\/p>\n<p>\n  \u00dc\u00e7l\u00fc format Az\u0259rbaycanla Erm\u0259nistan\u0131 bar\u0131\u015fd\u0131rmaq \u00fc\u00e7\u00fcn Da\u011fl\u0131q Qaraba\u011f m\u00fcnaqi\u015f\u0259sinin h\u0259llind\u0259 d\u0259 f\u0259alla\u015fa bil\u0259rmi?\n<\/p>\n<p>\n  <b><br \/>\n    <i><br \/>\n      Birincisi,<br \/>\n    <\/i><br \/>\n  <\/b><br \/>\n  \u00fc\u00e7l\u00fc format Suriya m\u0259s\u0259l\u0259sind\u0259 oldu\u011fu kimi Da\u011fl\u0131q Qaraba\u011f m\u00fcnaqi\u015f\u0259sinin h\u0259llind\u0259 d\u0259 Amerika v\u0259 Avropan\u0131 k\u0259narda qoymal\u0131d\u0131r. \u0130ran \u00e7oxdan arzulay\u0131r ki, Da\u011fl\u0131q Qaraba\u011f m\u00fcnaqi\u015f\u0259sinin h\u0259lli il\u0259 uzaq \u00f6lk\u0259l\u0259r deyil, region \u00f6lk\u0259l\u0259ri m\u0259\u015f\u011ful olsun.\n<\/p>\n<p>\n  <b><br \/>\n    <i><br \/>\n      \u0130kincisi,<br \/>\n    <\/i><br \/>\n  <\/b><br \/>\n  \u00fc\u00e7l\u00fc format\u0131n i\u015fl\u0259k olmas\u0131 \u00fc\u00e7\u00fcn Az\u0259rbaycan v\u0259 Erm\u0259nistan T\u00fcrkiy\u0259-Rusiya-\u0130ran format\u0131n\u0131n Minsk Qrupunu \u0259v\u0259zl\u0259y\u0259c\u0259yini q\u0259bul etm\u0259lidir. Onsuz da Minsk Qrupu format\u0131 \u00f6z\u00fcn\u00fc do\u011frultmur, Amerika il\u0259 Fransan\u0131n m\u00fcnaqi\u015f\u0259nin h\u0259llind\u0259ki rolu minimumdur. Ancaq yeni \u00fc\u00e7l\u00fc format\u0131n q\u0259bulu \u00fc\u00e7\u00fcn r\u0259smi Bak\u0131 Tehran\u0131n, r\u0259smi \u0130r\u0259van is\u0259 Ankaran\u0131n vasit\u0259\u00e7i olmas\u0131na razla\u015fmal\u0131d\u0131r. M\u0259s\u0259l\u0259 buras\u0131ndad\u0131r ki, r\u0259smi Bak\u0131 Tehran\u0131n, r\u0259smi \u0130r\u0259van is\u0259 Ankaran\u0131n vasit\u0259\u00e7iliynd\u0259n ehtiyat edir. Buna baxmayaraq, bu m\u0259s\u0259l\u0259d\u0259 d\u0259 s\u00f6z sahibi Moskva ola bil\u0259r. Kreml, h\u0259m Bak\u0131n\u0131, h\u0259m d\u0259 \u0130r\u0259van\u0131 yeni format\u0131 q\u0259bul etm\u0259y\u0259 raz\u0131 sala bil\u0259r.\n<\/p>\n<p>\n  <b><br \/>\n    <i><br \/>\n      \u00dc\u00e7\u00fcnc\u00fcs\u00fc,<br \/>\n    <\/i><br \/>\n  <\/b><br \/>\n  yeni format\u0131n Da\u011fl\u0131q Qaraba\u011f m\u00fcnaqi\u015f\u0259sinin h\u0259llind\u0259 \u00f6n b\u00f6y\u00fck u\u011furu Erm\u0259nistan hakimiyy\u0259tini \u201cm\u0259rh\u0259l\u0259li h\u0259ll\u201d plan\u0131n\u0131 q\u0259bul etm\u0259si ola bil\u0259r. Bunun qar\u015f\u0131l\u0131\u011f\u0131nda is\u0259 Az\u0259rbaycan v\u0259 T\u00fcrkiy\u0259 Erm\u0259nistanla m\u00fcnasib\u0259tl\u0259ri normalla\u015fd\u0131racaqlar\u0131n\u0131, regional layih\u0259l\u0259r\u0259 qo\u015fulacaqlar\u0131n\u0131 v\u0259d ed\u0259 bil\u0259rl\u0259r. Ancaq at\u0131lacaq add\u0131mlar Rusiya v\u0259 \u0130ran\u0131n da regional maraqlar\u0131na cavab verm\u0259lidir ki, h\u0259m Moskva, h\u0259m d\u0259 Tehran Erm\u0259nistan hakimiyy\u0259tini \u201cm\u0259rh\u0259l\u0259li h\u0259ll\u201d plan\u0131na m\u0259cbur etsinl\u0259r. Moskva v\u0259 Tehran\u0131n regional maraqlar\u0131 t\u0259min olunmadan h\u0259r iki d\u00f6vl\u0259tin Az\u0259rbaycan torpaqlar\u0131n\u0131n i\u015f\u011faldan azad edilm\u0259sind\u0259 maraqlar\u0131 olmayacaq.\n<\/p>\n<p>\n  <b><br \/>\n    \u201cAtlas\u201d Ara\u015fd\u0131rmalar M\u0259rk\u0259zi<br \/>\n  <\/b><\/p>\n","protected":false},"excerpt":{"rendered":"<p>Kreml, h\u0259m Bak\u0131n\u0131, h\u0259m d\u0259 \u0130r\u0259van\u0131 yeni format\u0131 q\u0259bul etm\u0259y\u0259 raz\u0131 sala bil\u0259r<\/p>\n","protected":false},"author":11,"featured_media":75919,"comment_status":"closed","ping_status":"open","sticky":false,"template":"","format":"standard","meta":{"_acf_changed":false,"_sitemap_exclude":false,"_sitemap_priority":"","_sitemap_frequency":"","footnotes":""},"categories":[51],"tags":[],"class_list":["post-181398","post","type-post","status-publish","format-standard","has-post-thumbnail","hentry","category-analitika","infinite-scroll-item","generate-columns","tablet-grid-50","mobile-grid-100","grid-parent","grid-33","no-featured-image-padding"],"acf":[],"yoast_head":"<!-- This site is optimized with the Yoast SEO plugin v27.5 - https:\/\/yoast.com\/product\/yoast-seo-wordpress\/ -->\n<title>TR\u0130:Suriyadan sonra Qaraba\u011fd\u0131rm\u0131? - MEYDAN.TV<\/title>\n<meta name=\"robots\" content=\"index, follow, max-snippet:-1, max-image-preview:large, max-video-preview:-1\" \/>\n<link rel=\"canonical\" href=\"https:\/\/www.meydan.tv\/az\/article\/trisuriyadan-sonra-qarabagdirmi\/\" \/>\n<meta property=\"og:locale\" content=\"az_AZ\" \/>\n<meta property=\"og:type\" content=\"article\" \/>\n<meta property=\"og:title\" content=\"TR\u0130:Suriyadan sonra Qaraba\u011fd\u0131rm\u0131? - MEYDAN.TV\" \/>\n<meta property=\"og:description\" content=\"Kreml, h\u0259m Bak\u0131n\u0131, h\u0259m d\u0259 \u0130r\u0259van\u0131 yeni format\u0131 q\u0259bul etm\u0259y\u0259 raz\u0131 sala bil\u0259r\" \/>\n<meta property=\"og:url\" content=\"https:\/\/www.meydan.tv\/az\/article\/trisuriyadan-sonra-qarabagdirmi\/\" \/>\n<meta property=\"og:site_name\" content=\"MEYDAN.TV\" \/>\n<meta property=\"article:published_time\" content=\"2016-12-21T18:23:13+00:00\" \/>\n<meta property=\"og:image\" content=\"https:\/\/www.meydan.tv\/wp-content\/uploads\/29368.jpg\" \/>\n\t<meta property=\"og:image:width\" content=\"467\" \/>\n\t<meta property=\"og:image:height\" content=\"400\" \/>\n\t<meta property=\"og:image:type\" content=\"image\/jpeg\" \/>\n<meta name=\"author\" content=\"user-manager\" \/>\n<meta name=\"twitter:card\" content=\"summary_large_image\" \/>\n<script type=\"application\/ld+json\" class=\"yoast-schema-graph\">{\"@context\":\"https:\\\/\\\/schema.org\",\"@graph\":[{\"@type\":\"Article\",\"@id\":\"https:\\\/\\\/www.meydan.tv\\\/az\\\/article\\\/trisuriyadan-sonra-qarabagdirmi\\\/#article\",\"isPartOf\":{\"@id\":\"https:\\\/\\\/www.meydan.tv\\\/az\\\/article\\\/trisuriyadan-sonra-qarabagdirmi\\\/\"},\"author\":{\"name\":\"user-manager\",\"@id\":\"https:\\\/\\\/www.meydan.tv\\\/az\\\/#\\\/schema\\\/person\\\/10d11eccf6da3662cf5fdab9806ea91a\"},\"headline\":\"TR\u0130:Suriyadan sonra Qaraba\u011fd\u0131rm\u0131?\",\"datePublished\":\"2016-12-21T18:23:13+00:00\",\"mainEntityOfPage\":{\"@id\":\"https:\\\/\\\/www.meydan.tv\\\/az\\\/article\\\/trisuriyadan-sonra-qarabagdirmi\\\/\"},\"wordCount\":1171,\"publisher\":{\"@id\":\"https:\\\/\\\/www.meydan.tv\\\/az\\\/#organization\"},\"image\":{\"@id\":\"https:\\\/\\\/www.meydan.tv\\\/az\\\/article\\\/trisuriyadan-sonra-qarabagdirmi\\\/#primaryimage\"},\"thumbnailUrl\":\"https:\\\/\\\/www.meydan.tv\\\/wp-content\\\/uploads\\\/29368.jpg\",\"articleSection\":[\"Analitika\"],\"inLanguage\":\"az\"},{\"@type\":\"WebPage\",\"@id\":\"https:\\\/\\\/www.meydan.tv\\\/az\\\/article\\\/trisuriyadan-sonra-qarabagdirmi\\\/\",\"url\":\"https:\\\/\\\/www.meydan.tv\\\/az\\\/article\\\/trisuriyadan-sonra-qarabagdirmi\\\/\",\"name\":\"TR\u0130:Suriyadan sonra Qaraba\u011fd\u0131rm\u0131? - MEYDAN.TV\",\"isPartOf\":{\"@id\":\"https:\\\/\\\/www.meydan.tv\\\/az\\\/#website\"},\"primaryImageOfPage\":{\"@id\":\"https:\\\/\\\/www.meydan.tv\\\/az\\\/article\\\/trisuriyadan-sonra-qarabagdirmi\\\/#primaryimage\"},\"image\":{\"@id\":\"https:\\\/\\\/www.meydan.tv\\\/az\\\/article\\\/trisuriyadan-sonra-qarabagdirmi\\\/#primaryimage\"},\"thumbnailUrl\":\"https:\\\/\\\/www.meydan.tv\\\/wp-content\\\/uploads\\\/29368.jpg\",\"datePublished\":\"2016-12-21T18:23:13+00:00\",\"breadcrumb\":{\"@id\":\"https:\\\/\\\/www.meydan.tv\\\/az\\\/article\\\/trisuriyadan-sonra-qarabagdirmi\\\/#breadcrumb\"},\"inLanguage\":\"az\",\"potentialAction\":[{\"@type\":\"ReadAction\",\"target\":[\"https:\\\/\\\/www.meydan.tv\\\/az\\\/article\\\/trisuriyadan-sonra-qarabagdirmi\\\/\"]}]},{\"@type\":\"ImageObject\",\"inLanguage\":\"az\",\"@id\":\"https:\\\/\\\/www.meydan.tv\\\/az\\\/article\\\/trisuriyadan-sonra-qarabagdirmi\\\/#primaryimage\",\"url\":\"https:\\\/\\\/www.meydan.tv\\\/wp-content\\\/uploads\\\/29368.jpg\",\"contentUrl\":\"https:\\\/\\\/www.meydan.tv\\\/wp-content\\\/uploads\\\/29368.jpg\",\"width\":467,\"height\":400,\"caption\":\"Source:\"},{\"@type\":\"BreadcrumbList\",\"@id\":\"https:\\\/\\\/www.meydan.tv\\\/az\\\/article\\\/trisuriyadan-sonra-qarabagdirmi\\\/#breadcrumb\",\"itemListElement\":[{\"@type\":\"ListItem\",\"position\":1,\"name\":\"Ana s\u0259hif\u0259\",\"item\":\"https:\\\/\\\/www.meydan.tv\\\/az\\\/\"},{\"@type\":\"ListItem\",\"position\":2,\"name\":\"Analitika\",\"item\":\"https:\\\/\\\/www.meydan.tv\\\/az\\\/section\\\/analitika\\\/\"},{\"@type\":\"ListItem\",\"position\":3,\"name\":\"TR\u0130:Suriyadan sonra Qaraba\u011fd\u0131rm\u0131?\"}]},{\"@type\":\"WebSite\",\"@id\":\"https:\\\/\\\/www.meydan.tv\\\/az\\\/#website\",\"url\":\"https:\\\/\\\/www.meydan.tv\\\/az\\\/\",\"name\":\"MEYDAN.TV\",\"description\":\"Meydan TV Az\u0259rbaycan\u0131n media m\u0259kan\u0131ndak\u0131 alternativ s\u0259sidir\",\"publisher\":{\"@id\":\"https:\\\/\\\/www.meydan.tv\\\/az\\\/#organization\"},\"potentialAction\":[{\"@type\":\"SearchAction\",\"target\":{\"@type\":\"EntryPoint\",\"urlTemplate\":\"https:\\\/\\\/www.meydan.tv\\\/az\\\/?s={search_term_string}\"},\"query-input\":{\"@type\":\"PropertyValueSpecification\",\"valueRequired\":true,\"valueName\":\"search_term_string\"}}],\"inLanguage\":\"az\"},{\"@type\":\"Organization\",\"@id\":\"https:\\\/\\\/www.meydan.tv\\\/az\\\/#organization\",\"name\":\"Meydan TV\",\"url\":\"https:\\\/\\\/www.meydan.tv\\\/az\\\/\",\"logo\":{\"@type\":\"ImageObject\",\"inLanguage\":\"az\",\"@id\":\"https:\\\/\\\/www.meydan.tv\\\/az\\\/#\\\/schema\\\/logo\\\/image\\\/\",\"url\":\"https:\\\/\\\/www.meydan.tv\\\/wp-content\\\/uploads\\\/2021\\\/07\\\/meydan-logo.svg\",\"contentUrl\":\"https:\\\/\\\/www.meydan.tv\\\/wp-content\\\/uploads\\\/2021\\\/07\\\/meydan-logo.svg\",\"width\":195,\"height\":46,\"caption\":\"Meydan TV\"},\"image\":{\"@id\":\"https:\\\/\\\/www.meydan.tv\\\/az\\\/#\\\/schema\\\/logo\\\/image\\\/\"}},{\"@type\":\"Person\",\"@id\":\"https:\\\/\\\/www.meydan.tv\\\/az\\\/#\\\/schema\\\/person\\\/10d11eccf6da3662cf5fdab9806ea91a\",\"name\":\"user-manager\"}]}<\/script>\n<!-- \/ Yoast SEO plugin. -->","yoast_head_json":{"title":"TR\u0130:Suriyadan sonra Qaraba\u011fd\u0131rm\u0131? - MEYDAN.TV","robots":{"index":"index","follow":"follow","max-snippet":"max-snippet:-1","max-image-preview":"max-image-preview:large","max-video-preview":"max-video-preview:-1"},"canonical":"https:\/\/www.meydan.tv\/az\/article\/trisuriyadan-sonra-qarabagdirmi\/","og_locale":"az_AZ","og_type":"article","og_title":"TR\u0130:Suriyadan sonra Qaraba\u011fd\u0131rm\u0131? - MEYDAN.TV","og_description":"Kreml, h\u0259m Bak\u0131n\u0131, h\u0259m d\u0259 \u0130r\u0259van\u0131 yeni format\u0131 q\u0259bul etm\u0259y\u0259 raz\u0131 sala bil\u0259r","og_url":"https:\/\/www.meydan.tv\/az\/article\/trisuriyadan-sonra-qarabagdirmi\/","og_site_name":"MEYDAN.TV","article_published_time":"2016-12-21T18:23:13+00:00","og_image":[{"width":467,"height":400,"url":"https:\/\/www.meydan.tv\/wp-content\/uploads\/29368.jpg","type":"image\/jpeg"}],"author":"user-manager","twitter_card":"summary_large_image","schema":{"@context":"https:\/\/schema.org","@graph":[{"@type":"Article","@id":"https:\/\/www.meydan.tv\/az\/article\/trisuriyadan-sonra-qarabagdirmi\/#article","isPartOf":{"@id":"https:\/\/www.meydan.tv\/az\/article\/trisuriyadan-sonra-qarabagdirmi\/"},"author":{"name":"user-manager","@id":"https:\/\/www.meydan.tv\/az\/#\/schema\/person\/10d11eccf6da3662cf5fdab9806ea91a"},"headline":"TR\u0130:Suriyadan sonra Qaraba\u011fd\u0131rm\u0131?","datePublished":"2016-12-21T18:23:13+00:00","mainEntityOfPage":{"@id":"https:\/\/www.meydan.tv\/az\/article\/trisuriyadan-sonra-qarabagdirmi\/"},"wordCount":1171,"publisher":{"@id":"https:\/\/www.meydan.tv\/az\/#organization"},"image":{"@id":"https:\/\/www.meydan.tv\/az\/article\/trisuriyadan-sonra-qarabagdirmi\/#primaryimage"},"thumbnailUrl":"https:\/\/www.meydan.tv\/wp-content\/uploads\/29368.jpg","articleSection":["Analitika"],"inLanguage":"az"},{"@type":"WebPage","@id":"https:\/\/www.meydan.tv\/az\/article\/trisuriyadan-sonra-qarabagdirmi\/","url":"https:\/\/www.meydan.tv\/az\/article\/trisuriyadan-sonra-qarabagdirmi\/","name":"TR\u0130:Suriyadan sonra Qaraba\u011fd\u0131rm\u0131? - MEYDAN.TV","isPartOf":{"@id":"https:\/\/www.meydan.tv\/az\/#website"},"primaryImageOfPage":{"@id":"https:\/\/www.meydan.tv\/az\/article\/trisuriyadan-sonra-qarabagdirmi\/#primaryimage"},"image":{"@id":"https:\/\/www.meydan.tv\/az\/article\/trisuriyadan-sonra-qarabagdirmi\/#primaryimage"},"thumbnailUrl":"https:\/\/www.meydan.tv\/wp-content\/uploads\/29368.jpg","datePublished":"2016-12-21T18:23:13+00:00","breadcrumb":{"@id":"https:\/\/www.meydan.tv\/az\/article\/trisuriyadan-sonra-qarabagdirmi\/#breadcrumb"},"inLanguage":"az","potentialAction":[{"@type":"ReadAction","target":["https:\/\/www.meydan.tv\/az\/article\/trisuriyadan-sonra-qarabagdirmi\/"]}]},{"@type":"ImageObject","inLanguage":"az","@id":"https:\/\/www.meydan.tv\/az\/article\/trisuriyadan-sonra-qarabagdirmi\/#primaryimage","url":"https:\/\/www.meydan.tv\/wp-content\/uploads\/29368.jpg","contentUrl":"https:\/\/www.meydan.tv\/wp-content\/uploads\/29368.jpg","width":467,"height":400,"caption":"Source:"},{"@type":"BreadcrumbList","@id":"https:\/\/www.meydan.tv\/az\/article\/trisuriyadan-sonra-qarabagdirmi\/#breadcrumb","itemListElement":[{"@type":"ListItem","position":1,"name":"Ana s\u0259hif\u0259","item":"https:\/\/www.meydan.tv\/az\/"},{"@type":"ListItem","position":2,"name":"Analitika","item":"https:\/\/www.meydan.tv\/az\/section\/analitika\/"},{"@type":"ListItem","position":3,"name":"TR\u0130:Suriyadan sonra Qaraba\u011fd\u0131rm\u0131?"}]},{"@type":"WebSite","@id":"https:\/\/www.meydan.tv\/az\/#website","url":"https:\/\/www.meydan.tv\/az\/","name":"MEYDAN.TV","description":"Meydan TV Az\u0259rbaycan\u0131n media m\u0259kan\u0131ndak\u0131 alternativ s\u0259sidir","publisher":{"@id":"https:\/\/www.meydan.tv\/az\/#organization"},"potentialAction":[{"@type":"SearchAction","target":{"@type":"EntryPoint","urlTemplate":"https:\/\/www.meydan.tv\/az\/?s={search_term_string}"},"query-input":{"@type":"PropertyValueSpecification","valueRequired":true,"valueName":"search_term_string"}}],"inLanguage":"az"},{"@type":"Organization","@id":"https:\/\/www.meydan.tv\/az\/#organization","name":"Meydan TV","url":"https:\/\/www.meydan.tv\/az\/","logo":{"@type":"ImageObject","inLanguage":"az","@id":"https:\/\/www.meydan.tv\/az\/#\/schema\/logo\/image\/","url":"https:\/\/www.meydan.tv\/wp-content\/uploads\/2021\/07\/meydan-logo.svg","contentUrl":"https:\/\/www.meydan.tv\/wp-content\/uploads\/2021\/07\/meydan-logo.svg","width":195,"height":46,"caption":"Meydan TV"},"image":{"@id":"https:\/\/www.meydan.tv\/az\/#\/schema\/logo\/image\/"}},{"@type":"Person","@id":"https:\/\/www.meydan.tv\/az\/#\/schema\/person\/10d11eccf6da3662cf5fdab9806ea91a","name":"user-manager"}]}},"_links":{"self":[{"href":"https:\/\/www.meydan.tv\/az\/wp-json\/wp\/v2\/posts\/181398","targetHints":{"allow":["GET"]}}],"collection":[{"href":"https:\/\/www.meydan.tv\/az\/wp-json\/wp\/v2\/posts"}],"about":[{"href":"https:\/\/www.meydan.tv\/az\/wp-json\/wp\/v2\/types\/post"}],"author":[{"embeddable":true,"href":"https:\/\/www.meydan.tv\/az\/wp-json\/wp\/v2\/users\/11"}],"replies":[{"embeddable":true,"href":"https:\/\/www.meydan.tv\/az\/wp-json\/wp\/v2\/comments?post=181398"}],"version-history":[{"count":0,"href":"https:\/\/www.meydan.tv\/az\/wp-json\/wp\/v2\/posts\/181398\/revisions"}],"wp:featuredmedia":[{"embeddable":true,"href":"https:\/\/www.meydan.tv\/az\/wp-json\/wp\/v2\/media\/75919"}],"wp:attachment":[{"href":"https:\/\/www.meydan.tv\/az\/wp-json\/wp\/v2\/media?parent=181398"}],"wp:term":[{"taxonomy":"category","embeddable":true,"href":"https:\/\/www.meydan.tv\/az\/wp-json\/wp\/v2\/categories?post=181398"},{"taxonomy":"post_tag","embeddable":true,"href":"https:\/\/www.meydan.tv\/az\/wp-json\/wp\/v2\/tags?post=181398"}],"curies":[{"name":"wp","href":"https:\/\/api.w.org\/{rel}","templated":true}]}}