{"id":181377,"date":"2016-12-20T16:54:42","date_gmt":"2016-12-20T16:54:42","guid":{"rendered":"https:\/\/www.meydan.tv\/article\/meselen-277-milyon-manatliq-sehiyye-muemmasi\/"},"modified":"2016-12-20T16:54:42","modified_gmt":"2016-12-20T16:54:42","slug":"meselen-277-milyon-manatliq-sehiyye-muemmasi","status":"publish","type":"post","link":"https:\/\/www.meydan.tv\/az\/article\/meselen-277-milyon-manatliq-sehiyye-muemmasi\/","title":{"rendered":"M\u0259s\u0259l\u0259n, 277 milyon manatl\u0131q s\u0259hiyy\u0259 m\u00fc\u0259mmas\u0131&#8230;"},"content":{"rendered":"<figure class=\"wp-block-image size-large\">\n  <img decoding=\"async\" src=\"https:\/\/www.meydan.tv\/az\/sahveled-cobanoglu-6\/\" alt=\"\u015eahv\u0259l\u0259d \u00c7obano\u011flu\" class=\"wp-image-73950\"\/><figcaption>\n    \u015eahv\u0259l\u0259d \u00c7obano\u011flu<br \/>\n  <\/figcaption><\/figure>\n<figure class=\"wp-block-image size-large\">\n  <img decoding=\"async\" src=\"https:\/\/www.meydan.tv\/az\/sahveled-cobanoglu-7\/\" alt=\"\u015eahv\u0259l\u0259d \u00c7obano\u011flu\" class=\"wp-image-73953\"\/><figcaption>\n    \u015eahv\u0259l\u0259d \u00c7obano\u011flu<br \/>\n  <\/figcaption><\/figure>\n<p>\n  Tibbi s\u0131\u011fortan\u0131n t\u0259tbiqi bu g\u00fcn bizim \u00fc\u00e7\u00fcn t\u0259cili can v\u0259 l\u0259yaq\u0259t davas\u0131d\u0131r. \u0130ndi onu t\u0259l\u0259b etm\u0259k &#8220;Az\u0259rbaycan\u0131n Gilqame\u015f dastan\u0131&#8221;d\u0131r&#8230;\n<\/p>\n<p>\n  <b><br \/>\n    Be\u015finci (yekun) yaz\u0131<br \/>\n  <\/b>\n<\/p>\n<p>\n  A\u011f\u0131r x\u0259st\u0259l\u0259nmi\u015f yax\u0131n\u0131n\u0131 atan adamlara siz n\u0259 dey\u0259rdiniz? Cavab\u0131 g\u00f6zl\u0259m\u0259d\u0259n ikinci suala ke\u00e7\u0259rdim: b\u0259s x\u0259st\u0259 v\u0259t\u0259nda\u015f\u0131n\u0131 atm\u0131\u015f d\u00f6vl\u0259t\u0259 nec\u0259 baxard\u0131n\u0131z? B\u0259zil\u0259ri &#8220;d\u00f6vl\u0259t\u00e7ilik&#8221; dey\u0259nd\u0259 el\u0259 ba\u011f\u0131r\u0131rlar ki, el\u0259 bil ki, camaat kard\u0131r, kordur, a\u011f\u0131ls\u0131z, f\u0259hmsizdir. D\u00f6vl\u0259tin \u0259sl mahiyy\u0259tini v\u0259 funksiyan\u0131 anlamaq \u00fc\u00e7\u00fcn siyas\u0259t\u015f\u00fcnasl\u0131q fak\u00fclt\u0259si bitirm\u0259k g\u0259r\u0259k deyil. Bizim \u00e7a\u011fda x\u0259st\u0259l\u0259nmi\u015f v\u0259t\u0259nda\u015f\u0131n\u0131 atan, sin\u0259sin\u0259 \u00e7\u0259km\u0259y\u0259n d\u00f6vl\u0259tin ay\u0131b\u0131n\u0131 d\u00f6vl\u0259t\u00e7ilik kimi ur-tpatriot m\u0259nas\u0131zl\u0131qlarla gizl\u0259tm\u0259k m\u00fcmk\u00fcn deyil. Torpaq u\u011frunda d\u00f6y\u00fc\u015fm\u00fc\u015f adam da xeyirxahlardan \u015f\u0259fa k\u00f6m\u0259yi dil\u0259yirs\u0259, dem\u0259li, d\u00f6vl\u0259t bizi \u00e7oxdan at\u0131b&#8230;\n<\/p>\n<p>\n  G\u00fcrc\u00fcstan b\u00fcdc\u0259sind\u0259 adamba\u015f\u0131na d\u00fc\u015f\u0259n s\u0259hiyy\u0259 x\u0259rcl\u0259ri Az\u0259rbaycan\u0131n s\u0259hiyy\u0259 x\u0259rcl\u0259rinin h\u0259r adama d\u00fc\u015f\u0259n pay\u0131ndan \u00e7oxdur. Bu da siz\u0259 neft s\u0259lt\u0259n\u0259ti, G\u00fcrc\u00fcstana k\u00f6m\u0259k ed\u0259n, g\u00fcz\u0259\u015ftl\u0259r ed\u0259n Az\u0259rbaycan!\n<\/p>\n<p>\n  Lakin \u0259ksin\u0259 olsayd\u0131, y\u0259ni bizd\u0259 adamba\u015f\u0131na s\u0259hiyy\u0259 x\u0259rcl\u0259ri h\u0259tta qat-qat \u00e7ox olsayd\u0131 da, n\u0259 xeyri vard\u0131! Biz \u00f6z cibimizl\u0259 m\u00fcayin\u0259 v\u0259 m\u00fcalic\u0259 olunmuruqmu?!\n<\/p>\n<p>\n  Tam korrupsiyala\u015fm\u0131\u015f, effektsiz, keyfiyy\u0259tsiz, tibbi etikadan, humanizm v\u0259 h\u00fcquqdan \u00e7ox uzaq olan bir s\u0259hiyy\u0259 sistemi yaln\u0131z az sayda vicdanl\u0131 v\u0259 bacar\u0131ql\u0131 h\u0259kiml\u0259rin say\u0259sind\u0259 n\u0259y\u0259s\u0259 yaraya bil\u0259r. Ba\u015fqa halda, x\u0259st\u0259liyini sa\u011faltmaq \u0259v\u0259zin\u0259, daha bir x\u0259st\u0259lik qazanmaq \u00fc\u00e7\u00fcn onun qap\u0131s\u0131n\u0131 a\u00e7m\u0131\u015f olursan. \u00dcst\u0259lik, buna g\u00f6r\u0259 s\u0259n \u00f6d\u0259ni\u015f d\u0259 edirs\u0259n.\n<\/p>\n<p>\n  G\u0259lin Az\u0259rbaycanda s\u0259hiyy\u0259 x\u0259rcl\u0259rinin n\u0259y\u0259 ayr\u0131ld\u0131\u011f\u0131na baxaq. Maliyy\u0259 Nazirliyinin sayt\u0131nda &#8220;B\u00fcdc\u0259 t\u0259qdimat\u0131&#8221; adl\u0131 s\u0259n\u0259din s\u0259hiyy\u0259y\u0259 aid b\u00f6lm\u0259sind\u0259 2016-c\u0131 ilin b\u00fcdc\u0259 x\u0259rcl\u0259rin\u0259 aid diaqram verilib, 744,9 milyon manat h\u0259cmind\u0259 v\u0259saitin hara x\u0259rcl\u0259nm\u0259si g\u00f6st\u0259rilir. Diqq\u0259t edin, b\u0259n\u00f6v\u015f\u0259yi r\u0259ngli 277,1 milyon manat (37,2%) S\u018fH\u0130YY\u018f SAH\u018fS\u0130ND\u018f T\u018fTB\u0130Q\u0130 T\u018fDQ\u0130QATLAR \u00fc\u00e7\u00fcn n\u0259z\u0259rd\u0259 tutulub. Bu n\u0259 dem\u0259kdir g\u00f6r\u0259s\u0259n? X\u0259st\u0259xanalara, poliklinikalara v\u0259 s. qurumlara x\u0259rcl\u0259r ayr\u0131ca yaz\u0131l\u0131bsa, bu q\u0259d\u0259r v\u0259sait n\u0259dir t\u0259dqiqatlar \u00fc\u00e7\u00fcn? Bunu nec\u0259 anlayaq?\n<\/p>\n<figure class=\"wp-block-image size-large\">\n  <img decoding=\"async\" src=\"https:\/\/www.meydan.tv\/az\/75844\/\" alt=\"\" class=\"wp-image-75844\"\/><figcaption><\/figcaption><\/figure>\n<p>\n  Bizim s\u0259hiyy\u0259miz d\u0259, x\u0259rcl\u0259ri d\u0259 o c\u00fcr anla\u015f\u0131lmazd\u0131r. Pulsuzdur, amma pulludur. M\u00fcalic\u0259 etm\u0259lidir, etmir. Sa\u011faltmal\u0131d\u0131r, \u00f6z\u00fc x\u0259st\u0259dir.\n<\/p>\n<p>\n  G\u00fcrc\u00fcstan n\u0259 etdi? Proqram q\u0259bul etdi, \u00f6lk\u0259d\u0259 100 m\u00fcasir x\u0259st\u0259xana tikdirdi v\u0259 ya b\u0259rpa etdirdi, sonra da onlar\u0131 i\u015fi g\u00f6r\u0259n investorlar\u0131n \u00f6z\u0259ll\u0259\u015fdirm\u0259sin\u0259 verdi. Bu 100 v\u0259 dig\u0259r x\u0259st\u0259xanalar el\u0259 sal\u0131nd\u0131 ki, h\u0259r k\u0259s evind\u0259n uza\u011f\u0131 45 km aral\u0131da az\u0131 bir x\u0259st\u0259xanaya yet\u0259 bilsin. \u0130slahatlar ba\u015flayandan bir ne\u00e7\u0259 il\u0259 h\u0259r iki v\u0259t\u0259nda\u015fdan birinin tibbi s\u0131\u011forta vau\u00e7eri vard\u0131, t\u0259bii ki, azt\u0259minatl\u0131 ail\u0259l\u0259rd\u0259n s\u00f6hb\u0259t gedir. &#8220;5 lariy\u0259 tibbi s\u0131\u011forta al&#8221; ( o zaman 5 lari 3 manat el\u0259mirdi) proqram\u0131 da bir yandan ba\u015flad\u0131. Davam\u0131nda kommersiya tibbi s\u0131\u011fortas\u0131n\u0131 inki\u015faf etdirdil\u0259r. \u018fcza\u00e7\u0131l\u0131q v\u0259 aptek sistemini m\u00fck\u0259mm\u0259l hala g\u0259tirdil\u0259r. Korrupsiya r\u0259dd olub getdi d\u0259rhal. D\u0259rmanlar\u0131n qiym\u0259ti d\u00fc\u015fd\u00fc. R\u0259qab\u0259t\u0259 gir\u0259n yeni x\u0259st\u0259xanalar keyfiyy\u0259tli xidm\u0259t t\u0259klif etm\u0259y\u0259 \u00e7al\u0131\u015fd\u0131lar. AB\u015e-la birg\u0259 250 milyon dollarl\u0131q \u0259n n\u0259h\u0259ng laboratoriya m\u0259rk\u0259zi quruldu. S\u0259hiyy\u0259 Nazirliyinin \u0259m\u0259kda\u015flar\u0131n\u0131n say\u0131 2000-d\u0259n 200-\u0259 endi. Nazirlik binas\u0131n\u0131n bo\u015falan sah\u0259sini icar\u0259y\u0259 verdi. H\u0259kiml\u0259r 1500 dollardan yuxar\u0131 maa\u015f alma\u011fa ba\u015flad\u0131.\n<\/p>\n<p>\n  G\u00fcrc\u00fcstan s\u0259hiyy\u0259si d\u0259 \u0259n yax\u015f\u0131 deyil. H\u0259l\u0259 kas\u0131bd\u0131r, h\u0259l\u0259 \u00e7ox probleml\u0259ri var. Amma biz\u0259 baxanda Avropa kimi \u0259l\u00e7atmaz g\u00f6r\u00fcn\u00fcr. \u018fn ba\u015fl\u0131cas\u0131, xalq\u0131n i\u015fin\u0259 yaray\u0131r. Orada x\u0259st\u0259 adam\u0131 d\u00f6vl\u0259t atm\u0131r. Onu do\u011fmalar\u0131 bel\u0259 atsa, yan\u0131nda d\u00f6vl\u0259ti var. Ba\u015flanan yol d\u00fczg\u00fcnd\u00fcr. Vicdanl\u0131d\u0131r. Xalq \u00fc\u00e7\u00fcnd\u00fcr. S\u0259m\u0259r\u0259lidir. Faydal\u0131d\u0131r.\n<\/p>\n<p>\n  D\u00f6vl\u0259t b\u00fcdc\u0259mizd\u0259n s\u0259hiyy\u0259 x\u0259rci olaraq h\u0259r v\u0259t\u0259nda\u015fa t\u0259xmin\u0259n 80 manat \u0259traf\u0131nda pul ayr\u0131l\u0131r. G\u00fcrc\u00fcstan t\u0259cr\u00fcb\u0259si g\u00f6st\u0259rir ki, bunun yar\u0131s\u0131na (40 manata) v\u0259t\u0259nda\u015fa tibbi s\u0131\u011forta paketi t\u0259qdim edils\u0259, \u00f6lk\u0259 bundan 80 d\u0259f\u0259 \u00e7ox qazanm\u0131\u015f olard\u0131. Bu islahat\u0131n apar\u0131lmamas\u0131, ill\u0259rdir ka\u011f\u0131z \u00fcz\u0259rind\u0259 qalmas\u0131 Az\u0259rbaycan v\u0259t\u0259nda\u015flar\u0131na a\u00e7\u0131q-a\u015fkar c\u0259zad\u0131r.\n<\/p>\n<p>\n  Bir d\u0259f\u0259 orta t\u0259minatl\u0131 bir soyda\u015f\u0131m\u0131z m\u0259n\u0259 \u00e7ox a\u011fr\u0131l\u0131 bir m\u0259qam\u0131 b\u00f6l\u00fc\u015fd\u00fc. H\u0259min adam deyirdi ki, \u0259trafda imkans\u0131z adamlar x\u0259st\u0259l\u0259nir, k\u00f6m\u0259k etdiyin\u0259 edir, ed\u0259 bilm\u0259diyin\u0259 g\u00f6r\u0259 x\u0259cal\u0259t t\u0259ri \u00e7\u0259kir: &#8220;Yuxuma girir. \u018fzab \u00e7\u0259kir\u0259m. B\u0259z\u0259n imkan \u00e7atm\u0131r, k\u00f6m\u0259k ets\u0259m u\u015faqlar\u0131m\u0131 normal ya\u015fada v\u0259 oxuda bilmir\u0259m. Bir ne\u00e7\u0259 adama k\u00f6m\u0259k etm\u0259kl\u0259 is\u0259 rahatl\u0131q tapa bilmir\u0259m, amma ham\u0131ya da g\u00fcc\u00fcm \u00e7atm\u0131r. L\u0259yaq\u0259tli hiss ed\u0259 bilmir\u0259m \u00f6z\u00fcm\u00fc&#8221;.\n<\/p>\n<p>\n  Ona g\u00f6r\u0259 d\u0259, bu s\u0259hiyy\u0259 h\u0259kim\u0259 d\u0259, x\u0259st\u0259y\u0259 d\u0259, sa\u011flama da c\u0259zad\u0131r!\n<\/p>\n<p>\n  Ona g\u00f6r\u0259 tibbi s\u0131\u011forta h\u0259m d\u0259 l\u0259yaq\u0259t m\u0259s\u0259l\u0259sidir. \u018fl a\u00e7maq asan deyil ax\u0131, \u0259l a\u00e7ana k\u00f6m\u0259k ed\u0259 bilm\u0259m\u0259k d\u0259 asan deyil. \u00c7ox \u00e7\u0259tindir bu durum.\n<\/p>\n<p>\n  \u0130gid Gilqame\u015f g\u0259nc dostuna d\u0259rman tapa bilm\u0259di, a\u011flay\u0131b-a\u011flay\u0131b, Tanr\u0131lardan hesab sorma\u011fa getdi. B\u0259s biz n\u0259 ed\u0259k? Bu c\u0259za il\u0259 ya\u015famal\u0131y\u0131qm\u0131 h\u0259mi\u015f\u0259?!\n<\/p>\n<p>\n  (Tibbi s\u0131\u011fortan\u0131n vacibliyi bar\u0259d\u0259 daha 5, yaxud da daha \u00e7ox m\u0259qal\u0259 yazma\u011fa d\u0259y\u0259r. Amma yaranm\u0131\u015f duruma bax\u0131\u015f\u0131m\u0131 anlatmaq \u00fc\u00e7\u00fcn bu q\u0259d\u0259ri il\u0259 kifay\u0259tl\u0259nm\u0259li oldum. M\u00f6vzu is\u0259 h\u0259r k\u0259s\u0259 a\u00e7\u0131qd\u0131r, \u00fcst\u0259lik, h\u0259r k\u0259s \u00fc\u00e7\u00fcn bir v\u0259zif\u0259dir.)\n<\/p>\n<p>\n  <i><br \/>\n    <b><br \/>\n      Yaz\u0131 m\u00fc\u0259llifin fikirl\u0259rini \u0259ks etdirir v\u0259 Meydan TV-nin m\u00f6vqeyi il\u0259 \u00fcst-\u00fcst\u0259 d\u00fc\u015fm\u0259y\u0259 bil\u0259r.<br \/>\n    <\/b><br \/>\n  <\/i><\/p>\n","protected":false},"excerpt":{"rendered":"<p>Tibbi s\u0131\u011fortan\u0131n t\u0259tbiqi bu g\u00fcn bizim \u00fc\u00e7\u00fcn t\u0259cili can v\u0259 l\u0259yaq\u0259t davas\u0131d\u0131r. \u0130ndi onu t\u0259l\u0259b etm\u0259k &#8220;Az\u0259rbaycan\u0131n Gilqame\u015f dastan\u0131&#8221;d\u0131r&#8230;<\/p>\n","protected":false},"author":11,"featured_media":73950,"comment_status":"closed","ping_status":"open","sticky":false,"template":"","format":"standard","meta":{"_acf_changed":false,"_sitemap_exclude":false,"_sitemap_priority":"","_sitemap_frequency":"","footnotes":""},"categories":[57],"tags":[],"class_list":["post-181377","post","type-post","status-publish","format-standard","has-post-thumbnail","hentry","category-menim-fikrimce","infinite-scroll-item","generate-columns","tablet-grid-50","mobile-grid-100","grid-parent","grid-33","no-featured-image-padding"],"acf":[],"yoast_head":"<!-- This site is optimized with the Yoast SEO plugin v27.5 - https:\/\/yoast.com\/product\/yoast-seo-wordpress\/ -->\n<title>M\u0259s\u0259l\u0259n, 277 milyon manatl\u0131q s\u0259hiyy\u0259 m\u00fc\u0259mmas\u0131... - MEYDAN.TV<\/title>\n<meta name=\"robots\" content=\"index, follow, max-snippet:-1, max-image-preview:large, max-video-preview:-1\" \/>\n<link rel=\"canonical\" href=\"https:\/\/www.meydan.tv\/az\/article\/meselen-277-milyon-manatliq-sehiyye-muemmasi\/\" \/>\n<meta property=\"og:locale\" content=\"az_AZ\" \/>\n<meta property=\"og:type\" content=\"article\" \/>\n<meta property=\"og:title\" content=\"M\u0259s\u0259l\u0259n, 277 milyon manatl\u0131q s\u0259hiyy\u0259 m\u00fc\u0259mmas\u0131... - MEYDAN.TV\" \/>\n<meta property=\"og:description\" content=\"Tibbi s\u0131\u011fortan\u0131n t\u0259tbiqi bu g\u00fcn bizim \u00fc\u00e7\u00fcn t\u0259cili can v\u0259 l\u0259yaq\u0259t davas\u0131d\u0131r. \u0130ndi onu t\u0259l\u0259b etm\u0259k &quot;Az\u0259rbaycan\u0131n Gilqame\u015f dastan\u0131&quot;d\u0131r...\" \/>\n<meta property=\"og:url\" content=\"https:\/\/www.meydan.tv\/az\/article\/meselen-277-milyon-manatliq-sehiyye-muemmasi\/\" \/>\n<meta property=\"og:site_name\" content=\"MEYDAN.TV\" \/>\n<meta property=\"article:published_time\" content=\"2016-12-20T16:54:42+00:00\" \/>\n<meta property=\"og:image\" content=\"https:\/\/www.meydan.tv\/wp-content\/uploads\/28553.jpg\" \/>\n\t<meta property=\"og:image:width\" content=\"500\" \/>\n\t<meta property=\"og:image:height\" content=\"300\" \/>\n\t<meta property=\"og:image:type\" content=\"image\/jpeg\" \/>\n<meta name=\"author\" content=\"user-manager\" \/>\n<meta name=\"twitter:card\" content=\"summary_large_image\" \/>\n<script type=\"application\/ld+json\" class=\"yoast-schema-graph\">{\"@context\":\"https:\\\/\\\/schema.org\",\"@graph\":[{\"@type\":\"Article\",\"@id\":\"https:\\\/\\\/www.meydan.tv\\\/az\\\/article\\\/meselen-277-milyon-manatliq-sehiyye-muemmasi\\\/#article\",\"isPartOf\":{\"@id\":\"https:\\\/\\\/www.meydan.tv\\\/az\\\/article\\\/meselen-277-milyon-manatliq-sehiyye-muemmasi\\\/\"},\"author\":{\"name\":\"user-manager\",\"@id\":\"https:\\\/\\\/www.meydan.tv\\\/az\\\/#\\\/schema\\\/person\\\/10d11eccf6da3662cf5fdab9806ea91a\"},\"headline\":\"M\u0259s\u0259l\u0259n, 277 milyon manatl\u0131q s\u0259hiyy\u0259 m\u00fc\u0259mmas\u0131&#8230;\",\"datePublished\":\"2016-12-20T16:54:42+00:00\",\"mainEntityOfPage\":{\"@id\":\"https:\\\/\\\/www.meydan.tv\\\/az\\\/article\\\/meselen-277-milyon-manatliq-sehiyye-muemmasi\\\/\"},\"wordCount\":1202,\"publisher\":{\"@id\":\"https:\\\/\\\/www.meydan.tv\\\/az\\\/#organization\"},\"image\":{\"@id\":\"https:\\\/\\\/www.meydan.tv\\\/az\\\/article\\\/meselen-277-milyon-manatliq-sehiyye-muemmasi\\\/#primaryimage\"},\"thumbnailUrl\":\"https:\\\/\\\/www.meydan.tv\\\/wp-content\\\/uploads\\\/28553.jpg\",\"articleSection\":[\"M\u0259nim Fikrimc\u0259\"],\"inLanguage\":\"az\"},{\"@type\":\"WebPage\",\"@id\":\"https:\\\/\\\/www.meydan.tv\\\/az\\\/article\\\/meselen-277-milyon-manatliq-sehiyye-muemmasi\\\/\",\"url\":\"https:\\\/\\\/www.meydan.tv\\\/az\\\/article\\\/meselen-277-milyon-manatliq-sehiyye-muemmasi\\\/\",\"name\":\"M\u0259s\u0259l\u0259n, 277 milyon manatl\u0131q s\u0259hiyy\u0259 m\u00fc\u0259mmas\u0131... - MEYDAN.TV\",\"isPartOf\":{\"@id\":\"https:\\\/\\\/www.meydan.tv\\\/az\\\/#website\"},\"primaryImageOfPage\":{\"@id\":\"https:\\\/\\\/www.meydan.tv\\\/az\\\/article\\\/meselen-277-milyon-manatliq-sehiyye-muemmasi\\\/#primaryimage\"},\"image\":{\"@id\":\"https:\\\/\\\/www.meydan.tv\\\/az\\\/article\\\/meselen-277-milyon-manatliq-sehiyye-muemmasi\\\/#primaryimage\"},\"thumbnailUrl\":\"https:\\\/\\\/www.meydan.tv\\\/wp-content\\\/uploads\\\/28553.jpg\",\"datePublished\":\"2016-12-20T16:54:42+00:00\",\"breadcrumb\":{\"@id\":\"https:\\\/\\\/www.meydan.tv\\\/az\\\/article\\\/meselen-277-milyon-manatliq-sehiyye-muemmasi\\\/#breadcrumb\"},\"inLanguage\":\"az\",\"potentialAction\":[{\"@type\":\"ReadAction\",\"target\":[\"https:\\\/\\\/www.meydan.tv\\\/az\\\/article\\\/meselen-277-milyon-manatliq-sehiyye-muemmasi\\\/\"]}]},{\"@type\":\"ImageObject\",\"inLanguage\":\"az\",\"@id\":\"https:\\\/\\\/www.meydan.tv\\\/az\\\/article\\\/meselen-277-milyon-manatliq-sehiyye-muemmasi\\\/#primaryimage\",\"url\":\"https:\\\/\\\/www.meydan.tv\\\/wp-content\\\/uploads\\\/28553.jpg\",\"contentUrl\":\"https:\\\/\\\/www.meydan.tv\\\/wp-content\\\/uploads\\\/28553.jpg\",\"width\":500,\"height\":300,\"caption\":\"Source:\"},{\"@type\":\"BreadcrumbList\",\"@id\":\"https:\\\/\\\/www.meydan.tv\\\/az\\\/article\\\/meselen-277-milyon-manatliq-sehiyye-muemmasi\\\/#breadcrumb\",\"itemListElement\":[{\"@type\":\"ListItem\",\"position\":1,\"name\":\"Ana s\u0259hif\u0259\",\"item\":\"https:\\\/\\\/www.meydan.tv\\\/az\\\/\"},{\"@type\":\"ListItem\",\"position\":2,\"name\":\"M\u0259nim Fikrimc\u0259\",\"item\":\"https:\\\/\\\/www.meydan.tv\\\/az\\\/section\\\/menim-fikrimce\\\/\"},{\"@type\":\"ListItem\",\"position\":3,\"name\":\"M\u0259s\u0259l\u0259n, 277 milyon manatl\u0131q s\u0259hiyy\u0259 m\u00fc\u0259mmas\u0131&#8230;\"}]},{\"@type\":\"WebSite\",\"@id\":\"https:\\\/\\\/www.meydan.tv\\\/az\\\/#website\",\"url\":\"https:\\\/\\\/www.meydan.tv\\\/az\\\/\",\"name\":\"MEYDAN.TV\",\"description\":\"Meydan TV Az\u0259rbaycan\u0131n media m\u0259kan\u0131ndak\u0131 alternativ s\u0259sidir\",\"publisher\":{\"@id\":\"https:\\\/\\\/www.meydan.tv\\\/az\\\/#organization\"},\"potentialAction\":[{\"@type\":\"SearchAction\",\"target\":{\"@type\":\"EntryPoint\",\"urlTemplate\":\"https:\\\/\\\/www.meydan.tv\\\/az\\\/?s={search_term_string}\"},\"query-input\":{\"@type\":\"PropertyValueSpecification\",\"valueRequired\":true,\"valueName\":\"search_term_string\"}}],\"inLanguage\":\"az\"},{\"@type\":\"Organization\",\"@id\":\"https:\\\/\\\/www.meydan.tv\\\/az\\\/#organization\",\"name\":\"Meydan TV\",\"url\":\"https:\\\/\\\/www.meydan.tv\\\/az\\\/\",\"logo\":{\"@type\":\"ImageObject\",\"inLanguage\":\"az\",\"@id\":\"https:\\\/\\\/www.meydan.tv\\\/az\\\/#\\\/schema\\\/logo\\\/image\\\/\",\"url\":\"https:\\\/\\\/www.meydan.tv\\\/wp-content\\\/uploads\\\/2021\\\/07\\\/meydan-logo.svg\",\"contentUrl\":\"https:\\\/\\\/www.meydan.tv\\\/wp-content\\\/uploads\\\/2021\\\/07\\\/meydan-logo.svg\",\"width\":195,\"height\":46,\"caption\":\"Meydan TV\"},\"image\":{\"@id\":\"https:\\\/\\\/www.meydan.tv\\\/az\\\/#\\\/schema\\\/logo\\\/image\\\/\"}},{\"@type\":\"Person\",\"@id\":\"https:\\\/\\\/www.meydan.tv\\\/az\\\/#\\\/schema\\\/person\\\/10d11eccf6da3662cf5fdab9806ea91a\",\"name\":\"user-manager\"}]}<\/script>\n<!-- \/ Yoast SEO plugin. -->","yoast_head_json":{"title":"M\u0259s\u0259l\u0259n, 277 milyon manatl\u0131q s\u0259hiyy\u0259 m\u00fc\u0259mmas\u0131... - MEYDAN.TV","robots":{"index":"index","follow":"follow","max-snippet":"max-snippet:-1","max-image-preview":"max-image-preview:large","max-video-preview":"max-video-preview:-1"},"canonical":"https:\/\/www.meydan.tv\/az\/article\/meselen-277-milyon-manatliq-sehiyye-muemmasi\/","og_locale":"az_AZ","og_type":"article","og_title":"M\u0259s\u0259l\u0259n, 277 milyon manatl\u0131q s\u0259hiyy\u0259 m\u00fc\u0259mmas\u0131... - MEYDAN.TV","og_description":"Tibbi s\u0131\u011fortan\u0131n t\u0259tbiqi bu g\u00fcn bizim \u00fc\u00e7\u00fcn t\u0259cili can v\u0259 l\u0259yaq\u0259t davas\u0131d\u0131r. \u0130ndi onu t\u0259l\u0259b etm\u0259k \"Az\u0259rbaycan\u0131n Gilqame\u015f dastan\u0131\"d\u0131r...","og_url":"https:\/\/www.meydan.tv\/az\/article\/meselen-277-milyon-manatliq-sehiyye-muemmasi\/","og_site_name":"MEYDAN.TV","article_published_time":"2016-12-20T16:54:42+00:00","og_image":[{"width":500,"height":300,"url":"https:\/\/www.meydan.tv\/wp-content\/uploads\/28553.jpg","type":"image\/jpeg"}],"author":"user-manager","twitter_card":"summary_large_image","schema":{"@context":"https:\/\/schema.org","@graph":[{"@type":"Article","@id":"https:\/\/www.meydan.tv\/az\/article\/meselen-277-milyon-manatliq-sehiyye-muemmasi\/#article","isPartOf":{"@id":"https:\/\/www.meydan.tv\/az\/article\/meselen-277-milyon-manatliq-sehiyye-muemmasi\/"},"author":{"name":"user-manager","@id":"https:\/\/www.meydan.tv\/az\/#\/schema\/person\/10d11eccf6da3662cf5fdab9806ea91a"},"headline":"M\u0259s\u0259l\u0259n, 277 milyon manatl\u0131q s\u0259hiyy\u0259 m\u00fc\u0259mmas\u0131&#8230;","datePublished":"2016-12-20T16:54:42+00:00","mainEntityOfPage":{"@id":"https:\/\/www.meydan.tv\/az\/article\/meselen-277-milyon-manatliq-sehiyye-muemmasi\/"},"wordCount":1202,"publisher":{"@id":"https:\/\/www.meydan.tv\/az\/#organization"},"image":{"@id":"https:\/\/www.meydan.tv\/az\/article\/meselen-277-milyon-manatliq-sehiyye-muemmasi\/#primaryimage"},"thumbnailUrl":"https:\/\/www.meydan.tv\/wp-content\/uploads\/28553.jpg","articleSection":["M\u0259nim Fikrimc\u0259"],"inLanguage":"az"},{"@type":"WebPage","@id":"https:\/\/www.meydan.tv\/az\/article\/meselen-277-milyon-manatliq-sehiyye-muemmasi\/","url":"https:\/\/www.meydan.tv\/az\/article\/meselen-277-milyon-manatliq-sehiyye-muemmasi\/","name":"M\u0259s\u0259l\u0259n, 277 milyon manatl\u0131q s\u0259hiyy\u0259 m\u00fc\u0259mmas\u0131... - MEYDAN.TV","isPartOf":{"@id":"https:\/\/www.meydan.tv\/az\/#website"},"primaryImageOfPage":{"@id":"https:\/\/www.meydan.tv\/az\/article\/meselen-277-milyon-manatliq-sehiyye-muemmasi\/#primaryimage"},"image":{"@id":"https:\/\/www.meydan.tv\/az\/article\/meselen-277-milyon-manatliq-sehiyye-muemmasi\/#primaryimage"},"thumbnailUrl":"https:\/\/www.meydan.tv\/wp-content\/uploads\/28553.jpg","datePublished":"2016-12-20T16:54:42+00:00","breadcrumb":{"@id":"https:\/\/www.meydan.tv\/az\/article\/meselen-277-milyon-manatliq-sehiyye-muemmasi\/#breadcrumb"},"inLanguage":"az","potentialAction":[{"@type":"ReadAction","target":["https:\/\/www.meydan.tv\/az\/article\/meselen-277-milyon-manatliq-sehiyye-muemmasi\/"]}]},{"@type":"ImageObject","inLanguage":"az","@id":"https:\/\/www.meydan.tv\/az\/article\/meselen-277-milyon-manatliq-sehiyye-muemmasi\/#primaryimage","url":"https:\/\/www.meydan.tv\/wp-content\/uploads\/28553.jpg","contentUrl":"https:\/\/www.meydan.tv\/wp-content\/uploads\/28553.jpg","width":500,"height":300,"caption":"Source:"},{"@type":"BreadcrumbList","@id":"https:\/\/www.meydan.tv\/az\/article\/meselen-277-milyon-manatliq-sehiyye-muemmasi\/#breadcrumb","itemListElement":[{"@type":"ListItem","position":1,"name":"Ana s\u0259hif\u0259","item":"https:\/\/www.meydan.tv\/az\/"},{"@type":"ListItem","position":2,"name":"M\u0259nim Fikrimc\u0259","item":"https:\/\/www.meydan.tv\/az\/section\/menim-fikrimce\/"},{"@type":"ListItem","position":3,"name":"M\u0259s\u0259l\u0259n, 277 milyon manatl\u0131q s\u0259hiyy\u0259 m\u00fc\u0259mmas\u0131&#8230;"}]},{"@type":"WebSite","@id":"https:\/\/www.meydan.tv\/az\/#website","url":"https:\/\/www.meydan.tv\/az\/","name":"MEYDAN.TV","description":"Meydan TV Az\u0259rbaycan\u0131n media m\u0259kan\u0131ndak\u0131 alternativ s\u0259sidir","publisher":{"@id":"https:\/\/www.meydan.tv\/az\/#organization"},"potentialAction":[{"@type":"SearchAction","target":{"@type":"EntryPoint","urlTemplate":"https:\/\/www.meydan.tv\/az\/?s={search_term_string}"},"query-input":{"@type":"PropertyValueSpecification","valueRequired":true,"valueName":"search_term_string"}}],"inLanguage":"az"},{"@type":"Organization","@id":"https:\/\/www.meydan.tv\/az\/#organization","name":"Meydan TV","url":"https:\/\/www.meydan.tv\/az\/","logo":{"@type":"ImageObject","inLanguage":"az","@id":"https:\/\/www.meydan.tv\/az\/#\/schema\/logo\/image\/","url":"https:\/\/www.meydan.tv\/wp-content\/uploads\/2021\/07\/meydan-logo.svg","contentUrl":"https:\/\/www.meydan.tv\/wp-content\/uploads\/2021\/07\/meydan-logo.svg","width":195,"height":46,"caption":"Meydan TV"},"image":{"@id":"https:\/\/www.meydan.tv\/az\/#\/schema\/logo\/image\/"}},{"@type":"Person","@id":"https:\/\/www.meydan.tv\/az\/#\/schema\/person\/10d11eccf6da3662cf5fdab9806ea91a","name":"user-manager"}]}},"_links":{"self":[{"href":"https:\/\/www.meydan.tv\/az\/wp-json\/wp\/v2\/posts\/181377","targetHints":{"allow":["GET"]}}],"collection":[{"href":"https:\/\/www.meydan.tv\/az\/wp-json\/wp\/v2\/posts"}],"about":[{"href":"https:\/\/www.meydan.tv\/az\/wp-json\/wp\/v2\/types\/post"}],"author":[{"embeddable":true,"href":"https:\/\/www.meydan.tv\/az\/wp-json\/wp\/v2\/users\/11"}],"replies":[{"embeddable":true,"href":"https:\/\/www.meydan.tv\/az\/wp-json\/wp\/v2\/comments?post=181377"}],"version-history":[{"count":0,"href":"https:\/\/www.meydan.tv\/az\/wp-json\/wp\/v2\/posts\/181377\/revisions"}],"wp:featuredmedia":[{"embeddable":true,"href":"https:\/\/www.meydan.tv\/az\/wp-json\/wp\/v2\/media\/73950"}],"wp:attachment":[{"href":"https:\/\/www.meydan.tv\/az\/wp-json\/wp\/v2\/media?parent=181377"}],"wp:term":[{"taxonomy":"category","embeddable":true,"href":"https:\/\/www.meydan.tv\/az\/wp-json\/wp\/v2\/categories?post=181377"},{"taxonomy":"post_tag","embeddable":true,"href":"https:\/\/www.meydan.tv\/az\/wp-json\/wp\/v2\/tags?post=181377"}],"curies":[{"name":"wp","href":"https:\/\/api.w.org\/{rel}","templated":true}]}}