{"id":181343,"date":"2016-12-19T18:33:35","date_gmt":"2016-12-19T18:33:35","guid":{"rendered":"https:\/\/www.meydan.tv\/article\/vergi-amnistiyasi-verile-biler\/"},"modified":"2016-12-19T18:33:35","modified_gmt":"2016-12-19T18:33:35","slug":"vergi-amnistiyasi-verile-biler","status":"publish","type":"post","link":"https:\/\/www.meydan.tv\/az\/article\/vergi-amnistiyasi-verile-biler\/","title":{"rendered":"Vergi amnistiyas\u0131 veril\u0259 bil\u0259r"},"content":{"rendered":"<figure class=\"wp-block-image size-large\">\n  <img decoding=\"async\" src=\"https:\/\/www.meydan.tv\/az\/75754\/\" alt=\"\" class=\"wp-image-75754\"\/><figcaption><\/figcaption><\/figure>\n<p>\n  <i><br \/>\n    &#8221;Borclar v\u0259t\u0259nda\u015flar\u0131n cibi hesab\u0131na silin\u0259c\u0259k&#8221;<br \/>\n  <\/i>\n<\/p>\n<p>\n  Az\u0259rbaycanda vergi amnistiyas\u0131 elan oluna bil\u0259r. &#8220;APA-Economics&#8221;in \u0259ld\u0259 etdiyi m\u0259lumata g\u00f6r\u0259, \u00f6lk\u0259 ba\u015f\u00e7\u0131s\u0131 \u0130lham \u018fliyevin t\u0259\u015f\u0259bb\u00fcs\u00fc il\u0259 bununla ba\u011fl\u0131 m\u00fcvafiq qanun layih\u0259si Milli M\u0259clis\u0259 daxil olub.\n<\/p>\n<p>\n  Layih\u0259 dekabr\u0131n 20-d\u0259 Milli M\u0259clisin \u0130qtisadi siyas\u0259t, s\u0259naye v\u0259 sahibkarl\u0131q komit\u0259sind\u0259 m\u00fczakir\u0259 olunacaq.\n<\/p>\n<p>\n  S\u0259n\u0259d\u0259 \u0259sas\u0259n, vergi amnistiyas\u0131 2017-ci ilin yanvar\u0131n 1-d\u0259k vergi borcu olan h\u00fcquqi v\u0259 fiziki \u015f\u0259xsl\u0259r\u0259 \u015famil olunacaq. Bel\u0259 ki, qeyd edil\u0259n d\u00f6vr\u0259d\u0259k vergi borcu olan \u015f\u0259xsl\u0259r 2017-ci ilin yanvar ay\u0131nda borcunun 30%-ini, fevral ay\u0131nda 50%-ini, mart ay\u0131nda is\u0259 70%-ini \u00f6d\u0259y\u0259rs\u0259 borcun qal\u0131q hiss\u0259si amnistiya olunacaq.\n<\/p>\n<p>\n  Layih\u0259 beyn\u0259lxalq t\u0259cr\u00fcb\u0259y\u0259 \u0259saslanaraq haz\u0131rlan\u0131b.\n<\/p>\n<p>\n  Layih\u0259ni Meydan TV-y\u0259 \u015f\u0259rh ed\u0259n iqtisad\u00e7\u0131 Oqtay Haqverdiyev bildirib ki, bu problem ill\u0259rdir h\u0259llini tapm\u0131r:\n<\/p>\n<p>\n  &#8220;Y\u0259qin h\u0259llini bu vasit\u0259 il\u0259 tap\u0131blar. D\u00f6vl\u0259t n\u0259 vaxtsa m\u00fcdaxil\u0259 etm\u0259li idi. Ba\u015fqa yollar da var, \u0259n \u00e7\u0259tini bu yol idi. Amma borclar v\u0259t\u0259nda\u015flar\u0131n cibi hesab\u0131na silin\u0259c\u0259k&#8221;.\n<\/p>\n<figure class=\"wp-block-image size-large\">\n  <img decoding=\"async\" src=\"https:\/\/www.meydan.tv\/az\/75757\/\" alt=\"\" class=\"wp-image-75757\"\/><figcaption><\/figcaption><\/figure>\n<p>\n  \u0130qtisad\u00e7\u0131 bildirib ki, problemin h\u0259lli bax\u0131m\u0131ndan m\u00fcsb\u0259tdir. \u00c7\u00fcnki bir \u00e7ox fiziki \u015f\u0259xsin borclar\u0131n\u0131 verm\u0259k imkanlar\u0131 yoxdur, ona g\u00f6r\u0259 d\u00f6vl\u0259t m\u0259s\u0259l\u0259y\u0259 m\u00fcdaxil\u0259 edib. Amma iqtisadi bax\u0131mdan, b\u00fcdc\u0259y\u0259 bu c\u00fcr t\u0259zyiq g\u00f6st\u0259rm\u0259k do\u011fru deyil.\n<\/p>\n<p>\n  Sabiq deputat, iqtisad\u00e7\u0131 Nazim B\u0259yd\u0259mirli prezidentin t\u0259\u015f\u0259bb\u00fcs\u00fcn\u00fc normal qar\u015f\u0131lay\u0131b.\n<\/p>\n<p>\n  Ancaq o, hesab edir ki, \u0259sas borclar vergid\u0259n daha \u00e7ox sosial s\u0131\u011forta haqlar\u0131 il\u0259 ba\u011fl\u0131 olan borclard\u0131r:\n<\/p>\n<p>\n  &#8220;Qon\u015fu G\u00fcrc\u00fcstanda bu istiqam\u0259td\u0259 islahatlar apar\u0131ld\u0131 v\u0259 yax\u015f\u0131 da n\u0259tic\u0259 verdi. Y\u0259ni sosial vergi ad\u0131 alt\u0131nda 20 faiz tutulur, bizd\u0259 is\u0259 minimum 39 faiz tutulur, 14 faiz g\u0259lir, 25 faiz sosial s\u0131\u011forta haqq\u0131&#8221;.\n<\/p>\n<p>\n  \u0130qtisad\u00e7\u0131 hesab edir ki, bu add\u0131m\u0131n davam\u0131 olsa, y\u0259ni sosial s\u0131\u011forta haqlar\u0131 il\u0259 ba\u011fl\u0131 da add\u0131mlar at\u0131lsa, m\u00fcsb\u0259t ir\u0259lil\u0259yi\u015f \u0259ld\u0259 edil\u0259r.\n<\/p>\n<figure class=\"wp-block-image size-large\">\n  <img decoding=\"async\" src=\"https:\/\/www.meydan.tv\/az\/70309\/\" alt=\"\" class=\"wp-image-70309\"\/><figcaption><\/figcaption><\/figure>\n<p>\n  Nazim B\u0259yd\u0259mirli deyib ki, b\u00f6y\u00fck vergi \u00f6d\u0259yicil\u0259rinin b\u00fcdc\u0259 qar\u015f\u0131s\u0131nda kifay\u0259t q\u0259d\u0259r borclar\u0131 var. Bu borclar aylara b\u00f6l\u00fcn\u00fcb v\u0259 t\u0259\u015fviq xarakteri da\u015f\u0131y\u0131r:\n<\/p>\n<p>\n  &#8220;D\u00fc\u015f\u00fcn\u00fcr\u0259m ki, biznes adamlar\u0131 \u00e7a\u011f\u0131r\u0131\u015fa m\u00fcsb\u0259t reaksiya ver\u0259c\u0259kl\u0259r. Amma \u0259sas borclular d\u00f6vl\u0259t \u015firk\u0259tl\u0259ri oldu\u011fundan bu amnistiyadan da onlar daha \u00e7ox yararlanma\u011fa \u00e7al\u0131\u015facaqlar. S\u00f6hb\u0259t SOCAR, &#8220;Azenerji&#8221;, &#8220;Az\u0259rsu&#8221;, AZAL kimi \u015firk\u0259tl\u0259rd\u0259n gedir. \u00c7\u00fcnki ki\u00e7ik sahibkarl\u0131\u011f\u0131n \u00e7oxlu borcu oldu\u011funu d\u00fc\u015f\u00fcnm\u00fcr\u0259m. \u0130\u015f adamlar\u0131n\u0131n \u0259sas problemi sosial s\u0131\u011forta haqlar\u0131yla ba\u011fl\u0131d\u0131r. Yax\u015f\u0131 olard\u0131, D\u00f6vl\u0259t Sosial M\u00fcdafi\u0259 Fondunun l\u0259\u011fvi ba\u015fa \u00e7atd\u0131r\u0131ls\u0131n. Onun vergi toplama funksiyas\u0131 Vergil\u0259r Nazirliyin\u0259 verilsin, bir qayda olaraq pensiya\u00e7\u0131lar\u0131n pensiyas\u0131 Maliyy\u0259 Nazirliyi t\u0259r\u0259find\u0259n verilsin. G\u00fcrc\u00fcstanda bu qaydada islahatlar ger\u00e7\u0259kl\u0259\u015fdi. \u00dcmumiyy\u0259tl\u0259, Vergil\u0259r Nazirliyi \u00f6z\u0259l sektorla ba\u011fl\u0131 r\u0259q\u0259ml\u0259r a\u00e7\u0131qlasayd\u0131, daha \u0259hat\u0259li \u015f\u0259rh ver\u0259 bil\u0259rdik&#8221;.<\/p>\n","protected":false},"excerpt":{"rendered":"<p>&#8221;Borclar v\u0259t\u0259nda\u015flar\u0131n cibi hesab\u0131na silin\u0259c\u0259k&#8221;<\/p>\n","protected":false},"author":11,"featured_media":75754,"comment_status":"closed","ping_status":"open","sticky":false,"template":"","format":"standard","meta":{"_acf_changed":false,"_sitemap_exclude":false,"_sitemap_priority":"","_sitemap_frequency":"","footnotes":""},"categories":[51],"tags":[],"class_list":["post-181343","post","type-post","status-publish","format-standard","has-post-thumbnail","hentry","category-analitika","infinite-scroll-item","generate-columns","tablet-grid-50","mobile-grid-100","grid-parent","grid-33","no-featured-image-padding"],"acf":[],"yoast_head":"<!-- This site is optimized with the Yoast SEO plugin v27.5 - https:\/\/yoast.com\/product\/yoast-seo-wordpress\/ -->\n<title>Vergi amnistiyas\u0131 veril\u0259 bil\u0259r - MEYDAN.TV<\/title>\n<meta name=\"robots\" content=\"index, follow, max-snippet:-1, max-image-preview:large, max-video-preview:-1\" \/>\n<link rel=\"canonical\" href=\"https:\/\/www.meydan.tv\/az\/article\/vergi-amnistiyasi-verile-biler\/\" \/>\n<meta property=\"og:locale\" content=\"az_AZ\" \/>\n<meta property=\"og:type\" content=\"article\" \/>\n<meta property=\"og:title\" content=\"Vergi amnistiyas\u0131 veril\u0259 bil\u0259r - MEYDAN.TV\" \/>\n<meta property=\"og:description\" content=\"&#039;&#039;Borclar v\u0259t\u0259nda\u015flar\u0131n cibi hesab\u0131na silin\u0259c\u0259k&#039;&#039;\" \/>\n<meta property=\"og:url\" content=\"https:\/\/www.meydan.tv\/az\/article\/vergi-amnistiyasi-verile-biler\/\" \/>\n<meta property=\"og:site_name\" content=\"MEYDAN.TV\" \/>\n<meta property=\"article:published_time\" content=\"2016-12-19T18:33:35+00:00\" \/>\n<meta property=\"og:image\" content=\"https:\/\/www.meydan.tv\/wp-content\/uploads\/29311.jpg\" \/>\n\t<meta property=\"og:image:width\" content=\"810\" \/>\n\t<meta property=\"og:image:height\" content=\"450\" \/>\n\t<meta property=\"og:image:type\" content=\"image\/jpeg\" \/>\n<meta name=\"author\" content=\"user-manager\" \/>\n<meta name=\"twitter:card\" content=\"summary_large_image\" \/>\n<script type=\"application\/ld+json\" class=\"yoast-schema-graph\">{\"@context\":\"https:\\\/\\\/schema.org\",\"@graph\":[{\"@type\":\"Article\",\"@id\":\"https:\\\/\\\/www.meydan.tv\\\/az\\\/article\\\/vergi-amnistiyasi-verile-biler\\\/#article\",\"isPartOf\":{\"@id\":\"https:\\\/\\\/www.meydan.tv\\\/az\\\/article\\\/vergi-amnistiyasi-verile-biler\\\/\"},\"author\":{\"name\":\"user-manager\",\"@id\":\"https:\\\/\\\/www.meydan.tv\\\/az\\\/#\\\/schema\\\/person\\\/10d11eccf6da3662cf5fdab9806ea91a\"},\"headline\":\"Vergi amnistiyas\u0131 veril\u0259 bil\u0259r\",\"datePublished\":\"2016-12-19T18:33:35+00:00\",\"mainEntityOfPage\":{\"@id\":\"https:\\\/\\\/www.meydan.tv\\\/az\\\/article\\\/vergi-amnistiyasi-verile-biler\\\/\"},\"wordCount\":566,\"publisher\":{\"@id\":\"https:\\\/\\\/www.meydan.tv\\\/az\\\/#organization\"},\"image\":{\"@id\":\"https:\\\/\\\/www.meydan.tv\\\/az\\\/article\\\/vergi-amnistiyasi-verile-biler\\\/#primaryimage\"},\"thumbnailUrl\":\"https:\\\/\\\/www.meydan.tv\\\/wp-content\\\/uploads\\\/29311.jpg\",\"articleSection\":[\"Analitika\"],\"inLanguage\":\"az\"},{\"@type\":\"WebPage\",\"@id\":\"https:\\\/\\\/www.meydan.tv\\\/az\\\/article\\\/vergi-amnistiyasi-verile-biler\\\/\",\"url\":\"https:\\\/\\\/www.meydan.tv\\\/az\\\/article\\\/vergi-amnistiyasi-verile-biler\\\/\",\"name\":\"Vergi amnistiyas\u0131 veril\u0259 bil\u0259r - MEYDAN.TV\",\"isPartOf\":{\"@id\":\"https:\\\/\\\/www.meydan.tv\\\/az\\\/#website\"},\"primaryImageOfPage\":{\"@id\":\"https:\\\/\\\/www.meydan.tv\\\/az\\\/article\\\/vergi-amnistiyasi-verile-biler\\\/#primaryimage\"},\"image\":{\"@id\":\"https:\\\/\\\/www.meydan.tv\\\/az\\\/article\\\/vergi-amnistiyasi-verile-biler\\\/#primaryimage\"},\"thumbnailUrl\":\"https:\\\/\\\/www.meydan.tv\\\/wp-content\\\/uploads\\\/29311.jpg\",\"datePublished\":\"2016-12-19T18:33:35+00:00\",\"breadcrumb\":{\"@id\":\"https:\\\/\\\/www.meydan.tv\\\/az\\\/article\\\/vergi-amnistiyasi-verile-biler\\\/#breadcrumb\"},\"inLanguage\":\"az\",\"potentialAction\":[{\"@type\":\"ReadAction\",\"target\":[\"https:\\\/\\\/www.meydan.tv\\\/az\\\/article\\\/vergi-amnistiyasi-verile-biler\\\/\"]}]},{\"@type\":\"ImageObject\",\"inLanguage\":\"az\",\"@id\":\"https:\\\/\\\/www.meydan.tv\\\/az\\\/article\\\/vergi-amnistiyasi-verile-biler\\\/#primaryimage\",\"url\":\"https:\\\/\\\/www.meydan.tv\\\/wp-content\\\/uploads\\\/29311.jpg\",\"contentUrl\":\"https:\\\/\\\/www.meydan.tv\\\/wp-content\\\/uploads\\\/29311.jpg\",\"width\":810,\"height\":450,\"caption\":\"Source:\"},{\"@type\":\"BreadcrumbList\",\"@id\":\"https:\\\/\\\/www.meydan.tv\\\/az\\\/article\\\/vergi-amnistiyasi-verile-biler\\\/#breadcrumb\",\"itemListElement\":[{\"@type\":\"ListItem\",\"position\":1,\"name\":\"Ana s\u0259hif\u0259\",\"item\":\"https:\\\/\\\/www.meydan.tv\\\/az\\\/\"},{\"@type\":\"ListItem\",\"position\":2,\"name\":\"Analitika\",\"item\":\"https:\\\/\\\/www.meydan.tv\\\/az\\\/section\\\/analitika\\\/\"},{\"@type\":\"ListItem\",\"position\":3,\"name\":\"Vergi amnistiyas\u0131 veril\u0259 bil\u0259r\"}]},{\"@type\":\"WebSite\",\"@id\":\"https:\\\/\\\/www.meydan.tv\\\/az\\\/#website\",\"url\":\"https:\\\/\\\/www.meydan.tv\\\/az\\\/\",\"name\":\"MEYDAN.TV\",\"description\":\"Meydan TV Az\u0259rbaycan\u0131n media m\u0259kan\u0131ndak\u0131 alternativ s\u0259sidir\",\"publisher\":{\"@id\":\"https:\\\/\\\/www.meydan.tv\\\/az\\\/#organization\"},\"potentialAction\":[{\"@type\":\"SearchAction\",\"target\":{\"@type\":\"EntryPoint\",\"urlTemplate\":\"https:\\\/\\\/www.meydan.tv\\\/az\\\/?s={search_term_string}\"},\"query-input\":{\"@type\":\"PropertyValueSpecification\",\"valueRequired\":true,\"valueName\":\"search_term_string\"}}],\"inLanguage\":\"az\"},{\"@type\":\"Organization\",\"@id\":\"https:\\\/\\\/www.meydan.tv\\\/az\\\/#organization\",\"name\":\"Meydan TV\",\"url\":\"https:\\\/\\\/www.meydan.tv\\\/az\\\/\",\"logo\":{\"@type\":\"ImageObject\",\"inLanguage\":\"az\",\"@id\":\"https:\\\/\\\/www.meydan.tv\\\/az\\\/#\\\/schema\\\/logo\\\/image\\\/\",\"url\":\"https:\\\/\\\/www.meydan.tv\\\/wp-content\\\/uploads\\\/2021\\\/07\\\/meydan-logo.svg\",\"contentUrl\":\"https:\\\/\\\/www.meydan.tv\\\/wp-content\\\/uploads\\\/2021\\\/07\\\/meydan-logo.svg\",\"width\":195,\"height\":46,\"caption\":\"Meydan TV\"},\"image\":{\"@id\":\"https:\\\/\\\/www.meydan.tv\\\/az\\\/#\\\/schema\\\/logo\\\/image\\\/\"}},{\"@type\":\"Person\",\"@id\":\"https:\\\/\\\/www.meydan.tv\\\/az\\\/#\\\/schema\\\/person\\\/10d11eccf6da3662cf5fdab9806ea91a\",\"name\":\"user-manager\"}]}<\/script>\n<!-- \/ Yoast SEO plugin. -->","yoast_head_json":{"title":"Vergi amnistiyas\u0131 veril\u0259 bil\u0259r - MEYDAN.TV","robots":{"index":"index","follow":"follow","max-snippet":"max-snippet:-1","max-image-preview":"max-image-preview:large","max-video-preview":"max-video-preview:-1"},"canonical":"https:\/\/www.meydan.tv\/az\/article\/vergi-amnistiyasi-verile-biler\/","og_locale":"az_AZ","og_type":"article","og_title":"Vergi amnistiyas\u0131 veril\u0259 bil\u0259r - MEYDAN.TV","og_description":"''Borclar v\u0259t\u0259nda\u015flar\u0131n cibi hesab\u0131na silin\u0259c\u0259k''","og_url":"https:\/\/www.meydan.tv\/az\/article\/vergi-amnistiyasi-verile-biler\/","og_site_name":"MEYDAN.TV","article_published_time":"2016-12-19T18:33:35+00:00","og_image":[{"width":810,"height":450,"url":"https:\/\/www.meydan.tv\/wp-content\/uploads\/29311.jpg","type":"image\/jpeg"}],"author":"user-manager","twitter_card":"summary_large_image","schema":{"@context":"https:\/\/schema.org","@graph":[{"@type":"Article","@id":"https:\/\/www.meydan.tv\/az\/article\/vergi-amnistiyasi-verile-biler\/#article","isPartOf":{"@id":"https:\/\/www.meydan.tv\/az\/article\/vergi-amnistiyasi-verile-biler\/"},"author":{"name":"user-manager","@id":"https:\/\/www.meydan.tv\/az\/#\/schema\/person\/10d11eccf6da3662cf5fdab9806ea91a"},"headline":"Vergi amnistiyas\u0131 veril\u0259 bil\u0259r","datePublished":"2016-12-19T18:33:35+00:00","mainEntityOfPage":{"@id":"https:\/\/www.meydan.tv\/az\/article\/vergi-amnistiyasi-verile-biler\/"},"wordCount":566,"publisher":{"@id":"https:\/\/www.meydan.tv\/az\/#organization"},"image":{"@id":"https:\/\/www.meydan.tv\/az\/article\/vergi-amnistiyasi-verile-biler\/#primaryimage"},"thumbnailUrl":"https:\/\/www.meydan.tv\/wp-content\/uploads\/29311.jpg","articleSection":["Analitika"],"inLanguage":"az"},{"@type":"WebPage","@id":"https:\/\/www.meydan.tv\/az\/article\/vergi-amnistiyasi-verile-biler\/","url":"https:\/\/www.meydan.tv\/az\/article\/vergi-amnistiyasi-verile-biler\/","name":"Vergi amnistiyas\u0131 veril\u0259 bil\u0259r - MEYDAN.TV","isPartOf":{"@id":"https:\/\/www.meydan.tv\/az\/#website"},"primaryImageOfPage":{"@id":"https:\/\/www.meydan.tv\/az\/article\/vergi-amnistiyasi-verile-biler\/#primaryimage"},"image":{"@id":"https:\/\/www.meydan.tv\/az\/article\/vergi-amnistiyasi-verile-biler\/#primaryimage"},"thumbnailUrl":"https:\/\/www.meydan.tv\/wp-content\/uploads\/29311.jpg","datePublished":"2016-12-19T18:33:35+00:00","breadcrumb":{"@id":"https:\/\/www.meydan.tv\/az\/article\/vergi-amnistiyasi-verile-biler\/#breadcrumb"},"inLanguage":"az","potentialAction":[{"@type":"ReadAction","target":["https:\/\/www.meydan.tv\/az\/article\/vergi-amnistiyasi-verile-biler\/"]}]},{"@type":"ImageObject","inLanguage":"az","@id":"https:\/\/www.meydan.tv\/az\/article\/vergi-amnistiyasi-verile-biler\/#primaryimage","url":"https:\/\/www.meydan.tv\/wp-content\/uploads\/29311.jpg","contentUrl":"https:\/\/www.meydan.tv\/wp-content\/uploads\/29311.jpg","width":810,"height":450,"caption":"Source:"},{"@type":"BreadcrumbList","@id":"https:\/\/www.meydan.tv\/az\/article\/vergi-amnistiyasi-verile-biler\/#breadcrumb","itemListElement":[{"@type":"ListItem","position":1,"name":"Ana s\u0259hif\u0259","item":"https:\/\/www.meydan.tv\/az\/"},{"@type":"ListItem","position":2,"name":"Analitika","item":"https:\/\/www.meydan.tv\/az\/section\/analitika\/"},{"@type":"ListItem","position":3,"name":"Vergi amnistiyas\u0131 veril\u0259 bil\u0259r"}]},{"@type":"WebSite","@id":"https:\/\/www.meydan.tv\/az\/#website","url":"https:\/\/www.meydan.tv\/az\/","name":"MEYDAN.TV","description":"Meydan TV Az\u0259rbaycan\u0131n media m\u0259kan\u0131ndak\u0131 alternativ s\u0259sidir","publisher":{"@id":"https:\/\/www.meydan.tv\/az\/#organization"},"potentialAction":[{"@type":"SearchAction","target":{"@type":"EntryPoint","urlTemplate":"https:\/\/www.meydan.tv\/az\/?s={search_term_string}"},"query-input":{"@type":"PropertyValueSpecification","valueRequired":true,"valueName":"search_term_string"}}],"inLanguage":"az"},{"@type":"Organization","@id":"https:\/\/www.meydan.tv\/az\/#organization","name":"Meydan TV","url":"https:\/\/www.meydan.tv\/az\/","logo":{"@type":"ImageObject","inLanguage":"az","@id":"https:\/\/www.meydan.tv\/az\/#\/schema\/logo\/image\/","url":"https:\/\/www.meydan.tv\/wp-content\/uploads\/2021\/07\/meydan-logo.svg","contentUrl":"https:\/\/www.meydan.tv\/wp-content\/uploads\/2021\/07\/meydan-logo.svg","width":195,"height":46,"caption":"Meydan TV"},"image":{"@id":"https:\/\/www.meydan.tv\/az\/#\/schema\/logo\/image\/"}},{"@type":"Person","@id":"https:\/\/www.meydan.tv\/az\/#\/schema\/person\/10d11eccf6da3662cf5fdab9806ea91a","name":"user-manager"}]}},"_links":{"self":[{"href":"https:\/\/www.meydan.tv\/az\/wp-json\/wp\/v2\/posts\/181343","targetHints":{"allow":["GET"]}}],"collection":[{"href":"https:\/\/www.meydan.tv\/az\/wp-json\/wp\/v2\/posts"}],"about":[{"href":"https:\/\/www.meydan.tv\/az\/wp-json\/wp\/v2\/types\/post"}],"author":[{"embeddable":true,"href":"https:\/\/www.meydan.tv\/az\/wp-json\/wp\/v2\/users\/11"}],"replies":[{"embeddable":true,"href":"https:\/\/www.meydan.tv\/az\/wp-json\/wp\/v2\/comments?post=181343"}],"version-history":[{"count":0,"href":"https:\/\/www.meydan.tv\/az\/wp-json\/wp\/v2\/posts\/181343\/revisions"}],"wp:featuredmedia":[{"embeddable":true,"href":"https:\/\/www.meydan.tv\/az\/wp-json\/wp\/v2\/media\/75754"}],"wp:attachment":[{"href":"https:\/\/www.meydan.tv\/az\/wp-json\/wp\/v2\/media?parent=181343"}],"wp:term":[{"taxonomy":"category","embeddable":true,"href":"https:\/\/www.meydan.tv\/az\/wp-json\/wp\/v2\/categories?post=181343"},{"taxonomy":"post_tag","embeddable":true,"href":"https:\/\/www.meydan.tv\/az\/wp-json\/wp\/v2\/tags?post=181343"}],"curies":[{"name":"wp","href":"https:\/\/api.w.org\/{rel}","templated":true}]}}