{"id":181321,"date":"2016-12-19T12:03:35","date_gmt":"2016-12-19T12:03:35","guid":{"rendered":"https:\/\/www.meydan.tv\/article\/manati-ne-gozleyir\/"},"modified":"2016-12-19T12:03:35","modified_gmt":"2016-12-19T12:03:35","slug":"manati-ne-gozleyir","status":"publish","type":"post","link":"https:\/\/www.meydan.tv\/az\/article\/manati-ne-gozleyir\/","title":{"rendered":"Manat\u0131 n\u0259 g\u00f6zl\u0259yir?"},"content":{"rendered":"<figure class=\"wp-block-image size-large\">\n  <img decoding=\"async\" src=\"https:\/\/www.meydan.tv\/az\/71130\/\" alt=\"\" class=\"wp-image-71130\"\/><figcaption><\/figcaption><\/figure>\n<p>\n  G\u00f6zl\u0259nil\u0259n h\u0259r iki ssenarid\u0259 manat dollara n\u0259z\u0259r\u0259n ucuzla\u015facaq. Onlar aras\u0131nda yegan\u0259 f\u0259rq ucuzla\u015fman\u0131n tempind\u0259 olacaq.\n<\/p>\n<p>\n  Az\u0259rbaycan Respublikas\u0131 Prezidentinin 2016-c\u0131 il 6 dekabr tarixli F\u0259rman\u0131 il\u0259 t\u0259sdiq edilmi\u015f \u201cMilli iqtisadiyyat perspektivi \u00fczr\u0259 Strateji Yol X\u0259rit\u0259si\u201dnd\u0259 n\u0259z\u0259rd\u0259 tutulan ilk strateji h\u0259d\u0259f\u0259 uy\u011fun 2017-ci ild\u0259n ba\u015flayaraq monetar siyas\u0259tin \u00fcz\u0259n m\u0259z\u0259nn\u0259 rejimi \u00fcz\u0259rind\u0259 qurulaca\u011f\u0131 elan edilib.Veril\u0259n m\u0259lumatlara g\u00f6r\u0259, haz\u0131rda tam \u00fcz\u0259n m\u0259z\u0259nn\u0259 rejimin\u0259 ke\u00e7idin t\u0259min edilm\u0259si \u00fc\u00e7\u00fcn haz\u0131rl\u0131q i\u015fl\u0259ri gedir.\n<\/p>\n<p>\n  Bildiyiniz kimi, Az\u0259rbaycan\u0131n \u0259sas ixrac m\u0259hsulu olan xam neftin d\u00fcnya bazar qiym\u0259tl\u0259rinin ucuzla\u015fmas\u0131 s\u0259b\u0259bind\u0259n t\u0259diy\u0259 balans\u0131n\u0131n cari hesablar hiss\u0259sind\u0259 k\u0259sirin yaranmas\u0131 manat\u0131n m\u0259z\u0259nn\u0259sin\u0259 t\u0259zyiqi art\u0131r\u0131b v\u0259 2015-ci ild\u0259 milli valyuta iki d\u0259f\u0259 devalvasiyaya u\u011fray\u0131b. Sonuncu devalvasiya zaman\u0131 M\u0259rk\u0259zi Bank\u0131n \u0130dar\u0259 Hey\u0259tinin 21 dekabr 2015-ci il tarixli q\u0259rar\u0131 il\u0259 sabit m\u0259z\u0259nn\u0259 rejimind\u0259n imtina edilib, \u00fcz\u0259n\u2013t\u0259nziml\u0259n\u0259n m\u0259z\u0259nn\u0259 rejiminin t\u0259tbiqin\u0259 ba\u015flan\u0131b. Ged\u0259n m\u00fczakir\u0259l\u0259r onu g\u00f6st\u0259rir ki, son 1 ild\u0259 t\u0259tbiq olunan \u00fcz\u0259n\u2013t\u0259nziml\u0259n\u0259n m\u0259z\u0259nn\u0259 rejimi laz\u0131m\u0131 s\u0259m\u0259r\u0259 verm\u0259diyind\u0259n tam \u00fcz\u0259n m\u0259z\u0259nn\u0259 rejimin\u0259 ke\u00e7id istehlak s\u0259b\u0259tind\u0259 idxal m\u0259hsullar\u0131n\u0131n pay\u0131n\u0131n azald\u0131lmas\u0131na nail olma s\u0259viyy\u0259sin\u0259 uy\u011fun \u015f\u0259kild\u0259 m\u0259z\u0259nn\u0259 \u00fc\u00e7\u00fcn faktiki t\u0259tbiq edil\u0259n d\u0259hlizin geni\u015fl\u0259ndirilib, ortam\u00fcdd\u0259tli d\u00f6vrd\u0259 is\u0259 tamamil\u0259 l\u0259\u011fv edilm\u0259sind\u0259n sonra t\u0259min ed\u0259c\u0259k. Bu is\u0259 o dem\u0259kdir ki, Az\u0259rbaycan iqtisadiyyat\u0131 tam \u00fcz\u0259n m\u0259z\u0259nn\u0259 rejimin\u0259 ke\u00e7id\u0259 haz\u0131r deyil. Odur ki, b\u00f6y\u00fck ehtimalla yax\u0131n zamanlarda da manat\u0131n kursunun t\u0259yini \u00fcz\u0259n\u2013t\u0259nziml\u0259n\u0259n m\u0259z\u0259nn\u0259 rejimind\u0259 davam ed\u0259c\u0259k. Bel\u0259 olan halda da valyuta bazar\u0131na inzibati m\u00fcdaxil\u0259 strategiyas\u0131 davam ed\u0259c\u0259k v\u0259 manata t\u0259zyiq ba\u015flayandan ( 2014-c\u00fc ilin noyabr\u0131ndan) indiy\u0259 q\u0259d\u0259r 11 milyard dollar\u0131 \u201ctonqalda yand\u0131ran\u201d M\u0259rk\u0259zi Bank yen\u0259 d\u0259 \u0259vv\u0259lki siyas\u0259tini davam etdir\u0259c\u0259k.\n<\/p>\n<p>\n  \u00dcz\u0259n m\u0259z\u0259nn\u0259 rejimin\u0259 ke\u00e7idin \u015f\u0259rtl\u0259rin\u0259 daxili maliyy\u0259 bazar\u0131n\u0131n inki\u015faf\u0131, bazarda riskl\u0259rin s\u0131\u011fortalanmas\u0131na istiqam\u0259tl\u0259nmi\u015f t\u0259dbirl\u0259rin (hedcinqin) h\u0259yata ke\u00e7irilm\u0259si v\u0259 m\u0259z\u0259nn\u0259 riskl\u0259rind\u0259n s\u0131\u011fortalanma\u011fa imkan ver\u0259n dig\u0259r maliyy\u0259 al\u0259tl\u0259rinin t\u0259qdim olunmas\u0131 daxildir. Bundan \u0259lav\u0259, bu m\u0259qs\u0259dl\u0259 banklararas\u0131 bazar\u0131n f\u0259aliyy\u0259tinin s\u0259m\u0259r\u0259li qurulmas\u0131 da \u00e7ox \u00f6n\u0259mlidir. B\u00fct\u00fcn bunlar Yol x\u0259rit\u0259sind\u0259 n\u0259z\u0259rd\u0259 tutulsa da, onlar\u0131n yax\u0131n zamanlarda realla\u015fd\u0131r\u0131lmas\u0131 ger\u00e7\u0259k deyil. V\u0259ziyy\u0259ti d\u0259y\u0259rl\u0259ndirm\u0259k \u00fc\u00e7\u00fcn ilk n\u00f6vb\u0259d\u0259 xarici ticar\u0259t \u0259m\u0259liyyatlar\u0131na n\u0259z\u0259r yetir\u0259k. Yol x\u0259rit\u0259sind\u0259 n\u0259z\u0259rd\u0259 tutulur ki, tam \u00fcz\u0259n m\u0259z\u0259nn\u0259 rejimi istehlak s\u0259b\u0259tind\u0259 idxal m\u0259hsullar\u0131n\u0131n pay\u0131 azalaca\u011f\u0131 halda m\u00fcmk\u00fcn olacaq. \u018fks t\u0259qdird\u0259, valyutaya olan t\u0259l\u0259bat\u0131n y\u00fcks\u0259k olmas\u0131 manat\u0131n AB\u015e dollar\u0131na n\u0259z\u0259r\u0259n m\u0259z\u0259nn\u0259sini d\u0259 s\u00fcr\u0259tl\u0259 d\u0259y\u0259rsizl\u0259\u015fdir\u0259 bil\u0259r. Son statistik m\u0259lumatlar onu g\u00f6st\u0259rir ki, h\u0259tta \u00f6t\u0259n il tam \u00fcz\u0259n m\u0259z\u0259nn\u0259 rejimin\u0259 ke\u00e7id \u00fc\u00e7\u00fcn \u015f\u0259rait bu ill\u0259 m\u00fcqayis\u0259d\u0259 daha \u0259lveri\u015fli olub. Bel\u0259 ki, bu ilin 11 ayl\u0131q g\u00f6mr\u00fck m\u0259lumatlar\u0131na g\u00f6r\u0259, Az\u0259rbaycanda xarici ticar\u0259t d\u00f6vriyy\u0259sinin m\u00fcsb\u0259t saldosu \u00f6t\u0259n ilin eyni d\u00f6vr\u00fcn\u0259 nisb\u0259t\u0259n 1 milyard 824 milyon 200 min dollar v\u0259 ya 75 faiz\u0259 q\u0259d\u0259r azal\u0131b. M\u00fcqayis\u0259 olunan d\u00f6vrd\u0259 ixracat\u0131n 2 milyard 304 milyon 300 min dollar v\u0259 ya 30 faizd\u0259n \u00e7ox azalmas\u0131 m\u00fcqabilind\u0259, idxal \u0259m\u0259liyyatlar\u0131 479,4 milyon dollar v\u0259 ya 6 faiz\u0259 q\u0259d\u0259r azal\u0131b.\n<\/p>\n<p>\n  \u0130xracat\u0131n azalmas\u0131 tempi idxal\u0131 6 d\u0259f\u0259y\u0259d\u0259k \u00fcst\u0259l\u0259yib. Bu is\u0259 o q\u0259na\u0259t\u0259 g\u0259lm\u0259y\u0259 \u0259sas verir ki, istehlak s\u0259b\u0259tind\u0259 idxal m\u0259hsullar\u0131n\u0131n pay\u0131n\u0131n azalmas\u0131 il\u0259 ba\u011fl\u0131 g\u00f6zl\u0259ntil\u0259r \u00f6z\u00fcn\u00fc do\u011frultmay\u0131b. \u018fksin\u0259, bu ilin 11 ay\u0131nda qeyri-neft ixracat\u0131 \u00f6t\u0259n ilin eyni d\u00f6vr\u00fc il\u0259 m\u00fcqayis\u0259d\u0259 20,6 faiz v\u0259 ya 488 milyon dollar azal\u0131b. Dem\u0259li, \u201cMilli iqtisadiyyat perspektivi \u00fczr\u0259 Strateji Yol X\u0259rit\u0259si\u201dnd\u0259 n\u0259z\u0259rd\u0259 tutulan ilk strateji h\u0259d\u0259f\u0259 uy\u011fun olaraq 2017-ci ild\u0259n ba\u015flayaraq monetar siyas\u0259tin tam \u00fcz\u0259n m\u0259z\u0259nn\u0259 rejimi \u00fcz\u0259rind\u0259 qurulaca\u011f\u0131 inand\u0131r\u0131c\u0131 g\u00f6rs\u0259nmir. \u00c7\u00fcnki, haz\u0131rk\u0131 \u015f\u0259rtl\u0259r daxilind\u0259 manat\u0131n AB\u015e dollar\u0131na n\u0259z\u0259r\u0259n kursu tam \u00fcz\u0259n m\u0259z\u0259nn\u0259 rejimind\u0259 s\u00fcr\u0259tli s\u0131\u00e7ray\u0131\u015fa m\u0259ruz qala bil\u0259r. B\u0259s bel\u0259 olan halda haz\u0131rki situasiyada manat\u0131 n\u0259 g\u00f6zl\u0259yir? Fikrimc\u0259 qar\u015f\u0131da 2 ssenar\u0131 durur.\n<\/p>\n<p>\n  <b><br \/>\n    <i><br \/>\n      1) \u018fg\u0259r h\u00f6kum\u0259t tam \u00fcz\u0259n m\u0259z\u0259nn\u0259 rejimin\u0259 ke\u00e7idd\u0259 israrl\u0131d\u0131rsa, onda ya yum\u015faq devalvasiyan\u0131 daha s\u00fcr\u0259tl\u0259 davam etdirm\u0259li, ya da k\u0259skin devalvasiya seriyas\u0131ndan 3-c\u00fc devalvasiyaya q\u0259rar verm\u0259lidir ki, sonrak\u0131 m\u0259rh\u0259l\u0259d\u0259 tarazla\u015fd\u0131r\u0131lm\u0131\u015f m\u0259z\u0259nn\u0259 indiki kursdan \u00e7ox f\u0259rql\u0259nm\u0259sin.<br \/>\n    <\/i><br \/>\n  <\/b>\n<\/p>\n<p>\n  <b><br \/>\n    <i><br \/>\n      2) \u018fg\u0259r h\u00f6kum\u0259t \u00fcz\u0259n t\u0259nziml\u0259n\u0259n m\u0259z\u0259nn\u0259 siyas\u0259tini davam etdir\u0259c\u0259ks\u0259, onda manat g\u0259l\u0259n ild\u0259 d\u0259 bu ild\u0259 oldu\u011fu kimi ki\u00e7ik templ\u0259 olsa da d\u0259y\u0259r itir\u0259r\u0259k yen\u0259 z\u0259ifl\u0259y\u0259c\u0259k. Bu halda, M\u0259rk\u0259zi Bank toplanm\u0131\u015f strateji valyuta ehtiyatlar\u0131n\u0131 \u201ctonqalda yand\u0131rmaqla\u201d, D\u00f6vl\u0259t Neft Fondu is\u0259 izafi manat ehtiyat\u0131 hesab\u0131na anbarlar\u0131n\u0131 milli valyuta il\u0259 doldurmaqla m\u0259\u015f\u011ful olacaq.<br \/>\n    <\/i><br \/>\n  <\/b>\n<\/p>\n<p>\n  H\u0259r iki ssenarid\u0259 manat AB\u015e dollar\u0131na n\u0259z\u0259r\u0259n ucuzla\u015facaq. Birinci ssenarid\u0259 ucuzla\u015fma tempi indikind\u0259n daha s\u00fcr\u0259tli, ikinci variantda is\u0259 haz\u0131rk\u0131 s\u0259viyy\u0259d\u0259 olacaq. H\u0259r iki varinatda yen\u0259 d\u0259 h\u0259d\u0259f manat\u0131n ger\u00e7\u0259k v\u0259 tarazla\u015fd\u0131r\u0131lm\u0131\u015f m\u0259z\u0259nn\u0259y\u0259 yax\u0131nla\u015fmas\u0131 olmal\u0131d\u0131r ki, o da indiki s\u0259viyy\u0259d\u0259n xeyli yuxar\u0131d\u0131r.<\/p>\n","protected":false},"excerpt":{"rendered":"<p>G\u00f6zl\u0259nil\u0259n h\u0259r iki ssenarid\u0259 manat dollara n\u0259z\u0259r\u0259n ucuzla\u015facaq. Onlar aras\u0131nda &#8230; <\/p>\n<p class=\"read-more-container\"><a title=\"Manat\u0131 n\u0259 g\u00f6zl\u0259yir?\" class=\"read-more button\" href=\"https:\/\/www.meydan.tv\/az\/article\/manati-ne-gozleyir\/#more-181321\" aria-label=\"Read more about Manat\u0131 n\u0259 g\u00f6zl\u0259yir?\">Davam\u0131<\/a><\/p>\n","protected":false},"author":11,"featured_media":71130,"comment_status":"closed","ping_status":"open","sticky":false,"template":"","format":"standard","meta":{"_acf_changed":false,"_sitemap_exclude":false,"_sitemap_priority":"","_sitemap_frequency":"","footnotes":""},"categories":[51],"tags":[],"class_list":["post-181321","post","type-post","status-publish","format-standard","has-post-thumbnail","hentry","category-analitika","infinite-scroll-item","generate-columns","tablet-grid-50","mobile-grid-100","grid-parent","grid-33","no-featured-image-padding"],"acf":[],"yoast_head":"<!-- This site is optimized with the Yoast SEO plugin v27.5 - https:\/\/yoast.com\/product\/yoast-seo-wordpress\/ -->\n<title>Manat\u0131 n\u0259 g\u00f6zl\u0259yir? - MEYDAN.TV<\/title>\n<meta name=\"robots\" content=\"index, follow, max-snippet:-1, max-image-preview:large, max-video-preview:-1\" \/>\n<link rel=\"canonical\" href=\"https:\/\/www.meydan.tv\/az\/article\/manati-ne-gozleyir\/\" \/>\n<meta property=\"og:locale\" content=\"az_AZ\" \/>\n<meta property=\"og:type\" content=\"article\" \/>\n<meta property=\"og:title\" content=\"Manat\u0131 n\u0259 g\u00f6zl\u0259yir? - MEYDAN.TV\" \/>\n<meta property=\"og:description\" content=\"G\u00f6zl\u0259nil\u0259n h\u0259r iki ssenarid\u0259 manat dollara n\u0259z\u0259r\u0259n ucuzla\u015facaq. Onlar aras\u0131nda ... Davam\u0131\" \/>\n<meta property=\"og:url\" content=\"https:\/\/www.meydan.tv\/az\/article\/manati-ne-gozleyir\/\" \/>\n<meta property=\"og:site_name\" content=\"MEYDAN.TV\" \/>\n<meta property=\"article:published_time\" content=\"2016-12-19T12:03:35+00:00\" \/>\n<meta property=\"og:image\" content=\"https:\/\/www.meydan.tv\/wp-content\/uploads\/27242.jpg\" \/>\n\t<meta property=\"og:image:width\" content=\"852\" \/>\n\t<meta property=\"og:image:height\" content=\"479\" \/>\n\t<meta property=\"og:image:type\" content=\"image\/jpeg\" \/>\n<meta name=\"author\" content=\"user-manager\" \/>\n<meta name=\"twitter:card\" content=\"summary_large_image\" \/>\n<script type=\"application\/ld+json\" class=\"yoast-schema-graph\">{\"@context\":\"https:\\\/\\\/schema.org\",\"@graph\":[{\"@type\":\"Article\",\"@id\":\"https:\\\/\\\/www.meydan.tv\\\/az\\\/article\\\/manati-ne-gozleyir\\\/#article\",\"isPartOf\":{\"@id\":\"https:\\\/\\\/www.meydan.tv\\\/az\\\/article\\\/manati-ne-gozleyir\\\/\"},\"author\":{\"name\":\"user-manager\",\"@id\":\"https:\\\/\\\/www.meydan.tv\\\/az\\\/#\\\/schema\\\/person\\\/10d11eccf6da3662cf5fdab9806ea91a\"},\"headline\":\"Manat\u0131 n\u0259 g\u00f6zl\u0259yir?\",\"datePublished\":\"2016-12-19T12:03:35+00:00\",\"mainEntityOfPage\":{\"@id\":\"https:\\\/\\\/www.meydan.tv\\\/az\\\/article\\\/manati-ne-gozleyir\\\/\"},\"wordCount\":1114,\"publisher\":{\"@id\":\"https:\\\/\\\/www.meydan.tv\\\/az\\\/#organization\"},\"image\":{\"@id\":\"https:\\\/\\\/www.meydan.tv\\\/az\\\/article\\\/manati-ne-gozleyir\\\/#primaryimage\"},\"thumbnailUrl\":\"https:\\\/\\\/www.meydan.tv\\\/wp-content\\\/uploads\\\/27242.jpg\",\"articleSection\":[\"Analitika\"],\"inLanguage\":\"az\"},{\"@type\":\"WebPage\",\"@id\":\"https:\\\/\\\/www.meydan.tv\\\/az\\\/article\\\/manati-ne-gozleyir\\\/\",\"url\":\"https:\\\/\\\/www.meydan.tv\\\/az\\\/article\\\/manati-ne-gozleyir\\\/\",\"name\":\"Manat\u0131 n\u0259 g\u00f6zl\u0259yir? - MEYDAN.TV\",\"isPartOf\":{\"@id\":\"https:\\\/\\\/www.meydan.tv\\\/az\\\/#website\"},\"primaryImageOfPage\":{\"@id\":\"https:\\\/\\\/www.meydan.tv\\\/az\\\/article\\\/manati-ne-gozleyir\\\/#primaryimage\"},\"image\":{\"@id\":\"https:\\\/\\\/www.meydan.tv\\\/az\\\/article\\\/manati-ne-gozleyir\\\/#primaryimage\"},\"thumbnailUrl\":\"https:\\\/\\\/www.meydan.tv\\\/wp-content\\\/uploads\\\/27242.jpg\",\"datePublished\":\"2016-12-19T12:03:35+00:00\",\"breadcrumb\":{\"@id\":\"https:\\\/\\\/www.meydan.tv\\\/az\\\/article\\\/manati-ne-gozleyir\\\/#breadcrumb\"},\"inLanguage\":\"az\",\"potentialAction\":[{\"@type\":\"ReadAction\",\"target\":[\"https:\\\/\\\/www.meydan.tv\\\/az\\\/article\\\/manati-ne-gozleyir\\\/\"]}]},{\"@type\":\"ImageObject\",\"inLanguage\":\"az\",\"@id\":\"https:\\\/\\\/www.meydan.tv\\\/az\\\/article\\\/manati-ne-gozleyir\\\/#primaryimage\",\"url\":\"https:\\\/\\\/www.meydan.tv\\\/wp-content\\\/uploads\\\/27242.jpg\",\"contentUrl\":\"https:\\\/\\\/www.meydan.tv\\\/wp-content\\\/uploads\\\/27242.jpg\",\"width\":852,\"height\":479,\"caption\":\"Source:\"},{\"@type\":\"BreadcrumbList\",\"@id\":\"https:\\\/\\\/www.meydan.tv\\\/az\\\/article\\\/manati-ne-gozleyir\\\/#breadcrumb\",\"itemListElement\":[{\"@type\":\"ListItem\",\"position\":1,\"name\":\"Ana s\u0259hif\u0259\",\"item\":\"https:\\\/\\\/www.meydan.tv\\\/az\\\/\"},{\"@type\":\"ListItem\",\"position\":2,\"name\":\"Analitika\",\"item\":\"https:\\\/\\\/www.meydan.tv\\\/az\\\/section\\\/analitika\\\/\"},{\"@type\":\"ListItem\",\"position\":3,\"name\":\"Manat\u0131 n\u0259 g\u00f6zl\u0259yir?\"}]},{\"@type\":\"WebSite\",\"@id\":\"https:\\\/\\\/www.meydan.tv\\\/az\\\/#website\",\"url\":\"https:\\\/\\\/www.meydan.tv\\\/az\\\/\",\"name\":\"MEYDAN.TV\",\"description\":\"Meydan TV Az\u0259rbaycan\u0131n media m\u0259kan\u0131ndak\u0131 alternativ s\u0259sidir\",\"publisher\":{\"@id\":\"https:\\\/\\\/www.meydan.tv\\\/az\\\/#organization\"},\"potentialAction\":[{\"@type\":\"SearchAction\",\"target\":{\"@type\":\"EntryPoint\",\"urlTemplate\":\"https:\\\/\\\/www.meydan.tv\\\/az\\\/?s={search_term_string}\"},\"query-input\":{\"@type\":\"PropertyValueSpecification\",\"valueRequired\":true,\"valueName\":\"search_term_string\"}}],\"inLanguage\":\"az\"},{\"@type\":\"Organization\",\"@id\":\"https:\\\/\\\/www.meydan.tv\\\/az\\\/#organization\",\"name\":\"Meydan TV\",\"url\":\"https:\\\/\\\/www.meydan.tv\\\/az\\\/\",\"logo\":{\"@type\":\"ImageObject\",\"inLanguage\":\"az\",\"@id\":\"https:\\\/\\\/www.meydan.tv\\\/az\\\/#\\\/schema\\\/logo\\\/image\\\/\",\"url\":\"https:\\\/\\\/www.meydan.tv\\\/wp-content\\\/uploads\\\/2021\\\/07\\\/meydan-logo.svg\",\"contentUrl\":\"https:\\\/\\\/www.meydan.tv\\\/wp-content\\\/uploads\\\/2021\\\/07\\\/meydan-logo.svg\",\"width\":195,\"height\":46,\"caption\":\"Meydan TV\"},\"image\":{\"@id\":\"https:\\\/\\\/www.meydan.tv\\\/az\\\/#\\\/schema\\\/logo\\\/image\\\/\"}},{\"@type\":\"Person\",\"@id\":\"https:\\\/\\\/www.meydan.tv\\\/az\\\/#\\\/schema\\\/person\\\/10d11eccf6da3662cf5fdab9806ea91a\",\"name\":\"user-manager\"}]}<\/script>\n<!-- \/ Yoast SEO plugin. -->","yoast_head_json":{"title":"Manat\u0131 n\u0259 g\u00f6zl\u0259yir? - MEYDAN.TV","robots":{"index":"index","follow":"follow","max-snippet":"max-snippet:-1","max-image-preview":"max-image-preview:large","max-video-preview":"max-video-preview:-1"},"canonical":"https:\/\/www.meydan.tv\/az\/article\/manati-ne-gozleyir\/","og_locale":"az_AZ","og_type":"article","og_title":"Manat\u0131 n\u0259 g\u00f6zl\u0259yir? - MEYDAN.TV","og_description":"G\u00f6zl\u0259nil\u0259n h\u0259r iki ssenarid\u0259 manat dollara n\u0259z\u0259r\u0259n ucuzla\u015facaq. Onlar aras\u0131nda ... Davam\u0131","og_url":"https:\/\/www.meydan.tv\/az\/article\/manati-ne-gozleyir\/","og_site_name":"MEYDAN.TV","article_published_time":"2016-12-19T12:03:35+00:00","og_image":[{"width":852,"height":479,"url":"https:\/\/www.meydan.tv\/wp-content\/uploads\/27242.jpg","type":"image\/jpeg"}],"author":"user-manager","twitter_card":"summary_large_image","schema":{"@context":"https:\/\/schema.org","@graph":[{"@type":"Article","@id":"https:\/\/www.meydan.tv\/az\/article\/manati-ne-gozleyir\/#article","isPartOf":{"@id":"https:\/\/www.meydan.tv\/az\/article\/manati-ne-gozleyir\/"},"author":{"name":"user-manager","@id":"https:\/\/www.meydan.tv\/az\/#\/schema\/person\/10d11eccf6da3662cf5fdab9806ea91a"},"headline":"Manat\u0131 n\u0259 g\u00f6zl\u0259yir?","datePublished":"2016-12-19T12:03:35+00:00","mainEntityOfPage":{"@id":"https:\/\/www.meydan.tv\/az\/article\/manati-ne-gozleyir\/"},"wordCount":1114,"publisher":{"@id":"https:\/\/www.meydan.tv\/az\/#organization"},"image":{"@id":"https:\/\/www.meydan.tv\/az\/article\/manati-ne-gozleyir\/#primaryimage"},"thumbnailUrl":"https:\/\/www.meydan.tv\/wp-content\/uploads\/27242.jpg","articleSection":["Analitika"],"inLanguage":"az"},{"@type":"WebPage","@id":"https:\/\/www.meydan.tv\/az\/article\/manati-ne-gozleyir\/","url":"https:\/\/www.meydan.tv\/az\/article\/manati-ne-gozleyir\/","name":"Manat\u0131 n\u0259 g\u00f6zl\u0259yir? - MEYDAN.TV","isPartOf":{"@id":"https:\/\/www.meydan.tv\/az\/#website"},"primaryImageOfPage":{"@id":"https:\/\/www.meydan.tv\/az\/article\/manati-ne-gozleyir\/#primaryimage"},"image":{"@id":"https:\/\/www.meydan.tv\/az\/article\/manati-ne-gozleyir\/#primaryimage"},"thumbnailUrl":"https:\/\/www.meydan.tv\/wp-content\/uploads\/27242.jpg","datePublished":"2016-12-19T12:03:35+00:00","breadcrumb":{"@id":"https:\/\/www.meydan.tv\/az\/article\/manati-ne-gozleyir\/#breadcrumb"},"inLanguage":"az","potentialAction":[{"@type":"ReadAction","target":["https:\/\/www.meydan.tv\/az\/article\/manati-ne-gozleyir\/"]}]},{"@type":"ImageObject","inLanguage":"az","@id":"https:\/\/www.meydan.tv\/az\/article\/manati-ne-gozleyir\/#primaryimage","url":"https:\/\/www.meydan.tv\/wp-content\/uploads\/27242.jpg","contentUrl":"https:\/\/www.meydan.tv\/wp-content\/uploads\/27242.jpg","width":852,"height":479,"caption":"Source:"},{"@type":"BreadcrumbList","@id":"https:\/\/www.meydan.tv\/az\/article\/manati-ne-gozleyir\/#breadcrumb","itemListElement":[{"@type":"ListItem","position":1,"name":"Ana s\u0259hif\u0259","item":"https:\/\/www.meydan.tv\/az\/"},{"@type":"ListItem","position":2,"name":"Analitika","item":"https:\/\/www.meydan.tv\/az\/section\/analitika\/"},{"@type":"ListItem","position":3,"name":"Manat\u0131 n\u0259 g\u00f6zl\u0259yir?"}]},{"@type":"WebSite","@id":"https:\/\/www.meydan.tv\/az\/#website","url":"https:\/\/www.meydan.tv\/az\/","name":"MEYDAN.TV","description":"Meydan TV Az\u0259rbaycan\u0131n media m\u0259kan\u0131ndak\u0131 alternativ s\u0259sidir","publisher":{"@id":"https:\/\/www.meydan.tv\/az\/#organization"},"potentialAction":[{"@type":"SearchAction","target":{"@type":"EntryPoint","urlTemplate":"https:\/\/www.meydan.tv\/az\/?s={search_term_string}"},"query-input":{"@type":"PropertyValueSpecification","valueRequired":true,"valueName":"search_term_string"}}],"inLanguage":"az"},{"@type":"Organization","@id":"https:\/\/www.meydan.tv\/az\/#organization","name":"Meydan TV","url":"https:\/\/www.meydan.tv\/az\/","logo":{"@type":"ImageObject","inLanguage":"az","@id":"https:\/\/www.meydan.tv\/az\/#\/schema\/logo\/image\/","url":"https:\/\/www.meydan.tv\/wp-content\/uploads\/2021\/07\/meydan-logo.svg","contentUrl":"https:\/\/www.meydan.tv\/wp-content\/uploads\/2021\/07\/meydan-logo.svg","width":195,"height":46,"caption":"Meydan TV"},"image":{"@id":"https:\/\/www.meydan.tv\/az\/#\/schema\/logo\/image\/"}},{"@type":"Person","@id":"https:\/\/www.meydan.tv\/az\/#\/schema\/person\/10d11eccf6da3662cf5fdab9806ea91a","name":"user-manager"}]}},"_links":{"self":[{"href":"https:\/\/www.meydan.tv\/az\/wp-json\/wp\/v2\/posts\/181321","targetHints":{"allow":["GET"]}}],"collection":[{"href":"https:\/\/www.meydan.tv\/az\/wp-json\/wp\/v2\/posts"}],"about":[{"href":"https:\/\/www.meydan.tv\/az\/wp-json\/wp\/v2\/types\/post"}],"author":[{"embeddable":true,"href":"https:\/\/www.meydan.tv\/az\/wp-json\/wp\/v2\/users\/11"}],"replies":[{"embeddable":true,"href":"https:\/\/www.meydan.tv\/az\/wp-json\/wp\/v2\/comments?post=181321"}],"version-history":[{"count":0,"href":"https:\/\/www.meydan.tv\/az\/wp-json\/wp\/v2\/posts\/181321\/revisions"}],"wp:featuredmedia":[{"embeddable":true,"href":"https:\/\/www.meydan.tv\/az\/wp-json\/wp\/v2\/media\/71130"}],"wp:attachment":[{"href":"https:\/\/www.meydan.tv\/az\/wp-json\/wp\/v2\/media?parent=181321"}],"wp:term":[{"taxonomy":"category","embeddable":true,"href":"https:\/\/www.meydan.tv\/az\/wp-json\/wp\/v2\/categories?post=181321"},{"taxonomy":"post_tag","embeddable":true,"href":"https:\/\/www.meydan.tv\/az\/wp-json\/wp\/v2\/tags?post=181321"}],"curies":[{"name":"wp","href":"https:\/\/api.w.org\/{rel}","templated":true}]}}