{"id":181310,"date":"2016-12-17T21:26:08","date_gmt":"2016-12-17T21:26:08","guid":{"rendered":"https:\/\/www.meydan.tv\/article\/azerbaycan-liberal-demokratiyadan-avtoritarizme-ve\/"},"modified":"2016-12-17T21:26:08","modified_gmt":"2016-12-17T21:26:08","slug":"azerbaycan-liberal-demokratiyadan-avtoritarizme-ve","status":"publish","type":"post","link":"https:\/\/www.meydan.tv\/az\/article\/azerbaycan-liberal-demokratiyadan-avtoritarizme-ve\/","title":{"rendered":"Az\u0259rbaycan: Liberal demokratiyadan avtoritarizm\u0259 v\u0259&#8230;"},"content":{"rendered":"<p>\n  Neft v\u0259 qazla z\u0259ngin olan X\u0259z\u0259r \u00f6lk\u0259si \u2013 Az\u0259rbaycan g\u00fccl\u00fc iqtisadi b\u00f6hran ya\u015fay\u0131r\n<\/p>\n<p>\n  B\u00f6hran h\u0259m burada hakimiyy\u0259td\u0259 olan avtoritar rejim \u00fc\u00e7\u00fcn, h\u0259m d\u0259 son on ild\u0259 m\u00fcst\u0259sna olaraq neft hasilat\u0131n\u0131n be\u015f d\u0259f\u0259 artmas\u0131 v\u0259 qara q\u0131z\u0131l\u0131n qiym\u0259tinin bahala\u015fmas\u0131 n\u0259tic\u0259sind\u0259 g\u0259l\u0259n neft dollarlar\u0131 ax\u0131n\u0131na \u0259saslanan rifah\u0131n nisb\u0259t\u0259n art\u0131r\u0131lmas\u0131 yalanlar\u0131ndan s\u0259rxo\u015f olan c\u0259miyy\u0259t \u00fc\u00e7\u00fcn g\u00f6zl\u0259nilm\u0259z oldu.\n<\/p>\n<p>\n  Ham\u0131 \u015fokdad\u0131r v\u0259 \u0259slind\u0259 n\u0259 ba\u015f verdiyi, metamorfozan\u0131n, maddi rifah\u0131n \u015faqren d\u0259risi kimi yox olub getm\u0259sinin s\u0259b\u0259binin n\u0259d\u0259 oldu\u011fu haqq\u0131nda suallar verir.\n<\/p>\n<p>\n  B\u00f6hran\u0131n t\u00fc\u011fyan etdiyi iki il \u0259rzind\u0259 \u00f6z\u00fcn\u00fc itirmi\u015f hakimiyy\u0259t b\u00f6hran v\u0259ziyy\u0259tind\u0259n \u00e7\u0131x\u0131\u015f \u00fczr\u0259 he\u00e7 bir real add\u0131m atmay\u0131b.\n<\/p>\n<p>\n  Qeyd etm\u0259k laz\u0131md\u0131r ki, b\u00f6hran Az\u0259rbaycan\u0131 avtoritar idar\u0259etm\u0259 formas\u0131 olan bir \u00f6lk\u0259 kimi basd\u0131 v\u0259 b\u0259nz\u0259r avtoritar \u00f6lk\u0259l\u0259rin \u2013 Rusiya, Qazax\u0131stan, T\u00fcrkm\u0259nistan v\u0259 dig\u0259rl\u0259rinin d\u0259 eyni g\u00fccd\u0259 b\u00f6hran ya\u015famas\u0131 s\u0259ciyy\u0259vidir. Bir halda ki, liberal-demokratik d\u00fc\u015f\u0259rg\u0259y\u0259 aid \u00f6lk\u0259l\u0259rd\u0259 qlobal iqtisadi sars\u0131nt\u0131lara daha y\u00fcks\u0259k davaml\u0131l\u0131q m\u00fc\u015fahid\u0259 olunur. Onlar d\u00fcnya trendinin m\u0259nfi t\u0259sirini hiss edir, amma yen\u0259 d\u0259 iqtisadiyyat\u0131n sabitliyi v\u0259 \u0259halinin rifah\u0131 dinamikas\u0131n\u0131 qoruyub saxlay\u0131r.\n<\/p>\n<p>\n  Bu, iqtisadiyyat\u0131n v\u0259ziyy\u0259ti v\u0259 \u00f6lk\u0259nin idar\u0259etm\u0259 formas\u0131 aras\u0131ndak\u0131 \u0259laq\u0259nin qanunauy\u011funlu\u011funa d\u0259lal\u0259t edir.\n<\/p>\n<p>\n  <b><br \/>\n    Qanunauy\u011funluq<br \/>\n  <\/b>\n<\/p>\n<p>\n  2015-ci ild\u0259 \u0130qtisadi T\u0259hlil \u0130nstitutu (\u0130T\u0130) Katon \u0130nstitutu (AB\u015e), Frezer \u0130nstitutu (Kanada), Fridrix Nauman Fondu Liberal \u0130nstitutu (Almaniya) v\u0259 Vizio \u0130nstitutu (Sloveniya) il\u0259 birlikd\u0259 ilk d\u0259f\u0259 \u0130nsan Azadl\u0131\u011f\u0131 \u0130ndeksinin \u00f6l\u00e7\u00fcm\u00fcn\u0259 h\u0259sr olunmu\u015f m\u0259ruz\u0259<br \/>\n  <a href=\"http:\/\/www.freetheworld.com\/2012\/freedomIndex\/Towards-Worldwide-Index.pdf\" target=\"_blank\" rel=\"noopener\"><br \/>\n    d\u0259rc edib.<br \/>\n  <\/a>\n<\/p>\n<p>\n  \u0130nsan Azadl\u0131\u011f\u0131 \u0130ndeksind\u0259 (\u0130A\u0130) ilk d\u0259f\u0259 olaraq son onild\u0259 \u00f6l\u00e7\u00fclm\u0259sind\u0259 ciddi ir\u0259lil\u0259yi\u015f \u0259ld\u0259 olunmu\u015f ayr\u0131-ayr\u0131 azadl\u0131qlar\u0131n inteqral qiym\u0259tl\u0259ndirilm\u0259sin\u0259 c\u0259hd edilib. \u0130A\u0130 insan f\u0259aliyy\u0259tinin on sah\u0259sini \u0259ks etdir\u0259n 76 \u015f\u0259xsi azadl\u0131q, v\u0259t\u0259nda\u015f azadl\u0131\u011f\u0131 v\u0259 iqtisadi azadl\u0131q g\u00f6st\u0259ricisini ehtiva edir:\n<\/p>\n<p>\n  &#8211; h\u00fcququn aliliyi,\n<\/p>\n<p>\n  &#8211; t\u0259hl\u00fck\u0259sizlik,\n<\/p>\n<p>\n  &#8211; yerd\u0259yi\u015fm\u0259 azadl\u0131\u011f\u0131,\n<\/p>\n<p>\n  &#8211; dini f\u0259aliyy\u0259t azadl\u0131\u011f\u0131,\n<\/p>\n<p>\n  &#8211; assosiasiya azadl\u0131\u011f\u0131,\n<\/p>\n<p>\n  &#8211; ifad\u0259 azadl\u0131\u011f\u0131,\n<\/p>\n<p>\n  &#8211; d\u00f6vl\u0259t \u00f6l\u00e7\u00fcl\u0259ri,\n<\/p>\n<p>\n  &#8211; h\u00fcquq sisteminin keyfiyy\u0259ti v\u0259 m\u00fclkiyy\u0259t h\u00fcquqlar\u0131n\u0131n m\u00fcdafi\u0259si,\n<\/p>\n<p>\n  &#8211; etibarl\u0131 pullar\u0131n \u0259ld\u0259 edilm\u0259si,\n<\/p>\n<p>\n  &#8211; beyn\u0259lxalq ticar\u0259t azadl\u0131\u011f\u0131,\n<\/p>\n<p>\n  &#8211; biznesin, \u0259m\u0259yin v\u0259 kreditin idar\u0259 olunmas\u0131.\n<\/p>\n<p>\n  Bel\u0259likl\u0259, bel\u0259 bir qanunauy\u011funluq m\u00fc\u0259yy\u0259n edilib: s\u00f6z\u00fcged\u0259n sah\u0259l\u0259rin t\u0259l\u0259bl\u0259ri n\u0259 q\u0259d\u0259r \u00e7ox h\u0259yata ke\u00e7irilirs\u0259, iqtisadi v\u0259 sosial rifah o q\u0259d\u0259r y\u00fcks\u0259kdir. \u018fsas\u0259n Honkonq, \u0130sve\u00e7r\u0259, Danimarka, Finlandiya, Yeni Zelandiya, Kanada v\u0259 s. kimi liberal demokratiyaya malik \u00f6lk\u0259l\u0259r lider olub. Daha bir qanunauy\u011funluq \u00fcz\u0259 \u00e7\u0131x\u0131r ki, bu \u00f6lk\u0259l\u0259rd\u0259 \u015f\u0259xsi azadl\u0131q indeksi iqtisadi azadl\u0131q indeksind\u0259n y\u00fcks\u0259kdir.\n<\/p>\n<p>\n  2012-ci il \u00fc\u00e7\u00fcn \u00f6lk\u0259l\u0259rin s\u0131ralamas\u0131 g\u00f6st\u0259rir ki, iqtisadiyyat\u0131n inki\u015faf\u0131 v\u0259 rifah s\u0259viyy\u0259si m\u0259hz \u015f\u0259xsi azadl\u0131q indeksinin d\u00fc\u015fm\u0259si n\u0259tic\u0259sind\u0259 azal\u0131r. M\u0259s\u0259l\u0259n, 152 d\u00f6vl\u0259t aras\u0131nda 126-c\u0131 yeri tutan Az\u0259rbaycanda \u015f\u0259xsi azadl\u0131q indeksi (5,79) iqtisadi azadl\u0131q indeksind\u0259n a\u015fa\u011f\u0131d\u0131r, baxmayaraq ki, o da y\u00fcks\u0259k deyil (6,79). Rusiya, \u00c7in, Q\u0131r\u011f\u0131z\u0131stan ona qon\u015fuluq edir, \u015f\u0259xsi azadl\u0131q s\u0259viyy\u0259sinin \u0259n a\u015fa\u011f\u0131 oldu\u011fu \u0130ran reytinqin sonunda g\u0259lir. Son d\u00f6rd ild\u0259 Az\u0259rbaycanda f\u0259rqli d\u00fc\u015f\u00fcn\u0131nl\u0259rin k\u00fctl\u0259vi h\u0259bsl\u0259ri, ifad\u0259 azadl\u0131\u011f\u0131na qanunvericilik m\u0259hdudiyy\u0259tl\u0259rinin t\u0259tbiqi, c\u0259miyy\u0259t \u00fcz\u0259rind\u0259 polis n\u0259zar\u0259tinin g\u00fccl\u0259nm\u0259si n\u0259tic\u0259sind\u0259 \u015f\u0259xsi azadl\u0131q sah\u0259sind\u0259 v\u0259ziyy\u0259t xeyli pisl\u0259\u015fib.\n<\/p>\n<figure class=\"wp-block-image size-large\">\n  <img decoding=\"async\" src=\"https:\/\/www.meydan.tv\/az\/2012-ci-ilde-insan-azadligi-ve-onun-iki-esas-komponenti-indeksi\/\" alt=\"2012-ci ild\u0259 insan azadl\u0131\u011f\u0131 v\u0259 onun iki \u0259sas komponenti indeksi\" class=\"wp-image-75616\"\/><figcaption>\n    2012-ci ild\u0259 insan azadl\u0131\u011f\u0131 v\u0259 onun iki \u0259sas komponenti indeksi<br \/>\n  <\/figcaption><\/figure>\n<p>\n  Qeyd etm\u0259k laz\u0131md\u0131r ki, Az\u0259rbaycanda neft g\u0259lirl\u0259rinin artmas\u0131 d\u00f6vr\u00fc yuxar\u0131da qeyd edil\u0259n on meyar\u0131n ham\u0131s\u0131 \u00fczr\u0259 k\u0259skin m\u0259hdudiyy\u0259tl\u0259rl\u0259 s\u0259ciyy\u0259l\u0259nib, m\u00fcst\u0259qil qeyri-h\u00f6kum\u0259t sektorunun v\u0259 azad K\u0130V-in tamamil\u0259 da\u011f\u0131d\u0131lmas\u0131 bunun kulminasiya n\u00f6qt\u0259si olub. Y\u0259ni iqtisadi inki\u015faf v\u0259 azadl\u0131qlar\u0131n m\u0259hdudla\u015fd\u0131r\u0131lmas\u0131 uy\u011funsuz olub ki, bu da iqtisadiyyat\u0131n \u00e7ay \u00fcz\u0259rind\u0259n bir sahild\u0259n dig\u0259r sahil\u0259 q\u0259d\u0259r ke\u00e7\u0259n asma k\u00f6rp\u00fc kimi da\u011f\u0131lmas\u0131na g\u0259tirib \u00e7\u0131xar\u0131b.\n<\/p>\n<p>\n  Bu halda Az\u0259rbaycan d\u0259y\u0259rl\u0259ri b\u0259rpa etm\u0259k v\u0259 \u015e\u0259rqd\u0259 ilk d\u0259v\u0259 1918-20-ci ill\u0259r Birinci Demokratik C\u00fcmhuriyy\u0259tin banil\u0259rinin yaratma\u011fa c\u0259hd etdiyi demokratik d\u00f6vl\u0259ti qurmaq \u00fc\u00e7\u00fcn tarixi \u015fansdan istifad\u0259 ed\u0259 bilm\u0259yib. H\u0259min vaxt Rusiya \u0130mperiyas\u0131n\u0131n da\u011f\u0131lmas\u0131 n\u0259tic\u0259sind\u0259 Az\u0259rbaycan elitas\u0131 \u00f6z\u00fcn\u00fc liberal demokratiyan\u0131n ard\u0131c\u0131l\u0131 elan etdi v\u0259 \u0130stiqlal Akt\u0131nda onun m\u00fcdd\u0259alar\u0131n\u0131 t\u0259sbit etdi. Sovet imperiyas\u0131 d\u00f6vr\u00fcnd\u0259 onun m\u00fcdd\u0259alar\u0131n\u0131n h\u0259yata ke\u00e7irilm\u0259si 70 il t\u0259xir\u0259 sal\u0131nd\u0131. 1991-ci ild\u0259 SSR\u0130-nin da\u011f\u0131lmas\u0131ndan sonra Az\u0259rbaycan\u0131n qar\u015f\u0131s\u0131na liberal demokratiyan\u0131n m\u00fcdd\u0259alar\u0131n\u0131 h\u0259yata ke\u00e7irm\u0259k \u015fans\u0131 \u00e7\u0131xd\u0131, bu, konstitusiya il\u0259 elan olundu v\u0259 xalq\u0131n \u00e7oxminlik meydan mitinql\u0259ri il\u0259 n\u00fcmayi\u015f etdirdiyi irad\u0259si il\u0259 m\u00f6hk\u0259ml\u0259ndirildi. Amma sonradan 1991-ci ild\u0259 q\u0259bul edilmi\u015f ikinci liberal demokratik b\u0259yannam\u0259 &#8211; &#8220;D\u00f6vl\u0259t m\u00fcst\u0259qilliyi haqq\u0131nda konstitusiya akt\u0131&#8221; uzun, amma ard\u0131c\u0131l m\u0259zmunsuzla\u015fma yolu ke\u00e7ir v\u0259 son ntic\u0259d\u0259 Konstitusiyan\u0131 v\u0259 dig\u0259r m\u00fch\u00fcm qanunlar\u0131 deklarativ s\u0259n\u0259dl\u0259r\u0259 \u00e7evirir.\n<\/p>\n<p>\n  <b><br \/>\n    Liberal demokratiyan\u0131n t\u0259rifi<br \/>\n  <\/b>\n<\/p>\n<p>\n  Ensiklopediya Liberal Demokratiyaya a\u015fa\u011f\u0131dak\u0131 t\u0259rifi verir: O, ictimai-siyasi qurulu\u015f formas\u0131 \u2013 \u0259ks\u0259riyy\u0259tin irad\u0259sinin v\u0259 se\u00e7ilmi\u015f n\u00fcmay\u0259nd\u0259l\u0259rin hakimiyy\u0259ti h\u0259yata ke\u00e7irm\u0259k qabiliyy\u0259tinin azl\u0131qlar\u0131n h\u00fcquqlar\u0131n\u0131n v\u0259 ayr\u0131-ayr\u0131 v\u0259t\u0259nda\u015flar\u0131n azadl\u0131qlar\u0131n\u0131n m\u00fcdafi\u0259si namin\u0259 m\u0259hdudla\u015fd\u0131r\u0131ld\u0131\u011f\u0131 m\u00f6t\u0259b\u0259r demokratiya \u0259sas\u0131nda qurulan h\u00fcquqi d\u00f6vl\u0259tdir. Liberal demokratiya h\u0259r bir v\u0259t\u0259nda\u015f\u0131n laz\u0131mi h\u00fcquqi prosedurlara riay\u0259t olunmas\u0131, \u015f\u0259xsi m\u00fclkiyy\u0259t, \u015f\u0259xsi h\u0259yat\u0131n toxunulmazl\u0131\u011f\u0131, s\u00f6z azadl\u0131\u011f\u0131, topla\u015fmaq azadl\u0131\u011f\u0131 v\u0259 dini etiqad azadl\u0131\u011f\u0131 h\u00fcquqlar\u0131n\u0131n b\u0259rab\u0259r \u015f\u0259kild\u0259 t\u0259min edilm\u0259sini qar\u015f\u0131s\u0131na m\u0259qs\u0259d qoyur.\n<\/p>\n<p>\n  Liberal demokratiyan\u0131n \u0259n tez-tez g\u00f6st\u0259ril\u0259n meyarlar\u0131 v\u0259t\u0259nda\u015f h\u00fcquq v\u0259 azadl\u0131qlar\u0131 formas\u0131ndad\u0131r. Bu azadl\u0131qlar\u0131n \u0259ks\u0259riyy\u0259ti liberalizmin m\u00fcxt\u0259lif c\u0259r\u0259yanlar\u0131ndan g\u00f6t\u00fcr\u00fcl\u00fcb, amma funksional \u0259h\u0259miyy\u0259t qazan\u0131b:\n<\/p>\n<p>\n  \u00b7 H\u0259yat v\u0259 \u015f\u0259xsi l\u0259yaq\u0259t h\u00fcququ\n<\/p>\n<p>\n  \u00b7 S\u00f6z azadl\u0131\u011f\u0131\n<\/p>\n<p>\n  \u00b7 K\u00fctl\u0259vi informasiya vasit\u0259l\u0259ri azadl\u0131\u011f\u0131 v\u0259 alternativ informasiya m\u0259nb\u0259l\u0259rin\u0259 \u00e7\u0131x\u0131\u015f\n<\/p>\n<p>\n  \u00b7 Dini etiqad v\u0259 dini bax\u0131\u015flar\u0131n a\u00e7\u0131q ifad\u0259 olunmas\u0131 azadl\u0131\u011f\u0131\n<\/p>\n<p>\n  \u00b7 Siyasi t\u0259\u015fkilatlarda, pe\u015f\u0259 t\u0259\u015fkilatlar\u0131nda v\u0259 dig\u0259r t\u0259\u015fkilatlarda birl\u0259\u015fm\u0259k h\u00fcququ\n<\/p>\n<p>\n  \u00b7 Topla\u015fmaq v\u0259 a\u00e7\u0131q ictimai m\u00fczakir\u0259 azadl\u0131\u011f\u0131\n<\/p>\n<p>\n  \u00b7 Akademik azadl\u0131q\n<\/p>\n<p>\n  \u00b7 M\u00fcst\u0259qil \u0259dal\u0259tli m\u00fchakim\u0259\n<\/p>\n<p>\n  \u00b7 Qanun qar\u015f\u0131s\u0131nda b\u0259rab\u0259rlik\n<\/p>\n<p>\n  \u00b7 Qanunun aliliyi \u015f\u0259rtil\u0259 laz\u0131mi h\u00fcquqi prosedurlara riay\u0259t olunmas\u0131 h\u00fcququ\n<\/p>\n<p>\n  \u00b7 \u015e\u0259xsi h\u0259yat\u0131n toxunulmazl\u0131\u011f\u0131 v\u0259 \u015f\u0259xsi sirr h\u00fcququ\n<\/p>\n<p>\n  \u00b7 M\u00fclkiyy\u0259t\u0259 sahib olmaq v\u0259 \u015f\u0259xsi sahibkarl\u0131q h\u00fcququ\n<\/p>\n<p>\n  \u00b7 Yerd\u0259yi\u015fm\u0259 v\u0259 i\u015f yeri se\u00e7m\u0259k azadl\u0131\u011f\u0131\n<\/p>\n<p>\n  \u00b7 T\u0259hsil azadl\u0131\u011f\u0131\n<\/p>\n<p>\n  \u00b7 Azad \u0259m\u0259k h\u00fcququ v\u0259 h\u0259dsiz iqtisadi istismardan azadl\u0131q\n<\/p>\n<p>\n  \u00b7 \u0130mkanlar\u0131n b\u0259rab\u0259rliyi\n<\/p>\n<p>\n  <b><br \/>\n    \u015e\u0259xsiyy\u0259tin azad edilm\u0259si \u00fczr\u0259 &#8220;Yol x\u0259rit\u0259si&#8221; haqq\u0131nda<br \/>\n  <\/b>\n<\/p>\n<p>\n  Bu meyarlar\u0131n h\u0259yata ke\u00e7irilm\u0259sind\u0259 h\u00f6kum\u0259tin t\u0259r\u0259fda\u015f\u0131 klassik m\u0259nada m\u00fcst\u0259qil QHT v\u0259 K\u0130V-in \u015f\u0259xsind\u0259 v\u0259t\u0259nda\u015f c\u0259miyy\u0259ti olmal\u0131d\u0131r. Amma Az\u0259rbaycanda onlar prosesd\u0259n xaric edilib. H\u00f6kum\u0259t &#8220;milli maraqlar\u0131n v\u0259 d\u0259y\u0259rl\u0259rin&#8221; m\u00fcdafi\u0259si bayra\u011f\u0131 alt\u0131nda g\u00fcc yolu il\u0259 bo\u011fmaq v\u0259 maddi c\u0259h\u0259td\u0259n tabe etm\u0259k yolu il\u0259 v\u0259t\u0259nda\u015f c\u0259miyy\u0259ti \u00fcz\u0259rind\u0259 tam n\u0259zar\u0259t qurmaq kursu g\u00f6t\u00fcr\u00fcb. Xarici donorlar \u00f6lk\u0259d\u0259n qovulub, maliyy\u0259l\u0259\u015fm\u0259 d\u00f6vl\u0259t t\u0259r\u0259find\u0259n m\u0259hdudla\u015fd\u0131r\u0131lm\u0131\u015f formada h\u0259yata ke\u00e7irilir. D\u00f6vl\u0259tin n\u0259zar\u0259ti il\u0259 c\u00fczi xarici maliyy\u0259l\u0259\u015fm\u0259y\u0259 icaz\u0259 verilir. Bel\u0259likl\u0259, avtoritar rejimin zorak\u0131l\u0131q v\u0259 total t\u0259bli\u011fat vasit\u0259sil\u0259 c\u0259miyy\u0259t \u00fcz\u0259rind\u0259 tam n\u0259zar\u0259t n\u0259z\u0259rd\u0259 tutan siyas\u0259tin\u0259 q\u0259sd ed\u0259 bilm\u0259y\u0259c\u0259k t\u0259\u015fkilatlar v\u0259 layih\u0259l\u0259r maliyy\u0259l\u0259\u015fdirilir. Bunun n\u0259tic\u0259si olaraq v\u0259t\u0259nda\u015f c\u0259miyy\u0259tinin d\u00f6vl\u0259t q\u0259rarlar\u0131n\u0131n q\u0259bulunda v\u0259 h\u0259yata ke\u00e7irilm\u0259sind\u0259 i\u015ftirak\u0131n\u0131n qar\u015f\u0131s\u0131n\u0131n al\u0131nmas\u0131 ciddi s\u0259hvl\u0259r\u0259 v\u0259 sui-istifad\u0259l\u0259r\u0259 yol a\u00e7\u0131b.\n<\/p>\n<p>\n  Liberal-demokratik d\u0259y\u0259rl\u0259rin unudulmas\u0131 art\u0131q Az\u0259rbaycan\u0131 y\u00fcks\u0259k s\u0259viyy\u0259d\u0259 korrupsiyan\u0131n, traffikinqin, \u015f\u0259xsi m\u00fclkiyy\u0259t h\u00fcquqlar\u0131n\u0131n, insan h\u00fcquqlar\u0131n\u0131n, s\u00f6z v\u0259 ifad\u0259 azadl\u0131\u011f\u0131n\u0131n, m\u00fcdafi\u0259 olunmaq h\u00fcququnun pozulmas\u0131n\u0131n v\u0259 b\u00fct\u00fcnl\u00fckd\u0259 d\u00f6vl\u0259tin c\u0259miyy\u0259t \u00fcz\u0259rind\u0259 total n\u0259zar\u0259tinin t\u00fc\u011fyan etdiyi \u00f6lk\u0259l\u0259r s\u0131ras\u0131na \u00e7\u0131xar\u0131b. Vaxtil\u0259 tolerant olan \u00f6lk\u0259d\u0259 ekstremist \u0259hval-ruhiyy\u0259nin artd\u0131\u011f\u0131 m\u00fc\u015fahid\u0259 olunur, \u0130\u015e\u0130D s\u0131ralar\u0131na qo\u015fulan v\u0259t\u0259nda\u015flar\u0131n say\u0131n\u0131n \u00e7ox olmas\u0131 buna d\u0259lal\u0259t edir. V\u0259t\u0259nda\u015flar siyasi v\u0259 iqtisadi s\u0259b\u0259bl\u0259rd\u0259n \u00f6lk\u0259d\u0259n s\u00fcr\u0259tl\u0259 m\u00fchacir\u0259t edir, dig\u0259r avtoritar \u00f6lk\u0259l\u0259rd\u0259n g\u0259l\u0259n miqrasiya ax\u0131nlar\u0131na qo\u015fulur.\n<\/p>\n<p>\n  2016-c\u0131 ilin sonunda prezident \u0130lham \u018fliyevin administrasiyas\u0131 \u00f6lk\u0259nin b\u00f6hrandan \u00e7\u0131xmas\u0131 \u00fc\u00e7\u00fcn g\u0259l\u0259n il ba\u015flama\u011f\u0131 planla\u015fd\u0131rd\u0131\u011f\u0131 iqtisadi islahatlar\u0131n &#8220;yol x\u0259rit\u0259sini&#8221; elan edib. Amma s\u0259n\u0259d \u015f\u0259xsiyy\u0259tin azad edilm\u0259si kimi komponent n\u0259z\u0259r\u0259 al\u0131nmadan formala\u015fd\u0131r\u0131l\u0131b, y\u0259ni v\u0259t\u0259nda\u015flar\u0131n h\u00fcquq v\u0259 azadl\u0131qlar\u0131n\u0131n t\u0259min edilm\u0259si \u00fczr\u0259 paralel he\u00e7 bir m\u00fch\u00fcm q\u0259rar n\u0259z\u0259rd\u0259 tutmur. \u015e\u0259xsi azadl\u0131q s\u0259viyy\u0259sinin iqtisadi inki\u015fafa v\u0259 rifaha t\u0259sirini n\u0259z\u0259r\u0259 alsaq, t\u0259klif edilmi\u015f islahatlar\u0131n \u0259h\u0259miyy\u0259tli divident verm\u0259y\u0259c\u0259yini v\u0259 yaln\u0131z \u00f6lk\u0259nin v\u0259ziyy\u0259tini ard\u0131c\u0131l b\u00f6hranlar\u0131n k\u0259skin v\u0259 yum\u015faq fazalar\u0131 aras\u0131nda saxlayaca\u011f\u0131n\u0131, rifah\u0131n a\u015fa\u011f\u0131 s\u0259viyy\u0259d\u0259 olaca\u011f\u0131n\u0131 v\u0259 daxili v\u0259 xarici neqativl\u0259r yaranaca\u011f\u0131n\u0131 proqnozla\u015fd\u0131rmaq olar. Bu halda Az\u0259rbaycanda \u015f\u0259xsiyy\u0259tin azad edilm\u0259si \u00fczr\u0259 &#8220;yol x\u0259rit\u0259si&#8221; q\u0259bul etm\u0259k v\u0259 iki yol x\u0259rit\u0259sini bir proqram s\u0259n\u0259dind\u0259 birl\u0259\u015fdirm\u0259k daha do\u011fru olard\u0131.\n<\/p>\n<p>\n  <b><br \/>\n    Liberal demokratiyal\u0131 \u00f6lk\u0259l\u0259rin dispozisiyas\u0131<br \/>\n  <\/b>\n<\/p>\n<p>\n  Liberal demokratiyal\u0131 \u00f6lk\u0259l\u0259rd\u0259 avtoritar \u00f6lk\u0259l\u0259rd\u0259ki v\u0259ziyy\u0259t\u0259 reaksiya \u00fczr\u0259 ikili yana\u015fma m\u00f6vcuddur. Birinci, rahat yana\u015fma &#8211; diqq\u0259ti daxili inki\u015fafa v\u0259 demokratik d\u0259y\u0259rl\u0259rin, \u00f6z c\u0259miyy\u0259tl\u0259rinin t\u0259kmill\u0259\u015fdirilm\u0259sin\u0259, rifah\u0131n art\u0131r\u0131lmas\u0131na c\u0259ml\u0259\u015fdirm\u0259yi n\u0259z\u0259rd\u0259 tutur. \u0130kinci, \u015f\u0259rik yana\u015fma t\u0259kc\u0259 h\u0259mr\u0259ylik deyil, h\u0259m d\u0259 terrorizm, ekstremizm kimi t\u0259hl\u00fck\u0259l\u0259r ixrac ed\u0259n, maraqlar\u0131n v\u0259 ilk n\u00f6vb\u0259d\u0259 iqtisadi inki\u015faf\u0131n lideri olan \u00f6lk\u0259l\u0259rin v\u0259 dem\u0259li h\u0259m d\u0259 onlar\u0131n c\u0259miyy\u0259tl\u0259rinin maraqlar\u0131n\u0131n m\u00fch\u00fcm hiss\u0259si olan qlobal bazar\u0131n inki\u015faf\u0131na, mal v\u0259 xidm\u0259tl\u0259rin azad yerd\u0259yi\u015fm\u0259sin\u0259 mane olan qeyri-sabit \u00f6lk\u0259l\u0259rin t\u0259hl\u00fck\u0259 t\u0259\u015fkil etdiyi t\u0259hl\u00fck\u0259sizlik t\u0259l\u0259bl\u0259rind\u0259n ir\u0259li g\u0259l\u0259r\u0259k, d\u0259y\u0259rl\u0259rin \u00f6z s\u0259rh\u0259dl\u0259rind\u0259n k\u0259narda m\u00fcdafi\u0259sini n\u0259z\u0259rd\u0259 tutur.\n<\/p>\n<p>\n  Bu m\u0259nada demokratik d\u00fcnya islahat\u00e7\u0131 h\u00f6kum\u0259tl\u0259rin d\u0259st\u0259kl\u0259nm\u0259sind\u0259, habel\u0259 azad v\u0259t\u0259nda\u015f c\u0259miyy\u0259tind\u0259 maraql\u0131 olmal\u0131d\u0131r. Eyni zamanda, demokratik \u00f6lk\u0259l\u0259r \u00f6z t\u0259hl\u00fck\u0259sizlikl\u0259ri anlay\u0131\u015f\u0131na \u0259saslanaraq, v\u0259t\u0259nda\u015flar\u0131n t\u0259m\u0259l h\u00fcquqlar\u0131n\u0131 v\u0259 h\u0259m \u00f6z konstitusiyalar\u0131n\u0131, h\u0259m d\u0259 q\u0259bul etdikl\u0259ri Avropada T\u0259hl\u00fck\u0259sizlik v\u0259 \u018fm\u0259kda\u015fl\u0131q \u00fczr\u0259 Helsinki Yekun Akt\u0131 kimi beyn\u0259lxalq aktlara \u0259saslanan beyn\u0259lxalq \u00f6hd\u0259likl\u0259rini pozan rejiml\u0259ri q\u0259tiyy\u0259tl\u0259 t\u0259crid etm\u0259lidirl\u0259r.\n<\/p>\n<p>\n  Bu m\u0259nada m\u00fch\u00fcm geosiyasi m\u00f6vqey\u0259 malik, xalq\u0131 son y\u00fcz ild\u0259 iki d\u0259f\u0259 liberal-demokratik d\u0259y\u0259rl\u0259rin ard\u0131c\u0131l\u0131 oldu\u011funu elan ed\u0259n bir \u00f6lk\u0259 kimi Az\u0259rbaycan m\u00fcst\u0259qillik haqq\u0131nda iki tarixi b\u0259yannam\u0259nin h\u0259yata ke\u00e7irilm\u0259sind\u0259 d\u0259st\u0259k v\u0259 yard\u0131m almal\u0131d\u0131r. Az\u0259rbaycanda bu d\u0259y\u0259rl\u0259r\u0259 m\u0259h\u0259l qoyulmamas\u0131 siyas\u0259tinin yaratd\u0131\u011f\u0131 sistemli b\u00f6hran yaln\u0131z paralel olaraq liberal-demokratik d\u0259y\u0259rl\u0259rin aliliyinin b\u0259rq\u0259rar edilm\u0259si v\u0259 iqtisadi islahatlar\u0131n h\u0259yata ke\u00e7irilm\u0259si yolu il\u0259 h\u0259ll oluna bil\u0259r. Ba\u015fqa yol yoxdur. Bel\u0259 ki, b\u00f6hran h\u00f6kum\u0259tin v\u0259t\u0259nda\u015flar\u0131n h\u00fcquq v\u0259 azadl\u0131qlar\u0131n\u0131n pozulmas\u0131 \u00fcz\u0259rind\u0259 qurdu\u011fu yanl\u0131\u015f v\u0259 z\u0259r\u0259rli siyas\u0259tin n\u0259tic\u0259si oldu\u011funu kifay\u0259t q\u0259d\u0259r a\u00e7\u0131q g\u00f6st\u0259rib.<\/p>\n","protected":false},"excerpt":{"rendered":"<p>Neft v\u0259 qazla z\u0259ngin olan X\u0259z\u0259r \u00f6lk\u0259si \u2013 Az\u0259rbaycan g\u00fccl\u00fc iqtisadi b\u00f6hran ya\u015fay\u0131r<\/p>\n","protected":false},"author":11,"featured_media":75613,"comment_status":"closed","ping_status":"open","sticky":false,"template":"","format":"standard","meta":{"_acf_changed":false,"_sitemap_exclude":false,"_sitemap_priority":"","_sitemap_frequency":"","footnotes":""},"categories":[51],"tags":[],"class_list":["post-181310","post","type-post","status-publish","format-standard","has-post-thumbnail","hentry","category-analitika","infinite-scroll-item","generate-columns","tablet-grid-50","mobile-grid-100","grid-parent","grid-33","no-featured-image-padding"],"acf":[],"yoast_head":"<!-- This site is optimized with the Yoast SEO plugin v27.5 - https:\/\/yoast.com\/product\/yoast-seo-wordpress\/ -->\n<title>Az\u0259rbaycan: Liberal demokratiyadan avtoritarizm\u0259 v\u0259... - MEYDAN.TV<\/title>\n<meta name=\"robots\" content=\"index, follow, max-snippet:-1, max-image-preview:large, max-video-preview:-1\" \/>\n<link rel=\"canonical\" href=\"https:\/\/www.meydan.tv\/az\/article\/azerbaycan-liberal-demokratiyadan-avtoritarizme-ve\/\" \/>\n<meta property=\"og:locale\" content=\"az_AZ\" \/>\n<meta property=\"og:type\" content=\"article\" \/>\n<meta property=\"og:title\" content=\"Az\u0259rbaycan: Liberal demokratiyadan avtoritarizm\u0259 v\u0259... - MEYDAN.TV\" \/>\n<meta property=\"og:description\" content=\"Neft v\u0259 qazla z\u0259ngin olan X\u0259z\u0259r \u00f6lk\u0259si \u2013 Az\u0259rbaycan g\u00fccl\u00fc iqtisadi b\u00f6hran ya\u015fay\u0131r\" \/>\n<meta property=\"og:url\" content=\"https:\/\/www.meydan.tv\/az\/article\/azerbaycan-liberal-demokratiyadan-avtoritarizme-ve\/\" \/>\n<meta property=\"og:site_name\" content=\"MEYDAN.TV\" \/>\n<meta property=\"article:published_time\" content=\"2016-12-17T21:26:08+00:00\" \/>\n<meta property=\"og:image\" content=\"https:\/\/www.meydan.tv\/wp-content\/uploads\/29255.jpg\" \/>\n\t<meta property=\"og:image:width\" content=\"1890\" \/>\n\t<meta property=\"og:image:height\" content=\"1257\" \/>\n\t<meta property=\"og:image:type\" content=\"image\/jpeg\" \/>\n<meta name=\"author\" content=\"user-manager\" \/>\n<meta name=\"twitter:card\" content=\"summary_large_image\" \/>\n<script type=\"application\/ld+json\" class=\"yoast-schema-graph\">{\"@context\":\"https:\\\/\\\/schema.org\",\"@graph\":[{\"@type\":\"Article\",\"@id\":\"https:\\\/\\\/www.meydan.tv\\\/az\\\/article\\\/azerbaycan-liberal-demokratiyadan-avtoritarizme-ve\\\/#article\",\"isPartOf\":{\"@id\":\"https:\\\/\\\/www.meydan.tv\\\/az\\\/article\\\/azerbaycan-liberal-demokratiyadan-avtoritarizme-ve\\\/\"},\"author\":{\"name\":\"user-manager\",\"@id\":\"https:\\\/\\\/www.meydan.tv\\\/az\\\/#\\\/schema\\\/person\\\/10d11eccf6da3662cf5fdab9806ea91a\"},\"headline\":\"Az\u0259rbaycan: Liberal demokratiyadan avtoritarizm\u0259 v\u0259&#8230;\",\"datePublished\":\"2016-12-17T21:26:08+00:00\",\"mainEntityOfPage\":{\"@id\":\"https:\\\/\\\/www.meydan.tv\\\/az\\\/article\\\/azerbaycan-liberal-demokratiyadan-avtoritarizme-ve\\\/\"},\"wordCount\":2375,\"publisher\":{\"@id\":\"https:\\\/\\\/www.meydan.tv\\\/az\\\/#organization\"},\"image\":{\"@id\":\"https:\\\/\\\/www.meydan.tv\\\/az\\\/article\\\/azerbaycan-liberal-demokratiyadan-avtoritarizme-ve\\\/#primaryimage\"},\"thumbnailUrl\":\"https:\\\/\\\/www.meydan.tv\\\/wp-content\\\/uploads\\\/29255.jpg\",\"articleSection\":[\"Analitika\"],\"inLanguage\":\"az\"},{\"@type\":\"WebPage\",\"@id\":\"https:\\\/\\\/www.meydan.tv\\\/az\\\/article\\\/azerbaycan-liberal-demokratiyadan-avtoritarizme-ve\\\/\",\"url\":\"https:\\\/\\\/www.meydan.tv\\\/az\\\/article\\\/azerbaycan-liberal-demokratiyadan-avtoritarizme-ve\\\/\",\"name\":\"Az\u0259rbaycan: Liberal demokratiyadan avtoritarizm\u0259 v\u0259... - MEYDAN.TV\",\"isPartOf\":{\"@id\":\"https:\\\/\\\/www.meydan.tv\\\/az\\\/#website\"},\"primaryImageOfPage\":{\"@id\":\"https:\\\/\\\/www.meydan.tv\\\/az\\\/article\\\/azerbaycan-liberal-demokratiyadan-avtoritarizme-ve\\\/#primaryimage\"},\"image\":{\"@id\":\"https:\\\/\\\/www.meydan.tv\\\/az\\\/article\\\/azerbaycan-liberal-demokratiyadan-avtoritarizme-ve\\\/#primaryimage\"},\"thumbnailUrl\":\"https:\\\/\\\/www.meydan.tv\\\/wp-content\\\/uploads\\\/29255.jpg\",\"datePublished\":\"2016-12-17T21:26:08+00:00\",\"breadcrumb\":{\"@id\":\"https:\\\/\\\/www.meydan.tv\\\/az\\\/article\\\/azerbaycan-liberal-demokratiyadan-avtoritarizme-ve\\\/#breadcrumb\"},\"inLanguage\":\"az\",\"potentialAction\":[{\"@type\":\"ReadAction\",\"target\":[\"https:\\\/\\\/www.meydan.tv\\\/az\\\/article\\\/azerbaycan-liberal-demokratiyadan-avtoritarizme-ve\\\/\"]}]},{\"@type\":\"ImageObject\",\"inLanguage\":\"az\",\"@id\":\"https:\\\/\\\/www.meydan.tv\\\/az\\\/article\\\/azerbaycan-liberal-demokratiyadan-avtoritarizme-ve\\\/#primaryimage\",\"url\":\"https:\\\/\\\/www.meydan.tv\\\/wp-content\\\/uploads\\\/29255.jpg\",\"contentUrl\":\"https:\\\/\\\/www.meydan.tv\\\/wp-content\\\/uploads\\\/29255.jpg\",\"width\":1890,\"height\":1257,\"caption\":\"Source:\"},{\"@type\":\"BreadcrumbList\",\"@id\":\"https:\\\/\\\/www.meydan.tv\\\/az\\\/article\\\/azerbaycan-liberal-demokratiyadan-avtoritarizme-ve\\\/#breadcrumb\",\"itemListElement\":[{\"@type\":\"ListItem\",\"position\":1,\"name\":\"Ana s\u0259hif\u0259\",\"item\":\"https:\\\/\\\/www.meydan.tv\\\/az\\\/\"},{\"@type\":\"ListItem\",\"position\":2,\"name\":\"Analitika\",\"item\":\"https:\\\/\\\/www.meydan.tv\\\/az\\\/section\\\/analitika\\\/\"},{\"@type\":\"ListItem\",\"position\":3,\"name\":\"Az\u0259rbaycan: Liberal demokratiyadan avtoritarizm\u0259 v\u0259&#8230;\"}]},{\"@type\":\"WebSite\",\"@id\":\"https:\\\/\\\/www.meydan.tv\\\/az\\\/#website\",\"url\":\"https:\\\/\\\/www.meydan.tv\\\/az\\\/\",\"name\":\"MEYDAN.TV\",\"description\":\"Meydan TV Az\u0259rbaycan\u0131n media m\u0259kan\u0131ndak\u0131 alternativ s\u0259sidir\",\"publisher\":{\"@id\":\"https:\\\/\\\/www.meydan.tv\\\/az\\\/#organization\"},\"potentialAction\":[{\"@type\":\"SearchAction\",\"target\":{\"@type\":\"EntryPoint\",\"urlTemplate\":\"https:\\\/\\\/www.meydan.tv\\\/az\\\/?s={search_term_string}\"},\"query-input\":{\"@type\":\"PropertyValueSpecification\",\"valueRequired\":true,\"valueName\":\"search_term_string\"}}],\"inLanguage\":\"az\"},{\"@type\":\"Organization\",\"@id\":\"https:\\\/\\\/www.meydan.tv\\\/az\\\/#organization\",\"name\":\"Meydan TV\",\"url\":\"https:\\\/\\\/www.meydan.tv\\\/az\\\/\",\"logo\":{\"@type\":\"ImageObject\",\"inLanguage\":\"az\",\"@id\":\"https:\\\/\\\/www.meydan.tv\\\/az\\\/#\\\/schema\\\/logo\\\/image\\\/\",\"url\":\"https:\\\/\\\/www.meydan.tv\\\/wp-content\\\/uploads\\\/2021\\\/07\\\/meydan-logo.svg\",\"contentUrl\":\"https:\\\/\\\/www.meydan.tv\\\/wp-content\\\/uploads\\\/2021\\\/07\\\/meydan-logo.svg\",\"width\":195,\"height\":46,\"caption\":\"Meydan TV\"},\"image\":{\"@id\":\"https:\\\/\\\/www.meydan.tv\\\/az\\\/#\\\/schema\\\/logo\\\/image\\\/\"}},{\"@type\":\"Person\",\"@id\":\"https:\\\/\\\/www.meydan.tv\\\/az\\\/#\\\/schema\\\/person\\\/10d11eccf6da3662cf5fdab9806ea91a\",\"name\":\"user-manager\"}]}<\/script>\n<!-- \/ Yoast SEO plugin. -->","yoast_head_json":{"title":"Az\u0259rbaycan: Liberal demokratiyadan avtoritarizm\u0259 v\u0259... - MEYDAN.TV","robots":{"index":"index","follow":"follow","max-snippet":"max-snippet:-1","max-image-preview":"max-image-preview:large","max-video-preview":"max-video-preview:-1"},"canonical":"https:\/\/www.meydan.tv\/az\/article\/azerbaycan-liberal-demokratiyadan-avtoritarizme-ve\/","og_locale":"az_AZ","og_type":"article","og_title":"Az\u0259rbaycan: Liberal demokratiyadan avtoritarizm\u0259 v\u0259... - MEYDAN.TV","og_description":"Neft v\u0259 qazla z\u0259ngin olan X\u0259z\u0259r \u00f6lk\u0259si \u2013 Az\u0259rbaycan g\u00fccl\u00fc iqtisadi b\u00f6hran ya\u015fay\u0131r","og_url":"https:\/\/www.meydan.tv\/az\/article\/azerbaycan-liberal-demokratiyadan-avtoritarizme-ve\/","og_site_name":"MEYDAN.TV","article_published_time":"2016-12-17T21:26:08+00:00","og_image":[{"width":1890,"height":1257,"url":"https:\/\/www.meydan.tv\/wp-content\/uploads\/29255.jpg","type":"image\/jpeg"}],"author":"user-manager","twitter_card":"summary_large_image","schema":{"@context":"https:\/\/schema.org","@graph":[{"@type":"Article","@id":"https:\/\/www.meydan.tv\/az\/article\/azerbaycan-liberal-demokratiyadan-avtoritarizme-ve\/#article","isPartOf":{"@id":"https:\/\/www.meydan.tv\/az\/article\/azerbaycan-liberal-demokratiyadan-avtoritarizme-ve\/"},"author":{"name":"user-manager","@id":"https:\/\/www.meydan.tv\/az\/#\/schema\/person\/10d11eccf6da3662cf5fdab9806ea91a"},"headline":"Az\u0259rbaycan: Liberal demokratiyadan avtoritarizm\u0259 v\u0259&#8230;","datePublished":"2016-12-17T21:26:08+00:00","mainEntityOfPage":{"@id":"https:\/\/www.meydan.tv\/az\/article\/azerbaycan-liberal-demokratiyadan-avtoritarizme-ve\/"},"wordCount":2375,"publisher":{"@id":"https:\/\/www.meydan.tv\/az\/#organization"},"image":{"@id":"https:\/\/www.meydan.tv\/az\/article\/azerbaycan-liberal-demokratiyadan-avtoritarizme-ve\/#primaryimage"},"thumbnailUrl":"https:\/\/www.meydan.tv\/wp-content\/uploads\/29255.jpg","articleSection":["Analitika"],"inLanguage":"az"},{"@type":"WebPage","@id":"https:\/\/www.meydan.tv\/az\/article\/azerbaycan-liberal-demokratiyadan-avtoritarizme-ve\/","url":"https:\/\/www.meydan.tv\/az\/article\/azerbaycan-liberal-demokratiyadan-avtoritarizme-ve\/","name":"Az\u0259rbaycan: Liberal demokratiyadan avtoritarizm\u0259 v\u0259... - MEYDAN.TV","isPartOf":{"@id":"https:\/\/www.meydan.tv\/az\/#website"},"primaryImageOfPage":{"@id":"https:\/\/www.meydan.tv\/az\/article\/azerbaycan-liberal-demokratiyadan-avtoritarizme-ve\/#primaryimage"},"image":{"@id":"https:\/\/www.meydan.tv\/az\/article\/azerbaycan-liberal-demokratiyadan-avtoritarizme-ve\/#primaryimage"},"thumbnailUrl":"https:\/\/www.meydan.tv\/wp-content\/uploads\/29255.jpg","datePublished":"2016-12-17T21:26:08+00:00","breadcrumb":{"@id":"https:\/\/www.meydan.tv\/az\/article\/azerbaycan-liberal-demokratiyadan-avtoritarizme-ve\/#breadcrumb"},"inLanguage":"az","potentialAction":[{"@type":"ReadAction","target":["https:\/\/www.meydan.tv\/az\/article\/azerbaycan-liberal-demokratiyadan-avtoritarizme-ve\/"]}]},{"@type":"ImageObject","inLanguage":"az","@id":"https:\/\/www.meydan.tv\/az\/article\/azerbaycan-liberal-demokratiyadan-avtoritarizme-ve\/#primaryimage","url":"https:\/\/www.meydan.tv\/wp-content\/uploads\/29255.jpg","contentUrl":"https:\/\/www.meydan.tv\/wp-content\/uploads\/29255.jpg","width":1890,"height":1257,"caption":"Source:"},{"@type":"BreadcrumbList","@id":"https:\/\/www.meydan.tv\/az\/article\/azerbaycan-liberal-demokratiyadan-avtoritarizme-ve\/#breadcrumb","itemListElement":[{"@type":"ListItem","position":1,"name":"Ana s\u0259hif\u0259","item":"https:\/\/www.meydan.tv\/az\/"},{"@type":"ListItem","position":2,"name":"Analitika","item":"https:\/\/www.meydan.tv\/az\/section\/analitika\/"},{"@type":"ListItem","position":3,"name":"Az\u0259rbaycan: Liberal demokratiyadan avtoritarizm\u0259 v\u0259&#8230;"}]},{"@type":"WebSite","@id":"https:\/\/www.meydan.tv\/az\/#website","url":"https:\/\/www.meydan.tv\/az\/","name":"MEYDAN.TV","description":"Meydan TV Az\u0259rbaycan\u0131n media m\u0259kan\u0131ndak\u0131 alternativ s\u0259sidir","publisher":{"@id":"https:\/\/www.meydan.tv\/az\/#organization"},"potentialAction":[{"@type":"SearchAction","target":{"@type":"EntryPoint","urlTemplate":"https:\/\/www.meydan.tv\/az\/?s={search_term_string}"},"query-input":{"@type":"PropertyValueSpecification","valueRequired":true,"valueName":"search_term_string"}}],"inLanguage":"az"},{"@type":"Organization","@id":"https:\/\/www.meydan.tv\/az\/#organization","name":"Meydan TV","url":"https:\/\/www.meydan.tv\/az\/","logo":{"@type":"ImageObject","inLanguage":"az","@id":"https:\/\/www.meydan.tv\/az\/#\/schema\/logo\/image\/","url":"https:\/\/www.meydan.tv\/wp-content\/uploads\/2021\/07\/meydan-logo.svg","contentUrl":"https:\/\/www.meydan.tv\/wp-content\/uploads\/2021\/07\/meydan-logo.svg","width":195,"height":46,"caption":"Meydan TV"},"image":{"@id":"https:\/\/www.meydan.tv\/az\/#\/schema\/logo\/image\/"}},{"@type":"Person","@id":"https:\/\/www.meydan.tv\/az\/#\/schema\/person\/10d11eccf6da3662cf5fdab9806ea91a","name":"user-manager"}]}},"_links":{"self":[{"href":"https:\/\/www.meydan.tv\/az\/wp-json\/wp\/v2\/posts\/181310","targetHints":{"allow":["GET"]}}],"collection":[{"href":"https:\/\/www.meydan.tv\/az\/wp-json\/wp\/v2\/posts"}],"about":[{"href":"https:\/\/www.meydan.tv\/az\/wp-json\/wp\/v2\/types\/post"}],"author":[{"embeddable":true,"href":"https:\/\/www.meydan.tv\/az\/wp-json\/wp\/v2\/users\/11"}],"replies":[{"embeddable":true,"href":"https:\/\/www.meydan.tv\/az\/wp-json\/wp\/v2\/comments?post=181310"}],"version-history":[{"count":0,"href":"https:\/\/www.meydan.tv\/az\/wp-json\/wp\/v2\/posts\/181310\/revisions"}],"wp:featuredmedia":[{"embeddable":true,"href":"https:\/\/www.meydan.tv\/az\/wp-json\/wp\/v2\/media\/75613"}],"wp:attachment":[{"href":"https:\/\/www.meydan.tv\/az\/wp-json\/wp\/v2\/media?parent=181310"}],"wp:term":[{"taxonomy":"category","embeddable":true,"href":"https:\/\/www.meydan.tv\/az\/wp-json\/wp\/v2\/categories?post=181310"},{"taxonomy":"post_tag","embeddable":true,"href":"https:\/\/www.meydan.tv\/az\/wp-json\/wp\/v2\/tags?post=181310"}],"curies":[{"name":"wp","href":"https:\/\/api.w.org\/{rel}","templated":true}]}}