{"id":181288,"date":"2016-12-16T17:34:21","date_gmt":"2016-12-16T17:34:21","guid":{"rendered":"https:\/\/www.meydan.tv\/article\/israil-azerbaycanin-stabil-tranzaksiyasini-temin-edecek\/"},"modified":"2016-12-16T17:34:21","modified_gmt":"2016-12-16T17:34:21","slug":"israil-azerbaycanin-stabil-tranzaksiyasini-temin-edecek","status":"publish","type":"post","link":"https:\/\/www.meydan.tv\/az\/article\/israil-azerbaycanin-stabil-tranzaksiyasini-temin-edecek\/","title":{"rendered":"\u0130srail Az\u0259rbaycan\u0131n stabil tranzaksiyas\u0131n\u0131 t\u0259min ed\u0259c\u0259k"},"content":{"rendered":"<figure class=\"wp-block-image size-large\">\n  <img decoding=\"async\" src=\"https:\/\/www.meydan.tv\/az\/75571\/\" alt=\"\" class=\"wp-image-75571\"\/><figcaption><\/figcaption><\/figure>\n<figure class=\"wp-block-image size-large\">\n  <img decoding=\"async\" src=\"https:\/\/www.meydan.tv\/az\/75571\/\" alt=\"\" class=\"wp-image-75571\"\/><figcaption>\n    foto Turan \u0130A<br \/>\n  <\/figcaption><\/figure>\n<p>\n  \u0130srailin ba\u015f naziri Netanyahunun Bak\u0131ya, daha sonra Astanaya q\u0131sam\u00fcdd\u0259tli s\u0259f\u0259rl\u0259ri daha \u00e7ox X\u0259z\u0259ryan\u0131 neft \u00f6lk\u0259l\u0259rinin ya\u015fad\u0131\u011f\u0131 d\u0259rin iqtisadi b\u00f6hran\u0131n s\u0259b\u0259b oldu\u011fu sistemli probleml\u0259r n\u0259tic\u0259sind\u0259 \u00e7\u0131lpaqla\u015fan Az\u0259rbaycan v\u0259 Qazax\u0131stan\u0131n sabitliyin\u0259 olan t\u0259hl\u00fck\u0259l\u0259rl\u0259 \u015f\u0259rtl\u0259nmi\u015f ola bil\u0259r.\n<\/p>\n<p>\n  Mossad r\u0259hb\u0259ri Yosi Koen s\u0259f\u0259ri t\u0259hl\u00fck\u0259sizlik sah\u0259sind\u0259 aktual m\u0259s\u0259l\u0259l\u0259rin m\u00fczakir\u0259si n\u00f6qteyi-n\u0259z\u0259rd\u0259n strateji c\u0259h\u0259td\u0259n \u0259h\u0259miyy\u0259tli s\u0259f\u0259r adland\u0131r\u0131b.\n<\/p>\n<p>\n  <a href=\"http:\/\/breakingisraelnews.net\/79988\/security-agreement-between-israel-and-azerbaijan-during-netanyahu-travel-to-baku\/#TREVi2tZZkbhEAQI.97\"><br \/>\n    Breakingisrailnews<br \/>\n  <\/a><br \/>\n  n\u0259\u015frinin m\u0259lumat\u0131na g\u00f6r\u0259, son bir ne\u00e7\u0259 g\u00fcn \u0259rzind\u0259 \u0130srail r\u0259smi olaraq iki \u00f6lk\u0259 aras\u0131nda t\u0259hl\u00fck\u0259sizlik sah\u0259sind\u0259 \u0259m\u0259kda\u015fl\u0131q m\u0259s\u0259l\u0259sini qald\u0131r\u0131b v\u0259 bununla ba\u011fl\u0131 ilkin dan\u0131\u015f\u0131qlar apar\u0131l\u0131b. \u201c\u00dcmid edir\u0259m ki, qalan g\u00fcnl\u0259rd\u0259 r\u0259smi qar\u015f\u0131l\u0131ql\u0131 anla\u015fma memorandumunun yekun m\u0259tni haz\u0131rlanacaq v\u0259 h\u0259r iki \u00f6lk\u0259nin y\u00fcks\u0259k v\u0259zif\u0259li \u015f\u0259xsl\u0259ri t\u0259r\u0259find\u0259n imzalanacaq\u201d, dey\u0259 Koen bildirib.\n<\/p>\n<p>\n  Sazi\u015fd\u0259 h\u0259r iki t\u0259r\u0259f t\u0259hl\u00fck\u0259sizlikl\u0259 ba\u011fl\u0131 \u00fcmumi t\u0259hl\u00fck\u0259l\u0259rl\u0259 ba\u011fl\u0131 \u00e7oxt\u0259r\u0259fli \u0259m\u0259kda\u015fl\u0131\u011f\u0131 inki\u015faf etdirm\u0259k \u00f6hd\u0259liyi g\u00f6t\u00fcr\u00fcb v\u0259 Tel-\u018fviv Az\u0259rbaycan h\u00f6kum\u0259ti \u00fc\u00e7\u00fcn texnika v\u0259 qabaqc\u0131l t\u0259hl\u00fck\u0259sizlik sisteml\u0259rini inki\u015faf etdirm\u0259k v\u0259 s\u0259f\u0259rb\u0259r etm\u0259k \u00f6hd\u0259liyi g\u00f6t\u00fcr\u00fcb.\n<\/p>\n<p>\n  \u201cAz\u0259rbaycan t\u0259hl\u00fck\u0259sizlik xidm\u0259tinin \u0259m\u0259kda\u015flar\u0131 il\u0259 ilkin raz\u0131la\u015fmalara \u0259sas\u0259n, Mossad terrorizm\u0259 qar\u015f\u0131 m\u00fcbariz\u0259, dini ekstremizm, \u00e7evrili\u015fin qar\u015f\u0131s\u0131n\u0131n al\u0131nmas\u0131 v\u0259 \u00e7oxt\u0259r\u0259fli regional ittifaqlar\u0131n yarad\u0131lmas\u0131 sah\u0259sind\u0259 Az\u0259rbaycan h\u00f6kum\u0259ti il\u0259 \u0259m\u0259kda\u015fl\u0131q ed\u0259c\u0259k. Bununla \u0259laq\u0259dar olaraq t\u0259r\u0259fl\u0259r Mossad\u0131n bir s\u0131ra t\u0259cr\u00fcb\u0259li zabitl\u0259rinin Bak\u0131da f\u0259aliyy\u0259t\u0259 ba\u015flayaca\u011f\u0131n\u0131 raz\u0131la\u015fd\u0131r\u0131blar. H\u0259m\u00e7inin, Tel-\u018fviv v\u0259 Bak\u0131 aras\u0131nda t\u0259hl\u00fck\u0259sizlik m\u0259s\u0259l\u0259l\u0259ri \u00fczr\u0259 birg\u0259 iclaslar h\u0259r r\u00fcbd\u0259 ke\u00e7iril\u0259c\u0259k\u201d, dey\u0259 Koen bildirib.\n<\/p>\n<p>\n  Sazi\u015fin m\u0259qs\u0259di haqq\u0131nda suala cavabda o deyib: \u201cBu s\u0259n\u0259d, \u015f\u00fcbh\u0259siz, Az\u0259rbaycan\u0131n xarici t\u0259hl\u00fck\u0259l\u0259r\u0259 qar\u015f\u0131 t\u0259hl\u00fck\u0259sizliyini art\u0131racaq v\u0259 regionda h\u0259r iki \u00f6lk\u0259nin t\u0259hl\u00fck\u0259sizliyini t\u0259min ed\u0259c\u0259k\u201d.\n<\/p>\n<p>\n  \u0130srailin 1991-ci ilin dekabr\u0131nda Az\u0259rbaycan\u0131n m\u00fcst\u0259qilliyini tan\u0131d\u0131\u011f\u0131 andan etibar\u0259n qurulmu\u015f ikit\u0259r\u0259fli m\u00fcnasib\u0259tl\u0259r \u0259rzind\u0259 Az\u0259rbaycan ard\u0131c\u0131l olaraq \u00f6z t\u0259hl\u00fck\u0259sizliyinin t\u0259min edilm\u0259si \u00fc\u00e7\u00fcn Tel-\u018fvivin d\u0259st\u0259yin\u0259 nail olma\u011fa \u00e7al\u0131\u015f\u0131b. Buna x\u00fcsus\u0259n x\u00fcsusi xidm\u0259tl\u0259rin \u0259m\u0259kda\u015fl\u0131\u011f\u0131 v\u0259 m\u00fcxt\u0259lif \u00f6lk\u0259l\u0259rd\u0259, y\u00fcks\u0259k biznes dair\u0259l\u0259rind\u0259 v\u0259 ilk n\u00f6vb\u0259d\u0259 AB\u015e-da y\u0259hudi lobbisi vasit\u0259sil\u0259 maraqlar\u0131n t\u0259\u015fviqi n\u00f6qteyi-n\u0259z\u0259rd\u0259n bax\u0131lmal\u0131d\u0131r.\n<\/p>\n<p>\n  \u00d6z n\u00f6vb\u0259sind\u0259, \u0130srail d\u00fcny\u0259vi m\u00fcs\u0259lman \u00f6lk\u0259si olan Az\u0259rbaycanla T\u00fcrkiy\u0259, Misir, \u0130ordaniya kimi m\u00fctt\u0259fiq d\u00f6vl\u0259tl\u0259rl\u0259 yana\u015f\u0131, m\u00fcs\u0259lman \u0259trafda t\u0259hl\u00fck\u0259sizlik z\u0259ncirinin \u0259lav\u0259 halqas\u0131 kimi maraqlan\u0131rd\u0131. \u0130srail\u0259 Az\u0259rbaycan neftinin ixrac\u0131 v\u0259 \u0130sraild\u0259n silah al\u0131nmas\u0131 m\u00f6vzusu \u0259m\u0259kda\u015fl\u0131\u011f\u0131n kifay\u0259t q\u0259d\u0259r m\u00fch\u00fcm \u0259h\u0259miyy\u0259t k\u0259sb ed\u0259n texniki v\u0259 maddi aspektidir.\n<\/p>\n<p>\n  Avrasiya m\u0259kan\u0131nda \u0130srailin yuxar\u0131da qeyd edil\u0259n maraqlar\u0131n\u0131n m\u00fcxt\u0259lif aspektl\u0259ri olan Rusiyadan ba\u015flay\u0131b, T\u00fcrkiy\u0259, Az\u0259rbaycan, Qazax\u0131stan v\u0259 s. q\u0259d\u0259r \u0130srailin t\u0259r\u0259fda\u015f\u0131 olan \u00f6lk\u0259l\u0259rin z\u0259ifl\u0259diyini d\u0259qq\u0259t\u0259 alaraq, Tel-\u018fviv regional siyas\u0259ti a\u00e7\u0131q-a\u015fkar \u00fcst\u00fcn xarakter qazanan Birl\u0259\u015fmi\u015f \u015etatlar\u0131n k\u00f6m\u0259k\u00e7i t\u0259r\u0259fda\u015f\u0131 rolu oynayaraq, bu m\u0259kanda \u00f6z n\u00fcfuzunu g\u00fccl\u0259ndir\u0259c\u0259k.\n<\/p>\n<p>\n  Netanyahu AB\u015e-\u0131n yeni se\u00e7ilmi\u015f prezidenti Donald Tramp\u0131n Q\u00fcds\u00fcn \u0130srailin paytaxt\u0131 kimi tan\u0131nmas\u0131 planlar\u0131 haqq\u0131nda b\u0259yanat\u0131n\u0131 y\u00fcks\u0259k qiym\u0259tl\u0259ndirib. Tramp\u0131n bu reverans\u0131 avtoritarizmd\u0259n demokratiyaya ke\u00e7id d\u00f6vr\u00fcnd\u0259 Avrasiya regionunda \u0130srail\u0259 daha b\u00f6y\u00fck rol verm\u0259k ist\u0259yin\u0259 d\u0259lal\u0259t edir. AB\u015e-\u0130srail tandeminin g\u00fccl\u0259nm\u0259si o dem\u0259k olacaq ki, y\u0259hudi d\u00f6vl\u0259ti Amerikan\u0131n Avrasiya doktrinas\u0131n\u0131n t\u0259siri alt\u0131nda h\u0259r\u0259k\u0259t ed\u0259c\u0259k v\u0259 bu \u00f6lk\u0259l\u0259rd\u0259n dinc islahatlara \u015f\u0259rait yaradacaq. \u018fks halda Tel-\u018fviv Az\u0259rbaycan kimi dost \u00f6lk\u0259l\u0259rl\u0259 m\u00fcnasib\u0259tl\u0259rd\u0259 he\u00e7 bir m\u00fcsb\u0259t tarixi epizodlara v\u0259 maddi m\u0259nf\u0259\u0259tl\u0259r\u0259 m\u0259h\u0259l qoymadan, AB\u015e-\u0131n maraqlar\u0131n\u0131n bir hiss\u0259si olan \u00f6z milli maraqlar\u0131 n\u00f6qteyi-n\u0259z\u0259rd\u0259n h\u0259r\u0259k\u0259t ed\u0259c\u0259k.<\/p>\n","protected":false},"excerpt":{"rendered":"<p>foto Turan \u0130A \u0130srailin ba\u015f naziri Netanyahunun Bak\u0131ya, daha sonra &#8230; <\/p>\n<p class=\"read-more-container\"><a title=\"\u0130srail Az\u0259rbaycan\u0131n stabil tranzaksiyas\u0131n\u0131 t\u0259min ed\u0259c\u0259k\" class=\"read-more button\" href=\"https:\/\/www.meydan.tv\/az\/article\/israil-azerbaycanin-stabil-tranzaksiyasini-temin-edecek\/#more-181288\" aria-label=\"Read more about \u0130srail Az\u0259rbaycan\u0131n stabil tranzaksiyas\u0131n\u0131 t\u0259min ed\u0259c\u0259k\">Davam\u0131<\/a><\/p>\n","protected":false},"author":11,"featured_media":75571,"comment_status":"closed","ping_status":"open","sticky":false,"template":"","format":"standard","meta":{"_acf_changed":false,"_sitemap_exclude":false,"_sitemap_priority":"","_sitemap_frequency":"","footnotes":""},"categories":[51],"tags":[],"class_list":["post-181288","post","type-post","status-publish","format-standard","has-post-thumbnail","hentry","category-analitika","infinite-scroll-item","generate-columns","tablet-grid-50","mobile-grid-100","grid-parent","grid-33","no-featured-image-padding"],"acf":[],"yoast_head":"<!-- This site is optimized with the Yoast SEO plugin v27.5 - https:\/\/yoast.com\/product\/yoast-seo-wordpress\/ -->\n<title>\u0130srail Az\u0259rbaycan\u0131n stabil tranzaksiyas\u0131n\u0131 t\u0259min ed\u0259c\u0259k - MEYDAN.TV<\/title>\n<meta name=\"robots\" content=\"index, follow, max-snippet:-1, max-image-preview:large, max-video-preview:-1\" \/>\n<link rel=\"canonical\" href=\"https:\/\/www.meydan.tv\/az\/article\/israil-azerbaycanin-stabil-tranzaksiyasini-temin-edecek\/\" \/>\n<meta property=\"og:locale\" content=\"az_AZ\" \/>\n<meta property=\"og:type\" content=\"article\" \/>\n<meta property=\"og:title\" content=\"\u0130srail Az\u0259rbaycan\u0131n stabil tranzaksiyas\u0131n\u0131 t\u0259min ed\u0259c\u0259k - MEYDAN.TV\" \/>\n<meta property=\"og:description\" content=\"foto Turan \u0130A \u0130srailin ba\u015f naziri Netanyahunun Bak\u0131ya, daha sonra ... Davam\u0131\" \/>\n<meta property=\"og:url\" content=\"https:\/\/www.meydan.tv\/az\/article\/israil-azerbaycanin-stabil-tranzaksiyasini-temin-edecek\/\" \/>\n<meta property=\"og:site_name\" content=\"MEYDAN.TV\" \/>\n<meta property=\"article:published_time\" content=\"2016-12-16T17:34:21+00:00\" \/>\n<meta property=\"og:image\" content=\"https:\/\/www.meydan.tv\/wp-content\/uploads\/29232.jpg\" \/>\n\t<meta property=\"og:image:width\" content=\"604\" \/>\n\t<meta property=\"og:image:height\" content=\"400\" \/>\n\t<meta property=\"og:image:type\" content=\"image\/jpeg\" \/>\n<meta name=\"author\" content=\"user-manager\" \/>\n<meta name=\"twitter:card\" content=\"summary_large_image\" \/>\n<script type=\"application\/ld+json\" class=\"yoast-schema-graph\">{\"@context\":\"https:\\\/\\\/schema.org\",\"@graph\":[{\"@type\":\"Article\",\"@id\":\"https:\\\/\\\/www.meydan.tv\\\/az\\\/article\\\/israil-azerbaycanin-stabil-tranzaksiyasini-temin-edecek\\\/#article\",\"isPartOf\":{\"@id\":\"https:\\\/\\\/www.meydan.tv\\\/az\\\/article\\\/israil-azerbaycanin-stabil-tranzaksiyasini-temin-edecek\\\/\"},\"author\":{\"name\":\"user-manager\",\"@id\":\"https:\\\/\\\/www.meydan.tv\\\/az\\\/#\\\/schema\\\/person\\\/10d11eccf6da3662cf5fdab9806ea91a\"},\"headline\":\"\u0130srail Az\u0259rbaycan\u0131n stabil tranzaksiyas\u0131n\u0131 t\u0259min ed\u0259c\u0259k\",\"datePublished\":\"2016-12-16T17:34:21+00:00\",\"mainEntityOfPage\":{\"@id\":\"https:\\\/\\\/www.meydan.tv\\\/az\\\/article\\\/israil-azerbaycanin-stabil-tranzaksiyasini-temin-edecek\\\/\"},\"wordCount\":887,\"publisher\":{\"@id\":\"https:\\\/\\\/www.meydan.tv\\\/az\\\/#organization\"},\"image\":{\"@id\":\"https:\\\/\\\/www.meydan.tv\\\/az\\\/article\\\/israil-azerbaycanin-stabil-tranzaksiyasini-temin-edecek\\\/#primaryimage\"},\"thumbnailUrl\":\"https:\\\/\\\/www.meydan.tv\\\/wp-content\\\/uploads\\\/29232.jpg\",\"articleSection\":[\"Analitika\"],\"inLanguage\":\"az\"},{\"@type\":\"WebPage\",\"@id\":\"https:\\\/\\\/www.meydan.tv\\\/az\\\/article\\\/israil-azerbaycanin-stabil-tranzaksiyasini-temin-edecek\\\/\",\"url\":\"https:\\\/\\\/www.meydan.tv\\\/az\\\/article\\\/israil-azerbaycanin-stabil-tranzaksiyasini-temin-edecek\\\/\",\"name\":\"\u0130srail Az\u0259rbaycan\u0131n stabil tranzaksiyas\u0131n\u0131 t\u0259min ed\u0259c\u0259k - MEYDAN.TV\",\"isPartOf\":{\"@id\":\"https:\\\/\\\/www.meydan.tv\\\/az\\\/#website\"},\"primaryImageOfPage\":{\"@id\":\"https:\\\/\\\/www.meydan.tv\\\/az\\\/article\\\/israil-azerbaycanin-stabil-tranzaksiyasini-temin-edecek\\\/#primaryimage\"},\"image\":{\"@id\":\"https:\\\/\\\/www.meydan.tv\\\/az\\\/article\\\/israil-azerbaycanin-stabil-tranzaksiyasini-temin-edecek\\\/#primaryimage\"},\"thumbnailUrl\":\"https:\\\/\\\/www.meydan.tv\\\/wp-content\\\/uploads\\\/29232.jpg\",\"datePublished\":\"2016-12-16T17:34:21+00:00\",\"breadcrumb\":{\"@id\":\"https:\\\/\\\/www.meydan.tv\\\/az\\\/article\\\/israil-azerbaycanin-stabil-tranzaksiyasini-temin-edecek\\\/#breadcrumb\"},\"inLanguage\":\"az\",\"potentialAction\":[{\"@type\":\"ReadAction\",\"target\":[\"https:\\\/\\\/www.meydan.tv\\\/az\\\/article\\\/israil-azerbaycanin-stabil-tranzaksiyasini-temin-edecek\\\/\"]}]},{\"@type\":\"ImageObject\",\"inLanguage\":\"az\",\"@id\":\"https:\\\/\\\/www.meydan.tv\\\/az\\\/article\\\/israil-azerbaycanin-stabil-tranzaksiyasini-temin-edecek\\\/#primaryimage\",\"url\":\"https:\\\/\\\/www.meydan.tv\\\/wp-content\\\/uploads\\\/29232.jpg\",\"contentUrl\":\"https:\\\/\\\/www.meydan.tv\\\/wp-content\\\/uploads\\\/29232.jpg\",\"width\":604,\"height\":400,\"caption\":\"Source:\"},{\"@type\":\"BreadcrumbList\",\"@id\":\"https:\\\/\\\/www.meydan.tv\\\/az\\\/article\\\/israil-azerbaycanin-stabil-tranzaksiyasini-temin-edecek\\\/#breadcrumb\",\"itemListElement\":[{\"@type\":\"ListItem\",\"position\":1,\"name\":\"Ana s\u0259hif\u0259\",\"item\":\"https:\\\/\\\/www.meydan.tv\\\/az\\\/\"},{\"@type\":\"ListItem\",\"position\":2,\"name\":\"Analitika\",\"item\":\"https:\\\/\\\/www.meydan.tv\\\/az\\\/section\\\/analitika\\\/\"},{\"@type\":\"ListItem\",\"position\":3,\"name\":\"\u0130srail Az\u0259rbaycan\u0131n stabil tranzaksiyas\u0131n\u0131 t\u0259min ed\u0259c\u0259k\"}]},{\"@type\":\"WebSite\",\"@id\":\"https:\\\/\\\/www.meydan.tv\\\/az\\\/#website\",\"url\":\"https:\\\/\\\/www.meydan.tv\\\/az\\\/\",\"name\":\"MEYDAN.TV\",\"description\":\"Meydan TV Az\u0259rbaycan\u0131n media m\u0259kan\u0131ndak\u0131 alternativ s\u0259sidir\",\"publisher\":{\"@id\":\"https:\\\/\\\/www.meydan.tv\\\/az\\\/#organization\"},\"potentialAction\":[{\"@type\":\"SearchAction\",\"target\":{\"@type\":\"EntryPoint\",\"urlTemplate\":\"https:\\\/\\\/www.meydan.tv\\\/az\\\/?s={search_term_string}\"},\"query-input\":{\"@type\":\"PropertyValueSpecification\",\"valueRequired\":true,\"valueName\":\"search_term_string\"}}],\"inLanguage\":\"az\"},{\"@type\":\"Organization\",\"@id\":\"https:\\\/\\\/www.meydan.tv\\\/az\\\/#organization\",\"name\":\"Meydan TV\",\"url\":\"https:\\\/\\\/www.meydan.tv\\\/az\\\/\",\"logo\":{\"@type\":\"ImageObject\",\"inLanguage\":\"az\",\"@id\":\"https:\\\/\\\/www.meydan.tv\\\/az\\\/#\\\/schema\\\/logo\\\/image\\\/\",\"url\":\"https:\\\/\\\/www.meydan.tv\\\/wp-content\\\/uploads\\\/2021\\\/07\\\/meydan-logo.svg\",\"contentUrl\":\"https:\\\/\\\/www.meydan.tv\\\/wp-content\\\/uploads\\\/2021\\\/07\\\/meydan-logo.svg\",\"width\":195,\"height\":46,\"caption\":\"Meydan TV\"},\"image\":{\"@id\":\"https:\\\/\\\/www.meydan.tv\\\/az\\\/#\\\/schema\\\/logo\\\/image\\\/\"}},{\"@type\":\"Person\",\"@id\":\"https:\\\/\\\/www.meydan.tv\\\/az\\\/#\\\/schema\\\/person\\\/10d11eccf6da3662cf5fdab9806ea91a\",\"name\":\"user-manager\"}]}<\/script>\n<!-- \/ Yoast SEO plugin. -->","yoast_head_json":{"title":"\u0130srail Az\u0259rbaycan\u0131n stabil tranzaksiyas\u0131n\u0131 t\u0259min ed\u0259c\u0259k - MEYDAN.TV","robots":{"index":"index","follow":"follow","max-snippet":"max-snippet:-1","max-image-preview":"max-image-preview:large","max-video-preview":"max-video-preview:-1"},"canonical":"https:\/\/www.meydan.tv\/az\/article\/israil-azerbaycanin-stabil-tranzaksiyasini-temin-edecek\/","og_locale":"az_AZ","og_type":"article","og_title":"\u0130srail Az\u0259rbaycan\u0131n stabil tranzaksiyas\u0131n\u0131 t\u0259min ed\u0259c\u0259k - MEYDAN.TV","og_description":"foto Turan \u0130A \u0130srailin ba\u015f naziri Netanyahunun Bak\u0131ya, daha sonra ... Davam\u0131","og_url":"https:\/\/www.meydan.tv\/az\/article\/israil-azerbaycanin-stabil-tranzaksiyasini-temin-edecek\/","og_site_name":"MEYDAN.TV","article_published_time":"2016-12-16T17:34:21+00:00","og_image":[{"width":604,"height":400,"url":"https:\/\/www.meydan.tv\/wp-content\/uploads\/29232.jpg","type":"image\/jpeg"}],"author":"user-manager","twitter_card":"summary_large_image","schema":{"@context":"https:\/\/schema.org","@graph":[{"@type":"Article","@id":"https:\/\/www.meydan.tv\/az\/article\/israil-azerbaycanin-stabil-tranzaksiyasini-temin-edecek\/#article","isPartOf":{"@id":"https:\/\/www.meydan.tv\/az\/article\/israil-azerbaycanin-stabil-tranzaksiyasini-temin-edecek\/"},"author":{"name":"user-manager","@id":"https:\/\/www.meydan.tv\/az\/#\/schema\/person\/10d11eccf6da3662cf5fdab9806ea91a"},"headline":"\u0130srail Az\u0259rbaycan\u0131n stabil tranzaksiyas\u0131n\u0131 t\u0259min ed\u0259c\u0259k","datePublished":"2016-12-16T17:34:21+00:00","mainEntityOfPage":{"@id":"https:\/\/www.meydan.tv\/az\/article\/israil-azerbaycanin-stabil-tranzaksiyasini-temin-edecek\/"},"wordCount":887,"publisher":{"@id":"https:\/\/www.meydan.tv\/az\/#organization"},"image":{"@id":"https:\/\/www.meydan.tv\/az\/article\/israil-azerbaycanin-stabil-tranzaksiyasini-temin-edecek\/#primaryimage"},"thumbnailUrl":"https:\/\/www.meydan.tv\/wp-content\/uploads\/29232.jpg","articleSection":["Analitika"],"inLanguage":"az"},{"@type":"WebPage","@id":"https:\/\/www.meydan.tv\/az\/article\/israil-azerbaycanin-stabil-tranzaksiyasini-temin-edecek\/","url":"https:\/\/www.meydan.tv\/az\/article\/israil-azerbaycanin-stabil-tranzaksiyasini-temin-edecek\/","name":"\u0130srail Az\u0259rbaycan\u0131n stabil tranzaksiyas\u0131n\u0131 t\u0259min ed\u0259c\u0259k - MEYDAN.TV","isPartOf":{"@id":"https:\/\/www.meydan.tv\/az\/#website"},"primaryImageOfPage":{"@id":"https:\/\/www.meydan.tv\/az\/article\/israil-azerbaycanin-stabil-tranzaksiyasini-temin-edecek\/#primaryimage"},"image":{"@id":"https:\/\/www.meydan.tv\/az\/article\/israil-azerbaycanin-stabil-tranzaksiyasini-temin-edecek\/#primaryimage"},"thumbnailUrl":"https:\/\/www.meydan.tv\/wp-content\/uploads\/29232.jpg","datePublished":"2016-12-16T17:34:21+00:00","breadcrumb":{"@id":"https:\/\/www.meydan.tv\/az\/article\/israil-azerbaycanin-stabil-tranzaksiyasini-temin-edecek\/#breadcrumb"},"inLanguage":"az","potentialAction":[{"@type":"ReadAction","target":["https:\/\/www.meydan.tv\/az\/article\/israil-azerbaycanin-stabil-tranzaksiyasini-temin-edecek\/"]}]},{"@type":"ImageObject","inLanguage":"az","@id":"https:\/\/www.meydan.tv\/az\/article\/israil-azerbaycanin-stabil-tranzaksiyasini-temin-edecek\/#primaryimage","url":"https:\/\/www.meydan.tv\/wp-content\/uploads\/29232.jpg","contentUrl":"https:\/\/www.meydan.tv\/wp-content\/uploads\/29232.jpg","width":604,"height":400,"caption":"Source:"},{"@type":"BreadcrumbList","@id":"https:\/\/www.meydan.tv\/az\/article\/israil-azerbaycanin-stabil-tranzaksiyasini-temin-edecek\/#breadcrumb","itemListElement":[{"@type":"ListItem","position":1,"name":"Ana s\u0259hif\u0259","item":"https:\/\/www.meydan.tv\/az\/"},{"@type":"ListItem","position":2,"name":"Analitika","item":"https:\/\/www.meydan.tv\/az\/section\/analitika\/"},{"@type":"ListItem","position":3,"name":"\u0130srail Az\u0259rbaycan\u0131n stabil tranzaksiyas\u0131n\u0131 t\u0259min ed\u0259c\u0259k"}]},{"@type":"WebSite","@id":"https:\/\/www.meydan.tv\/az\/#website","url":"https:\/\/www.meydan.tv\/az\/","name":"MEYDAN.TV","description":"Meydan TV Az\u0259rbaycan\u0131n media m\u0259kan\u0131ndak\u0131 alternativ s\u0259sidir","publisher":{"@id":"https:\/\/www.meydan.tv\/az\/#organization"},"potentialAction":[{"@type":"SearchAction","target":{"@type":"EntryPoint","urlTemplate":"https:\/\/www.meydan.tv\/az\/?s={search_term_string}"},"query-input":{"@type":"PropertyValueSpecification","valueRequired":true,"valueName":"search_term_string"}}],"inLanguage":"az"},{"@type":"Organization","@id":"https:\/\/www.meydan.tv\/az\/#organization","name":"Meydan TV","url":"https:\/\/www.meydan.tv\/az\/","logo":{"@type":"ImageObject","inLanguage":"az","@id":"https:\/\/www.meydan.tv\/az\/#\/schema\/logo\/image\/","url":"https:\/\/www.meydan.tv\/wp-content\/uploads\/2021\/07\/meydan-logo.svg","contentUrl":"https:\/\/www.meydan.tv\/wp-content\/uploads\/2021\/07\/meydan-logo.svg","width":195,"height":46,"caption":"Meydan TV"},"image":{"@id":"https:\/\/www.meydan.tv\/az\/#\/schema\/logo\/image\/"}},{"@type":"Person","@id":"https:\/\/www.meydan.tv\/az\/#\/schema\/person\/10d11eccf6da3662cf5fdab9806ea91a","name":"user-manager"}]}},"_links":{"self":[{"href":"https:\/\/www.meydan.tv\/az\/wp-json\/wp\/v2\/posts\/181288","targetHints":{"allow":["GET"]}}],"collection":[{"href":"https:\/\/www.meydan.tv\/az\/wp-json\/wp\/v2\/posts"}],"about":[{"href":"https:\/\/www.meydan.tv\/az\/wp-json\/wp\/v2\/types\/post"}],"author":[{"embeddable":true,"href":"https:\/\/www.meydan.tv\/az\/wp-json\/wp\/v2\/users\/11"}],"replies":[{"embeddable":true,"href":"https:\/\/www.meydan.tv\/az\/wp-json\/wp\/v2\/comments?post=181288"}],"version-history":[{"count":0,"href":"https:\/\/www.meydan.tv\/az\/wp-json\/wp\/v2\/posts\/181288\/revisions"}],"wp:featuredmedia":[{"embeddable":true,"href":"https:\/\/www.meydan.tv\/az\/wp-json\/wp\/v2\/media\/75571"}],"wp:attachment":[{"href":"https:\/\/www.meydan.tv\/az\/wp-json\/wp\/v2\/media?parent=181288"}],"wp:term":[{"taxonomy":"category","embeddable":true,"href":"https:\/\/www.meydan.tv\/az\/wp-json\/wp\/v2\/categories?post=181288"},{"taxonomy":"post_tag","embeddable":true,"href":"https:\/\/www.meydan.tv\/az\/wp-json\/wp\/v2\/tags?post=181288"}],"curies":[{"name":"wp","href":"https:\/\/api.w.org\/{rel}","templated":true}]}}