{"id":181284,"date":"2016-12-16T16:47:21","date_gmt":"2016-12-16T16:47:21","guid":{"rendered":"https:\/\/www.meydan.tv\/article\/tramp-da-azerbaycanin-layihesine-destek-verecek-ancaq\/"},"modified":"2016-12-16T16:47:21","modified_gmt":"2016-12-16T16:47:21","slug":"tramp-da-azerbaycanin-layihesine-destek-verecek-ancaq","status":"publish","type":"post","link":"https:\/\/www.meydan.tv\/az\/article\/tramp-da-azerbaycanin-layihesine-destek-verecek-ancaq\/","title":{"rendered":"Tramp da Az\u0259rbaycan\u0131n layih\u0259sin\u0259 d\u0259st\u0259k ver\u0259c\u0259k, ancaq&#8230;"},"content":{"rendered":"<figure class=\"wp-block-image size-large\">\n  <img decoding=\"async\" src=\"https:\/\/www.meydan.tv\/az\/75559\/\" alt=\"\" class=\"wp-image-75559\"\/><figcaption><\/figcaption><\/figure>\n<figure class=\"wp-block-image size-large\">\n  <img decoding=\"async\" src=\"https:\/\/www.meydan.tv\/az\/75559\/\" alt=\"\" class=\"wp-image-75559\"\/><figcaption><\/figcaption><\/figure>\n<p>\n  <i><br \/>\n    Amerikada prezident kim olursa-olsun Rusiya qaz\u0131n\u0131n Avropa bazar\u0131nda dominant rol oynamas\u0131n\u0131 ist\u0259m\u0259z<br \/>\n  <\/i><\/p>\n<p>  Neftin qiym\u0259tinin qeyri-stabil olmas\u0131 v\u0259 neft istehsal\u0131n\u0131n azalmas\u0131 yax\u0131n ill\u0259rd\u0259 Az\u0259rbaycan \u00fc\u00e7\u00fcn ciddi s\u0131naq olacaq. R\u0259smi Bak\u0131 b\u00fct\u00fcn diqq\u0259ti qaz layih\u0259l\u0259rin\u0259 v\u0259 qaz\u0131n Avropaya n\u0259qlin\u0259 y\u00f6n\u0259ldib. Ancaq bu layih\u0259l\u0259rin realla\u015fmas\u0131 yaln\u0131z r\u0259smi Bak\u0131n\u0131n ist\u0259yind\u0259n as\u0131l\u0131 deyil. Bu m\u0259kanda m\u00fcxt\u0259lif oyun\u00e7ular var v\u0259 h\u0259min oyun\u00e7ular\u0131n bir qismi Az\u0259rbaycan qaz\u0131n\u0131n Avropa bazar\u0131na \u00e7atd\u0131r\u0131lmas\u0131n\u0131 l\u0259ngid\u0259 bil\u0259rl\u0259r. M\u0259s\u0259l\u0259n, Rusiya \u201ct\u00fcrk ax\u0131n\u0131\u201d layih\u0259sini TAP v\u0259 TANAP boru x\u0259tl\u0259rinin in\u015fat\u0131ndan daha tez ba\u015fa \u00e7atd\u0131rmaq ist\u0259yir ki, \u00f6z qaz\u0131n\u0131 c\u0259nub x\u0259tti il\u0259 Avropaya Az\u0259rbaycandan tez \u00e7atd\u0131rs\u0131n.\n<\/p>\n<p>\n  Rusiyan\u0131n yerind\u0259 ba\u015fqa d\u00f6vl\u0259t olsayd\u0131, bunu sa\u011flam r\u0259qab\u0259t kimi qiym\u0259tl\u0259ndirm\u0259k olard\u0131. Ancaq Rusiya iqtisadi v\u0259 enerji m\u00f6vzular\u0131nda siyasi t\u0259zyiq al\u0259tl\u0259rind\u0259n d\u0259 istifad\u0259 edir. M\u0259s\u0259l\u0259n, Rusiyan\u0131n mane\u0259l\u0259ri say\u0259sind\u0259 X\u0259z\u0259rin dibi il\u0259 boru x\u0259ttinin tikintisi realla\u015fm\u0131r ki, t\u00fcrkm\u0259n qaz\u0131 da Az\u0259rbaycan v\u0259 T\u00fcrkiy\u0259 \u00fcz\u0259rind\u0259n Avropaya \u00e7atd\u0131r\u0131ls\u0131n. Buna baxmayaraq, Az\u0259rbaycan \u0130srailin timsal\u0131nda TAP v\u0259 TANAP-\u0131n \u0259h\u0259miyy\u0259tini art\u0131racaq \u00fc\u00e7\u00fcnc\u00fc m\u00fctt\u0259fiq qazan\u0131b. \u0130srail \u00f6z qaz\u0131n\u0131 m\u0259hz bu boru x\u0259tl\u0259ri il\u0259 Avropaya \u00e7atd\u0131rmaq ist\u0259yir.\n<\/p>\n<p>\n  Bu arada, AB\u015e D\u00f6vl\u0259t Departamentinin beyn\u0259lxalq enerji m\u0259s\u0259l\u0259l\u0259ri \u00fczr\u0259 x\u00fcsusi el\u00e7isi v\u0259 \u0259laq\u0259l\u0259ndiricisi Amos Hokstayn\u0131n Az\u0259rbaycana s\u0259f\u0259ri diqq\u0259t \u00e7\u0259kdi. B\u0259lk\u0259 bu Amos Hokstayn\u0131n haz\u0131rk\u0131 v\u0259zif\u0259d\u0259 Az\u0259rbaycana son s\u0259f\u0259ri idi. \u00c7\u00fcnki Amerikada prezident d\u0259yi\u015fdiyind\u0259n D\u00f6vl\u0259t Departamentinin t\u0259rkibi d\u0259 d\u0259yi\u015f\u0259c\u0259k v\u0259 Amos Hokstayn ba\u015fqa v\u0259zif\u0259y\u0259 ke\u00e7iril\u0259c\u0259k.\n<\/p>\n<p>\n  Amos Hokstayn ilboyu Az\u0259rbaycana tez-tez g\u0259ldi. Hiss olunur ki, D\u00f6vl\u0259t Departamentind\u0259 Az\u0259rbaycan m\u00f6vzusu m\u0259hz ona tap\u015f\u0131r\u0131l\u0131b. \u00c7\u00fcnki Az\u0259rbaycana Amos Hokstayn q\u0259d\u0259r intensiv \u015f\u0259kild\u0259 s\u0259f\u0259r ed\u0259n ikinci amerikal\u0131 diplomata rast g\u0259linm\u0259di. Bunun da obyektiv s\u0259b\u0259bi var. Amerikan\u0131n haz\u0131rda Az\u0259rbaycanla \u0259laq\u0259sinin \u0259sas prioriteti m\u0259hz enerji m\u00f6vzusudur ki, bu da Amos Hokstayn\u0131n kurasiyas\u0131na aiddir. Vaxtil\u0259 D\u00f6vl\u0259t Departamentinin Avrasiya enerji m\u0259s\u0259l\u0259l\u0259ri \u00fczr\u0259 x\u00fcsusi s\u0259firi Ri\u00e7ard Morninqstar idi. Morninqstar da Hokstayn kimi il \u0259rzind\u0259 Az\u0259rbaycana bir ne\u00e7\u0259 d\u0259f\u0259 g\u0259l\u0259rdi v\u0259 sonra \u0259laq\u0259l\u0259r o d\u0259r\u0259c\u0259d\u0259 inki\u015faf etdi ki, Va\u015finqton Morninqstar\u0131 Az\u0259rbaycana s\u0259fir g\u00f6nd\u0259rdi. Sad\u0259c\u0259, o s\u0259fir v\u0259zif\u0259sind\u0259n \u00e7\u0131x\u0131\u015f ed\u0259r\u0259k enerji m\u00f6vzular\u0131yla yana\u015f\u0131 insan haqlar\u0131 v\u0259 demokratiya m\u00f6vzular\u0131n\u0131 da diqq\u0259t m\u0259rk\u0259zind\u0259 saxlamaq m\u0259cburiyy\u0259tind\u0259 idi ki, bu, Morninqstarla Az\u0259rbaycan r\u0259smil\u0259ri aras\u0131ndak\u0131 \u0259vv\u0259lki isti m\u00fcnasib\u0259tl\u0259rin \u00fcst\u00fcnd\u0259n yek\u0259 bir x\u0259tt \u00e7\u0259kdi.<br \/>\n  <br \/>\n  Amos Hokstayn\u0131n Az\u0259rbaycana s\u0259fir g\u00f6nd\u0259rilm\u0259si perspektivi azd\u0131r. \u00c7\u00fcnki haz\u0131rki s\u0259fir Robert Sekuta h\u0259l\u0259 bir m\u00fcdd\u0259td\u0259 \u00f6z v\u0259zif\u0259sind\u0259 \u00e7al\u0131\u015facaq v\u0259 dem\u0259li, Amos Hokstayn\u0131n Ri\u00e7ard Morninqstar kimi Az\u0259rbaycana s\u0259fir t\u0259yin olunmas\u0131 ehtimal\u0131 azd\u0131r. H\u0259l\u0259liks\u0259, Amos Hokstayn \u00fcz\u0259rin\u0259 d\u00fc\u015f\u0259n v\u0259zif\u0259ni u\u011furlar yerin\u0259 yetirm\u0259k ist\u0259yir.<br \/>\n  <br \/>\n  Amos Hokstayn h\u0259mi\u015f\u0259 oldu\u011fu kimi bu d\u0259f\u0259 d\u0259 Az\u0259rbaycan prezidenti il\u0259 yana\u015f\u0131 xarici i\u015fl\u0259r v\u0259 energetik nazirl\u0259ri il\u0259 d\u0259 g\u00f6r\u00fc\u015fd\u00fc. Onun bud\u0259f\u0259ki s\u0259f\u0259rin bir ne\u00e7\u0259 m\u0259qs\u0259di var idi.\n<\/p>\n<figure class=\"wp-block-image size-large\">\n  <img decoding=\"async\" src=\"https:\/\/www.meydan.tv\/az\/75565\/\" alt=\"\" class=\"wp-image-75565\"\/><figcaption><\/figcaption><\/figure>\n<p>\n  <i><br \/>\n    <b><br \/>\n      Birincisi,<br \/>\n    <\/b><br \/>\n  <\/i><br \/>\n  Amos Hokstayn r\u0259smi Bak\u0131n\u0131 inand\u0131rma\u011fa \u00e7al\u0131\u015fd\u0131 ki, Amerikada prezident v\u0259 administrasiyan\u0131n t\u0259rkibi d\u0259yi\u015fs\u0259 d\u0259, Va\u015finqton \u0259vv\u0259lkit\u0259k Az\u0259rbaycan\u0131n i\u015ftirak\u00e7\u0131s\u0131 oldu\u011fu C\u0259nub Qaz D\u0259hlizi layih\u0259sin\u0259 d\u0259st\u0259k ver\u0259c\u0259k. Bu faktorun \u00f6z\u00fc Bak\u0131 il\u0259 Amerikan\u0131n yeni administrasiyas\u0131 aras\u0131nda \u0259laq\u0259l\u0259rin inki\u015faf\u0131na xidm\u0259t ed\u0259c\u0259k. Amos Hokstayn haql\u0131d\u0131r. TAP v\u0259 TANAP layih\u0259l\u0259ri Donald Tramp administrasiyas\u0131n\u0131n da maraqlar\u0131na xidm\u0259t edir. \u00c7\u00fcnki Amerikada prezident kim olursa-olsun Rusiya qaz\u0131n\u0131n Avropa bazar\u0131nda dominant rol oynamas\u0131n\u0131 ist\u0259m\u0259z. Tramp biznesmendir v\u0259 prezident kimi d\u0259 azad r\u0259qab\u0259tin t\u0259r\u0259fdar\u0131d\u0131r. Rusiya is\u0259 Avropan\u0131n qaz inhisar\u00e7\u0131s\u0131 olmaq ist\u0259yir.\n<\/p>\n<p>\n  <b><br \/>\n    <i><br \/>\n      \u0130kincisi,<br \/>\n    <\/i><br \/>\n  <\/b><br \/>\n  r\u0259smi Bak\u0131n\u0131n TAP boru x\u0259ttinin in\u015faat\u0131n\u0131n g\u0259l\u0259c\u0259kd\u0259 l\u0259ngim\u0259si il\u0259 ba\u011fl\u0131 m\u00fc\u0259yy\u0259n narahatl\u0131\u011f\u0131 var. \u0130taliyada b\u0259zi q\u00fcvv\u0259l\u0259r boru x\u0259tti \u00e7\u0259kili\u015finin ekologiyaya z\u0259r\u0259r vuraca\u011f\u0131n\u0131 iddia edirl\u0259r. Hiss olunur ki, bu q\u00fcvv\u0259l\u0259r Avropa i\u00e7\u0259risind\u0259n d\u0259 kifay\u0259t q\u0259d\u0259r d\u0259st\u0259k al\u0131rlar. Bu boru x\u0259tti tikintisini l\u0259ngid\u0259 bil\u0259r. Ayd\u0131nd\u0131r ki, bu m\u0259s\u0259l\u0259ni r\u0259smi Bak\u0131 t\u0259kba\u015f\u0131na h\u0259ll etm\u0259k iqtidar\u0131nda deyil, Amerikan\u0131n d\u0259st\u0259yin\u0259 ehtiyac var. Amerika Avropa \u0130ttifaq\u0131n\u0131n h\u0259m siyasi, h\u0259m d\u0259 istisadi t\u0259r\u0259fda\u015f\u0131d\u0131r v\u0259 \u0259lind\u0259 Avropa \u00f6lk\u0259l\u0259rin\u0259 t\u0259sir etm\u0259k \u00fc\u00e7\u00fcn kifay\u0259t q\u0259d\u0259r al\u0259ti var. R\u0259smi Bak\u0131 C\u0259nub Qaz D\u0259hlizinin s\u00fcr\u0259tl\u0259 tamamlanmas\u0131 \u00fc\u00e7\u00fcn Va\u015finqtonun h\u0259min al\u0259tl\u0259ri i\u015f\u0259 salmas\u0131n\u0131 ist\u0259yir.\n<\/p>\n<p>\n  Ancaq bu al\u0259tl\u0259rin h\u0259r\u0259k\u0259t\u0259 g\u0259tirilm\u0259si \u00fc\u00e7\u00fcn r\u0259smi Bak\u0131 Va\u015finqtonla m\u00fcnasib\u0259tl\u0259rin dig\u0259r istiqam\u0259tl\u0259rind\u0259 \u0259m\u0259kda\u015fl\u0131\u011f\u0131 geni\u015fl\u0259ndirm\u0259y\u0259 \u00e7al\u0131\u015fmal\u0131d\u0131r. Bunun \u00fc\u00e7\u00fcn Az\u0259rbaycanda siyasi v\u0259 iqtisadi islahatlar\u0131n s\u00fcr\u0259tl\u0259ndirilm\u0259si, insan haqlar\u0131 m\u00f6vzular\u0131nda diqq\u0259tli olmas\u0131 vacibdir. Eyni m\u00f6vzular\u0131 Br\u00fcssel d\u0259 diqq\u0259t m\u0259rk\u0259zind\u0259 saxlay\u0131r. R\u0259smi Bak\u0131 b\u00f6y\u00fck \u00fcmid b\u0259sl\u0259diyi C\u0259nub Qaz D\u0259hlizi layih\u0259sind\u0259 Avropa \u0130ttifaq\u0131n\u0131 tam olaraq yan\u0131nda g\u00f6rm\u0259si \u00fc\u00e7\u00fcn g\u0259l\u0259n il \u0259rzind\u0259 Br\u00fcssell\u0259 strateji s\u0259n\u0259din imzalanmas\u0131 prosesini s\u00fcr\u0259tl\u0259ndirm\u0259lidir. Bu s\u0259n\u0259dd\u0259 is\u0259 r\u0259smi Bak\u0131n\u0131n ist\u0259yi il\u0259 yaln\u0131z enerji m\u00f6vzular\u0131 deyil, siyasi, iqtisadi v\u0259 m\u0259hk\u0259m\u0259 islahatlar\u0131n\u0131 s\u00fcr\u0259tl\u0259ndir\u0259c\u0259k, o c\u00fcml\u0259d\u0259n Az\u0259rbaycan\u0131n \u00dcmumd\u00fcnya Ticar\u0259t T\u0259\u015fkilat\u0131na \u00fczvl\u00fcy\u00fc \u00fc\u00e7\u00fcn add\u0131mlar ataca\u011f\u0131n\u0131 g\u00f6st\u0259r\u0259n madd\u0259l\u0259rin olmas\u0131 lab\u00fcdd\u00fcr.<br \/>\n  \n<\/p>\n<p>\n  <b><br \/>\n    \u201cAtlas\u201d Ara\u015fd\u0131rmalar M\u0259rk\u0259zi<br \/>\n  <\/b><\/p>\n","protected":false},"excerpt":{"rendered":"<p>Amerikada prezident kim olursa-olsun Rusiya qaz\u0131n\u0131n Avropa bazar\u0131nda dominant rol oynamas\u0131n\u0131 ist\u0259m\u0259z<\/p>\n","protected":false},"author":11,"featured_media":75559,"comment_status":"closed","ping_status":"open","sticky":false,"template":"","format":"standard","meta":{"_acf_changed":false,"_sitemap_exclude":false,"_sitemap_priority":"","_sitemap_frequency":"","footnotes":""},"categories":[51],"tags":[],"class_list":["post-181284","post","type-post","status-publish","format-standard","has-post-thumbnail","hentry","category-analitika","infinite-scroll-item","generate-columns","tablet-grid-50","mobile-grid-100","grid-parent","grid-33","no-featured-image-padding"],"acf":[],"yoast_head":"<!-- This site is optimized with the Yoast SEO plugin v27.5 - https:\/\/yoast.com\/product\/yoast-seo-wordpress\/ -->\n<title>Tramp da Az\u0259rbaycan\u0131n layih\u0259sin\u0259 d\u0259st\u0259k ver\u0259c\u0259k, ancaq... - MEYDAN.TV<\/title>\n<meta name=\"robots\" content=\"index, follow, max-snippet:-1, max-image-preview:large, max-video-preview:-1\" \/>\n<link rel=\"canonical\" href=\"https:\/\/www.meydan.tv\/az\/article\/tramp-da-azerbaycanin-layihesine-destek-verecek-ancaq\/\" \/>\n<meta property=\"og:locale\" content=\"az_AZ\" \/>\n<meta property=\"og:type\" content=\"article\" \/>\n<meta property=\"og:title\" content=\"Tramp da Az\u0259rbaycan\u0131n layih\u0259sin\u0259 d\u0259st\u0259k ver\u0259c\u0259k, ancaq... - MEYDAN.TV\" \/>\n<meta property=\"og:description\" content=\"Amerikada prezident kim olursa-olsun Rusiya qaz\u0131n\u0131n Avropa bazar\u0131nda dominant rol oynamas\u0131n\u0131 ist\u0259m\u0259z\" \/>\n<meta property=\"og:url\" content=\"https:\/\/www.meydan.tv\/az\/article\/tramp-da-azerbaycanin-layihesine-destek-verecek-ancaq\/\" \/>\n<meta property=\"og:site_name\" content=\"MEYDAN.TV\" \/>\n<meta property=\"article:published_time\" content=\"2016-12-16T16:47:21+00:00\" \/>\n<meta property=\"og:image\" content=\"https:\/\/www.meydan.tv\/wp-content\/uploads\/29230.jpg\" \/>\n\t<meta property=\"og:image:width\" content=\"583\" \/>\n\t<meta property=\"og:image:height\" content=\"500\" \/>\n\t<meta property=\"og:image:type\" content=\"image\/jpeg\" \/>\n<meta name=\"author\" content=\"user-manager\" \/>\n<meta name=\"twitter:card\" content=\"summary_large_image\" \/>\n<script type=\"application\/ld+json\" class=\"yoast-schema-graph\">{\"@context\":\"https:\\\/\\\/schema.org\",\"@graph\":[{\"@type\":\"Article\",\"@id\":\"https:\\\/\\\/www.meydan.tv\\\/az\\\/article\\\/tramp-da-azerbaycanin-layihesine-destek-verecek-ancaq\\\/#article\",\"isPartOf\":{\"@id\":\"https:\\\/\\\/www.meydan.tv\\\/az\\\/article\\\/tramp-da-azerbaycanin-layihesine-destek-verecek-ancaq\\\/\"},\"author\":{\"name\":\"user-manager\",\"@id\":\"https:\\\/\\\/www.meydan.tv\\\/az\\\/#\\\/schema\\\/person\\\/10d11eccf6da3662cf5fdab9806ea91a\"},\"headline\":\"Tramp da Az\u0259rbaycan\u0131n layih\u0259sin\u0259 d\u0259st\u0259k ver\u0259c\u0259k, ancaq&#8230;\",\"datePublished\":\"2016-12-16T16:47:21+00:00\",\"mainEntityOfPage\":{\"@id\":\"https:\\\/\\\/www.meydan.tv\\\/az\\\/article\\\/tramp-da-azerbaycanin-layihesine-destek-verecek-ancaq\\\/\"},\"wordCount\":1195,\"publisher\":{\"@id\":\"https:\\\/\\\/www.meydan.tv\\\/az\\\/#organization\"},\"image\":{\"@id\":\"https:\\\/\\\/www.meydan.tv\\\/az\\\/article\\\/tramp-da-azerbaycanin-layihesine-destek-verecek-ancaq\\\/#primaryimage\"},\"thumbnailUrl\":\"https:\\\/\\\/www.meydan.tv\\\/wp-content\\\/uploads\\\/29230.jpg\",\"articleSection\":[\"Analitika\"],\"inLanguage\":\"az\"},{\"@type\":\"WebPage\",\"@id\":\"https:\\\/\\\/www.meydan.tv\\\/az\\\/article\\\/tramp-da-azerbaycanin-layihesine-destek-verecek-ancaq\\\/\",\"url\":\"https:\\\/\\\/www.meydan.tv\\\/az\\\/article\\\/tramp-da-azerbaycanin-layihesine-destek-verecek-ancaq\\\/\",\"name\":\"Tramp da Az\u0259rbaycan\u0131n layih\u0259sin\u0259 d\u0259st\u0259k ver\u0259c\u0259k, ancaq... - MEYDAN.TV\",\"isPartOf\":{\"@id\":\"https:\\\/\\\/www.meydan.tv\\\/az\\\/#website\"},\"primaryImageOfPage\":{\"@id\":\"https:\\\/\\\/www.meydan.tv\\\/az\\\/article\\\/tramp-da-azerbaycanin-layihesine-destek-verecek-ancaq\\\/#primaryimage\"},\"image\":{\"@id\":\"https:\\\/\\\/www.meydan.tv\\\/az\\\/article\\\/tramp-da-azerbaycanin-layihesine-destek-verecek-ancaq\\\/#primaryimage\"},\"thumbnailUrl\":\"https:\\\/\\\/www.meydan.tv\\\/wp-content\\\/uploads\\\/29230.jpg\",\"datePublished\":\"2016-12-16T16:47:21+00:00\",\"breadcrumb\":{\"@id\":\"https:\\\/\\\/www.meydan.tv\\\/az\\\/article\\\/tramp-da-azerbaycanin-layihesine-destek-verecek-ancaq\\\/#breadcrumb\"},\"inLanguage\":\"az\",\"potentialAction\":[{\"@type\":\"ReadAction\",\"target\":[\"https:\\\/\\\/www.meydan.tv\\\/az\\\/article\\\/tramp-da-azerbaycanin-layihesine-destek-verecek-ancaq\\\/\"]}]},{\"@type\":\"ImageObject\",\"inLanguage\":\"az\",\"@id\":\"https:\\\/\\\/www.meydan.tv\\\/az\\\/article\\\/tramp-da-azerbaycanin-layihesine-destek-verecek-ancaq\\\/#primaryimage\",\"url\":\"https:\\\/\\\/www.meydan.tv\\\/wp-content\\\/uploads\\\/29230.jpg\",\"contentUrl\":\"https:\\\/\\\/www.meydan.tv\\\/wp-content\\\/uploads\\\/29230.jpg\",\"width\":583,\"height\":500,\"caption\":\"Source:\"},{\"@type\":\"BreadcrumbList\",\"@id\":\"https:\\\/\\\/www.meydan.tv\\\/az\\\/article\\\/tramp-da-azerbaycanin-layihesine-destek-verecek-ancaq\\\/#breadcrumb\",\"itemListElement\":[{\"@type\":\"ListItem\",\"position\":1,\"name\":\"Ana s\u0259hif\u0259\",\"item\":\"https:\\\/\\\/www.meydan.tv\\\/az\\\/\"},{\"@type\":\"ListItem\",\"position\":2,\"name\":\"Analitika\",\"item\":\"https:\\\/\\\/www.meydan.tv\\\/az\\\/section\\\/analitika\\\/\"},{\"@type\":\"ListItem\",\"position\":3,\"name\":\"Tramp da Az\u0259rbaycan\u0131n layih\u0259sin\u0259 d\u0259st\u0259k ver\u0259c\u0259k, ancaq&#8230;\"}]},{\"@type\":\"WebSite\",\"@id\":\"https:\\\/\\\/www.meydan.tv\\\/az\\\/#website\",\"url\":\"https:\\\/\\\/www.meydan.tv\\\/az\\\/\",\"name\":\"MEYDAN.TV\",\"description\":\"Meydan TV Az\u0259rbaycan\u0131n media m\u0259kan\u0131ndak\u0131 alternativ s\u0259sidir\",\"publisher\":{\"@id\":\"https:\\\/\\\/www.meydan.tv\\\/az\\\/#organization\"},\"potentialAction\":[{\"@type\":\"SearchAction\",\"target\":{\"@type\":\"EntryPoint\",\"urlTemplate\":\"https:\\\/\\\/www.meydan.tv\\\/az\\\/?s={search_term_string}\"},\"query-input\":{\"@type\":\"PropertyValueSpecification\",\"valueRequired\":true,\"valueName\":\"search_term_string\"}}],\"inLanguage\":\"az\"},{\"@type\":\"Organization\",\"@id\":\"https:\\\/\\\/www.meydan.tv\\\/az\\\/#organization\",\"name\":\"Meydan TV\",\"url\":\"https:\\\/\\\/www.meydan.tv\\\/az\\\/\",\"logo\":{\"@type\":\"ImageObject\",\"inLanguage\":\"az\",\"@id\":\"https:\\\/\\\/www.meydan.tv\\\/az\\\/#\\\/schema\\\/logo\\\/image\\\/\",\"url\":\"https:\\\/\\\/www.meydan.tv\\\/wp-content\\\/uploads\\\/2021\\\/07\\\/meydan-logo.svg\",\"contentUrl\":\"https:\\\/\\\/www.meydan.tv\\\/wp-content\\\/uploads\\\/2021\\\/07\\\/meydan-logo.svg\",\"width\":195,\"height\":46,\"caption\":\"Meydan TV\"},\"image\":{\"@id\":\"https:\\\/\\\/www.meydan.tv\\\/az\\\/#\\\/schema\\\/logo\\\/image\\\/\"}},{\"@type\":\"Person\",\"@id\":\"https:\\\/\\\/www.meydan.tv\\\/az\\\/#\\\/schema\\\/person\\\/10d11eccf6da3662cf5fdab9806ea91a\",\"name\":\"user-manager\"}]}<\/script>\n<!-- \/ Yoast SEO plugin. -->","yoast_head_json":{"title":"Tramp da Az\u0259rbaycan\u0131n layih\u0259sin\u0259 d\u0259st\u0259k ver\u0259c\u0259k, ancaq... - MEYDAN.TV","robots":{"index":"index","follow":"follow","max-snippet":"max-snippet:-1","max-image-preview":"max-image-preview:large","max-video-preview":"max-video-preview:-1"},"canonical":"https:\/\/www.meydan.tv\/az\/article\/tramp-da-azerbaycanin-layihesine-destek-verecek-ancaq\/","og_locale":"az_AZ","og_type":"article","og_title":"Tramp da Az\u0259rbaycan\u0131n layih\u0259sin\u0259 d\u0259st\u0259k ver\u0259c\u0259k, ancaq... - MEYDAN.TV","og_description":"Amerikada prezident kim olursa-olsun Rusiya qaz\u0131n\u0131n Avropa bazar\u0131nda dominant rol oynamas\u0131n\u0131 ist\u0259m\u0259z","og_url":"https:\/\/www.meydan.tv\/az\/article\/tramp-da-azerbaycanin-layihesine-destek-verecek-ancaq\/","og_site_name":"MEYDAN.TV","article_published_time":"2016-12-16T16:47:21+00:00","og_image":[{"width":583,"height":500,"url":"https:\/\/www.meydan.tv\/wp-content\/uploads\/29230.jpg","type":"image\/jpeg"}],"author":"user-manager","twitter_card":"summary_large_image","schema":{"@context":"https:\/\/schema.org","@graph":[{"@type":"Article","@id":"https:\/\/www.meydan.tv\/az\/article\/tramp-da-azerbaycanin-layihesine-destek-verecek-ancaq\/#article","isPartOf":{"@id":"https:\/\/www.meydan.tv\/az\/article\/tramp-da-azerbaycanin-layihesine-destek-verecek-ancaq\/"},"author":{"name":"user-manager","@id":"https:\/\/www.meydan.tv\/az\/#\/schema\/person\/10d11eccf6da3662cf5fdab9806ea91a"},"headline":"Tramp da Az\u0259rbaycan\u0131n layih\u0259sin\u0259 d\u0259st\u0259k ver\u0259c\u0259k, ancaq&#8230;","datePublished":"2016-12-16T16:47:21+00:00","mainEntityOfPage":{"@id":"https:\/\/www.meydan.tv\/az\/article\/tramp-da-azerbaycanin-layihesine-destek-verecek-ancaq\/"},"wordCount":1195,"publisher":{"@id":"https:\/\/www.meydan.tv\/az\/#organization"},"image":{"@id":"https:\/\/www.meydan.tv\/az\/article\/tramp-da-azerbaycanin-layihesine-destek-verecek-ancaq\/#primaryimage"},"thumbnailUrl":"https:\/\/www.meydan.tv\/wp-content\/uploads\/29230.jpg","articleSection":["Analitika"],"inLanguage":"az"},{"@type":"WebPage","@id":"https:\/\/www.meydan.tv\/az\/article\/tramp-da-azerbaycanin-layihesine-destek-verecek-ancaq\/","url":"https:\/\/www.meydan.tv\/az\/article\/tramp-da-azerbaycanin-layihesine-destek-verecek-ancaq\/","name":"Tramp da Az\u0259rbaycan\u0131n layih\u0259sin\u0259 d\u0259st\u0259k ver\u0259c\u0259k, ancaq... - MEYDAN.TV","isPartOf":{"@id":"https:\/\/www.meydan.tv\/az\/#website"},"primaryImageOfPage":{"@id":"https:\/\/www.meydan.tv\/az\/article\/tramp-da-azerbaycanin-layihesine-destek-verecek-ancaq\/#primaryimage"},"image":{"@id":"https:\/\/www.meydan.tv\/az\/article\/tramp-da-azerbaycanin-layihesine-destek-verecek-ancaq\/#primaryimage"},"thumbnailUrl":"https:\/\/www.meydan.tv\/wp-content\/uploads\/29230.jpg","datePublished":"2016-12-16T16:47:21+00:00","breadcrumb":{"@id":"https:\/\/www.meydan.tv\/az\/article\/tramp-da-azerbaycanin-layihesine-destek-verecek-ancaq\/#breadcrumb"},"inLanguage":"az","potentialAction":[{"@type":"ReadAction","target":["https:\/\/www.meydan.tv\/az\/article\/tramp-da-azerbaycanin-layihesine-destek-verecek-ancaq\/"]}]},{"@type":"ImageObject","inLanguage":"az","@id":"https:\/\/www.meydan.tv\/az\/article\/tramp-da-azerbaycanin-layihesine-destek-verecek-ancaq\/#primaryimage","url":"https:\/\/www.meydan.tv\/wp-content\/uploads\/29230.jpg","contentUrl":"https:\/\/www.meydan.tv\/wp-content\/uploads\/29230.jpg","width":583,"height":500,"caption":"Source:"},{"@type":"BreadcrumbList","@id":"https:\/\/www.meydan.tv\/az\/article\/tramp-da-azerbaycanin-layihesine-destek-verecek-ancaq\/#breadcrumb","itemListElement":[{"@type":"ListItem","position":1,"name":"Ana s\u0259hif\u0259","item":"https:\/\/www.meydan.tv\/az\/"},{"@type":"ListItem","position":2,"name":"Analitika","item":"https:\/\/www.meydan.tv\/az\/section\/analitika\/"},{"@type":"ListItem","position":3,"name":"Tramp da Az\u0259rbaycan\u0131n layih\u0259sin\u0259 d\u0259st\u0259k ver\u0259c\u0259k, ancaq&#8230;"}]},{"@type":"WebSite","@id":"https:\/\/www.meydan.tv\/az\/#website","url":"https:\/\/www.meydan.tv\/az\/","name":"MEYDAN.TV","description":"Meydan TV Az\u0259rbaycan\u0131n media m\u0259kan\u0131ndak\u0131 alternativ s\u0259sidir","publisher":{"@id":"https:\/\/www.meydan.tv\/az\/#organization"},"potentialAction":[{"@type":"SearchAction","target":{"@type":"EntryPoint","urlTemplate":"https:\/\/www.meydan.tv\/az\/?s={search_term_string}"},"query-input":{"@type":"PropertyValueSpecification","valueRequired":true,"valueName":"search_term_string"}}],"inLanguage":"az"},{"@type":"Organization","@id":"https:\/\/www.meydan.tv\/az\/#organization","name":"Meydan TV","url":"https:\/\/www.meydan.tv\/az\/","logo":{"@type":"ImageObject","inLanguage":"az","@id":"https:\/\/www.meydan.tv\/az\/#\/schema\/logo\/image\/","url":"https:\/\/www.meydan.tv\/wp-content\/uploads\/2021\/07\/meydan-logo.svg","contentUrl":"https:\/\/www.meydan.tv\/wp-content\/uploads\/2021\/07\/meydan-logo.svg","width":195,"height":46,"caption":"Meydan TV"},"image":{"@id":"https:\/\/www.meydan.tv\/az\/#\/schema\/logo\/image\/"}},{"@type":"Person","@id":"https:\/\/www.meydan.tv\/az\/#\/schema\/person\/10d11eccf6da3662cf5fdab9806ea91a","name":"user-manager"}]}},"_links":{"self":[{"href":"https:\/\/www.meydan.tv\/az\/wp-json\/wp\/v2\/posts\/181284","targetHints":{"allow":["GET"]}}],"collection":[{"href":"https:\/\/www.meydan.tv\/az\/wp-json\/wp\/v2\/posts"}],"about":[{"href":"https:\/\/www.meydan.tv\/az\/wp-json\/wp\/v2\/types\/post"}],"author":[{"embeddable":true,"href":"https:\/\/www.meydan.tv\/az\/wp-json\/wp\/v2\/users\/11"}],"replies":[{"embeddable":true,"href":"https:\/\/www.meydan.tv\/az\/wp-json\/wp\/v2\/comments?post=181284"}],"version-history":[{"count":0,"href":"https:\/\/www.meydan.tv\/az\/wp-json\/wp\/v2\/posts\/181284\/revisions"}],"wp:featuredmedia":[{"embeddable":true,"href":"https:\/\/www.meydan.tv\/az\/wp-json\/wp\/v2\/media\/75559"}],"wp:attachment":[{"href":"https:\/\/www.meydan.tv\/az\/wp-json\/wp\/v2\/media?parent=181284"}],"wp:term":[{"taxonomy":"category","embeddable":true,"href":"https:\/\/www.meydan.tv\/az\/wp-json\/wp\/v2\/categories?post=181284"},{"taxonomy":"post_tag","embeddable":true,"href":"https:\/\/www.meydan.tv\/az\/wp-json\/wp\/v2\/tags?post=181284"}],"curies":[{"name":"wp","href":"https:\/\/api.w.org\/{rel}","templated":true}]}}