{"id":181282,"date":"2016-12-16T16:04:12","date_gmt":"2016-12-16T16:04:12","guid":{"rendered":"https:\/\/www.meydan.tv\/article\/iqtisadci-noyabrda-dovlet-budcesinin-gelirleri-57-faiz-azalib\/"},"modified":"2016-12-16T16:04:12","modified_gmt":"2016-12-16T16:04:12","slug":"iqtisadci-noyabrda-dovlet-budcesinin-gelirleri-57-faiz-azalib","status":"publish","type":"post","link":"https:\/\/www.meydan.tv\/az\/article\/iqtisadci-noyabrda-dovlet-budcesinin-gelirleri-57-faiz-azalib\/","title":{"rendered":"\u0130qtisad\u00e7\u0131: Noyabrda d\u00f6vl\u0259t b\u00fcdc\u0259sinin g\u0259lirl\u0259ri 57 faiz azal\u0131b"},"content":{"rendered":"<figure class=\"wp-block-image size-large\">\n  <img decoding=\"async\" src=\"https:\/\/www.meydan.tv\/az\/72095\/\" alt=\"\" class=\"wp-image-72095\"\/><figcaption><\/figcaption><\/figure>\n<p>\n  <i><br \/>\n    &#8221;\u0130slahatlara h\u00f6kum\u0259td\u0259n ba\u015flamaq laz\u0131md\u0131r&#8221;<br \/>\n  <\/i>\n<\/p>\n<p>\n  \u0130slahatlara h\u00f6kum\u0259td\u0259n ba\u015flamaq laz\u0131md\u0131r. \u00c7\u00fcnki h\u00f6kum\u0259t imzalad\u0131\u011f\u0131 b\u00fcdc\u0259ni icra ed\u0259 bilmir\u201d, &#8211; \u201cFacebook\u201d s\u0259hif\u0259sind\u0259 iqtisad\u00e7\u0131 Nem\u0259t \u018fLiyev bel\u0259 yaz\u0131b.\n<\/p>\n<p>\n  \u0130qtisad\u00e7\u0131 d\u00f6vl\u0259t b\u00fcdc\u0259sinin g\u0259lirl\u0259rinin noyabrda 57 faiz azald\u0131\u011f\u0131n\u0131 s\u00f6yl\u0259yir:\n<\/p>\n<p>\n  \u201c\u018fg\u0259r oktyabrda b\u00fcdc\u0259y\u0259 2 milyard daxil olmu\u015fdusa, noyabrda bu g\u00f6st\u0259rici 1 milyard 138 milyon azal\u0131b v\u0259 862 milyon manata d\u00fc\u015f\u00fcb. Sonuncu g\u00f6st\u0259rici b\u00fcdc\u0259 qanunu il\u0259 n\u0259z\u0259rd\u0259 tutulan orta ayl\u0131q normadan da 39 faiz azd\u0131r. B\u00fcdc\u0259y\u0259 daxilolmalar\u0131n 11 ayl\u0131q h\u0259cmi is\u0259 proqnoz g\u00f6st\u0259ricid\u0259n 2,5 milyard manat v\u0259 ya 16 faiz az olub\u201d.\n<\/p>\n<p>\n  Nem\u0259t \u018fliyev deyir ki, h\u00f6kum\u0259t d\u00f6vl\u0259t b\u00fcdc\u0259si hesab\u0131na 3 milyard manatl\u0131q maliyy\u0259l\u0259\u015fm\u0259ni d\u0259 h\u0259yata ke\u00e7ir\u0259 bilm\u0259yib. Buna g\u00f6r\u0259 \u201cyanvar-noyabr\u201d d\u00f6vr\u00fcnd\u0259 n\u0259z\u0259rd\u0259 tutulan maliyy\u0259l\u0259\u015fm\u0259nin 18 faizi k\u0259sird\u0259 qal\u0131b:\n<\/p>\n<p>\n  \u201cLakin itkil\u0259r bununla bitm\u0259yib. Manat\u0131n nisb\u0259t\u0259n yax\u015f\u0131 al\u0131c\u0131l\u0131q qabiliyy\u0259ti g\u00f6st\u0259rdiyi aprel, may, iyun v\u0259 iyul aylar\u0131nda Neft Fondu \u00fcz\u0259rin\u0259 d\u00fc\u015f\u0259n \u00f6hd\u0259liyi yerin\u0259 yetirm\u0259y\u0259r\u0259k d\u00f6vl\u0259t b\u00fcdc\u0259sin\u0259 2,4 milyard manatl\u0131q \u00f6d\u0259m\u0259ni h\u0259yata ke\u00e7irm\u0259yib. Aprel ay\u0131n\u0131n \u00f6d\u0259m\u0259 \u00f6hd\u0259liyi sentyabr v\u0259 oktyabr aylar\u0131nda hiss\u0259-hiss\u0259 icra olunsa da, sonrak\u0131 3 ay\u0131n \u00f6d\u0259ni\u015fl\u0259ri h\u0259l\u0259 d\u0259 qalmaqdad\u0131r\u201d.\n<\/p>\n<p>\n  \u0130qtisad\u00e7\u0131 bildirir ki, vaxt\u0131nda \u00f6d\u0259nilm\u0259mi\u015f pul k\u00fctl\u0259si sonrak\u0131 aylarda manat\u0131n ucuzla\u015fmas\u0131n\u0131n t\u0259siri il\u0259 t\u0259xmin\u0259n 180-190 milyon dollarla \u00f6l\u00e7\u00fcl\u0259n z\u0259r\u0259r yarad\u0131b:\n<\/p>\n<p>\n  \u201cBa\u015fqa s\u00f6zl\u0259, d\u00f6vl\u0259t ehtiyaclar\u0131 \u00fc\u00e7\u00fcn 4-7 ay \u0259vv\u0259l daha \u00e7ox mal almaq, i\u015f v\u0259 xidm\u0259tl\u0259r yerin\u0259 yetirm\u0259k m\u00fcmk\u00fcn idi. \u00d6d\u0259m\u0259l\u0259rin vaxt\u0131nda icra olunmas\u0131na nail olmaqla 5-6 ay \u0259vv\u0259l real sektora investisiya qoyulu\u015funu geni\u015fl\u0259ndirm\u0259k d\u0259 olard\u0131. Lakin b\u00fct\u00fcn bu imkanlar \u0259ld\u0259n verilib. H\u0259tta \u00f6t\u0259n ill\u0259 m\u00fcqayis\u0259d\u0259 h\u0259cmi 2 d\u0259f\u0259d\u0259n \u00e7ox azald\u0131lm\u0131\u015f investisiyalar \u00fczr\u0259 \u00f6hd\u0259likl\u0259r d\u0259 21-25 faiz k\u0259sirl\u0259 yerin\u0259 yetirilib\u201d.\n<\/p>\n<p>\n  Nem\u0259t \u018fliyev deyir ki, bel\u0259likl\u0259, b\u00fcdc\u0259 qar\u015f\u0131s\u0131nda v\u0259zif\u0259 v\u0259 \u00f6hd\u0259likl\u0259rin yerin\u0259 yetirilm\u0259m\u0259si iqtisadi f\u0259all\u0131\u011f\u0131 h\u0259d\u0259f\u0259 g\u0259tir\u0259r\u0259k onu daha da z\u0259ifl\u0259dib. Buna iqtisadi sabotaj da dem\u0259k olar:\n<\/p>\n<p>\n  \u201cB\u00fcdc\u0259y\u0259 bel\u0259 m\u00fcnasib\u0259t iqtisadi t\u0259n\u0259zz\u00fcl\u00fcn s\u0259rh\u0259dl\u0259rini daha da b\u00f6y\u00fcd\u0259c\u0259k. Odur ki, m\u00fcsb\u0259t n\u0259tic\u0259l\u0259r\u0259 nail olmaq namin\u0259 islahatlara h\u00f6kum\u0259td\u0259n ba\u015flamaq laz\u0131md\u0131r\u201d.<\/p>\n","protected":false},"excerpt":{"rendered":"<p>&#8221;\u0130slahatlara h\u00f6kum\u0259td\u0259n ba\u015flamaq laz\u0131md\u0131r&#8221;<\/p>\n","protected":false},"author":11,"featured_media":72095,"comment_status":"closed","ping_status":"open","sticky":false,"template":"","format":"standard","meta":{"_acf_changed":false,"_sitemap_exclude":false,"_sitemap_priority":"","_sitemap_frequency":"","footnotes":""},"categories":[51],"tags":[],"class_list":["post-181282","post","type-post","status-publish","format-standard","has-post-thumbnail","hentry","category-analitika","infinite-scroll-item","generate-columns","tablet-grid-50","mobile-grid-100","grid-parent","grid-33","no-featured-image-padding"],"acf":[],"yoast_head":"<!-- This site is optimized with the Yoast SEO plugin v27.5 - https:\/\/yoast.com\/product\/yoast-seo-wordpress\/ -->\n<title>\u0130qtisad\u00e7\u0131: Noyabrda d\u00f6vl\u0259t b\u00fcdc\u0259sinin g\u0259lirl\u0259ri 57 faiz azal\u0131b - MEYDAN.TV<\/title>\n<meta name=\"robots\" content=\"index, follow, max-snippet:-1, max-image-preview:large, max-video-preview:-1\" \/>\n<link rel=\"canonical\" href=\"https:\/\/www.meydan.tv\/az\/article\/iqtisadci-noyabrda-dovlet-budcesinin-gelirleri-57-faiz-azalib\/\" \/>\n<meta property=\"og:locale\" content=\"az_AZ\" \/>\n<meta property=\"og:type\" content=\"article\" \/>\n<meta property=\"og:title\" content=\"\u0130qtisad\u00e7\u0131: Noyabrda d\u00f6vl\u0259t b\u00fcdc\u0259sinin g\u0259lirl\u0259ri 57 faiz azal\u0131b - MEYDAN.TV\" \/>\n<meta property=\"og:description\" content=\"&#039;&#039;\u0130slahatlara h\u00f6kum\u0259td\u0259n ba\u015flamaq laz\u0131md\u0131r&#039;&#039;\" \/>\n<meta property=\"og:url\" content=\"https:\/\/www.meydan.tv\/az\/article\/iqtisadci-noyabrda-dovlet-budcesinin-gelirleri-57-faiz-azalib\/\" \/>\n<meta property=\"og:site_name\" content=\"MEYDAN.TV\" \/>\n<meta property=\"article:published_time\" content=\"2016-12-16T16:04:12+00:00\" \/>\n<meta property=\"og:image\" content=\"https:\/\/www.meydan.tv\/wp-content\/uploads\/27648.jpg\" \/>\n\t<meta property=\"og:image:width\" content=\"768\" \/>\n\t<meta property=\"og:image:height\" content=\"432\" \/>\n\t<meta property=\"og:image:type\" content=\"image\/jpeg\" \/>\n<meta name=\"author\" content=\"user-manager\" \/>\n<meta name=\"twitter:card\" content=\"summary_large_image\" \/>\n<script type=\"application\/ld+json\" class=\"yoast-schema-graph\">{\"@context\":\"https:\\\/\\\/schema.org\",\"@graph\":[{\"@type\":\"Article\",\"@id\":\"https:\\\/\\\/www.meydan.tv\\\/az\\\/article\\\/iqtisadci-noyabrda-dovlet-budcesinin-gelirleri-57-faiz-azalib\\\/#article\",\"isPartOf\":{\"@id\":\"https:\\\/\\\/www.meydan.tv\\\/az\\\/article\\\/iqtisadci-noyabrda-dovlet-budcesinin-gelirleri-57-faiz-azalib\\\/\"},\"author\":{\"name\":\"user-manager\",\"@id\":\"https:\\\/\\\/www.meydan.tv\\\/az\\\/#\\\/schema\\\/person\\\/10d11eccf6da3662cf5fdab9806ea91a\"},\"headline\":\"\u0130qtisad\u00e7\u0131: Noyabrda d\u00f6vl\u0259t b\u00fcdc\u0259sinin g\u0259lirl\u0259ri 57 faiz azal\u0131b\",\"datePublished\":\"2016-12-16T16:04:12+00:00\",\"mainEntityOfPage\":{\"@id\":\"https:\\\/\\\/www.meydan.tv\\\/az\\\/article\\\/iqtisadci-noyabrda-dovlet-budcesinin-gelirleri-57-faiz-azalib\\\/\"},\"wordCount\":499,\"publisher\":{\"@id\":\"https:\\\/\\\/www.meydan.tv\\\/az\\\/#organization\"},\"image\":{\"@id\":\"https:\\\/\\\/www.meydan.tv\\\/az\\\/article\\\/iqtisadci-noyabrda-dovlet-budcesinin-gelirleri-57-faiz-azalib\\\/#primaryimage\"},\"thumbnailUrl\":\"https:\\\/\\\/www.meydan.tv\\\/wp-content\\\/uploads\\\/27648.jpg\",\"articleSection\":[\"Analitika\"],\"inLanguage\":\"az\"},{\"@type\":\"WebPage\",\"@id\":\"https:\\\/\\\/www.meydan.tv\\\/az\\\/article\\\/iqtisadci-noyabrda-dovlet-budcesinin-gelirleri-57-faiz-azalib\\\/\",\"url\":\"https:\\\/\\\/www.meydan.tv\\\/az\\\/article\\\/iqtisadci-noyabrda-dovlet-budcesinin-gelirleri-57-faiz-azalib\\\/\",\"name\":\"\u0130qtisad\u00e7\u0131: Noyabrda d\u00f6vl\u0259t b\u00fcdc\u0259sinin g\u0259lirl\u0259ri 57 faiz azal\u0131b - MEYDAN.TV\",\"isPartOf\":{\"@id\":\"https:\\\/\\\/www.meydan.tv\\\/az\\\/#website\"},\"primaryImageOfPage\":{\"@id\":\"https:\\\/\\\/www.meydan.tv\\\/az\\\/article\\\/iqtisadci-noyabrda-dovlet-budcesinin-gelirleri-57-faiz-azalib\\\/#primaryimage\"},\"image\":{\"@id\":\"https:\\\/\\\/www.meydan.tv\\\/az\\\/article\\\/iqtisadci-noyabrda-dovlet-budcesinin-gelirleri-57-faiz-azalib\\\/#primaryimage\"},\"thumbnailUrl\":\"https:\\\/\\\/www.meydan.tv\\\/wp-content\\\/uploads\\\/27648.jpg\",\"datePublished\":\"2016-12-16T16:04:12+00:00\",\"breadcrumb\":{\"@id\":\"https:\\\/\\\/www.meydan.tv\\\/az\\\/article\\\/iqtisadci-noyabrda-dovlet-budcesinin-gelirleri-57-faiz-azalib\\\/#breadcrumb\"},\"inLanguage\":\"az\",\"potentialAction\":[{\"@type\":\"ReadAction\",\"target\":[\"https:\\\/\\\/www.meydan.tv\\\/az\\\/article\\\/iqtisadci-noyabrda-dovlet-budcesinin-gelirleri-57-faiz-azalib\\\/\"]}]},{\"@type\":\"ImageObject\",\"inLanguage\":\"az\",\"@id\":\"https:\\\/\\\/www.meydan.tv\\\/az\\\/article\\\/iqtisadci-noyabrda-dovlet-budcesinin-gelirleri-57-faiz-azalib\\\/#primaryimage\",\"url\":\"https:\\\/\\\/www.meydan.tv\\\/wp-content\\\/uploads\\\/27648.jpg\",\"contentUrl\":\"https:\\\/\\\/www.meydan.tv\\\/wp-content\\\/uploads\\\/27648.jpg\",\"width\":768,\"height\":432,\"caption\":\"Source:\"},{\"@type\":\"BreadcrumbList\",\"@id\":\"https:\\\/\\\/www.meydan.tv\\\/az\\\/article\\\/iqtisadci-noyabrda-dovlet-budcesinin-gelirleri-57-faiz-azalib\\\/#breadcrumb\",\"itemListElement\":[{\"@type\":\"ListItem\",\"position\":1,\"name\":\"Ana s\u0259hif\u0259\",\"item\":\"https:\\\/\\\/www.meydan.tv\\\/az\\\/\"},{\"@type\":\"ListItem\",\"position\":2,\"name\":\"Analitika\",\"item\":\"https:\\\/\\\/www.meydan.tv\\\/az\\\/section\\\/analitika\\\/\"},{\"@type\":\"ListItem\",\"position\":3,\"name\":\"\u0130qtisad\u00e7\u0131: Noyabrda d\u00f6vl\u0259t b\u00fcdc\u0259sinin g\u0259lirl\u0259ri 57 faiz azal\u0131b\"}]},{\"@type\":\"WebSite\",\"@id\":\"https:\\\/\\\/www.meydan.tv\\\/az\\\/#website\",\"url\":\"https:\\\/\\\/www.meydan.tv\\\/az\\\/\",\"name\":\"MEYDAN.TV\",\"description\":\"Meydan TV Az\u0259rbaycan\u0131n media m\u0259kan\u0131ndak\u0131 alternativ s\u0259sidir\",\"publisher\":{\"@id\":\"https:\\\/\\\/www.meydan.tv\\\/az\\\/#organization\"},\"potentialAction\":[{\"@type\":\"SearchAction\",\"target\":{\"@type\":\"EntryPoint\",\"urlTemplate\":\"https:\\\/\\\/www.meydan.tv\\\/az\\\/?s={search_term_string}\"},\"query-input\":{\"@type\":\"PropertyValueSpecification\",\"valueRequired\":true,\"valueName\":\"search_term_string\"}}],\"inLanguage\":\"az\"},{\"@type\":\"Organization\",\"@id\":\"https:\\\/\\\/www.meydan.tv\\\/az\\\/#organization\",\"name\":\"Meydan TV\",\"url\":\"https:\\\/\\\/www.meydan.tv\\\/az\\\/\",\"logo\":{\"@type\":\"ImageObject\",\"inLanguage\":\"az\",\"@id\":\"https:\\\/\\\/www.meydan.tv\\\/az\\\/#\\\/schema\\\/logo\\\/image\\\/\",\"url\":\"https:\\\/\\\/www.meydan.tv\\\/wp-content\\\/uploads\\\/2021\\\/07\\\/meydan-logo.svg\",\"contentUrl\":\"https:\\\/\\\/www.meydan.tv\\\/wp-content\\\/uploads\\\/2021\\\/07\\\/meydan-logo.svg\",\"width\":195,\"height\":46,\"caption\":\"Meydan TV\"},\"image\":{\"@id\":\"https:\\\/\\\/www.meydan.tv\\\/az\\\/#\\\/schema\\\/logo\\\/image\\\/\"}},{\"@type\":\"Person\",\"@id\":\"https:\\\/\\\/www.meydan.tv\\\/az\\\/#\\\/schema\\\/person\\\/10d11eccf6da3662cf5fdab9806ea91a\",\"name\":\"user-manager\"}]}<\/script>\n<!-- \/ Yoast SEO plugin. -->","yoast_head_json":{"title":"\u0130qtisad\u00e7\u0131: Noyabrda d\u00f6vl\u0259t b\u00fcdc\u0259sinin g\u0259lirl\u0259ri 57 faiz azal\u0131b - MEYDAN.TV","robots":{"index":"index","follow":"follow","max-snippet":"max-snippet:-1","max-image-preview":"max-image-preview:large","max-video-preview":"max-video-preview:-1"},"canonical":"https:\/\/www.meydan.tv\/az\/article\/iqtisadci-noyabrda-dovlet-budcesinin-gelirleri-57-faiz-azalib\/","og_locale":"az_AZ","og_type":"article","og_title":"\u0130qtisad\u00e7\u0131: Noyabrda d\u00f6vl\u0259t b\u00fcdc\u0259sinin g\u0259lirl\u0259ri 57 faiz azal\u0131b - MEYDAN.TV","og_description":"''\u0130slahatlara h\u00f6kum\u0259td\u0259n ba\u015flamaq laz\u0131md\u0131r''","og_url":"https:\/\/www.meydan.tv\/az\/article\/iqtisadci-noyabrda-dovlet-budcesinin-gelirleri-57-faiz-azalib\/","og_site_name":"MEYDAN.TV","article_published_time":"2016-12-16T16:04:12+00:00","og_image":[{"width":768,"height":432,"url":"https:\/\/www.meydan.tv\/wp-content\/uploads\/27648.jpg","type":"image\/jpeg"}],"author":"user-manager","twitter_card":"summary_large_image","schema":{"@context":"https:\/\/schema.org","@graph":[{"@type":"Article","@id":"https:\/\/www.meydan.tv\/az\/article\/iqtisadci-noyabrda-dovlet-budcesinin-gelirleri-57-faiz-azalib\/#article","isPartOf":{"@id":"https:\/\/www.meydan.tv\/az\/article\/iqtisadci-noyabrda-dovlet-budcesinin-gelirleri-57-faiz-azalib\/"},"author":{"name":"user-manager","@id":"https:\/\/www.meydan.tv\/az\/#\/schema\/person\/10d11eccf6da3662cf5fdab9806ea91a"},"headline":"\u0130qtisad\u00e7\u0131: Noyabrda d\u00f6vl\u0259t b\u00fcdc\u0259sinin g\u0259lirl\u0259ri 57 faiz azal\u0131b","datePublished":"2016-12-16T16:04:12+00:00","mainEntityOfPage":{"@id":"https:\/\/www.meydan.tv\/az\/article\/iqtisadci-noyabrda-dovlet-budcesinin-gelirleri-57-faiz-azalib\/"},"wordCount":499,"publisher":{"@id":"https:\/\/www.meydan.tv\/az\/#organization"},"image":{"@id":"https:\/\/www.meydan.tv\/az\/article\/iqtisadci-noyabrda-dovlet-budcesinin-gelirleri-57-faiz-azalib\/#primaryimage"},"thumbnailUrl":"https:\/\/www.meydan.tv\/wp-content\/uploads\/27648.jpg","articleSection":["Analitika"],"inLanguage":"az"},{"@type":"WebPage","@id":"https:\/\/www.meydan.tv\/az\/article\/iqtisadci-noyabrda-dovlet-budcesinin-gelirleri-57-faiz-azalib\/","url":"https:\/\/www.meydan.tv\/az\/article\/iqtisadci-noyabrda-dovlet-budcesinin-gelirleri-57-faiz-azalib\/","name":"\u0130qtisad\u00e7\u0131: Noyabrda d\u00f6vl\u0259t b\u00fcdc\u0259sinin g\u0259lirl\u0259ri 57 faiz azal\u0131b - MEYDAN.TV","isPartOf":{"@id":"https:\/\/www.meydan.tv\/az\/#website"},"primaryImageOfPage":{"@id":"https:\/\/www.meydan.tv\/az\/article\/iqtisadci-noyabrda-dovlet-budcesinin-gelirleri-57-faiz-azalib\/#primaryimage"},"image":{"@id":"https:\/\/www.meydan.tv\/az\/article\/iqtisadci-noyabrda-dovlet-budcesinin-gelirleri-57-faiz-azalib\/#primaryimage"},"thumbnailUrl":"https:\/\/www.meydan.tv\/wp-content\/uploads\/27648.jpg","datePublished":"2016-12-16T16:04:12+00:00","breadcrumb":{"@id":"https:\/\/www.meydan.tv\/az\/article\/iqtisadci-noyabrda-dovlet-budcesinin-gelirleri-57-faiz-azalib\/#breadcrumb"},"inLanguage":"az","potentialAction":[{"@type":"ReadAction","target":["https:\/\/www.meydan.tv\/az\/article\/iqtisadci-noyabrda-dovlet-budcesinin-gelirleri-57-faiz-azalib\/"]}]},{"@type":"ImageObject","inLanguage":"az","@id":"https:\/\/www.meydan.tv\/az\/article\/iqtisadci-noyabrda-dovlet-budcesinin-gelirleri-57-faiz-azalib\/#primaryimage","url":"https:\/\/www.meydan.tv\/wp-content\/uploads\/27648.jpg","contentUrl":"https:\/\/www.meydan.tv\/wp-content\/uploads\/27648.jpg","width":768,"height":432,"caption":"Source:"},{"@type":"BreadcrumbList","@id":"https:\/\/www.meydan.tv\/az\/article\/iqtisadci-noyabrda-dovlet-budcesinin-gelirleri-57-faiz-azalib\/#breadcrumb","itemListElement":[{"@type":"ListItem","position":1,"name":"Ana s\u0259hif\u0259","item":"https:\/\/www.meydan.tv\/az\/"},{"@type":"ListItem","position":2,"name":"Analitika","item":"https:\/\/www.meydan.tv\/az\/section\/analitika\/"},{"@type":"ListItem","position":3,"name":"\u0130qtisad\u00e7\u0131: Noyabrda d\u00f6vl\u0259t b\u00fcdc\u0259sinin g\u0259lirl\u0259ri 57 faiz azal\u0131b"}]},{"@type":"WebSite","@id":"https:\/\/www.meydan.tv\/az\/#website","url":"https:\/\/www.meydan.tv\/az\/","name":"MEYDAN.TV","description":"Meydan TV Az\u0259rbaycan\u0131n media m\u0259kan\u0131ndak\u0131 alternativ s\u0259sidir","publisher":{"@id":"https:\/\/www.meydan.tv\/az\/#organization"},"potentialAction":[{"@type":"SearchAction","target":{"@type":"EntryPoint","urlTemplate":"https:\/\/www.meydan.tv\/az\/?s={search_term_string}"},"query-input":{"@type":"PropertyValueSpecification","valueRequired":true,"valueName":"search_term_string"}}],"inLanguage":"az"},{"@type":"Organization","@id":"https:\/\/www.meydan.tv\/az\/#organization","name":"Meydan TV","url":"https:\/\/www.meydan.tv\/az\/","logo":{"@type":"ImageObject","inLanguage":"az","@id":"https:\/\/www.meydan.tv\/az\/#\/schema\/logo\/image\/","url":"https:\/\/www.meydan.tv\/wp-content\/uploads\/2021\/07\/meydan-logo.svg","contentUrl":"https:\/\/www.meydan.tv\/wp-content\/uploads\/2021\/07\/meydan-logo.svg","width":195,"height":46,"caption":"Meydan TV"},"image":{"@id":"https:\/\/www.meydan.tv\/az\/#\/schema\/logo\/image\/"}},{"@type":"Person","@id":"https:\/\/www.meydan.tv\/az\/#\/schema\/person\/10d11eccf6da3662cf5fdab9806ea91a","name":"user-manager"}]}},"_links":{"self":[{"href":"https:\/\/www.meydan.tv\/az\/wp-json\/wp\/v2\/posts\/181282","targetHints":{"allow":["GET"]}}],"collection":[{"href":"https:\/\/www.meydan.tv\/az\/wp-json\/wp\/v2\/posts"}],"about":[{"href":"https:\/\/www.meydan.tv\/az\/wp-json\/wp\/v2\/types\/post"}],"author":[{"embeddable":true,"href":"https:\/\/www.meydan.tv\/az\/wp-json\/wp\/v2\/users\/11"}],"replies":[{"embeddable":true,"href":"https:\/\/www.meydan.tv\/az\/wp-json\/wp\/v2\/comments?post=181282"}],"version-history":[{"count":0,"href":"https:\/\/www.meydan.tv\/az\/wp-json\/wp\/v2\/posts\/181282\/revisions"}],"wp:featuredmedia":[{"embeddable":true,"href":"https:\/\/www.meydan.tv\/az\/wp-json\/wp\/v2\/media\/72095"}],"wp:attachment":[{"href":"https:\/\/www.meydan.tv\/az\/wp-json\/wp\/v2\/media?parent=181282"}],"wp:term":[{"taxonomy":"category","embeddable":true,"href":"https:\/\/www.meydan.tv\/az\/wp-json\/wp\/v2\/categories?post=181282"},{"taxonomy":"post_tag","embeddable":true,"href":"https:\/\/www.meydan.tv\/az\/wp-json\/wp\/v2\/tags?post=181282"}],"curies":[{"name":"wp","href":"https:\/\/api.w.org\/{rel}","templated":true}]}}