{"id":181239,"date":"2016-12-15T13:00:57","date_gmt":"2016-12-15T13:00:57","guid":{"rendered":"https:\/\/www.meydan.tv\/article\/ilin-son-ayi-merkezi-bank-ucun-hec-de-asan-olmayacaq\/"},"modified":"2016-12-15T13:00:57","modified_gmt":"2016-12-15T13:00:57","slug":"ilin-son-ayi-merkezi-bank-ucun-hec-de-asan-olmayacaq","status":"publish","type":"post","link":"https:\/\/www.meydan.tv\/az\/article\/ilin-son-ayi-merkezi-bank-ucun-hec-de-asan-olmayacaq\/","title":{"rendered":"&#8221;\u0130lin son ay\u0131 M\u0259rk\u0259zi Bank \u00fc\u00e7\u00fcn he\u00e7 d\u0259 asan olmayacaq&#8221;"},"content":{"rendered":"<figure class=\"wp-block-image size-large\">\n  <img decoding=\"async\" src=\"https:\/\/www.meydan.tv\/az\/71440\/\" alt=\"\" class=\"wp-image-71440\"\/><figcaption><\/figcaption><\/figure>\n<p>\n  <i><br \/>\n    FED-in yeni q\u0259rar\u0131 Az\u0259rbaycana nec\u0259 t\u0259sir g\u00f6st\u0259r\u0259c\u0259k?<br \/>\n  <\/i>\n<\/p>\n<p>\n  Dekabr\u0131n 14-d\u0259 AB\u015e-\u0131n Federal Ehtiyatlar Sisteminin (FED) A\u00e7\u0131q Bazar \u018fm\u0259liyyatlar\u0131 \u00fczr\u0259 Komit\u0259sinin (FOMC) iki g\u00fcn davam ed\u0259n iclas\u0131 yekunla\u015f\u0131b. N\u0259tic\u0259d\u0259 FED u\u00e7ot d\u0259r\u0259c\u0259sini 0,25-0,50 faiz art\u0131r\u0131b. Sonuncu d\u0259f\u0259 FED u\u00e7ot d\u0259r\u0259c\u0259sini \u00f6t\u0259n il art\u0131rm\u0131\u015fd\u0131.\n<\/p>\n<p>\n  \u00dcmimiyy\u0259tl\u0259, FED 2007-2008-ci ild\u0259n sonra yaln\u0131z bir d\u0259f\u0259 u\u00e7ot d\u0259r\u0259c\u0259sini qald\u0131r\u0131b.\n<\/p>\n<p>\n  U\u00e7ot d\u0259r\u0259c\u0259sinin art\u0131r\u0131lmas\u0131 dollar\u0131n m\u00f6hk\u0259ml\u0259nm\u0259sin\u0259 s\u0259b\u0259b olacaq. Dollar\u0131n m\u00f6hk\u0259ml\u0259nm\u0259si is\u0259 manata t\u0259zyiqi art\u0131racaq.\n<\/p>\n<p>\n  \u0130qtisad\u00e7\u0131 V\u00fcqar Bayramov \u201cFacebook\u201dda yaz\u0131r ki, FES q\u0259rar\u0131 elan edildikd\u0259n sonra qlobal valyuta v\u0259 \u0259mt\u0259\u0259 bazarlar\u0131 bu add\u0131ma d\u0259rhal reaksiya verib. Dollara nisb\u0259t\u0259n d\u0259y\u0259rsizl\u0259\u015f\u0259n Avropa pulu d\u00fcnya bazar\u0131nda 1 avro 1.048-d\u0259k ucuzla\u015f\u0131b. \u0130ngilis pul vahidinin d\u0259 dollara nisb\u0259t\u0259n d\u0259y\u0259r itirm\u0259sini m\u00fc\u015fahid\u0259 edirik. Neft daxil olmaqla strateji \u0259mt\u0259\u0259 bazar\u0131 da q\u0259rara reaksiya verib. Art\u0131q WTI markal\u0131 neftin 1 barelinin qiym\u0259ti 51 dollardan a\u015fa\u011f\u0131 t\u0259klif edilir.\n<\/p>\n<p>\n  V\u00fcqar Bayramov deyir ki, \u0259ks\u0259r inki\u015faf etm\u0259kd\u0259 olan \u00f6lk\u0259l\u0259r o c\u00fcml\u0259d\u0259n Az\u0259rbaycan \u00fc\u00e7\u00fcn FES-in u\u00e7ot stavkas\u0131n\u0131 art\u0131rmas\u0131 v\u0259 x\u00fcsus\u0259n d\u0259 m\u00f6hk\u0259m dollar iqtisadi bax\u0131mdan arzuolunan deyil. FES-in q\u0259rar\u0131ndan sonra manata t\u0259zyiqin artaca\u011f\u0131 qa\u00e7\u0131lmazd\u0131r:\n<\/p>\n<p>\n  \u201c\u018fslind\u0259, ox\u015far q\u0259rarlar \u0259vv\u0259ll\u0259r manata psixoloji t\u0259zyiql\u0259r formala\u015fd\u0131r\u0131rd\u0131sa, indi dollara olan t\u0259l\u0259bin y\u00fcks\u0259k olmas\u0131 s\u0259b\u0259bind\u0259n iqtisadi t\u0259zyiql\u0259r d\u0259 m\u00fc\u015fahid\u0259 edilm\u0259kd\u0259dir. Dekabrda dollar t\u0259l\u0259binin artmas\u0131 v\u0259 bazar t\u0259klifinin azalmas\u0131 fonunda AB\u015e-da u\u00e7ot stavkas\u0131n\u0131n art\u0131r\u0131lmas\u0131 milli valyutam\u0131za \u0259lav\u0259 t\u0259zyiq yarad\u0131r. Bu bax\u0131mdan, Az\u0259rbaycan M\u0259rk\u0259zi Bank\u0131 b\u00fct\u00fcn senaril\u0259r\u0259 haz\u0131r olmal\u0131d\u0131r. T\u0259bii ki, M\u0259rk\u0259zi Bank\u0131n bu senariy\u0259 nec\u0259 haz\u0131rla\u015fd\u0131\u011f\u0131n\u0131 yax\u0131n g\u00fcnl\u0259rd\u0259 m\u00fc\u015fahid\u0259 ed\u0259 bil\u0259c\u0259yik. X\u00fcsus\u0259n d\u0259, bu g\u00fcn valyuta h\u0259rrac\u0131n\u0131n ke\u00e7irildiyini n\u0259z\u0259r\u0259 ald\u0131qda ilkin reaksiyalar\u0131 m\u00fc\u015fahid\u0259 v\u0259 el\u0259c\u0259 d\u0259 haz\u0131rl\u0131\u011f\u0131 etm\u0259k m\u00fck\u00fcn olacaq. B\u00fct\u00f6vl\u00fckd\u0259, \u0259g\u0259r M\u0259rk\u0259zi Bank daha \u00e7evik al\u0259tl\u0259rd\u0259n istifad\u0259 edib valyuta bazar\u0131ndak\u0131 psixoloji t\u0259zyiql\u0259ri aradan qald\u0131rmazsa, manat\u0131n ucuzla\u015fmas\u0131 prosesi daha s\u00fcr\u0259tl\u0259n\u0259 bil\u0259r\u201d.\n<\/p>\n<p>\n  \u0130qtisad\u00e7\u0131 yaz\u0131r ki, qlobal neft bazar\u0131 da FES-in q\u0259rar\u0131na reaskiya verdiyi \u00fc\u00e7\u00fcn bu d\u00f6vl\u0259t g\u0259lirl\u0259rimiz\u0259 d\u0259 t\u0259sirsiz \u00f6t\u00fc\u015fm\u0259y\u0259c\u0259k. M\u00f6hk\u0259m dollar strateji m\u0259hsullar\u0131n qiym\u0259tind\u0259ki art\u0131m faizin\u0259 m\u0259nfi t\u0259sir g\u00f6st\u0259rir v\u0259 art\u0131q s\u00f6z\u00fcged\u0259n bazardak\u0131 qiym\u0259t azalmalar\u0131 da bundan x\u0259b\u0259r verir. Dollar\u0131n bahala\u015fmas\u0131 fonundan AB\u015e da neft ehtiyatlar\u0131n\u0131 v\u0259 el\u0259c\u0259 d\u0259 bazara \u00e7\u0131xartd\u0131\u011f\u0131 neftin h\u0259cmini art\u0131rarsa, o zaman \u201cqara q\u0131z\u0131l\u201d\u0131n qiym\u0259tind\u0259 daha k\u0259ksin azalmalar istisna edilmir. Bu is\u0259 OPEK-in son c\u0259hdl\u0259ri fonunda da neft \u00f6lk\u0259l\u0259rinin bazarda uy\u011fun qiym\u0259t tarazl\u0131\u011f\u0131 tapmas\u0131na imkan verm\u0259y\u0259c\u0259k. B\u00fct\u00f6vl\u00fckd\u0259, FES-in son q\u0259rar\u0131ndan sonra neftin qiym\u0259tl\u0259rinin nec\u0259 d\u0259yi\u015fm\u0259si birba\u015fa Amerikan\u0131n m\u00f6vqeyind\u0259n as\u0131l\u0131 olacaq. S\u00f6hb\u0259t is\u0259 sad\u0259c\u0259 AB\u015e-dan deyil, eyni zamanda, Kanadan\u0131n hasilat\u0131ndan gedir\u201d.\n<\/p>\n<p>\n  V\u00fcqar Bayramov deyir ki, FES g\u0259l\u0259n il d\u0259 u\u00e7ot stavkas\u0131n\u0131 art\u0131raca\u011f\u0131n\u0131 bildirib. Dem\u0259li, son q\u0259rar v\u0259 b\u0259yanatlar fonunda Az\u0259rbaycan M\u0259rk\u0259zi Bank\u0131n\u0131n liberal m\u0259z\u0259nn\u0259 siyas\u0259tin\u0259 ke\u00e7idi s\u00fcr\u0259tl\u0259ndir\u0259c\u0259yi g\u00f6zl\u0259nilir. Art\u0131q M\u0259rk\u0259zi Bank\u0131n manevr imkanlar\u0131 m\u0259hdudla\u015fmaqdad\u0131r v\u0259 bu bax\u0131mdan ba\u015f bank\u0131n meydan\u0131 valyuta bazar\u0131na t\u0259hvil ver\u0259c\u0259yi g\u00f6zl\u0259nil\u0259ndir:\n<\/p>\n<p>\n  \u201cBel\u0259c\u0259, FES-in u\u00e7ot stavkas\u0131n\u0131 art\u0131rmas\u0131 Az\u0259rbaycanda da dollara t\u0259l\u0259bi daha da art\u0131rmaqla manata t\u0259zyiqi g\u00fccl\u0259ndir\u0259c\u0259k. Dem\u0259li, ilin son ay\u0131 da M\u0259rk\u0259zi Bank \u00fc\u00e7\u00fcn he\u00e7 d\u0259 asan olmayacaq\u201d.<\/p>\n","protected":false},"excerpt":{"rendered":"<p>FED-in yeni q\u0259rar\u0131 Az\u0259rbaycana nec\u0259 t\u0259sir g\u00f6st\u0259r\u0259c\u0259k?<\/p>\n","protected":false},"author":11,"featured_media":71440,"comment_status":"closed","ping_status":"open","sticky":false,"template":"","format":"standard","meta":{"_acf_changed":false,"_sitemap_exclude":false,"_sitemap_priority":"","_sitemap_frequency":"","footnotes":""},"categories":[51],"tags":[],"class_list":["post-181239","post","type-post","status-publish","format-standard","has-post-thumbnail","hentry","category-analitika","infinite-scroll-item","generate-columns","tablet-grid-50","mobile-grid-100","grid-parent","grid-33","no-featured-image-padding"],"acf":[],"yoast_head":"<!-- This site is optimized with the Yoast SEO plugin v27.5 - https:\/\/yoast.com\/product\/yoast-seo-wordpress\/ -->\n<title>&#039;&#039;\u0130lin son ay\u0131 M\u0259rk\u0259zi Bank \u00fc\u00e7\u00fcn he\u00e7 d\u0259 asan olmayacaq&#039;&#039; - MEYDAN.TV<\/title>\n<meta name=\"robots\" content=\"index, follow, max-snippet:-1, max-image-preview:large, max-video-preview:-1\" \/>\n<link rel=\"canonical\" href=\"https:\/\/www.meydan.tv\/az\/article\/ilin-son-ayi-merkezi-bank-ucun-hec-de-asan-olmayacaq\/\" \/>\n<meta property=\"og:locale\" content=\"az_AZ\" \/>\n<meta property=\"og:type\" content=\"article\" \/>\n<meta property=\"og:title\" content=\"&#039;&#039;\u0130lin son ay\u0131 M\u0259rk\u0259zi Bank \u00fc\u00e7\u00fcn he\u00e7 d\u0259 asan olmayacaq&#039;&#039; - MEYDAN.TV\" \/>\n<meta property=\"og:description\" content=\"FED-in yeni q\u0259rar\u0131 Az\u0259rbaycana nec\u0259 t\u0259sir g\u00f6st\u0259r\u0259c\u0259k?\" \/>\n<meta property=\"og:url\" content=\"https:\/\/www.meydan.tv\/az\/article\/ilin-son-ayi-merkezi-bank-ucun-hec-de-asan-olmayacaq\/\" \/>\n<meta property=\"og:site_name\" content=\"MEYDAN.TV\" \/>\n<meta property=\"article:published_time\" content=\"2016-12-15T13:00:57+00:00\" \/>\n<meta property=\"og:image\" content=\"https:\/\/www.meydan.tv\/wp-content\/uploads\/27374.jpg\" \/>\n\t<meta property=\"og:image:width\" content=\"1124\" \/>\n\t<meta property=\"og:image:height\" content=\"750\" \/>\n\t<meta property=\"og:image:type\" content=\"image\/jpeg\" \/>\n<meta name=\"author\" content=\"user-manager\" \/>\n<meta name=\"twitter:card\" content=\"summary_large_image\" \/>\n<script type=\"application\/ld+json\" class=\"yoast-schema-graph\">{\"@context\":\"https:\\\/\\\/schema.org\",\"@graph\":[{\"@type\":\"Article\",\"@id\":\"https:\\\/\\\/www.meydan.tv\\\/az\\\/article\\\/ilin-son-ayi-merkezi-bank-ucun-hec-de-asan-olmayacaq\\\/#article\",\"isPartOf\":{\"@id\":\"https:\\\/\\\/www.meydan.tv\\\/az\\\/article\\\/ilin-son-ayi-merkezi-bank-ucun-hec-de-asan-olmayacaq\\\/\"},\"author\":{\"name\":\"user-manager\",\"@id\":\"https:\\\/\\\/www.meydan.tv\\\/az\\\/#\\\/schema\\\/person\\\/10d11eccf6da3662cf5fdab9806ea91a\"},\"headline\":\"&#8221;\u0130lin son ay\u0131 M\u0259rk\u0259zi Bank \u00fc\u00e7\u00fcn he\u00e7 d\u0259 asan olmayacaq&#8221;\",\"datePublished\":\"2016-12-15T13:00:57+00:00\",\"mainEntityOfPage\":{\"@id\":\"https:\\\/\\\/www.meydan.tv\\\/az\\\/article\\\/ilin-son-ayi-merkezi-bank-ucun-hec-de-asan-olmayacaq\\\/\"},\"wordCount\":780,\"publisher\":{\"@id\":\"https:\\\/\\\/www.meydan.tv\\\/az\\\/#organization\"},\"image\":{\"@id\":\"https:\\\/\\\/www.meydan.tv\\\/az\\\/article\\\/ilin-son-ayi-merkezi-bank-ucun-hec-de-asan-olmayacaq\\\/#primaryimage\"},\"thumbnailUrl\":\"https:\\\/\\\/www.meydan.tv\\\/wp-content\\\/uploads\\\/27374.jpg\",\"articleSection\":[\"Analitika\"],\"inLanguage\":\"az\"},{\"@type\":\"WebPage\",\"@id\":\"https:\\\/\\\/www.meydan.tv\\\/az\\\/article\\\/ilin-son-ayi-merkezi-bank-ucun-hec-de-asan-olmayacaq\\\/\",\"url\":\"https:\\\/\\\/www.meydan.tv\\\/az\\\/article\\\/ilin-son-ayi-merkezi-bank-ucun-hec-de-asan-olmayacaq\\\/\",\"name\":\"''\u0130lin son ay\u0131 M\u0259rk\u0259zi Bank \u00fc\u00e7\u00fcn he\u00e7 d\u0259 asan olmayacaq'' - MEYDAN.TV\",\"isPartOf\":{\"@id\":\"https:\\\/\\\/www.meydan.tv\\\/az\\\/#website\"},\"primaryImageOfPage\":{\"@id\":\"https:\\\/\\\/www.meydan.tv\\\/az\\\/article\\\/ilin-son-ayi-merkezi-bank-ucun-hec-de-asan-olmayacaq\\\/#primaryimage\"},\"image\":{\"@id\":\"https:\\\/\\\/www.meydan.tv\\\/az\\\/article\\\/ilin-son-ayi-merkezi-bank-ucun-hec-de-asan-olmayacaq\\\/#primaryimage\"},\"thumbnailUrl\":\"https:\\\/\\\/www.meydan.tv\\\/wp-content\\\/uploads\\\/27374.jpg\",\"datePublished\":\"2016-12-15T13:00:57+00:00\",\"breadcrumb\":{\"@id\":\"https:\\\/\\\/www.meydan.tv\\\/az\\\/article\\\/ilin-son-ayi-merkezi-bank-ucun-hec-de-asan-olmayacaq\\\/#breadcrumb\"},\"inLanguage\":\"az\",\"potentialAction\":[{\"@type\":\"ReadAction\",\"target\":[\"https:\\\/\\\/www.meydan.tv\\\/az\\\/article\\\/ilin-son-ayi-merkezi-bank-ucun-hec-de-asan-olmayacaq\\\/\"]}]},{\"@type\":\"ImageObject\",\"inLanguage\":\"az\",\"@id\":\"https:\\\/\\\/www.meydan.tv\\\/az\\\/article\\\/ilin-son-ayi-merkezi-bank-ucun-hec-de-asan-olmayacaq\\\/#primaryimage\",\"url\":\"https:\\\/\\\/www.meydan.tv\\\/wp-content\\\/uploads\\\/27374.jpg\",\"contentUrl\":\"https:\\\/\\\/www.meydan.tv\\\/wp-content\\\/uploads\\\/27374.jpg\",\"width\":1124,\"height\":750,\"caption\":\"Source:\"},{\"@type\":\"BreadcrumbList\",\"@id\":\"https:\\\/\\\/www.meydan.tv\\\/az\\\/article\\\/ilin-son-ayi-merkezi-bank-ucun-hec-de-asan-olmayacaq\\\/#breadcrumb\",\"itemListElement\":[{\"@type\":\"ListItem\",\"position\":1,\"name\":\"Ana s\u0259hif\u0259\",\"item\":\"https:\\\/\\\/www.meydan.tv\\\/az\\\/\"},{\"@type\":\"ListItem\",\"position\":2,\"name\":\"Analitika\",\"item\":\"https:\\\/\\\/www.meydan.tv\\\/az\\\/section\\\/analitika\\\/\"},{\"@type\":\"ListItem\",\"position\":3,\"name\":\"&#8221;\u0130lin son ay\u0131 M\u0259rk\u0259zi Bank \u00fc\u00e7\u00fcn he\u00e7 d\u0259 asan olmayacaq&#8221;\"}]},{\"@type\":\"WebSite\",\"@id\":\"https:\\\/\\\/www.meydan.tv\\\/az\\\/#website\",\"url\":\"https:\\\/\\\/www.meydan.tv\\\/az\\\/\",\"name\":\"MEYDAN.TV\",\"description\":\"Meydan TV Az\u0259rbaycan\u0131n media m\u0259kan\u0131ndak\u0131 alternativ s\u0259sidir\",\"publisher\":{\"@id\":\"https:\\\/\\\/www.meydan.tv\\\/az\\\/#organization\"},\"potentialAction\":[{\"@type\":\"SearchAction\",\"target\":{\"@type\":\"EntryPoint\",\"urlTemplate\":\"https:\\\/\\\/www.meydan.tv\\\/az\\\/?s={search_term_string}\"},\"query-input\":{\"@type\":\"PropertyValueSpecification\",\"valueRequired\":true,\"valueName\":\"search_term_string\"}}],\"inLanguage\":\"az\"},{\"@type\":\"Organization\",\"@id\":\"https:\\\/\\\/www.meydan.tv\\\/az\\\/#organization\",\"name\":\"Meydan TV\",\"url\":\"https:\\\/\\\/www.meydan.tv\\\/az\\\/\",\"logo\":{\"@type\":\"ImageObject\",\"inLanguage\":\"az\",\"@id\":\"https:\\\/\\\/www.meydan.tv\\\/az\\\/#\\\/schema\\\/logo\\\/image\\\/\",\"url\":\"https:\\\/\\\/www.meydan.tv\\\/wp-content\\\/uploads\\\/2021\\\/07\\\/meydan-logo.svg\",\"contentUrl\":\"https:\\\/\\\/www.meydan.tv\\\/wp-content\\\/uploads\\\/2021\\\/07\\\/meydan-logo.svg\",\"width\":195,\"height\":46,\"caption\":\"Meydan TV\"},\"image\":{\"@id\":\"https:\\\/\\\/www.meydan.tv\\\/az\\\/#\\\/schema\\\/logo\\\/image\\\/\"}},{\"@type\":\"Person\",\"@id\":\"https:\\\/\\\/www.meydan.tv\\\/az\\\/#\\\/schema\\\/person\\\/10d11eccf6da3662cf5fdab9806ea91a\",\"name\":\"user-manager\"}]}<\/script>\n<!-- \/ Yoast SEO plugin. -->","yoast_head_json":{"title":"''\u0130lin son ay\u0131 M\u0259rk\u0259zi Bank \u00fc\u00e7\u00fcn he\u00e7 d\u0259 asan olmayacaq'' - MEYDAN.TV","robots":{"index":"index","follow":"follow","max-snippet":"max-snippet:-1","max-image-preview":"max-image-preview:large","max-video-preview":"max-video-preview:-1"},"canonical":"https:\/\/www.meydan.tv\/az\/article\/ilin-son-ayi-merkezi-bank-ucun-hec-de-asan-olmayacaq\/","og_locale":"az_AZ","og_type":"article","og_title":"''\u0130lin son ay\u0131 M\u0259rk\u0259zi Bank \u00fc\u00e7\u00fcn he\u00e7 d\u0259 asan olmayacaq'' - MEYDAN.TV","og_description":"FED-in yeni q\u0259rar\u0131 Az\u0259rbaycana nec\u0259 t\u0259sir g\u00f6st\u0259r\u0259c\u0259k?","og_url":"https:\/\/www.meydan.tv\/az\/article\/ilin-son-ayi-merkezi-bank-ucun-hec-de-asan-olmayacaq\/","og_site_name":"MEYDAN.TV","article_published_time":"2016-12-15T13:00:57+00:00","og_image":[{"width":1124,"height":750,"url":"https:\/\/www.meydan.tv\/wp-content\/uploads\/27374.jpg","type":"image\/jpeg"}],"author":"user-manager","twitter_card":"summary_large_image","schema":{"@context":"https:\/\/schema.org","@graph":[{"@type":"Article","@id":"https:\/\/www.meydan.tv\/az\/article\/ilin-son-ayi-merkezi-bank-ucun-hec-de-asan-olmayacaq\/#article","isPartOf":{"@id":"https:\/\/www.meydan.tv\/az\/article\/ilin-son-ayi-merkezi-bank-ucun-hec-de-asan-olmayacaq\/"},"author":{"name":"user-manager","@id":"https:\/\/www.meydan.tv\/az\/#\/schema\/person\/10d11eccf6da3662cf5fdab9806ea91a"},"headline":"&#8221;\u0130lin son ay\u0131 M\u0259rk\u0259zi Bank \u00fc\u00e7\u00fcn he\u00e7 d\u0259 asan olmayacaq&#8221;","datePublished":"2016-12-15T13:00:57+00:00","mainEntityOfPage":{"@id":"https:\/\/www.meydan.tv\/az\/article\/ilin-son-ayi-merkezi-bank-ucun-hec-de-asan-olmayacaq\/"},"wordCount":780,"publisher":{"@id":"https:\/\/www.meydan.tv\/az\/#organization"},"image":{"@id":"https:\/\/www.meydan.tv\/az\/article\/ilin-son-ayi-merkezi-bank-ucun-hec-de-asan-olmayacaq\/#primaryimage"},"thumbnailUrl":"https:\/\/www.meydan.tv\/wp-content\/uploads\/27374.jpg","articleSection":["Analitika"],"inLanguage":"az"},{"@type":"WebPage","@id":"https:\/\/www.meydan.tv\/az\/article\/ilin-son-ayi-merkezi-bank-ucun-hec-de-asan-olmayacaq\/","url":"https:\/\/www.meydan.tv\/az\/article\/ilin-son-ayi-merkezi-bank-ucun-hec-de-asan-olmayacaq\/","name":"''\u0130lin son ay\u0131 M\u0259rk\u0259zi Bank \u00fc\u00e7\u00fcn he\u00e7 d\u0259 asan olmayacaq'' - MEYDAN.TV","isPartOf":{"@id":"https:\/\/www.meydan.tv\/az\/#website"},"primaryImageOfPage":{"@id":"https:\/\/www.meydan.tv\/az\/article\/ilin-son-ayi-merkezi-bank-ucun-hec-de-asan-olmayacaq\/#primaryimage"},"image":{"@id":"https:\/\/www.meydan.tv\/az\/article\/ilin-son-ayi-merkezi-bank-ucun-hec-de-asan-olmayacaq\/#primaryimage"},"thumbnailUrl":"https:\/\/www.meydan.tv\/wp-content\/uploads\/27374.jpg","datePublished":"2016-12-15T13:00:57+00:00","breadcrumb":{"@id":"https:\/\/www.meydan.tv\/az\/article\/ilin-son-ayi-merkezi-bank-ucun-hec-de-asan-olmayacaq\/#breadcrumb"},"inLanguage":"az","potentialAction":[{"@type":"ReadAction","target":["https:\/\/www.meydan.tv\/az\/article\/ilin-son-ayi-merkezi-bank-ucun-hec-de-asan-olmayacaq\/"]}]},{"@type":"ImageObject","inLanguage":"az","@id":"https:\/\/www.meydan.tv\/az\/article\/ilin-son-ayi-merkezi-bank-ucun-hec-de-asan-olmayacaq\/#primaryimage","url":"https:\/\/www.meydan.tv\/wp-content\/uploads\/27374.jpg","contentUrl":"https:\/\/www.meydan.tv\/wp-content\/uploads\/27374.jpg","width":1124,"height":750,"caption":"Source:"},{"@type":"BreadcrumbList","@id":"https:\/\/www.meydan.tv\/az\/article\/ilin-son-ayi-merkezi-bank-ucun-hec-de-asan-olmayacaq\/#breadcrumb","itemListElement":[{"@type":"ListItem","position":1,"name":"Ana s\u0259hif\u0259","item":"https:\/\/www.meydan.tv\/az\/"},{"@type":"ListItem","position":2,"name":"Analitika","item":"https:\/\/www.meydan.tv\/az\/section\/analitika\/"},{"@type":"ListItem","position":3,"name":"&#8221;\u0130lin son ay\u0131 M\u0259rk\u0259zi Bank \u00fc\u00e7\u00fcn he\u00e7 d\u0259 asan olmayacaq&#8221;"}]},{"@type":"WebSite","@id":"https:\/\/www.meydan.tv\/az\/#website","url":"https:\/\/www.meydan.tv\/az\/","name":"MEYDAN.TV","description":"Meydan TV Az\u0259rbaycan\u0131n media m\u0259kan\u0131ndak\u0131 alternativ s\u0259sidir","publisher":{"@id":"https:\/\/www.meydan.tv\/az\/#organization"},"potentialAction":[{"@type":"SearchAction","target":{"@type":"EntryPoint","urlTemplate":"https:\/\/www.meydan.tv\/az\/?s={search_term_string}"},"query-input":{"@type":"PropertyValueSpecification","valueRequired":true,"valueName":"search_term_string"}}],"inLanguage":"az"},{"@type":"Organization","@id":"https:\/\/www.meydan.tv\/az\/#organization","name":"Meydan TV","url":"https:\/\/www.meydan.tv\/az\/","logo":{"@type":"ImageObject","inLanguage":"az","@id":"https:\/\/www.meydan.tv\/az\/#\/schema\/logo\/image\/","url":"https:\/\/www.meydan.tv\/wp-content\/uploads\/2021\/07\/meydan-logo.svg","contentUrl":"https:\/\/www.meydan.tv\/wp-content\/uploads\/2021\/07\/meydan-logo.svg","width":195,"height":46,"caption":"Meydan TV"},"image":{"@id":"https:\/\/www.meydan.tv\/az\/#\/schema\/logo\/image\/"}},{"@type":"Person","@id":"https:\/\/www.meydan.tv\/az\/#\/schema\/person\/10d11eccf6da3662cf5fdab9806ea91a","name":"user-manager"}]}},"_links":{"self":[{"href":"https:\/\/www.meydan.tv\/az\/wp-json\/wp\/v2\/posts\/181239","targetHints":{"allow":["GET"]}}],"collection":[{"href":"https:\/\/www.meydan.tv\/az\/wp-json\/wp\/v2\/posts"}],"about":[{"href":"https:\/\/www.meydan.tv\/az\/wp-json\/wp\/v2\/types\/post"}],"author":[{"embeddable":true,"href":"https:\/\/www.meydan.tv\/az\/wp-json\/wp\/v2\/users\/11"}],"replies":[{"embeddable":true,"href":"https:\/\/www.meydan.tv\/az\/wp-json\/wp\/v2\/comments?post=181239"}],"version-history":[{"count":0,"href":"https:\/\/www.meydan.tv\/az\/wp-json\/wp\/v2\/posts\/181239\/revisions"}],"wp:featuredmedia":[{"embeddable":true,"href":"https:\/\/www.meydan.tv\/az\/wp-json\/wp\/v2\/media\/71440"}],"wp:attachment":[{"href":"https:\/\/www.meydan.tv\/az\/wp-json\/wp\/v2\/media?parent=181239"}],"wp:term":[{"taxonomy":"category","embeddable":true,"href":"https:\/\/www.meydan.tv\/az\/wp-json\/wp\/v2\/categories?post=181239"},{"taxonomy":"post_tag","embeddable":true,"href":"https:\/\/www.meydan.tv\/az\/wp-json\/wp\/v2\/tags?post=181239"}],"curies":[{"name":"wp","href":"https:\/\/api.w.org\/{rel}","templated":true}]}}