{"id":181236,"date":"2016-12-15T12:25:54","date_gmt":"2016-12-15T12:25:54","guid":{"rendered":"https:\/\/www.meydan.tv\/article\/netanyahu-azerbaycanda-rusiyani-da-herekete-getirdi\/"},"modified":"2016-12-15T12:25:54","modified_gmt":"2016-12-15T12:25:54","slug":"netanyahu-azerbaycanda-rusiyani-da-herekete-getirdi","status":"publish","type":"post","link":"https:\/\/www.meydan.tv\/az\/article\/netanyahu-azerbaycanda-rusiyani-da-herekete-getirdi\/","title":{"rendered":"Netanyahu Az\u0259rbaycanda Rusiyan\u0131 da h\u0259r\u0259k\u0259t\u0259 g\u0259tirdi"},"content":{"rendered":"<figure class=\"wp-block-image size-large\">\n  <img decoding=\"async\" src=\"https:\/\/www.meydan.tv\/az\/foto-azertag-3\/\" alt=\"foto Azertag\" class=\"wp-image-75409\"\/><figcaption>\n    foto Azertag<br \/>\n  <\/figcaption><\/figure>\n<figure class=\"wp-block-image size-large\">\n  <img decoding=\"async\" src=\"https:\/\/www.meydan.tv\/az\/foto-azertag-3\/\" alt=\"foto Azertag\" class=\"wp-image-75409\"\/><figcaption>\n    foto Azertag<br \/>\n  <\/figcaption><\/figure>\n<p>\n  \u0130srailin ba\u015f naziri Benyamin Netanyahunun Az\u0259rbaycana s\u0259f\u0259ri \u0130ran\u0131n siyasi v\u0259 dini dair\u0259l\u0259rind\u0259 a\u00e7\u0131q-a\u015fkar narahatl\u0131q yaratd\u0131. \u0130randan ba\u015fqa Rusiya da \u0130srail ba\u015f nazirinin Az\u0259rbaycana s\u0259f\u0259rini diqq\u0259tl\u0259 izl\u0259di. Do\u011frudur, \u0130randan f\u0259rqli olaraq Rusiyan\u0131n \u0130sraill\u0259 t\u0259r\u0259fda\u015fl\u0131q m\u00fcnasib\u0259tl\u0259ri var v\u0259 Netanyahu Bak\u0131ya g\u0259ldiyi kimi Moskvaya da s\u0259f\u0259rl\u0259r edib rusiyal\u0131 h\u0259mkar\u0131 il\u0259 geni\u015f dialoq apar\u0131r.\n<\/p>\n<p>\n  Buna baxmayaraq, Netanyahunun Bak\u0131da Az\u0259rbaycan prezidenti \u0130lham \u018fliyevl\u0259 m\u00fczakir\u0259 etdiyi iki m\u00f6vzu Kremli narahat etm\u0259y\u0259 bilm\u0259zdi.\n<\/p>\n<p>\n  Birinci m\u00f6vzu \u0130sraill\u0259 Az\u0259rbaycan aras\u0131nda artan h\u0259rbi \u0259m\u0259kda\u015fl\u0131qd\u0131r. \u0130lham \u018fliyev Benyamin Netanyahu il\u0259 g\u00f6r\u00fc\u015fd\u0259 ilk d\u0259f\u0259 \u0130sraill\u0259 h\u0259rbi \u0259m\u0259kda\u015fl\u0131\u011f\u0131n miqyas\u0131n\u0131 g\u00f6st\u0259r\u0259n r\u0259q\u0259mi a\u00e7\u0131qlad\u0131. \u0130ki \u00f6lk\u0259 aras\u0131nda 5 milyard dolarl\u0131q h\u0259rbi \u0259m\u0259kda\u015fl\u0131q sazi\u015fi q\u00fcvv\u0259d\u0259dir.\n<\/p>\n<p>\n  Rusiya Erm\u0259nistanda \u201c\u0130sg\u0259nd\u0259r\u201d raketl\u0259rini yerl\u0259\u015fdirdikd\u0259n sonra r\u0259smi Bak\u0131 t\u0259r\u0259fda\u015f \u00f6lk\u0259l\u0259r olan Pakistan v\u0259 \u0130sraill\u0259 h\u0259rbi \u0259m\u0259kda\u015fl\u0131\u011f\u0131 geni\u015fl\u0259ndirm\u0259k \u00fc\u00e7\u00fcn dan\u0131\u015f\u0131qlar\u0131 intensivl\u0259\u015fdirib. Az\u0259rbaycana \u201c\u0130sg\u0259nd\u0259r\u201d raketl\u0259rini neytralla\u015fd\u0131rma\u011fa imkan ver\u0259n qoruyucu m\u00fcdafi\u0259 sisteml\u0259rin\u0259 ehtiyac\u0131 yaran\u0131b v\u0259 r\u0259smi Bak\u0131 bu tip silahlar\u0131 ya Pakistandan, ya da \u0130sraild\u0259n ala bil\u0259r. H\u0259r iki d\u00f6vl\u0259t Az\u0259rbaycana yeni n\u00f6v h\u0259rbi texnika satmaqda maraql\u0131d\u0131r.<br \/>\n  <br \/>\n  Hadis\u0259l\u0259rin bu istiqam\u0259td\u0259 inki\u015faf\u0131 is\u0259 Moskvan\u0131 narahat etm\u0259y\u0259 bilm\u0259z.\n<\/p>\n<p>\n  <b><br \/>\n    <i><br \/>\n      Birincisi,<br \/>\n    <\/i><br \/>\n  <\/b><br \/>\n  Rusiya Az\u0259rbaycan\u0131n silah bazar\u0131n\u0131 \u00f6z\u00fc \u00fc\u00e7\u00fcn itir\u0259 bil\u0259r. M\u0259s\u0259l\u0259 buras\u0131ndad\u0131r ki, Az\u0259rbaycan t\u0259xmin\u0259n 5 milyard dollarl\u0131q silah v\u0259 h\u0259rbi texnikan\u0131 da Rusiyadan al\u0131b. Ancaq \u201c\u0130sg\u0259nd\u0259r\u201d raketl\u0259rinin Erm\u0259nistanda yerl\u0259\u015fdirilm\u0259si r\u0259smi Bak\u0131n\u0131 Rusiyadan naraz\u0131 sal\u0131b v\u0259 m\u00fcmk\u00fcnd\u00fcr ki, Az\u0259rbaycan Rusiyadan ala bil\u0259c\u0259yi h\u0259rbi texnikan\u0131 ba\u015fqa \u00f6lk\u0259l\u0259rd\u0259n als\u0131n.\n<\/p>\n<p>\n  <b><br \/>\n    <i><br \/>\n      \u0130kincisi,<br \/>\n    <\/i><br \/>\n  <\/b><br \/>\n  Rusiya Az\u0259rbaycan bazar\u0131n\u0131 itirm\u0259k ist\u0259mir. Ona g\u00f6r\u0259 d\u0259 Az\u0259rbaycan\u0131n \u0130sraild\u0259n ala bil\u0259c\u0259yi yeni modern h\u0259rbi texnika Kremli narahat etm\u0259y\u0259 bilm\u0259z. M\u0259s\u0259l\u0259n, Az\u0259rbaycan \u0130sraild\u0259n \u201c\u0130sg\u0259nd\u0259r\u201d raketl\u0259rini \u00fcst\u0259l\u0259y\u0259n m\u00fcdafi\u0259 kompleksi alsa, bu Rusiyan\u0131n h\u0259rbi-s\u0259naye kompleksinin n\u00fcfuzuna x\u0259l\u0259l g\u0259tir\u0259c\u0259k. \u00c7\u00fcnki \u201c\u0130sg\u0259nd\u0259r\u201d raketl\u0259rinin \u0130srailin \u00fcst\u00fcn m\u00fcdafi\u0259 kompleksind\u0259n geri qald\u0131\u011f\u0131 v\u0259 Az\u0259rbaycana t\u0259hl\u00fck\u0259 yaratmayaca\u011f\u0131 a\u015fkarlanacaq. Halbuki, Rusiya \u201c\u0130sg\u0259nd\u0259r\u201d raketl\u0259rini Erm\u0259nistana m\u0259hz ona g\u00f6r\u0259 verdi ki, b\u00f6lg\u0259d\u0259 h\u0259rbi balans\u0131n Az\u0259rbaycan\u0131n xeyrin\u0259 pozulmas\u0131n\u0131n qar\u015f\u0131s\u0131n\u0131 als\u0131n. \u0130ndi is\u0259 b\u0259lli olacaq ki, \u0259slind\u0259 Moskva bu add\u0131m\u0131 il\u0259 \u0259ks-n\u0259tic\u0259 il\u0259 \u00fczl\u0259\u015f\u0259c\u0259k. Erm\u0259nistana \u201c\u0130sg\u0259nd\u0259r\u201d raketl\u0259rinin verilm\u0259sinin Moskvan\u0131n strateji s\u0259hvi oldu\u011fu a\u015fkarlanacaq.\n<\/p>\n<p>\n  T\u0259sad\u00fcfi deyil ki, Benyamin Netanyahudan d\u0259rhal sonra Kreml \u00f6z emissar\u0131n\u0131 Bak\u0131ya g\u00f6nd\u0259rir. Rusiya ba\u015f nazirinin m\u00fcavini Dmitri Roqozin yax\u0131n g\u00fcnl\u0259rd\u0259 Bak\u0131ya s\u0259f\u0259r ed\u0259c\u0259k. Dmitri Roqozin Rusiya h\u00f6kum\u0259tind\u0259 h\u0259rbi-s\u0259naye kompleksin\u0259 m\u0259suldur. Roqozin bu v\u0259zif\u0259d\u0259 oldu\u011fu d\u00f6vrd\u0259 \u00f6lk\u0259sin\u0259 \u00e7ox xeyir verib, m\u0259hz onun s\u0259yl\u0259ri say\u0259sind\u0259 Rusiya m\u00fcxt\u0259lif \u00f6lk\u0259l\u0259r\u0259 on milyardlarla dolar d\u0259y\u0259rind\u0259 h\u0259rbi texnika sat\u0131b. Az\u0259rbaycan\u0131n Rusiyadan milyardlarla dollar d\u0259y\u0259rind\u0259 silah almas\u0131nda da Roqozinin xidm\u0259ti var. Roqozin az qala ilboyu bir ne\u00e7\u0259 d\u0259f\u0259 Bak\u0131ya g\u0259lir v\u0259 iki \u00f6lk\u0259 aras\u0131ndak\u0131 h\u0259rbi \u0259m\u0259kda\u015fl\u0131\u011f\u0131n inki\u015faf\u0131n\u0131 m\u00fczakir\u0259 edir. Ancaq Roqozinin Bak\u0131ya bud\u0259f\u0259ki s\u0259f\u0259ri f\u0259rqlidir. Onun Bak\u0131da \u0259sas\u0259n iki sual \u0259traf\u0131nda m\u00fczakir\u0259l\u0259r aparaca\u011f\u0131 \u015f\u0259ksizdir.\n<\/p>\n<p>\n  <b><br \/>\n    Birinci sual:Rusiya Erm\u0259nistanda yerl\u0259\u015fdirdiyi \u201c\u0130sg\u0259nd\u0259r\u201d raketl\u0259rini Az\u0259rbaycana satma\u011fa haz\u0131rd\u0131rm\u0131?<br \/>\n  <\/b>\n<\/p>\n<p>\n  <b><br \/>\n    \u0130kinci sual: R\u0259smi Bak\u0131 \u0130sraild\u0259n hans\u0131 silahlar almaq ist\u0259yir ki, onu Rusiya Az\u0259rbaycana sata bil\u0259r?<br \/>\n  <\/b>\n<\/p>\n<p>\n  \u018fg\u0259r birinci suala Roqozin cavab verm\u0259lidirs\u0259, ikinci sual r\u0259smi Bak\u0131ya \u00fcnvanlanacaq.\n<\/p>\n<p>\n  Dmitri Roqozin \u00f6lk\u0259sinin Az\u0259rbaycana daha \u00e7ox silah satmas\u0131n\u0131 ist\u0259yir v\u0259 bu zaman onu r\u0259smi \u0130r\u0259van\u0131n m\u00f6vqeyi maraqland\u0131rm\u0131r. R\u0259smi \u0130r\u0259van Rusiya-Az\u0259rbaycan h\u0259rbi \u0259m\u0259kda\u015fl\u0131\u011f\u0131ndan narahat olanda Roqozinin buna \u201ctwitter\u201d s\u0259hif\u0259sind\u0259n cavab\u0131 q\u0131sa olmu\u015fdu: \u201cDemaqogiya il\u0259 m\u0259\u015f\u011ful olmay\u0131n!\u201d. Ancaq \u201c\u0130sg\u0259nd\u0259r\u201d raketl\u0259rinin Az\u0259rbaycana sat\u0131lmas\u0131 yaln\u0131z Roqozind\u0259n as\u0131l\u0131 olan m\u0259s\u0259l\u0259 deyil. Bununla ba\u011fl\u0131 Rusiya hakimiyy\u0259tinin kollektiv q\u0259rar\u0131na ehtiyac var. Rusiyan\u0131n iki variant\u0131 var. Birinci variantda Rusiya Az\u0259rbaycana \u201c\u0130sg\u0259nd\u0259r\u201d raketl\u0259rini satm\u0131r v\u0259 r\u0259smi Bak\u0131 bu tip raketl\u0259ri ba\u015fqa \u00f6lk\u0259l\u0259rd\u0259n al\u0131r v\u0259 g\u0259lir d\u0259 h\u0259min \u00f6lk\u0259r\u0259 \u00e7at\u0131r. \u0130kinci variantda Rusiya \u201c\u0130sg\u0259nd\u0259r\u201d raketl\u0259rini Az\u0259rbaycana sat\u0131r v\u0259 Az\u0259rbaycan\u0131n h\u0259rbi bazar\u0131nda m\u00f6vqel\u0259rini yenid\u0259n m\u00f6hk\u0259ml\u0259ndirir. M\u0259ntiql\u0259 Moskva ikinci varianta \u00fcst\u00fcnl\u00fck verm\u0259lidir. Ancaq bu halda Rusiya h\u0259rbi-strateji m\u00fctt\u0259fiqi Erm\u0259nistan\u0131 naraz\u0131 salmal\u0131d\u0131r. Rusiya buna haz\u0131rd\u0131rm\u0131? Bu sual\u0131n cavab\u0131 yax\u0131n g\u00fcnl\u0259rd\u0259 b\u0259lli olacaq. \u00c7\u00fcnki r\u0259smi Bak\u0131 Rusiyan\u0131n Az\u0259rbaycana \u201c\u0130sg\u0259nd\u0259r\u201d raketl\u0259rini sat\u0131b-satmamas\u0131yla ba\u011fl\u0131 cavab\u0131n\u0131 \u00e7ox g\u00f6zl\u0259m\u0259y\u0259c\u0259k.\n<\/p>\n<p>\n  Kremli Netanyahunun Bak\u0131da m\u00fczakir\u0259 etdiyi ikinci m\u00f6vzu da narahat etm\u0259mi\u015f deyil. Netanyahu Bak\u0131da dedi ki, \u0130srail \u00f6z qaz\u0131n\u0131 Az\u0259rbaycanla T\u00fcrkiy\u0259 aras\u0131nda tikil\u0259n boru x\u0259tl\u0259ri \u00fcz\u0259rind\u0259n Avropaya da\u015f\u0131maq ist\u0259yir. \u018fg\u0259r bu realla\u015farsa, TAP v\u0259 TANAP boru x\u0259tl\u0259ri Rusiyan\u0131n in\u015fas\u0131na ba\u015flama\u011fa haz\u0131rla\u015fd\u0131\u011f\u0131 \u201cT\u00fcrk ax\u0131n\u0131\u201dna ciddi alternativ olacaq. Onsuz da Q\u0259rb \u00f6lk\u0259l\u0259ri Rusiyan\u0131n qaz as\u0131l\u0131l\u0131\u011f\u0131n\u0131 azaltmaq \u00fc\u00e7\u00fcn Az\u0259rbaycan qaz\u0131na \u00fcst\u00fcnl\u00fck verirl\u0259r. Ancaq Az\u0259rbaycan\u0131n qaz rezervl\u0259ri azd\u0131r, Rusiya qaz\u0131na real alternativ deyil. Buna baxmayaraq, \u0259g\u0259r \u0130srail z\u0259ngin qaz yataqlar\u0131n\u0131 da TAP v\u0259 TANAP-a istiqam\u0259tl\u0259ndir\u0259rs\u0259, Az\u0259rbaycanla T\u00fcrkiy\u0259nin birg\u0259 in\u015fa etdikl\u0259ri boru x\u0259tl\u0259ri kifay\u0259t q\u0259d\u0259r qazla doldurulacaq.\n<\/p>\n<p>\n  Kreml X\u0259z\u0259rin dibi il\u0259 boru x\u0259ttinin in\u015fas\u0131na v\u0259 T\u00fcrkm\u0259nistan qaz\u0131n\u0131n bu boru x\u0259tti il\u0259 Az\u0259rbaycan v\u0259 T\u00fcrkiy\u0259 \u00fcz\u0259rind\u0259n Avropaya n\u0259qlin\u0259 mane oldu. Ancaq \u0130srail qaz\u0131n\u0131n Az\u0259rbaycan v\u0259 T\u00fcrkiy\u0259 \u00fcz\u0259rind\u0259n Avropa bazar\u0131na \u00e7atd\u0131r\u0131lmas\u0131na mane olmaq Rusiyan\u0131n imkan\u0131 xaricind\u0259dir.\n<\/p>\n<p>\n  <b><br \/>\n    <i><br \/>\n      \u201cAtlas\u201d Ara\u015fd\u0131rmalar M\u0259rk\u0259zi<br \/>\n    <\/i><br \/>\n  <\/b><\/p>\n","protected":false},"excerpt":{"rendered":"<p>foto Azertag foto Azertag \u0130srailin ba\u015f naziri Benyamin Netanyahunun Az\u0259rbaycana &#8230; <\/p>\n<p class=\"read-more-container\"><a title=\"Netanyahu Az\u0259rbaycanda Rusiyan\u0131 da h\u0259r\u0259k\u0259t\u0259 g\u0259tirdi\" class=\"read-more button\" href=\"https:\/\/www.meydan.tv\/az\/article\/netanyahu-azerbaycanda-rusiyani-da-herekete-getirdi\/#more-181236\" aria-label=\"Read more about Netanyahu Az\u0259rbaycanda Rusiyan\u0131 da h\u0259r\u0259k\u0259t\u0259 g\u0259tirdi\">Davam\u0131<\/a><\/p>\n","protected":false},"author":11,"featured_media":75409,"comment_status":"closed","ping_status":"open","sticky":false,"template":"","format":"standard","meta":{"_acf_changed":false,"_sitemap_exclude":false,"_sitemap_priority":"","_sitemap_frequency":"","footnotes":""},"categories":[51],"tags":[],"class_list":["post-181236","post","type-post","status-publish","format-standard","has-post-thumbnail","hentry","category-analitika","infinite-scroll-item","generate-columns","tablet-grid-50","mobile-grid-100","grid-parent","grid-33","no-featured-image-padding"],"acf":[],"yoast_head":"<!-- This site is optimized with the Yoast SEO plugin v27.5 - https:\/\/yoast.com\/product\/yoast-seo-wordpress\/ -->\n<title>Netanyahu Az\u0259rbaycanda Rusiyan\u0131 da h\u0259r\u0259k\u0259t\u0259 g\u0259tirdi - MEYDAN.TV<\/title>\n<meta name=\"robots\" content=\"index, follow, max-snippet:-1, max-image-preview:large, max-video-preview:-1\" \/>\n<link rel=\"canonical\" href=\"https:\/\/www.meydan.tv\/az\/article\/netanyahu-azerbaycanda-rusiyani-da-herekete-getirdi\/\" \/>\n<meta property=\"og:locale\" content=\"az_AZ\" \/>\n<meta property=\"og:type\" content=\"article\" \/>\n<meta property=\"og:title\" content=\"Netanyahu Az\u0259rbaycanda Rusiyan\u0131 da h\u0259r\u0259k\u0259t\u0259 g\u0259tirdi - MEYDAN.TV\" \/>\n<meta property=\"og:description\" content=\"foto Azertag foto Azertag \u0130srailin ba\u015f naziri Benyamin Netanyahunun Az\u0259rbaycana ... Davam\u0131\" \/>\n<meta property=\"og:url\" content=\"https:\/\/www.meydan.tv\/az\/article\/netanyahu-azerbaycanda-rusiyani-da-herekete-getirdi\/\" \/>\n<meta property=\"og:site_name\" content=\"MEYDAN.TV\" \/>\n<meta property=\"article:published_time\" content=\"2016-12-15T12:25:54+00:00\" \/>\n<meta property=\"og:image\" content=\"https:\/\/www.meydan.tv\/wp-content\/uploads\/29185.jpg\" \/>\n\t<meta property=\"og:image:width\" content=\"654\" \/>\n\t<meta property=\"og:image:height\" content=\"327\" \/>\n\t<meta property=\"og:image:type\" content=\"image\/jpeg\" \/>\n<meta name=\"author\" content=\"user-manager\" \/>\n<meta name=\"twitter:card\" content=\"summary_large_image\" \/>\n<script type=\"application\/ld+json\" class=\"yoast-schema-graph\">{\"@context\":\"https:\\\/\\\/schema.org\",\"@graph\":[{\"@type\":\"Article\",\"@id\":\"https:\\\/\\\/www.meydan.tv\\\/az\\\/article\\\/netanyahu-azerbaycanda-rusiyani-da-herekete-getirdi\\\/#article\",\"isPartOf\":{\"@id\":\"https:\\\/\\\/www.meydan.tv\\\/az\\\/article\\\/netanyahu-azerbaycanda-rusiyani-da-herekete-getirdi\\\/\"},\"author\":{\"name\":\"user-manager\",\"@id\":\"https:\\\/\\\/www.meydan.tv\\\/az\\\/#\\\/schema\\\/person\\\/10d11eccf6da3662cf5fdab9806ea91a\"},\"headline\":\"Netanyahu Az\u0259rbaycanda Rusiyan\u0131 da h\u0259r\u0259k\u0259t\u0259 g\u0259tirdi\",\"datePublished\":\"2016-12-15T12:25:54+00:00\",\"mainEntityOfPage\":{\"@id\":\"https:\\\/\\\/www.meydan.tv\\\/az\\\/article\\\/netanyahu-azerbaycanda-rusiyani-da-herekete-getirdi\\\/\"},\"wordCount\":1215,\"publisher\":{\"@id\":\"https:\\\/\\\/www.meydan.tv\\\/az\\\/#organization\"},\"image\":{\"@id\":\"https:\\\/\\\/www.meydan.tv\\\/az\\\/article\\\/netanyahu-azerbaycanda-rusiyani-da-herekete-getirdi\\\/#primaryimage\"},\"thumbnailUrl\":\"https:\\\/\\\/www.meydan.tv\\\/wp-content\\\/uploads\\\/29185.jpg\",\"articleSection\":[\"Analitika\"],\"inLanguage\":\"az\"},{\"@type\":\"WebPage\",\"@id\":\"https:\\\/\\\/www.meydan.tv\\\/az\\\/article\\\/netanyahu-azerbaycanda-rusiyani-da-herekete-getirdi\\\/\",\"url\":\"https:\\\/\\\/www.meydan.tv\\\/az\\\/article\\\/netanyahu-azerbaycanda-rusiyani-da-herekete-getirdi\\\/\",\"name\":\"Netanyahu Az\u0259rbaycanda Rusiyan\u0131 da h\u0259r\u0259k\u0259t\u0259 g\u0259tirdi - MEYDAN.TV\",\"isPartOf\":{\"@id\":\"https:\\\/\\\/www.meydan.tv\\\/az\\\/#website\"},\"primaryImageOfPage\":{\"@id\":\"https:\\\/\\\/www.meydan.tv\\\/az\\\/article\\\/netanyahu-azerbaycanda-rusiyani-da-herekete-getirdi\\\/#primaryimage\"},\"image\":{\"@id\":\"https:\\\/\\\/www.meydan.tv\\\/az\\\/article\\\/netanyahu-azerbaycanda-rusiyani-da-herekete-getirdi\\\/#primaryimage\"},\"thumbnailUrl\":\"https:\\\/\\\/www.meydan.tv\\\/wp-content\\\/uploads\\\/29185.jpg\",\"datePublished\":\"2016-12-15T12:25:54+00:00\",\"breadcrumb\":{\"@id\":\"https:\\\/\\\/www.meydan.tv\\\/az\\\/article\\\/netanyahu-azerbaycanda-rusiyani-da-herekete-getirdi\\\/#breadcrumb\"},\"inLanguage\":\"az\",\"potentialAction\":[{\"@type\":\"ReadAction\",\"target\":[\"https:\\\/\\\/www.meydan.tv\\\/az\\\/article\\\/netanyahu-azerbaycanda-rusiyani-da-herekete-getirdi\\\/\"]}]},{\"@type\":\"ImageObject\",\"inLanguage\":\"az\",\"@id\":\"https:\\\/\\\/www.meydan.tv\\\/az\\\/article\\\/netanyahu-azerbaycanda-rusiyani-da-herekete-getirdi\\\/#primaryimage\",\"url\":\"https:\\\/\\\/www.meydan.tv\\\/wp-content\\\/uploads\\\/29185.jpg\",\"contentUrl\":\"https:\\\/\\\/www.meydan.tv\\\/wp-content\\\/uploads\\\/29185.jpg\",\"width\":654,\"height\":327,\"caption\":\"Source:\"},{\"@type\":\"BreadcrumbList\",\"@id\":\"https:\\\/\\\/www.meydan.tv\\\/az\\\/article\\\/netanyahu-azerbaycanda-rusiyani-da-herekete-getirdi\\\/#breadcrumb\",\"itemListElement\":[{\"@type\":\"ListItem\",\"position\":1,\"name\":\"Ana s\u0259hif\u0259\",\"item\":\"https:\\\/\\\/www.meydan.tv\\\/az\\\/\"},{\"@type\":\"ListItem\",\"position\":2,\"name\":\"Analitika\",\"item\":\"https:\\\/\\\/www.meydan.tv\\\/az\\\/section\\\/analitika\\\/\"},{\"@type\":\"ListItem\",\"position\":3,\"name\":\"Netanyahu Az\u0259rbaycanda Rusiyan\u0131 da h\u0259r\u0259k\u0259t\u0259 g\u0259tirdi\"}]},{\"@type\":\"WebSite\",\"@id\":\"https:\\\/\\\/www.meydan.tv\\\/az\\\/#website\",\"url\":\"https:\\\/\\\/www.meydan.tv\\\/az\\\/\",\"name\":\"MEYDAN.TV\",\"description\":\"Meydan TV Az\u0259rbaycan\u0131n media m\u0259kan\u0131ndak\u0131 alternativ s\u0259sidir\",\"publisher\":{\"@id\":\"https:\\\/\\\/www.meydan.tv\\\/az\\\/#organization\"},\"potentialAction\":[{\"@type\":\"SearchAction\",\"target\":{\"@type\":\"EntryPoint\",\"urlTemplate\":\"https:\\\/\\\/www.meydan.tv\\\/az\\\/?s={search_term_string}\"},\"query-input\":{\"@type\":\"PropertyValueSpecification\",\"valueRequired\":true,\"valueName\":\"search_term_string\"}}],\"inLanguage\":\"az\"},{\"@type\":\"Organization\",\"@id\":\"https:\\\/\\\/www.meydan.tv\\\/az\\\/#organization\",\"name\":\"Meydan TV\",\"url\":\"https:\\\/\\\/www.meydan.tv\\\/az\\\/\",\"logo\":{\"@type\":\"ImageObject\",\"inLanguage\":\"az\",\"@id\":\"https:\\\/\\\/www.meydan.tv\\\/az\\\/#\\\/schema\\\/logo\\\/image\\\/\",\"url\":\"https:\\\/\\\/www.meydan.tv\\\/wp-content\\\/uploads\\\/2021\\\/07\\\/meydan-logo.svg\",\"contentUrl\":\"https:\\\/\\\/www.meydan.tv\\\/wp-content\\\/uploads\\\/2021\\\/07\\\/meydan-logo.svg\",\"width\":195,\"height\":46,\"caption\":\"Meydan TV\"},\"image\":{\"@id\":\"https:\\\/\\\/www.meydan.tv\\\/az\\\/#\\\/schema\\\/logo\\\/image\\\/\"}},{\"@type\":\"Person\",\"@id\":\"https:\\\/\\\/www.meydan.tv\\\/az\\\/#\\\/schema\\\/person\\\/10d11eccf6da3662cf5fdab9806ea91a\",\"name\":\"user-manager\"}]}<\/script>\n<!-- \/ Yoast SEO plugin. -->","yoast_head_json":{"title":"Netanyahu Az\u0259rbaycanda Rusiyan\u0131 da h\u0259r\u0259k\u0259t\u0259 g\u0259tirdi - MEYDAN.TV","robots":{"index":"index","follow":"follow","max-snippet":"max-snippet:-1","max-image-preview":"max-image-preview:large","max-video-preview":"max-video-preview:-1"},"canonical":"https:\/\/www.meydan.tv\/az\/article\/netanyahu-azerbaycanda-rusiyani-da-herekete-getirdi\/","og_locale":"az_AZ","og_type":"article","og_title":"Netanyahu Az\u0259rbaycanda Rusiyan\u0131 da h\u0259r\u0259k\u0259t\u0259 g\u0259tirdi - MEYDAN.TV","og_description":"foto Azertag foto Azertag \u0130srailin ba\u015f naziri Benyamin Netanyahunun Az\u0259rbaycana ... Davam\u0131","og_url":"https:\/\/www.meydan.tv\/az\/article\/netanyahu-azerbaycanda-rusiyani-da-herekete-getirdi\/","og_site_name":"MEYDAN.TV","article_published_time":"2016-12-15T12:25:54+00:00","og_image":[{"width":654,"height":327,"url":"https:\/\/www.meydan.tv\/wp-content\/uploads\/29185.jpg","type":"image\/jpeg"}],"author":"user-manager","twitter_card":"summary_large_image","schema":{"@context":"https:\/\/schema.org","@graph":[{"@type":"Article","@id":"https:\/\/www.meydan.tv\/az\/article\/netanyahu-azerbaycanda-rusiyani-da-herekete-getirdi\/#article","isPartOf":{"@id":"https:\/\/www.meydan.tv\/az\/article\/netanyahu-azerbaycanda-rusiyani-da-herekete-getirdi\/"},"author":{"name":"user-manager","@id":"https:\/\/www.meydan.tv\/az\/#\/schema\/person\/10d11eccf6da3662cf5fdab9806ea91a"},"headline":"Netanyahu Az\u0259rbaycanda Rusiyan\u0131 da h\u0259r\u0259k\u0259t\u0259 g\u0259tirdi","datePublished":"2016-12-15T12:25:54+00:00","mainEntityOfPage":{"@id":"https:\/\/www.meydan.tv\/az\/article\/netanyahu-azerbaycanda-rusiyani-da-herekete-getirdi\/"},"wordCount":1215,"publisher":{"@id":"https:\/\/www.meydan.tv\/az\/#organization"},"image":{"@id":"https:\/\/www.meydan.tv\/az\/article\/netanyahu-azerbaycanda-rusiyani-da-herekete-getirdi\/#primaryimage"},"thumbnailUrl":"https:\/\/www.meydan.tv\/wp-content\/uploads\/29185.jpg","articleSection":["Analitika"],"inLanguage":"az"},{"@type":"WebPage","@id":"https:\/\/www.meydan.tv\/az\/article\/netanyahu-azerbaycanda-rusiyani-da-herekete-getirdi\/","url":"https:\/\/www.meydan.tv\/az\/article\/netanyahu-azerbaycanda-rusiyani-da-herekete-getirdi\/","name":"Netanyahu Az\u0259rbaycanda Rusiyan\u0131 da h\u0259r\u0259k\u0259t\u0259 g\u0259tirdi - MEYDAN.TV","isPartOf":{"@id":"https:\/\/www.meydan.tv\/az\/#website"},"primaryImageOfPage":{"@id":"https:\/\/www.meydan.tv\/az\/article\/netanyahu-azerbaycanda-rusiyani-da-herekete-getirdi\/#primaryimage"},"image":{"@id":"https:\/\/www.meydan.tv\/az\/article\/netanyahu-azerbaycanda-rusiyani-da-herekete-getirdi\/#primaryimage"},"thumbnailUrl":"https:\/\/www.meydan.tv\/wp-content\/uploads\/29185.jpg","datePublished":"2016-12-15T12:25:54+00:00","breadcrumb":{"@id":"https:\/\/www.meydan.tv\/az\/article\/netanyahu-azerbaycanda-rusiyani-da-herekete-getirdi\/#breadcrumb"},"inLanguage":"az","potentialAction":[{"@type":"ReadAction","target":["https:\/\/www.meydan.tv\/az\/article\/netanyahu-azerbaycanda-rusiyani-da-herekete-getirdi\/"]}]},{"@type":"ImageObject","inLanguage":"az","@id":"https:\/\/www.meydan.tv\/az\/article\/netanyahu-azerbaycanda-rusiyani-da-herekete-getirdi\/#primaryimage","url":"https:\/\/www.meydan.tv\/wp-content\/uploads\/29185.jpg","contentUrl":"https:\/\/www.meydan.tv\/wp-content\/uploads\/29185.jpg","width":654,"height":327,"caption":"Source:"},{"@type":"BreadcrumbList","@id":"https:\/\/www.meydan.tv\/az\/article\/netanyahu-azerbaycanda-rusiyani-da-herekete-getirdi\/#breadcrumb","itemListElement":[{"@type":"ListItem","position":1,"name":"Ana s\u0259hif\u0259","item":"https:\/\/www.meydan.tv\/az\/"},{"@type":"ListItem","position":2,"name":"Analitika","item":"https:\/\/www.meydan.tv\/az\/section\/analitika\/"},{"@type":"ListItem","position":3,"name":"Netanyahu Az\u0259rbaycanda Rusiyan\u0131 da h\u0259r\u0259k\u0259t\u0259 g\u0259tirdi"}]},{"@type":"WebSite","@id":"https:\/\/www.meydan.tv\/az\/#website","url":"https:\/\/www.meydan.tv\/az\/","name":"MEYDAN.TV","description":"Meydan TV Az\u0259rbaycan\u0131n media m\u0259kan\u0131ndak\u0131 alternativ s\u0259sidir","publisher":{"@id":"https:\/\/www.meydan.tv\/az\/#organization"},"potentialAction":[{"@type":"SearchAction","target":{"@type":"EntryPoint","urlTemplate":"https:\/\/www.meydan.tv\/az\/?s={search_term_string}"},"query-input":{"@type":"PropertyValueSpecification","valueRequired":true,"valueName":"search_term_string"}}],"inLanguage":"az"},{"@type":"Organization","@id":"https:\/\/www.meydan.tv\/az\/#organization","name":"Meydan TV","url":"https:\/\/www.meydan.tv\/az\/","logo":{"@type":"ImageObject","inLanguage":"az","@id":"https:\/\/www.meydan.tv\/az\/#\/schema\/logo\/image\/","url":"https:\/\/www.meydan.tv\/wp-content\/uploads\/2021\/07\/meydan-logo.svg","contentUrl":"https:\/\/www.meydan.tv\/wp-content\/uploads\/2021\/07\/meydan-logo.svg","width":195,"height":46,"caption":"Meydan TV"},"image":{"@id":"https:\/\/www.meydan.tv\/az\/#\/schema\/logo\/image\/"}},{"@type":"Person","@id":"https:\/\/www.meydan.tv\/az\/#\/schema\/person\/10d11eccf6da3662cf5fdab9806ea91a","name":"user-manager"}]}},"_links":{"self":[{"href":"https:\/\/www.meydan.tv\/az\/wp-json\/wp\/v2\/posts\/181236","targetHints":{"allow":["GET"]}}],"collection":[{"href":"https:\/\/www.meydan.tv\/az\/wp-json\/wp\/v2\/posts"}],"about":[{"href":"https:\/\/www.meydan.tv\/az\/wp-json\/wp\/v2\/types\/post"}],"author":[{"embeddable":true,"href":"https:\/\/www.meydan.tv\/az\/wp-json\/wp\/v2\/users\/11"}],"replies":[{"embeddable":true,"href":"https:\/\/www.meydan.tv\/az\/wp-json\/wp\/v2\/comments?post=181236"}],"version-history":[{"count":0,"href":"https:\/\/www.meydan.tv\/az\/wp-json\/wp\/v2\/posts\/181236\/revisions"}],"wp:featuredmedia":[{"embeddable":true,"href":"https:\/\/www.meydan.tv\/az\/wp-json\/wp\/v2\/media\/75409"}],"wp:attachment":[{"href":"https:\/\/www.meydan.tv\/az\/wp-json\/wp\/v2\/media?parent=181236"}],"wp:term":[{"taxonomy":"category","embeddable":true,"href":"https:\/\/www.meydan.tv\/az\/wp-json\/wp\/v2\/categories?post=181236"},{"taxonomy":"post_tag","embeddable":true,"href":"https:\/\/www.meydan.tv\/az\/wp-json\/wp\/v2\/tags?post=181236"}],"curies":[{"name":"wp","href":"https:\/\/api.w.org\/{rel}","templated":true}]}}