{"id":181226,"date":"2016-12-14T19:04:07","date_gmt":"2016-12-14T19:04:07","guid":{"rendered":"https:\/\/www.meydan.tv\/article\/qiyas-ve-bayram-fenomeni\/"},"modified":"2016-12-14T19:04:07","modified_gmt":"2016-12-14T19:04:07","slug":"qiyas-ve-bayram-fenomeni","status":"publish","type":"post","link":"https:\/\/www.meydan.tv\/az\/article\/qiyas-ve-bayram-fenomeni\/","title":{"rendered":"Qiyas v\u0259 Bayram fenomeni"},"content":{"rendered":"<figure class=\"wp-block-image size-large\">\n  <img decoding=\"async\" src=\"https:\/\/www.meydan.tv\/az\/foto-meydan-tv-63\/\" alt=\"foto Meydan TV\" class=\"wp-image-75412\"\/><figcaption>\n    foto Meydan TV<br \/>\n  <\/figcaption><\/figure>\n<p>\n  2016-c\u0131 ilin 25 oktyabr tarixind\u0259 Bak\u0131 A\u011f\u0131r Cinay\u0259tl\u0259r M\u0259hk\u0259m\u0259sind\u0259 ke\u00e7iril\u0259n m\u0259hk\u0259m\u0259d\u0259 Qiyas \u0130brahimova 10 il, 8 dekabr tarixind\u0259 is\u0259 Bayram M\u0259mm\u0259dova 10 il azadl\u0131qdan m\u0259hrumetm\u0259 c\u0259zas\u0131 k\u0259silib. \u00d6m\u00fcrl\u0259rinin \u0259n g\u00f6z\u0259l d\u00f6vrl\u0259rini ya\u015fayan bu iki \u015f\u0259xs Heyd\u0259r \u018fliyevin b\u00fcst\u00fcn\u00fcn \u00fcst\u00fcn\u0259 \u201cQul bayram\u0131n\u0131z m\u00fcbar\u0259k\u201d yaz\u0131s\u0131n\u0131 yazaraq, \u0259halinin a\u011f\u0131r iqtisadi \u015f\u0259rtl\u0259r alt\u0131nda ya\u015fad\u0131\u011f\u0131 bir anda 10 may tarixind\u0259 ke\u00e7irilmi\u015f v\u0259 h\u00f6kum\u0259t\u0259 milyonlarla manata ba\u015fa g\u0259l\u0259n \u201cG\u00fcl bayram\u0131na\u201d etiraz etmi\u015fdil\u0259r. M\u0259lumat \u00fc\u00e7\u00fcn qeyd edim ki, Az\u0259rbaycan Respublikas\u0131n\u0131n Cinay\u0259t M\u0259c\u0259ll\u0259sin\u0259 \u0259sas\u0259n, 10 il yaln\u0131z a\u011f\u0131r cinay\u0259t t\u00f6r\u0259d\u0259n \u015f\u0259xs\u0259 verilir. M\u0259s\u0259l\u0259y\u0259 d\u0259 H.\u018fliyevin b\u00fcst\u00fcn\u00fcn yaz\u0131lmas\u0131na h\u00f6kum\u0259t t\u0259r\u0259find\u0259n \u201ca\u011f\u0131r\u201d say\u0131lan cinay\u0259t m\u00fcst\u0259visind\u0259n baxaq.<\/p>\n<p>  SSR-i da\u011f\u0131landan sonra n\u0259 M\u00fct\u0259llimov hakimiyy\u0259ti v\u0259 n\u0259 d\u0259 El\u00e7ib\u0259y h\u00f6kum\u0259ti g\u00fccl\u00fc siyasi ideologiya yarad\u0131b xalq\u0131 \u0259traf\u0131na toplaya bilm\u0259dil\u0259r. H\u0259r iki h\u00f6kum\u0259tin bu missiyan\u0131 yerin\u0259 yetirm\u0259y\u0259 zaman\u0131 olmad\u0131. Lakin \u018fliyev h\u00f6kum\u0259ti SSR-i da\u011f\u0131landan sonra yaranm\u0131\u015f ideoloji bo\u015flu\u011fu m\u0259hz Heyd\u0259r \u018fliyevin ad\u0131 il\u0259 doldurma\u011fa \u00e7al\u0131\u015fd\u0131 v\u0259 hal-haz\u0131rda da bu sah\u0259d\u0259 ciddi i\u015fl\u0259r apar\u0131l\u0131r. B\u0259s ideologiyan\u0131n bir siyasi rejim \u00fc\u00e7\u00fcn \u0259h\u0259miyy\u0259ti n\u0259d\u0259n ibar\u0259tdir? Bu suala Amerikan m\u00fc\u0259llifi Alex Roberto Hybel \u00f6z\u00fcn\u00fcn \u201c\u0130deologiyan\u0131n g\u00fcc\u00fc: Roma imperiyas\u0131ndan \u018fl-Qaid\u0259y\u0259 q\u0259d\u0259r\u201d adl\u0131 kitab\u0131nda geni\u015f \u015f\u0259kild\u0259 cavab ver\u0259r\u0259k qeyd edir ki, ideologiya d\u00f6vl\u0259tl\u0259r\u0259 v\u0259 ya siyasi t\u0259\u015fkilatlara geni\u015f k\u00fctl\u0259ni idar\u0259 etm\u0259k, insanlar aras\u0131nda vahid d\u00fc\u015f\u00fcnc\u0259ni formala\u015fd\u0131rmaq v\u0259 eyni zamanda f\u0259rqli ideologiyalar\u0131 assimlyasiya etm\u0259k imkan\u0131 verir. M\u00fc\u0259llifin fikrin\u0259 g\u00f6r\u0259, ideologiya, \u0259sas\u0259n, (m\u00fcxalif) siyasi d\u00fc\u015f\u0259rg\u0259nin da\u011f\u0131d\u0131lmas\u0131 v\u0259 eyni ideologiya t\u0259r\u0259fdarlar\u0131n\u0131n m\u00fcdafi\u0259si v\u0259 onlar\u0131n say\u0131n\u0131n \u00e7oxald\u0131lmas\u0131 \u00fc\u00e7\u00fcn geni\u015f istifad\u0259 edilir.<\/p>\n<p>  \u018fliyev rejimi v\u0259 \u0259sas\u0259n d\u0259 YAP h\u00f6kum\u0259ti t\u0259r\u0259find\u0259n \u201cheyd\u0259rizm\u201d ideologiyas\u0131n\u0131n formala\u015fd\u0131r\u0131lmas\u0131 yuxar\u0131da qeyd edil\u0259n m\u0259qs\u0259dl\u0259r \u00fc\u00e7\u00fcn geni\u015f \u015f\u0259kild\u0259 istifad\u0259 edilirdi. Bu proses\u0259 Heyd\u0259r \u018fliyevin sa\u011fl\u0131\u011f\u0131nda start veril\u0259r\u0259k \u00f6lk\u0259nin m\u00fcxt\u0259lif yerl\u0259rind\u0259 reklam tablolar\u0131nda H.\u018fliyev t\u0259r\u0259find\u0259n deyilmi\u015f v\u0259 ya deyilm\u0259mi\u015f ifad\u0259l\u0259r yaz\u0131lma\u011fa ba\u015flad\u0131. Bu proses H.\u018fliyevin \u00f6l\u00fcm\u00fcnd\u0259n sonra daha da geni\u015f v\u00fcs\u0259t alaraq \u015eahda\u011f zirv\u0259sinin ad\u0131n\u0131n d\u0259yi\u015fdirilm\u0259sind\u0259n tutmu\u015f b\u00fct\u00fcn \u015f\u0259h\u0259r v\u0259 rayonlarda m\u00fcasir \u00fcslubla tikilmi\u015f H.\u018fliyev m\u0259rk\u0259zl\u0259rinin a\u00e7\u0131lmas\u0131na q\u0259d\u0259r geni\u015f bir m\u00fcst\u0259vini \u0259hat\u0259 etdi. He\u00e7 t\u0259sad\u00fcfi deyil ki, \u00f6lk\u0259y\u0259 t\u0259yyara il\u0259 g\u0259l\u0259n \u015f\u0259xs h\u0259l\u0259 t\u0259yyarada ik\u0259n H.\u018fliyevin (Hava liman\u0131) ad\u0131 il\u0259 tan\u0131\u015f olur v\u0259 daha sonra h\u0259min \u015f\u0259xs H.\u018fliyev prospekti il\u0259 Bak\u0131 \u015f\u0259h\u0259rin\u0259 daxil olur. \u015e\u0259h\u0259r\u0259 H.\u018fliyev prospekti il\u0259 daxil olark\u0259n h\u0259min \u015f\u0259xs son d\u0259r\u0259c\u0259 z\u00f6vql\u0259 tikilmi\u015f H.\u018fliyev M\u0259rk\u0259zini g\u00f6r\u00fcr. Bu siyah\u0131n\u0131 H.\u018fliyev ad\u0131na parklardan tutmu\u015f muzeyl\u0259ri daxil etm\u0259kl\u0259 kifay\u0259t q\u0259d\u0259r uzatmaq olar.<\/p>\n<p>  Bundan \u0259lav\u0259, bu ideologiyaya daha g\u00fccl\u00fc legitimlik g\u0259tirm\u0259k m\u0259qs\u0259dil\u0259 xaricd\u0259 yerl\u0259\u015f\u0259n s\u0259firlikl\u0259r sanki r\u0259qab\u0259t\u0259 girm\u0259y\u0259 ba\u015flad\u0131. \u0130lk \u201cu\u011fura\u201d v\u0259 eyni zamanda da ilk rusvay\u00e7\u0131 m\u0259\u011flubiyy\u0259t\u0259 Az\u0259rbaycan Respublikas\u0131n\u0131n Meksikadak\u0131 s\u0259firi \u0130lqar Muxtarov imza atm\u0131\u015fd\u0131r. Be\u015f milyon dollara ba\u015fa g\u0259l\u0259n heyk\u0259lin qoyulu\u015fu Meksika medias\u0131nda b\u00f6y\u00fck ajiotaja s\u0259b\u0259b oldu\u011fundan Meksika r\u0259hb\u0259rliyi heyk\u0259li Az\u0259rbaycan b\u00fcdc\u0259si hesab\u0131na t\u0259mir olunmu\u015f parkdan g\u00f6t\u00fcr\u00fclm\u0259sin\u0259 dair q\u0259rar \u00e7\u0131xard\u0131 v\u0259 heyk\u0259l parkdan g\u00f6t\u00fcr\u00fcld\u00fc. Bu g\u00fcn m\u0259hz \u201cheyd\u0259rizm\u201d ideologiyas\u0131na g\u00f6r\u0259 b\u00fcdc\u0259d\u0259n milyonlarla v\u0259sait x\u0259rcl\u0259nib v\u0259 h\u0259l\u0259 d\u0259 x\u0259rcl\u0259nm\u0259kd\u0259dir. Lakin \u0130lham \u018fliyevin siyas\u0259td\u0259n x\u0259b\u0259rsiz olmas\u0131 v\u0259 bunun n\u0259tic\u0259si olaraq y\u00fcr\u00fctd\u00fcy\u00fc s\u0259ri\u015ft\u0259siz daxili v\u0259 xarici siyas\u0259ti \u201cheyd\u0259rizm\u201d ideologiyas\u0131n\u0131 qul v\u0259 ita\u0259tkar bir ideologiyaya \u00e7evirdi.<\/p>\n<p>  B\u00fct\u00fcn bunlar\u0131n fonunda Qiyas v\u0259 Bayram ilk d\u0259f\u0259 olaraq bu ideologiyan\u0131n faktiki \u00e7\u00f6k\u00fc\u015f\u00fcn\u00fc a\u00e7\u0131q \u015f\u0259kild\u0259 h\u0259m h\u00f6kum\u0259t\u0259 v\u0259 h\u0259m d\u0259 b\u00fct\u00fcn Az\u0259rbaycan xalq\u0131na g\u00f6st\u0259rdil\u0259r. Bu add\u0131m bu h\u00f6kum\u0259t\u0259 m\u0259hz ideoloji m\u00fcst\u0259vid\u0259 amans\u0131z z\u0259rb\u0259 endirdi. H\u00f6kum\u0259tin d\u0259 reaksiyas\u0131 g\u00f6zl\u0259nildiyi kimi amans\u0131z oldu v\u0259 h\u0259r iki g\u0259nc\u0259 10 il azadl\u0131qdan m\u0259hrumetm\u0259 c\u0259zas\u0131 k\u0259sildi. Bundan \u0259lav\u0259, bu c\u00fcr amans\u0131z reaksiya il\u0259 h\u00f6kum\u0259t h\u0259m d\u0259 b\u00fct\u00fcn xalqa \u00f6z\u00fcn\u00fcn Axilles daban\u0131n\u0131 (z\u0259if n\u00f6qt\u0259sini) g\u00f6st\u0259rdi. Sabah b\u00fct\u00fcn bu \u0259zab-\u0259ziyy\u0259tl\u0259r\u0259 d\u00f6zm\u0259kd\u0259n imtina edib k\u00fc\u00e7\u0259l\u0259r\u0259 \u00e7\u0131xan k\u00fctl\u0259nin ilk h\u00fccum ed\u0259c\u0259yi obyekt d\u0259 m\u0259hz \u201cheyd\u0259rizm\u201d simvollar\u0131 olan H.\u018fliyevin heyk\u0259ll\u0259ri olacaqd\u0131r. Topu-t\u00fcf\u0259ngi olan h\u00f6kum\u0259tin t\u0259zyiql\u0259rin\u0259 baxmayaraq, h\u00f6kum\u0259t qar\u015f\u0131s\u0131nda \u0259yilm\u0259m\u0259kl\u0259 bu iki g\u0259nc bir daha bu rejim\u0259 meydan oxudu.<\/p>\n<p>  M\u00fcasir Az\u0259rbaycan g\u0259ncliyinin \u0259yilm\u0259z simvolu olan Qiyas v\u0259 Bayram\u0131 art\u0131q b\u00fct\u00fcn d\u00fcnya tan\u0131y\u0131r, onlara d\u0259st\u0259k olduqlar\u0131n\u0131 n\u00fcmayi\u015f etdirirl\u0259r. Bu q\u0259hr\u0259manlara d\u0259st\u0259k \u0259lam\u0259ti olaraq d\u00fcnyan\u0131n m\u00fcxt\u0259lif yerl\u0259rind\u0259 t\u0259dbirl\u0259r t\u0259\u015fkil olunur, \u018fliyev h\u00f6kum\u0259tin\u0259 t\u0259zyiql\u0259r edilir. Bir \u00e7ox \u00f6lk\u0259d\u0259, o c\u00fcml\u0259d\u0259n, Niderland Krall\u0131\u011f\u0131n\u0131n m\u00fcxt\u0259lif \u015f\u0259h\u0259rl\u0259rind\u0259 avtobus dayanacaqlar\u0131 m\u0259hz bu iki \u015f\u0259xsin \u015f\u0259kill\u0259ri il\u0259 b\u0259z\u0259dilib. \u0130nan\u0131ram ki, Qiyas v\u0259 Bayram t\u0259r\u0259find\u0259n \u0259sas\u0131 qoyulan \u201cheyd\u0259rizm\u201d-\u0259 a\u00e7\u0131q etiraz dal\u011fas\u0131 b\u00f6y\u00fcy\u0259r\u0259k b\u00fct\u00fcn respublikan\u0131 \u0259hat\u0259 ed\u0259c\u0259kdir.<\/p>\n","protected":false},"excerpt":{"rendered":"<p>Qiyas \u0130brahimova 10 il, 8 dekabr tarixind\u0259 is\u0259 Bayram M\u0259mm\u0259dova 10 il azadl\u0131qdan m\u0259hrumetm\u0259 c\u0259zas\u0131 k\u0259silib<\/p>\n","protected":false},"author":11,"featured_media":75412,"comment_status":"closed","ping_status":"open","sticky":false,"template":"","format":"standard","meta":{"_acf_changed":false,"_sitemap_exclude":false,"_sitemap_priority":"","_sitemap_frequency":"","footnotes":""},"categories":[57],"tags":[],"class_list":["post-181226","post","type-post","status-publish","format-standard","has-post-thumbnail","hentry","category-menim-fikrimce","infinite-scroll-item","generate-columns","tablet-grid-50","mobile-grid-100","grid-parent","grid-33","no-featured-image-padding"],"acf":[],"yoast_head":"<!-- This site is optimized with the Yoast SEO plugin v27.5 - https:\/\/yoast.com\/product\/yoast-seo-wordpress\/ -->\n<title>Qiyas v\u0259 Bayram fenomeni - MEYDAN.TV<\/title>\n<meta name=\"robots\" content=\"index, follow, max-snippet:-1, max-image-preview:large, max-video-preview:-1\" \/>\n<link rel=\"canonical\" href=\"https:\/\/www.meydan.tv\/az\/article\/qiyas-ve-bayram-fenomeni\/\" \/>\n<meta property=\"og:locale\" content=\"az_AZ\" \/>\n<meta property=\"og:type\" content=\"article\" \/>\n<meta property=\"og:title\" content=\"Qiyas v\u0259 Bayram fenomeni - MEYDAN.TV\" \/>\n<meta property=\"og:description\" content=\"Qiyas \u0130brahimova 10 il, 8 dekabr tarixind\u0259 is\u0259 Bayram M\u0259mm\u0259dova 10 il azadl\u0131qdan m\u0259hrumetm\u0259 c\u0259zas\u0131 k\u0259silib\" \/>\n<meta property=\"og:url\" content=\"https:\/\/www.meydan.tv\/az\/article\/qiyas-ve-bayram-fenomeni\/\" \/>\n<meta property=\"og:site_name\" content=\"MEYDAN.TV\" \/>\n<meta property=\"article:published_time\" content=\"2016-12-14T19:04:07+00:00\" \/>\n<meta property=\"og:image\" content=\"https:\/\/www.meydan.tv\/wp-content\/uploads\/29164.jpg\" \/>\n\t<meta property=\"og:image:width\" content=\"960\" \/>\n\t<meta property=\"og:image:height\" content=\"576\" \/>\n\t<meta property=\"og:image:type\" content=\"image\/jpeg\" \/>\n<meta name=\"author\" content=\"user-manager\" \/>\n<meta name=\"twitter:card\" content=\"summary_large_image\" \/>\n<script type=\"application\/ld+json\" class=\"yoast-schema-graph\">{\"@context\":\"https:\\\/\\\/schema.org\",\"@graph\":[{\"@type\":\"Article\",\"@id\":\"https:\\\/\\\/www.meydan.tv\\\/az\\\/article\\\/qiyas-ve-bayram-fenomeni\\\/#article\",\"isPartOf\":{\"@id\":\"https:\\\/\\\/www.meydan.tv\\\/az\\\/article\\\/qiyas-ve-bayram-fenomeni\\\/\"},\"author\":{\"name\":\"user-manager\",\"@id\":\"https:\\\/\\\/www.meydan.tv\\\/az\\\/#\\\/schema\\\/person\\\/10d11eccf6da3662cf5fdab9806ea91a\"},\"headline\":\"Qiyas v\u0259 Bayram fenomeni\",\"datePublished\":\"2016-12-14T19:04:07+00:00\",\"mainEntityOfPage\":{\"@id\":\"https:\\\/\\\/www.meydan.tv\\\/az\\\/article\\\/qiyas-ve-bayram-fenomeni\\\/\"},\"wordCount\":1127,\"publisher\":{\"@id\":\"https:\\\/\\\/www.meydan.tv\\\/az\\\/#organization\"},\"image\":{\"@id\":\"https:\\\/\\\/www.meydan.tv\\\/az\\\/article\\\/qiyas-ve-bayram-fenomeni\\\/#primaryimage\"},\"thumbnailUrl\":\"https:\\\/\\\/www.meydan.tv\\\/wp-content\\\/uploads\\\/29164.jpg\",\"articleSection\":[\"M\u0259nim Fikrimc\u0259\"],\"inLanguage\":\"az\"},{\"@type\":\"WebPage\",\"@id\":\"https:\\\/\\\/www.meydan.tv\\\/az\\\/article\\\/qiyas-ve-bayram-fenomeni\\\/\",\"url\":\"https:\\\/\\\/www.meydan.tv\\\/az\\\/article\\\/qiyas-ve-bayram-fenomeni\\\/\",\"name\":\"Qiyas v\u0259 Bayram fenomeni - MEYDAN.TV\",\"isPartOf\":{\"@id\":\"https:\\\/\\\/www.meydan.tv\\\/az\\\/#website\"},\"primaryImageOfPage\":{\"@id\":\"https:\\\/\\\/www.meydan.tv\\\/az\\\/article\\\/qiyas-ve-bayram-fenomeni\\\/#primaryimage\"},\"image\":{\"@id\":\"https:\\\/\\\/www.meydan.tv\\\/az\\\/article\\\/qiyas-ve-bayram-fenomeni\\\/#primaryimage\"},\"thumbnailUrl\":\"https:\\\/\\\/www.meydan.tv\\\/wp-content\\\/uploads\\\/29164.jpg\",\"datePublished\":\"2016-12-14T19:04:07+00:00\",\"breadcrumb\":{\"@id\":\"https:\\\/\\\/www.meydan.tv\\\/az\\\/article\\\/qiyas-ve-bayram-fenomeni\\\/#breadcrumb\"},\"inLanguage\":\"az\",\"potentialAction\":[{\"@type\":\"ReadAction\",\"target\":[\"https:\\\/\\\/www.meydan.tv\\\/az\\\/article\\\/qiyas-ve-bayram-fenomeni\\\/\"]}]},{\"@type\":\"ImageObject\",\"inLanguage\":\"az\",\"@id\":\"https:\\\/\\\/www.meydan.tv\\\/az\\\/article\\\/qiyas-ve-bayram-fenomeni\\\/#primaryimage\",\"url\":\"https:\\\/\\\/www.meydan.tv\\\/wp-content\\\/uploads\\\/29164.jpg\",\"contentUrl\":\"https:\\\/\\\/www.meydan.tv\\\/wp-content\\\/uploads\\\/29164.jpg\",\"width\":960,\"height\":576,\"caption\":\"Source:\"},{\"@type\":\"BreadcrumbList\",\"@id\":\"https:\\\/\\\/www.meydan.tv\\\/az\\\/article\\\/qiyas-ve-bayram-fenomeni\\\/#breadcrumb\",\"itemListElement\":[{\"@type\":\"ListItem\",\"position\":1,\"name\":\"Ana s\u0259hif\u0259\",\"item\":\"https:\\\/\\\/www.meydan.tv\\\/az\\\/\"},{\"@type\":\"ListItem\",\"position\":2,\"name\":\"M\u0259nim Fikrimc\u0259\",\"item\":\"https:\\\/\\\/www.meydan.tv\\\/az\\\/section\\\/menim-fikrimce\\\/\"},{\"@type\":\"ListItem\",\"position\":3,\"name\":\"Qiyas v\u0259 Bayram fenomeni\"}]},{\"@type\":\"WebSite\",\"@id\":\"https:\\\/\\\/www.meydan.tv\\\/az\\\/#website\",\"url\":\"https:\\\/\\\/www.meydan.tv\\\/az\\\/\",\"name\":\"MEYDAN.TV\",\"description\":\"Meydan TV Az\u0259rbaycan\u0131n media m\u0259kan\u0131ndak\u0131 alternativ s\u0259sidir\",\"publisher\":{\"@id\":\"https:\\\/\\\/www.meydan.tv\\\/az\\\/#organization\"},\"potentialAction\":[{\"@type\":\"SearchAction\",\"target\":{\"@type\":\"EntryPoint\",\"urlTemplate\":\"https:\\\/\\\/www.meydan.tv\\\/az\\\/?s={search_term_string}\"},\"query-input\":{\"@type\":\"PropertyValueSpecification\",\"valueRequired\":true,\"valueName\":\"search_term_string\"}}],\"inLanguage\":\"az\"},{\"@type\":\"Organization\",\"@id\":\"https:\\\/\\\/www.meydan.tv\\\/az\\\/#organization\",\"name\":\"Meydan TV\",\"url\":\"https:\\\/\\\/www.meydan.tv\\\/az\\\/\",\"logo\":{\"@type\":\"ImageObject\",\"inLanguage\":\"az\",\"@id\":\"https:\\\/\\\/www.meydan.tv\\\/az\\\/#\\\/schema\\\/logo\\\/image\\\/\",\"url\":\"https:\\\/\\\/www.meydan.tv\\\/wp-content\\\/uploads\\\/2021\\\/07\\\/meydan-logo.svg\",\"contentUrl\":\"https:\\\/\\\/www.meydan.tv\\\/wp-content\\\/uploads\\\/2021\\\/07\\\/meydan-logo.svg\",\"width\":195,\"height\":46,\"caption\":\"Meydan TV\"},\"image\":{\"@id\":\"https:\\\/\\\/www.meydan.tv\\\/az\\\/#\\\/schema\\\/logo\\\/image\\\/\"}},{\"@type\":\"Person\",\"@id\":\"https:\\\/\\\/www.meydan.tv\\\/az\\\/#\\\/schema\\\/person\\\/10d11eccf6da3662cf5fdab9806ea91a\",\"name\":\"user-manager\"}]}<\/script>\n<!-- \/ Yoast SEO plugin. -->","yoast_head_json":{"title":"Qiyas v\u0259 Bayram fenomeni - MEYDAN.TV","robots":{"index":"index","follow":"follow","max-snippet":"max-snippet:-1","max-image-preview":"max-image-preview:large","max-video-preview":"max-video-preview:-1"},"canonical":"https:\/\/www.meydan.tv\/az\/article\/qiyas-ve-bayram-fenomeni\/","og_locale":"az_AZ","og_type":"article","og_title":"Qiyas v\u0259 Bayram fenomeni - MEYDAN.TV","og_description":"Qiyas \u0130brahimova 10 il, 8 dekabr tarixind\u0259 is\u0259 Bayram M\u0259mm\u0259dova 10 il azadl\u0131qdan m\u0259hrumetm\u0259 c\u0259zas\u0131 k\u0259silib","og_url":"https:\/\/www.meydan.tv\/az\/article\/qiyas-ve-bayram-fenomeni\/","og_site_name":"MEYDAN.TV","article_published_time":"2016-12-14T19:04:07+00:00","og_image":[{"width":960,"height":576,"url":"https:\/\/www.meydan.tv\/wp-content\/uploads\/29164.jpg","type":"image\/jpeg"}],"author":"user-manager","twitter_card":"summary_large_image","schema":{"@context":"https:\/\/schema.org","@graph":[{"@type":"Article","@id":"https:\/\/www.meydan.tv\/az\/article\/qiyas-ve-bayram-fenomeni\/#article","isPartOf":{"@id":"https:\/\/www.meydan.tv\/az\/article\/qiyas-ve-bayram-fenomeni\/"},"author":{"name":"user-manager","@id":"https:\/\/www.meydan.tv\/az\/#\/schema\/person\/10d11eccf6da3662cf5fdab9806ea91a"},"headline":"Qiyas v\u0259 Bayram fenomeni","datePublished":"2016-12-14T19:04:07+00:00","mainEntityOfPage":{"@id":"https:\/\/www.meydan.tv\/az\/article\/qiyas-ve-bayram-fenomeni\/"},"wordCount":1127,"publisher":{"@id":"https:\/\/www.meydan.tv\/az\/#organization"},"image":{"@id":"https:\/\/www.meydan.tv\/az\/article\/qiyas-ve-bayram-fenomeni\/#primaryimage"},"thumbnailUrl":"https:\/\/www.meydan.tv\/wp-content\/uploads\/29164.jpg","articleSection":["M\u0259nim Fikrimc\u0259"],"inLanguage":"az"},{"@type":"WebPage","@id":"https:\/\/www.meydan.tv\/az\/article\/qiyas-ve-bayram-fenomeni\/","url":"https:\/\/www.meydan.tv\/az\/article\/qiyas-ve-bayram-fenomeni\/","name":"Qiyas v\u0259 Bayram fenomeni - MEYDAN.TV","isPartOf":{"@id":"https:\/\/www.meydan.tv\/az\/#website"},"primaryImageOfPage":{"@id":"https:\/\/www.meydan.tv\/az\/article\/qiyas-ve-bayram-fenomeni\/#primaryimage"},"image":{"@id":"https:\/\/www.meydan.tv\/az\/article\/qiyas-ve-bayram-fenomeni\/#primaryimage"},"thumbnailUrl":"https:\/\/www.meydan.tv\/wp-content\/uploads\/29164.jpg","datePublished":"2016-12-14T19:04:07+00:00","breadcrumb":{"@id":"https:\/\/www.meydan.tv\/az\/article\/qiyas-ve-bayram-fenomeni\/#breadcrumb"},"inLanguage":"az","potentialAction":[{"@type":"ReadAction","target":["https:\/\/www.meydan.tv\/az\/article\/qiyas-ve-bayram-fenomeni\/"]}]},{"@type":"ImageObject","inLanguage":"az","@id":"https:\/\/www.meydan.tv\/az\/article\/qiyas-ve-bayram-fenomeni\/#primaryimage","url":"https:\/\/www.meydan.tv\/wp-content\/uploads\/29164.jpg","contentUrl":"https:\/\/www.meydan.tv\/wp-content\/uploads\/29164.jpg","width":960,"height":576,"caption":"Source:"},{"@type":"BreadcrumbList","@id":"https:\/\/www.meydan.tv\/az\/article\/qiyas-ve-bayram-fenomeni\/#breadcrumb","itemListElement":[{"@type":"ListItem","position":1,"name":"Ana s\u0259hif\u0259","item":"https:\/\/www.meydan.tv\/az\/"},{"@type":"ListItem","position":2,"name":"M\u0259nim Fikrimc\u0259","item":"https:\/\/www.meydan.tv\/az\/section\/menim-fikrimce\/"},{"@type":"ListItem","position":3,"name":"Qiyas v\u0259 Bayram fenomeni"}]},{"@type":"WebSite","@id":"https:\/\/www.meydan.tv\/az\/#website","url":"https:\/\/www.meydan.tv\/az\/","name":"MEYDAN.TV","description":"Meydan TV Az\u0259rbaycan\u0131n media m\u0259kan\u0131ndak\u0131 alternativ s\u0259sidir","publisher":{"@id":"https:\/\/www.meydan.tv\/az\/#organization"},"potentialAction":[{"@type":"SearchAction","target":{"@type":"EntryPoint","urlTemplate":"https:\/\/www.meydan.tv\/az\/?s={search_term_string}"},"query-input":{"@type":"PropertyValueSpecification","valueRequired":true,"valueName":"search_term_string"}}],"inLanguage":"az"},{"@type":"Organization","@id":"https:\/\/www.meydan.tv\/az\/#organization","name":"Meydan TV","url":"https:\/\/www.meydan.tv\/az\/","logo":{"@type":"ImageObject","inLanguage":"az","@id":"https:\/\/www.meydan.tv\/az\/#\/schema\/logo\/image\/","url":"https:\/\/www.meydan.tv\/wp-content\/uploads\/2021\/07\/meydan-logo.svg","contentUrl":"https:\/\/www.meydan.tv\/wp-content\/uploads\/2021\/07\/meydan-logo.svg","width":195,"height":46,"caption":"Meydan TV"},"image":{"@id":"https:\/\/www.meydan.tv\/az\/#\/schema\/logo\/image\/"}},{"@type":"Person","@id":"https:\/\/www.meydan.tv\/az\/#\/schema\/person\/10d11eccf6da3662cf5fdab9806ea91a","name":"user-manager"}]}},"_links":{"self":[{"href":"https:\/\/www.meydan.tv\/az\/wp-json\/wp\/v2\/posts\/181226","targetHints":{"allow":["GET"]}}],"collection":[{"href":"https:\/\/www.meydan.tv\/az\/wp-json\/wp\/v2\/posts"}],"about":[{"href":"https:\/\/www.meydan.tv\/az\/wp-json\/wp\/v2\/types\/post"}],"author":[{"embeddable":true,"href":"https:\/\/www.meydan.tv\/az\/wp-json\/wp\/v2\/users\/11"}],"replies":[{"embeddable":true,"href":"https:\/\/www.meydan.tv\/az\/wp-json\/wp\/v2\/comments?post=181226"}],"version-history":[{"count":0,"href":"https:\/\/www.meydan.tv\/az\/wp-json\/wp\/v2\/posts\/181226\/revisions"}],"wp:featuredmedia":[{"embeddable":true,"href":"https:\/\/www.meydan.tv\/az\/wp-json\/wp\/v2\/media\/75412"}],"wp:attachment":[{"href":"https:\/\/www.meydan.tv\/az\/wp-json\/wp\/v2\/media?parent=181226"}],"wp:term":[{"taxonomy":"category","embeddable":true,"href":"https:\/\/www.meydan.tv\/az\/wp-json\/wp\/v2\/categories?post=181226"},{"taxonomy":"post_tag","embeddable":true,"href":"https:\/\/www.meydan.tv\/az\/wp-json\/wp\/v2\/tags?post=181226"}],"curies":[{"name":"wp","href":"https:\/\/api.w.org\/{rel}","templated":true}]}}