{"id":181220,"date":"2016-12-14T17:03:27","date_gmt":"2016-12-14T17:03:27","guid":{"rendered":"https:\/\/www.meydan.tv\/article\/azerbaycan-israil-emekdasligi-yeni-merheleye-kecir\/"},"modified":"2016-12-14T17:03:27","modified_gmt":"2016-12-14T17:03:27","slug":"azerbaycan-israil-emekdasligi-yeni-merheleye-kecir","status":"publish","type":"post","link":"https:\/\/www.meydan.tv\/az\/article\/azerbaycan-israil-emekdasligi-yeni-merheleye-kecir\/","title":{"rendered":"Az\u0259rbaycan-\u0130srail \u0259m\u0259kda\u015fl\u0131\u011f\u0131 yeni m\u0259rh\u0259l\u0259y\u0259 ke\u00e7ir?"},"content":{"rendered":"<figure class=\"wp-block-image size-large\">\n  <img decoding=\"async\" src=\"https:\/\/www.meydan.tv\/az\/75394\/\" alt=\"\" class=\"wp-image-75394\"\/><figcaption><\/figcaption><\/figure>\n<figure class=\"wp-block-image size-large\">\n  <img decoding=\"async\" src=\"https:\/\/www.meydan.tv\/az\/75397\/\" alt=\"\" class=\"wp-image-75397\"\/><figcaption><\/figcaption><\/figure>\n<p>\n  M\u00fcasir d\u00fcnya siyas\u0259tinin konyukturas\u0131 \u0259sas\u0259n strateji maraqlar v\u0259 milli t\u0259hl\u00fck\u0259sizlik \u00fcz\u0259rind\u0259 t\u0259\u015f\u0259kk\u00fcl tapd\u0131\u011f\u0131ndan d\u00f6vl\u0259tl\u0259raras\u0131 m\u00fcnasib\u0259tl\u0259rd\u0259 dini, milli, ideoloji v\u0259 h\u0259tta iqtisadi maraqlar\u0131n da asanl\u0131qla arxa plana ke\u00e7diyinin \u015fahidi oluruq. Strateji maraqlar \u0259m\u0259kda\u015fl\u0131\u011f\u0131n t\u0259m\u0259l qayna\u011f\u0131 hal\u0131na g\u0259ldiyi \u00fc\u00e7\u00fcn d\u00fcnyada m\u00f6vcud olan m\u00fcnaqi\u015fl\u0259rin, m\u00fcharib\u0259l\u0259rin, h\u0259rbi-siyasi ittifaqlar\u0131n da bu kontekstd\u0259 ba\u015f verdiyini g\u00f6r\u00fcr\u00fck.\n<\/p>\n<p>\n  Strateji m\u00fcnasib\u0259tl\u0259r z\u0259ncirinin h\u0259lq\u0259si \u0259lav\u0259 olaraq iqtisadi, siyasi, ideoloji v\u0259 h\u0259rbi ba\u011flarla m\u00f6hk\u0259ml\u0259ndikd\u0259, bu, \u0259n etibarl\u0131 t\u0259hl\u00fck\u0259sizlik qarantiyas\u0131 yarad\u0131r. M\u0259hz NATO \u00f6z \u00fczvl\u0259ri v\u0259 t\u0259r\u0259fda\u015flar\u0131 \u00fc\u00e7\u00fcn bel\u0259 bir c\u0259lbedici t\u0259hl\u00fck\u0259sizlik \u00e7\u0259tiri yaratma\u011fa nail olub.\n<\/p>\n<p>\n  Az\u0259rbaycan el\u0259 bir geosiyasi m\u0259kanda yerl\u0259\u015fir ki, burada d\u00f6vl\u0259t m\u00fcst\u0259qilliyimiz \u00fc\u00e7\u00fcn h\u0259l\u0259 d\u0259 m\u00fc\u0259yy\u0259n t\u0259hdidl\u0259r m\u00f6vcuddur. X\u00fcsusil\u0259 d\u0259 yax\u0131n qon\u015fular\u0131m\u0131z olan \u0130ran v\u0259 Rusiya \u00f6lk\u0259mizin m\u00fcst\u0259qil daxili v\u0259 xarici siyas\u0259tin\u0259 doz\u00fcml\u00fc yana\u015fm\u0131r. H\u0259tta b\u0259z\u0259n daxili siyas\u0259timiz\u0259, beyn\u0259lxalq \u0259laq\u0259l\u0259rimiz\u0259 a\u00e7\u0131q v\u0259 gizli \u015f\u0259kild\u0259 \u201cs\u0259ssiz diplomatiya\u201d il\u0259 m\u00fcdaxil\u0259 etm\u0259kd\u0259n d\u0259 \u00e7\u0259kinmirl\u0259r.\n<\/p>\n<p>\n  M\u00fcst\u0259qillik \u0259ld\u0259 etdikd\u0259n d\u0259rhal sonra \u00f6lk\u0259mizl\u0259 davaml\u0131 \u015f\u0259kild\u0259 strateji m\u00fcnasib\u0259tl\u0259r quran v\u0259 bu m\u00fcnasib\u0259tl\u0259r\u0259 sadiq qalan azsayl\u0131 d\u00f6vl\u0259tl\u0259rd\u0259n biri d\u0259 \u0130sraild\u0131r. \u0130srail Az\u0259rbaycan\u0131n \u0259n etibarl\u0131 iqtisadi, siyasi, h\u0259rbi strateji t\u0259r\u0259fda\u015flar\u0131ndan biridir. T\u0259f\u0259rr\u00fcatlara toxunmadan qeyd ed\u0259k ki, \u00f6lk\u0259mizin qlobal v\u0259 regional t\u0259hl\u00fck\u0259sizlik doktrinas\u0131nda \u0259n \u00f6n\u0259mli rolu olan \u0130sraill\u0259 siyasi \u0259laq\u0259l\u0259rin geni\u015fl\u0259nm\u0259si \u00f6lk\u0259miz \u00fc\u00e7\u00fcn x\u00fcsusi \u0259h\u0259miyy\u0259t\u0259 malikdir. \u00d6lk\u0259l\u0259rimiz aras\u0131ndak\u0131 m\u00f6hk\u0259m dostluq \u0259laq\u0259l\u0259rinin m\u00f6vcudlu\u011funu dem\u0259k olar ki, c\u0259miyy\u0259tin \u0259ks\u0259r ictimai-siyasi spektri normal qar\u015f\u0131lay\u0131r. Orta \u015e\u0259rq regionunda davam ed\u0259n prosesl\u0259r fonunda y\u00fcks\u0259k s\u0259viyy\u0259li m\u00fcnasib\u0259tl\u0259r h\u0259m d\u0259 \u0130srail d\u00f6vl\u0259tinin mara\u011f\u0131ndad\u0131r.\n<\/p>\n<p>\n  AB\u015e prezidenti Donald Tramp s\u0259lahiyy\u0259tl\u0259rinin icras\u0131na ba\u015flad\u0131qdan sonra Asiya v\u0259 Avrasiya regionunda siyasi f\u0259all\u0131\u011f\u0131n artaca\u011f\u0131 g\u00f6zl\u0259nilir. Q\u0259rbin strateji m\u00fctt\u0259fiqi kimi qlobal siyasi oyun\u00e7ular aras\u0131nda \u00f6z\u00fcn\u0259m\u0259xsus yer tutan \u0130srailin \u0259n t\u0259cr\u00fcb\u0259li siyas\u0259t\u00e7il\u0259rind\u0259n hesab edil\u0259n ba\u015f nazir Netanyahunun \u00f6lk\u0259miz\u0259 v\u0259 Qazax\u0131stana s\u0259f\u0259rini bu bax\u0131mdan da t\u0259sad\u00fcfi hesab etm\u0259k olmaz. M\u00fc\u015fahid\u0259l\u0259r g\u00f6st\u0259rir ki, \u0130srailin ba\u015f nazirinin \u00f6lk\u0259miz\u0259 ger\u00e7\u0259kl\u0259\u015fdiril\u0259n s\u0259f\u0259ri qon\u015fular\u0131m\u0131z t\u0259r\u0259find\u0259n narahatl\u0131qla izl\u0259nir v\u0259 iki \u00f6lk\u0259 aras\u0131ndak\u0131 strateji m\u00fcnasib\u0259tl\u0259rin geni\u015fl\u0259nm\u0259sind\u0259n \u0259sass\u0131z olaraq narahatl\u0131q ifad\u0259 olunur.\n<\/p>\n<p>\n  Az\u0259rbaycan \u0259razil\u0259ri 25 il\u0259 yax\u0131nd\u0131r ki, Erm\u0259nistan t\u0259r\u0259find\u0259n i\u015f\u011fal edilib, minl\u0259rl\u0259 dinc sakinimiz h\u0259lak olub, onminl\u0259rl\u0259 insan yurdundan did\u0259rgin sal\u0131n\u0131b, ev-e\u015fiyi da\u011f\u0131d\u0131l\u0131b v\u0259 bug\u00fcn\u0259 q\u0259d\u0259r d\u0259 i\u015f\u011fal davam edir. Bu m\u00fcdd\u0259t \u0259rzind\u0259 s\u00f6zd\u0259 m\u00fcs\u0259lman t\u0259\u0259ss\u00fcbke\u015fi kimi \u00e7\u0131x\u0131\u015f ed\u0259n \u0130ran h\u00f6kum\u0259ti n\u0259inki Erm\u0259nistana t\u0259zyiq g\u00f6st\u0259rib, \u0259ksin\u0259 daim b\u00fct\u00fcn vasit\u0259l\u0259rl\u0259 onlar\u0131n yan\u0131nda yer al\u0131b. Erm\u0259nistan c\u0259miyy\u0259tinin ruhdan d\u00fc\u015fm\u0259m\u0259si \u00fc\u00e7\u00fcn \u0259lind\u0259n g\u0259l\u0259n k\u00f6m\u0259yi a\u00e7\u0131q v\u0259 gizli \u015f\u0259kild\u0259 g\u00f6st\u0259rib. Eyni rolu dig\u0259r qon\u015fumuz Rusiya da beyn\u0259lxalq h\u00fcquqa m\u0259h\u0259l qoymadan oynamaqdad\u0131r.\n<\/p>\n<p>\n  X\u00fcsusil\u0259 d\u0259 son d\u00f6vrl\u0259r Rusiya a\u00e7\u0131q \u015f\u0259kild\u0259 Erm\u0259nistan ordusunun g\u00fccl\u0259ndirilm\u0259si istiqam\u0259tind\u0259 intensiv i\u015f apar\u0131r, birg\u0259 ordu yaradaraq \u00f6lk\u0259miz\u0259 h\u0259rbi-siyasi t\u0259zyiql\u0259rini art\u0131r\u0131r. \u0130ran da Erm\u0259nistanla strateji \u0259laq\u0259l\u0259rini g\u00fccl\u0259ndirir v\u0259 faktiki olaraq Qaraba\u011f\u0131n i\u015f\u011falda qalmas\u0131na dolay\u0131s\u0131 il\u0259 d\u0259st\u0259k verir. Bel\u0259 bir durumda \u0130srail-Az\u0259rbaycan m\u00fcnasib\u0259tl\u0259rinin yeni m\u0259rh\u0259l\u0259y\u0259 ke\u00e7m\u0259si \u00f6lk\u0259miz \u00fc\u00e7\u00fcn olduqca m\u00fch\u00fcm \u0259h\u0259miyy\u0259t\u0259 malikdir.<br \/>\n  <br \/>\n  Faktiki olaraq Az\u0259rbaycan h\u00f6kum\u0259ti Rusiya v\u0259 \u0130ran\u0131n h\u0259ssas yana\u015fd\u0131\u011f\u0131 b\u00fct\u00fcn m\u0259s\u0259l\u0259l\u0259rd\u0259 onlar\u0131 raz\u0131 salma\u011fa \u00e7al\u0131\u015f\u0131r. Q\u0259rb\u0259 ineqrasiya yolunu t\u0259bli\u011f ed\u0259n demokratik siyasi m\u00fcxalif\u0259t Rusiyan\u0131n ist\u0259yi il\u0259 siyasi m\u00fcst\u0259vid\u0259n s\u0131x\u0131\u015fd\u0131r\u0131l\u0131b v\u0259 hakimiyy\u0259tin he\u00e7 bir qolunda t\u0259msil\u00e7ilik imkan\u0131 verilmir. \u00c7ox a\u011f\u0131r basq\u0131 alt\u0131nda m\u00f6vcudluqlar\u0131n\u0131 qoruyub saxlama\u011fa \u00e7al\u0131\u015f\u0131rlar. \u0130ran\u0131n ist\u0259yi il\u0259 milli z\u0259mind\u0259 \u00e7ox s\u0259rt siyasi-idar\u0259etm\u0259 doktrinas\u0131 m\u00f6vcuddur. \u00d6z\u00fcn\u00fc t\u00fcrk hesab ed\u0259n bir n\u0259f\u0259r d\u0259 olsun hakimiyy\u0259t pill\u0259sind\u0259 orta v\u0259 y\u00fcks\u0259k v\u0259zif\u0259y\u0259 t\u0259yin edil\u0259 bilm\u0259z. N\u0259 mediada, n\u0259 d\u0259rslikl\u0259rd\u0259, n\u0259 d\u0259 ictimai ortamda bu m\u00f6vzuda m\u00fczakir\u0259l\u0259r\u0259 imkan var. Sanki Rusiya v\u0259 \u0130ran x\u00fcsusi xidm\u0259t orqanlar\u0131 \u00f6lk\u0259mizd\u0259 s\u0259rb\u0259st monitorinq apard\u0131\u011f\u0131n\u0131 n\u0259z\u0259r\u0259 alan h\u00f6kum\u0259t b\u00f6y\u00fck qon\u015fular\u0131n bu h\u0259ssasl\u0131\u011f\u0131n\u0131 ciddi \u015f\u0259kild\u0259 n\u0259z\u0259r\u0259 al\u0131r.\n<\/p>\n<p>\n  Az\u0259rbaycan h\u00f6kum\u0259tinin bu g\u00fcz\u0259\u015ftl\u0259ri qar\u015f\u0131l\u0131\u011f\u0131nda \u0130ran\u0131n v\u0259 Rusiyan\u0131n \u0259zici davran\u0131\u015flar\u0131ndan imtina etm\u0259m\u0259si, d\u00fc\u015fm\u0259nl\u0259rimiz\u0259 a\u00e7\u0131q d\u0259st\u0259k verm\u0259si bizi bir d\u00f6vl\u0259t kimi a\u015fa\u011f\u0131lama\u011fa xidm\u0259t edir. Odur ki, uzla\u015fd\u0131r\u0131c\u0131, balansla\u015fd\u0131r\u0131c\u0131 siyas\u0259t tendensiyan\u0131 bir k\u0259nara qoyub strateji t\u0259r\u0259fda\u015flar\u0131m\u0131zla daha s\u0131x \u0259laq\u0259l\u0259r qurmal\u0131y\u0131q. Rusiya v\u0259 \u0130ran h\u00f6kum\u0259tl\u0259ri yaln\u0131z Az\u0259rbaycan iqtidar\u0131n\u0131n maraqlar\u0131n\u0131 qoruma\u011fa \u00fcst\u00fcnl\u00fck verdikl\u0259ri halda, \u0130srail h\u0259m d\u0259 \u00f6lk\u0259mizin m\u0259nafel\u0259rin\u0259 h\u00f6rm\u0259t ed\u0259n v\u0259 t\u00f6hf\u0259 ver\u0259 bil\u0259n d\u00f6vl\u0259tdir. Regionda ba\u015f ver\u0259n prosesl\u0259rd\u0259n, habel\u0259 g\u00f6r\u00fc\u015f zaman\u0131 imzalanan s\u0259n\u0259dl\u0259rin v\u0259 b\u0259yanatlar\u0131n mahiyy\u0259tind\u0259n d\u0259 ayd\u0131n olur ki, \u0130sraill\u0259 iqtisadi, siyasi, h\u0259rbi v\u0259 t\u0259hl\u00fck\u0259sizlik \u0259laq\u0259l\u0259rinin m\u00f6hk\u0259ml\u0259ndirilm\u0259si d\u00f6vl\u0259t maraqlar\u0131m\u0131za uy\u011fundur v\u0259 yeni m\u0259rh\u0259l\u0259y\u0259 q\u0259d\u0259m qoyacaq.<\/p>\n","protected":false},"excerpt":{"rendered":"<p>M\u00fcasir d\u00fcnya siyas\u0259tinin konyukturas\u0131 \u0259sas\u0259n strateji maraqlar v\u0259 milli t\u0259hl\u00fck\u0259sizlik &#8230; <\/p>\n<p class=\"read-more-container\"><a title=\"Az\u0259rbaycan-\u0130srail \u0259m\u0259kda\u015fl\u0131\u011f\u0131 yeni m\u0259rh\u0259l\u0259y\u0259 ke\u00e7ir?\" class=\"read-more button\" href=\"https:\/\/www.meydan.tv\/az\/article\/azerbaycan-israil-emekdasligi-yeni-merheleye-kecir\/#more-181220\" aria-label=\"Read more about Az\u0259rbaycan-\u0130srail \u0259m\u0259kda\u015fl\u0131\u011f\u0131 yeni m\u0259rh\u0259l\u0259y\u0259 ke\u00e7ir?\">Davam\u0131<\/a><\/p>\n","protected":false},"author":11,"featured_media":75394,"comment_status":"closed","ping_status":"open","sticky":false,"template":"","format":"standard","meta":{"_acf_changed":false,"_sitemap_exclude":false,"_sitemap_priority":"","_sitemap_frequency":"","footnotes":""},"categories":[51],"tags":[],"class_list":["post-181220","post","type-post","status-publish","format-standard","has-post-thumbnail","hentry","category-analitika","infinite-scroll-item","generate-columns","tablet-grid-50","mobile-grid-100","grid-parent","grid-33","no-featured-image-padding"],"acf":[],"yoast_head":"<!-- This site is optimized with the Yoast SEO plugin v27.5 - https:\/\/yoast.com\/product\/yoast-seo-wordpress\/ -->\n<title>Az\u0259rbaycan-\u0130srail \u0259m\u0259kda\u015fl\u0131\u011f\u0131 yeni m\u0259rh\u0259l\u0259y\u0259 ke\u00e7ir? - MEYDAN.TV<\/title>\n<meta name=\"robots\" content=\"index, follow, max-snippet:-1, max-image-preview:large, max-video-preview:-1\" \/>\n<link rel=\"canonical\" href=\"https:\/\/www.meydan.tv\/az\/article\/azerbaycan-israil-emekdasligi-yeni-merheleye-kecir\/\" \/>\n<meta property=\"og:locale\" content=\"az_AZ\" \/>\n<meta property=\"og:type\" content=\"article\" \/>\n<meta property=\"og:title\" content=\"Az\u0259rbaycan-\u0130srail \u0259m\u0259kda\u015fl\u0131\u011f\u0131 yeni m\u0259rh\u0259l\u0259y\u0259 ke\u00e7ir? - MEYDAN.TV\" \/>\n<meta property=\"og:description\" content=\"M\u00fcasir d\u00fcnya siyas\u0259tinin konyukturas\u0131 \u0259sas\u0259n strateji maraqlar v\u0259 milli t\u0259hl\u00fck\u0259sizlik ... Davam\u0131\" \/>\n<meta property=\"og:url\" content=\"https:\/\/www.meydan.tv\/az\/article\/azerbaycan-israil-emekdasligi-yeni-merheleye-kecir\/\" \/>\n<meta property=\"og:site_name\" content=\"MEYDAN.TV\" \/>\n<meta property=\"article:published_time\" content=\"2016-12-14T17:03:27+00:00\" \/>\n<meta property=\"og:image\" content=\"https:\/\/www.meydan.tv\/wp-content\/uploads\/29157.jpg\" \/>\n\t<meta property=\"og:image:width\" content=\"400\" \/>\n\t<meta property=\"og:image:height\" content=\"243\" \/>\n\t<meta property=\"og:image:type\" content=\"image\/jpeg\" \/>\n<meta name=\"author\" content=\"user-manager\" \/>\n<meta name=\"twitter:card\" content=\"summary_large_image\" \/>\n<script type=\"application\/ld+json\" class=\"yoast-schema-graph\">{\"@context\":\"https:\\\/\\\/schema.org\",\"@graph\":[{\"@type\":\"Article\",\"@id\":\"https:\\\/\\\/www.meydan.tv\\\/az\\\/article\\\/azerbaycan-israil-emekdasligi-yeni-merheleye-kecir\\\/#article\",\"isPartOf\":{\"@id\":\"https:\\\/\\\/www.meydan.tv\\\/az\\\/article\\\/azerbaycan-israil-emekdasligi-yeni-merheleye-kecir\\\/\"},\"author\":{\"name\":\"user-manager\",\"@id\":\"https:\\\/\\\/www.meydan.tv\\\/az\\\/#\\\/schema\\\/person\\\/10d11eccf6da3662cf5fdab9806ea91a\"},\"headline\":\"Az\u0259rbaycan-\u0130srail \u0259m\u0259kda\u015fl\u0131\u011f\u0131 yeni m\u0259rh\u0259l\u0259y\u0259 ke\u00e7ir?\",\"datePublished\":\"2016-12-14T17:03:27+00:00\",\"mainEntityOfPage\":{\"@id\":\"https:\\\/\\\/www.meydan.tv\\\/az\\\/article\\\/azerbaycan-israil-emekdasligi-yeni-merheleye-kecir\\\/\"},\"wordCount\":1158,\"publisher\":{\"@id\":\"https:\\\/\\\/www.meydan.tv\\\/az\\\/#organization\"},\"image\":{\"@id\":\"https:\\\/\\\/www.meydan.tv\\\/az\\\/article\\\/azerbaycan-israil-emekdasligi-yeni-merheleye-kecir\\\/#primaryimage\"},\"thumbnailUrl\":\"https:\\\/\\\/www.meydan.tv\\\/wp-content\\\/uploads\\\/29157.jpg\",\"articleSection\":[\"Analitika\"],\"inLanguage\":\"az\"},{\"@type\":\"WebPage\",\"@id\":\"https:\\\/\\\/www.meydan.tv\\\/az\\\/article\\\/azerbaycan-israil-emekdasligi-yeni-merheleye-kecir\\\/\",\"url\":\"https:\\\/\\\/www.meydan.tv\\\/az\\\/article\\\/azerbaycan-israil-emekdasligi-yeni-merheleye-kecir\\\/\",\"name\":\"Az\u0259rbaycan-\u0130srail \u0259m\u0259kda\u015fl\u0131\u011f\u0131 yeni m\u0259rh\u0259l\u0259y\u0259 ke\u00e7ir? - MEYDAN.TV\",\"isPartOf\":{\"@id\":\"https:\\\/\\\/www.meydan.tv\\\/az\\\/#website\"},\"primaryImageOfPage\":{\"@id\":\"https:\\\/\\\/www.meydan.tv\\\/az\\\/article\\\/azerbaycan-israil-emekdasligi-yeni-merheleye-kecir\\\/#primaryimage\"},\"image\":{\"@id\":\"https:\\\/\\\/www.meydan.tv\\\/az\\\/article\\\/azerbaycan-israil-emekdasligi-yeni-merheleye-kecir\\\/#primaryimage\"},\"thumbnailUrl\":\"https:\\\/\\\/www.meydan.tv\\\/wp-content\\\/uploads\\\/29157.jpg\",\"datePublished\":\"2016-12-14T17:03:27+00:00\",\"breadcrumb\":{\"@id\":\"https:\\\/\\\/www.meydan.tv\\\/az\\\/article\\\/azerbaycan-israil-emekdasligi-yeni-merheleye-kecir\\\/#breadcrumb\"},\"inLanguage\":\"az\",\"potentialAction\":[{\"@type\":\"ReadAction\",\"target\":[\"https:\\\/\\\/www.meydan.tv\\\/az\\\/article\\\/azerbaycan-israil-emekdasligi-yeni-merheleye-kecir\\\/\"]}]},{\"@type\":\"ImageObject\",\"inLanguage\":\"az\",\"@id\":\"https:\\\/\\\/www.meydan.tv\\\/az\\\/article\\\/azerbaycan-israil-emekdasligi-yeni-merheleye-kecir\\\/#primaryimage\",\"url\":\"https:\\\/\\\/www.meydan.tv\\\/wp-content\\\/uploads\\\/29157.jpg\",\"contentUrl\":\"https:\\\/\\\/www.meydan.tv\\\/wp-content\\\/uploads\\\/29157.jpg\",\"width\":400,\"height\":243,\"caption\":\"Source:\"},{\"@type\":\"BreadcrumbList\",\"@id\":\"https:\\\/\\\/www.meydan.tv\\\/az\\\/article\\\/azerbaycan-israil-emekdasligi-yeni-merheleye-kecir\\\/#breadcrumb\",\"itemListElement\":[{\"@type\":\"ListItem\",\"position\":1,\"name\":\"Ana s\u0259hif\u0259\",\"item\":\"https:\\\/\\\/www.meydan.tv\\\/az\\\/\"},{\"@type\":\"ListItem\",\"position\":2,\"name\":\"Analitika\",\"item\":\"https:\\\/\\\/www.meydan.tv\\\/az\\\/section\\\/analitika\\\/\"},{\"@type\":\"ListItem\",\"position\":3,\"name\":\"Az\u0259rbaycan-\u0130srail \u0259m\u0259kda\u015fl\u0131\u011f\u0131 yeni m\u0259rh\u0259l\u0259y\u0259 ke\u00e7ir?\"}]},{\"@type\":\"WebSite\",\"@id\":\"https:\\\/\\\/www.meydan.tv\\\/az\\\/#website\",\"url\":\"https:\\\/\\\/www.meydan.tv\\\/az\\\/\",\"name\":\"MEYDAN.TV\",\"description\":\"Meydan TV Az\u0259rbaycan\u0131n media m\u0259kan\u0131ndak\u0131 alternativ s\u0259sidir\",\"publisher\":{\"@id\":\"https:\\\/\\\/www.meydan.tv\\\/az\\\/#organization\"},\"potentialAction\":[{\"@type\":\"SearchAction\",\"target\":{\"@type\":\"EntryPoint\",\"urlTemplate\":\"https:\\\/\\\/www.meydan.tv\\\/az\\\/?s={search_term_string}\"},\"query-input\":{\"@type\":\"PropertyValueSpecification\",\"valueRequired\":true,\"valueName\":\"search_term_string\"}}],\"inLanguage\":\"az\"},{\"@type\":\"Organization\",\"@id\":\"https:\\\/\\\/www.meydan.tv\\\/az\\\/#organization\",\"name\":\"Meydan TV\",\"url\":\"https:\\\/\\\/www.meydan.tv\\\/az\\\/\",\"logo\":{\"@type\":\"ImageObject\",\"inLanguage\":\"az\",\"@id\":\"https:\\\/\\\/www.meydan.tv\\\/az\\\/#\\\/schema\\\/logo\\\/image\\\/\",\"url\":\"https:\\\/\\\/www.meydan.tv\\\/wp-content\\\/uploads\\\/2021\\\/07\\\/meydan-logo.svg\",\"contentUrl\":\"https:\\\/\\\/www.meydan.tv\\\/wp-content\\\/uploads\\\/2021\\\/07\\\/meydan-logo.svg\",\"width\":195,\"height\":46,\"caption\":\"Meydan TV\"},\"image\":{\"@id\":\"https:\\\/\\\/www.meydan.tv\\\/az\\\/#\\\/schema\\\/logo\\\/image\\\/\"}},{\"@type\":\"Person\",\"@id\":\"https:\\\/\\\/www.meydan.tv\\\/az\\\/#\\\/schema\\\/person\\\/10d11eccf6da3662cf5fdab9806ea91a\",\"name\":\"user-manager\"}]}<\/script>\n<!-- \/ Yoast SEO plugin. -->","yoast_head_json":{"title":"Az\u0259rbaycan-\u0130srail \u0259m\u0259kda\u015fl\u0131\u011f\u0131 yeni m\u0259rh\u0259l\u0259y\u0259 ke\u00e7ir? - MEYDAN.TV","robots":{"index":"index","follow":"follow","max-snippet":"max-snippet:-1","max-image-preview":"max-image-preview:large","max-video-preview":"max-video-preview:-1"},"canonical":"https:\/\/www.meydan.tv\/az\/article\/azerbaycan-israil-emekdasligi-yeni-merheleye-kecir\/","og_locale":"az_AZ","og_type":"article","og_title":"Az\u0259rbaycan-\u0130srail \u0259m\u0259kda\u015fl\u0131\u011f\u0131 yeni m\u0259rh\u0259l\u0259y\u0259 ke\u00e7ir? - MEYDAN.TV","og_description":"M\u00fcasir d\u00fcnya siyas\u0259tinin konyukturas\u0131 \u0259sas\u0259n strateji maraqlar v\u0259 milli t\u0259hl\u00fck\u0259sizlik ... Davam\u0131","og_url":"https:\/\/www.meydan.tv\/az\/article\/azerbaycan-israil-emekdasligi-yeni-merheleye-kecir\/","og_site_name":"MEYDAN.TV","article_published_time":"2016-12-14T17:03:27+00:00","og_image":[{"width":400,"height":243,"url":"https:\/\/www.meydan.tv\/wp-content\/uploads\/29157.jpg","type":"image\/jpeg"}],"author":"user-manager","twitter_card":"summary_large_image","schema":{"@context":"https:\/\/schema.org","@graph":[{"@type":"Article","@id":"https:\/\/www.meydan.tv\/az\/article\/azerbaycan-israil-emekdasligi-yeni-merheleye-kecir\/#article","isPartOf":{"@id":"https:\/\/www.meydan.tv\/az\/article\/azerbaycan-israil-emekdasligi-yeni-merheleye-kecir\/"},"author":{"name":"user-manager","@id":"https:\/\/www.meydan.tv\/az\/#\/schema\/person\/10d11eccf6da3662cf5fdab9806ea91a"},"headline":"Az\u0259rbaycan-\u0130srail \u0259m\u0259kda\u015fl\u0131\u011f\u0131 yeni m\u0259rh\u0259l\u0259y\u0259 ke\u00e7ir?","datePublished":"2016-12-14T17:03:27+00:00","mainEntityOfPage":{"@id":"https:\/\/www.meydan.tv\/az\/article\/azerbaycan-israil-emekdasligi-yeni-merheleye-kecir\/"},"wordCount":1158,"publisher":{"@id":"https:\/\/www.meydan.tv\/az\/#organization"},"image":{"@id":"https:\/\/www.meydan.tv\/az\/article\/azerbaycan-israil-emekdasligi-yeni-merheleye-kecir\/#primaryimage"},"thumbnailUrl":"https:\/\/www.meydan.tv\/wp-content\/uploads\/29157.jpg","articleSection":["Analitika"],"inLanguage":"az"},{"@type":"WebPage","@id":"https:\/\/www.meydan.tv\/az\/article\/azerbaycan-israil-emekdasligi-yeni-merheleye-kecir\/","url":"https:\/\/www.meydan.tv\/az\/article\/azerbaycan-israil-emekdasligi-yeni-merheleye-kecir\/","name":"Az\u0259rbaycan-\u0130srail \u0259m\u0259kda\u015fl\u0131\u011f\u0131 yeni m\u0259rh\u0259l\u0259y\u0259 ke\u00e7ir? - MEYDAN.TV","isPartOf":{"@id":"https:\/\/www.meydan.tv\/az\/#website"},"primaryImageOfPage":{"@id":"https:\/\/www.meydan.tv\/az\/article\/azerbaycan-israil-emekdasligi-yeni-merheleye-kecir\/#primaryimage"},"image":{"@id":"https:\/\/www.meydan.tv\/az\/article\/azerbaycan-israil-emekdasligi-yeni-merheleye-kecir\/#primaryimage"},"thumbnailUrl":"https:\/\/www.meydan.tv\/wp-content\/uploads\/29157.jpg","datePublished":"2016-12-14T17:03:27+00:00","breadcrumb":{"@id":"https:\/\/www.meydan.tv\/az\/article\/azerbaycan-israil-emekdasligi-yeni-merheleye-kecir\/#breadcrumb"},"inLanguage":"az","potentialAction":[{"@type":"ReadAction","target":["https:\/\/www.meydan.tv\/az\/article\/azerbaycan-israil-emekdasligi-yeni-merheleye-kecir\/"]}]},{"@type":"ImageObject","inLanguage":"az","@id":"https:\/\/www.meydan.tv\/az\/article\/azerbaycan-israil-emekdasligi-yeni-merheleye-kecir\/#primaryimage","url":"https:\/\/www.meydan.tv\/wp-content\/uploads\/29157.jpg","contentUrl":"https:\/\/www.meydan.tv\/wp-content\/uploads\/29157.jpg","width":400,"height":243,"caption":"Source:"},{"@type":"BreadcrumbList","@id":"https:\/\/www.meydan.tv\/az\/article\/azerbaycan-israil-emekdasligi-yeni-merheleye-kecir\/#breadcrumb","itemListElement":[{"@type":"ListItem","position":1,"name":"Ana s\u0259hif\u0259","item":"https:\/\/www.meydan.tv\/az\/"},{"@type":"ListItem","position":2,"name":"Analitika","item":"https:\/\/www.meydan.tv\/az\/section\/analitika\/"},{"@type":"ListItem","position":3,"name":"Az\u0259rbaycan-\u0130srail \u0259m\u0259kda\u015fl\u0131\u011f\u0131 yeni m\u0259rh\u0259l\u0259y\u0259 ke\u00e7ir?"}]},{"@type":"WebSite","@id":"https:\/\/www.meydan.tv\/az\/#website","url":"https:\/\/www.meydan.tv\/az\/","name":"MEYDAN.TV","description":"Meydan TV Az\u0259rbaycan\u0131n media m\u0259kan\u0131ndak\u0131 alternativ s\u0259sidir","publisher":{"@id":"https:\/\/www.meydan.tv\/az\/#organization"},"potentialAction":[{"@type":"SearchAction","target":{"@type":"EntryPoint","urlTemplate":"https:\/\/www.meydan.tv\/az\/?s={search_term_string}"},"query-input":{"@type":"PropertyValueSpecification","valueRequired":true,"valueName":"search_term_string"}}],"inLanguage":"az"},{"@type":"Organization","@id":"https:\/\/www.meydan.tv\/az\/#organization","name":"Meydan TV","url":"https:\/\/www.meydan.tv\/az\/","logo":{"@type":"ImageObject","inLanguage":"az","@id":"https:\/\/www.meydan.tv\/az\/#\/schema\/logo\/image\/","url":"https:\/\/www.meydan.tv\/wp-content\/uploads\/2021\/07\/meydan-logo.svg","contentUrl":"https:\/\/www.meydan.tv\/wp-content\/uploads\/2021\/07\/meydan-logo.svg","width":195,"height":46,"caption":"Meydan TV"},"image":{"@id":"https:\/\/www.meydan.tv\/az\/#\/schema\/logo\/image\/"}},{"@type":"Person","@id":"https:\/\/www.meydan.tv\/az\/#\/schema\/person\/10d11eccf6da3662cf5fdab9806ea91a","name":"user-manager"}]}},"_links":{"self":[{"href":"https:\/\/www.meydan.tv\/az\/wp-json\/wp\/v2\/posts\/181220","targetHints":{"allow":["GET"]}}],"collection":[{"href":"https:\/\/www.meydan.tv\/az\/wp-json\/wp\/v2\/posts"}],"about":[{"href":"https:\/\/www.meydan.tv\/az\/wp-json\/wp\/v2\/types\/post"}],"author":[{"embeddable":true,"href":"https:\/\/www.meydan.tv\/az\/wp-json\/wp\/v2\/users\/11"}],"replies":[{"embeddable":true,"href":"https:\/\/www.meydan.tv\/az\/wp-json\/wp\/v2\/comments?post=181220"}],"version-history":[{"count":0,"href":"https:\/\/www.meydan.tv\/az\/wp-json\/wp\/v2\/posts\/181220\/revisions"}],"wp:featuredmedia":[{"embeddable":true,"href":"https:\/\/www.meydan.tv\/az\/wp-json\/wp\/v2\/media\/75394"}],"wp:attachment":[{"href":"https:\/\/www.meydan.tv\/az\/wp-json\/wp\/v2\/media?parent=181220"}],"wp:term":[{"taxonomy":"category","embeddable":true,"href":"https:\/\/www.meydan.tv\/az\/wp-json\/wp\/v2\/categories?post=181220"},{"taxonomy":"post_tag","embeddable":true,"href":"https:\/\/www.meydan.tv\/az\/wp-json\/wp\/v2\/tags?post=181220"}],"curies":[{"name":"wp","href":"https:\/\/api.w.org\/{rel}","templated":true}]}}